{"id":124202,"date":"2026-09-03T21:43:39","date_gmt":"2026-09-03T18:43:39","guid":{"rendered":"https:\/\/corludahaber.com\/h\/dugun-salonunda-kardesinin-tartistigi-kisiyi-bicakla-yaralayan-supheli-tutuklandi\/124202"},"modified":"2026-09-03T21:43:45","modified_gmt":"2026-09-03T18:43:45","slug":"dugun-salonunda-kardesinin-tartistigi-kisiyi-bicakla-yaralayan-supheli-tutuklandi","status":"publish","type":"post","link":"https:\/\/corludahaber.com\/h\/dugun-salonunda-kardesinin-tartistigi-kisiyi-bicakla-yaralayan-supheli-tutuklandi\/124202","title":{"rendered":"D\u00fc\u011f\u00fcn salonunda karde\u015finin tart\u0131\u015ft\u0131\u011f\u0131 ki\u015fiyi b\u0131\u00e7akla yaralayan \u015f\u00fcpheli tutukland\u0131"},"content":{"rendered":"<div class=\"corlu-icerikten-once_3\" id=\"corlu-1737786890\"><script type='text\/javascript' src='https:\/\/platform-api.sharethis.com\/js\/sharethis.js#property=5ce8cf08af7d000012cb0ca1&product=inline-reaction-buttons' async='async'><\/script>\r\n\r\n<\/div><div readability=\"62\"><span class=\"category-name hidden\"><\/span><\/p><div class=\"corlu-icerik-2\" id=\"corlu-3912692874\"><!-- Admatic AUTO ads START -->\r\n<ins data-publisher=\"adm-pub-155556240050\" data-ad-network=\"659428a24d11b285b616c18d\"   class=\"adm-ads-area\"><\/ins>\r\n<script type=\"text\/javascript\" src=\"https:\/\/static.cdn.admatic.com.tr\/showad\/showad.min.js\"><\/script>\r\n<!-- Admatic AUTO ads END --><\/div>\n<p> \/ UZUNK\u00d6PR\u00dc(Edirne), (Haber Merkezi)- ED\u0130RNE\u2019nin Uzunk\u00f6pr\u00fc il\u00e7esinde d\u00fc\u011f\u00fcnde \u00e7\u0131kan kavgada H.E.\u2019yi (41) b\u0131\u00e7akla yaralad\u0131ktan sonra tabancayla havaya ate\u015f a\u00e7arak ka\u00e7maya \u00e7al\u0131\u015f\u0131rken polis taraf\u0131ndan yakalanan B.E. (37), sevk edildi\u011fi mahkemede tutukland\u0131. Olay an\u0131nda ya\u015fanan panik anlar\u0131 cep telefonu kameras\u0131na yans\u0131d\u0131. <\/p>\n<p>Olay, Uzunk\u00f6pr\u00fc Belediyesi Halk D\u00fc\u011f\u00fcn Salonu bah\u00e7esinde meydana geldi. \u0130ddiaya g\u00f6re, T.E. (30) ile H.E. aras\u0131nda hen\u00fcz bilinmeyen nedenle tart\u0131\u015fma \u00e7\u0131kt\u0131. Tart\u0131\u015fman\u0131n kavgaya d\u00f6n\u00fc\u015fmesi \u00fczerine T.E.\u2019nin a\u011fabeyi B.E., belinden \u00e7\u0131kard\u0131\u011f\u0131 tabancay\u0131 H.E.\u2019nin baca\u011f\u0131na do\u011frultup teti\u011fi \u00e7ekti. Ancak tabancan\u0131n tutukluk yaparak ate\u015f almamas\u0131 sonucu B.E., bu kez b\u0131\u00e7akla H.E.\u2019yi sa\u011f baca\u011f\u0131ndan yaralad\u0131. Davetlilerin m\u00fcdahale etmek istedi\u011fi B.E., bu kez tabancayla havaya ate\u015f a\u00e7arak, ka\u00e7t\u0131. <\/p>\n<p>Silah sesi nedeniyle d\u00fc\u011f\u00fcn salonunda panik ya\u015fan\u0131rken, ihbar \u00fczerine olay yerine polis ve sa\u011fl\u0131k ekipleri sevk edildi. Ka\u00e7maya \u00e7al\u0131\u015fan B.E., Cumhuriyet Mahallesi Sar\u0131 Sokak \u00fczerinde polis taraf\u0131ndan yakalanarak, g\u00f6zalt\u0131na al\u0131nd\u0131. B.E.\u2019nin \u00fczerinde ruhsats\u0131z tabanca ve b\u0131\u00e7ak ele ge\u00e7irildi. Yaralanan H.E. ise \u00e7a\u011fr\u0131lan ambulansla Uzunk\u00f6pr\u00fc Devlet Hastanesi\u2019ne kald\u0131r\u0131larak, tedaviye al\u0131nd\u0131. <\/p>\n<p>Emniyetteki i\u015flemlerinin ard\u0131ndan adliyeye sevk edilen B.E., \u00e7\u0131kar\u0131ld\u0131\u011f\u0131 sulh ceza hakimli\u011fi taraf\u0131ndan tutukland\u0131. Olay an\u0131nda ya\u015fanan panik anlar\u0131 ise cep telefonu kameras\u0131na yans\u0131d\u0131. (Haber Merkezi)<\/p>\n<\/div>\n<div class=\"corlu-icerikten-sonra_3\" id=\"corlu-1948578000\"><p><img loading=\"lazy\" decoding=\"async\" class=\"aligncenter\" src=\"https:\/\/www.corludahaber.com\/bahcesehir.jpg\" alt=\"\" width=\"624\" height=\"196\" \/><\/p>\n<table style=\"text-align: left; width: 100%;\" border=\"1\" cellspacing=\"2\" cellpadding=\"2\">\n<tbody>\n<tr>\n<td style=\"background-color: #050805;\"><span style=\"font-size: 12pt;\"><small><small><em><strong><big><span style=\"color: #ff0000;\">Haber ve resimlerin telif haklar\u0131ndan dolay\u0131 kullan\u0131m\u0131 yasakt\u0131r<span style=\"color: #000000;\">.<\/span><\/span><span style=\"color: #000000;\">\u00a0<\/span><span style=\"color: #ffffff;\">Yaz\u0131l\u0131 izni al\u0131nmadan hi\u00e7bir yaz\u0131l\u0131, g\u00f6rsel, i\u015fitsel i\u00e7erik kopyalanamaz, de\u011fi\u015ftirilemez, yay\u0131nlanamaz veya sat\u0131lamaz. Aksi halde<\/span>\u00a0<span style=\"color: #ff0000;\">5846<span style=\"color: #ffffff;\">\u00a0<\/span><\/span><span style=\"color: #ffffff;\">say\u0131l\u0131 Fikir ve Sanat Eserleri Kanunu\u2019na ve<\/span>\u00a0<span style=\"color: #800000;\"><span style=\"color: #ff0000;\">6102<\/span><span style=\"color: #ffffff;\">\u00a0<\/span><\/span><span style=\"color: #ffffff;\">say\u0131l\u0131 maddesine g\u00f6re<\/span>\u00a0<span style=\"color: #ff0000;\">gerekli i\u015flemler uygulanacakt\u0131r.<\/span><br \/>\n<span style=\"color: #ffffff;\">\u00a9 Copyright 2014<\/span><\/big><\/strong><\/em><\/small><\/small><\/span><\/td>\n<\/tr>\n<\/tbody>\n<\/table>\n<p><small><small>\u00a0<\/small><\/small><\/p>\n<\/div>","protected":false},"excerpt":{"rendered":"<p>\/ UZUNK\u00d6PR\u00dc(Edirne), (Haber Merkezi)- ED\u0130RNE\u2019nin Uzunk\u00f6pr\u00fc il\u00e7esinde d\u00fc\u011f\u00fcnde \u00e7\u0131kan kavgada H.E.\u2019yi (41) b\u0131\u00e7akla yaralad\u0131ktan sonra tabancayla havaya ate\u015f a\u00e7arak ka\u00e7maya \u00e7al\u0131\u015f\u0131rken polis taraf\u0131ndan yakalanan B.E. (37), sevk edildi\u011fi mahkemede tutukland\u0131. Olay an\u0131nda ya\u015fanan panik anlar\u0131 cep telefonu kameras\u0131na yans\u0131d\u0131. Olay, Uzunk\u00f6pr\u00fc Belediyesi Halk D\u00fc\u011f\u00fcn Salonu bah\u00e7esinde meydana geldi. \u0130ddiaya g\u00f6re, T.E. (30) ile H.E. aras\u0131nda &hellip;<\/p>\n","protected":false},"author":151,"featured_media":124209,"comment_status":"open","ping_status":"closed","sticky":false,"template":"","format":"standard","meta":{"footnotes":""},"categories":[121],"tags":[8025,3017,9376,15478,71,36691,8485,1408,7415,3661,914,1425,152,7655],"class_list":["post-124202","post","type-post","status-publish","format-standard","has-post-thumbnail","hentry","category-edirne","tag-asayis","tag-bicakla","tag-corlu-kaza","tag-corlu-son-dakika-kaza","tag-dugun","tag-dugun-salonunda-kardesinin-tartistigi-kisiyi-bicakla-yaralayan-supheli-tutuklandi","tag-kardesinin","tag-kisiyi","tag-salonunda","tag-son-dakika-kaza","tag-supheli","tag-tartistigi","tag-tutuklandi","tag-yaralayan"],"yoast_head":"<!-- This site is optimized with the Yoast SEO Premium plugin v23.3 (Yoast SEO v23.3) - https:\/\/yoast.com\/wordpress\/plugins\/seo\/ -->\n<title>D\u00fc\u011f\u00fcn salonunda karde\u015finin tart\u0131\u015ft\u0131\u011f\u0131 ki\u015fiyi b\u0131\u00e7akla yaralayan \u015f\u00fcpheli tutukland\u0131 | \u00c7orlu&#039;da Haber<\/title>\n<meta name=\"description\" content=\"D\u00fc\u011f\u00fcn salonunda karde\u015finin tart\u0131\u015ft\u0131\u011f\u0131 ki\u015fiyi b\u0131\u00e7akla yaralayan \u015f\u00fcpheli tutukland\u0131 | \u00c7orlu&#039;da Haber\" \/>\n<meta name=\"robots\" content=\"index, follow, max-snippet:-1, max-image-preview:large, max-video-preview:-1\" \/>\n<link rel=\"canonical\" href=\"https:\/\/corludahaber.com\/h\/dugun-salonunda-kardesinin-tartistigi-kisiyi-bicakla-yaralayan-supheli-tutuklandi\/124202\" \/>\n<meta property=\"og:locale\" content=\"tr_TR\" \/>\n<meta property=\"og:type\" content=\"article\" \/>\n<meta property=\"og:title\" content=\"D\u00fc\u011f\u00fcn salonunda karde\u015finin tart\u0131\u015ft\u0131\u011f\u0131 ki\u015fiyi b\u0131\u00e7akla yaralayan \u015f\u00fcpheli tutukland\u0131 | \u00c7orlu&#039;da Haber\" \/>\n<meta property=\"og:description\" content=\"D\u00fc\u011f\u00fcn salonunda karde\u015finin tart\u0131\u015ft\u0131\u011f\u0131 ki\u015fiyi b\u0131\u00e7akla yaralayan \u015f\u00fcpheli tutukland\u0131 | \u00c7orlu&#039;da Haber\" \/>\n<meta property=\"og:url\" content=\"https:\/\/corludahaber.com\/h\/dugun-salonunda-kardesinin-tartistigi-kisiyi-bicakla-yaralayan-supheli-tutuklandi\/124202\" \/>\n<meta property=\"og:site_name\" content=\"\u00c7orlu&#039;da Haber\" \/>\n<meta property=\"article:publisher\" content=\"https:\/\/facebook.com\/habercorluda\" \/>\n<meta property=\"article:published_time\" content=\"2026-09-03T18:43:39+00:00\" \/>\n<meta property=\"article:modified_time\" content=\"2026-09-03T18:43:45+00:00\" \/>\n<meta property=\"og:image\" content=\"http:\/\/corludahaber.com\/h\/wp-content\/uploads\/2026\/09\/dugun-salonunda-kardesinin-tartistigi-kisiyi-bicakla-yaralayan-supheli-tutuklandi_6a99bfdf5e706.jpeg\" \/>\n\t<meta property=\"og:image:width\" content=\"597\" \/>\n\t<meta property=\"og:image:height\" content=\"532\" \/>\n\t<meta property=\"og:image:type\" content=\"image\/jpeg\" \/>\n<meta name=\"author\" content=\"\u00c7orlu&#039;da Haber\" \/>\n<meta name=\"twitter:card\" content=\"summary_large_image\" \/>\n<meta name=\"twitter:creator\" content=\"@habercorluda\" \/>\n<meta name=\"twitter:site\" content=\"@habercorluda\" \/>\n<meta name=\"twitter:label1\" content=\"Yazan:\" \/>\n\t<meta name=\"twitter:data1\" content=\"\u00c7orlu&#039;da Haber\" \/>\n\t<meta name=\"twitter:label2\" content=\"Tahmini okuma s\u00fcresi\" \/>\n\t<meta name=\"twitter:data2\" content=\"1 dakika\" \/>\n<script type=\"application\/ld+json\" class=\"yoast-schema-graph\">{\"@context\":\"https:\/\/schema.org\",\"@graph\":[{\"@type\":\"Article\",\"@id\":\"https:\/\/corludahaber.com\/h\/dugun-salonunda-kardesinin-tartistigi-kisiyi-bicakla-yaralayan-supheli-tutuklandi\/124202#article\",\"isPartOf\":{\"@id\":\"https:\/\/corludahaber.com\/h\/dugun-salonunda-kardesinin-tartistigi-kisiyi-bicakla-yaralayan-supheli-tutuklandi\/124202\"},\"author\":{\"name\":\"\u00c7orlu'da Haber\",\"@id\":\"https:\/\/corludahaber.com\/h\/#\/schema\/person\/b523522be44b062db5d74a62589768cd\"},\"headline\":\"D\u00fc\u011f\u00fcn salonunda karde\u015finin tart\u0131\u015ft\u0131\u011f\u0131 ki\u015fiyi b\u0131\u00e7akla yaralayan \u015f\u00fcpheli tutukland\u0131\",\"datePublished\":\"2026-09-03T18:43:39+00:00\",\"dateModified\":\"2026-09-03T18:43:45+00:00\",\"mainEntityOfPage\":{\"@id\":\"https:\/\/corludahaber.com\/h\/dugun-salonunda-kardesinin-tartistigi-kisiyi-bicakla-yaralayan-supheli-tutuklandi\/124202\"},\"wordCount\":276,\"commentCount\":0,\"publisher\":{\"@id\":\"https:\/\/corludahaber.com\/h\/#organization\"},\"image\":{\"@id\":\"https:\/\/corludahaber.com\/h\/dugun-salonunda-kardesinin-tartistigi-kisiyi-bicakla-yaralayan-supheli-tutuklandi\/124202#primaryimage\"},\"thumbnailUrl\":\"https:\/\/corludahaber.com\/h\/wp-content\/uploads\/2026\/09\/dugun-salonunda-kardesinin-tartistigi-kisiyi-bicakla-yaralayan-supheli-tutuklandi_6a99bfdf5e706.jpeg\",\"keywords\":[\"asayi\u015f\",\"b\u0131\u00e7akla\",\"\u00c7orlu kaza\",\"\u00c7orlu son dakika kaza\",\"d\u00fc\u011f\u00fcn\",\"D\u00fc\u011f\u00fcn salonunda karde\u015finin tart\u0131\u015ft\u0131\u011f\u0131 ki\u015fiyi b\u0131\u00e7akla yaralayan \u015f\u00fcpheli tutukland\u0131\",\"karde\u015finin\",\"ki\u015fiyi\",\"Salonunda\",\"son dakika kaza\",\"\u015f\u00fcpheli\",\"Tart\u0131\u015ft\u0131\u011f\u0131\",\"tutukland\u0131\",\"yaralayan\"],\"articleSection\":[\"Edirne\"],\"inLanguage\":\"tr\",\"potentialAction\":[{\"@type\":\"CommentAction\",\"name\":\"Comment\",\"target\":[\"https:\/\/corludahaber.com\/h\/dugun-salonunda-kardesinin-tartistigi-kisiyi-bicakla-yaralayan-supheli-tutuklandi\/124202#respond\"]}]},{\"@type\":\"WebPage\",\"@id\":\"https:\/\/corludahaber.com\/h\/dugun-salonunda-kardesinin-tartistigi-kisiyi-bicakla-yaralayan-supheli-tutuklandi\/124202\",\"url\":\"https:\/\/corludahaber.com\/h\/dugun-salonunda-kardesinin-tartistigi-kisiyi-bicakla-yaralayan-supheli-tutuklandi\/124202\",\"name\":\"D\u00fc\u011f\u00fcn salonunda karde\u015finin tart\u0131\u015ft\u0131\u011f\u0131 ki\u015fiyi b\u0131\u00e7akla yaralayan \u015f\u00fcpheli tutukland\u0131 | \u00c7orlu&#039;da Haber\",\"isPartOf\":{\"@id\":\"https:\/\/corludahaber.com\/h\/#website\"},\"primaryImageOfPage\":{\"@id\":\"https:\/\/corludahaber.com\/h\/dugun-salonunda-kardesinin-tartistigi-kisiyi-bicakla-yaralayan-supheli-tutuklandi\/124202#primaryimage\"},\"image\":{\"@id\":\"https:\/\/corludahaber.com\/h\/dugun-salonunda-kardesinin-tartistigi-kisiyi-bicakla-yaralayan-supheli-tutuklandi\/124202#primaryimage\"},\"thumbnailUrl\":\"https:\/\/corludahaber.com\/h\/wp-content\/uploads\/2026\/09\/dugun-salonunda-kardesinin-tartistigi-kisiyi-bicakla-yaralayan-supheli-tutuklandi_6a99bfdf5e706.jpeg\",\"datePublished\":\"2026-09-03T18:43:39+00:00\",\"dateModified\":\"2026-09-03T18:43:45+00:00\",\"description\":\"D\u00fc\u011f\u00fcn salonunda karde\u015finin tart\u0131\u015ft\u0131\u011f\u0131 ki\u015fiyi b\u0131\u00e7akla yaralayan \u015f\u00fcpheli tutukland\u0131 | \u00c7orlu&#039;da Haber\",\"breadcrumb\":{\"@id\":\"https:\/\/corludahaber.com\/h\/dugun-salonunda-kardesinin-tartistigi-kisiyi-bicakla-yaralayan-supheli-tutuklandi\/124202#breadcrumb\"},\"inLanguage\":\"tr\",\"potentialAction\":[{\"@type\":\"ReadAction\",\"target\":[\"https:\/\/corludahaber.com\/h\/dugun-salonunda-kardesinin-tartistigi-kisiyi-bicakla-yaralayan-supheli-tutuklandi\/124202\"]}]},{\"@type\":\"ImageObject\",\"inLanguage\":\"tr\",\"@id\":\"https:\/\/corludahaber.com\/h\/dugun-salonunda-kardesinin-tartistigi-kisiyi-bicakla-yaralayan-supheli-tutuklandi\/124202#primaryimage\",\"url\":\"https:\/\/corludahaber.com\/h\/wp-content\/uploads\/2026\/09\/dugun-salonunda-kardesinin-tartistigi-kisiyi-bicakla-yaralayan-supheli-tutuklandi_6a99bfdf5e706.jpeg\",\"contentUrl\":\"https:\/\/corludahaber.com\/h\/wp-content\/uploads\/2026\/09\/dugun-salonunda-kardesinin-tartistigi-kisiyi-bicakla-yaralayan-supheli-tutuklandi_6a99bfdf5e706.jpeg\",\"width\":597,\"height\":532},{\"@type\":\"BreadcrumbList\",\"@id\":\"https:\/\/corludahaber.com\/h\/dugun-salonunda-kardesinin-tartistigi-kisiyi-bicakla-yaralayan-supheli-tutuklandi\/124202#breadcrumb\",\"itemListElement\":[{\"@type\":\"ListItem\",\"position\":1,\"name\":\"Anasayfa\",\"item\":\"https:\/\/corludahaber.com\/h\/anasayfa\"},{\"@type\":\"ListItem\",\"position\":2,\"name\":\"Edirne\",\"item\":\"https:\/\/corludahaber.com\/h\/kategori\/edirne\"},{\"@type\":\"ListItem\",\"position\":3,\"name\":\"D\u00fc\u011f\u00fcn salonunda karde\u015finin tart\u0131\u015ft\u0131\u011f\u0131 ki\u015fiyi b\u0131\u00e7akla yaralayan \u015f\u00fcpheli tutukland\u0131\"}]},{\"@type\":\"WebSite\",\"@id\":\"https:\/\/corludahaber.com\/h\/#website\",\"url\":\"https:\/\/corludahaber.com\/h\/\",\"name\":\"\u00c7orlu'da Haber\",\"description\":\"Ger\u00e7ek Tarafs\u0131z Haber\",\"publisher\":{\"@id\":\"https:\/\/corludahaber.com\/h\/#organization\"},\"potentialAction\":[{\"@type\":\"SearchAction\",\"target\":{\"@type\":\"EntryPoint\",\"urlTemplate\":\"https:\/\/corludahaber.com\/h\/?s={search_term_string}\"},\"query-input\":\"required name=search_term_string\"}],\"inLanguage\":\"tr\"},{\"@type\":\"Organization\",\"@id\":\"https:\/\/corludahaber.com\/h\/#organization\",\"name\":\"\u00c7orlu'da Haber\",\"url\":\"https:\/\/corludahaber.com\/h\/\",\"logo\":{\"@type\":\"ImageObject\",\"inLanguage\":\"tr\",\"@id\":\"https:\/\/corludahaber.com\/h\/#\/schema\/logo\/image\/\",\"url\":\"https:\/\/corludahaber.com\/h\/wp-content\/uploads\/2021\/12\/logo__9__1_-removebg-preview.png\",\"contentUrl\":\"https:\/\/corludahaber.com\/h\/wp-content\/uploads\/2021\/12\/logo__9__1_-removebg-preview.png\",\"width\":500,\"height\":157,\"caption\":\"\u00c7orlu'da Haber\"},\"image\":{\"@id\":\"https:\/\/corludahaber.com\/h\/#\/schema\/logo\/image\/\"},\"sameAs\":[\"https:\/\/facebook.com\/habercorluda\",\"https:\/\/x.com\/habercorluda\",\"https:\/\/www.instagram.com\/corludahaber\",\"https:\/\/www.youtube.com\/user\/corludahaber\"]},{\"@type\":\"Person\",\"@id\":\"https:\/\/corludahaber.com\/h\/#\/schema\/person\/b523522be44b062db5d74a62589768cd\",\"name\":\"\u00c7orlu'da Haber\",\"image\":{\"@type\":\"ImageObject\",\"inLanguage\":\"tr\",\"@id\":\"https:\/\/corludahaber.com\/h\/#\/schema\/person\/image\/\",\"url\":\"https:\/\/secure.gravatar.com\/avatar\/1033e54e078c29fd7f053370086ff627ba414b05c2b231c418a481adecd764ce?s=96&d=blank&r=g\",\"contentUrl\":\"https:\/\/secure.gravatar.com\/avatar\/1033e54e078c29fd7f053370086ff627ba414b05c2b231c418a481adecd764ce?s=96&d=blank&r=g\",\"caption\":\"\u00c7orlu'da Haber\"},\"sameAs\":[\"https:\/\/corludahaber.com\/h\"],\"url\":\"https:\/\/corludahaber.com\/h\/author\/admin\"}]}<\/script>\n<!-- \/ Yoast SEO Premium plugin. -->","yoast_head_json":{"title":"D\u00fc\u011f\u00fcn salonunda karde\u015finin tart\u0131\u015ft\u0131\u011f\u0131 ki\u015fiyi b\u0131\u00e7akla yaralayan \u015f\u00fcpheli tutukland\u0131 | \u00c7orlu&#039;da Haber","description":"D\u00fc\u011f\u00fcn salonunda karde\u015finin tart\u0131\u015ft\u0131\u011f\u0131 ki\u015fiyi b\u0131\u00e7akla yaralayan \u015f\u00fcpheli tutukland\u0131 | \u00c7orlu&#039;da Haber","robots":{"index":"index","follow":"follow","max-snippet":"max-snippet:-1","max-image-preview":"max-image-preview:large","max-video-preview":"max-video-preview:-1"},"canonical":"https:\/\/corludahaber.com\/h\/dugun-salonunda-kardesinin-tartistigi-kisiyi-bicakla-yaralayan-supheli-tutuklandi\/124202","og_locale":"tr_TR","og_type":"article","og_title":"D\u00fc\u011f\u00fcn salonunda karde\u015finin tart\u0131\u015ft\u0131\u011f\u0131 ki\u015fiyi b\u0131\u00e7akla yaralayan \u015f\u00fcpheli tutukland\u0131 | \u00c7orlu&#039;da Haber","og_description":"D\u00fc\u011f\u00fcn salonunda karde\u015finin tart\u0131\u015ft\u0131\u011f\u0131 ki\u015fiyi b\u0131\u00e7akla yaralayan \u015f\u00fcpheli tutukland\u0131 | \u00c7orlu&#039;da Haber","og_url":"https:\/\/corludahaber.com\/h\/dugun-salonunda-kardesinin-tartistigi-kisiyi-bicakla-yaralayan-supheli-tutuklandi\/124202","og_site_name":"\u00c7orlu&#039;da Haber","article_publisher":"https:\/\/facebook.com\/habercorluda","article_published_time":"2026-09-03T18:43:39+00:00","article_modified_time":"2026-09-03T18:43:45+00:00","og_image":[{"width":597,"height":532,"url":"http:\/\/corludahaber.com\/h\/wp-content\/uploads\/2026\/09\/dugun-salonunda-kardesinin-tartistigi-kisiyi-bicakla-yaralayan-supheli-tutuklandi_6a99bfdf5e706.jpeg","type":"image\/jpeg"}],"author":"\u00c7orlu'da Haber","twitter_card":"summary_large_image","twitter_creator":"@habercorluda","twitter_site":"@habercorluda","twitter_misc":{"Yazan:":"\u00c7orlu'da Haber","Tahmini okuma s\u00fcresi":"1 dakika"},"schema":{"@context":"https:\/\/schema.org","@graph":[{"@type":"Article","@id":"https:\/\/corludahaber.com\/h\/dugun-salonunda-kardesinin-tartistigi-kisiyi-bicakla-yaralayan-supheli-tutuklandi\/124202#article","isPartOf":{"@id":"https:\/\/corludahaber.com\/h\/dugun-salonunda-kardesinin-tartistigi-kisiyi-bicakla-yaralayan-supheli-tutuklandi\/124202"},"author":{"name":"\u00c7orlu'da Haber","@id":"https:\/\/corludahaber.com\/h\/#\/schema\/person\/b523522be44b062db5d74a62589768cd"},"headline":"D\u00fc\u011f\u00fcn salonunda karde\u015finin tart\u0131\u015ft\u0131\u011f\u0131 ki\u015fiyi b\u0131\u00e7akla yaralayan \u015f\u00fcpheli tutukland\u0131","datePublished":"2026-09-03T18:43:39+00:00","dateModified":"2026-09-03T18:43:45+00:00","mainEntityOfPage":{"@id":"https:\/\/corludahaber.com\/h\/dugun-salonunda-kardesinin-tartistigi-kisiyi-bicakla-yaralayan-supheli-tutuklandi\/124202"},"wordCount":276,"commentCount":0,"publisher":{"@id":"https:\/\/corludahaber.com\/h\/#organization"},"image":{"@id":"https:\/\/corludahaber.com\/h\/dugun-salonunda-kardesinin-tartistigi-kisiyi-bicakla-yaralayan-supheli-tutuklandi\/124202#primaryimage"},"thumbnailUrl":"https:\/\/corludahaber.com\/h\/wp-content\/uploads\/2026\/09\/dugun-salonunda-kardesinin-tartistigi-kisiyi-bicakla-yaralayan-supheli-tutuklandi_6a99bfdf5e706.jpeg","keywords":["asayi\u015f","b\u0131\u00e7akla","\u00c7orlu kaza","\u00c7orlu son dakika kaza","d\u00fc\u011f\u00fcn","D\u00fc\u011f\u00fcn salonunda karde\u015finin tart\u0131\u015ft\u0131\u011f\u0131 ki\u015fiyi b\u0131\u00e7akla yaralayan \u015f\u00fcpheli tutukland\u0131","karde\u015finin","ki\u015fiyi","Salonunda","son dakika kaza","\u015f\u00fcpheli","Tart\u0131\u015ft\u0131\u011f\u0131","tutukland\u0131","yaralayan"],"articleSection":["Edirne"],"inLanguage":"tr","potentialAction":[{"@type":"CommentAction","name":"Comment","target":["https:\/\/corludahaber.com\/h\/dugun-salonunda-kardesinin-tartistigi-kisiyi-bicakla-yaralayan-supheli-tutuklandi\/124202#respond"]}]},{"@type":"WebPage","@id":"https:\/\/corludahaber.com\/h\/dugun-salonunda-kardesinin-tartistigi-kisiyi-bicakla-yaralayan-supheli-tutuklandi\/124202","url":"https:\/\/corludahaber.com\/h\/dugun-salonunda-kardesinin-tartistigi-kisiyi-bicakla-yaralayan-supheli-tutuklandi\/124202","name":"D\u00fc\u011f\u00fcn salonunda karde\u015finin tart\u0131\u015ft\u0131\u011f\u0131 ki\u015fiyi b\u0131\u00e7akla yaralayan \u015f\u00fcpheli tutukland\u0131 | \u00c7orlu&#039;da Haber","isPartOf":{"@id":"https:\/\/corludahaber.com\/h\/#website"},"primaryImageOfPage":{"@id":"https:\/\/corludahaber.com\/h\/dugun-salonunda-kardesinin-tartistigi-kisiyi-bicakla-yaralayan-supheli-tutuklandi\/124202#primaryimage"},"image":{"@id":"https:\/\/corludahaber.com\/h\/dugun-salonunda-kardesinin-tartistigi-kisiyi-bicakla-yaralayan-supheli-tutuklandi\/124202#primaryimage"},"thumbnailUrl":"https:\/\/corludahaber.com\/h\/wp-content\/uploads\/2026\/09\/dugun-salonunda-kardesinin-tartistigi-kisiyi-bicakla-yaralayan-supheli-tutuklandi_6a99bfdf5e706.jpeg","datePublished":"2026-09-03T18:43:39+00:00","dateModified":"2026-09-03T18:43:45+00:00","description":"D\u00fc\u011f\u00fcn salonunda karde\u015finin tart\u0131\u015ft\u0131\u011f\u0131 ki\u015fiyi b\u0131\u00e7akla yaralayan \u015f\u00fcpheli tutukland\u0131 | \u00c7orlu&#039;da Haber","breadcrumb":{"@id":"https:\/\/corludahaber.com\/h\/dugun-salonunda-kardesinin-tartistigi-kisiyi-bicakla-yaralayan-supheli-tutuklandi\/124202#breadcrumb"},"inLanguage":"tr","potentialAction":[{"@type":"ReadAction","target":["https:\/\/corludahaber.com\/h\/dugun-salonunda-kardesinin-tartistigi-kisiyi-bicakla-yaralayan-supheli-tutuklandi\/124202"]}]},{"@type":"ImageObject","inLanguage":"tr","@id":"https:\/\/corludahaber.com\/h\/dugun-salonunda-kardesinin-tartistigi-kisiyi-bicakla-yaralayan-supheli-tutuklandi\/124202#primaryimage","url":"https:\/\/corludahaber.com\/h\/wp-content\/uploads\/2026\/09\/dugun-salonunda-kardesinin-tartistigi-kisiyi-bicakla-yaralayan-supheli-tutuklandi_6a99bfdf5e706.jpeg","contentUrl":"https:\/\/corludahaber.com\/h\/wp-content\/uploads\/2026\/09\/dugun-salonunda-kardesinin-tartistigi-kisiyi-bicakla-yaralayan-supheli-tutuklandi_6a99bfdf5e706.jpeg","width":597,"height":532},{"@type":"BreadcrumbList","@id":"https:\/\/corludahaber.com\/h\/dugun-salonunda-kardesinin-tartistigi-kisiyi-bicakla-yaralayan-supheli-tutuklandi\/124202#breadcrumb","itemListElement":[{"@type":"ListItem","position":1,"name":"Anasayfa","item":"https:\/\/corludahaber.com\/h\/anasayfa"},{"@type":"ListItem","position":2,"name":"Edirne","item":"https:\/\/corludahaber.com\/h\/kategori\/edirne"},{"@type":"ListItem","position":3,"name":"D\u00fc\u011f\u00fcn salonunda karde\u015finin tart\u0131\u015ft\u0131\u011f\u0131 ki\u015fiyi b\u0131\u00e7akla yaralayan \u015f\u00fcpheli tutukland\u0131"}]},{"@type":"WebSite","@id":"https:\/\/corludahaber.com\/h\/#website","url":"https:\/\/corludahaber.com\/h\/","name":"\u00c7orlu'da Haber","description":"Ger\u00e7ek Tarafs\u0131z Haber","publisher":{"@id":"https:\/\/corludahaber.com\/h\/#organization"},"potentialAction":[{"@type":"SearchAction","target":{"@type":"EntryPoint","urlTemplate":"https:\/\/corludahaber.com\/h\/?s={search_term_string}"},"query-input":"required name=search_term_string"}],"inLanguage":"tr"},{"@type":"Organization","@id":"https:\/\/corludahaber.com\/h\/#organization","name":"\u00c7orlu'da Haber","url":"https:\/\/corludahaber.com\/h\/","logo":{"@type":"ImageObject","inLanguage":"tr","@id":"https:\/\/corludahaber.com\/h\/#\/schema\/logo\/image\/","url":"https:\/\/corludahaber.com\/h\/wp-content\/uploads\/2021\/12\/logo__9__1_-removebg-preview.png","contentUrl":"https:\/\/corludahaber.com\/h\/wp-content\/uploads\/2021\/12\/logo__9__1_-removebg-preview.png","width":500,"height":157,"caption":"\u00c7orlu'da Haber"},"image":{"@id":"https:\/\/corludahaber.com\/h\/#\/schema\/logo\/image\/"},"sameAs":["https:\/\/facebook.com\/habercorluda","https:\/\/x.com\/habercorluda","https:\/\/www.instagram.com\/corludahaber","https:\/\/www.youtube.com\/user\/corludahaber"]},{"@type":"Person","@id":"https:\/\/corludahaber.com\/h\/#\/schema\/person\/b523522be44b062db5d74a62589768cd","name":"\u00c7orlu'da Haber","image":{"@type":"ImageObject","inLanguage":"tr","@id":"https:\/\/corludahaber.com\/h\/#\/schema\/person\/image\/","url":"https:\/\/secure.gravatar.com\/avatar\/1033e54e078c29fd7f053370086ff627ba414b05c2b231c418a481adecd764ce?s=96&d=blank&r=g","contentUrl":"https:\/\/secure.gravatar.com\/avatar\/1033e54e078c29fd7f053370086ff627ba414b05c2b231c418a481adecd764ce?s=96&d=blank&r=g","caption":"\u00c7orlu'da Haber"},"sameAs":["https:\/\/corludahaber.com\/h"],"url":"https:\/\/corludahaber.com\/h\/author\/admin"}]}},"_links":{"self":[{"href":"https:\/\/corludahaber.com\/h\/wp-json\/wp\/v2\/posts\/124202","targetHints":{"allow":["GET"]}}],"collection":[{"href":"https:\/\/corludahaber.com\/h\/wp-json\/wp\/v2\/posts"}],"about":[{"href":"https:\/\/corludahaber.com\/h\/wp-json\/wp\/v2\/types\/post"}],"author":[{"embeddable":true,"href":"https:\/\/corludahaber.com\/h\/wp-json\/wp\/v2\/users\/151"}],"replies":[{"embeddable":true,"href":"https:\/\/corludahaber.com\/h\/wp-json\/wp\/v2\/comments?post=124202"}],"version-history":[{"count":1,"href":"https:\/\/corludahaber.com\/h\/wp-json\/wp\/v2\/posts\/124202\/revisions"}],"predecessor-version":[{"id":124210,"href":"https:\/\/corludahaber.com\/h\/wp-json\/wp\/v2\/posts\/124202\/revisions\/124210"}],"wp:featuredmedia":[{"embeddable":true,"href":"https:\/\/corludahaber.com\/h\/wp-json\/wp\/v2\/media\/124209"}],"wp:attachment":[{"href":"https:\/\/corludahaber.com\/h\/wp-json\/wp\/v2\/media?parent=124202"}],"wp:term":[{"taxonomy":"category","embeddable":true,"href":"https:\/\/corludahaber.com\/h\/wp-json\/wp\/v2\/categories?post=124202"},{"taxonomy":"post_tag","embeddable":true,"href":"https:\/\/corludahaber.com\/h\/wp-json\/wp\/v2\/tags?post=124202"}],"curies":[{"name":"wp","href":"https:\/\/api.w.org\/{rel}","templated":true}]}}