{"id":124184,"date":"2026-09-03T13:43:41","date_gmt":"2026-09-03T10:43:41","guid":{"rendered":"https:\/\/corludahaber.com\/h\/yenice-beach-volley-cup-2026-solen-havasinda-gecti\/124184"},"modified":"2026-09-03T13:43:44","modified_gmt":"2026-09-03T10:43:44","slug":"yenice-beach-volley-cup-2026-solen-havasinda-gecti","status":"publish","type":"post","link":"https:\/\/corludahaber.com\/h\/yenice-beach-volley-cup-2026-solen-havasinda-gecti\/124184","title":{"rendered":"Yenice Beach Volley Cup 2026 \u015e\u00f6len Havas\u0131nda Ge\u00e7ti"},"content":{"rendered":"<div class=\"corlu-icerikten-once_3\" id=\"corlu-2509440640\"><script type='text\/javascript' src='https:\/\/platform-api.sharethis.com\/js\/sharethis.js#property=5ce8cf08af7d000012cb0ca1&product=inline-reaction-buttons' async='async'><\/script>\r\n\r\n<\/div><p>\u00c7orlu Belediyesi taraf\u0131ndan 15. Uluslararas\u0131 \u00c7orlu K\u00fclt\u00fcr, Sanat ve Spor Festivali kapsam\u0131nda bu y\u0131l ilk kez d\u00fczenlenen Yenice Beach Volley Cup 2026, muhte\u015fem ma\u00e7lar ve t\u00f6renle sona erdi.<\/p><div class=\"corlu-icerik-2\" id=\"corlu-825787649\"><!-- Admatic AUTO ads START -->\r\n<ins data-publisher=\"adm-pub-155556240050\" data-ad-network=\"659428a24d11b285b616c18d\"   class=\"adm-ads-area\"><\/ins>\r\n<script type=\"text\/javascript\" src=\"https:\/\/static.cdn.admatic.com.tr\/showad\/showad.min.js\"><\/script>\r\n<!-- Admatic AUTO ads END --><\/div>\n<p>Yenice Sahili`nin ev sahipli\u011fi yapt\u0131\u011f\u0131 turnuvan\u0131n ilk g\u00fcn\u00fcnden itibaren sporcular\u0131n kumdaki amans\u0131z m\u00fccadelesi ve sahildeki renkli atmosfer izleyenlere heyecan dolu anlar ya\u015fatt\u0131. Birbirinden \u00e7eki\u015fmeli kar\u015f\u0131la\u015fmalarla ge\u00e7en ilk g\u00fcn\u00fcn ard\u0131ndan sporseverler turnuva boyunca plajda festival co\u015fkusunu doyas\u0131ya hissetti.<\/p>\n<p>Organizasyonun final g\u00fcn\u00fcnde dereceye giren ba\u015far\u0131l\u0131 tak\u0131mlara \u00f6d\u00fclleri \u00c7orlu Belediye Ba\u015fkan\u0131 Ahmet Sar\u0131kurt taraf\u0131ndan takdim edildi.<\/p>\n<p>Turnuvan\u0131n ard\u0131ndan de\u011ferlendirmelerde bulunan Ba\u015fkan Sar\u0131kurt, &#8220;Kumda k\u0131yas\u0131ya m\u00fccadele, sahada ise co\u015fku vard\u0131. Yenice Sahilimizde sporun heyecan\u0131n\u0131 festival co\u015fkusuyla bulu\u015fturduk.\u201d dedi.<\/p>\n<p>Ba\u015fkan Sar\u0131kurt, turnuvada ter d\u00f6ken t\u00fcm sporcular\u0131 g\u00f6n\u00fclden kutlayarak bu dev organizasyonun hayata ge\u00e7mesine katk\u0131 sunan ve eme\u011fi ge\u00e7en herkese te\u015fekk\u00fcr etti.<\/p>\n<table style=\"text-align: left; color: #ff0000; font-weight: bold; width: 100%; height: 100%;\" border=\"1\" cellspacing=\"2\" cellpadding=\"2\">\n<tbody>\n<tr>\n<td style=\"background-color: #000000;\">\n<h5><em><span style=\"color: #ff0000;\">Bu haber <span style=\"color: #ffffff;\">\u00c7orlu Belediyesi&#8217;nin<\/span> Kendi sitesinden botlar yard\u0131m\u0131yla otomatik olarak eklenmi\u015ftir. Bu i\u00e7erikte \u00c7orlu&#8217;da Haber edit\u00f6rleri herhangi bir m\u00fcdahalede bulunmam\u0131\u015ft\u0131r.<\/span><\/em><\/h5>\n<\/td>\n<\/tr>\n<\/tbody>\n<\/table>\n<div class=\"corlu-icerikten-sonra_3\" id=\"corlu-1589328779\"><p><img loading=\"lazy\" decoding=\"async\" class=\"aligncenter\" src=\"https:\/\/www.corludahaber.com\/bahcesehir.jpg\" alt=\"\" width=\"624\" height=\"196\" \/><\/p>\n<table style=\"text-align: left; width: 100%;\" border=\"1\" cellspacing=\"2\" cellpadding=\"2\">\n<tbody>\n<tr>\n<td style=\"background-color: #050805;\"><span style=\"font-size: 12pt;\"><small><small><em><strong><big><span style=\"color: #ff0000;\">Haber ve resimlerin telif haklar\u0131ndan dolay\u0131 kullan\u0131m\u0131 yasakt\u0131r<span style=\"color: #000000;\">.<\/span><\/span><span style=\"color: #000000;\">\u00a0<\/span><span style=\"color: #ffffff;\">Yaz\u0131l\u0131 izni al\u0131nmadan hi\u00e7bir yaz\u0131l\u0131, g\u00f6rsel, i\u015fitsel i\u00e7erik kopyalanamaz, de\u011fi\u015ftirilemez, yay\u0131nlanamaz veya sat\u0131lamaz. Aksi halde<\/span>\u00a0<span style=\"color: #ff0000;\">5846<span style=\"color: #ffffff;\">\u00a0<\/span><\/span><span style=\"color: #ffffff;\">say\u0131l\u0131 Fikir ve Sanat Eserleri Kanunu\u2019na ve<\/span>\u00a0<span style=\"color: #800000;\"><span style=\"color: #ff0000;\">6102<\/span><span style=\"color: #ffffff;\">\u00a0<\/span><\/span><span style=\"color: #ffffff;\">say\u0131l\u0131 maddesine g\u00f6re<\/span>\u00a0<span style=\"color: #ff0000;\">gerekli i\u015flemler uygulanacakt\u0131r.<\/span><br \/>\n<span style=\"color: #ffffff;\">\u00a9 Copyright 2014<\/span><\/big><\/strong><\/em><\/small><\/small><\/span><\/td>\n<\/tr>\n<\/tbody>\n<\/table>\n<p><small><small>\u00a0<\/small><\/small><\/p>\n<\/div>","protected":false},"excerpt":{"rendered":"<p>\u00c7orlu Belediyesi taraf\u0131ndan 15. Uluslararas\u0131 \u00c7orlu K\u00fclt\u00fcr, Sanat ve Spor Festivali kapsam\u0131nda bu y\u0131l ilk kez d\u00fczenlenen Yenice Beach Volley Cup 2026, muhte\u015fem ma\u00e7lar ve t\u00f6renle sona erdi. Yenice Sahili`nin ev sahipli\u011fi yapt\u0131\u011f\u0131 turnuvan\u0131n ilk g\u00fcn\u00fcnden itibaren sporcular\u0131n kumdaki amans\u0131z m\u00fccadelesi ve sahildeki renkli atmosfer izleyenlere heyecan dolu anlar ya\u015fatt\u0131. Birbirinden \u00e7eki\u015fmeli kar\u015f\u0131la\u015fmalarla ge\u00e7en ilk &hellip;<\/p>\n","protected":false},"author":151,"featured_media":124185,"comment_status":"closed","ping_status":"closed","sticky":false,"template":"","format":"standard","meta":{"footnotes":""},"categories":[24],"tags":[8025,36680,9376,15478,1561,36682,14269,3661,36681,19991,36683],"class_list":["post-124184","post","type-post","status-publish","format-standard","has-post-thumbnail","hentry","category-corlu","tag-asayis","tag-beach","tag-corlu-kaza","tag-corlu-son-dakika-kaza","tag-gecti","tag-havasinda","tag-solen","tag-son-dakika-kaza","tag-volley","tag-yenice","tag-yenice-beach-volley-cup-2026-solen-havasinda-gecti"],"yoast_head":"<!-- This site is optimized with the Yoast SEO Premium plugin v23.3 (Yoast SEO v23.3) - https:\/\/yoast.com\/wordpress\/plugins\/seo\/ -->\n<title>Yenice Beach Volley Cup 2026 \u015e\u00f6len Havas\u0131nda Ge\u00e7ti | \u00c7orlu&#039;da Haber<\/title>\n<meta name=\"description\" content=\"Yenice Beach Volley Cup 2026 \u015e\u00f6len Havas\u0131nda Ge\u00e7ti | \u00c7orlu&#039;da Haber\" \/>\n<meta name=\"robots\" content=\"index, follow, max-snippet:-1, max-image-preview:large, max-video-preview:-1\" \/>\n<link rel=\"canonical\" href=\"https:\/\/corludahaber.com\/h\/yenice-beach-volley-cup-2026-solen-havasinda-gecti\/124184\" \/>\n<meta property=\"og:locale\" content=\"tr_TR\" \/>\n<meta property=\"og:type\" content=\"article\" \/>\n<meta property=\"og:title\" content=\"Yenice Beach Volley Cup 2026 \u015e\u00f6len Havas\u0131nda Ge\u00e7ti | \u00c7orlu&#039;da Haber\" \/>\n<meta property=\"og:description\" content=\"Yenice Beach Volley Cup 2026 \u015e\u00f6len Havas\u0131nda Ge\u00e7ti | \u00c7orlu&#039;da Haber\" \/>\n<meta property=\"og:url\" content=\"https:\/\/corludahaber.com\/h\/yenice-beach-volley-cup-2026-solen-havasinda-gecti\/124184\" \/>\n<meta property=\"og:site_name\" content=\"\u00c7orlu&#039;da Haber\" \/>\n<meta property=\"article:publisher\" content=\"https:\/\/facebook.com\/habercorluda\" \/>\n<meta property=\"article:published_time\" content=\"2026-09-03T10:43:41+00:00\" \/>\n<meta property=\"article:modified_time\" content=\"2026-09-03T10:43:44+00:00\" \/>\n<meta property=\"og:image\" content=\"http:\/\/corludahaber.com\/h\/wp-content\/uploads\/2026\/09\/yenice-beach-volley-cup-2026-solen-havasinda-gecti_6a994f603d91e.jpeg\" \/>\n\t<meta property=\"og:image:width\" content=\"832\" \/>\n\t<meta property=\"og:image:height\" content=\"407\" \/>\n\t<meta property=\"og:image:type\" content=\"image\/jpeg\" \/>\n<meta name=\"author\" content=\"\u00c7orlu&#039;da Haber\" \/>\n<meta name=\"twitter:card\" content=\"summary_large_image\" \/>\n<meta name=\"twitter:creator\" content=\"@habercorluda\" \/>\n<meta name=\"twitter:site\" content=\"@habercorluda\" \/>\n<meta name=\"twitter:label1\" content=\"Yazan:\" \/>\n\t<meta name=\"twitter:data1\" content=\"\u00c7orlu&#039;da Haber\" \/>\n\t<meta name=\"twitter:label2\" content=\"Tahmini okuma s\u00fcresi\" \/>\n\t<meta name=\"twitter:data2\" content=\"1 dakika\" \/>\n<script type=\"application\/ld+json\" class=\"yoast-schema-graph\">{\"@context\":\"https:\/\/schema.org\",\"@graph\":[{\"@type\":\"Article\",\"@id\":\"https:\/\/corludahaber.com\/h\/yenice-beach-volley-cup-2026-solen-havasinda-gecti\/124184#article\",\"isPartOf\":{\"@id\":\"https:\/\/corludahaber.com\/h\/yenice-beach-volley-cup-2026-solen-havasinda-gecti\/124184\"},\"author\":{\"name\":\"\u00c7orlu'da Haber\",\"@id\":\"https:\/\/corludahaber.com\/h\/#\/schema\/person\/b523522be44b062db5d74a62589768cd\"},\"headline\":\"Yenice Beach Volley Cup 2026 \u015e\u00f6len Havas\u0131nda Ge\u00e7ti\",\"datePublished\":\"2026-09-03T10:43:41+00:00\",\"dateModified\":\"2026-09-03T10:43:44+00:00\",\"mainEntityOfPage\":{\"@id\":\"https:\/\/corludahaber.com\/h\/yenice-beach-volley-cup-2026-solen-havasinda-gecti\/124184\"},\"wordCount\":220,\"publisher\":{\"@id\":\"https:\/\/corludahaber.com\/h\/#organization\"},\"image\":{\"@id\":\"https:\/\/corludahaber.com\/h\/yenice-beach-volley-cup-2026-solen-havasinda-gecti\/124184#primaryimage\"},\"thumbnailUrl\":\"https:\/\/corludahaber.com\/h\/wp-content\/uploads\/2026\/09\/yenice-beach-volley-cup-2026-solen-havasinda-gecti_6a994f603d91e.jpeg\",\"keywords\":[\"asayi\u015f\",\"Beach\",\"\u00c7orlu kaza\",\"\u00c7orlu son dakika kaza\",\"ge\u00e7ti\",\"Havas\u0131nda\",\"\u015f\u00f6len\",\"son dakika kaza\",\"Volley\",\"Yenice\",\"Yenice Beach Volley Cup 2026 \u015e\u00f6len Havas\u0131nda Ge\u00e7ti\"],\"articleSection\":[\"\u00c7orlu\"],\"inLanguage\":\"tr\"},{\"@type\":\"WebPage\",\"@id\":\"https:\/\/corludahaber.com\/h\/yenice-beach-volley-cup-2026-solen-havasinda-gecti\/124184\",\"url\":\"https:\/\/corludahaber.com\/h\/yenice-beach-volley-cup-2026-solen-havasinda-gecti\/124184\",\"name\":\"Yenice Beach Volley Cup 2026 \u015e\u00f6len Havas\u0131nda Ge\u00e7ti | \u00c7orlu&#039;da Haber\",\"isPartOf\":{\"@id\":\"https:\/\/corludahaber.com\/h\/#website\"},\"primaryImageOfPage\":{\"@id\":\"https:\/\/corludahaber.com\/h\/yenice-beach-volley-cup-2026-solen-havasinda-gecti\/124184#primaryimage\"},\"image\":{\"@id\":\"https:\/\/corludahaber.com\/h\/yenice-beach-volley-cup-2026-solen-havasinda-gecti\/124184#primaryimage\"},\"thumbnailUrl\":\"https:\/\/corludahaber.com\/h\/wp-content\/uploads\/2026\/09\/yenice-beach-volley-cup-2026-solen-havasinda-gecti_6a994f603d91e.jpeg\",\"datePublished\":\"2026-09-03T10:43:41+00:00\",\"dateModified\":\"2026-09-03T10:43:44+00:00\",\"description\":\"Yenice Beach Volley Cup 2026 \u015e\u00f6len Havas\u0131nda Ge\u00e7ti | \u00c7orlu&#039;da Haber\",\"breadcrumb\":{\"@id\":\"https:\/\/corludahaber.com\/h\/yenice-beach-volley-cup-2026-solen-havasinda-gecti\/124184#breadcrumb\"},\"inLanguage\":\"tr\",\"potentialAction\":[{\"@type\":\"ReadAction\",\"target\":[\"https:\/\/corludahaber.com\/h\/yenice-beach-volley-cup-2026-solen-havasinda-gecti\/124184\"]}]},{\"@type\":\"ImageObject\",\"inLanguage\":\"tr\",\"@id\":\"https:\/\/corludahaber.com\/h\/yenice-beach-volley-cup-2026-solen-havasinda-gecti\/124184#primaryimage\",\"url\":\"https:\/\/corludahaber.com\/h\/wp-content\/uploads\/2026\/09\/yenice-beach-volley-cup-2026-solen-havasinda-gecti_6a994f603d91e.jpeg\",\"contentUrl\":\"https:\/\/corludahaber.com\/h\/wp-content\/uploads\/2026\/09\/yenice-beach-volley-cup-2026-solen-havasinda-gecti_6a994f603d91e.jpeg\",\"width\":832,\"height\":407},{\"@type\":\"BreadcrumbList\",\"@id\":\"https:\/\/corludahaber.com\/h\/yenice-beach-volley-cup-2026-solen-havasinda-gecti\/124184#breadcrumb\",\"itemListElement\":[{\"@type\":\"ListItem\",\"position\":1,\"name\":\"Anasayfa\",\"item\":\"https:\/\/corludahaber.com\/h\/anasayfa\"},{\"@type\":\"ListItem\",\"position\":2,\"name\":\"\u00c7orlu\",\"item\":\"https:\/\/corludahaber.com\/h\/kategori\/corlu\"},{\"@type\":\"ListItem\",\"position\":3,\"name\":\"Yenice Beach Volley Cup 2026 \u015e\u00f6len Havas\u0131nda Ge\u00e7ti\"}]},{\"@type\":\"WebSite\",\"@id\":\"https:\/\/corludahaber.com\/h\/#website\",\"url\":\"https:\/\/corludahaber.com\/h\/\",\"name\":\"\u00c7orlu'da Haber\",\"description\":\"Ger\u00e7ek Tarafs\u0131z Haber\",\"publisher\":{\"@id\":\"https:\/\/corludahaber.com\/h\/#organization\"},\"potentialAction\":[{\"@type\":\"SearchAction\",\"target\":{\"@type\":\"EntryPoint\",\"urlTemplate\":\"https:\/\/corludahaber.com\/h\/?s={search_term_string}\"},\"query-input\":\"required name=search_term_string\"}],\"inLanguage\":\"tr\"},{\"@type\":\"Organization\",\"@id\":\"https:\/\/corludahaber.com\/h\/#organization\",\"name\":\"\u00c7orlu'da Haber\",\"url\":\"https:\/\/corludahaber.com\/h\/\",\"logo\":{\"@type\":\"ImageObject\",\"inLanguage\":\"tr\",\"@id\":\"https:\/\/corludahaber.com\/h\/#\/schema\/logo\/image\/\",\"url\":\"https:\/\/corludahaber.com\/h\/wp-content\/uploads\/2021\/12\/logo__9__1_-removebg-preview.png\",\"contentUrl\":\"https:\/\/corludahaber.com\/h\/wp-content\/uploads\/2021\/12\/logo__9__1_-removebg-preview.png\",\"width\":500,\"height\":157,\"caption\":\"\u00c7orlu'da Haber\"},\"image\":{\"@id\":\"https:\/\/corludahaber.com\/h\/#\/schema\/logo\/image\/\"},\"sameAs\":[\"https:\/\/facebook.com\/habercorluda\",\"https:\/\/x.com\/habercorluda\",\"https:\/\/www.instagram.com\/corludahaber\",\"https:\/\/www.youtube.com\/user\/corludahaber\"]},{\"@type\":\"Person\",\"@id\":\"https:\/\/corludahaber.com\/h\/#\/schema\/person\/b523522be44b062db5d74a62589768cd\",\"name\":\"\u00c7orlu'da Haber\",\"image\":{\"@type\":\"ImageObject\",\"inLanguage\":\"tr\",\"@id\":\"https:\/\/corludahaber.com\/h\/#\/schema\/person\/image\/\",\"url\":\"https:\/\/secure.gravatar.com\/avatar\/1033e54e078c29fd7f053370086ff627ba414b05c2b231c418a481adecd764ce?s=96&d=blank&r=g\",\"contentUrl\":\"https:\/\/secure.gravatar.com\/avatar\/1033e54e078c29fd7f053370086ff627ba414b05c2b231c418a481adecd764ce?s=96&d=blank&r=g\",\"caption\":\"\u00c7orlu'da Haber\"},\"sameAs\":[\"https:\/\/corludahaber.com\/h\"],\"url\":\"https:\/\/corludahaber.com\/h\/author\/admin\"}]}<\/script>\n<!-- \/ Yoast SEO Premium plugin. -->","yoast_head_json":{"title":"Yenice Beach Volley Cup 2026 \u015e\u00f6len Havas\u0131nda Ge\u00e7ti | \u00c7orlu&#039;da Haber","description":"Yenice Beach Volley Cup 2026 \u015e\u00f6len Havas\u0131nda Ge\u00e7ti | \u00c7orlu&#039;da Haber","robots":{"index":"index","follow":"follow","max-snippet":"max-snippet:-1","max-image-preview":"max-image-preview:large","max-video-preview":"max-video-preview:-1"},"canonical":"https:\/\/corludahaber.com\/h\/yenice-beach-volley-cup-2026-solen-havasinda-gecti\/124184","og_locale":"tr_TR","og_type":"article","og_title":"Yenice Beach Volley Cup 2026 \u015e\u00f6len Havas\u0131nda Ge\u00e7ti | \u00c7orlu&#039;da Haber","og_description":"Yenice Beach Volley Cup 2026 \u015e\u00f6len Havas\u0131nda Ge\u00e7ti | \u00c7orlu&#039;da Haber","og_url":"https:\/\/corludahaber.com\/h\/yenice-beach-volley-cup-2026-solen-havasinda-gecti\/124184","og_site_name":"\u00c7orlu&#039;da Haber","article_publisher":"https:\/\/facebook.com\/habercorluda","article_published_time":"2026-09-03T10:43:41+00:00","article_modified_time":"2026-09-03T10:43:44+00:00","og_image":[{"width":832,"height":407,"url":"http:\/\/corludahaber.com\/h\/wp-content\/uploads\/2026\/09\/yenice-beach-volley-cup-2026-solen-havasinda-gecti_6a994f603d91e.jpeg","type":"image\/jpeg"}],"author":"\u00c7orlu'da Haber","twitter_card":"summary_large_image","twitter_creator":"@habercorluda","twitter_site":"@habercorluda","twitter_misc":{"Yazan:":"\u00c7orlu'da Haber","Tahmini okuma s\u00fcresi":"1 dakika"},"schema":{"@context":"https:\/\/schema.org","@graph":[{"@type":"Article","@id":"https:\/\/corludahaber.com\/h\/yenice-beach-volley-cup-2026-solen-havasinda-gecti\/124184#article","isPartOf":{"@id":"https:\/\/corludahaber.com\/h\/yenice-beach-volley-cup-2026-solen-havasinda-gecti\/124184"},"author":{"name":"\u00c7orlu'da Haber","@id":"https:\/\/corludahaber.com\/h\/#\/schema\/person\/b523522be44b062db5d74a62589768cd"},"headline":"Yenice Beach Volley Cup 2026 \u015e\u00f6len Havas\u0131nda Ge\u00e7ti","datePublished":"2026-09-03T10:43:41+00:00","dateModified":"2026-09-03T10:43:44+00:00","mainEntityOfPage":{"@id":"https:\/\/corludahaber.com\/h\/yenice-beach-volley-cup-2026-solen-havasinda-gecti\/124184"},"wordCount":220,"publisher":{"@id":"https:\/\/corludahaber.com\/h\/#organization"},"image":{"@id":"https:\/\/corludahaber.com\/h\/yenice-beach-volley-cup-2026-solen-havasinda-gecti\/124184#primaryimage"},"thumbnailUrl":"https:\/\/corludahaber.com\/h\/wp-content\/uploads\/2026\/09\/yenice-beach-volley-cup-2026-solen-havasinda-gecti_6a994f603d91e.jpeg","keywords":["asayi\u015f","Beach","\u00c7orlu kaza","\u00c7orlu son dakika kaza","ge\u00e7ti","Havas\u0131nda","\u015f\u00f6len","son dakika kaza","Volley","Yenice","Yenice Beach Volley Cup 2026 \u015e\u00f6len Havas\u0131nda Ge\u00e7ti"],"articleSection":["\u00c7orlu"],"inLanguage":"tr"},{"@type":"WebPage","@id":"https:\/\/corludahaber.com\/h\/yenice-beach-volley-cup-2026-solen-havasinda-gecti\/124184","url":"https:\/\/corludahaber.com\/h\/yenice-beach-volley-cup-2026-solen-havasinda-gecti\/124184","name":"Yenice Beach Volley Cup 2026 \u015e\u00f6len Havas\u0131nda Ge\u00e7ti | \u00c7orlu&#039;da Haber","isPartOf":{"@id":"https:\/\/corludahaber.com\/h\/#website"},"primaryImageOfPage":{"@id":"https:\/\/corludahaber.com\/h\/yenice-beach-volley-cup-2026-solen-havasinda-gecti\/124184#primaryimage"},"image":{"@id":"https:\/\/corludahaber.com\/h\/yenice-beach-volley-cup-2026-solen-havasinda-gecti\/124184#primaryimage"},"thumbnailUrl":"https:\/\/corludahaber.com\/h\/wp-content\/uploads\/2026\/09\/yenice-beach-volley-cup-2026-solen-havasinda-gecti_6a994f603d91e.jpeg","datePublished":"2026-09-03T10:43:41+00:00","dateModified":"2026-09-03T10:43:44+00:00","description":"Yenice Beach Volley Cup 2026 \u015e\u00f6len Havas\u0131nda Ge\u00e7ti | \u00c7orlu&#039;da Haber","breadcrumb":{"@id":"https:\/\/corludahaber.com\/h\/yenice-beach-volley-cup-2026-solen-havasinda-gecti\/124184#breadcrumb"},"inLanguage":"tr","potentialAction":[{"@type":"ReadAction","target":["https:\/\/corludahaber.com\/h\/yenice-beach-volley-cup-2026-solen-havasinda-gecti\/124184"]}]},{"@type":"ImageObject","inLanguage":"tr","@id":"https:\/\/corludahaber.com\/h\/yenice-beach-volley-cup-2026-solen-havasinda-gecti\/124184#primaryimage","url":"https:\/\/corludahaber.com\/h\/wp-content\/uploads\/2026\/09\/yenice-beach-volley-cup-2026-solen-havasinda-gecti_6a994f603d91e.jpeg","contentUrl":"https:\/\/corludahaber.com\/h\/wp-content\/uploads\/2026\/09\/yenice-beach-volley-cup-2026-solen-havasinda-gecti_6a994f603d91e.jpeg","width":832,"height":407},{"@type":"BreadcrumbList","@id":"https:\/\/corludahaber.com\/h\/yenice-beach-volley-cup-2026-solen-havasinda-gecti\/124184#breadcrumb","itemListElement":[{"@type":"ListItem","position":1,"name":"Anasayfa","item":"https:\/\/corludahaber.com\/h\/anasayfa"},{"@type":"ListItem","position":2,"name":"\u00c7orlu","item":"https:\/\/corludahaber.com\/h\/kategori\/corlu"},{"@type":"ListItem","position":3,"name":"Yenice Beach Volley Cup 2026 \u015e\u00f6len Havas\u0131nda Ge\u00e7ti"}]},{"@type":"WebSite","@id":"https:\/\/corludahaber.com\/h\/#website","url":"https:\/\/corludahaber.com\/h\/","name":"\u00c7orlu'da Haber","description":"Ger\u00e7ek Tarafs\u0131z Haber","publisher":{"@id":"https:\/\/corludahaber.com\/h\/#organization"},"potentialAction":[{"@type":"SearchAction","target":{"@type":"EntryPoint","urlTemplate":"https:\/\/corludahaber.com\/h\/?s={search_term_string}"},"query-input":"required name=search_term_string"}],"inLanguage":"tr"},{"@type":"Organization","@id":"https:\/\/corludahaber.com\/h\/#organization","name":"\u00c7orlu'da Haber","url":"https:\/\/corludahaber.com\/h\/","logo":{"@type":"ImageObject","inLanguage":"tr","@id":"https:\/\/corludahaber.com\/h\/#\/schema\/logo\/image\/","url":"https:\/\/corludahaber.com\/h\/wp-content\/uploads\/2021\/12\/logo__9__1_-removebg-preview.png","contentUrl":"https:\/\/corludahaber.com\/h\/wp-content\/uploads\/2021\/12\/logo__9__1_-removebg-preview.png","width":500,"height":157,"caption":"\u00c7orlu'da Haber"},"image":{"@id":"https:\/\/corludahaber.com\/h\/#\/schema\/logo\/image\/"},"sameAs":["https:\/\/facebook.com\/habercorluda","https:\/\/x.com\/habercorluda","https:\/\/www.instagram.com\/corludahaber","https:\/\/www.youtube.com\/user\/corludahaber"]},{"@type":"Person","@id":"https:\/\/corludahaber.com\/h\/#\/schema\/person\/b523522be44b062db5d74a62589768cd","name":"\u00c7orlu'da Haber","image":{"@type":"ImageObject","inLanguage":"tr","@id":"https:\/\/corludahaber.com\/h\/#\/schema\/person\/image\/","url":"https:\/\/secure.gravatar.com\/avatar\/1033e54e078c29fd7f053370086ff627ba414b05c2b231c418a481adecd764ce?s=96&d=blank&r=g","contentUrl":"https:\/\/secure.gravatar.com\/avatar\/1033e54e078c29fd7f053370086ff627ba414b05c2b231c418a481adecd764ce?s=96&d=blank&r=g","caption":"\u00c7orlu'da Haber"},"sameAs":["https:\/\/corludahaber.com\/h"],"url":"https:\/\/corludahaber.com\/h\/author\/admin"}]}},"_links":{"self":[{"href":"https:\/\/corludahaber.com\/h\/wp-json\/wp\/v2\/posts\/124184","targetHints":{"allow":["GET"]}}],"collection":[{"href":"https:\/\/corludahaber.com\/h\/wp-json\/wp\/v2\/posts"}],"about":[{"href":"https:\/\/corludahaber.com\/h\/wp-json\/wp\/v2\/types\/post"}],"author":[{"embeddable":true,"href":"https:\/\/corludahaber.com\/h\/wp-json\/wp\/v2\/users\/151"}],"replies":[{"embeddable":true,"href":"https:\/\/corludahaber.com\/h\/wp-json\/wp\/v2\/comments?post=124184"}],"version-history":[{"count":1,"href":"https:\/\/corludahaber.com\/h\/wp-json\/wp\/v2\/posts\/124184\/revisions"}],"predecessor-version":[{"id":124186,"href":"https:\/\/corludahaber.com\/h\/wp-json\/wp\/v2\/posts\/124184\/revisions\/124186"}],"wp:featuredmedia":[{"embeddable":true,"href":"https:\/\/corludahaber.com\/h\/wp-json\/wp\/v2\/media\/124185"}],"wp:attachment":[{"href":"https:\/\/corludahaber.com\/h\/wp-json\/wp\/v2\/media?parent=124184"}],"wp:term":[{"taxonomy":"category","embeddable":true,"href":"https:\/\/corludahaber.com\/h\/wp-json\/wp\/v2\/categories?post=124184"},{"taxonomy":"post_tag","embeddable":true,"href":"https:\/\/corludahaber.com\/h\/wp-json\/wp\/v2\/tags?post=124184"}],"curies":[{"name":"wp","href":"https:\/\/api.w.org\/{rel}","templated":true}]}}