{"id":124181,"date":"2026-09-03T13:43:35","date_gmt":"2026-09-03T10:43:35","guid":{"rendered":"https:\/\/corludahaber.com\/h\/edirnede-2-ayri-kaza-2-yarali\/124181"},"modified":"2026-09-03T13:43:41","modified_gmt":"2026-09-03T10:43:41","slug":"edirnede-2-ayri-kaza-2-yarali","status":"publish","type":"post","link":"https:\/\/corludahaber.com\/h\/edirnede-2-ayri-kaza-2-yarali\/124181","title":{"rendered":"Edirne\u2019de 2 ayr\u0131 kaza; 2 yaral\u0131"},"content":{"rendered":"<div class=\"corlu-icerikten-once_3\" id=\"corlu-1606703620\"><script type='text\/javascript' src='https:\/\/platform-api.sharethis.com\/js\/sharethis.js#property=5ce8cf08af7d000012cb0ca1&product=inline-reaction-buttons' async='async'><\/script>\r\n\r\n<\/div><div readability=\"53\"><span class=\"category-name hidden\"><\/span><\/p><div class=\"corlu-icerik-2\" id=\"corlu-3292544058\"><!-- Admatic AUTO ads START -->\r\n<ins data-publisher=\"adm-pub-155556240050\" data-ad-network=\"659428a24d11b285b616c18d\"   class=\"adm-ads-area\"><\/ins>\r\n<script type=\"text\/javascript\" src=\"https:\/\/static.cdn.admatic.com.tr\/showad\/showad.min.js\"><\/script>\r\n<!-- Admatic AUTO ads END --><\/div>\n<p> \/KE\u015eAN(Edirne),(Haber Merkezi)-ED\u0130RNE\u2019nin Ke\u015fan il\u00e7esinde meydana gelen 2 ayr\u0131 kazada 2 ki\u015fi yaraland\u0131. <\/p>\n<p>\u0130lk kaza, d\u00fcn ak\u015fam saatlerinde \u0130spat Cami Mahallesi Kurtulu\u015f Caddesi\u2019nde meydana geldi. Cadde \u00fczerindeki Cennet Bah\u00e7esi Kav\u015fa\u011f\u0131\u2019ndan d\u00f6n\u00fc\u015f yapmak isteyen ehliyetsiz s\u00fcr\u00fcc\u00fc \u00d6.T. y\u00f6netimindeki otomobil, yolun kar\u015f\u0131s\u0131na ge\u00e7mek isteyen M.A.Y.\u2019ye \u00e7arpt\u0131. M.A.Y. yaralan\u0131rken, ihbar \u00fczerine olay yerine polis ve sa\u011fl\u0131k ekipleri sevk edildi. Ambulansla Ke\u015fan Devlet Hastanesi\u2019ne kald\u0131r\u0131lan M.A.Y., tedaviye al\u0131nd\u0131. M.A.Y.\u2019nin sa\u011fl\u0131k durumunun iyi oldu\u011fu bildirildi. <\/p>\n<p>2\u2019nci kaza ise d\u00fcn ak\u015fam saatlerinde Ke\u015fan-\u0130psala kara yolu \u00fczerindeki Be\u011fendik Kav\u015fa\u011f\u0131\u2019nda meydana geldi. \u0130psala\u2019dan Ke\u015fan y\u00f6n\u00fcne giden B.N. idaresindeki 22 FB 883 plakal\u0131 otomobil, Be\u011fendik Kav\u015fa\u011f\u0131\u2019na geldi\u011fi s\u0131rada ayn\u0131 y\u00f6nde seyreden U.Y. y\u00f6netimindeki 34 HKT 204 plakal\u0131 otomobile arkadan \u00e7arpt\u0131. Kaza, 22 FB 883 plakal\u0131 otomobilin s\u00fcr\u00fcc\u00fcs\u00fc B.N. yaraland\u0131. Yaral\u0131 s\u00fcr\u00fcc\u00fc, yoldan ge\u00e7en bir ara\u00e7la g\u00f6t\u00fcr\u00fcld\u00fc\u011f\u00fc Ke\u015fan Devlet Hastanesi\u2019nde tedaviye al\u0131nd\u0131. B.N.\u2019nin sa\u011fl\u0131k durumunun iyi oldu\u011fu bildirildi. <\/p>\n<p>Her 2 kazayla ilgili ba\u015flat\u0131lan inceleme s\u00fcr\u00fcyor. (Haber Merkezi)<\/p>\n<\/div>\n<div class=\"corlu-icerikten-sonra_3\" id=\"corlu-2186413249\"><p><img loading=\"lazy\" decoding=\"async\" class=\"aligncenter\" src=\"https:\/\/www.corludahaber.com\/bahcesehir.jpg\" alt=\"\" width=\"624\" height=\"196\" \/><\/p>\n<table style=\"text-align: left; width: 100%;\" border=\"1\" cellspacing=\"2\" cellpadding=\"2\">\n<tbody>\n<tr>\n<td style=\"background-color: #050805;\"><span style=\"font-size: 12pt;\"><small><small><em><strong><big><span style=\"color: #ff0000;\">Haber ve resimlerin telif haklar\u0131ndan dolay\u0131 kullan\u0131m\u0131 yasakt\u0131r<span style=\"color: #000000;\">.<\/span><\/span><span style=\"color: #000000;\">\u00a0<\/span><span style=\"color: #ffffff;\">Yaz\u0131l\u0131 izni al\u0131nmadan hi\u00e7bir yaz\u0131l\u0131, g\u00f6rsel, i\u015fitsel i\u00e7erik kopyalanamaz, de\u011fi\u015ftirilemez, yay\u0131nlanamaz veya sat\u0131lamaz. Aksi halde<\/span>\u00a0<span style=\"color: #ff0000;\">5846<span style=\"color: #ffffff;\">\u00a0<\/span><\/span><span style=\"color: #ffffff;\">say\u0131l\u0131 Fikir ve Sanat Eserleri Kanunu\u2019na ve<\/span>\u00a0<span style=\"color: #800000;\"><span style=\"color: #ff0000;\">6102<\/span><span style=\"color: #ffffff;\">\u00a0<\/span><\/span><span style=\"color: #ffffff;\">say\u0131l\u0131 maddesine g\u00f6re<\/span>\u00a0<span style=\"color: #ff0000;\">gerekli i\u015flemler uygulanacakt\u0131r.<\/span><br \/>\n<span style=\"color: #ffffff;\">\u00a9 Copyright 2014<\/span><\/big><\/strong><\/em><\/small><\/small><\/span><\/td>\n<\/tr>\n<\/tbody>\n<\/table>\n<p><small><small>\u00a0<\/small><\/small><\/p>\n<\/div>","protected":false},"excerpt":{"rendered":"<p>\/KE\u015eAN(Edirne),(Haber Merkezi)-ED\u0130RNE\u2019nin Ke\u015fan il\u00e7esinde meydana gelen 2 ayr\u0131 kazada 2 ki\u015fi yaraland\u0131. \u0130lk kaza, d\u00fcn ak\u015fam saatlerinde \u0130spat Cami Mahallesi Kurtulu\u015f Caddesi\u2019nde meydana geldi. Cadde \u00fczerindeki Cennet Bah\u00e7esi Kav\u015fa\u011f\u0131\u2019ndan d\u00f6n\u00fc\u015f yapmak isteyen ehliyetsiz s\u00fcr\u00fcc\u00fc \u00d6.T. y\u00f6netimindeki otomobil, yolun kar\u015f\u0131s\u0131na ge\u00e7mek isteyen M.A.Y.\u2019ye \u00e7arpt\u0131. M.A.Y. yaralan\u0131rken, ihbar \u00fczerine olay yerine polis ve sa\u011fl\u0131k ekipleri sevk edildi. &hellip;<\/p>\n","protected":false},"author":151,"featured_media":124182,"comment_status":"open","ping_status":"closed","sticky":false,"template":"","format":"standard","meta":{"footnotes":""},"categories":[121],"tags":[8025,7941,9376,15478,728,36679,3661,104],"class_list":["post-124181","post","type-post","status-publish","format-standard","has-post-thumbnail","hentry","category-edirne","tag-asayis","tag-ayri","tag-corlu-kaza","tag-corlu-son-dakika-kaza","tag-edirne","tag-edirnede-2-ayri-kaza-2-yarali","tag-son-dakika-kaza","tag-yarali"],"yoast_head":"<!-- This site is optimized with the Yoast SEO Premium plugin v23.3 (Yoast SEO v23.3) - https:\/\/yoast.com\/wordpress\/plugins\/seo\/ -->\n<title>Edirne\u2019de 2 ayr\u0131 kaza; 2 yaral\u0131 | \u00c7orlu&#039;da Haber<\/title>\n<meta name=\"description\" content=\"Edirne\u2019de 2 ayr\u0131 kaza; 2 yaral\u0131 | \u00c7orlu&#039;da Haber\" \/>\n<meta name=\"robots\" content=\"index, follow, max-snippet:-1, max-image-preview:large, max-video-preview:-1\" \/>\n<link rel=\"canonical\" href=\"https:\/\/corludahaber.com\/h\/edirnede-2-ayri-kaza-2-yarali\/124181\" \/>\n<meta property=\"og:locale\" content=\"tr_TR\" \/>\n<meta property=\"og:type\" content=\"article\" \/>\n<meta property=\"og:title\" content=\"Edirne\u2019de 2 ayr\u0131 kaza; 2 yaral\u0131 | \u00c7orlu&#039;da Haber\" \/>\n<meta property=\"og:description\" content=\"Edirne\u2019de 2 ayr\u0131 kaza; 2 yaral\u0131 | \u00c7orlu&#039;da Haber\" \/>\n<meta property=\"og:url\" content=\"https:\/\/corludahaber.com\/h\/edirnede-2-ayri-kaza-2-yarali\/124181\" \/>\n<meta property=\"og:site_name\" content=\"\u00c7orlu&#039;da Haber\" \/>\n<meta property=\"article:publisher\" content=\"https:\/\/facebook.com\/habercorluda\" \/>\n<meta property=\"article:published_time\" content=\"2026-09-03T10:43:35+00:00\" \/>\n<meta property=\"article:modified_time\" content=\"2026-09-03T10:43:41+00:00\" \/>\n<meta property=\"og:image\" content=\"http:\/\/corludahaber.com\/h\/wp-content\/uploads\/2026\/09\/edirnede-2-ayri-kaza-2-yarali_6a994f5b2268d.jpeg\" \/>\n\t<meta property=\"og:image:width\" content=\"1536\" \/>\n\t<meta property=\"og:image:height\" content=\"1220\" \/>\n\t<meta property=\"og:image:type\" content=\"image\/jpeg\" \/>\n<meta name=\"author\" content=\"\u00c7orlu&#039;da Haber\" \/>\n<meta name=\"twitter:card\" content=\"summary_large_image\" \/>\n<meta name=\"twitter:creator\" content=\"@habercorluda\" \/>\n<meta name=\"twitter:site\" content=\"@habercorluda\" \/>\n<meta name=\"twitter:label1\" content=\"Yazan:\" \/>\n\t<meta name=\"twitter:data1\" content=\"\u00c7orlu&#039;da Haber\" \/>\n\t<meta name=\"twitter:label2\" content=\"Tahmini okuma s\u00fcresi\" \/>\n\t<meta name=\"twitter:data2\" content=\"1 dakika\" \/>\n<script type=\"application\/ld+json\" class=\"yoast-schema-graph\">{\"@context\":\"https:\/\/schema.org\",\"@graph\":[{\"@type\":\"Article\",\"@id\":\"https:\/\/corludahaber.com\/h\/edirnede-2-ayri-kaza-2-yarali\/124181#article\",\"isPartOf\":{\"@id\":\"https:\/\/corludahaber.com\/h\/edirnede-2-ayri-kaza-2-yarali\/124181\"},\"author\":{\"name\":\"\u00c7orlu'da Haber\",\"@id\":\"https:\/\/corludahaber.com\/h\/#\/schema\/person\/b523522be44b062db5d74a62589768cd\"},\"headline\":\"Edirne\u2019de 2 ayr\u0131 kaza; 2 yaral\u0131\",\"datePublished\":\"2026-09-03T10:43:35+00:00\",\"dateModified\":\"2026-09-03T10:43:41+00:00\",\"mainEntityOfPage\":{\"@id\":\"https:\/\/corludahaber.com\/h\/edirnede-2-ayri-kaza-2-yarali\/124181\"},\"wordCount\":228,\"commentCount\":0,\"publisher\":{\"@id\":\"https:\/\/corludahaber.com\/h\/#organization\"},\"image\":{\"@id\":\"https:\/\/corludahaber.com\/h\/edirnede-2-ayri-kaza-2-yarali\/124181#primaryimage\"},\"thumbnailUrl\":\"https:\/\/corludahaber.com\/h\/wp-content\/uploads\/2026\/09\/edirnede-2-ayri-kaza-2-yarali_6a994f5b2268d.jpeg\",\"keywords\":[\"asayi\u015f\",\"ayr\u0131\",\"\u00c7orlu kaza\",\"\u00c7orlu son dakika kaza\",\"Edirne\",\"Edirne\u2019de 2 ayr\u0131 kaza; 2 yaral\u0131\",\"son dakika kaza\",\"yaral\u0131\"],\"articleSection\":[\"Edirne\"],\"inLanguage\":\"tr\",\"potentialAction\":[{\"@type\":\"CommentAction\",\"name\":\"Comment\",\"target\":[\"https:\/\/corludahaber.com\/h\/edirnede-2-ayri-kaza-2-yarali\/124181#respond\"]}]},{\"@type\":\"WebPage\",\"@id\":\"https:\/\/corludahaber.com\/h\/edirnede-2-ayri-kaza-2-yarali\/124181\",\"url\":\"https:\/\/corludahaber.com\/h\/edirnede-2-ayri-kaza-2-yarali\/124181\",\"name\":\"Edirne\u2019de 2 ayr\u0131 kaza; 2 yaral\u0131 | \u00c7orlu&#039;da Haber\",\"isPartOf\":{\"@id\":\"https:\/\/corludahaber.com\/h\/#website\"},\"primaryImageOfPage\":{\"@id\":\"https:\/\/corludahaber.com\/h\/edirnede-2-ayri-kaza-2-yarali\/124181#primaryimage\"},\"image\":{\"@id\":\"https:\/\/corludahaber.com\/h\/edirnede-2-ayri-kaza-2-yarali\/124181#primaryimage\"},\"thumbnailUrl\":\"https:\/\/corludahaber.com\/h\/wp-content\/uploads\/2026\/09\/edirnede-2-ayri-kaza-2-yarali_6a994f5b2268d.jpeg\",\"datePublished\":\"2026-09-03T10:43:35+00:00\",\"dateModified\":\"2026-09-03T10:43:41+00:00\",\"description\":\"Edirne\u2019de 2 ayr\u0131 kaza; 2 yaral\u0131 | \u00c7orlu&#039;da Haber\",\"breadcrumb\":{\"@id\":\"https:\/\/corludahaber.com\/h\/edirnede-2-ayri-kaza-2-yarali\/124181#breadcrumb\"},\"inLanguage\":\"tr\",\"potentialAction\":[{\"@type\":\"ReadAction\",\"target\":[\"https:\/\/corludahaber.com\/h\/edirnede-2-ayri-kaza-2-yarali\/124181\"]}]},{\"@type\":\"ImageObject\",\"inLanguage\":\"tr\",\"@id\":\"https:\/\/corludahaber.com\/h\/edirnede-2-ayri-kaza-2-yarali\/124181#primaryimage\",\"url\":\"https:\/\/corludahaber.com\/h\/wp-content\/uploads\/2026\/09\/edirnede-2-ayri-kaza-2-yarali_6a994f5b2268d.jpeg\",\"contentUrl\":\"https:\/\/corludahaber.com\/h\/wp-content\/uploads\/2026\/09\/edirnede-2-ayri-kaza-2-yarali_6a994f5b2268d.jpeg\",\"width\":1536,\"height\":1220},{\"@type\":\"BreadcrumbList\",\"@id\":\"https:\/\/corludahaber.com\/h\/edirnede-2-ayri-kaza-2-yarali\/124181#breadcrumb\",\"itemListElement\":[{\"@type\":\"ListItem\",\"position\":1,\"name\":\"Anasayfa\",\"item\":\"https:\/\/corludahaber.com\/h\/anasayfa\"},{\"@type\":\"ListItem\",\"position\":2,\"name\":\"Edirne\",\"item\":\"https:\/\/corludahaber.com\/h\/kategori\/edirne\"},{\"@type\":\"ListItem\",\"position\":3,\"name\":\"Edirne\u2019de 2 ayr\u0131 kaza; 2 yaral\u0131\"}]},{\"@type\":\"WebSite\",\"@id\":\"https:\/\/corludahaber.com\/h\/#website\",\"url\":\"https:\/\/corludahaber.com\/h\/\",\"name\":\"\u00c7orlu'da Haber\",\"description\":\"Ger\u00e7ek Tarafs\u0131z Haber\",\"publisher\":{\"@id\":\"https:\/\/corludahaber.com\/h\/#organization\"},\"potentialAction\":[{\"@type\":\"SearchAction\",\"target\":{\"@type\":\"EntryPoint\",\"urlTemplate\":\"https:\/\/corludahaber.com\/h\/?s={search_term_string}\"},\"query-input\":\"required name=search_term_string\"}],\"inLanguage\":\"tr\"},{\"@type\":\"Organization\",\"@id\":\"https:\/\/corludahaber.com\/h\/#organization\",\"name\":\"\u00c7orlu'da Haber\",\"url\":\"https:\/\/corludahaber.com\/h\/\",\"logo\":{\"@type\":\"ImageObject\",\"inLanguage\":\"tr\",\"@id\":\"https:\/\/corludahaber.com\/h\/#\/schema\/logo\/image\/\",\"url\":\"https:\/\/corludahaber.com\/h\/wp-content\/uploads\/2021\/12\/logo__9__1_-removebg-preview.png\",\"contentUrl\":\"https:\/\/corludahaber.com\/h\/wp-content\/uploads\/2021\/12\/logo__9__1_-removebg-preview.png\",\"width\":500,\"height\":157,\"caption\":\"\u00c7orlu'da Haber\"},\"image\":{\"@id\":\"https:\/\/corludahaber.com\/h\/#\/schema\/logo\/image\/\"},\"sameAs\":[\"https:\/\/facebook.com\/habercorluda\",\"https:\/\/x.com\/habercorluda\",\"https:\/\/www.instagram.com\/corludahaber\",\"https:\/\/www.youtube.com\/user\/corludahaber\"]},{\"@type\":\"Person\",\"@id\":\"https:\/\/corludahaber.com\/h\/#\/schema\/person\/b523522be44b062db5d74a62589768cd\",\"name\":\"\u00c7orlu'da Haber\",\"image\":{\"@type\":\"ImageObject\",\"inLanguage\":\"tr\",\"@id\":\"https:\/\/corludahaber.com\/h\/#\/schema\/person\/image\/\",\"url\":\"https:\/\/secure.gravatar.com\/avatar\/1033e54e078c29fd7f053370086ff627ba414b05c2b231c418a481adecd764ce?s=96&d=blank&r=g\",\"contentUrl\":\"https:\/\/secure.gravatar.com\/avatar\/1033e54e078c29fd7f053370086ff627ba414b05c2b231c418a481adecd764ce?s=96&d=blank&r=g\",\"caption\":\"\u00c7orlu'da Haber\"},\"sameAs\":[\"https:\/\/corludahaber.com\/h\"],\"url\":\"https:\/\/corludahaber.com\/h\/author\/admin\"}]}<\/script>\n<!-- \/ Yoast SEO Premium plugin. -->","yoast_head_json":{"title":"Edirne\u2019de 2 ayr\u0131 kaza; 2 yaral\u0131 | \u00c7orlu&#039;da Haber","description":"Edirne\u2019de 2 ayr\u0131 kaza; 2 yaral\u0131 | \u00c7orlu&#039;da Haber","robots":{"index":"index","follow":"follow","max-snippet":"max-snippet:-1","max-image-preview":"max-image-preview:large","max-video-preview":"max-video-preview:-1"},"canonical":"https:\/\/corludahaber.com\/h\/edirnede-2-ayri-kaza-2-yarali\/124181","og_locale":"tr_TR","og_type":"article","og_title":"Edirne\u2019de 2 ayr\u0131 kaza; 2 yaral\u0131 | \u00c7orlu&#039;da Haber","og_description":"Edirne\u2019de 2 ayr\u0131 kaza; 2 yaral\u0131 | \u00c7orlu&#039;da Haber","og_url":"https:\/\/corludahaber.com\/h\/edirnede-2-ayri-kaza-2-yarali\/124181","og_site_name":"\u00c7orlu&#039;da Haber","article_publisher":"https:\/\/facebook.com\/habercorluda","article_published_time":"2026-09-03T10:43:35+00:00","article_modified_time":"2026-09-03T10:43:41+00:00","og_image":[{"width":1536,"height":1220,"url":"http:\/\/corludahaber.com\/h\/wp-content\/uploads\/2026\/09\/edirnede-2-ayri-kaza-2-yarali_6a994f5b2268d.jpeg","type":"image\/jpeg"}],"author":"\u00c7orlu'da Haber","twitter_card":"summary_large_image","twitter_creator":"@habercorluda","twitter_site":"@habercorluda","twitter_misc":{"Yazan:":"\u00c7orlu'da Haber","Tahmini okuma s\u00fcresi":"1 dakika"},"schema":{"@context":"https:\/\/schema.org","@graph":[{"@type":"Article","@id":"https:\/\/corludahaber.com\/h\/edirnede-2-ayri-kaza-2-yarali\/124181#article","isPartOf":{"@id":"https:\/\/corludahaber.com\/h\/edirnede-2-ayri-kaza-2-yarali\/124181"},"author":{"name":"\u00c7orlu'da Haber","@id":"https:\/\/corludahaber.com\/h\/#\/schema\/person\/b523522be44b062db5d74a62589768cd"},"headline":"Edirne\u2019de 2 ayr\u0131 kaza; 2 yaral\u0131","datePublished":"2026-09-03T10:43:35+00:00","dateModified":"2026-09-03T10:43:41+00:00","mainEntityOfPage":{"@id":"https:\/\/corludahaber.com\/h\/edirnede-2-ayri-kaza-2-yarali\/124181"},"wordCount":228,"commentCount":0,"publisher":{"@id":"https:\/\/corludahaber.com\/h\/#organization"},"image":{"@id":"https:\/\/corludahaber.com\/h\/edirnede-2-ayri-kaza-2-yarali\/124181#primaryimage"},"thumbnailUrl":"https:\/\/corludahaber.com\/h\/wp-content\/uploads\/2026\/09\/edirnede-2-ayri-kaza-2-yarali_6a994f5b2268d.jpeg","keywords":["asayi\u015f","ayr\u0131","\u00c7orlu kaza","\u00c7orlu son dakika kaza","Edirne","Edirne\u2019de 2 ayr\u0131 kaza; 2 yaral\u0131","son dakika kaza","yaral\u0131"],"articleSection":["Edirne"],"inLanguage":"tr","potentialAction":[{"@type":"CommentAction","name":"Comment","target":["https:\/\/corludahaber.com\/h\/edirnede-2-ayri-kaza-2-yarali\/124181#respond"]}]},{"@type":"WebPage","@id":"https:\/\/corludahaber.com\/h\/edirnede-2-ayri-kaza-2-yarali\/124181","url":"https:\/\/corludahaber.com\/h\/edirnede-2-ayri-kaza-2-yarali\/124181","name":"Edirne\u2019de 2 ayr\u0131 kaza; 2 yaral\u0131 | \u00c7orlu&#039;da Haber","isPartOf":{"@id":"https:\/\/corludahaber.com\/h\/#website"},"primaryImageOfPage":{"@id":"https:\/\/corludahaber.com\/h\/edirnede-2-ayri-kaza-2-yarali\/124181#primaryimage"},"image":{"@id":"https:\/\/corludahaber.com\/h\/edirnede-2-ayri-kaza-2-yarali\/124181#primaryimage"},"thumbnailUrl":"https:\/\/corludahaber.com\/h\/wp-content\/uploads\/2026\/09\/edirnede-2-ayri-kaza-2-yarali_6a994f5b2268d.jpeg","datePublished":"2026-09-03T10:43:35+00:00","dateModified":"2026-09-03T10:43:41+00:00","description":"Edirne\u2019de 2 ayr\u0131 kaza; 2 yaral\u0131 | \u00c7orlu&#039;da Haber","breadcrumb":{"@id":"https:\/\/corludahaber.com\/h\/edirnede-2-ayri-kaza-2-yarali\/124181#breadcrumb"},"inLanguage":"tr","potentialAction":[{"@type":"ReadAction","target":["https:\/\/corludahaber.com\/h\/edirnede-2-ayri-kaza-2-yarali\/124181"]}]},{"@type":"ImageObject","inLanguage":"tr","@id":"https:\/\/corludahaber.com\/h\/edirnede-2-ayri-kaza-2-yarali\/124181#primaryimage","url":"https:\/\/corludahaber.com\/h\/wp-content\/uploads\/2026\/09\/edirnede-2-ayri-kaza-2-yarali_6a994f5b2268d.jpeg","contentUrl":"https:\/\/corludahaber.com\/h\/wp-content\/uploads\/2026\/09\/edirnede-2-ayri-kaza-2-yarali_6a994f5b2268d.jpeg","width":1536,"height":1220},{"@type":"BreadcrumbList","@id":"https:\/\/corludahaber.com\/h\/edirnede-2-ayri-kaza-2-yarali\/124181#breadcrumb","itemListElement":[{"@type":"ListItem","position":1,"name":"Anasayfa","item":"https:\/\/corludahaber.com\/h\/anasayfa"},{"@type":"ListItem","position":2,"name":"Edirne","item":"https:\/\/corludahaber.com\/h\/kategori\/edirne"},{"@type":"ListItem","position":3,"name":"Edirne\u2019de 2 ayr\u0131 kaza; 2 yaral\u0131"}]},{"@type":"WebSite","@id":"https:\/\/corludahaber.com\/h\/#website","url":"https:\/\/corludahaber.com\/h\/","name":"\u00c7orlu'da Haber","description":"Ger\u00e7ek Tarafs\u0131z Haber","publisher":{"@id":"https:\/\/corludahaber.com\/h\/#organization"},"potentialAction":[{"@type":"SearchAction","target":{"@type":"EntryPoint","urlTemplate":"https:\/\/corludahaber.com\/h\/?s={search_term_string}"},"query-input":"required name=search_term_string"}],"inLanguage":"tr"},{"@type":"Organization","@id":"https:\/\/corludahaber.com\/h\/#organization","name":"\u00c7orlu'da Haber","url":"https:\/\/corludahaber.com\/h\/","logo":{"@type":"ImageObject","inLanguage":"tr","@id":"https:\/\/corludahaber.com\/h\/#\/schema\/logo\/image\/","url":"https:\/\/corludahaber.com\/h\/wp-content\/uploads\/2021\/12\/logo__9__1_-removebg-preview.png","contentUrl":"https:\/\/corludahaber.com\/h\/wp-content\/uploads\/2021\/12\/logo__9__1_-removebg-preview.png","width":500,"height":157,"caption":"\u00c7orlu'da Haber"},"image":{"@id":"https:\/\/corludahaber.com\/h\/#\/schema\/logo\/image\/"},"sameAs":["https:\/\/facebook.com\/habercorluda","https:\/\/x.com\/habercorluda","https:\/\/www.instagram.com\/corludahaber","https:\/\/www.youtube.com\/user\/corludahaber"]},{"@type":"Person","@id":"https:\/\/corludahaber.com\/h\/#\/schema\/person\/b523522be44b062db5d74a62589768cd","name":"\u00c7orlu'da Haber","image":{"@type":"ImageObject","inLanguage":"tr","@id":"https:\/\/corludahaber.com\/h\/#\/schema\/person\/image\/","url":"https:\/\/secure.gravatar.com\/avatar\/1033e54e078c29fd7f053370086ff627ba414b05c2b231c418a481adecd764ce?s=96&d=blank&r=g","contentUrl":"https:\/\/secure.gravatar.com\/avatar\/1033e54e078c29fd7f053370086ff627ba414b05c2b231c418a481adecd764ce?s=96&d=blank&r=g","caption":"\u00c7orlu'da Haber"},"sameAs":["https:\/\/corludahaber.com\/h"],"url":"https:\/\/corludahaber.com\/h\/author\/admin"}]}},"_links":{"self":[{"href":"https:\/\/corludahaber.com\/h\/wp-json\/wp\/v2\/posts\/124181","targetHints":{"allow":["GET"]}}],"collection":[{"href":"https:\/\/corludahaber.com\/h\/wp-json\/wp\/v2\/posts"}],"about":[{"href":"https:\/\/corludahaber.com\/h\/wp-json\/wp\/v2\/types\/post"}],"author":[{"embeddable":true,"href":"https:\/\/corludahaber.com\/h\/wp-json\/wp\/v2\/users\/151"}],"replies":[{"embeddable":true,"href":"https:\/\/corludahaber.com\/h\/wp-json\/wp\/v2\/comments?post=124181"}],"version-history":[{"count":1,"href":"https:\/\/corludahaber.com\/h\/wp-json\/wp\/v2\/posts\/124181\/revisions"}],"predecessor-version":[{"id":124183,"href":"https:\/\/corludahaber.com\/h\/wp-json\/wp\/v2\/posts\/124181\/revisions\/124183"}],"wp:featuredmedia":[{"embeddable":true,"href":"https:\/\/corludahaber.com\/h\/wp-json\/wp\/v2\/media\/124182"}],"wp:attachment":[{"href":"https:\/\/corludahaber.com\/h\/wp-json\/wp\/v2\/media?parent=124181"}],"wp:term":[{"taxonomy":"category","embeddable":true,"href":"https:\/\/corludahaber.com\/h\/wp-json\/wp\/v2\/categories?post=124181"},{"taxonomy":"post_tag","embeddable":true,"href":"https:\/\/corludahaber.com\/h\/wp-json\/wp\/v2\/tags?post=124181"}],"curies":[{"name":"wp","href":"https:\/\/api.w.org\/{rel}","templated":true}]}}