{"id":124178,"date":"2026-09-03T13:41:39","date_gmt":"2026-09-03T10:41:39","guid":{"rendered":"https:\/\/corludahaber.com\/h\/refuje-carpan-otomobil-takla-atti-surucu-yarali\/124178"},"modified":"2026-09-03T13:41:44","modified_gmt":"2026-09-03T10:41:44","slug":"refuje-carpan-otomobil-takla-atti-surucu-yarali","status":"publish","type":"post","link":"https:\/\/corludahaber.com\/h\/refuje-carpan-otomobil-takla-atti-surucu-yarali\/124178","title":{"rendered":"Ref\u00fcje \u00e7arpan otomobil takla att\u0131; s\u00fcr\u00fcc\u00fc yaral\u0131"},"content":{"rendered":"<div class=\"corlu-icerikten-once_3\" id=\"corlu-2096527848\"><script type='text\/javascript' src='https:\/\/platform-api.sharethis.com\/js\/sharethis.js#property=5ce8cf08af7d000012cb0ca1&product=inline-reaction-buttons' async='async'><\/script>\r\n\r\n<\/div><div readability=\"49\"><span class=\"category-name hidden\"><\/span><\/p><div class=\"corlu-icerik-2\" id=\"corlu-4121609910\"><!-- Admatic AUTO ads START -->\r\n<ins data-publisher=\"adm-pub-155556240050\" data-ad-network=\"659428a24d11b285b616c18d\"   class=\"adm-ads-area\"><\/ins>\r\n<script type=\"text\/javascript\" src=\"https:\/\/static.cdn.admatic.com.tr\/showad\/showad.min.js\"><\/script>\r\n<!-- Admatic AUTO ads END --><\/div>\n<p>  \/ \u00c7ORLU (Tekirda\u011f), (Haber Merkezi)- TEK\u0130RDA\u011e\u2019\u0131n \u00c7orlu il\u00e7esinde, kontrolden \u00e7\u0131k\u0131p ref\u00fcje \u00e7arparak takla atan otomobilin s\u00fcr\u00fcc\u00fcs\u00fc \u0130.R. (68) yaraland\u0131. <\/p>\n<p>Kaza, Seymen Mahallesi \u0130stanbul Caddesi \u00fczerinde meydana geldi. \u0130ddiaya g\u00f6re, \u0130.R.  y\u00f6netimindeki 59 AOC 821 plakal\u0131 otomobil, s\u00fcr\u00fcc\u00fcs\u00fcn\u00fcn direksiyon hakimiyetini kaybetmesi sonucu ref\u00fcj \u00e7arpt\u0131. \u00c7arpman\u0131n etkisiyle takla atan otomobil, yakla\u015f\u0131k 150 metre s\u00fcr\u00fcklendi. \u0130hbar \u00fczerine b\u00f6lgeye itfaiye, sa\u011fl\u0131k ve polis ekipleri sevk edildi. Kazada yaralanan s\u00fcr\u00fcc\u00fc \u0130.R., sa\u011fl\u0131k ekiplerinin ilk m\u00fcdahalesinin ard\u0131ndan hastaneye kald\u0131r\u0131larak tedavi alt\u0131na al\u0131nd\u0131. Takla atan otomobil vin\u00e7 yard\u0131m\u0131yla kald\u0131r\u0131larak \u00e7ekiciye konulurken, cadde \u00fczerinde ara\u00e7 kuyru\u011fu olu\u015ftu.<\/p>\n<p>Kazayla ilgili inceleme ba\u015flat\u0131ld\u0131.(Haber Merkezi)<\/p>\n<p>FOTO\u011eRAFLI <\/p>\n<\/div>\n<div class=\"corlu-icerikten-sonra_3\" id=\"corlu-1483329653\"><p><img loading=\"lazy\" decoding=\"async\" class=\"aligncenter\" src=\"https:\/\/www.corludahaber.com\/bahcesehir.jpg\" alt=\"\" width=\"624\" height=\"196\" \/><\/p>\n<table style=\"text-align: left; width: 100%;\" border=\"1\" cellspacing=\"2\" cellpadding=\"2\">\n<tbody>\n<tr>\n<td style=\"background-color: #050805;\"><span style=\"font-size: 12pt;\"><small><small><em><strong><big><span style=\"color: #ff0000;\">Haber ve resimlerin telif haklar\u0131ndan dolay\u0131 kullan\u0131m\u0131 yasakt\u0131r<span style=\"color: #000000;\">.<\/span><\/span><span style=\"color: #000000;\">\u00a0<\/span><span style=\"color: #ffffff;\">Yaz\u0131l\u0131 izni al\u0131nmadan hi\u00e7bir yaz\u0131l\u0131, g\u00f6rsel, i\u015fitsel i\u00e7erik kopyalanamaz, de\u011fi\u015ftirilemez, yay\u0131nlanamaz veya sat\u0131lamaz. Aksi halde<\/span>\u00a0<span style=\"color: #ff0000;\">5846<span style=\"color: #ffffff;\">\u00a0<\/span><\/span><span style=\"color: #ffffff;\">say\u0131l\u0131 Fikir ve Sanat Eserleri Kanunu\u2019na ve<\/span>\u00a0<span style=\"color: #800000;\"><span style=\"color: #ff0000;\">6102<\/span><span style=\"color: #ffffff;\">\u00a0<\/span><\/span><span style=\"color: #ffffff;\">say\u0131l\u0131 maddesine g\u00f6re<\/span>\u00a0<span style=\"color: #ff0000;\">gerekli i\u015flemler uygulanacakt\u0131r.<\/span><br \/>\n<span style=\"color: #ffffff;\">\u00a9 Copyright 2014<\/span><\/big><\/strong><\/em><\/small><\/small><\/span><\/td>\n<\/tr>\n<\/tbody>\n<\/table>\n<p><small><small>\u00a0<\/small><\/small><\/p>\n<\/div>","protected":false},"excerpt":{"rendered":"<p>\/ \u00c7ORLU (Tekirda\u011f), (Haber Merkezi)- TEK\u0130RDA\u011e\u2019\u0131n \u00c7orlu il\u00e7esinde, kontrolden \u00e7\u0131k\u0131p ref\u00fcje \u00e7arparak takla atan otomobilin s\u00fcr\u00fcc\u00fcs\u00fc \u0130.R. (68) yaraland\u0131. Kaza, Seymen Mahallesi \u0130stanbul Caddesi \u00fczerinde meydana geldi. \u0130ddiaya g\u00f6re, \u0130.R. y\u00f6netimindeki 59 AOC 821 plakal\u0131 otomobil, s\u00fcr\u00fcc\u00fcs\u00fcn\u00fcn direksiyon hakimiyetini kaybetmesi sonucu ref\u00fcj \u00e7arpt\u0131. \u00c7arpman\u0131n etkisiyle takla atan otomobil, yakla\u015f\u0131k 150 metre s\u00fcr\u00fcklendi. \u0130hbar \u00fczerine b\u00f6lgeye &hellip;<\/p>\n","protected":false},"author":151,"featured_media":124179,"comment_status":"open","ping_status":"closed","sticky":false,"template":"","format":"standard","meta":{"footnotes":""},"categories":[27],"tags":[8025,697,1195,9376,15478,835,7934,36678,3661,1135,696,104],"class_list":["post-124178","post","type-post","status-publish","format-standard","has-post-thumbnail","hentry","category-yasam","tag-asayis","tag-atti","tag-carpan","tag-corlu-kaza","tag-corlu-son-dakika-kaza","tag-otomobil","tag-refuje","tag-refuje-carpan-otomobil-takla-atti-surucu-yarali","tag-son-dakika-kaza","tag-surucu","tag-takla","tag-yarali"],"yoast_head":"<!-- This site is optimized with the Yoast SEO Premium plugin v23.3 (Yoast SEO v23.3) - https:\/\/yoast.com\/wordpress\/plugins\/seo\/ -->\n<title>Ref\u00fcje \u00e7arpan otomobil takla att\u0131; s\u00fcr\u00fcc\u00fc yaral\u0131 | \u00c7orlu&#039;da Haber<\/title>\n<meta name=\"description\" content=\"Ref\u00fcje \u00e7arpan otomobil takla att\u0131; s\u00fcr\u00fcc\u00fc yaral\u0131 | \u00c7orlu&#039;da Haber\" \/>\n<meta name=\"robots\" content=\"index, follow, max-snippet:-1, max-image-preview:large, max-video-preview:-1\" \/>\n<link rel=\"canonical\" href=\"https:\/\/corludahaber.com\/h\/refuje-carpan-otomobil-takla-atti-surucu-yarali\/124178\" \/>\n<meta property=\"og:locale\" content=\"tr_TR\" \/>\n<meta property=\"og:type\" content=\"article\" \/>\n<meta property=\"og:title\" content=\"Ref\u00fcje \u00e7arpan otomobil takla att\u0131; s\u00fcr\u00fcc\u00fc yaral\u0131 | \u00c7orlu&#039;da Haber\" \/>\n<meta property=\"og:description\" content=\"Ref\u00fcje \u00e7arpan otomobil takla att\u0131; s\u00fcr\u00fcc\u00fc yaral\u0131 | \u00c7orlu&#039;da Haber\" \/>\n<meta property=\"og:url\" content=\"https:\/\/corludahaber.com\/h\/refuje-carpan-otomobil-takla-atti-surucu-yarali\/124178\" \/>\n<meta property=\"og:site_name\" content=\"\u00c7orlu&#039;da Haber\" \/>\n<meta property=\"article:publisher\" content=\"https:\/\/facebook.com\/habercorluda\" \/>\n<meta property=\"article:published_time\" content=\"2026-09-03T10:41:39+00:00\" \/>\n<meta property=\"article:modified_time\" content=\"2026-09-03T10:41:44+00:00\" \/>\n<meta property=\"og:image\" content=\"http:\/\/corludahaber.com\/h\/wp-content\/uploads\/2026\/09\/refuje-carpan-otomobil-takla-atti-surucu-yarali_6a994ee60280d.jpeg\" \/>\n\t<meta property=\"og:image:width\" content=\"1600\" \/>\n\t<meta property=\"og:image:height\" content=\"900\" \/>\n\t<meta property=\"og:image:type\" content=\"image\/jpeg\" \/>\n<meta name=\"author\" content=\"\u00c7orlu&#039;da Haber\" \/>\n<meta name=\"twitter:card\" content=\"summary_large_image\" \/>\n<meta name=\"twitter:creator\" content=\"@habercorluda\" \/>\n<meta name=\"twitter:site\" content=\"@habercorluda\" \/>\n<meta name=\"twitter:label1\" content=\"Yazan:\" \/>\n\t<meta name=\"twitter:data1\" content=\"\u00c7orlu&#039;da Haber\" \/>\n\t<meta name=\"twitter:label2\" content=\"Tahmini okuma s\u00fcresi\" \/>\n\t<meta name=\"twitter:data2\" content=\"1 dakika\" \/>\n<script type=\"application\/ld+json\" class=\"yoast-schema-graph\">{\"@context\":\"https:\/\/schema.org\",\"@graph\":[{\"@type\":\"Article\",\"@id\":\"https:\/\/corludahaber.com\/h\/refuje-carpan-otomobil-takla-atti-surucu-yarali\/124178#article\",\"isPartOf\":{\"@id\":\"https:\/\/corludahaber.com\/h\/refuje-carpan-otomobil-takla-atti-surucu-yarali\/124178\"},\"author\":{\"name\":\"\u00c7orlu'da Haber\",\"@id\":\"https:\/\/corludahaber.com\/h\/#\/schema\/person\/b523522be44b062db5d74a62589768cd\"},\"headline\":\"Ref\u00fcje \u00e7arpan otomobil takla att\u0131; s\u00fcr\u00fcc\u00fc yaral\u0131\",\"datePublished\":\"2026-09-03T10:41:39+00:00\",\"dateModified\":\"2026-09-03T10:41:44+00:00\",\"mainEntityOfPage\":{\"@id\":\"https:\/\/corludahaber.com\/h\/refuje-carpan-otomobil-takla-atti-surucu-yarali\/124178\"},\"wordCount\":144,\"commentCount\":0,\"publisher\":{\"@id\":\"https:\/\/corludahaber.com\/h\/#organization\"},\"image\":{\"@id\":\"https:\/\/corludahaber.com\/h\/refuje-carpan-otomobil-takla-atti-surucu-yarali\/124178#primaryimage\"},\"thumbnailUrl\":\"https:\/\/corludahaber.com\/h\/wp-content\/uploads\/2026\/09\/refuje-carpan-otomobil-takla-atti-surucu-yarali_6a994ee60280d.jpeg\",\"keywords\":[\"asayi\u015f\",\"Att\u0131\",\"\u00e7arpan\",\"\u00c7orlu kaza\",\"\u00c7orlu son dakika kaza\",\"otomobil\",\"ref\u00fcje\",\"Ref\u00fcje \u00e7arpan otomobil takla att\u0131; s\u00fcr\u00fcc\u00fc yaral\u0131\",\"son dakika kaza\",\"S\u00fcr\u00fcc\u00fc\",\"Takla\",\"yaral\u0131\"],\"articleSection\":[\"Ya\u015fam\"],\"inLanguage\":\"tr\",\"potentialAction\":[{\"@type\":\"CommentAction\",\"name\":\"Comment\",\"target\":[\"https:\/\/corludahaber.com\/h\/refuje-carpan-otomobil-takla-atti-surucu-yarali\/124178#respond\"]}]},{\"@type\":\"WebPage\",\"@id\":\"https:\/\/corludahaber.com\/h\/refuje-carpan-otomobil-takla-atti-surucu-yarali\/124178\",\"url\":\"https:\/\/corludahaber.com\/h\/refuje-carpan-otomobil-takla-atti-surucu-yarali\/124178\",\"name\":\"Ref\u00fcje \u00e7arpan otomobil takla att\u0131; s\u00fcr\u00fcc\u00fc yaral\u0131 | \u00c7orlu&#039;da Haber\",\"isPartOf\":{\"@id\":\"https:\/\/corludahaber.com\/h\/#website\"},\"primaryImageOfPage\":{\"@id\":\"https:\/\/corludahaber.com\/h\/refuje-carpan-otomobil-takla-atti-surucu-yarali\/124178#primaryimage\"},\"image\":{\"@id\":\"https:\/\/corludahaber.com\/h\/refuje-carpan-otomobil-takla-atti-surucu-yarali\/124178#primaryimage\"},\"thumbnailUrl\":\"https:\/\/corludahaber.com\/h\/wp-content\/uploads\/2026\/09\/refuje-carpan-otomobil-takla-atti-surucu-yarali_6a994ee60280d.jpeg\",\"datePublished\":\"2026-09-03T10:41:39+00:00\",\"dateModified\":\"2026-09-03T10:41:44+00:00\",\"description\":\"Ref\u00fcje \u00e7arpan otomobil takla att\u0131; s\u00fcr\u00fcc\u00fc yaral\u0131 | \u00c7orlu&#039;da Haber\",\"breadcrumb\":{\"@id\":\"https:\/\/corludahaber.com\/h\/refuje-carpan-otomobil-takla-atti-surucu-yarali\/124178#breadcrumb\"},\"inLanguage\":\"tr\",\"potentialAction\":[{\"@type\":\"ReadAction\",\"target\":[\"https:\/\/corludahaber.com\/h\/refuje-carpan-otomobil-takla-atti-surucu-yarali\/124178\"]}]},{\"@type\":\"ImageObject\",\"inLanguage\":\"tr\",\"@id\":\"https:\/\/corludahaber.com\/h\/refuje-carpan-otomobil-takla-atti-surucu-yarali\/124178#primaryimage\",\"url\":\"https:\/\/corludahaber.com\/h\/wp-content\/uploads\/2026\/09\/refuje-carpan-otomobil-takla-atti-surucu-yarali_6a994ee60280d.jpeg\",\"contentUrl\":\"https:\/\/corludahaber.com\/h\/wp-content\/uploads\/2026\/09\/refuje-carpan-otomobil-takla-atti-surucu-yarali_6a994ee60280d.jpeg\",\"width\":1600,\"height\":900},{\"@type\":\"BreadcrumbList\",\"@id\":\"https:\/\/corludahaber.com\/h\/refuje-carpan-otomobil-takla-atti-surucu-yarali\/124178#breadcrumb\",\"itemListElement\":[{\"@type\":\"ListItem\",\"position\":1,\"name\":\"Anasayfa\",\"item\":\"https:\/\/corludahaber.com\/h\/anasayfa\"},{\"@type\":\"ListItem\",\"position\":2,\"name\":\"Ya\u015fam\",\"item\":\"https:\/\/corludahaber.com\/h\/kategori\/yasam\"},{\"@type\":\"ListItem\",\"position\":3,\"name\":\"Ref\u00fcje \u00e7arpan otomobil takla att\u0131; s\u00fcr\u00fcc\u00fc yaral\u0131\"}]},{\"@type\":\"WebSite\",\"@id\":\"https:\/\/corludahaber.com\/h\/#website\",\"url\":\"https:\/\/corludahaber.com\/h\/\",\"name\":\"\u00c7orlu'da Haber\",\"description\":\"Ger\u00e7ek Tarafs\u0131z Haber\",\"publisher\":{\"@id\":\"https:\/\/corludahaber.com\/h\/#organization\"},\"potentialAction\":[{\"@type\":\"SearchAction\",\"target\":{\"@type\":\"EntryPoint\",\"urlTemplate\":\"https:\/\/corludahaber.com\/h\/?s={search_term_string}\"},\"query-input\":\"required name=search_term_string\"}],\"inLanguage\":\"tr\"},{\"@type\":\"Organization\",\"@id\":\"https:\/\/corludahaber.com\/h\/#organization\",\"name\":\"\u00c7orlu'da Haber\",\"url\":\"https:\/\/corludahaber.com\/h\/\",\"logo\":{\"@type\":\"ImageObject\",\"inLanguage\":\"tr\",\"@id\":\"https:\/\/corludahaber.com\/h\/#\/schema\/logo\/image\/\",\"url\":\"https:\/\/corludahaber.com\/h\/wp-content\/uploads\/2021\/12\/logo__9__1_-removebg-preview.png\",\"contentUrl\":\"https:\/\/corludahaber.com\/h\/wp-content\/uploads\/2021\/12\/logo__9__1_-removebg-preview.png\",\"width\":500,\"height\":157,\"caption\":\"\u00c7orlu'da Haber\"},\"image\":{\"@id\":\"https:\/\/corludahaber.com\/h\/#\/schema\/logo\/image\/\"},\"sameAs\":[\"https:\/\/facebook.com\/habercorluda\",\"https:\/\/x.com\/habercorluda\",\"https:\/\/www.instagram.com\/corludahaber\",\"https:\/\/www.youtube.com\/user\/corludahaber\"]},{\"@type\":\"Person\",\"@id\":\"https:\/\/corludahaber.com\/h\/#\/schema\/person\/b523522be44b062db5d74a62589768cd\",\"name\":\"\u00c7orlu'da Haber\",\"image\":{\"@type\":\"ImageObject\",\"inLanguage\":\"tr\",\"@id\":\"https:\/\/corludahaber.com\/h\/#\/schema\/person\/image\/\",\"url\":\"https:\/\/secure.gravatar.com\/avatar\/1033e54e078c29fd7f053370086ff627ba414b05c2b231c418a481adecd764ce?s=96&d=blank&r=g\",\"contentUrl\":\"https:\/\/secure.gravatar.com\/avatar\/1033e54e078c29fd7f053370086ff627ba414b05c2b231c418a481adecd764ce?s=96&d=blank&r=g\",\"caption\":\"\u00c7orlu'da Haber\"},\"sameAs\":[\"https:\/\/corludahaber.com\/h\"],\"url\":\"https:\/\/corludahaber.com\/h\/author\/admin\"}]}<\/script>\n<!-- \/ Yoast SEO Premium plugin. -->","yoast_head_json":{"title":"Ref\u00fcje \u00e7arpan otomobil takla att\u0131; s\u00fcr\u00fcc\u00fc yaral\u0131 | \u00c7orlu&#039;da Haber","description":"Ref\u00fcje \u00e7arpan otomobil takla att\u0131; s\u00fcr\u00fcc\u00fc yaral\u0131 | \u00c7orlu&#039;da Haber","robots":{"index":"index","follow":"follow","max-snippet":"max-snippet:-1","max-image-preview":"max-image-preview:large","max-video-preview":"max-video-preview:-1"},"canonical":"https:\/\/corludahaber.com\/h\/refuje-carpan-otomobil-takla-atti-surucu-yarali\/124178","og_locale":"tr_TR","og_type":"article","og_title":"Ref\u00fcje \u00e7arpan otomobil takla att\u0131; s\u00fcr\u00fcc\u00fc yaral\u0131 | \u00c7orlu&#039;da Haber","og_description":"Ref\u00fcje \u00e7arpan otomobil takla att\u0131; s\u00fcr\u00fcc\u00fc yaral\u0131 | \u00c7orlu&#039;da Haber","og_url":"https:\/\/corludahaber.com\/h\/refuje-carpan-otomobil-takla-atti-surucu-yarali\/124178","og_site_name":"\u00c7orlu&#039;da Haber","article_publisher":"https:\/\/facebook.com\/habercorluda","article_published_time":"2026-09-03T10:41:39+00:00","article_modified_time":"2026-09-03T10:41:44+00:00","og_image":[{"width":1600,"height":900,"url":"http:\/\/corludahaber.com\/h\/wp-content\/uploads\/2026\/09\/refuje-carpan-otomobil-takla-atti-surucu-yarali_6a994ee60280d.jpeg","type":"image\/jpeg"}],"author":"\u00c7orlu'da Haber","twitter_card":"summary_large_image","twitter_creator":"@habercorluda","twitter_site":"@habercorluda","twitter_misc":{"Yazan:":"\u00c7orlu'da Haber","Tahmini okuma s\u00fcresi":"1 dakika"},"schema":{"@context":"https:\/\/schema.org","@graph":[{"@type":"Article","@id":"https:\/\/corludahaber.com\/h\/refuje-carpan-otomobil-takla-atti-surucu-yarali\/124178#article","isPartOf":{"@id":"https:\/\/corludahaber.com\/h\/refuje-carpan-otomobil-takla-atti-surucu-yarali\/124178"},"author":{"name":"\u00c7orlu'da Haber","@id":"https:\/\/corludahaber.com\/h\/#\/schema\/person\/b523522be44b062db5d74a62589768cd"},"headline":"Ref\u00fcje \u00e7arpan otomobil takla att\u0131; s\u00fcr\u00fcc\u00fc yaral\u0131","datePublished":"2026-09-03T10:41:39+00:00","dateModified":"2026-09-03T10:41:44+00:00","mainEntityOfPage":{"@id":"https:\/\/corludahaber.com\/h\/refuje-carpan-otomobil-takla-atti-surucu-yarali\/124178"},"wordCount":144,"commentCount":0,"publisher":{"@id":"https:\/\/corludahaber.com\/h\/#organization"},"image":{"@id":"https:\/\/corludahaber.com\/h\/refuje-carpan-otomobil-takla-atti-surucu-yarali\/124178#primaryimage"},"thumbnailUrl":"https:\/\/corludahaber.com\/h\/wp-content\/uploads\/2026\/09\/refuje-carpan-otomobil-takla-atti-surucu-yarali_6a994ee60280d.jpeg","keywords":["asayi\u015f","Att\u0131","\u00e7arpan","\u00c7orlu kaza","\u00c7orlu son dakika kaza","otomobil","ref\u00fcje","Ref\u00fcje \u00e7arpan otomobil takla att\u0131; s\u00fcr\u00fcc\u00fc yaral\u0131","son dakika kaza","S\u00fcr\u00fcc\u00fc","Takla","yaral\u0131"],"articleSection":["Ya\u015fam"],"inLanguage":"tr","potentialAction":[{"@type":"CommentAction","name":"Comment","target":["https:\/\/corludahaber.com\/h\/refuje-carpan-otomobil-takla-atti-surucu-yarali\/124178#respond"]}]},{"@type":"WebPage","@id":"https:\/\/corludahaber.com\/h\/refuje-carpan-otomobil-takla-atti-surucu-yarali\/124178","url":"https:\/\/corludahaber.com\/h\/refuje-carpan-otomobil-takla-atti-surucu-yarali\/124178","name":"Ref\u00fcje \u00e7arpan otomobil takla att\u0131; s\u00fcr\u00fcc\u00fc yaral\u0131 | \u00c7orlu&#039;da Haber","isPartOf":{"@id":"https:\/\/corludahaber.com\/h\/#website"},"primaryImageOfPage":{"@id":"https:\/\/corludahaber.com\/h\/refuje-carpan-otomobil-takla-atti-surucu-yarali\/124178#primaryimage"},"image":{"@id":"https:\/\/corludahaber.com\/h\/refuje-carpan-otomobil-takla-atti-surucu-yarali\/124178#primaryimage"},"thumbnailUrl":"https:\/\/corludahaber.com\/h\/wp-content\/uploads\/2026\/09\/refuje-carpan-otomobil-takla-atti-surucu-yarali_6a994ee60280d.jpeg","datePublished":"2026-09-03T10:41:39+00:00","dateModified":"2026-09-03T10:41:44+00:00","description":"Ref\u00fcje \u00e7arpan otomobil takla att\u0131; s\u00fcr\u00fcc\u00fc yaral\u0131 | \u00c7orlu&#039;da Haber","breadcrumb":{"@id":"https:\/\/corludahaber.com\/h\/refuje-carpan-otomobil-takla-atti-surucu-yarali\/124178#breadcrumb"},"inLanguage":"tr","potentialAction":[{"@type":"ReadAction","target":["https:\/\/corludahaber.com\/h\/refuje-carpan-otomobil-takla-atti-surucu-yarali\/124178"]}]},{"@type":"ImageObject","inLanguage":"tr","@id":"https:\/\/corludahaber.com\/h\/refuje-carpan-otomobil-takla-atti-surucu-yarali\/124178#primaryimage","url":"https:\/\/corludahaber.com\/h\/wp-content\/uploads\/2026\/09\/refuje-carpan-otomobil-takla-atti-surucu-yarali_6a994ee60280d.jpeg","contentUrl":"https:\/\/corludahaber.com\/h\/wp-content\/uploads\/2026\/09\/refuje-carpan-otomobil-takla-atti-surucu-yarali_6a994ee60280d.jpeg","width":1600,"height":900},{"@type":"BreadcrumbList","@id":"https:\/\/corludahaber.com\/h\/refuje-carpan-otomobil-takla-atti-surucu-yarali\/124178#breadcrumb","itemListElement":[{"@type":"ListItem","position":1,"name":"Anasayfa","item":"https:\/\/corludahaber.com\/h\/anasayfa"},{"@type":"ListItem","position":2,"name":"Ya\u015fam","item":"https:\/\/corludahaber.com\/h\/kategori\/yasam"},{"@type":"ListItem","position":3,"name":"Ref\u00fcje \u00e7arpan otomobil takla att\u0131; s\u00fcr\u00fcc\u00fc yaral\u0131"}]},{"@type":"WebSite","@id":"https:\/\/corludahaber.com\/h\/#website","url":"https:\/\/corludahaber.com\/h\/","name":"\u00c7orlu'da Haber","description":"Ger\u00e7ek Tarafs\u0131z Haber","publisher":{"@id":"https:\/\/corludahaber.com\/h\/#organization"},"potentialAction":[{"@type":"SearchAction","target":{"@type":"EntryPoint","urlTemplate":"https:\/\/corludahaber.com\/h\/?s={search_term_string}"},"query-input":"required name=search_term_string"}],"inLanguage":"tr"},{"@type":"Organization","@id":"https:\/\/corludahaber.com\/h\/#organization","name":"\u00c7orlu'da Haber","url":"https:\/\/corludahaber.com\/h\/","logo":{"@type":"ImageObject","inLanguage":"tr","@id":"https:\/\/corludahaber.com\/h\/#\/schema\/logo\/image\/","url":"https:\/\/corludahaber.com\/h\/wp-content\/uploads\/2021\/12\/logo__9__1_-removebg-preview.png","contentUrl":"https:\/\/corludahaber.com\/h\/wp-content\/uploads\/2021\/12\/logo__9__1_-removebg-preview.png","width":500,"height":157,"caption":"\u00c7orlu'da Haber"},"image":{"@id":"https:\/\/corludahaber.com\/h\/#\/schema\/logo\/image\/"},"sameAs":["https:\/\/facebook.com\/habercorluda","https:\/\/x.com\/habercorluda","https:\/\/www.instagram.com\/corludahaber","https:\/\/www.youtube.com\/user\/corludahaber"]},{"@type":"Person","@id":"https:\/\/corludahaber.com\/h\/#\/schema\/person\/b523522be44b062db5d74a62589768cd","name":"\u00c7orlu'da Haber","image":{"@type":"ImageObject","inLanguage":"tr","@id":"https:\/\/corludahaber.com\/h\/#\/schema\/person\/image\/","url":"https:\/\/secure.gravatar.com\/avatar\/1033e54e078c29fd7f053370086ff627ba414b05c2b231c418a481adecd764ce?s=96&d=blank&r=g","contentUrl":"https:\/\/secure.gravatar.com\/avatar\/1033e54e078c29fd7f053370086ff627ba414b05c2b231c418a481adecd764ce?s=96&d=blank&r=g","caption":"\u00c7orlu'da Haber"},"sameAs":["https:\/\/corludahaber.com\/h"],"url":"https:\/\/corludahaber.com\/h\/author\/admin"}]}},"_links":{"self":[{"href":"https:\/\/corludahaber.com\/h\/wp-json\/wp\/v2\/posts\/124178","targetHints":{"allow":["GET"]}}],"collection":[{"href":"https:\/\/corludahaber.com\/h\/wp-json\/wp\/v2\/posts"}],"about":[{"href":"https:\/\/corludahaber.com\/h\/wp-json\/wp\/v2\/types\/post"}],"author":[{"embeddable":true,"href":"https:\/\/corludahaber.com\/h\/wp-json\/wp\/v2\/users\/151"}],"replies":[{"embeddable":true,"href":"https:\/\/corludahaber.com\/h\/wp-json\/wp\/v2\/comments?post=124178"}],"version-history":[{"count":1,"href":"https:\/\/corludahaber.com\/h\/wp-json\/wp\/v2\/posts\/124178\/revisions"}],"predecessor-version":[{"id":124180,"href":"https:\/\/corludahaber.com\/h\/wp-json\/wp\/v2\/posts\/124178\/revisions\/124180"}],"wp:featuredmedia":[{"embeddable":true,"href":"https:\/\/corludahaber.com\/h\/wp-json\/wp\/v2\/media\/124179"}],"wp:attachment":[{"href":"https:\/\/corludahaber.com\/h\/wp-json\/wp\/v2\/media?parent=124178"}],"wp:term":[{"taxonomy":"category","embeddable":true,"href":"https:\/\/corludahaber.com\/h\/wp-json\/wp\/v2\/categories?post=124178"},{"taxonomy":"post_tag","embeddable":true,"href":"https:\/\/corludahaber.com\/h\/wp-json\/wp\/v2\/tags?post=124178"}],"curies":[{"name":"wp","href":"https:\/\/api.w.org\/{rel}","templated":true}]}}