{"id":124159,"date":"2026-09-02T16:41:11","date_gmt":"2026-09-02T13:41:11","guid":{"rendered":"https:\/\/corludahaber.com\/h\/hatay-medeniyetler-korosu-corluda-konser-verdi\/124159"},"modified":"2026-09-02T16:41:36","modified_gmt":"2026-09-02T13:41:36","slug":"hatay-medeniyetler-korosu-corluda-konser-verdi","status":"publish","type":"post","link":"https:\/\/corludahaber.com\/h\/hatay-medeniyetler-korosu-corluda-konser-verdi\/124159","title":{"rendered":"Hatay Medeniyetler Korosu, \u00c7orlu&#8217;da konser verdi"},"content":{"rendered":"<div class=\"corlu-icerikten-once_3\" id=\"corlu-1583467722\"><script type='text\/javascript' src='https:\/\/platform-api.sharethis.com\/js\/sharethis.js#property=5ce8cf08af7d000012cb0ca1&product=inline-reaction-buttons' async='async'><\/script>\r\n\r\n<\/div><div readability=\"66\"><span class=\"category-name hidden\"><\/span><\/p><div class=\"corlu-icerik-2\" id=\"corlu-4015361730\"><!-- Admatic AUTO ads START -->\r\n<ins data-publisher=\"adm-pub-155556240050\" data-ad-network=\"659428a24d11b285b616c18d\"   class=\"adm-ads-area\"><\/ins>\r\n<script type=\"text\/javascript\" src=\"https:\/\/static.cdn.admatic.com.tr\/showad\/showad.min.js\"><\/script>\r\n<!-- Admatic AUTO ads END --><\/div>\n<p>TEK\u0130RDA\u011e, (Haber Merkezi)- TEK\u0130RDA\u011e B\u00fcy\u00fck\u015fehir Belediyesi, 1 Eyl\u00fcl D\u00fcnya Bar\u0131\u015f G\u00fcn\u00fc etkinlikleri kapsam\u0131nda Hatay Medeniyetler Korosu\u2019nu \u00c7orlu\u2019da sanatseverlerle bulu\u015fturdu. \u00c7orlu Cumhuriyet Park\u0131\u2019nda d\u00fczenlenen konserde, farkl\u0131 k\u00fclt\u00fcrlerin ezgileri bar\u0131\u015f, karde\u015flik ve dayan\u0131\u015fma mesajlar\u0131yla ayn\u0131 sahnede bulu\u015ftu.<\/p>\n<p>D\u00fcnya Bar\u0131\u015f G\u00fcn\u00fc dolay\u0131s\u0131yla d\u00fczenlenen konsere \u00c7orlulular yo\u011fun ilgi g\u00f6sterdi. Hatay Medeniyetler Korosu, farkl\u0131 inan\u00e7 ve k\u00fclt\u00fcrlere ait eserleri seslendirerek izleyicilere m\u00fczik dolu bir ak\u015fam ya\u015fatt\u0131. Anadolu\u2019nun ve Trakya\u2019n\u0131n k\u00fclt\u00fcrel zenginli\u011fini yans\u0131tan ezgiler, konser boyunca izleyicilerden b\u00fcy\u00fck be\u011feni ald\u0131. Tekirda\u011f B\u00fcy\u00fck\u015fehir Belediye Ba\u015fkan\u0131 Dr. Candan Y\u00fcceer de programa kat\u0131larak konserin ard\u0131ndan Hatay Medeniyetler Korosu\u2019nun solistine \u00e7i\u00e7ek takdim etti.<\/p>\n<p>Programda konu\u015fan  Y\u00fcceer, Hatay Medeniyetler Korosu\u2019nu \u00c7orlu\u2019da a\u011f\u0131rlamaktan mutluluk duydu\u011funu belirterek, &#8220;Eme\u011fin, karde\u015fli\u011fin, dayan\u0131\u015fman\u0131n ve dostlu\u011fun kenti \u00c7orlu\u2019muzda, Tekirda\u011f\u2019\u0131m\u0131zda sizleri a\u011f\u0131rlamaktan dolay\u0131 \u00e7ok mutluyuz. Anadolu\u2019muzun ve Trakya\u2019m\u0131z\u0131n zengin k\u00fclt\u00fcrel miras\u0131n\u0131, birlik ve beraberlik duygusunu ezgileriniz, t\u00fcrk\u00fcleriniz ve muhte\u015fem sahne performans\u0131n\u0131zla bizlere ya\u015fatt\u0131\u011f\u0131n\u0131z i\u00e7in sizlere te\u015fekk\u00fcr ediyoruz. Bu co\u011frafyalar y\u0131llarca ac\u0131lar ya\u015fad\u0131, sava\u015flar g\u00f6rd\u00fc. Bug\u00fcn Ortado\u011fu\u2019da ya\u015fananlara hep birlikte tan\u0131kl\u0131k ediyoruz. B\u00f6yle bir ortamda bar\u0131\u015f\u0131n ve karde\u015fli\u011fin dilini m\u00fczikle, t\u00fcrk\u00fclerle anlatmak \u00e7ok k\u0131ymetli. Siz de bunu bu ak\u015fam \u00e7ok g\u00fczel anlatt\u0131n\u0131z. Ayaklar\u0131n\u0131za, y\u00fcre\u011finize ve eme\u011finize sa\u011fl\u0131k&#8221; ifadelerini kulland\u0131.<\/p>\n<p>Konser, Hatay Medeniyetler Korosu\u2019nun bar\u0131\u015f, karde\u015flik ve dayan\u0131\u015fma duygular\u0131n\u0131 ezgilerle bulu\u015fturan performans\u0131yla sona erdi. (Haber Merkezi)<\/p>\n<\/div>\n<div class=\"corlu-icerikten-sonra_3\" id=\"corlu-2501911645\"><p><img loading=\"lazy\" decoding=\"async\" class=\"aligncenter\" src=\"https:\/\/www.corludahaber.com\/bahcesehir.jpg\" alt=\"\" width=\"624\" height=\"196\" \/><\/p>\n<table style=\"text-align: left; width: 100%;\" border=\"1\" cellspacing=\"2\" cellpadding=\"2\">\n<tbody>\n<tr>\n<td style=\"background-color: #050805;\"><span style=\"font-size: 12pt;\"><small><small><em><strong><big><span style=\"color: #ff0000;\">Haber ve resimlerin telif haklar\u0131ndan dolay\u0131 kullan\u0131m\u0131 yasakt\u0131r<span style=\"color: #000000;\">.<\/span><\/span><span style=\"color: #000000;\">\u00a0<\/span><span style=\"color: #ffffff;\">Yaz\u0131l\u0131 izni al\u0131nmadan hi\u00e7bir yaz\u0131l\u0131, g\u00f6rsel, i\u015fitsel i\u00e7erik kopyalanamaz, de\u011fi\u015ftirilemez, yay\u0131nlanamaz veya sat\u0131lamaz. Aksi halde<\/span>\u00a0<span style=\"color: #ff0000;\">5846<span style=\"color: #ffffff;\">\u00a0<\/span><\/span><span style=\"color: #ffffff;\">say\u0131l\u0131 Fikir ve Sanat Eserleri Kanunu\u2019na ve<\/span>\u00a0<span style=\"color: #800000;\"><span style=\"color: #ff0000;\">6102<\/span><span style=\"color: #ffffff;\">\u00a0<\/span><\/span><span style=\"color: #ffffff;\">say\u0131l\u0131 maddesine g\u00f6re<\/span>\u00a0<span style=\"color: #ff0000;\">gerekli i\u015flemler uygulanacakt\u0131r.<\/span><br \/>\n<span style=\"color: #ffffff;\">\u00a9 Copyright 2014<\/span><\/big><\/strong><\/em><\/small><\/small><\/span><\/td>\n<\/tr>\n<\/tbody>\n<\/table>\n<p><small><small>\u00a0<\/small><\/small><\/p>\n<\/div>","protected":false},"excerpt":{"rendered":"<p>TEK\u0130RDA\u011e, (Haber Merkezi)- TEK\u0130RDA\u011e B\u00fcy\u00fck\u015fehir Belediyesi, 1 Eyl\u00fcl D\u00fcnya Bar\u0131\u015f G\u00fcn\u00fc etkinlikleri kapsam\u0131nda Hatay Medeniyetler Korosu\u2019nu \u00c7orlu\u2019da sanatseverlerle bulu\u015fturdu. \u00c7orlu Cumhuriyet Park\u0131\u2019nda d\u00fczenlenen konserde, farkl\u0131 k\u00fclt\u00fcrlerin ezgileri bar\u0131\u015f, karde\u015flik ve dayan\u0131\u015fma mesajlar\u0131yla ayn\u0131 sahnede bulu\u015ftu. D\u00fcnya Bar\u0131\u015f G\u00fcn\u00fc dolay\u0131s\u0131yla d\u00fczenlenen konsere \u00c7orlulular yo\u011fun ilgi g\u00f6sterdi. Hatay Medeniyetler Korosu, farkl\u0131 inan\u00e7 ve k\u00fclt\u00fcrlere ait eserleri seslendirerek &hellip;<\/p>\n","protected":false},"author":151,"featured_media":124160,"comment_status":"open","ping_status":"closed","sticky":false,"template":"","format":"standard","meta":{"footnotes":""},"categories":[27],"tags":[8025,411,9376,15478,460,36671,940,18686,36670,3661,490],"class_list":["post-124159","post","type-post","status-publish","format-standard","has-post-thumbnail","hentry","category-yasam","tag-asayis","tag-corlu","tag-corlu-kaza","tag-corlu-son-dakika-kaza","tag-hatay","tag-hatay-medeniyetler-korosu-corluda-konser-verdi","tag-konser","tag-korosu","tag-medeniyetler","tag-son-dakika-kaza","tag-verdi"],"yoast_head":"<!-- This site is optimized with the Yoast SEO Premium plugin v23.3 (Yoast SEO v23.3) - https:\/\/yoast.com\/wordpress\/plugins\/seo\/ -->\n<title>Hatay Medeniyetler Korosu, \u00c7orlu&#039;da konser verdi | \u00c7orlu&#039;da Haber<\/title>\n<meta name=\"description\" content=\"Hatay Medeniyetler Korosu, \u00c7orlu&#039;da konser verdi | \u00c7orlu&#039;da Haber\" \/>\n<meta name=\"robots\" content=\"index, follow, max-snippet:-1, max-image-preview:large, max-video-preview:-1\" \/>\n<link rel=\"canonical\" href=\"https:\/\/corludahaber.com\/h\/hatay-medeniyetler-korosu-corluda-konser-verdi\/124159\" \/>\n<meta property=\"og:locale\" content=\"tr_TR\" \/>\n<meta property=\"og:type\" content=\"article\" \/>\n<meta property=\"og:title\" content=\"Hatay Medeniyetler Korosu, \u00c7orlu&#039;da konser verdi | \u00c7orlu&#039;da Haber\" \/>\n<meta property=\"og:description\" content=\"Hatay Medeniyetler Korosu, \u00c7orlu&#039;da konser verdi | \u00c7orlu&#039;da Haber\" \/>\n<meta property=\"og:url\" content=\"https:\/\/corludahaber.com\/h\/hatay-medeniyetler-korosu-corluda-konser-verdi\/124159\" \/>\n<meta property=\"og:site_name\" content=\"\u00c7orlu&#039;da Haber\" \/>\n<meta property=\"article:publisher\" content=\"https:\/\/facebook.com\/habercorluda\" \/>\n<meta property=\"article:published_time\" content=\"2026-09-02T13:41:11+00:00\" \/>\n<meta property=\"article:modified_time\" content=\"2026-09-02T13:41:36+00:00\" \/>\n<meta property=\"og:image\" content=\"http:\/\/corludahaber.com\/h\/wp-content\/uploads\/2026\/09\/hatay-medeniyetler-korosu-corluda-konser-verdi_6a9827826e046.jpeg\" \/>\n\t<meta property=\"og:image:width\" content=\"2300\" \/>\n\t<meta property=\"og:image:height\" content=\"1298\" \/>\n\t<meta property=\"og:image:type\" content=\"image\/jpeg\" \/>\n<meta name=\"author\" content=\"\u00c7orlu&#039;da Haber\" \/>\n<meta name=\"twitter:card\" content=\"summary_large_image\" \/>\n<meta name=\"twitter:creator\" content=\"@habercorluda\" \/>\n<meta name=\"twitter:site\" content=\"@habercorluda\" \/>\n<meta name=\"twitter:label1\" content=\"Yazan:\" \/>\n\t<meta name=\"twitter:data1\" content=\"\u00c7orlu&#039;da Haber\" \/>\n\t<meta name=\"twitter:label2\" content=\"Tahmini okuma s\u00fcresi\" \/>\n\t<meta name=\"twitter:data2\" content=\"2 dakika\" \/>\n<script type=\"application\/ld+json\" class=\"yoast-schema-graph\">{\"@context\":\"https:\/\/schema.org\",\"@graph\":[{\"@type\":\"Article\",\"@id\":\"https:\/\/corludahaber.com\/h\/hatay-medeniyetler-korosu-corluda-konser-verdi\/124159#article\",\"isPartOf\":{\"@id\":\"https:\/\/corludahaber.com\/h\/hatay-medeniyetler-korosu-corluda-konser-verdi\/124159\"},\"author\":{\"name\":\"\u00c7orlu'da Haber\",\"@id\":\"https:\/\/corludahaber.com\/h\/#\/schema\/person\/b523522be44b062db5d74a62589768cd\"},\"headline\":\"Hatay Medeniyetler Korosu, \u00c7orlu&#8217;da konser verdi\",\"datePublished\":\"2026-09-02T13:41:11+00:00\",\"dateModified\":\"2026-09-02T13:41:36+00:00\",\"mainEntityOfPage\":{\"@id\":\"https:\/\/corludahaber.com\/h\/hatay-medeniyetler-korosu-corluda-konser-verdi\/124159\"},\"wordCount\":325,\"commentCount\":0,\"publisher\":{\"@id\":\"https:\/\/corludahaber.com\/h\/#organization\"},\"image\":{\"@id\":\"https:\/\/corludahaber.com\/h\/hatay-medeniyetler-korosu-corluda-konser-verdi\/124159#primaryimage\"},\"thumbnailUrl\":\"https:\/\/corludahaber.com\/h\/wp-content\/uploads\/2026\/09\/hatay-medeniyetler-korosu-corluda-konser-verdi_6a9827826e046.jpeg\",\"keywords\":[\"asayi\u015f\",\"\u00c7orlu\",\"\u00c7orlu kaza\",\"\u00c7orlu son dakika kaza\",\"HATAY\",\"Hatay Medeniyetler Korosu, \u00c7orlu'da konser verdi\",\"konser\",\"Korosu\",\"Medeniyetler\",\"son dakika kaza\",\"Verdi\"],\"articleSection\":[\"Ya\u015fam\"],\"inLanguage\":\"tr\",\"potentialAction\":[{\"@type\":\"CommentAction\",\"name\":\"Comment\",\"target\":[\"https:\/\/corludahaber.com\/h\/hatay-medeniyetler-korosu-corluda-konser-verdi\/124159#respond\"]}]},{\"@type\":\"WebPage\",\"@id\":\"https:\/\/corludahaber.com\/h\/hatay-medeniyetler-korosu-corluda-konser-verdi\/124159\",\"url\":\"https:\/\/corludahaber.com\/h\/hatay-medeniyetler-korosu-corluda-konser-verdi\/124159\",\"name\":\"Hatay Medeniyetler Korosu, \u00c7orlu'da konser verdi | \u00c7orlu&#039;da Haber\",\"isPartOf\":{\"@id\":\"https:\/\/corludahaber.com\/h\/#website\"},\"primaryImageOfPage\":{\"@id\":\"https:\/\/corludahaber.com\/h\/hatay-medeniyetler-korosu-corluda-konser-verdi\/124159#primaryimage\"},\"image\":{\"@id\":\"https:\/\/corludahaber.com\/h\/hatay-medeniyetler-korosu-corluda-konser-verdi\/124159#primaryimage\"},\"thumbnailUrl\":\"https:\/\/corludahaber.com\/h\/wp-content\/uploads\/2026\/09\/hatay-medeniyetler-korosu-corluda-konser-verdi_6a9827826e046.jpeg\",\"datePublished\":\"2026-09-02T13:41:11+00:00\",\"dateModified\":\"2026-09-02T13:41:36+00:00\",\"description\":\"Hatay Medeniyetler Korosu, \u00c7orlu'da konser verdi | \u00c7orlu&#039;da Haber\",\"breadcrumb\":{\"@id\":\"https:\/\/corludahaber.com\/h\/hatay-medeniyetler-korosu-corluda-konser-verdi\/124159#breadcrumb\"},\"inLanguage\":\"tr\",\"potentialAction\":[{\"@type\":\"ReadAction\",\"target\":[\"https:\/\/corludahaber.com\/h\/hatay-medeniyetler-korosu-corluda-konser-verdi\/124159\"]}]},{\"@type\":\"ImageObject\",\"inLanguage\":\"tr\",\"@id\":\"https:\/\/corludahaber.com\/h\/hatay-medeniyetler-korosu-corluda-konser-verdi\/124159#primaryimage\",\"url\":\"https:\/\/corludahaber.com\/h\/wp-content\/uploads\/2026\/09\/hatay-medeniyetler-korosu-corluda-konser-verdi_6a9827826e046.jpeg\",\"contentUrl\":\"https:\/\/corludahaber.com\/h\/wp-content\/uploads\/2026\/09\/hatay-medeniyetler-korosu-corluda-konser-verdi_6a9827826e046.jpeg\",\"width\":2300,\"height\":1298},{\"@type\":\"BreadcrumbList\",\"@id\":\"https:\/\/corludahaber.com\/h\/hatay-medeniyetler-korosu-corluda-konser-verdi\/124159#breadcrumb\",\"itemListElement\":[{\"@type\":\"ListItem\",\"position\":1,\"name\":\"Anasayfa\",\"item\":\"https:\/\/corludahaber.com\/h\/anasayfa\"},{\"@type\":\"ListItem\",\"position\":2,\"name\":\"Ya\u015fam\",\"item\":\"https:\/\/corludahaber.com\/h\/kategori\/yasam\"},{\"@type\":\"ListItem\",\"position\":3,\"name\":\"Hatay Medeniyetler Korosu, \u00c7orlu&#8217;da konser verdi\"}]},{\"@type\":\"WebSite\",\"@id\":\"https:\/\/corludahaber.com\/h\/#website\",\"url\":\"https:\/\/corludahaber.com\/h\/\",\"name\":\"\u00c7orlu'da Haber\",\"description\":\"Ger\u00e7ek Tarafs\u0131z Haber\",\"publisher\":{\"@id\":\"https:\/\/corludahaber.com\/h\/#organization\"},\"potentialAction\":[{\"@type\":\"SearchAction\",\"target\":{\"@type\":\"EntryPoint\",\"urlTemplate\":\"https:\/\/corludahaber.com\/h\/?s={search_term_string}\"},\"query-input\":\"required name=search_term_string\"}],\"inLanguage\":\"tr\"},{\"@type\":\"Organization\",\"@id\":\"https:\/\/corludahaber.com\/h\/#organization\",\"name\":\"\u00c7orlu'da Haber\",\"url\":\"https:\/\/corludahaber.com\/h\/\",\"logo\":{\"@type\":\"ImageObject\",\"inLanguage\":\"tr\",\"@id\":\"https:\/\/corludahaber.com\/h\/#\/schema\/logo\/image\/\",\"url\":\"https:\/\/corludahaber.com\/h\/wp-content\/uploads\/2021\/12\/logo__9__1_-removebg-preview.png\",\"contentUrl\":\"https:\/\/corludahaber.com\/h\/wp-content\/uploads\/2021\/12\/logo__9__1_-removebg-preview.png\",\"width\":500,\"height\":157,\"caption\":\"\u00c7orlu'da Haber\"},\"image\":{\"@id\":\"https:\/\/corludahaber.com\/h\/#\/schema\/logo\/image\/\"},\"sameAs\":[\"https:\/\/facebook.com\/habercorluda\",\"https:\/\/x.com\/habercorluda\",\"https:\/\/www.instagram.com\/corludahaber\",\"https:\/\/www.youtube.com\/user\/corludahaber\"]},{\"@type\":\"Person\",\"@id\":\"https:\/\/corludahaber.com\/h\/#\/schema\/person\/b523522be44b062db5d74a62589768cd\",\"name\":\"\u00c7orlu'da Haber\",\"image\":{\"@type\":\"ImageObject\",\"inLanguage\":\"tr\",\"@id\":\"https:\/\/corludahaber.com\/h\/#\/schema\/person\/image\/\",\"url\":\"https:\/\/corludahaber.com\/h\/wp-content\/uploads\/2022\/12\/plogo-80x80.jpg\",\"contentUrl\":\"https:\/\/corludahaber.com\/h\/wp-content\/uploads\/2022\/12\/plogo-80x80.jpg\",\"caption\":\"\u00c7orlu'da Haber\"},\"sameAs\":[\"https:\/\/corludahaber.com\/h\"],\"url\":\"https:\/\/corludahaber.com\/h\/author\/admin\"}]}<\/script>\n<!-- \/ Yoast SEO Premium plugin. -->","yoast_head_json":{"title":"Hatay Medeniyetler Korosu, \u00c7orlu'da konser verdi | \u00c7orlu&#039;da Haber","description":"Hatay Medeniyetler Korosu, \u00c7orlu'da konser verdi | \u00c7orlu&#039;da Haber","robots":{"index":"index","follow":"follow","max-snippet":"max-snippet:-1","max-image-preview":"max-image-preview:large","max-video-preview":"max-video-preview:-1"},"canonical":"https:\/\/corludahaber.com\/h\/hatay-medeniyetler-korosu-corluda-konser-verdi\/124159","og_locale":"tr_TR","og_type":"article","og_title":"Hatay Medeniyetler Korosu, \u00c7orlu'da konser verdi | \u00c7orlu&#039;da Haber","og_description":"Hatay Medeniyetler Korosu, \u00c7orlu'da konser verdi | \u00c7orlu&#039;da Haber","og_url":"https:\/\/corludahaber.com\/h\/hatay-medeniyetler-korosu-corluda-konser-verdi\/124159","og_site_name":"\u00c7orlu&#039;da Haber","article_publisher":"https:\/\/facebook.com\/habercorluda","article_published_time":"2026-09-02T13:41:11+00:00","article_modified_time":"2026-09-02T13:41:36+00:00","og_image":[{"width":2300,"height":1298,"url":"http:\/\/corludahaber.com\/h\/wp-content\/uploads\/2026\/09\/hatay-medeniyetler-korosu-corluda-konser-verdi_6a9827826e046.jpeg","type":"image\/jpeg"}],"author":"\u00c7orlu'da Haber","twitter_card":"summary_large_image","twitter_creator":"@habercorluda","twitter_site":"@habercorluda","twitter_misc":{"Yazan:":"\u00c7orlu'da Haber","Tahmini okuma s\u00fcresi":"2 dakika"},"schema":{"@context":"https:\/\/schema.org","@graph":[{"@type":"Article","@id":"https:\/\/corludahaber.com\/h\/hatay-medeniyetler-korosu-corluda-konser-verdi\/124159#article","isPartOf":{"@id":"https:\/\/corludahaber.com\/h\/hatay-medeniyetler-korosu-corluda-konser-verdi\/124159"},"author":{"name":"\u00c7orlu'da Haber","@id":"https:\/\/corludahaber.com\/h\/#\/schema\/person\/b523522be44b062db5d74a62589768cd"},"headline":"Hatay Medeniyetler Korosu, \u00c7orlu&#8217;da konser verdi","datePublished":"2026-09-02T13:41:11+00:00","dateModified":"2026-09-02T13:41:36+00:00","mainEntityOfPage":{"@id":"https:\/\/corludahaber.com\/h\/hatay-medeniyetler-korosu-corluda-konser-verdi\/124159"},"wordCount":325,"commentCount":0,"publisher":{"@id":"https:\/\/corludahaber.com\/h\/#organization"},"image":{"@id":"https:\/\/corludahaber.com\/h\/hatay-medeniyetler-korosu-corluda-konser-verdi\/124159#primaryimage"},"thumbnailUrl":"https:\/\/corludahaber.com\/h\/wp-content\/uploads\/2026\/09\/hatay-medeniyetler-korosu-corluda-konser-verdi_6a9827826e046.jpeg","keywords":["asayi\u015f","\u00c7orlu","\u00c7orlu kaza","\u00c7orlu son dakika kaza","HATAY","Hatay Medeniyetler Korosu, \u00c7orlu'da konser verdi","konser","Korosu","Medeniyetler","son dakika kaza","Verdi"],"articleSection":["Ya\u015fam"],"inLanguage":"tr","potentialAction":[{"@type":"CommentAction","name":"Comment","target":["https:\/\/corludahaber.com\/h\/hatay-medeniyetler-korosu-corluda-konser-verdi\/124159#respond"]}]},{"@type":"WebPage","@id":"https:\/\/corludahaber.com\/h\/hatay-medeniyetler-korosu-corluda-konser-verdi\/124159","url":"https:\/\/corludahaber.com\/h\/hatay-medeniyetler-korosu-corluda-konser-verdi\/124159","name":"Hatay Medeniyetler Korosu, \u00c7orlu'da konser verdi | \u00c7orlu&#039;da Haber","isPartOf":{"@id":"https:\/\/corludahaber.com\/h\/#website"},"primaryImageOfPage":{"@id":"https:\/\/corludahaber.com\/h\/hatay-medeniyetler-korosu-corluda-konser-verdi\/124159#primaryimage"},"image":{"@id":"https:\/\/corludahaber.com\/h\/hatay-medeniyetler-korosu-corluda-konser-verdi\/124159#primaryimage"},"thumbnailUrl":"https:\/\/corludahaber.com\/h\/wp-content\/uploads\/2026\/09\/hatay-medeniyetler-korosu-corluda-konser-verdi_6a9827826e046.jpeg","datePublished":"2026-09-02T13:41:11+00:00","dateModified":"2026-09-02T13:41:36+00:00","description":"Hatay Medeniyetler Korosu, \u00c7orlu'da konser verdi | \u00c7orlu&#039;da Haber","breadcrumb":{"@id":"https:\/\/corludahaber.com\/h\/hatay-medeniyetler-korosu-corluda-konser-verdi\/124159#breadcrumb"},"inLanguage":"tr","potentialAction":[{"@type":"ReadAction","target":["https:\/\/corludahaber.com\/h\/hatay-medeniyetler-korosu-corluda-konser-verdi\/124159"]}]},{"@type":"ImageObject","inLanguage":"tr","@id":"https:\/\/corludahaber.com\/h\/hatay-medeniyetler-korosu-corluda-konser-verdi\/124159#primaryimage","url":"https:\/\/corludahaber.com\/h\/wp-content\/uploads\/2026\/09\/hatay-medeniyetler-korosu-corluda-konser-verdi_6a9827826e046.jpeg","contentUrl":"https:\/\/corludahaber.com\/h\/wp-content\/uploads\/2026\/09\/hatay-medeniyetler-korosu-corluda-konser-verdi_6a9827826e046.jpeg","width":2300,"height":1298},{"@type":"BreadcrumbList","@id":"https:\/\/corludahaber.com\/h\/hatay-medeniyetler-korosu-corluda-konser-verdi\/124159#breadcrumb","itemListElement":[{"@type":"ListItem","position":1,"name":"Anasayfa","item":"https:\/\/corludahaber.com\/h\/anasayfa"},{"@type":"ListItem","position":2,"name":"Ya\u015fam","item":"https:\/\/corludahaber.com\/h\/kategori\/yasam"},{"@type":"ListItem","position":3,"name":"Hatay Medeniyetler Korosu, \u00c7orlu&#8217;da konser verdi"}]},{"@type":"WebSite","@id":"https:\/\/corludahaber.com\/h\/#website","url":"https:\/\/corludahaber.com\/h\/","name":"\u00c7orlu'da Haber","description":"Ger\u00e7ek Tarafs\u0131z Haber","publisher":{"@id":"https:\/\/corludahaber.com\/h\/#organization"},"potentialAction":[{"@type":"SearchAction","target":{"@type":"EntryPoint","urlTemplate":"https:\/\/corludahaber.com\/h\/?s={search_term_string}"},"query-input":"required name=search_term_string"}],"inLanguage":"tr"},{"@type":"Organization","@id":"https:\/\/corludahaber.com\/h\/#organization","name":"\u00c7orlu'da Haber","url":"https:\/\/corludahaber.com\/h\/","logo":{"@type":"ImageObject","inLanguage":"tr","@id":"https:\/\/corludahaber.com\/h\/#\/schema\/logo\/image\/","url":"https:\/\/corludahaber.com\/h\/wp-content\/uploads\/2021\/12\/logo__9__1_-removebg-preview.png","contentUrl":"https:\/\/corludahaber.com\/h\/wp-content\/uploads\/2021\/12\/logo__9__1_-removebg-preview.png","width":500,"height":157,"caption":"\u00c7orlu'da Haber"},"image":{"@id":"https:\/\/corludahaber.com\/h\/#\/schema\/logo\/image\/"},"sameAs":["https:\/\/facebook.com\/habercorluda","https:\/\/x.com\/habercorluda","https:\/\/www.instagram.com\/corludahaber","https:\/\/www.youtube.com\/user\/corludahaber"]},{"@type":"Person","@id":"https:\/\/corludahaber.com\/h\/#\/schema\/person\/b523522be44b062db5d74a62589768cd","name":"\u00c7orlu'da Haber","image":{"@type":"ImageObject","inLanguage":"tr","@id":"https:\/\/corludahaber.com\/h\/#\/schema\/person\/image\/","url":"https:\/\/corludahaber.com\/h\/wp-content\/uploads\/2022\/12\/plogo-80x80.jpg","contentUrl":"https:\/\/corludahaber.com\/h\/wp-content\/uploads\/2022\/12\/plogo-80x80.jpg","caption":"\u00c7orlu'da Haber"},"sameAs":["https:\/\/corludahaber.com\/h"],"url":"https:\/\/corludahaber.com\/h\/author\/admin"}]}},"_links":{"self":[{"href":"https:\/\/corludahaber.com\/h\/wp-json\/wp\/v2\/posts\/124159","targetHints":{"allow":["GET"]}}],"collection":[{"href":"https:\/\/corludahaber.com\/h\/wp-json\/wp\/v2\/posts"}],"about":[{"href":"https:\/\/corludahaber.com\/h\/wp-json\/wp\/v2\/types\/post"}],"author":[{"embeddable":true,"href":"https:\/\/corludahaber.com\/h\/wp-json\/wp\/v2\/users\/151"}],"replies":[{"embeddable":true,"href":"https:\/\/corludahaber.com\/h\/wp-json\/wp\/v2\/comments?post=124159"}],"version-history":[{"count":1,"href":"https:\/\/corludahaber.com\/h\/wp-json\/wp\/v2\/posts\/124159\/revisions"}],"predecessor-version":[{"id":124161,"href":"https:\/\/corludahaber.com\/h\/wp-json\/wp\/v2\/posts\/124159\/revisions\/124161"}],"wp:featuredmedia":[{"embeddable":true,"href":"https:\/\/corludahaber.com\/h\/wp-json\/wp\/v2\/media\/124160"}],"wp:attachment":[{"href":"https:\/\/corludahaber.com\/h\/wp-json\/wp\/v2\/media?parent=124159"}],"wp:term":[{"taxonomy":"category","embeddable":true,"href":"https:\/\/corludahaber.com\/h\/wp-json\/wp\/v2\/categories?post=124159"},{"taxonomy":"post_tag","embeddable":true,"href":"https:\/\/corludahaber.com\/h\/wp-json\/wp\/v2\/tags?post=124159"}],"curies":[{"name":"wp","href":"https:\/\/api.w.org\/{rel}","templated":true}]}}