{"id":124153,"date":"2026-09-02T13:44:06","date_gmt":"2026-09-02T10:44:06","guid":{"rendered":"https:\/\/corludahaber.com\/h\/edirne-belediyesi-imar-komisyonu-uyesine-rusvet-gozaltisi-pazarlik-kamerada\/124153"},"modified":"2026-09-02T13:44:12","modified_gmt":"2026-09-02T10:44:12","slug":"edirne-belediyesi-imar-komisyonu-uyesine-rusvet-gozaltisi-pazarlik-kamerada","status":"publish","type":"post","link":"https:\/\/corludahaber.com\/h\/edirne-belediyesi-imar-komisyonu-uyesine-rusvet-gozaltisi-pazarlik-kamerada\/124153","title":{"rendered":"Edirne Belediyesi imar komisyonu \u00fcyesine &#8216;r\u00fc\u015fvet&#8217; g\u00f6zalt\u0131s\u0131; pazarl\u0131k kamerada"},"content":{"rendered":"<div class=\"corlu-icerikten-once_3\" id=\"corlu-687465019\"><script type='text\/javascript' src='https:\/\/platform-api.sharethis.com\/js\/sharethis.js#property=5ce8cf08af7d000012cb0ca1&product=inline-reaction-buttons' async='async'><\/script>\r\n\r\n<\/div><div readability=\"93\"><span class=\"category-name hidden\"><\/span><\/p><div class=\"corlu-icerik-2\" id=\"corlu-3110247730\"><!-- Admatic AUTO ads START -->\r\n<ins data-publisher=\"adm-pub-155556240050\" data-ad-network=\"659428a24d11b285b616c18d\"   class=\"adm-ads-area\"><\/ins>\r\n<script type=\"text\/javascript\" src=\"https:\/\/static.cdn.admatic.com.tr\/showad\/showad.min.js\"><\/script>\r\n<!-- Admatic AUTO ads END --><\/div>\n<p>ED\u0130RNE, (Haber Merkezi)- ED\u0130RNE Belediyesi&#8217;nde CHP&#8217;li meclis \u00fcyesi ve imar komisyonu \u00fcyesi avukat E.Y. (42), kentte m\u00fcteahhitlik yapan Nazmi \u00d6.&#8217;den (72) imar kar\u015f\u0131l\u0131\u011f\u0131nda 200 bin avro r\u00fc\u015fvet istedi\u011fi iddias\u0131 \u00fczerine g\u00f6zalt\u0131na al\u0131nd\u0131. E.Y. ile Nazmi \u00d6.&#8217;n\u00fcn bulu\u015fup r\u00fc\u015fvet pazarl\u0131\u011f\u0131 yapt\u0131\u011f\u0131 anlar\u0131n g\u00f6r\u00fcnt\u00fcs\u00fc ortaya \u00e7\u0131kt\u0131.<\/p>\n<p>Edirne&#8217;de m\u00fcteahhitlik yapan Nazmi \u00d6. (71), 23 A\u011fustos g\u00fcn\u00fc \u0130l Emniyet M\u00fcd\u00fcrl\u00fc\u011f\u00fc Ka\u00e7ak\u00e7\u0131l\u0131k ve Organize Su\u00e7larla M\u00fccadele \u015eube M\u00fcd\u00fcrl\u00fc\u011f\u00fc&#8217;ne giderek, Kavgaz mevkisinde 2013 y\u0131l\u0131nda belediyeden ald\u0131\u011f\u0131 ruhsat onay\u0131 ile in\u015faata ba\u015flad\u0131\u011f\u0131n\u0131, 2016 y\u0131l\u0131nda ruhsat yenilemek i\u00e7in gitti\u011finde ise kendisine binan\u0131n yola uzakl\u0131\u011f\u0131nda sorun oldu\u011funu ve y\u0131k\u0131lmas\u0131 gerekti\u011finin s\u00f6yledi\u011fini anlatt\u0131. Y\u0131llarca in\u015faat\u0131nda ilerleme kaydedemedi\u011fini s\u00f6yleyen Nazmi \u00d6., 17 A\u011fustos g\u00fcn\u00fc daha \u00f6nceden tan\u0131d\u0131\u011f\u0131 avukat E.Y.&#8217;nin kendisini telefonla arayarak, belediye imar komisyonu ba\u015fkan\u0131 oldu\u011funu ve gerekli ruhsat onay\u0131n\u0131 da kendisinin \u00e7\u0131karabilece\u011fini belirterek, bulu\u015fmak istedi\u011fini s\u00f6ylemesi \u00fczerine ayn\u0131 g\u00fcn Edirne Adliyesi \u00f6n\u00fcnde bulunan kafede bulu\u015ftuklar\u0131n\u0131 s\u00f6yledi. Nazmi \u00d6., E.Y.&#8217;nin kendisinden 200 bin avro para istedi\u011fini ve paray\u0131 da Bulgaristan&#8217;da almak istedi\u011fini s\u00f6yledi\u011fini \u00f6ne s\u00fcrd\u00fc.<\/p>\n<p>Nazmi \u00d6.&#8217;n\u00fcn ba\u015fvurusu \u00fczerine, &#8216;\u0130leti\u015fimin tespiti, dinlenmesi ve kayda al\u0131nmas\u0131 ve teknik ara\u00e7la izleme&#8217; karar\u0131 al\u0131nd\u0131. Edirne Cumhuriyet Ba\u015fsavc\u0131l\u0131\u011f\u0131 koordinesinde, Nazmi \u00d6.&#8217;n\u00fcn E.Y. ile Edirne&#8217;de \u00dc\u00e7 \u015eerefeli Camisi&#8217;nde bulu\u015facaklar\u0131n\u0131n bilgisinin al\u0131nmas\u0131 \u00fczerine polis taraf\u0131ndan gerekli \u00f6nlemler al\u0131nd\u0131. Bulu\u015fma noktas\u0131na g\u00f6r\u00fcnt\u00fc ve ses kayd\u0131 d\u00fczene\u011fi kuruldu.<\/p>\n<p>Nazmi \u00d6. ile E.Y.\u2019nin bulu\u015fmas\u0131nda, g\u00f6r\u00fcnt\u00fcye de al\u0131nan \u015fu diyalog ge\u00e7ti:<\/p>\n<p>E.Y: Sen hallet i\u015fini, 5 dakika bizim ofise gel. 5 dakika gelirsin, ne olacak?<\/p>\n<p>Nazmi \u00d6: Ofise gelmem abi. Sen benden \u015f\u00fcphe duydun, ben ofise gelmem. Sen bilirsin.<\/p>\n<p>E.Y: \u015e\u00fcphe duydu\u011fumdan de\u011fil, \u015furadaki arkada\u015flar emniyetten. <\/p>\n<p>Nazmi \u00d6: Hangisi<\/p>\n<p>E.Y: Arkada oturanlar, bakma \u015fimdi bakma. Huzursuzluk yaratma<\/p>\n<p>Nazmi \u00d6: Sen bilirsin abi. Ben anlamam. Polis lokaline gelmi\u015f olabilirler buradaki. <\/p>\n<p>E.Y: Olabilir, her t\u00fcrl\u00fc olabilir. <\/p>\n<p>Nazmi \u00d6: Ben bir tek Turgay&#8217;\u0131 tan\u0131yorum. Adliyede evraklara bak\u0131yor, polis. <\/p>\n<p>E.Y: Sen i\u015fin bitince ofise gelirsin. Ben buray\u0131 hallediyorum.<\/p>\n<p>Yakla\u015f\u0131k 10 dakika s\u00fcren g\u00f6r\u00fc\u015fmenin ard\u0131ndan E.Y., polis taraf\u0131ndan &#8216;r\u00fc\u015fvet&#8217; su\u00e7lamas\u0131yla g\u00f6zalt\u0131na al\u0131nd\u0131. Sulh Ceza Hakimli\u011fi&#8217;nden al\u0131nan karar do\u011frultusunda \u015f\u00fcpheli E.Y.\u2019nin evinde ve avukatl\u0131k ofisinde yap\u0131lan aramalarda 4 bilgisayar, 2 defter, 5 yapraktan olu\u015fan evraka el konuldu. E.Y. hakk\u0131nda ayr\u0131ca, &#8216;Su\u00e7tan kaynaklanan mal varl\u0131\u011f\u0131 de\u011ferlerini aklama&#8217; su\u00e7undan bir soru\u015fturma daha ba\u015flat\u0131ld\u0131. Edirne Cumhuriyet Ba\u015fsavc\u0131l\u0131\u011f\u0131, susma hakk\u0131n\u0131 kullanan \u015f\u00fcphelinin mal varl\u0131\u011f\u0131 hareketlerinin tespiti i\u00e7in gerekli ara\u015ft\u0131rmaya ba\u015flanmas\u0131 ve hakk\u0131nda MASAK raporu temin edilmesi hususunda kolluk ekiplerine talimat verdi. (Haber Merkezi)<\/p>\n<\/div>\n<div class=\"corlu-icerikten-sonra_3\" id=\"corlu-4076964549\"><p><img loading=\"lazy\" decoding=\"async\" class=\"aligncenter\" src=\"https:\/\/www.corludahaber.com\/bahcesehir.jpg\" alt=\"\" width=\"624\" height=\"196\" \/><\/p>\n<table style=\"text-align: left; width: 100%;\" border=\"1\" cellspacing=\"2\" cellpadding=\"2\">\n<tbody>\n<tr>\n<td style=\"background-color: #050805;\"><span style=\"font-size: 12pt;\"><small><small><em><strong><big><span style=\"color: #ff0000;\">Haber ve resimlerin telif haklar\u0131ndan dolay\u0131 kullan\u0131m\u0131 yasakt\u0131r<span style=\"color: #000000;\">.<\/span><\/span><span style=\"color: #000000;\">\u00a0<\/span><span style=\"color: #ffffff;\">Yaz\u0131l\u0131 izni al\u0131nmadan hi\u00e7bir yaz\u0131l\u0131, g\u00f6rsel, i\u015fitsel i\u00e7erik kopyalanamaz, de\u011fi\u015ftirilemez, yay\u0131nlanamaz veya sat\u0131lamaz. Aksi halde<\/span>\u00a0<span style=\"color: #ff0000;\">5846<span style=\"color: #ffffff;\">\u00a0<\/span><\/span><span style=\"color: #ffffff;\">say\u0131l\u0131 Fikir ve Sanat Eserleri Kanunu\u2019na ve<\/span>\u00a0<span style=\"color: #800000;\"><span style=\"color: #ff0000;\">6102<\/span><span style=\"color: #ffffff;\">\u00a0<\/span><\/span><span style=\"color: #ffffff;\">say\u0131l\u0131 maddesine g\u00f6re<\/span>\u00a0<span style=\"color: #ff0000;\">gerekli i\u015flemler uygulanacakt\u0131r.<\/span><br \/>\n<span style=\"color: #ffffff;\">\u00a9 Copyright 2014<\/span><\/big><\/strong><\/em><\/small><\/small><\/span><\/td>\n<\/tr>\n<\/tbody>\n<\/table>\n<p><small><small>\u00a0<\/small><\/small><\/p>\n<\/div>","protected":false},"excerpt":{"rendered":"<p>ED\u0130RNE, (Haber Merkezi)- ED\u0130RNE Belediyesi&#8217;nde CHP&#8217;li meclis \u00fcyesi ve imar komisyonu \u00fcyesi avukat E.Y. (42), kentte m\u00fcteahhitlik yapan Nazmi \u00d6.&#8217;den (72) imar kar\u015f\u0131l\u0131\u011f\u0131nda 200 bin avro r\u00fc\u015fvet istedi\u011fi iddias\u0131 \u00fczerine g\u00f6zalt\u0131na al\u0131nd\u0131. E.Y. ile Nazmi \u00d6.&#8217;n\u00fcn bulu\u015fup r\u00fc\u015fvet pazarl\u0131\u011f\u0131 yapt\u0131\u011f\u0131 anlar\u0131n g\u00f6r\u00fcnt\u00fcs\u00fc ortaya \u00e7\u0131kt\u0131. Edirne&#8217;de m\u00fcteahhitlik yapan Nazmi \u00d6. (71), 23 A\u011fustos g\u00fcn\u00fc \u0130l Emniyet &hellip;<\/p>\n","protected":false},"author":151,"featured_media":124154,"comment_status":"open","ping_status":"closed","sticky":false,"template":"","format":"standard","meta":{"footnotes":""},"categories":[121],"tags":[8025,383,9376,15478,728,36668,36666,194,3632,36667,5121,3661,36665],"class_list":["post-124153","post","type-post","status-publish","format-standard","has-post-thumbnail","hentry","category-edirne","tag-asayis","tag-belediyesi","tag-corlu-kaza","tag-corlu-son-dakika-kaza","tag-edirne","tag-edirne-belediyesi-imar-komisyonu-uyesine-rusvet-gozaltisi-pazarlik-kamerada","tag-gozaltisi","tag-kamerada","tag-komisyonu","tag-pazarlik","tag-rusvet","tag-son-dakika-kaza","tag-uyesine"],"yoast_head":"<!-- This site is optimized with the Yoast SEO Premium plugin v23.3 (Yoast SEO v23.3) - https:\/\/yoast.com\/wordpress\/plugins\/seo\/ -->\n<title>Edirne Belediyesi imar komisyonu \u00fcyesine &#039;r\u00fc\u015fvet&#039; g\u00f6zalt\u0131s\u0131; pazarl\u0131k kamerada | \u00c7orlu&#039;da Haber<\/title>\n<meta name=\"description\" content=\"Edirne Belediyesi imar komisyonu \u00fcyesine &#039;r\u00fc\u015fvet&#039; g\u00f6zalt\u0131s\u0131; pazarl\u0131k kamerada | \u00c7orlu&#039;da Haber\" \/>\n<meta name=\"robots\" content=\"index, follow, max-snippet:-1, max-image-preview:large, max-video-preview:-1\" \/>\n<link rel=\"canonical\" href=\"https:\/\/corludahaber.com\/h\/edirne-belediyesi-imar-komisyonu-uyesine-rusvet-gozaltisi-pazarlik-kamerada\/124153\" \/>\n<meta property=\"og:locale\" content=\"tr_TR\" \/>\n<meta property=\"og:type\" content=\"article\" \/>\n<meta property=\"og:title\" content=\"Edirne Belediyesi imar komisyonu \u00fcyesine &#039;r\u00fc\u015fvet&#039; g\u00f6zalt\u0131s\u0131; pazarl\u0131k kamerada | \u00c7orlu&#039;da Haber\" \/>\n<meta property=\"og:description\" content=\"Edirne Belediyesi imar komisyonu \u00fcyesine &#039;r\u00fc\u015fvet&#039; g\u00f6zalt\u0131s\u0131; pazarl\u0131k kamerada | \u00c7orlu&#039;da Haber\" \/>\n<meta property=\"og:url\" content=\"https:\/\/corludahaber.com\/h\/edirne-belediyesi-imar-komisyonu-uyesine-rusvet-gozaltisi-pazarlik-kamerada\/124153\" \/>\n<meta property=\"og:site_name\" content=\"\u00c7orlu&#039;da Haber\" \/>\n<meta property=\"article:publisher\" content=\"https:\/\/facebook.com\/habercorluda\" \/>\n<meta property=\"article:published_time\" content=\"2026-09-02T10:44:06+00:00\" \/>\n<meta property=\"article:modified_time\" content=\"2026-09-02T10:44:12+00:00\" \/>\n<meta property=\"og:image\" content=\"http:\/\/corludahaber.com\/h\/wp-content\/uploads\/2026\/09\/edirne-belediyesi-imar-komisyonu-uyesine-rusvet-gozaltisi-pazarlik-kamerada_6a97fdf9290fd.jpeg\" \/>\n\t<meta property=\"og:image:width\" content=\"2300\" \/>\n\t<meta property=\"og:image:height\" content=\"1274\" \/>\n\t<meta property=\"og:image:type\" content=\"image\/jpeg\" \/>\n<meta name=\"author\" content=\"\u00c7orlu&#039;da Haber\" \/>\n<meta name=\"twitter:card\" content=\"summary_large_image\" \/>\n<meta name=\"twitter:creator\" content=\"@habercorluda\" \/>\n<meta name=\"twitter:site\" content=\"@habercorluda\" \/>\n<meta name=\"twitter:label1\" content=\"Yazan:\" \/>\n\t<meta name=\"twitter:data1\" content=\"\u00c7orlu&#039;da Haber\" \/>\n\t<meta name=\"twitter:label2\" content=\"Tahmini okuma s\u00fcresi\" \/>\n\t<meta name=\"twitter:data2\" content=\"3 dakika\" \/>\n<script type=\"application\/ld+json\" class=\"yoast-schema-graph\">{\"@context\":\"https:\/\/schema.org\",\"@graph\":[{\"@type\":\"Article\",\"@id\":\"https:\/\/corludahaber.com\/h\/edirne-belediyesi-imar-komisyonu-uyesine-rusvet-gozaltisi-pazarlik-kamerada\/124153#article\",\"isPartOf\":{\"@id\":\"https:\/\/corludahaber.com\/h\/edirne-belediyesi-imar-komisyonu-uyesine-rusvet-gozaltisi-pazarlik-kamerada\/124153\"},\"author\":{\"name\":\"\u00c7orlu'da Haber\",\"@id\":\"https:\/\/corludahaber.com\/h\/#\/schema\/person\/b523522be44b062db5d74a62589768cd\"},\"headline\":\"Edirne Belediyesi imar komisyonu \u00fcyesine &#8216;r\u00fc\u015fvet&#8217; g\u00f6zalt\u0131s\u0131; pazarl\u0131k kamerada\",\"datePublished\":\"2026-09-02T10:44:06+00:00\",\"dateModified\":\"2026-09-02T10:44:12+00:00\",\"mainEntityOfPage\":{\"@id\":\"https:\/\/corludahaber.com\/h\/edirne-belediyesi-imar-komisyonu-uyesine-rusvet-gozaltisi-pazarlik-kamerada\/124153\"},\"wordCount\":530,\"commentCount\":0,\"publisher\":{\"@id\":\"https:\/\/corludahaber.com\/h\/#organization\"},\"image\":{\"@id\":\"https:\/\/corludahaber.com\/h\/edirne-belediyesi-imar-komisyonu-uyesine-rusvet-gozaltisi-pazarlik-kamerada\/124153#primaryimage\"},\"thumbnailUrl\":\"https:\/\/corludahaber.com\/h\/wp-content\/uploads\/2026\/09\/edirne-belediyesi-imar-komisyonu-uyesine-rusvet-gozaltisi-pazarlik-kamerada_6a97fdf9290fd.jpeg\",\"keywords\":[\"asayi\u015f\",\"Belediyesi\",\"\u00c7orlu kaza\",\"\u00c7orlu son dakika kaza\",\"Edirne\",\"Edirne Belediyesi imar komisyonu \u00fcyesine 'r\u00fc\u015fvet' g\u00f6zalt\u0131s\u0131; pazarl\u0131k kamerada\",\"g\u00f6zalt\u0131s\u0131\",\"kamerada\",\"Komisyonu\",\"pazarl\u0131k\",\"R\u00fc\u015fvet\",\"son dakika kaza\",\"\u00fcyesine\"],\"articleSection\":[\"Edirne\"],\"inLanguage\":\"tr\",\"potentialAction\":[{\"@type\":\"CommentAction\",\"name\":\"Comment\",\"target\":[\"https:\/\/corludahaber.com\/h\/edirne-belediyesi-imar-komisyonu-uyesine-rusvet-gozaltisi-pazarlik-kamerada\/124153#respond\"]}]},{\"@type\":\"WebPage\",\"@id\":\"https:\/\/corludahaber.com\/h\/edirne-belediyesi-imar-komisyonu-uyesine-rusvet-gozaltisi-pazarlik-kamerada\/124153\",\"url\":\"https:\/\/corludahaber.com\/h\/edirne-belediyesi-imar-komisyonu-uyesine-rusvet-gozaltisi-pazarlik-kamerada\/124153\",\"name\":\"Edirne Belediyesi imar komisyonu \u00fcyesine 'r\u00fc\u015fvet' g\u00f6zalt\u0131s\u0131; pazarl\u0131k kamerada | \u00c7orlu&#039;da Haber\",\"isPartOf\":{\"@id\":\"https:\/\/corludahaber.com\/h\/#website\"},\"primaryImageOfPage\":{\"@id\":\"https:\/\/corludahaber.com\/h\/edirne-belediyesi-imar-komisyonu-uyesine-rusvet-gozaltisi-pazarlik-kamerada\/124153#primaryimage\"},\"image\":{\"@id\":\"https:\/\/corludahaber.com\/h\/edirne-belediyesi-imar-komisyonu-uyesine-rusvet-gozaltisi-pazarlik-kamerada\/124153#primaryimage\"},\"thumbnailUrl\":\"https:\/\/corludahaber.com\/h\/wp-content\/uploads\/2026\/09\/edirne-belediyesi-imar-komisyonu-uyesine-rusvet-gozaltisi-pazarlik-kamerada_6a97fdf9290fd.jpeg\",\"datePublished\":\"2026-09-02T10:44:06+00:00\",\"dateModified\":\"2026-09-02T10:44:12+00:00\",\"description\":\"Edirne Belediyesi imar komisyonu \u00fcyesine 'r\u00fc\u015fvet' g\u00f6zalt\u0131s\u0131; pazarl\u0131k kamerada | \u00c7orlu&#039;da Haber\",\"breadcrumb\":{\"@id\":\"https:\/\/corludahaber.com\/h\/edirne-belediyesi-imar-komisyonu-uyesine-rusvet-gozaltisi-pazarlik-kamerada\/124153#breadcrumb\"},\"inLanguage\":\"tr\",\"potentialAction\":[{\"@type\":\"ReadAction\",\"target\":[\"https:\/\/corludahaber.com\/h\/edirne-belediyesi-imar-komisyonu-uyesine-rusvet-gozaltisi-pazarlik-kamerada\/124153\"]}]},{\"@type\":\"ImageObject\",\"inLanguage\":\"tr\",\"@id\":\"https:\/\/corludahaber.com\/h\/edirne-belediyesi-imar-komisyonu-uyesine-rusvet-gozaltisi-pazarlik-kamerada\/124153#primaryimage\",\"url\":\"https:\/\/corludahaber.com\/h\/wp-content\/uploads\/2026\/09\/edirne-belediyesi-imar-komisyonu-uyesine-rusvet-gozaltisi-pazarlik-kamerada_6a97fdf9290fd.jpeg\",\"contentUrl\":\"https:\/\/corludahaber.com\/h\/wp-content\/uploads\/2026\/09\/edirne-belediyesi-imar-komisyonu-uyesine-rusvet-gozaltisi-pazarlik-kamerada_6a97fdf9290fd.jpeg\",\"width\":2300,\"height\":1274},{\"@type\":\"BreadcrumbList\",\"@id\":\"https:\/\/corludahaber.com\/h\/edirne-belediyesi-imar-komisyonu-uyesine-rusvet-gozaltisi-pazarlik-kamerada\/124153#breadcrumb\",\"itemListElement\":[{\"@type\":\"ListItem\",\"position\":1,\"name\":\"Anasayfa\",\"item\":\"https:\/\/corludahaber.com\/h\/anasayfa\"},{\"@type\":\"ListItem\",\"position\":2,\"name\":\"Edirne\",\"item\":\"https:\/\/corludahaber.com\/h\/kategori\/edirne\"},{\"@type\":\"ListItem\",\"position\":3,\"name\":\"Edirne Belediyesi imar komisyonu \u00fcyesine &#8216;r\u00fc\u015fvet&#8217; g\u00f6zalt\u0131s\u0131; pazarl\u0131k kamerada\"}]},{\"@type\":\"WebSite\",\"@id\":\"https:\/\/corludahaber.com\/h\/#website\",\"url\":\"https:\/\/corludahaber.com\/h\/\",\"name\":\"\u00c7orlu'da Haber\",\"description\":\"Ger\u00e7ek Tarafs\u0131z Haber\",\"publisher\":{\"@id\":\"https:\/\/corludahaber.com\/h\/#organization\"},\"potentialAction\":[{\"@type\":\"SearchAction\",\"target\":{\"@type\":\"EntryPoint\",\"urlTemplate\":\"https:\/\/corludahaber.com\/h\/?s={search_term_string}\"},\"query-input\":\"required name=search_term_string\"}],\"inLanguage\":\"tr\"},{\"@type\":\"Organization\",\"@id\":\"https:\/\/corludahaber.com\/h\/#organization\",\"name\":\"\u00c7orlu'da Haber\",\"url\":\"https:\/\/corludahaber.com\/h\/\",\"logo\":{\"@type\":\"ImageObject\",\"inLanguage\":\"tr\",\"@id\":\"https:\/\/corludahaber.com\/h\/#\/schema\/logo\/image\/\",\"url\":\"https:\/\/corludahaber.com\/h\/wp-content\/uploads\/2021\/12\/logo__9__1_-removebg-preview.png\",\"contentUrl\":\"https:\/\/corludahaber.com\/h\/wp-content\/uploads\/2021\/12\/logo__9__1_-removebg-preview.png\",\"width\":500,\"height\":157,\"caption\":\"\u00c7orlu'da Haber\"},\"image\":{\"@id\":\"https:\/\/corludahaber.com\/h\/#\/schema\/logo\/image\/\"},\"sameAs\":[\"https:\/\/facebook.com\/habercorluda\",\"https:\/\/x.com\/habercorluda\",\"https:\/\/www.instagram.com\/corludahaber\",\"https:\/\/www.youtube.com\/user\/corludahaber\"]},{\"@type\":\"Person\",\"@id\":\"https:\/\/corludahaber.com\/h\/#\/schema\/person\/b523522be44b062db5d74a62589768cd\",\"name\":\"\u00c7orlu'da Haber\",\"image\":{\"@type\":\"ImageObject\",\"inLanguage\":\"tr\",\"@id\":\"https:\/\/corludahaber.com\/h\/#\/schema\/person\/image\/\",\"url\":\"https:\/\/secure.gravatar.com\/avatar\/1033e54e078c29fd7f053370086ff627ba414b05c2b231c418a481adecd764ce?s=96&d=blank&r=g\",\"contentUrl\":\"https:\/\/secure.gravatar.com\/avatar\/1033e54e078c29fd7f053370086ff627ba414b05c2b231c418a481adecd764ce?s=96&d=blank&r=g\",\"caption\":\"\u00c7orlu'da Haber\"},\"sameAs\":[\"https:\/\/corludahaber.com\/h\"],\"url\":\"https:\/\/corludahaber.com\/h\/author\/admin\"}]}<\/script>\n<!-- \/ Yoast SEO Premium plugin. -->","yoast_head_json":{"title":"Edirne Belediyesi imar komisyonu \u00fcyesine 'r\u00fc\u015fvet' g\u00f6zalt\u0131s\u0131; pazarl\u0131k kamerada | \u00c7orlu&#039;da Haber","description":"Edirne Belediyesi imar komisyonu \u00fcyesine 'r\u00fc\u015fvet' g\u00f6zalt\u0131s\u0131; pazarl\u0131k kamerada | \u00c7orlu&#039;da Haber","robots":{"index":"index","follow":"follow","max-snippet":"max-snippet:-1","max-image-preview":"max-image-preview:large","max-video-preview":"max-video-preview:-1"},"canonical":"https:\/\/corludahaber.com\/h\/edirne-belediyesi-imar-komisyonu-uyesine-rusvet-gozaltisi-pazarlik-kamerada\/124153","og_locale":"tr_TR","og_type":"article","og_title":"Edirne Belediyesi imar komisyonu \u00fcyesine 'r\u00fc\u015fvet' g\u00f6zalt\u0131s\u0131; pazarl\u0131k kamerada | \u00c7orlu&#039;da Haber","og_description":"Edirne Belediyesi imar komisyonu \u00fcyesine 'r\u00fc\u015fvet' g\u00f6zalt\u0131s\u0131; pazarl\u0131k kamerada | \u00c7orlu&#039;da Haber","og_url":"https:\/\/corludahaber.com\/h\/edirne-belediyesi-imar-komisyonu-uyesine-rusvet-gozaltisi-pazarlik-kamerada\/124153","og_site_name":"\u00c7orlu&#039;da Haber","article_publisher":"https:\/\/facebook.com\/habercorluda","article_published_time":"2026-09-02T10:44:06+00:00","article_modified_time":"2026-09-02T10:44:12+00:00","og_image":[{"width":2300,"height":1274,"url":"http:\/\/corludahaber.com\/h\/wp-content\/uploads\/2026\/09\/edirne-belediyesi-imar-komisyonu-uyesine-rusvet-gozaltisi-pazarlik-kamerada_6a97fdf9290fd.jpeg","type":"image\/jpeg"}],"author":"\u00c7orlu'da Haber","twitter_card":"summary_large_image","twitter_creator":"@habercorluda","twitter_site":"@habercorluda","twitter_misc":{"Yazan:":"\u00c7orlu'da Haber","Tahmini okuma s\u00fcresi":"3 dakika"},"schema":{"@context":"https:\/\/schema.org","@graph":[{"@type":"Article","@id":"https:\/\/corludahaber.com\/h\/edirne-belediyesi-imar-komisyonu-uyesine-rusvet-gozaltisi-pazarlik-kamerada\/124153#article","isPartOf":{"@id":"https:\/\/corludahaber.com\/h\/edirne-belediyesi-imar-komisyonu-uyesine-rusvet-gozaltisi-pazarlik-kamerada\/124153"},"author":{"name":"\u00c7orlu'da Haber","@id":"https:\/\/corludahaber.com\/h\/#\/schema\/person\/b523522be44b062db5d74a62589768cd"},"headline":"Edirne Belediyesi imar komisyonu \u00fcyesine &#8216;r\u00fc\u015fvet&#8217; g\u00f6zalt\u0131s\u0131; pazarl\u0131k kamerada","datePublished":"2026-09-02T10:44:06+00:00","dateModified":"2026-09-02T10:44:12+00:00","mainEntityOfPage":{"@id":"https:\/\/corludahaber.com\/h\/edirne-belediyesi-imar-komisyonu-uyesine-rusvet-gozaltisi-pazarlik-kamerada\/124153"},"wordCount":530,"commentCount":0,"publisher":{"@id":"https:\/\/corludahaber.com\/h\/#organization"},"image":{"@id":"https:\/\/corludahaber.com\/h\/edirne-belediyesi-imar-komisyonu-uyesine-rusvet-gozaltisi-pazarlik-kamerada\/124153#primaryimage"},"thumbnailUrl":"https:\/\/corludahaber.com\/h\/wp-content\/uploads\/2026\/09\/edirne-belediyesi-imar-komisyonu-uyesine-rusvet-gozaltisi-pazarlik-kamerada_6a97fdf9290fd.jpeg","keywords":["asayi\u015f","Belediyesi","\u00c7orlu kaza","\u00c7orlu son dakika kaza","Edirne","Edirne Belediyesi imar komisyonu \u00fcyesine 'r\u00fc\u015fvet' g\u00f6zalt\u0131s\u0131; pazarl\u0131k kamerada","g\u00f6zalt\u0131s\u0131","kamerada","Komisyonu","pazarl\u0131k","R\u00fc\u015fvet","son dakika kaza","\u00fcyesine"],"articleSection":["Edirne"],"inLanguage":"tr","potentialAction":[{"@type":"CommentAction","name":"Comment","target":["https:\/\/corludahaber.com\/h\/edirne-belediyesi-imar-komisyonu-uyesine-rusvet-gozaltisi-pazarlik-kamerada\/124153#respond"]}]},{"@type":"WebPage","@id":"https:\/\/corludahaber.com\/h\/edirne-belediyesi-imar-komisyonu-uyesine-rusvet-gozaltisi-pazarlik-kamerada\/124153","url":"https:\/\/corludahaber.com\/h\/edirne-belediyesi-imar-komisyonu-uyesine-rusvet-gozaltisi-pazarlik-kamerada\/124153","name":"Edirne Belediyesi imar komisyonu \u00fcyesine 'r\u00fc\u015fvet' g\u00f6zalt\u0131s\u0131; pazarl\u0131k kamerada | \u00c7orlu&#039;da Haber","isPartOf":{"@id":"https:\/\/corludahaber.com\/h\/#website"},"primaryImageOfPage":{"@id":"https:\/\/corludahaber.com\/h\/edirne-belediyesi-imar-komisyonu-uyesine-rusvet-gozaltisi-pazarlik-kamerada\/124153#primaryimage"},"image":{"@id":"https:\/\/corludahaber.com\/h\/edirne-belediyesi-imar-komisyonu-uyesine-rusvet-gozaltisi-pazarlik-kamerada\/124153#primaryimage"},"thumbnailUrl":"https:\/\/corludahaber.com\/h\/wp-content\/uploads\/2026\/09\/edirne-belediyesi-imar-komisyonu-uyesine-rusvet-gozaltisi-pazarlik-kamerada_6a97fdf9290fd.jpeg","datePublished":"2026-09-02T10:44:06+00:00","dateModified":"2026-09-02T10:44:12+00:00","description":"Edirne Belediyesi imar komisyonu \u00fcyesine 'r\u00fc\u015fvet' g\u00f6zalt\u0131s\u0131; pazarl\u0131k kamerada | \u00c7orlu&#039;da Haber","breadcrumb":{"@id":"https:\/\/corludahaber.com\/h\/edirne-belediyesi-imar-komisyonu-uyesine-rusvet-gozaltisi-pazarlik-kamerada\/124153#breadcrumb"},"inLanguage":"tr","potentialAction":[{"@type":"ReadAction","target":["https:\/\/corludahaber.com\/h\/edirne-belediyesi-imar-komisyonu-uyesine-rusvet-gozaltisi-pazarlik-kamerada\/124153"]}]},{"@type":"ImageObject","inLanguage":"tr","@id":"https:\/\/corludahaber.com\/h\/edirne-belediyesi-imar-komisyonu-uyesine-rusvet-gozaltisi-pazarlik-kamerada\/124153#primaryimage","url":"https:\/\/corludahaber.com\/h\/wp-content\/uploads\/2026\/09\/edirne-belediyesi-imar-komisyonu-uyesine-rusvet-gozaltisi-pazarlik-kamerada_6a97fdf9290fd.jpeg","contentUrl":"https:\/\/corludahaber.com\/h\/wp-content\/uploads\/2026\/09\/edirne-belediyesi-imar-komisyonu-uyesine-rusvet-gozaltisi-pazarlik-kamerada_6a97fdf9290fd.jpeg","width":2300,"height":1274},{"@type":"BreadcrumbList","@id":"https:\/\/corludahaber.com\/h\/edirne-belediyesi-imar-komisyonu-uyesine-rusvet-gozaltisi-pazarlik-kamerada\/124153#breadcrumb","itemListElement":[{"@type":"ListItem","position":1,"name":"Anasayfa","item":"https:\/\/corludahaber.com\/h\/anasayfa"},{"@type":"ListItem","position":2,"name":"Edirne","item":"https:\/\/corludahaber.com\/h\/kategori\/edirne"},{"@type":"ListItem","position":3,"name":"Edirne Belediyesi imar komisyonu \u00fcyesine &#8216;r\u00fc\u015fvet&#8217; g\u00f6zalt\u0131s\u0131; pazarl\u0131k kamerada"}]},{"@type":"WebSite","@id":"https:\/\/corludahaber.com\/h\/#website","url":"https:\/\/corludahaber.com\/h\/","name":"\u00c7orlu'da Haber","description":"Ger\u00e7ek Tarafs\u0131z Haber","publisher":{"@id":"https:\/\/corludahaber.com\/h\/#organization"},"potentialAction":[{"@type":"SearchAction","target":{"@type":"EntryPoint","urlTemplate":"https:\/\/corludahaber.com\/h\/?s={search_term_string}"},"query-input":"required name=search_term_string"}],"inLanguage":"tr"},{"@type":"Organization","@id":"https:\/\/corludahaber.com\/h\/#organization","name":"\u00c7orlu'da Haber","url":"https:\/\/corludahaber.com\/h\/","logo":{"@type":"ImageObject","inLanguage":"tr","@id":"https:\/\/corludahaber.com\/h\/#\/schema\/logo\/image\/","url":"https:\/\/corludahaber.com\/h\/wp-content\/uploads\/2021\/12\/logo__9__1_-removebg-preview.png","contentUrl":"https:\/\/corludahaber.com\/h\/wp-content\/uploads\/2021\/12\/logo__9__1_-removebg-preview.png","width":500,"height":157,"caption":"\u00c7orlu'da Haber"},"image":{"@id":"https:\/\/corludahaber.com\/h\/#\/schema\/logo\/image\/"},"sameAs":["https:\/\/facebook.com\/habercorluda","https:\/\/x.com\/habercorluda","https:\/\/www.instagram.com\/corludahaber","https:\/\/www.youtube.com\/user\/corludahaber"]},{"@type":"Person","@id":"https:\/\/corludahaber.com\/h\/#\/schema\/person\/b523522be44b062db5d74a62589768cd","name":"\u00c7orlu'da Haber","image":{"@type":"ImageObject","inLanguage":"tr","@id":"https:\/\/corludahaber.com\/h\/#\/schema\/person\/image\/","url":"https:\/\/secure.gravatar.com\/avatar\/1033e54e078c29fd7f053370086ff627ba414b05c2b231c418a481adecd764ce?s=96&d=blank&r=g","contentUrl":"https:\/\/secure.gravatar.com\/avatar\/1033e54e078c29fd7f053370086ff627ba414b05c2b231c418a481adecd764ce?s=96&d=blank&r=g","caption":"\u00c7orlu'da Haber"},"sameAs":["https:\/\/corludahaber.com\/h"],"url":"https:\/\/corludahaber.com\/h\/author\/admin"}]}},"_links":{"self":[{"href":"https:\/\/corludahaber.com\/h\/wp-json\/wp\/v2\/posts\/124153","targetHints":{"allow":["GET"]}}],"collection":[{"href":"https:\/\/corludahaber.com\/h\/wp-json\/wp\/v2\/posts"}],"about":[{"href":"https:\/\/corludahaber.com\/h\/wp-json\/wp\/v2\/types\/post"}],"author":[{"embeddable":true,"href":"https:\/\/corludahaber.com\/h\/wp-json\/wp\/v2\/users\/151"}],"replies":[{"embeddable":true,"href":"https:\/\/corludahaber.com\/h\/wp-json\/wp\/v2\/comments?post=124153"}],"version-history":[{"count":1,"href":"https:\/\/corludahaber.com\/h\/wp-json\/wp\/v2\/posts\/124153\/revisions"}],"predecessor-version":[{"id":124155,"href":"https:\/\/corludahaber.com\/h\/wp-json\/wp\/v2\/posts\/124153\/revisions\/124155"}],"wp:featuredmedia":[{"embeddable":true,"href":"https:\/\/corludahaber.com\/h\/wp-json\/wp\/v2\/media\/124154"}],"wp:attachment":[{"href":"https:\/\/corludahaber.com\/h\/wp-json\/wp\/v2\/media?parent=124153"}],"wp:term":[{"taxonomy":"category","embeddable":true,"href":"https:\/\/corludahaber.com\/h\/wp-json\/wp\/v2\/categories?post=124153"},{"taxonomy":"post_tag","embeddable":true,"href":"https:\/\/corludahaber.com\/h\/wp-json\/wp\/v2\/tags?post=124153"}],"curies":[{"name":"wp","href":"https:\/\/api.w.org\/{rel}","templated":true}]}}