{"id":124147,"date":"2026-09-02T10:27:34","date_gmt":"2026-09-02T07:27:34","guid":{"rendered":"https:\/\/corludahaber.com\/h\/?p=124147"},"modified":"2026-09-02T10:27:34","modified_gmt":"2026-09-02T07:27:34","slug":"corlu-ilce-saglik-mudurlugunden-yasamsal-uyari-erken-teshis-hayat-kurtarir","status":"publish","type":"post","link":"https:\/\/corludahaber.com\/h\/corlu-ilce-saglik-mudurlugunden-yasamsal-uyari-erken-teshis-hayat-kurtarir\/124147","title":{"rendered":"\u00c7orlu \u0130l\u00e7e Sa\u011fl\u0131k M\u00fcd\u00fcrl\u00fc\u011f\u00fc&#8217;nden Ya\u015famsal Uyar\u0131: Erken Te\u015fhis Hayat Kurtar\u0131r"},"content":{"rendered":"<div class=\"corlu-icerikten-once_3\" id=\"corlu-1145356579\"><script type='text\/javascript' src='https:\/\/platform-api.sharethis.com\/js\/sharethis.js#property=5ce8cf08af7d000012cb0ca1&product=inline-reaction-buttons' async='async'><\/script>\r\n\r\n<\/div><p><strong>\u00c7orlu\u2019da Kanser Taramalar\u0131 \u0130\u00e7in Vatanda\u015flara \u00d6nemli \u00c7a\u011fr\u0131<\/strong><\/p><div class=\"corlu-icerik-2\" id=\"corlu-1013771341\"><!-- Admatic AUTO ads START -->\r\n<ins data-publisher=\"adm-pub-155556240050\" data-ad-network=\"659428a24d11b285b616c18d\"   class=\"adm-ads-area\"><\/ins>\r\n<script type=\"text\/javascript\" src=\"https:\/\/static.cdn.admatic.com.tr\/showad\/showad.min.js\"><\/script>\r\n<!-- Admatic AUTO ads END --><\/div>\n<p>\u00c7orlu \u0130l\u00e7e Sa\u011fl\u0131k M\u00fcd\u00fcrl\u00fc\u011f\u00fc, kanserle m\u00fccadelede erken tan\u0131n\u0131n \u00f6nemine dikkat \u00e7ekerek vatanda\u015flara d\u00fczenli sa\u011fl\u0131k taramalar\u0131n\u0131 yapt\u0131rmalar\u0131 y\u00f6n\u00fcnde \u00e7a\u011fr\u0131da bulundu. Yap\u0131lan bilgilendirmede, kanserin herhangi bir belirti g\u00f6stermeden \u00f6nce tespit edilmesinin tedavi s\u00fcrecinde \u00f6nemli avantajlar sa\u011flayabilece\u011fi vurguland\u0131.<\/p>\n<p>Sa\u011fl\u0131k M\u00fcd\u00fcrl\u00fc\u011f\u00fc taraf\u0131ndan yap\u0131lan a\u00e7\u0131klamada, kanser taramalar\u0131n\u0131n yaln\u0131zca herhangi bir sa\u011fl\u0131k sorunu ya\u015fayan ki\u015filer i\u00e7in de\u011fil, belirli ya\u015f gruplar\u0131ndaki sa\u011fl\u0131kl\u0131 bireyler i\u00e7in de b\u00fcy\u00fck \u00f6nem ta\u015f\u0131d\u0131\u011f\u0131 belirtildi. Vatanda\u015flar\u0131n hastal\u0131k belirtisi ortaya \u00e7\u0131kmas\u0131n\u0131 beklemeden, ya\u015f ve ki\u015fisel risk fakt\u00f6rlerine g\u00f6re \u00f6nerilen tarama programlar\u0131na kat\u0131lmas\u0131 istendi.<\/p>\n<p><strong>Meme kanserinde mamografi \u00f6nerisi<\/strong><\/p>\n<p>Meme kanserinin erken a\u015famada belirlenmesine yard\u0131mc\u0131 olan mamografi taramas\u0131n\u0131n \u00f6nemine dikkat \u00e7ekildi. Bu kapsamda 40-69 ya\u015f aras\u0131ndaki kad\u0131nlar\u0131n iki y\u0131lda bir mamografi yapt\u0131rmalar\u0131 \u00f6nerildi.<\/p>\n<p>D\u00fczenli kontrollerin, meme kanserinin hen\u00fcz erken evredeyken fark edilmesine ve gerekli tedavinin zaman\u0131nda ba\u015flat\u0131lmas\u0131na katk\u0131 sa\u011flayabilece\u011fi ifade edildi.<\/p>\n<p><strong>Rahim a\u011fz\u0131 kanserine kar\u015f\u0131 HPV-DNA taramas\u0131<\/strong><\/p>\n<p>Rahim a\u011fz\u0131 kanserinin \u00f6nlenmesi ve erken d\u00f6nemde belirlenebilmesi amac\u0131yla HPV-DNA testlerinin de \u00f6nemli bir tarama y\u00f6ntemi oldu\u011fu bildirildi.<\/p>\n<p>30-65 ya\u015f grubundaki kad\u0131nlar\u0131n be\u015f y\u0131lda bir HPV-DNA testi yapt\u0131rmalar\u0131 gerekti\u011fi belirtilirken, d\u00fczenli taramalar\u0131n hastal\u0131\u011f\u0131n erken a\u015famada yakalanmas\u0131na ve baz\u0131 durumlarda geli\u015fiminin \u00f6nlenmesine olanak sa\u011flayabilece\u011fi kaydedildi.<\/p>\n<p><strong>Kal\u0131n ba\u011f\u0131rsak kanserinde d\u00fczenli kontrol \u00f6nemli<\/strong><\/p>\n<p>Kal\u0131n ba\u011f\u0131rsak kanserinin erken te\u015fhisinde kullan\u0131lan y\u00f6ntemlere de dikkat \u00e7ekildi. 50-70 ya\u015f aras\u0131ndaki kad\u0131n ve erkeklerin iki y\u0131lda bir gaitada gizli kan testi yapt\u0131rmalar\u0131 \u00f6nerilirken, kolonoskopinin ise 10 y\u0131lda bir uygulanmas\u0131 gerekti\u011fi belirtildi.<\/p>\n<p><strong>Belirti \u00e7\u0131kmas\u0131n\u0131 beklemeyin<\/strong><\/p>\n<p>\u00c7orlu \u0130l\u00e7e Sa\u011fl\u0131k M\u00fcd\u00fcrl\u00fc\u011f\u00fc, kanser taramalar\u0131n\u0131n temel amac\u0131n\u0131n hen\u00fcz herhangi bir belirti ortaya \u00e7\u0131kmadan hastal\u0131\u011f\u0131 tespit etmek oldu\u011funu hat\u0131rlatt\u0131.<\/p>\n<p>Vatanda\u015flar\u0131n tarama yapt\u0131rmak i\u00e7in \u015fik\u00e2yetlerinin ba\u015flamas\u0131n\u0131 beklememesi gerekti\u011fi vurgulan\u0131rken, erken tan\u0131n\u0131n tedavi s\u00fcrecinde daha fazla se\u00e7ene\u011fin de\u011ferlendirilmesine ve ba\u015far\u0131 \u015fans\u0131n\u0131n y\u00fckselmesine katk\u0131 sa\u011flayabilece\u011fi ifade edildi.<\/p>\n<p>Tarama programlar\u0131 hakk\u0131nda bilgi almak isteyen vatanda\u015flar\u0131n ya\u015flar\u0131, ailelerindeki hastal\u0131k \u00f6yk\u00fcs\u00fc ve ki\u015fisel risk durumlar\u0131 do\u011frultusunda Aile Sa\u011fl\u0131\u011f\u0131 Merkezlerine ba\u015fvurabilecekleri bildirildi.<\/p>\n<p>\u00c7orlu \u0130l\u00e7e Sa\u011fl\u0131k M\u00fcd\u00fcrl\u00fc\u011f\u00fc, kanser taramalar\u0131n\u0131n ihmal edilmemesi \u00e7a\u011fr\u0131s\u0131n\u0131 yineleyerek vatanda\u015flara \u201cKanserden korkma, ge\u00e7 kalmaktan kork. Erken te\u015fhis hayat kurtar\u0131r\u201d mesaj\u0131n\u0131 verdi.<\/p>\n<p>\u00c7orlu\u2019da \u00fccretsiz kanser taramas\u0131ndan faydalanmak isteyen vatanda\u015flar\u0131n <strong>Alipa\u015fa Sa\u011fl\u0131kl\u0131 Hayat Merkezi<\/strong> ile <strong>\u00c7orlu Sa\u011fl\u0131kl\u0131 Hayat Merkezi<\/strong>ne ba\u015fvurarak tarama hizmetleri hakk\u0131nda bilgi alabilecekleri belirtildi.<\/p>\n<div class=\"corlu-icerikten-sonra_3\" id=\"corlu-3434025816\"><p><img loading=\"lazy\" decoding=\"async\" class=\"aligncenter\" src=\"https:\/\/www.corludahaber.com\/bahcesehir.jpg\" alt=\"\" width=\"624\" height=\"196\" \/><\/p>\n<table style=\"text-align: left; width: 100%;\" border=\"1\" cellspacing=\"2\" cellpadding=\"2\">\n<tbody>\n<tr>\n<td style=\"background-color: #050805;\"><span style=\"font-size: 12pt;\"><small><small><em><strong><big><span style=\"color: #ff0000;\">Haber ve resimlerin telif haklar\u0131ndan dolay\u0131 kullan\u0131m\u0131 yasakt\u0131r<span style=\"color: #000000;\">.<\/span><\/span><span style=\"color: #000000;\">\u00a0<\/span><span style=\"color: #ffffff;\">Yaz\u0131l\u0131 izni al\u0131nmadan hi\u00e7bir yaz\u0131l\u0131, g\u00f6rsel, i\u015fitsel i\u00e7erik kopyalanamaz, de\u011fi\u015ftirilemez, yay\u0131nlanamaz veya sat\u0131lamaz. Aksi halde<\/span>\u00a0<span style=\"color: #ff0000;\">5846<span style=\"color: #ffffff;\">\u00a0<\/span><\/span><span style=\"color: #ffffff;\">say\u0131l\u0131 Fikir ve Sanat Eserleri Kanunu\u2019na ve<\/span>\u00a0<span style=\"color: #800000;\"><span style=\"color: #ff0000;\">6102<\/span><span style=\"color: #ffffff;\">\u00a0<\/span><\/span><span style=\"color: #ffffff;\">say\u0131l\u0131 maddesine g\u00f6re<\/span>\u00a0<span style=\"color: #ff0000;\">gerekli i\u015flemler uygulanacakt\u0131r.<\/span><br \/>\n<span style=\"color: #ffffff;\">\u00a9 Copyright 2014<\/span><\/big><\/strong><\/em><\/small><\/small><\/span><\/td>\n<\/tr>\n<\/tbody>\n<\/table>\n<p><small><small>\u00a0<\/small><\/small><\/p>\n<\/div>","protected":false},"excerpt":{"rendered":"<p>\u00c7orlu\u2019da Kanser Taramalar\u0131 \u0130\u00e7in Vatanda\u015flara \u00d6nemli \u00c7a\u011fr\u0131 \u00c7orlu \u0130l\u00e7e Sa\u011fl\u0131k M\u00fcd\u00fcrl\u00fc\u011f\u00fc, kanserle m\u00fccadelede erken tan\u0131n\u0131n \u00f6nemine dikkat \u00e7ekerek vatanda\u015flara d\u00fczenli sa\u011fl\u0131k taramalar\u0131n\u0131 yapt\u0131rmalar\u0131 y\u00f6n\u00fcnde \u00e7a\u011fr\u0131da bulundu. Yap\u0131lan bilgilendirmede, kanserin herhangi bir belirti g\u00f6stermeden \u00f6nce tespit edilmesinin tedavi s\u00fcrecinde \u00f6nemli avantajlar sa\u011flayabilece\u011fi vurguland\u0131. Sa\u011fl\u0131k M\u00fcd\u00fcrl\u00fc\u011f\u00fc taraf\u0131ndan yap\u0131lan a\u00e7\u0131klamada, kanser taramalar\u0131n\u0131n yaln\u0131zca herhangi bir sa\u011fl\u0131k sorunu ya\u015fayan &hellip;<\/p>\n","protected":false},"author":151,"featured_media":124148,"comment_status":"open","ping_status":"open","sticky":false,"template":"","format":"standard","meta":{"footnotes":""},"categories":[27],"tags":[8025,411,36663,9376,15478,840,5322,5093,35077,12919,4923,3661,21801,4258,36662],"class_list":["post-124147","post","type-post","status-publish","format-standard","has-post-thumbnail","hentry","category-yasam","tag-asayis","tag-corlu","tag-corlu-ilce-saglik-mudurlugunden-yasamsal-uyari-erken-teshis-hayat-kurtarir","tag-corlu-kaza","tag-corlu-son-dakika-kaza","tag-erken","tag-hayat","tag-ilce","tag-kurtarir","tag-mudurlugu","tag-saglik","tag-son-dakika-kaza","tag-teshis","tag-uyari","tag-yasamsal"],"yoast_head":"<!-- This site is optimized with the Yoast SEO Premium plugin v23.3 (Yoast SEO v23.3) - https:\/\/yoast.com\/wordpress\/plugins\/seo\/ -->\n<title>\u00c7orlu \u0130l\u00e7e Sa\u011fl\u0131k M\u00fcd\u00fcrl\u00fc\u011f\u00fc&#039;nden Ya\u015famsal Uyar\u0131: Erken Te\u015fhis Hayat Kurtar\u0131r | \u00c7orlu&#039;da Haber<\/title>\n<meta name=\"description\" content=\"\u00c7orlu \u0130l\u00e7e Sa\u011fl\u0131k M\u00fcd\u00fcrl\u00fc\u011f\u00fc&#039;nden Ya\u015famsal Uyar\u0131: Erken Te\u015fhis Hayat Kurtar\u0131r | Ya\u015fam \u00c7orlu&#039;da Haber\" \/>\n<meta name=\"robots\" content=\"index, follow, max-snippet:-1, max-image-preview:large, max-video-preview:-1\" \/>\n<link rel=\"canonical\" href=\"https:\/\/corludahaber.com\/h\/corlu-ilce-saglik-mudurlugunden-yasamsal-uyari-erken-teshis-hayat-kurtarir\/124147\" \/>\n<meta property=\"og:locale\" content=\"tr_TR\" \/>\n<meta property=\"og:type\" content=\"article\" \/>\n<meta property=\"og:title\" content=\"\u00c7orlu \u0130l\u00e7e Sa\u011fl\u0131k M\u00fcd\u00fcrl\u00fc\u011f\u00fc&#039;nden Ya\u015famsal Uyar\u0131: Erken Te\u015fhis Hayat Kurtar\u0131r | \u00c7orlu&#039;da Haber\" \/>\n<meta property=\"og:description\" content=\"\u00c7orlu \u0130l\u00e7e Sa\u011fl\u0131k M\u00fcd\u00fcrl\u00fc\u011f\u00fc&#039;nden Ya\u015famsal Uyar\u0131: Erken Te\u015fhis Hayat Kurtar\u0131r | Ya\u015fam \u00c7orlu&#039;da Haber\" \/>\n<meta property=\"og:url\" content=\"https:\/\/corludahaber.com\/h\/corlu-ilce-saglik-mudurlugunden-yasamsal-uyari-erken-teshis-hayat-kurtarir\/124147\" \/>\n<meta property=\"og:site_name\" content=\"\u00c7orlu&#039;da Haber\" \/>\n<meta property=\"article:publisher\" content=\"https:\/\/facebook.com\/habercorluda\" \/>\n<meta property=\"article:published_time\" content=\"2026-09-02T07:27:34+00:00\" \/>\n<meta property=\"og:image\" content=\"http:\/\/corludahaber.com\/h\/wp-content\/uploads\/2026\/09\/CORLUDA-kopyasi_20260902_102443_0000-1030x586.png\" \/>\n\t<meta property=\"og:image:width\" content=\"1030\" \/>\n\t<meta property=\"og:image:height\" content=\"586\" \/>\n\t<meta property=\"og:image:type\" content=\"image\/png\" \/>\n<meta name=\"author\" content=\"\u00c7orlu&#039;da Haber\" \/>\n<meta name=\"twitter:card\" content=\"summary_large_image\" \/>\n<meta name=\"twitter:creator\" content=\"@habercorluda\" \/>\n<meta name=\"twitter:site\" content=\"@habercorluda\" \/>\n<meta name=\"twitter:label1\" content=\"Yazan:\" \/>\n\t<meta name=\"twitter:data1\" content=\"\u00c7orlu&#039;da Haber\" \/>\n\t<meta name=\"twitter:label2\" content=\"Tahmini okuma s\u00fcresi\" \/>\n\t<meta name=\"twitter:data2\" content=\"3 dakika\" \/>\n<script type=\"application\/ld+json\" class=\"yoast-schema-graph\">{\"@context\":\"https:\/\/schema.org\",\"@graph\":[{\"@type\":\"Article\",\"@id\":\"https:\/\/corludahaber.com\/h\/corlu-ilce-saglik-mudurlugunden-yasamsal-uyari-erken-teshis-hayat-kurtarir\/124147#article\",\"isPartOf\":{\"@id\":\"https:\/\/corludahaber.com\/h\/corlu-ilce-saglik-mudurlugunden-yasamsal-uyari-erken-teshis-hayat-kurtarir\/124147\"},\"author\":{\"name\":\"\u00c7orlu'da Haber\",\"@id\":\"https:\/\/corludahaber.com\/h\/#\/schema\/person\/b523522be44b062db5d74a62589768cd\"},\"headline\":\"\u00c7orlu \u0130l\u00e7e Sa\u011fl\u0131k M\u00fcd\u00fcrl\u00fc\u011f\u00fc&#8217;nden Ya\u015famsal Uyar\u0131: Erken Te\u015fhis Hayat Kurtar\u0131r\",\"datePublished\":\"2026-09-02T07:27:34+00:00\",\"dateModified\":\"2026-09-02T07:27:34+00:00\",\"mainEntityOfPage\":{\"@id\":\"https:\/\/corludahaber.com\/h\/corlu-ilce-saglik-mudurlugunden-yasamsal-uyari-erken-teshis-hayat-kurtarir\/124147\"},\"wordCount\":529,\"commentCount\":0,\"publisher\":{\"@id\":\"https:\/\/corludahaber.com\/h\/#organization\"},\"image\":{\"@id\":\"https:\/\/corludahaber.com\/h\/corlu-ilce-saglik-mudurlugunden-yasamsal-uyari-erken-teshis-hayat-kurtarir\/124147#primaryimage\"},\"thumbnailUrl\":\"https:\/\/corludahaber.com\/h\/wp-content\/uploads\/2026\/09\/CORLUDA-kopyasi_20260902_102443_0000.png\",\"keywords\":[\"asayi\u015f\",\"\u00c7orlu\",\"\u00c7orlu \u0130l\u00e7e Sa\u011fl\u0131k M\u00fcd\u00fcrl\u00fc\u011f\u00fc'nden Ya\u015famsal Uyar\u0131: Erken Te\u015fhis Hayat Kurtar\u0131r\",\"\u00c7orlu kaza\",\"\u00c7orlu son dakika kaza\",\"Erken\",\"Hayat\",\"\u0130l\u00e7e\",\"kurtar\u0131r\",\"M\u00fcd\u00fcrl\u00fc\u011f\u00fc\",\"Sa\u011fl\u0131k\",\"son dakika kaza\",\"Te\u015fhis\",\"uyar\u0131\",\"Ya\u015famsal\"],\"articleSection\":[\"Ya\u015fam\"],\"inLanguage\":\"tr\",\"potentialAction\":[{\"@type\":\"CommentAction\",\"name\":\"Comment\",\"target\":[\"https:\/\/corludahaber.com\/h\/corlu-ilce-saglik-mudurlugunden-yasamsal-uyari-erken-teshis-hayat-kurtarir\/124147#respond\"]}]},{\"@type\":\"WebPage\",\"@id\":\"https:\/\/corludahaber.com\/h\/corlu-ilce-saglik-mudurlugunden-yasamsal-uyari-erken-teshis-hayat-kurtarir\/124147\",\"url\":\"https:\/\/corludahaber.com\/h\/corlu-ilce-saglik-mudurlugunden-yasamsal-uyari-erken-teshis-hayat-kurtarir\/124147\",\"name\":\"\u00c7orlu \u0130l\u00e7e Sa\u011fl\u0131k M\u00fcd\u00fcrl\u00fc\u011f\u00fc'nden Ya\u015famsal Uyar\u0131: Erken Te\u015fhis Hayat Kurtar\u0131r | \u00c7orlu&#039;da Haber\",\"isPartOf\":{\"@id\":\"https:\/\/corludahaber.com\/h\/#website\"},\"primaryImageOfPage\":{\"@id\":\"https:\/\/corludahaber.com\/h\/corlu-ilce-saglik-mudurlugunden-yasamsal-uyari-erken-teshis-hayat-kurtarir\/124147#primaryimage\"},\"image\":{\"@id\":\"https:\/\/corludahaber.com\/h\/corlu-ilce-saglik-mudurlugunden-yasamsal-uyari-erken-teshis-hayat-kurtarir\/124147#primaryimage\"},\"thumbnailUrl\":\"https:\/\/corludahaber.com\/h\/wp-content\/uploads\/2026\/09\/CORLUDA-kopyasi_20260902_102443_0000.png\",\"datePublished\":\"2026-09-02T07:27:34+00:00\",\"dateModified\":\"2026-09-02T07:27:34+00:00\",\"description\":\"\u00c7orlu \u0130l\u00e7e Sa\u011fl\u0131k M\u00fcd\u00fcrl\u00fc\u011f\u00fc'nden Ya\u015famsal Uyar\u0131: Erken Te\u015fhis Hayat Kurtar\u0131r | Ya\u015fam \u00c7orlu&#039;da Haber\",\"breadcrumb\":{\"@id\":\"https:\/\/corludahaber.com\/h\/corlu-ilce-saglik-mudurlugunden-yasamsal-uyari-erken-teshis-hayat-kurtarir\/124147#breadcrumb\"},\"inLanguage\":\"tr\",\"potentialAction\":[{\"@type\":\"ReadAction\",\"target\":[\"https:\/\/corludahaber.com\/h\/corlu-ilce-saglik-mudurlugunden-yasamsal-uyari-erken-teshis-hayat-kurtarir\/124147\"]}]},{\"@type\":\"ImageObject\",\"inLanguage\":\"tr\",\"@id\":\"https:\/\/corludahaber.com\/h\/corlu-ilce-saglik-mudurlugunden-yasamsal-uyari-erken-teshis-hayat-kurtarir\/124147#primaryimage\",\"url\":\"https:\/\/corludahaber.com\/h\/wp-content\/uploads\/2026\/09\/CORLUDA-kopyasi_20260902_102443_0000.png\",\"contentUrl\":\"https:\/\/corludahaber.com\/h\/wp-content\/uploads\/2026\/09\/CORLUDA-kopyasi_20260902_102443_0000.png\",\"width\":1662,\"height\":946},{\"@type\":\"BreadcrumbList\",\"@id\":\"https:\/\/corludahaber.com\/h\/corlu-ilce-saglik-mudurlugunden-yasamsal-uyari-erken-teshis-hayat-kurtarir\/124147#breadcrumb\",\"itemListElement\":[{\"@type\":\"ListItem\",\"position\":1,\"name\":\"Anasayfa\",\"item\":\"https:\/\/corludahaber.com\/h\/anasayfa\"},{\"@type\":\"ListItem\",\"position\":2,\"name\":\"Ya\u015fam\",\"item\":\"https:\/\/corludahaber.com\/h\/kategori\/yasam\"},{\"@type\":\"ListItem\",\"position\":3,\"name\":\"\u00c7orlu \u0130l\u00e7e Sa\u011fl\u0131k M\u00fcd\u00fcrl\u00fc\u011f\u00fc&#8217;nden Ya\u015famsal Uyar\u0131: Erken Te\u015fhis Hayat Kurtar\u0131r\"}]},{\"@type\":\"WebSite\",\"@id\":\"https:\/\/corludahaber.com\/h\/#website\",\"url\":\"https:\/\/corludahaber.com\/h\/\",\"name\":\"\u00c7orlu'da Haber\",\"description\":\"Ger\u00e7ek Tarafs\u0131z Haber\",\"publisher\":{\"@id\":\"https:\/\/corludahaber.com\/h\/#organization\"},\"potentialAction\":[{\"@type\":\"SearchAction\",\"target\":{\"@type\":\"EntryPoint\",\"urlTemplate\":\"https:\/\/corludahaber.com\/h\/?s={search_term_string}\"},\"query-input\":\"required name=search_term_string\"}],\"inLanguage\":\"tr\"},{\"@type\":\"Organization\",\"@id\":\"https:\/\/corludahaber.com\/h\/#organization\",\"name\":\"\u00c7orlu'da Haber\",\"url\":\"https:\/\/corludahaber.com\/h\/\",\"logo\":{\"@type\":\"ImageObject\",\"inLanguage\":\"tr\",\"@id\":\"https:\/\/corludahaber.com\/h\/#\/schema\/logo\/image\/\",\"url\":\"https:\/\/corludahaber.com\/h\/wp-content\/uploads\/2021\/12\/logo__9__1_-removebg-preview.png\",\"contentUrl\":\"https:\/\/corludahaber.com\/h\/wp-content\/uploads\/2021\/12\/logo__9__1_-removebg-preview.png\",\"width\":500,\"height\":157,\"caption\":\"\u00c7orlu'da Haber\"},\"image\":{\"@id\":\"https:\/\/corludahaber.com\/h\/#\/schema\/logo\/image\/\"},\"sameAs\":[\"https:\/\/facebook.com\/habercorluda\",\"https:\/\/x.com\/habercorluda\",\"https:\/\/www.instagram.com\/corludahaber\",\"https:\/\/www.youtube.com\/user\/corludahaber\"]},{\"@type\":\"Person\",\"@id\":\"https:\/\/corludahaber.com\/h\/#\/schema\/person\/b523522be44b062db5d74a62589768cd\",\"name\":\"\u00c7orlu'da Haber\",\"image\":{\"@type\":\"ImageObject\",\"inLanguage\":\"tr\",\"@id\":\"https:\/\/corludahaber.com\/h\/#\/schema\/person\/image\/\",\"url\":\"https:\/\/secure.gravatar.com\/avatar\/1033e54e078c29fd7f053370086ff627ba414b05c2b231c418a481adecd764ce?s=96&d=blank&r=g\",\"contentUrl\":\"https:\/\/secure.gravatar.com\/avatar\/1033e54e078c29fd7f053370086ff627ba414b05c2b231c418a481adecd764ce?s=96&d=blank&r=g\",\"caption\":\"\u00c7orlu'da Haber\"},\"sameAs\":[\"https:\/\/corludahaber.com\/h\"],\"url\":\"https:\/\/corludahaber.com\/h\/author\/admin\"}]}<\/script>\n<!-- \/ Yoast SEO Premium plugin. -->","yoast_head_json":{"title":"\u00c7orlu \u0130l\u00e7e Sa\u011fl\u0131k M\u00fcd\u00fcrl\u00fc\u011f\u00fc'nden Ya\u015famsal Uyar\u0131: Erken Te\u015fhis Hayat Kurtar\u0131r | \u00c7orlu&#039;da Haber","description":"\u00c7orlu \u0130l\u00e7e Sa\u011fl\u0131k M\u00fcd\u00fcrl\u00fc\u011f\u00fc'nden Ya\u015famsal Uyar\u0131: Erken Te\u015fhis Hayat Kurtar\u0131r | Ya\u015fam \u00c7orlu&#039;da Haber","robots":{"index":"index","follow":"follow","max-snippet":"max-snippet:-1","max-image-preview":"max-image-preview:large","max-video-preview":"max-video-preview:-1"},"canonical":"https:\/\/corludahaber.com\/h\/corlu-ilce-saglik-mudurlugunden-yasamsal-uyari-erken-teshis-hayat-kurtarir\/124147","og_locale":"tr_TR","og_type":"article","og_title":"\u00c7orlu \u0130l\u00e7e Sa\u011fl\u0131k M\u00fcd\u00fcrl\u00fc\u011f\u00fc'nden Ya\u015famsal Uyar\u0131: Erken Te\u015fhis Hayat Kurtar\u0131r | \u00c7orlu&#039;da Haber","og_description":"\u00c7orlu \u0130l\u00e7e Sa\u011fl\u0131k M\u00fcd\u00fcrl\u00fc\u011f\u00fc'nden Ya\u015famsal Uyar\u0131: Erken Te\u015fhis Hayat Kurtar\u0131r | Ya\u015fam \u00c7orlu&#039;da Haber","og_url":"https:\/\/corludahaber.com\/h\/corlu-ilce-saglik-mudurlugunden-yasamsal-uyari-erken-teshis-hayat-kurtarir\/124147","og_site_name":"\u00c7orlu&#039;da Haber","article_publisher":"https:\/\/facebook.com\/habercorluda","article_published_time":"2026-09-02T07:27:34+00:00","og_image":[{"width":1030,"height":586,"url":"http:\/\/corludahaber.com\/h\/wp-content\/uploads\/2026\/09\/CORLUDA-kopyasi_20260902_102443_0000-1030x586.png","type":"image\/png"}],"author":"\u00c7orlu'da Haber","twitter_card":"summary_large_image","twitter_creator":"@habercorluda","twitter_site":"@habercorluda","twitter_misc":{"Yazan:":"\u00c7orlu'da Haber","Tahmini okuma s\u00fcresi":"3 dakika"},"schema":{"@context":"https:\/\/schema.org","@graph":[{"@type":"Article","@id":"https:\/\/corludahaber.com\/h\/corlu-ilce-saglik-mudurlugunden-yasamsal-uyari-erken-teshis-hayat-kurtarir\/124147#article","isPartOf":{"@id":"https:\/\/corludahaber.com\/h\/corlu-ilce-saglik-mudurlugunden-yasamsal-uyari-erken-teshis-hayat-kurtarir\/124147"},"author":{"name":"\u00c7orlu'da Haber","@id":"https:\/\/corludahaber.com\/h\/#\/schema\/person\/b523522be44b062db5d74a62589768cd"},"headline":"\u00c7orlu \u0130l\u00e7e Sa\u011fl\u0131k M\u00fcd\u00fcrl\u00fc\u011f\u00fc&#8217;nden Ya\u015famsal Uyar\u0131: Erken Te\u015fhis Hayat Kurtar\u0131r","datePublished":"2026-09-02T07:27:34+00:00","dateModified":"2026-09-02T07:27:34+00:00","mainEntityOfPage":{"@id":"https:\/\/corludahaber.com\/h\/corlu-ilce-saglik-mudurlugunden-yasamsal-uyari-erken-teshis-hayat-kurtarir\/124147"},"wordCount":529,"commentCount":0,"publisher":{"@id":"https:\/\/corludahaber.com\/h\/#organization"},"image":{"@id":"https:\/\/corludahaber.com\/h\/corlu-ilce-saglik-mudurlugunden-yasamsal-uyari-erken-teshis-hayat-kurtarir\/124147#primaryimage"},"thumbnailUrl":"https:\/\/corludahaber.com\/h\/wp-content\/uploads\/2026\/09\/CORLUDA-kopyasi_20260902_102443_0000.png","keywords":["asayi\u015f","\u00c7orlu","\u00c7orlu \u0130l\u00e7e Sa\u011fl\u0131k M\u00fcd\u00fcrl\u00fc\u011f\u00fc'nden Ya\u015famsal Uyar\u0131: Erken Te\u015fhis Hayat Kurtar\u0131r","\u00c7orlu kaza","\u00c7orlu son dakika kaza","Erken","Hayat","\u0130l\u00e7e","kurtar\u0131r","M\u00fcd\u00fcrl\u00fc\u011f\u00fc","Sa\u011fl\u0131k","son dakika kaza","Te\u015fhis","uyar\u0131","Ya\u015famsal"],"articleSection":["Ya\u015fam"],"inLanguage":"tr","potentialAction":[{"@type":"CommentAction","name":"Comment","target":["https:\/\/corludahaber.com\/h\/corlu-ilce-saglik-mudurlugunden-yasamsal-uyari-erken-teshis-hayat-kurtarir\/124147#respond"]}]},{"@type":"WebPage","@id":"https:\/\/corludahaber.com\/h\/corlu-ilce-saglik-mudurlugunden-yasamsal-uyari-erken-teshis-hayat-kurtarir\/124147","url":"https:\/\/corludahaber.com\/h\/corlu-ilce-saglik-mudurlugunden-yasamsal-uyari-erken-teshis-hayat-kurtarir\/124147","name":"\u00c7orlu \u0130l\u00e7e Sa\u011fl\u0131k M\u00fcd\u00fcrl\u00fc\u011f\u00fc'nden Ya\u015famsal Uyar\u0131: Erken Te\u015fhis Hayat Kurtar\u0131r | \u00c7orlu&#039;da Haber","isPartOf":{"@id":"https:\/\/corludahaber.com\/h\/#website"},"primaryImageOfPage":{"@id":"https:\/\/corludahaber.com\/h\/corlu-ilce-saglik-mudurlugunden-yasamsal-uyari-erken-teshis-hayat-kurtarir\/124147#primaryimage"},"image":{"@id":"https:\/\/corludahaber.com\/h\/corlu-ilce-saglik-mudurlugunden-yasamsal-uyari-erken-teshis-hayat-kurtarir\/124147#primaryimage"},"thumbnailUrl":"https:\/\/corludahaber.com\/h\/wp-content\/uploads\/2026\/09\/CORLUDA-kopyasi_20260902_102443_0000.png","datePublished":"2026-09-02T07:27:34+00:00","dateModified":"2026-09-02T07:27:34+00:00","description":"\u00c7orlu \u0130l\u00e7e Sa\u011fl\u0131k M\u00fcd\u00fcrl\u00fc\u011f\u00fc'nden Ya\u015famsal Uyar\u0131: Erken Te\u015fhis Hayat Kurtar\u0131r | Ya\u015fam \u00c7orlu&#039;da Haber","breadcrumb":{"@id":"https:\/\/corludahaber.com\/h\/corlu-ilce-saglik-mudurlugunden-yasamsal-uyari-erken-teshis-hayat-kurtarir\/124147#breadcrumb"},"inLanguage":"tr","potentialAction":[{"@type":"ReadAction","target":["https:\/\/corludahaber.com\/h\/corlu-ilce-saglik-mudurlugunden-yasamsal-uyari-erken-teshis-hayat-kurtarir\/124147"]}]},{"@type":"ImageObject","inLanguage":"tr","@id":"https:\/\/corludahaber.com\/h\/corlu-ilce-saglik-mudurlugunden-yasamsal-uyari-erken-teshis-hayat-kurtarir\/124147#primaryimage","url":"https:\/\/corludahaber.com\/h\/wp-content\/uploads\/2026\/09\/CORLUDA-kopyasi_20260902_102443_0000.png","contentUrl":"https:\/\/corludahaber.com\/h\/wp-content\/uploads\/2026\/09\/CORLUDA-kopyasi_20260902_102443_0000.png","width":1662,"height":946},{"@type":"BreadcrumbList","@id":"https:\/\/corludahaber.com\/h\/corlu-ilce-saglik-mudurlugunden-yasamsal-uyari-erken-teshis-hayat-kurtarir\/124147#breadcrumb","itemListElement":[{"@type":"ListItem","position":1,"name":"Anasayfa","item":"https:\/\/corludahaber.com\/h\/anasayfa"},{"@type":"ListItem","position":2,"name":"Ya\u015fam","item":"https:\/\/corludahaber.com\/h\/kategori\/yasam"},{"@type":"ListItem","position":3,"name":"\u00c7orlu \u0130l\u00e7e Sa\u011fl\u0131k M\u00fcd\u00fcrl\u00fc\u011f\u00fc&#8217;nden Ya\u015famsal Uyar\u0131: Erken Te\u015fhis Hayat Kurtar\u0131r"}]},{"@type":"WebSite","@id":"https:\/\/corludahaber.com\/h\/#website","url":"https:\/\/corludahaber.com\/h\/","name":"\u00c7orlu'da Haber","description":"Ger\u00e7ek Tarafs\u0131z Haber","publisher":{"@id":"https:\/\/corludahaber.com\/h\/#organization"},"potentialAction":[{"@type":"SearchAction","target":{"@type":"EntryPoint","urlTemplate":"https:\/\/corludahaber.com\/h\/?s={search_term_string}"},"query-input":"required name=search_term_string"}],"inLanguage":"tr"},{"@type":"Organization","@id":"https:\/\/corludahaber.com\/h\/#organization","name":"\u00c7orlu'da Haber","url":"https:\/\/corludahaber.com\/h\/","logo":{"@type":"ImageObject","inLanguage":"tr","@id":"https:\/\/corludahaber.com\/h\/#\/schema\/logo\/image\/","url":"https:\/\/corludahaber.com\/h\/wp-content\/uploads\/2021\/12\/logo__9__1_-removebg-preview.png","contentUrl":"https:\/\/corludahaber.com\/h\/wp-content\/uploads\/2021\/12\/logo__9__1_-removebg-preview.png","width":500,"height":157,"caption":"\u00c7orlu'da Haber"},"image":{"@id":"https:\/\/corludahaber.com\/h\/#\/schema\/logo\/image\/"},"sameAs":["https:\/\/facebook.com\/habercorluda","https:\/\/x.com\/habercorluda","https:\/\/www.instagram.com\/corludahaber","https:\/\/www.youtube.com\/user\/corludahaber"]},{"@type":"Person","@id":"https:\/\/corludahaber.com\/h\/#\/schema\/person\/b523522be44b062db5d74a62589768cd","name":"\u00c7orlu'da Haber","image":{"@type":"ImageObject","inLanguage":"tr","@id":"https:\/\/corludahaber.com\/h\/#\/schema\/person\/image\/","url":"https:\/\/secure.gravatar.com\/avatar\/1033e54e078c29fd7f053370086ff627ba414b05c2b231c418a481adecd764ce?s=96&d=blank&r=g","contentUrl":"https:\/\/secure.gravatar.com\/avatar\/1033e54e078c29fd7f053370086ff627ba414b05c2b231c418a481adecd764ce?s=96&d=blank&r=g","caption":"\u00c7orlu'da Haber"},"sameAs":["https:\/\/corludahaber.com\/h"],"url":"https:\/\/corludahaber.com\/h\/author\/admin"}]}},"_links":{"self":[{"href":"https:\/\/corludahaber.com\/h\/wp-json\/wp\/v2\/posts\/124147","targetHints":{"allow":["GET"]}}],"collection":[{"href":"https:\/\/corludahaber.com\/h\/wp-json\/wp\/v2\/posts"}],"about":[{"href":"https:\/\/corludahaber.com\/h\/wp-json\/wp\/v2\/types\/post"}],"author":[{"embeddable":true,"href":"https:\/\/corludahaber.com\/h\/wp-json\/wp\/v2\/users\/151"}],"replies":[{"embeddable":true,"href":"https:\/\/corludahaber.com\/h\/wp-json\/wp\/v2\/comments?post=124147"}],"version-history":[{"count":1,"href":"https:\/\/corludahaber.com\/h\/wp-json\/wp\/v2\/posts\/124147\/revisions"}],"predecessor-version":[{"id":124149,"href":"https:\/\/corludahaber.com\/h\/wp-json\/wp\/v2\/posts\/124147\/revisions\/124149"}],"wp:featuredmedia":[{"embeddable":true,"href":"https:\/\/corludahaber.com\/h\/wp-json\/wp\/v2\/media\/124148"}],"wp:attachment":[{"href":"https:\/\/corludahaber.com\/h\/wp-json\/wp\/v2\/media?parent=124147"}],"wp:term":[{"taxonomy":"category","embeddable":true,"href":"https:\/\/corludahaber.com\/h\/wp-json\/wp\/v2\/categories?post=124147"},{"taxonomy":"post_tag","embeddable":true,"href":"https:\/\/corludahaber.com\/h\/wp-json\/wp\/v2\/tags?post=124147"}],"curies":[{"name":"wp","href":"https:\/\/api.w.org\/{rel}","templated":true}]}}