{"id":124137,"date":"2026-09-01T21:44:48","date_gmt":"2026-09-01T18:44:48","guid":{"rendered":"https:\/\/corludahaber.com\/h\/edirnede-tartistigi-2-kisiye-otomobiliyle-carpti-o-anlar-kamerada-2\/124137"},"modified":"2026-09-01T21:45:29","modified_gmt":"2026-09-01T18:45:29","slug":"edirnede-tartistigi-2-kisiye-otomobiliyle-carpti-o-anlar-kamerada-2","status":"publish","type":"post","link":"https:\/\/corludahaber.com\/h\/edirnede-tartistigi-2-kisiye-otomobiliyle-carpti-o-anlar-kamerada-2\/124137","title":{"rendered":"Edirne&#8217;de tart\u0131\u015ft\u0131\u011f\u0131 2 ki\u015fiye otomobiliyle \u00e7arpt\u0131; o anlar kamerada (2)"},"content":{"rendered":"<div class=\"corlu-icerikten-once_3\" id=\"corlu-1581183705\"><script type='text\/javascript' src='https:\/\/platform-api.sharethis.com\/js\/sharethis.js#property=5ce8cf08af7d000012cb0ca1&product=inline-reaction-buttons' async='async'><\/script>\r\n\r\n<\/div><div readability=\"57\"><span class=\"category-name hidden\"><\/span><\/p><div class=\"corlu-icerik-2\" id=\"corlu-2017277538\"><!-- Admatic AUTO ads START -->\r\n<ins data-publisher=\"adm-pub-155556240050\" data-ad-network=\"659428a24d11b285b616c18d\"   class=\"adm-ads-area\"><\/ins>\r\n<script type=\"text\/javascript\" src=\"https:\/\/static.cdn.admatic.com.tr\/showad\/showad.min.js\"><\/script>\r\n<!-- Admatic AUTO ads END --><\/div>\n<p>&#8216;HEDEF G\u00d6ZETEREK YARALIYOR&#8217;<\/p>\n<p>Edirne\u2019de O.N.\u2019nin otomobiliyle \u00e7arparak 2 \u00e7al\u0131\u015fan\u0131 yaralad\u0131\u011f\u0131 dinlenme tesisinin m\u00fcd\u00fcr\u00fc Recep Erdo\u011fan, olayda hedef g\u00f6zetilerek \u00f6ld\u00fcrmeye te\u015febb\u00fcs oldu\u011funu iddia etti. Erdo\u011fan, olay an\u0131n\u0131 anlatarak, &#8220;G\u00f6rd\u00fc\u011f\u00fcm\u00fcz kadar\u0131yla burada markette \u00e7al\u0131\u015fan arkada\u015f\u0131m\u0131za hakaretle ba\u015flayan bir mesele. \u0130lk \u00f6nce pompa istasyonunda yap\u0131yorlar. Ard\u0131ndan i\u00e7eride sorun \u00e7\u0131karmaya ba\u015fl\u0131yorlar. Bizim arkada\u015f\u0131m\u0131z da bu i\u015fin b\u00f6yle olmad\u0131\u011f\u0131n\u0131, bu \u015fekilde ancak al\u0131\u015fveri\u015f yapabileceklerini s\u00f6yleyince, arkada\u015f\u0131m\u0131za k\u00fcfrediyorlar. Konu\u015fmalar \u015fiddetlenince orada ufak bir arbede oluyor, d\u0131\u015far\u0131ya ta\u015f\u0131yor mesele. O s\u0131rada buradaki \u00e7al\u0131\u015fanlar\u0131m\u0131z ve misafirlerimiz olay b\u00fcy\u00fcmesin, yat\u0131\u015ft\u0131ral\u0131m diyerek o \u015fah\u0131slar\u0131 \u00e7\u0131karmaya \u00e7al\u0131\u015f\u0131yorlar. Bu s\u0131rada bu olay\u0131n failleri bizim arkada\u015flar\u0131n \u00fczerine ara\u00e7 s\u00fcr\u00fcyor. Ba\u015ftan pompada \u00e7al\u0131\u015fan bir arkada\u015f\u0131m\u0131z\u0131n \u00fczerine s\u00fcr\u00fcyor. O ka\u00e7\u0131p kurtuluyor. Akabinde tekrar direksiyonu k\u0131r\u0131p bu sefer hedef g\u00f6zeterek, arac\u0131n\u0131 direkt insanlar\u0131n \u00fczerine s\u00fcr\u00fcp iki \u00e7al\u0131\u015fan\u0131m\u0131z\u0131 yaral\u0131yor&#8221; diye konu\u015ftu.<\/p>\n<p>&#8216;DURUMLARI C\u0130DD\u0130YET\u0130N\u0130 KORUYOR&#8217;<\/p>\n<p>\u0130ki yaral\u0131n\u0131n durumlar\u0131na da de\u011finen Erdo\u011fan, &#8220;\u00c7al\u0131\u015fanlar\u0131m\u0131z\u0131n durumu ciddiyetini koruyor. En son ak\u015fam hastanede gece \u00fc\u00e7 bu\u00e7u\u011fa kadar devam eden tedavileri vard\u0131. Bu olay\u0131n tamamen adam \u00f6ld\u00fcrmeye te\u015febb\u00fcs oldu\u011funa art\u0131k biz kanaat getirdik. Farkl\u0131 bir boyut g\u00f6remiyoruz burada. Akabinde kendileri Hamzabeyli&#8217;ye do\u011fru ka\u00e7t\u0131. Ka\u00e7t\u0131ktan sonra biz zaten yapabilece\u011fimiz en do\u011fru \u015feyi yapt\u0131k, kolluk kuvvetlerine haber verdik. Kolluk kuvvetleri de sa\u011f olsunlar onlar\u0131 Hamzabeyli s\u0131n\u0131r kap\u0131s\u0131n\u0131n \u00f6n\u00fcnde bildi\u011fim kadar\u0131yla ald\u0131lar. Ald\u0131ktan sonraki s\u00fcre\u00e7te adli takip ba\u015flad\u0131. Sonras\u0131n\u0131 bilmiyoruz&#8221; dedi. (Haber Merkezi)<\/p>\n<p>  \/ED\u0130RNE, (Haber Merkezi)<\/p>\n<\/div>\n<div class=\"corlu-icerikten-sonra_3\" id=\"corlu-2787088537\"><p><img loading=\"lazy\" decoding=\"async\" class=\"aligncenter\" src=\"https:\/\/www.corludahaber.com\/bahcesehir.jpg\" alt=\"\" width=\"624\" height=\"196\" \/><\/p>\n<table style=\"text-align: left; width: 100%;\" border=\"1\" cellspacing=\"2\" cellpadding=\"2\">\n<tbody>\n<tr>\n<td style=\"background-color: #050805;\"><span style=\"font-size: 12pt;\"><small><small><em><strong><big><span style=\"color: #ff0000;\">Haber ve resimlerin telif haklar\u0131ndan dolay\u0131 kullan\u0131m\u0131 yasakt\u0131r<span style=\"color: #000000;\">.<\/span><\/span><span style=\"color: #000000;\">\u00a0<\/span><span style=\"color: #ffffff;\">Yaz\u0131l\u0131 izni al\u0131nmadan hi\u00e7bir yaz\u0131l\u0131, g\u00f6rsel, i\u015fitsel i\u00e7erik kopyalanamaz, de\u011fi\u015ftirilemez, yay\u0131nlanamaz veya sat\u0131lamaz. Aksi halde<\/span>\u00a0<span style=\"color: #ff0000;\">5846<span style=\"color: #ffffff;\">\u00a0<\/span><\/span><span style=\"color: #ffffff;\">say\u0131l\u0131 Fikir ve Sanat Eserleri Kanunu\u2019na ve<\/span>\u00a0<span style=\"color: #800000;\"><span style=\"color: #ff0000;\">6102<\/span><span style=\"color: #ffffff;\">\u00a0<\/span><\/span><span style=\"color: #ffffff;\">say\u0131l\u0131 maddesine g\u00f6re<\/span>\u00a0<span style=\"color: #ff0000;\">gerekli i\u015flemler uygulanacakt\u0131r.<\/span><br \/>\n<span style=\"color: #ffffff;\">\u00a9 Copyright 2014<\/span><\/big><\/strong><\/em><\/small><\/small><\/span><\/td>\n<\/tr>\n<\/tbody>\n<\/table>\n<p><small><small>\u00a0<\/small><\/small><\/p>\n<\/div>","protected":false},"excerpt":{"rendered":"<p>&#8216;HEDEF G\u00d6ZETEREK YARALIYOR&#8217; Edirne\u2019de O.N.\u2019nin otomobiliyle \u00e7arparak 2 \u00e7al\u0131\u015fan\u0131 yaralad\u0131\u011f\u0131 dinlenme tesisinin m\u00fcd\u00fcr\u00fc Recep Erdo\u011fan, olayda hedef g\u00f6zetilerek \u00f6ld\u00fcrmeye te\u015febb\u00fcs oldu\u011funu iddia etti. Erdo\u011fan, olay an\u0131n\u0131 anlatarak, &#8220;G\u00f6rd\u00fc\u011f\u00fcm\u00fcz kadar\u0131yla burada markette \u00e7al\u0131\u015fan arkada\u015f\u0131m\u0131za hakaretle ba\u015flayan bir mesele. \u0130lk \u00f6nce pompa istasyonunda yap\u0131yorlar. Ard\u0131ndan i\u00e7eride sorun \u00e7\u0131karmaya ba\u015fl\u0131yorlar. Bizim arkada\u015f\u0131m\u0131z da bu i\u015fin b\u00f6yle olmad\u0131\u011f\u0131n\u0131, bu &hellip;<\/p>\n","protected":false},"author":151,"featured_media":124140,"comment_status":"open","ping_status":"closed","sticky":false,"template":"","format":"standard","meta":{"footnotes":""},"categories":[121],"tags":[6691,8025,519,9376,15478,728,36661,194,631,12310,3661,1425],"class_list":["post-124137","post","type-post","status-publish","format-standard","has-post-thumbnail","hentry","category-edirne","tag-anlar","tag-asayis","tag-carpti","tag-corlu-kaza","tag-corlu-son-dakika-kaza","tag-edirne","tag-edirnede-tartistigi-2-kisiye-otomobiliyle-carpti-o-anlar-kamerada-2","tag-kamerada","tag-kisiye","tag-otomobiliyle","tag-son-dakika-kaza","tag-tartistigi"],"yoast_head":"<!-- This site is optimized with the Yoast SEO Premium plugin v23.3 (Yoast SEO v23.3) - https:\/\/yoast.com\/wordpress\/plugins\/seo\/ -->\n<title>Edirne&#039;de tart\u0131\u015ft\u0131\u011f\u0131 2 ki\u015fiye otomobiliyle \u00e7arpt\u0131; o anlar kamerada (2) | \u00c7orlu&#039;da Haber<\/title>\n<meta name=\"description\" content=\"Edirne&#039;de tart\u0131\u015ft\u0131\u011f\u0131 2 ki\u015fiye otomobiliyle \u00e7arpt\u0131; o anlar kamerada (2) | \u00c7orlu&#039;da Haber\" \/>\n<meta name=\"robots\" content=\"index, follow, max-snippet:-1, max-image-preview:large, max-video-preview:-1\" \/>\n<link rel=\"canonical\" href=\"https:\/\/corludahaber.com\/h\/edirnede-tartistigi-2-kisiye-otomobiliyle-carpti-o-anlar-kamerada-2\/124137\" \/>\n<meta property=\"og:locale\" content=\"tr_TR\" \/>\n<meta property=\"og:type\" content=\"article\" \/>\n<meta property=\"og:title\" content=\"Edirne&#039;de tart\u0131\u015ft\u0131\u011f\u0131 2 ki\u015fiye otomobiliyle \u00e7arpt\u0131; o anlar kamerada (2) | \u00c7orlu&#039;da Haber\" \/>\n<meta property=\"og:description\" content=\"Edirne&#039;de tart\u0131\u015ft\u0131\u011f\u0131 2 ki\u015fiye otomobiliyle \u00e7arpt\u0131; o anlar kamerada (2) | \u00c7orlu&#039;da Haber\" \/>\n<meta property=\"og:url\" content=\"https:\/\/corludahaber.com\/h\/edirnede-tartistigi-2-kisiye-otomobiliyle-carpti-o-anlar-kamerada-2\/124137\" \/>\n<meta property=\"og:site_name\" content=\"\u00c7orlu&#039;da Haber\" \/>\n<meta property=\"article:publisher\" content=\"https:\/\/facebook.com\/habercorluda\" \/>\n<meta property=\"article:published_time\" content=\"2026-09-01T18:44:48+00:00\" \/>\n<meta property=\"article:modified_time\" content=\"2026-09-01T18:45:29+00:00\" \/>\n<meta property=\"og:image\" content=\"http:\/\/corludahaber.com\/h\/wp-content\/uploads\/2026\/09\/edirnede-tartistigi-2-kisiye-otomobiliyle-carpti-o-anlar-kamerada-2_6a971d3ee7151.jpeg\" \/>\n\t<meta property=\"og:image:width\" content=\"1325\" \/>\n\t<meta property=\"og:image:height\" content=\"782\" \/>\n\t<meta property=\"og:image:type\" content=\"image\/jpeg\" \/>\n<meta name=\"author\" content=\"\u00c7orlu&#039;da Haber\" \/>\n<meta name=\"twitter:card\" content=\"summary_large_image\" \/>\n<meta name=\"twitter:creator\" content=\"@habercorluda\" \/>\n<meta name=\"twitter:site\" content=\"@habercorluda\" \/>\n<meta name=\"twitter:label1\" content=\"Yazan:\" \/>\n\t<meta name=\"twitter:data1\" content=\"\u00c7orlu&#039;da Haber\" \/>\n\t<meta name=\"twitter:label2\" content=\"Tahmini okuma s\u00fcresi\" \/>\n\t<meta name=\"twitter:data2\" content=\"2 dakika\" \/>\n<script type=\"application\/ld+json\" class=\"yoast-schema-graph\">{\"@context\":\"https:\/\/schema.org\",\"@graph\":[{\"@type\":\"Article\",\"@id\":\"https:\/\/corludahaber.com\/h\/edirnede-tartistigi-2-kisiye-otomobiliyle-carpti-o-anlar-kamerada-2\/124137#article\",\"isPartOf\":{\"@id\":\"https:\/\/corludahaber.com\/h\/edirnede-tartistigi-2-kisiye-otomobiliyle-carpti-o-anlar-kamerada-2\/124137\"},\"author\":{\"name\":\"\u00c7orlu'da Haber\",\"@id\":\"https:\/\/corludahaber.com\/h\/#\/schema\/person\/b523522be44b062db5d74a62589768cd\"},\"headline\":\"Edirne&#8217;de tart\u0131\u015ft\u0131\u011f\u0131 2 ki\u015fiye otomobiliyle \u00e7arpt\u0131; o anlar kamerada (2)\",\"datePublished\":\"2026-09-01T18:44:48+00:00\",\"dateModified\":\"2026-09-01T18:45:29+00:00\",\"mainEntityOfPage\":{\"@id\":\"https:\/\/corludahaber.com\/h\/edirnede-tartistigi-2-kisiye-otomobiliyle-carpti-o-anlar-kamerada-2\/124137\"},\"wordCount\":343,\"commentCount\":0,\"publisher\":{\"@id\":\"https:\/\/corludahaber.com\/h\/#organization\"},\"image\":{\"@id\":\"https:\/\/corludahaber.com\/h\/edirnede-tartistigi-2-kisiye-otomobiliyle-carpti-o-anlar-kamerada-2\/124137#primaryimage\"},\"thumbnailUrl\":\"https:\/\/corludahaber.com\/h\/wp-content\/uploads\/2026\/09\/edirnede-tartistigi-2-kisiye-otomobiliyle-carpti-o-anlar-kamerada-2_6a971d3ee7151.jpeg\",\"keywords\":[\"anlar\",\"asayi\u015f\",\"\u00c7arpt\u0131\",\"\u00c7orlu kaza\",\"\u00c7orlu son dakika kaza\",\"Edirne\",\"Edirne'de tart\u0131\u015ft\u0131\u011f\u0131 2 ki\u015fiye otomobiliyle \u00e7arpt\u0131; o anlar kamerada (2)\",\"kamerada\",\"ki\u015fiye\",\"otomobiliyle\",\"son dakika kaza\",\"Tart\u0131\u015ft\u0131\u011f\u0131\"],\"articleSection\":[\"Edirne\"],\"inLanguage\":\"tr\",\"potentialAction\":[{\"@type\":\"CommentAction\",\"name\":\"Comment\",\"target\":[\"https:\/\/corludahaber.com\/h\/edirnede-tartistigi-2-kisiye-otomobiliyle-carpti-o-anlar-kamerada-2\/124137#respond\"]}]},{\"@type\":\"WebPage\",\"@id\":\"https:\/\/corludahaber.com\/h\/edirnede-tartistigi-2-kisiye-otomobiliyle-carpti-o-anlar-kamerada-2\/124137\",\"url\":\"https:\/\/corludahaber.com\/h\/edirnede-tartistigi-2-kisiye-otomobiliyle-carpti-o-anlar-kamerada-2\/124137\",\"name\":\"Edirne'de tart\u0131\u015ft\u0131\u011f\u0131 2 ki\u015fiye otomobiliyle \u00e7arpt\u0131; o anlar kamerada (2) | \u00c7orlu&#039;da Haber\",\"isPartOf\":{\"@id\":\"https:\/\/corludahaber.com\/h\/#website\"},\"primaryImageOfPage\":{\"@id\":\"https:\/\/corludahaber.com\/h\/edirnede-tartistigi-2-kisiye-otomobiliyle-carpti-o-anlar-kamerada-2\/124137#primaryimage\"},\"image\":{\"@id\":\"https:\/\/corludahaber.com\/h\/edirnede-tartistigi-2-kisiye-otomobiliyle-carpti-o-anlar-kamerada-2\/124137#primaryimage\"},\"thumbnailUrl\":\"https:\/\/corludahaber.com\/h\/wp-content\/uploads\/2026\/09\/edirnede-tartistigi-2-kisiye-otomobiliyle-carpti-o-anlar-kamerada-2_6a971d3ee7151.jpeg\",\"datePublished\":\"2026-09-01T18:44:48+00:00\",\"dateModified\":\"2026-09-01T18:45:29+00:00\",\"description\":\"Edirne'de tart\u0131\u015ft\u0131\u011f\u0131 2 ki\u015fiye otomobiliyle \u00e7arpt\u0131; o anlar kamerada (2) | \u00c7orlu&#039;da Haber\",\"breadcrumb\":{\"@id\":\"https:\/\/corludahaber.com\/h\/edirnede-tartistigi-2-kisiye-otomobiliyle-carpti-o-anlar-kamerada-2\/124137#breadcrumb\"},\"inLanguage\":\"tr\",\"potentialAction\":[{\"@type\":\"ReadAction\",\"target\":[\"https:\/\/corludahaber.com\/h\/edirnede-tartistigi-2-kisiye-otomobiliyle-carpti-o-anlar-kamerada-2\/124137\"]}]},{\"@type\":\"ImageObject\",\"inLanguage\":\"tr\",\"@id\":\"https:\/\/corludahaber.com\/h\/edirnede-tartistigi-2-kisiye-otomobiliyle-carpti-o-anlar-kamerada-2\/124137#primaryimage\",\"url\":\"https:\/\/corludahaber.com\/h\/wp-content\/uploads\/2026\/09\/edirnede-tartistigi-2-kisiye-otomobiliyle-carpti-o-anlar-kamerada-2_6a971d3ee7151.jpeg\",\"contentUrl\":\"https:\/\/corludahaber.com\/h\/wp-content\/uploads\/2026\/09\/edirnede-tartistigi-2-kisiye-otomobiliyle-carpti-o-anlar-kamerada-2_6a971d3ee7151.jpeg\",\"width\":1325,\"height\":782},{\"@type\":\"BreadcrumbList\",\"@id\":\"https:\/\/corludahaber.com\/h\/edirnede-tartistigi-2-kisiye-otomobiliyle-carpti-o-anlar-kamerada-2\/124137#breadcrumb\",\"itemListElement\":[{\"@type\":\"ListItem\",\"position\":1,\"name\":\"Anasayfa\",\"item\":\"https:\/\/corludahaber.com\/h\/anasayfa\"},{\"@type\":\"ListItem\",\"position\":2,\"name\":\"Edirne\",\"item\":\"https:\/\/corludahaber.com\/h\/kategori\/edirne\"},{\"@type\":\"ListItem\",\"position\":3,\"name\":\"Edirne&#8217;de tart\u0131\u015ft\u0131\u011f\u0131 2 ki\u015fiye otomobiliyle \u00e7arpt\u0131; o anlar kamerada (2)\"}]},{\"@type\":\"WebSite\",\"@id\":\"https:\/\/corludahaber.com\/h\/#website\",\"url\":\"https:\/\/corludahaber.com\/h\/\",\"name\":\"\u00c7orlu'da Haber\",\"description\":\"Ger\u00e7ek Tarafs\u0131z Haber\",\"publisher\":{\"@id\":\"https:\/\/corludahaber.com\/h\/#organization\"},\"potentialAction\":[{\"@type\":\"SearchAction\",\"target\":{\"@type\":\"EntryPoint\",\"urlTemplate\":\"https:\/\/corludahaber.com\/h\/?s={search_term_string}\"},\"query-input\":\"required name=search_term_string\"}],\"inLanguage\":\"tr\"},{\"@type\":\"Organization\",\"@id\":\"https:\/\/corludahaber.com\/h\/#organization\",\"name\":\"\u00c7orlu'da Haber\",\"url\":\"https:\/\/corludahaber.com\/h\/\",\"logo\":{\"@type\":\"ImageObject\",\"inLanguage\":\"tr\",\"@id\":\"https:\/\/corludahaber.com\/h\/#\/schema\/logo\/image\/\",\"url\":\"https:\/\/corludahaber.com\/h\/wp-content\/uploads\/2021\/12\/logo__9__1_-removebg-preview.png\",\"contentUrl\":\"https:\/\/corludahaber.com\/h\/wp-content\/uploads\/2021\/12\/logo__9__1_-removebg-preview.png\",\"width\":500,\"height\":157,\"caption\":\"\u00c7orlu'da Haber\"},\"image\":{\"@id\":\"https:\/\/corludahaber.com\/h\/#\/schema\/logo\/image\/\"},\"sameAs\":[\"https:\/\/facebook.com\/habercorluda\",\"https:\/\/x.com\/habercorluda\",\"https:\/\/www.instagram.com\/corludahaber\",\"https:\/\/www.youtube.com\/user\/corludahaber\"]},{\"@type\":\"Person\",\"@id\":\"https:\/\/corludahaber.com\/h\/#\/schema\/person\/b523522be44b062db5d74a62589768cd\",\"name\":\"\u00c7orlu'da Haber\",\"image\":{\"@type\":\"ImageObject\",\"inLanguage\":\"tr\",\"@id\":\"https:\/\/corludahaber.com\/h\/#\/schema\/person\/image\/\",\"url\":\"https:\/\/secure.gravatar.com\/avatar\/1033e54e078c29fd7f053370086ff627ba414b05c2b231c418a481adecd764ce?s=96&d=blank&r=g\",\"contentUrl\":\"https:\/\/secure.gravatar.com\/avatar\/1033e54e078c29fd7f053370086ff627ba414b05c2b231c418a481adecd764ce?s=96&d=blank&r=g\",\"caption\":\"\u00c7orlu'da Haber\"},\"sameAs\":[\"https:\/\/corludahaber.com\/h\"],\"url\":\"https:\/\/corludahaber.com\/h\/author\/admin\"}]}<\/script>\n<!-- \/ Yoast SEO Premium plugin. -->","yoast_head_json":{"title":"Edirne'de tart\u0131\u015ft\u0131\u011f\u0131 2 ki\u015fiye otomobiliyle \u00e7arpt\u0131; o anlar kamerada (2) | \u00c7orlu&#039;da Haber","description":"Edirne'de tart\u0131\u015ft\u0131\u011f\u0131 2 ki\u015fiye otomobiliyle \u00e7arpt\u0131; o anlar kamerada (2) | \u00c7orlu&#039;da Haber","robots":{"index":"index","follow":"follow","max-snippet":"max-snippet:-1","max-image-preview":"max-image-preview:large","max-video-preview":"max-video-preview:-1"},"canonical":"https:\/\/corludahaber.com\/h\/edirnede-tartistigi-2-kisiye-otomobiliyle-carpti-o-anlar-kamerada-2\/124137","og_locale":"tr_TR","og_type":"article","og_title":"Edirne'de tart\u0131\u015ft\u0131\u011f\u0131 2 ki\u015fiye otomobiliyle \u00e7arpt\u0131; o anlar kamerada (2) | \u00c7orlu&#039;da Haber","og_description":"Edirne'de tart\u0131\u015ft\u0131\u011f\u0131 2 ki\u015fiye otomobiliyle \u00e7arpt\u0131; o anlar kamerada (2) | \u00c7orlu&#039;da Haber","og_url":"https:\/\/corludahaber.com\/h\/edirnede-tartistigi-2-kisiye-otomobiliyle-carpti-o-anlar-kamerada-2\/124137","og_site_name":"\u00c7orlu&#039;da Haber","article_publisher":"https:\/\/facebook.com\/habercorluda","article_published_time":"2026-09-01T18:44:48+00:00","article_modified_time":"2026-09-01T18:45:29+00:00","og_image":[{"width":1325,"height":782,"url":"http:\/\/corludahaber.com\/h\/wp-content\/uploads\/2026\/09\/edirnede-tartistigi-2-kisiye-otomobiliyle-carpti-o-anlar-kamerada-2_6a971d3ee7151.jpeg","type":"image\/jpeg"}],"author":"\u00c7orlu'da Haber","twitter_card":"summary_large_image","twitter_creator":"@habercorluda","twitter_site":"@habercorluda","twitter_misc":{"Yazan:":"\u00c7orlu'da Haber","Tahmini okuma s\u00fcresi":"2 dakika"},"schema":{"@context":"https:\/\/schema.org","@graph":[{"@type":"Article","@id":"https:\/\/corludahaber.com\/h\/edirnede-tartistigi-2-kisiye-otomobiliyle-carpti-o-anlar-kamerada-2\/124137#article","isPartOf":{"@id":"https:\/\/corludahaber.com\/h\/edirnede-tartistigi-2-kisiye-otomobiliyle-carpti-o-anlar-kamerada-2\/124137"},"author":{"name":"\u00c7orlu'da Haber","@id":"https:\/\/corludahaber.com\/h\/#\/schema\/person\/b523522be44b062db5d74a62589768cd"},"headline":"Edirne&#8217;de tart\u0131\u015ft\u0131\u011f\u0131 2 ki\u015fiye otomobiliyle \u00e7arpt\u0131; o anlar kamerada (2)","datePublished":"2026-09-01T18:44:48+00:00","dateModified":"2026-09-01T18:45:29+00:00","mainEntityOfPage":{"@id":"https:\/\/corludahaber.com\/h\/edirnede-tartistigi-2-kisiye-otomobiliyle-carpti-o-anlar-kamerada-2\/124137"},"wordCount":343,"commentCount":0,"publisher":{"@id":"https:\/\/corludahaber.com\/h\/#organization"},"image":{"@id":"https:\/\/corludahaber.com\/h\/edirnede-tartistigi-2-kisiye-otomobiliyle-carpti-o-anlar-kamerada-2\/124137#primaryimage"},"thumbnailUrl":"https:\/\/corludahaber.com\/h\/wp-content\/uploads\/2026\/09\/edirnede-tartistigi-2-kisiye-otomobiliyle-carpti-o-anlar-kamerada-2_6a971d3ee7151.jpeg","keywords":["anlar","asayi\u015f","\u00c7arpt\u0131","\u00c7orlu kaza","\u00c7orlu son dakika kaza","Edirne","Edirne'de tart\u0131\u015ft\u0131\u011f\u0131 2 ki\u015fiye otomobiliyle \u00e7arpt\u0131; o anlar kamerada (2)","kamerada","ki\u015fiye","otomobiliyle","son dakika kaza","Tart\u0131\u015ft\u0131\u011f\u0131"],"articleSection":["Edirne"],"inLanguage":"tr","potentialAction":[{"@type":"CommentAction","name":"Comment","target":["https:\/\/corludahaber.com\/h\/edirnede-tartistigi-2-kisiye-otomobiliyle-carpti-o-anlar-kamerada-2\/124137#respond"]}]},{"@type":"WebPage","@id":"https:\/\/corludahaber.com\/h\/edirnede-tartistigi-2-kisiye-otomobiliyle-carpti-o-anlar-kamerada-2\/124137","url":"https:\/\/corludahaber.com\/h\/edirnede-tartistigi-2-kisiye-otomobiliyle-carpti-o-anlar-kamerada-2\/124137","name":"Edirne'de tart\u0131\u015ft\u0131\u011f\u0131 2 ki\u015fiye otomobiliyle \u00e7arpt\u0131; o anlar kamerada (2) | \u00c7orlu&#039;da Haber","isPartOf":{"@id":"https:\/\/corludahaber.com\/h\/#website"},"primaryImageOfPage":{"@id":"https:\/\/corludahaber.com\/h\/edirnede-tartistigi-2-kisiye-otomobiliyle-carpti-o-anlar-kamerada-2\/124137#primaryimage"},"image":{"@id":"https:\/\/corludahaber.com\/h\/edirnede-tartistigi-2-kisiye-otomobiliyle-carpti-o-anlar-kamerada-2\/124137#primaryimage"},"thumbnailUrl":"https:\/\/corludahaber.com\/h\/wp-content\/uploads\/2026\/09\/edirnede-tartistigi-2-kisiye-otomobiliyle-carpti-o-anlar-kamerada-2_6a971d3ee7151.jpeg","datePublished":"2026-09-01T18:44:48+00:00","dateModified":"2026-09-01T18:45:29+00:00","description":"Edirne'de tart\u0131\u015ft\u0131\u011f\u0131 2 ki\u015fiye otomobiliyle \u00e7arpt\u0131; o anlar kamerada (2) | \u00c7orlu&#039;da Haber","breadcrumb":{"@id":"https:\/\/corludahaber.com\/h\/edirnede-tartistigi-2-kisiye-otomobiliyle-carpti-o-anlar-kamerada-2\/124137#breadcrumb"},"inLanguage":"tr","potentialAction":[{"@type":"ReadAction","target":["https:\/\/corludahaber.com\/h\/edirnede-tartistigi-2-kisiye-otomobiliyle-carpti-o-anlar-kamerada-2\/124137"]}]},{"@type":"ImageObject","inLanguage":"tr","@id":"https:\/\/corludahaber.com\/h\/edirnede-tartistigi-2-kisiye-otomobiliyle-carpti-o-anlar-kamerada-2\/124137#primaryimage","url":"https:\/\/corludahaber.com\/h\/wp-content\/uploads\/2026\/09\/edirnede-tartistigi-2-kisiye-otomobiliyle-carpti-o-anlar-kamerada-2_6a971d3ee7151.jpeg","contentUrl":"https:\/\/corludahaber.com\/h\/wp-content\/uploads\/2026\/09\/edirnede-tartistigi-2-kisiye-otomobiliyle-carpti-o-anlar-kamerada-2_6a971d3ee7151.jpeg","width":1325,"height":782},{"@type":"BreadcrumbList","@id":"https:\/\/corludahaber.com\/h\/edirnede-tartistigi-2-kisiye-otomobiliyle-carpti-o-anlar-kamerada-2\/124137#breadcrumb","itemListElement":[{"@type":"ListItem","position":1,"name":"Anasayfa","item":"https:\/\/corludahaber.com\/h\/anasayfa"},{"@type":"ListItem","position":2,"name":"Edirne","item":"https:\/\/corludahaber.com\/h\/kategori\/edirne"},{"@type":"ListItem","position":3,"name":"Edirne&#8217;de tart\u0131\u015ft\u0131\u011f\u0131 2 ki\u015fiye otomobiliyle \u00e7arpt\u0131; o anlar kamerada (2)"}]},{"@type":"WebSite","@id":"https:\/\/corludahaber.com\/h\/#website","url":"https:\/\/corludahaber.com\/h\/","name":"\u00c7orlu'da Haber","description":"Ger\u00e7ek Tarafs\u0131z Haber","publisher":{"@id":"https:\/\/corludahaber.com\/h\/#organization"},"potentialAction":[{"@type":"SearchAction","target":{"@type":"EntryPoint","urlTemplate":"https:\/\/corludahaber.com\/h\/?s={search_term_string}"},"query-input":"required name=search_term_string"}],"inLanguage":"tr"},{"@type":"Organization","@id":"https:\/\/corludahaber.com\/h\/#organization","name":"\u00c7orlu'da Haber","url":"https:\/\/corludahaber.com\/h\/","logo":{"@type":"ImageObject","inLanguage":"tr","@id":"https:\/\/corludahaber.com\/h\/#\/schema\/logo\/image\/","url":"https:\/\/corludahaber.com\/h\/wp-content\/uploads\/2021\/12\/logo__9__1_-removebg-preview.png","contentUrl":"https:\/\/corludahaber.com\/h\/wp-content\/uploads\/2021\/12\/logo__9__1_-removebg-preview.png","width":500,"height":157,"caption":"\u00c7orlu'da Haber"},"image":{"@id":"https:\/\/corludahaber.com\/h\/#\/schema\/logo\/image\/"},"sameAs":["https:\/\/facebook.com\/habercorluda","https:\/\/x.com\/habercorluda","https:\/\/www.instagram.com\/corludahaber","https:\/\/www.youtube.com\/user\/corludahaber"]},{"@type":"Person","@id":"https:\/\/corludahaber.com\/h\/#\/schema\/person\/b523522be44b062db5d74a62589768cd","name":"\u00c7orlu'da Haber","image":{"@type":"ImageObject","inLanguage":"tr","@id":"https:\/\/corludahaber.com\/h\/#\/schema\/person\/image\/","url":"https:\/\/secure.gravatar.com\/avatar\/1033e54e078c29fd7f053370086ff627ba414b05c2b231c418a481adecd764ce?s=96&d=blank&r=g","contentUrl":"https:\/\/secure.gravatar.com\/avatar\/1033e54e078c29fd7f053370086ff627ba414b05c2b231c418a481adecd764ce?s=96&d=blank&r=g","caption":"\u00c7orlu'da Haber"},"sameAs":["https:\/\/corludahaber.com\/h"],"url":"https:\/\/corludahaber.com\/h\/author\/admin"}]}},"_links":{"self":[{"href":"https:\/\/corludahaber.com\/h\/wp-json\/wp\/v2\/posts\/124137","targetHints":{"allow":["GET"]}}],"collection":[{"href":"https:\/\/corludahaber.com\/h\/wp-json\/wp\/v2\/posts"}],"about":[{"href":"https:\/\/corludahaber.com\/h\/wp-json\/wp\/v2\/types\/post"}],"author":[{"embeddable":true,"href":"https:\/\/corludahaber.com\/h\/wp-json\/wp\/v2\/users\/151"}],"replies":[{"embeddable":true,"href":"https:\/\/corludahaber.com\/h\/wp-json\/wp\/v2\/comments?post=124137"}],"version-history":[{"count":1,"href":"https:\/\/corludahaber.com\/h\/wp-json\/wp\/v2\/posts\/124137\/revisions"}],"predecessor-version":[{"id":124141,"href":"https:\/\/corludahaber.com\/h\/wp-json\/wp\/v2\/posts\/124137\/revisions\/124141"}],"wp:featuredmedia":[{"embeddable":true,"href":"https:\/\/corludahaber.com\/h\/wp-json\/wp\/v2\/media\/124140"}],"wp:attachment":[{"href":"https:\/\/corludahaber.com\/h\/wp-json\/wp\/v2\/media?parent=124137"}],"wp:term":[{"taxonomy":"category","embeddable":true,"href":"https:\/\/corludahaber.com\/h\/wp-json\/wp\/v2\/categories?post=124137"},{"taxonomy":"post_tag","embeddable":true,"href":"https:\/\/corludahaber.com\/h\/wp-json\/wp\/v2\/tags?post=124137"}],"curies":[{"name":"wp","href":"https:\/\/api.w.org\/{rel}","templated":true}]}}