{"id":124128,"date":"2026-09-01T21:41:09","date_gmt":"2026-09-01T18:41:09","guid":{"rendered":"https:\/\/corludahaber.com\/h\/bakan-bolat-turkiye-buyuk-bir-uretim-ulkesi-haline-geldi\/124128"},"modified":"2026-09-01T21:41:21","modified_gmt":"2026-09-01T18:41:21","slug":"bakan-bolat-turkiye-buyuk-bir-uretim-ulkesi-haline-geldi","status":"publish","type":"post","link":"https:\/\/corludahaber.com\/h\/bakan-bolat-turkiye-buyuk-bir-uretim-ulkesi-haline-geldi\/124128","title":{"rendered":"Bakan Bolat: T\u00fcrkiye b\u00fcy\u00fck bir \u00fcretim \u00fclkesi haline geldi"},"content":{"rendered":"<div class=\"corlu-icerikten-once_3\" id=\"corlu-1925367449\"><script type='text\/javascript' src='https:\/\/platform-api.sharethis.com\/js\/sharethis.js#property=5ce8cf08af7d000012cb0ca1&product=inline-reaction-buttons' async='async'><\/script>\r\n\r\n<\/div><div readability=\"192\"><span class=\"category-name hidden\"><\/span><\/p><div class=\"corlu-icerik-2\" id=\"corlu-528976516\"><!-- Admatic AUTO ads START -->\r\n<ins data-publisher=\"adm-pub-155556240050\" data-ad-network=\"659428a24d11b285b616c18d\"   class=\"adm-ads-area\"><\/ins>\r\n<script type=\"text\/javascript\" src=\"https:\/\/static.cdn.admatic.com.tr\/showad\/showad.min.js\"><\/script>\r\n<!-- Admatic AUTO ads END --><\/div>\n<p>  &#8211; &#8211;  \/TEK\u0130RDA\u011e, (Haber Merkezi)- T\u0130CARET Bakan\u0131 \u00d6mer Bolat, &#8220;T\u00fcrkiye b\u00fcy\u00fck bir \u00fcretim \u00fclkesi haline geldi. Sanayide, tar\u0131mda, hizmetler sekt\u00f6r\u00fcnde hep d\u00fcnyada ilk 10&#8217;lar\u0131n i\u00e7indeyiz. Hemen her \u00fcr\u00fcnde birka\u00e7 tanesi hari\u00e7, \u00fcretimlerimizde y\u00fczde 40-50&#8217;lere varan art\u0131\u015flar sa\u011fland\u0131, 60-70&#8217;ler dahi var. Bu nokta da, bu bollukta tabii \u00fcreticimiz a\u00e7\u0131s\u0131ndan daha fazla verim \u00fcretim, t\u00fcketicilerimiz a\u00e7\u0131s\u0131ndan da daha fazla \u00fcr\u00fcne, daha makul fiyatlarda ula\u015fabilme imkanlar\u0131n\u0131 getirdi&#8221; dedi.<\/p>\n<p>Ticaret Bakan\u0131 \u00d6mer Bolat, Tekirda\u011f&#8217;da d\u00fczenlenen Tar\u0131m, Sanayi, Hayvanc\u0131l\u0131k ve Teknolojileri Fuar\u0131&#8217;n\u0131n a\u00e7\u0131l\u0131\u015f\u0131na kat\u0131ld\u0131. Bu y\u0131l 1-5 eyl\u00fcl tarihleri aras\u0131nda sahil dolgu alan\u0131nda ger\u00e7ekle\u015ftirilen fuar\u0131n a\u00e7\u0131l\u0131\u015f\u0131na Bakan Bolat&#8217;\u0131n yan\u0131 s\u0131ra  Tekirda\u011f Valisi Recep Soyt\u00fcrk, Edirne Valisi Yunus Sezer, Tekirda\u011f B\u00fcy\u00fck\u015fehir Belediye Ba\u015fkan\u0131 Candan Y\u00fcceer, AK Parti Tekirda\u011f Milletvekilleri Mestan \u00d6zcan, G\u00f6khan Dikta\u015f ve \u00c7i\u011fdem Koncag\u00fcl, CHP Tekirda\u011f Milletvekilleri Nurten Yontar, \u0130lhami \u00d6zcan Aygun ve Cem Av\u015far ile davetliler de kat\u0131l\u0131m sa\u011flad\u0131.<\/p>\n<p>&#8216;TEK\u0130RDA\u011e HEM TARIMDA, HEM SANAY\u0130DE \u00c7OK G\u00dc\u00c7L\u00dc&#8217;<\/p>\n<p>A\u00e7\u0131l\u0131\u015fta konu\u015fan Bakan Bolat, Tekirda\u011f&#8217;\u0131n T\u00fcrkiye&#8217;nin parlayan y\u0131ld\u0131z\u0131 haline geldi\u011fini belirterek, &#8220;Hem tar\u0131m da \u00e7ok g\u00fc\u00e7l\u00fc. Bu\u011fday da T\u00fcrkiye&#8217;de \u00fc\u00e7\u00fcnc\u00fc. Ya\u011fl\u0131 tohumlar ay\u00e7i\u00e7ekte birinci, kanolada birinci s\u0131rada. Hem sanayide muhte\u015fem bir performans g\u00f6steriyor. 13 tane OSB&#8217;miz var. Bug\u00fcn buraya gelmeden \u00f6nce milletvekillerimizle, valimizle beraber Velime\u015fe, Ergene Organize Sanayi B\u00f6lgesi&#8217;ne gittik, incelemeler yapt\u0131k. Yeni a\u00e7\u0131lan \u00e7ok b\u00fcy\u00fck bir tekstil giyim fabrikas\u0131n\u0131 ziyaret ettik, bilgi ald\u0131k. Sabahleyin de \u0130stanbul&#8217;da T\u00dcYAP Fuar Merkezi&#8217;nde g\u0131da fuar\u0131n\u0131n a\u00e7\u0131l\u0131\u015f\u0131n\u0131 yapt\u0131k. O da in\u015fallah d\u00fcnya \u00e7ap\u0131nda 10 hol\u00fc kapsayan b\u00fcy\u00fck bir fuar olarak kuruldu. Tekirda\u011f&#8217;a geldik ve bu sefer de Tekirda\u011f&#8217;daki beyaz e\u015fya \u00fcreticilerinin ba\u015fkan ve genel m\u00fcd\u00fcrleriyle bir toplant\u0131 yapt\u0131k Tekirda\u011f Valimizin ev sahipli\u011finde. Orada da beyaz e\u015fya sanayicilerimizi dinledik. G\u00f6rd\u00fc\u011f\u00fcn\u00fcz gibi sabah g\u0131da sanayi fuar\u0131yla ba\u015flad\u0131k. \u00d6\u011fleden sonra Ergene&#8217;de tekstil giyim sanayi incelemeleriyle devam ettik. Ard\u0131ndan beyaz e\u015fya sanayicileriyle bulu\u015ftuk ve son dura\u011f\u0131m\u0131z buras\u0131, Tekirda\u011f Ticaret ve Sanayi Odas\u0131&#8217;n\u0131n, Ticaret Borsas\u0131&#8217;n\u0131n Valilik ve B\u00fcy\u00fck\u015fehir Belediyesi ile birlikte d\u00fczenledikleri bu \u00f6nemli fuar\u0131n ilkini ger\u00e7ekle\u015ftiriyoruz. G\u00f6r\u00fcyorum ki gerek iktidar\u0131m\u0131zdan milletvekillerimiz, gerekse muhalefet partilerimizden, milletvekilleri \u00e7ok g\u00fczel bir birlik ve dayan\u0131\u015fma tablosu sergiliyorlar. Her zaman olmas\u0131 gereken bir tablo. \u00c7ok \u00e7ok te\u015fekk\u00fcrler ediyorum kendilerine&#8221; ifadelerini kulland\u0131. <\/p>\n<p>&#8216;\u00dc\u00c7 SEKT\u00d6R\u00dc DESTEKLEMEYE MECBURUZ&#8217;<\/p>\n<p>Tar\u0131m\u0131n T\u00fcrkiye&#8217;nin yola \u00e7\u0131kt\u0131\u011f\u0131 ilk \u00f6nemli sekt\u00f6r oldu\u011funa vurgu yapan Bakan Bolat, &#8220;Hem tar\u0131msal \u00fcretim olarak g\u00fc\u00e7l\u00fc bir performans\u0131m\u0131z var, hem de tar\u0131ma dayal\u0131 sanayiler olarak. Tar\u0131m ve g\u0131da demek sadece bo\u011faz\u0131m\u0131zdan ge\u00e7en lokmalar\u0131 temsil etmiyor. G\u00fcbre, ila\u00e7, mekanizasyon, makineler, trakt\u00f6rler yard\u0131mc\u0131 malzemeler, lojistik, i\u015f\u00e7ilik, \u00e7ift\u00e7ilik, \u00e7ok geni\u015f bir alanda, hem \u00fcretim hem istihdam, hem ihracat\u0131 temsil eden, ticareti temsil eden \u00e7ok \u00f6nemli bir sekt\u00f6r. D\u00fcnyada hi\u00e7bir zaman yok olmayacak \u00fc\u00e7 sekt\u00f6r\u00fc say derseniz \u015f\u00f6yle sayar\u0131m; bir numara g\u0131da, herkesin beslenmeye ihtiyac\u0131 var. \u0130ki numara; giyim, tekstil, herkesin giyinmeye ihtiyac\u0131 var. \u00dc\u00e7 numara bar\u0131nma yani in\u015faat. Herkesin bir kafas\u0131n\u0131 sokacak eve ihtiyac\u0131 var. Di\u011fer sekt\u00f6rler de \u00f6nemine g\u00f6re tabii ki bu ekosistemi tamaml\u0131yor. O y\u00fczden hi\u00e7 \u00f6lmeyecek olan tar\u0131m sekt\u00f6r\u00fcnde 86 milyon vatanda\u015f\u0131m\u0131z\u0131 beslenmesi i\u00e7in ve de 65 milyon ula\u015fan turist say\u0131m\u0131z\u0131n beslenmesi i\u00e7in bu sekt\u00f6rleri g\u00fc\u00e7lendirmeye, desteklemeye mecburuz&#8221; diye konu\u015ftu. <\/p>\n<p>&#8216;TARIMDA ARZ G\u00dcVENL\u0130 M\u0130LL\u0130 G\u00dcVENL\u0130K MESELES\u0130&#8217;<\/p>\n<p>Tar\u0131mda arz g\u00fcvenli\u011finin milli g\u00fcvenlik meselesi ve stratejik bir hedef oldu\u011funa dikkat \u00e7eken Bakan Bolat, \u015funlar\u0131 s\u00f6yledi:<\/p>\n<p>&#8220;Bunu en iyi ne zaman anl\u0131yoruz? Bir felaket, bir do\u011fal afet ortaya \u00e7\u0131kt\u0131\u011f\u0131 zaman. Bir sava\u015f ortaya \u00e7\u0131kt\u0131\u011f\u0131 zaman. Son 6 y\u0131l b\u00fct\u00fcn bunlar\u0131 ya\u015fad\u0131k hep beraber. Kovid geldi 2020&#8217;nin ba\u015f\u0131nda. Hepimiz evlere kapan\u0131rken, can derdine d\u00fc\u015ferken, sa\u011fl\u0131k hizmetlerinin ne kadar \u00f6nemli oldu\u011funu anlad\u0131k. G\u0131dan\u0131n ne kadar \u00f6nemli oldu\u011funu, arz g\u00fcvenli\u011finin ne kadar \u00f6nemli oldu\u011funu anlad\u0131k. Lojisti\u011fin, yani \u00fcr\u00fcnlerin ta\u015f\u0131nmas\u0131n\u0131n ne kadar \u00f6nemli oldu\u011funu anlad\u0131k. Perakende sekt\u00f6r\u00fc, ticaretin ne kadar \u00f6nemli oldu\u011funu anlad\u0131k. Sa\u011fl\u0131k sekt\u00f6r\u00fcn\u00fcn, temizlik \u00fcr\u00fcnlerinin ne kadar \u00f6nemli oldu\u011funu anlad\u0131k. \u0130ki y\u0131l sonra Rusya-Ukrayna Sava\u015f\u0131 patlad\u0131. \u0130kisi de \u00f6nemli, d\u00fcnya \u00e7ap\u0131nda tar\u0131m \u00fcreticileri, hububat ve ya\u011fl\u0131 tohumlarda. Tar\u0131mda en hayati iki \u00fcr\u00fcn grubu derseniz birinci s\u0131ra hububatt\u0131r, ikinci s\u0131rada ya\u011fl\u0131 tohumlar gelir. \u00c7\u00fcnk\u00fc ya\u011fs\u0131z yemek yap\u0131lamaz. Bu iki sekt\u00f6rden bu iki \u00fclkenin g\u00fcc\u00fcnden dolay\u0131 d\u00fcnyada b\u00fcy\u00fck bir \u00fcretimde arz ve tedarik krizi ve fiyat patlamas\u0131 krizleri ya\u015fand\u0131. Bir de enerji fiyatlar\u0131ndaki fiyat patlamas\u0131 ve \u00fcretim tedariki krizi ya\u015fand\u0131. \u00c7\u00fcnk\u00fc Rusya d\u00fcnyan\u0131n en b\u00fcy\u00fck petrol ve en b\u00fcy\u00fck do\u011fal gaz \u00fcreticisiydi. Allah&#8217;a \u015f\u00fck\u00fcr bu s\u00fcre\u00e7leri, kovid krizi, Rusya-Ukrayna Sava\u015f\u0131&#8217;n\u0131n getirdi\u011fi bu sekt\u00f6rel krizleri atlatmay\u0131 Say\u0131n Cumhurba\u015fkan\u0131m\u0131z\u0131n liderli\u011finde, dirayetli y\u00f6netim ve politikalarla atlatt\u0131k. Bu millet\u00e7e yapmam\u0131z gereken bir durumdu. Hepimizin sevinmesi gereken bir durumdu.&#8221;<\/p>\n<p>&#8216;D\u00dcNYADA \u0130LK 10&#8217;LAR \u0130\u00c7\u0130NDEY\u0130Z&#8217;<\/p>\n<p>T\u00fcrkiye&#8217;nin b\u00fcy\u00fck bir \u00fcretim \u00fclkesi haline geldi\u011fini dile getiren Bolat, \u015f\u00f6yle devam etti: <\/p>\n<p>\u201cT\u00fcrkiye b\u00fcy\u00fck bir \u00fcretim \u00fclkesi haline geldi. Sanayide, tar\u0131mda, hizmetler sekt\u00f6r\u00fcnde hep d\u00fcnyada ilk 10&#8217;lar\u0131n i\u00e7indeyiz. T\u00fcrk \u00fcr\u00fcnleri sanayide kalite ve teknolojiyi temsil eden d\u00fcnyada aranan \u00fcr\u00fcnler. Tar\u0131m \u00fcr\u00fcnlerimiz de lezzetiyle, o g\u00fczel tad\u0131yla yine ba\u015fta Avrupa olmak \u00fczere aran\u0131lan ve takdir g\u00f6ren \u00fcr\u00fcnler aras\u0131nda yer almakta ve bu sayede bakt\u0131\u011f\u0131m\u0131zda Avrupa&#8217;n\u0131n birinci tar\u0131m \u00fclkesiyiz 83 milyar dolar \u00fcretimle. 2002&#8217;de bu \u00fcretimimiz 23 milyar dolard\u0131. D\u00fcnyan\u0131n da 7&#8217;nci b\u00fcy\u00fck tar\u0131msal \u00fcreticisi \u00fclkeyiz. Ve d\u00fcnya kendi kendine yeterli olabilen ilk 10 \u00fclke aras\u0131nda tar\u0131mda yer al\u0131yoruz. Tabii tar\u0131m\u0131n yan kollar\u0131nda da d\u00fcnyada iyi s\u0131ralarday\u0131z. Tar\u0131m makinalar\u0131nda d\u00f6rd\u00fcnc\u00fcy\u00fcz ve bir\u00e7ok tar\u0131m \u00fcr\u00fcnlerinde de d\u00fcnyada birinci, ikinci, \u00fc\u00e7\u00fcnc\u00fc konumda \u00fcr\u00fcnlerimiz var. \u0130n\u015fallah b\u00fcy\u00fcme noktas\u0131nda da 2026 y\u0131l\u0131 Cenab\u0131 Allah&#8217;\u0131n da yard\u0131m\u0131 ve ihsan\u0131yla muhte\u015fem bir y\u0131l oldu. Bolluk, bereket y\u0131l\u0131 oldu. Hemen her \u00fcr\u00fcnde birka\u00e7 tanesi hari\u00e7, \u00fcretimlerimizde y\u00fczde 40-50&#8217;lere varan art\u0131\u015flar sa\u011fland\u0131, 60-70&#8217;ler dahi var. Bu nokta da, bu bollukta tabii \u00fcreticimiz a\u00e7\u0131s\u0131ndan daha fazla verim \u00fcretim, t\u00fcketicilerimiz a\u00e7\u0131s\u0131ndan da daha fazla \u00fcr\u00fcne, daha makul fiyatlarda ula\u015fabilme imkanlar\u0131n\u0131 getirdi.&#8221;<\/p>\n<p>&#8216;2026&#8217;YI Y\u00dcZDE 3&#8217;\u00dcN \u00dcZER\u0130NDE B\u00dcY\u00dcMEYLE KAPATACA\u011eIZ&#8217;<\/p>\n<p>Ticaret Bakanl\u0131\u011f\u0131 ve Tar\u0131m ve Orman Bakanl\u0131\u011f\u0131&#8217;n\u0131n verdi\u011fi desteklere de\u011finen Bolat, &#8220;Bu y\u0131l tar\u0131m sekt\u00f6r\u00fcm\u00fcz\u00fcn ikinci \u00e7eyrekte b\u00fcy\u00fcme oran\u0131 y\u00fczde 13,3 oldu. Ge\u00e7en y\u0131l \u00f6nce \u015fubat sonu ve nisan ba\u015f\u0131nda \u00e7ok a\u011f\u0131r don krizleri ya\u015fad\u0131k. Ard\u0131ndan hazirandan ba\u015flay\u0131p aral\u0131\u011fa kadar devam eden a\u011f\u0131r bir kurakl\u0131k krizi ya\u015fam\u0131\u015ft\u0131k. Ama 2026 y\u0131l\u0131n\u0131n ba\u015f\u0131ndan itibaren ger\u00e7ekten karlar, ya\u011fmurlar Rabbimize hamdolsun, b\u00fcy\u00fck bir bereket getirdi. Yer alt\u0131 sular\u0131, tar\u0131msal sulama barajlar\u0131, i\u00e7me suyu barajlar\u0131, elektrik, \u00fcretim, HES barajlar\u0131 suya doydu. Bu tar\u0131msal \u00fcretimde de b\u00fcy\u00fck art\u0131\u015flar meydana getirdi ve bu y\u0131l\u0131n sonunda in\u015fallah tar\u0131mda y\u00fczde 10&#8217;lar\u0131n \u00fczerinde \u00e7ift haneli bir b\u00fcy\u00fcme g\u00f6rece\u011fiz. Bu ikinci \u00e7eyrekteki y\u00fczde 2,3 ekonomik b\u00fcy\u00fcme oran\u0131m\u0131z\u0131n y\u00fczde 0,5 katk\u0131s\u0131 tar\u0131m\u0131n katk\u0131s\u0131d\u0131r. Y\u00fczde 0,6&#8217;s\u0131 net mal hizmet ihracat\u0131n\u0131n katk\u0131s\u0131 oldu. Yine ayn\u0131 \u015fekilde y\u00fczde 2.4 b\u00fcy\u00fcyen sanayi sekt\u00f6r\u00fcm\u00fcz de 0.5 puan katk\u0131 yaparak y\u00fczde 2,5&#8217;lik b\u00fcy\u00fcmeye ula\u015ft\u0131k. Y\u0131l sonunda y\u00fczde 3&#8217;\u00fcn \u00fczerinde bir b\u00fcy\u00fcmeyle in\u015fallah kapataca\u011f\u0131z&#8221; dedi.<\/p>\n<p>&#8216;TEK\u0130RDA\u011e VE \u0130L\u00c7ELER\u0130NE 150 M\u0130LYON L\u0130RALIK NAK\u0130T DESTEK G\u00d6NDER\u0130LECEK&#8217;<\/p>\n<p>Konu\u015fmas\u0131n\u0131n sonunda Tekirda\u011fl\u0131 esnaflar i\u00e7in de m\u00fcjdesi oldu\u011funu belirten Bakan Bolat, &#8220;Bir m\u00fcjdeyle s\u00f6zlerimi tamamlamak istiyorum. H\u00fck\u00fcmetimiz 2002 sonunda g\u00f6reve geldi\u011finden bu yana esnaflar\u0131m\u0131z i\u00e7in hazine faiz s\u00fcbvansiyonlu finansman deste\u011fi veriyor. Yat\u0131r\u0131m kredileri, ticari ara\u00e7 de\u011fi\u015ftirme kredisi, makine, demirba\u015f al\u0131m kredisi ve i\u015fletme kredisi. Bundan bir ay \u00f6nce Say\u0131n Cumhurba\u015fkan\u0131m\u0131z\u0131n m\u00fcjdesiyle i\u015fletme kredilerinin y\u0131ll\u0131k limiti 1 milyon liradan, 1,5 milyon liraya \u00e7\u0131kt\u0131. Yat\u0131r\u0131m kredileri, makine demirba\u015f ve ticari ara\u00e7 kredilerinin limiti de 2,5 milyon liradan, 3,5 milyon liraya y\u00fckseltilmi\u015fti. Y\u0131lba\u015f\u0131nda da s\u00fcbvansiyonlu faiz maliyeti de y\u00fczde 25&#8217;ten y\u00fczde 20&#8217;ye \u00e7ekilmi\u015fti. Ge\u00e7ti\u011fimiz hafta sonunda Cumhurba\u015fkanl\u0131\u011f\u0131 karar\u0131yla \u00f6zellikle bu artt\u0131r\u0131lan kredileri alma noktas\u0131nda vergi ve sigorta prim borcu nedeniyle s\u0131k\u0131nt\u0131 \u00e7eken esnaflar\u0131m\u0131z i\u00e7in de yeni bir kolayl\u0131k daha getirildi. Az bir maliyet fark\u0131yla beraber onlar\u0131n da bu kredilerden yararlanmalar\u0131 m\u00fcmk\u00fcn k\u0131l\u0131nd\u0131. Hay\u0131rl\u0131 u\u011furlu olsun diyoruz. Bu \u00e7ok \u00f6nemli bir karard\u0131. Yine biliyorsunuz 2002 sonundan bu yana tam 824 milyar T\u00fcrk liras\u0131 esnaflar\u0131m\u0131za bu yat\u0131r\u0131m ve i\u015fletme kredilerimizi 23 y\u0131l boyunca vermi\u015ftik. \u00d6zellikle bunun yakla\u015f\u0131k 550 milyar liras\u0131, son 4 y\u0131l i\u00e7inde verildi. Ge\u00e7en y\u0131l 180 liray\u0131 bulmu\u015ftu esnaflar\u0131m\u0131za krediler. Bu y\u0131l da ilk 7 ay itibariyle 80 milyar liray\u0131 a\u015fm\u0131\u015f durumda. Bu noktada Tekirda\u011f&#8217;\u0131m\u0131z da \u00f6nemli \u00f6l\u00e7\u00fcde faydalanan \u015fehirlerimizden biri. Ge\u00e7en y\u0131l 2,4 milyar liral\u0131k esnaflar\u0131m\u0131za bu y\u00fczde 20 s\u00fcbvansiyonlu, faiz destekli krediler sunulmu\u015ftu. Yani faiz s\u00fcbvansiyonu y\u00fczde 50 oran\u0131nda, piyasa faizinin y\u00fczde 50&#8217;si a\u015fa\u011f\u0131s\u0131nda verilen bir destek. Bu y\u0131l da bu desteklerimizde 1,4 milyar liray\u0131 a\u015fm\u0131\u015f durumday\u0131z temmuz sonu itibariyle. Bu teknoloji fuar\u0131na, tar\u0131m fuar\u0131na kat\u0131l\u0131m gelmi\u015f bulunuyoruz. Burada Tez-Koop ve Halk Bankas\u0131&#8217;yla yapt\u0131\u011f\u0131m\u0131z g\u00f6r\u00fc\u015fmede in\u015fallah yar\u0131n g\u00f6nderilmek \u00fczere bir 150 milyon lira nakit destek de esnaflar\u0131m\u0131z i\u00e7in Tekirda\u011f ve il\u00e7elerine g\u00f6nderilecektir. Biz de Ticaret Bakanl\u0131\u011f\u0131 olarak t\u00fcm ihracat\u00e7\u0131lar\u0131m\u0131z\u0131 oldu\u011fu gibi bu tar\u0131m sekt\u00f6r\u00fcndeki ihracat\u00e7\u0131lar\u0131m\u0131z\u0131 da Tekirda\u011fl\u0131 ve di\u011fer 81 vilayetimizin tamam\u0131nda ihracat\u00e7\u0131lar\u0131m\u0131z\u0131 desteklemeye devam edece\u011fiz&#8221; diye konu\u015ftu.<\/p>\n<p>Bakan Bolat&#8217;\u0131n konu\u015fmas\u0131n\u0131n ard\u0131ndan fuar\u0131n a\u00e7\u0131l\u0131\u015f kurdelesi kesildi. Bakan Bolat ve beraberindeki heyet fuar\u0131 gezerek firma temsilcilerinden bilgi ald\u0131.(Haber Merkezi)<\/p>\n<\/div>\n<div class=\"corlu-icerikten-sonra_3\" id=\"corlu-3012071711\"><p><img loading=\"lazy\" decoding=\"async\" class=\"aligncenter\" src=\"https:\/\/www.corludahaber.com\/bahcesehir.jpg\" alt=\"\" width=\"624\" height=\"196\" \/><\/p>\n<table style=\"text-align: left; width: 100%;\" border=\"1\" cellspacing=\"2\" cellpadding=\"2\">\n<tbody>\n<tr>\n<td style=\"background-color: #050805;\"><span style=\"font-size: 12pt;\"><small><small><em><strong><big><span style=\"color: #ff0000;\">Haber ve resimlerin telif haklar\u0131ndan dolay\u0131 kullan\u0131m\u0131 yasakt\u0131r<span style=\"color: #000000;\">.<\/span><\/span><span style=\"color: #000000;\">\u00a0<\/span><span style=\"color: #ffffff;\">Yaz\u0131l\u0131 izni al\u0131nmadan hi\u00e7bir yaz\u0131l\u0131, g\u00f6rsel, i\u015fitsel i\u00e7erik kopyalanamaz, de\u011fi\u015ftirilemez, yay\u0131nlanamaz veya sat\u0131lamaz. Aksi halde<\/span>\u00a0<span style=\"color: #ff0000;\">5846<span style=\"color: #ffffff;\">\u00a0<\/span><\/span><span style=\"color: #ffffff;\">say\u0131l\u0131 Fikir ve Sanat Eserleri Kanunu\u2019na ve<\/span>\u00a0<span style=\"color: #800000;\"><span style=\"color: #ff0000;\">6102<\/span><span style=\"color: #ffffff;\">\u00a0<\/span><\/span><span style=\"color: #ffffff;\">say\u0131l\u0131 maddesine g\u00f6re<\/span>\u00a0<span style=\"color: #ff0000;\">gerekli i\u015flemler uygulanacakt\u0131r.<\/span><br \/>\n<span style=\"color: #ffffff;\">\u00a9 Copyright 2014<\/span><\/big><\/strong><\/em><\/small><\/small><\/span><\/td>\n<\/tr>\n<\/tbody>\n<\/table>\n<p><small><small>\u00a0<\/small><\/small><\/p>\n<\/div>","protected":false},"excerpt":{"rendered":"<p>&#8211; &#8211; \/TEK\u0130RDA\u011e, (Haber Merkezi)- T\u0130CARET Bakan\u0131 \u00d6mer Bolat, &#8220;T\u00fcrkiye b\u00fcy\u00fck bir \u00fcretim \u00fclkesi haline geldi. Sanayide, tar\u0131mda, hizmetler sekt\u00f6r\u00fcnde hep d\u00fcnyada ilk 10&#8217;lar\u0131n i\u00e7indeyiz. Hemen her \u00fcr\u00fcnde birka\u00e7 tanesi hari\u00e7, \u00fcretimlerimizde y\u00fczde 40-50&#8217;lere varan art\u0131\u015flar sa\u011fland\u0131, 60-70&#8217;ler dahi var. Bu nokta da, bu bollukta tabii \u00fcreticimiz a\u00e7\u0131s\u0131ndan daha fazla verim \u00fcretim, t\u00fcketicilerimiz a\u00e7\u0131s\u0131ndan da &hellip;<\/p>\n","protected":false},"author":151,"featured_media":124129,"comment_status":"open","ping_status":"closed","sticky":false,"template":"","format":"standard","meta":{"footnotes":""},"categories":[27],"tags":[8025,83,36659,1149,616,9376,15478,639,7300,3661,89,8667,2148],"class_list":["post-124128","post","type-post","status-publish","format-standard","has-post-thumbnail","hentry","category-yasam","tag-asayis","tag-bakan","tag-bakan-bolat-turkiye-buyuk-bir-uretim-ulkesi-haline-geldi","tag-bolat","tag-buyuk","tag-corlu-kaza","tag-corlu-son-dakika-kaza","tag-geldi","tag-haline","tag-son-dakika-kaza","tag-turkiye","tag-ulkesi","tag-uretim"],"yoast_head":"<!-- This site is optimized with the Yoast SEO Premium plugin v23.3 (Yoast SEO v23.3) - https:\/\/yoast.com\/wordpress\/plugins\/seo\/ -->\n<title>Bakan Bolat: T\u00fcrkiye b\u00fcy\u00fck bir \u00fcretim \u00fclkesi haline geldi | \u00c7orlu&#039;da Haber<\/title>\n<meta name=\"description\" content=\"Bakan Bolat: T\u00fcrkiye b\u00fcy\u00fck bir \u00fcretim \u00fclkesi haline geldi | \u00c7orlu&#039;da Haber\" \/>\n<meta name=\"robots\" content=\"index, follow, max-snippet:-1, max-image-preview:large, max-video-preview:-1\" \/>\n<link rel=\"canonical\" href=\"https:\/\/corludahaber.com\/h\/bakan-bolat-turkiye-buyuk-bir-uretim-ulkesi-haline-geldi\/124128\" \/>\n<meta property=\"og:locale\" content=\"tr_TR\" \/>\n<meta property=\"og:type\" content=\"article\" \/>\n<meta property=\"og:title\" content=\"Bakan Bolat: T\u00fcrkiye b\u00fcy\u00fck bir \u00fcretim \u00fclkesi haline geldi | \u00c7orlu&#039;da Haber\" \/>\n<meta property=\"og:description\" content=\"Bakan Bolat: T\u00fcrkiye b\u00fcy\u00fck bir \u00fcretim \u00fclkesi haline geldi | \u00c7orlu&#039;da Haber\" \/>\n<meta property=\"og:url\" content=\"https:\/\/corludahaber.com\/h\/bakan-bolat-turkiye-buyuk-bir-uretim-ulkesi-haline-geldi\/124128\" \/>\n<meta property=\"og:site_name\" content=\"\u00c7orlu&#039;da Haber\" \/>\n<meta property=\"article:publisher\" content=\"https:\/\/facebook.com\/habercorluda\" \/>\n<meta property=\"article:published_time\" content=\"2026-09-01T18:41:09+00:00\" \/>\n<meta property=\"article:modified_time\" content=\"2026-09-01T18:41:21+00:00\" \/>\n<meta property=\"og:image\" content=\"http:\/\/corludahaber.com\/h\/wp-content\/uploads\/2026\/09\/bakan-bolat-turkiye-buyuk-bir-uretim-ulkesi-haline-geldi_6a971c49dc1a4.jpeg\" \/>\n\t<meta property=\"og:image:width\" content=\"2300\" \/>\n\t<meta property=\"og:image:height\" content=\"1294\" \/>\n\t<meta property=\"og:image:type\" content=\"image\/jpeg\" \/>\n<meta name=\"author\" content=\"\u00c7orlu&#039;da Haber\" \/>\n<meta name=\"twitter:card\" content=\"summary_large_image\" \/>\n<meta name=\"twitter:creator\" content=\"@habercorluda\" \/>\n<meta name=\"twitter:site\" content=\"@habercorluda\" \/>\n<meta name=\"twitter:label1\" content=\"Yazan:\" \/>\n\t<meta name=\"twitter:data1\" content=\"\u00c7orlu&#039;da Haber\" \/>\n\t<meta name=\"twitter:label2\" content=\"Tahmini okuma s\u00fcresi\" \/>\n\t<meta name=\"twitter:data2\" content=\"10 dakika\" \/>\n<script type=\"application\/ld+json\" class=\"yoast-schema-graph\">{\"@context\":\"https:\/\/schema.org\",\"@graph\":[{\"@type\":\"Article\",\"@id\":\"https:\/\/corludahaber.com\/h\/bakan-bolat-turkiye-buyuk-bir-uretim-ulkesi-haline-geldi\/124128#article\",\"isPartOf\":{\"@id\":\"https:\/\/corludahaber.com\/h\/bakan-bolat-turkiye-buyuk-bir-uretim-ulkesi-haline-geldi\/124128\"},\"author\":{\"name\":\"\u00c7orlu'da Haber\",\"@id\":\"https:\/\/corludahaber.com\/h\/#\/schema\/person\/b523522be44b062db5d74a62589768cd\"},\"headline\":\"Bakan Bolat: T\u00fcrkiye b\u00fcy\u00fck bir \u00fcretim \u00fclkesi haline geldi\",\"datePublished\":\"2026-09-01T18:41:09+00:00\",\"dateModified\":\"2026-09-01T18:41:21+00:00\",\"mainEntityOfPage\":{\"@id\":\"https:\/\/corludahaber.com\/h\/bakan-bolat-turkiye-buyuk-bir-uretim-ulkesi-haline-geldi\/124128\"},\"wordCount\":1959,\"commentCount\":0,\"publisher\":{\"@id\":\"https:\/\/corludahaber.com\/h\/#organization\"},\"image\":{\"@id\":\"https:\/\/corludahaber.com\/h\/bakan-bolat-turkiye-buyuk-bir-uretim-ulkesi-haline-geldi\/124128#primaryimage\"},\"thumbnailUrl\":\"https:\/\/corludahaber.com\/h\/wp-content\/uploads\/2026\/09\/bakan-bolat-turkiye-buyuk-bir-uretim-ulkesi-haline-geldi_6a971c49dc1a4.jpeg\",\"keywords\":[\"asayi\u015f\",\"Bakan\",\"Bakan Bolat: T\u00fcrkiye b\u00fcy\u00fck bir \u00fcretim \u00fclkesi haline geldi\",\"Bolat\",\"B\u00dcY\u00dcK\",\"\u00c7orlu kaza\",\"\u00c7orlu son dakika kaza\",\"geldi\",\"haline\",\"son dakika kaza\",\"T\u00fcrkiye\",\"\u00dclkesi\",\"\u00dcretim\"],\"articleSection\":[\"Ya\u015fam\"],\"inLanguage\":\"tr\",\"potentialAction\":[{\"@type\":\"CommentAction\",\"name\":\"Comment\",\"target\":[\"https:\/\/corludahaber.com\/h\/bakan-bolat-turkiye-buyuk-bir-uretim-ulkesi-haline-geldi\/124128#respond\"]}]},{\"@type\":\"WebPage\",\"@id\":\"https:\/\/corludahaber.com\/h\/bakan-bolat-turkiye-buyuk-bir-uretim-ulkesi-haline-geldi\/124128\",\"url\":\"https:\/\/corludahaber.com\/h\/bakan-bolat-turkiye-buyuk-bir-uretim-ulkesi-haline-geldi\/124128\",\"name\":\"Bakan Bolat: T\u00fcrkiye b\u00fcy\u00fck bir \u00fcretim \u00fclkesi haline geldi | \u00c7orlu&#039;da Haber\",\"isPartOf\":{\"@id\":\"https:\/\/corludahaber.com\/h\/#website\"},\"primaryImageOfPage\":{\"@id\":\"https:\/\/corludahaber.com\/h\/bakan-bolat-turkiye-buyuk-bir-uretim-ulkesi-haline-geldi\/124128#primaryimage\"},\"image\":{\"@id\":\"https:\/\/corludahaber.com\/h\/bakan-bolat-turkiye-buyuk-bir-uretim-ulkesi-haline-geldi\/124128#primaryimage\"},\"thumbnailUrl\":\"https:\/\/corludahaber.com\/h\/wp-content\/uploads\/2026\/09\/bakan-bolat-turkiye-buyuk-bir-uretim-ulkesi-haline-geldi_6a971c49dc1a4.jpeg\",\"datePublished\":\"2026-09-01T18:41:09+00:00\",\"dateModified\":\"2026-09-01T18:41:21+00:00\",\"description\":\"Bakan Bolat: T\u00fcrkiye b\u00fcy\u00fck bir \u00fcretim \u00fclkesi haline geldi | \u00c7orlu&#039;da Haber\",\"breadcrumb\":{\"@id\":\"https:\/\/corludahaber.com\/h\/bakan-bolat-turkiye-buyuk-bir-uretim-ulkesi-haline-geldi\/124128#breadcrumb\"},\"inLanguage\":\"tr\",\"potentialAction\":[{\"@type\":\"ReadAction\",\"target\":[\"https:\/\/corludahaber.com\/h\/bakan-bolat-turkiye-buyuk-bir-uretim-ulkesi-haline-geldi\/124128\"]}]},{\"@type\":\"ImageObject\",\"inLanguage\":\"tr\",\"@id\":\"https:\/\/corludahaber.com\/h\/bakan-bolat-turkiye-buyuk-bir-uretim-ulkesi-haline-geldi\/124128#primaryimage\",\"url\":\"https:\/\/corludahaber.com\/h\/wp-content\/uploads\/2026\/09\/bakan-bolat-turkiye-buyuk-bir-uretim-ulkesi-haline-geldi_6a971c49dc1a4.jpeg\",\"contentUrl\":\"https:\/\/corludahaber.com\/h\/wp-content\/uploads\/2026\/09\/bakan-bolat-turkiye-buyuk-bir-uretim-ulkesi-haline-geldi_6a971c49dc1a4.jpeg\",\"width\":2300,\"height\":1294},{\"@type\":\"BreadcrumbList\",\"@id\":\"https:\/\/corludahaber.com\/h\/bakan-bolat-turkiye-buyuk-bir-uretim-ulkesi-haline-geldi\/124128#breadcrumb\",\"itemListElement\":[{\"@type\":\"ListItem\",\"position\":1,\"name\":\"Anasayfa\",\"item\":\"https:\/\/corludahaber.com\/h\/anasayfa\"},{\"@type\":\"ListItem\",\"position\":2,\"name\":\"Ya\u015fam\",\"item\":\"https:\/\/corludahaber.com\/h\/kategori\/yasam\"},{\"@type\":\"ListItem\",\"position\":3,\"name\":\"Bakan Bolat: T\u00fcrkiye b\u00fcy\u00fck bir \u00fcretim \u00fclkesi haline geldi\"}]},{\"@type\":\"WebSite\",\"@id\":\"https:\/\/corludahaber.com\/h\/#website\",\"url\":\"https:\/\/corludahaber.com\/h\/\",\"name\":\"\u00c7orlu'da Haber\",\"description\":\"Ger\u00e7ek Tarafs\u0131z Haber\",\"publisher\":{\"@id\":\"https:\/\/corludahaber.com\/h\/#organization\"},\"potentialAction\":[{\"@type\":\"SearchAction\",\"target\":{\"@type\":\"EntryPoint\",\"urlTemplate\":\"https:\/\/corludahaber.com\/h\/?s={search_term_string}\"},\"query-input\":\"required name=search_term_string\"}],\"inLanguage\":\"tr\"},{\"@type\":\"Organization\",\"@id\":\"https:\/\/corludahaber.com\/h\/#organization\",\"name\":\"\u00c7orlu'da Haber\",\"url\":\"https:\/\/corludahaber.com\/h\/\",\"logo\":{\"@type\":\"ImageObject\",\"inLanguage\":\"tr\",\"@id\":\"https:\/\/corludahaber.com\/h\/#\/schema\/logo\/image\/\",\"url\":\"https:\/\/corludahaber.com\/h\/wp-content\/uploads\/2021\/12\/logo__9__1_-removebg-preview.png\",\"contentUrl\":\"https:\/\/corludahaber.com\/h\/wp-content\/uploads\/2021\/12\/logo__9__1_-removebg-preview.png\",\"width\":500,\"height\":157,\"caption\":\"\u00c7orlu'da Haber\"},\"image\":{\"@id\":\"https:\/\/corludahaber.com\/h\/#\/schema\/logo\/image\/\"},\"sameAs\":[\"https:\/\/facebook.com\/habercorluda\",\"https:\/\/x.com\/habercorluda\",\"https:\/\/www.instagram.com\/corludahaber\",\"https:\/\/www.youtube.com\/user\/corludahaber\"]},{\"@type\":\"Person\",\"@id\":\"https:\/\/corludahaber.com\/h\/#\/schema\/person\/b523522be44b062db5d74a62589768cd\",\"name\":\"\u00c7orlu'da Haber\",\"image\":{\"@type\":\"ImageObject\",\"inLanguage\":\"tr\",\"@id\":\"https:\/\/corludahaber.com\/h\/#\/schema\/person\/image\/\",\"url\":\"https:\/\/secure.gravatar.com\/avatar\/1033e54e078c29fd7f053370086ff627ba414b05c2b231c418a481adecd764ce?s=96&d=blank&r=g\",\"contentUrl\":\"https:\/\/secure.gravatar.com\/avatar\/1033e54e078c29fd7f053370086ff627ba414b05c2b231c418a481adecd764ce?s=96&d=blank&r=g\",\"caption\":\"\u00c7orlu'da Haber\"},\"sameAs\":[\"https:\/\/corludahaber.com\/h\"],\"url\":\"https:\/\/corludahaber.com\/h\/author\/admin\"}]}<\/script>\n<!-- \/ Yoast SEO Premium plugin. -->","yoast_head_json":{"title":"Bakan Bolat: T\u00fcrkiye b\u00fcy\u00fck bir \u00fcretim \u00fclkesi haline geldi | \u00c7orlu&#039;da Haber","description":"Bakan Bolat: T\u00fcrkiye b\u00fcy\u00fck bir \u00fcretim \u00fclkesi haline geldi | \u00c7orlu&#039;da Haber","robots":{"index":"index","follow":"follow","max-snippet":"max-snippet:-1","max-image-preview":"max-image-preview:large","max-video-preview":"max-video-preview:-1"},"canonical":"https:\/\/corludahaber.com\/h\/bakan-bolat-turkiye-buyuk-bir-uretim-ulkesi-haline-geldi\/124128","og_locale":"tr_TR","og_type":"article","og_title":"Bakan Bolat: T\u00fcrkiye b\u00fcy\u00fck bir \u00fcretim \u00fclkesi haline geldi | \u00c7orlu&#039;da Haber","og_description":"Bakan Bolat: T\u00fcrkiye b\u00fcy\u00fck bir \u00fcretim \u00fclkesi haline geldi | \u00c7orlu&#039;da Haber","og_url":"https:\/\/corludahaber.com\/h\/bakan-bolat-turkiye-buyuk-bir-uretim-ulkesi-haline-geldi\/124128","og_site_name":"\u00c7orlu&#039;da Haber","article_publisher":"https:\/\/facebook.com\/habercorluda","article_published_time":"2026-09-01T18:41:09+00:00","article_modified_time":"2026-09-01T18:41:21+00:00","og_image":[{"width":2300,"height":1294,"url":"http:\/\/corludahaber.com\/h\/wp-content\/uploads\/2026\/09\/bakan-bolat-turkiye-buyuk-bir-uretim-ulkesi-haline-geldi_6a971c49dc1a4.jpeg","type":"image\/jpeg"}],"author":"\u00c7orlu'da Haber","twitter_card":"summary_large_image","twitter_creator":"@habercorluda","twitter_site":"@habercorluda","twitter_misc":{"Yazan:":"\u00c7orlu'da Haber","Tahmini okuma s\u00fcresi":"10 dakika"},"schema":{"@context":"https:\/\/schema.org","@graph":[{"@type":"Article","@id":"https:\/\/corludahaber.com\/h\/bakan-bolat-turkiye-buyuk-bir-uretim-ulkesi-haline-geldi\/124128#article","isPartOf":{"@id":"https:\/\/corludahaber.com\/h\/bakan-bolat-turkiye-buyuk-bir-uretim-ulkesi-haline-geldi\/124128"},"author":{"name":"\u00c7orlu'da Haber","@id":"https:\/\/corludahaber.com\/h\/#\/schema\/person\/b523522be44b062db5d74a62589768cd"},"headline":"Bakan Bolat: T\u00fcrkiye b\u00fcy\u00fck bir \u00fcretim \u00fclkesi haline geldi","datePublished":"2026-09-01T18:41:09+00:00","dateModified":"2026-09-01T18:41:21+00:00","mainEntityOfPage":{"@id":"https:\/\/corludahaber.com\/h\/bakan-bolat-turkiye-buyuk-bir-uretim-ulkesi-haline-geldi\/124128"},"wordCount":1959,"commentCount":0,"publisher":{"@id":"https:\/\/corludahaber.com\/h\/#organization"},"image":{"@id":"https:\/\/corludahaber.com\/h\/bakan-bolat-turkiye-buyuk-bir-uretim-ulkesi-haline-geldi\/124128#primaryimage"},"thumbnailUrl":"https:\/\/corludahaber.com\/h\/wp-content\/uploads\/2026\/09\/bakan-bolat-turkiye-buyuk-bir-uretim-ulkesi-haline-geldi_6a971c49dc1a4.jpeg","keywords":["asayi\u015f","Bakan","Bakan Bolat: T\u00fcrkiye b\u00fcy\u00fck bir \u00fcretim \u00fclkesi haline geldi","Bolat","B\u00dcY\u00dcK","\u00c7orlu kaza","\u00c7orlu son dakika kaza","geldi","haline","son dakika kaza","T\u00fcrkiye","\u00dclkesi","\u00dcretim"],"articleSection":["Ya\u015fam"],"inLanguage":"tr","potentialAction":[{"@type":"CommentAction","name":"Comment","target":["https:\/\/corludahaber.com\/h\/bakan-bolat-turkiye-buyuk-bir-uretim-ulkesi-haline-geldi\/124128#respond"]}]},{"@type":"WebPage","@id":"https:\/\/corludahaber.com\/h\/bakan-bolat-turkiye-buyuk-bir-uretim-ulkesi-haline-geldi\/124128","url":"https:\/\/corludahaber.com\/h\/bakan-bolat-turkiye-buyuk-bir-uretim-ulkesi-haline-geldi\/124128","name":"Bakan Bolat: T\u00fcrkiye b\u00fcy\u00fck bir \u00fcretim \u00fclkesi haline geldi | \u00c7orlu&#039;da Haber","isPartOf":{"@id":"https:\/\/corludahaber.com\/h\/#website"},"primaryImageOfPage":{"@id":"https:\/\/corludahaber.com\/h\/bakan-bolat-turkiye-buyuk-bir-uretim-ulkesi-haline-geldi\/124128#primaryimage"},"image":{"@id":"https:\/\/corludahaber.com\/h\/bakan-bolat-turkiye-buyuk-bir-uretim-ulkesi-haline-geldi\/124128#primaryimage"},"thumbnailUrl":"https:\/\/corludahaber.com\/h\/wp-content\/uploads\/2026\/09\/bakan-bolat-turkiye-buyuk-bir-uretim-ulkesi-haline-geldi_6a971c49dc1a4.jpeg","datePublished":"2026-09-01T18:41:09+00:00","dateModified":"2026-09-01T18:41:21+00:00","description":"Bakan Bolat: T\u00fcrkiye b\u00fcy\u00fck bir \u00fcretim \u00fclkesi haline geldi | \u00c7orlu&#039;da Haber","breadcrumb":{"@id":"https:\/\/corludahaber.com\/h\/bakan-bolat-turkiye-buyuk-bir-uretim-ulkesi-haline-geldi\/124128#breadcrumb"},"inLanguage":"tr","potentialAction":[{"@type":"ReadAction","target":["https:\/\/corludahaber.com\/h\/bakan-bolat-turkiye-buyuk-bir-uretim-ulkesi-haline-geldi\/124128"]}]},{"@type":"ImageObject","inLanguage":"tr","@id":"https:\/\/corludahaber.com\/h\/bakan-bolat-turkiye-buyuk-bir-uretim-ulkesi-haline-geldi\/124128#primaryimage","url":"https:\/\/corludahaber.com\/h\/wp-content\/uploads\/2026\/09\/bakan-bolat-turkiye-buyuk-bir-uretim-ulkesi-haline-geldi_6a971c49dc1a4.jpeg","contentUrl":"https:\/\/corludahaber.com\/h\/wp-content\/uploads\/2026\/09\/bakan-bolat-turkiye-buyuk-bir-uretim-ulkesi-haline-geldi_6a971c49dc1a4.jpeg","width":2300,"height":1294},{"@type":"BreadcrumbList","@id":"https:\/\/corludahaber.com\/h\/bakan-bolat-turkiye-buyuk-bir-uretim-ulkesi-haline-geldi\/124128#breadcrumb","itemListElement":[{"@type":"ListItem","position":1,"name":"Anasayfa","item":"https:\/\/corludahaber.com\/h\/anasayfa"},{"@type":"ListItem","position":2,"name":"Ya\u015fam","item":"https:\/\/corludahaber.com\/h\/kategori\/yasam"},{"@type":"ListItem","position":3,"name":"Bakan Bolat: T\u00fcrkiye b\u00fcy\u00fck bir \u00fcretim \u00fclkesi haline geldi"}]},{"@type":"WebSite","@id":"https:\/\/corludahaber.com\/h\/#website","url":"https:\/\/corludahaber.com\/h\/","name":"\u00c7orlu'da Haber","description":"Ger\u00e7ek Tarafs\u0131z Haber","publisher":{"@id":"https:\/\/corludahaber.com\/h\/#organization"},"potentialAction":[{"@type":"SearchAction","target":{"@type":"EntryPoint","urlTemplate":"https:\/\/corludahaber.com\/h\/?s={search_term_string}"},"query-input":"required name=search_term_string"}],"inLanguage":"tr"},{"@type":"Organization","@id":"https:\/\/corludahaber.com\/h\/#organization","name":"\u00c7orlu'da Haber","url":"https:\/\/corludahaber.com\/h\/","logo":{"@type":"ImageObject","inLanguage":"tr","@id":"https:\/\/corludahaber.com\/h\/#\/schema\/logo\/image\/","url":"https:\/\/corludahaber.com\/h\/wp-content\/uploads\/2021\/12\/logo__9__1_-removebg-preview.png","contentUrl":"https:\/\/corludahaber.com\/h\/wp-content\/uploads\/2021\/12\/logo__9__1_-removebg-preview.png","width":500,"height":157,"caption":"\u00c7orlu'da Haber"},"image":{"@id":"https:\/\/corludahaber.com\/h\/#\/schema\/logo\/image\/"},"sameAs":["https:\/\/facebook.com\/habercorluda","https:\/\/x.com\/habercorluda","https:\/\/www.instagram.com\/corludahaber","https:\/\/www.youtube.com\/user\/corludahaber"]},{"@type":"Person","@id":"https:\/\/corludahaber.com\/h\/#\/schema\/person\/b523522be44b062db5d74a62589768cd","name":"\u00c7orlu'da Haber","image":{"@type":"ImageObject","inLanguage":"tr","@id":"https:\/\/corludahaber.com\/h\/#\/schema\/person\/image\/","url":"https:\/\/secure.gravatar.com\/avatar\/1033e54e078c29fd7f053370086ff627ba414b05c2b231c418a481adecd764ce?s=96&d=blank&r=g","contentUrl":"https:\/\/secure.gravatar.com\/avatar\/1033e54e078c29fd7f053370086ff627ba414b05c2b231c418a481adecd764ce?s=96&d=blank&r=g","caption":"\u00c7orlu'da Haber"},"sameAs":["https:\/\/corludahaber.com\/h"],"url":"https:\/\/corludahaber.com\/h\/author\/admin"}]}},"_links":{"self":[{"href":"https:\/\/corludahaber.com\/h\/wp-json\/wp\/v2\/posts\/124128","targetHints":{"allow":["GET"]}}],"collection":[{"href":"https:\/\/corludahaber.com\/h\/wp-json\/wp\/v2\/posts"}],"about":[{"href":"https:\/\/corludahaber.com\/h\/wp-json\/wp\/v2\/types\/post"}],"author":[{"embeddable":true,"href":"https:\/\/corludahaber.com\/h\/wp-json\/wp\/v2\/users\/151"}],"replies":[{"embeddable":true,"href":"https:\/\/corludahaber.com\/h\/wp-json\/wp\/v2\/comments?post=124128"}],"version-history":[{"count":1,"href":"https:\/\/corludahaber.com\/h\/wp-json\/wp\/v2\/posts\/124128\/revisions"}],"predecessor-version":[{"id":124130,"href":"https:\/\/corludahaber.com\/h\/wp-json\/wp\/v2\/posts\/124128\/revisions\/124130"}],"wp:featuredmedia":[{"embeddable":true,"href":"https:\/\/corludahaber.com\/h\/wp-json\/wp\/v2\/media\/124129"}],"wp:attachment":[{"href":"https:\/\/corludahaber.com\/h\/wp-json\/wp\/v2\/media?parent=124128"}],"wp:term":[{"taxonomy":"category","embeddable":true,"href":"https:\/\/corludahaber.com\/h\/wp-json\/wp\/v2\/categories?post=124128"},{"taxonomy":"post_tag","embeddable":true,"href":"https:\/\/corludahaber.com\/h\/wp-json\/wp\/v2\/tags?post=124128"}],"curies":[{"name":"wp","href":"https:\/\/api.w.org\/{rel}","templated":true}]}}