{"id":124120,"date":"2026-09-01T13:44:53","date_gmt":"2026-09-01T10:44:53","guid":{"rendered":"https:\/\/corludahaber.com\/h\/turkiye-sakatlar-dernegi-corlu-subesinden-30-agustosta-anlamli-bulusma\/124120"},"modified":"2026-09-01T13:44:57","modified_gmt":"2026-09-01T10:44:57","slug":"turkiye-sakatlar-dernegi-corlu-subesinden-30-agustosta-anlamli-bulusma","status":"publish","type":"post","link":"https:\/\/corludahaber.com\/h\/turkiye-sakatlar-dernegi-corlu-subesinden-30-agustosta-anlamli-bulusma\/124120","title":{"rendered":"T\u00fcrkiye Sakatlar Derne\u011fi \u00c7orlu \u015eubesi`nden 30 A\u011fustos`ta Anlaml\u0131 Bulu\u015fma"},"content":{"rendered":"<div class=\"corlu-icerikten-once_3\" id=\"corlu-4005505861\"><script type='text\/javascript' src='https:\/\/platform-api.sharethis.com\/js\/sharethis.js#property=5ce8cf08af7d000012cb0ca1&product=inline-reaction-buttons' async='async'><\/script>\r\n\r\n<\/div><p>\u00c7orlu Belediye Ba\u015fkan\u0131 Ahmet Sar\u0131kurt, T\u00fcrkiye Sakatlar Derne\u011fi \u00c7orlu \u015eubesi`nin ev sahipli\u011finde d\u00fczenlenen 30 A\u011fustos Zafer Bayram\u0131 etkinli\u011fine kat\u0131ld\u0131.<\/p><div class=\"corlu-icerik-2\" id=\"corlu-1148280856\"><!-- Admatic AUTO ads START -->\r\n<ins data-publisher=\"adm-pub-155556240050\" data-ad-network=\"659428a24d11b285b616c18d\"   class=\"adm-ads-area\"><\/ins>\r\n<script type=\"text\/javascript\" src=\"https:\/\/static.cdn.admatic.com.tr\/showad\/showad.min.js\"><\/script>\r\n<!-- Admatic AUTO ads END --><\/div>\n<p>Belediye Ba\u015fkan Yard\u0131mc\u0131s\u0131 Hakan \u00d6zt\u00fcrk ve meclis \u00fcyeleriyle birlikte dernek binas\u0131nda ve etkinlik alan\u0131nda dernek \u00fcyeleri ile bir araya gelen Ba\u015fkan Sar\u0131kurt, dernek \u00fcyelerinin ve ailelerinin vatanda\u015flar\u0131n bayram co\u015fkusuna ortak oldu. S\u0131cak ve samimi bir atmosferde ger\u00e7ekle\u015fen bulu\u015fmada dernek y\u00f6netiminin ve \u00fcyelerinin 30 A\u011fustos heyecan\u0131 dikkat \u00e7ekti.<\/p>\n<p>Etkinlikte yapt\u0131\u011f\u0131 konu\u015fmada birlik ve beraberlik vurgusu yapan Ba\u015fkan Ahmet Sar\u0131kurt, \u201cBirlik ve beraberlik i\u00e7inde, engel tan\u0131mayan bir ruhla Cumhuriyetimize ve zaferimize sahip \u00e7\u0131kmaya devam ediyoruz.\u201d ifadelerini kulland\u0131. Ba\u015fkan Sar\u0131kurt, bu anlaml\u0131 organizasyona ev sahipli\u011fi yapan T\u00fcrkiye Sakatlar Derne\u011fi \u00c7orlu \u015eubesi y\u00f6netimine, eme\u011fi ge\u00e7en herkese ve etkinli\u011fe kat\u0131lanlara te\u015fekk\u00fcr etti.<\/p>\n<p>Program, T\u00fcrkiye Cumhuriyeti&#8217;nin kurucusu Gazi Mustafa Kemal Atat\u00fcrk ve silah arkada\u015flar\u0131n\u0131n sayg\u0131 ve minnetle an\u0131lmas\u0131 ve 30 A\u011fustos Zafer Bayram\u0131&#8217;n\u0131n co\u015fkuyla kutlanmas\u0131yla tamamland\u0131.<\/p>\n<table style=\"text-align: left; color: #ff0000; font-weight: bold; width: 100%; height: 100%;\" border=\"1\" cellspacing=\"2\" cellpadding=\"2\">\n<tbody>\n<tr>\n<td style=\"background-color: #000000;\">\n<h5><em><span style=\"color: #ff0000;\">Bu haber <span style=\"color: #ffffff;\">\u00c7orlu Belediyesi&#8217;nin<\/span> Kendi sitesinden botlar yard\u0131m\u0131yla otomatik olarak eklenmi\u015ftir. Bu i\u00e7erikte \u00c7orlu&#8217;da Haber edit\u00f6rleri herhangi bir m\u00fcdahalede bulunmam\u0131\u015ft\u0131r.<\/span><\/em><\/h5>\n<\/td>\n<\/tr>\n<\/tbody>\n<\/table>\n<div class=\"corlu-icerikten-sonra_3\" id=\"corlu-2068598874\"><p><img loading=\"lazy\" decoding=\"async\" class=\"aligncenter\" src=\"https:\/\/www.corludahaber.com\/bahcesehir.jpg\" alt=\"\" width=\"624\" height=\"196\" \/><\/p>\n<table style=\"text-align: left; width: 100%;\" border=\"1\" cellspacing=\"2\" cellpadding=\"2\">\n<tbody>\n<tr>\n<td style=\"background-color: #050805;\"><span style=\"font-size: 12pt;\"><small><small><em><strong><big><span style=\"color: #ff0000;\">Haber ve resimlerin telif haklar\u0131ndan dolay\u0131 kullan\u0131m\u0131 yasakt\u0131r<span style=\"color: #000000;\">.<\/span><\/span><span style=\"color: #000000;\">\u00a0<\/span><span style=\"color: #ffffff;\">Yaz\u0131l\u0131 izni al\u0131nmadan hi\u00e7bir yaz\u0131l\u0131, g\u00f6rsel, i\u015fitsel i\u00e7erik kopyalanamaz, de\u011fi\u015ftirilemez, yay\u0131nlanamaz veya sat\u0131lamaz. Aksi halde<\/span>\u00a0<span style=\"color: #ff0000;\">5846<span style=\"color: #ffffff;\">\u00a0<\/span><\/span><span style=\"color: #ffffff;\">say\u0131l\u0131 Fikir ve Sanat Eserleri Kanunu\u2019na ve<\/span>\u00a0<span style=\"color: #800000;\"><span style=\"color: #ff0000;\">6102<\/span><span style=\"color: #ffffff;\">\u00a0<\/span><\/span><span style=\"color: #ffffff;\">say\u0131l\u0131 maddesine g\u00f6re<\/span>\u00a0<span style=\"color: #ff0000;\">gerekli i\u015flemler uygulanacakt\u0131r.<\/span><br \/>\n<span style=\"color: #ffffff;\">\u00a9 Copyright 2014<\/span><\/big><\/strong><\/em><\/small><\/small><\/span><\/td>\n<\/tr>\n<\/tbody>\n<\/table>\n<p><small><small>\u00a0<\/small><\/small><\/p>\n<\/div>","protected":false},"excerpt":{"rendered":"<p>\u00c7orlu Belediye Ba\u015fkan\u0131 Ahmet Sar\u0131kurt, T\u00fcrkiye Sakatlar Derne\u011fi \u00c7orlu \u015eubesi`nin ev sahipli\u011finde d\u00fczenlenen 30 A\u011fustos Zafer Bayram\u0131 etkinli\u011fine kat\u0131ld\u0131. Belediye Ba\u015fkan Yard\u0131mc\u0131s\u0131 Hakan \u00d6zt\u00fcrk ve meclis \u00fcyeleriyle birlikte dernek binas\u0131nda ve etkinlik alan\u0131nda dernek \u00fcyeleri ile bir araya gelen Ba\u015fkan Sar\u0131kurt, dernek \u00fcyelerinin ve ailelerinin vatanda\u015flar\u0131n bayram co\u015fkusuna ortak oldu. S\u0131cak ve samimi bir atmosferde &hellip;<\/p>\n","protected":false},"author":151,"featured_media":124121,"comment_status":"closed","ping_status":"closed","sticky":false,"template":"","format":"standard","meta":{"footnotes":""},"categories":[24],"tags":[2310,10760,8025,3956,411,9376,15478,1774,4305,3661,4928,89,36655],"class_list":["post-124120","post","type-post","status-publish","format-standard","has-post-thumbnail","hentry","category-corlu","tag-agustos","tag-anlamli","tag-asayis","tag-bulusma","tag-corlu","tag-corlu-kaza","tag-corlu-son-dakika-kaza","tag-dernegi","tag-sakatlar","tag-son-dakika-kaza","tag-subesi","tag-turkiye","tag-turkiye-sakatlar-dernegi-corlu-subesinden-30-agustosta-anlamli-bulusma"],"yoast_head":"<!-- This site is optimized with the Yoast SEO Premium plugin v23.3 (Yoast SEO v23.3) - https:\/\/yoast.com\/wordpress\/plugins\/seo\/ -->\n<title>T\u00fcrkiye Sakatlar Derne\u011fi \u00c7orlu \u015eubesi`nden 30 A\u011fustos`ta Anlaml\u0131 Bulu\u015fma | \u00c7orlu&#039;da Haber<\/title>\n<meta name=\"description\" content=\"T\u00fcrkiye Sakatlar Derne\u011fi \u00c7orlu \u015eubesi`nden 30 A\u011fustos`ta Anlaml\u0131 Bulu\u015fma | \u00c7orlu&#039;da Haber\" \/>\n<meta name=\"robots\" content=\"index, follow, max-snippet:-1, max-image-preview:large, max-video-preview:-1\" \/>\n<link rel=\"canonical\" href=\"https:\/\/corludahaber.com\/h\/turkiye-sakatlar-dernegi-corlu-subesinden-30-agustosta-anlamli-bulusma\/124120\" \/>\n<meta property=\"og:locale\" content=\"tr_TR\" \/>\n<meta property=\"og:type\" content=\"article\" \/>\n<meta property=\"og:title\" content=\"T\u00fcrkiye Sakatlar Derne\u011fi \u00c7orlu \u015eubesi`nden 30 A\u011fustos`ta Anlaml\u0131 Bulu\u015fma | \u00c7orlu&#039;da Haber\" \/>\n<meta property=\"og:description\" content=\"T\u00fcrkiye Sakatlar Derne\u011fi \u00c7orlu \u015eubesi`nden 30 A\u011fustos`ta Anlaml\u0131 Bulu\u015fma | \u00c7orlu&#039;da Haber\" \/>\n<meta property=\"og:url\" content=\"https:\/\/corludahaber.com\/h\/turkiye-sakatlar-dernegi-corlu-subesinden-30-agustosta-anlamli-bulusma\/124120\" \/>\n<meta property=\"og:site_name\" content=\"\u00c7orlu&#039;da Haber\" \/>\n<meta property=\"article:publisher\" content=\"https:\/\/facebook.com\/habercorluda\" \/>\n<meta property=\"article:published_time\" content=\"2026-09-01T10:44:53+00:00\" \/>\n<meta property=\"article:modified_time\" content=\"2026-09-01T10:44:57+00:00\" \/>\n<meta property=\"og:image\" content=\"http:\/\/corludahaber.com\/h\/wp-content\/uploads\/2026\/09\/turkiye-sakatlar-dernegi-corlu-subesinden-30-agustosta-anlamli-bulusma_6a96aca8e6cda.jpeg\" \/>\n\t<meta property=\"og:image:width\" content=\"832\" \/>\n\t<meta property=\"og:image:height\" content=\"407\" \/>\n\t<meta property=\"og:image:type\" content=\"image\/jpeg\" \/>\n<meta name=\"author\" content=\"\u00c7orlu&#039;da Haber\" \/>\n<meta name=\"twitter:card\" content=\"summary_large_image\" \/>\n<meta name=\"twitter:creator\" content=\"@habercorluda\" \/>\n<meta name=\"twitter:site\" content=\"@habercorluda\" \/>\n<meta name=\"twitter:label1\" content=\"Yazan:\" \/>\n\t<meta name=\"twitter:data1\" content=\"\u00c7orlu&#039;da Haber\" \/>\n\t<meta name=\"twitter:label2\" content=\"Tahmini okuma s\u00fcresi\" \/>\n\t<meta name=\"twitter:data2\" content=\"1 dakika\" \/>\n<script type=\"application\/ld+json\" class=\"yoast-schema-graph\">{\"@context\":\"https:\/\/schema.org\",\"@graph\":[{\"@type\":\"Article\",\"@id\":\"https:\/\/corludahaber.com\/h\/turkiye-sakatlar-dernegi-corlu-subesinden-30-agustosta-anlamli-bulusma\/124120#article\",\"isPartOf\":{\"@id\":\"https:\/\/corludahaber.com\/h\/turkiye-sakatlar-dernegi-corlu-subesinden-30-agustosta-anlamli-bulusma\/124120\"},\"author\":{\"name\":\"\u00c7orlu'da Haber\",\"@id\":\"https:\/\/corludahaber.com\/h\/#\/schema\/person\/b523522be44b062db5d74a62589768cd\"},\"headline\":\"T\u00fcrkiye Sakatlar Derne\u011fi \u00c7orlu \u015eubesi`nden 30 A\u011fustos`ta Anlaml\u0131 Bulu\u015fma\",\"datePublished\":\"2026-09-01T10:44:53+00:00\",\"dateModified\":\"2026-09-01T10:44:57+00:00\",\"mainEntityOfPage\":{\"@id\":\"https:\/\/corludahaber.com\/h\/turkiye-sakatlar-dernegi-corlu-subesinden-30-agustosta-anlamli-bulusma\/124120\"},\"wordCount\":236,\"publisher\":{\"@id\":\"https:\/\/corludahaber.com\/h\/#organization\"},\"image\":{\"@id\":\"https:\/\/corludahaber.com\/h\/turkiye-sakatlar-dernegi-corlu-subesinden-30-agustosta-anlamli-bulusma\/124120#primaryimage\"},\"thumbnailUrl\":\"https:\/\/corludahaber.com\/h\/wp-content\/uploads\/2026\/09\/turkiye-sakatlar-dernegi-corlu-subesinden-30-agustosta-anlamli-bulusma_6a96aca8e6cda.jpeg\",\"keywords\":[\"A\u011eUSTOS\",\"ANLAMLI\",\"asayi\u015f\",\"Bulu\u015fma\",\"\u00c7orlu\",\"\u00c7orlu kaza\",\"\u00c7orlu son dakika kaza\",\"Derne\u011fi\",\"Sakatlar\",\"son dakika kaza\",\"\u015eubesi\",\"T\u00fcrkiye\",\"T\u00fcrkiye Sakatlar Derne\u011fi \u00c7orlu \u015eubesi`nden 30 A\u011fustos`ta Anlaml\u0131 Bulu\u015fma\"],\"articleSection\":[\"\u00c7orlu\"],\"inLanguage\":\"tr\"},{\"@type\":\"WebPage\",\"@id\":\"https:\/\/corludahaber.com\/h\/turkiye-sakatlar-dernegi-corlu-subesinden-30-agustosta-anlamli-bulusma\/124120\",\"url\":\"https:\/\/corludahaber.com\/h\/turkiye-sakatlar-dernegi-corlu-subesinden-30-agustosta-anlamli-bulusma\/124120\",\"name\":\"T\u00fcrkiye Sakatlar Derne\u011fi \u00c7orlu \u015eubesi`nden 30 A\u011fustos`ta Anlaml\u0131 Bulu\u015fma | \u00c7orlu&#039;da Haber\",\"isPartOf\":{\"@id\":\"https:\/\/corludahaber.com\/h\/#website\"},\"primaryImageOfPage\":{\"@id\":\"https:\/\/corludahaber.com\/h\/turkiye-sakatlar-dernegi-corlu-subesinden-30-agustosta-anlamli-bulusma\/124120#primaryimage\"},\"image\":{\"@id\":\"https:\/\/corludahaber.com\/h\/turkiye-sakatlar-dernegi-corlu-subesinden-30-agustosta-anlamli-bulusma\/124120#primaryimage\"},\"thumbnailUrl\":\"https:\/\/corludahaber.com\/h\/wp-content\/uploads\/2026\/09\/turkiye-sakatlar-dernegi-corlu-subesinden-30-agustosta-anlamli-bulusma_6a96aca8e6cda.jpeg\",\"datePublished\":\"2026-09-01T10:44:53+00:00\",\"dateModified\":\"2026-09-01T10:44:57+00:00\",\"description\":\"T\u00fcrkiye Sakatlar Derne\u011fi \u00c7orlu \u015eubesi`nden 30 A\u011fustos`ta Anlaml\u0131 Bulu\u015fma | \u00c7orlu&#039;da Haber\",\"breadcrumb\":{\"@id\":\"https:\/\/corludahaber.com\/h\/turkiye-sakatlar-dernegi-corlu-subesinden-30-agustosta-anlamli-bulusma\/124120#breadcrumb\"},\"inLanguage\":\"tr\",\"potentialAction\":[{\"@type\":\"ReadAction\",\"target\":[\"https:\/\/corludahaber.com\/h\/turkiye-sakatlar-dernegi-corlu-subesinden-30-agustosta-anlamli-bulusma\/124120\"]}]},{\"@type\":\"ImageObject\",\"inLanguage\":\"tr\",\"@id\":\"https:\/\/corludahaber.com\/h\/turkiye-sakatlar-dernegi-corlu-subesinden-30-agustosta-anlamli-bulusma\/124120#primaryimage\",\"url\":\"https:\/\/corludahaber.com\/h\/wp-content\/uploads\/2026\/09\/turkiye-sakatlar-dernegi-corlu-subesinden-30-agustosta-anlamli-bulusma_6a96aca8e6cda.jpeg\",\"contentUrl\":\"https:\/\/corludahaber.com\/h\/wp-content\/uploads\/2026\/09\/turkiye-sakatlar-dernegi-corlu-subesinden-30-agustosta-anlamli-bulusma_6a96aca8e6cda.jpeg\",\"width\":832,\"height\":407},{\"@type\":\"BreadcrumbList\",\"@id\":\"https:\/\/corludahaber.com\/h\/turkiye-sakatlar-dernegi-corlu-subesinden-30-agustosta-anlamli-bulusma\/124120#breadcrumb\",\"itemListElement\":[{\"@type\":\"ListItem\",\"position\":1,\"name\":\"Anasayfa\",\"item\":\"https:\/\/corludahaber.com\/h\/anasayfa\"},{\"@type\":\"ListItem\",\"position\":2,\"name\":\"\u00c7orlu\",\"item\":\"https:\/\/corludahaber.com\/h\/kategori\/corlu\"},{\"@type\":\"ListItem\",\"position\":3,\"name\":\"T\u00fcrkiye Sakatlar Derne\u011fi \u00c7orlu \u015eubesi`nden 30 A\u011fustos`ta Anlaml\u0131 Bulu\u015fma\"}]},{\"@type\":\"WebSite\",\"@id\":\"https:\/\/corludahaber.com\/h\/#website\",\"url\":\"https:\/\/corludahaber.com\/h\/\",\"name\":\"\u00c7orlu'da Haber\",\"description\":\"Ger\u00e7ek Tarafs\u0131z Haber\",\"publisher\":{\"@id\":\"https:\/\/corludahaber.com\/h\/#organization\"},\"potentialAction\":[{\"@type\":\"SearchAction\",\"target\":{\"@type\":\"EntryPoint\",\"urlTemplate\":\"https:\/\/corludahaber.com\/h\/?s={search_term_string}\"},\"query-input\":\"required name=search_term_string\"}],\"inLanguage\":\"tr\"},{\"@type\":\"Organization\",\"@id\":\"https:\/\/corludahaber.com\/h\/#organization\",\"name\":\"\u00c7orlu'da Haber\",\"url\":\"https:\/\/corludahaber.com\/h\/\",\"logo\":{\"@type\":\"ImageObject\",\"inLanguage\":\"tr\",\"@id\":\"https:\/\/corludahaber.com\/h\/#\/schema\/logo\/image\/\",\"url\":\"https:\/\/corludahaber.com\/h\/wp-content\/uploads\/2021\/12\/logo__9__1_-removebg-preview.png\",\"contentUrl\":\"https:\/\/corludahaber.com\/h\/wp-content\/uploads\/2021\/12\/logo__9__1_-removebg-preview.png\",\"width\":500,\"height\":157,\"caption\":\"\u00c7orlu'da Haber\"},\"image\":{\"@id\":\"https:\/\/corludahaber.com\/h\/#\/schema\/logo\/image\/\"},\"sameAs\":[\"https:\/\/facebook.com\/habercorluda\",\"https:\/\/x.com\/habercorluda\",\"https:\/\/www.instagram.com\/corludahaber\",\"https:\/\/www.youtube.com\/user\/corludahaber\"]},{\"@type\":\"Person\",\"@id\":\"https:\/\/corludahaber.com\/h\/#\/schema\/person\/b523522be44b062db5d74a62589768cd\",\"name\":\"\u00c7orlu'da Haber\",\"image\":{\"@type\":\"ImageObject\",\"inLanguage\":\"tr\",\"@id\":\"https:\/\/corludahaber.com\/h\/#\/schema\/person\/image\/\",\"url\":\"https:\/\/secure.gravatar.com\/avatar\/1033e54e078c29fd7f053370086ff627ba414b05c2b231c418a481adecd764ce?s=96&d=blank&r=g\",\"contentUrl\":\"https:\/\/secure.gravatar.com\/avatar\/1033e54e078c29fd7f053370086ff627ba414b05c2b231c418a481adecd764ce?s=96&d=blank&r=g\",\"caption\":\"\u00c7orlu'da Haber\"},\"sameAs\":[\"https:\/\/corludahaber.com\/h\"],\"url\":\"https:\/\/corludahaber.com\/h\/author\/admin\"}]}<\/script>\n<!-- \/ Yoast SEO Premium plugin. -->","yoast_head_json":{"title":"T\u00fcrkiye Sakatlar Derne\u011fi \u00c7orlu \u015eubesi`nden 30 A\u011fustos`ta Anlaml\u0131 Bulu\u015fma | \u00c7orlu&#039;da Haber","description":"T\u00fcrkiye Sakatlar Derne\u011fi \u00c7orlu \u015eubesi`nden 30 A\u011fustos`ta Anlaml\u0131 Bulu\u015fma | \u00c7orlu&#039;da Haber","robots":{"index":"index","follow":"follow","max-snippet":"max-snippet:-1","max-image-preview":"max-image-preview:large","max-video-preview":"max-video-preview:-1"},"canonical":"https:\/\/corludahaber.com\/h\/turkiye-sakatlar-dernegi-corlu-subesinden-30-agustosta-anlamli-bulusma\/124120","og_locale":"tr_TR","og_type":"article","og_title":"T\u00fcrkiye Sakatlar Derne\u011fi \u00c7orlu \u015eubesi`nden 30 A\u011fustos`ta Anlaml\u0131 Bulu\u015fma | \u00c7orlu&#039;da Haber","og_description":"T\u00fcrkiye Sakatlar Derne\u011fi \u00c7orlu \u015eubesi`nden 30 A\u011fustos`ta Anlaml\u0131 Bulu\u015fma | \u00c7orlu&#039;da Haber","og_url":"https:\/\/corludahaber.com\/h\/turkiye-sakatlar-dernegi-corlu-subesinden-30-agustosta-anlamli-bulusma\/124120","og_site_name":"\u00c7orlu&#039;da Haber","article_publisher":"https:\/\/facebook.com\/habercorluda","article_published_time":"2026-09-01T10:44:53+00:00","article_modified_time":"2026-09-01T10:44:57+00:00","og_image":[{"width":832,"height":407,"url":"http:\/\/corludahaber.com\/h\/wp-content\/uploads\/2026\/09\/turkiye-sakatlar-dernegi-corlu-subesinden-30-agustosta-anlamli-bulusma_6a96aca8e6cda.jpeg","type":"image\/jpeg"}],"author":"\u00c7orlu'da Haber","twitter_card":"summary_large_image","twitter_creator":"@habercorluda","twitter_site":"@habercorluda","twitter_misc":{"Yazan:":"\u00c7orlu'da Haber","Tahmini okuma s\u00fcresi":"1 dakika"},"schema":{"@context":"https:\/\/schema.org","@graph":[{"@type":"Article","@id":"https:\/\/corludahaber.com\/h\/turkiye-sakatlar-dernegi-corlu-subesinden-30-agustosta-anlamli-bulusma\/124120#article","isPartOf":{"@id":"https:\/\/corludahaber.com\/h\/turkiye-sakatlar-dernegi-corlu-subesinden-30-agustosta-anlamli-bulusma\/124120"},"author":{"name":"\u00c7orlu'da Haber","@id":"https:\/\/corludahaber.com\/h\/#\/schema\/person\/b523522be44b062db5d74a62589768cd"},"headline":"T\u00fcrkiye Sakatlar Derne\u011fi \u00c7orlu \u015eubesi`nden 30 A\u011fustos`ta Anlaml\u0131 Bulu\u015fma","datePublished":"2026-09-01T10:44:53+00:00","dateModified":"2026-09-01T10:44:57+00:00","mainEntityOfPage":{"@id":"https:\/\/corludahaber.com\/h\/turkiye-sakatlar-dernegi-corlu-subesinden-30-agustosta-anlamli-bulusma\/124120"},"wordCount":236,"publisher":{"@id":"https:\/\/corludahaber.com\/h\/#organization"},"image":{"@id":"https:\/\/corludahaber.com\/h\/turkiye-sakatlar-dernegi-corlu-subesinden-30-agustosta-anlamli-bulusma\/124120#primaryimage"},"thumbnailUrl":"https:\/\/corludahaber.com\/h\/wp-content\/uploads\/2026\/09\/turkiye-sakatlar-dernegi-corlu-subesinden-30-agustosta-anlamli-bulusma_6a96aca8e6cda.jpeg","keywords":["A\u011eUSTOS","ANLAMLI","asayi\u015f","Bulu\u015fma","\u00c7orlu","\u00c7orlu kaza","\u00c7orlu son dakika kaza","Derne\u011fi","Sakatlar","son dakika kaza","\u015eubesi","T\u00fcrkiye","T\u00fcrkiye Sakatlar Derne\u011fi \u00c7orlu \u015eubesi`nden 30 A\u011fustos`ta Anlaml\u0131 Bulu\u015fma"],"articleSection":["\u00c7orlu"],"inLanguage":"tr"},{"@type":"WebPage","@id":"https:\/\/corludahaber.com\/h\/turkiye-sakatlar-dernegi-corlu-subesinden-30-agustosta-anlamli-bulusma\/124120","url":"https:\/\/corludahaber.com\/h\/turkiye-sakatlar-dernegi-corlu-subesinden-30-agustosta-anlamli-bulusma\/124120","name":"T\u00fcrkiye Sakatlar Derne\u011fi \u00c7orlu \u015eubesi`nden 30 A\u011fustos`ta Anlaml\u0131 Bulu\u015fma | \u00c7orlu&#039;da Haber","isPartOf":{"@id":"https:\/\/corludahaber.com\/h\/#website"},"primaryImageOfPage":{"@id":"https:\/\/corludahaber.com\/h\/turkiye-sakatlar-dernegi-corlu-subesinden-30-agustosta-anlamli-bulusma\/124120#primaryimage"},"image":{"@id":"https:\/\/corludahaber.com\/h\/turkiye-sakatlar-dernegi-corlu-subesinden-30-agustosta-anlamli-bulusma\/124120#primaryimage"},"thumbnailUrl":"https:\/\/corludahaber.com\/h\/wp-content\/uploads\/2026\/09\/turkiye-sakatlar-dernegi-corlu-subesinden-30-agustosta-anlamli-bulusma_6a96aca8e6cda.jpeg","datePublished":"2026-09-01T10:44:53+00:00","dateModified":"2026-09-01T10:44:57+00:00","description":"T\u00fcrkiye Sakatlar Derne\u011fi \u00c7orlu \u015eubesi`nden 30 A\u011fustos`ta Anlaml\u0131 Bulu\u015fma | \u00c7orlu&#039;da Haber","breadcrumb":{"@id":"https:\/\/corludahaber.com\/h\/turkiye-sakatlar-dernegi-corlu-subesinden-30-agustosta-anlamli-bulusma\/124120#breadcrumb"},"inLanguage":"tr","potentialAction":[{"@type":"ReadAction","target":["https:\/\/corludahaber.com\/h\/turkiye-sakatlar-dernegi-corlu-subesinden-30-agustosta-anlamli-bulusma\/124120"]}]},{"@type":"ImageObject","inLanguage":"tr","@id":"https:\/\/corludahaber.com\/h\/turkiye-sakatlar-dernegi-corlu-subesinden-30-agustosta-anlamli-bulusma\/124120#primaryimage","url":"https:\/\/corludahaber.com\/h\/wp-content\/uploads\/2026\/09\/turkiye-sakatlar-dernegi-corlu-subesinden-30-agustosta-anlamli-bulusma_6a96aca8e6cda.jpeg","contentUrl":"https:\/\/corludahaber.com\/h\/wp-content\/uploads\/2026\/09\/turkiye-sakatlar-dernegi-corlu-subesinden-30-agustosta-anlamli-bulusma_6a96aca8e6cda.jpeg","width":832,"height":407},{"@type":"BreadcrumbList","@id":"https:\/\/corludahaber.com\/h\/turkiye-sakatlar-dernegi-corlu-subesinden-30-agustosta-anlamli-bulusma\/124120#breadcrumb","itemListElement":[{"@type":"ListItem","position":1,"name":"Anasayfa","item":"https:\/\/corludahaber.com\/h\/anasayfa"},{"@type":"ListItem","position":2,"name":"\u00c7orlu","item":"https:\/\/corludahaber.com\/h\/kategori\/corlu"},{"@type":"ListItem","position":3,"name":"T\u00fcrkiye Sakatlar Derne\u011fi \u00c7orlu \u015eubesi`nden 30 A\u011fustos`ta Anlaml\u0131 Bulu\u015fma"}]},{"@type":"WebSite","@id":"https:\/\/corludahaber.com\/h\/#website","url":"https:\/\/corludahaber.com\/h\/","name":"\u00c7orlu'da Haber","description":"Ger\u00e7ek Tarafs\u0131z Haber","publisher":{"@id":"https:\/\/corludahaber.com\/h\/#organization"},"potentialAction":[{"@type":"SearchAction","target":{"@type":"EntryPoint","urlTemplate":"https:\/\/corludahaber.com\/h\/?s={search_term_string}"},"query-input":"required name=search_term_string"}],"inLanguage":"tr"},{"@type":"Organization","@id":"https:\/\/corludahaber.com\/h\/#organization","name":"\u00c7orlu'da Haber","url":"https:\/\/corludahaber.com\/h\/","logo":{"@type":"ImageObject","inLanguage":"tr","@id":"https:\/\/corludahaber.com\/h\/#\/schema\/logo\/image\/","url":"https:\/\/corludahaber.com\/h\/wp-content\/uploads\/2021\/12\/logo__9__1_-removebg-preview.png","contentUrl":"https:\/\/corludahaber.com\/h\/wp-content\/uploads\/2021\/12\/logo__9__1_-removebg-preview.png","width":500,"height":157,"caption":"\u00c7orlu'da Haber"},"image":{"@id":"https:\/\/corludahaber.com\/h\/#\/schema\/logo\/image\/"},"sameAs":["https:\/\/facebook.com\/habercorluda","https:\/\/x.com\/habercorluda","https:\/\/www.instagram.com\/corludahaber","https:\/\/www.youtube.com\/user\/corludahaber"]},{"@type":"Person","@id":"https:\/\/corludahaber.com\/h\/#\/schema\/person\/b523522be44b062db5d74a62589768cd","name":"\u00c7orlu'da Haber","image":{"@type":"ImageObject","inLanguage":"tr","@id":"https:\/\/corludahaber.com\/h\/#\/schema\/person\/image\/","url":"https:\/\/secure.gravatar.com\/avatar\/1033e54e078c29fd7f053370086ff627ba414b05c2b231c418a481adecd764ce?s=96&d=blank&r=g","contentUrl":"https:\/\/secure.gravatar.com\/avatar\/1033e54e078c29fd7f053370086ff627ba414b05c2b231c418a481adecd764ce?s=96&d=blank&r=g","caption":"\u00c7orlu'da Haber"},"sameAs":["https:\/\/corludahaber.com\/h"],"url":"https:\/\/corludahaber.com\/h\/author\/admin"}]}},"_links":{"self":[{"href":"https:\/\/corludahaber.com\/h\/wp-json\/wp\/v2\/posts\/124120","targetHints":{"allow":["GET"]}}],"collection":[{"href":"https:\/\/corludahaber.com\/h\/wp-json\/wp\/v2\/posts"}],"about":[{"href":"https:\/\/corludahaber.com\/h\/wp-json\/wp\/v2\/types\/post"}],"author":[{"embeddable":true,"href":"https:\/\/corludahaber.com\/h\/wp-json\/wp\/v2\/users\/151"}],"replies":[{"embeddable":true,"href":"https:\/\/corludahaber.com\/h\/wp-json\/wp\/v2\/comments?post=124120"}],"version-history":[{"count":1,"href":"https:\/\/corludahaber.com\/h\/wp-json\/wp\/v2\/posts\/124120\/revisions"}],"predecessor-version":[{"id":124122,"href":"https:\/\/corludahaber.com\/h\/wp-json\/wp\/v2\/posts\/124120\/revisions\/124122"}],"wp:featuredmedia":[{"embeddable":true,"href":"https:\/\/corludahaber.com\/h\/wp-json\/wp\/v2\/media\/124121"}],"wp:attachment":[{"href":"https:\/\/corludahaber.com\/h\/wp-json\/wp\/v2\/media?parent=124120"}],"wp:term":[{"taxonomy":"category","embeddable":true,"href":"https:\/\/corludahaber.com\/h\/wp-json\/wp\/v2\/categories?post=124120"},{"taxonomy":"post_tag","embeddable":true,"href":"https:\/\/corludahaber.com\/h\/wp-json\/wp\/v2\/tags?post=124120"}],"curies":[{"name":"wp","href":"https:\/\/api.w.org\/{rel}","templated":true}]}}