{"id":124117,"date":"2026-09-01T13:44:41","date_gmt":"2026-09-01T10:44:41","guid":{"rendered":"https:\/\/corludahaber.com\/h\/asya-onel-turkiye-minikler-karate-sampiyonasi-corluda-gerceklestirildi\/124117"},"modified":"2026-09-01T13:44:45","modified_gmt":"2026-09-01T10:44:45","slug":"asya-onel-turkiye-minikler-karate-sampiyonasi-corluda-gerceklestirildi","status":"publish","type":"post","link":"https:\/\/corludahaber.com\/h\/asya-onel-turkiye-minikler-karate-sampiyonasi-corluda-gerceklestirildi\/124117","title":{"rendered":"Asya \u00d6nel T\u00fcrkiye Minikler Karate \u015eampiyonas\u0131 \u00c7orlu`da Ger\u00e7ekle\u015ftirildi"},"content":{"rendered":"<div class=\"corlu-icerikten-once_3\" id=\"corlu-3657254258\"><script type='text\/javascript' src='https:\/\/platform-api.sharethis.com\/js\/sharethis.js#property=5ce8cf08af7d000012cb0ca1&product=inline-reaction-buttons' async='async'><\/script>\r\n\r\n<\/div><p>\u00c7orlu, T\u00fcrkiye`nin d\u00f6rt bir yan\u0131ndan gelen minik sporcular\u0131, antren\u00f6rleri ve ailelerini a\u011f\u0131rlayan anlaml\u0131 bir spor organizasyonuna ev sahipli\u011fi yapt\u0131. Asya \u00d6nel T\u00fcrkiye Minikler Karate \u015eampiyonas\u0131, protokol\u00fcn ve spor sevdal\u0131lar\u0131n\u0131n kat\u0131l\u0131m\u0131yla ger\u00e7ekle\u015ftirildi.<\/p><div class=\"corlu-icerik-2\" id=\"corlu-781952429\"><!-- Admatic AUTO ads START -->\r\n<ins data-publisher=\"adm-pub-155556240050\" data-ad-network=\"659428a24d11b285b616c18d\"   class=\"adm-ads-area\"><\/ins>\r\n<script type=\"text\/javascript\" src=\"https:\/\/static.cdn.admatic.com.tr\/showad\/showad.min.js\"><\/script>\r\n<!-- Admatic AUTO ads END --><\/div>\n<p>Ge\u00e7ti\u011fimiz y\u0131l aram\u0131zdan ayr\u0131lan \u00c7orlulu karate sporcusu Asya \u00d6nel\u2019in ad\u0131n\u0131 ya\u015fatmak amac\u0131yla d\u00fczenlenen \u015fampiyona, duygusal ve gururlu anlara sahne oldu. A\u00e7\u0131l\u0131\u015f t\u00f6renine; \u00c7orlu Kaymakam\u0131 Niyazi Erten, Tekirda\u011f B\u00fcy\u00fck\u015fehir Belediye Ba\u015fkan\u0131 Dr. Candan Y\u00fcceer, \u00c7orlu Belediye Ba\u015fkan\u0131 Ahmet Sar\u0131kurt, T\u00fcrkiye Karate Federasyonu Asba\u015fkan\u0131 Hayrettin Hamurcu, Tekirda\u011f Gen\u00e7lik ve Spor \u0130l M\u00fcd\u00fcr\u00fc Ahmet \u00dczg\u00fcn, \u00c7orlu Gen\u00e7lik ve Spor M\u00fcd\u00fcr\u00fc \u015eenol Do\u011framac\u0131, protokol \u00fcyeleri, sporcular, antren\u00f6rler, aileler ve \u00e7ok say\u0131da vatanda\u015f kat\u0131ld\u0131.<\/p>\n<p>A\u00e7\u0131l\u0131\u015fta sporcular ve aileleriyle bir araya gelen \u00c7orlu Belediye Ba\u015fkan\u0131 Ahmet Sar\u0131kurt, bu \u00f6zel organizasyonun Asya \u00d6nel\u2019in azmini, spor sevgisini ve \u00f6rnek duru\u015funu yeni nesillere ta\u015f\u0131yaca\u011f\u0131na olan inanc\u0131n\u0131 dile getirdi.<\/p>\n<p>T\u00fcm sporculara ba\u015far\u0131lar dileyen Ba\u015fkan Sar\u0131kurt, \u201c\u00c7orlu\u2019muzda sporu ve centilmenli\u011fi bir araya getiren \u00e7ok \u00f6zel bir organizasyon i\u00e7in bulu\u015ftuk. Asya \u00d6nel T\u00fcrkiye Minikler Karate \u015eampiyonas\u0131 vesilesiyle, \u015fehrimiz adeta bir spor bayram\u0131 ya\u015fad\u0131. Uzak Do\u011fu`dan s\u0131n\u0131rlar\u0131 a\u015farak d\u00fcnyan\u0131n d\u00f6rt bir yan\u0131na ula\u015fan ve bug\u00fcn milyonlarca sporcuya ilham olan karate sporu, sadece bir d\u00f6v\u00fc\u015f sporu de\u011fildir. Karate; disiplin demektir, sayg\u0131 demektir, \u00f6zg\u00fcven demektir. Daha k\u00fc\u00e7\u00fcc\u00fck ya\u015flardan itibaren sporcular\u0131m\u0131za adaletin, sabr\u0131n, \u00e7al\u0131\u015fman\u0131n ve m\u00fccadelenin ne demek oldu\u011funu \u00f6\u011freten bir ya\u015fam okuludur.\u201d dedi.<\/p>\n<p>Bu \u015fampiyonan\u0131n ad\u0131n\u0131 ta\u015f\u0131yan, ge\u00e7ti\u011fimiz aylarda yitirdi\u011fimiz evlad\u0131m\u0131z Asya \u00d6nel, karate d\u00fcnyam\u0131zda \u00f6nemli bir \u00f6rnek olmu\u015ftur diyen Ba\u015fkan Sar\u0131kurt, \u201cSporun g\u00fczelliklerini, ahlak\u0131n\u0131 ve disiplinini gen\u00e7 ya\u015f\u0131na ra\u011fmen hayat\u0131na yans\u0131tm\u0131\u015f bir sporcumuz olarak bug\u00fcn onun ismi bu \u015fampiyonayla ya\u015fayacak ve yeni nesillere ilham verecek. \u00c7orlu Belediyesi olarak sporu her zaman destekledik, desteklemeye de kararl\u0131l\u0131kla devam edece\u011fiz. \u00c7\u00fcnk\u00fc biliyoruz ki spor sadece bedeni g\u00fc\u00e7lendiren bir faaliyet de\u011fildir, ayn\u0131 zamanda insan karakterini in\u015fa eden en \u00f6nemli okullardan biridir. \u00c7ocuklar\u0131m\u0131z sporla b\u00fcy\u00fcrse; dayan\u0131\u015fmay\u0131, payla\u015fmay\u0131, sabretmeyi ve m\u00fccadeleyi \u00f6\u011frenirler. Sporla b\u00fcy\u00fcyen bir \u00e7ocuk; k\u00f6t\u00fcl\u00fckten, k\u00f6t\u00fc al\u0131\u015fkanl\u0131klardan uzak durur, hayat\u0131na disiplin katar. Sporla yeti\u015fen nesiller sadece kaslar\u0131 de\u011fil, vicdanlar\u0131 da g\u00fc\u00e7l\u00fc bireyler olur. Sa\u011fl\u0131kl\u0131 bir toplumun temeli sporla at\u0131l\u0131r, g\u00fc\u00e7l\u00fc bir gelece\u011fin yolu spora yat\u0131r\u0131m yapmaktan ge\u00e7er. Bizler de bu anlay\u0131\u015fla, \u00c7orlu\u2019muzda sporun ve sporcunun yan\u0131nda olmay\u0131 s\u00fcrd\u00fcrece\u011fiz.\u201d diye konu\u015ftu.<\/p>\n<p>\u00c7orlu Belediye Ba\u015fkan\u0131 Ahmet Sar\u0131kurt konu\u015fmas\u0131n\u0131 \u015f\u00f6yle s\u00fcrd\u00fcrd\u00fc: \u201cBu organizasyona katk\u0131 sunan Gen\u00e7lik ve Spor Bakanl\u0131\u011f\u0131na, T\u00fcrkiye Karate Federasyonuna, Tekirda\u011f B\u00fcy\u00fck\u015fehir Belediyesine, t\u00fcm sponsorlar\u0131m\u0131za ve eme\u011fi ge\u00e7en herkese \u00c7orlu halk\u0131 ad\u0131na te\u015fekk\u00fcr ediyorum. Birbirinden de\u011ferli sporcular\u0131m\u0131za ba\u015far\u0131lar diliyorum. Kazanan sadece madalya alanlar de\u011fil, buraya gelip m\u00fccadele eden herkes olacak.\u201d<\/p>\n<p>\u00c7orlu&#8217;da sporun ve vefan\u0131n bulu\u015ftu\u011fu \u015fampiyona, renkli g\u00f6r\u00fcnt\u00fcler ve minik karatecilerin k\u0131yas\u0131ya m\u00fccadelelerine sahne oldu.<\/p>\n<table style=\"text-align: left; color: #ff0000; font-weight: bold; width: 100%; height: 100%;\" border=\"1\" cellspacing=\"2\" cellpadding=\"2\">\n<tbody>\n<tr>\n<td style=\"background-color: #000000;\">\n<h5><em><span style=\"color: #ff0000;\">Bu haber <span style=\"color: #ffffff;\">\u00c7orlu Belediyesi&#8217;nin<\/span> Kendi sitesinden botlar yard\u0131m\u0131yla otomatik olarak eklenmi\u015ftir. Bu i\u00e7erikte \u00c7orlu&#8217;da Haber edit\u00f6rleri herhangi bir m\u00fcdahalede bulunmam\u0131\u015ft\u0131r.<\/span><\/em><\/h5>\n<\/td>\n<\/tr>\n<\/tbody>\n<\/table>\n<div class=\"corlu-icerikten-sonra_3\" id=\"corlu-2809636162\"><p><img loading=\"lazy\" decoding=\"async\" class=\"aligncenter\" src=\"https:\/\/www.corludahaber.com\/bahcesehir.jpg\" alt=\"\" width=\"624\" height=\"196\" \/><\/p>\n<table style=\"text-align: left; width: 100%;\" border=\"1\" cellspacing=\"2\" cellpadding=\"2\">\n<tbody>\n<tr>\n<td style=\"background-color: #050805;\"><span style=\"font-size: 12pt;\"><small><small><em><strong><big><span style=\"color: #ff0000;\">Haber ve resimlerin telif haklar\u0131ndan dolay\u0131 kullan\u0131m\u0131 yasakt\u0131r<span style=\"color: #000000;\">.<\/span><\/span><span style=\"color: #000000;\">\u00a0<\/span><span style=\"color: #ffffff;\">Yaz\u0131l\u0131 izni al\u0131nmadan hi\u00e7bir yaz\u0131l\u0131, g\u00f6rsel, i\u015fitsel i\u00e7erik kopyalanamaz, de\u011fi\u015ftirilemez, yay\u0131nlanamaz veya sat\u0131lamaz. Aksi halde<\/span>\u00a0<span style=\"color: #ff0000;\">5846<span style=\"color: #ffffff;\">\u00a0<\/span><\/span><span style=\"color: #ffffff;\">say\u0131l\u0131 Fikir ve Sanat Eserleri Kanunu\u2019na ve<\/span>\u00a0<span style=\"color: #800000;\"><span style=\"color: #ff0000;\">6102<\/span><span style=\"color: #ffffff;\">\u00a0<\/span><\/span><span style=\"color: #ffffff;\">say\u0131l\u0131 maddesine g\u00f6re<\/span>\u00a0<span style=\"color: #ff0000;\">gerekli i\u015flemler uygulanacakt\u0131r.<\/span><br \/>\n<span style=\"color: #ffffff;\">\u00a9 Copyright 2014<\/span><\/big><\/strong><\/em><\/small><\/small><\/span><\/td>\n<\/tr>\n<\/tbody>\n<\/table>\n<p><small><small>\u00a0<\/small><\/small><\/p>\n<\/div>","protected":false},"excerpt":{"rendered":"<p>\u00c7orlu, T\u00fcrkiye`nin d\u00f6rt bir yan\u0131ndan gelen minik sporcular\u0131, antren\u00f6rleri ve ailelerini a\u011f\u0131rlayan anlaml\u0131 bir spor organizasyonuna ev sahipli\u011fi yapt\u0131. Asya \u00d6nel T\u00fcrkiye Minikler Karate \u015eampiyonas\u0131, protokol\u00fcn ve spor sevdal\u0131lar\u0131n\u0131n kat\u0131l\u0131m\u0131yla ger\u00e7ekle\u015ftirildi. Ge\u00e7ti\u011fimiz y\u0131l aram\u0131zdan ayr\u0131lan \u00c7orlulu karate sporcusu Asya \u00d6nel\u2019in ad\u0131n\u0131 ya\u015fatmak amac\u0131yla d\u00fczenlenen \u015fampiyona, duygusal ve gururlu anlara sahne oldu. A\u00e7\u0131l\u0131\u015f t\u00f6renine; \u00c7orlu Kaymakam\u0131 &hellip;<\/p>\n","protected":false},"author":151,"featured_media":124118,"comment_status":"closed","ping_status":"closed","sticky":false,"template":"","format":"standard","meta":{"footnotes":""},"categories":[24],"tags":[8025,36654,411,9376,15478,885,15338,14721,36622,3171,3661,89],"class_list":["post-124117","post","type-post","status-publish","format-standard","has-post-thumbnail","hentry","category-corlu","tag-asayis","tag-asya-onel-turkiye-minikler-karate-sampiyonasi-corluda-gerceklestirildi","tag-corlu","tag-corlu-kaza","tag-corlu-son-dakika-kaza","tag-gerceklestirildi","tag-karate","tag-minikler","tag-onel","tag-sampiyonasi","tag-son-dakika-kaza","tag-turkiye"],"yoast_head":"<!-- This site is optimized with the Yoast SEO Premium plugin v23.3 (Yoast SEO v23.3) - https:\/\/yoast.com\/wordpress\/plugins\/seo\/ -->\n<title>Asya \u00d6nel T\u00fcrkiye Minikler Karate \u015eampiyonas\u0131 \u00c7orlu`da Ger\u00e7ekle\u015ftirildi | \u00c7orlu&#039;da Haber<\/title>\n<meta name=\"description\" content=\"Asya \u00d6nel T\u00fcrkiye Minikler Karate \u015eampiyonas\u0131 \u00c7orlu`da Ger\u00e7ekle\u015ftirildi | \u00c7orlu&#039;da Haber\" \/>\n<meta name=\"robots\" content=\"index, follow, max-snippet:-1, max-image-preview:large, max-video-preview:-1\" \/>\n<link rel=\"canonical\" href=\"https:\/\/corludahaber.com\/h\/asya-onel-turkiye-minikler-karate-sampiyonasi-corluda-gerceklestirildi\/124117\" \/>\n<meta property=\"og:locale\" content=\"tr_TR\" \/>\n<meta property=\"og:type\" content=\"article\" \/>\n<meta property=\"og:title\" content=\"Asya \u00d6nel T\u00fcrkiye Minikler Karate \u015eampiyonas\u0131 \u00c7orlu`da Ger\u00e7ekle\u015ftirildi | \u00c7orlu&#039;da Haber\" \/>\n<meta property=\"og:description\" content=\"Asya \u00d6nel T\u00fcrkiye Minikler Karate \u015eampiyonas\u0131 \u00c7orlu`da Ger\u00e7ekle\u015ftirildi | \u00c7orlu&#039;da Haber\" \/>\n<meta property=\"og:url\" content=\"https:\/\/corludahaber.com\/h\/asya-onel-turkiye-minikler-karate-sampiyonasi-corluda-gerceklestirildi\/124117\" \/>\n<meta property=\"og:site_name\" content=\"\u00c7orlu&#039;da Haber\" \/>\n<meta property=\"article:publisher\" content=\"https:\/\/facebook.com\/habercorluda\" \/>\n<meta property=\"article:published_time\" content=\"2026-09-01T10:44:41+00:00\" \/>\n<meta property=\"article:modified_time\" content=\"2026-09-01T10:44:45+00:00\" \/>\n<meta property=\"og:image\" content=\"http:\/\/corludahaber.com\/h\/wp-content\/uploads\/2026\/09\/asya-onel-turkiye-minikler-karate-sampiyonasi-corluda-gerceklestirildi_6a96ac9d15e9a.jpeg\" \/>\n\t<meta property=\"og:image:width\" content=\"832\" \/>\n\t<meta property=\"og:image:height\" content=\"407\" \/>\n\t<meta property=\"og:image:type\" content=\"image\/jpeg\" \/>\n<meta name=\"author\" content=\"\u00c7orlu&#039;da Haber\" \/>\n<meta name=\"twitter:card\" content=\"summary_large_image\" \/>\n<meta name=\"twitter:creator\" content=\"@habercorluda\" \/>\n<meta name=\"twitter:site\" content=\"@habercorluda\" \/>\n<meta name=\"twitter:label1\" content=\"Yazan:\" \/>\n\t<meta name=\"twitter:data1\" content=\"\u00c7orlu&#039;da Haber\" \/>\n\t<meta name=\"twitter:label2\" content=\"Tahmini okuma s\u00fcresi\" \/>\n\t<meta name=\"twitter:data2\" content=\"3 dakika\" \/>\n<script type=\"application\/ld+json\" class=\"yoast-schema-graph\">{\"@context\":\"https:\/\/schema.org\",\"@graph\":[{\"@type\":\"Article\",\"@id\":\"https:\/\/corludahaber.com\/h\/asya-onel-turkiye-minikler-karate-sampiyonasi-corluda-gerceklestirildi\/124117#article\",\"isPartOf\":{\"@id\":\"https:\/\/corludahaber.com\/h\/asya-onel-turkiye-minikler-karate-sampiyonasi-corluda-gerceklestirildi\/124117\"},\"author\":{\"name\":\"\u00c7orlu'da Haber\",\"@id\":\"https:\/\/corludahaber.com\/h\/#\/schema\/person\/b523522be44b062db5d74a62589768cd\"},\"headline\":\"Asya \u00d6nel T\u00fcrkiye Minikler Karate \u015eampiyonas\u0131 \u00c7orlu`da Ger\u00e7ekle\u015ftirildi\",\"datePublished\":\"2026-09-01T10:44:41+00:00\",\"dateModified\":\"2026-09-01T10:44:45+00:00\",\"mainEntityOfPage\":{\"@id\":\"https:\/\/corludahaber.com\/h\/asya-onel-turkiye-minikler-karate-sampiyonasi-corluda-gerceklestirildi\/124117\"},\"wordCount\":642,\"publisher\":{\"@id\":\"https:\/\/corludahaber.com\/h\/#organization\"},\"image\":{\"@id\":\"https:\/\/corludahaber.com\/h\/asya-onel-turkiye-minikler-karate-sampiyonasi-corluda-gerceklestirildi\/124117#primaryimage\"},\"thumbnailUrl\":\"https:\/\/corludahaber.com\/h\/wp-content\/uploads\/2026\/09\/asya-onel-turkiye-minikler-karate-sampiyonasi-corluda-gerceklestirildi_6a96ac9d15e9a.jpeg\",\"keywords\":[\"asayi\u015f\",\"Asya \u00d6nel T\u00fcrkiye Minikler Karate \u015eampiyonas\u0131 \u00c7orlu`da Ger\u00e7ekle\u015ftirildi\",\"\u00c7orlu\",\"\u00c7orlu kaza\",\"\u00c7orlu son dakika kaza\",\"Ger\u00e7ekle\u015ftirildi\",\"Karate\",\"Minikler\",\"\u00d6nel\",\"\u015eampiyonas\u0131\",\"son dakika kaza\",\"T\u00fcrkiye\"],\"articleSection\":[\"\u00c7orlu\"],\"inLanguage\":\"tr\"},{\"@type\":\"WebPage\",\"@id\":\"https:\/\/corludahaber.com\/h\/asya-onel-turkiye-minikler-karate-sampiyonasi-corluda-gerceklestirildi\/124117\",\"url\":\"https:\/\/corludahaber.com\/h\/asya-onel-turkiye-minikler-karate-sampiyonasi-corluda-gerceklestirildi\/124117\",\"name\":\"Asya \u00d6nel T\u00fcrkiye Minikler Karate \u015eampiyonas\u0131 \u00c7orlu`da Ger\u00e7ekle\u015ftirildi | \u00c7orlu&#039;da Haber\",\"isPartOf\":{\"@id\":\"https:\/\/corludahaber.com\/h\/#website\"},\"primaryImageOfPage\":{\"@id\":\"https:\/\/corludahaber.com\/h\/asya-onel-turkiye-minikler-karate-sampiyonasi-corluda-gerceklestirildi\/124117#primaryimage\"},\"image\":{\"@id\":\"https:\/\/corludahaber.com\/h\/asya-onel-turkiye-minikler-karate-sampiyonasi-corluda-gerceklestirildi\/124117#primaryimage\"},\"thumbnailUrl\":\"https:\/\/corludahaber.com\/h\/wp-content\/uploads\/2026\/09\/asya-onel-turkiye-minikler-karate-sampiyonasi-corluda-gerceklestirildi_6a96ac9d15e9a.jpeg\",\"datePublished\":\"2026-09-01T10:44:41+00:00\",\"dateModified\":\"2026-09-01T10:44:45+00:00\",\"description\":\"Asya \u00d6nel T\u00fcrkiye Minikler Karate \u015eampiyonas\u0131 \u00c7orlu`da Ger\u00e7ekle\u015ftirildi | \u00c7orlu&#039;da Haber\",\"breadcrumb\":{\"@id\":\"https:\/\/corludahaber.com\/h\/asya-onel-turkiye-minikler-karate-sampiyonasi-corluda-gerceklestirildi\/124117#breadcrumb\"},\"inLanguage\":\"tr\",\"potentialAction\":[{\"@type\":\"ReadAction\",\"target\":[\"https:\/\/corludahaber.com\/h\/asya-onel-turkiye-minikler-karate-sampiyonasi-corluda-gerceklestirildi\/124117\"]}]},{\"@type\":\"ImageObject\",\"inLanguage\":\"tr\",\"@id\":\"https:\/\/corludahaber.com\/h\/asya-onel-turkiye-minikler-karate-sampiyonasi-corluda-gerceklestirildi\/124117#primaryimage\",\"url\":\"https:\/\/corludahaber.com\/h\/wp-content\/uploads\/2026\/09\/asya-onel-turkiye-minikler-karate-sampiyonasi-corluda-gerceklestirildi_6a96ac9d15e9a.jpeg\",\"contentUrl\":\"https:\/\/corludahaber.com\/h\/wp-content\/uploads\/2026\/09\/asya-onel-turkiye-minikler-karate-sampiyonasi-corluda-gerceklestirildi_6a96ac9d15e9a.jpeg\",\"width\":832,\"height\":407},{\"@type\":\"BreadcrumbList\",\"@id\":\"https:\/\/corludahaber.com\/h\/asya-onel-turkiye-minikler-karate-sampiyonasi-corluda-gerceklestirildi\/124117#breadcrumb\",\"itemListElement\":[{\"@type\":\"ListItem\",\"position\":1,\"name\":\"Anasayfa\",\"item\":\"https:\/\/corludahaber.com\/h\/anasayfa\"},{\"@type\":\"ListItem\",\"position\":2,\"name\":\"\u00c7orlu\",\"item\":\"https:\/\/corludahaber.com\/h\/kategori\/corlu\"},{\"@type\":\"ListItem\",\"position\":3,\"name\":\"Asya \u00d6nel T\u00fcrkiye Minikler Karate \u015eampiyonas\u0131 \u00c7orlu`da Ger\u00e7ekle\u015ftirildi\"}]},{\"@type\":\"WebSite\",\"@id\":\"https:\/\/corludahaber.com\/h\/#website\",\"url\":\"https:\/\/corludahaber.com\/h\/\",\"name\":\"\u00c7orlu'da Haber\",\"description\":\"Ger\u00e7ek Tarafs\u0131z Haber\",\"publisher\":{\"@id\":\"https:\/\/corludahaber.com\/h\/#organization\"},\"potentialAction\":[{\"@type\":\"SearchAction\",\"target\":{\"@type\":\"EntryPoint\",\"urlTemplate\":\"https:\/\/corludahaber.com\/h\/?s={search_term_string}\"},\"query-input\":\"required name=search_term_string\"}],\"inLanguage\":\"tr\"},{\"@type\":\"Organization\",\"@id\":\"https:\/\/corludahaber.com\/h\/#organization\",\"name\":\"\u00c7orlu'da Haber\",\"url\":\"https:\/\/corludahaber.com\/h\/\",\"logo\":{\"@type\":\"ImageObject\",\"inLanguage\":\"tr\",\"@id\":\"https:\/\/corludahaber.com\/h\/#\/schema\/logo\/image\/\",\"url\":\"https:\/\/corludahaber.com\/h\/wp-content\/uploads\/2021\/12\/logo__9__1_-removebg-preview.png\",\"contentUrl\":\"https:\/\/corludahaber.com\/h\/wp-content\/uploads\/2021\/12\/logo__9__1_-removebg-preview.png\",\"width\":500,\"height\":157,\"caption\":\"\u00c7orlu'da Haber\"},\"image\":{\"@id\":\"https:\/\/corludahaber.com\/h\/#\/schema\/logo\/image\/\"},\"sameAs\":[\"https:\/\/facebook.com\/habercorluda\",\"https:\/\/x.com\/habercorluda\",\"https:\/\/www.instagram.com\/corludahaber\",\"https:\/\/www.youtube.com\/user\/corludahaber\"]},{\"@type\":\"Person\",\"@id\":\"https:\/\/corludahaber.com\/h\/#\/schema\/person\/b523522be44b062db5d74a62589768cd\",\"name\":\"\u00c7orlu'da Haber\",\"image\":{\"@type\":\"ImageObject\",\"inLanguage\":\"tr\",\"@id\":\"https:\/\/corludahaber.com\/h\/#\/schema\/person\/image\/\",\"url\":\"https:\/\/secure.gravatar.com\/avatar\/1033e54e078c29fd7f053370086ff627ba414b05c2b231c418a481adecd764ce?s=96&d=blank&r=g\",\"contentUrl\":\"https:\/\/secure.gravatar.com\/avatar\/1033e54e078c29fd7f053370086ff627ba414b05c2b231c418a481adecd764ce?s=96&d=blank&r=g\",\"caption\":\"\u00c7orlu'da Haber\"},\"sameAs\":[\"https:\/\/corludahaber.com\/h\"],\"url\":\"https:\/\/corludahaber.com\/h\/author\/admin\"}]}<\/script>\n<!-- \/ Yoast SEO Premium plugin. -->","yoast_head_json":{"title":"Asya \u00d6nel T\u00fcrkiye Minikler Karate \u015eampiyonas\u0131 \u00c7orlu`da Ger\u00e7ekle\u015ftirildi | \u00c7orlu&#039;da Haber","description":"Asya \u00d6nel T\u00fcrkiye Minikler Karate \u015eampiyonas\u0131 \u00c7orlu`da Ger\u00e7ekle\u015ftirildi | \u00c7orlu&#039;da Haber","robots":{"index":"index","follow":"follow","max-snippet":"max-snippet:-1","max-image-preview":"max-image-preview:large","max-video-preview":"max-video-preview:-1"},"canonical":"https:\/\/corludahaber.com\/h\/asya-onel-turkiye-minikler-karate-sampiyonasi-corluda-gerceklestirildi\/124117","og_locale":"tr_TR","og_type":"article","og_title":"Asya \u00d6nel T\u00fcrkiye Minikler Karate \u015eampiyonas\u0131 \u00c7orlu`da Ger\u00e7ekle\u015ftirildi | \u00c7orlu&#039;da Haber","og_description":"Asya \u00d6nel T\u00fcrkiye Minikler Karate \u015eampiyonas\u0131 \u00c7orlu`da Ger\u00e7ekle\u015ftirildi | \u00c7orlu&#039;da Haber","og_url":"https:\/\/corludahaber.com\/h\/asya-onel-turkiye-minikler-karate-sampiyonasi-corluda-gerceklestirildi\/124117","og_site_name":"\u00c7orlu&#039;da Haber","article_publisher":"https:\/\/facebook.com\/habercorluda","article_published_time":"2026-09-01T10:44:41+00:00","article_modified_time":"2026-09-01T10:44:45+00:00","og_image":[{"width":832,"height":407,"url":"http:\/\/corludahaber.com\/h\/wp-content\/uploads\/2026\/09\/asya-onel-turkiye-minikler-karate-sampiyonasi-corluda-gerceklestirildi_6a96ac9d15e9a.jpeg","type":"image\/jpeg"}],"author":"\u00c7orlu'da Haber","twitter_card":"summary_large_image","twitter_creator":"@habercorluda","twitter_site":"@habercorluda","twitter_misc":{"Yazan:":"\u00c7orlu'da Haber","Tahmini okuma s\u00fcresi":"3 dakika"},"schema":{"@context":"https:\/\/schema.org","@graph":[{"@type":"Article","@id":"https:\/\/corludahaber.com\/h\/asya-onel-turkiye-minikler-karate-sampiyonasi-corluda-gerceklestirildi\/124117#article","isPartOf":{"@id":"https:\/\/corludahaber.com\/h\/asya-onel-turkiye-minikler-karate-sampiyonasi-corluda-gerceklestirildi\/124117"},"author":{"name":"\u00c7orlu'da Haber","@id":"https:\/\/corludahaber.com\/h\/#\/schema\/person\/b523522be44b062db5d74a62589768cd"},"headline":"Asya \u00d6nel T\u00fcrkiye Minikler Karate \u015eampiyonas\u0131 \u00c7orlu`da Ger\u00e7ekle\u015ftirildi","datePublished":"2026-09-01T10:44:41+00:00","dateModified":"2026-09-01T10:44:45+00:00","mainEntityOfPage":{"@id":"https:\/\/corludahaber.com\/h\/asya-onel-turkiye-minikler-karate-sampiyonasi-corluda-gerceklestirildi\/124117"},"wordCount":642,"publisher":{"@id":"https:\/\/corludahaber.com\/h\/#organization"},"image":{"@id":"https:\/\/corludahaber.com\/h\/asya-onel-turkiye-minikler-karate-sampiyonasi-corluda-gerceklestirildi\/124117#primaryimage"},"thumbnailUrl":"https:\/\/corludahaber.com\/h\/wp-content\/uploads\/2026\/09\/asya-onel-turkiye-minikler-karate-sampiyonasi-corluda-gerceklestirildi_6a96ac9d15e9a.jpeg","keywords":["asayi\u015f","Asya \u00d6nel T\u00fcrkiye Minikler Karate \u015eampiyonas\u0131 \u00c7orlu`da Ger\u00e7ekle\u015ftirildi","\u00c7orlu","\u00c7orlu kaza","\u00c7orlu son dakika kaza","Ger\u00e7ekle\u015ftirildi","Karate","Minikler","\u00d6nel","\u015eampiyonas\u0131","son dakika kaza","T\u00fcrkiye"],"articleSection":["\u00c7orlu"],"inLanguage":"tr"},{"@type":"WebPage","@id":"https:\/\/corludahaber.com\/h\/asya-onel-turkiye-minikler-karate-sampiyonasi-corluda-gerceklestirildi\/124117","url":"https:\/\/corludahaber.com\/h\/asya-onel-turkiye-minikler-karate-sampiyonasi-corluda-gerceklestirildi\/124117","name":"Asya \u00d6nel T\u00fcrkiye Minikler Karate \u015eampiyonas\u0131 \u00c7orlu`da Ger\u00e7ekle\u015ftirildi | \u00c7orlu&#039;da Haber","isPartOf":{"@id":"https:\/\/corludahaber.com\/h\/#website"},"primaryImageOfPage":{"@id":"https:\/\/corludahaber.com\/h\/asya-onel-turkiye-minikler-karate-sampiyonasi-corluda-gerceklestirildi\/124117#primaryimage"},"image":{"@id":"https:\/\/corludahaber.com\/h\/asya-onel-turkiye-minikler-karate-sampiyonasi-corluda-gerceklestirildi\/124117#primaryimage"},"thumbnailUrl":"https:\/\/corludahaber.com\/h\/wp-content\/uploads\/2026\/09\/asya-onel-turkiye-minikler-karate-sampiyonasi-corluda-gerceklestirildi_6a96ac9d15e9a.jpeg","datePublished":"2026-09-01T10:44:41+00:00","dateModified":"2026-09-01T10:44:45+00:00","description":"Asya \u00d6nel T\u00fcrkiye Minikler Karate \u015eampiyonas\u0131 \u00c7orlu`da Ger\u00e7ekle\u015ftirildi | \u00c7orlu&#039;da Haber","breadcrumb":{"@id":"https:\/\/corludahaber.com\/h\/asya-onel-turkiye-minikler-karate-sampiyonasi-corluda-gerceklestirildi\/124117#breadcrumb"},"inLanguage":"tr","potentialAction":[{"@type":"ReadAction","target":["https:\/\/corludahaber.com\/h\/asya-onel-turkiye-minikler-karate-sampiyonasi-corluda-gerceklestirildi\/124117"]}]},{"@type":"ImageObject","inLanguage":"tr","@id":"https:\/\/corludahaber.com\/h\/asya-onel-turkiye-minikler-karate-sampiyonasi-corluda-gerceklestirildi\/124117#primaryimage","url":"https:\/\/corludahaber.com\/h\/wp-content\/uploads\/2026\/09\/asya-onel-turkiye-minikler-karate-sampiyonasi-corluda-gerceklestirildi_6a96ac9d15e9a.jpeg","contentUrl":"https:\/\/corludahaber.com\/h\/wp-content\/uploads\/2026\/09\/asya-onel-turkiye-minikler-karate-sampiyonasi-corluda-gerceklestirildi_6a96ac9d15e9a.jpeg","width":832,"height":407},{"@type":"BreadcrumbList","@id":"https:\/\/corludahaber.com\/h\/asya-onel-turkiye-minikler-karate-sampiyonasi-corluda-gerceklestirildi\/124117#breadcrumb","itemListElement":[{"@type":"ListItem","position":1,"name":"Anasayfa","item":"https:\/\/corludahaber.com\/h\/anasayfa"},{"@type":"ListItem","position":2,"name":"\u00c7orlu","item":"https:\/\/corludahaber.com\/h\/kategori\/corlu"},{"@type":"ListItem","position":3,"name":"Asya \u00d6nel T\u00fcrkiye Minikler Karate \u015eampiyonas\u0131 \u00c7orlu`da Ger\u00e7ekle\u015ftirildi"}]},{"@type":"WebSite","@id":"https:\/\/corludahaber.com\/h\/#website","url":"https:\/\/corludahaber.com\/h\/","name":"\u00c7orlu'da Haber","description":"Ger\u00e7ek Tarafs\u0131z Haber","publisher":{"@id":"https:\/\/corludahaber.com\/h\/#organization"},"potentialAction":[{"@type":"SearchAction","target":{"@type":"EntryPoint","urlTemplate":"https:\/\/corludahaber.com\/h\/?s={search_term_string}"},"query-input":"required name=search_term_string"}],"inLanguage":"tr"},{"@type":"Organization","@id":"https:\/\/corludahaber.com\/h\/#organization","name":"\u00c7orlu'da Haber","url":"https:\/\/corludahaber.com\/h\/","logo":{"@type":"ImageObject","inLanguage":"tr","@id":"https:\/\/corludahaber.com\/h\/#\/schema\/logo\/image\/","url":"https:\/\/corludahaber.com\/h\/wp-content\/uploads\/2021\/12\/logo__9__1_-removebg-preview.png","contentUrl":"https:\/\/corludahaber.com\/h\/wp-content\/uploads\/2021\/12\/logo__9__1_-removebg-preview.png","width":500,"height":157,"caption":"\u00c7orlu'da Haber"},"image":{"@id":"https:\/\/corludahaber.com\/h\/#\/schema\/logo\/image\/"},"sameAs":["https:\/\/facebook.com\/habercorluda","https:\/\/x.com\/habercorluda","https:\/\/www.instagram.com\/corludahaber","https:\/\/www.youtube.com\/user\/corludahaber"]},{"@type":"Person","@id":"https:\/\/corludahaber.com\/h\/#\/schema\/person\/b523522be44b062db5d74a62589768cd","name":"\u00c7orlu'da Haber","image":{"@type":"ImageObject","inLanguage":"tr","@id":"https:\/\/corludahaber.com\/h\/#\/schema\/person\/image\/","url":"https:\/\/secure.gravatar.com\/avatar\/1033e54e078c29fd7f053370086ff627ba414b05c2b231c418a481adecd764ce?s=96&d=blank&r=g","contentUrl":"https:\/\/secure.gravatar.com\/avatar\/1033e54e078c29fd7f053370086ff627ba414b05c2b231c418a481adecd764ce?s=96&d=blank&r=g","caption":"\u00c7orlu'da Haber"},"sameAs":["https:\/\/corludahaber.com\/h"],"url":"https:\/\/corludahaber.com\/h\/author\/admin"}]}},"_links":{"self":[{"href":"https:\/\/corludahaber.com\/h\/wp-json\/wp\/v2\/posts\/124117","targetHints":{"allow":["GET"]}}],"collection":[{"href":"https:\/\/corludahaber.com\/h\/wp-json\/wp\/v2\/posts"}],"about":[{"href":"https:\/\/corludahaber.com\/h\/wp-json\/wp\/v2\/types\/post"}],"author":[{"embeddable":true,"href":"https:\/\/corludahaber.com\/h\/wp-json\/wp\/v2\/users\/151"}],"replies":[{"embeddable":true,"href":"https:\/\/corludahaber.com\/h\/wp-json\/wp\/v2\/comments?post=124117"}],"version-history":[{"count":1,"href":"https:\/\/corludahaber.com\/h\/wp-json\/wp\/v2\/posts\/124117\/revisions"}],"predecessor-version":[{"id":124119,"href":"https:\/\/corludahaber.com\/h\/wp-json\/wp\/v2\/posts\/124117\/revisions\/124119"}],"wp:featuredmedia":[{"embeddable":true,"href":"https:\/\/corludahaber.com\/h\/wp-json\/wp\/v2\/media\/124118"}],"wp:attachment":[{"href":"https:\/\/corludahaber.com\/h\/wp-json\/wp\/v2\/media?parent=124117"}],"wp:term":[{"taxonomy":"category","embeddable":true,"href":"https:\/\/corludahaber.com\/h\/wp-json\/wp\/v2\/categories?post=124117"},{"taxonomy":"post_tag","embeddable":true,"href":"https:\/\/corludahaber.com\/h\/wp-json\/wp\/v2\/tags?post=124117"}],"curies":[{"name":"wp","href":"https:\/\/api.w.org\/{rel}","templated":true}]}}