{"id":124111,"date":"2026-09-01T13:43:30","date_gmt":"2026-09-01T10:43:30","guid":{"rendered":"https:\/\/corludahaber.com\/h\/kedinin-saldirisindan-kurtarilan-yavru-baykus-yetkililere-teslim-edildi\/124111"},"modified":"2026-09-01T13:43:34","modified_gmt":"2026-09-01T10:43:34","slug":"kedinin-saldirisindan-kurtarilan-yavru-baykus-yetkililere-teslim-edildi","status":"publish","type":"post","link":"https:\/\/corludahaber.com\/h\/kedinin-saldirisindan-kurtarilan-yavru-baykus-yetkililere-teslim-edildi\/124111","title":{"rendered":"Kedinin sald\u0131r\u0131s\u0131ndan kurtar\u0131lan yavru bayku\u015f, yetkililere teslim edildi"},"content":{"rendered":"<div class=\"corlu-icerikten-once_3\" id=\"corlu-2756375619\"><script type='text\/javascript' src='https:\/\/platform-api.sharethis.com\/js\/sharethis.js#property=5ce8cf08af7d000012cb0ca1&product=inline-reaction-buttons' async='async'><\/script>\r\n\r\n<\/div><div readability=\"45\"><span class=\"category-name hidden\"><\/span><\/p><div class=\"corlu-icerik-2\" id=\"corlu-170462948\"><!-- Admatic AUTO ads START -->\r\n<ins data-publisher=\"adm-pub-155556240050\" data-ad-network=\"659428a24d11b285b616c18d\"   class=\"adm-ads-area\"><\/ins>\r\n<script type=\"text\/javascript\" src=\"https:\/\/static.cdn.admatic.com.tr\/showad\/showad.min.js\"><\/script>\r\n<!-- Admatic AUTO ads END --><\/div>\n<p> \/\u0130PSALA (Edirne), (Haber Merkezi)- ED\u0130RNE\u2019nin \u0130psala il\u00e7esinde kedinin sald\u0131r\u0131s\u0131ndan kurtar\u0131lan yavru bayku\u015f, yetkililere teslim edildi. <\/p>\n<p>\u0130l\u00e7eye ba\u011fl\u0131 Yenikarpuzlu beldesinde ya\u015fayan Nuray Deniz, bah\u00e7esinde bir kedinin yavru bayku\u015fa sald\u0131rd\u0131\u011f\u0131n\u0131 g\u00f6rd\u00fc. Deniz, kediyi uzakla\u015ft\u0131r\u0131rken, yavru bayku\u015fu korumaya ald\u0131. Yavru bayku\u015fa evinde yiyecek ve su veren Deniz, durumu yetkililere bildirdi. Yavru bayku\u015f, tedavi ve bak\u0131m\u0131 yap\u0131lmak \u00fczere Ke\u015fan Gala G\u00f6l\u00fc Do\u011fa Koruma ve Milli Parklar \u015eefli\u011fi ekiplerine teslim edildi. Yavru bayku\u015fun daha sonra do\u011faya b\u0131rak\u0131laca\u011f\u0131 kaydedildi. (Haber Merkezi)<\/p>\n<\/div>\n<div class=\"corlu-icerikten-sonra_3\" id=\"corlu-969140639\"><p><img loading=\"lazy\" decoding=\"async\" class=\"aligncenter\" src=\"https:\/\/www.corludahaber.com\/bahcesehir.jpg\" alt=\"\" width=\"624\" height=\"196\" \/><\/p>\n<table style=\"text-align: left; width: 100%;\" border=\"1\" cellspacing=\"2\" cellpadding=\"2\">\n<tbody>\n<tr>\n<td style=\"background-color: #050805;\"><span style=\"font-size: 12pt;\"><small><small><em><strong><big><span style=\"color: #ff0000;\">Haber ve resimlerin telif haklar\u0131ndan dolay\u0131 kullan\u0131m\u0131 yasakt\u0131r<span style=\"color: #000000;\">.<\/span><\/span><span style=\"color: #000000;\">\u00a0<\/span><span style=\"color: #ffffff;\">Yaz\u0131l\u0131 izni al\u0131nmadan hi\u00e7bir yaz\u0131l\u0131, g\u00f6rsel, i\u015fitsel i\u00e7erik kopyalanamaz, de\u011fi\u015ftirilemez, yay\u0131nlanamaz veya sat\u0131lamaz. Aksi halde<\/span>\u00a0<span style=\"color: #ff0000;\">5846<span style=\"color: #ffffff;\">\u00a0<\/span><\/span><span style=\"color: #ffffff;\">say\u0131l\u0131 Fikir ve Sanat Eserleri Kanunu\u2019na ve<\/span>\u00a0<span style=\"color: #800000;\"><span style=\"color: #ff0000;\">6102<\/span><span style=\"color: #ffffff;\">\u00a0<\/span><\/span><span style=\"color: #ffffff;\">say\u0131l\u0131 maddesine g\u00f6re<\/span>\u00a0<span style=\"color: #ff0000;\">gerekli i\u015flemler uygulanacakt\u0131r.<\/span><br \/>\n<span style=\"color: #ffffff;\">\u00a9 Copyright 2014<\/span><\/big><\/strong><\/em><\/small><\/small><\/span><\/td>\n<\/tr>\n<\/tbody>\n<\/table>\n<p><small><small>\u00a0<\/small><\/small><\/p>\n<\/div>","protected":false},"excerpt":{"rendered":"<p>\/\u0130PSALA (Edirne), (Haber Merkezi)- ED\u0130RNE\u2019nin \u0130psala il\u00e7esinde kedinin sald\u0131r\u0131s\u0131ndan kurtar\u0131lan yavru bayku\u015f, yetkililere teslim edildi. \u0130l\u00e7eye ba\u011fl\u0131 Yenikarpuzlu beldesinde ya\u015fayan Nuray Deniz, bah\u00e7esinde bir kedinin yavru bayku\u015fa sald\u0131rd\u0131\u011f\u0131n\u0131 g\u00f6rd\u00fc. Deniz, kediyi uzakla\u015ft\u0131r\u0131rken, yavru bayku\u015fu korumaya ald\u0131. Yavru bayku\u015fa evinde yiyecek ve su veren Deniz, durumu yetkililere bildirdi. Yavru bayku\u015f, tedavi ve bak\u0131m\u0131 yap\u0131lmak \u00fczere Ke\u015fan &hellip;<\/p>\n","protected":false},"author":151,"featured_media":124112,"comment_status":"open","ping_status":"closed","sticky":false,"template":"","format":"standard","meta":{"footnotes":""},"categories":[121],"tags":[8025,3375,9376,15478,3238,36648,36651,36650,36649,3661,3208,2860,685],"class_list":["post-124111","post","type-post","status-publish","format-standard","has-post-thumbnail","hentry","category-edirne","tag-asayis","tag-baykus","tag-corlu-kaza","tag-corlu-son-dakika-kaza","tag-edildi","tag-kedinin","tag-kedinin-saldirisindan-kurtarilan-yavru-baykus-yetkililere-teslim-edildi","tag-kurtarilan","tag-saldirisindan","tag-son-dakika-kaza","tag-teslim","tag-yavru","tag-yetkililere"],"yoast_head":"<!-- This site is optimized with the Yoast SEO Premium plugin v23.3 (Yoast SEO v23.3) - https:\/\/yoast.com\/wordpress\/plugins\/seo\/ -->\n<title>Kedinin sald\u0131r\u0131s\u0131ndan kurtar\u0131lan yavru bayku\u015f, yetkililere teslim edildi | \u00c7orlu&#039;da Haber<\/title>\n<meta name=\"description\" content=\"Kedinin sald\u0131r\u0131s\u0131ndan kurtar\u0131lan yavru bayku\u015f, yetkililere teslim edildi | \u00c7orlu&#039;da Haber\" \/>\n<meta name=\"robots\" content=\"index, follow, max-snippet:-1, max-image-preview:large, max-video-preview:-1\" \/>\n<link rel=\"canonical\" href=\"https:\/\/corludahaber.com\/h\/kedinin-saldirisindan-kurtarilan-yavru-baykus-yetkililere-teslim-edildi\/124111\" \/>\n<meta property=\"og:locale\" content=\"tr_TR\" \/>\n<meta property=\"og:type\" content=\"article\" \/>\n<meta property=\"og:title\" content=\"Kedinin sald\u0131r\u0131s\u0131ndan kurtar\u0131lan yavru bayku\u015f, yetkililere teslim edildi | \u00c7orlu&#039;da Haber\" \/>\n<meta property=\"og:description\" content=\"Kedinin sald\u0131r\u0131s\u0131ndan kurtar\u0131lan yavru bayku\u015f, yetkililere teslim edildi | \u00c7orlu&#039;da Haber\" \/>\n<meta property=\"og:url\" content=\"https:\/\/corludahaber.com\/h\/kedinin-saldirisindan-kurtarilan-yavru-baykus-yetkililere-teslim-edildi\/124111\" \/>\n<meta property=\"og:site_name\" content=\"\u00c7orlu&#039;da Haber\" \/>\n<meta property=\"article:publisher\" content=\"https:\/\/facebook.com\/habercorluda\" \/>\n<meta property=\"article:published_time\" content=\"2026-09-01T10:43:30+00:00\" \/>\n<meta property=\"article:modified_time\" content=\"2026-09-01T10:43:34+00:00\" \/>\n<meta property=\"og:image\" content=\"http:\/\/corludahaber.com\/h\/wp-content\/uploads\/2026\/09\/kedinin-saldirisindan-kurtarilan-yavru-baykus-yetkililere-teslim-edildi_6a96ac55458b2.jpeg\" \/>\n\t<meta property=\"og:image:width\" content=\"443\" \/>\n\t<meta property=\"og:image:height\" content=\"342\" \/>\n\t<meta property=\"og:image:type\" content=\"image\/jpeg\" \/>\n<meta name=\"author\" content=\"\u00c7orlu&#039;da Haber\" \/>\n<meta name=\"twitter:card\" content=\"summary_large_image\" \/>\n<meta name=\"twitter:creator\" content=\"@habercorluda\" \/>\n<meta name=\"twitter:site\" content=\"@habercorluda\" \/>\n<meta name=\"twitter:label1\" content=\"Yazan:\" \/>\n\t<meta name=\"twitter:data1\" content=\"\u00c7orlu&#039;da Haber\" \/>\n\t<meta name=\"twitter:label2\" content=\"Tahmini okuma s\u00fcresi\" \/>\n\t<meta name=\"twitter:data2\" content=\"1 dakika\" \/>\n<script type=\"application\/ld+json\" class=\"yoast-schema-graph\">{\"@context\":\"https:\/\/schema.org\",\"@graph\":[{\"@type\":\"Article\",\"@id\":\"https:\/\/corludahaber.com\/h\/kedinin-saldirisindan-kurtarilan-yavru-baykus-yetkililere-teslim-edildi\/124111#article\",\"isPartOf\":{\"@id\":\"https:\/\/corludahaber.com\/h\/kedinin-saldirisindan-kurtarilan-yavru-baykus-yetkililere-teslim-edildi\/124111\"},\"author\":{\"name\":\"\u00c7orlu'da Haber\",\"@id\":\"https:\/\/corludahaber.com\/h\/#\/schema\/person\/b523522be44b062db5d74a62589768cd\"},\"headline\":\"Kedinin sald\u0131r\u0131s\u0131ndan kurtar\u0131lan yavru bayku\u015f, yetkililere teslim edildi\",\"datePublished\":\"2026-09-01T10:43:30+00:00\",\"dateModified\":\"2026-09-01T10:43:34+00:00\",\"mainEntityOfPage\":{\"@id\":\"https:\/\/corludahaber.com\/h\/kedinin-saldirisindan-kurtarilan-yavru-baykus-yetkililere-teslim-edildi\/124111\"},\"wordCount\":118,\"commentCount\":0,\"publisher\":{\"@id\":\"https:\/\/corludahaber.com\/h\/#organization\"},\"image\":{\"@id\":\"https:\/\/corludahaber.com\/h\/kedinin-saldirisindan-kurtarilan-yavru-baykus-yetkililere-teslim-edildi\/124111#primaryimage\"},\"thumbnailUrl\":\"https:\/\/corludahaber.com\/h\/wp-content\/uploads\/2026\/09\/kedinin-saldirisindan-kurtarilan-yavru-baykus-yetkililere-teslim-edildi_6a96ac55458b2.jpeg\",\"keywords\":[\"asayi\u015f\",\"bayku\u015f\",\"\u00c7orlu kaza\",\"\u00c7orlu son dakika kaza\",\"Edildi\",\"Kedinin\",\"Kedinin sald\u0131r\u0131s\u0131ndan kurtar\u0131lan yavru bayku\u015f, yetkililere teslim edildi\",\"kurtar\u0131lan\",\"sald\u0131r\u0131s\u0131ndan\",\"son dakika kaza\",\"teslim\",\"yavru\",\"Yetkililere\"],\"articleSection\":[\"Edirne\"],\"inLanguage\":\"tr\",\"potentialAction\":[{\"@type\":\"CommentAction\",\"name\":\"Comment\",\"target\":[\"https:\/\/corludahaber.com\/h\/kedinin-saldirisindan-kurtarilan-yavru-baykus-yetkililere-teslim-edildi\/124111#respond\"]}]},{\"@type\":\"WebPage\",\"@id\":\"https:\/\/corludahaber.com\/h\/kedinin-saldirisindan-kurtarilan-yavru-baykus-yetkililere-teslim-edildi\/124111\",\"url\":\"https:\/\/corludahaber.com\/h\/kedinin-saldirisindan-kurtarilan-yavru-baykus-yetkililere-teslim-edildi\/124111\",\"name\":\"Kedinin sald\u0131r\u0131s\u0131ndan kurtar\u0131lan yavru bayku\u015f, yetkililere teslim edildi | \u00c7orlu&#039;da Haber\",\"isPartOf\":{\"@id\":\"https:\/\/corludahaber.com\/h\/#website\"},\"primaryImageOfPage\":{\"@id\":\"https:\/\/corludahaber.com\/h\/kedinin-saldirisindan-kurtarilan-yavru-baykus-yetkililere-teslim-edildi\/124111#primaryimage\"},\"image\":{\"@id\":\"https:\/\/corludahaber.com\/h\/kedinin-saldirisindan-kurtarilan-yavru-baykus-yetkililere-teslim-edildi\/124111#primaryimage\"},\"thumbnailUrl\":\"https:\/\/corludahaber.com\/h\/wp-content\/uploads\/2026\/09\/kedinin-saldirisindan-kurtarilan-yavru-baykus-yetkililere-teslim-edildi_6a96ac55458b2.jpeg\",\"datePublished\":\"2026-09-01T10:43:30+00:00\",\"dateModified\":\"2026-09-01T10:43:34+00:00\",\"description\":\"Kedinin sald\u0131r\u0131s\u0131ndan kurtar\u0131lan yavru bayku\u015f, yetkililere teslim edildi | \u00c7orlu&#039;da Haber\",\"breadcrumb\":{\"@id\":\"https:\/\/corludahaber.com\/h\/kedinin-saldirisindan-kurtarilan-yavru-baykus-yetkililere-teslim-edildi\/124111#breadcrumb\"},\"inLanguage\":\"tr\",\"potentialAction\":[{\"@type\":\"ReadAction\",\"target\":[\"https:\/\/corludahaber.com\/h\/kedinin-saldirisindan-kurtarilan-yavru-baykus-yetkililere-teslim-edildi\/124111\"]}]},{\"@type\":\"ImageObject\",\"inLanguage\":\"tr\",\"@id\":\"https:\/\/corludahaber.com\/h\/kedinin-saldirisindan-kurtarilan-yavru-baykus-yetkililere-teslim-edildi\/124111#primaryimage\",\"url\":\"https:\/\/corludahaber.com\/h\/wp-content\/uploads\/2026\/09\/kedinin-saldirisindan-kurtarilan-yavru-baykus-yetkililere-teslim-edildi_6a96ac55458b2.jpeg\",\"contentUrl\":\"https:\/\/corludahaber.com\/h\/wp-content\/uploads\/2026\/09\/kedinin-saldirisindan-kurtarilan-yavru-baykus-yetkililere-teslim-edildi_6a96ac55458b2.jpeg\",\"width\":443,\"height\":342},{\"@type\":\"BreadcrumbList\",\"@id\":\"https:\/\/corludahaber.com\/h\/kedinin-saldirisindan-kurtarilan-yavru-baykus-yetkililere-teslim-edildi\/124111#breadcrumb\",\"itemListElement\":[{\"@type\":\"ListItem\",\"position\":1,\"name\":\"Anasayfa\",\"item\":\"https:\/\/corludahaber.com\/h\/anasayfa\"},{\"@type\":\"ListItem\",\"position\":2,\"name\":\"Edirne\",\"item\":\"https:\/\/corludahaber.com\/h\/kategori\/edirne\"},{\"@type\":\"ListItem\",\"position\":3,\"name\":\"Kedinin sald\u0131r\u0131s\u0131ndan kurtar\u0131lan yavru bayku\u015f, yetkililere teslim edildi\"}]},{\"@type\":\"WebSite\",\"@id\":\"https:\/\/corludahaber.com\/h\/#website\",\"url\":\"https:\/\/corludahaber.com\/h\/\",\"name\":\"\u00c7orlu'da Haber\",\"description\":\"Ger\u00e7ek Tarafs\u0131z Haber\",\"publisher\":{\"@id\":\"https:\/\/corludahaber.com\/h\/#organization\"},\"potentialAction\":[{\"@type\":\"SearchAction\",\"target\":{\"@type\":\"EntryPoint\",\"urlTemplate\":\"https:\/\/corludahaber.com\/h\/?s={search_term_string}\"},\"query-input\":\"required name=search_term_string\"}],\"inLanguage\":\"tr\"},{\"@type\":\"Organization\",\"@id\":\"https:\/\/corludahaber.com\/h\/#organization\",\"name\":\"\u00c7orlu'da Haber\",\"url\":\"https:\/\/corludahaber.com\/h\/\",\"logo\":{\"@type\":\"ImageObject\",\"inLanguage\":\"tr\",\"@id\":\"https:\/\/corludahaber.com\/h\/#\/schema\/logo\/image\/\",\"url\":\"https:\/\/corludahaber.com\/h\/wp-content\/uploads\/2021\/12\/logo__9__1_-removebg-preview.png\",\"contentUrl\":\"https:\/\/corludahaber.com\/h\/wp-content\/uploads\/2021\/12\/logo__9__1_-removebg-preview.png\",\"width\":500,\"height\":157,\"caption\":\"\u00c7orlu'da Haber\"},\"image\":{\"@id\":\"https:\/\/corludahaber.com\/h\/#\/schema\/logo\/image\/\"},\"sameAs\":[\"https:\/\/facebook.com\/habercorluda\",\"https:\/\/x.com\/habercorluda\",\"https:\/\/www.instagram.com\/corludahaber\",\"https:\/\/www.youtube.com\/user\/corludahaber\"]},{\"@type\":\"Person\",\"@id\":\"https:\/\/corludahaber.com\/h\/#\/schema\/person\/b523522be44b062db5d74a62589768cd\",\"name\":\"\u00c7orlu'da Haber\",\"image\":{\"@type\":\"ImageObject\",\"inLanguage\":\"tr\",\"@id\":\"https:\/\/corludahaber.com\/h\/#\/schema\/person\/image\/\",\"url\":\"https:\/\/secure.gravatar.com\/avatar\/1033e54e078c29fd7f053370086ff627ba414b05c2b231c418a481adecd764ce?s=96&d=blank&r=g\",\"contentUrl\":\"https:\/\/secure.gravatar.com\/avatar\/1033e54e078c29fd7f053370086ff627ba414b05c2b231c418a481adecd764ce?s=96&d=blank&r=g\",\"caption\":\"\u00c7orlu'da Haber\"},\"sameAs\":[\"https:\/\/corludahaber.com\/h\"],\"url\":\"https:\/\/corludahaber.com\/h\/author\/admin\"}]}<\/script>\n<!-- \/ Yoast SEO Premium plugin. -->","yoast_head_json":{"title":"Kedinin sald\u0131r\u0131s\u0131ndan kurtar\u0131lan yavru bayku\u015f, yetkililere teslim edildi | \u00c7orlu&#039;da Haber","description":"Kedinin sald\u0131r\u0131s\u0131ndan kurtar\u0131lan yavru bayku\u015f, yetkililere teslim edildi | \u00c7orlu&#039;da Haber","robots":{"index":"index","follow":"follow","max-snippet":"max-snippet:-1","max-image-preview":"max-image-preview:large","max-video-preview":"max-video-preview:-1"},"canonical":"https:\/\/corludahaber.com\/h\/kedinin-saldirisindan-kurtarilan-yavru-baykus-yetkililere-teslim-edildi\/124111","og_locale":"tr_TR","og_type":"article","og_title":"Kedinin sald\u0131r\u0131s\u0131ndan kurtar\u0131lan yavru bayku\u015f, yetkililere teslim edildi | \u00c7orlu&#039;da Haber","og_description":"Kedinin sald\u0131r\u0131s\u0131ndan kurtar\u0131lan yavru bayku\u015f, yetkililere teslim edildi | \u00c7orlu&#039;da Haber","og_url":"https:\/\/corludahaber.com\/h\/kedinin-saldirisindan-kurtarilan-yavru-baykus-yetkililere-teslim-edildi\/124111","og_site_name":"\u00c7orlu&#039;da Haber","article_publisher":"https:\/\/facebook.com\/habercorluda","article_published_time":"2026-09-01T10:43:30+00:00","article_modified_time":"2026-09-01T10:43:34+00:00","og_image":[{"width":443,"height":342,"url":"http:\/\/corludahaber.com\/h\/wp-content\/uploads\/2026\/09\/kedinin-saldirisindan-kurtarilan-yavru-baykus-yetkililere-teslim-edildi_6a96ac55458b2.jpeg","type":"image\/jpeg"}],"author":"\u00c7orlu'da Haber","twitter_card":"summary_large_image","twitter_creator":"@habercorluda","twitter_site":"@habercorluda","twitter_misc":{"Yazan:":"\u00c7orlu'da Haber","Tahmini okuma s\u00fcresi":"1 dakika"},"schema":{"@context":"https:\/\/schema.org","@graph":[{"@type":"Article","@id":"https:\/\/corludahaber.com\/h\/kedinin-saldirisindan-kurtarilan-yavru-baykus-yetkililere-teslim-edildi\/124111#article","isPartOf":{"@id":"https:\/\/corludahaber.com\/h\/kedinin-saldirisindan-kurtarilan-yavru-baykus-yetkililere-teslim-edildi\/124111"},"author":{"name":"\u00c7orlu'da Haber","@id":"https:\/\/corludahaber.com\/h\/#\/schema\/person\/b523522be44b062db5d74a62589768cd"},"headline":"Kedinin sald\u0131r\u0131s\u0131ndan kurtar\u0131lan yavru bayku\u015f, yetkililere teslim edildi","datePublished":"2026-09-01T10:43:30+00:00","dateModified":"2026-09-01T10:43:34+00:00","mainEntityOfPage":{"@id":"https:\/\/corludahaber.com\/h\/kedinin-saldirisindan-kurtarilan-yavru-baykus-yetkililere-teslim-edildi\/124111"},"wordCount":118,"commentCount":0,"publisher":{"@id":"https:\/\/corludahaber.com\/h\/#organization"},"image":{"@id":"https:\/\/corludahaber.com\/h\/kedinin-saldirisindan-kurtarilan-yavru-baykus-yetkililere-teslim-edildi\/124111#primaryimage"},"thumbnailUrl":"https:\/\/corludahaber.com\/h\/wp-content\/uploads\/2026\/09\/kedinin-saldirisindan-kurtarilan-yavru-baykus-yetkililere-teslim-edildi_6a96ac55458b2.jpeg","keywords":["asayi\u015f","bayku\u015f","\u00c7orlu kaza","\u00c7orlu son dakika kaza","Edildi","Kedinin","Kedinin sald\u0131r\u0131s\u0131ndan kurtar\u0131lan yavru bayku\u015f, yetkililere teslim edildi","kurtar\u0131lan","sald\u0131r\u0131s\u0131ndan","son dakika kaza","teslim","yavru","Yetkililere"],"articleSection":["Edirne"],"inLanguage":"tr","potentialAction":[{"@type":"CommentAction","name":"Comment","target":["https:\/\/corludahaber.com\/h\/kedinin-saldirisindan-kurtarilan-yavru-baykus-yetkililere-teslim-edildi\/124111#respond"]}]},{"@type":"WebPage","@id":"https:\/\/corludahaber.com\/h\/kedinin-saldirisindan-kurtarilan-yavru-baykus-yetkililere-teslim-edildi\/124111","url":"https:\/\/corludahaber.com\/h\/kedinin-saldirisindan-kurtarilan-yavru-baykus-yetkililere-teslim-edildi\/124111","name":"Kedinin sald\u0131r\u0131s\u0131ndan kurtar\u0131lan yavru bayku\u015f, yetkililere teslim edildi | \u00c7orlu&#039;da Haber","isPartOf":{"@id":"https:\/\/corludahaber.com\/h\/#website"},"primaryImageOfPage":{"@id":"https:\/\/corludahaber.com\/h\/kedinin-saldirisindan-kurtarilan-yavru-baykus-yetkililere-teslim-edildi\/124111#primaryimage"},"image":{"@id":"https:\/\/corludahaber.com\/h\/kedinin-saldirisindan-kurtarilan-yavru-baykus-yetkililere-teslim-edildi\/124111#primaryimage"},"thumbnailUrl":"https:\/\/corludahaber.com\/h\/wp-content\/uploads\/2026\/09\/kedinin-saldirisindan-kurtarilan-yavru-baykus-yetkililere-teslim-edildi_6a96ac55458b2.jpeg","datePublished":"2026-09-01T10:43:30+00:00","dateModified":"2026-09-01T10:43:34+00:00","description":"Kedinin sald\u0131r\u0131s\u0131ndan kurtar\u0131lan yavru bayku\u015f, yetkililere teslim edildi | \u00c7orlu&#039;da Haber","breadcrumb":{"@id":"https:\/\/corludahaber.com\/h\/kedinin-saldirisindan-kurtarilan-yavru-baykus-yetkililere-teslim-edildi\/124111#breadcrumb"},"inLanguage":"tr","potentialAction":[{"@type":"ReadAction","target":["https:\/\/corludahaber.com\/h\/kedinin-saldirisindan-kurtarilan-yavru-baykus-yetkililere-teslim-edildi\/124111"]}]},{"@type":"ImageObject","inLanguage":"tr","@id":"https:\/\/corludahaber.com\/h\/kedinin-saldirisindan-kurtarilan-yavru-baykus-yetkililere-teslim-edildi\/124111#primaryimage","url":"https:\/\/corludahaber.com\/h\/wp-content\/uploads\/2026\/09\/kedinin-saldirisindan-kurtarilan-yavru-baykus-yetkililere-teslim-edildi_6a96ac55458b2.jpeg","contentUrl":"https:\/\/corludahaber.com\/h\/wp-content\/uploads\/2026\/09\/kedinin-saldirisindan-kurtarilan-yavru-baykus-yetkililere-teslim-edildi_6a96ac55458b2.jpeg","width":443,"height":342},{"@type":"BreadcrumbList","@id":"https:\/\/corludahaber.com\/h\/kedinin-saldirisindan-kurtarilan-yavru-baykus-yetkililere-teslim-edildi\/124111#breadcrumb","itemListElement":[{"@type":"ListItem","position":1,"name":"Anasayfa","item":"https:\/\/corludahaber.com\/h\/anasayfa"},{"@type":"ListItem","position":2,"name":"Edirne","item":"https:\/\/corludahaber.com\/h\/kategori\/edirne"},{"@type":"ListItem","position":3,"name":"Kedinin sald\u0131r\u0131s\u0131ndan kurtar\u0131lan yavru bayku\u015f, yetkililere teslim edildi"}]},{"@type":"WebSite","@id":"https:\/\/corludahaber.com\/h\/#website","url":"https:\/\/corludahaber.com\/h\/","name":"\u00c7orlu'da Haber","description":"Ger\u00e7ek Tarafs\u0131z Haber","publisher":{"@id":"https:\/\/corludahaber.com\/h\/#organization"},"potentialAction":[{"@type":"SearchAction","target":{"@type":"EntryPoint","urlTemplate":"https:\/\/corludahaber.com\/h\/?s={search_term_string}"},"query-input":"required name=search_term_string"}],"inLanguage":"tr"},{"@type":"Organization","@id":"https:\/\/corludahaber.com\/h\/#organization","name":"\u00c7orlu'da Haber","url":"https:\/\/corludahaber.com\/h\/","logo":{"@type":"ImageObject","inLanguage":"tr","@id":"https:\/\/corludahaber.com\/h\/#\/schema\/logo\/image\/","url":"https:\/\/corludahaber.com\/h\/wp-content\/uploads\/2021\/12\/logo__9__1_-removebg-preview.png","contentUrl":"https:\/\/corludahaber.com\/h\/wp-content\/uploads\/2021\/12\/logo__9__1_-removebg-preview.png","width":500,"height":157,"caption":"\u00c7orlu'da Haber"},"image":{"@id":"https:\/\/corludahaber.com\/h\/#\/schema\/logo\/image\/"},"sameAs":["https:\/\/facebook.com\/habercorluda","https:\/\/x.com\/habercorluda","https:\/\/www.instagram.com\/corludahaber","https:\/\/www.youtube.com\/user\/corludahaber"]},{"@type":"Person","@id":"https:\/\/corludahaber.com\/h\/#\/schema\/person\/b523522be44b062db5d74a62589768cd","name":"\u00c7orlu'da Haber","image":{"@type":"ImageObject","inLanguage":"tr","@id":"https:\/\/corludahaber.com\/h\/#\/schema\/person\/image\/","url":"https:\/\/secure.gravatar.com\/avatar\/1033e54e078c29fd7f053370086ff627ba414b05c2b231c418a481adecd764ce?s=96&d=blank&r=g","contentUrl":"https:\/\/secure.gravatar.com\/avatar\/1033e54e078c29fd7f053370086ff627ba414b05c2b231c418a481adecd764ce?s=96&d=blank&r=g","caption":"\u00c7orlu'da Haber"},"sameAs":["https:\/\/corludahaber.com\/h"],"url":"https:\/\/corludahaber.com\/h\/author\/admin"}]}},"_links":{"self":[{"href":"https:\/\/corludahaber.com\/h\/wp-json\/wp\/v2\/posts\/124111","targetHints":{"allow":["GET"]}}],"collection":[{"href":"https:\/\/corludahaber.com\/h\/wp-json\/wp\/v2\/posts"}],"about":[{"href":"https:\/\/corludahaber.com\/h\/wp-json\/wp\/v2\/types\/post"}],"author":[{"embeddable":true,"href":"https:\/\/corludahaber.com\/h\/wp-json\/wp\/v2\/users\/151"}],"replies":[{"embeddable":true,"href":"https:\/\/corludahaber.com\/h\/wp-json\/wp\/v2\/comments?post=124111"}],"version-history":[{"count":1,"href":"https:\/\/corludahaber.com\/h\/wp-json\/wp\/v2\/posts\/124111\/revisions"}],"predecessor-version":[{"id":124113,"href":"https:\/\/corludahaber.com\/h\/wp-json\/wp\/v2\/posts\/124111\/revisions\/124113"}],"wp:featuredmedia":[{"embeddable":true,"href":"https:\/\/corludahaber.com\/h\/wp-json\/wp\/v2\/media\/124112"}],"wp:attachment":[{"href":"https:\/\/corludahaber.com\/h\/wp-json\/wp\/v2\/media?parent=124111"}],"wp:term":[{"taxonomy":"category","embeddable":true,"href":"https:\/\/corludahaber.com\/h\/wp-json\/wp\/v2\/categories?post=124111"},{"taxonomy":"post_tag","embeddable":true,"href":"https:\/\/corludahaber.com\/h\/wp-json\/wp\/v2\/tags?post=124111"}],"curies":[{"name":"wp","href":"https:\/\/api.w.org\/{rel}","templated":true}]}}