{"id":124108,"date":"2026-09-01T13:41:09","date_gmt":"2026-09-01T10:41:09","guid":{"rendered":"https:\/\/corludahaber.com\/h\/tekirdag-cumhuriyet-bassavcisi-yucel-adaletin-gecikmeden-tecelli-edeceginden-kimsenin-suphesi-olmasin\/124108"},"modified":"2026-09-01T13:41:20","modified_gmt":"2026-09-01T10:41:20","slug":"tekirdag-cumhuriyet-bassavcisi-yucel-adaletin-gecikmeden-tecelli-edeceginden-kimsenin-suphesi-olmasin","status":"publish","type":"post","link":"https:\/\/corludahaber.com\/h\/tekirdag-cumhuriyet-bassavcisi-yucel-adaletin-gecikmeden-tecelli-edeceginden-kimsenin-suphesi-olmasin\/124108","title":{"rendered":"Tekirda\u011f Cumhuriyet Ba\u015fsavc\u0131s\u0131 Y\u00fccel: Adaletin gecikmeden tecelli edece\u011finden kimsenin \u015f\u00fcphesi olmas\u0131n"},"content":{"rendered":"<div class=\"corlu-icerikten-once_3\" id=\"corlu-1279212538\"><script type='text\/javascript' src='https:\/\/platform-api.sharethis.com\/js\/sharethis.js#property=5ce8cf08af7d000012cb0ca1&product=inline-reaction-buttons' async='async'><\/script>\r\n\r\n<\/div><div readability=\"95\"><span class=\"category-name hidden\"><\/span><\/p><div class=\"corlu-icerik-2\" id=\"corlu-2259060292\"><!-- Admatic AUTO ads START -->\r\n<ins data-publisher=\"adm-pub-155556240050\" data-ad-network=\"659428a24d11b285b616c18d\"   class=\"adm-ads-area\"><\/ins>\r\n<script type=\"text\/javascript\" src=\"https:\/\/static.cdn.admatic.com.tr\/showad\/showad.min.js\"><\/script>\r\n<!-- Admatic AUTO ads END --><\/div>\n<p> \/TEK\u0130RDA\u011e,(Haber Merkezi)- TEK\u0130RDA\u011e\t Cumhuriyet Ba\u015fsavc\u0131s\u0131 Bilgehan Y\u00fccel,  &#8220;Cumhuriyetimizin kurucusu, Ulu \u00d6nder Gazi Mustafa Kemal Atat\u00fcrk&#8217;\u00fcn biz savc\u0131lara vermi\u015f oldu\u011fu &#8216;Cumhuriyetin \u0130nsan\u0131&#8217; unvan\u0131na lay\u0131k olarak, su\u00e7la m\u00fccadelede, devletin ve milletin haklar\u0131n\u0131 korumada ve adaletin gecikmeden tecelli etmesinde taviz vermeden \u00e7al\u0131\u015faca\u011f\u0131m\u0131zdan kimsenin \u015f\u00fcphesi olmas\u0131n&#8221; dedi.<\/p>\n<p>Tekirda\u011f&#8217;da 2026-2027 adli y\u0131l\u0131 a\u00e7\u0131l\u0131\u015f t\u00f6reni Tekirda\u011f Adliye Saray\u0131 \u00f6n\u00fcnde, sayg\u0131n duru\u015fu \u0130stiklal Mar\u015f\u0131&#8217;n\u0131n okunmas\u0131 ve Atat\u00fcrk b\u00fcst\u00fcne \u00e7elenk sunumuyla ba\u015flad\u0131. T\u00f6rene Tekirda\u011f Valisi Recep Soyt\u00fcrk, Tekirda\u011f B\u00fcy\u00fck\u015fehir Belediye Ba\u015fkan\u0131 Candan Y\u00fcceer, CHP Tekirda\u011f Milletvekili \u0130lhami \u00d6zcan Aygun, Tekirda\u011f Baro Ba\u015fkan\u0131 Egemen G\u00fcrc\u00fcn, \u0130l Emniyet M\u00fcd\u00fcr\u00fc Ahmet Metin Turanl\u0131, \u0130l Jandarma Komutan\u0131 Albay Ali G\u00fcng\u00f6r,  hakim, savc\u0131lar ve \u00e7ok say\u0131da avukat kat\u0131ld\u0131. <\/p>\n<p>T\u00f6rende konu\u015fan Tekirda\u011f Cumhuriyet Ba\u015fsavc\u0131s\u0131 Bilgehan Y\u00fccel, &#8220;Burada adalete olan inanc\u0131m\u0131z\u0131 tazelemek ve yeni d\u00f6neme g\u00fc\u00e7l\u00fc bir ba\u015flang\u0131\u00e7 yapmak i\u00e7in bir araday\u0131z. Adalet, toplumun temelidir; devletin nefesi, huzurun ve g\u00fcvenin garantisidir. Bizler, Cumhuriyet Ba\u015fsavc\u0131l\u0131\u011f\u0131 makam\u0131 ve yarg\u0131 mensuplar\u0131 olarak bu a\u011f\u0131r ve bir o kadar da onurlu sorumlulu\u011fun fark\u0131nday\u0131z. Cumhuriyetimizin kurucusu, Ulu \u00d6nder Gazi Mustafa Kemal Atat\u00fcrk&#8217;\u00fcn biz savc\u0131lara vermi\u015f oldu\u011fu &#8216;Cumhuriyetin \u0130nsan\u0131&#8217; unvan\u0131na lay\u0131k olarak, su\u00e7la m\u00fccadelede, devletin ve milletin haklar\u0131n\u0131 korumada ve adaletin gecikmeden tecelli etmesinde taviz vermeden \u00e7al\u0131\u015faca\u011f\u0131m\u0131zdan kimsenin \u015f\u00fcphesi olmas\u0131n. Ge\u00e7ti\u011fimiz d\u00f6nemde b\u00fcy\u00fck bir \u00f6zveriyle \u00e7al\u0131\u015fan hakim ve savc\u0131lar\u0131m\u0131za, avukatlar\u0131m\u0131za ve adliye personelimize huzurlar\u0131n\u0131zda te\u015fekk\u00fcr etmek isterim. Aram\u0131zdan ayr\u0131lan yarg\u0131 \u015fehitlerimizi ve adalete hizmet etmi\u015f olan merhum meslekta\u015flar\u0131m\u0131z\u0131 rahmetle an\u0131yorum. \u0130ki d\u00f6nem baro ba\u015fkanl\u0131\u011f\u0131 g\u00f6revi yapan baro ba\u015fkan\u0131m\u0131z Egemen G\u00fcrc\u00fcn Bey&#8217;e bundan sonraki meslek hayat\u0131nda ba\u015far\u0131lar diliyorum. Yeni adli y\u0131l\u0131n \u00fclkemize, milletimize hay\u0131rl\u0131 olmas\u0131n\u0131 diler; adli y\u0131l a\u00e7\u0131l\u0131\u015f\u0131m\u0131za geni\u015f kat\u0131l\u0131m\u0131n\u0131zdan dolay\u0131 hepinize ayr\u0131 ayr\u0131 te\u015fekk\u00fcr eder, sayg\u0131lar sunar\u0131m. Yeni adli y\u0131l\u0131m\u0131z hay\u0131rl\u0131 olsun&#8221; dedi.<\/p>\n<p>Adalet Komisyonu Ba\u015fkan\u0131 Erhan Obut,  b\u00fcy\u00fck sorumlulu\u011fun bilinci ile hareket ettiklerini belirterek, &#8220;Bizlerden yaln\u0131zca do\u011fru karar verilmesi de\u011fil, ayn\u0131 zamanda makul s\u00fcrede, etkin ve eri\u015filebilir \u015fekilde hizmetlerin sunulmas\u0131 beklenmektedir. Tekirda\u011f Adliyesi olarak da bizler de yeni y\u0131lda yarg\u0131 hizmetlerinin daha etkin ve verimli \u015fekilde y\u00fcr\u00fct\u00fclmesi, \u00e7al\u0131\u015fma ko\u015fullar\u0131n\u0131n iyile\u015ftirilmesi ve vatanda\u015flar\u0131m\u0131z\u0131n adalete eri\u015fiminin kolayla\u015ft\u0131r\u0131lmas\u0131 amac\u0131yla \u00fczerimize d\u00fc\u015fen sorumlulu\u011fu yerine getirmeye devam edece\u011fiz. Bu vesileyle yo\u011fun i\u015f y\u00fck\u00fc ve b\u00fcy\u00fck sorumluluk alt\u0131nda \u00f6zveriyle g\u00f6rev yapan hakim ve Cumhuriyet savc\u0131lar\u0131m\u0131za, savunma makam\u0131n\u0131n temsilcisi de\u011ferli avukatlar\u0131m\u0131za ve adliyemizin her kademesinde fedakarca g\u00f6rev yapan \u00e7al\u0131\u015fma arkada\u015flar\u0131m\u0131za te\u015fekk\u00fcr ediyorum&#8221; dedi.<\/p>\n<p>&#8217;23 B\u0130N 859 DOSYA KARARA BA\u011eLANDI&#8217;<\/p>\n<p>B\u00f6lge Adliye Mahkemesi Ba\u015fkan\u0131 Emre Binici ise yarg\u0131 camias\u0131 olarak en b\u00fcy\u00fck ama\u00e7lar\u0131n\u0131n milletin adalete olan g\u00fcvenini art\u0131rmak oldu\u011funu s\u00f6yledi. Binici, &#8220;Adalet Bakanl\u0131\u011f\u0131m\u0131z ve Hakimler ve Savc\u0131lar Kurulumuzca yap\u0131lan \u00e7al\u0131\u015fmalarda, dosyalarda gecikmenin istisna, makul s\u00fcrede yarg\u0131laman\u0131n kural olarak uyguland\u0131\u011f\u0131 ortaya konmu\u015ftur. Yarg\u0131n\u0131n asli unsurlar\u0131ndan sayg\u0131de\u011fer avukat meslekta\u015flar\u0131m\u0131za te\u015fekk\u00fcr ediyor, yeni adli y\u0131lda kendilerine ba\u015far\u0131lar diliyorum. Adliyemizin her bir koridorunda, kaleminde, mahkeme salonunda gece g\u00fcnd\u00fcz demeden b\u00fcy\u00fck fedakarl\u0131kla g\u00f6rev yapan t\u00fcm personellerimize ve mesai arkada\u015flar\u0131ma \u015f\u00fckranlar\u0131m\u0131 sunuyorum. Dava dosyalar\u0131n\u0131n azalt\u0131lmas\u0131 kadar karar s\u00fcresinin k\u0131salt\u0131lmas\u0131na y\u00f6nelik B\u00f6lge Adliye Mahkememizde bug\u00fcn itibar\u0131yla yeni daireler faaliyete ge\u00e7mi\u015ftir. B\u00f6lge Adliye Mahkemesi olarak dosyalar\u0131n bekleme s\u00fcrelerini en az seviyeye indirme gayretimiz devam etmektedir. B\u00f6lge Adliye Mahkememiz faaliyete ge\u00e7ti\u011finden bu zamana kadar 23 bin 859 dosya karara ba\u011flanm\u0131\u015f; bu nedenle \u00fcst\u00fcn gayretlerinden dolay\u0131 k\u0131ymetli daire ba\u015fkanlar\u0131m\u0131z ile B\u00f6lge Adliye Mahkemesi \u00fcyelerimizi ve savc\u0131lar\u0131m\u0131z\u0131 kutluyor, kendilerine ayr\u0131 ayr\u0131 te\u015fekk\u00fcr ediyorum. Yeni adli y\u0131l\u0131n t\u00fcm te\u015fkilat\u0131m\u0131za, yarg\u0131 camiam\u0131za hay\u0131rl\u0131 olmas\u0131n\u0131 diliyor, te\u015fekk\u00fcr ediyorum&#8221; ifadelerini kulland\u0131.(Haber Merkezi)<\/p>\n<\/div>\n<div class=\"corlu-icerikten-sonra_3\" id=\"corlu-428481842\"><p><img loading=\"lazy\" decoding=\"async\" class=\"aligncenter\" src=\"https:\/\/www.corludahaber.com\/bahcesehir.jpg\" alt=\"\" width=\"624\" height=\"196\" \/><\/p>\n<table style=\"text-align: left; width: 100%;\" border=\"1\" cellspacing=\"2\" cellpadding=\"2\">\n<tbody>\n<tr>\n<td style=\"background-color: #050805;\"><span style=\"font-size: 12pt;\"><small><small><em><strong><big><span style=\"color: #ff0000;\">Haber ve resimlerin telif haklar\u0131ndan dolay\u0131 kullan\u0131m\u0131 yasakt\u0131r<span style=\"color: #000000;\">.<\/span><\/span><span style=\"color: #000000;\">\u00a0<\/span><span style=\"color: #ffffff;\">Yaz\u0131l\u0131 izni al\u0131nmadan hi\u00e7bir yaz\u0131l\u0131, g\u00f6rsel, i\u015fitsel i\u00e7erik kopyalanamaz, de\u011fi\u015ftirilemez, yay\u0131nlanamaz veya sat\u0131lamaz. Aksi halde<\/span>\u00a0<span style=\"color: #ff0000;\">5846<span style=\"color: #ffffff;\">\u00a0<\/span><\/span><span style=\"color: #ffffff;\">say\u0131l\u0131 Fikir ve Sanat Eserleri Kanunu\u2019na ve<\/span>\u00a0<span style=\"color: #800000;\"><span style=\"color: #ff0000;\">6102<\/span><span style=\"color: #ffffff;\">\u00a0<\/span><\/span><span style=\"color: #ffffff;\">say\u0131l\u0131 maddesine g\u00f6re<\/span>\u00a0<span style=\"color: #ff0000;\">gerekli i\u015flemler uygulanacakt\u0131r.<\/span><br \/>\n<span style=\"color: #ffffff;\">\u00a9 Copyright 2014<\/span><\/big><\/strong><\/em><\/small><\/small><\/span><\/td>\n<\/tr>\n<\/tbody>\n<\/table>\n<p><small><small>\u00a0<\/small><\/small><\/p>\n<\/div>","protected":false},"excerpt":{"rendered":"<p>\/TEK\u0130RDA\u011e,(Haber Merkezi)- TEK\u0130RDA\u011e Cumhuriyet Ba\u015fsavc\u0131s\u0131 Bilgehan Y\u00fccel, &#8220;Cumhuriyetimizin kurucusu, Ulu \u00d6nder Gazi Mustafa Kemal Atat\u00fcrk&#8217;\u00fcn biz savc\u0131lara vermi\u015f oldu\u011fu &#8216;Cumhuriyetin \u0130nsan\u0131&#8217; unvan\u0131na lay\u0131k olarak, su\u00e7la m\u00fccadelede, devletin ve milletin haklar\u0131n\u0131 korumada ve adaletin gecikmeden tecelli etmesinde taviz vermeden \u00e7al\u0131\u015faca\u011f\u0131m\u0131zdan kimsenin \u015f\u00fcphesi olmas\u0131n&#8221; dedi. Tekirda\u011f&#8217;da 2026-2027 adli y\u0131l\u0131 a\u00e7\u0131l\u0131\u015f t\u00f6reni Tekirda\u011f Adliye Saray\u0131 \u00f6n\u00fcnde, sayg\u0131n duru\u015fu &hellip;<\/p>\n","protected":false},"author":151,"featured_media":124109,"comment_status":"open","ping_status":"closed","sticky":false,"template":"","format":"standard","meta":{"footnotes":""},"categories":[27],"tags":[36642,8025,3630,9376,15478,1254,36645,36643,36646,10907,3661,4563,36644,376,36647,20653],"class_list":["post-124108","post","type-post","status-publish","format-standard","has-post-thumbnail","hentry","category-yasam","tag-adaletin","tag-asayis","tag-bassavcisi","tag-corlu-kaza","tag-corlu-son-dakika-kaza","tag-cumhuriyet","tag-edeceginden","tag-gecikmeden","tag-kimsenin","tag-olmasin","tag-son-dakika-kaza","tag-suphesi","tag-tecelli","tag-tekirdag","tag-tekirdag-cumhuriyet-bassavcisi-yucel-adaletin-gecikmeden-tecelli-edeceginden-kimsenin-suphesi-olmasin","tag-yucel"],"yoast_head":"<!-- This site is optimized with the Yoast SEO Premium plugin v23.3 (Yoast SEO v23.3) - https:\/\/yoast.com\/wordpress\/plugins\/seo\/ -->\n<title>Tekirda\u011f Cumhuriyet Ba\u015fsavc\u0131s\u0131 Y\u00fccel: Adaletin gecikmeden tecelli edece\u011finden kimsenin \u015f\u00fcphesi olmas\u0131n | \u00c7orlu&#039;da Haber<\/title>\n<meta name=\"description\" content=\"Tekirda\u011f Cumhuriyet Ba\u015fsavc\u0131s\u0131 Y\u00fccel: Adaletin gecikmeden tecelli edece\u011finden kimsenin \u015f\u00fcphesi olmas\u0131n | \u00c7orlu&#039;da Haber\" \/>\n<meta name=\"robots\" content=\"index, follow, max-snippet:-1, max-image-preview:large, max-video-preview:-1\" \/>\n<link rel=\"canonical\" href=\"https:\/\/corludahaber.com\/h\/tekirdag-cumhuriyet-bassavcisi-yucel-adaletin-gecikmeden-tecelli-edeceginden-kimsenin-suphesi-olmasin\/124108\" \/>\n<meta property=\"og:locale\" content=\"tr_TR\" \/>\n<meta property=\"og:type\" content=\"article\" \/>\n<meta property=\"og:title\" content=\"Tekirda\u011f Cumhuriyet Ba\u015fsavc\u0131s\u0131 Y\u00fccel: Adaletin gecikmeden tecelli edece\u011finden kimsenin \u015f\u00fcphesi olmas\u0131n | \u00c7orlu&#039;da Haber\" \/>\n<meta property=\"og:description\" content=\"Tekirda\u011f Cumhuriyet Ba\u015fsavc\u0131s\u0131 Y\u00fccel: Adaletin gecikmeden tecelli edece\u011finden kimsenin \u015f\u00fcphesi olmas\u0131n | \u00c7orlu&#039;da Haber\" \/>\n<meta property=\"og:url\" content=\"https:\/\/corludahaber.com\/h\/tekirdag-cumhuriyet-bassavcisi-yucel-adaletin-gecikmeden-tecelli-edeceginden-kimsenin-suphesi-olmasin\/124108\" \/>\n<meta property=\"og:site_name\" content=\"\u00c7orlu&#039;da Haber\" \/>\n<meta property=\"article:publisher\" content=\"https:\/\/facebook.com\/habercorluda\" \/>\n<meta property=\"article:published_time\" content=\"2026-09-01T10:41:09+00:00\" \/>\n<meta property=\"article:modified_time\" content=\"2026-09-01T10:41:20+00:00\" \/>\n<meta property=\"og:image\" content=\"http:\/\/corludahaber.com\/h\/wp-content\/uploads\/2026\/09\/tekirdag-cumhuriyet-bassavcisi-yucel-adaletin-gecikmeden-tecelli-edeceginden-kimsenin-suphesi-olmasin_6a96abc8f277a.jpeg\" \/>\n\t<meta property=\"og:image:width\" content=\"2300\" \/>\n\t<meta property=\"og:image:height\" content=\"1294\" \/>\n\t<meta property=\"og:image:type\" content=\"image\/jpeg\" \/>\n<meta name=\"author\" content=\"\u00c7orlu&#039;da Haber\" \/>\n<meta name=\"twitter:card\" content=\"summary_large_image\" \/>\n<meta name=\"twitter:creator\" content=\"@habercorluda\" \/>\n<meta name=\"twitter:site\" content=\"@habercorluda\" \/>\n<meta name=\"twitter:label1\" content=\"Yazan:\" \/>\n\t<meta name=\"twitter:data1\" content=\"\u00c7orlu&#039;da Haber\" \/>\n\t<meta name=\"twitter:label2\" content=\"Tahmini okuma s\u00fcresi\" \/>\n\t<meta name=\"twitter:data2\" content=\"4 dakika\" \/>\n<script type=\"application\/ld+json\" class=\"yoast-schema-graph\">{\"@context\":\"https:\/\/schema.org\",\"@graph\":[{\"@type\":\"Article\",\"@id\":\"https:\/\/corludahaber.com\/h\/tekirdag-cumhuriyet-bassavcisi-yucel-adaletin-gecikmeden-tecelli-edeceginden-kimsenin-suphesi-olmasin\/124108#article\",\"isPartOf\":{\"@id\":\"https:\/\/corludahaber.com\/h\/tekirdag-cumhuriyet-bassavcisi-yucel-adaletin-gecikmeden-tecelli-edeceginden-kimsenin-suphesi-olmasin\/124108\"},\"author\":{\"name\":\"\u00c7orlu'da Haber\",\"@id\":\"https:\/\/corludahaber.com\/h\/#\/schema\/person\/b523522be44b062db5d74a62589768cd\"},\"headline\":\"Tekirda\u011f Cumhuriyet Ba\u015fsavc\u0131s\u0131 Y\u00fccel: Adaletin gecikmeden tecelli edece\u011finden kimsenin \u015f\u00fcphesi olmas\u0131n\",\"datePublished\":\"2026-09-01T10:41:09+00:00\",\"dateModified\":\"2026-09-01T10:41:20+00:00\",\"mainEntityOfPage\":{\"@id\":\"https:\/\/corludahaber.com\/h\/tekirdag-cumhuriyet-bassavcisi-yucel-adaletin-gecikmeden-tecelli-edeceginden-kimsenin-suphesi-olmasin\/124108\"},\"wordCount\":806,\"commentCount\":0,\"publisher\":{\"@id\":\"https:\/\/corludahaber.com\/h\/#organization\"},\"image\":{\"@id\":\"https:\/\/corludahaber.com\/h\/tekirdag-cumhuriyet-bassavcisi-yucel-adaletin-gecikmeden-tecelli-edeceginden-kimsenin-suphesi-olmasin\/124108#primaryimage\"},\"thumbnailUrl\":\"https:\/\/corludahaber.com\/h\/wp-content\/uploads\/2026\/09\/tekirdag-cumhuriyet-bassavcisi-yucel-adaletin-gecikmeden-tecelli-edeceginden-kimsenin-suphesi-olmasin_6a96abc8f277a.jpeg\",\"keywords\":[\"Adaletin\",\"asayi\u015f\",\"Ba\u015fsavc\u0131s\u0131\",\"\u00c7orlu kaza\",\"\u00c7orlu son dakika kaza\",\"Cumhuriyet\",\"edece\u011finden\",\"gecikmeden\",\"kimsenin\",\"olmas\u0131n\",\"son dakika kaza\",\"\u015f\u00fcphesi\",\"tecelli\",\"Tekirda\u011f\",\"Tekirda\u011f Cumhuriyet Ba\u015fsavc\u0131s\u0131 Y\u00fccel: Adaletin gecikmeden tecelli edece\u011finden kimsenin \u015f\u00fcphesi olmas\u0131n\",\"Y\u00fccel\"],\"articleSection\":[\"Ya\u015fam\"],\"inLanguage\":\"tr\",\"potentialAction\":[{\"@type\":\"CommentAction\",\"name\":\"Comment\",\"target\":[\"https:\/\/corludahaber.com\/h\/tekirdag-cumhuriyet-bassavcisi-yucel-adaletin-gecikmeden-tecelli-edeceginden-kimsenin-suphesi-olmasin\/124108#respond\"]}]},{\"@type\":\"WebPage\",\"@id\":\"https:\/\/corludahaber.com\/h\/tekirdag-cumhuriyet-bassavcisi-yucel-adaletin-gecikmeden-tecelli-edeceginden-kimsenin-suphesi-olmasin\/124108\",\"url\":\"https:\/\/corludahaber.com\/h\/tekirdag-cumhuriyet-bassavcisi-yucel-adaletin-gecikmeden-tecelli-edeceginden-kimsenin-suphesi-olmasin\/124108\",\"name\":\"Tekirda\u011f Cumhuriyet Ba\u015fsavc\u0131s\u0131 Y\u00fccel: Adaletin gecikmeden tecelli edece\u011finden kimsenin \u015f\u00fcphesi olmas\u0131n | \u00c7orlu&#039;da Haber\",\"isPartOf\":{\"@id\":\"https:\/\/corludahaber.com\/h\/#website\"},\"primaryImageOfPage\":{\"@id\":\"https:\/\/corludahaber.com\/h\/tekirdag-cumhuriyet-bassavcisi-yucel-adaletin-gecikmeden-tecelli-edeceginden-kimsenin-suphesi-olmasin\/124108#primaryimage\"},\"image\":{\"@id\":\"https:\/\/corludahaber.com\/h\/tekirdag-cumhuriyet-bassavcisi-yucel-adaletin-gecikmeden-tecelli-edeceginden-kimsenin-suphesi-olmasin\/124108#primaryimage\"},\"thumbnailUrl\":\"https:\/\/corludahaber.com\/h\/wp-content\/uploads\/2026\/09\/tekirdag-cumhuriyet-bassavcisi-yucel-adaletin-gecikmeden-tecelli-edeceginden-kimsenin-suphesi-olmasin_6a96abc8f277a.jpeg\",\"datePublished\":\"2026-09-01T10:41:09+00:00\",\"dateModified\":\"2026-09-01T10:41:20+00:00\",\"description\":\"Tekirda\u011f Cumhuriyet Ba\u015fsavc\u0131s\u0131 Y\u00fccel: Adaletin gecikmeden tecelli edece\u011finden kimsenin \u015f\u00fcphesi olmas\u0131n | \u00c7orlu&#039;da Haber\",\"breadcrumb\":{\"@id\":\"https:\/\/corludahaber.com\/h\/tekirdag-cumhuriyet-bassavcisi-yucel-adaletin-gecikmeden-tecelli-edeceginden-kimsenin-suphesi-olmasin\/124108#breadcrumb\"},\"inLanguage\":\"tr\",\"potentialAction\":[{\"@type\":\"ReadAction\",\"target\":[\"https:\/\/corludahaber.com\/h\/tekirdag-cumhuriyet-bassavcisi-yucel-adaletin-gecikmeden-tecelli-edeceginden-kimsenin-suphesi-olmasin\/124108\"]}]},{\"@type\":\"ImageObject\",\"inLanguage\":\"tr\",\"@id\":\"https:\/\/corludahaber.com\/h\/tekirdag-cumhuriyet-bassavcisi-yucel-adaletin-gecikmeden-tecelli-edeceginden-kimsenin-suphesi-olmasin\/124108#primaryimage\",\"url\":\"https:\/\/corludahaber.com\/h\/wp-content\/uploads\/2026\/09\/tekirdag-cumhuriyet-bassavcisi-yucel-adaletin-gecikmeden-tecelli-edeceginden-kimsenin-suphesi-olmasin_6a96abc8f277a.jpeg\",\"contentUrl\":\"https:\/\/corludahaber.com\/h\/wp-content\/uploads\/2026\/09\/tekirdag-cumhuriyet-bassavcisi-yucel-adaletin-gecikmeden-tecelli-edeceginden-kimsenin-suphesi-olmasin_6a96abc8f277a.jpeg\",\"width\":2300,\"height\":1294},{\"@type\":\"BreadcrumbList\",\"@id\":\"https:\/\/corludahaber.com\/h\/tekirdag-cumhuriyet-bassavcisi-yucel-adaletin-gecikmeden-tecelli-edeceginden-kimsenin-suphesi-olmasin\/124108#breadcrumb\",\"itemListElement\":[{\"@type\":\"ListItem\",\"position\":1,\"name\":\"Anasayfa\",\"item\":\"https:\/\/corludahaber.com\/h\/anasayfa\"},{\"@type\":\"ListItem\",\"position\":2,\"name\":\"Ya\u015fam\",\"item\":\"https:\/\/corludahaber.com\/h\/kategori\/yasam\"},{\"@type\":\"ListItem\",\"position\":3,\"name\":\"Tekirda\u011f Cumhuriyet Ba\u015fsavc\u0131s\u0131 Y\u00fccel: Adaletin gecikmeden tecelli edece\u011finden kimsenin \u015f\u00fcphesi olmas\u0131n\"}]},{\"@type\":\"WebSite\",\"@id\":\"https:\/\/corludahaber.com\/h\/#website\",\"url\":\"https:\/\/corludahaber.com\/h\/\",\"name\":\"\u00c7orlu'da Haber\",\"description\":\"Ger\u00e7ek Tarafs\u0131z Haber\",\"publisher\":{\"@id\":\"https:\/\/corludahaber.com\/h\/#organization\"},\"potentialAction\":[{\"@type\":\"SearchAction\",\"target\":{\"@type\":\"EntryPoint\",\"urlTemplate\":\"https:\/\/corludahaber.com\/h\/?s={search_term_string}\"},\"query-input\":\"required name=search_term_string\"}],\"inLanguage\":\"tr\"},{\"@type\":\"Organization\",\"@id\":\"https:\/\/corludahaber.com\/h\/#organization\",\"name\":\"\u00c7orlu'da Haber\",\"url\":\"https:\/\/corludahaber.com\/h\/\",\"logo\":{\"@type\":\"ImageObject\",\"inLanguage\":\"tr\",\"@id\":\"https:\/\/corludahaber.com\/h\/#\/schema\/logo\/image\/\",\"url\":\"https:\/\/corludahaber.com\/h\/wp-content\/uploads\/2021\/12\/logo__9__1_-removebg-preview.png\",\"contentUrl\":\"https:\/\/corludahaber.com\/h\/wp-content\/uploads\/2021\/12\/logo__9__1_-removebg-preview.png\",\"width\":500,\"height\":157,\"caption\":\"\u00c7orlu'da Haber\"},\"image\":{\"@id\":\"https:\/\/corludahaber.com\/h\/#\/schema\/logo\/image\/\"},\"sameAs\":[\"https:\/\/facebook.com\/habercorluda\",\"https:\/\/x.com\/habercorluda\",\"https:\/\/www.instagram.com\/corludahaber\",\"https:\/\/www.youtube.com\/user\/corludahaber\"]},{\"@type\":\"Person\",\"@id\":\"https:\/\/corludahaber.com\/h\/#\/schema\/person\/b523522be44b062db5d74a62589768cd\",\"name\":\"\u00c7orlu'da Haber\",\"image\":{\"@type\":\"ImageObject\",\"inLanguage\":\"tr\",\"@id\":\"https:\/\/corludahaber.com\/h\/#\/schema\/person\/image\/\",\"url\":\"https:\/\/secure.gravatar.com\/avatar\/1033e54e078c29fd7f053370086ff627ba414b05c2b231c418a481adecd764ce?s=96&d=blank&r=g\",\"contentUrl\":\"https:\/\/secure.gravatar.com\/avatar\/1033e54e078c29fd7f053370086ff627ba414b05c2b231c418a481adecd764ce?s=96&d=blank&r=g\",\"caption\":\"\u00c7orlu'da Haber\"},\"sameAs\":[\"https:\/\/corludahaber.com\/h\"],\"url\":\"https:\/\/corludahaber.com\/h\/author\/admin\"}]}<\/script>\n<!-- \/ Yoast SEO Premium plugin. -->","yoast_head_json":{"title":"Tekirda\u011f Cumhuriyet Ba\u015fsavc\u0131s\u0131 Y\u00fccel: Adaletin gecikmeden tecelli edece\u011finden kimsenin \u015f\u00fcphesi olmas\u0131n | \u00c7orlu&#039;da Haber","description":"Tekirda\u011f Cumhuriyet Ba\u015fsavc\u0131s\u0131 Y\u00fccel: Adaletin gecikmeden tecelli edece\u011finden kimsenin \u015f\u00fcphesi olmas\u0131n | \u00c7orlu&#039;da Haber","robots":{"index":"index","follow":"follow","max-snippet":"max-snippet:-1","max-image-preview":"max-image-preview:large","max-video-preview":"max-video-preview:-1"},"canonical":"https:\/\/corludahaber.com\/h\/tekirdag-cumhuriyet-bassavcisi-yucel-adaletin-gecikmeden-tecelli-edeceginden-kimsenin-suphesi-olmasin\/124108","og_locale":"tr_TR","og_type":"article","og_title":"Tekirda\u011f Cumhuriyet Ba\u015fsavc\u0131s\u0131 Y\u00fccel: Adaletin gecikmeden tecelli edece\u011finden kimsenin \u015f\u00fcphesi olmas\u0131n | \u00c7orlu&#039;da Haber","og_description":"Tekirda\u011f Cumhuriyet Ba\u015fsavc\u0131s\u0131 Y\u00fccel: Adaletin gecikmeden tecelli edece\u011finden kimsenin \u015f\u00fcphesi olmas\u0131n | \u00c7orlu&#039;da Haber","og_url":"https:\/\/corludahaber.com\/h\/tekirdag-cumhuriyet-bassavcisi-yucel-adaletin-gecikmeden-tecelli-edeceginden-kimsenin-suphesi-olmasin\/124108","og_site_name":"\u00c7orlu&#039;da Haber","article_publisher":"https:\/\/facebook.com\/habercorluda","article_published_time":"2026-09-01T10:41:09+00:00","article_modified_time":"2026-09-01T10:41:20+00:00","og_image":[{"width":2300,"height":1294,"url":"http:\/\/corludahaber.com\/h\/wp-content\/uploads\/2026\/09\/tekirdag-cumhuriyet-bassavcisi-yucel-adaletin-gecikmeden-tecelli-edeceginden-kimsenin-suphesi-olmasin_6a96abc8f277a.jpeg","type":"image\/jpeg"}],"author":"\u00c7orlu'da Haber","twitter_card":"summary_large_image","twitter_creator":"@habercorluda","twitter_site":"@habercorluda","twitter_misc":{"Yazan:":"\u00c7orlu'da Haber","Tahmini okuma s\u00fcresi":"4 dakika"},"schema":{"@context":"https:\/\/schema.org","@graph":[{"@type":"Article","@id":"https:\/\/corludahaber.com\/h\/tekirdag-cumhuriyet-bassavcisi-yucel-adaletin-gecikmeden-tecelli-edeceginden-kimsenin-suphesi-olmasin\/124108#article","isPartOf":{"@id":"https:\/\/corludahaber.com\/h\/tekirdag-cumhuriyet-bassavcisi-yucel-adaletin-gecikmeden-tecelli-edeceginden-kimsenin-suphesi-olmasin\/124108"},"author":{"name":"\u00c7orlu'da Haber","@id":"https:\/\/corludahaber.com\/h\/#\/schema\/person\/b523522be44b062db5d74a62589768cd"},"headline":"Tekirda\u011f Cumhuriyet Ba\u015fsavc\u0131s\u0131 Y\u00fccel: Adaletin gecikmeden tecelli edece\u011finden kimsenin \u015f\u00fcphesi olmas\u0131n","datePublished":"2026-09-01T10:41:09+00:00","dateModified":"2026-09-01T10:41:20+00:00","mainEntityOfPage":{"@id":"https:\/\/corludahaber.com\/h\/tekirdag-cumhuriyet-bassavcisi-yucel-adaletin-gecikmeden-tecelli-edeceginden-kimsenin-suphesi-olmasin\/124108"},"wordCount":806,"commentCount":0,"publisher":{"@id":"https:\/\/corludahaber.com\/h\/#organization"},"image":{"@id":"https:\/\/corludahaber.com\/h\/tekirdag-cumhuriyet-bassavcisi-yucel-adaletin-gecikmeden-tecelli-edeceginden-kimsenin-suphesi-olmasin\/124108#primaryimage"},"thumbnailUrl":"https:\/\/corludahaber.com\/h\/wp-content\/uploads\/2026\/09\/tekirdag-cumhuriyet-bassavcisi-yucel-adaletin-gecikmeden-tecelli-edeceginden-kimsenin-suphesi-olmasin_6a96abc8f277a.jpeg","keywords":["Adaletin","asayi\u015f","Ba\u015fsavc\u0131s\u0131","\u00c7orlu kaza","\u00c7orlu son dakika kaza","Cumhuriyet","edece\u011finden","gecikmeden","kimsenin","olmas\u0131n","son dakika kaza","\u015f\u00fcphesi","tecelli","Tekirda\u011f","Tekirda\u011f Cumhuriyet Ba\u015fsavc\u0131s\u0131 Y\u00fccel: Adaletin gecikmeden tecelli edece\u011finden kimsenin \u015f\u00fcphesi olmas\u0131n","Y\u00fccel"],"articleSection":["Ya\u015fam"],"inLanguage":"tr","potentialAction":[{"@type":"CommentAction","name":"Comment","target":["https:\/\/corludahaber.com\/h\/tekirdag-cumhuriyet-bassavcisi-yucel-adaletin-gecikmeden-tecelli-edeceginden-kimsenin-suphesi-olmasin\/124108#respond"]}]},{"@type":"WebPage","@id":"https:\/\/corludahaber.com\/h\/tekirdag-cumhuriyet-bassavcisi-yucel-adaletin-gecikmeden-tecelli-edeceginden-kimsenin-suphesi-olmasin\/124108","url":"https:\/\/corludahaber.com\/h\/tekirdag-cumhuriyet-bassavcisi-yucel-adaletin-gecikmeden-tecelli-edeceginden-kimsenin-suphesi-olmasin\/124108","name":"Tekirda\u011f Cumhuriyet Ba\u015fsavc\u0131s\u0131 Y\u00fccel: Adaletin gecikmeden tecelli edece\u011finden kimsenin \u015f\u00fcphesi olmas\u0131n | \u00c7orlu&#039;da Haber","isPartOf":{"@id":"https:\/\/corludahaber.com\/h\/#website"},"primaryImageOfPage":{"@id":"https:\/\/corludahaber.com\/h\/tekirdag-cumhuriyet-bassavcisi-yucel-adaletin-gecikmeden-tecelli-edeceginden-kimsenin-suphesi-olmasin\/124108#primaryimage"},"image":{"@id":"https:\/\/corludahaber.com\/h\/tekirdag-cumhuriyet-bassavcisi-yucel-adaletin-gecikmeden-tecelli-edeceginden-kimsenin-suphesi-olmasin\/124108#primaryimage"},"thumbnailUrl":"https:\/\/corludahaber.com\/h\/wp-content\/uploads\/2026\/09\/tekirdag-cumhuriyet-bassavcisi-yucel-adaletin-gecikmeden-tecelli-edeceginden-kimsenin-suphesi-olmasin_6a96abc8f277a.jpeg","datePublished":"2026-09-01T10:41:09+00:00","dateModified":"2026-09-01T10:41:20+00:00","description":"Tekirda\u011f Cumhuriyet Ba\u015fsavc\u0131s\u0131 Y\u00fccel: Adaletin gecikmeden tecelli edece\u011finden kimsenin \u015f\u00fcphesi olmas\u0131n | \u00c7orlu&#039;da Haber","breadcrumb":{"@id":"https:\/\/corludahaber.com\/h\/tekirdag-cumhuriyet-bassavcisi-yucel-adaletin-gecikmeden-tecelli-edeceginden-kimsenin-suphesi-olmasin\/124108#breadcrumb"},"inLanguage":"tr","potentialAction":[{"@type":"ReadAction","target":["https:\/\/corludahaber.com\/h\/tekirdag-cumhuriyet-bassavcisi-yucel-adaletin-gecikmeden-tecelli-edeceginden-kimsenin-suphesi-olmasin\/124108"]}]},{"@type":"ImageObject","inLanguage":"tr","@id":"https:\/\/corludahaber.com\/h\/tekirdag-cumhuriyet-bassavcisi-yucel-adaletin-gecikmeden-tecelli-edeceginden-kimsenin-suphesi-olmasin\/124108#primaryimage","url":"https:\/\/corludahaber.com\/h\/wp-content\/uploads\/2026\/09\/tekirdag-cumhuriyet-bassavcisi-yucel-adaletin-gecikmeden-tecelli-edeceginden-kimsenin-suphesi-olmasin_6a96abc8f277a.jpeg","contentUrl":"https:\/\/corludahaber.com\/h\/wp-content\/uploads\/2026\/09\/tekirdag-cumhuriyet-bassavcisi-yucel-adaletin-gecikmeden-tecelli-edeceginden-kimsenin-suphesi-olmasin_6a96abc8f277a.jpeg","width":2300,"height":1294},{"@type":"BreadcrumbList","@id":"https:\/\/corludahaber.com\/h\/tekirdag-cumhuriyet-bassavcisi-yucel-adaletin-gecikmeden-tecelli-edeceginden-kimsenin-suphesi-olmasin\/124108#breadcrumb","itemListElement":[{"@type":"ListItem","position":1,"name":"Anasayfa","item":"https:\/\/corludahaber.com\/h\/anasayfa"},{"@type":"ListItem","position":2,"name":"Ya\u015fam","item":"https:\/\/corludahaber.com\/h\/kategori\/yasam"},{"@type":"ListItem","position":3,"name":"Tekirda\u011f Cumhuriyet Ba\u015fsavc\u0131s\u0131 Y\u00fccel: Adaletin gecikmeden tecelli edece\u011finden kimsenin \u015f\u00fcphesi olmas\u0131n"}]},{"@type":"WebSite","@id":"https:\/\/corludahaber.com\/h\/#website","url":"https:\/\/corludahaber.com\/h\/","name":"\u00c7orlu'da Haber","description":"Ger\u00e7ek Tarafs\u0131z Haber","publisher":{"@id":"https:\/\/corludahaber.com\/h\/#organization"},"potentialAction":[{"@type":"SearchAction","target":{"@type":"EntryPoint","urlTemplate":"https:\/\/corludahaber.com\/h\/?s={search_term_string}"},"query-input":"required name=search_term_string"}],"inLanguage":"tr"},{"@type":"Organization","@id":"https:\/\/corludahaber.com\/h\/#organization","name":"\u00c7orlu'da Haber","url":"https:\/\/corludahaber.com\/h\/","logo":{"@type":"ImageObject","inLanguage":"tr","@id":"https:\/\/corludahaber.com\/h\/#\/schema\/logo\/image\/","url":"https:\/\/corludahaber.com\/h\/wp-content\/uploads\/2021\/12\/logo__9__1_-removebg-preview.png","contentUrl":"https:\/\/corludahaber.com\/h\/wp-content\/uploads\/2021\/12\/logo__9__1_-removebg-preview.png","width":500,"height":157,"caption":"\u00c7orlu'da Haber"},"image":{"@id":"https:\/\/corludahaber.com\/h\/#\/schema\/logo\/image\/"},"sameAs":["https:\/\/facebook.com\/habercorluda","https:\/\/x.com\/habercorluda","https:\/\/www.instagram.com\/corludahaber","https:\/\/www.youtube.com\/user\/corludahaber"]},{"@type":"Person","@id":"https:\/\/corludahaber.com\/h\/#\/schema\/person\/b523522be44b062db5d74a62589768cd","name":"\u00c7orlu'da Haber","image":{"@type":"ImageObject","inLanguage":"tr","@id":"https:\/\/corludahaber.com\/h\/#\/schema\/person\/image\/","url":"https:\/\/secure.gravatar.com\/avatar\/1033e54e078c29fd7f053370086ff627ba414b05c2b231c418a481adecd764ce?s=96&d=blank&r=g","contentUrl":"https:\/\/secure.gravatar.com\/avatar\/1033e54e078c29fd7f053370086ff627ba414b05c2b231c418a481adecd764ce?s=96&d=blank&r=g","caption":"\u00c7orlu'da Haber"},"sameAs":["https:\/\/corludahaber.com\/h"],"url":"https:\/\/corludahaber.com\/h\/author\/admin"}]}},"_links":{"self":[{"href":"https:\/\/corludahaber.com\/h\/wp-json\/wp\/v2\/posts\/124108","targetHints":{"allow":["GET"]}}],"collection":[{"href":"https:\/\/corludahaber.com\/h\/wp-json\/wp\/v2\/posts"}],"about":[{"href":"https:\/\/corludahaber.com\/h\/wp-json\/wp\/v2\/types\/post"}],"author":[{"embeddable":true,"href":"https:\/\/corludahaber.com\/h\/wp-json\/wp\/v2\/users\/151"}],"replies":[{"embeddable":true,"href":"https:\/\/corludahaber.com\/h\/wp-json\/wp\/v2\/comments?post=124108"}],"version-history":[{"count":1,"href":"https:\/\/corludahaber.com\/h\/wp-json\/wp\/v2\/posts\/124108\/revisions"}],"predecessor-version":[{"id":124110,"href":"https:\/\/corludahaber.com\/h\/wp-json\/wp\/v2\/posts\/124108\/revisions\/124110"}],"wp:featuredmedia":[{"embeddable":true,"href":"https:\/\/corludahaber.com\/h\/wp-json\/wp\/v2\/media\/124109"}],"wp:attachment":[{"href":"https:\/\/corludahaber.com\/h\/wp-json\/wp\/v2\/media?parent=124108"}],"wp:term":[{"taxonomy":"category","embeddable":true,"href":"https:\/\/corludahaber.com\/h\/wp-json\/wp\/v2\/categories?post=124108"},{"taxonomy":"post_tag","embeddable":true,"href":"https:\/\/corludahaber.com\/h\/wp-json\/wp\/v2\/tags?post=124108"}],"curies":[{"name":"wp","href":"https:\/\/api.w.org\/{rel}","templated":true}]}}