{"id":124097,"date":"2026-09-01T08:17:32","date_gmt":"2026-09-01T05:17:32","guid":{"rendered":"https:\/\/corludahaber.com\/h\/?p=124097"},"modified":"2026-09-01T08:17:32","modified_gmt":"2026-09-01T05:17:32","slug":"tekirdaga-284-hekim-atamasi-uzman-hekim-sayisi-tarihinin-en-yuksek-seviyesine-cikacak","status":"publish","type":"post","link":"https:\/\/corludahaber.com\/h\/tekirdaga-284-hekim-atamasi-uzman-hekim-sayisi-tarihinin-en-yuksek-seviyesine-cikacak\/124097","title":{"rendered":"Tekirda\u011f\u2019a 284 Hekim Atamas\u0131: Uzman Hekim Say\u0131s\u0131 Tarihinin En Y\u00fcksek Seviyesine \u00c7\u0131kacak"},"content":{"rendered":"<div class=\"corlu-icerikten-once_3\" id=\"corlu-1274981428\"><script type='text\/javascript' src='https:\/\/platform-api.sharethis.com\/js\/sharethis.js#property=5ce8cf08af7d000012cb0ca1&product=inline-reaction-buttons' async='async'><\/script>\r\n\r\n<\/div><h1>Tekirda\u011f\u2019a 284 Hekim Atamas\u0131: Uzman Hekim Say\u0131s\u0131 Tarihinin En Y\u00fcksek Seviyesine \u00c7\u0131kacak<\/h1>\n<p><strong>Tekirda\u011f\u2019da sa\u011fl\u0131k hizmetlerinin kapasitesinin g\u00fc\u00e7lendirilmesi amac\u0131yla 130. Devlet Hizmet Y\u00fck\u00fcml\u00fcl\u00fc\u011f\u00fc kapsam\u0131nda toplam 284 hekim atamas\u0131 yap\u0131lacak. Atamalar kapsam\u0131nda 248 pratisyen hekim ile 36 uzman hekim Tekirda\u011f\u2019daki sa\u011fl\u0131k kurulu\u015flar\u0131nda g\u00f6revlendirilecek.<\/strong><\/p><div class=\"corlu-icerik-2\" id=\"corlu-2384824863\"><!-- Admatic AUTO ads START -->\r\n<ins data-publisher=\"adm-pub-155556240050\" data-ad-network=\"659428a24d11b285b616c18d\"   class=\"adm-ads-area\"><\/ins>\r\n<script type=\"text\/javascript\" src=\"https:\/\/static.cdn.admatic.com.tr\/showad\/showad.min.js\"><\/script>\r\n<!-- Admatic AUTO ads END --><\/div>\n<p>Tekirda\u011f \u0130l Sa\u011fl\u0131k M\u00fcd\u00fcrl\u00fc\u011f\u00fc taraf\u0131ndan yap\u0131lan a\u00e7\u0131klamada, 130. Devlet Hizmet Y\u00fck\u00fcml\u00fcl\u00fc\u011f\u00fc kapsam\u0131nda kente rekor say\u0131da hekim kadrosu tahsis edildi\u011fi belirtildi.<\/p>\n<p>A\u00e7\u0131klamada, son bir y\u0131l i\u00e7erisinde Tekirda\u011f\u2019daki uzman hekim say\u0131s\u0131n\u0131n <strong>y\u00fczde 30 artt\u0131\u011f\u0131<\/strong> ve ger\u00e7ekle\u015ftirilecek yeni atamalarla birlikte uzman hekim say\u0131s\u0131n\u0131n kentin tarihindeki en y\u00fcksek seviyeye ula\u015faca\u011f\u0131 ifade edildi.<\/p>\n<h2>36 Uzman Hekim G\u00f6reve Ba\u015flayacak<\/h2>\n<p>Bakanl\u0131k taraf\u0131ndan Tekirda\u011f\u2019a tahsis edilen <strong>36 uzman hekim kadrosu<\/strong> kapsam\u0131nda kentteki farkl\u0131 hastanelere \u00e7e\u015fitli bran\u015flarda uzman hekimler atanacak.<\/p>\n<p><strong>Dr. \u0130smail Fehmi Cumal\u0131o\u011flu \u015eehir Hastanesi<\/strong>&#8216;ne \u00c7ocuk G\u00f6\u011f\u00fcs Hastal\u0131klar\u0131, \u00c7ocuk Kardiyolojisi, \u00c7ocuk Romatolojisi, Fiziksel T\u0131p ve Rehabilitasyon ile \u0130\u00e7 Hastal\u0131klar\u0131 bran\u015flar\u0131nda birer uzman hekim atanacak.<\/p>\n<p><strong>\u00c7orlu Devlet Hastanesi<\/strong>&#8216;ne ise Acil T\u0131p, Anesteziyoloji ve Reanimasyon, Endokrinoloji ve Metabolizma, Gastroenteroloji, \u0130\u00e7 Hastal\u0131klar\u0131, Kad\u0131n Hastal\u0131klar\u0131 ve Do\u011fum, Kulak Burun Bo\u011faz Hastal\u0131klar\u0131, Romatoloji, Ruh Sa\u011fl\u0131\u011f\u0131 ve Hastal\u0131klar\u0131, T\u0131bbi Onkoloji ve \u00dcroloji bran\u015flar\u0131nda uzman hekimler g\u00f6revlendirilecek. Hastaneye ayr\u0131ca Deri ve Z\u00fchrevi Hastal\u0131klar\u0131 bran\u015f\u0131nda 3, G\u00f6z Hastal\u0131klar\u0131 bran\u015f\u0131nda ise 2 uzman hekim atanacak.<\/p>\n<p><strong>\u00c7erkezk\u00f6y Devlet Hastanesi<\/strong>&#8216;ne Acil T\u0131p, Deri ve Z\u00fchrevi Hastal\u0131klar\u0131, \u0130\u00e7 Hastal\u0131klar\u0131 ve Kardiyoloji bran\u015flar\u0131nda birer uzman hekim atan\u0131rken, <strong>\u00c7OSB Kapakl\u0131 Devlet Hastanesi<\/strong>&#8216;ne 2 \u00c7ocuk Sa\u011fl\u0131\u011f\u0131 ve Hastal\u0131klar\u0131, bir G\u00f6z Hastal\u0131klar\u0131, bir Kad\u0131n Hastal\u0131klar\u0131 ve Do\u011fum ile bir Ruh Sa\u011fl\u0131\u011f\u0131 ve Hastal\u0131klar\u0131 uzman\u0131 atanacak.<\/p>\n<p><strong>Tekirda\u011f Devlet Hastanesi<\/strong>&#8216;ne Kulak Burun Bo\u011faz Hastal\u0131klar\u0131, <strong>Malkara Devlet Hastanesi<\/strong>&#8216;ne Radyoloji ve \u0130\u00e7 Hastal\u0131klar\u0131, <strong>Saray Devlet Hastanesi<\/strong>&#8216;ne Deri ve Z\u00fchrevi Hastal\u0131klar\u0131 ile Kulak Burun Bo\u011faz Hastal\u0131klar\u0131, <strong>\u015eark\u00f6y Devlet Hastanesi<\/strong>&#8216;ne ise Ortopedi ve Travmatoloji uzman\u0131 atanacak.<\/p>\n<h2>248 Pratisyen Hekim Atamas\u0131<\/h2>\n<p>Tekirda\u011f genelinde <strong>248 pratisyen hekimin<\/strong> de g\u00f6revlendirilmesi planlan\u0131yor.<\/p>\n<table>\n<thead>\n<tr>\n<th>Kurum<\/th>\n<th>Unvan<\/th>\n<th>Say\u0131<\/th>\n<\/tr>\n<\/thead>\n<tbody>\n<tr>\n<td>DR. \u0130SMA\u0130L FEHM\u0130 CUMALIO\u011eLU \u015eEH\u0130R HASTANES\u0130<\/td>\n<td>Tabip<\/td>\n<td>16<\/td>\n<\/tr>\n<tr>\n<td>\u00c7ORLU DEVLET HASTANES\u0130<\/td>\n<td>Tabip<\/td>\n<td>50<\/td>\n<\/tr>\n<tr>\n<td>\u00c7ORLU \u0130L\u00c7E SA\u011eLIK M\u00dcD\u00dcRL\u00dc\u011e\u00dc<\/td>\n<td>Tabip<\/td>\n<td>7<\/td>\n<\/tr>\n<tr>\n<td>\u00c7ORLU 1 NOLU AC\u0130L SA\u011eLIK H\u0130ZMETLER\u0130 \u0130STASYONU<\/td>\n<td>Tabip<\/td>\n<td>3<\/td>\n<\/tr>\n<tr>\n<td>\u00c7OSB KAPAKLI DEVLET HASTANES\u0130<\/td>\n<td>Tabip<\/td>\n<td>28<\/td>\n<\/tr>\n<tr>\n<td>KAPAKLI \u0130L\u00c7E SA\u011eLIK M\u00dcD\u00dcRL\u00dc\u011e\u00dc<\/td>\n<td>Tabip<\/td>\n<td>5<\/td>\n<\/tr>\n<tr>\n<td>TEK\u0130RDA\u011e DEVLET HASTANES\u0130<\/td>\n<td>Tabip<\/td>\n<td>10<\/td>\n<\/tr>\n<tr>\n<td>ERGENE \u0130L\u00c7E SA\u011eLIK M\u00dcD\u00dcRL\u00dc\u011e\u00dc<\/td>\n<td>Tabip<\/td>\n<td>5<\/td>\n<\/tr>\n<tr>\n<td>HAYRABOLU DEVLET HASTANES\u0130<\/td>\n<td>Tabip<\/td>\n<td>10<\/td>\n<\/tr>\n<tr>\n<td>HAYRABOLU TOPLUM SA\u011eLI\u011eI MERKEZ\u0130<\/td>\n<td>Tabip<\/td>\n<td>3<\/td>\n<\/tr>\n<tr>\n<td>MALKARA DEVLET HASTANES\u0130<\/td>\n<td>Tabip<\/td>\n<td>11<\/td>\n<\/tr>\n<tr>\n<td>MALKARA \u0130L\u00c7E SA\u011eLIK M\u00dcD\u00dcRL\u00dc\u011e\u00dc<\/td>\n<td>Tabip<\/td>\n<td>3<\/td>\n<\/tr>\n<tr>\n<td>MALKARA KKK 95.ZH.TUG.KOMUTANLI\u011eI<\/td>\n<td>Tabip<\/td>\n<td>1<\/td>\n<\/tr>\n<tr>\n<td>ERGENE KKK 66.MKNZ.P.TUG.LOJ.DES. K<\/td>\n<td>Tabip<\/td>\n<td>2<\/td>\n<\/tr>\n<tr>\n<td>MARMARA ERE\u011eL\u0130S\u0130 DEVLET HASTANES\u0130<\/td>\n<td>Tabip<\/td>\n<td>8<\/td>\n<\/tr>\n<tr>\n<td>MARMARAERE\u011eL\u0130S\u0130 \u0130L\u00c7E SA\u011eLIK M\u00dcD\u00dcRL\u00dc\u011e\u00dc<\/td>\n<td>Tabip<\/td>\n<td>4<\/td>\n<\/tr>\n<tr>\n<td>\u00c7ERKEZK\u00d6Y DEVLET HASTANES\u0130<\/td>\n<td>Tabip<\/td>\n<td>32<\/td>\n<\/tr>\n<tr>\n<td>\u00c7ERKEZK\u00d6Y \u0130L\u00c7E SA\u011eLIK M\u00dcD\u00dcRL\u00dc\u011e\u00dc<\/td>\n<td>Tabip<\/td>\n<td>6<\/td>\n<\/tr>\n<tr>\n<td>\u00c7ERKEZK\u00d6Y 1 NOLU AC\u0130L SA\u011eLIK H\u0130ZMETLER\u0130 \u0130STASYONU<\/td>\n<td>Tabip<\/td>\n<td>2<\/td>\n<\/tr>\n<tr>\n<td>S\u00dcLEYMANPA\u015eA \u0130L\u00c7E SA\u011eLIK M\u00dcD\u00dcRL\u00dc\u011e\u00dc<\/td>\n<td>Tabip<\/td>\n<td>5<\/td>\n<\/tr>\n<tr>\n<td>S\u00dcLEYMANPA\u015eA 1 NOLU AC\u0130L SA\u011eLIK H\u0130ZMETLER\u0130 \u0130STASYONU<\/td>\n<td>Tabip<\/td>\n<td>3<\/td>\n<\/tr>\n<tr>\n<td>S\u00dcLEYMANPA\u015eA 1 NOLU AC\u0130L SA\u011eLIK H\u0130ZMETLER\u0130 \u0130STASYONU<\/td>\n<td>Tabip<\/td>\n<td>1<\/td>\n<\/tr>\n<tr>\n<td>\u015eARK\u00d6Y DEVLET HASTANES\u0130<\/td>\n<td>Tabip<\/td>\n<td>8<\/td>\n<\/tr>\n<tr>\n<td>\u015eARK\u00d6Y \u0130L\u00c7E SA\u011eLIK M\u00dcD\u00dcRL\u00dc\u011e\u00dc<\/td>\n<td>Tabip<\/td>\n<td>4<\/td>\n<\/tr>\n<tr>\n<td>MURATLI DEVLET HASTANES\u0130<\/td>\n<td>Tabip<\/td>\n<td>9<\/td>\n<\/tr>\n<tr>\n<td>SARAY DEVLET HASTANES\u0130<\/td>\n<td>Tabip<\/td>\n<td>8<\/td>\n<\/tr>\n<tr>\n<td>SARAY \u0130L\u00c7E SA\u011eLIK M\u00dcD\u00dcRL\u00dc\u011e\u00dc<\/td>\n<td>Tabip<\/td>\n<td>2<\/td>\n<\/tr>\n<tr>\n<td>SARAY KKK 41.KOMD.TUG.KYRD.4.KOMD.TB.<\/td>\n<td>Tabip<\/td>\n<td>2<\/td>\n<\/tr>\n<\/tbody>\n<\/table>\n<h2>Tekirda\u011f&#8217;da Sa\u011fl\u0131k Hizmet Kapasitesi G\u00fc\u00e7leniyor<\/h2>\n<p>Tekirda\u011f \u0130l Sa\u011fl\u0131k M\u00fcd\u00fcrl\u00fc\u011f\u00fc taraf\u0131ndan yap\u0131lan a\u00e7\u0131klamada, 284 hekim atamas\u0131n\u0131n sa\u011fl\u0131k hizmetlerinin sunumunda \u00f6nemli bir katk\u0131 sa\u011flayaca\u011f\u0131 vurguland\u0131.<\/p>\n<p>A\u00e7\u0131klamada, <strong>\u201cBakanl\u0131\u011f\u0131m\u0131zca tahsis edilen 248 pratisyen hekim ve 36 uzman hekim kadrosu ile sa\u011fl\u0131k hizmeti sunumunda ileri bir seviyeye gelinmi\u015ftir.\u201d<\/strong> ifadelerine yer verildi.<\/p>\n<p>Yeni atamalarla birlikte Tekirda\u011f\u2019da sa\u011fl\u0131k hizmetlerinin daha kaliteli ve h\u0131zl\u0131 \u015fekilde sunulmas\u0131n\u0131n hedeflendi\u011fi belirtildi.<\/p>\n<p>Atamalar\u0131n ard\u0131ndan \u00f6zellikle uzman hekim ihtiyac\u0131 bulunan bran\u015flarda sa\u011fl\u0131k hizmeti kapasitesinin art\u0131r\u0131lmas\u0131 ve vatanda\u015flar\u0131n sa\u011fl\u0131k hizmetlerine eri\u015fiminin g\u00fc\u00e7lendirilmesi bekleniyor.<\/p>\n<p><strong>Tekirda\u011f \u0130l Sa\u011fl\u0131k M\u00fcd\u00fcrl\u00fc\u011f\u00fc taraf\u0131ndan a\u00e7\u0131klanan verilere g\u00f6re 130. Devlet Hizmet Y\u00fck\u00fcml\u00fcl\u00fc\u011f\u00fc kapsam\u0131nda Tekirda\u011f\u2019a toplam 284 hekim atanacak.<\/strong><\/p>\n<p><strong>T.C. Sa\u011fl\u0131k Bakanl\u0131\u011f\u0131<br \/>\nTekirda\u011f \u0130l Sa\u011fl\u0131k M\u00fcd\u00fcrl\u00fc\u011f\u00fc<br \/>\nSa\u011fl\u0131kl\u0131 T\u00fcrkiye Y\u00fczy\u0131l\u0131<\/strong><\/p>\n<div class=\"corlu-icerikten-sonra_3\" id=\"corlu-4100998131\"><p><img loading=\"lazy\" decoding=\"async\" class=\"aligncenter\" src=\"https:\/\/www.corludahaber.com\/bahcesehir.jpg\" alt=\"\" width=\"624\" height=\"196\" \/><\/p>\n<table style=\"text-align: left; width: 100%;\" border=\"1\" cellspacing=\"2\" cellpadding=\"2\">\n<tbody>\n<tr>\n<td style=\"background-color: #050805;\"><span style=\"font-size: 12pt;\"><small><small><em><strong><big><span style=\"color: #ff0000;\">Haber ve resimlerin telif haklar\u0131ndan dolay\u0131 kullan\u0131m\u0131 yasakt\u0131r<span style=\"color: #000000;\">.<\/span><\/span><span style=\"color: #000000;\">\u00a0<\/span><span style=\"color: #ffffff;\">Yaz\u0131l\u0131 izni al\u0131nmadan hi\u00e7bir yaz\u0131l\u0131, g\u00f6rsel, i\u015fitsel i\u00e7erik kopyalanamaz, de\u011fi\u015ftirilemez, yay\u0131nlanamaz veya sat\u0131lamaz. Aksi halde<\/span>\u00a0<span style=\"color: #ff0000;\">5846<span style=\"color: #ffffff;\">\u00a0<\/span><\/span><span style=\"color: #ffffff;\">say\u0131l\u0131 Fikir ve Sanat Eserleri Kanunu\u2019na ve<\/span>\u00a0<span style=\"color: #800000;\"><span style=\"color: #ff0000;\">6102<\/span><span style=\"color: #ffffff;\">\u00a0<\/span><\/span><span style=\"color: #ffffff;\">say\u0131l\u0131 maddesine g\u00f6re<\/span>\u00a0<span style=\"color: #ff0000;\">gerekli i\u015flemler uygulanacakt\u0131r.<\/span><br \/>\n<span style=\"color: #ffffff;\">\u00a9 Copyright 2014<\/span><\/big><\/strong><\/em><\/small><\/small><\/span><\/td>\n<\/tr>\n<\/tbody>\n<\/table>\n<p><small><small>\u00a0<\/small><\/small><\/p>\n<\/div>","protected":false},"excerpt":{"rendered":"<p>Tekirda\u011f\u2019a 284 Hekim Atamas\u0131: Uzman Hekim Say\u0131s\u0131 Tarihinin En Y\u00fcksek Seviyesine \u00c7\u0131kacak Tekirda\u011f\u2019da sa\u011fl\u0131k hizmetlerinin kapasitesinin g\u00fc\u00e7lendirilmesi amac\u0131yla 130. Devlet Hizmet Y\u00fck\u00fcml\u00fcl\u00fc\u011f\u00fc kapsam\u0131nda toplam 284 hekim atamas\u0131 yap\u0131lacak. Atamalar kapsam\u0131nda 248 pratisyen hekim ile 36 uzman hekim Tekirda\u011f\u2019daki sa\u011fl\u0131k kurulu\u015flar\u0131nda g\u00f6revlendirilecek. Tekirda\u011f \u0130l Sa\u011fl\u0131k M\u00fcd\u00fcrl\u00fc\u011f\u00fc taraf\u0131ndan yap\u0131lan a\u00e7\u0131klamada, 130. Devlet Hizmet Y\u00fck\u00fcml\u00fcl\u00fc\u011f\u00fc kapsam\u0131nda kente rekor &hellip;<\/p>\n","protected":false},"author":151,"featured_media":124098,"comment_status":"open","ping_status":"open","sticky":false,"template":"","format":"standard","meta":{"footnotes":""},"categories":[27],"tags":[8025,36636,3667,9376,15478,17820,1262,9645,3661,20727,376,36637,3714,2423],"class_list":["post-124097","post","type-post","status-publish","format-standard","has-post-thumbnail","hentry","category-yasam","tag-asayis","tag-atamasi","tag-cikacak","tag-corlu-kaza","tag-corlu-son-dakika-kaza","tag-hekim","tag-sayisi","tag-seviyesine","tag-son-dakika-kaza","tag-tarihinin","tag-tekirdag","tag-tekirdaga-284-hekim-atamasi-uzman-hekim-sayisi-tarihinin-en-yuksek-seviyesine-cikacak","tag-uzman","tag-yuksek"],"yoast_head":"<!-- This site is optimized with the Yoast SEO Premium plugin v23.3 (Yoast SEO v23.3) - https:\/\/yoast.com\/wordpress\/plugins\/seo\/ -->\n<title>Tekirda\u011f\u2019a 284 Hekim Atamas\u0131: Uzman Hekim Say\u0131s\u0131 Tarihinin En Y\u00fcksek Seviyesine \u00c7\u0131kacak | \u00c7orlu&#039;da Haber<\/title>\n<meta name=\"description\" content=\"Tekirda\u011f\u2019a 284 Hekim Atamas\u0131: Uzman Hekim Say\u0131s\u0131 Tarihinin En Y\u00fcksek Seviyesine \u00c7\u0131kacak | Ya\u015fam \u00c7orlu&#039;da Haber\" \/>\n<meta name=\"robots\" content=\"index, follow, max-snippet:-1, max-image-preview:large, max-video-preview:-1\" \/>\n<link rel=\"canonical\" href=\"https:\/\/corludahaber.com\/h\/tekirdaga-284-hekim-atamasi-uzman-hekim-sayisi-tarihinin-en-yuksek-seviyesine-cikacak\/124097\" \/>\n<meta property=\"og:locale\" content=\"tr_TR\" \/>\n<meta property=\"og:type\" content=\"article\" \/>\n<meta property=\"og:title\" content=\"Tekirda\u011f\u2019a 284 Hekim Atamas\u0131: Uzman Hekim Say\u0131s\u0131 Tarihinin En Y\u00fcksek Seviyesine \u00c7\u0131kacak | \u00c7orlu&#039;da Haber\" \/>\n<meta property=\"og:description\" content=\"Tekirda\u011f\u2019a 284 Hekim Atamas\u0131: Uzman Hekim Say\u0131s\u0131 Tarihinin En Y\u00fcksek Seviyesine \u00c7\u0131kacak | Ya\u015fam \u00c7orlu&#039;da Haber\" \/>\n<meta property=\"og:url\" content=\"https:\/\/corludahaber.com\/h\/tekirdaga-284-hekim-atamasi-uzman-hekim-sayisi-tarihinin-en-yuksek-seviyesine-cikacak\/124097\" \/>\n<meta property=\"og:site_name\" content=\"\u00c7orlu&#039;da Haber\" \/>\n<meta property=\"article:publisher\" content=\"https:\/\/facebook.com\/habercorluda\" \/>\n<meta property=\"article:published_time\" content=\"2026-09-01T05:17:32+00:00\" \/>\n<meta property=\"og:image\" content=\"http:\/\/corludahaber.com\/h\/wp-content\/uploads\/2026\/09\/resized_f83ef-2bf0721asagcc86lc4b1kbakanlc4b1gcc86c4b1doktoratamasc4b1nezaman.jpg\" \/>\n\t<meta property=\"og:image:width\" content=\"640\" \/>\n\t<meta property=\"og:image:height\" content=\"358\" \/>\n\t<meta property=\"og:image:type\" content=\"image\/jpeg\" \/>\n<meta name=\"author\" content=\"\u00c7orlu&#039;da Haber\" \/>\n<meta name=\"twitter:card\" content=\"summary_large_image\" \/>\n<meta name=\"twitter:creator\" content=\"@habercorluda\" \/>\n<meta name=\"twitter:site\" content=\"@habercorluda\" \/>\n<meta name=\"twitter:label1\" content=\"Yazan:\" \/>\n\t<meta name=\"twitter:data1\" content=\"\u00c7orlu&#039;da Haber\" \/>\n\t<meta name=\"twitter:label2\" content=\"Tahmini okuma s\u00fcresi\" \/>\n\t<meta name=\"twitter:data2\" content=\"4 dakika\" \/>\n<script type=\"application\/ld+json\" class=\"yoast-schema-graph\">{\"@context\":\"https:\/\/schema.org\",\"@graph\":[{\"@type\":\"Article\",\"@id\":\"https:\/\/corludahaber.com\/h\/tekirdaga-284-hekim-atamasi-uzman-hekim-sayisi-tarihinin-en-yuksek-seviyesine-cikacak\/124097#article\",\"isPartOf\":{\"@id\":\"https:\/\/corludahaber.com\/h\/tekirdaga-284-hekim-atamasi-uzman-hekim-sayisi-tarihinin-en-yuksek-seviyesine-cikacak\/124097\"},\"author\":{\"name\":\"\u00c7orlu'da Haber\",\"@id\":\"https:\/\/corludahaber.com\/h\/#\/schema\/person\/b523522be44b062db5d74a62589768cd\"},\"headline\":\"Tekirda\u011f\u2019a 284 Hekim Atamas\u0131: Uzman Hekim Say\u0131s\u0131 Tarihinin En Y\u00fcksek Seviyesine \u00c7\u0131kacak\",\"datePublished\":\"2026-09-01T05:17:32+00:00\",\"dateModified\":\"2026-09-01T05:17:32+00:00\",\"mainEntityOfPage\":{\"@id\":\"https:\/\/corludahaber.com\/h\/tekirdaga-284-hekim-atamasi-uzman-hekim-sayisi-tarihinin-en-yuksek-seviyesine-cikacak\/124097\"},\"wordCount\":785,\"commentCount\":0,\"publisher\":{\"@id\":\"https:\/\/corludahaber.com\/h\/#organization\"},\"image\":{\"@id\":\"https:\/\/corludahaber.com\/h\/tekirdaga-284-hekim-atamasi-uzman-hekim-sayisi-tarihinin-en-yuksek-seviyesine-cikacak\/124097#primaryimage\"},\"thumbnailUrl\":\"https:\/\/corludahaber.com\/h\/wp-content\/uploads\/2026\/09\/resized_f83ef-2bf0721asagcc86lc4b1kbakanlc4b1gcc86c4b1doktoratamasc4b1nezaman.jpg\",\"keywords\":[\"asayi\u015f\",\"Atamas\u0131\",\"\u00e7\u0131kacak\",\"\u00c7orlu kaza\",\"\u00c7orlu son dakika kaza\",\"hekim\",\"Say\u0131s\u0131\",\"seviyesine\",\"son dakika kaza\",\"tarihinin\",\"Tekirda\u011f\",\"Tekirda\u011f\u2019a 284 Hekim Atamas\u0131: Uzman Hekim Say\u0131s\u0131 Tarihinin En Y\u00fcksek Seviyesine \u00c7\u0131kacak\",\"Uzman\",\"y\u00fcksek\"],\"articleSection\":[\"Ya\u015fam\"],\"inLanguage\":\"tr\",\"potentialAction\":[{\"@type\":\"CommentAction\",\"name\":\"Comment\",\"target\":[\"https:\/\/corludahaber.com\/h\/tekirdaga-284-hekim-atamasi-uzman-hekim-sayisi-tarihinin-en-yuksek-seviyesine-cikacak\/124097#respond\"]}]},{\"@type\":\"WebPage\",\"@id\":\"https:\/\/corludahaber.com\/h\/tekirdaga-284-hekim-atamasi-uzman-hekim-sayisi-tarihinin-en-yuksek-seviyesine-cikacak\/124097\",\"url\":\"https:\/\/corludahaber.com\/h\/tekirdaga-284-hekim-atamasi-uzman-hekim-sayisi-tarihinin-en-yuksek-seviyesine-cikacak\/124097\",\"name\":\"Tekirda\u011f\u2019a 284 Hekim Atamas\u0131: Uzman Hekim Say\u0131s\u0131 Tarihinin En Y\u00fcksek Seviyesine \u00c7\u0131kacak | \u00c7orlu&#039;da Haber\",\"isPartOf\":{\"@id\":\"https:\/\/corludahaber.com\/h\/#website\"},\"primaryImageOfPage\":{\"@id\":\"https:\/\/corludahaber.com\/h\/tekirdaga-284-hekim-atamasi-uzman-hekim-sayisi-tarihinin-en-yuksek-seviyesine-cikacak\/124097#primaryimage\"},\"image\":{\"@id\":\"https:\/\/corludahaber.com\/h\/tekirdaga-284-hekim-atamasi-uzman-hekim-sayisi-tarihinin-en-yuksek-seviyesine-cikacak\/124097#primaryimage\"},\"thumbnailUrl\":\"https:\/\/corludahaber.com\/h\/wp-content\/uploads\/2026\/09\/resized_f83ef-2bf0721asagcc86lc4b1kbakanlc4b1gcc86c4b1doktoratamasc4b1nezaman.jpg\",\"datePublished\":\"2026-09-01T05:17:32+00:00\",\"dateModified\":\"2026-09-01T05:17:32+00:00\",\"description\":\"Tekirda\u011f\u2019a 284 Hekim Atamas\u0131: Uzman Hekim Say\u0131s\u0131 Tarihinin En Y\u00fcksek Seviyesine \u00c7\u0131kacak | Ya\u015fam \u00c7orlu&#039;da Haber\",\"breadcrumb\":{\"@id\":\"https:\/\/corludahaber.com\/h\/tekirdaga-284-hekim-atamasi-uzman-hekim-sayisi-tarihinin-en-yuksek-seviyesine-cikacak\/124097#breadcrumb\"},\"inLanguage\":\"tr\",\"potentialAction\":[{\"@type\":\"ReadAction\",\"target\":[\"https:\/\/corludahaber.com\/h\/tekirdaga-284-hekim-atamasi-uzman-hekim-sayisi-tarihinin-en-yuksek-seviyesine-cikacak\/124097\"]}]},{\"@type\":\"ImageObject\",\"inLanguage\":\"tr\",\"@id\":\"https:\/\/corludahaber.com\/h\/tekirdaga-284-hekim-atamasi-uzman-hekim-sayisi-tarihinin-en-yuksek-seviyesine-cikacak\/124097#primaryimage\",\"url\":\"https:\/\/corludahaber.com\/h\/wp-content\/uploads\/2026\/09\/resized_f83ef-2bf0721asagcc86lc4b1kbakanlc4b1gcc86c4b1doktoratamasc4b1nezaman.jpg\",\"contentUrl\":\"https:\/\/corludahaber.com\/h\/wp-content\/uploads\/2026\/09\/resized_f83ef-2bf0721asagcc86lc4b1kbakanlc4b1gcc86c4b1doktoratamasc4b1nezaman.jpg\",\"width\":640,\"height\":358},{\"@type\":\"BreadcrumbList\",\"@id\":\"https:\/\/corludahaber.com\/h\/tekirdaga-284-hekim-atamasi-uzman-hekim-sayisi-tarihinin-en-yuksek-seviyesine-cikacak\/124097#breadcrumb\",\"itemListElement\":[{\"@type\":\"ListItem\",\"position\":1,\"name\":\"Anasayfa\",\"item\":\"https:\/\/corludahaber.com\/h\/anasayfa\"},{\"@type\":\"ListItem\",\"position\":2,\"name\":\"Ya\u015fam\",\"item\":\"https:\/\/corludahaber.com\/h\/kategori\/yasam\"},{\"@type\":\"ListItem\",\"position\":3,\"name\":\"Tekirda\u011f\u2019a 284 Hekim Atamas\u0131: Uzman Hekim Say\u0131s\u0131 Tarihinin En Y\u00fcksek Seviyesine \u00c7\u0131kacak\"}]},{\"@type\":\"WebSite\",\"@id\":\"https:\/\/corludahaber.com\/h\/#website\",\"url\":\"https:\/\/corludahaber.com\/h\/\",\"name\":\"\u00c7orlu'da Haber\",\"description\":\"Ger\u00e7ek Tarafs\u0131z Haber\",\"publisher\":{\"@id\":\"https:\/\/corludahaber.com\/h\/#organization\"},\"potentialAction\":[{\"@type\":\"SearchAction\",\"target\":{\"@type\":\"EntryPoint\",\"urlTemplate\":\"https:\/\/corludahaber.com\/h\/?s={search_term_string}\"},\"query-input\":\"required name=search_term_string\"}],\"inLanguage\":\"tr\"},{\"@type\":\"Organization\",\"@id\":\"https:\/\/corludahaber.com\/h\/#organization\",\"name\":\"\u00c7orlu'da Haber\",\"url\":\"https:\/\/corludahaber.com\/h\/\",\"logo\":{\"@type\":\"ImageObject\",\"inLanguage\":\"tr\",\"@id\":\"https:\/\/corludahaber.com\/h\/#\/schema\/logo\/image\/\",\"url\":\"https:\/\/corludahaber.com\/h\/wp-content\/uploads\/2021\/12\/logo__9__1_-removebg-preview.png\",\"contentUrl\":\"https:\/\/corludahaber.com\/h\/wp-content\/uploads\/2021\/12\/logo__9__1_-removebg-preview.png\",\"width\":500,\"height\":157,\"caption\":\"\u00c7orlu'da Haber\"},\"image\":{\"@id\":\"https:\/\/corludahaber.com\/h\/#\/schema\/logo\/image\/\"},\"sameAs\":[\"https:\/\/facebook.com\/habercorluda\",\"https:\/\/x.com\/habercorluda\",\"https:\/\/www.instagram.com\/corludahaber\",\"https:\/\/www.youtube.com\/user\/corludahaber\"]},{\"@type\":\"Person\",\"@id\":\"https:\/\/corludahaber.com\/h\/#\/schema\/person\/b523522be44b062db5d74a62589768cd\",\"name\":\"\u00c7orlu'da Haber\",\"image\":{\"@type\":\"ImageObject\",\"inLanguage\":\"tr\",\"@id\":\"https:\/\/corludahaber.com\/h\/#\/schema\/person\/image\/\",\"url\":\"https:\/\/secure.gravatar.com\/avatar\/1033e54e078c29fd7f053370086ff627ba414b05c2b231c418a481adecd764ce?s=96&d=blank&r=g\",\"contentUrl\":\"https:\/\/secure.gravatar.com\/avatar\/1033e54e078c29fd7f053370086ff627ba414b05c2b231c418a481adecd764ce?s=96&d=blank&r=g\",\"caption\":\"\u00c7orlu'da Haber\"},\"sameAs\":[\"https:\/\/corludahaber.com\/h\"],\"url\":\"https:\/\/corludahaber.com\/h\/author\/admin\"}]}<\/script>\n<!-- \/ Yoast SEO Premium plugin. -->","yoast_head_json":{"title":"Tekirda\u011f\u2019a 284 Hekim Atamas\u0131: Uzman Hekim Say\u0131s\u0131 Tarihinin En Y\u00fcksek Seviyesine \u00c7\u0131kacak | \u00c7orlu&#039;da Haber","description":"Tekirda\u011f\u2019a 284 Hekim Atamas\u0131: Uzman Hekim Say\u0131s\u0131 Tarihinin En Y\u00fcksek Seviyesine \u00c7\u0131kacak | Ya\u015fam \u00c7orlu&#039;da Haber","robots":{"index":"index","follow":"follow","max-snippet":"max-snippet:-1","max-image-preview":"max-image-preview:large","max-video-preview":"max-video-preview:-1"},"canonical":"https:\/\/corludahaber.com\/h\/tekirdaga-284-hekim-atamasi-uzman-hekim-sayisi-tarihinin-en-yuksek-seviyesine-cikacak\/124097","og_locale":"tr_TR","og_type":"article","og_title":"Tekirda\u011f\u2019a 284 Hekim Atamas\u0131: Uzman Hekim Say\u0131s\u0131 Tarihinin En Y\u00fcksek Seviyesine \u00c7\u0131kacak | \u00c7orlu&#039;da Haber","og_description":"Tekirda\u011f\u2019a 284 Hekim Atamas\u0131: Uzman Hekim Say\u0131s\u0131 Tarihinin En Y\u00fcksek Seviyesine \u00c7\u0131kacak | Ya\u015fam \u00c7orlu&#039;da Haber","og_url":"https:\/\/corludahaber.com\/h\/tekirdaga-284-hekim-atamasi-uzman-hekim-sayisi-tarihinin-en-yuksek-seviyesine-cikacak\/124097","og_site_name":"\u00c7orlu&#039;da Haber","article_publisher":"https:\/\/facebook.com\/habercorluda","article_published_time":"2026-09-01T05:17:32+00:00","og_image":[{"width":640,"height":358,"url":"http:\/\/corludahaber.com\/h\/wp-content\/uploads\/2026\/09\/resized_f83ef-2bf0721asagcc86lc4b1kbakanlc4b1gcc86c4b1doktoratamasc4b1nezaman.jpg","type":"image\/jpeg"}],"author":"\u00c7orlu'da Haber","twitter_card":"summary_large_image","twitter_creator":"@habercorluda","twitter_site":"@habercorluda","twitter_misc":{"Yazan:":"\u00c7orlu'da Haber","Tahmini okuma s\u00fcresi":"4 dakika"},"schema":{"@context":"https:\/\/schema.org","@graph":[{"@type":"Article","@id":"https:\/\/corludahaber.com\/h\/tekirdaga-284-hekim-atamasi-uzman-hekim-sayisi-tarihinin-en-yuksek-seviyesine-cikacak\/124097#article","isPartOf":{"@id":"https:\/\/corludahaber.com\/h\/tekirdaga-284-hekim-atamasi-uzman-hekim-sayisi-tarihinin-en-yuksek-seviyesine-cikacak\/124097"},"author":{"name":"\u00c7orlu'da Haber","@id":"https:\/\/corludahaber.com\/h\/#\/schema\/person\/b523522be44b062db5d74a62589768cd"},"headline":"Tekirda\u011f\u2019a 284 Hekim Atamas\u0131: Uzman Hekim Say\u0131s\u0131 Tarihinin En Y\u00fcksek Seviyesine \u00c7\u0131kacak","datePublished":"2026-09-01T05:17:32+00:00","dateModified":"2026-09-01T05:17:32+00:00","mainEntityOfPage":{"@id":"https:\/\/corludahaber.com\/h\/tekirdaga-284-hekim-atamasi-uzman-hekim-sayisi-tarihinin-en-yuksek-seviyesine-cikacak\/124097"},"wordCount":785,"commentCount":0,"publisher":{"@id":"https:\/\/corludahaber.com\/h\/#organization"},"image":{"@id":"https:\/\/corludahaber.com\/h\/tekirdaga-284-hekim-atamasi-uzman-hekim-sayisi-tarihinin-en-yuksek-seviyesine-cikacak\/124097#primaryimage"},"thumbnailUrl":"https:\/\/corludahaber.com\/h\/wp-content\/uploads\/2026\/09\/resized_f83ef-2bf0721asagcc86lc4b1kbakanlc4b1gcc86c4b1doktoratamasc4b1nezaman.jpg","keywords":["asayi\u015f","Atamas\u0131","\u00e7\u0131kacak","\u00c7orlu kaza","\u00c7orlu son dakika kaza","hekim","Say\u0131s\u0131","seviyesine","son dakika kaza","tarihinin","Tekirda\u011f","Tekirda\u011f\u2019a 284 Hekim Atamas\u0131: Uzman Hekim Say\u0131s\u0131 Tarihinin En Y\u00fcksek Seviyesine \u00c7\u0131kacak","Uzman","y\u00fcksek"],"articleSection":["Ya\u015fam"],"inLanguage":"tr","potentialAction":[{"@type":"CommentAction","name":"Comment","target":["https:\/\/corludahaber.com\/h\/tekirdaga-284-hekim-atamasi-uzman-hekim-sayisi-tarihinin-en-yuksek-seviyesine-cikacak\/124097#respond"]}]},{"@type":"WebPage","@id":"https:\/\/corludahaber.com\/h\/tekirdaga-284-hekim-atamasi-uzman-hekim-sayisi-tarihinin-en-yuksek-seviyesine-cikacak\/124097","url":"https:\/\/corludahaber.com\/h\/tekirdaga-284-hekim-atamasi-uzman-hekim-sayisi-tarihinin-en-yuksek-seviyesine-cikacak\/124097","name":"Tekirda\u011f\u2019a 284 Hekim Atamas\u0131: Uzman Hekim Say\u0131s\u0131 Tarihinin En Y\u00fcksek Seviyesine \u00c7\u0131kacak | \u00c7orlu&#039;da Haber","isPartOf":{"@id":"https:\/\/corludahaber.com\/h\/#website"},"primaryImageOfPage":{"@id":"https:\/\/corludahaber.com\/h\/tekirdaga-284-hekim-atamasi-uzman-hekim-sayisi-tarihinin-en-yuksek-seviyesine-cikacak\/124097#primaryimage"},"image":{"@id":"https:\/\/corludahaber.com\/h\/tekirdaga-284-hekim-atamasi-uzman-hekim-sayisi-tarihinin-en-yuksek-seviyesine-cikacak\/124097#primaryimage"},"thumbnailUrl":"https:\/\/corludahaber.com\/h\/wp-content\/uploads\/2026\/09\/resized_f83ef-2bf0721asagcc86lc4b1kbakanlc4b1gcc86c4b1doktoratamasc4b1nezaman.jpg","datePublished":"2026-09-01T05:17:32+00:00","dateModified":"2026-09-01T05:17:32+00:00","description":"Tekirda\u011f\u2019a 284 Hekim Atamas\u0131: Uzman Hekim Say\u0131s\u0131 Tarihinin En Y\u00fcksek Seviyesine \u00c7\u0131kacak | Ya\u015fam \u00c7orlu&#039;da Haber","breadcrumb":{"@id":"https:\/\/corludahaber.com\/h\/tekirdaga-284-hekim-atamasi-uzman-hekim-sayisi-tarihinin-en-yuksek-seviyesine-cikacak\/124097#breadcrumb"},"inLanguage":"tr","potentialAction":[{"@type":"ReadAction","target":["https:\/\/corludahaber.com\/h\/tekirdaga-284-hekim-atamasi-uzman-hekim-sayisi-tarihinin-en-yuksek-seviyesine-cikacak\/124097"]}]},{"@type":"ImageObject","inLanguage":"tr","@id":"https:\/\/corludahaber.com\/h\/tekirdaga-284-hekim-atamasi-uzman-hekim-sayisi-tarihinin-en-yuksek-seviyesine-cikacak\/124097#primaryimage","url":"https:\/\/corludahaber.com\/h\/wp-content\/uploads\/2026\/09\/resized_f83ef-2bf0721asagcc86lc4b1kbakanlc4b1gcc86c4b1doktoratamasc4b1nezaman.jpg","contentUrl":"https:\/\/corludahaber.com\/h\/wp-content\/uploads\/2026\/09\/resized_f83ef-2bf0721asagcc86lc4b1kbakanlc4b1gcc86c4b1doktoratamasc4b1nezaman.jpg","width":640,"height":358},{"@type":"BreadcrumbList","@id":"https:\/\/corludahaber.com\/h\/tekirdaga-284-hekim-atamasi-uzman-hekim-sayisi-tarihinin-en-yuksek-seviyesine-cikacak\/124097#breadcrumb","itemListElement":[{"@type":"ListItem","position":1,"name":"Anasayfa","item":"https:\/\/corludahaber.com\/h\/anasayfa"},{"@type":"ListItem","position":2,"name":"Ya\u015fam","item":"https:\/\/corludahaber.com\/h\/kategori\/yasam"},{"@type":"ListItem","position":3,"name":"Tekirda\u011f\u2019a 284 Hekim Atamas\u0131: Uzman Hekim Say\u0131s\u0131 Tarihinin En Y\u00fcksek Seviyesine \u00c7\u0131kacak"}]},{"@type":"WebSite","@id":"https:\/\/corludahaber.com\/h\/#website","url":"https:\/\/corludahaber.com\/h\/","name":"\u00c7orlu'da Haber","description":"Ger\u00e7ek Tarafs\u0131z Haber","publisher":{"@id":"https:\/\/corludahaber.com\/h\/#organization"},"potentialAction":[{"@type":"SearchAction","target":{"@type":"EntryPoint","urlTemplate":"https:\/\/corludahaber.com\/h\/?s={search_term_string}"},"query-input":"required name=search_term_string"}],"inLanguage":"tr"},{"@type":"Organization","@id":"https:\/\/corludahaber.com\/h\/#organization","name":"\u00c7orlu'da Haber","url":"https:\/\/corludahaber.com\/h\/","logo":{"@type":"ImageObject","inLanguage":"tr","@id":"https:\/\/corludahaber.com\/h\/#\/schema\/logo\/image\/","url":"https:\/\/corludahaber.com\/h\/wp-content\/uploads\/2021\/12\/logo__9__1_-removebg-preview.png","contentUrl":"https:\/\/corludahaber.com\/h\/wp-content\/uploads\/2021\/12\/logo__9__1_-removebg-preview.png","width":500,"height":157,"caption":"\u00c7orlu'da Haber"},"image":{"@id":"https:\/\/corludahaber.com\/h\/#\/schema\/logo\/image\/"},"sameAs":["https:\/\/facebook.com\/habercorluda","https:\/\/x.com\/habercorluda","https:\/\/www.instagram.com\/corludahaber","https:\/\/www.youtube.com\/user\/corludahaber"]},{"@type":"Person","@id":"https:\/\/corludahaber.com\/h\/#\/schema\/person\/b523522be44b062db5d74a62589768cd","name":"\u00c7orlu'da Haber","image":{"@type":"ImageObject","inLanguage":"tr","@id":"https:\/\/corludahaber.com\/h\/#\/schema\/person\/image\/","url":"https:\/\/secure.gravatar.com\/avatar\/1033e54e078c29fd7f053370086ff627ba414b05c2b231c418a481adecd764ce?s=96&d=blank&r=g","contentUrl":"https:\/\/secure.gravatar.com\/avatar\/1033e54e078c29fd7f053370086ff627ba414b05c2b231c418a481adecd764ce?s=96&d=blank&r=g","caption":"\u00c7orlu'da Haber"},"sameAs":["https:\/\/corludahaber.com\/h"],"url":"https:\/\/corludahaber.com\/h\/author\/admin"}]}},"_links":{"self":[{"href":"https:\/\/corludahaber.com\/h\/wp-json\/wp\/v2\/posts\/124097","targetHints":{"allow":["GET"]}}],"collection":[{"href":"https:\/\/corludahaber.com\/h\/wp-json\/wp\/v2\/posts"}],"about":[{"href":"https:\/\/corludahaber.com\/h\/wp-json\/wp\/v2\/types\/post"}],"author":[{"embeddable":true,"href":"https:\/\/corludahaber.com\/h\/wp-json\/wp\/v2\/users\/151"}],"replies":[{"embeddable":true,"href":"https:\/\/corludahaber.com\/h\/wp-json\/wp\/v2\/comments?post=124097"}],"version-history":[{"count":1,"href":"https:\/\/corludahaber.com\/h\/wp-json\/wp\/v2\/posts\/124097\/revisions"}],"predecessor-version":[{"id":124099,"href":"https:\/\/corludahaber.com\/h\/wp-json\/wp\/v2\/posts\/124097\/revisions\/124099"}],"wp:featuredmedia":[{"embeddable":true,"href":"https:\/\/corludahaber.com\/h\/wp-json\/wp\/v2\/media\/124098"}],"wp:attachment":[{"href":"https:\/\/corludahaber.com\/h\/wp-json\/wp\/v2\/media?parent=124097"}],"wp:term":[{"taxonomy":"category","embeddable":true,"href":"https:\/\/corludahaber.com\/h\/wp-json\/wp\/v2\/categories?post=124097"},{"taxonomy":"post_tag","embeddable":true,"href":"https:\/\/corludahaber.com\/h\/wp-json\/wp\/v2\/tags?post=124097"}],"curies":[{"name":"wp","href":"https:\/\/api.w.org\/{rel}","templated":true}]}}