{"id":124091,"date":"2026-09-01T00:42:14","date_gmt":"2026-08-31T21:42:14","guid":{"rendered":"https:\/\/corludahaber.com\/h\/tekirdagli-balikcilar-dualar-ve-havai-fisek-gosterileriyle-denize-acildi\/124091"},"modified":"2026-09-01T00:42:57","modified_gmt":"2026-08-31T21:42:57","slug":"tekirdagli-balikcilar-dualar-ve-havai-fisek-gosterileriyle-denize-acildi","status":"publish","type":"post","link":"https:\/\/corludahaber.com\/h\/tekirdagli-balikcilar-dualar-ve-havai-fisek-gosterileriyle-denize-acildi\/124091","title":{"rendered":"Tekirda\u011fl\u0131 bal\u0131k\u00e7\u0131lar, dualar ve havai fi\u015fek g\u00f6sterileriyle denize a\u00e7\u0131ld\u0131"},"content":{"rendered":"<div class=\"corlu-icerikten-once_3\" id=\"corlu-2015862947\"><script type='text\/javascript' src='https:\/\/platform-api.sharethis.com\/js\/sharethis.js#property=5ce8cf08af7d000012cb0ca1&product=inline-reaction-buttons' async='async'><\/script>\r\n\r\n<\/div><div readability=\"94\"><span class=\"category-name hidden\"><\/span><\/p><div class=\"corlu-icerik-2\" id=\"corlu-1991883147\"><!-- Admatic AUTO ads START -->\r\n<ins data-publisher=\"adm-pub-155556240050\" data-ad-network=\"659428a24d11b285b616c18d\"   class=\"adm-ads-area\"><\/ins>\r\n<script type=\"text\/javascript\" src=\"https:\/\/static.cdn.admatic.com.tr\/showad\/showad.min.js\"><\/script>\r\n<!-- Admatic AUTO ads END --><\/div>\n<p> \/ TEK\u0130RDA\u011e, (Haber Merkezi)- TEK\u0130RDA\u011e&#8217;da, yeni av sezonun ba\u015flamas\u0131yla birlikte bal\u0131k\u00e7\u0131lar, havai fi\u015fek g\u00f6sterileri ve dualarla &#8216;Vira bismillah&#8217; diyerek denize a\u00e7\u0131ld\u0131.<\/p>\n<p>Denizlerimizde bal\u0131k av\u0131 yasa\u011f\u0131n\u0131n sona ermesi nedeniyle Tekirda\u011f B\u00fcy\u00fck\u015fehir Belediyesi taraf\u0131ndan S\u00fcleymanpa\u015fa il\u00e7esi Kumba\u011f Mahallesi Liman\u0131&#8217;nda t\u00f6ren d\u00fczenlendi. Bal\u0131k\u00e7\u0131l\u0131k sekt\u00f6r\u00fcn\u00fcn ve Tekirda\u011f&#8217;\u0131n denizle olan ba\u011f\u0131n\u0131n \u00f6nemine dikkat \u00e7ekildi\u011fi programa B\u00fcy\u00fck\u015fehir Belediye Ba\u015fkan\u0131 Candan Y\u00fcceer, S\u00fcleymanpa\u015fa Belediye Ba\u015fkan\u0131 Volkan Nallar, bal\u0131k\u00e7\u0131lar, aileleri ve vatanda\u015flar kat\u0131ld\u0131. Sayg\u0131 duru\u015fu ve \u0130stiklal Mar\u015f\u0131 okunmas\u0131n\u0131n ard\u0131ndan davetlilere 1500 bal\u0131k ekmek da\u011f\u0131t\u0131ld\u0131\u011f\u0131 programda konu\u015fan Kumba\u011f Su \u00dcr\u00fcnleri Kooperatifi Ba\u015fkan\u0131 \u00d6zer Bilge, &#8220;Bu sene \u00e7ok umutluyuz. Palamut bal\u0131\u011f\u0131 bol g\u00f6steriyor. Allah nasip k\u0131smet ederse, nasibimiz varsa bol, iyi bir sene bekliyoruz, hay\u0131rl\u0131s\u0131na bakal\u0131m. A\u00e7\u0131l\u0131\u015f\u0131m\u0131z\u0131 yapt\u0131ktan sonra teknelerimiz &#8216;Vira Bismillah&#8217; deyip a\u00e7\u0131lacaklar. Karadeniz&#8217;de \u00e7ok bol miktarda palamut g\u00f6z\u00fck\u00fcyor. \u0130n\u015fallah arkas\u0131ndan l\u00fcfer de olur, hamsi, hepsini bekliyoruz. Hay\u0131rl\u0131s\u0131 ama palamut \u00e7ok g\u00f6z\u00fck\u00fcyor. Temennimiz, halk\u0131m\u0131z\u0131n da ucuz bal\u0131k yemesi. Vatan\u0131m\u0131za, milletimize, herkese hay\u0131rl\u0131 olsun sezonumuz&#8221; dedi.<\/p>\n<p>S\u00fcleymanpa\u015fa Belediye Ba\u015fkan\u0131 Volkan Nallar ise bal\u0131k\u00e7\u0131l\u0131\u011f\u0131n sab\u0131r, emek ve cesaret gerektirdi\u011fini belirterek, &#8220;Bazen gecenin karanl\u0131\u011f\u0131nda, bazen dalgada, bazen denizde ailesinin r\u0131zk\u0131 i\u00e7in teknesine atlay\u0131p denize a\u00e7\u0131lan bal\u0131k\u00e7\u0131 karde\u015flerimizin verdi\u011fi m\u00fccadele ger\u00e7ekten \u00e7ok k\u0131ymetlidir. Bizler S\u00fcleymanpa\u015fa Belediyesi olarak, eme\u011fin ve al\u0131n terinin her zaman yan\u0131nda olduk, olmaya devam edece\u011fiz. \u00c7\u00fcnk\u00fc Kumba\u011f demek deniz demek, deniz demek emek demek bereket demek&#8221; diye konu\u015ftu.<\/p>\n<p>&#8216;R\u00dcZGARINIZ KOLAYINA, A\u011eINIZ DOLU OLSUN&#8217;<\/p>\n<p>Tekirda\u011f B\u00fcy\u00fck\u015fehir Belediye Ba\u015fkan\u0131 Candan Y\u00fcceer de bal\u0131k\u00e7\u0131larla birlikte yeni av sezonunu kar\u015f\u0131lamaktan memnun oldu\u011funu s\u00f6yledi. Y\u00fcceer, &#8220;Ge\u00e7en y\u0131l da bug\u00fcn, bug\u00fcn buradayd\u0131k. O zaman da \u00e7ok keyifliydi sizlerle olmak, bal\u0131k av\u0131 sezonunu a\u00e7mak, &#8216;Vira Bismillah&#8217; demek, dua etmek, &#8216;Bu y\u0131l bereketli olsun&#8217; demek bizler i\u00e7in \u00e7ok k\u0131ymetli. Hem bal\u0131\u011f\u0131n ne kadar k\u0131ymetli oldu\u011funu, ayn\u0131 zamanda da yeni av sezonunu birlikte kar\u015f\u0131lay\u0131p in\u015fallah bal\u0131k\u00e7\u0131 esnaf\u0131m\u0131za &#8216;Vira Bismillah&#8217; diyerek, dua ederek, bereketli olmas\u0131n\u0131 dilemek i\u00e7in buraday\u0131z. Biz bu vesileyle de mavi g\u00f6zl\u00fc \u015fehrimiz Tekirda\u011f\u0131m\u0131z\u0131n ruhunu ya\u015fatan bal\u0131k\u00e7\u0131 esnaf\u0131m\u0131za bug\u00fcn &#8216;Vira Bismillah&#8217; deyip bu y\u0131l\u0131n in\u015fallah bal\u0131k av\u0131 sezonunu hep beraber ba\u015flataca\u011f\u0131z. R\u00fczgar\u0131n\u0131z kolay\u0131na, deniziniz sakin, a\u011f\u0131n\u0131z dolu, kazanc\u0131n\u0131z bereketli olsun. Vira Bismillah diyorum&#8221; ifadelerini kulland\u0131.<\/p>\n<p>Protokol konu\u015fmalar\u0131n\u0131n ard\u0131ndan temsili bal\u0131k\u00e7\u0131 k\u0131yafeti da\u011f\u0131t\u0131m\u0131na ge\u00e7ildi. Yeni sezonda kullan\u0131lmak \u00fczere bal\u0131k\u00e7\u0131lara tulum ve \u00e7izmeleri, ba\u015fkan Y\u00fcceer ve protokol \u00fcyeleri taraf\u0131ndan verildi.<\/p>\n<p>Program kapsam\u0131nda s\u00fcslenen tekneye protokol \u00fcyeleri ve bal\u0131k\u00e7\u0131lar bindi. Bal\u0131k\u00e7\u0131lar, dualar ve havai fi\u015fek g\u00f6sterileri aras\u0131nda denize a\u00e7\u0131ld\u0131. (Haber Merkezi)<\/p>\n<\/div>\n<div class=\"corlu-icerikten-sonra_3\" id=\"corlu-1287932298\"><p><img loading=\"lazy\" decoding=\"async\" class=\"aligncenter\" src=\"https:\/\/www.corludahaber.com\/bahcesehir.jpg\" alt=\"\" width=\"624\" height=\"196\" \/><\/p>\n<table style=\"text-align: left; width: 100%;\" border=\"1\" cellspacing=\"2\" cellpadding=\"2\">\n<tbody>\n<tr>\n<td style=\"background-color: #050805;\"><span style=\"font-size: 12pt;\"><small><small><em><strong><big><span style=\"color: #ff0000;\">Haber ve resimlerin telif haklar\u0131ndan dolay\u0131 kullan\u0131m\u0131 yasakt\u0131r<span style=\"color: #000000;\">.<\/span><\/span><span style=\"color: #000000;\">\u00a0<\/span><span style=\"color: #ffffff;\">Yaz\u0131l\u0131 izni al\u0131nmadan hi\u00e7bir yaz\u0131l\u0131, g\u00f6rsel, i\u015fitsel i\u00e7erik kopyalanamaz, de\u011fi\u015ftirilemez, yay\u0131nlanamaz veya sat\u0131lamaz. Aksi halde<\/span>\u00a0<span style=\"color: #ff0000;\">5846<span style=\"color: #ffffff;\">\u00a0<\/span><\/span><span style=\"color: #ffffff;\">say\u0131l\u0131 Fikir ve Sanat Eserleri Kanunu\u2019na ve<\/span>\u00a0<span style=\"color: #800000;\"><span style=\"color: #ff0000;\">6102<\/span><span style=\"color: #ffffff;\">\u00a0<\/span><\/span><span style=\"color: #ffffff;\">say\u0131l\u0131 maddesine g\u00f6re<\/span>\u00a0<span style=\"color: #ff0000;\">gerekli i\u015flemler uygulanacakt\u0131r.<\/span><br \/>\n<span style=\"color: #ffffff;\">\u00a9 Copyright 2014<\/span><\/big><\/strong><\/em><\/small><\/small><\/span><\/td>\n<\/tr>\n<\/tbody>\n<\/table>\n<p><small><small>\u00a0<\/small><\/small><\/p>\n<\/div>","protected":false},"excerpt":{"rendered":"<p>\/ TEK\u0130RDA\u011e, (Haber Merkezi)- TEK\u0130RDA\u011e&#8217;da, yeni av sezonun ba\u015flamas\u0131yla birlikte bal\u0131k\u00e7\u0131lar, havai fi\u015fek g\u00f6sterileri ve dualarla &#8216;Vira bismillah&#8217; diyerek denize a\u00e7\u0131ld\u0131. Denizlerimizde bal\u0131k av\u0131 yasa\u011f\u0131n\u0131n sona ermesi nedeniyle Tekirda\u011f B\u00fcy\u00fck\u015fehir Belediyesi taraf\u0131ndan S\u00fcleymanpa\u015fa il\u00e7esi Kumba\u011f Mahallesi Liman\u0131&#8217;nda t\u00f6ren d\u00fczenlendi. Bal\u0131k\u00e7\u0131l\u0131k sekt\u00f6r\u00fcn\u00fcn ve Tekirda\u011f&#8217;\u0131n denizle olan ba\u011f\u0131n\u0131n \u00f6nemine dikkat \u00e7ekildi\u011fi programa B\u00fcy\u00fck\u015fehir Belediye Ba\u015fkan\u0131 Candan Y\u00fcceer, &hellip;<\/p>\n","protected":false},"author":151,"featured_media":124094,"comment_status":"open","ping_status":"closed","sticky":false,"template":"","format":"standard","meta":{"footnotes":""},"categories":[27],"tags":[393,8025,714,9376,15478,715,36633,4019,4020,4018,3661,713,36634],"class_list":["post-124091","post","type-post","status-publish","format-standard","has-post-thumbnail","hentry","category-yasam","tag-acildi","tag-asayis","tag-balikcilar","tag-corlu-kaza","tag-corlu-son-dakika-kaza","tag-denize","tag-dualar","tag-fisek","tag-gosterileriyle","tag-havai","tag-son-dakika-kaza","tag-tekirdagli","tag-tekirdagli-balikcilar-dualar-ve-havai-fisek-gosterileriyle-denize-acildi"],"yoast_head":"<!-- This site is optimized with the Yoast SEO Premium plugin v23.3 (Yoast SEO v23.3) - https:\/\/yoast.com\/wordpress\/plugins\/seo\/ -->\n<title>Tekirda\u011fl\u0131 bal\u0131k\u00e7\u0131lar, dualar ve havai fi\u015fek g\u00f6sterileriyle denize a\u00e7\u0131ld\u0131 | \u00c7orlu&#039;da Haber<\/title>\n<meta name=\"description\" content=\"Tekirda\u011fl\u0131 bal\u0131k\u00e7\u0131lar, dualar ve havai fi\u015fek g\u00f6sterileriyle denize a\u00e7\u0131ld\u0131 | \u00c7orlu&#039;da Haber\" \/>\n<meta name=\"robots\" content=\"index, follow, max-snippet:-1, max-image-preview:large, max-video-preview:-1\" \/>\n<link rel=\"canonical\" href=\"https:\/\/corludahaber.com\/h\/tekirdagli-balikcilar-dualar-ve-havai-fisek-gosterileriyle-denize-acildi\/124091\" \/>\n<meta property=\"og:locale\" content=\"tr_TR\" \/>\n<meta property=\"og:type\" content=\"article\" \/>\n<meta property=\"og:title\" content=\"Tekirda\u011fl\u0131 bal\u0131k\u00e7\u0131lar, dualar ve havai fi\u015fek g\u00f6sterileriyle denize a\u00e7\u0131ld\u0131 | \u00c7orlu&#039;da Haber\" \/>\n<meta property=\"og:description\" content=\"Tekirda\u011fl\u0131 bal\u0131k\u00e7\u0131lar, dualar ve havai fi\u015fek g\u00f6sterileriyle denize a\u00e7\u0131ld\u0131 | \u00c7orlu&#039;da Haber\" \/>\n<meta property=\"og:url\" content=\"https:\/\/corludahaber.com\/h\/tekirdagli-balikcilar-dualar-ve-havai-fisek-gosterileriyle-denize-acildi\/124091\" \/>\n<meta property=\"og:site_name\" content=\"\u00c7orlu&#039;da Haber\" \/>\n<meta property=\"article:publisher\" content=\"https:\/\/facebook.com\/habercorluda\" \/>\n<meta property=\"article:published_time\" content=\"2026-08-31T21:42:14+00:00\" \/>\n<meta property=\"article:modified_time\" content=\"2026-08-31T21:42:57+00:00\" \/>\n<meta property=\"og:image\" content=\"http:\/\/corludahaber.com\/h\/wp-content\/uploads\/2026\/09\/tekirdagli-balikcilar-dualar-ve-havai-fisek-gosterileriyle-denize-acildi_6a95f5569493c.jpeg\" \/>\n\t<meta property=\"og:image:width\" content=\"2300\" \/>\n\t<meta property=\"og:image:height\" content=\"1373\" \/>\n\t<meta property=\"og:image:type\" content=\"image\/jpeg\" \/>\n<meta name=\"author\" content=\"\u00c7orlu&#039;da Haber\" \/>\n<meta name=\"twitter:card\" content=\"summary_large_image\" \/>\n<meta name=\"twitter:creator\" content=\"@habercorluda\" \/>\n<meta name=\"twitter:site\" content=\"@habercorluda\" \/>\n<meta name=\"twitter:label1\" content=\"Yazan:\" \/>\n\t<meta name=\"twitter:data1\" content=\"\u00c7orlu&#039;da Haber\" \/>\n\t<meta name=\"twitter:label2\" content=\"Tahmini okuma s\u00fcresi\" \/>\n\t<meta name=\"twitter:data2\" content=\"3 dakika\" \/>\n<script type=\"application\/ld+json\" class=\"yoast-schema-graph\">{\"@context\":\"https:\/\/schema.org\",\"@graph\":[{\"@type\":\"Article\",\"@id\":\"https:\/\/corludahaber.com\/h\/tekirdagli-balikcilar-dualar-ve-havai-fisek-gosterileriyle-denize-acildi\/124091#article\",\"isPartOf\":{\"@id\":\"https:\/\/corludahaber.com\/h\/tekirdagli-balikcilar-dualar-ve-havai-fisek-gosterileriyle-denize-acildi\/124091\"},\"author\":{\"name\":\"\u00c7orlu'da Haber\",\"@id\":\"https:\/\/corludahaber.com\/h\/#\/schema\/person\/b523522be44b062db5d74a62589768cd\"},\"headline\":\"Tekirda\u011fl\u0131 bal\u0131k\u00e7\u0131lar, dualar ve havai fi\u015fek g\u00f6sterileriyle denize a\u00e7\u0131ld\u0131\",\"datePublished\":\"2026-08-31T21:42:14+00:00\",\"dateModified\":\"2026-08-31T21:42:57+00:00\",\"mainEntityOfPage\":{\"@id\":\"https:\/\/corludahaber.com\/h\/tekirdagli-balikcilar-dualar-ve-havai-fisek-gosterileriyle-denize-acildi\/124091\"},\"wordCount\":580,\"commentCount\":0,\"publisher\":{\"@id\":\"https:\/\/corludahaber.com\/h\/#organization\"},\"image\":{\"@id\":\"https:\/\/corludahaber.com\/h\/tekirdagli-balikcilar-dualar-ve-havai-fisek-gosterileriyle-denize-acildi\/124091#primaryimage\"},\"thumbnailUrl\":\"https:\/\/corludahaber.com\/h\/wp-content\/uploads\/2026\/09\/tekirdagli-balikcilar-dualar-ve-havai-fisek-gosterileriyle-denize-acildi_6a95f5569493c.jpeg\",\"keywords\":[\"A\u00e7\u0131ld\u0131\",\"asayi\u015f\",\"bal\u0131k\u00e7\u0131lar\",\"\u00c7orlu kaza\",\"\u00c7orlu son dakika kaza\",\"denize\",\"dualar\",\"fi\u015fek\",\"g\u00f6sterileriyle\",\"havai\",\"son dakika kaza\",\"Tekirda\u011fl\u0131\",\"Tekirda\u011fl\u0131 bal\u0131k\u00e7\u0131lar, dualar ve havai fi\u015fek g\u00f6sterileriyle denize a\u00e7\u0131ld\u0131\"],\"articleSection\":[\"Ya\u015fam\"],\"inLanguage\":\"tr\",\"potentialAction\":[{\"@type\":\"CommentAction\",\"name\":\"Comment\",\"target\":[\"https:\/\/corludahaber.com\/h\/tekirdagli-balikcilar-dualar-ve-havai-fisek-gosterileriyle-denize-acildi\/124091#respond\"]}]},{\"@type\":\"WebPage\",\"@id\":\"https:\/\/corludahaber.com\/h\/tekirdagli-balikcilar-dualar-ve-havai-fisek-gosterileriyle-denize-acildi\/124091\",\"url\":\"https:\/\/corludahaber.com\/h\/tekirdagli-balikcilar-dualar-ve-havai-fisek-gosterileriyle-denize-acildi\/124091\",\"name\":\"Tekirda\u011fl\u0131 bal\u0131k\u00e7\u0131lar, dualar ve havai fi\u015fek g\u00f6sterileriyle denize a\u00e7\u0131ld\u0131 | \u00c7orlu&#039;da Haber\",\"isPartOf\":{\"@id\":\"https:\/\/corludahaber.com\/h\/#website\"},\"primaryImageOfPage\":{\"@id\":\"https:\/\/corludahaber.com\/h\/tekirdagli-balikcilar-dualar-ve-havai-fisek-gosterileriyle-denize-acildi\/124091#primaryimage\"},\"image\":{\"@id\":\"https:\/\/corludahaber.com\/h\/tekirdagli-balikcilar-dualar-ve-havai-fisek-gosterileriyle-denize-acildi\/124091#primaryimage\"},\"thumbnailUrl\":\"https:\/\/corludahaber.com\/h\/wp-content\/uploads\/2026\/09\/tekirdagli-balikcilar-dualar-ve-havai-fisek-gosterileriyle-denize-acildi_6a95f5569493c.jpeg\",\"datePublished\":\"2026-08-31T21:42:14+00:00\",\"dateModified\":\"2026-08-31T21:42:57+00:00\",\"description\":\"Tekirda\u011fl\u0131 bal\u0131k\u00e7\u0131lar, dualar ve havai fi\u015fek g\u00f6sterileriyle denize a\u00e7\u0131ld\u0131 | \u00c7orlu&#039;da Haber\",\"breadcrumb\":{\"@id\":\"https:\/\/corludahaber.com\/h\/tekirdagli-balikcilar-dualar-ve-havai-fisek-gosterileriyle-denize-acildi\/124091#breadcrumb\"},\"inLanguage\":\"tr\",\"potentialAction\":[{\"@type\":\"ReadAction\",\"target\":[\"https:\/\/corludahaber.com\/h\/tekirdagli-balikcilar-dualar-ve-havai-fisek-gosterileriyle-denize-acildi\/124091\"]}]},{\"@type\":\"ImageObject\",\"inLanguage\":\"tr\",\"@id\":\"https:\/\/corludahaber.com\/h\/tekirdagli-balikcilar-dualar-ve-havai-fisek-gosterileriyle-denize-acildi\/124091#primaryimage\",\"url\":\"https:\/\/corludahaber.com\/h\/wp-content\/uploads\/2026\/09\/tekirdagli-balikcilar-dualar-ve-havai-fisek-gosterileriyle-denize-acildi_6a95f5569493c.jpeg\",\"contentUrl\":\"https:\/\/corludahaber.com\/h\/wp-content\/uploads\/2026\/09\/tekirdagli-balikcilar-dualar-ve-havai-fisek-gosterileriyle-denize-acildi_6a95f5569493c.jpeg\",\"width\":2300,\"height\":1373},{\"@type\":\"BreadcrumbList\",\"@id\":\"https:\/\/corludahaber.com\/h\/tekirdagli-balikcilar-dualar-ve-havai-fisek-gosterileriyle-denize-acildi\/124091#breadcrumb\",\"itemListElement\":[{\"@type\":\"ListItem\",\"position\":1,\"name\":\"Anasayfa\",\"item\":\"https:\/\/corludahaber.com\/h\/anasayfa\"},{\"@type\":\"ListItem\",\"position\":2,\"name\":\"Ya\u015fam\",\"item\":\"https:\/\/corludahaber.com\/h\/kategori\/yasam\"},{\"@type\":\"ListItem\",\"position\":3,\"name\":\"Tekirda\u011fl\u0131 bal\u0131k\u00e7\u0131lar, dualar ve havai fi\u015fek g\u00f6sterileriyle denize a\u00e7\u0131ld\u0131\"}]},{\"@type\":\"WebSite\",\"@id\":\"https:\/\/corludahaber.com\/h\/#website\",\"url\":\"https:\/\/corludahaber.com\/h\/\",\"name\":\"\u00c7orlu'da Haber\",\"description\":\"Ger\u00e7ek Tarafs\u0131z Haber\",\"publisher\":{\"@id\":\"https:\/\/corludahaber.com\/h\/#organization\"},\"potentialAction\":[{\"@type\":\"SearchAction\",\"target\":{\"@type\":\"EntryPoint\",\"urlTemplate\":\"https:\/\/corludahaber.com\/h\/?s={search_term_string}\"},\"query-input\":\"required name=search_term_string\"}],\"inLanguage\":\"tr\"},{\"@type\":\"Organization\",\"@id\":\"https:\/\/corludahaber.com\/h\/#organization\",\"name\":\"\u00c7orlu'da Haber\",\"url\":\"https:\/\/corludahaber.com\/h\/\",\"logo\":{\"@type\":\"ImageObject\",\"inLanguage\":\"tr\",\"@id\":\"https:\/\/corludahaber.com\/h\/#\/schema\/logo\/image\/\",\"url\":\"https:\/\/corludahaber.com\/h\/wp-content\/uploads\/2021\/12\/logo__9__1_-removebg-preview.png\",\"contentUrl\":\"https:\/\/corludahaber.com\/h\/wp-content\/uploads\/2021\/12\/logo__9__1_-removebg-preview.png\",\"width\":500,\"height\":157,\"caption\":\"\u00c7orlu'da Haber\"},\"image\":{\"@id\":\"https:\/\/corludahaber.com\/h\/#\/schema\/logo\/image\/\"},\"sameAs\":[\"https:\/\/facebook.com\/habercorluda\",\"https:\/\/x.com\/habercorluda\",\"https:\/\/www.instagram.com\/corludahaber\",\"https:\/\/www.youtube.com\/user\/corludahaber\"]},{\"@type\":\"Person\",\"@id\":\"https:\/\/corludahaber.com\/h\/#\/schema\/person\/b523522be44b062db5d74a62589768cd\",\"name\":\"\u00c7orlu'da Haber\",\"image\":{\"@type\":\"ImageObject\",\"inLanguage\":\"tr\",\"@id\":\"https:\/\/corludahaber.com\/h\/#\/schema\/person\/image\/\",\"url\":\"https:\/\/secure.gravatar.com\/avatar\/1033e54e078c29fd7f053370086ff627ba414b05c2b231c418a481adecd764ce?s=96&d=blank&r=g\",\"contentUrl\":\"https:\/\/secure.gravatar.com\/avatar\/1033e54e078c29fd7f053370086ff627ba414b05c2b231c418a481adecd764ce?s=96&d=blank&r=g\",\"caption\":\"\u00c7orlu'da Haber\"},\"sameAs\":[\"https:\/\/corludahaber.com\/h\"],\"url\":\"https:\/\/corludahaber.com\/h\/author\/admin\"}]}<\/script>\n<!-- \/ Yoast SEO Premium plugin. -->","yoast_head_json":{"title":"Tekirda\u011fl\u0131 bal\u0131k\u00e7\u0131lar, dualar ve havai fi\u015fek g\u00f6sterileriyle denize a\u00e7\u0131ld\u0131 | \u00c7orlu&#039;da Haber","description":"Tekirda\u011fl\u0131 bal\u0131k\u00e7\u0131lar, dualar ve havai fi\u015fek g\u00f6sterileriyle denize a\u00e7\u0131ld\u0131 | \u00c7orlu&#039;da Haber","robots":{"index":"index","follow":"follow","max-snippet":"max-snippet:-1","max-image-preview":"max-image-preview:large","max-video-preview":"max-video-preview:-1"},"canonical":"https:\/\/corludahaber.com\/h\/tekirdagli-balikcilar-dualar-ve-havai-fisek-gosterileriyle-denize-acildi\/124091","og_locale":"tr_TR","og_type":"article","og_title":"Tekirda\u011fl\u0131 bal\u0131k\u00e7\u0131lar, dualar ve havai fi\u015fek g\u00f6sterileriyle denize a\u00e7\u0131ld\u0131 | \u00c7orlu&#039;da Haber","og_description":"Tekirda\u011fl\u0131 bal\u0131k\u00e7\u0131lar, dualar ve havai fi\u015fek g\u00f6sterileriyle denize a\u00e7\u0131ld\u0131 | \u00c7orlu&#039;da Haber","og_url":"https:\/\/corludahaber.com\/h\/tekirdagli-balikcilar-dualar-ve-havai-fisek-gosterileriyle-denize-acildi\/124091","og_site_name":"\u00c7orlu&#039;da Haber","article_publisher":"https:\/\/facebook.com\/habercorluda","article_published_time":"2026-08-31T21:42:14+00:00","article_modified_time":"2026-08-31T21:42:57+00:00","og_image":[{"width":2300,"height":1373,"url":"http:\/\/corludahaber.com\/h\/wp-content\/uploads\/2026\/09\/tekirdagli-balikcilar-dualar-ve-havai-fisek-gosterileriyle-denize-acildi_6a95f5569493c.jpeg","type":"image\/jpeg"}],"author":"\u00c7orlu'da Haber","twitter_card":"summary_large_image","twitter_creator":"@habercorluda","twitter_site":"@habercorluda","twitter_misc":{"Yazan:":"\u00c7orlu'da Haber","Tahmini okuma s\u00fcresi":"3 dakika"},"schema":{"@context":"https:\/\/schema.org","@graph":[{"@type":"Article","@id":"https:\/\/corludahaber.com\/h\/tekirdagli-balikcilar-dualar-ve-havai-fisek-gosterileriyle-denize-acildi\/124091#article","isPartOf":{"@id":"https:\/\/corludahaber.com\/h\/tekirdagli-balikcilar-dualar-ve-havai-fisek-gosterileriyle-denize-acildi\/124091"},"author":{"name":"\u00c7orlu'da Haber","@id":"https:\/\/corludahaber.com\/h\/#\/schema\/person\/b523522be44b062db5d74a62589768cd"},"headline":"Tekirda\u011fl\u0131 bal\u0131k\u00e7\u0131lar, dualar ve havai fi\u015fek g\u00f6sterileriyle denize a\u00e7\u0131ld\u0131","datePublished":"2026-08-31T21:42:14+00:00","dateModified":"2026-08-31T21:42:57+00:00","mainEntityOfPage":{"@id":"https:\/\/corludahaber.com\/h\/tekirdagli-balikcilar-dualar-ve-havai-fisek-gosterileriyle-denize-acildi\/124091"},"wordCount":580,"commentCount":0,"publisher":{"@id":"https:\/\/corludahaber.com\/h\/#organization"},"image":{"@id":"https:\/\/corludahaber.com\/h\/tekirdagli-balikcilar-dualar-ve-havai-fisek-gosterileriyle-denize-acildi\/124091#primaryimage"},"thumbnailUrl":"https:\/\/corludahaber.com\/h\/wp-content\/uploads\/2026\/09\/tekirdagli-balikcilar-dualar-ve-havai-fisek-gosterileriyle-denize-acildi_6a95f5569493c.jpeg","keywords":["A\u00e7\u0131ld\u0131","asayi\u015f","bal\u0131k\u00e7\u0131lar","\u00c7orlu kaza","\u00c7orlu son dakika kaza","denize","dualar","fi\u015fek","g\u00f6sterileriyle","havai","son dakika kaza","Tekirda\u011fl\u0131","Tekirda\u011fl\u0131 bal\u0131k\u00e7\u0131lar, dualar ve havai fi\u015fek g\u00f6sterileriyle denize a\u00e7\u0131ld\u0131"],"articleSection":["Ya\u015fam"],"inLanguage":"tr","potentialAction":[{"@type":"CommentAction","name":"Comment","target":["https:\/\/corludahaber.com\/h\/tekirdagli-balikcilar-dualar-ve-havai-fisek-gosterileriyle-denize-acildi\/124091#respond"]}]},{"@type":"WebPage","@id":"https:\/\/corludahaber.com\/h\/tekirdagli-balikcilar-dualar-ve-havai-fisek-gosterileriyle-denize-acildi\/124091","url":"https:\/\/corludahaber.com\/h\/tekirdagli-balikcilar-dualar-ve-havai-fisek-gosterileriyle-denize-acildi\/124091","name":"Tekirda\u011fl\u0131 bal\u0131k\u00e7\u0131lar, dualar ve havai fi\u015fek g\u00f6sterileriyle denize a\u00e7\u0131ld\u0131 | \u00c7orlu&#039;da Haber","isPartOf":{"@id":"https:\/\/corludahaber.com\/h\/#website"},"primaryImageOfPage":{"@id":"https:\/\/corludahaber.com\/h\/tekirdagli-balikcilar-dualar-ve-havai-fisek-gosterileriyle-denize-acildi\/124091#primaryimage"},"image":{"@id":"https:\/\/corludahaber.com\/h\/tekirdagli-balikcilar-dualar-ve-havai-fisek-gosterileriyle-denize-acildi\/124091#primaryimage"},"thumbnailUrl":"https:\/\/corludahaber.com\/h\/wp-content\/uploads\/2026\/09\/tekirdagli-balikcilar-dualar-ve-havai-fisek-gosterileriyle-denize-acildi_6a95f5569493c.jpeg","datePublished":"2026-08-31T21:42:14+00:00","dateModified":"2026-08-31T21:42:57+00:00","description":"Tekirda\u011fl\u0131 bal\u0131k\u00e7\u0131lar, dualar ve havai fi\u015fek g\u00f6sterileriyle denize a\u00e7\u0131ld\u0131 | \u00c7orlu&#039;da Haber","breadcrumb":{"@id":"https:\/\/corludahaber.com\/h\/tekirdagli-balikcilar-dualar-ve-havai-fisek-gosterileriyle-denize-acildi\/124091#breadcrumb"},"inLanguage":"tr","potentialAction":[{"@type":"ReadAction","target":["https:\/\/corludahaber.com\/h\/tekirdagli-balikcilar-dualar-ve-havai-fisek-gosterileriyle-denize-acildi\/124091"]}]},{"@type":"ImageObject","inLanguage":"tr","@id":"https:\/\/corludahaber.com\/h\/tekirdagli-balikcilar-dualar-ve-havai-fisek-gosterileriyle-denize-acildi\/124091#primaryimage","url":"https:\/\/corludahaber.com\/h\/wp-content\/uploads\/2026\/09\/tekirdagli-balikcilar-dualar-ve-havai-fisek-gosterileriyle-denize-acildi_6a95f5569493c.jpeg","contentUrl":"https:\/\/corludahaber.com\/h\/wp-content\/uploads\/2026\/09\/tekirdagli-balikcilar-dualar-ve-havai-fisek-gosterileriyle-denize-acildi_6a95f5569493c.jpeg","width":2300,"height":1373},{"@type":"BreadcrumbList","@id":"https:\/\/corludahaber.com\/h\/tekirdagli-balikcilar-dualar-ve-havai-fisek-gosterileriyle-denize-acildi\/124091#breadcrumb","itemListElement":[{"@type":"ListItem","position":1,"name":"Anasayfa","item":"https:\/\/corludahaber.com\/h\/anasayfa"},{"@type":"ListItem","position":2,"name":"Ya\u015fam","item":"https:\/\/corludahaber.com\/h\/kategori\/yasam"},{"@type":"ListItem","position":3,"name":"Tekirda\u011fl\u0131 bal\u0131k\u00e7\u0131lar, dualar ve havai fi\u015fek g\u00f6sterileriyle denize a\u00e7\u0131ld\u0131"}]},{"@type":"WebSite","@id":"https:\/\/corludahaber.com\/h\/#website","url":"https:\/\/corludahaber.com\/h\/","name":"\u00c7orlu'da Haber","description":"Ger\u00e7ek Tarafs\u0131z Haber","publisher":{"@id":"https:\/\/corludahaber.com\/h\/#organization"},"potentialAction":[{"@type":"SearchAction","target":{"@type":"EntryPoint","urlTemplate":"https:\/\/corludahaber.com\/h\/?s={search_term_string}"},"query-input":"required name=search_term_string"}],"inLanguage":"tr"},{"@type":"Organization","@id":"https:\/\/corludahaber.com\/h\/#organization","name":"\u00c7orlu'da Haber","url":"https:\/\/corludahaber.com\/h\/","logo":{"@type":"ImageObject","inLanguage":"tr","@id":"https:\/\/corludahaber.com\/h\/#\/schema\/logo\/image\/","url":"https:\/\/corludahaber.com\/h\/wp-content\/uploads\/2021\/12\/logo__9__1_-removebg-preview.png","contentUrl":"https:\/\/corludahaber.com\/h\/wp-content\/uploads\/2021\/12\/logo__9__1_-removebg-preview.png","width":500,"height":157,"caption":"\u00c7orlu'da Haber"},"image":{"@id":"https:\/\/corludahaber.com\/h\/#\/schema\/logo\/image\/"},"sameAs":["https:\/\/facebook.com\/habercorluda","https:\/\/x.com\/habercorluda","https:\/\/www.instagram.com\/corludahaber","https:\/\/www.youtube.com\/user\/corludahaber"]},{"@type":"Person","@id":"https:\/\/corludahaber.com\/h\/#\/schema\/person\/b523522be44b062db5d74a62589768cd","name":"\u00c7orlu'da Haber","image":{"@type":"ImageObject","inLanguage":"tr","@id":"https:\/\/corludahaber.com\/h\/#\/schema\/person\/image\/","url":"https:\/\/secure.gravatar.com\/avatar\/1033e54e078c29fd7f053370086ff627ba414b05c2b231c418a481adecd764ce?s=96&d=blank&r=g","contentUrl":"https:\/\/secure.gravatar.com\/avatar\/1033e54e078c29fd7f053370086ff627ba414b05c2b231c418a481adecd764ce?s=96&d=blank&r=g","caption":"\u00c7orlu'da Haber"},"sameAs":["https:\/\/corludahaber.com\/h"],"url":"https:\/\/corludahaber.com\/h\/author\/admin"}]}},"_links":{"self":[{"href":"https:\/\/corludahaber.com\/h\/wp-json\/wp\/v2\/posts\/124091","targetHints":{"allow":["GET"]}}],"collection":[{"href":"https:\/\/corludahaber.com\/h\/wp-json\/wp\/v2\/posts"}],"about":[{"href":"https:\/\/corludahaber.com\/h\/wp-json\/wp\/v2\/types\/post"}],"author":[{"embeddable":true,"href":"https:\/\/corludahaber.com\/h\/wp-json\/wp\/v2\/users\/151"}],"replies":[{"embeddable":true,"href":"https:\/\/corludahaber.com\/h\/wp-json\/wp\/v2\/comments?post=124091"}],"version-history":[{"count":1,"href":"https:\/\/corludahaber.com\/h\/wp-json\/wp\/v2\/posts\/124091\/revisions"}],"predecessor-version":[{"id":124096,"href":"https:\/\/corludahaber.com\/h\/wp-json\/wp\/v2\/posts\/124091\/revisions\/124096"}],"wp:featuredmedia":[{"embeddable":true,"href":"https:\/\/corludahaber.com\/h\/wp-json\/wp\/v2\/media\/124094"}],"wp:attachment":[{"href":"https:\/\/corludahaber.com\/h\/wp-json\/wp\/v2\/media?parent=124091"}],"wp:term":[{"taxonomy":"category","embeddable":true,"href":"https:\/\/corludahaber.com\/h\/wp-json\/wp\/v2\/categories?post=124091"},{"taxonomy":"post_tag","embeddable":true,"href":"https:\/\/corludahaber.com\/h\/wp-json\/wp\/v2\/tags?post=124091"}],"curies":[{"name":"wp","href":"https:\/\/api.w.org\/{rel}","templated":true}]}}