{"id":124088,"date":"2026-08-31T22:16:44","date_gmt":"2026-08-31T19:16:44","guid":{"rendered":"https:\/\/corludahaber.com\/h\/?p=124088"},"modified":"2026-08-31T22:16:44","modified_gmt":"2026-08-31T19:16:44","slug":"hurmuzdeki-belirsizlik-korfez-lojistigini-yeniden-sekillendiriyor-hiper-lojistik-karayolunu-one-cikariyor","status":"publish","type":"post","link":"https:\/\/corludahaber.com\/h\/hurmuzdeki-belirsizlik-korfez-lojistigini-yeniden-sekillendiriyor-hiper-lojistik-karayolunu-one-cikariyor\/124088","title":{"rendered":"H\u00fcrm\u00fcz\u2019deki Belirsizlik K\u00f6rfez Lojisti\u011fini Yeniden \u015eekillendiriyor: Hiper Lojistik Karayolunu \u00d6ne \u00c7\u0131kar\u0131yor"},"content":{"rendered":"<div class=\"corlu-icerikten-once_3\" id=\"corlu-3250563653\"><script type='text\/javascript' src='https:\/\/platform-api.sharethis.com\/js\/sharethis.js#property=5ce8cf08af7d000012cb0ca1&product=inline-reaction-buttons' async='async'><\/script>\r\n\r\n<\/div><h1>H\u00fcrm\u00fcz\u2019deki Belirsizlik K\u00f6rfez Lojisti\u011fini Yeniden \u015eekillendiriyor: Hiper Lojistik Karayolunu \u00d6ne \u00c7\u0131kar\u0131yor<\/h1>\n<p>K\u00f6rfez hatt\u0131nda lojistik dengeler yeniden \u015fekilleniyor. H\u00fcrm\u00fcz Bo\u011faz\u0131\u2019nda ticari gemi trafi\u011finin normal seviyelerin olduk\u00e7a alt\u0131nda seyretmesi, b\u00f6lgeyle ticaret yapan \u015firketlerin ta\u015f\u0131ma planlar\u0131n\u0131 yeniden g\u00f6zden ge\u00e7irmesine neden oluyor. Son g\u00fcnlerde yay\u0131mlanan denizcilik verileri, bo\u011fazdaki hareketlili\u011fin h\u00e2l\u00e2 d\u00fc\u015f\u00fck oldu\u011funu ortaya koyarken, alternatif ula\u015f\u0131m koridorlar\u0131 lojistik sekt\u00f6r\u00fcn\u00fcn \u00f6nemli g\u00fcndem maddelerinden biri haline geliyor.<\/p><div class=\"corlu-icerik-2\" id=\"corlu-2405849692\"><!-- Admatic AUTO ads START -->\r\n<ins data-publisher=\"adm-pub-155556240050\" data-ad-network=\"659428a24d11b285b616c18d\"   class=\"adm-ads-area\"><\/ins>\r\n<script type=\"text\/javascript\" src=\"https:\/\/static.cdn.admatic.com.tr\/showad\/showad.min.js\"><\/script>\r\n<!-- Admatic AUTO ads END --><\/div>\n<p>T\u00fcrkiye a\u00e7\u0131s\u0131ndan de\u011ferlendirildi\u011finde ise geli\u015fmeler, K\u00f6rfez \u00fclkelerine ger\u00e7ekle\u015ftirilen sevkiyatlarda ta\u015f\u0131ma se\u00e7eneklerinin \u00e7e\u015fitlendirilmesinin \u00f6nemini art\u0131r\u0131yor. Hiper Lojistik, bu noktada karayolu ta\u015f\u0131mac\u0131l\u0131\u011f\u0131n\u0131 alternatif bir lojistik \u00e7\u00f6z\u00fcm olarak de\u011ferlendirerek T\u00fcrkiye ile K\u00f6rfez aras\u0131ndaki ticari ak\u0131\u015f\u0131n farkl\u0131 senaryolarla s\u00fcrd\u00fcr\u00fclebilmesine y\u00f6nelik operasyonlar planl\u0131yor.<\/p>\n<h2>H\u00fcrm\u00fcz\u2019deki Trafik D\u00fc\u015f\u00fc\u015f\u00fc Lojistik Sekt\u00f6r\u00fcn\u00fc Yak\u0131ndan \u0130lgilendiriyor<\/h2>\n<p>H\u00fcrm\u00fcz Bo\u011faz\u0131, K\u00f6rfez b\u00f6lgesinin d\u00fcnya ticaretine a\u00e7\u0131lan en kritik deniz ge\u00e7i\u015flerinden biri. B\u00f6lgede ya\u015fanan g\u00fcvenlik sorunlar\u0131 nedeniyle ticari gemilerin ge\u00e7i\u015f kararlar\u0131n\u0131 daha temkinli vermesi, deniz ta\u015f\u0131mac\u0131l\u0131\u011f\u0131nda belirsizli\u011fi art\u0131r\u0131yor.<\/p>\n<p>Kpler verilerine dayand\u0131r\u0131lan son haberlerde, baz\u0131 g\u00fcnlerde bo\u011fazdan ge\u00e7en ticari gemi say\u0131s\u0131n\u0131n yaln\u0131zca birka\u00e7 seviyesinde kald\u0131\u011f\u0131 belirtiliyor. Bununla birlikte AIS sistemlerini kapatan gemiler nedeniyle takip sistemlerinde g\u00f6r\u00fclen rakamlar\u0131n ger\u00e7ek deniz trafi\u011finin tamam\u0131n\u0131 yans\u0131tmayabilece\u011fi de vurgulan\u0131yor.<\/p>\n<p>Lojistik \u015firketleri a\u00e7\u0131s\u0131ndan bu tablo, yaln\u0131zca deniz ta\u015f\u0131mac\u0131l\u0131\u011f\u0131ndaki gecikme riskini de\u011fil, teslimat s\u00fcrelerinin ve maliyetlerin yeniden hesaplanmas\u0131n\u0131 da beraberinde getiriyor.<\/p>\n<h2>T\u00fcrkiye-K\u00f6rfez Hatt\u0131nda Karayolu Alternatifi \u00d6nem Kazan\u0131yor<\/h2>\n<p>Denizyolunda ya\u015fanan belirsizlikler, karayolu ta\u015f\u0131mac\u0131l\u0131\u011f\u0131n\u0131n b\u00f6lgesel ticaretteki rol\u00fcn\u00fc yeniden g\u00fcndeme getiriyor. Elbette her y\u00fck i\u00e7in ayn\u0131 ta\u015f\u0131ma modeli uygulanamayaca\u011f\u0131 gibi, karayolu da b\u00fct\u00fcn sevkiyatlar\u0131n otomatik alternatifi olarak g\u00f6r\u00fclmemeli.<\/p>\n<p>Bunun yerine y\u00fck\u00fcn cinsi, a\u011f\u0131rl\u0131\u011f\u0131, hacmi, y\u00fckleme ve teslimat noktalar\u0131, ara\u00e7 ihtiyac\u0131, s\u0131n\u0131r ge\u00e7i\u015fleri ve g\u00fcmr\u00fck prosed\u00fcrleri birlikte de\u011ferlendirilerek uygun senaryonun olu\u015fturulmas\u0131 gerekiyor.<\/p>\n<p>Hiper Lojistik, T\u00fcrkiye\u2019den K\u00f6rfez \u00fclkelerine ger\u00e7ekle\u015ftirilen ta\u015f\u0131malarda bu unsurlar\u0131 birlikte ele alarak m\u00fc\u015fterileri i\u00e7in y\u00fck bazl\u0131 operasyon planlamas\u0131 ger\u00e7ekle\u015ftiriyor. B\u00f6ylece b\u00f6lgesel geli\u015fmelerin lojistik plan \u00fczerindeki olas\u0131 etkilerine kar\u015f\u0131 alternatifler \u00f6nceden de\u011ferlendirilebiliyor.<\/p>\n<h2>Katar Ta\u015f\u0131malar\u0131nda G\u00fczerg\u00e2h Planlamas\u0131 \u00d6ne \u00c7\u0131k\u0131yor<\/h2>\n<p>Katar, T\u00fcrkiye&#8217;nin K\u00f6rfez b\u00f6lgesindeki \u00f6nemli ticaret partnerlerinden biri olmay\u0131 s\u00fcrd\u00fcr\u00fcyor. Makine, ekipman, ticari \u00fcr\u00fcnler, yedek par\u00e7alar ve proje y\u00fckleri gibi farkl\u0131 kategorilerdeki sevkiyatlar, iki \u00fclke aras\u0131ndaki lojistik ba\u011flant\u0131n\u0131n s\u00fcreklili\u011fini \u00f6nemli hale getiriyor.<\/p>\n<p>H\u00fcrm\u00fcz \u00e7evresindeki geli\u015fmeler nedeniyle Katar&#8217;a y\u00fck g\u00f6nderen firmalar\u0131n ta\u015f\u0131ma planlar\u0131n\u0131 yaln\u0131zca mevcut deniz servislerine g\u00f6re olu\u015fturmamas\u0131 \u00f6nem ta\u015f\u0131yor.<\/p>\n<p>Hiper Lojistik taraf\u0131ndan sunulan <a href=\"https:\/\/www.hiperlojistik.com\/katar-nakliye\/\"><strong>Katar nakliye<\/strong><\/a> \u00e7\u00f6z\u00fcmlerinde y\u00fck\u00fcn fiziksel \u00f6zellikleri, teslimat adresi ve operasyonun zamanlamas\u0131 dikkate al\u0131narak uygun ta\u015f\u0131ma modeli de\u011ferlendiriliyor.<\/p>\n<p>\u00d6zellikle zaman hassasiyeti bulunan sevkiyatlarda alternatif g\u00fczerg\u00e2hlar\u0131n \u00f6nceden analiz edilmesi, lojistik planlaman\u0131n daha kontroll\u00fc y\u00fcr\u00fct\u00fclmesine katk\u0131 sa\u011flayabiliyor.<\/p>\n<h2>Kuveyt \u0130\u00e7in Karayolu Ta\u015f\u0131mac\u0131l\u0131\u011f\u0131 Yeniden G\u00fcndemde<\/h2>\n<p>Kuveyt de T\u00fcrkiye&#8217;den K\u00f6rfez&#8217;e ger\u00e7ekle\u015ftirilen lojistik operasyonlar\u0131n \u00f6nemli destinasyonlar\u0131ndan biri. \u00dcretim ekipmanlar\u0131ndan ticari \u00fcr\u00fcnlere, yedek par\u00e7alardan proje y\u00fcklerine kadar farkl\u0131 \u00fcr\u00fcn gruplar\u0131 i\u00e7in d\u00fczenli ta\u015f\u0131ma ihtiyac\u0131 bulunuyor.<\/p>\n<p>Denizyolundaki belirsizli\u011fin devam etti\u011fi bir d\u00f6nemde Kuveyt&#8217;e yap\u0131lacak sevkiyatlarda alternatif kara g\u00fczerg\u00e2hlar\u0131n\u0131n de\u011ferlendirilmesi, ihracat\u00e7\u0131 firmalar a\u00e7\u0131s\u0131ndan yeni bir planlama se\u00e7ene\u011fi olu\u015fturuyor.<\/p>\n<p>Hiper Lojistik&#8217;in <a href=\"https:\/\/www.hiperlojistik.com\/kuveyt-nakliye\/\"><strong>Kuveyt nakliye<\/strong><\/a> operasyonlar\u0131nda teslimat \u015fehri, y\u00fck\u00fcn \u00f6zellikleri, ara\u00e7 kapasitesi, transit \u00fclkeler ve g\u00fcmr\u00fck s\u00fcre\u00e7leri birlikte de\u011ferlendiriliyor.<\/p>\n<p>Buradaki temel hedef, yaln\u0131zca bir g\u00fczerg\u00e2h belirlemek de\u011fil; mevcut \u015fartlar alt\u0131nda uygulanabilir, kontroll\u00fc ve teslimat plan\u0131na uygun bir lojistik senaryo olu\u015fturmak.<\/p>\n<h2>Dubai Ta\u015f\u0131malar\u0131nda Alternatif Ula\u015f\u0131m Modelleri De\u011ferlendiriliyor<\/h2>\n<p>Dubai, K\u00f6rfez&#8217;in en g\u00fc\u00e7l\u00fc ticaret ve lojistik merkezlerinden biri olmas\u0131 nedeniyle T\u00fcrkiye a\u00e7\u0131s\u0131ndan stratejik bir destinasyon konumunda. B\u00f6lgedeki geli\u015fmeler, Dubai&#8217;ye g\u00f6nderilen y\u00fcklerde de alternatif ta\u015f\u0131ma se\u00e7eneklerinin \u00f6nemini art\u0131r\u0131yor.<\/p>\n<p>Hiper Lojistik, <a href=\"https:\/\/www.hiperlojistik.com\/dubai-nakliye\/\"><strong>Dubai nakliye<\/strong><\/a> hizmetlerinde y\u00fck\u00fcn niteli\u011fine ve teslimat ko\u015fullar\u0131na g\u00f6re karayolu ta\u015f\u0131mac\u0131l\u0131\u011f\u0131n\u0131 de\u011ferlendiriyor. Komple t\u0131r ve \u00f6zel ta\u015f\u0131ma gerektiren operasyonlarda ise ara\u00e7 se\u00e7imi ve g\u00fczerg\u00e2h planlamas\u0131 y\u00fck\u00fcn \u00f6zelliklerine g\u00f6re \u015fekillendiriliyor.<\/p>\n<p>Bu yakla\u015f\u0131m, \u00f6zellikle teslimat takviminin \u00fcretim veya saha operasyonlar\u0131 a\u00e7\u0131s\u0131ndan kritik oldu\u011fu durumlarda daha fazla planlama esnekli\u011fi sa\u011flayabiliyor.<\/p>\n<h2>Lojistikte Tek G\u00fczerg\u00e2ha Ba\u011fl\u0131l\u0131k Yerini Alternatif Planlamaya B\u0131rak\u0131yor<\/h2>\n<p>H\u00fcrm\u00fcz Bo\u011faz\u0131&#8217;nda ya\u015fanan geli\u015fmeler, uluslararas\u0131 ta\u015f\u0131mac\u0131l\u0131kta alternatif g\u00fczerg\u00e2hlar\u0131n neden \u00f6nemli oldu\u011funu bir kez daha ortaya koyuyor. Bo\u011fazdaki ticari trafi\u011fin sava\u015f \u00f6ncesi seviyelerin olduk\u00e7a alt\u0131nda kalmas\u0131, normalle\u015fmenin hen\u00fcz tam anlam\u0131yla ger\u00e7ekle\u015fmedi\u011fine i\u015faret ediyor.<\/p>\n<p>Bu ortamda lojistik \u015firketleri a\u00e7\u0131s\u0131ndan yeni yakla\u015f\u0131m, yaln\u0131zca en d\u00fc\u015f\u00fck maliyetli rotay\u0131 bulmak de\u011fil; farkl\u0131 ko\u015fullarda uygulanabilecek alternatifleri \u00f6nceden de\u011ferlendirmek.<\/p>\n<p>Hiper Lojistik, T\u00fcrkiye ile Katar, Kuveyt ve Dubai aras\u0131ndaki ta\u015f\u0131mac\u0131l\u0131k operasyonlar\u0131nda karayolu se\u00e7eneklerini y\u00fck baz\u0131nda de\u011ferlendirerek m\u00fc\u015fterilerine de\u011fi\u015fen b\u00f6lgesel ko\u015fullara uyum sa\u011flayabilecek lojistik \u00e7\u00f6z\u00fcmler sunmay\u0131 hedefliyor.<\/p>\n<p>K\u00f6rfez ta\u015f\u0131mac\u0131l\u0131\u011f\u0131nda \u00f6n\u00fcm\u00fczdeki d\u00f6nemin belirleyici unsurlar\u0131ndan biri, <strong>tek bir rotaya ba\u011fl\u0131 kalmadan alternatif g\u00fczerg\u00e2hlar\u0131 do\u011fru zamanda devreye alabilmek<\/strong> olacak. Bu nedenle lojistik planlamada deneyim, operasyonel esneklik ve farkl\u0131 ta\u015f\u0131ma senaryolar\u0131na haz\u0131rl\u0131kl\u0131 olmak her zamankinden daha \u00f6nemli hale geliyor.<\/p>\n<p>&nbsp;<\/p>\n<div class=\"corlu-icerikten-sonra_3\" id=\"corlu-1279928088\"><p><img loading=\"lazy\" decoding=\"async\" class=\"aligncenter\" src=\"https:\/\/www.corludahaber.com\/bahcesehir.jpg\" alt=\"\" width=\"624\" height=\"196\" \/><\/p>\n<table style=\"text-align: left; width: 100%;\" border=\"1\" cellspacing=\"2\" cellpadding=\"2\">\n<tbody>\n<tr>\n<td style=\"background-color: #050805;\"><span style=\"font-size: 12pt;\"><small><small><em><strong><big><span style=\"color: #ff0000;\">Haber ve resimlerin telif haklar\u0131ndan dolay\u0131 kullan\u0131m\u0131 yasakt\u0131r<span style=\"color: #000000;\">.<\/span><\/span><span style=\"color: #000000;\">\u00a0<\/span><span style=\"color: #ffffff;\">Yaz\u0131l\u0131 izni al\u0131nmadan hi\u00e7bir yaz\u0131l\u0131, g\u00f6rsel, i\u015fitsel i\u00e7erik kopyalanamaz, de\u011fi\u015ftirilemez, yay\u0131nlanamaz veya sat\u0131lamaz. Aksi halde<\/span>\u00a0<span style=\"color: #ff0000;\">5846<span style=\"color: #ffffff;\">\u00a0<\/span><\/span><span style=\"color: #ffffff;\">say\u0131l\u0131 Fikir ve Sanat Eserleri Kanunu\u2019na ve<\/span>\u00a0<span style=\"color: #800000;\"><span style=\"color: #ff0000;\">6102<\/span><span style=\"color: #ffffff;\">\u00a0<\/span><\/span><span style=\"color: #ffffff;\">say\u0131l\u0131 maddesine g\u00f6re<\/span>\u00a0<span style=\"color: #ff0000;\">gerekli i\u015flemler uygulanacakt\u0131r.<\/span><br \/>\n<span style=\"color: #ffffff;\">\u00a9 Copyright 2014<\/span><\/big><\/strong><\/em><\/small><\/small><\/span><\/td>\n<\/tr>\n<\/tbody>\n<\/table>\n<p><small><small>\u00a0<\/small><\/small><\/p>\n<\/div>","protected":false},"excerpt":{"rendered":"<p>H\u00fcrm\u00fcz\u2019deki Belirsizlik K\u00f6rfez Lojisti\u011fini Yeniden \u015eekillendiriyor: Hiper Lojistik Karayolunu \u00d6ne \u00c7\u0131kar\u0131yor K\u00f6rfez hatt\u0131nda lojistik dengeler yeniden \u015fekilleniyor. H\u00fcrm\u00fcz Bo\u011faz\u0131\u2019nda ticari gemi trafi\u011finin normal seviyelerin olduk\u00e7a alt\u0131nda seyretmesi, b\u00f6lgeyle ticaret yapan \u015firketlerin ta\u015f\u0131ma planlar\u0131n\u0131 yeniden g\u00f6zden ge\u00e7irmesine neden oluyor. Son g\u00fcnlerde yay\u0131mlanan denizcilik verileri, bo\u011fazdaki hareketlili\u011fin h\u00e2l\u00e2 d\u00fc\u015f\u00fck oldu\u011funu ortaya koyarken, alternatif ula\u015f\u0131m koridorlar\u0131 lojistik sekt\u00f6r\u00fcn\u00fcn &hellip;<\/p>\n","protected":false},"author":151,"featured_media":124089,"comment_status":"open","ping_status":"open","sticky":false,"template":"","format":"standard","meta":{"footnotes":""},"categories":[1982],"tags":[8025,36627,13005,9376,15478,36630,36626,36632,36631,10688,36628,2500,36629,3661,82],"class_list":["post-124088","post","type-post","status-publish","format-standard","has-post-thumbnail","hentry","category-seo","tag-asayis","tag-belirsizlik","tag-cikariyor","tag-corlu-kaza","tag-corlu-son-dakika-kaza","tag-hiper","tag-hurmuz","tag-hurmuzdeki-belirsizlik-korfez-lojistigini-yeniden-sekillendiriyor-hiper-lojistik-karayolunu-one-cikariyor","tag-karayolunu","tag-korfez","tag-lojistigini","tag-lojistik","tag-sekillendiriyor","tag-son-dakika-kaza","tag-yeniden"],"yoast_head":"<!-- This site is optimized with the Yoast SEO Premium plugin v23.3 (Yoast SEO v23.3) - https:\/\/yoast.com\/wordpress\/plugins\/seo\/ -->\n<title>H\u00fcrm\u00fcz\u2019deki Belirsizlik K\u00f6rfez Lojisti\u011fini Yeniden \u015eekillendiriyor: Hiper Lojistik Karayolunu \u00d6ne \u00c7\u0131kar\u0131yor | \u00c7orlu&#039;da Haber<\/title>\n<meta name=\"description\" content=\"H\u00fcrm\u00fcz\u2019deki Belirsizlik K\u00f6rfez Lojisti\u011fini Yeniden \u015eekillendiriyor: Hiper Lojistik Karayolunu \u00d6ne \u00c7\u0131kar\u0131yor | SEO \u00c7orlu&#039;da Haber\" \/>\n<meta name=\"robots\" content=\"index, follow, max-snippet:-1, max-image-preview:large, max-video-preview:-1\" \/>\n<link rel=\"canonical\" href=\"https:\/\/corludahaber.com\/h\/hurmuzdeki-belirsizlik-korfez-lojistigini-yeniden-sekillendiriyor-hiper-lojistik-karayolunu-one-cikariyor\/124088\" \/>\n<meta property=\"og:locale\" content=\"tr_TR\" \/>\n<meta property=\"og:type\" content=\"article\" \/>\n<meta property=\"og:title\" content=\"H\u00fcrm\u00fcz\u2019deki Belirsizlik K\u00f6rfez Lojisti\u011fini Yeniden \u015eekillendiriyor: Hiper Lojistik Karayolunu \u00d6ne \u00c7\u0131kar\u0131yor | \u00c7orlu&#039;da Haber\" \/>\n<meta property=\"og:description\" content=\"H\u00fcrm\u00fcz\u2019deki Belirsizlik K\u00f6rfez Lojisti\u011fini Yeniden \u015eekillendiriyor: Hiper Lojistik Karayolunu \u00d6ne \u00c7\u0131kar\u0131yor | SEO \u00c7orlu&#039;da Haber\" \/>\n<meta property=\"og:url\" content=\"https:\/\/corludahaber.com\/h\/hurmuzdeki-belirsizlik-korfez-lojistigini-yeniden-sekillendiriyor-hiper-lojistik-karayolunu-one-cikariyor\/124088\" \/>\n<meta property=\"og:site_name\" content=\"\u00c7orlu&#039;da Haber\" \/>\n<meta property=\"article:publisher\" content=\"https:\/\/facebook.com\/habercorluda\" \/>\n<meta property=\"article:published_time\" content=\"2026-08-31T19:16:44+00:00\" \/>\n<meta property=\"og:image\" content=\"http:\/\/corludahaber.com\/h\/wp-content\/uploads\/2026\/08\/IMG-20260831-WA0004.jpg\" \/>\n\t<meta property=\"og:image:width\" content=\"1536\" \/>\n\t<meta property=\"og:image:height\" content=\"1024\" \/>\n\t<meta property=\"og:image:type\" content=\"image\/jpeg\" \/>\n<meta name=\"author\" content=\"\u00c7orlu&#039;da Haber\" \/>\n<meta name=\"twitter:card\" content=\"summary_large_image\" \/>\n<meta name=\"twitter:creator\" content=\"@habercorluda\" \/>\n<meta name=\"twitter:site\" content=\"@habercorluda\" \/>\n<meta name=\"twitter:label1\" content=\"Yazan:\" \/>\n\t<meta name=\"twitter:data1\" content=\"\u00c7orlu&#039;da Haber\" \/>\n\t<meta name=\"twitter:label2\" content=\"Tahmini okuma s\u00fcresi\" \/>\n\t<meta name=\"twitter:data2\" content=\"5 dakika\" \/>\n<script type=\"application\/ld+json\" class=\"yoast-schema-graph\">{\"@context\":\"https:\/\/schema.org\",\"@graph\":[{\"@type\":\"Article\",\"@id\":\"https:\/\/corludahaber.com\/h\/hurmuzdeki-belirsizlik-korfez-lojistigini-yeniden-sekillendiriyor-hiper-lojistik-karayolunu-one-cikariyor\/124088#article\",\"isPartOf\":{\"@id\":\"https:\/\/corludahaber.com\/h\/hurmuzdeki-belirsizlik-korfez-lojistigini-yeniden-sekillendiriyor-hiper-lojistik-karayolunu-one-cikariyor\/124088\"},\"author\":{\"name\":\"\u00c7orlu'da Haber\",\"@id\":\"https:\/\/corludahaber.com\/h\/#\/schema\/person\/b523522be44b062db5d74a62589768cd\"},\"headline\":\"H\u00fcrm\u00fcz\u2019deki Belirsizlik K\u00f6rfez Lojisti\u011fini Yeniden \u015eekillendiriyor: Hiper Lojistik Karayolunu \u00d6ne \u00c7\u0131kar\u0131yor\",\"datePublished\":\"2026-08-31T19:16:44+00:00\",\"dateModified\":\"2026-08-31T19:16:44+00:00\",\"mainEntityOfPage\":{\"@id\":\"https:\/\/corludahaber.com\/h\/hurmuzdeki-belirsizlik-korfez-lojistigini-yeniden-sekillendiriyor-hiper-lojistik-karayolunu-one-cikariyor\/124088\"},\"wordCount\":1064,\"commentCount\":0,\"publisher\":{\"@id\":\"https:\/\/corludahaber.com\/h\/#organization\"},\"image\":{\"@id\":\"https:\/\/corludahaber.com\/h\/hurmuzdeki-belirsizlik-korfez-lojistigini-yeniden-sekillendiriyor-hiper-lojistik-karayolunu-one-cikariyor\/124088#primaryimage\"},\"thumbnailUrl\":\"https:\/\/corludahaber.com\/h\/wp-content\/uploads\/2026\/08\/IMG-20260831-WA0004.jpg\",\"keywords\":[\"asayi\u015f\",\"Belirsizlik\",\"\u00c7\u0131kar\u0131yor\",\"\u00c7orlu kaza\",\"\u00c7orlu son dakika kaza\",\"Hiper\",\"H\u00fcrm\u00fcz\",\"H\u00fcrm\u00fcz\u2019deki Belirsizlik K\u00f6rfez Lojisti\u011fini Yeniden \u015eekillendiriyor: Hiper Lojistik Karayolunu \u00d6ne \u00c7\u0131kar\u0131yor\",\"Karayolunu\",\"K\u00f6rfez\",\"Lojisti\u011fini\",\"LOJ\u0130ST\u0130K\",\"\u015eekillendiriyor\",\"son dakika kaza\",\"YEN\u0130DEN\"],\"articleSection\":[\"SEO\"],\"inLanguage\":\"tr\",\"potentialAction\":[{\"@type\":\"CommentAction\",\"name\":\"Comment\",\"target\":[\"https:\/\/corludahaber.com\/h\/hurmuzdeki-belirsizlik-korfez-lojistigini-yeniden-sekillendiriyor-hiper-lojistik-karayolunu-one-cikariyor\/124088#respond\"]}]},{\"@type\":\"WebPage\",\"@id\":\"https:\/\/corludahaber.com\/h\/hurmuzdeki-belirsizlik-korfez-lojistigini-yeniden-sekillendiriyor-hiper-lojistik-karayolunu-one-cikariyor\/124088\",\"url\":\"https:\/\/corludahaber.com\/h\/hurmuzdeki-belirsizlik-korfez-lojistigini-yeniden-sekillendiriyor-hiper-lojistik-karayolunu-one-cikariyor\/124088\",\"name\":\"H\u00fcrm\u00fcz\u2019deki Belirsizlik K\u00f6rfez Lojisti\u011fini Yeniden \u015eekillendiriyor: Hiper Lojistik Karayolunu \u00d6ne \u00c7\u0131kar\u0131yor | \u00c7orlu&#039;da Haber\",\"isPartOf\":{\"@id\":\"https:\/\/corludahaber.com\/h\/#website\"},\"primaryImageOfPage\":{\"@id\":\"https:\/\/corludahaber.com\/h\/hurmuzdeki-belirsizlik-korfez-lojistigini-yeniden-sekillendiriyor-hiper-lojistik-karayolunu-one-cikariyor\/124088#primaryimage\"},\"image\":{\"@id\":\"https:\/\/corludahaber.com\/h\/hurmuzdeki-belirsizlik-korfez-lojistigini-yeniden-sekillendiriyor-hiper-lojistik-karayolunu-one-cikariyor\/124088#primaryimage\"},\"thumbnailUrl\":\"https:\/\/corludahaber.com\/h\/wp-content\/uploads\/2026\/08\/IMG-20260831-WA0004.jpg\",\"datePublished\":\"2026-08-31T19:16:44+00:00\",\"dateModified\":\"2026-08-31T19:16:44+00:00\",\"description\":\"H\u00fcrm\u00fcz\u2019deki Belirsizlik K\u00f6rfez Lojisti\u011fini Yeniden \u015eekillendiriyor: Hiper Lojistik Karayolunu \u00d6ne \u00c7\u0131kar\u0131yor | SEO \u00c7orlu&#039;da Haber\",\"breadcrumb\":{\"@id\":\"https:\/\/corludahaber.com\/h\/hurmuzdeki-belirsizlik-korfez-lojistigini-yeniden-sekillendiriyor-hiper-lojistik-karayolunu-one-cikariyor\/124088#breadcrumb\"},\"inLanguage\":\"tr\",\"potentialAction\":[{\"@type\":\"ReadAction\",\"target\":[\"https:\/\/corludahaber.com\/h\/hurmuzdeki-belirsizlik-korfez-lojistigini-yeniden-sekillendiriyor-hiper-lojistik-karayolunu-one-cikariyor\/124088\"]}]},{\"@type\":\"ImageObject\",\"inLanguage\":\"tr\",\"@id\":\"https:\/\/corludahaber.com\/h\/hurmuzdeki-belirsizlik-korfez-lojistigini-yeniden-sekillendiriyor-hiper-lojistik-karayolunu-one-cikariyor\/124088#primaryimage\",\"url\":\"https:\/\/corludahaber.com\/h\/wp-content\/uploads\/2026\/08\/IMG-20260831-WA0004.jpg\",\"contentUrl\":\"https:\/\/corludahaber.com\/h\/wp-content\/uploads\/2026\/08\/IMG-20260831-WA0004.jpg\",\"width\":1536,\"height\":1024},{\"@type\":\"BreadcrumbList\",\"@id\":\"https:\/\/corludahaber.com\/h\/hurmuzdeki-belirsizlik-korfez-lojistigini-yeniden-sekillendiriyor-hiper-lojistik-karayolunu-one-cikariyor\/124088#breadcrumb\",\"itemListElement\":[{\"@type\":\"ListItem\",\"position\":1,\"name\":\"Anasayfa\",\"item\":\"https:\/\/corludahaber.com\/h\/anasayfa\"},{\"@type\":\"ListItem\",\"position\":2,\"name\":\"SEO\",\"item\":\"https:\/\/corludahaber.com\/h\/kategori\/seo\"},{\"@type\":\"ListItem\",\"position\":3,\"name\":\"H\u00fcrm\u00fcz\u2019deki Belirsizlik K\u00f6rfez Lojisti\u011fini Yeniden \u015eekillendiriyor: Hiper Lojistik Karayolunu \u00d6ne \u00c7\u0131kar\u0131yor\"}]},{\"@type\":\"WebSite\",\"@id\":\"https:\/\/corludahaber.com\/h\/#website\",\"url\":\"https:\/\/corludahaber.com\/h\/\",\"name\":\"\u00c7orlu'da Haber\",\"description\":\"Ger\u00e7ek Tarafs\u0131z Haber\",\"publisher\":{\"@id\":\"https:\/\/corludahaber.com\/h\/#organization\"},\"potentialAction\":[{\"@type\":\"SearchAction\",\"target\":{\"@type\":\"EntryPoint\",\"urlTemplate\":\"https:\/\/corludahaber.com\/h\/?s={search_term_string}\"},\"query-input\":\"required name=search_term_string\"}],\"inLanguage\":\"tr\"},{\"@type\":\"Organization\",\"@id\":\"https:\/\/corludahaber.com\/h\/#organization\",\"name\":\"\u00c7orlu'da Haber\",\"url\":\"https:\/\/corludahaber.com\/h\/\",\"logo\":{\"@type\":\"ImageObject\",\"inLanguage\":\"tr\",\"@id\":\"https:\/\/corludahaber.com\/h\/#\/schema\/logo\/image\/\",\"url\":\"https:\/\/corludahaber.com\/h\/wp-content\/uploads\/2021\/12\/logo__9__1_-removebg-preview.png\",\"contentUrl\":\"https:\/\/corludahaber.com\/h\/wp-content\/uploads\/2021\/12\/logo__9__1_-removebg-preview.png\",\"width\":500,\"height\":157,\"caption\":\"\u00c7orlu'da Haber\"},\"image\":{\"@id\":\"https:\/\/corludahaber.com\/h\/#\/schema\/logo\/image\/\"},\"sameAs\":[\"https:\/\/facebook.com\/habercorluda\",\"https:\/\/x.com\/habercorluda\",\"https:\/\/www.instagram.com\/corludahaber\",\"https:\/\/www.youtube.com\/user\/corludahaber\"]},{\"@type\":\"Person\",\"@id\":\"https:\/\/corludahaber.com\/h\/#\/schema\/person\/b523522be44b062db5d74a62589768cd\",\"name\":\"\u00c7orlu'da Haber\",\"image\":{\"@type\":\"ImageObject\",\"inLanguage\":\"tr\",\"@id\":\"https:\/\/corludahaber.com\/h\/#\/schema\/person\/image\/\",\"url\":\"https:\/\/secure.gravatar.com\/avatar\/1033e54e078c29fd7f053370086ff627ba414b05c2b231c418a481adecd764ce?s=96&d=blank&r=g\",\"contentUrl\":\"https:\/\/secure.gravatar.com\/avatar\/1033e54e078c29fd7f053370086ff627ba414b05c2b231c418a481adecd764ce?s=96&d=blank&r=g\",\"caption\":\"\u00c7orlu'da Haber\"},\"sameAs\":[\"https:\/\/corludahaber.com\/h\"],\"url\":\"https:\/\/corludahaber.com\/h\/author\/admin\"}]}<\/script>\n<!-- \/ Yoast SEO Premium plugin. -->","yoast_head_json":{"title":"H\u00fcrm\u00fcz\u2019deki Belirsizlik K\u00f6rfez Lojisti\u011fini Yeniden \u015eekillendiriyor: Hiper Lojistik Karayolunu \u00d6ne \u00c7\u0131kar\u0131yor | \u00c7orlu&#039;da Haber","description":"H\u00fcrm\u00fcz\u2019deki Belirsizlik K\u00f6rfez Lojisti\u011fini Yeniden \u015eekillendiriyor: Hiper Lojistik Karayolunu \u00d6ne \u00c7\u0131kar\u0131yor | SEO \u00c7orlu&#039;da Haber","robots":{"index":"index","follow":"follow","max-snippet":"max-snippet:-1","max-image-preview":"max-image-preview:large","max-video-preview":"max-video-preview:-1"},"canonical":"https:\/\/corludahaber.com\/h\/hurmuzdeki-belirsizlik-korfez-lojistigini-yeniden-sekillendiriyor-hiper-lojistik-karayolunu-one-cikariyor\/124088","og_locale":"tr_TR","og_type":"article","og_title":"H\u00fcrm\u00fcz\u2019deki Belirsizlik K\u00f6rfez Lojisti\u011fini Yeniden \u015eekillendiriyor: Hiper Lojistik Karayolunu \u00d6ne \u00c7\u0131kar\u0131yor | \u00c7orlu&#039;da Haber","og_description":"H\u00fcrm\u00fcz\u2019deki Belirsizlik K\u00f6rfez Lojisti\u011fini Yeniden \u015eekillendiriyor: Hiper Lojistik Karayolunu \u00d6ne \u00c7\u0131kar\u0131yor | SEO \u00c7orlu&#039;da Haber","og_url":"https:\/\/corludahaber.com\/h\/hurmuzdeki-belirsizlik-korfez-lojistigini-yeniden-sekillendiriyor-hiper-lojistik-karayolunu-one-cikariyor\/124088","og_site_name":"\u00c7orlu&#039;da Haber","article_publisher":"https:\/\/facebook.com\/habercorluda","article_published_time":"2026-08-31T19:16:44+00:00","og_image":[{"width":1536,"height":1024,"url":"http:\/\/corludahaber.com\/h\/wp-content\/uploads\/2026\/08\/IMG-20260831-WA0004.jpg","type":"image\/jpeg"}],"author":"\u00c7orlu'da Haber","twitter_card":"summary_large_image","twitter_creator":"@habercorluda","twitter_site":"@habercorluda","twitter_misc":{"Yazan:":"\u00c7orlu'da Haber","Tahmini okuma s\u00fcresi":"5 dakika"},"schema":{"@context":"https:\/\/schema.org","@graph":[{"@type":"Article","@id":"https:\/\/corludahaber.com\/h\/hurmuzdeki-belirsizlik-korfez-lojistigini-yeniden-sekillendiriyor-hiper-lojistik-karayolunu-one-cikariyor\/124088#article","isPartOf":{"@id":"https:\/\/corludahaber.com\/h\/hurmuzdeki-belirsizlik-korfez-lojistigini-yeniden-sekillendiriyor-hiper-lojistik-karayolunu-one-cikariyor\/124088"},"author":{"name":"\u00c7orlu'da Haber","@id":"https:\/\/corludahaber.com\/h\/#\/schema\/person\/b523522be44b062db5d74a62589768cd"},"headline":"H\u00fcrm\u00fcz\u2019deki Belirsizlik K\u00f6rfez Lojisti\u011fini Yeniden \u015eekillendiriyor: Hiper Lojistik Karayolunu \u00d6ne \u00c7\u0131kar\u0131yor","datePublished":"2026-08-31T19:16:44+00:00","dateModified":"2026-08-31T19:16:44+00:00","mainEntityOfPage":{"@id":"https:\/\/corludahaber.com\/h\/hurmuzdeki-belirsizlik-korfez-lojistigini-yeniden-sekillendiriyor-hiper-lojistik-karayolunu-one-cikariyor\/124088"},"wordCount":1064,"commentCount":0,"publisher":{"@id":"https:\/\/corludahaber.com\/h\/#organization"},"image":{"@id":"https:\/\/corludahaber.com\/h\/hurmuzdeki-belirsizlik-korfez-lojistigini-yeniden-sekillendiriyor-hiper-lojistik-karayolunu-one-cikariyor\/124088#primaryimage"},"thumbnailUrl":"https:\/\/corludahaber.com\/h\/wp-content\/uploads\/2026\/08\/IMG-20260831-WA0004.jpg","keywords":["asayi\u015f","Belirsizlik","\u00c7\u0131kar\u0131yor","\u00c7orlu kaza","\u00c7orlu son dakika kaza","Hiper","H\u00fcrm\u00fcz","H\u00fcrm\u00fcz\u2019deki Belirsizlik K\u00f6rfez Lojisti\u011fini Yeniden \u015eekillendiriyor: Hiper Lojistik Karayolunu \u00d6ne \u00c7\u0131kar\u0131yor","Karayolunu","K\u00f6rfez","Lojisti\u011fini","LOJ\u0130ST\u0130K","\u015eekillendiriyor","son dakika kaza","YEN\u0130DEN"],"articleSection":["SEO"],"inLanguage":"tr","potentialAction":[{"@type":"CommentAction","name":"Comment","target":["https:\/\/corludahaber.com\/h\/hurmuzdeki-belirsizlik-korfez-lojistigini-yeniden-sekillendiriyor-hiper-lojistik-karayolunu-one-cikariyor\/124088#respond"]}]},{"@type":"WebPage","@id":"https:\/\/corludahaber.com\/h\/hurmuzdeki-belirsizlik-korfez-lojistigini-yeniden-sekillendiriyor-hiper-lojistik-karayolunu-one-cikariyor\/124088","url":"https:\/\/corludahaber.com\/h\/hurmuzdeki-belirsizlik-korfez-lojistigini-yeniden-sekillendiriyor-hiper-lojistik-karayolunu-one-cikariyor\/124088","name":"H\u00fcrm\u00fcz\u2019deki Belirsizlik K\u00f6rfez Lojisti\u011fini Yeniden \u015eekillendiriyor: Hiper Lojistik Karayolunu \u00d6ne \u00c7\u0131kar\u0131yor | \u00c7orlu&#039;da Haber","isPartOf":{"@id":"https:\/\/corludahaber.com\/h\/#website"},"primaryImageOfPage":{"@id":"https:\/\/corludahaber.com\/h\/hurmuzdeki-belirsizlik-korfez-lojistigini-yeniden-sekillendiriyor-hiper-lojistik-karayolunu-one-cikariyor\/124088#primaryimage"},"image":{"@id":"https:\/\/corludahaber.com\/h\/hurmuzdeki-belirsizlik-korfez-lojistigini-yeniden-sekillendiriyor-hiper-lojistik-karayolunu-one-cikariyor\/124088#primaryimage"},"thumbnailUrl":"https:\/\/corludahaber.com\/h\/wp-content\/uploads\/2026\/08\/IMG-20260831-WA0004.jpg","datePublished":"2026-08-31T19:16:44+00:00","dateModified":"2026-08-31T19:16:44+00:00","description":"H\u00fcrm\u00fcz\u2019deki Belirsizlik K\u00f6rfez Lojisti\u011fini Yeniden \u015eekillendiriyor: Hiper Lojistik Karayolunu \u00d6ne \u00c7\u0131kar\u0131yor | SEO \u00c7orlu&#039;da Haber","breadcrumb":{"@id":"https:\/\/corludahaber.com\/h\/hurmuzdeki-belirsizlik-korfez-lojistigini-yeniden-sekillendiriyor-hiper-lojistik-karayolunu-one-cikariyor\/124088#breadcrumb"},"inLanguage":"tr","potentialAction":[{"@type":"ReadAction","target":["https:\/\/corludahaber.com\/h\/hurmuzdeki-belirsizlik-korfez-lojistigini-yeniden-sekillendiriyor-hiper-lojistik-karayolunu-one-cikariyor\/124088"]}]},{"@type":"ImageObject","inLanguage":"tr","@id":"https:\/\/corludahaber.com\/h\/hurmuzdeki-belirsizlik-korfez-lojistigini-yeniden-sekillendiriyor-hiper-lojistik-karayolunu-one-cikariyor\/124088#primaryimage","url":"https:\/\/corludahaber.com\/h\/wp-content\/uploads\/2026\/08\/IMG-20260831-WA0004.jpg","contentUrl":"https:\/\/corludahaber.com\/h\/wp-content\/uploads\/2026\/08\/IMG-20260831-WA0004.jpg","width":1536,"height":1024},{"@type":"BreadcrumbList","@id":"https:\/\/corludahaber.com\/h\/hurmuzdeki-belirsizlik-korfez-lojistigini-yeniden-sekillendiriyor-hiper-lojistik-karayolunu-one-cikariyor\/124088#breadcrumb","itemListElement":[{"@type":"ListItem","position":1,"name":"Anasayfa","item":"https:\/\/corludahaber.com\/h\/anasayfa"},{"@type":"ListItem","position":2,"name":"SEO","item":"https:\/\/corludahaber.com\/h\/kategori\/seo"},{"@type":"ListItem","position":3,"name":"H\u00fcrm\u00fcz\u2019deki Belirsizlik K\u00f6rfez Lojisti\u011fini Yeniden \u015eekillendiriyor: Hiper Lojistik Karayolunu \u00d6ne \u00c7\u0131kar\u0131yor"}]},{"@type":"WebSite","@id":"https:\/\/corludahaber.com\/h\/#website","url":"https:\/\/corludahaber.com\/h\/","name":"\u00c7orlu'da Haber","description":"Ger\u00e7ek Tarafs\u0131z Haber","publisher":{"@id":"https:\/\/corludahaber.com\/h\/#organization"},"potentialAction":[{"@type":"SearchAction","target":{"@type":"EntryPoint","urlTemplate":"https:\/\/corludahaber.com\/h\/?s={search_term_string}"},"query-input":"required name=search_term_string"}],"inLanguage":"tr"},{"@type":"Organization","@id":"https:\/\/corludahaber.com\/h\/#organization","name":"\u00c7orlu'da Haber","url":"https:\/\/corludahaber.com\/h\/","logo":{"@type":"ImageObject","inLanguage":"tr","@id":"https:\/\/corludahaber.com\/h\/#\/schema\/logo\/image\/","url":"https:\/\/corludahaber.com\/h\/wp-content\/uploads\/2021\/12\/logo__9__1_-removebg-preview.png","contentUrl":"https:\/\/corludahaber.com\/h\/wp-content\/uploads\/2021\/12\/logo__9__1_-removebg-preview.png","width":500,"height":157,"caption":"\u00c7orlu'da Haber"},"image":{"@id":"https:\/\/corludahaber.com\/h\/#\/schema\/logo\/image\/"},"sameAs":["https:\/\/facebook.com\/habercorluda","https:\/\/x.com\/habercorluda","https:\/\/www.instagram.com\/corludahaber","https:\/\/www.youtube.com\/user\/corludahaber"]},{"@type":"Person","@id":"https:\/\/corludahaber.com\/h\/#\/schema\/person\/b523522be44b062db5d74a62589768cd","name":"\u00c7orlu'da Haber","image":{"@type":"ImageObject","inLanguage":"tr","@id":"https:\/\/corludahaber.com\/h\/#\/schema\/person\/image\/","url":"https:\/\/secure.gravatar.com\/avatar\/1033e54e078c29fd7f053370086ff627ba414b05c2b231c418a481adecd764ce?s=96&d=blank&r=g","contentUrl":"https:\/\/secure.gravatar.com\/avatar\/1033e54e078c29fd7f053370086ff627ba414b05c2b231c418a481adecd764ce?s=96&d=blank&r=g","caption":"\u00c7orlu'da Haber"},"sameAs":["https:\/\/corludahaber.com\/h"],"url":"https:\/\/corludahaber.com\/h\/author\/admin"}]}},"_links":{"self":[{"href":"https:\/\/corludahaber.com\/h\/wp-json\/wp\/v2\/posts\/124088","targetHints":{"allow":["GET"]}}],"collection":[{"href":"https:\/\/corludahaber.com\/h\/wp-json\/wp\/v2\/posts"}],"about":[{"href":"https:\/\/corludahaber.com\/h\/wp-json\/wp\/v2\/types\/post"}],"author":[{"embeddable":true,"href":"https:\/\/corludahaber.com\/h\/wp-json\/wp\/v2\/users\/151"}],"replies":[{"embeddable":true,"href":"https:\/\/corludahaber.com\/h\/wp-json\/wp\/v2\/comments?post=124088"}],"version-history":[{"count":1,"href":"https:\/\/corludahaber.com\/h\/wp-json\/wp\/v2\/posts\/124088\/revisions"}],"predecessor-version":[{"id":124090,"href":"https:\/\/corludahaber.com\/h\/wp-json\/wp\/v2\/posts\/124088\/revisions\/124090"}],"wp:featuredmedia":[{"embeddable":true,"href":"https:\/\/corludahaber.com\/h\/wp-json\/wp\/v2\/media\/124089"}],"wp:attachment":[{"href":"https:\/\/corludahaber.com\/h\/wp-json\/wp\/v2\/media?parent=124088"}],"wp:term":[{"taxonomy":"category","embeddable":true,"href":"https:\/\/corludahaber.com\/h\/wp-json\/wp\/v2\/categories?post=124088"},{"taxonomy":"post_tag","embeddable":true,"href":"https:\/\/corludahaber.com\/h\/wp-json\/wp\/v2\/tags?post=124088"}],"curies":[{"name":"wp","href":"https:\/\/api.w.org\/{rel}","templated":true}]}}