{"id":124082,"date":"2026-08-31T21:44:20","date_gmt":"2026-08-31T18:44:20","guid":{"rendered":"https:\/\/corludahaber.com\/h\/ipsalada-golete-2-bin-yavru-sazan-baligi-birakildi\/124082"},"modified":"2026-08-31T21:44:29","modified_gmt":"2026-08-31T18:44:29","slug":"ipsalada-golete-2-bin-yavru-sazan-baligi-birakildi","status":"publish","type":"post","link":"https:\/\/corludahaber.com\/h\/ipsalada-golete-2-bin-yavru-sazan-baligi-birakildi\/124082","title":{"rendered":"\u0130psala\u2019da g\u00f6lete 2 bin yavru sazan bal\u0131\u011f\u0131 b\u0131rak\u0131ld\u0131"},"content":{"rendered":"<div class=\"corlu-icerikten-once_3\" id=\"corlu-162953318\"><script type='text\/javascript' src='https:\/\/platform-api.sharethis.com\/js\/sharethis.js#property=5ce8cf08af7d000012cb0ca1&product=inline-reaction-buttons' async='async'><\/script>\r\n\r\n<\/div><div readability=\"50\"><span class=\"category-name hidden\"><\/span><\/p><div class=\"corlu-icerik-2\" id=\"corlu-2181453849\"><!-- Admatic AUTO ads START -->\r\n<ins data-publisher=\"adm-pub-155556240050\" data-ad-network=\"659428a24d11b285b616c18d\"   class=\"adm-ads-area\"><\/ins>\r\n<script type=\"text\/javascript\" src=\"https:\/\/static.cdn.admatic.com.tr\/showad\/showad.min.js\"><\/script>\r\n<!-- Admatic AUTO ads END --><\/div>\n<p> \/\u0130PSALA(Edirne),(Haber Merkezi)-ED\u0130RNE\u2019nin \u0130psala il\u00e7esinde, su \u00fcr\u00fcnleri varl\u0131\u011f\u0131n\u0131n art\u0131r\u0131lmas\u0131 ve i\u00e7 su kaynaklar\u0131n\u0131n s\u00fcrd\u00fcr\u00fclebilir \u015fekilde de\u011ferlendirilmesi amac\u0131yla Karaa\u011fa\u00e7 G\u00f6leti\u2019ne 2 bin yavru sazan bal\u0131\u011f\u0131 b\u0131rak\u0131ld\u0131.<\/p>\n<p>Tar\u0131m ve Orman Bakanl\u0131\u011f\u0131 taraf\u0131ndan y\u00fcr\u00fct\u00fclen \u2018Su kaynaklar\u0131n\u0131n bal\u0131kland\u0131r\u0131lmas\u0131 projesi\u2019 kapsam\u0131nda Edirne ve il\u00e7elerindeki g\u00f6l ve g\u00f6letlerde bal\u0131kland\u0131rma \u00e7al\u0131\u015fmalar\u0131 s\u00fcrd\u00fcr\u00fcl\u00fcyor. 2026 Y\u0131l\u0131 Bal\u0131kland\u0131rma Program\u0131 kapsam\u0131nda ger\u00e7ekle\u015ftirilen \u00e7al\u0131\u015fmalar do\u011frultusunda, \u0130psala Su \u00dcr\u00fcnleri \u00dcretim \u0130stasyonu\u2019nda yeti\u015ftirilen yavru sazanlar, b\u00f6lgedeki su kaynaklar\u0131yla bulu\u015fturuluyor. Bu kapsamda \u0130psala il\u00e7esinde bulunan Karaa\u011fa\u00e7 G\u00f6leti\u2019ne 2 bin yavru sazan bal\u0131\u011f\u0131 b\u0131rak\u0131ld\u0131. Bal\u0131kland\u0131rma \u00e7al\u0131\u015fmas\u0131na, \u0130psala Kaymakam\u0131 Hayrettin Bu\u011fra G\u00fczel, Edirne Tar\u0131m ve Orman \u0130l M\u00fcd\u00fcr Yard\u0131mc\u0131s\u0131 Sezer Seyhan, \u0130psala \u0130l\u00e7e Tar\u0131m ve Orman M\u00fcd\u00fcr\u00fc Simge \u00dcnl\u00fcsoy, Hayvan Sa\u011fl\u0131\u011f\u0131 ve Yeti\u015ftiricili\u011fi \u015eube M\u00fcd\u00fcr\u00fc Onur Yal\u00e7\u0131n Topta\u015f ile kurum temsilcileri, teknik personel ve \u00fcreticiler kat\u0131ld\u0131. Yetkililer, y\u00fcr\u00fct\u00fclen bal\u0131kland\u0131rma \u00e7al\u0131\u015fmalar\u0131yla i\u00e7 sulardaki su \u00fcr\u00fcnleri varl\u0131\u011f\u0131n\u0131n desteklenmesinin yan\u0131 s\u0131ra bal\u0131k\u00e7\u0131l\u0131\u011f\u0131n geli\u015ftirilmesi ve su kaynaklar\u0131n\u0131n gelecek nesillere s\u00fcrd\u00fcr\u00fclebilir \u015fekilde aktar\u0131lmas\u0131n\u0131n hedeflendi\u011fini belirtti. \u00c7al\u0131\u015fmalar kapsam\u0131nda \u0130psala Su \u00dcr\u00fcnleri \u00dcretim \u0130stasyonu\u2019nda yeti\u015ftirilen yavru sazanlar\u0131n, Edirne ve \u00e7evre illerdeki uygun g\u00f6l ve g\u00f6letlere b\u0131rak\u0131lmas\u0131na devam edilece\u011fi bildirildi. (Haber Merkezi)<\/p>\n<\/div>\n<div class=\"corlu-icerikten-sonra_3\" id=\"corlu-2767982397\"><p><img loading=\"lazy\" decoding=\"async\" class=\"aligncenter\" src=\"https:\/\/www.corludahaber.com\/bahcesehir.jpg\" alt=\"\" width=\"624\" height=\"196\" \/><\/p>\n<table style=\"text-align: left; width: 100%;\" border=\"1\" cellspacing=\"2\" cellpadding=\"2\">\n<tbody>\n<tr>\n<td style=\"background-color: #050805;\"><span style=\"font-size: 12pt;\"><small><small><em><strong><big><span style=\"color: #ff0000;\">Haber ve resimlerin telif haklar\u0131ndan dolay\u0131 kullan\u0131m\u0131 yasakt\u0131r<span style=\"color: #000000;\">.<\/span><\/span><span style=\"color: #000000;\">\u00a0<\/span><span style=\"color: #ffffff;\">Yaz\u0131l\u0131 izni al\u0131nmadan hi\u00e7bir yaz\u0131l\u0131, g\u00f6rsel, i\u015fitsel i\u00e7erik kopyalanamaz, de\u011fi\u015ftirilemez, yay\u0131nlanamaz veya sat\u0131lamaz. Aksi halde<\/span>\u00a0<span style=\"color: #ff0000;\">5846<span style=\"color: #ffffff;\">\u00a0<\/span><\/span><span style=\"color: #ffffff;\">say\u0131l\u0131 Fikir ve Sanat Eserleri Kanunu\u2019na ve<\/span>\u00a0<span style=\"color: #800000;\"><span style=\"color: #ff0000;\">6102<\/span><span style=\"color: #ffffff;\">\u00a0<\/span><\/span><span style=\"color: #ffffff;\">say\u0131l\u0131 maddesine g\u00f6re<\/span>\u00a0<span style=\"color: #ff0000;\">gerekli i\u015flemler uygulanacakt\u0131r.<\/span><br \/>\n<span style=\"color: #ffffff;\">\u00a9 Copyright 2014<\/span><\/big><\/strong><\/em><\/small><\/small><\/span><\/td>\n<\/tr>\n<\/tbody>\n<\/table>\n<p><small><small>\u00a0<\/small><\/small><\/p>\n<\/div>","protected":false},"excerpt":{"rendered":"<p>\/\u0130PSALA(Edirne),(Haber Merkezi)-ED\u0130RNE\u2019nin \u0130psala il\u00e7esinde, su \u00fcr\u00fcnleri varl\u0131\u011f\u0131n\u0131n art\u0131r\u0131lmas\u0131 ve i\u00e7 su kaynaklar\u0131n\u0131n s\u00fcrd\u00fcr\u00fclebilir \u015fekilde de\u011ferlendirilmesi amac\u0131yla Karaa\u011fa\u00e7 G\u00f6leti\u2019ne 2 bin yavru sazan bal\u0131\u011f\u0131 b\u0131rak\u0131ld\u0131. Tar\u0131m ve Orman Bakanl\u0131\u011f\u0131 taraf\u0131ndan y\u00fcr\u00fct\u00fclen \u2018Su kaynaklar\u0131n\u0131n bal\u0131kland\u0131r\u0131lmas\u0131 projesi\u2019 kapsam\u0131nda Edirne ve il\u00e7elerindeki g\u00f6l ve g\u00f6letlerde bal\u0131kland\u0131rma \u00e7al\u0131\u015fmalar\u0131 s\u00fcrd\u00fcr\u00fcl\u00fcyor. 2026 Y\u0131l\u0131 Bal\u0131kland\u0131rma Program\u0131 kapsam\u0131nda ger\u00e7ekle\u015ftirilen \u00e7al\u0131\u015fmalar do\u011frultusunda, \u0130psala Su \u00dcr\u00fcnleri &hellip;<\/p>\n","protected":false},"author":151,"featured_media":124085,"comment_status":"open","ping_status":"closed","sticky":false,"template":"","format":"standard","meta":{"footnotes":""},"categories":[121],"tags":[8025,1724,929,9376,15478,7556,3488,36625,2895,3661,2860],"class_list":["post-124082","post","type-post","status-publish","format-standard","has-post-thumbnail","hentry","category-edirne","tag-asayis","tag-baligi","tag-birakildi","tag-corlu-kaza","tag-corlu-son-dakika-kaza","tag-golete","tag-ipsala","tag-ipsalada-golete-2-bin-yavru-sazan-baligi-birakildi","tag-sazan","tag-son-dakika-kaza","tag-yavru"],"yoast_head":"<!-- This site is optimized with the Yoast SEO Premium plugin v23.3 (Yoast SEO v23.3) - https:\/\/yoast.com\/wordpress\/plugins\/seo\/ -->\n<title>\u0130psala\u2019da g\u00f6lete 2 bin yavru sazan bal\u0131\u011f\u0131 b\u0131rak\u0131ld\u0131 | \u00c7orlu&#039;da Haber<\/title>\n<meta name=\"description\" content=\"\u0130psala\u2019da g\u00f6lete 2 bin yavru sazan bal\u0131\u011f\u0131 b\u0131rak\u0131ld\u0131 | \u00c7orlu&#039;da Haber\" \/>\n<meta name=\"robots\" content=\"index, follow, max-snippet:-1, max-image-preview:large, max-video-preview:-1\" \/>\n<link rel=\"canonical\" href=\"https:\/\/corludahaber.com\/h\/ipsalada-golete-2-bin-yavru-sazan-baligi-birakildi\/124082\" \/>\n<meta property=\"og:locale\" content=\"tr_TR\" \/>\n<meta property=\"og:type\" content=\"article\" \/>\n<meta property=\"og:title\" content=\"\u0130psala\u2019da g\u00f6lete 2 bin yavru sazan bal\u0131\u011f\u0131 b\u0131rak\u0131ld\u0131 | \u00c7orlu&#039;da Haber\" \/>\n<meta property=\"og:description\" content=\"\u0130psala\u2019da g\u00f6lete 2 bin yavru sazan bal\u0131\u011f\u0131 b\u0131rak\u0131ld\u0131 | \u00c7orlu&#039;da Haber\" \/>\n<meta property=\"og:url\" content=\"https:\/\/corludahaber.com\/h\/ipsalada-golete-2-bin-yavru-sazan-baligi-birakildi\/124082\" \/>\n<meta property=\"og:site_name\" content=\"\u00c7orlu&#039;da Haber\" \/>\n<meta property=\"article:publisher\" content=\"https:\/\/facebook.com\/habercorluda\" \/>\n<meta property=\"article:published_time\" content=\"2026-08-31T18:44:20+00:00\" \/>\n<meta property=\"article:modified_time\" content=\"2026-08-31T18:44:29+00:00\" \/>\n<meta property=\"og:image\" content=\"http:\/\/corludahaber.com\/h\/wp-content\/uploads\/2026\/08\/ipsalada-golete-2-bin-yavru-sazan-baligi-birakildi_6a95cb87dc050.jpeg\" \/>\n\t<meta property=\"og:image:width\" content=\"1200\" \/>\n\t<meta property=\"og:image:height\" content=\"1600\" \/>\n\t<meta property=\"og:image:type\" content=\"image\/jpeg\" \/>\n<meta name=\"author\" content=\"\u00c7orlu&#039;da Haber\" \/>\n<meta name=\"twitter:card\" content=\"summary_large_image\" \/>\n<meta name=\"twitter:creator\" content=\"@habercorluda\" \/>\n<meta name=\"twitter:site\" content=\"@habercorluda\" \/>\n<meta name=\"twitter:label1\" content=\"Yazan:\" \/>\n\t<meta name=\"twitter:data1\" content=\"\u00c7orlu&#039;da Haber\" \/>\n\t<meta name=\"twitter:label2\" content=\"Tahmini okuma s\u00fcresi\" \/>\n\t<meta name=\"twitter:data2\" content=\"1 dakika\" \/>\n<script type=\"application\/ld+json\" class=\"yoast-schema-graph\">{\"@context\":\"https:\/\/schema.org\",\"@graph\":[{\"@type\":\"Article\",\"@id\":\"https:\/\/corludahaber.com\/h\/ipsalada-golete-2-bin-yavru-sazan-baligi-birakildi\/124082#article\",\"isPartOf\":{\"@id\":\"https:\/\/corludahaber.com\/h\/ipsalada-golete-2-bin-yavru-sazan-baligi-birakildi\/124082\"},\"author\":{\"name\":\"\u00c7orlu'da Haber\",\"@id\":\"https:\/\/corludahaber.com\/h\/#\/schema\/person\/b523522be44b062db5d74a62589768cd\"},\"headline\":\"\u0130psala\u2019da g\u00f6lete 2 bin yavru sazan bal\u0131\u011f\u0131 b\u0131rak\u0131ld\u0131\",\"datePublished\":\"2026-08-31T18:44:20+00:00\",\"dateModified\":\"2026-08-31T18:44:29+00:00\",\"mainEntityOfPage\":{\"@id\":\"https:\/\/corludahaber.com\/h\/ipsalada-golete-2-bin-yavru-sazan-baligi-birakildi\/124082\"},\"wordCount\":297,\"commentCount\":0,\"publisher\":{\"@id\":\"https:\/\/corludahaber.com\/h\/#organization\"},\"image\":{\"@id\":\"https:\/\/corludahaber.com\/h\/ipsalada-golete-2-bin-yavru-sazan-baligi-birakildi\/124082#primaryimage\"},\"thumbnailUrl\":\"https:\/\/corludahaber.com\/h\/wp-content\/uploads\/2026\/08\/ipsalada-golete-2-bin-yavru-sazan-baligi-birakildi_6a95cb87dc050.jpeg\",\"keywords\":[\"asayi\u015f\",\"bal\u0131\u011f\u0131\",\"B\u0131rak\u0131ld\u0131\",\"\u00c7orlu kaza\",\"\u00c7orlu son dakika kaza\",\"G\u00f6lete\",\"\u0130psala\",\"\u0130psala\u2019da g\u00f6lete 2 bin yavru sazan bal\u0131\u011f\u0131 b\u0131rak\u0131ld\u0131\",\"sazan\",\"son dakika kaza\",\"yavru\"],\"articleSection\":[\"Edirne\"],\"inLanguage\":\"tr\",\"potentialAction\":[{\"@type\":\"CommentAction\",\"name\":\"Comment\",\"target\":[\"https:\/\/corludahaber.com\/h\/ipsalada-golete-2-bin-yavru-sazan-baligi-birakildi\/124082#respond\"]}]},{\"@type\":\"WebPage\",\"@id\":\"https:\/\/corludahaber.com\/h\/ipsalada-golete-2-bin-yavru-sazan-baligi-birakildi\/124082\",\"url\":\"https:\/\/corludahaber.com\/h\/ipsalada-golete-2-bin-yavru-sazan-baligi-birakildi\/124082\",\"name\":\"\u0130psala\u2019da g\u00f6lete 2 bin yavru sazan bal\u0131\u011f\u0131 b\u0131rak\u0131ld\u0131 | \u00c7orlu&#039;da Haber\",\"isPartOf\":{\"@id\":\"https:\/\/corludahaber.com\/h\/#website\"},\"primaryImageOfPage\":{\"@id\":\"https:\/\/corludahaber.com\/h\/ipsalada-golete-2-bin-yavru-sazan-baligi-birakildi\/124082#primaryimage\"},\"image\":{\"@id\":\"https:\/\/corludahaber.com\/h\/ipsalada-golete-2-bin-yavru-sazan-baligi-birakildi\/124082#primaryimage\"},\"thumbnailUrl\":\"https:\/\/corludahaber.com\/h\/wp-content\/uploads\/2026\/08\/ipsalada-golete-2-bin-yavru-sazan-baligi-birakildi_6a95cb87dc050.jpeg\",\"datePublished\":\"2026-08-31T18:44:20+00:00\",\"dateModified\":\"2026-08-31T18:44:29+00:00\",\"description\":\"\u0130psala\u2019da g\u00f6lete 2 bin yavru sazan bal\u0131\u011f\u0131 b\u0131rak\u0131ld\u0131 | \u00c7orlu&#039;da Haber\",\"breadcrumb\":{\"@id\":\"https:\/\/corludahaber.com\/h\/ipsalada-golete-2-bin-yavru-sazan-baligi-birakildi\/124082#breadcrumb\"},\"inLanguage\":\"tr\",\"potentialAction\":[{\"@type\":\"ReadAction\",\"target\":[\"https:\/\/corludahaber.com\/h\/ipsalada-golete-2-bin-yavru-sazan-baligi-birakildi\/124082\"]}]},{\"@type\":\"ImageObject\",\"inLanguage\":\"tr\",\"@id\":\"https:\/\/corludahaber.com\/h\/ipsalada-golete-2-bin-yavru-sazan-baligi-birakildi\/124082#primaryimage\",\"url\":\"https:\/\/corludahaber.com\/h\/wp-content\/uploads\/2026\/08\/ipsalada-golete-2-bin-yavru-sazan-baligi-birakildi_6a95cb87dc050.jpeg\",\"contentUrl\":\"https:\/\/corludahaber.com\/h\/wp-content\/uploads\/2026\/08\/ipsalada-golete-2-bin-yavru-sazan-baligi-birakildi_6a95cb87dc050.jpeg\",\"width\":1200,\"height\":1600},{\"@type\":\"BreadcrumbList\",\"@id\":\"https:\/\/corludahaber.com\/h\/ipsalada-golete-2-bin-yavru-sazan-baligi-birakildi\/124082#breadcrumb\",\"itemListElement\":[{\"@type\":\"ListItem\",\"position\":1,\"name\":\"Anasayfa\",\"item\":\"https:\/\/corludahaber.com\/h\/anasayfa\"},{\"@type\":\"ListItem\",\"position\":2,\"name\":\"Edirne\",\"item\":\"https:\/\/corludahaber.com\/h\/kategori\/edirne\"},{\"@type\":\"ListItem\",\"position\":3,\"name\":\"\u0130psala\u2019da g\u00f6lete 2 bin yavru sazan bal\u0131\u011f\u0131 b\u0131rak\u0131ld\u0131\"}]},{\"@type\":\"WebSite\",\"@id\":\"https:\/\/corludahaber.com\/h\/#website\",\"url\":\"https:\/\/corludahaber.com\/h\/\",\"name\":\"\u00c7orlu'da Haber\",\"description\":\"Ger\u00e7ek Tarafs\u0131z Haber\",\"publisher\":{\"@id\":\"https:\/\/corludahaber.com\/h\/#organization\"},\"potentialAction\":[{\"@type\":\"SearchAction\",\"target\":{\"@type\":\"EntryPoint\",\"urlTemplate\":\"https:\/\/corludahaber.com\/h\/?s={search_term_string}\"},\"query-input\":\"required name=search_term_string\"}],\"inLanguage\":\"tr\"},{\"@type\":\"Organization\",\"@id\":\"https:\/\/corludahaber.com\/h\/#organization\",\"name\":\"\u00c7orlu'da Haber\",\"url\":\"https:\/\/corludahaber.com\/h\/\",\"logo\":{\"@type\":\"ImageObject\",\"inLanguage\":\"tr\",\"@id\":\"https:\/\/corludahaber.com\/h\/#\/schema\/logo\/image\/\",\"url\":\"https:\/\/corludahaber.com\/h\/wp-content\/uploads\/2021\/12\/logo__9__1_-removebg-preview.png\",\"contentUrl\":\"https:\/\/corludahaber.com\/h\/wp-content\/uploads\/2021\/12\/logo__9__1_-removebg-preview.png\",\"width\":500,\"height\":157,\"caption\":\"\u00c7orlu'da Haber\"},\"image\":{\"@id\":\"https:\/\/corludahaber.com\/h\/#\/schema\/logo\/image\/\"},\"sameAs\":[\"https:\/\/facebook.com\/habercorluda\",\"https:\/\/x.com\/habercorluda\",\"https:\/\/www.instagram.com\/corludahaber\",\"https:\/\/www.youtube.com\/user\/corludahaber\"]},{\"@type\":\"Person\",\"@id\":\"https:\/\/corludahaber.com\/h\/#\/schema\/person\/b523522be44b062db5d74a62589768cd\",\"name\":\"\u00c7orlu'da Haber\",\"image\":{\"@type\":\"ImageObject\",\"inLanguage\":\"tr\",\"@id\":\"https:\/\/corludahaber.com\/h\/#\/schema\/person\/image\/\",\"url\":\"https:\/\/secure.gravatar.com\/avatar\/1033e54e078c29fd7f053370086ff627ba414b05c2b231c418a481adecd764ce?s=96&d=blank&r=g\",\"contentUrl\":\"https:\/\/secure.gravatar.com\/avatar\/1033e54e078c29fd7f053370086ff627ba414b05c2b231c418a481adecd764ce?s=96&d=blank&r=g\",\"caption\":\"\u00c7orlu'da Haber\"},\"sameAs\":[\"https:\/\/corludahaber.com\/h\"],\"url\":\"https:\/\/corludahaber.com\/h\/author\/admin\"}]}<\/script>\n<!-- \/ Yoast SEO Premium plugin. -->","yoast_head_json":{"title":"\u0130psala\u2019da g\u00f6lete 2 bin yavru sazan bal\u0131\u011f\u0131 b\u0131rak\u0131ld\u0131 | \u00c7orlu&#039;da Haber","description":"\u0130psala\u2019da g\u00f6lete 2 bin yavru sazan bal\u0131\u011f\u0131 b\u0131rak\u0131ld\u0131 | \u00c7orlu&#039;da Haber","robots":{"index":"index","follow":"follow","max-snippet":"max-snippet:-1","max-image-preview":"max-image-preview:large","max-video-preview":"max-video-preview:-1"},"canonical":"https:\/\/corludahaber.com\/h\/ipsalada-golete-2-bin-yavru-sazan-baligi-birakildi\/124082","og_locale":"tr_TR","og_type":"article","og_title":"\u0130psala\u2019da g\u00f6lete 2 bin yavru sazan bal\u0131\u011f\u0131 b\u0131rak\u0131ld\u0131 | \u00c7orlu&#039;da Haber","og_description":"\u0130psala\u2019da g\u00f6lete 2 bin yavru sazan bal\u0131\u011f\u0131 b\u0131rak\u0131ld\u0131 | \u00c7orlu&#039;da Haber","og_url":"https:\/\/corludahaber.com\/h\/ipsalada-golete-2-bin-yavru-sazan-baligi-birakildi\/124082","og_site_name":"\u00c7orlu&#039;da Haber","article_publisher":"https:\/\/facebook.com\/habercorluda","article_published_time":"2026-08-31T18:44:20+00:00","article_modified_time":"2026-08-31T18:44:29+00:00","og_image":[{"width":1200,"height":1600,"url":"http:\/\/corludahaber.com\/h\/wp-content\/uploads\/2026\/08\/ipsalada-golete-2-bin-yavru-sazan-baligi-birakildi_6a95cb87dc050.jpeg","type":"image\/jpeg"}],"author":"\u00c7orlu'da Haber","twitter_card":"summary_large_image","twitter_creator":"@habercorluda","twitter_site":"@habercorluda","twitter_misc":{"Yazan:":"\u00c7orlu'da Haber","Tahmini okuma s\u00fcresi":"1 dakika"},"schema":{"@context":"https:\/\/schema.org","@graph":[{"@type":"Article","@id":"https:\/\/corludahaber.com\/h\/ipsalada-golete-2-bin-yavru-sazan-baligi-birakildi\/124082#article","isPartOf":{"@id":"https:\/\/corludahaber.com\/h\/ipsalada-golete-2-bin-yavru-sazan-baligi-birakildi\/124082"},"author":{"name":"\u00c7orlu'da Haber","@id":"https:\/\/corludahaber.com\/h\/#\/schema\/person\/b523522be44b062db5d74a62589768cd"},"headline":"\u0130psala\u2019da g\u00f6lete 2 bin yavru sazan bal\u0131\u011f\u0131 b\u0131rak\u0131ld\u0131","datePublished":"2026-08-31T18:44:20+00:00","dateModified":"2026-08-31T18:44:29+00:00","mainEntityOfPage":{"@id":"https:\/\/corludahaber.com\/h\/ipsalada-golete-2-bin-yavru-sazan-baligi-birakildi\/124082"},"wordCount":297,"commentCount":0,"publisher":{"@id":"https:\/\/corludahaber.com\/h\/#organization"},"image":{"@id":"https:\/\/corludahaber.com\/h\/ipsalada-golete-2-bin-yavru-sazan-baligi-birakildi\/124082#primaryimage"},"thumbnailUrl":"https:\/\/corludahaber.com\/h\/wp-content\/uploads\/2026\/08\/ipsalada-golete-2-bin-yavru-sazan-baligi-birakildi_6a95cb87dc050.jpeg","keywords":["asayi\u015f","bal\u0131\u011f\u0131","B\u0131rak\u0131ld\u0131","\u00c7orlu kaza","\u00c7orlu son dakika kaza","G\u00f6lete","\u0130psala","\u0130psala\u2019da g\u00f6lete 2 bin yavru sazan bal\u0131\u011f\u0131 b\u0131rak\u0131ld\u0131","sazan","son dakika kaza","yavru"],"articleSection":["Edirne"],"inLanguage":"tr","potentialAction":[{"@type":"CommentAction","name":"Comment","target":["https:\/\/corludahaber.com\/h\/ipsalada-golete-2-bin-yavru-sazan-baligi-birakildi\/124082#respond"]}]},{"@type":"WebPage","@id":"https:\/\/corludahaber.com\/h\/ipsalada-golete-2-bin-yavru-sazan-baligi-birakildi\/124082","url":"https:\/\/corludahaber.com\/h\/ipsalada-golete-2-bin-yavru-sazan-baligi-birakildi\/124082","name":"\u0130psala\u2019da g\u00f6lete 2 bin yavru sazan bal\u0131\u011f\u0131 b\u0131rak\u0131ld\u0131 | \u00c7orlu&#039;da Haber","isPartOf":{"@id":"https:\/\/corludahaber.com\/h\/#website"},"primaryImageOfPage":{"@id":"https:\/\/corludahaber.com\/h\/ipsalada-golete-2-bin-yavru-sazan-baligi-birakildi\/124082#primaryimage"},"image":{"@id":"https:\/\/corludahaber.com\/h\/ipsalada-golete-2-bin-yavru-sazan-baligi-birakildi\/124082#primaryimage"},"thumbnailUrl":"https:\/\/corludahaber.com\/h\/wp-content\/uploads\/2026\/08\/ipsalada-golete-2-bin-yavru-sazan-baligi-birakildi_6a95cb87dc050.jpeg","datePublished":"2026-08-31T18:44:20+00:00","dateModified":"2026-08-31T18:44:29+00:00","description":"\u0130psala\u2019da g\u00f6lete 2 bin yavru sazan bal\u0131\u011f\u0131 b\u0131rak\u0131ld\u0131 | \u00c7orlu&#039;da Haber","breadcrumb":{"@id":"https:\/\/corludahaber.com\/h\/ipsalada-golete-2-bin-yavru-sazan-baligi-birakildi\/124082#breadcrumb"},"inLanguage":"tr","potentialAction":[{"@type":"ReadAction","target":["https:\/\/corludahaber.com\/h\/ipsalada-golete-2-bin-yavru-sazan-baligi-birakildi\/124082"]}]},{"@type":"ImageObject","inLanguage":"tr","@id":"https:\/\/corludahaber.com\/h\/ipsalada-golete-2-bin-yavru-sazan-baligi-birakildi\/124082#primaryimage","url":"https:\/\/corludahaber.com\/h\/wp-content\/uploads\/2026\/08\/ipsalada-golete-2-bin-yavru-sazan-baligi-birakildi_6a95cb87dc050.jpeg","contentUrl":"https:\/\/corludahaber.com\/h\/wp-content\/uploads\/2026\/08\/ipsalada-golete-2-bin-yavru-sazan-baligi-birakildi_6a95cb87dc050.jpeg","width":1200,"height":1600},{"@type":"BreadcrumbList","@id":"https:\/\/corludahaber.com\/h\/ipsalada-golete-2-bin-yavru-sazan-baligi-birakildi\/124082#breadcrumb","itemListElement":[{"@type":"ListItem","position":1,"name":"Anasayfa","item":"https:\/\/corludahaber.com\/h\/anasayfa"},{"@type":"ListItem","position":2,"name":"Edirne","item":"https:\/\/corludahaber.com\/h\/kategori\/edirne"},{"@type":"ListItem","position":3,"name":"\u0130psala\u2019da g\u00f6lete 2 bin yavru sazan bal\u0131\u011f\u0131 b\u0131rak\u0131ld\u0131"}]},{"@type":"WebSite","@id":"https:\/\/corludahaber.com\/h\/#website","url":"https:\/\/corludahaber.com\/h\/","name":"\u00c7orlu'da Haber","description":"Ger\u00e7ek Tarafs\u0131z Haber","publisher":{"@id":"https:\/\/corludahaber.com\/h\/#organization"},"potentialAction":[{"@type":"SearchAction","target":{"@type":"EntryPoint","urlTemplate":"https:\/\/corludahaber.com\/h\/?s={search_term_string}"},"query-input":"required name=search_term_string"}],"inLanguage":"tr"},{"@type":"Organization","@id":"https:\/\/corludahaber.com\/h\/#organization","name":"\u00c7orlu'da Haber","url":"https:\/\/corludahaber.com\/h\/","logo":{"@type":"ImageObject","inLanguage":"tr","@id":"https:\/\/corludahaber.com\/h\/#\/schema\/logo\/image\/","url":"https:\/\/corludahaber.com\/h\/wp-content\/uploads\/2021\/12\/logo__9__1_-removebg-preview.png","contentUrl":"https:\/\/corludahaber.com\/h\/wp-content\/uploads\/2021\/12\/logo__9__1_-removebg-preview.png","width":500,"height":157,"caption":"\u00c7orlu'da Haber"},"image":{"@id":"https:\/\/corludahaber.com\/h\/#\/schema\/logo\/image\/"},"sameAs":["https:\/\/facebook.com\/habercorluda","https:\/\/x.com\/habercorluda","https:\/\/www.instagram.com\/corludahaber","https:\/\/www.youtube.com\/user\/corludahaber"]},{"@type":"Person","@id":"https:\/\/corludahaber.com\/h\/#\/schema\/person\/b523522be44b062db5d74a62589768cd","name":"\u00c7orlu'da Haber","image":{"@type":"ImageObject","inLanguage":"tr","@id":"https:\/\/corludahaber.com\/h\/#\/schema\/person\/image\/","url":"https:\/\/secure.gravatar.com\/avatar\/1033e54e078c29fd7f053370086ff627ba414b05c2b231c418a481adecd764ce?s=96&d=blank&r=g","contentUrl":"https:\/\/secure.gravatar.com\/avatar\/1033e54e078c29fd7f053370086ff627ba414b05c2b231c418a481adecd764ce?s=96&d=blank&r=g","caption":"\u00c7orlu'da Haber"},"sameAs":["https:\/\/corludahaber.com\/h"],"url":"https:\/\/corludahaber.com\/h\/author\/admin"}]}},"_links":{"self":[{"href":"https:\/\/corludahaber.com\/h\/wp-json\/wp\/v2\/posts\/124082","targetHints":{"allow":["GET"]}}],"collection":[{"href":"https:\/\/corludahaber.com\/h\/wp-json\/wp\/v2\/posts"}],"about":[{"href":"https:\/\/corludahaber.com\/h\/wp-json\/wp\/v2\/types\/post"}],"author":[{"embeddable":true,"href":"https:\/\/corludahaber.com\/h\/wp-json\/wp\/v2\/users\/151"}],"replies":[{"embeddable":true,"href":"https:\/\/corludahaber.com\/h\/wp-json\/wp\/v2\/comments?post=124082"}],"version-history":[{"count":1,"href":"https:\/\/corludahaber.com\/h\/wp-json\/wp\/v2\/posts\/124082\/revisions"}],"predecessor-version":[{"id":124087,"href":"https:\/\/corludahaber.com\/h\/wp-json\/wp\/v2\/posts\/124082\/revisions\/124087"}],"wp:featuredmedia":[{"embeddable":true,"href":"https:\/\/corludahaber.com\/h\/wp-json\/wp\/v2\/media\/124085"}],"wp:attachment":[{"href":"https:\/\/corludahaber.com\/h\/wp-json\/wp\/v2\/media?parent=124082"}],"wp:term":[{"taxonomy":"category","embeddable":true,"href":"https:\/\/corludahaber.com\/h\/wp-json\/wp\/v2\/categories?post=124082"},{"taxonomy":"post_tag","embeddable":true,"href":"https:\/\/corludahaber.com\/h\/wp-json\/wp\/v2\/tags?post=124082"}],"curies":[{"name":"wp","href":"https:\/\/api.w.org\/{rel}","templated":true}]}}