{"id":124079,"date":"2026-08-31T17:41:29","date_gmt":"2026-08-31T14:41:29","guid":{"rendered":"https:\/\/corludahaber.com\/h\/tekirdagda-karateci-asya-onel-anisina-turnuva-duzenlendi\/124079"},"modified":"2026-08-31T17:41:37","modified_gmt":"2026-08-31T14:41:37","slug":"tekirdagda-karateci-asya-onel-anisina-turnuva-duzenlendi","status":"publish","type":"post","link":"https:\/\/corludahaber.com\/h\/tekirdagda-karateci-asya-onel-anisina-turnuva-duzenlendi\/124079","title":{"rendered":"Tekirda\u011f&#8217;da karateci Asya  \u00d6nel, an\u0131s\u0131na turnuva d\u00fczenlendi"},"content":{"rendered":"<div class=\"corlu-icerikten-once_3\" id=\"corlu-2358150535\"><script type='text\/javascript' src='https:\/\/platform-api.sharethis.com\/js\/sharethis.js#property=5ce8cf08af7d000012cb0ca1&product=inline-reaction-buttons' async='async'><\/script>\r\n\r\n<\/div><div readability=\"78\"><span class=\"category-name hidden\"><\/span><\/p><div class=\"corlu-icerik-2\" id=\"corlu-2776702537\"><!-- Admatic AUTO ads START -->\r\n<ins data-publisher=\"adm-pub-155556240050\" data-ad-network=\"659428a24d11b285b616c18d\"   class=\"adm-ads-area\"><\/ins>\r\n<script type=\"text\/javascript\" src=\"https:\/\/static.cdn.admatic.com.tr\/showad\/showad.min.js\"><\/script>\r\n<!-- Admatic AUTO ads END --><\/div>\n<p>TEK\u0130RDA\u011e, (Haber Merkezi)- TEK\u0130RDA\u011e  B\u00fcy\u00fck\u015fehir Belediyesi, 30 A\u011fustos Zafer Bayram\u0131 kutlama etkinlikleri kapsam\u0131nda, hen\u00fcz 14 ya\u015f\u0131nda hayat\u0131n\u0131 kaybeden karate sporcusu Asya \u00d6nel&#8217;in an\u0131s\u0131n\u0131 ya\u015fatmak amac\u0131yla Asya \u00d6nel \u0130ller Aras\u0131 Karate \u015eampiyonas\u0131 d\u00fczenledi. Tekirda\u011f B\u00fcy\u00fck\u015fehir Belediyesi \u00f6nc\u00fcl\u00fc\u011f\u00fcnde, T\u00fcrkiye Karate Federasyonu ve Tekirda\u011f Gen\u00e7lik ve Spor \u0130l M\u00fcd\u00fcrl\u00fc\u011f\u00fc payda\u015fl\u0131\u011f\u0131nda ger\u00e7ekle\u015ftirilen \u015fampiyonada 18 ilden 880 sporcu m\u00fccadele etti.<\/p>\n<p>29-30 A\u011fustos tarihlerinde \u00c7orlu 100&#8217;\u00fcnc\u00fc  Y\u0131l Kapal\u0131 Spor Salonu&#8217;nda d\u00fczenlenen \u015fampiyonan\u0131n ilk g\u00fcn\u00fcnde 6-10 ya\u015f aras\u0131ndaki 460 minik sporcu, ikinci g\u00fcn\u00fcnde ise 11-13 ya\u015f aras\u0131ndaki 420 y\u0131ld\u0131z sporcu tatamiye \u00e7\u0131kt\u0131. Minikler kategorisinde k\u0131z ve erkek sporcular 46 farkl\u0131 kategoride, y\u0131ld\u0131zlar kategorisinde ise 44 farkl\u0131 kategoride m\u00fccadele etti. Sporcular, karate sporunun temel yar\u0131\u015fma dallar\u0131 olan kata ve kumitede yeteneklerini sergiledi. <\/p>\n<p>Program\u0131n a\u00e7\u0131l\u0131\u015f seremonisinde konu\u015fan Tekirda\u011f B\u00fcy\u00fck\u015fehir Belediye Ba\u015fkan\u0131 Dr. Candan Y\u00fcceer, \u015fampiyonan\u0131n en b\u00fcy\u00fck madalyas\u0131n\u0131n, Asya&#8217;n\u0131n ad\u0131n\u0131n ve hayallerinin ya\u015fat\u0131lmas\u0131 oldu\u011funu belirterek, &#8220;30 A\u011fustos Zafer Bayram\u0131&#8217;m\u0131z\u0131n gururunu ya\u015fad\u0131\u011f\u0131m\u0131z bu anlaml\u0131 g\u00fcnlerde, Asya \u00d6nel \u0130ller Aras\u0131 Karate \u015eampiyonas\u0131 vesilesiyle \u00c7orlu&#8217;muzda ve Tekirda\u011f&#8217;\u0131m\u0131zda sizlerle bir arada olmaktan b\u00fcy\u00fck mutluluk duyuyorum. T\u00fcrkiye&#8217;mizin bir\u00e7ok ilinden gelen t\u00fcm sporcular\u0131m\u0131za, ailelerimize, hakemlerimize ve antren\u00f6rlerimize y\u00fcrekten ho\u015f geldiniz diyorum. Spor, yaln\u0131zca kazanmaktan ibaret de\u011fildir. Spor; d\u00fc\u015ft\u00fc\u011f\u00fcnde yeniden aya\u011fa kalkabilmek, kaybetti\u011finde rakibinin elini s\u0131kabilmek ve kazand\u0131\u011f\u0131nda o tevazuyu koruyabilmektir. Karate ise size bunlardan \u00e7ok daha fazlas\u0131n\u0131 \u00f6\u011fretir; kendi g\u00fcc\u00fcn\u00fc, \u00f6fkeni ve heyecan\u0131n\u0131 kontrol edebilmeyi. Bug\u00fcn bu salonda hat\u0131ras\u0131n\u0131 ya\u015fatt\u0131\u011f\u0131m\u0131z sevgili evlad\u0131m\u0131z Asya \u00d6nel&#8217;in ac\u0131s\u0131n\u0131 tarif edecek hi\u00e7bir c\u00fcmle yok. Evlat kayb\u0131n\u0131n geride b\u0131rakt\u0131\u011f\u0131 o sessizli\u011fi dolduramay\u0131z, Asya&#8217;m\u0131z\u0131 geri getiremeyiz elbette. Ama onu unutmayabilir, ad\u0131n\u0131 ya\u015fatabilir ve hayalini ba\u015fka \u00e7ocuklar\u0131n hayallerine emanet edebiliriz. Bug\u00fcn burada tatamiye \u00e7\u0131kan her \u00e7ocu\u011fumuzun heyecan\u0131nda, m\u00fccadelesinde ve sevincinde Asya&#8217;n\u0131n bir par\u00e7as\u0131 var. Belki de insan\u0131n ard\u0131ndan b\u0131rakabilece\u011fi en g\u00fczel iz, hayat\u0131n\u0131n ba\u015fka hayatlara dokunmaya devam etmesidir. Bana sorarsan\u0131z bu \u015fampiyonan\u0131n en b\u00fcy\u00fck madalyas\u0131, Asya&#8217;n\u0131n ad\u0131n\u0131n unutulmamas\u0131d\u0131r. Seni unutmayaca\u011f\u0131z g\u00fczel k\u0131z\u0131m&#8221; dedi. <\/p>\n<p>Konu\u015fmalar\u0131n ard\u0131ndan \u015fampiyonan\u0131n ilk g\u00fcn\u00fcnde m\u00fccadele eden minik sporcular\u0131n \u00f6d\u00fclleri verildi. \u0130lk g\u00fcn m\u00fcsabakalar\u0131n\u0131 tamamlayan sporculara madalya ve kat\u0131l\u0131m belgeleri protokol \u00fcyeleri taraf\u0131ndan takdim edildi. \u015eampiyonan\u0131n ikinci g\u00fcn\u00fcnde ise 10-13 ya\u015f aras\u0131ndaki 420 y\u0131ld\u0131z sporcu tatamide m\u00fccadele etti. K\u0131z ve erkek sporcular\u0131n 44 farkl\u0131 kategoride kata ve kumite dallar\u0131nda yar\u0131\u015ft\u0131\u011f\u0131 m\u00fcsabakalar\u0131n ard\u0131ndan \u00f6d\u00fcl t\u00f6reni d\u00fczenlendi. \u0130kinci g\u00fcn m\u00fcsabakalar\u0131nda dereceye giren sporculara madalya ve kat\u0131l\u0131m belgeleri protokol \u00fcyeleri taraf\u0131ndan takdim edildi. B\u00f6ylece iki g\u00fcn boyunca 18 ilden 880 gen\u00e7 sporcunun m\u00fccadele etti\u011fi \u015fampiyona tamamland\u0131.<\/p>\n<p>ASYA&#8217;NIN ADI TATAM\u0130DE YA\u015eATILDI<\/p>\n<p>\u015eampiyonay\u0131 anlaml\u0131 k\u0131lan en \u00f6nemli unsur ise gen\u00e7 ya\u015fta hayat\u0131n\u0131 kaybeden Asya \u00d6nel&#8217;in ad\u0131n\u0131n, tutkuyla ba\u011fl\u0131 oldu\u011fu karate sporuyla ya\u015fat\u0131lmas\u0131 oldu. Hen\u00fcz 14 ya\u015f\u0131nda hayata veda eden gen\u00e7 sporcunun an\u0131s\u0131na d\u00fczenlenen \u015fampiyonada y\u00fczlerce \u00e7ocuk tatamiye \u00e7\u0131kt\u0131. (Haber Merkezi)<\/p>\n<\/div>\n<div class=\"corlu-icerikten-sonra_3\" id=\"corlu-21645557\"><p><img loading=\"lazy\" decoding=\"async\" class=\"aligncenter\" src=\"https:\/\/www.corludahaber.com\/bahcesehir.jpg\" alt=\"\" width=\"624\" height=\"196\" \/><\/p>\n<table style=\"text-align: left; width: 100%;\" border=\"1\" cellspacing=\"2\" cellpadding=\"2\">\n<tbody>\n<tr>\n<td style=\"background-color: #050805;\"><span style=\"font-size: 12pt;\"><small><small><em><strong><big><span style=\"color: #ff0000;\">Haber ve resimlerin telif haklar\u0131ndan dolay\u0131 kullan\u0131m\u0131 yasakt\u0131r<span style=\"color: #000000;\">.<\/span><\/span><span style=\"color: #000000;\">\u00a0<\/span><span style=\"color: #ffffff;\">Yaz\u0131l\u0131 izni al\u0131nmadan hi\u00e7bir yaz\u0131l\u0131, g\u00f6rsel, i\u015fitsel i\u00e7erik kopyalanamaz, de\u011fi\u015ftirilemez, yay\u0131nlanamaz veya sat\u0131lamaz. Aksi halde<\/span>\u00a0<span style=\"color: #ff0000;\">5846<span style=\"color: #ffffff;\">\u00a0<\/span><\/span><span style=\"color: #ffffff;\">say\u0131l\u0131 Fikir ve Sanat Eserleri Kanunu\u2019na ve<\/span>\u00a0<span style=\"color: #800000;\"><span style=\"color: #ff0000;\">6102<\/span><span style=\"color: #ffffff;\">\u00a0<\/span><\/span><span style=\"color: #ffffff;\">say\u0131l\u0131 maddesine g\u00f6re<\/span>\u00a0<span style=\"color: #ff0000;\">gerekli i\u015flemler uygulanacakt\u0131r.<\/span><br \/>\n<span style=\"color: #ffffff;\">\u00a9 Copyright 2014<\/span><\/big><\/strong><\/em><\/small><\/small><\/span><\/td>\n<\/tr>\n<\/tbody>\n<\/table>\n<p><small><small>\u00a0<\/small><\/small><\/p>\n<\/div>","protected":false},"excerpt":{"rendered":"<p>TEK\u0130RDA\u011e, (Haber Merkezi)- TEK\u0130RDA\u011e B\u00fcy\u00fck\u015fehir Belediyesi, 30 A\u011fustos Zafer Bayram\u0131 kutlama etkinlikleri kapsam\u0131nda, hen\u00fcz 14 ya\u015f\u0131nda hayat\u0131n\u0131 kaybeden karate sporcusu Asya \u00d6nel&#8217;in an\u0131s\u0131n\u0131 ya\u015fatmak amac\u0131yla Asya \u00d6nel \u0130ller Aras\u0131 Karate \u015eampiyonas\u0131 d\u00fczenledi. Tekirda\u011f B\u00fcy\u00fck\u015fehir Belediyesi \u00f6nc\u00fcl\u00fc\u011f\u00fcnde, T\u00fcrkiye Karate Federasyonu ve Tekirda\u011f Gen\u00e7lik ve Spor \u0130l M\u00fcd\u00fcrl\u00fc\u011f\u00fc payda\u015fl\u0131\u011f\u0131nda ger\u00e7ekle\u015ftirilen \u015fampiyonada 18 ilden 880 sporcu m\u00fccadele etti. &hellip;<\/p>\n","protected":false},"author":151,"featured_media":124080,"comment_status":"open","ping_status":"closed","sticky":false,"template":"","format":"standard","meta":{"footnotes":""},"categories":[27],"tags":[6252,8025,9376,15478,824,36621,36622,3661,376,36624,36623],"class_list":["post-124079","post","type-post","status-publish","format-standard","has-post-thumbnail","hentry","category-yasam","tag-anisina","tag-asayis","tag-corlu-kaza","tag-corlu-son-dakika-kaza","tag-duzenlendi","tag-karateci","tag-onel","tag-son-dakika-kaza","tag-tekirdag","tag-tekirdagda-karateci-asya-onel-anisina-turnuva-duzenlendi","tag-turnuva"],"yoast_head":"<!-- This site is optimized with the Yoast SEO Premium plugin v23.3 (Yoast SEO v23.3) - https:\/\/yoast.com\/wordpress\/plugins\/seo\/ -->\n<title>Tekirda\u011f&#039;da karateci Asya \u00d6nel, an\u0131s\u0131na turnuva d\u00fczenlendi | \u00c7orlu&#039;da Haber<\/title>\n<meta name=\"description\" content=\"Tekirda\u011f&#039;da karateci Asya \u00d6nel, an\u0131s\u0131na turnuva d\u00fczenlendi | \u00c7orlu&#039;da Haber\" \/>\n<meta name=\"robots\" content=\"index, follow, max-snippet:-1, max-image-preview:large, max-video-preview:-1\" \/>\n<link rel=\"canonical\" href=\"https:\/\/corludahaber.com\/h\/tekirdagda-karateci-asya-onel-anisina-turnuva-duzenlendi\/124079\" \/>\n<meta property=\"og:locale\" content=\"tr_TR\" \/>\n<meta property=\"og:type\" content=\"article\" \/>\n<meta property=\"og:title\" content=\"Tekirda\u011f&#039;da karateci Asya \u00d6nel, an\u0131s\u0131na turnuva d\u00fczenlendi | \u00c7orlu&#039;da Haber\" \/>\n<meta property=\"og:description\" content=\"Tekirda\u011f&#039;da karateci Asya \u00d6nel, an\u0131s\u0131na turnuva d\u00fczenlendi | \u00c7orlu&#039;da Haber\" \/>\n<meta property=\"og:url\" content=\"https:\/\/corludahaber.com\/h\/tekirdagda-karateci-asya-onel-anisina-turnuva-duzenlendi\/124079\" \/>\n<meta property=\"og:site_name\" content=\"\u00c7orlu&#039;da Haber\" \/>\n<meta property=\"article:publisher\" content=\"https:\/\/facebook.com\/habercorluda\" \/>\n<meta property=\"article:published_time\" content=\"2026-08-31T14:41:29+00:00\" \/>\n<meta property=\"article:modified_time\" content=\"2026-08-31T14:41:37+00:00\" \/>\n<meta property=\"og:image\" content=\"http:\/\/corludahaber.com\/h\/wp-content\/uploads\/2026\/08\/tekirdagda-karateci-asya-onel-anisina-turnuva-duzenlendi_6a95929c07067.jpeg\" \/>\n\t<meta property=\"og:image:width\" content=\"2300\" \/>\n\t<meta property=\"og:image:height\" content=\"1294\" \/>\n\t<meta property=\"og:image:type\" content=\"image\/jpeg\" \/>\n<meta name=\"author\" content=\"\u00c7orlu&#039;da Haber\" \/>\n<meta name=\"twitter:card\" content=\"summary_large_image\" \/>\n<meta name=\"twitter:creator\" content=\"@habercorluda\" \/>\n<meta name=\"twitter:site\" content=\"@habercorluda\" \/>\n<meta name=\"twitter:label1\" content=\"Yazan:\" \/>\n\t<meta name=\"twitter:data1\" content=\"\u00c7orlu&#039;da Haber\" \/>\n\t<meta name=\"twitter:label2\" content=\"Tahmini okuma s\u00fcresi\" \/>\n\t<meta name=\"twitter:data2\" content=\"3 dakika\" \/>\n<script type=\"application\/ld+json\" class=\"yoast-schema-graph\">{\"@context\":\"https:\/\/schema.org\",\"@graph\":[{\"@type\":\"Article\",\"@id\":\"https:\/\/corludahaber.com\/h\/tekirdagda-karateci-asya-onel-anisina-turnuva-duzenlendi\/124079#article\",\"isPartOf\":{\"@id\":\"https:\/\/corludahaber.com\/h\/tekirdagda-karateci-asya-onel-anisina-turnuva-duzenlendi\/124079\"},\"author\":{\"name\":\"\u00c7orlu'da Haber\",\"@id\":\"https:\/\/corludahaber.com\/h\/#\/schema\/person\/b523522be44b062db5d74a62589768cd\"},\"headline\":\"Tekirda\u011f&#8217;da karateci Asya \u00d6nel, an\u0131s\u0131na turnuva d\u00fczenlendi\",\"datePublished\":\"2026-08-31T14:41:29+00:00\",\"dateModified\":\"2026-08-31T14:41:37+00:00\",\"mainEntityOfPage\":{\"@id\":\"https:\/\/corludahaber.com\/h\/tekirdagda-karateci-asya-onel-anisina-turnuva-duzenlendi\/124079\"},\"wordCount\":629,\"commentCount\":0,\"publisher\":{\"@id\":\"https:\/\/corludahaber.com\/h\/#organization\"},\"image\":{\"@id\":\"https:\/\/corludahaber.com\/h\/tekirdagda-karateci-asya-onel-anisina-turnuva-duzenlendi\/124079#primaryimage\"},\"thumbnailUrl\":\"https:\/\/corludahaber.com\/h\/wp-content\/uploads\/2026\/08\/tekirdagda-karateci-asya-onel-anisina-turnuva-duzenlendi_6a95929c07067.jpeg\",\"keywords\":[\"an\u0131s\u0131na\",\"asayi\u015f\",\"\u00c7orlu kaza\",\"\u00c7orlu son dakika kaza\",\"d\u00fczenlendi\",\"karateci\",\"\u00d6nel\",\"son dakika kaza\",\"Tekirda\u011f\",\"Tekirda\u011f'da karateci Asya \u00d6nel, an\u0131s\u0131na turnuva d\u00fczenlendi\",\"turnuva\"],\"articleSection\":[\"Ya\u015fam\"],\"inLanguage\":\"tr\",\"potentialAction\":[{\"@type\":\"CommentAction\",\"name\":\"Comment\",\"target\":[\"https:\/\/corludahaber.com\/h\/tekirdagda-karateci-asya-onel-anisina-turnuva-duzenlendi\/124079#respond\"]}]},{\"@type\":\"WebPage\",\"@id\":\"https:\/\/corludahaber.com\/h\/tekirdagda-karateci-asya-onel-anisina-turnuva-duzenlendi\/124079\",\"url\":\"https:\/\/corludahaber.com\/h\/tekirdagda-karateci-asya-onel-anisina-turnuva-duzenlendi\/124079\",\"name\":\"Tekirda\u011f'da karateci Asya \u00d6nel, an\u0131s\u0131na turnuva d\u00fczenlendi | \u00c7orlu&#039;da Haber\",\"isPartOf\":{\"@id\":\"https:\/\/corludahaber.com\/h\/#website\"},\"primaryImageOfPage\":{\"@id\":\"https:\/\/corludahaber.com\/h\/tekirdagda-karateci-asya-onel-anisina-turnuva-duzenlendi\/124079#primaryimage\"},\"image\":{\"@id\":\"https:\/\/corludahaber.com\/h\/tekirdagda-karateci-asya-onel-anisina-turnuva-duzenlendi\/124079#primaryimage\"},\"thumbnailUrl\":\"https:\/\/corludahaber.com\/h\/wp-content\/uploads\/2026\/08\/tekirdagda-karateci-asya-onel-anisina-turnuva-duzenlendi_6a95929c07067.jpeg\",\"datePublished\":\"2026-08-31T14:41:29+00:00\",\"dateModified\":\"2026-08-31T14:41:37+00:00\",\"description\":\"Tekirda\u011f'da karateci Asya \u00d6nel, an\u0131s\u0131na turnuva d\u00fczenlendi | \u00c7orlu&#039;da Haber\",\"breadcrumb\":{\"@id\":\"https:\/\/corludahaber.com\/h\/tekirdagda-karateci-asya-onel-anisina-turnuva-duzenlendi\/124079#breadcrumb\"},\"inLanguage\":\"tr\",\"potentialAction\":[{\"@type\":\"ReadAction\",\"target\":[\"https:\/\/corludahaber.com\/h\/tekirdagda-karateci-asya-onel-anisina-turnuva-duzenlendi\/124079\"]}]},{\"@type\":\"ImageObject\",\"inLanguage\":\"tr\",\"@id\":\"https:\/\/corludahaber.com\/h\/tekirdagda-karateci-asya-onel-anisina-turnuva-duzenlendi\/124079#primaryimage\",\"url\":\"https:\/\/corludahaber.com\/h\/wp-content\/uploads\/2026\/08\/tekirdagda-karateci-asya-onel-anisina-turnuva-duzenlendi_6a95929c07067.jpeg\",\"contentUrl\":\"https:\/\/corludahaber.com\/h\/wp-content\/uploads\/2026\/08\/tekirdagda-karateci-asya-onel-anisina-turnuva-duzenlendi_6a95929c07067.jpeg\",\"width\":2300,\"height\":1294},{\"@type\":\"BreadcrumbList\",\"@id\":\"https:\/\/corludahaber.com\/h\/tekirdagda-karateci-asya-onel-anisina-turnuva-duzenlendi\/124079#breadcrumb\",\"itemListElement\":[{\"@type\":\"ListItem\",\"position\":1,\"name\":\"Anasayfa\",\"item\":\"https:\/\/corludahaber.com\/h\/anasayfa\"},{\"@type\":\"ListItem\",\"position\":2,\"name\":\"Ya\u015fam\",\"item\":\"https:\/\/corludahaber.com\/h\/kategori\/yasam\"},{\"@type\":\"ListItem\",\"position\":3,\"name\":\"Tekirda\u011f&#8217;da karateci Asya \u00d6nel, an\u0131s\u0131na turnuva d\u00fczenlendi\"}]},{\"@type\":\"WebSite\",\"@id\":\"https:\/\/corludahaber.com\/h\/#website\",\"url\":\"https:\/\/corludahaber.com\/h\/\",\"name\":\"\u00c7orlu'da Haber\",\"description\":\"Ger\u00e7ek Tarafs\u0131z Haber\",\"publisher\":{\"@id\":\"https:\/\/corludahaber.com\/h\/#organization\"},\"potentialAction\":[{\"@type\":\"SearchAction\",\"target\":{\"@type\":\"EntryPoint\",\"urlTemplate\":\"https:\/\/corludahaber.com\/h\/?s={search_term_string}\"},\"query-input\":\"required name=search_term_string\"}],\"inLanguage\":\"tr\"},{\"@type\":\"Organization\",\"@id\":\"https:\/\/corludahaber.com\/h\/#organization\",\"name\":\"\u00c7orlu'da Haber\",\"url\":\"https:\/\/corludahaber.com\/h\/\",\"logo\":{\"@type\":\"ImageObject\",\"inLanguage\":\"tr\",\"@id\":\"https:\/\/corludahaber.com\/h\/#\/schema\/logo\/image\/\",\"url\":\"https:\/\/corludahaber.com\/h\/wp-content\/uploads\/2021\/12\/logo__9__1_-removebg-preview.png\",\"contentUrl\":\"https:\/\/corludahaber.com\/h\/wp-content\/uploads\/2021\/12\/logo__9__1_-removebg-preview.png\",\"width\":500,\"height\":157,\"caption\":\"\u00c7orlu'da Haber\"},\"image\":{\"@id\":\"https:\/\/corludahaber.com\/h\/#\/schema\/logo\/image\/\"},\"sameAs\":[\"https:\/\/facebook.com\/habercorluda\",\"https:\/\/x.com\/habercorluda\",\"https:\/\/www.instagram.com\/corludahaber\",\"https:\/\/www.youtube.com\/user\/corludahaber\"]},{\"@type\":\"Person\",\"@id\":\"https:\/\/corludahaber.com\/h\/#\/schema\/person\/b523522be44b062db5d74a62589768cd\",\"name\":\"\u00c7orlu'da Haber\",\"image\":{\"@type\":\"ImageObject\",\"inLanguage\":\"tr\",\"@id\":\"https:\/\/corludahaber.com\/h\/#\/schema\/person\/image\/\",\"url\":\"https:\/\/secure.gravatar.com\/avatar\/1033e54e078c29fd7f053370086ff627ba414b05c2b231c418a481adecd764ce?s=96&d=blank&r=g\",\"contentUrl\":\"https:\/\/secure.gravatar.com\/avatar\/1033e54e078c29fd7f053370086ff627ba414b05c2b231c418a481adecd764ce?s=96&d=blank&r=g\",\"caption\":\"\u00c7orlu'da Haber\"},\"sameAs\":[\"https:\/\/corludahaber.com\/h\"],\"url\":\"https:\/\/corludahaber.com\/h\/author\/admin\"}]}<\/script>\n<!-- \/ Yoast SEO Premium plugin. -->","yoast_head_json":{"title":"Tekirda\u011f'da karateci Asya \u00d6nel, an\u0131s\u0131na turnuva d\u00fczenlendi | \u00c7orlu&#039;da Haber","description":"Tekirda\u011f'da karateci Asya \u00d6nel, an\u0131s\u0131na turnuva d\u00fczenlendi | \u00c7orlu&#039;da Haber","robots":{"index":"index","follow":"follow","max-snippet":"max-snippet:-1","max-image-preview":"max-image-preview:large","max-video-preview":"max-video-preview:-1"},"canonical":"https:\/\/corludahaber.com\/h\/tekirdagda-karateci-asya-onel-anisina-turnuva-duzenlendi\/124079","og_locale":"tr_TR","og_type":"article","og_title":"Tekirda\u011f'da karateci Asya \u00d6nel, an\u0131s\u0131na turnuva d\u00fczenlendi | \u00c7orlu&#039;da Haber","og_description":"Tekirda\u011f'da karateci Asya \u00d6nel, an\u0131s\u0131na turnuva d\u00fczenlendi | \u00c7orlu&#039;da Haber","og_url":"https:\/\/corludahaber.com\/h\/tekirdagda-karateci-asya-onel-anisina-turnuva-duzenlendi\/124079","og_site_name":"\u00c7orlu&#039;da Haber","article_publisher":"https:\/\/facebook.com\/habercorluda","article_published_time":"2026-08-31T14:41:29+00:00","article_modified_time":"2026-08-31T14:41:37+00:00","og_image":[{"width":2300,"height":1294,"url":"http:\/\/corludahaber.com\/h\/wp-content\/uploads\/2026\/08\/tekirdagda-karateci-asya-onel-anisina-turnuva-duzenlendi_6a95929c07067.jpeg","type":"image\/jpeg"}],"author":"\u00c7orlu'da Haber","twitter_card":"summary_large_image","twitter_creator":"@habercorluda","twitter_site":"@habercorluda","twitter_misc":{"Yazan:":"\u00c7orlu'da Haber","Tahmini okuma s\u00fcresi":"3 dakika"},"schema":{"@context":"https:\/\/schema.org","@graph":[{"@type":"Article","@id":"https:\/\/corludahaber.com\/h\/tekirdagda-karateci-asya-onel-anisina-turnuva-duzenlendi\/124079#article","isPartOf":{"@id":"https:\/\/corludahaber.com\/h\/tekirdagda-karateci-asya-onel-anisina-turnuva-duzenlendi\/124079"},"author":{"name":"\u00c7orlu'da Haber","@id":"https:\/\/corludahaber.com\/h\/#\/schema\/person\/b523522be44b062db5d74a62589768cd"},"headline":"Tekirda\u011f&#8217;da karateci Asya \u00d6nel, an\u0131s\u0131na turnuva d\u00fczenlendi","datePublished":"2026-08-31T14:41:29+00:00","dateModified":"2026-08-31T14:41:37+00:00","mainEntityOfPage":{"@id":"https:\/\/corludahaber.com\/h\/tekirdagda-karateci-asya-onel-anisina-turnuva-duzenlendi\/124079"},"wordCount":629,"commentCount":0,"publisher":{"@id":"https:\/\/corludahaber.com\/h\/#organization"},"image":{"@id":"https:\/\/corludahaber.com\/h\/tekirdagda-karateci-asya-onel-anisina-turnuva-duzenlendi\/124079#primaryimage"},"thumbnailUrl":"https:\/\/corludahaber.com\/h\/wp-content\/uploads\/2026\/08\/tekirdagda-karateci-asya-onel-anisina-turnuva-duzenlendi_6a95929c07067.jpeg","keywords":["an\u0131s\u0131na","asayi\u015f","\u00c7orlu kaza","\u00c7orlu son dakika kaza","d\u00fczenlendi","karateci","\u00d6nel","son dakika kaza","Tekirda\u011f","Tekirda\u011f'da karateci Asya \u00d6nel, an\u0131s\u0131na turnuva d\u00fczenlendi","turnuva"],"articleSection":["Ya\u015fam"],"inLanguage":"tr","potentialAction":[{"@type":"CommentAction","name":"Comment","target":["https:\/\/corludahaber.com\/h\/tekirdagda-karateci-asya-onel-anisina-turnuva-duzenlendi\/124079#respond"]}]},{"@type":"WebPage","@id":"https:\/\/corludahaber.com\/h\/tekirdagda-karateci-asya-onel-anisina-turnuva-duzenlendi\/124079","url":"https:\/\/corludahaber.com\/h\/tekirdagda-karateci-asya-onel-anisina-turnuva-duzenlendi\/124079","name":"Tekirda\u011f'da karateci Asya \u00d6nel, an\u0131s\u0131na turnuva d\u00fczenlendi | \u00c7orlu&#039;da Haber","isPartOf":{"@id":"https:\/\/corludahaber.com\/h\/#website"},"primaryImageOfPage":{"@id":"https:\/\/corludahaber.com\/h\/tekirdagda-karateci-asya-onel-anisina-turnuva-duzenlendi\/124079#primaryimage"},"image":{"@id":"https:\/\/corludahaber.com\/h\/tekirdagda-karateci-asya-onel-anisina-turnuva-duzenlendi\/124079#primaryimage"},"thumbnailUrl":"https:\/\/corludahaber.com\/h\/wp-content\/uploads\/2026\/08\/tekirdagda-karateci-asya-onel-anisina-turnuva-duzenlendi_6a95929c07067.jpeg","datePublished":"2026-08-31T14:41:29+00:00","dateModified":"2026-08-31T14:41:37+00:00","description":"Tekirda\u011f'da karateci Asya \u00d6nel, an\u0131s\u0131na turnuva d\u00fczenlendi | \u00c7orlu&#039;da Haber","breadcrumb":{"@id":"https:\/\/corludahaber.com\/h\/tekirdagda-karateci-asya-onel-anisina-turnuva-duzenlendi\/124079#breadcrumb"},"inLanguage":"tr","potentialAction":[{"@type":"ReadAction","target":["https:\/\/corludahaber.com\/h\/tekirdagda-karateci-asya-onel-anisina-turnuva-duzenlendi\/124079"]}]},{"@type":"ImageObject","inLanguage":"tr","@id":"https:\/\/corludahaber.com\/h\/tekirdagda-karateci-asya-onel-anisina-turnuva-duzenlendi\/124079#primaryimage","url":"https:\/\/corludahaber.com\/h\/wp-content\/uploads\/2026\/08\/tekirdagda-karateci-asya-onel-anisina-turnuva-duzenlendi_6a95929c07067.jpeg","contentUrl":"https:\/\/corludahaber.com\/h\/wp-content\/uploads\/2026\/08\/tekirdagda-karateci-asya-onel-anisina-turnuva-duzenlendi_6a95929c07067.jpeg","width":2300,"height":1294},{"@type":"BreadcrumbList","@id":"https:\/\/corludahaber.com\/h\/tekirdagda-karateci-asya-onel-anisina-turnuva-duzenlendi\/124079#breadcrumb","itemListElement":[{"@type":"ListItem","position":1,"name":"Anasayfa","item":"https:\/\/corludahaber.com\/h\/anasayfa"},{"@type":"ListItem","position":2,"name":"Ya\u015fam","item":"https:\/\/corludahaber.com\/h\/kategori\/yasam"},{"@type":"ListItem","position":3,"name":"Tekirda\u011f&#8217;da karateci Asya \u00d6nel, an\u0131s\u0131na turnuva d\u00fczenlendi"}]},{"@type":"WebSite","@id":"https:\/\/corludahaber.com\/h\/#website","url":"https:\/\/corludahaber.com\/h\/","name":"\u00c7orlu'da Haber","description":"Ger\u00e7ek Tarafs\u0131z Haber","publisher":{"@id":"https:\/\/corludahaber.com\/h\/#organization"},"potentialAction":[{"@type":"SearchAction","target":{"@type":"EntryPoint","urlTemplate":"https:\/\/corludahaber.com\/h\/?s={search_term_string}"},"query-input":"required name=search_term_string"}],"inLanguage":"tr"},{"@type":"Organization","@id":"https:\/\/corludahaber.com\/h\/#organization","name":"\u00c7orlu'da Haber","url":"https:\/\/corludahaber.com\/h\/","logo":{"@type":"ImageObject","inLanguage":"tr","@id":"https:\/\/corludahaber.com\/h\/#\/schema\/logo\/image\/","url":"https:\/\/corludahaber.com\/h\/wp-content\/uploads\/2021\/12\/logo__9__1_-removebg-preview.png","contentUrl":"https:\/\/corludahaber.com\/h\/wp-content\/uploads\/2021\/12\/logo__9__1_-removebg-preview.png","width":500,"height":157,"caption":"\u00c7orlu'da Haber"},"image":{"@id":"https:\/\/corludahaber.com\/h\/#\/schema\/logo\/image\/"},"sameAs":["https:\/\/facebook.com\/habercorluda","https:\/\/x.com\/habercorluda","https:\/\/www.instagram.com\/corludahaber","https:\/\/www.youtube.com\/user\/corludahaber"]},{"@type":"Person","@id":"https:\/\/corludahaber.com\/h\/#\/schema\/person\/b523522be44b062db5d74a62589768cd","name":"\u00c7orlu'da Haber","image":{"@type":"ImageObject","inLanguage":"tr","@id":"https:\/\/corludahaber.com\/h\/#\/schema\/person\/image\/","url":"https:\/\/secure.gravatar.com\/avatar\/1033e54e078c29fd7f053370086ff627ba414b05c2b231c418a481adecd764ce?s=96&d=blank&r=g","contentUrl":"https:\/\/secure.gravatar.com\/avatar\/1033e54e078c29fd7f053370086ff627ba414b05c2b231c418a481adecd764ce?s=96&d=blank&r=g","caption":"\u00c7orlu'da Haber"},"sameAs":["https:\/\/corludahaber.com\/h"],"url":"https:\/\/corludahaber.com\/h\/author\/admin"}]}},"_links":{"self":[{"href":"https:\/\/corludahaber.com\/h\/wp-json\/wp\/v2\/posts\/124079","targetHints":{"allow":["GET"]}}],"collection":[{"href":"https:\/\/corludahaber.com\/h\/wp-json\/wp\/v2\/posts"}],"about":[{"href":"https:\/\/corludahaber.com\/h\/wp-json\/wp\/v2\/types\/post"}],"author":[{"embeddable":true,"href":"https:\/\/corludahaber.com\/h\/wp-json\/wp\/v2\/users\/151"}],"replies":[{"embeddable":true,"href":"https:\/\/corludahaber.com\/h\/wp-json\/wp\/v2\/comments?post=124079"}],"version-history":[{"count":1,"href":"https:\/\/corludahaber.com\/h\/wp-json\/wp\/v2\/posts\/124079\/revisions"}],"predecessor-version":[{"id":124081,"href":"https:\/\/corludahaber.com\/h\/wp-json\/wp\/v2\/posts\/124079\/revisions\/124081"}],"wp:featuredmedia":[{"embeddable":true,"href":"https:\/\/corludahaber.com\/h\/wp-json\/wp\/v2\/media\/124080"}],"wp:attachment":[{"href":"https:\/\/corludahaber.com\/h\/wp-json\/wp\/v2\/media?parent=124079"}],"wp:term":[{"taxonomy":"category","embeddable":true,"href":"https:\/\/corludahaber.com\/h\/wp-json\/wp\/v2\/categories?post=124079"},{"taxonomy":"post_tag","embeddable":true,"href":"https:\/\/corludahaber.com\/h\/wp-json\/wp\/v2\/tags?post=124079"}],"curies":[{"name":"wp","href":"https:\/\/api.w.org\/{rel}","templated":true}]}}