{"id":124073,"date":"2026-08-31T13:44:43","date_gmt":"2026-08-31T10:44:43","guid":{"rendered":"https:\/\/corludahaber.com\/h\/saros-korfezi-denize-birakilan-yapay-resiflerle-dalis-turizminin-merkezi-haline-geldi\/124073"},"modified":"2026-08-31T13:44:54","modified_gmt":"2026-08-31T10:44:54","slug":"saros-korfezi-denize-birakilan-yapay-resiflerle-dalis-turizminin-merkezi-haline-geldi","status":"publish","type":"post","link":"https:\/\/corludahaber.com\/h\/saros-korfezi-denize-birakilan-yapay-resiflerle-dalis-turizminin-merkezi-haline-geldi\/124073","title":{"rendered":"Saros K\u00f6rfezi, denize b\u0131rak\u0131lan yapay resiflerle dal\u0131\u015f turizminin merkezi haline geldi"},"content":{"rendered":"<div class=\"corlu-icerikten-once_3\" id=\"corlu-3652673809\"><script type='text\/javascript' src='https:\/\/platform-api.sharethis.com\/js\/sharethis.js#property=5ce8cf08af7d000012cb0ca1&product=inline-reaction-buttons' async='async'><\/script>\r\n\r\n<\/div><div readability=\"73\"><span class=\"category-name hidden\"><\/span><\/p><div class=\"corlu-icerik-2\" id=\"corlu-1470198405\"><!-- Admatic AUTO ads START -->\r\n<ins data-publisher=\"adm-pub-155556240050\" data-ad-network=\"659428a24d11b285b616c18d\"   class=\"adm-ads-area\"><\/ins>\r\n<script type=\"text\/javascript\" src=\"https:\/\/static.cdn.admatic.com.tr\/showad\/showad.min.js\"><\/script>\r\n<!-- Admatic AUTO ads END --><\/div>\n<p> \/ED\u0130RNE, (Haber Merkezi)- ED\u0130RNE&#8217;nin Saros K\u00f6rfezi&#8217;nde hayata ge\u00e7irilen Yapay Resif Projesi, deniz ekosistemini canland\u0131rman\u0131n yan\u0131 s\u0131ra b\u00f6lgeyi dal\u0131\u015f turizminin \u00f6nemli merkezlerinden biri haline getirdi. Su alt\u0131na b\u0131rak\u0131lan yap\u0131lar; bal\u0131klar ve di\u011fer deniz canl\u0131lar\u0131 i\u00e7in g\u00fcvenli bir \u00fcreme, bar\u0131nma ve ya\u015fam alan\u0131 olu\u015ftururken, b\u00f6lge farkl\u0131 tecr\u00fcbe seviyelerindeki yerli ve yabanc\u0131 dalg\u0131\u00e7lar\u0131n da ilgisini \u00e7ekiyor.<\/p>\n<p>Ediren&#8217;nin Ke\u015fan ve Enez il\u00e7elerine k\u0131y\u0131s\u0131 bulunan ve kendi kendini temizleyen Saros K\u00f6rfezi, berrak suyu ve zengin su alt\u0131 ya\u015fam\u0131yla dal\u0131\u015f turizminin \u00f6nemli merkezleri aras\u0131nda yer al\u0131yor. K\u00f6rfez, \u0130stanbul&#8217;a yak\u0131nl\u0131\u011f\u0131, bat\u0131klar\u0131 ve yapay resifleriyle farkl\u0131 seviyelerdeki dal\u0131c\u0131lar\u0131 a\u011f\u0131rl\u0131yor. Edirne Valili\u011fi taraf\u0131ndan b\u00f6lgede dal\u0131\u015f turizmini geli\u015ftirmek ve sualt\u0131 canl\u0131l\u0131\u011f\u0131n\u0131 art\u0131rmak amac\u0131yla y\u00fcr\u00fct\u00fclen \u00e7al\u0131\u015fmalar kapsam\u0131nda Saros K\u00f6rfezi&#8217;ne daha \u00f6nce Airbus A330 tipi yolcu u\u00e7a\u011f\u0131, Nusret May\u0131n Gemisi modeline benzetilen sahil g\u00fcvenlik gemisi, M62 T model muharebe tank\u0131 ile \u00e7e\u015fitli obje ve simge eserlerin benzerleri bat\u0131r\u0131lm\u0131\u015ft\u0131.<\/p>\n<p>17 DALI\u015e NOKTASI BULUNUYOR<\/p>\n<p>\u0130brice Liman\u0131 \u00f6nlerinde 20 metre derinli\u011fe son olarak ise Tar\u0131m ve Orman Bakan Yard\u0131mc\u0131s\u0131 Ebubekir Gizligider&#8217;in de kat\u0131l\u0131m\u0131yla Selimiye Camisi, Meri\u00e7 K\u00f6pr\u00fcs\u00fc, Edirne Saray\u0131, Adalet Kasr\u0131 ve Makedonya Kulesi&#8217;nin k\u00fc\u00e7\u00fclt\u00fclm\u00fc\u015f modelleri bat\u0131r\u0131ld\u0131. 6 dal\u0131\u015f okulunun faaliyet g\u00f6sterdi\u011fi \u0130brice Liman\u0131&#8217;nda 17 dal\u0131\u015f noktas\u0131 bulunuyor. Yerli ve yabanc\u0131 bir\u00e7ok dal\u0131\u015f tutkununu a\u011f\u0131rlayan k\u00f6rfezde gece dal\u0131\u015flar\u0131 da ilgi \u00e7ekiyor. Tar\u0131m ve Orman Bakan Yard\u0131mc\u0131s\u0131 Ebubekir Gizligider, Yapay Resif Projesi kapsam\u0131nda d\u00fczenlenen programda yapt\u0131\u011f\u0131 konu\u015fmada, Saros K\u00f6rfezi&#8217;nin T\u00fcrkiye&#8217;nin \u00f6nemli do\u011fal zenginliklerinden biri oldu\u011funu belirterek, projenin deniz canl\u0131lar\u0131na yeni ya\u015fam alanlar\u0131 kazand\u0131raca\u011f\u0131n\u0131, ayr\u0131ca dal\u0131\u015f turizmi a\u00e7\u0131s\u0131ndan da b\u00f6lgeyi cazibe merkezi haline getirece\u011fini ifade etti.<\/p>\n<p>YAKLA\u015eIMK 20 B\u0130N DALI\u015e GER\u00c7EKLE\u015eT\u0130<\/p>\n<p>Edirne Valisi Yunus Sezer de \u0130brice Liman\u0131&#8217;n\u0131n T\u00fcrkiye&#8217;nin \u00f6nemli dal\u0131\u015f turizmi merkezlerinden biri oldu\u011funu s\u00f6yledi. Ge\u00e7en y\u0131l denize bat\u0131r\u0131lan tank\u0131n g\u00f6r\u00fcnt\u00fclerinin internet ortam\u0131nda yakla\u015f\u0131k 7 milyon ki\u015fi taraf\u0131ndan izlendi\u011fini belirten Sezer, b\u00f6lgede bu y\u0131l 15 bin ile 20 bin aras\u0131nda dal\u0131\u015f ger\u00e7ekle\u015ftirildi\u011fini s\u00f6yledi. Yapay resiflerin deniz ya\u015fam\u0131n\u0131n yan\u0131 s\u0131ra dal\u0131\u015f turizmine de katk\u0131 sa\u011flayaca\u011f\u0131n\u0131 ifade eden Sezer, &#8220;Amac\u0131m\u0131z daha d\u00fczenli sahiller, daha nitelikli bir turizm ve bu do\u011fa harikas\u0131 b\u00f6lgenin b\u00fct\u00fcn de\u011ferleriyle korunmas\u0131d\u0131r&#8221; dedi. (Haber Merkezi)<\/p>\n<\/div>\n<div class=\"corlu-icerikten-sonra_3\" id=\"corlu-719672617\"><p><img loading=\"lazy\" decoding=\"async\" class=\"aligncenter\" src=\"https:\/\/www.corludahaber.com\/bahcesehir.jpg\" alt=\"\" width=\"624\" height=\"196\" \/><\/p>\n<table style=\"text-align: left; width: 100%;\" border=\"1\" cellspacing=\"2\" cellpadding=\"2\">\n<tbody>\n<tr>\n<td style=\"background-color: #050805;\"><span style=\"font-size: 12pt;\"><small><small><em><strong><big><span style=\"color: #ff0000;\">Haber ve resimlerin telif haklar\u0131ndan dolay\u0131 kullan\u0131m\u0131 yasakt\u0131r<span style=\"color: #000000;\">.<\/span><\/span><span style=\"color: #000000;\">\u00a0<\/span><span style=\"color: #ffffff;\">Yaz\u0131l\u0131 izni al\u0131nmadan hi\u00e7bir yaz\u0131l\u0131, g\u00f6rsel, i\u015fitsel i\u00e7erik kopyalanamaz, de\u011fi\u015ftirilemez, yay\u0131nlanamaz veya sat\u0131lamaz. Aksi halde<\/span>\u00a0<span style=\"color: #ff0000;\">5846<span style=\"color: #ffffff;\">\u00a0<\/span><\/span><span style=\"color: #ffffff;\">say\u0131l\u0131 Fikir ve Sanat Eserleri Kanunu\u2019na ve<\/span>\u00a0<span style=\"color: #800000;\"><span style=\"color: #ff0000;\">6102<\/span><span style=\"color: #ffffff;\">\u00a0<\/span><\/span><span style=\"color: #ffffff;\">say\u0131l\u0131 maddesine g\u00f6re<\/span>\u00a0<span style=\"color: #ff0000;\">gerekli i\u015flemler uygulanacakt\u0131r.<\/span><br \/>\n<span style=\"color: #ffffff;\">\u00a9 Copyright 2014<\/span><\/big><\/strong><\/em><\/small><\/small><\/span><\/td>\n<\/tr>\n<\/tbody>\n<\/table>\n<p><small><small>\u00a0<\/small><\/small><\/p>\n<\/div>","protected":false},"excerpt":{"rendered":"<p>\/ED\u0130RNE, (Haber Merkezi)- ED\u0130RNE&#8217;nin Saros K\u00f6rfezi&#8217;nde hayata ge\u00e7irilen Yapay Resif Projesi, deniz ekosistemini canland\u0131rman\u0131n yan\u0131 s\u0131ra b\u00f6lgeyi dal\u0131\u015f turizminin \u00f6nemli merkezlerinden biri haline getirdi. Su alt\u0131na b\u0131rak\u0131lan yap\u0131lar; bal\u0131klar ve di\u011fer deniz canl\u0131lar\u0131 i\u00e7in g\u00fcvenli bir \u00fcreme, bar\u0131nma ve ya\u015fam alan\u0131 olu\u015ftururken, b\u00f6lge farkl\u0131 tecr\u00fcbe seviyelerindeki yerli ve yabanc\u0131 dalg\u0131\u00e7lar\u0131n da ilgisini \u00e7ekiyor. Ediren&#8217;nin Ke\u015fan &hellip;<\/p>\n","protected":false},"author":151,"featured_media":124074,"comment_status":"open","ping_status":"closed","sticky":false,"template":"","format":"standard","meta":{"footnotes":""},"categories":[121],"tags":[8025,3197,9376,15478,9839,715,639,7300,4276,428,36617,4275,36619,3661,36618,6872],"class_list":["post-124073","post","type-post","status-publish","format-standard","has-post-thumbnail","hentry","category-edirne","tag-asayis","tag-birakilan","tag-corlu-kaza","tag-corlu-son-dakika-kaza","tag-dalis","tag-denize","tag-geldi","tag-haline","tag-korfezi","tag-merkezi","tag-resiflerle","tag-saros","tag-saros-korfezi-denize-birakilan-yapay-resiflerle-dalis-turizminin-merkezi-haline-geldi","tag-son-dakika-kaza","tag-turizminin","tag-yapay"],"yoast_head":"<!-- This site is optimized with the Yoast SEO Premium plugin v23.3 (Yoast SEO v23.3) - https:\/\/yoast.com\/wordpress\/plugins\/seo\/ -->\n<title>Saros K\u00f6rfezi, denize b\u0131rak\u0131lan yapay resiflerle dal\u0131\u015f turizminin merkezi haline geldi | \u00c7orlu&#039;da Haber<\/title>\n<meta name=\"description\" content=\"Saros K\u00f6rfezi, denize b\u0131rak\u0131lan yapay resiflerle dal\u0131\u015f turizminin merkezi haline geldi | \u00c7orlu&#039;da Haber\" \/>\n<meta name=\"robots\" content=\"index, follow, max-snippet:-1, max-image-preview:large, max-video-preview:-1\" \/>\n<link rel=\"canonical\" href=\"https:\/\/corludahaber.com\/h\/saros-korfezi-denize-birakilan-yapay-resiflerle-dalis-turizminin-merkezi-haline-geldi\/124073\" \/>\n<meta property=\"og:locale\" content=\"tr_TR\" \/>\n<meta property=\"og:type\" content=\"article\" \/>\n<meta property=\"og:title\" content=\"Saros K\u00f6rfezi, denize b\u0131rak\u0131lan yapay resiflerle dal\u0131\u015f turizminin merkezi haline geldi | \u00c7orlu&#039;da Haber\" \/>\n<meta property=\"og:description\" content=\"Saros K\u00f6rfezi, denize b\u0131rak\u0131lan yapay resiflerle dal\u0131\u015f turizminin merkezi haline geldi | \u00c7orlu&#039;da Haber\" \/>\n<meta property=\"og:url\" content=\"https:\/\/corludahaber.com\/h\/saros-korfezi-denize-birakilan-yapay-resiflerle-dalis-turizminin-merkezi-haline-geldi\/124073\" \/>\n<meta property=\"og:site_name\" content=\"\u00c7orlu&#039;da Haber\" \/>\n<meta property=\"article:publisher\" content=\"https:\/\/facebook.com\/habercorluda\" \/>\n<meta property=\"article:published_time\" content=\"2026-08-31T10:44:43+00:00\" \/>\n<meta property=\"article:modified_time\" content=\"2026-08-31T10:44:54+00:00\" \/>\n<meta property=\"og:image\" content=\"http:\/\/corludahaber.com\/h\/wp-content\/uploads\/2026\/08\/saros-korfezi-denize-birakilan-yapay-resiflerle-dalis-turizminin-merkezi-haline-geldi_6a955b204acdd.jpeg\" \/>\n\t<meta property=\"og:image:width\" content=\"1920\" \/>\n\t<meta property=\"og:image:height\" content=\"1080\" \/>\n\t<meta property=\"og:image:type\" content=\"image\/jpeg\" \/>\n<meta name=\"author\" content=\"\u00c7orlu&#039;da Haber\" \/>\n<meta name=\"twitter:card\" content=\"summary_large_image\" \/>\n<meta name=\"twitter:creator\" content=\"@habercorluda\" \/>\n<meta name=\"twitter:site\" content=\"@habercorluda\" \/>\n<meta name=\"twitter:label1\" content=\"Yazan:\" \/>\n\t<meta name=\"twitter:data1\" content=\"\u00c7orlu&#039;da Haber\" \/>\n\t<meta name=\"twitter:label2\" content=\"Tahmini okuma s\u00fcresi\" \/>\n\t<meta name=\"twitter:data2\" content=\"2 dakika\" \/>\n<script type=\"application\/ld+json\" class=\"yoast-schema-graph\">{\"@context\":\"https:\/\/schema.org\",\"@graph\":[{\"@type\":\"Article\",\"@id\":\"https:\/\/corludahaber.com\/h\/saros-korfezi-denize-birakilan-yapay-resiflerle-dalis-turizminin-merkezi-haline-geldi\/124073#article\",\"isPartOf\":{\"@id\":\"https:\/\/corludahaber.com\/h\/saros-korfezi-denize-birakilan-yapay-resiflerle-dalis-turizminin-merkezi-haline-geldi\/124073\"},\"author\":{\"name\":\"\u00c7orlu'da Haber\",\"@id\":\"https:\/\/corludahaber.com\/h\/#\/schema\/person\/b523522be44b062db5d74a62589768cd\"},\"headline\":\"Saros K\u00f6rfezi, denize b\u0131rak\u0131lan yapay resiflerle dal\u0131\u015f turizminin merkezi haline geldi\",\"datePublished\":\"2026-08-31T10:44:43+00:00\",\"dateModified\":\"2026-08-31T10:44:54+00:00\",\"mainEntityOfPage\":{\"@id\":\"https:\/\/corludahaber.com\/h\/saros-korfezi-denize-birakilan-yapay-resiflerle-dalis-turizminin-merkezi-haline-geldi\/124073\"},\"wordCount\":483,\"commentCount\":0,\"publisher\":{\"@id\":\"https:\/\/corludahaber.com\/h\/#organization\"},\"image\":{\"@id\":\"https:\/\/corludahaber.com\/h\/saros-korfezi-denize-birakilan-yapay-resiflerle-dalis-turizminin-merkezi-haline-geldi\/124073#primaryimage\"},\"thumbnailUrl\":\"https:\/\/corludahaber.com\/h\/wp-content\/uploads\/2026\/08\/saros-korfezi-denize-birakilan-yapay-resiflerle-dalis-turizminin-merkezi-haline-geldi_6a955b204acdd.jpeg\",\"keywords\":[\"asayi\u015f\",\"b\u0131rak\u0131lan\",\"\u00c7orlu kaza\",\"\u00c7orlu son dakika kaza\",\"Dal\u0131\u015f\",\"denize\",\"geldi\",\"haline\",\"K\u00f6rfezi\",\"MERKEZ\u0130\",\"resiflerle\",\"Saros\",\"Saros K\u00f6rfezi, denize b\u0131rak\u0131lan yapay resiflerle dal\u0131\u015f turizminin merkezi haline geldi\",\"son dakika kaza\",\"turizminin\",\"yapay\"],\"articleSection\":[\"Edirne\"],\"inLanguage\":\"tr\",\"potentialAction\":[{\"@type\":\"CommentAction\",\"name\":\"Comment\",\"target\":[\"https:\/\/corludahaber.com\/h\/saros-korfezi-denize-birakilan-yapay-resiflerle-dalis-turizminin-merkezi-haline-geldi\/124073#respond\"]}]},{\"@type\":\"WebPage\",\"@id\":\"https:\/\/corludahaber.com\/h\/saros-korfezi-denize-birakilan-yapay-resiflerle-dalis-turizminin-merkezi-haline-geldi\/124073\",\"url\":\"https:\/\/corludahaber.com\/h\/saros-korfezi-denize-birakilan-yapay-resiflerle-dalis-turizminin-merkezi-haline-geldi\/124073\",\"name\":\"Saros K\u00f6rfezi, denize b\u0131rak\u0131lan yapay resiflerle dal\u0131\u015f turizminin merkezi haline geldi | \u00c7orlu&#039;da Haber\",\"isPartOf\":{\"@id\":\"https:\/\/corludahaber.com\/h\/#website\"},\"primaryImageOfPage\":{\"@id\":\"https:\/\/corludahaber.com\/h\/saros-korfezi-denize-birakilan-yapay-resiflerle-dalis-turizminin-merkezi-haline-geldi\/124073#primaryimage\"},\"image\":{\"@id\":\"https:\/\/corludahaber.com\/h\/saros-korfezi-denize-birakilan-yapay-resiflerle-dalis-turizminin-merkezi-haline-geldi\/124073#primaryimage\"},\"thumbnailUrl\":\"https:\/\/corludahaber.com\/h\/wp-content\/uploads\/2026\/08\/saros-korfezi-denize-birakilan-yapay-resiflerle-dalis-turizminin-merkezi-haline-geldi_6a955b204acdd.jpeg\",\"datePublished\":\"2026-08-31T10:44:43+00:00\",\"dateModified\":\"2026-08-31T10:44:54+00:00\",\"description\":\"Saros K\u00f6rfezi, denize b\u0131rak\u0131lan yapay resiflerle dal\u0131\u015f turizminin merkezi haline geldi | \u00c7orlu&#039;da Haber\",\"breadcrumb\":{\"@id\":\"https:\/\/corludahaber.com\/h\/saros-korfezi-denize-birakilan-yapay-resiflerle-dalis-turizminin-merkezi-haline-geldi\/124073#breadcrumb\"},\"inLanguage\":\"tr\",\"potentialAction\":[{\"@type\":\"ReadAction\",\"target\":[\"https:\/\/corludahaber.com\/h\/saros-korfezi-denize-birakilan-yapay-resiflerle-dalis-turizminin-merkezi-haline-geldi\/124073\"]}]},{\"@type\":\"ImageObject\",\"inLanguage\":\"tr\",\"@id\":\"https:\/\/corludahaber.com\/h\/saros-korfezi-denize-birakilan-yapay-resiflerle-dalis-turizminin-merkezi-haline-geldi\/124073#primaryimage\",\"url\":\"https:\/\/corludahaber.com\/h\/wp-content\/uploads\/2026\/08\/saros-korfezi-denize-birakilan-yapay-resiflerle-dalis-turizminin-merkezi-haline-geldi_6a955b204acdd.jpeg\",\"contentUrl\":\"https:\/\/corludahaber.com\/h\/wp-content\/uploads\/2026\/08\/saros-korfezi-denize-birakilan-yapay-resiflerle-dalis-turizminin-merkezi-haline-geldi_6a955b204acdd.jpeg\",\"width\":1920,\"height\":1080},{\"@type\":\"BreadcrumbList\",\"@id\":\"https:\/\/corludahaber.com\/h\/saros-korfezi-denize-birakilan-yapay-resiflerle-dalis-turizminin-merkezi-haline-geldi\/124073#breadcrumb\",\"itemListElement\":[{\"@type\":\"ListItem\",\"position\":1,\"name\":\"Anasayfa\",\"item\":\"https:\/\/corludahaber.com\/h\/anasayfa\"},{\"@type\":\"ListItem\",\"position\":2,\"name\":\"Edirne\",\"item\":\"https:\/\/corludahaber.com\/h\/kategori\/edirne\"},{\"@type\":\"ListItem\",\"position\":3,\"name\":\"Saros K\u00f6rfezi, denize b\u0131rak\u0131lan yapay resiflerle dal\u0131\u015f turizminin merkezi haline geldi\"}]},{\"@type\":\"WebSite\",\"@id\":\"https:\/\/corludahaber.com\/h\/#website\",\"url\":\"https:\/\/corludahaber.com\/h\/\",\"name\":\"\u00c7orlu'da Haber\",\"description\":\"Ger\u00e7ek Tarafs\u0131z Haber\",\"publisher\":{\"@id\":\"https:\/\/corludahaber.com\/h\/#organization\"},\"potentialAction\":[{\"@type\":\"SearchAction\",\"target\":{\"@type\":\"EntryPoint\",\"urlTemplate\":\"https:\/\/corludahaber.com\/h\/?s={search_term_string}\"},\"query-input\":\"required name=search_term_string\"}],\"inLanguage\":\"tr\"},{\"@type\":\"Organization\",\"@id\":\"https:\/\/corludahaber.com\/h\/#organization\",\"name\":\"\u00c7orlu'da Haber\",\"url\":\"https:\/\/corludahaber.com\/h\/\",\"logo\":{\"@type\":\"ImageObject\",\"inLanguage\":\"tr\",\"@id\":\"https:\/\/corludahaber.com\/h\/#\/schema\/logo\/image\/\",\"url\":\"https:\/\/corludahaber.com\/h\/wp-content\/uploads\/2021\/12\/logo__9__1_-removebg-preview.png\",\"contentUrl\":\"https:\/\/corludahaber.com\/h\/wp-content\/uploads\/2021\/12\/logo__9__1_-removebg-preview.png\",\"width\":500,\"height\":157,\"caption\":\"\u00c7orlu'da Haber\"},\"image\":{\"@id\":\"https:\/\/corludahaber.com\/h\/#\/schema\/logo\/image\/\"},\"sameAs\":[\"https:\/\/facebook.com\/habercorluda\",\"https:\/\/x.com\/habercorluda\",\"https:\/\/www.instagram.com\/corludahaber\",\"https:\/\/www.youtube.com\/user\/corludahaber\"]},{\"@type\":\"Person\",\"@id\":\"https:\/\/corludahaber.com\/h\/#\/schema\/person\/b523522be44b062db5d74a62589768cd\",\"name\":\"\u00c7orlu'da Haber\",\"image\":{\"@type\":\"ImageObject\",\"inLanguage\":\"tr\",\"@id\":\"https:\/\/corludahaber.com\/h\/#\/schema\/person\/image\/\",\"url\":\"https:\/\/secure.gravatar.com\/avatar\/1033e54e078c29fd7f053370086ff627ba414b05c2b231c418a481adecd764ce?s=96&d=blank&r=g\",\"contentUrl\":\"https:\/\/secure.gravatar.com\/avatar\/1033e54e078c29fd7f053370086ff627ba414b05c2b231c418a481adecd764ce?s=96&d=blank&r=g\",\"caption\":\"\u00c7orlu'da Haber\"},\"sameAs\":[\"https:\/\/corludahaber.com\/h\"],\"url\":\"https:\/\/corludahaber.com\/h\/author\/admin\"}]}<\/script>\n<!-- \/ Yoast SEO Premium plugin. -->","yoast_head_json":{"title":"Saros K\u00f6rfezi, denize b\u0131rak\u0131lan yapay resiflerle dal\u0131\u015f turizminin merkezi haline geldi | \u00c7orlu&#039;da Haber","description":"Saros K\u00f6rfezi, denize b\u0131rak\u0131lan yapay resiflerle dal\u0131\u015f turizminin merkezi haline geldi | \u00c7orlu&#039;da Haber","robots":{"index":"index","follow":"follow","max-snippet":"max-snippet:-1","max-image-preview":"max-image-preview:large","max-video-preview":"max-video-preview:-1"},"canonical":"https:\/\/corludahaber.com\/h\/saros-korfezi-denize-birakilan-yapay-resiflerle-dalis-turizminin-merkezi-haline-geldi\/124073","og_locale":"tr_TR","og_type":"article","og_title":"Saros K\u00f6rfezi, denize b\u0131rak\u0131lan yapay resiflerle dal\u0131\u015f turizminin merkezi haline geldi | \u00c7orlu&#039;da Haber","og_description":"Saros K\u00f6rfezi, denize b\u0131rak\u0131lan yapay resiflerle dal\u0131\u015f turizminin merkezi haline geldi | \u00c7orlu&#039;da Haber","og_url":"https:\/\/corludahaber.com\/h\/saros-korfezi-denize-birakilan-yapay-resiflerle-dalis-turizminin-merkezi-haline-geldi\/124073","og_site_name":"\u00c7orlu&#039;da Haber","article_publisher":"https:\/\/facebook.com\/habercorluda","article_published_time":"2026-08-31T10:44:43+00:00","article_modified_time":"2026-08-31T10:44:54+00:00","og_image":[{"width":1920,"height":1080,"url":"http:\/\/corludahaber.com\/h\/wp-content\/uploads\/2026\/08\/saros-korfezi-denize-birakilan-yapay-resiflerle-dalis-turizminin-merkezi-haline-geldi_6a955b204acdd.jpeg","type":"image\/jpeg"}],"author":"\u00c7orlu'da Haber","twitter_card":"summary_large_image","twitter_creator":"@habercorluda","twitter_site":"@habercorluda","twitter_misc":{"Yazan:":"\u00c7orlu'da Haber","Tahmini okuma s\u00fcresi":"2 dakika"},"schema":{"@context":"https:\/\/schema.org","@graph":[{"@type":"Article","@id":"https:\/\/corludahaber.com\/h\/saros-korfezi-denize-birakilan-yapay-resiflerle-dalis-turizminin-merkezi-haline-geldi\/124073#article","isPartOf":{"@id":"https:\/\/corludahaber.com\/h\/saros-korfezi-denize-birakilan-yapay-resiflerle-dalis-turizminin-merkezi-haline-geldi\/124073"},"author":{"name":"\u00c7orlu'da Haber","@id":"https:\/\/corludahaber.com\/h\/#\/schema\/person\/b523522be44b062db5d74a62589768cd"},"headline":"Saros K\u00f6rfezi, denize b\u0131rak\u0131lan yapay resiflerle dal\u0131\u015f turizminin merkezi haline geldi","datePublished":"2026-08-31T10:44:43+00:00","dateModified":"2026-08-31T10:44:54+00:00","mainEntityOfPage":{"@id":"https:\/\/corludahaber.com\/h\/saros-korfezi-denize-birakilan-yapay-resiflerle-dalis-turizminin-merkezi-haline-geldi\/124073"},"wordCount":483,"commentCount":0,"publisher":{"@id":"https:\/\/corludahaber.com\/h\/#organization"},"image":{"@id":"https:\/\/corludahaber.com\/h\/saros-korfezi-denize-birakilan-yapay-resiflerle-dalis-turizminin-merkezi-haline-geldi\/124073#primaryimage"},"thumbnailUrl":"https:\/\/corludahaber.com\/h\/wp-content\/uploads\/2026\/08\/saros-korfezi-denize-birakilan-yapay-resiflerle-dalis-turizminin-merkezi-haline-geldi_6a955b204acdd.jpeg","keywords":["asayi\u015f","b\u0131rak\u0131lan","\u00c7orlu kaza","\u00c7orlu son dakika kaza","Dal\u0131\u015f","denize","geldi","haline","K\u00f6rfezi","MERKEZ\u0130","resiflerle","Saros","Saros K\u00f6rfezi, denize b\u0131rak\u0131lan yapay resiflerle dal\u0131\u015f turizminin merkezi haline geldi","son dakika kaza","turizminin","yapay"],"articleSection":["Edirne"],"inLanguage":"tr","potentialAction":[{"@type":"CommentAction","name":"Comment","target":["https:\/\/corludahaber.com\/h\/saros-korfezi-denize-birakilan-yapay-resiflerle-dalis-turizminin-merkezi-haline-geldi\/124073#respond"]}]},{"@type":"WebPage","@id":"https:\/\/corludahaber.com\/h\/saros-korfezi-denize-birakilan-yapay-resiflerle-dalis-turizminin-merkezi-haline-geldi\/124073","url":"https:\/\/corludahaber.com\/h\/saros-korfezi-denize-birakilan-yapay-resiflerle-dalis-turizminin-merkezi-haline-geldi\/124073","name":"Saros K\u00f6rfezi, denize b\u0131rak\u0131lan yapay resiflerle dal\u0131\u015f turizminin merkezi haline geldi | \u00c7orlu&#039;da Haber","isPartOf":{"@id":"https:\/\/corludahaber.com\/h\/#website"},"primaryImageOfPage":{"@id":"https:\/\/corludahaber.com\/h\/saros-korfezi-denize-birakilan-yapay-resiflerle-dalis-turizminin-merkezi-haline-geldi\/124073#primaryimage"},"image":{"@id":"https:\/\/corludahaber.com\/h\/saros-korfezi-denize-birakilan-yapay-resiflerle-dalis-turizminin-merkezi-haline-geldi\/124073#primaryimage"},"thumbnailUrl":"https:\/\/corludahaber.com\/h\/wp-content\/uploads\/2026\/08\/saros-korfezi-denize-birakilan-yapay-resiflerle-dalis-turizminin-merkezi-haline-geldi_6a955b204acdd.jpeg","datePublished":"2026-08-31T10:44:43+00:00","dateModified":"2026-08-31T10:44:54+00:00","description":"Saros K\u00f6rfezi, denize b\u0131rak\u0131lan yapay resiflerle dal\u0131\u015f turizminin merkezi haline geldi | \u00c7orlu&#039;da Haber","breadcrumb":{"@id":"https:\/\/corludahaber.com\/h\/saros-korfezi-denize-birakilan-yapay-resiflerle-dalis-turizminin-merkezi-haline-geldi\/124073#breadcrumb"},"inLanguage":"tr","potentialAction":[{"@type":"ReadAction","target":["https:\/\/corludahaber.com\/h\/saros-korfezi-denize-birakilan-yapay-resiflerle-dalis-turizminin-merkezi-haline-geldi\/124073"]}]},{"@type":"ImageObject","inLanguage":"tr","@id":"https:\/\/corludahaber.com\/h\/saros-korfezi-denize-birakilan-yapay-resiflerle-dalis-turizminin-merkezi-haline-geldi\/124073#primaryimage","url":"https:\/\/corludahaber.com\/h\/wp-content\/uploads\/2026\/08\/saros-korfezi-denize-birakilan-yapay-resiflerle-dalis-turizminin-merkezi-haline-geldi_6a955b204acdd.jpeg","contentUrl":"https:\/\/corludahaber.com\/h\/wp-content\/uploads\/2026\/08\/saros-korfezi-denize-birakilan-yapay-resiflerle-dalis-turizminin-merkezi-haline-geldi_6a955b204acdd.jpeg","width":1920,"height":1080},{"@type":"BreadcrumbList","@id":"https:\/\/corludahaber.com\/h\/saros-korfezi-denize-birakilan-yapay-resiflerle-dalis-turizminin-merkezi-haline-geldi\/124073#breadcrumb","itemListElement":[{"@type":"ListItem","position":1,"name":"Anasayfa","item":"https:\/\/corludahaber.com\/h\/anasayfa"},{"@type":"ListItem","position":2,"name":"Edirne","item":"https:\/\/corludahaber.com\/h\/kategori\/edirne"},{"@type":"ListItem","position":3,"name":"Saros K\u00f6rfezi, denize b\u0131rak\u0131lan yapay resiflerle dal\u0131\u015f turizminin merkezi haline geldi"}]},{"@type":"WebSite","@id":"https:\/\/corludahaber.com\/h\/#website","url":"https:\/\/corludahaber.com\/h\/","name":"\u00c7orlu'da Haber","description":"Ger\u00e7ek Tarafs\u0131z Haber","publisher":{"@id":"https:\/\/corludahaber.com\/h\/#organization"},"potentialAction":[{"@type":"SearchAction","target":{"@type":"EntryPoint","urlTemplate":"https:\/\/corludahaber.com\/h\/?s={search_term_string}"},"query-input":"required name=search_term_string"}],"inLanguage":"tr"},{"@type":"Organization","@id":"https:\/\/corludahaber.com\/h\/#organization","name":"\u00c7orlu'da Haber","url":"https:\/\/corludahaber.com\/h\/","logo":{"@type":"ImageObject","inLanguage":"tr","@id":"https:\/\/corludahaber.com\/h\/#\/schema\/logo\/image\/","url":"https:\/\/corludahaber.com\/h\/wp-content\/uploads\/2021\/12\/logo__9__1_-removebg-preview.png","contentUrl":"https:\/\/corludahaber.com\/h\/wp-content\/uploads\/2021\/12\/logo__9__1_-removebg-preview.png","width":500,"height":157,"caption":"\u00c7orlu'da Haber"},"image":{"@id":"https:\/\/corludahaber.com\/h\/#\/schema\/logo\/image\/"},"sameAs":["https:\/\/facebook.com\/habercorluda","https:\/\/x.com\/habercorluda","https:\/\/www.instagram.com\/corludahaber","https:\/\/www.youtube.com\/user\/corludahaber"]},{"@type":"Person","@id":"https:\/\/corludahaber.com\/h\/#\/schema\/person\/b523522be44b062db5d74a62589768cd","name":"\u00c7orlu'da Haber","image":{"@type":"ImageObject","inLanguage":"tr","@id":"https:\/\/corludahaber.com\/h\/#\/schema\/person\/image\/","url":"https:\/\/secure.gravatar.com\/avatar\/1033e54e078c29fd7f053370086ff627ba414b05c2b231c418a481adecd764ce?s=96&d=blank&r=g","contentUrl":"https:\/\/secure.gravatar.com\/avatar\/1033e54e078c29fd7f053370086ff627ba414b05c2b231c418a481adecd764ce?s=96&d=blank&r=g","caption":"\u00c7orlu'da Haber"},"sameAs":["https:\/\/corludahaber.com\/h"],"url":"https:\/\/corludahaber.com\/h\/author\/admin"}]}},"_links":{"self":[{"href":"https:\/\/corludahaber.com\/h\/wp-json\/wp\/v2\/posts\/124073","targetHints":{"allow":["GET"]}}],"collection":[{"href":"https:\/\/corludahaber.com\/h\/wp-json\/wp\/v2\/posts"}],"about":[{"href":"https:\/\/corludahaber.com\/h\/wp-json\/wp\/v2\/types\/post"}],"author":[{"embeddable":true,"href":"https:\/\/corludahaber.com\/h\/wp-json\/wp\/v2\/users\/151"}],"replies":[{"embeddable":true,"href":"https:\/\/corludahaber.com\/h\/wp-json\/wp\/v2\/comments?post=124073"}],"version-history":[{"count":1,"href":"https:\/\/corludahaber.com\/h\/wp-json\/wp\/v2\/posts\/124073\/revisions"}],"predecessor-version":[{"id":124075,"href":"https:\/\/corludahaber.com\/h\/wp-json\/wp\/v2\/posts\/124073\/revisions\/124075"}],"wp:featuredmedia":[{"embeddable":true,"href":"https:\/\/corludahaber.com\/h\/wp-json\/wp\/v2\/media\/124074"}],"wp:attachment":[{"href":"https:\/\/corludahaber.com\/h\/wp-json\/wp\/v2\/media?parent=124073"}],"wp:term":[{"taxonomy":"category","embeddable":true,"href":"https:\/\/corludahaber.com\/h\/wp-json\/wp\/v2\/categories?post=124073"},{"taxonomy":"post_tag","embeddable":true,"href":"https:\/\/corludahaber.com\/h\/wp-json\/wp\/v2\/tags?post=124073"}],"curies":[{"name":"wp","href":"https:\/\/api.w.org\/{rel}","templated":true}]}}