{"id":124068,"date":"2026-08-31T13:44:29","date_gmt":"2026-08-31T10:44:29","guid":{"rendered":"https:\/\/corludahaber.com\/h\/sarkici-hakan-altuna-sahnede-ceyiz-sandigi-hediye-edildi\/124068"},"modified":"2026-08-31T13:44:37","modified_gmt":"2026-08-31T10:44:37","slug":"sarkici-hakan-altuna-sahnede-ceyiz-sandigi-hediye-edildi","status":"publish","type":"post","link":"https:\/\/corludahaber.com\/h\/sarkici-hakan-altuna-sahnede-ceyiz-sandigi-hediye-edildi\/124068","title":{"rendered":"\u015eark\u0131c\u0131 Hakan Altun\u2019a sahnede \u2018\u00e7eyiz sand\u0131\u011f\u0131\u2019 hediye edildi"},"content":{"rendered":"<div class=\"corlu-icerikten-once_3\" id=\"corlu-3518208177\"><script type='text\/javascript' src='https:\/\/platform-api.sharethis.com\/js\/sharethis.js#property=5ce8cf08af7d000012cb0ca1&product=inline-reaction-buttons' async='async'><\/script>\r\n\r\n<\/div><div readability=\"59\"><span class=\"category-name hidden\"><\/span><\/p><div class=\"corlu-icerik-2\" id=\"corlu-1433191340\"><!-- Admatic AUTO ads START -->\r\n<ins data-publisher=\"adm-pub-155556240050\" data-ad-network=\"659428a24d11b285b616c18d\"   class=\"adm-ads-area\"><\/ins>\r\n<script type=\"text\/javascript\" src=\"https:\/\/static.cdn.admatic.com.tr\/showad\/showad.min.js\"><\/script>\r\n<!-- Admatic AUTO ads END --><\/div>\n<p> \/\u0130PSALA(Edirne), (Haber Merkezi)- ED\u0130RNE\u2019nin \u0130psala il\u00e7esinde bu y\u0131l 25\u2019incisi d\u00fczenlenen Tar\u0131m ve \u00c7eltik Festivali&#8217;nde sahneye \u00e7\u0131kan \u015fark\u0131c\u0131 Hakan Altun&#8217;a konser sonunda \u00e7eyiz sand\u0131\u011f\u0131 hediye edildi.<\/p>\n<p>\u015eark\u0131c\u0131 Hakan Altun, \u0130psala 25\u2019inci Tar\u0131m ve \u00c7eltik Festivali kapsam\u0131nda sahne ald\u0131. Altun, sahnede \u2018Hani Ay Geceden I\u015f\u0131kl\u0131\u2019, \u2018A\u011flamak Yok Y\u00fcre\u011fim\u2019, \u2018G\u00f6n\u00fcl Yaras\u0131\u2019, \u2018Bir Telefon\u2019 ve \u2018Yorgun Y\u0131llar\u0131m\u2019\u0131n da aralar\u0131nda bulundu\u011fu sevilen \u015fark\u0131lar\u0131n\u0131 seslendirdi. Festival alan\u0131n\u0131 dolduran binlerce m\u00fcziksever de Altun&#8217;un \u015fark\u0131lar\u0131na e\u015flik etti.<\/p>\n<p>Konser sonunda sahneye \u00e7\u0131kan \u0130psala Belediye Ba\u015fkan\u0131 Mehmet Kerman, Hakan Altun&#8217;a i\u00e7erisinde Kuran\u0131 Kerim, T\u00fcrk bayra\u011f\u0131 ve y\u00f6reye \u00f6zg\u00fc \u0130psala pirinci bulunan \u00e7eyiz sand\u0131\u011f\u0131 hediye etti. Kerman, Hakan Altun\u2019un bekar oldu\u011funu hat\u0131rlat\u0131p, \u00e7eyiz sand\u0131\u011f\u0131n\u0131n evlilik haz\u0131rl\u0131klar\u0131nda \u00f6nemli bir yere sahip oldu\u011funu belirterek, &#8220;\u00c7eyiz sand\u0131\u011f\u0131na Kuran\u0131 Kerim ve T\u00fcrk bayra\u011f\u0131 koyarlar. Biz de sand\u0131\u011fa, &#8216;\u0130psala&#8217;m\u0131z\u0131n pirinci d\u00fcnyada bir inci\u2019 diyerek il\u00e7emizin pirincini koyduk. \u0130psala pirincinin tan\u0131t\u0131m\u0131na verdi\u011finiz destek i\u00e7in te\u015fekk\u00fcr ediyoruz&#8221; dedi. <\/p>\n<p>Altun da annesinin hediyeye \u00e7ok sevinece\u011fini ifade ederek, Mehmet Kerman&#8217;a te\u015fekk\u00fcr etti. (Haber Merkezi)<\/p>\n<\/div>\n<div class=\"corlu-icerikten-sonra_3\" id=\"corlu-1539127348\"><p><img loading=\"lazy\" decoding=\"async\" class=\"aligncenter\" src=\"https:\/\/www.corludahaber.com\/bahcesehir.jpg\" alt=\"\" width=\"624\" height=\"196\" \/><\/p>\n<table style=\"text-align: left; width: 100%;\" border=\"1\" cellspacing=\"2\" cellpadding=\"2\">\n<tbody>\n<tr>\n<td style=\"background-color: #050805;\"><span style=\"font-size: 12pt;\"><small><small><em><strong><big><span style=\"color: #ff0000;\">Haber ve resimlerin telif haklar\u0131ndan dolay\u0131 kullan\u0131m\u0131 yasakt\u0131r<span style=\"color: #000000;\">.<\/span><\/span><span style=\"color: #000000;\">\u00a0<\/span><span style=\"color: #ffffff;\">Yaz\u0131l\u0131 izni al\u0131nmadan hi\u00e7bir yaz\u0131l\u0131, g\u00f6rsel, i\u015fitsel i\u00e7erik kopyalanamaz, de\u011fi\u015ftirilemez, yay\u0131nlanamaz veya sat\u0131lamaz. Aksi halde<\/span>\u00a0<span style=\"color: #ff0000;\">5846<span style=\"color: #ffffff;\">\u00a0<\/span><\/span><span style=\"color: #ffffff;\">say\u0131l\u0131 Fikir ve Sanat Eserleri Kanunu\u2019na ve<\/span>\u00a0<span style=\"color: #800000;\"><span style=\"color: #ff0000;\">6102<\/span><span style=\"color: #ffffff;\">\u00a0<\/span><\/span><span style=\"color: #ffffff;\">say\u0131l\u0131 maddesine g\u00f6re<\/span>\u00a0<span style=\"color: #ff0000;\">gerekli i\u015flemler uygulanacakt\u0131r.<\/span><br \/>\n<span style=\"color: #ffffff;\">\u00a9 Copyright 2014<\/span><\/big><\/strong><\/em><\/small><\/small><\/span><\/td>\n<\/tr>\n<\/tbody>\n<\/table>\n<p><small><small>\u00a0<\/small><\/small><\/p>\n<\/div>","protected":false},"excerpt":{"rendered":"<p>\/\u0130PSALA(Edirne), (Haber Merkezi)- ED\u0130RNE\u2019nin \u0130psala il\u00e7esinde bu y\u0131l 25\u2019incisi d\u00fczenlenen Tar\u0131m ve \u00c7eltik Festivali&#8217;nde sahneye \u00e7\u0131kan \u015fark\u0131c\u0131 Hakan Altun&#8217;a konser sonunda \u00e7eyiz sand\u0131\u011f\u0131 hediye edildi. \u015eark\u0131c\u0131 Hakan Altun, \u0130psala 25\u2019inci Tar\u0131m ve \u00c7eltik Festivali kapsam\u0131nda sahne ald\u0131. Altun, sahnede \u2018Hani Ay Geceden I\u015f\u0131kl\u0131\u2019, \u2018A\u011flamak Yok Y\u00fcre\u011fim\u2019, \u2018G\u00f6n\u00fcl Yaras\u0131\u2019, \u2018Bir Telefon\u2019 ve \u2018Yorgun Y\u0131llar\u0131m\u2019\u0131n da aralar\u0131nda &hellip;<\/p>\n","protected":false},"author":151,"featured_media":124071,"comment_status":"open","ping_status":"closed","sticky":false,"template":"","format":"standard","meta":{"footnotes":""},"categories":[121],"tags":[6783,8025,1611,9376,15478,3238,30242,2112,33094,29603,582,36616,3661],"class_list":["post-124068","post","type-post","status-publish","format-standard","has-post-thumbnail","hentry","category-edirne","tag-altun","tag-asayis","tag-ceyiz","tag-corlu-kaza","tag-corlu-son-dakika-kaza","tag-edildi","tag-hakan","tag-hediye","tag-sahnede","tag-sandigi","tag-sarkici","tag-sarkici-hakan-altuna-sahnede-ceyiz-sandigi-hediye-edildi","tag-son-dakika-kaza"],"yoast_head":"<!-- This site is optimized with the Yoast SEO Premium plugin v23.3 (Yoast SEO v23.3) - https:\/\/yoast.com\/wordpress\/plugins\/seo\/ -->\n<title>\u015eark\u0131c\u0131 Hakan Altun\u2019a sahnede \u2018\u00e7eyiz sand\u0131\u011f\u0131\u2019 hediye edildi | \u00c7orlu&#039;da Haber<\/title>\n<meta name=\"description\" content=\"\u015eark\u0131c\u0131 Hakan Altun\u2019a sahnede \u2018\u00e7eyiz sand\u0131\u011f\u0131\u2019 hediye edildi | \u00c7orlu&#039;da Haber\" \/>\n<meta name=\"robots\" content=\"index, follow, max-snippet:-1, max-image-preview:large, max-video-preview:-1\" \/>\n<link rel=\"canonical\" href=\"https:\/\/corludahaber.com\/h\/sarkici-hakan-altuna-sahnede-ceyiz-sandigi-hediye-edildi\/124068\" \/>\n<meta property=\"og:locale\" content=\"tr_TR\" \/>\n<meta property=\"og:type\" content=\"article\" \/>\n<meta property=\"og:title\" content=\"\u015eark\u0131c\u0131 Hakan Altun\u2019a sahnede \u2018\u00e7eyiz sand\u0131\u011f\u0131\u2019 hediye edildi | \u00c7orlu&#039;da Haber\" \/>\n<meta property=\"og:description\" content=\"\u015eark\u0131c\u0131 Hakan Altun\u2019a sahnede \u2018\u00e7eyiz sand\u0131\u011f\u0131\u2019 hediye edildi | \u00c7orlu&#039;da Haber\" \/>\n<meta property=\"og:url\" content=\"https:\/\/corludahaber.com\/h\/sarkici-hakan-altuna-sahnede-ceyiz-sandigi-hediye-edildi\/124068\" \/>\n<meta property=\"og:site_name\" content=\"\u00c7orlu&#039;da Haber\" \/>\n<meta property=\"article:publisher\" content=\"https:\/\/facebook.com\/habercorluda\" \/>\n<meta property=\"article:published_time\" content=\"2026-08-31T10:44:29+00:00\" \/>\n<meta property=\"article:modified_time\" content=\"2026-08-31T10:44:37+00:00\" \/>\n<meta property=\"og:image\" content=\"http:\/\/corludahaber.com\/h\/wp-content\/uploads\/2026\/08\/sarkici-hakan-altuna-sahnede-ceyiz-sandigi-hediye-edildi_6a955b11e37bd.jpeg\" \/>\n\t<meta property=\"og:image:width\" content=\"2048\" \/>\n\t<meta property=\"og:image:height\" content=\"1537\" \/>\n\t<meta property=\"og:image:type\" content=\"image\/jpeg\" \/>\n<meta name=\"author\" content=\"\u00c7orlu&#039;da Haber\" \/>\n<meta name=\"twitter:card\" content=\"summary_large_image\" \/>\n<meta name=\"twitter:creator\" content=\"@habercorluda\" \/>\n<meta name=\"twitter:site\" content=\"@habercorluda\" \/>\n<meta name=\"twitter:label1\" content=\"Yazan:\" \/>\n\t<meta name=\"twitter:data1\" content=\"\u00c7orlu&#039;da Haber\" \/>\n\t<meta name=\"twitter:label2\" content=\"Tahmini okuma s\u00fcresi\" \/>\n\t<meta name=\"twitter:data2\" content=\"1 dakika\" \/>\n<script type=\"application\/ld+json\" class=\"yoast-schema-graph\">{\"@context\":\"https:\/\/schema.org\",\"@graph\":[{\"@type\":\"Article\",\"@id\":\"https:\/\/corludahaber.com\/h\/sarkici-hakan-altuna-sahnede-ceyiz-sandigi-hediye-edildi\/124068#article\",\"isPartOf\":{\"@id\":\"https:\/\/corludahaber.com\/h\/sarkici-hakan-altuna-sahnede-ceyiz-sandigi-hediye-edildi\/124068\"},\"author\":{\"name\":\"\u00c7orlu'da Haber\",\"@id\":\"https:\/\/corludahaber.com\/h\/#\/schema\/person\/b523522be44b062db5d74a62589768cd\"},\"headline\":\"\u015eark\u0131c\u0131 Hakan Altun\u2019a sahnede \u2018\u00e7eyiz sand\u0131\u011f\u0131\u2019 hediye edildi\",\"datePublished\":\"2026-08-31T10:44:29+00:00\",\"dateModified\":\"2026-08-31T10:44:37+00:00\",\"mainEntityOfPage\":{\"@id\":\"https:\/\/corludahaber.com\/h\/sarkici-hakan-altuna-sahnede-ceyiz-sandigi-hediye-edildi\/124068\"},\"wordCount\":231,\"commentCount\":0,\"publisher\":{\"@id\":\"https:\/\/corludahaber.com\/h\/#organization\"},\"image\":{\"@id\":\"https:\/\/corludahaber.com\/h\/sarkici-hakan-altuna-sahnede-ceyiz-sandigi-hediye-edildi\/124068#primaryimage\"},\"thumbnailUrl\":\"https:\/\/corludahaber.com\/h\/wp-content\/uploads\/2026\/08\/sarkici-hakan-altuna-sahnede-ceyiz-sandigi-hediye-edildi_6a955b11e37bd.jpeg\",\"keywords\":[\"Altun\",\"asayi\u015f\",\"\u00c7eyiz\",\"\u00c7orlu kaza\",\"\u00c7orlu son dakika kaza\",\"Edildi\",\"Hakan\",\"Hediye\",\"Sahnede\",\"sand\u0131\u011f\u0131\",\"\u015eark\u0131c\u0131\",\"\u015eark\u0131c\u0131 Hakan Altun\u2019a sahnede \u2018\u00e7eyiz sand\u0131\u011f\u0131\u2019 hediye edildi\",\"son dakika kaza\"],\"articleSection\":[\"Edirne\"],\"inLanguage\":\"tr\",\"potentialAction\":[{\"@type\":\"CommentAction\",\"name\":\"Comment\",\"target\":[\"https:\/\/corludahaber.com\/h\/sarkici-hakan-altuna-sahnede-ceyiz-sandigi-hediye-edildi\/124068#respond\"]}]},{\"@type\":\"WebPage\",\"@id\":\"https:\/\/corludahaber.com\/h\/sarkici-hakan-altuna-sahnede-ceyiz-sandigi-hediye-edildi\/124068\",\"url\":\"https:\/\/corludahaber.com\/h\/sarkici-hakan-altuna-sahnede-ceyiz-sandigi-hediye-edildi\/124068\",\"name\":\"\u015eark\u0131c\u0131 Hakan Altun\u2019a sahnede \u2018\u00e7eyiz sand\u0131\u011f\u0131\u2019 hediye edildi | \u00c7orlu&#039;da Haber\",\"isPartOf\":{\"@id\":\"https:\/\/corludahaber.com\/h\/#website\"},\"primaryImageOfPage\":{\"@id\":\"https:\/\/corludahaber.com\/h\/sarkici-hakan-altuna-sahnede-ceyiz-sandigi-hediye-edildi\/124068#primaryimage\"},\"image\":{\"@id\":\"https:\/\/corludahaber.com\/h\/sarkici-hakan-altuna-sahnede-ceyiz-sandigi-hediye-edildi\/124068#primaryimage\"},\"thumbnailUrl\":\"https:\/\/corludahaber.com\/h\/wp-content\/uploads\/2026\/08\/sarkici-hakan-altuna-sahnede-ceyiz-sandigi-hediye-edildi_6a955b11e37bd.jpeg\",\"datePublished\":\"2026-08-31T10:44:29+00:00\",\"dateModified\":\"2026-08-31T10:44:37+00:00\",\"description\":\"\u015eark\u0131c\u0131 Hakan Altun\u2019a sahnede \u2018\u00e7eyiz sand\u0131\u011f\u0131\u2019 hediye edildi | \u00c7orlu&#039;da Haber\",\"breadcrumb\":{\"@id\":\"https:\/\/corludahaber.com\/h\/sarkici-hakan-altuna-sahnede-ceyiz-sandigi-hediye-edildi\/124068#breadcrumb\"},\"inLanguage\":\"tr\",\"potentialAction\":[{\"@type\":\"ReadAction\",\"target\":[\"https:\/\/corludahaber.com\/h\/sarkici-hakan-altuna-sahnede-ceyiz-sandigi-hediye-edildi\/124068\"]}]},{\"@type\":\"ImageObject\",\"inLanguage\":\"tr\",\"@id\":\"https:\/\/corludahaber.com\/h\/sarkici-hakan-altuna-sahnede-ceyiz-sandigi-hediye-edildi\/124068#primaryimage\",\"url\":\"https:\/\/corludahaber.com\/h\/wp-content\/uploads\/2026\/08\/sarkici-hakan-altuna-sahnede-ceyiz-sandigi-hediye-edildi_6a955b11e37bd.jpeg\",\"contentUrl\":\"https:\/\/corludahaber.com\/h\/wp-content\/uploads\/2026\/08\/sarkici-hakan-altuna-sahnede-ceyiz-sandigi-hediye-edildi_6a955b11e37bd.jpeg\",\"width\":2048,\"height\":1537},{\"@type\":\"BreadcrumbList\",\"@id\":\"https:\/\/corludahaber.com\/h\/sarkici-hakan-altuna-sahnede-ceyiz-sandigi-hediye-edildi\/124068#breadcrumb\",\"itemListElement\":[{\"@type\":\"ListItem\",\"position\":1,\"name\":\"Anasayfa\",\"item\":\"https:\/\/corludahaber.com\/h\/anasayfa\"},{\"@type\":\"ListItem\",\"position\":2,\"name\":\"Edirne\",\"item\":\"https:\/\/corludahaber.com\/h\/kategori\/edirne\"},{\"@type\":\"ListItem\",\"position\":3,\"name\":\"\u015eark\u0131c\u0131 Hakan Altun\u2019a sahnede \u2018\u00e7eyiz sand\u0131\u011f\u0131\u2019 hediye edildi\"}]},{\"@type\":\"WebSite\",\"@id\":\"https:\/\/corludahaber.com\/h\/#website\",\"url\":\"https:\/\/corludahaber.com\/h\/\",\"name\":\"\u00c7orlu'da Haber\",\"description\":\"Ger\u00e7ek Tarafs\u0131z Haber\",\"publisher\":{\"@id\":\"https:\/\/corludahaber.com\/h\/#organization\"},\"potentialAction\":[{\"@type\":\"SearchAction\",\"target\":{\"@type\":\"EntryPoint\",\"urlTemplate\":\"https:\/\/corludahaber.com\/h\/?s={search_term_string}\"},\"query-input\":\"required name=search_term_string\"}],\"inLanguage\":\"tr\"},{\"@type\":\"Organization\",\"@id\":\"https:\/\/corludahaber.com\/h\/#organization\",\"name\":\"\u00c7orlu'da Haber\",\"url\":\"https:\/\/corludahaber.com\/h\/\",\"logo\":{\"@type\":\"ImageObject\",\"inLanguage\":\"tr\",\"@id\":\"https:\/\/corludahaber.com\/h\/#\/schema\/logo\/image\/\",\"url\":\"https:\/\/corludahaber.com\/h\/wp-content\/uploads\/2021\/12\/logo__9__1_-removebg-preview.png\",\"contentUrl\":\"https:\/\/corludahaber.com\/h\/wp-content\/uploads\/2021\/12\/logo__9__1_-removebg-preview.png\",\"width\":500,\"height\":157,\"caption\":\"\u00c7orlu'da Haber\"},\"image\":{\"@id\":\"https:\/\/corludahaber.com\/h\/#\/schema\/logo\/image\/\"},\"sameAs\":[\"https:\/\/facebook.com\/habercorluda\",\"https:\/\/x.com\/habercorluda\",\"https:\/\/www.instagram.com\/corludahaber\",\"https:\/\/www.youtube.com\/user\/corludahaber\"]},{\"@type\":\"Person\",\"@id\":\"https:\/\/corludahaber.com\/h\/#\/schema\/person\/b523522be44b062db5d74a62589768cd\",\"name\":\"\u00c7orlu'da Haber\",\"image\":{\"@type\":\"ImageObject\",\"inLanguage\":\"tr\",\"@id\":\"https:\/\/corludahaber.com\/h\/#\/schema\/person\/image\/\",\"url\":\"https:\/\/secure.gravatar.com\/avatar\/1033e54e078c29fd7f053370086ff627ba414b05c2b231c418a481adecd764ce?s=96&d=blank&r=g\",\"contentUrl\":\"https:\/\/secure.gravatar.com\/avatar\/1033e54e078c29fd7f053370086ff627ba414b05c2b231c418a481adecd764ce?s=96&d=blank&r=g\",\"caption\":\"\u00c7orlu'da Haber\"},\"sameAs\":[\"https:\/\/corludahaber.com\/h\"],\"url\":\"https:\/\/corludahaber.com\/h\/author\/admin\"}]}<\/script>\n<!-- \/ Yoast SEO Premium plugin. -->","yoast_head_json":{"title":"\u015eark\u0131c\u0131 Hakan Altun\u2019a sahnede \u2018\u00e7eyiz sand\u0131\u011f\u0131\u2019 hediye edildi | \u00c7orlu&#039;da Haber","description":"\u015eark\u0131c\u0131 Hakan Altun\u2019a sahnede \u2018\u00e7eyiz sand\u0131\u011f\u0131\u2019 hediye edildi | \u00c7orlu&#039;da Haber","robots":{"index":"index","follow":"follow","max-snippet":"max-snippet:-1","max-image-preview":"max-image-preview:large","max-video-preview":"max-video-preview:-1"},"canonical":"https:\/\/corludahaber.com\/h\/sarkici-hakan-altuna-sahnede-ceyiz-sandigi-hediye-edildi\/124068","og_locale":"tr_TR","og_type":"article","og_title":"\u015eark\u0131c\u0131 Hakan Altun\u2019a sahnede \u2018\u00e7eyiz sand\u0131\u011f\u0131\u2019 hediye edildi | \u00c7orlu&#039;da Haber","og_description":"\u015eark\u0131c\u0131 Hakan Altun\u2019a sahnede \u2018\u00e7eyiz sand\u0131\u011f\u0131\u2019 hediye edildi | \u00c7orlu&#039;da Haber","og_url":"https:\/\/corludahaber.com\/h\/sarkici-hakan-altuna-sahnede-ceyiz-sandigi-hediye-edildi\/124068","og_site_name":"\u00c7orlu&#039;da Haber","article_publisher":"https:\/\/facebook.com\/habercorluda","article_published_time":"2026-08-31T10:44:29+00:00","article_modified_time":"2026-08-31T10:44:37+00:00","og_image":[{"width":2048,"height":1537,"url":"http:\/\/corludahaber.com\/h\/wp-content\/uploads\/2026\/08\/sarkici-hakan-altuna-sahnede-ceyiz-sandigi-hediye-edildi_6a955b11e37bd.jpeg","type":"image\/jpeg"}],"author":"\u00c7orlu'da Haber","twitter_card":"summary_large_image","twitter_creator":"@habercorluda","twitter_site":"@habercorluda","twitter_misc":{"Yazan:":"\u00c7orlu'da Haber","Tahmini okuma s\u00fcresi":"1 dakika"},"schema":{"@context":"https:\/\/schema.org","@graph":[{"@type":"Article","@id":"https:\/\/corludahaber.com\/h\/sarkici-hakan-altuna-sahnede-ceyiz-sandigi-hediye-edildi\/124068#article","isPartOf":{"@id":"https:\/\/corludahaber.com\/h\/sarkici-hakan-altuna-sahnede-ceyiz-sandigi-hediye-edildi\/124068"},"author":{"name":"\u00c7orlu'da Haber","@id":"https:\/\/corludahaber.com\/h\/#\/schema\/person\/b523522be44b062db5d74a62589768cd"},"headline":"\u015eark\u0131c\u0131 Hakan Altun\u2019a sahnede \u2018\u00e7eyiz sand\u0131\u011f\u0131\u2019 hediye edildi","datePublished":"2026-08-31T10:44:29+00:00","dateModified":"2026-08-31T10:44:37+00:00","mainEntityOfPage":{"@id":"https:\/\/corludahaber.com\/h\/sarkici-hakan-altuna-sahnede-ceyiz-sandigi-hediye-edildi\/124068"},"wordCount":231,"commentCount":0,"publisher":{"@id":"https:\/\/corludahaber.com\/h\/#organization"},"image":{"@id":"https:\/\/corludahaber.com\/h\/sarkici-hakan-altuna-sahnede-ceyiz-sandigi-hediye-edildi\/124068#primaryimage"},"thumbnailUrl":"https:\/\/corludahaber.com\/h\/wp-content\/uploads\/2026\/08\/sarkici-hakan-altuna-sahnede-ceyiz-sandigi-hediye-edildi_6a955b11e37bd.jpeg","keywords":["Altun","asayi\u015f","\u00c7eyiz","\u00c7orlu kaza","\u00c7orlu son dakika kaza","Edildi","Hakan","Hediye","Sahnede","sand\u0131\u011f\u0131","\u015eark\u0131c\u0131","\u015eark\u0131c\u0131 Hakan Altun\u2019a sahnede \u2018\u00e7eyiz sand\u0131\u011f\u0131\u2019 hediye edildi","son dakika kaza"],"articleSection":["Edirne"],"inLanguage":"tr","potentialAction":[{"@type":"CommentAction","name":"Comment","target":["https:\/\/corludahaber.com\/h\/sarkici-hakan-altuna-sahnede-ceyiz-sandigi-hediye-edildi\/124068#respond"]}]},{"@type":"WebPage","@id":"https:\/\/corludahaber.com\/h\/sarkici-hakan-altuna-sahnede-ceyiz-sandigi-hediye-edildi\/124068","url":"https:\/\/corludahaber.com\/h\/sarkici-hakan-altuna-sahnede-ceyiz-sandigi-hediye-edildi\/124068","name":"\u015eark\u0131c\u0131 Hakan Altun\u2019a sahnede \u2018\u00e7eyiz sand\u0131\u011f\u0131\u2019 hediye edildi | \u00c7orlu&#039;da Haber","isPartOf":{"@id":"https:\/\/corludahaber.com\/h\/#website"},"primaryImageOfPage":{"@id":"https:\/\/corludahaber.com\/h\/sarkici-hakan-altuna-sahnede-ceyiz-sandigi-hediye-edildi\/124068#primaryimage"},"image":{"@id":"https:\/\/corludahaber.com\/h\/sarkici-hakan-altuna-sahnede-ceyiz-sandigi-hediye-edildi\/124068#primaryimage"},"thumbnailUrl":"https:\/\/corludahaber.com\/h\/wp-content\/uploads\/2026\/08\/sarkici-hakan-altuna-sahnede-ceyiz-sandigi-hediye-edildi_6a955b11e37bd.jpeg","datePublished":"2026-08-31T10:44:29+00:00","dateModified":"2026-08-31T10:44:37+00:00","description":"\u015eark\u0131c\u0131 Hakan Altun\u2019a sahnede \u2018\u00e7eyiz sand\u0131\u011f\u0131\u2019 hediye edildi | \u00c7orlu&#039;da Haber","breadcrumb":{"@id":"https:\/\/corludahaber.com\/h\/sarkici-hakan-altuna-sahnede-ceyiz-sandigi-hediye-edildi\/124068#breadcrumb"},"inLanguage":"tr","potentialAction":[{"@type":"ReadAction","target":["https:\/\/corludahaber.com\/h\/sarkici-hakan-altuna-sahnede-ceyiz-sandigi-hediye-edildi\/124068"]}]},{"@type":"ImageObject","inLanguage":"tr","@id":"https:\/\/corludahaber.com\/h\/sarkici-hakan-altuna-sahnede-ceyiz-sandigi-hediye-edildi\/124068#primaryimage","url":"https:\/\/corludahaber.com\/h\/wp-content\/uploads\/2026\/08\/sarkici-hakan-altuna-sahnede-ceyiz-sandigi-hediye-edildi_6a955b11e37bd.jpeg","contentUrl":"https:\/\/corludahaber.com\/h\/wp-content\/uploads\/2026\/08\/sarkici-hakan-altuna-sahnede-ceyiz-sandigi-hediye-edildi_6a955b11e37bd.jpeg","width":2048,"height":1537},{"@type":"BreadcrumbList","@id":"https:\/\/corludahaber.com\/h\/sarkici-hakan-altuna-sahnede-ceyiz-sandigi-hediye-edildi\/124068#breadcrumb","itemListElement":[{"@type":"ListItem","position":1,"name":"Anasayfa","item":"https:\/\/corludahaber.com\/h\/anasayfa"},{"@type":"ListItem","position":2,"name":"Edirne","item":"https:\/\/corludahaber.com\/h\/kategori\/edirne"},{"@type":"ListItem","position":3,"name":"\u015eark\u0131c\u0131 Hakan Altun\u2019a sahnede \u2018\u00e7eyiz sand\u0131\u011f\u0131\u2019 hediye edildi"}]},{"@type":"WebSite","@id":"https:\/\/corludahaber.com\/h\/#website","url":"https:\/\/corludahaber.com\/h\/","name":"\u00c7orlu'da Haber","description":"Ger\u00e7ek Tarafs\u0131z Haber","publisher":{"@id":"https:\/\/corludahaber.com\/h\/#organization"},"potentialAction":[{"@type":"SearchAction","target":{"@type":"EntryPoint","urlTemplate":"https:\/\/corludahaber.com\/h\/?s={search_term_string}"},"query-input":"required name=search_term_string"}],"inLanguage":"tr"},{"@type":"Organization","@id":"https:\/\/corludahaber.com\/h\/#organization","name":"\u00c7orlu'da Haber","url":"https:\/\/corludahaber.com\/h\/","logo":{"@type":"ImageObject","inLanguage":"tr","@id":"https:\/\/corludahaber.com\/h\/#\/schema\/logo\/image\/","url":"https:\/\/corludahaber.com\/h\/wp-content\/uploads\/2021\/12\/logo__9__1_-removebg-preview.png","contentUrl":"https:\/\/corludahaber.com\/h\/wp-content\/uploads\/2021\/12\/logo__9__1_-removebg-preview.png","width":500,"height":157,"caption":"\u00c7orlu'da Haber"},"image":{"@id":"https:\/\/corludahaber.com\/h\/#\/schema\/logo\/image\/"},"sameAs":["https:\/\/facebook.com\/habercorluda","https:\/\/x.com\/habercorluda","https:\/\/www.instagram.com\/corludahaber","https:\/\/www.youtube.com\/user\/corludahaber"]},{"@type":"Person","@id":"https:\/\/corludahaber.com\/h\/#\/schema\/person\/b523522be44b062db5d74a62589768cd","name":"\u00c7orlu'da Haber","image":{"@type":"ImageObject","inLanguage":"tr","@id":"https:\/\/corludahaber.com\/h\/#\/schema\/person\/image\/","url":"https:\/\/secure.gravatar.com\/avatar\/1033e54e078c29fd7f053370086ff627ba414b05c2b231c418a481adecd764ce?s=96&d=blank&r=g","contentUrl":"https:\/\/secure.gravatar.com\/avatar\/1033e54e078c29fd7f053370086ff627ba414b05c2b231c418a481adecd764ce?s=96&d=blank&r=g","caption":"\u00c7orlu'da Haber"},"sameAs":["https:\/\/corludahaber.com\/h"],"url":"https:\/\/corludahaber.com\/h\/author\/admin"}]}},"_links":{"self":[{"href":"https:\/\/corludahaber.com\/h\/wp-json\/wp\/v2\/posts\/124068","targetHints":{"allow":["GET"]}}],"collection":[{"href":"https:\/\/corludahaber.com\/h\/wp-json\/wp\/v2\/posts"}],"about":[{"href":"https:\/\/corludahaber.com\/h\/wp-json\/wp\/v2\/types\/post"}],"author":[{"embeddable":true,"href":"https:\/\/corludahaber.com\/h\/wp-json\/wp\/v2\/users\/151"}],"replies":[{"embeddable":true,"href":"https:\/\/corludahaber.com\/h\/wp-json\/wp\/v2\/comments?post=124068"}],"version-history":[{"count":1,"href":"https:\/\/corludahaber.com\/h\/wp-json\/wp\/v2\/posts\/124068\/revisions"}],"predecessor-version":[{"id":124072,"href":"https:\/\/corludahaber.com\/h\/wp-json\/wp\/v2\/posts\/124068\/revisions\/124072"}],"wp:featuredmedia":[{"embeddable":true,"href":"https:\/\/corludahaber.com\/h\/wp-json\/wp\/v2\/media\/124071"}],"wp:attachment":[{"href":"https:\/\/corludahaber.com\/h\/wp-json\/wp\/v2\/media?parent=124068"}],"wp:term":[{"taxonomy":"category","embeddable":true,"href":"https:\/\/corludahaber.com\/h\/wp-json\/wp\/v2\/categories?post=124068"},{"taxonomy":"post_tag","embeddable":true,"href":"https:\/\/corludahaber.com\/h\/wp-json\/wp\/v2\/tags?post=124068"}],"curies":[{"name":"wp","href":"https:\/\/api.w.org\/{rel}","templated":true}]}}