{"id":124062,"date":"2026-08-31T13:44:17","date_gmt":"2026-08-31T10:44:17","guid":{"rendered":"https:\/\/corludahaber.com\/h\/musteri-ile-restoran-sahibi-kavga-etti-araya-giren-garson-bicaklanarak-olduruldu\/124062"},"modified":"2026-08-31T13:44:23","modified_gmt":"2026-08-31T10:44:23","slug":"musteri-ile-restoran-sahibi-kavga-etti-araya-giren-garson-bicaklanarak-olduruldu","status":"publish","type":"post","link":"https:\/\/corludahaber.com\/h\/musteri-ile-restoran-sahibi-kavga-etti-araya-giren-garson-bicaklanarak-olduruldu\/124062","title":{"rendered":"M\u00fc\u015fteri ile restoran sahibi kavga etti, araya giren garson b\u0131\u00e7aklanarak \u00f6ld\u00fcr\u00fcld\u00fc"},"content":{"rendered":"<div class=\"corlu-icerikten-once_3\" id=\"corlu-796552331\"><script type='text\/javascript' src='https:\/\/platform-api.sharethis.com\/js\/sharethis.js#property=5ce8cf08af7d000012cb0ca1&product=inline-reaction-buttons' async='async'><\/script>\r\n\r\n<\/div><div readability=\"49\"><span class=\"category-name hidden\"><\/span><\/p><div class=\"corlu-icerik-2\" id=\"corlu-3412561929\"><!-- Admatic AUTO ads START -->\r\n<ins data-publisher=\"adm-pub-155556240050\" data-ad-network=\"659428a24d11b285b616c18d\"   class=\"adm-ads-area\"><\/ins>\r\n<script type=\"text\/javascript\" src=\"https:\/\/static.cdn.admatic.com.tr\/showad\/showad.min.js\"><\/script>\r\n<!-- Admatic AUTO ads END --><\/div>\n<p> \/\u0130PSALA (Edirne), (Haber Merkezi)- ED\u0130RNE\u2019nin \u0130psala il\u00e7esinde m\u00fc\u015fteri olarak gitti\u011fi restoranda i\u015f yeri sahibiyle kavga eden C.O. (22), arayan giren garson Tanju \u00d6z\u00e7ift\u00e7i\u2019yi b\u0131\u00e7aklayarak \u00f6ld\u00fcrd\u00fc.<\/p>\n<p>Olay, d\u00fcn ak\u015fam saatlerinde il\u00e7edeki bir restoranda meydana geldi. M\u00fc\u015fteri olarak gitti\u011fi restoranda C.O. ile i\u015f yeri sahibi aras\u0131nda hen\u00fcz bilinmeyen nedenle tart\u0131\u015fma \u00e7\u0131kt\u0131. Tart\u0131\u015fma kavgaya d\u00f6n\u00fc\u015f\u00fcnce garson Tanju \u00d6z\u00e7ift\u00e7i, araya girmek istedi. Bu s\u0131rada C.O., taraf\u0131ndan b\u0131\u00e7aklanan \u00d6z\u00e7ift\u00e7i, a\u011f\u0131r yaraland\u0131. \u0130hbar \u00fczerine olay yerine polis ve sa\u011fl\u0131k ekipleri sevk edildi. \u00d6z\u00e7ift\u00e7i, ambulansla kald\u0131r\u0131ld\u0131\u011f\u0131 \u0130psala Devlet Hastanesi\u2019nde doktorlar\u0131n t\u00fcm m\u00fcdahalesine ra\u011fmen kurtar\u0131lamad\u0131. Tanju \u00d6z\u00e7ift\u00e7i\u2019nin cenazesi otopsi i\u00e7in morga konuldu. Polis, C.O.\u2019yu g\u00f6zalt\u0131na ald\u0131.<\/p>\n<p>Olayla ilgili ba\u015flat\u0131lan soru\u015fturma s\u00fcr\u00fcyor. (Haber Merkezi)<\/p>\n<\/div>\n<div class=\"corlu-icerikten-sonra_3\" id=\"corlu-1085848606\"><p><img loading=\"lazy\" decoding=\"async\" class=\"aligncenter\" src=\"https:\/\/www.corludahaber.com\/bahcesehir.jpg\" alt=\"\" width=\"624\" height=\"196\" \/><\/p>\n<table style=\"text-align: left; width: 100%;\" border=\"1\" cellspacing=\"2\" cellpadding=\"2\">\n<tbody>\n<tr>\n<td style=\"background-color: #050805;\"><span style=\"font-size: 12pt;\"><small><small><em><strong><big><span style=\"color: #ff0000;\">Haber ve resimlerin telif haklar\u0131ndan dolay\u0131 kullan\u0131m\u0131 yasakt\u0131r<span style=\"color: #000000;\">.<\/span><\/span><span style=\"color: #000000;\">\u00a0<\/span><span style=\"color: #ffffff;\">Yaz\u0131l\u0131 izni al\u0131nmadan hi\u00e7bir yaz\u0131l\u0131, g\u00f6rsel, i\u015fitsel i\u00e7erik kopyalanamaz, de\u011fi\u015ftirilemez, yay\u0131nlanamaz veya sat\u0131lamaz. Aksi halde<\/span>\u00a0<span style=\"color: #ff0000;\">5846<span style=\"color: #ffffff;\">\u00a0<\/span><\/span><span style=\"color: #ffffff;\">say\u0131l\u0131 Fikir ve Sanat Eserleri Kanunu\u2019na ve<\/span>\u00a0<span style=\"color: #800000;\"><span style=\"color: #ff0000;\">6102<\/span><span style=\"color: #ffffff;\">\u00a0<\/span><\/span><span style=\"color: #ffffff;\">say\u0131l\u0131 maddesine g\u00f6re<\/span>\u00a0<span style=\"color: #ff0000;\">gerekli i\u015flemler uygulanacakt\u0131r.<\/span><br \/>\n<span style=\"color: #ffffff;\">\u00a9 Copyright 2014<\/span><\/big><\/strong><\/em><\/small><\/small><\/span><\/td>\n<\/tr>\n<\/tbody>\n<\/table>\n<p><small><small>\u00a0<\/small><\/small><\/p>\n<\/div>","protected":false},"excerpt":{"rendered":"<p>\/\u0130PSALA (Edirne), (Haber Merkezi)- ED\u0130RNE\u2019nin \u0130psala il\u00e7esinde m\u00fc\u015fteri olarak gitti\u011fi restoranda i\u015f yeri sahibiyle kavga eden C.O. (22), arayan giren garson Tanju \u00d6z\u00e7ift\u00e7i\u2019yi b\u0131\u00e7aklayarak \u00f6ld\u00fcrd\u00fc. Olay, d\u00fcn ak\u015fam saatlerinde il\u00e7edeki bir restoranda meydana geldi. M\u00fc\u015fteri olarak gitti\u011fi restoranda C.O. ile i\u015f yeri sahibi aras\u0131nda hen\u00fcz bilinmeyen nedenle tart\u0131\u015fma \u00e7\u0131kt\u0131. Tart\u0131\u015fma kavgaya d\u00f6n\u00fc\u015f\u00fcnce garson Tanju \u00d6z\u00e7ift\u00e7i, &hellip;<\/p>\n","protected":false},"author":151,"featured_media":124064,"comment_status":"open","ping_status":"closed","sticky":false,"template":"","format":"standard","meta":{"footnotes":""},"categories":[121],"tags":[861,8025,18718,9376,15478,8385,1671,829,5625,36613,2522,6409,2699,3661],"class_list":["post-124062","post","type-post","status-publish","format-standard","has-post-thumbnail","hentry","category-edirne","tag-araya","tag-asayis","tag-bicaklanarak","tag-corlu-kaza","tag-corlu-son-dakika-kaza","tag-garson","tag-giren","tag-kavga","tag-musteri","tag-musteri-ile-restoran-sahibi-kavga-etti-araya-giren-garson-bicaklanarak-olduruldu","tag-olduruldu","tag-restoran","tag-sahibi","tag-son-dakika-kaza"],"yoast_head":"<!-- This site is optimized with the Yoast SEO Premium plugin v23.3 (Yoast SEO v23.3) - https:\/\/yoast.com\/wordpress\/plugins\/seo\/ -->\n<title>M\u00fc\u015fteri ile restoran sahibi kavga etti, araya giren garson b\u0131\u00e7aklanarak \u00f6ld\u00fcr\u00fcld\u00fc | \u00c7orlu&#039;da Haber<\/title>\n<meta name=\"description\" content=\"M\u00fc\u015fteri ile restoran sahibi kavga etti, araya giren garson b\u0131\u00e7aklanarak \u00f6ld\u00fcr\u00fcld\u00fc | \u00c7orlu&#039;da Haber\" \/>\n<meta name=\"robots\" content=\"index, follow, max-snippet:-1, max-image-preview:large, max-video-preview:-1\" \/>\n<link rel=\"canonical\" href=\"https:\/\/corludahaber.com\/h\/musteri-ile-restoran-sahibi-kavga-etti-araya-giren-garson-bicaklanarak-olduruldu\/124062\" \/>\n<meta property=\"og:locale\" content=\"tr_TR\" \/>\n<meta property=\"og:type\" content=\"article\" \/>\n<meta property=\"og:title\" content=\"M\u00fc\u015fteri ile restoran sahibi kavga etti, araya giren garson b\u0131\u00e7aklanarak \u00f6ld\u00fcr\u00fcld\u00fc | \u00c7orlu&#039;da Haber\" \/>\n<meta property=\"og:description\" content=\"M\u00fc\u015fteri ile restoran sahibi kavga etti, araya giren garson b\u0131\u00e7aklanarak \u00f6ld\u00fcr\u00fcld\u00fc | \u00c7orlu&#039;da Haber\" \/>\n<meta property=\"og:url\" content=\"https:\/\/corludahaber.com\/h\/musteri-ile-restoran-sahibi-kavga-etti-araya-giren-garson-bicaklanarak-olduruldu\/124062\" \/>\n<meta property=\"og:site_name\" content=\"\u00c7orlu&#039;da Haber\" \/>\n<meta property=\"article:publisher\" content=\"https:\/\/facebook.com\/habercorluda\" \/>\n<meta property=\"article:published_time\" content=\"2026-08-31T10:44:17+00:00\" \/>\n<meta property=\"article:modified_time\" content=\"2026-08-31T10:44:23+00:00\" \/>\n<meta property=\"og:image\" content=\"http:\/\/corludahaber.com\/h\/wp-content\/uploads\/2026\/08\/musteri-ile-restoran-sahibi-kavga-etti-araya-giren-garson-bicaklanarak-olduruldu_6a955b0493e1d.jpeg\" \/>\n\t<meta property=\"og:image:width\" content=\"1041\" \/>\n\t<meta property=\"og:image:height\" content=\"1289\" \/>\n\t<meta property=\"og:image:type\" content=\"image\/jpeg\" \/>\n<meta name=\"author\" content=\"\u00c7orlu&#039;da Haber\" \/>\n<meta name=\"twitter:card\" content=\"summary_large_image\" \/>\n<meta name=\"twitter:creator\" content=\"@habercorluda\" \/>\n<meta name=\"twitter:site\" content=\"@habercorluda\" \/>\n<meta name=\"twitter:label1\" content=\"Yazan:\" \/>\n\t<meta name=\"twitter:data1\" content=\"\u00c7orlu&#039;da Haber\" \/>\n\t<meta name=\"twitter:label2\" content=\"Tahmini okuma s\u00fcresi\" \/>\n\t<meta name=\"twitter:data2\" content=\"1 dakika\" \/>\n<script type=\"application\/ld+json\" class=\"yoast-schema-graph\">{\"@context\":\"https:\/\/schema.org\",\"@graph\":[{\"@type\":\"Article\",\"@id\":\"https:\/\/corludahaber.com\/h\/musteri-ile-restoran-sahibi-kavga-etti-araya-giren-garson-bicaklanarak-olduruldu\/124062#article\",\"isPartOf\":{\"@id\":\"https:\/\/corludahaber.com\/h\/musteri-ile-restoran-sahibi-kavga-etti-araya-giren-garson-bicaklanarak-olduruldu\/124062\"},\"author\":{\"name\":\"\u00c7orlu'da Haber\",\"@id\":\"https:\/\/corludahaber.com\/h\/#\/schema\/person\/b523522be44b062db5d74a62589768cd\"},\"headline\":\"M\u00fc\u015fteri ile restoran sahibi kavga etti, araya giren garson b\u0131\u00e7aklanarak \u00f6ld\u00fcr\u00fcld\u00fc\",\"datePublished\":\"2026-08-31T10:44:17+00:00\",\"dateModified\":\"2026-08-31T10:44:23+00:00\",\"mainEntityOfPage\":{\"@id\":\"https:\/\/corludahaber.com\/h\/musteri-ile-restoran-sahibi-kavga-etti-araya-giren-garson-bicaklanarak-olduruldu\/124062\"},\"wordCount\":177,\"commentCount\":0,\"publisher\":{\"@id\":\"https:\/\/corludahaber.com\/h\/#organization\"},\"image\":{\"@id\":\"https:\/\/corludahaber.com\/h\/musteri-ile-restoran-sahibi-kavga-etti-araya-giren-garson-bicaklanarak-olduruldu\/124062#primaryimage\"},\"thumbnailUrl\":\"https:\/\/corludahaber.com\/h\/wp-content\/uploads\/2026\/08\/musteri-ile-restoran-sahibi-kavga-etti-araya-giren-garson-bicaklanarak-olduruldu_6a955b0493e1d.jpeg\",\"keywords\":[\"araya\",\"asayi\u015f\",\"B\u0131\u00e7aklanarak\",\"\u00c7orlu kaza\",\"\u00c7orlu son dakika kaza\",\"Garson\",\"Giren\",\"kavga\",\"M\u00fc\u015fteri\",\"M\u00fc\u015fteri ile restoran sahibi kavga etti, araya giren garson b\u0131\u00e7aklanarak \u00f6ld\u00fcr\u00fcld\u00fc\",\"\u00d6ld\u00fcr\u00fcld\u00fc\",\"RESTORAN\",\"SAH\u0130B\u0130\",\"son dakika kaza\"],\"articleSection\":[\"Edirne\"],\"inLanguage\":\"tr\",\"potentialAction\":[{\"@type\":\"CommentAction\",\"name\":\"Comment\",\"target\":[\"https:\/\/corludahaber.com\/h\/musteri-ile-restoran-sahibi-kavga-etti-araya-giren-garson-bicaklanarak-olduruldu\/124062#respond\"]}]},{\"@type\":\"WebPage\",\"@id\":\"https:\/\/corludahaber.com\/h\/musteri-ile-restoran-sahibi-kavga-etti-araya-giren-garson-bicaklanarak-olduruldu\/124062\",\"url\":\"https:\/\/corludahaber.com\/h\/musteri-ile-restoran-sahibi-kavga-etti-araya-giren-garson-bicaklanarak-olduruldu\/124062\",\"name\":\"M\u00fc\u015fteri ile restoran sahibi kavga etti, araya giren garson b\u0131\u00e7aklanarak \u00f6ld\u00fcr\u00fcld\u00fc | \u00c7orlu&#039;da Haber\",\"isPartOf\":{\"@id\":\"https:\/\/corludahaber.com\/h\/#website\"},\"primaryImageOfPage\":{\"@id\":\"https:\/\/corludahaber.com\/h\/musteri-ile-restoran-sahibi-kavga-etti-araya-giren-garson-bicaklanarak-olduruldu\/124062#primaryimage\"},\"image\":{\"@id\":\"https:\/\/corludahaber.com\/h\/musteri-ile-restoran-sahibi-kavga-etti-araya-giren-garson-bicaklanarak-olduruldu\/124062#primaryimage\"},\"thumbnailUrl\":\"https:\/\/corludahaber.com\/h\/wp-content\/uploads\/2026\/08\/musteri-ile-restoran-sahibi-kavga-etti-araya-giren-garson-bicaklanarak-olduruldu_6a955b0493e1d.jpeg\",\"datePublished\":\"2026-08-31T10:44:17+00:00\",\"dateModified\":\"2026-08-31T10:44:23+00:00\",\"description\":\"M\u00fc\u015fteri ile restoran sahibi kavga etti, araya giren garson b\u0131\u00e7aklanarak \u00f6ld\u00fcr\u00fcld\u00fc | \u00c7orlu&#039;da Haber\",\"breadcrumb\":{\"@id\":\"https:\/\/corludahaber.com\/h\/musteri-ile-restoran-sahibi-kavga-etti-araya-giren-garson-bicaklanarak-olduruldu\/124062#breadcrumb\"},\"inLanguage\":\"tr\",\"potentialAction\":[{\"@type\":\"ReadAction\",\"target\":[\"https:\/\/corludahaber.com\/h\/musteri-ile-restoran-sahibi-kavga-etti-araya-giren-garson-bicaklanarak-olduruldu\/124062\"]}]},{\"@type\":\"ImageObject\",\"inLanguage\":\"tr\",\"@id\":\"https:\/\/corludahaber.com\/h\/musteri-ile-restoran-sahibi-kavga-etti-araya-giren-garson-bicaklanarak-olduruldu\/124062#primaryimage\",\"url\":\"https:\/\/corludahaber.com\/h\/wp-content\/uploads\/2026\/08\/musteri-ile-restoran-sahibi-kavga-etti-araya-giren-garson-bicaklanarak-olduruldu_6a955b0493e1d.jpeg\",\"contentUrl\":\"https:\/\/corludahaber.com\/h\/wp-content\/uploads\/2026\/08\/musteri-ile-restoran-sahibi-kavga-etti-araya-giren-garson-bicaklanarak-olduruldu_6a955b0493e1d.jpeg\",\"width\":1041,\"height\":1289},{\"@type\":\"BreadcrumbList\",\"@id\":\"https:\/\/corludahaber.com\/h\/musteri-ile-restoran-sahibi-kavga-etti-araya-giren-garson-bicaklanarak-olduruldu\/124062#breadcrumb\",\"itemListElement\":[{\"@type\":\"ListItem\",\"position\":1,\"name\":\"Anasayfa\",\"item\":\"https:\/\/corludahaber.com\/h\/anasayfa\"},{\"@type\":\"ListItem\",\"position\":2,\"name\":\"Edirne\",\"item\":\"https:\/\/corludahaber.com\/h\/kategori\/edirne\"},{\"@type\":\"ListItem\",\"position\":3,\"name\":\"M\u00fc\u015fteri ile restoran sahibi kavga etti, araya giren garson b\u0131\u00e7aklanarak \u00f6ld\u00fcr\u00fcld\u00fc\"}]},{\"@type\":\"WebSite\",\"@id\":\"https:\/\/corludahaber.com\/h\/#website\",\"url\":\"https:\/\/corludahaber.com\/h\/\",\"name\":\"\u00c7orlu'da Haber\",\"description\":\"Ger\u00e7ek Tarafs\u0131z Haber\",\"publisher\":{\"@id\":\"https:\/\/corludahaber.com\/h\/#organization\"},\"potentialAction\":[{\"@type\":\"SearchAction\",\"target\":{\"@type\":\"EntryPoint\",\"urlTemplate\":\"https:\/\/corludahaber.com\/h\/?s={search_term_string}\"},\"query-input\":\"required name=search_term_string\"}],\"inLanguage\":\"tr\"},{\"@type\":\"Organization\",\"@id\":\"https:\/\/corludahaber.com\/h\/#organization\",\"name\":\"\u00c7orlu'da Haber\",\"url\":\"https:\/\/corludahaber.com\/h\/\",\"logo\":{\"@type\":\"ImageObject\",\"inLanguage\":\"tr\",\"@id\":\"https:\/\/corludahaber.com\/h\/#\/schema\/logo\/image\/\",\"url\":\"https:\/\/corludahaber.com\/h\/wp-content\/uploads\/2021\/12\/logo__9__1_-removebg-preview.png\",\"contentUrl\":\"https:\/\/corludahaber.com\/h\/wp-content\/uploads\/2021\/12\/logo__9__1_-removebg-preview.png\",\"width\":500,\"height\":157,\"caption\":\"\u00c7orlu'da Haber\"},\"image\":{\"@id\":\"https:\/\/corludahaber.com\/h\/#\/schema\/logo\/image\/\"},\"sameAs\":[\"https:\/\/facebook.com\/habercorluda\",\"https:\/\/x.com\/habercorluda\",\"https:\/\/www.instagram.com\/corludahaber\",\"https:\/\/www.youtube.com\/user\/corludahaber\"]},{\"@type\":\"Person\",\"@id\":\"https:\/\/corludahaber.com\/h\/#\/schema\/person\/b523522be44b062db5d74a62589768cd\",\"name\":\"\u00c7orlu'da Haber\",\"image\":{\"@type\":\"ImageObject\",\"inLanguage\":\"tr\",\"@id\":\"https:\/\/corludahaber.com\/h\/#\/schema\/person\/image\/\",\"url\":\"https:\/\/secure.gravatar.com\/avatar\/1033e54e078c29fd7f053370086ff627ba414b05c2b231c418a481adecd764ce?s=96&d=blank&r=g\",\"contentUrl\":\"https:\/\/secure.gravatar.com\/avatar\/1033e54e078c29fd7f053370086ff627ba414b05c2b231c418a481adecd764ce?s=96&d=blank&r=g\",\"caption\":\"\u00c7orlu'da Haber\"},\"sameAs\":[\"https:\/\/corludahaber.com\/h\"],\"url\":\"https:\/\/corludahaber.com\/h\/author\/admin\"}]}<\/script>\n<!-- \/ Yoast SEO Premium plugin. -->","yoast_head_json":{"title":"M\u00fc\u015fteri ile restoran sahibi kavga etti, araya giren garson b\u0131\u00e7aklanarak \u00f6ld\u00fcr\u00fcld\u00fc | \u00c7orlu&#039;da Haber","description":"M\u00fc\u015fteri ile restoran sahibi kavga etti, araya giren garson b\u0131\u00e7aklanarak \u00f6ld\u00fcr\u00fcld\u00fc | \u00c7orlu&#039;da Haber","robots":{"index":"index","follow":"follow","max-snippet":"max-snippet:-1","max-image-preview":"max-image-preview:large","max-video-preview":"max-video-preview:-1"},"canonical":"https:\/\/corludahaber.com\/h\/musteri-ile-restoran-sahibi-kavga-etti-araya-giren-garson-bicaklanarak-olduruldu\/124062","og_locale":"tr_TR","og_type":"article","og_title":"M\u00fc\u015fteri ile restoran sahibi kavga etti, araya giren garson b\u0131\u00e7aklanarak \u00f6ld\u00fcr\u00fcld\u00fc | \u00c7orlu&#039;da Haber","og_description":"M\u00fc\u015fteri ile restoran sahibi kavga etti, araya giren garson b\u0131\u00e7aklanarak \u00f6ld\u00fcr\u00fcld\u00fc | \u00c7orlu&#039;da Haber","og_url":"https:\/\/corludahaber.com\/h\/musteri-ile-restoran-sahibi-kavga-etti-araya-giren-garson-bicaklanarak-olduruldu\/124062","og_site_name":"\u00c7orlu&#039;da Haber","article_publisher":"https:\/\/facebook.com\/habercorluda","article_published_time":"2026-08-31T10:44:17+00:00","article_modified_time":"2026-08-31T10:44:23+00:00","og_image":[{"width":1041,"height":1289,"url":"http:\/\/corludahaber.com\/h\/wp-content\/uploads\/2026\/08\/musteri-ile-restoran-sahibi-kavga-etti-araya-giren-garson-bicaklanarak-olduruldu_6a955b0493e1d.jpeg","type":"image\/jpeg"}],"author":"\u00c7orlu'da Haber","twitter_card":"summary_large_image","twitter_creator":"@habercorluda","twitter_site":"@habercorluda","twitter_misc":{"Yazan:":"\u00c7orlu'da Haber","Tahmini okuma s\u00fcresi":"1 dakika"},"schema":{"@context":"https:\/\/schema.org","@graph":[{"@type":"Article","@id":"https:\/\/corludahaber.com\/h\/musteri-ile-restoran-sahibi-kavga-etti-araya-giren-garson-bicaklanarak-olduruldu\/124062#article","isPartOf":{"@id":"https:\/\/corludahaber.com\/h\/musteri-ile-restoran-sahibi-kavga-etti-araya-giren-garson-bicaklanarak-olduruldu\/124062"},"author":{"name":"\u00c7orlu'da Haber","@id":"https:\/\/corludahaber.com\/h\/#\/schema\/person\/b523522be44b062db5d74a62589768cd"},"headline":"M\u00fc\u015fteri ile restoran sahibi kavga etti, araya giren garson b\u0131\u00e7aklanarak \u00f6ld\u00fcr\u00fcld\u00fc","datePublished":"2026-08-31T10:44:17+00:00","dateModified":"2026-08-31T10:44:23+00:00","mainEntityOfPage":{"@id":"https:\/\/corludahaber.com\/h\/musteri-ile-restoran-sahibi-kavga-etti-araya-giren-garson-bicaklanarak-olduruldu\/124062"},"wordCount":177,"commentCount":0,"publisher":{"@id":"https:\/\/corludahaber.com\/h\/#organization"},"image":{"@id":"https:\/\/corludahaber.com\/h\/musteri-ile-restoran-sahibi-kavga-etti-araya-giren-garson-bicaklanarak-olduruldu\/124062#primaryimage"},"thumbnailUrl":"https:\/\/corludahaber.com\/h\/wp-content\/uploads\/2026\/08\/musteri-ile-restoran-sahibi-kavga-etti-araya-giren-garson-bicaklanarak-olduruldu_6a955b0493e1d.jpeg","keywords":["araya","asayi\u015f","B\u0131\u00e7aklanarak","\u00c7orlu kaza","\u00c7orlu son dakika kaza","Garson","Giren","kavga","M\u00fc\u015fteri","M\u00fc\u015fteri ile restoran sahibi kavga etti, araya giren garson b\u0131\u00e7aklanarak \u00f6ld\u00fcr\u00fcld\u00fc","\u00d6ld\u00fcr\u00fcld\u00fc","RESTORAN","SAH\u0130B\u0130","son dakika kaza"],"articleSection":["Edirne"],"inLanguage":"tr","potentialAction":[{"@type":"CommentAction","name":"Comment","target":["https:\/\/corludahaber.com\/h\/musteri-ile-restoran-sahibi-kavga-etti-araya-giren-garson-bicaklanarak-olduruldu\/124062#respond"]}]},{"@type":"WebPage","@id":"https:\/\/corludahaber.com\/h\/musteri-ile-restoran-sahibi-kavga-etti-araya-giren-garson-bicaklanarak-olduruldu\/124062","url":"https:\/\/corludahaber.com\/h\/musteri-ile-restoran-sahibi-kavga-etti-araya-giren-garson-bicaklanarak-olduruldu\/124062","name":"M\u00fc\u015fteri ile restoran sahibi kavga etti, araya giren garson b\u0131\u00e7aklanarak \u00f6ld\u00fcr\u00fcld\u00fc | \u00c7orlu&#039;da Haber","isPartOf":{"@id":"https:\/\/corludahaber.com\/h\/#website"},"primaryImageOfPage":{"@id":"https:\/\/corludahaber.com\/h\/musteri-ile-restoran-sahibi-kavga-etti-araya-giren-garson-bicaklanarak-olduruldu\/124062#primaryimage"},"image":{"@id":"https:\/\/corludahaber.com\/h\/musteri-ile-restoran-sahibi-kavga-etti-araya-giren-garson-bicaklanarak-olduruldu\/124062#primaryimage"},"thumbnailUrl":"https:\/\/corludahaber.com\/h\/wp-content\/uploads\/2026\/08\/musteri-ile-restoran-sahibi-kavga-etti-araya-giren-garson-bicaklanarak-olduruldu_6a955b0493e1d.jpeg","datePublished":"2026-08-31T10:44:17+00:00","dateModified":"2026-08-31T10:44:23+00:00","description":"M\u00fc\u015fteri ile restoran sahibi kavga etti, araya giren garson b\u0131\u00e7aklanarak \u00f6ld\u00fcr\u00fcld\u00fc | \u00c7orlu&#039;da Haber","breadcrumb":{"@id":"https:\/\/corludahaber.com\/h\/musteri-ile-restoran-sahibi-kavga-etti-araya-giren-garson-bicaklanarak-olduruldu\/124062#breadcrumb"},"inLanguage":"tr","potentialAction":[{"@type":"ReadAction","target":["https:\/\/corludahaber.com\/h\/musteri-ile-restoran-sahibi-kavga-etti-araya-giren-garson-bicaklanarak-olduruldu\/124062"]}]},{"@type":"ImageObject","inLanguage":"tr","@id":"https:\/\/corludahaber.com\/h\/musteri-ile-restoran-sahibi-kavga-etti-araya-giren-garson-bicaklanarak-olduruldu\/124062#primaryimage","url":"https:\/\/corludahaber.com\/h\/wp-content\/uploads\/2026\/08\/musteri-ile-restoran-sahibi-kavga-etti-araya-giren-garson-bicaklanarak-olduruldu_6a955b0493e1d.jpeg","contentUrl":"https:\/\/corludahaber.com\/h\/wp-content\/uploads\/2026\/08\/musteri-ile-restoran-sahibi-kavga-etti-araya-giren-garson-bicaklanarak-olduruldu_6a955b0493e1d.jpeg","width":1041,"height":1289},{"@type":"BreadcrumbList","@id":"https:\/\/corludahaber.com\/h\/musteri-ile-restoran-sahibi-kavga-etti-araya-giren-garson-bicaklanarak-olduruldu\/124062#breadcrumb","itemListElement":[{"@type":"ListItem","position":1,"name":"Anasayfa","item":"https:\/\/corludahaber.com\/h\/anasayfa"},{"@type":"ListItem","position":2,"name":"Edirne","item":"https:\/\/corludahaber.com\/h\/kategori\/edirne"},{"@type":"ListItem","position":3,"name":"M\u00fc\u015fteri ile restoran sahibi kavga etti, araya giren garson b\u0131\u00e7aklanarak \u00f6ld\u00fcr\u00fcld\u00fc"}]},{"@type":"WebSite","@id":"https:\/\/corludahaber.com\/h\/#website","url":"https:\/\/corludahaber.com\/h\/","name":"\u00c7orlu'da Haber","description":"Ger\u00e7ek Tarafs\u0131z Haber","publisher":{"@id":"https:\/\/corludahaber.com\/h\/#organization"},"potentialAction":[{"@type":"SearchAction","target":{"@type":"EntryPoint","urlTemplate":"https:\/\/corludahaber.com\/h\/?s={search_term_string}"},"query-input":"required name=search_term_string"}],"inLanguage":"tr"},{"@type":"Organization","@id":"https:\/\/corludahaber.com\/h\/#organization","name":"\u00c7orlu'da Haber","url":"https:\/\/corludahaber.com\/h\/","logo":{"@type":"ImageObject","inLanguage":"tr","@id":"https:\/\/corludahaber.com\/h\/#\/schema\/logo\/image\/","url":"https:\/\/corludahaber.com\/h\/wp-content\/uploads\/2021\/12\/logo__9__1_-removebg-preview.png","contentUrl":"https:\/\/corludahaber.com\/h\/wp-content\/uploads\/2021\/12\/logo__9__1_-removebg-preview.png","width":500,"height":157,"caption":"\u00c7orlu'da Haber"},"image":{"@id":"https:\/\/corludahaber.com\/h\/#\/schema\/logo\/image\/"},"sameAs":["https:\/\/facebook.com\/habercorluda","https:\/\/x.com\/habercorluda","https:\/\/www.instagram.com\/corludahaber","https:\/\/www.youtube.com\/user\/corludahaber"]},{"@type":"Person","@id":"https:\/\/corludahaber.com\/h\/#\/schema\/person\/b523522be44b062db5d74a62589768cd","name":"\u00c7orlu'da Haber","image":{"@type":"ImageObject","inLanguage":"tr","@id":"https:\/\/corludahaber.com\/h\/#\/schema\/person\/image\/","url":"https:\/\/secure.gravatar.com\/avatar\/1033e54e078c29fd7f053370086ff627ba414b05c2b231c418a481adecd764ce?s=96&d=blank&r=g","contentUrl":"https:\/\/secure.gravatar.com\/avatar\/1033e54e078c29fd7f053370086ff627ba414b05c2b231c418a481adecd764ce?s=96&d=blank&r=g","caption":"\u00c7orlu'da Haber"},"sameAs":["https:\/\/corludahaber.com\/h"],"url":"https:\/\/corludahaber.com\/h\/author\/admin"}]}},"_links":{"self":[{"href":"https:\/\/corludahaber.com\/h\/wp-json\/wp\/v2\/posts\/124062","targetHints":{"allow":["GET"]}}],"collection":[{"href":"https:\/\/corludahaber.com\/h\/wp-json\/wp\/v2\/posts"}],"about":[{"href":"https:\/\/corludahaber.com\/h\/wp-json\/wp\/v2\/types\/post"}],"author":[{"embeddable":true,"href":"https:\/\/corludahaber.com\/h\/wp-json\/wp\/v2\/users\/151"}],"replies":[{"embeddable":true,"href":"https:\/\/corludahaber.com\/h\/wp-json\/wp\/v2\/comments?post=124062"}],"version-history":[{"count":1,"href":"https:\/\/corludahaber.com\/h\/wp-json\/wp\/v2\/posts\/124062\/revisions"}],"predecessor-version":[{"id":124066,"href":"https:\/\/corludahaber.com\/h\/wp-json\/wp\/v2\/posts\/124062\/revisions\/124066"}],"wp:featuredmedia":[{"embeddable":true,"href":"https:\/\/corludahaber.com\/h\/wp-json\/wp\/v2\/media\/124064"}],"wp:attachment":[{"href":"https:\/\/corludahaber.com\/h\/wp-json\/wp\/v2\/media?parent=124062"}],"wp:term":[{"taxonomy":"category","embeddable":true,"href":"https:\/\/corludahaber.com\/h\/wp-json\/wp\/v2\/categories?post=124062"},{"taxonomy":"post_tag","embeddable":true,"href":"https:\/\/corludahaber.com\/h\/wp-json\/wp\/v2\/tags?post=124062"}],"curies":[{"name":"wp","href":"https:\/\/api.w.org\/{rel}","templated":true}]}}