{"id":124061,"date":"2026-08-31T13:44:16","date_gmt":"2026-08-31T10:44:16","guid":{"rendered":"https:\/\/corludahaber.com\/h\/corlu-belediyesi-yaz-spor-okullari-coskulu-bir-kapanisla-sona-erdi\/124061"},"modified":"2026-08-31T13:44:21","modified_gmt":"2026-08-31T10:44:21","slug":"corlu-belediyesi-yaz-spor-okullari-coskulu-bir-kapanisla-sona-erdi","status":"publish","type":"post","link":"https:\/\/corludahaber.com\/h\/corlu-belediyesi-yaz-spor-okullari-coskulu-bir-kapanisla-sona-erdi\/124061","title":{"rendered":"\u00c7orlu Belediyesi Yaz Spor Okullar\u0131 Co\u015fkulu Bir Kapan\u0131\u015fla Sona Erdi"},"content":{"rendered":"<div class=\"corlu-icerikten-once_3\" id=\"corlu-551585968\"><script type='text\/javascript' src='https:\/\/platform-api.sharethis.com\/js\/sharethis.js#property=5ce8cf08af7d000012cb0ca1&product=inline-reaction-buttons' async='async'><\/script>\r\n\r\n<\/div><p>\u00c7orlu Belediyesi taraf\u0131ndan \u00e7ocuklar\u0131n ve gen\u00e7lerin yaz tatilini aktif, sa\u011fl\u0131kl\u0131 ve e\u011flenceli ge\u00e7irmeleri amac\u0131yla d\u00fczenlenen Yaz Spor Okullar\u0131 ba\u015far\u0131yla tamamland\u0131. 10 farkl\u0131 bran\u015fta bini a\u015fk\u0131n \u00e7ocu\u011fun sporla bulu\u015ftu\u011fu d\u00f6nemin finali, d\u00fczenlenen renkli kapan\u0131\u015f program\u0131yla kutland\u0131.<\/p><div class=\"corlu-icerik-2\" id=\"corlu-1991339298\"><!-- Admatic AUTO ads START -->\r\n<ins data-publisher=\"adm-pub-155556240050\" data-ad-network=\"659428a24d11b285b616c18d\"   class=\"adm-ads-area\"><\/ins>\r\n<script type=\"text\/javascript\" src=\"https:\/\/static.cdn.admatic.com.tr\/showad\/showad.min.js\"><\/script>\r\n<!-- Admatic AUTO ads END --><\/div>\n<p>Yaz boyunca farkl\u0131 bran\u015flarda e\u011fitim alarak hem yeteneklerini geli\u015ftiren hem de sosyal \u00e7evrelerini geni\u015fleten \u00e7ocuklar Ziya Berhan K\u0131l\u0131\u00e7 Spor Salonu\u2019nda d\u00fczenlenen kapan\u0131\u015f t\u00f6reninde b\u00fcy\u00fck bir heyecan ya\u015fad\u0131. Sporcular\u0131n mutlulu\u011funa ortak olan \u00c7orlu Belediye Ba\u015fkan\u0131 Ahmet Sar\u0131kurt, \u00e7ocuklar\u0131n emeklerini kutland\u0131\u011f\u0131n\u0131 belirtti.<\/p>\n<p>Ba\u015fkan Ahmet Sar\u0131kurt, konuyla ilgili yapt\u0131\u011f\u0131 a\u00e7\u0131klamada, \u201cYaz Spor Okullar\u0131m\u0131zda spor dolu bir yaz\u0131 geride b\u0131rakt\u0131k. 10 farkl\u0131 bran\u015fta sporla bulu\u015fan bin 11 \u00e7ocu\u011fumuz, yaz boyunca hem yeteneklerini geli\u015ftirdi hem de yeni arkada\u015fl\u0131klar ve g\u00fczel an\u0131lar biriktirdi. Kapan\u0131\u015f program\u0131m\u0131zda sporcular\u0131m\u0131z\u0131n heyecan\u0131na ortak olduk, emeklerinin kar\u015f\u0131l\u0131\u011f\u0131n\u0131 alk\u0131\u015flarla kutlad\u0131k. T\u00fcm \u00e7ocuklar\u0131m\u0131z\u0131 y\u00fcrekten kutluyor; antren\u00f6rlerimize, ailelerimize ve eme\u011fi ge\u00e7en \u00e7al\u0131\u015fma arkada\u015flar\u0131m\u0131za te\u015fekk\u00fcr ediyorum.\u201d dedi.<\/p>\n<p>Gen\u00e7lerin ve \u00e7ocuklar\u0131n fiziksel ve zihinsel geli\u015fimine b\u00fcy\u00fck \u00f6nem veren \u00c7orlu Belediyesi, \u00c7orlu\u2019da \u00e7ocuklar\u0131 ve gen\u00e7leri sporla bulu\u015fturmaya, yeni tesisler ve kurslarla desteklemeye devam edece\u011fini vurgulad\u0131.<\/p>\n<table style=\"text-align: left; color: #ff0000; font-weight: bold; width: 100%; height: 100%;\" border=\"1\" cellspacing=\"2\" cellpadding=\"2\">\n<tbody>\n<tr>\n<td style=\"background-color: #000000;\">\n<h5><em><span style=\"color: #ff0000;\">Bu haber <span style=\"color: #ffffff;\">\u00c7orlu Belediyesi&#8217;nin<\/span> Kendi sitesinden botlar yard\u0131m\u0131yla otomatik olarak eklenmi\u015ftir. Bu i\u00e7erikte \u00c7orlu&#8217;da Haber edit\u00f6rleri herhangi bir m\u00fcdahalede bulunmam\u0131\u015ft\u0131r.<\/span><\/em><\/h5>\n<\/td>\n<\/tr>\n<\/tbody>\n<\/table>\n<div class=\"corlu-icerikten-sonra_3\" id=\"corlu-3666288684\"><p><img loading=\"lazy\" decoding=\"async\" class=\"aligncenter\" src=\"https:\/\/www.corludahaber.com\/bahcesehir.jpg\" alt=\"\" width=\"624\" height=\"196\" \/><\/p>\n<table style=\"text-align: left; width: 100%;\" border=\"1\" cellspacing=\"2\" cellpadding=\"2\">\n<tbody>\n<tr>\n<td style=\"background-color: #050805;\"><span style=\"font-size: 12pt;\"><small><small><em><strong><big><span style=\"color: #ff0000;\">Haber ve resimlerin telif haklar\u0131ndan dolay\u0131 kullan\u0131m\u0131 yasakt\u0131r<span style=\"color: #000000;\">.<\/span><\/span><span style=\"color: #000000;\">\u00a0<\/span><span style=\"color: #ffffff;\">Yaz\u0131l\u0131 izni al\u0131nmadan hi\u00e7bir yaz\u0131l\u0131, g\u00f6rsel, i\u015fitsel i\u00e7erik kopyalanamaz, de\u011fi\u015ftirilemez, yay\u0131nlanamaz veya sat\u0131lamaz. Aksi halde<\/span>\u00a0<span style=\"color: #ff0000;\">5846<span style=\"color: #ffffff;\">\u00a0<\/span><\/span><span style=\"color: #ffffff;\">say\u0131l\u0131 Fikir ve Sanat Eserleri Kanunu\u2019na ve<\/span>\u00a0<span style=\"color: #800000;\"><span style=\"color: #ff0000;\">6102<\/span><span style=\"color: #ffffff;\">\u00a0<\/span><\/span><span style=\"color: #ffffff;\">say\u0131l\u0131 maddesine g\u00f6re<\/span>\u00a0<span style=\"color: #ff0000;\">gerekli i\u015flemler uygulanacakt\u0131r.<\/span><br \/>\n<span style=\"color: #ffffff;\">\u00a9 Copyright 2014<\/span><\/big><\/strong><\/em><\/small><\/small><\/span><\/td>\n<\/tr>\n<\/tbody>\n<\/table>\n<p><small><small>\u00a0<\/small><\/small><\/p>\n<\/div>","protected":false},"excerpt":{"rendered":"<p>\u00c7orlu Belediyesi taraf\u0131ndan \u00e7ocuklar\u0131n ve gen\u00e7lerin yaz tatilini aktif, sa\u011fl\u0131kl\u0131 ve e\u011flenceli ge\u00e7irmeleri amac\u0131yla d\u00fczenlenen Yaz Spor Okullar\u0131 ba\u015far\u0131yla tamamland\u0131. 10 farkl\u0131 bran\u015fta bini a\u015fk\u0131n \u00e7ocu\u011fun sporla bulu\u015ftu\u011fu d\u00f6nemin finali, d\u00fczenlenen renkli kapan\u0131\u015f program\u0131yla kutland\u0131. Yaz boyunca farkl\u0131 bran\u015flarda e\u011fitim alarak hem yeteneklerini geli\u015ftiren hem de sosyal \u00e7evrelerini geni\u015fleten \u00e7ocuklar Ziya Berhan K\u0131l\u0131\u00e7 Spor Salonu\u2019nda &hellip;<\/p>\n","protected":false},"author":151,"featured_media":124063,"comment_status":"closed","ping_status":"closed","sticky":false,"template":"","format":"standard","meta":{"footnotes":""},"categories":[24],"tags":[8025,383,411,36612,9376,15478,7403,36611,4139,3661],"class_list":["post-124061","post","type-post","status-publish","format-standard","has-post-thumbnail","hentry","category-corlu","tag-asayis","tag-belediyesi","tag-corlu","tag-corlu-belediyesi-yaz-spor-okullari-coskulu-bir-kapanisla-sona-erdi","tag-corlu-kaza","tag-corlu-son-dakika-kaza","tag-coskulu","tag-kapanisla","tag-okullari","tag-son-dakika-kaza"],"yoast_head":"<!-- This site is optimized with the Yoast SEO Premium plugin v23.3 (Yoast SEO v23.3) - https:\/\/yoast.com\/wordpress\/plugins\/seo\/ -->\n<title>\u00c7orlu Belediyesi Yaz Spor Okullar\u0131 Co\u015fkulu Bir Kapan\u0131\u015fla Sona Erdi | \u00c7orlu&#039;da Haber<\/title>\n<meta name=\"description\" content=\"\u00c7orlu Belediyesi Yaz Spor Okullar\u0131 Co\u015fkulu Bir Kapan\u0131\u015fla Sona Erdi | \u00c7orlu&#039;da Haber\" \/>\n<meta name=\"robots\" content=\"index, follow, max-snippet:-1, max-image-preview:large, max-video-preview:-1\" \/>\n<link rel=\"canonical\" href=\"https:\/\/corludahaber.com\/h\/corlu-belediyesi-yaz-spor-okullari-coskulu-bir-kapanisla-sona-erdi\/124061\" \/>\n<meta property=\"og:locale\" content=\"tr_TR\" \/>\n<meta property=\"og:type\" content=\"article\" \/>\n<meta property=\"og:title\" content=\"\u00c7orlu Belediyesi Yaz Spor Okullar\u0131 Co\u015fkulu Bir Kapan\u0131\u015fla Sona Erdi | \u00c7orlu&#039;da Haber\" \/>\n<meta property=\"og:description\" content=\"\u00c7orlu Belediyesi Yaz Spor Okullar\u0131 Co\u015fkulu Bir Kapan\u0131\u015fla Sona Erdi | \u00c7orlu&#039;da Haber\" \/>\n<meta property=\"og:url\" content=\"https:\/\/corludahaber.com\/h\/corlu-belediyesi-yaz-spor-okullari-coskulu-bir-kapanisla-sona-erdi\/124061\" \/>\n<meta property=\"og:site_name\" content=\"\u00c7orlu&#039;da Haber\" \/>\n<meta property=\"article:publisher\" content=\"https:\/\/facebook.com\/habercorluda\" \/>\n<meta property=\"article:published_time\" content=\"2026-08-31T10:44:16+00:00\" \/>\n<meta property=\"article:modified_time\" content=\"2026-08-31T10:44:21+00:00\" \/>\n<meta property=\"og:image\" content=\"http:\/\/corludahaber.com\/h\/wp-content\/uploads\/2026\/08\/corlu-belediyesi-yaz-spor-okullari-coskulu-bir-kapanisla-sona-erdi_6a955b0492752.jpeg\" \/>\n\t<meta property=\"og:image:width\" content=\"832\" \/>\n\t<meta property=\"og:image:height\" content=\"407\" \/>\n\t<meta property=\"og:image:type\" content=\"image\/jpeg\" \/>\n<meta name=\"author\" content=\"\u00c7orlu&#039;da Haber\" \/>\n<meta name=\"twitter:card\" content=\"summary_large_image\" \/>\n<meta name=\"twitter:creator\" content=\"@habercorluda\" \/>\n<meta name=\"twitter:site\" content=\"@habercorluda\" \/>\n<meta name=\"twitter:label1\" content=\"Yazan:\" \/>\n\t<meta name=\"twitter:data1\" content=\"\u00c7orlu&#039;da Haber\" \/>\n\t<meta name=\"twitter:label2\" content=\"Tahmini okuma s\u00fcresi\" \/>\n\t<meta name=\"twitter:data2\" content=\"1 dakika\" \/>\n<script type=\"application\/ld+json\" class=\"yoast-schema-graph\">{\"@context\":\"https:\/\/schema.org\",\"@graph\":[{\"@type\":\"Article\",\"@id\":\"https:\/\/corludahaber.com\/h\/corlu-belediyesi-yaz-spor-okullari-coskulu-bir-kapanisla-sona-erdi\/124061#article\",\"isPartOf\":{\"@id\":\"https:\/\/corludahaber.com\/h\/corlu-belediyesi-yaz-spor-okullari-coskulu-bir-kapanisla-sona-erdi\/124061\"},\"author\":{\"name\":\"\u00c7orlu'da Haber\",\"@id\":\"https:\/\/corludahaber.com\/h\/#\/schema\/person\/b523522be44b062db5d74a62589768cd\"},\"headline\":\"\u00c7orlu Belediyesi Yaz Spor Okullar\u0131 Co\u015fkulu Bir Kapan\u0131\u015fla Sona Erdi\",\"datePublished\":\"2026-08-31T10:44:16+00:00\",\"dateModified\":\"2026-08-31T10:44:21+00:00\",\"mainEntityOfPage\":{\"@id\":\"https:\/\/corludahaber.com\/h\/corlu-belediyesi-yaz-spor-okullari-coskulu-bir-kapanisla-sona-erdi\/124061\"},\"wordCount\":285,\"publisher\":{\"@id\":\"https:\/\/corludahaber.com\/h\/#organization\"},\"image\":{\"@id\":\"https:\/\/corludahaber.com\/h\/corlu-belediyesi-yaz-spor-okullari-coskulu-bir-kapanisla-sona-erdi\/124061#primaryimage\"},\"thumbnailUrl\":\"https:\/\/corludahaber.com\/h\/wp-content\/uploads\/2026\/08\/corlu-belediyesi-yaz-spor-okullari-coskulu-bir-kapanisla-sona-erdi_6a955b0492752.jpeg\",\"keywords\":[\"asayi\u015f\",\"Belediyesi\",\"\u00c7orlu\",\"\u00c7orlu Belediyesi Yaz Spor Okullar\u0131 Co\u015fkulu Bir Kapan\u0131\u015fla Sona Erdi\",\"\u00c7orlu kaza\",\"\u00c7orlu son dakika kaza\",\"co\u015fkulu\",\"Kapan\u0131\u015fla\",\"Okullar\u0131\",\"son dakika kaza\"],\"articleSection\":[\"\u00c7orlu\"],\"inLanguage\":\"tr\"},{\"@type\":\"WebPage\",\"@id\":\"https:\/\/corludahaber.com\/h\/corlu-belediyesi-yaz-spor-okullari-coskulu-bir-kapanisla-sona-erdi\/124061\",\"url\":\"https:\/\/corludahaber.com\/h\/corlu-belediyesi-yaz-spor-okullari-coskulu-bir-kapanisla-sona-erdi\/124061\",\"name\":\"\u00c7orlu Belediyesi Yaz Spor Okullar\u0131 Co\u015fkulu Bir Kapan\u0131\u015fla Sona Erdi | \u00c7orlu&#039;da Haber\",\"isPartOf\":{\"@id\":\"https:\/\/corludahaber.com\/h\/#website\"},\"primaryImageOfPage\":{\"@id\":\"https:\/\/corludahaber.com\/h\/corlu-belediyesi-yaz-spor-okullari-coskulu-bir-kapanisla-sona-erdi\/124061#primaryimage\"},\"image\":{\"@id\":\"https:\/\/corludahaber.com\/h\/corlu-belediyesi-yaz-spor-okullari-coskulu-bir-kapanisla-sona-erdi\/124061#primaryimage\"},\"thumbnailUrl\":\"https:\/\/corludahaber.com\/h\/wp-content\/uploads\/2026\/08\/corlu-belediyesi-yaz-spor-okullari-coskulu-bir-kapanisla-sona-erdi_6a955b0492752.jpeg\",\"datePublished\":\"2026-08-31T10:44:16+00:00\",\"dateModified\":\"2026-08-31T10:44:21+00:00\",\"description\":\"\u00c7orlu Belediyesi Yaz Spor Okullar\u0131 Co\u015fkulu Bir Kapan\u0131\u015fla Sona Erdi | \u00c7orlu&#039;da Haber\",\"breadcrumb\":{\"@id\":\"https:\/\/corludahaber.com\/h\/corlu-belediyesi-yaz-spor-okullari-coskulu-bir-kapanisla-sona-erdi\/124061#breadcrumb\"},\"inLanguage\":\"tr\",\"potentialAction\":[{\"@type\":\"ReadAction\",\"target\":[\"https:\/\/corludahaber.com\/h\/corlu-belediyesi-yaz-spor-okullari-coskulu-bir-kapanisla-sona-erdi\/124061\"]}]},{\"@type\":\"ImageObject\",\"inLanguage\":\"tr\",\"@id\":\"https:\/\/corludahaber.com\/h\/corlu-belediyesi-yaz-spor-okullari-coskulu-bir-kapanisla-sona-erdi\/124061#primaryimage\",\"url\":\"https:\/\/corludahaber.com\/h\/wp-content\/uploads\/2026\/08\/corlu-belediyesi-yaz-spor-okullari-coskulu-bir-kapanisla-sona-erdi_6a955b0492752.jpeg\",\"contentUrl\":\"https:\/\/corludahaber.com\/h\/wp-content\/uploads\/2026\/08\/corlu-belediyesi-yaz-spor-okullari-coskulu-bir-kapanisla-sona-erdi_6a955b0492752.jpeg\",\"width\":832,\"height\":407},{\"@type\":\"BreadcrumbList\",\"@id\":\"https:\/\/corludahaber.com\/h\/corlu-belediyesi-yaz-spor-okullari-coskulu-bir-kapanisla-sona-erdi\/124061#breadcrumb\",\"itemListElement\":[{\"@type\":\"ListItem\",\"position\":1,\"name\":\"Anasayfa\",\"item\":\"https:\/\/corludahaber.com\/h\/anasayfa\"},{\"@type\":\"ListItem\",\"position\":2,\"name\":\"\u00c7orlu\",\"item\":\"https:\/\/corludahaber.com\/h\/kategori\/corlu\"},{\"@type\":\"ListItem\",\"position\":3,\"name\":\"\u00c7orlu Belediyesi Yaz Spor Okullar\u0131 Co\u015fkulu Bir Kapan\u0131\u015fla Sona Erdi\"}]},{\"@type\":\"WebSite\",\"@id\":\"https:\/\/corludahaber.com\/h\/#website\",\"url\":\"https:\/\/corludahaber.com\/h\/\",\"name\":\"\u00c7orlu'da Haber\",\"description\":\"Ger\u00e7ek Tarafs\u0131z Haber\",\"publisher\":{\"@id\":\"https:\/\/corludahaber.com\/h\/#organization\"},\"potentialAction\":[{\"@type\":\"SearchAction\",\"target\":{\"@type\":\"EntryPoint\",\"urlTemplate\":\"https:\/\/corludahaber.com\/h\/?s={search_term_string}\"},\"query-input\":\"required name=search_term_string\"}],\"inLanguage\":\"tr\"},{\"@type\":\"Organization\",\"@id\":\"https:\/\/corludahaber.com\/h\/#organization\",\"name\":\"\u00c7orlu'da Haber\",\"url\":\"https:\/\/corludahaber.com\/h\/\",\"logo\":{\"@type\":\"ImageObject\",\"inLanguage\":\"tr\",\"@id\":\"https:\/\/corludahaber.com\/h\/#\/schema\/logo\/image\/\",\"url\":\"https:\/\/corludahaber.com\/h\/wp-content\/uploads\/2021\/12\/logo__9__1_-removebg-preview.png\",\"contentUrl\":\"https:\/\/corludahaber.com\/h\/wp-content\/uploads\/2021\/12\/logo__9__1_-removebg-preview.png\",\"width\":500,\"height\":157,\"caption\":\"\u00c7orlu'da Haber\"},\"image\":{\"@id\":\"https:\/\/corludahaber.com\/h\/#\/schema\/logo\/image\/\"},\"sameAs\":[\"https:\/\/facebook.com\/habercorluda\",\"https:\/\/x.com\/habercorluda\",\"https:\/\/www.instagram.com\/corludahaber\",\"https:\/\/www.youtube.com\/user\/corludahaber\"]},{\"@type\":\"Person\",\"@id\":\"https:\/\/corludahaber.com\/h\/#\/schema\/person\/b523522be44b062db5d74a62589768cd\",\"name\":\"\u00c7orlu'da Haber\",\"image\":{\"@type\":\"ImageObject\",\"inLanguage\":\"tr\",\"@id\":\"https:\/\/corludahaber.com\/h\/#\/schema\/person\/image\/\",\"url\":\"https:\/\/secure.gravatar.com\/avatar\/1033e54e078c29fd7f053370086ff627ba414b05c2b231c418a481adecd764ce?s=96&d=blank&r=g\",\"contentUrl\":\"https:\/\/secure.gravatar.com\/avatar\/1033e54e078c29fd7f053370086ff627ba414b05c2b231c418a481adecd764ce?s=96&d=blank&r=g\",\"caption\":\"\u00c7orlu'da Haber\"},\"sameAs\":[\"https:\/\/corludahaber.com\/h\"],\"url\":\"https:\/\/corludahaber.com\/h\/author\/admin\"}]}<\/script>\n<!-- \/ Yoast SEO Premium plugin. -->","yoast_head_json":{"title":"\u00c7orlu Belediyesi Yaz Spor Okullar\u0131 Co\u015fkulu Bir Kapan\u0131\u015fla Sona Erdi | \u00c7orlu&#039;da Haber","description":"\u00c7orlu Belediyesi Yaz Spor Okullar\u0131 Co\u015fkulu Bir Kapan\u0131\u015fla Sona Erdi | \u00c7orlu&#039;da Haber","robots":{"index":"index","follow":"follow","max-snippet":"max-snippet:-1","max-image-preview":"max-image-preview:large","max-video-preview":"max-video-preview:-1"},"canonical":"https:\/\/corludahaber.com\/h\/corlu-belediyesi-yaz-spor-okullari-coskulu-bir-kapanisla-sona-erdi\/124061","og_locale":"tr_TR","og_type":"article","og_title":"\u00c7orlu Belediyesi Yaz Spor Okullar\u0131 Co\u015fkulu Bir Kapan\u0131\u015fla Sona Erdi | \u00c7orlu&#039;da Haber","og_description":"\u00c7orlu Belediyesi Yaz Spor Okullar\u0131 Co\u015fkulu Bir Kapan\u0131\u015fla Sona Erdi | \u00c7orlu&#039;da Haber","og_url":"https:\/\/corludahaber.com\/h\/corlu-belediyesi-yaz-spor-okullari-coskulu-bir-kapanisla-sona-erdi\/124061","og_site_name":"\u00c7orlu&#039;da Haber","article_publisher":"https:\/\/facebook.com\/habercorluda","article_published_time":"2026-08-31T10:44:16+00:00","article_modified_time":"2026-08-31T10:44:21+00:00","og_image":[{"width":832,"height":407,"url":"http:\/\/corludahaber.com\/h\/wp-content\/uploads\/2026\/08\/corlu-belediyesi-yaz-spor-okullari-coskulu-bir-kapanisla-sona-erdi_6a955b0492752.jpeg","type":"image\/jpeg"}],"author":"\u00c7orlu'da Haber","twitter_card":"summary_large_image","twitter_creator":"@habercorluda","twitter_site":"@habercorluda","twitter_misc":{"Yazan:":"\u00c7orlu'da Haber","Tahmini okuma s\u00fcresi":"1 dakika"},"schema":{"@context":"https:\/\/schema.org","@graph":[{"@type":"Article","@id":"https:\/\/corludahaber.com\/h\/corlu-belediyesi-yaz-spor-okullari-coskulu-bir-kapanisla-sona-erdi\/124061#article","isPartOf":{"@id":"https:\/\/corludahaber.com\/h\/corlu-belediyesi-yaz-spor-okullari-coskulu-bir-kapanisla-sona-erdi\/124061"},"author":{"name":"\u00c7orlu'da Haber","@id":"https:\/\/corludahaber.com\/h\/#\/schema\/person\/b523522be44b062db5d74a62589768cd"},"headline":"\u00c7orlu Belediyesi Yaz Spor Okullar\u0131 Co\u015fkulu Bir Kapan\u0131\u015fla Sona Erdi","datePublished":"2026-08-31T10:44:16+00:00","dateModified":"2026-08-31T10:44:21+00:00","mainEntityOfPage":{"@id":"https:\/\/corludahaber.com\/h\/corlu-belediyesi-yaz-spor-okullari-coskulu-bir-kapanisla-sona-erdi\/124061"},"wordCount":285,"publisher":{"@id":"https:\/\/corludahaber.com\/h\/#organization"},"image":{"@id":"https:\/\/corludahaber.com\/h\/corlu-belediyesi-yaz-spor-okullari-coskulu-bir-kapanisla-sona-erdi\/124061#primaryimage"},"thumbnailUrl":"https:\/\/corludahaber.com\/h\/wp-content\/uploads\/2026\/08\/corlu-belediyesi-yaz-spor-okullari-coskulu-bir-kapanisla-sona-erdi_6a955b0492752.jpeg","keywords":["asayi\u015f","Belediyesi","\u00c7orlu","\u00c7orlu Belediyesi Yaz Spor Okullar\u0131 Co\u015fkulu Bir Kapan\u0131\u015fla Sona Erdi","\u00c7orlu kaza","\u00c7orlu son dakika kaza","co\u015fkulu","Kapan\u0131\u015fla","Okullar\u0131","son dakika kaza"],"articleSection":["\u00c7orlu"],"inLanguage":"tr"},{"@type":"WebPage","@id":"https:\/\/corludahaber.com\/h\/corlu-belediyesi-yaz-spor-okullari-coskulu-bir-kapanisla-sona-erdi\/124061","url":"https:\/\/corludahaber.com\/h\/corlu-belediyesi-yaz-spor-okullari-coskulu-bir-kapanisla-sona-erdi\/124061","name":"\u00c7orlu Belediyesi Yaz Spor Okullar\u0131 Co\u015fkulu Bir Kapan\u0131\u015fla Sona Erdi | \u00c7orlu&#039;da Haber","isPartOf":{"@id":"https:\/\/corludahaber.com\/h\/#website"},"primaryImageOfPage":{"@id":"https:\/\/corludahaber.com\/h\/corlu-belediyesi-yaz-spor-okullari-coskulu-bir-kapanisla-sona-erdi\/124061#primaryimage"},"image":{"@id":"https:\/\/corludahaber.com\/h\/corlu-belediyesi-yaz-spor-okullari-coskulu-bir-kapanisla-sona-erdi\/124061#primaryimage"},"thumbnailUrl":"https:\/\/corludahaber.com\/h\/wp-content\/uploads\/2026\/08\/corlu-belediyesi-yaz-spor-okullari-coskulu-bir-kapanisla-sona-erdi_6a955b0492752.jpeg","datePublished":"2026-08-31T10:44:16+00:00","dateModified":"2026-08-31T10:44:21+00:00","description":"\u00c7orlu Belediyesi Yaz Spor Okullar\u0131 Co\u015fkulu Bir Kapan\u0131\u015fla Sona Erdi | \u00c7orlu&#039;da Haber","breadcrumb":{"@id":"https:\/\/corludahaber.com\/h\/corlu-belediyesi-yaz-spor-okullari-coskulu-bir-kapanisla-sona-erdi\/124061#breadcrumb"},"inLanguage":"tr","potentialAction":[{"@type":"ReadAction","target":["https:\/\/corludahaber.com\/h\/corlu-belediyesi-yaz-spor-okullari-coskulu-bir-kapanisla-sona-erdi\/124061"]}]},{"@type":"ImageObject","inLanguage":"tr","@id":"https:\/\/corludahaber.com\/h\/corlu-belediyesi-yaz-spor-okullari-coskulu-bir-kapanisla-sona-erdi\/124061#primaryimage","url":"https:\/\/corludahaber.com\/h\/wp-content\/uploads\/2026\/08\/corlu-belediyesi-yaz-spor-okullari-coskulu-bir-kapanisla-sona-erdi_6a955b0492752.jpeg","contentUrl":"https:\/\/corludahaber.com\/h\/wp-content\/uploads\/2026\/08\/corlu-belediyesi-yaz-spor-okullari-coskulu-bir-kapanisla-sona-erdi_6a955b0492752.jpeg","width":832,"height":407},{"@type":"BreadcrumbList","@id":"https:\/\/corludahaber.com\/h\/corlu-belediyesi-yaz-spor-okullari-coskulu-bir-kapanisla-sona-erdi\/124061#breadcrumb","itemListElement":[{"@type":"ListItem","position":1,"name":"Anasayfa","item":"https:\/\/corludahaber.com\/h\/anasayfa"},{"@type":"ListItem","position":2,"name":"\u00c7orlu","item":"https:\/\/corludahaber.com\/h\/kategori\/corlu"},{"@type":"ListItem","position":3,"name":"\u00c7orlu Belediyesi Yaz Spor Okullar\u0131 Co\u015fkulu Bir Kapan\u0131\u015fla Sona Erdi"}]},{"@type":"WebSite","@id":"https:\/\/corludahaber.com\/h\/#website","url":"https:\/\/corludahaber.com\/h\/","name":"\u00c7orlu'da Haber","description":"Ger\u00e7ek Tarafs\u0131z Haber","publisher":{"@id":"https:\/\/corludahaber.com\/h\/#organization"},"potentialAction":[{"@type":"SearchAction","target":{"@type":"EntryPoint","urlTemplate":"https:\/\/corludahaber.com\/h\/?s={search_term_string}"},"query-input":"required name=search_term_string"}],"inLanguage":"tr"},{"@type":"Organization","@id":"https:\/\/corludahaber.com\/h\/#organization","name":"\u00c7orlu'da Haber","url":"https:\/\/corludahaber.com\/h\/","logo":{"@type":"ImageObject","inLanguage":"tr","@id":"https:\/\/corludahaber.com\/h\/#\/schema\/logo\/image\/","url":"https:\/\/corludahaber.com\/h\/wp-content\/uploads\/2021\/12\/logo__9__1_-removebg-preview.png","contentUrl":"https:\/\/corludahaber.com\/h\/wp-content\/uploads\/2021\/12\/logo__9__1_-removebg-preview.png","width":500,"height":157,"caption":"\u00c7orlu'da Haber"},"image":{"@id":"https:\/\/corludahaber.com\/h\/#\/schema\/logo\/image\/"},"sameAs":["https:\/\/facebook.com\/habercorluda","https:\/\/x.com\/habercorluda","https:\/\/www.instagram.com\/corludahaber","https:\/\/www.youtube.com\/user\/corludahaber"]},{"@type":"Person","@id":"https:\/\/corludahaber.com\/h\/#\/schema\/person\/b523522be44b062db5d74a62589768cd","name":"\u00c7orlu'da Haber","image":{"@type":"ImageObject","inLanguage":"tr","@id":"https:\/\/corludahaber.com\/h\/#\/schema\/person\/image\/","url":"https:\/\/secure.gravatar.com\/avatar\/1033e54e078c29fd7f053370086ff627ba414b05c2b231c418a481adecd764ce?s=96&d=blank&r=g","contentUrl":"https:\/\/secure.gravatar.com\/avatar\/1033e54e078c29fd7f053370086ff627ba414b05c2b231c418a481adecd764ce?s=96&d=blank&r=g","caption":"\u00c7orlu'da Haber"},"sameAs":["https:\/\/corludahaber.com\/h"],"url":"https:\/\/corludahaber.com\/h\/author\/admin"}]}},"_links":{"self":[{"href":"https:\/\/corludahaber.com\/h\/wp-json\/wp\/v2\/posts\/124061","targetHints":{"allow":["GET"]}}],"collection":[{"href":"https:\/\/corludahaber.com\/h\/wp-json\/wp\/v2\/posts"}],"about":[{"href":"https:\/\/corludahaber.com\/h\/wp-json\/wp\/v2\/types\/post"}],"author":[{"embeddable":true,"href":"https:\/\/corludahaber.com\/h\/wp-json\/wp\/v2\/users\/151"}],"replies":[{"embeddable":true,"href":"https:\/\/corludahaber.com\/h\/wp-json\/wp\/v2\/comments?post=124061"}],"version-history":[{"count":1,"href":"https:\/\/corludahaber.com\/h\/wp-json\/wp\/v2\/posts\/124061\/revisions"}],"predecessor-version":[{"id":124065,"href":"https:\/\/corludahaber.com\/h\/wp-json\/wp\/v2\/posts\/124061\/revisions\/124065"}],"wp:featuredmedia":[{"embeddable":true,"href":"https:\/\/corludahaber.com\/h\/wp-json\/wp\/v2\/media\/124063"}],"wp:attachment":[{"href":"https:\/\/corludahaber.com\/h\/wp-json\/wp\/v2\/media?parent=124061"}],"wp:term":[{"taxonomy":"category","embeddable":true,"href":"https:\/\/corludahaber.com\/h\/wp-json\/wp\/v2\/categories?post=124061"},{"taxonomy":"post_tag","embeddable":true,"href":"https:\/\/corludahaber.com\/h\/wp-json\/wp\/v2\/tags?post=124061"}],"curies":[{"name":"wp","href":"https:\/\/api.w.org\/{rel}","templated":true}]}}