{"id":124058,"date":"2026-08-31T13:41:30","date_gmt":"2026-08-31T10:41:30","guid":{"rendered":"https:\/\/corludahaber.com\/h\/cografi-isaretli-tekirdag-soganinda-hasat-basladi\/124058"},"modified":"2026-08-31T13:41:36","modified_gmt":"2026-08-31T10:41:36","slug":"cografi-isaretli-tekirdag-soganinda-hasat-basladi","status":"publish","type":"post","link":"https:\/\/corludahaber.com\/h\/cografi-isaretli-tekirdag-soganinda-hasat-basladi\/124058","title":{"rendered":"Co\u011frafi i\u015faretli Tekirda\u011f so\u011fan\u0131nda hasat ba\u015flad\u0131"},"content":{"rendered":"<div class=\"corlu-icerikten-once_3\" id=\"corlu-2828012220\"><script type='text\/javascript' src='https:\/\/platform-api.sharethis.com\/js\/sharethis.js#property=5ce8cf08af7d000012cb0ca1&product=inline-reaction-buttons' async='async'><\/script>\r\n\r\n<\/div><div readability=\"104\"><span class=\"category-name hidden\"><\/span><\/p><div class=\"corlu-icerik-2\" id=\"corlu-2897016695\"><!-- Admatic AUTO ads START -->\r\n<ins data-publisher=\"adm-pub-155556240050\" data-ad-network=\"659428a24d11b285b616c18d\"   class=\"adm-ads-area\"><\/ins>\r\n<script type=\"text\/javascript\" src=\"https:\/\/static.cdn.admatic.com.tr\/showad\/showad.min.js\"><\/script>\r\n<!-- Admatic AUTO ads END --><\/div>\n<p> \/TEK\u0130RDA\u011e, (Haber Merkezi)-TEK\u0130RDA\u011e&#8217;da 2022 y\u0131l\u0131nda co\u011frafi i\u015faret alan Tekirda\u011f so\u011fan\u0131nda hasat ba\u015flad\u0131. Tekirda\u011f Tar\u0131m ve Orman \u0130l M\u00fcd\u00fcr\u00fc Mehmet Aksoy, &#8220;2026 y\u0131l\u0131nda Tekirda\u011f genelinde yakla\u015f\u0131k 4 bin 400 dekar alanda so\u011fan ekimi ger\u00e7ekle\u015ftirildi. Bu alanlardan yakla\u015f\u0131k 5 bin 700 ton \u00fcr\u00fcn elde edilmesini bekliyoruz&#8221; dedi. <\/p>\n<p>Kentte 21 Eyl\u00fcl 2022&#8217;de T\u00fcrk Patent ve Marka Kurumu&#8217;ndan men\u015fe ad\u0131 t\u00fcr\u00fcnde co\u011frafi i\u015faretle tescillenen Tekirda\u011f so\u011fan\u0131 i\u00e7in hasat mesaisi ba\u015flad\u0131. Tar\u0131m ve Orman \u0130l M\u00fcd\u00fcrl\u00fc\u011f\u00fc ekipleri de S\u00fcleymanpa\u015fa il\u00e7esine ba\u011fl\u0131 K\u00f6seilyas Mahallesi\u2019nde Tekirda\u011f so\u011fan\u0131 \u00fcretimi yapan Sacit Vardas&#8217;\u0131 ziyaret ederek hasat s\u00fcreci hakk\u0131nda bilgi ald\u0131. Vardas, Tekirda\u011f so\u011fan\u0131n\u0131n co\u011frafi i\u015faretle birlikte T\u00fcrkiye genelinde bir marka olma yolunda ilerledi\u011fini belirterek, &#8220;Yapt\u0131\u011f\u0131m\u0131z i\u015f so\u011fan ama Tekirda\u011f so\u011fan\u0131. Ge\u00e7en y\u0131llarda ald\u0131\u011f\u0131m\u0131z co\u011frafi i\u015faretle art\u0131k T\u00fcrkiye&#8217;nin duymas\u0131 gereken bir marka olma yolunda giden \u00fcr\u00fcnd\u00fcr. Bizim so\u011fan\u0131m\u0131z\u0131n bir \u00f6zelli\u011fi, \u00fcretim \u015feklidir. Bu 3 y\u0131ll\u0131k bir d\u00f6ng\u00fcde \u00fcretilen bir so\u011fand\u0131r. \u0130lk y\u0131l kara tohum, ikinci y\u0131l arpac\u0131k, \u00fc\u00e7\u00fcnc\u00fc y\u0131lda normal ba\u015f so\u011fan olarak \u00fcretimimiz var&#8221; dedi. <\/p>\n<p>&#8216;B\u0130Z\u0130M HEDEF\u0130M\u0130Z D\u00dcNYA&#8217;<\/p>\n<p>Tekirda\u011f so\u011fan\u0131n\u0131n kaliteli bir \u00e7e\u015fit oldu\u011funu belirten Vardas, &#8220;Tekirda\u011f so\u011fan\u0131 iyi bir so\u011fan. Restoran, k\u00f6fteci, b\u00f6rek\u00e7i, yemekhanelerin kulland\u0131\u011f\u0131 en aromatik, Brix olarak en g\u00fc\u00e7l\u00fc ve lezzetli so\u011fand\u0131r. Tekirda\u011f so\u011fan\u0131 ayn\u0131 zamanda ye\u015fil so\u011fan anac\u0131 olarak da kullan\u0131lmaktad\u0131r. Bu \u00f6zelli\u011finden dolay\u0131 \u015fu an T\u00fcrkiye&#8217;nin ye\u015fil so\u011fan \u00fcreten t\u00fcm illerine bu so\u011fandan sevk edilmektedir. T\u00fcrkiye&#8217;nin bu i\u015fle u\u011fra\u015fan b\u00fct\u00fcn illeri bizi biliyor ama bizim hedefimiz d\u00fcnya. D\u00fcnya, bu kalitedeki mallar\u0131 daha fazla tercih ediyor. Tekirda\u011f so\u011fan\u0131 olmazsa k\u00f6fte olmaz, yemek olmaz, b\u00f6rek olmaz. \u0130\u015fin ger\u00e7e\u011fi bu. \u015eu an durumlar iyi, \u00fcretim g\u00fczel, sevkiyatlar g\u00fczel. \u00c7ok \u015f\u00fck\u00fcr, i\u015fimiz iyi&#8221; diye konu\u015ftu.<\/p>\n<p>&#8216;3 A\u015eAMADA YET\u0130\u015e\u0130YOR&#8217;<\/p>\n<p>Vardas, &#8220;\u00dc\u00e7 a\u015famada yeti\u015fiyor. \u0130lk a\u015fama kara tohum dedi\u011fimiz olay. So\u011fan anac\u0131 ekti\u011fimiz zaman kara tohum elde ediyoruz. Onu depoluyoruz, bir y\u0131l sonra ekti\u011fimiz zaman bu sefer k\u0131ska dedi\u011fimiz, arpac\u0131k dedi\u011fimiz olay ger\u00e7ekle\u015fiyor. Arpac\u0131k da yakla\u015f\u0131k 7-8 ay depoland\u0131ktan sonra bir y\u0131l sonraki s\u00fcre\u00e7te so\u011fan olmas\u0131 i\u00e7in topra\u011fa ekiliyor. So\u011fan\u0131m\u0131z olduktan sonra bunu depolama a\u015famas\u0131 geliyor. Tekirda\u011f So\u011fan\u0131, dayan\u0131kl\u0131 bir so\u011fan. Yakla\u015f\u0131k 8 ay, 9 ay depolama \u015fans\u0131 var. Bu \u00f6zelli\u011fi de k\u0131ra\u00e7 ve susuz arazide yeti\u015ftirildi\u011finden dolay\u0131 so\u011fan etli ve sert oluyor, kendini de koruyor&#8221; dedi.<\/p>\n<p>\u00dcRETMEK \u0130STEYENE TOHUM DESTE\u011e\u0130<\/p>\n<p>Vardas, ihracat hedeflerinin Yunanistan ve Bulgaristan oldu\u011funu s\u00f6yleyerek, &#8220;T\u00fcrkiye&#8217;deki bir\u00e7ok ile, arac\u0131lara veya a\u00e7\u0131k tarla ye\u015fil so\u011fan \u00fcreticilerine g\u00f6nderiyoruz. Hedefimiz; \u015fimdi Yunanistan, Bulgaristan oralara da \u00fcr\u00fcn g\u00f6ndermek. \u00dcretmek isteyen, bu i\u015fi yapmak isteyen t\u00fcm gen\u00e7lere \u00f6zellikle \u00e7ift\u00e7ilere tohum deste\u011fimiz, bilgi deste\u011fimiz, \u00fcretim deste\u011fimiz olur. G\u00f6r\u00fcyorsunuz ekimi modernize ettik, makineyle \u00e7al\u0131\u015f\u0131yoruz&#8221; diye konu\u015ftu. <\/p>\n<p>&#8216;\u00c7OK DAYANIKLI B\u0130R SO\u011eAN \u00c7E\u015e\u0130D\u0130&#8217;<\/p>\n<p>\u0130l Tar\u0131m ve Orman M\u00fcd\u00fcr\u00fc Mehmet Aksoy ise &#8220;Bizim ilimizde, Tekirda\u011f so\u011fan\u0131 sulanm\u0131yor. Tekirda\u011f so\u011fan\u0131 \u00e7ok dayan\u0131kl\u0131, \u00f6zel bir so\u011fan \u00e7e\u015fididir. K\u0131ra\u00e7 ve susuz arazilerde yeti\u015febilmesi, \u00fcr\u00fcn\u00fcn dayan\u0131kl\u0131l\u0131\u011f\u0131n\u0131 ve depolama s\u00fcresini art\u0131ran \u00f6nemli \u00f6zelliklerinden bir tanesidir. Dekara ortalama verimimiz 1250 kilogram ile 2 bin 500 kilogram aras\u0131nda de\u011fi\u015fiyor. Bu verim, topra\u011f\u0131n yap\u0131s\u0131na ve organik madde durumuna g\u00f6re farkl\u0131l\u0131k g\u00f6sterebiliyor. 2026 y\u0131l\u0131nda Tekirda\u011f genelinde yakla\u015f\u0131k 4 bin 400 dekar alanda so\u011fan ekimi ger\u00e7ekle\u015ftirildi. Bu alanlardan yakla\u015f\u0131k 5 bin 700 ton \u00fcr\u00fcn elde edilmesini bekliyoruz&#8221; dedi. (Haber Merkezi)<\/p>\n<\/div>\n<div class=\"corlu-icerikten-sonra_3\" id=\"corlu-1669849746\"><p><img loading=\"lazy\" decoding=\"async\" class=\"aligncenter\" src=\"https:\/\/www.corludahaber.com\/bahcesehir.jpg\" alt=\"\" width=\"624\" height=\"196\" \/><\/p>\n<table style=\"text-align: left; width: 100%;\" border=\"1\" cellspacing=\"2\" cellpadding=\"2\">\n<tbody>\n<tr>\n<td style=\"background-color: #050805;\"><span style=\"font-size: 12pt;\"><small><small><em><strong><big><span style=\"color: #ff0000;\">Haber ve resimlerin telif haklar\u0131ndan dolay\u0131 kullan\u0131m\u0131 yasakt\u0131r<span style=\"color: #000000;\">.<\/span><\/span><span style=\"color: #000000;\">\u00a0<\/span><span style=\"color: #ffffff;\">Yaz\u0131l\u0131 izni al\u0131nmadan hi\u00e7bir yaz\u0131l\u0131, g\u00f6rsel, i\u015fitsel i\u00e7erik kopyalanamaz, de\u011fi\u015ftirilemez, yay\u0131nlanamaz veya sat\u0131lamaz. Aksi halde<\/span>\u00a0<span style=\"color: #ff0000;\">5846<span style=\"color: #ffffff;\">\u00a0<\/span><\/span><span style=\"color: #ffffff;\">say\u0131l\u0131 Fikir ve Sanat Eserleri Kanunu\u2019na ve<\/span>\u00a0<span style=\"color: #800000;\"><span style=\"color: #ff0000;\">6102<\/span><span style=\"color: #ffffff;\">\u00a0<\/span><\/span><span style=\"color: #ffffff;\">say\u0131l\u0131 maddesine g\u00f6re<\/span>\u00a0<span style=\"color: #ff0000;\">gerekli i\u015flemler uygulanacakt\u0131r.<\/span><br \/>\n<span style=\"color: #ffffff;\">\u00a9 Copyright 2014<\/span><\/big><\/strong><\/em><\/small><\/small><\/span><\/td>\n<\/tr>\n<\/tbody>\n<\/table>\n<p><small><small>\u00a0<\/small><\/small><\/p>\n<\/div>","protected":false},"excerpt":{"rendered":"<p>\/TEK\u0130RDA\u011e, (Haber Merkezi)-TEK\u0130RDA\u011e&#8217;da 2022 y\u0131l\u0131nda co\u011frafi i\u015faret alan Tekirda\u011f so\u011fan\u0131nda hasat ba\u015flad\u0131. Tekirda\u011f Tar\u0131m ve Orman \u0130l M\u00fcd\u00fcr\u00fc Mehmet Aksoy, &#8220;2026 y\u0131l\u0131nda Tekirda\u011f genelinde yakla\u015f\u0131k 4 bin 400 dekar alanda so\u011fan ekimi ger\u00e7ekle\u015ftirildi. Bu alanlardan yakla\u015f\u0131k 5 bin 700 ton \u00fcr\u00fcn elde edilmesini bekliyoruz&#8221; dedi. Kentte 21 Eyl\u00fcl 2022&#8217;de T\u00fcrk Patent ve Marka Kurumu&#8217;ndan men\u015fe &hellip;<\/p>\n","protected":false},"author":151,"featured_media":124059,"comment_status":"open","ping_status":"closed","sticky":false,"template":"","format":"standard","meta":{"footnotes":""},"categories":[27],"tags":[8025,380,2022,36610,9376,15478,748,2023,36609,3661,376],"class_list":["post-124058","post","type-post","status-publish","format-standard","has-post-thumbnail","hentry","category-yasam","tag-asayis","tag-basladi","tag-cografi","tag-cografi-isaretli-tekirdag-soganinda-hasat-basladi","tag-corlu-kaza","tag-corlu-son-dakika-kaza","tag-hasat","tag-isaretli","tag-soganinda","tag-son-dakika-kaza","tag-tekirdag"],"yoast_head":"<!-- This site is optimized with the Yoast SEO Premium plugin v23.3 (Yoast SEO v23.3) - https:\/\/yoast.com\/wordpress\/plugins\/seo\/ -->\n<title>Co\u011frafi i\u015faretli Tekirda\u011f so\u011fan\u0131nda hasat ba\u015flad\u0131 | \u00c7orlu&#039;da Haber<\/title>\n<meta name=\"description\" content=\"Co\u011frafi i\u015faretli Tekirda\u011f so\u011fan\u0131nda hasat ba\u015flad\u0131 | \u00c7orlu&#039;da Haber\" \/>\n<meta name=\"robots\" content=\"index, follow, max-snippet:-1, max-image-preview:large, max-video-preview:-1\" \/>\n<link rel=\"canonical\" href=\"https:\/\/corludahaber.com\/h\/cografi-isaretli-tekirdag-soganinda-hasat-basladi\/124058\" \/>\n<meta property=\"og:locale\" content=\"tr_TR\" \/>\n<meta property=\"og:type\" content=\"article\" \/>\n<meta property=\"og:title\" content=\"Co\u011frafi i\u015faretli Tekirda\u011f so\u011fan\u0131nda hasat ba\u015flad\u0131 | \u00c7orlu&#039;da Haber\" \/>\n<meta property=\"og:description\" content=\"Co\u011frafi i\u015faretli Tekirda\u011f so\u011fan\u0131nda hasat ba\u015flad\u0131 | \u00c7orlu&#039;da Haber\" \/>\n<meta property=\"og:url\" content=\"https:\/\/corludahaber.com\/h\/cografi-isaretli-tekirdag-soganinda-hasat-basladi\/124058\" \/>\n<meta property=\"og:site_name\" content=\"\u00c7orlu&#039;da Haber\" \/>\n<meta property=\"article:publisher\" content=\"https:\/\/facebook.com\/habercorluda\" \/>\n<meta property=\"article:published_time\" content=\"2026-08-31T10:41:30+00:00\" \/>\n<meta property=\"article:modified_time\" content=\"2026-08-31T10:41:36+00:00\" \/>\n<meta property=\"og:image\" content=\"http:\/\/corludahaber.com\/h\/wp-content\/uploads\/2026\/08\/cografi-isaretli-tekirdag-soganinda-hasat-basladi_6a955a5cd3a35.jpeg\" \/>\n\t<meta property=\"og:image:width\" content=\"1920\" \/>\n\t<meta property=\"og:image:height\" content=\"1080\" \/>\n\t<meta property=\"og:image:type\" content=\"image\/jpeg\" \/>\n<meta name=\"author\" content=\"\u00c7orlu&#039;da Haber\" \/>\n<meta name=\"twitter:card\" content=\"summary_large_image\" \/>\n<meta name=\"twitter:creator\" content=\"@habercorluda\" \/>\n<meta name=\"twitter:site\" content=\"@habercorluda\" \/>\n<meta name=\"twitter:label1\" content=\"Yazan:\" \/>\n\t<meta name=\"twitter:data1\" content=\"\u00c7orlu&#039;da Haber\" \/>\n\t<meta name=\"twitter:label2\" content=\"Tahmini okuma s\u00fcresi\" \/>\n\t<meta name=\"twitter:data2\" content=\"4 dakika\" \/>\n<script type=\"application\/ld+json\" class=\"yoast-schema-graph\">{\"@context\":\"https:\/\/schema.org\",\"@graph\":[{\"@type\":\"Article\",\"@id\":\"https:\/\/corludahaber.com\/h\/cografi-isaretli-tekirdag-soganinda-hasat-basladi\/124058#article\",\"isPartOf\":{\"@id\":\"https:\/\/corludahaber.com\/h\/cografi-isaretli-tekirdag-soganinda-hasat-basladi\/124058\"},\"author\":{\"name\":\"\u00c7orlu'da Haber\",\"@id\":\"https:\/\/corludahaber.com\/h\/#\/schema\/person\/b523522be44b062db5d74a62589768cd\"},\"headline\":\"Co\u011frafi i\u015faretli Tekirda\u011f so\u011fan\u0131nda hasat ba\u015flad\u0131\",\"datePublished\":\"2026-08-31T10:41:30+00:00\",\"dateModified\":\"2026-08-31T10:41:36+00:00\",\"mainEntityOfPage\":{\"@id\":\"https:\/\/corludahaber.com\/h\/cografi-isaretli-tekirdag-soganinda-hasat-basladi\/124058\"},\"wordCount\":717,\"commentCount\":0,\"publisher\":{\"@id\":\"https:\/\/corludahaber.com\/h\/#organization\"},\"image\":{\"@id\":\"https:\/\/corludahaber.com\/h\/cografi-isaretli-tekirdag-soganinda-hasat-basladi\/124058#primaryimage\"},\"thumbnailUrl\":\"https:\/\/corludahaber.com\/h\/wp-content\/uploads\/2026\/08\/cografi-isaretli-tekirdag-soganinda-hasat-basladi_6a955a5cd3a35.jpeg\",\"keywords\":[\"asayi\u015f\",\"Ba\u015flad\u0131\",\"co\u011frafi\",\"Co\u011frafi i\u015faretli Tekirda\u011f so\u011fan\u0131nda hasat ba\u015flad\u0131\",\"\u00c7orlu kaza\",\"\u00c7orlu son dakika kaza\",\"HASAT\",\"i\u015faretli\",\"so\u011fan\u0131nda\",\"son dakika kaza\",\"Tekirda\u011f\"],\"articleSection\":[\"Ya\u015fam\"],\"inLanguage\":\"tr\",\"potentialAction\":[{\"@type\":\"CommentAction\",\"name\":\"Comment\",\"target\":[\"https:\/\/corludahaber.com\/h\/cografi-isaretli-tekirdag-soganinda-hasat-basladi\/124058#respond\"]}]},{\"@type\":\"WebPage\",\"@id\":\"https:\/\/corludahaber.com\/h\/cografi-isaretli-tekirdag-soganinda-hasat-basladi\/124058\",\"url\":\"https:\/\/corludahaber.com\/h\/cografi-isaretli-tekirdag-soganinda-hasat-basladi\/124058\",\"name\":\"Co\u011frafi i\u015faretli Tekirda\u011f so\u011fan\u0131nda hasat ba\u015flad\u0131 | \u00c7orlu&#039;da Haber\",\"isPartOf\":{\"@id\":\"https:\/\/corludahaber.com\/h\/#website\"},\"primaryImageOfPage\":{\"@id\":\"https:\/\/corludahaber.com\/h\/cografi-isaretli-tekirdag-soganinda-hasat-basladi\/124058#primaryimage\"},\"image\":{\"@id\":\"https:\/\/corludahaber.com\/h\/cografi-isaretli-tekirdag-soganinda-hasat-basladi\/124058#primaryimage\"},\"thumbnailUrl\":\"https:\/\/corludahaber.com\/h\/wp-content\/uploads\/2026\/08\/cografi-isaretli-tekirdag-soganinda-hasat-basladi_6a955a5cd3a35.jpeg\",\"datePublished\":\"2026-08-31T10:41:30+00:00\",\"dateModified\":\"2026-08-31T10:41:36+00:00\",\"description\":\"Co\u011frafi i\u015faretli Tekirda\u011f so\u011fan\u0131nda hasat ba\u015flad\u0131 | \u00c7orlu&#039;da Haber\",\"breadcrumb\":{\"@id\":\"https:\/\/corludahaber.com\/h\/cografi-isaretli-tekirdag-soganinda-hasat-basladi\/124058#breadcrumb\"},\"inLanguage\":\"tr\",\"potentialAction\":[{\"@type\":\"ReadAction\",\"target\":[\"https:\/\/corludahaber.com\/h\/cografi-isaretli-tekirdag-soganinda-hasat-basladi\/124058\"]}]},{\"@type\":\"ImageObject\",\"inLanguage\":\"tr\",\"@id\":\"https:\/\/corludahaber.com\/h\/cografi-isaretli-tekirdag-soganinda-hasat-basladi\/124058#primaryimage\",\"url\":\"https:\/\/corludahaber.com\/h\/wp-content\/uploads\/2026\/08\/cografi-isaretli-tekirdag-soganinda-hasat-basladi_6a955a5cd3a35.jpeg\",\"contentUrl\":\"https:\/\/corludahaber.com\/h\/wp-content\/uploads\/2026\/08\/cografi-isaretli-tekirdag-soganinda-hasat-basladi_6a955a5cd3a35.jpeg\",\"width\":1920,\"height\":1080},{\"@type\":\"BreadcrumbList\",\"@id\":\"https:\/\/corludahaber.com\/h\/cografi-isaretli-tekirdag-soganinda-hasat-basladi\/124058#breadcrumb\",\"itemListElement\":[{\"@type\":\"ListItem\",\"position\":1,\"name\":\"Anasayfa\",\"item\":\"https:\/\/corludahaber.com\/h\/anasayfa\"},{\"@type\":\"ListItem\",\"position\":2,\"name\":\"Ya\u015fam\",\"item\":\"https:\/\/corludahaber.com\/h\/kategori\/yasam\"},{\"@type\":\"ListItem\",\"position\":3,\"name\":\"Co\u011frafi i\u015faretli Tekirda\u011f so\u011fan\u0131nda hasat ba\u015flad\u0131\"}]},{\"@type\":\"WebSite\",\"@id\":\"https:\/\/corludahaber.com\/h\/#website\",\"url\":\"https:\/\/corludahaber.com\/h\/\",\"name\":\"\u00c7orlu'da Haber\",\"description\":\"Ger\u00e7ek Tarafs\u0131z Haber\",\"publisher\":{\"@id\":\"https:\/\/corludahaber.com\/h\/#organization\"},\"potentialAction\":[{\"@type\":\"SearchAction\",\"target\":{\"@type\":\"EntryPoint\",\"urlTemplate\":\"https:\/\/corludahaber.com\/h\/?s={search_term_string}\"},\"query-input\":\"required name=search_term_string\"}],\"inLanguage\":\"tr\"},{\"@type\":\"Organization\",\"@id\":\"https:\/\/corludahaber.com\/h\/#organization\",\"name\":\"\u00c7orlu'da Haber\",\"url\":\"https:\/\/corludahaber.com\/h\/\",\"logo\":{\"@type\":\"ImageObject\",\"inLanguage\":\"tr\",\"@id\":\"https:\/\/corludahaber.com\/h\/#\/schema\/logo\/image\/\",\"url\":\"https:\/\/corludahaber.com\/h\/wp-content\/uploads\/2021\/12\/logo__9__1_-removebg-preview.png\",\"contentUrl\":\"https:\/\/corludahaber.com\/h\/wp-content\/uploads\/2021\/12\/logo__9__1_-removebg-preview.png\",\"width\":500,\"height\":157,\"caption\":\"\u00c7orlu'da Haber\"},\"image\":{\"@id\":\"https:\/\/corludahaber.com\/h\/#\/schema\/logo\/image\/\"},\"sameAs\":[\"https:\/\/facebook.com\/habercorluda\",\"https:\/\/x.com\/habercorluda\",\"https:\/\/www.instagram.com\/corludahaber\",\"https:\/\/www.youtube.com\/user\/corludahaber\"]},{\"@type\":\"Person\",\"@id\":\"https:\/\/corludahaber.com\/h\/#\/schema\/person\/b523522be44b062db5d74a62589768cd\",\"name\":\"\u00c7orlu'da Haber\",\"image\":{\"@type\":\"ImageObject\",\"inLanguage\":\"tr\",\"@id\":\"https:\/\/corludahaber.com\/h\/#\/schema\/person\/image\/\",\"url\":\"https:\/\/secure.gravatar.com\/avatar\/1033e54e078c29fd7f053370086ff627ba414b05c2b231c418a481adecd764ce?s=96&d=blank&r=g\",\"contentUrl\":\"https:\/\/secure.gravatar.com\/avatar\/1033e54e078c29fd7f053370086ff627ba414b05c2b231c418a481adecd764ce?s=96&d=blank&r=g\",\"caption\":\"\u00c7orlu'da Haber\"},\"sameAs\":[\"https:\/\/corludahaber.com\/h\"],\"url\":\"https:\/\/corludahaber.com\/h\/author\/admin\"}]}<\/script>\n<!-- \/ Yoast SEO Premium plugin. -->","yoast_head_json":{"title":"Co\u011frafi i\u015faretli Tekirda\u011f so\u011fan\u0131nda hasat ba\u015flad\u0131 | \u00c7orlu&#039;da Haber","description":"Co\u011frafi i\u015faretli Tekirda\u011f so\u011fan\u0131nda hasat ba\u015flad\u0131 | \u00c7orlu&#039;da Haber","robots":{"index":"index","follow":"follow","max-snippet":"max-snippet:-1","max-image-preview":"max-image-preview:large","max-video-preview":"max-video-preview:-1"},"canonical":"https:\/\/corludahaber.com\/h\/cografi-isaretli-tekirdag-soganinda-hasat-basladi\/124058","og_locale":"tr_TR","og_type":"article","og_title":"Co\u011frafi i\u015faretli Tekirda\u011f so\u011fan\u0131nda hasat ba\u015flad\u0131 | \u00c7orlu&#039;da Haber","og_description":"Co\u011frafi i\u015faretli Tekirda\u011f so\u011fan\u0131nda hasat ba\u015flad\u0131 | \u00c7orlu&#039;da Haber","og_url":"https:\/\/corludahaber.com\/h\/cografi-isaretli-tekirdag-soganinda-hasat-basladi\/124058","og_site_name":"\u00c7orlu&#039;da Haber","article_publisher":"https:\/\/facebook.com\/habercorluda","article_published_time":"2026-08-31T10:41:30+00:00","article_modified_time":"2026-08-31T10:41:36+00:00","og_image":[{"width":1920,"height":1080,"url":"http:\/\/corludahaber.com\/h\/wp-content\/uploads\/2026\/08\/cografi-isaretli-tekirdag-soganinda-hasat-basladi_6a955a5cd3a35.jpeg","type":"image\/jpeg"}],"author":"\u00c7orlu'da Haber","twitter_card":"summary_large_image","twitter_creator":"@habercorluda","twitter_site":"@habercorluda","twitter_misc":{"Yazan:":"\u00c7orlu'da Haber","Tahmini okuma s\u00fcresi":"4 dakika"},"schema":{"@context":"https:\/\/schema.org","@graph":[{"@type":"Article","@id":"https:\/\/corludahaber.com\/h\/cografi-isaretli-tekirdag-soganinda-hasat-basladi\/124058#article","isPartOf":{"@id":"https:\/\/corludahaber.com\/h\/cografi-isaretli-tekirdag-soganinda-hasat-basladi\/124058"},"author":{"name":"\u00c7orlu'da Haber","@id":"https:\/\/corludahaber.com\/h\/#\/schema\/person\/b523522be44b062db5d74a62589768cd"},"headline":"Co\u011frafi i\u015faretli Tekirda\u011f so\u011fan\u0131nda hasat ba\u015flad\u0131","datePublished":"2026-08-31T10:41:30+00:00","dateModified":"2026-08-31T10:41:36+00:00","mainEntityOfPage":{"@id":"https:\/\/corludahaber.com\/h\/cografi-isaretli-tekirdag-soganinda-hasat-basladi\/124058"},"wordCount":717,"commentCount":0,"publisher":{"@id":"https:\/\/corludahaber.com\/h\/#organization"},"image":{"@id":"https:\/\/corludahaber.com\/h\/cografi-isaretli-tekirdag-soganinda-hasat-basladi\/124058#primaryimage"},"thumbnailUrl":"https:\/\/corludahaber.com\/h\/wp-content\/uploads\/2026\/08\/cografi-isaretli-tekirdag-soganinda-hasat-basladi_6a955a5cd3a35.jpeg","keywords":["asayi\u015f","Ba\u015flad\u0131","co\u011frafi","Co\u011frafi i\u015faretli Tekirda\u011f so\u011fan\u0131nda hasat ba\u015flad\u0131","\u00c7orlu kaza","\u00c7orlu son dakika kaza","HASAT","i\u015faretli","so\u011fan\u0131nda","son dakika kaza","Tekirda\u011f"],"articleSection":["Ya\u015fam"],"inLanguage":"tr","potentialAction":[{"@type":"CommentAction","name":"Comment","target":["https:\/\/corludahaber.com\/h\/cografi-isaretli-tekirdag-soganinda-hasat-basladi\/124058#respond"]}]},{"@type":"WebPage","@id":"https:\/\/corludahaber.com\/h\/cografi-isaretli-tekirdag-soganinda-hasat-basladi\/124058","url":"https:\/\/corludahaber.com\/h\/cografi-isaretli-tekirdag-soganinda-hasat-basladi\/124058","name":"Co\u011frafi i\u015faretli Tekirda\u011f so\u011fan\u0131nda hasat ba\u015flad\u0131 | \u00c7orlu&#039;da Haber","isPartOf":{"@id":"https:\/\/corludahaber.com\/h\/#website"},"primaryImageOfPage":{"@id":"https:\/\/corludahaber.com\/h\/cografi-isaretli-tekirdag-soganinda-hasat-basladi\/124058#primaryimage"},"image":{"@id":"https:\/\/corludahaber.com\/h\/cografi-isaretli-tekirdag-soganinda-hasat-basladi\/124058#primaryimage"},"thumbnailUrl":"https:\/\/corludahaber.com\/h\/wp-content\/uploads\/2026\/08\/cografi-isaretli-tekirdag-soganinda-hasat-basladi_6a955a5cd3a35.jpeg","datePublished":"2026-08-31T10:41:30+00:00","dateModified":"2026-08-31T10:41:36+00:00","description":"Co\u011frafi i\u015faretli Tekirda\u011f so\u011fan\u0131nda hasat ba\u015flad\u0131 | \u00c7orlu&#039;da Haber","breadcrumb":{"@id":"https:\/\/corludahaber.com\/h\/cografi-isaretli-tekirdag-soganinda-hasat-basladi\/124058#breadcrumb"},"inLanguage":"tr","potentialAction":[{"@type":"ReadAction","target":["https:\/\/corludahaber.com\/h\/cografi-isaretli-tekirdag-soganinda-hasat-basladi\/124058"]}]},{"@type":"ImageObject","inLanguage":"tr","@id":"https:\/\/corludahaber.com\/h\/cografi-isaretli-tekirdag-soganinda-hasat-basladi\/124058#primaryimage","url":"https:\/\/corludahaber.com\/h\/wp-content\/uploads\/2026\/08\/cografi-isaretli-tekirdag-soganinda-hasat-basladi_6a955a5cd3a35.jpeg","contentUrl":"https:\/\/corludahaber.com\/h\/wp-content\/uploads\/2026\/08\/cografi-isaretli-tekirdag-soganinda-hasat-basladi_6a955a5cd3a35.jpeg","width":1920,"height":1080},{"@type":"BreadcrumbList","@id":"https:\/\/corludahaber.com\/h\/cografi-isaretli-tekirdag-soganinda-hasat-basladi\/124058#breadcrumb","itemListElement":[{"@type":"ListItem","position":1,"name":"Anasayfa","item":"https:\/\/corludahaber.com\/h\/anasayfa"},{"@type":"ListItem","position":2,"name":"Ya\u015fam","item":"https:\/\/corludahaber.com\/h\/kategori\/yasam"},{"@type":"ListItem","position":3,"name":"Co\u011frafi i\u015faretli Tekirda\u011f so\u011fan\u0131nda hasat ba\u015flad\u0131"}]},{"@type":"WebSite","@id":"https:\/\/corludahaber.com\/h\/#website","url":"https:\/\/corludahaber.com\/h\/","name":"\u00c7orlu'da Haber","description":"Ger\u00e7ek Tarafs\u0131z Haber","publisher":{"@id":"https:\/\/corludahaber.com\/h\/#organization"},"potentialAction":[{"@type":"SearchAction","target":{"@type":"EntryPoint","urlTemplate":"https:\/\/corludahaber.com\/h\/?s={search_term_string}"},"query-input":"required name=search_term_string"}],"inLanguage":"tr"},{"@type":"Organization","@id":"https:\/\/corludahaber.com\/h\/#organization","name":"\u00c7orlu'da Haber","url":"https:\/\/corludahaber.com\/h\/","logo":{"@type":"ImageObject","inLanguage":"tr","@id":"https:\/\/corludahaber.com\/h\/#\/schema\/logo\/image\/","url":"https:\/\/corludahaber.com\/h\/wp-content\/uploads\/2021\/12\/logo__9__1_-removebg-preview.png","contentUrl":"https:\/\/corludahaber.com\/h\/wp-content\/uploads\/2021\/12\/logo__9__1_-removebg-preview.png","width":500,"height":157,"caption":"\u00c7orlu'da Haber"},"image":{"@id":"https:\/\/corludahaber.com\/h\/#\/schema\/logo\/image\/"},"sameAs":["https:\/\/facebook.com\/habercorluda","https:\/\/x.com\/habercorluda","https:\/\/www.instagram.com\/corludahaber","https:\/\/www.youtube.com\/user\/corludahaber"]},{"@type":"Person","@id":"https:\/\/corludahaber.com\/h\/#\/schema\/person\/b523522be44b062db5d74a62589768cd","name":"\u00c7orlu'da Haber","image":{"@type":"ImageObject","inLanguage":"tr","@id":"https:\/\/corludahaber.com\/h\/#\/schema\/person\/image\/","url":"https:\/\/secure.gravatar.com\/avatar\/1033e54e078c29fd7f053370086ff627ba414b05c2b231c418a481adecd764ce?s=96&d=blank&r=g","contentUrl":"https:\/\/secure.gravatar.com\/avatar\/1033e54e078c29fd7f053370086ff627ba414b05c2b231c418a481adecd764ce?s=96&d=blank&r=g","caption":"\u00c7orlu'da Haber"},"sameAs":["https:\/\/corludahaber.com\/h"],"url":"https:\/\/corludahaber.com\/h\/author\/admin"}]}},"_links":{"self":[{"href":"https:\/\/corludahaber.com\/h\/wp-json\/wp\/v2\/posts\/124058","targetHints":{"allow":["GET"]}}],"collection":[{"href":"https:\/\/corludahaber.com\/h\/wp-json\/wp\/v2\/posts"}],"about":[{"href":"https:\/\/corludahaber.com\/h\/wp-json\/wp\/v2\/types\/post"}],"author":[{"embeddable":true,"href":"https:\/\/corludahaber.com\/h\/wp-json\/wp\/v2\/users\/151"}],"replies":[{"embeddable":true,"href":"https:\/\/corludahaber.com\/h\/wp-json\/wp\/v2\/comments?post=124058"}],"version-history":[{"count":1,"href":"https:\/\/corludahaber.com\/h\/wp-json\/wp\/v2\/posts\/124058\/revisions"}],"predecessor-version":[{"id":124060,"href":"https:\/\/corludahaber.com\/h\/wp-json\/wp\/v2\/posts\/124058\/revisions\/124060"}],"wp:featuredmedia":[{"embeddable":true,"href":"https:\/\/corludahaber.com\/h\/wp-json\/wp\/v2\/media\/124059"}],"wp:attachment":[{"href":"https:\/\/corludahaber.com\/h\/wp-json\/wp\/v2\/media?parent=124058"}],"wp:term":[{"taxonomy":"category","embeddable":true,"href":"https:\/\/corludahaber.com\/h\/wp-json\/wp\/v2\/categories?post=124058"},{"taxonomy":"post_tag","embeddable":true,"href":"https:\/\/corludahaber.com\/h\/wp-json\/wp\/v2\/tags?post=124058"}],"curies":[{"name":"wp","href":"https:\/\/api.w.org\/{rel}","templated":true}]}}