{"id":124055,"date":"2026-08-31T13:41:08","date_gmt":"2026-08-31T10:41:08","guid":{"rendered":"https:\/\/corludahaber.com\/h\/sarkoyde-badem-hasadi-basladi\/124055"},"modified":"2026-08-31T13:41:19","modified_gmt":"2026-08-31T10:41:19","slug":"sarkoyde-badem-hasadi-basladi","status":"publish","type":"post","link":"https:\/\/corludahaber.com\/h\/sarkoyde-badem-hasadi-basladi\/124055","title":{"rendered":"\u015eark\u00f6y&#8217;de badem hasad\u0131 ba\u015flad\u0131"},"content":{"rendered":"<div class=\"corlu-icerikten-once_3\" id=\"corlu-1456434723\"><script type='text\/javascript' src='https:\/\/platform-api.sharethis.com\/js\/sharethis.js#property=5ce8cf08af7d000012cb0ca1&product=inline-reaction-buttons' async='async'><\/script>\r\n\r\n<\/div><div readability=\"52\"><span class=\"category-name hidden\"><\/span><\/p><div class=\"corlu-icerik-2\" id=\"corlu-3651285687\"><!-- Admatic AUTO ads START -->\r\n<ins data-publisher=\"adm-pub-155556240050\" data-ad-network=\"659428a24d11b285b616c18d\"   class=\"adm-ads-area\"><\/ins>\r\n<script type=\"text\/javascript\" src=\"https:\/\/static.cdn.admatic.com.tr\/showad\/showad.min.js\"><\/script>\r\n<!-- Admatic AUTO ads END --><\/div>\n<p>Nuri \u00c7A\u011eLAR\/\u015eARK\u00d6Y(Tekirda\u011f), (Haber Merkezi)-  TEK\u0130RDA\u011e&#8217;\u0131n \u015eark\u00f6y il\u00e7esinde zeytin ve \u00fcz\u00fcme alternatif olarak ekonomiye katk\u0131 sa\u011flayan bademin hasad\u0131 ba\u015flad\u0131.<\/p>\n<p>\u015eark\u00f6y Kaymakam\u0131 Ayd\u0131n Erdo\u011fan, il\u00e7enin K\u0131z\u0131lcaterzi Mahallesi&#8217;nde hasada ba\u015flayan badem \u00fcreticileri ile  bir araya geldi.  Kaymakam Erdo\u011fan, \u0130l\u00e7e Tar\u0131m ve Orman M\u00fcd\u00fcr\u00fc Yal\u00e7\u0131n G\u00fcz, K\u0131z\u0131lcaterzi Mahalle Muhtar\u0131 Y\u0131lmaz Sevgi&#8217;nin de kat\u0131l\u0131m\u0131yla \u00fcreticilerle toplant\u0131 yaparak, talep ve sorunlar\u0131 dinlendi; kar\u015f\u0131l\u0131kl\u0131 bilgi al\u0131\u015fveri\u015finde bulunuldu. \u015eark\u00f6y genelinde 736 bin 105 dekar alanda badem yeti\u015ftiricili\u011fi yap\u0131l\u0131rken, bunun 439 bin 277 dekar\u0131 K\u0131z\u0131lcaterzi Mahallesi\u2019nde bulundu\u011fu belirtildi. B\u00f6ylece il\u00e7edeki badem \u00fcretim alanlar\u0131n\u0131n yakla\u015f\u0131k y\u00fczde 60\u2019\u0131 K\u0131z\u0131lcaterzi\u2019de yer ald\u0131\u011f\u0131n\u0131n alt\u0131 \u00e7izildi. Toplant\u0131n\u0131n ard\u0131ndan badem \u00fcretim sahas\u0131na ge\u00e7ilerek bah\u00e7elerde incelemelerde bulunuldu ve \u00fcreticilerle birlikte badem hasad\u0131 ger\u00e7ekle\u015ftirildi. Hasad\u0131n yap\u0131ld\u0131\u011f\u0131 sahada yakla\u015f\u0131k 437 dekar alanda 17 bin 500 badem a\u011fac\u0131ndan yakla\u015f\u0131k 17,5 ton i\u00e7 badem elde edilmesi bekleniyor. <\/p>\n<p>Kaymakam Ayd\u0131n Erdo\u011fan, \u00fcreticilerin yan\u0131nda olmaya devam edeceklerini belirterek,  il\u00e7ede s\u00fcrd\u00fcr\u00fclebilir tar\u0131msal \u00fcretimin geli\u015ftirilmesine y\u00f6nelik \u00e7al\u0131\u015fmalar\u0131n devam edece\u011fini s\u00f6yledi. Foto\u011fraf: Tekirda\u011f, (Haber Merkezi)<\/p>\n<\/div>\n<div class=\"corlu-icerikten-sonra_3\" id=\"corlu-450301859\"><p><img loading=\"lazy\" decoding=\"async\" class=\"aligncenter\" src=\"https:\/\/www.corludahaber.com\/bahcesehir.jpg\" alt=\"\" width=\"624\" height=\"196\" \/><\/p>\n<table style=\"text-align: left; width: 100%;\" border=\"1\" cellspacing=\"2\" cellpadding=\"2\">\n<tbody>\n<tr>\n<td style=\"background-color: #050805;\"><span style=\"font-size: 12pt;\"><small><small><em><strong><big><span style=\"color: #ff0000;\">Haber ve resimlerin telif haklar\u0131ndan dolay\u0131 kullan\u0131m\u0131 yasakt\u0131r<span style=\"color: #000000;\">.<\/span><\/span><span style=\"color: #000000;\">\u00a0<\/span><span style=\"color: #ffffff;\">Yaz\u0131l\u0131 izni al\u0131nmadan hi\u00e7bir yaz\u0131l\u0131, g\u00f6rsel, i\u015fitsel i\u00e7erik kopyalanamaz, de\u011fi\u015ftirilemez, yay\u0131nlanamaz veya sat\u0131lamaz. Aksi halde<\/span>\u00a0<span style=\"color: #ff0000;\">5846<span style=\"color: #ffffff;\">\u00a0<\/span><\/span><span style=\"color: #ffffff;\">say\u0131l\u0131 Fikir ve Sanat Eserleri Kanunu\u2019na ve<\/span>\u00a0<span style=\"color: #800000;\"><span style=\"color: #ff0000;\">6102<\/span><span style=\"color: #ffffff;\">\u00a0<\/span><\/span><span style=\"color: #ffffff;\">say\u0131l\u0131 maddesine g\u00f6re<\/span>\u00a0<span style=\"color: #ff0000;\">gerekli i\u015flemler uygulanacakt\u0131r.<\/span><br \/>\n<span style=\"color: #ffffff;\">\u00a9 Copyright 2014<\/span><\/big><\/strong><\/em><\/small><\/small><\/span><\/td>\n<\/tr>\n<\/tbody>\n<\/table>\n<p><small><small>\u00a0<\/small><\/small><\/p>\n<\/div>","protected":false},"excerpt":{"rendered":"<p>Nuri \u00c7A\u011eLAR\/\u015eARK\u00d6Y(Tekirda\u011f), (Haber Merkezi)- TEK\u0130RDA\u011e&#8217;\u0131n \u015eark\u00f6y il\u00e7esinde zeytin ve \u00fcz\u00fcme alternatif olarak ekonomiye katk\u0131 sa\u011flayan bademin hasad\u0131 ba\u015flad\u0131. \u015eark\u00f6y Kaymakam\u0131 Ayd\u0131n Erdo\u011fan, il\u00e7enin K\u0131z\u0131lcaterzi Mahallesi&#8217;nde hasada ba\u015flayan badem \u00fcreticileri ile bir araya geldi. Kaymakam Erdo\u011fan, \u0130l\u00e7e Tar\u0131m ve Orman M\u00fcd\u00fcr\u00fc Yal\u00e7\u0131n G\u00fcz, K\u0131z\u0131lcaterzi Mahalle Muhtar\u0131 Y\u0131lmaz Sevgi&#8217;nin de kat\u0131l\u0131m\u0131yla \u00fcreticilerle toplant\u0131 yaparak, talep ve sorunlar\u0131 &hellip;<\/p>\n","protected":false},"author":151,"featured_media":124056,"comment_status":"open","ping_status":"closed","sticky":false,"template":"","format":"standard","meta":{"footnotes":""},"categories":[27],"tags":[8025,24549,380,9376,15478,2410,1098,36608,3661],"class_list":["post-124055","post","type-post","status-publish","format-standard","has-post-thumbnail","hentry","category-yasam","tag-asayis","tag-badem","tag-basladi","tag-corlu-kaza","tag-corlu-son-dakika-kaza","tag-hasadi","tag-sarkoy","tag-sarkoyde-badem-hasadi-basladi","tag-son-dakika-kaza"],"yoast_head":"<!-- This site is optimized with the Yoast SEO Premium plugin v23.3 (Yoast SEO v23.3) - https:\/\/yoast.com\/wordpress\/plugins\/seo\/ -->\n<title>\u015eark\u00f6y&#039;de badem hasad\u0131 ba\u015flad\u0131 | \u00c7orlu&#039;da Haber<\/title>\n<meta name=\"description\" content=\"\u015eark\u00f6y&#039;de badem hasad\u0131 ba\u015flad\u0131 | \u00c7orlu&#039;da Haber\" \/>\n<meta name=\"robots\" content=\"index, follow, max-snippet:-1, max-image-preview:large, max-video-preview:-1\" \/>\n<link rel=\"canonical\" href=\"https:\/\/corludahaber.com\/h\/sarkoyde-badem-hasadi-basladi\/124055\" \/>\n<meta property=\"og:locale\" content=\"tr_TR\" \/>\n<meta property=\"og:type\" content=\"article\" \/>\n<meta property=\"og:title\" content=\"\u015eark\u00f6y&#039;de badem hasad\u0131 ba\u015flad\u0131 | \u00c7orlu&#039;da Haber\" \/>\n<meta property=\"og:description\" content=\"\u015eark\u00f6y&#039;de badem hasad\u0131 ba\u015flad\u0131 | \u00c7orlu&#039;da Haber\" \/>\n<meta property=\"og:url\" content=\"https:\/\/corludahaber.com\/h\/sarkoyde-badem-hasadi-basladi\/124055\" \/>\n<meta property=\"og:site_name\" content=\"\u00c7orlu&#039;da Haber\" \/>\n<meta property=\"article:publisher\" content=\"https:\/\/facebook.com\/habercorluda\" \/>\n<meta property=\"article:published_time\" content=\"2026-08-31T10:41:08+00:00\" \/>\n<meta property=\"article:modified_time\" content=\"2026-08-31T10:41:19+00:00\" \/>\n<meta property=\"og:image\" content=\"http:\/\/corludahaber.com\/h\/wp-content\/uploads\/2026\/08\/sarkoyde-badem-hasadi-basladi_6a955a47740de.jpeg\" \/>\n\t<meta property=\"og:image:width\" content=\"2000\" \/>\n\t<meta property=\"og:image:height\" content=\"2059\" \/>\n\t<meta property=\"og:image:type\" content=\"image\/jpeg\" \/>\n<meta name=\"author\" content=\"\u00c7orlu&#039;da Haber\" \/>\n<meta name=\"twitter:card\" content=\"summary_large_image\" \/>\n<meta name=\"twitter:creator\" content=\"@habercorluda\" \/>\n<meta name=\"twitter:site\" content=\"@habercorluda\" \/>\n<meta name=\"twitter:label1\" content=\"Yazan:\" \/>\n\t<meta name=\"twitter:data1\" content=\"\u00c7orlu&#039;da Haber\" \/>\n\t<meta name=\"twitter:label2\" content=\"Tahmini okuma s\u00fcresi\" \/>\n\t<meta name=\"twitter:data2\" content=\"1 dakika\" \/>\n<script type=\"application\/ld+json\" class=\"yoast-schema-graph\">{\"@context\":\"https:\/\/schema.org\",\"@graph\":[{\"@type\":\"Article\",\"@id\":\"https:\/\/corludahaber.com\/h\/sarkoyde-badem-hasadi-basladi\/124055#article\",\"isPartOf\":{\"@id\":\"https:\/\/corludahaber.com\/h\/sarkoyde-badem-hasadi-basladi\/124055\"},\"author\":{\"name\":\"\u00c7orlu'da Haber\",\"@id\":\"https:\/\/corludahaber.com\/h\/#\/schema\/person\/b523522be44b062db5d74a62589768cd\"},\"headline\":\"\u015eark\u00f6y&#8217;de badem hasad\u0131 ba\u015flad\u0131\",\"datePublished\":\"2026-08-31T10:41:08+00:00\",\"dateModified\":\"2026-08-31T10:41:19+00:00\",\"mainEntityOfPage\":{\"@id\":\"https:\/\/corludahaber.com\/h\/sarkoyde-badem-hasadi-basladi\/124055\"},\"wordCount\":235,\"commentCount\":0,\"publisher\":{\"@id\":\"https:\/\/corludahaber.com\/h\/#organization\"},\"image\":{\"@id\":\"https:\/\/corludahaber.com\/h\/sarkoyde-badem-hasadi-basladi\/124055#primaryimage\"},\"thumbnailUrl\":\"https:\/\/corludahaber.com\/h\/wp-content\/uploads\/2026\/08\/sarkoyde-badem-hasadi-basladi_6a955a47740de.jpeg\",\"keywords\":[\"asayi\u015f\",\"badem\",\"Ba\u015flad\u0131\",\"\u00c7orlu kaza\",\"\u00c7orlu son dakika kaza\",\"hasad\u0131\",\"\u015eark\u00f6y\",\"\u015eark\u00f6y'de badem hasad\u0131 ba\u015flad\u0131\",\"son dakika kaza\"],\"articleSection\":[\"Ya\u015fam\"],\"inLanguage\":\"tr\",\"potentialAction\":[{\"@type\":\"CommentAction\",\"name\":\"Comment\",\"target\":[\"https:\/\/corludahaber.com\/h\/sarkoyde-badem-hasadi-basladi\/124055#respond\"]}]},{\"@type\":\"WebPage\",\"@id\":\"https:\/\/corludahaber.com\/h\/sarkoyde-badem-hasadi-basladi\/124055\",\"url\":\"https:\/\/corludahaber.com\/h\/sarkoyde-badem-hasadi-basladi\/124055\",\"name\":\"\u015eark\u00f6y'de badem hasad\u0131 ba\u015flad\u0131 | \u00c7orlu&#039;da Haber\",\"isPartOf\":{\"@id\":\"https:\/\/corludahaber.com\/h\/#website\"},\"primaryImageOfPage\":{\"@id\":\"https:\/\/corludahaber.com\/h\/sarkoyde-badem-hasadi-basladi\/124055#primaryimage\"},\"image\":{\"@id\":\"https:\/\/corludahaber.com\/h\/sarkoyde-badem-hasadi-basladi\/124055#primaryimage\"},\"thumbnailUrl\":\"https:\/\/corludahaber.com\/h\/wp-content\/uploads\/2026\/08\/sarkoyde-badem-hasadi-basladi_6a955a47740de.jpeg\",\"datePublished\":\"2026-08-31T10:41:08+00:00\",\"dateModified\":\"2026-08-31T10:41:19+00:00\",\"description\":\"\u015eark\u00f6y'de badem hasad\u0131 ba\u015flad\u0131 | \u00c7orlu&#039;da Haber\",\"breadcrumb\":{\"@id\":\"https:\/\/corludahaber.com\/h\/sarkoyde-badem-hasadi-basladi\/124055#breadcrumb\"},\"inLanguage\":\"tr\",\"potentialAction\":[{\"@type\":\"ReadAction\",\"target\":[\"https:\/\/corludahaber.com\/h\/sarkoyde-badem-hasadi-basladi\/124055\"]}]},{\"@type\":\"ImageObject\",\"inLanguage\":\"tr\",\"@id\":\"https:\/\/corludahaber.com\/h\/sarkoyde-badem-hasadi-basladi\/124055#primaryimage\",\"url\":\"https:\/\/corludahaber.com\/h\/wp-content\/uploads\/2026\/08\/sarkoyde-badem-hasadi-basladi_6a955a47740de.jpeg\",\"contentUrl\":\"https:\/\/corludahaber.com\/h\/wp-content\/uploads\/2026\/08\/sarkoyde-badem-hasadi-basladi_6a955a47740de.jpeg\",\"width\":2000,\"height\":2059},{\"@type\":\"BreadcrumbList\",\"@id\":\"https:\/\/corludahaber.com\/h\/sarkoyde-badem-hasadi-basladi\/124055#breadcrumb\",\"itemListElement\":[{\"@type\":\"ListItem\",\"position\":1,\"name\":\"Anasayfa\",\"item\":\"https:\/\/corludahaber.com\/h\/anasayfa\"},{\"@type\":\"ListItem\",\"position\":2,\"name\":\"Ya\u015fam\",\"item\":\"https:\/\/corludahaber.com\/h\/kategori\/yasam\"},{\"@type\":\"ListItem\",\"position\":3,\"name\":\"\u015eark\u00f6y&#8217;de badem hasad\u0131 ba\u015flad\u0131\"}]},{\"@type\":\"WebSite\",\"@id\":\"https:\/\/corludahaber.com\/h\/#website\",\"url\":\"https:\/\/corludahaber.com\/h\/\",\"name\":\"\u00c7orlu'da Haber\",\"description\":\"Ger\u00e7ek Tarafs\u0131z Haber\",\"publisher\":{\"@id\":\"https:\/\/corludahaber.com\/h\/#organization\"},\"potentialAction\":[{\"@type\":\"SearchAction\",\"target\":{\"@type\":\"EntryPoint\",\"urlTemplate\":\"https:\/\/corludahaber.com\/h\/?s={search_term_string}\"},\"query-input\":\"required name=search_term_string\"}],\"inLanguage\":\"tr\"},{\"@type\":\"Organization\",\"@id\":\"https:\/\/corludahaber.com\/h\/#organization\",\"name\":\"\u00c7orlu'da Haber\",\"url\":\"https:\/\/corludahaber.com\/h\/\",\"logo\":{\"@type\":\"ImageObject\",\"inLanguage\":\"tr\",\"@id\":\"https:\/\/corludahaber.com\/h\/#\/schema\/logo\/image\/\",\"url\":\"https:\/\/corludahaber.com\/h\/wp-content\/uploads\/2021\/12\/logo__9__1_-removebg-preview.png\",\"contentUrl\":\"https:\/\/corludahaber.com\/h\/wp-content\/uploads\/2021\/12\/logo__9__1_-removebg-preview.png\",\"width\":500,\"height\":157,\"caption\":\"\u00c7orlu'da Haber\"},\"image\":{\"@id\":\"https:\/\/corludahaber.com\/h\/#\/schema\/logo\/image\/\"},\"sameAs\":[\"https:\/\/facebook.com\/habercorluda\",\"https:\/\/x.com\/habercorluda\",\"https:\/\/www.instagram.com\/corludahaber\",\"https:\/\/www.youtube.com\/user\/corludahaber\"]},{\"@type\":\"Person\",\"@id\":\"https:\/\/corludahaber.com\/h\/#\/schema\/person\/b523522be44b062db5d74a62589768cd\",\"name\":\"\u00c7orlu'da Haber\",\"image\":{\"@type\":\"ImageObject\",\"inLanguage\":\"tr\",\"@id\":\"https:\/\/corludahaber.com\/h\/#\/schema\/person\/image\/\",\"url\":\"https:\/\/secure.gravatar.com\/avatar\/1033e54e078c29fd7f053370086ff627ba414b05c2b231c418a481adecd764ce?s=96&d=blank&r=g\",\"contentUrl\":\"https:\/\/secure.gravatar.com\/avatar\/1033e54e078c29fd7f053370086ff627ba414b05c2b231c418a481adecd764ce?s=96&d=blank&r=g\",\"caption\":\"\u00c7orlu'da Haber\"},\"sameAs\":[\"https:\/\/corludahaber.com\/h\"],\"url\":\"https:\/\/corludahaber.com\/h\/author\/admin\"}]}<\/script>\n<!-- \/ Yoast SEO Premium plugin. -->","yoast_head_json":{"title":"\u015eark\u00f6y'de badem hasad\u0131 ba\u015flad\u0131 | \u00c7orlu&#039;da Haber","description":"\u015eark\u00f6y'de badem hasad\u0131 ba\u015flad\u0131 | \u00c7orlu&#039;da Haber","robots":{"index":"index","follow":"follow","max-snippet":"max-snippet:-1","max-image-preview":"max-image-preview:large","max-video-preview":"max-video-preview:-1"},"canonical":"https:\/\/corludahaber.com\/h\/sarkoyde-badem-hasadi-basladi\/124055","og_locale":"tr_TR","og_type":"article","og_title":"\u015eark\u00f6y'de badem hasad\u0131 ba\u015flad\u0131 | \u00c7orlu&#039;da Haber","og_description":"\u015eark\u00f6y'de badem hasad\u0131 ba\u015flad\u0131 | \u00c7orlu&#039;da Haber","og_url":"https:\/\/corludahaber.com\/h\/sarkoyde-badem-hasadi-basladi\/124055","og_site_name":"\u00c7orlu&#039;da Haber","article_publisher":"https:\/\/facebook.com\/habercorluda","article_published_time":"2026-08-31T10:41:08+00:00","article_modified_time":"2026-08-31T10:41:19+00:00","og_image":[{"width":2000,"height":2059,"url":"http:\/\/corludahaber.com\/h\/wp-content\/uploads\/2026\/08\/sarkoyde-badem-hasadi-basladi_6a955a47740de.jpeg","type":"image\/jpeg"}],"author":"\u00c7orlu'da Haber","twitter_card":"summary_large_image","twitter_creator":"@habercorluda","twitter_site":"@habercorluda","twitter_misc":{"Yazan:":"\u00c7orlu'da Haber","Tahmini okuma s\u00fcresi":"1 dakika"},"schema":{"@context":"https:\/\/schema.org","@graph":[{"@type":"Article","@id":"https:\/\/corludahaber.com\/h\/sarkoyde-badem-hasadi-basladi\/124055#article","isPartOf":{"@id":"https:\/\/corludahaber.com\/h\/sarkoyde-badem-hasadi-basladi\/124055"},"author":{"name":"\u00c7orlu'da Haber","@id":"https:\/\/corludahaber.com\/h\/#\/schema\/person\/b523522be44b062db5d74a62589768cd"},"headline":"\u015eark\u00f6y&#8217;de badem hasad\u0131 ba\u015flad\u0131","datePublished":"2026-08-31T10:41:08+00:00","dateModified":"2026-08-31T10:41:19+00:00","mainEntityOfPage":{"@id":"https:\/\/corludahaber.com\/h\/sarkoyde-badem-hasadi-basladi\/124055"},"wordCount":235,"commentCount":0,"publisher":{"@id":"https:\/\/corludahaber.com\/h\/#organization"},"image":{"@id":"https:\/\/corludahaber.com\/h\/sarkoyde-badem-hasadi-basladi\/124055#primaryimage"},"thumbnailUrl":"https:\/\/corludahaber.com\/h\/wp-content\/uploads\/2026\/08\/sarkoyde-badem-hasadi-basladi_6a955a47740de.jpeg","keywords":["asayi\u015f","badem","Ba\u015flad\u0131","\u00c7orlu kaza","\u00c7orlu son dakika kaza","hasad\u0131","\u015eark\u00f6y","\u015eark\u00f6y'de badem hasad\u0131 ba\u015flad\u0131","son dakika kaza"],"articleSection":["Ya\u015fam"],"inLanguage":"tr","potentialAction":[{"@type":"CommentAction","name":"Comment","target":["https:\/\/corludahaber.com\/h\/sarkoyde-badem-hasadi-basladi\/124055#respond"]}]},{"@type":"WebPage","@id":"https:\/\/corludahaber.com\/h\/sarkoyde-badem-hasadi-basladi\/124055","url":"https:\/\/corludahaber.com\/h\/sarkoyde-badem-hasadi-basladi\/124055","name":"\u015eark\u00f6y'de badem hasad\u0131 ba\u015flad\u0131 | \u00c7orlu&#039;da Haber","isPartOf":{"@id":"https:\/\/corludahaber.com\/h\/#website"},"primaryImageOfPage":{"@id":"https:\/\/corludahaber.com\/h\/sarkoyde-badem-hasadi-basladi\/124055#primaryimage"},"image":{"@id":"https:\/\/corludahaber.com\/h\/sarkoyde-badem-hasadi-basladi\/124055#primaryimage"},"thumbnailUrl":"https:\/\/corludahaber.com\/h\/wp-content\/uploads\/2026\/08\/sarkoyde-badem-hasadi-basladi_6a955a47740de.jpeg","datePublished":"2026-08-31T10:41:08+00:00","dateModified":"2026-08-31T10:41:19+00:00","description":"\u015eark\u00f6y'de badem hasad\u0131 ba\u015flad\u0131 | \u00c7orlu&#039;da Haber","breadcrumb":{"@id":"https:\/\/corludahaber.com\/h\/sarkoyde-badem-hasadi-basladi\/124055#breadcrumb"},"inLanguage":"tr","potentialAction":[{"@type":"ReadAction","target":["https:\/\/corludahaber.com\/h\/sarkoyde-badem-hasadi-basladi\/124055"]}]},{"@type":"ImageObject","inLanguage":"tr","@id":"https:\/\/corludahaber.com\/h\/sarkoyde-badem-hasadi-basladi\/124055#primaryimage","url":"https:\/\/corludahaber.com\/h\/wp-content\/uploads\/2026\/08\/sarkoyde-badem-hasadi-basladi_6a955a47740de.jpeg","contentUrl":"https:\/\/corludahaber.com\/h\/wp-content\/uploads\/2026\/08\/sarkoyde-badem-hasadi-basladi_6a955a47740de.jpeg","width":2000,"height":2059},{"@type":"BreadcrumbList","@id":"https:\/\/corludahaber.com\/h\/sarkoyde-badem-hasadi-basladi\/124055#breadcrumb","itemListElement":[{"@type":"ListItem","position":1,"name":"Anasayfa","item":"https:\/\/corludahaber.com\/h\/anasayfa"},{"@type":"ListItem","position":2,"name":"Ya\u015fam","item":"https:\/\/corludahaber.com\/h\/kategori\/yasam"},{"@type":"ListItem","position":3,"name":"\u015eark\u00f6y&#8217;de badem hasad\u0131 ba\u015flad\u0131"}]},{"@type":"WebSite","@id":"https:\/\/corludahaber.com\/h\/#website","url":"https:\/\/corludahaber.com\/h\/","name":"\u00c7orlu'da Haber","description":"Ger\u00e7ek Tarafs\u0131z Haber","publisher":{"@id":"https:\/\/corludahaber.com\/h\/#organization"},"potentialAction":[{"@type":"SearchAction","target":{"@type":"EntryPoint","urlTemplate":"https:\/\/corludahaber.com\/h\/?s={search_term_string}"},"query-input":"required name=search_term_string"}],"inLanguage":"tr"},{"@type":"Organization","@id":"https:\/\/corludahaber.com\/h\/#organization","name":"\u00c7orlu'da Haber","url":"https:\/\/corludahaber.com\/h\/","logo":{"@type":"ImageObject","inLanguage":"tr","@id":"https:\/\/corludahaber.com\/h\/#\/schema\/logo\/image\/","url":"https:\/\/corludahaber.com\/h\/wp-content\/uploads\/2021\/12\/logo__9__1_-removebg-preview.png","contentUrl":"https:\/\/corludahaber.com\/h\/wp-content\/uploads\/2021\/12\/logo__9__1_-removebg-preview.png","width":500,"height":157,"caption":"\u00c7orlu'da Haber"},"image":{"@id":"https:\/\/corludahaber.com\/h\/#\/schema\/logo\/image\/"},"sameAs":["https:\/\/facebook.com\/habercorluda","https:\/\/x.com\/habercorluda","https:\/\/www.instagram.com\/corludahaber","https:\/\/www.youtube.com\/user\/corludahaber"]},{"@type":"Person","@id":"https:\/\/corludahaber.com\/h\/#\/schema\/person\/b523522be44b062db5d74a62589768cd","name":"\u00c7orlu'da Haber","image":{"@type":"ImageObject","inLanguage":"tr","@id":"https:\/\/corludahaber.com\/h\/#\/schema\/person\/image\/","url":"https:\/\/secure.gravatar.com\/avatar\/1033e54e078c29fd7f053370086ff627ba414b05c2b231c418a481adecd764ce?s=96&d=blank&r=g","contentUrl":"https:\/\/secure.gravatar.com\/avatar\/1033e54e078c29fd7f053370086ff627ba414b05c2b231c418a481adecd764ce?s=96&d=blank&r=g","caption":"\u00c7orlu'da Haber"},"sameAs":["https:\/\/corludahaber.com\/h"],"url":"https:\/\/corludahaber.com\/h\/author\/admin"}]}},"_links":{"self":[{"href":"https:\/\/corludahaber.com\/h\/wp-json\/wp\/v2\/posts\/124055","targetHints":{"allow":["GET"]}}],"collection":[{"href":"https:\/\/corludahaber.com\/h\/wp-json\/wp\/v2\/posts"}],"about":[{"href":"https:\/\/corludahaber.com\/h\/wp-json\/wp\/v2\/types\/post"}],"author":[{"embeddable":true,"href":"https:\/\/corludahaber.com\/h\/wp-json\/wp\/v2\/users\/151"}],"replies":[{"embeddable":true,"href":"https:\/\/corludahaber.com\/h\/wp-json\/wp\/v2\/comments?post=124055"}],"version-history":[{"count":1,"href":"https:\/\/corludahaber.com\/h\/wp-json\/wp\/v2\/posts\/124055\/revisions"}],"predecessor-version":[{"id":124057,"href":"https:\/\/corludahaber.com\/h\/wp-json\/wp\/v2\/posts\/124055\/revisions\/124057"}],"wp:featuredmedia":[{"embeddable":true,"href":"https:\/\/corludahaber.com\/h\/wp-json\/wp\/v2\/media\/124056"}],"wp:attachment":[{"href":"https:\/\/corludahaber.com\/h\/wp-json\/wp\/v2\/media?parent=124055"}],"wp:term":[{"taxonomy":"category","embeddable":true,"href":"https:\/\/corludahaber.com\/h\/wp-json\/wp\/v2\/categories?post=124055"},{"taxonomy":"post_tag","embeddable":true,"href":"https:\/\/corludahaber.com\/h\/wp-json\/wp\/v2\/tags?post=124055"}],"curies":[{"name":"wp","href":"https:\/\/api.w.org\/{rel}","templated":true}]}}