{"id":124043,"date":"2026-08-31T05:44:23","date_gmt":"2026-08-31T02:44:23","guid":{"rendered":"https:\/\/corludahaber.com\/h\/trakyada-zafer-bayrami-coskuyla-kutlandi-4\/124043"},"modified":"2026-08-31T05:44:35","modified_gmt":"2026-08-31T02:44:35","slug":"trakyada-zafer-bayrami-coskuyla-kutlandi-4","status":"publish","type":"post","link":"https:\/\/corludahaber.com\/h\/trakyada-zafer-bayrami-coskuyla-kutlandi-4\/124043","title":{"rendered":"Trakya&#8217;da Zafer Bayram\u0131 co\u015fkuyla kutland\u0131 (4)"},"content":{"rendered":"<div class=\"corlu-icerikten-once_3\" id=\"corlu-35720477\"><script type='text\/javascript' src='https:\/\/platform-api.sharethis.com\/js\/sharethis.js#property=5ce8cf08af7d000012cb0ca1&product=inline-reaction-buttons' async='async'><\/script>\r\n\r\n<\/div><div readability=\"67\"><span class=\"category-name hidden\"><\/span><\/p><div class=\"corlu-icerik-2\" id=\"corlu-3863376115\"><!-- Admatic AUTO ads START -->\r\n<ins data-publisher=\"adm-pub-155556240050\" data-ad-network=\"659428a24d11b285b616c18d\"   class=\"adm-ads-area\"><\/ins>\r\n<script type=\"text\/javascript\" src=\"https:\/\/static.cdn.admatic.com.tr\/showad\/showad.min.js\"><\/script>\r\n<!-- Admatic AUTO ads END --><\/div>\n<p>MER\u0130\u00c7 NEHR\u0130 \u00dcZER\u0130NDE HAVA\u0130 F\u0130\u015eEK G\u00d6STER\u0130S\u0130 <\/p>\n<p>Edirne&#8217;de 30 A\u011fustos Zafer Bayram\u0131 kutlamalar\u0131 kapsam\u0131nda, Valilik taraf\u0131ndan Meri\u00e7 Nehri k\u0131y\u0131s\u0131ndaki bir tesiste resepsiyon d\u00fczenlendi. Resepsiyonda konu\u015fan Vali Yunus Sezer, 30 A\u011fustos\u2019un yaln\u0131zca bir zafer de\u011fil, milletin yeniden \u015fahlan\u0131\u015f\u0131 oldu\u011funu vurgulayarak, &#8220;30 A\u011fustos, vatan\u0131ndan vazge\u00e7meyen, ba\u011f\u0131ms\u0131zl\u0131\u011f\u0131ndan asla taviz vermeyen bu aziz milletin, &#8216;Ya istiklal ya \u00f6l\u00fcm&#8217; diyerek tarih sahnesinde yeniden aya\u011fa kalkt\u0131\u011f\u0131 g\u00fcnd\u00fcr. Bundan tam 104 y\u0131l \u00f6nce, 26 A\u011fustos 1922&#8217;de ba\u015flayan B\u00fcy\u00fck Taarruz, 30 A\u011fustos&#8217;ta Ba\u015fkomutanl\u0131k Meydan Muharebesi&#8217;yle e\u015fsiz bir zafere d\u00f6n\u00fc\u015fm\u00fc\u015f, T\u00fcrk milletinin ba\u011f\u0131ms\u0131zl\u0131k iradesi b\u00fct\u00fcn d\u00fcnyaya ilan edilmi\u015ftir. Bu zafer; kad\u0131n erkek, gen\u00e7 ya\u015fl\u0131 demeden s\u0131rt\u0131nda cephane ta\u015f\u0131yan fedak\u00e2r insan\u0131m\u0131z\u0131n, cephede g\u00f6\u011f\u00fcs g\u00f6\u011fse sava\u015fan Mehmet\u00e7iklerimizin ve Gazi Mustafa Kemal Atat\u00fcrk&#8217;\u00fcn e\u015fsiz \u00f6nderli\u011finde kahraman ordumuzun sars\u0131lmaz inanc\u0131n\u0131n ortaya koymu\u015f oldu\u011fu ortak bir eserdir. Bu ruh yaln\u0131zca sava\u015f meydanlar\u0131nda g\u00f6sterilen kahramanl\u0131k de\u011fil, en zor zamanlarda dahi birbirine kenetlenen, vatan\u0131n\u0131 ve istiklalini her \u015feyin \u00fczerinde tutan b\u00fcy\u00fck bir millet \u015fuurudur. Dumlup\u0131nar&#8217;da, Sakarya&#8217;da, \u0130n\u00f6n\u00fc&#8217;de ve Mill\u00ee M\u00fccadele&#8217;nin daha nice cephelerinde ortaya konulan irade, milletimizin ba\u011f\u0131ms\u0131zl\u0131k s\u00f6z konusu oldu\u011funda hi\u00e7bir hesab\u0131n, hi\u00e7bir fedak\u00e2rl\u0131\u011f\u0131n \u00f6n\u00fcnde duramayaca\u011f\u0131n\u0131n en b\u00fcy\u00fck g\u00f6stergesidir&#8221; dedi. <\/p>\n<p>Vali Sezer&#8217;in konu\u015fmas\u0131n\u0131n ard\u0131ndan Edirne Devlet T\u00fcrk M\u00fczi\u011fi ve Rumeli M\u00fczikleri Toplulu\u011fu sahne alarak m\u00fczik dinletisi sundu. Davetliler ellerindeki T\u00fcrk bayraklar\u0131yla \u00e7al\u0131nan mar\u015f ve \u015fark\u0131lara e\u015flik etti.<\/p>\n<p>Gecenin sonunda ise Meri\u00e7 Nehri \u00fczerinde havai fi\u015fek g\u00f6sterisi ger\u00e7ekle\u015ftirildi. Saltanat kay\u0131klar\u0131n\u0131n ge\u00e7i\u015fi s\u0131ras\u0131nda ger\u00e7ekle\u015ftirilen havai fi\u015fek g\u00f6sterisini \u00e7ok say\u0131da davetli ellerinde T\u00fcrk bayraklar\u0131yla izlerken, cep telefonlar\u0131n\u0131n kameralar\u0131yla da o anlar\u0131 kaydetti. <\/p>\n<p> \/ ED\u0130RNE, (Haber Merkezi)<\/p>\n<\/div>\n<div class=\"corlu-icerikten-sonra_3\" id=\"corlu-39521099\"><p><img loading=\"lazy\" decoding=\"async\" class=\"aligncenter\" src=\"https:\/\/www.corludahaber.com\/bahcesehir.jpg\" alt=\"\" width=\"624\" height=\"196\" \/><\/p>\n<table style=\"text-align: left; width: 100%;\" border=\"1\" cellspacing=\"2\" cellpadding=\"2\">\n<tbody>\n<tr>\n<td style=\"background-color: #050805;\"><span style=\"font-size: 12pt;\"><small><small><em><strong><big><span style=\"color: #ff0000;\">Haber ve resimlerin telif haklar\u0131ndan dolay\u0131 kullan\u0131m\u0131 yasakt\u0131r<span style=\"color: #000000;\">.<\/span><\/span><span style=\"color: #000000;\">\u00a0<\/span><span style=\"color: #ffffff;\">Yaz\u0131l\u0131 izni al\u0131nmadan hi\u00e7bir yaz\u0131l\u0131, g\u00f6rsel, i\u015fitsel i\u00e7erik kopyalanamaz, de\u011fi\u015ftirilemez, yay\u0131nlanamaz veya sat\u0131lamaz. Aksi halde<\/span>\u00a0<span style=\"color: #ff0000;\">5846<span style=\"color: #ffffff;\">\u00a0<\/span><\/span><span style=\"color: #ffffff;\">say\u0131l\u0131 Fikir ve Sanat Eserleri Kanunu\u2019na ve<\/span>\u00a0<span style=\"color: #800000;\"><span style=\"color: #ff0000;\">6102<\/span><span style=\"color: #ffffff;\">\u00a0<\/span><\/span><span style=\"color: #ffffff;\">say\u0131l\u0131 maddesine g\u00f6re<\/span>\u00a0<span style=\"color: #ff0000;\">gerekli i\u015flemler uygulanacakt\u0131r.<\/span><br \/>\n<span style=\"color: #ffffff;\">\u00a9 Copyright 2014<\/span><\/big><\/strong><\/em><\/small><\/small><\/span><\/td>\n<\/tr>\n<\/tbody>\n<\/table>\n<p><small><small>\u00a0<\/small><\/small><\/p>\n<\/div>","protected":false},"excerpt":{"rendered":"<p>MER\u0130\u00c7 NEHR\u0130 \u00dcZER\u0130NDE HAVA\u0130 F\u0130\u015eEK G\u00d6STER\u0130S\u0130 Edirne&#8217;de 30 A\u011fustos Zafer Bayram\u0131 kutlamalar\u0131 kapsam\u0131nda, Valilik taraf\u0131ndan Meri\u00e7 Nehri k\u0131y\u0131s\u0131ndaki bir tesiste resepsiyon d\u00fczenlendi. Resepsiyonda konu\u015fan Vali Yunus Sezer, 30 A\u011fustos\u2019un yaln\u0131zca bir zafer de\u011fil, milletin yeniden \u015fahlan\u0131\u015f\u0131 oldu\u011funu vurgulayarak, &#8220;30 A\u011fustos, vatan\u0131ndan vazge\u00e7meyen, ba\u011f\u0131ms\u0131zl\u0131\u011f\u0131ndan asla taviz vermeyen bu aziz milletin, &#8216;Ya istiklal ya \u00f6l\u00fcm&#8217; diyerek tarih &hellip;<\/p>\n","protected":false},"author":151,"featured_media":124045,"comment_status":"open","ping_status":"closed","sticky":false,"template":"","format":"standard","meta":{"footnotes":""},"categories":[121],"tags":[8025,749,9376,15478,750,751,3661,1439,36603,1332],"class_list":["post-124043","post","type-post","status-publish","format-standard","has-post-thumbnail","hentry","category-edirne","tag-asayis","tag-bayrami","tag-corlu-kaza","tag-corlu-son-dakika-kaza","tag-coskuyla","tag-kutlandi","tag-son-dakika-kaza","tag-trakya","tag-trakyada-zafer-bayrami-coskuyla-kutlandi-4","tag-zafer"],"yoast_head":"<!-- This site is optimized with the Yoast SEO Premium plugin v23.3 (Yoast SEO v23.3) - https:\/\/yoast.com\/wordpress\/plugins\/seo\/ -->\n<title>Trakya&#039;da Zafer Bayram\u0131 co\u015fkuyla kutland\u0131 (4) | \u00c7orlu&#039;da Haber<\/title>\n<meta name=\"description\" content=\"Trakya&#039;da Zafer Bayram\u0131 co\u015fkuyla kutland\u0131 (4) | \u00c7orlu&#039;da Haber\" \/>\n<meta name=\"robots\" content=\"index, follow, max-snippet:-1, max-image-preview:large, max-video-preview:-1\" \/>\n<link rel=\"canonical\" href=\"https:\/\/corludahaber.com\/h\/trakyada-zafer-bayrami-coskuyla-kutlandi-4\/124043\" \/>\n<meta property=\"og:locale\" content=\"tr_TR\" \/>\n<meta property=\"og:type\" content=\"article\" \/>\n<meta property=\"og:title\" content=\"Trakya&#039;da Zafer Bayram\u0131 co\u015fkuyla kutland\u0131 (4) | \u00c7orlu&#039;da Haber\" \/>\n<meta property=\"og:description\" content=\"Trakya&#039;da Zafer Bayram\u0131 co\u015fkuyla kutland\u0131 (4) | \u00c7orlu&#039;da Haber\" \/>\n<meta property=\"og:url\" content=\"https:\/\/corludahaber.com\/h\/trakyada-zafer-bayrami-coskuyla-kutlandi-4\/124043\" \/>\n<meta property=\"og:site_name\" content=\"\u00c7orlu&#039;da Haber\" \/>\n<meta property=\"article:publisher\" content=\"https:\/\/facebook.com\/habercorluda\" \/>\n<meta property=\"article:published_time\" content=\"2026-08-31T02:44:23+00:00\" \/>\n<meta property=\"article:modified_time\" content=\"2026-08-31T02:44:35+00:00\" \/>\n<meta property=\"og:image\" content=\"http:\/\/corludahaber.com\/h\/wp-content\/uploads\/2026\/08\/trakyada-zafer-bayrami-coskuyla-kutlandi-4_6a94ea8b258e1-scaled.jpeg\" \/>\n\t<meta property=\"og:image:width\" content=\"2560\" \/>\n\t<meta property=\"og:image:height\" content=\"1426\" \/>\n\t<meta property=\"og:image:type\" content=\"image\/jpeg\" \/>\n<meta name=\"author\" content=\"\u00c7orlu&#039;da Haber\" \/>\n<meta name=\"twitter:card\" content=\"summary_large_image\" \/>\n<meta name=\"twitter:creator\" content=\"@habercorluda\" \/>\n<meta name=\"twitter:site\" content=\"@habercorluda\" \/>\n<meta name=\"twitter:label1\" content=\"Yazan:\" \/>\n\t<meta name=\"twitter:data1\" content=\"\u00c7orlu&#039;da Haber\" \/>\n\t<meta name=\"twitter:label2\" content=\"Tahmini okuma s\u00fcresi\" \/>\n\t<meta name=\"twitter:data2\" content=\"2 dakika\" \/>\n<script type=\"application\/ld+json\" class=\"yoast-schema-graph\">{\"@context\":\"https:\/\/schema.org\",\"@graph\":[{\"@type\":\"Article\",\"@id\":\"https:\/\/corludahaber.com\/h\/trakyada-zafer-bayrami-coskuyla-kutlandi-4\/124043#article\",\"isPartOf\":{\"@id\":\"https:\/\/corludahaber.com\/h\/trakyada-zafer-bayrami-coskuyla-kutlandi-4\/124043\"},\"author\":{\"name\":\"\u00c7orlu'da Haber\",\"@id\":\"https:\/\/corludahaber.com\/h\/#\/schema\/person\/b523522be44b062db5d74a62589768cd\"},\"headline\":\"Trakya&#8217;da Zafer Bayram\u0131 co\u015fkuyla kutland\u0131 (4)\",\"datePublished\":\"2026-08-31T02:44:23+00:00\",\"dateModified\":\"2026-08-31T02:44:35+00:00\",\"mainEntityOfPage\":{\"@id\":\"https:\/\/corludahaber.com\/h\/trakyada-zafer-bayrami-coskuyla-kutlandi-4\/124043\"},\"wordCount\":376,\"commentCount\":0,\"publisher\":{\"@id\":\"https:\/\/corludahaber.com\/h\/#organization\"},\"image\":{\"@id\":\"https:\/\/corludahaber.com\/h\/trakyada-zafer-bayrami-coskuyla-kutlandi-4\/124043#primaryimage\"},\"thumbnailUrl\":\"https:\/\/corludahaber.com\/h\/wp-content\/uploads\/2026\/08\/trakyada-zafer-bayrami-coskuyla-kutlandi-4_6a94ea8b258e1-scaled.jpeg\",\"keywords\":[\"asayi\u015f\",\"BAYRAMI\",\"\u00c7orlu kaza\",\"\u00c7orlu son dakika kaza\",\"CO\u015eKUYLA\",\"KUTLANDI\",\"son dakika kaza\",\"TRAKYA\",\"Trakya'da Zafer Bayram\u0131 co\u015fkuyla kutland\u0131 (4)\",\"Zafer\"],\"articleSection\":[\"Edirne\"],\"inLanguage\":\"tr\",\"potentialAction\":[{\"@type\":\"CommentAction\",\"name\":\"Comment\",\"target\":[\"https:\/\/corludahaber.com\/h\/trakyada-zafer-bayrami-coskuyla-kutlandi-4\/124043#respond\"]}]},{\"@type\":\"WebPage\",\"@id\":\"https:\/\/corludahaber.com\/h\/trakyada-zafer-bayrami-coskuyla-kutlandi-4\/124043\",\"url\":\"https:\/\/corludahaber.com\/h\/trakyada-zafer-bayrami-coskuyla-kutlandi-4\/124043\",\"name\":\"Trakya'da Zafer Bayram\u0131 co\u015fkuyla kutland\u0131 (4) | \u00c7orlu&#039;da Haber\",\"isPartOf\":{\"@id\":\"https:\/\/corludahaber.com\/h\/#website\"},\"primaryImageOfPage\":{\"@id\":\"https:\/\/corludahaber.com\/h\/trakyada-zafer-bayrami-coskuyla-kutlandi-4\/124043#primaryimage\"},\"image\":{\"@id\":\"https:\/\/corludahaber.com\/h\/trakyada-zafer-bayrami-coskuyla-kutlandi-4\/124043#primaryimage\"},\"thumbnailUrl\":\"https:\/\/corludahaber.com\/h\/wp-content\/uploads\/2026\/08\/trakyada-zafer-bayrami-coskuyla-kutlandi-4_6a94ea8b258e1-scaled.jpeg\",\"datePublished\":\"2026-08-31T02:44:23+00:00\",\"dateModified\":\"2026-08-31T02:44:35+00:00\",\"description\":\"Trakya'da Zafer Bayram\u0131 co\u015fkuyla kutland\u0131 (4) | \u00c7orlu&#039;da Haber\",\"breadcrumb\":{\"@id\":\"https:\/\/corludahaber.com\/h\/trakyada-zafer-bayrami-coskuyla-kutlandi-4\/124043#breadcrumb\"},\"inLanguage\":\"tr\",\"potentialAction\":[{\"@type\":\"ReadAction\",\"target\":[\"https:\/\/corludahaber.com\/h\/trakyada-zafer-bayrami-coskuyla-kutlandi-4\/124043\"]}]},{\"@type\":\"ImageObject\",\"inLanguage\":\"tr\",\"@id\":\"https:\/\/corludahaber.com\/h\/trakyada-zafer-bayrami-coskuyla-kutlandi-4\/124043#primaryimage\",\"url\":\"https:\/\/corludahaber.com\/h\/wp-content\/uploads\/2026\/08\/trakyada-zafer-bayrami-coskuyla-kutlandi-4_6a94ea8b258e1-scaled.jpeg\",\"contentUrl\":\"https:\/\/corludahaber.com\/h\/wp-content\/uploads\/2026\/08\/trakyada-zafer-bayrami-coskuyla-kutlandi-4_6a94ea8b258e1-scaled.jpeg\",\"width\":2560,\"height\":1426},{\"@type\":\"BreadcrumbList\",\"@id\":\"https:\/\/corludahaber.com\/h\/trakyada-zafer-bayrami-coskuyla-kutlandi-4\/124043#breadcrumb\",\"itemListElement\":[{\"@type\":\"ListItem\",\"position\":1,\"name\":\"Anasayfa\",\"item\":\"https:\/\/corludahaber.com\/h\/anasayfa\"},{\"@type\":\"ListItem\",\"position\":2,\"name\":\"Edirne\",\"item\":\"https:\/\/corludahaber.com\/h\/kategori\/edirne\"},{\"@type\":\"ListItem\",\"position\":3,\"name\":\"Trakya&#8217;da Zafer Bayram\u0131 co\u015fkuyla kutland\u0131 (4)\"}]},{\"@type\":\"WebSite\",\"@id\":\"https:\/\/corludahaber.com\/h\/#website\",\"url\":\"https:\/\/corludahaber.com\/h\/\",\"name\":\"\u00c7orlu'da Haber\",\"description\":\"Ger\u00e7ek Tarafs\u0131z Haber\",\"publisher\":{\"@id\":\"https:\/\/corludahaber.com\/h\/#organization\"},\"potentialAction\":[{\"@type\":\"SearchAction\",\"target\":{\"@type\":\"EntryPoint\",\"urlTemplate\":\"https:\/\/corludahaber.com\/h\/?s={search_term_string}\"},\"query-input\":\"required name=search_term_string\"}],\"inLanguage\":\"tr\"},{\"@type\":\"Organization\",\"@id\":\"https:\/\/corludahaber.com\/h\/#organization\",\"name\":\"\u00c7orlu'da Haber\",\"url\":\"https:\/\/corludahaber.com\/h\/\",\"logo\":{\"@type\":\"ImageObject\",\"inLanguage\":\"tr\",\"@id\":\"https:\/\/corludahaber.com\/h\/#\/schema\/logo\/image\/\",\"url\":\"https:\/\/corludahaber.com\/h\/wp-content\/uploads\/2021\/12\/logo__9__1_-removebg-preview.png\",\"contentUrl\":\"https:\/\/corludahaber.com\/h\/wp-content\/uploads\/2021\/12\/logo__9__1_-removebg-preview.png\",\"width\":500,\"height\":157,\"caption\":\"\u00c7orlu'da Haber\"},\"image\":{\"@id\":\"https:\/\/corludahaber.com\/h\/#\/schema\/logo\/image\/\"},\"sameAs\":[\"https:\/\/facebook.com\/habercorluda\",\"https:\/\/x.com\/habercorluda\",\"https:\/\/www.instagram.com\/corludahaber\",\"https:\/\/www.youtube.com\/user\/corludahaber\"]},{\"@type\":\"Person\",\"@id\":\"https:\/\/corludahaber.com\/h\/#\/schema\/person\/b523522be44b062db5d74a62589768cd\",\"name\":\"\u00c7orlu'da Haber\",\"image\":{\"@type\":\"ImageObject\",\"inLanguage\":\"tr\",\"@id\":\"https:\/\/corludahaber.com\/h\/#\/schema\/person\/image\/\",\"url\":\"https:\/\/secure.gravatar.com\/avatar\/1033e54e078c29fd7f053370086ff627ba414b05c2b231c418a481adecd764ce?s=96&d=blank&r=g\",\"contentUrl\":\"https:\/\/secure.gravatar.com\/avatar\/1033e54e078c29fd7f053370086ff627ba414b05c2b231c418a481adecd764ce?s=96&d=blank&r=g\",\"caption\":\"\u00c7orlu'da Haber\"},\"sameAs\":[\"https:\/\/corludahaber.com\/h\"],\"url\":\"https:\/\/corludahaber.com\/h\/author\/admin\"}]}<\/script>\n<!-- \/ Yoast SEO Premium plugin. -->","yoast_head_json":{"title":"Trakya'da Zafer Bayram\u0131 co\u015fkuyla kutland\u0131 (4) | \u00c7orlu&#039;da Haber","description":"Trakya'da Zafer Bayram\u0131 co\u015fkuyla kutland\u0131 (4) | \u00c7orlu&#039;da Haber","robots":{"index":"index","follow":"follow","max-snippet":"max-snippet:-1","max-image-preview":"max-image-preview:large","max-video-preview":"max-video-preview:-1"},"canonical":"https:\/\/corludahaber.com\/h\/trakyada-zafer-bayrami-coskuyla-kutlandi-4\/124043","og_locale":"tr_TR","og_type":"article","og_title":"Trakya'da Zafer Bayram\u0131 co\u015fkuyla kutland\u0131 (4) | \u00c7orlu&#039;da Haber","og_description":"Trakya'da Zafer Bayram\u0131 co\u015fkuyla kutland\u0131 (4) | \u00c7orlu&#039;da Haber","og_url":"https:\/\/corludahaber.com\/h\/trakyada-zafer-bayrami-coskuyla-kutlandi-4\/124043","og_site_name":"\u00c7orlu&#039;da Haber","article_publisher":"https:\/\/facebook.com\/habercorluda","article_published_time":"2026-08-31T02:44:23+00:00","article_modified_time":"2026-08-31T02:44:35+00:00","og_image":[{"width":2560,"height":1426,"url":"http:\/\/corludahaber.com\/h\/wp-content\/uploads\/2026\/08\/trakyada-zafer-bayrami-coskuyla-kutlandi-4_6a94ea8b258e1-scaled.jpeg","type":"image\/jpeg"}],"author":"\u00c7orlu'da Haber","twitter_card":"summary_large_image","twitter_creator":"@habercorluda","twitter_site":"@habercorluda","twitter_misc":{"Yazan:":"\u00c7orlu'da Haber","Tahmini okuma s\u00fcresi":"2 dakika"},"schema":{"@context":"https:\/\/schema.org","@graph":[{"@type":"Article","@id":"https:\/\/corludahaber.com\/h\/trakyada-zafer-bayrami-coskuyla-kutlandi-4\/124043#article","isPartOf":{"@id":"https:\/\/corludahaber.com\/h\/trakyada-zafer-bayrami-coskuyla-kutlandi-4\/124043"},"author":{"name":"\u00c7orlu'da Haber","@id":"https:\/\/corludahaber.com\/h\/#\/schema\/person\/b523522be44b062db5d74a62589768cd"},"headline":"Trakya&#8217;da Zafer Bayram\u0131 co\u015fkuyla kutland\u0131 (4)","datePublished":"2026-08-31T02:44:23+00:00","dateModified":"2026-08-31T02:44:35+00:00","mainEntityOfPage":{"@id":"https:\/\/corludahaber.com\/h\/trakyada-zafer-bayrami-coskuyla-kutlandi-4\/124043"},"wordCount":376,"commentCount":0,"publisher":{"@id":"https:\/\/corludahaber.com\/h\/#organization"},"image":{"@id":"https:\/\/corludahaber.com\/h\/trakyada-zafer-bayrami-coskuyla-kutlandi-4\/124043#primaryimage"},"thumbnailUrl":"https:\/\/corludahaber.com\/h\/wp-content\/uploads\/2026\/08\/trakyada-zafer-bayrami-coskuyla-kutlandi-4_6a94ea8b258e1-scaled.jpeg","keywords":["asayi\u015f","BAYRAMI","\u00c7orlu kaza","\u00c7orlu son dakika kaza","CO\u015eKUYLA","KUTLANDI","son dakika kaza","TRAKYA","Trakya'da Zafer Bayram\u0131 co\u015fkuyla kutland\u0131 (4)","Zafer"],"articleSection":["Edirne"],"inLanguage":"tr","potentialAction":[{"@type":"CommentAction","name":"Comment","target":["https:\/\/corludahaber.com\/h\/trakyada-zafer-bayrami-coskuyla-kutlandi-4\/124043#respond"]}]},{"@type":"WebPage","@id":"https:\/\/corludahaber.com\/h\/trakyada-zafer-bayrami-coskuyla-kutlandi-4\/124043","url":"https:\/\/corludahaber.com\/h\/trakyada-zafer-bayrami-coskuyla-kutlandi-4\/124043","name":"Trakya'da Zafer Bayram\u0131 co\u015fkuyla kutland\u0131 (4) | \u00c7orlu&#039;da Haber","isPartOf":{"@id":"https:\/\/corludahaber.com\/h\/#website"},"primaryImageOfPage":{"@id":"https:\/\/corludahaber.com\/h\/trakyada-zafer-bayrami-coskuyla-kutlandi-4\/124043#primaryimage"},"image":{"@id":"https:\/\/corludahaber.com\/h\/trakyada-zafer-bayrami-coskuyla-kutlandi-4\/124043#primaryimage"},"thumbnailUrl":"https:\/\/corludahaber.com\/h\/wp-content\/uploads\/2026\/08\/trakyada-zafer-bayrami-coskuyla-kutlandi-4_6a94ea8b258e1-scaled.jpeg","datePublished":"2026-08-31T02:44:23+00:00","dateModified":"2026-08-31T02:44:35+00:00","description":"Trakya'da Zafer Bayram\u0131 co\u015fkuyla kutland\u0131 (4) | \u00c7orlu&#039;da Haber","breadcrumb":{"@id":"https:\/\/corludahaber.com\/h\/trakyada-zafer-bayrami-coskuyla-kutlandi-4\/124043#breadcrumb"},"inLanguage":"tr","potentialAction":[{"@type":"ReadAction","target":["https:\/\/corludahaber.com\/h\/trakyada-zafer-bayrami-coskuyla-kutlandi-4\/124043"]}]},{"@type":"ImageObject","inLanguage":"tr","@id":"https:\/\/corludahaber.com\/h\/trakyada-zafer-bayrami-coskuyla-kutlandi-4\/124043#primaryimage","url":"https:\/\/corludahaber.com\/h\/wp-content\/uploads\/2026\/08\/trakyada-zafer-bayrami-coskuyla-kutlandi-4_6a94ea8b258e1-scaled.jpeg","contentUrl":"https:\/\/corludahaber.com\/h\/wp-content\/uploads\/2026\/08\/trakyada-zafer-bayrami-coskuyla-kutlandi-4_6a94ea8b258e1-scaled.jpeg","width":2560,"height":1426},{"@type":"BreadcrumbList","@id":"https:\/\/corludahaber.com\/h\/trakyada-zafer-bayrami-coskuyla-kutlandi-4\/124043#breadcrumb","itemListElement":[{"@type":"ListItem","position":1,"name":"Anasayfa","item":"https:\/\/corludahaber.com\/h\/anasayfa"},{"@type":"ListItem","position":2,"name":"Edirne","item":"https:\/\/corludahaber.com\/h\/kategori\/edirne"},{"@type":"ListItem","position":3,"name":"Trakya&#8217;da Zafer Bayram\u0131 co\u015fkuyla kutland\u0131 (4)"}]},{"@type":"WebSite","@id":"https:\/\/corludahaber.com\/h\/#website","url":"https:\/\/corludahaber.com\/h\/","name":"\u00c7orlu'da Haber","description":"Ger\u00e7ek Tarafs\u0131z Haber","publisher":{"@id":"https:\/\/corludahaber.com\/h\/#organization"},"potentialAction":[{"@type":"SearchAction","target":{"@type":"EntryPoint","urlTemplate":"https:\/\/corludahaber.com\/h\/?s={search_term_string}"},"query-input":"required name=search_term_string"}],"inLanguage":"tr"},{"@type":"Organization","@id":"https:\/\/corludahaber.com\/h\/#organization","name":"\u00c7orlu'da Haber","url":"https:\/\/corludahaber.com\/h\/","logo":{"@type":"ImageObject","inLanguage":"tr","@id":"https:\/\/corludahaber.com\/h\/#\/schema\/logo\/image\/","url":"https:\/\/corludahaber.com\/h\/wp-content\/uploads\/2021\/12\/logo__9__1_-removebg-preview.png","contentUrl":"https:\/\/corludahaber.com\/h\/wp-content\/uploads\/2021\/12\/logo__9__1_-removebg-preview.png","width":500,"height":157,"caption":"\u00c7orlu'da Haber"},"image":{"@id":"https:\/\/corludahaber.com\/h\/#\/schema\/logo\/image\/"},"sameAs":["https:\/\/facebook.com\/habercorluda","https:\/\/x.com\/habercorluda","https:\/\/www.instagram.com\/corludahaber","https:\/\/www.youtube.com\/user\/corludahaber"]},{"@type":"Person","@id":"https:\/\/corludahaber.com\/h\/#\/schema\/person\/b523522be44b062db5d74a62589768cd","name":"\u00c7orlu'da Haber","image":{"@type":"ImageObject","inLanguage":"tr","@id":"https:\/\/corludahaber.com\/h\/#\/schema\/person\/image\/","url":"https:\/\/secure.gravatar.com\/avatar\/1033e54e078c29fd7f053370086ff627ba414b05c2b231c418a481adecd764ce?s=96&d=blank&r=g","contentUrl":"https:\/\/secure.gravatar.com\/avatar\/1033e54e078c29fd7f053370086ff627ba414b05c2b231c418a481adecd764ce?s=96&d=blank&r=g","caption":"\u00c7orlu'da Haber"},"sameAs":["https:\/\/corludahaber.com\/h"],"url":"https:\/\/corludahaber.com\/h\/author\/admin"}]}},"_links":{"self":[{"href":"https:\/\/corludahaber.com\/h\/wp-json\/wp\/v2\/posts\/124043","targetHints":{"allow":["GET"]}}],"collection":[{"href":"https:\/\/corludahaber.com\/h\/wp-json\/wp\/v2\/posts"}],"about":[{"href":"https:\/\/corludahaber.com\/h\/wp-json\/wp\/v2\/types\/post"}],"author":[{"embeddable":true,"href":"https:\/\/corludahaber.com\/h\/wp-json\/wp\/v2\/users\/151"}],"replies":[{"embeddable":true,"href":"https:\/\/corludahaber.com\/h\/wp-json\/wp\/v2\/comments?post=124043"}],"version-history":[{"count":1,"href":"https:\/\/corludahaber.com\/h\/wp-json\/wp\/v2\/posts\/124043\/revisions"}],"predecessor-version":[{"id":124048,"href":"https:\/\/corludahaber.com\/h\/wp-json\/wp\/v2\/posts\/124043\/revisions\/124048"}],"wp:featuredmedia":[{"embeddable":true,"href":"https:\/\/corludahaber.com\/h\/wp-json\/wp\/v2\/media\/124045"}],"wp:attachment":[{"href":"https:\/\/corludahaber.com\/h\/wp-json\/wp\/v2\/media?parent=124043"}],"wp:term":[{"taxonomy":"category","embeddable":true,"href":"https:\/\/corludahaber.com\/h\/wp-json\/wp\/v2\/categories?post=124043"},{"taxonomy":"post_tag","embeddable":true,"href":"https:\/\/corludahaber.com\/h\/wp-json\/wp\/v2\/tags?post=124043"}],"curies":[{"name":"wp","href":"https:\/\/api.w.org\/{rel}","templated":true}]}}