{"id":124037,"date":"2026-08-30T21:44:15","date_gmt":"2026-08-30T18:44:15","guid":{"rendered":"https:\/\/corludahaber.com\/h\/trakyada-zafer-bayrami-coskuyla-kutlandi-2\/124037"},"modified":"2026-08-30T21:44:29","modified_gmt":"2026-08-30T18:44:29","slug":"trakyada-zafer-bayrami-coskuyla-kutlandi-2","status":"publish","type":"post","link":"https:\/\/corludahaber.com\/h\/trakyada-zafer-bayrami-coskuyla-kutlandi-2\/124037","title":{"rendered":"Trakya&#8217;da Zafer Bayram\u0131 co\u015fkuyla kutland\u0131"},"content":{"rendered":"<div class=\"corlu-icerikten-once_3\" id=\"corlu-950971286\"><script type='text\/javascript' src='https:\/\/platform-api.sharethis.com\/js\/sharethis.js#property=5ce8cf08af7d000012cb0ca1&product=inline-reaction-buttons' async='async'><\/script>\r\n\r\n<\/div><div readability=\"114\"><span class=\"category-name hidden\"><\/span><\/p><div class=\"corlu-icerik-2\" id=\"corlu-414066318\"><!-- Admatic AUTO ads START -->\r\n<ins data-publisher=\"adm-pub-155556240050\" data-ad-network=\"659428a24d11b285b616c18d\"   class=\"adm-ads-area\"><\/ins>\r\n<script type=\"text\/javascript\" src=\"https:\/\/static.cdn.admatic.com.tr\/showad\/showad.min.js\"><\/script>\r\n<!-- Admatic AUTO ads END --><\/div>\n<p>Olgay G\u00dcLER- -Abdullah YAL\u00c7IN-  &#8211; Mehmetcan ARSLAN\/ED\u0130RNE, (Haber Merkezi)- ED\u0130RNE, Tekirda\u011f, ve K\u0131rklareli\u2019de 30 A\u011fustos Zafer Bayram\u0131 d\u00fczenlenen t\u00f6renlerle co\u015fkuyla kutland\u0131.<\/p>\n<p>Edirne&#8217;de 30 A\u011fustos Zafer Bayram\u0131, kutlamalar\u0131 Atat\u00fcrk An\u0131t\u0131&#8217;nda \u00e7elenk konulmas\u0131, sayg\u0131 duru\u015funda bulunulmas\u0131 ve \u0130stiklal Mar\u015f\u0131&#8217;n\u0131n okunmas\u0131yla ba\u015flad\u0131. T\u00f6rene; Edirne Valisi Yunus Sezer, AK Parti Edirne Milletvekili Fatma Aksal, CHP Edirne Milletvekilleri Baran Yazgan, Edirne Belediye Ba\u015fkan\u0131 Filiz Gencan, 54&#8217;\u00fcnc\u00fc Mekanize Piyade Tugay Komutan Tu\u011fgeneral Mahmut Sert, siyasi parti ile kamu kurum ve kurulu\u015f temsilcileri kat\u0131ld\u0131. Kutlamalar kapsam\u0131nda Atat\u00fcrk Bulvar\u0131&#8217;nda ge\u00e7it t\u00f6reni yap\u0131ld\u0131. 54&#8217;\u00fcnc\u00fc Mekanize Piyade Tugay Komutanl\u0131\u011f\u0131&#8217;na ba\u011fl\u0131 birlik de ge\u00e7i\u015f yapt\u0131. 54&#8217;\u00fcnc\u00fc Mekanize Piyade Tugay Komutanl\u0131\u011f\u0131 ad\u0131na Top\u00e7u \u00dcste\u011fmen Sena Demirel\u2019in konu\u015fma yapt\u0131\u011f\u0131 t\u00f6rende daha sonra Edirne Belediyesi halk oyunlar\u0131 toplulu\u011fu, g\u00f6steri sergiledi. Ge\u00e7it t\u00f6reninde, askeri birlikte ve emniyet m\u00fcd\u00fcrl\u00fc\u011f\u00fcne ba\u011fl\u0131 ekiplerin ge\u00e7i\u015fi vatanda\u015flardan yo\u011fun alk\u0131\u015f ald\u0131. T\u00f6rende, Belediye Ba\u015fkan\u0131 Filiz Gencan\u2019\u0131n davet etti\u011fi 2,5 ya\u015f\u0131ndaki Alisya Firuze H\u0131n\u00e7al da ge\u00e7it t\u00f6renini protokolle birlikte izledi.<\/p>\n<p>KE\u015eAN\u2019DA YERL\u0130 S\u0130LAH SERG\u0130S\u0130 \u0130LG\u0130 \u00c7EKT\u0130<\/p>\n<p>30 A\u011fustos Zafer Bayram\u0131 Edirne\u2019nin Ke\u015fan il\u00e7esinde de d\u00fczenlenen t\u00f6ren ve etkinliklerle kutland\u0131. Cumhuriyet Meydan\u0131\u2019ndaki Atat\u00fcrk An\u0131t\u0131 \u00f6n\u00fcne \u00e7elenk konulmas\u0131yla ba\u015flayan t\u00f6rende, sayg\u0131 duru\u015funda bulunularak ve \u0130stiklal Mar\u015f\u0131 okundu. Ke\u015fan Kaymakam\u0131 Aziz Mercan, 4\u2019\u00fcnc\u00fc Mekanize Piyade Tugay Komutan\u0131 Tu\u011fgeneral G\u00fcrcan Sezeng\u00f6z ve Ke\u015fan Belediye Ba\u015fkan\u0131 Mehmet \u00d6zcan tebrikleri kabul etti. Cumhuriyet Meydan\u0131\u2019nda devam eden t\u00f6rende, Kaymakam Mercan, 4\u2019\u00fcnc\u00fc Mekanize Piyade Tugay Komutan\u0131 Tu\u011fgeneral Sezeng\u00f6z ve Ke\u015fan Belediye Ba\u015fkan\u0131 \u00d6zcan, t\u00f6ren birlikleri ve t\u00f6rene kat\u0131lanlar\u0131n bayram\u0131n\u0131 kutlad\u0131. \u0130stiklal Mar\u015f\u0131\u2019n\u0131n okunmas\u0131 ve sayg\u0131 duru\u015funda bulunulmas\u0131n\u0131n ard\u0131ndan, g\u00fcn\u00fcn anlam ve \u00f6nemini belirten konu\u015fma yap\u0131ld\u0131. Halk oyunlar\u0131 g\u00f6sterileri, g\u00fcn\u00fcn anlam ve \u00f6nemini belirten \u015fiirin okunmas\u0131 ve \u00f6d\u00fcl t\u00f6reninin ard\u0131ndan ge\u00e7it t\u00f6reni yap\u0131ld\u0131. Etkinliklerde en \u00e7ok T\u00fcrk Silahl\u0131 Kuvvetleri envanterine ge\u00e7irilen yerli silah ve ekipmanlar\u0131n sergilenmesi ilgi \u00e7ekti.<\/p>\n<p>TEK\u0130RDA\u011e\u2019DA CO\u015eKULU T\u00d6REN<\/p>\n<p>Tekirda\u011f\u2019da kutlamalar, Valilik \u00f6n\u00fcndeki Atat\u00fcrk An\u0131t\u0131\u2019na \u00e7elenk konulmas\u0131yla ba\u015flad\u0131, S\u00fcleymanpa\u015fa sahil yolundaki ge\u00e7it t\u00f6reniyle sona erdi. Atat\u00fcrk An\u0131t\u0131 \u00f6n\u00fcnde d\u00fczenlenen t\u00f6rende Tekirda\u011f Valili\u011fi, Garnizon Komutanl\u0131\u011f\u0131 ve Tekirda\u011f B\u00fcy\u00fck\u015fehir Belediyesi taraf\u0131ndan an\u0131ta \u00e7elenk konuldu. Ard\u0131ndan sayg\u0131 duru\u015funda bulunuldu ve \u0130stiklal Mar\u015f\u0131 okundu. T\u00f6renin ard\u0131ndan kutlamalar S\u00fcleymanpa\u015fa sahil yolunda devam etti. Halk\u0131n yo\u011fun ilgi g\u00f6sterdi\u011fi \u00e7e\u015fitli g\u00f6sterilerin ger\u00e7ekle\u015ftirildi\u011fi etkinliklerde askeri ara\u00e7lar ile polis ve jandarma ara\u00e7lar\u0131n\u0131n ge\u00e7i\u015fi yap\u0131ld\u0131. Kutlamalara, Tekirda\u011f Valisi Recep Soyt\u00fcrk, B\u00fcy\u00fck\u015fehir Belediye Ba\u015fkan\u0131 Candan Y\u00fcceer, Garnizon Komutan\u0131 Tu\u011fgeneral Aytu\u011f Y\u00f6r\u00fcy\u00fc\u015f, AK Parti Milletvekilleri \u00c7i\u011fdem Koncag\u00fcl, Mestan \u00d6zcan, CHP Milletvekilleri \u0130lhami \u00d6zcan Aygun, Nurten Yontar, Cem Av\u015far, kurum ve kurulu\u015f temsilcileri ile \u00e7ok say\u0131da vatanda\u015f kat\u0131ld\u0131.<\/p>\n<p>GAZ\u0130 T\u00dcMGENERAL ALA&#8217;YA YO\u011eUN \u0130LG\u0130<\/p>\n<p>Tekirda\u011f&#8217;\u0131n \u00c7orlu il\u00e7esinde t\u00f6ren Kaymakam Niyazi Erten, \u00c7orlu Belediye Ba\u015fkan\u0131 Ahmet Sar\u0131kurt ve 5\u2019inci Kolordu ve Garnizon Komutan\u0131 Gazi T\u00fcmgeneral Davut Ala\u2019n\u0131n Atat\u00fcrk An\u0131t\u0131&#8217;na \u00e7elenk koymas\u0131yla ba\u015flad\u0131. Kaymakaml\u0131k makam\u0131nda tebriklerin kabul\u00fcn\u00fcn ard\u0131ndan Atat\u00fcrk Meydan\u0131&#8217;ndaki kutlamalarla devam eden programda, belediye taraf\u0131ndan kat\u0131lanlara T\u00fcrk bayra\u011f\u0131 da\u011f\u0131t\u0131ld\u0131. G\u00fcn\u00fcn anlam ve \u00f6nemiyle ilgili olarak yap\u0131lan konu\u015fmalar\u0131n ard\u0131ndan halk oyunlar\u0131 g\u00f6sterileri ve t\u00f6ren ge\u00e7i\u015fiyle program sona erdi. T\u00f6renin bitmesinin ard\u0131ndan 5\u2019inci Kolordu ve Garnizon Komutanl\u0131\u011f\u0131\u2019na atanan Gazi T\u00fcmgeneral Davut Ala, orduevine y\u00fcr\u00fcyerek gitti\u011fi s\u0131rada vatanda\u015flar\u0131n yo\u011fun ilgisiyle kar\u015f\u0131la\u015ft\u0131.<\/p>\n<p>KIRKLAREL\u0130\u2019DE T\u00d6REN<\/p>\n<p>K\u0131rklareli\u2019de t\u00f6ren K\u0131rklareli \u00d6zg\u00fcrl\u00fck ve Demokrasi Meydan\u0131\u2019ndaki Atat\u00fcrk An\u0131t\u0131\u2019na \u00e7elenk konulmas\u0131yla ba\u015flad\u0131. Sayg\u0131 duru\u015funda bulunulup \u0130stiklal Mar\u015f\u0131 okunan program ge\u00e7i\u015f t\u00f6reniyle devam etti. K\u0131rklareli Valisi U\u011fur Turan\u2019\u0131n konu\u015fma yapt\u0131\u011f\u0131 t\u00f6rende mehteran ve halk oyunlar\u0131 g\u00f6sterileri sergilendi. Kutlamalar ge\u00e7it t\u00f6reniyle sona erdi.<\/p>\n<p>SAROS K\u00d6RFEZ\u0130&#8217;NDE TEKNE \u0130LE KUTLAMA<\/p>\n<p>Edirne&#8217;nin Enez il\u00e7esinde Enez Amat\u00f6r Denizciler ve Su Sporlar\u0131 Derne\u011fi taraf\u0131ndan her y\u0131l geleneksel olarak d\u00fczenlenen &#8217;30 A\u011fustos Zafer Seyri&#8217;, bu y\u0131l da co\u015fkuyla ger\u00e7ekle\u015ftirildi. Yakla\u015f\u0131k 200 teknenin yer ald\u0131\u011f\u0131 etkinlik, bal\u0131k\u00e7\u0131 bar\u0131na\u011f\u0131ndan ba\u015flad\u0131. T\u00fcrk bayraklar\u0131 ve Atat\u00fcrk posterleriyle donat\u0131lan tekneler, mar\u015flarla 2 kilometrelik sahil hatt\u0131 boyunca ilerleyip, sahildeki vatanda\u015flar\u0131 selamlad\u0131. Enez Kaymakaml\u0131\u011f\u0131, Enez Belediyesi ve Sahil G\u00fcvenlik Komutanl\u0131\u011f\u0131 ve \u0130l\u00e7e Emniyet M\u00fcd\u00fcrl\u00fc\u011f\u00fc&#8217;n\u00fcn destek verdi\u011fi etkinlikte, 30 A\u011fustos Zafer Bayram\u0131 co\u015fkuyla kutland\u0131.<\/p>\n<p>(Haber Merkezi)<\/p>\n<p>\u00a0<\/p>\n<\/div>\n<div class=\"corlu-icerikten-sonra_3\" id=\"corlu-768862076\"><p><img loading=\"lazy\" decoding=\"async\" class=\"aligncenter\" src=\"https:\/\/www.corludahaber.com\/bahcesehir.jpg\" alt=\"\" width=\"624\" height=\"196\" \/><\/p>\n<table style=\"text-align: left; width: 100%;\" border=\"1\" cellspacing=\"2\" cellpadding=\"2\">\n<tbody>\n<tr>\n<td style=\"background-color: #050805;\"><span style=\"font-size: 12pt;\"><small><small><em><strong><big><span style=\"color: #ff0000;\">Haber ve resimlerin telif haklar\u0131ndan dolay\u0131 kullan\u0131m\u0131 yasakt\u0131r<span style=\"color: #000000;\">.<\/span><\/span><span style=\"color: #000000;\">\u00a0<\/span><span style=\"color: #ffffff;\">Yaz\u0131l\u0131 izni al\u0131nmadan hi\u00e7bir yaz\u0131l\u0131, g\u00f6rsel, i\u015fitsel i\u00e7erik kopyalanamaz, de\u011fi\u015ftirilemez, yay\u0131nlanamaz veya sat\u0131lamaz. Aksi halde<\/span>\u00a0<span style=\"color: #ff0000;\">5846<span style=\"color: #ffffff;\">\u00a0<\/span><\/span><span style=\"color: #ffffff;\">say\u0131l\u0131 Fikir ve Sanat Eserleri Kanunu\u2019na ve<\/span>\u00a0<span style=\"color: #800000;\"><span style=\"color: #ff0000;\">6102<\/span><span style=\"color: #ffffff;\">\u00a0<\/span><\/span><span style=\"color: #ffffff;\">say\u0131l\u0131 maddesine g\u00f6re<\/span>\u00a0<span style=\"color: #ff0000;\">gerekli i\u015flemler uygulanacakt\u0131r.<\/span><br \/>\n<span style=\"color: #ffffff;\">\u00a9 Copyright 2014<\/span><\/big><\/strong><\/em><\/small><\/small><\/span><\/td>\n<\/tr>\n<\/tbody>\n<\/table>\n<p><small><small>\u00a0<\/small><\/small><\/p>\n<\/div>","protected":false},"excerpt":{"rendered":"<p>Olgay G\u00dcLER- -Abdullah YAL\u00c7IN- &#8211; Mehmetcan ARSLAN\/ED\u0130RNE, (Haber Merkezi)- ED\u0130RNE, Tekirda\u011f, ve K\u0131rklareli\u2019de 30 A\u011fustos Zafer Bayram\u0131 d\u00fczenlenen t\u00f6renlerle co\u015fkuyla kutland\u0131. Edirne&#8217;de 30 A\u011fustos Zafer Bayram\u0131, kutlamalar\u0131 Atat\u00fcrk An\u0131t\u0131&#8217;nda \u00e7elenk konulmas\u0131, sayg\u0131 duru\u015funda bulunulmas\u0131 ve \u0130stiklal Mar\u015f\u0131&#8217;n\u0131n okunmas\u0131yla ba\u015flad\u0131. T\u00f6rene; Edirne Valisi Yunus Sezer, AK Parti Edirne Milletvekili Fatma Aksal, CHP Edirne Milletvekilleri Baran Yazgan, &hellip;<\/p>\n","protected":false},"author":151,"featured_media":124038,"comment_status":"open","ping_status":"closed","sticky":false,"template":"","format":"standard","meta":{"footnotes":""},"categories":[121],"tags":[8025,749,9376,15478,750,751,3661,1439,36601,1332],"class_list":["post-124037","post","type-post","status-publish","format-standard","has-post-thumbnail","hentry","category-edirne","tag-asayis","tag-bayrami","tag-corlu-kaza","tag-corlu-son-dakika-kaza","tag-coskuyla","tag-kutlandi","tag-son-dakika-kaza","tag-trakya","tag-trakyada-zafer-bayrami-coskuyla-kutlandi","tag-zafer"],"yoast_head":"<!-- This site is optimized with the Yoast SEO Premium plugin v23.3 (Yoast SEO v23.3) - https:\/\/yoast.com\/wordpress\/plugins\/seo\/ -->\n<title>Trakya&#039;da Zafer Bayram\u0131 co\u015fkuyla kutland\u0131 | \u00c7orlu&#039;da Haber<\/title>\n<meta name=\"description\" content=\"Trakya&#039;da Zafer Bayram\u0131 co\u015fkuyla kutland\u0131 | \u00c7orlu&#039;da Haber\" \/>\n<meta name=\"robots\" content=\"index, follow, max-snippet:-1, max-image-preview:large, max-video-preview:-1\" \/>\n<link rel=\"canonical\" href=\"https:\/\/corludahaber.com\/h\/trakyada-zafer-bayrami-coskuyla-kutlandi-2\/124037\" \/>\n<meta property=\"og:locale\" content=\"tr_TR\" \/>\n<meta property=\"og:type\" content=\"article\" \/>\n<meta property=\"og:title\" content=\"Trakya&#039;da Zafer Bayram\u0131 co\u015fkuyla kutland\u0131 | \u00c7orlu&#039;da Haber\" \/>\n<meta property=\"og:description\" content=\"Trakya&#039;da Zafer Bayram\u0131 co\u015fkuyla kutland\u0131 | \u00c7orlu&#039;da Haber\" \/>\n<meta property=\"og:url\" content=\"https:\/\/corludahaber.com\/h\/trakyada-zafer-bayrami-coskuyla-kutlandi-2\/124037\" \/>\n<meta property=\"og:site_name\" content=\"\u00c7orlu&#039;da Haber\" \/>\n<meta property=\"article:publisher\" content=\"https:\/\/facebook.com\/habercorluda\" \/>\n<meta property=\"article:published_time\" content=\"2026-08-30T18:44:15+00:00\" \/>\n<meta property=\"article:modified_time\" content=\"2026-08-30T18:44:29+00:00\" \/>\n<meta property=\"og:image\" content=\"http:\/\/corludahaber.com\/h\/wp-content\/uploads\/2026\/08\/trakyada-zafer-bayrami-coskuyla-kutlandi_6a947a04e5f76-scaled.jpeg\" \/>\n\t<meta property=\"og:image:width\" content=\"2560\" \/>\n\t<meta property=\"og:image:height\" content=\"1862\" \/>\n\t<meta property=\"og:image:type\" content=\"image\/jpeg\" \/>\n<meta name=\"author\" content=\"\u00c7orlu&#039;da Haber\" \/>\n<meta name=\"twitter:card\" content=\"summary_large_image\" \/>\n<meta name=\"twitter:creator\" content=\"@habercorluda\" \/>\n<meta name=\"twitter:site\" content=\"@habercorluda\" \/>\n<meta name=\"twitter:label1\" content=\"Yazan:\" \/>\n\t<meta name=\"twitter:data1\" content=\"\u00c7orlu&#039;da Haber\" \/>\n\t<meta name=\"twitter:label2\" content=\"Tahmini okuma s\u00fcresi\" \/>\n\t<meta name=\"twitter:data2\" content=\"4 dakika\" \/>\n<script type=\"application\/ld+json\" class=\"yoast-schema-graph\">{\"@context\":\"https:\/\/schema.org\",\"@graph\":[{\"@type\":\"Article\",\"@id\":\"https:\/\/corludahaber.com\/h\/trakyada-zafer-bayrami-coskuyla-kutlandi-2\/124037#article\",\"isPartOf\":{\"@id\":\"https:\/\/corludahaber.com\/h\/trakyada-zafer-bayrami-coskuyla-kutlandi-2\/124037\"},\"author\":{\"name\":\"\u00c7orlu'da Haber\",\"@id\":\"https:\/\/corludahaber.com\/h\/#\/schema\/person\/b523522be44b062db5d74a62589768cd\"},\"headline\":\"Trakya&#8217;da Zafer Bayram\u0131 co\u015fkuyla kutland\u0131\",\"datePublished\":\"2026-08-30T18:44:15+00:00\",\"dateModified\":\"2026-08-30T18:44:29+00:00\",\"mainEntityOfPage\":{\"@id\":\"https:\/\/corludahaber.com\/h\/trakyada-zafer-bayrami-coskuyla-kutlandi-2\/124037\"},\"wordCount\":885,\"commentCount\":0,\"publisher\":{\"@id\":\"https:\/\/corludahaber.com\/h\/#organization\"},\"image\":{\"@id\":\"https:\/\/corludahaber.com\/h\/trakyada-zafer-bayrami-coskuyla-kutlandi-2\/124037#primaryimage\"},\"thumbnailUrl\":\"https:\/\/corludahaber.com\/h\/wp-content\/uploads\/2026\/08\/trakyada-zafer-bayrami-coskuyla-kutlandi_6a947a04e5f76-scaled.jpeg\",\"keywords\":[\"asayi\u015f\",\"BAYRAMI\",\"\u00c7orlu kaza\",\"\u00c7orlu son dakika kaza\",\"CO\u015eKUYLA\",\"KUTLANDI\",\"son dakika kaza\",\"TRAKYA\",\"Trakya'da Zafer Bayram\u0131 co\u015fkuyla kutland\u0131\",\"Zafer\"],\"articleSection\":[\"Edirne\"],\"inLanguage\":\"tr\",\"potentialAction\":[{\"@type\":\"CommentAction\",\"name\":\"Comment\",\"target\":[\"https:\/\/corludahaber.com\/h\/trakyada-zafer-bayrami-coskuyla-kutlandi-2\/124037#respond\"]}]},{\"@type\":\"WebPage\",\"@id\":\"https:\/\/corludahaber.com\/h\/trakyada-zafer-bayrami-coskuyla-kutlandi-2\/124037\",\"url\":\"https:\/\/corludahaber.com\/h\/trakyada-zafer-bayrami-coskuyla-kutlandi-2\/124037\",\"name\":\"Trakya'da Zafer Bayram\u0131 co\u015fkuyla kutland\u0131 | \u00c7orlu&#039;da Haber\",\"isPartOf\":{\"@id\":\"https:\/\/corludahaber.com\/h\/#website\"},\"primaryImageOfPage\":{\"@id\":\"https:\/\/corludahaber.com\/h\/trakyada-zafer-bayrami-coskuyla-kutlandi-2\/124037#primaryimage\"},\"image\":{\"@id\":\"https:\/\/corludahaber.com\/h\/trakyada-zafer-bayrami-coskuyla-kutlandi-2\/124037#primaryimage\"},\"thumbnailUrl\":\"https:\/\/corludahaber.com\/h\/wp-content\/uploads\/2026\/08\/trakyada-zafer-bayrami-coskuyla-kutlandi_6a947a04e5f76-scaled.jpeg\",\"datePublished\":\"2026-08-30T18:44:15+00:00\",\"dateModified\":\"2026-08-30T18:44:29+00:00\",\"description\":\"Trakya'da Zafer Bayram\u0131 co\u015fkuyla kutland\u0131 | \u00c7orlu&#039;da Haber\",\"breadcrumb\":{\"@id\":\"https:\/\/corludahaber.com\/h\/trakyada-zafer-bayrami-coskuyla-kutlandi-2\/124037#breadcrumb\"},\"inLanguage\":\"tr\",\"potentialAction\":[{\"@type\":\"ReadAction\",\"target\":[\"https:\/\/corludahaber.com\/h\/trakyada-zafer-bayrami-coskuyla-kutlandi-2\/124037\"]}]},{\"@type\":\"ImageObject\",\"inLanguage\":\"tr\",\"@id\":\"https:\/\/corludahaber.com\/h\/trakyada-zafer-bayrami-coskuyla-kutlandi-2\/124037#primaryimage\",\"url\":\"https:\/\/corludahaber.com\/h\/wp-content\/uploads\/2026\/08\/trakyada-zafer-bayrami-coskuyla-kutlandi_6a947a04e5f76-scaled.jpeg\",\"contentUrl\":\"https:\/\/corludahaber.com\/h\/wp-content\/uploads\/2026\/08\/trakyada-zafer-bayrami-coskuyla-kutlandi_6a947a04e5f76-scaled.jpeg\",\"width\":2560,\"height\":1862},{\"@type\":\"BreadcrumbList\",\"@id\":\"https:\/\/corludahaber.com\/h\/trakyada-zafer-bayrami-coskuyla-kutlandi-2\/124037#breadcrumb\",\"itemListElement\":[{\"@type\":\"ListItem\",\"position\":1,\"name\":\"Anasayfa\",\"item\":\"https:\/\/corludahaber.com\/h\/anasayfa\"},{\"@type\":\"ListItem\",\"position\":2,\"name\":\"Edirne\",\"item\":\"https:\/\/corludahaber.com\/h\/kategori\/edirne\"},{\"@type\":\"ListItem\",\"position\":3,\"name\":\"Trakya&#8217;da Zafer Bayram\u0131 co\u015fkuyla kutland\u0131\"}]},{\"@type\":\"WebSite\",\"@id\":\"https:\/\/corludahaber.com\/h\/#website\",\"url\":\"https:\/\/corludahaber.com\/h\/\",\"name\":\"\u00c7orlu'da Haber\",\"description\":\"Ger\u00e7ek Tarafs\u0131z Haber\",\"publisher\":{\"@id\":\"https:\/\/corludahaber.com\/h\/#organization\"},\"potentialAction\":[{\"@type\":\"SearchAction\",\"target\":{\"@type\":\"EntryPoint\",\"urlTemplate\":\"https:\/\/corludahaber.com\/h\/?s={search_term_string}\"},\"query-input\":\"required name=search_term_string\"}],\"inLanguage\":\"tr\"},{\"@type\":\"Organization\",\"@id\":\"https:\/\/corludahaber.com\/h\/#organization\",\"name\":\"\u00c7orlu'da Haber\",\"url\":\"https:\/\/corludahaber.com\/h\/\",\"logo\":{\"@type\":\"ImageObject\",\"inLanguage\":\"tr\",\"@id\":\"https:\/\/corludahaber.com\/h\/#\/schema\/logo\/image\/\",\"url\":\"https:\/\/corludahaber.com\/h\/wp-content\/uploads\/2021\/12\/logo__9__1_-removebg-preview.png\",\"contentUrl\":\"https:\/\/corludahaber.com\/h\/wp-content\/uploads\/2021\/12\/logo__9__1_-removebg-preview.png\",\"width\":500,\"height\":157,\"caption\":\"\u00c7orlu'da Haber\"},\"image\":{\"@id\":\"https:\/\/corludahaber.com\/h\/#\/schema\/logo\/image\/\"},\"sameAs\":[\"https:\/\/facebook.com\/habercorluda\",\"https:\/\/x.com\/habercorluda\",\"https:\/\/www.instagram.com\/corludahaber\",\"https:\/\/www.youtube.com\/user\/corludahaber\"]},{\"@type\":\"Person\",\"@id\":\"https:\/\/corludahaber.com\/h\/#\/schema\/person\/b523522be44b062db5d74a62589768cd\",\"name\":\"\u00c7orlu'da Haber\",\"image\":{\"@type\":\"ImageObject\",\"inLanguage\":\"tr\",\"@id\":\"https:\/\/corludahaber.com\/h\/#\/schema\/person\/image\/\",\"url\":\"https:\/\/secure.gravatar.com\/avatar\/1033e54e078c29fd7f053370086ff627ba414b05c2b231c418a481adecd764ce?s=96&d=blank&r=g\",\"contentUrl\":\"https:\/\/secure.gravatar.com\/avatar\/1033e54e078c29fd7f053370086ff627ba414b05c2b231c418a481adecd764ce?s=96&d=blank&r=g\",\"caption\":\"\u00c7orlu'da Haber\"},\"sameAs\":[\"https:\/\/corludahaber.com\/h\"],\"url\":\"https:\/\/corludahaber.com\/h\/author\/admin\"}]}<\/script>\n<!-- \/ Yoast SEO Premium plugin. -->","yoast_head_json":{"title":"Trakya'da Zafer Bayram\u0131 co\u015fkuyla kutland\u0131 | \u00c7orlu&#039;da Haber","description":"Trakya'da Zafer Bayram\u0131 co\u015fkuyla kutland\u0131 | \u00c7orlu&#039;da Haber","robots":{"index":"index","follow":"follow","max-snippet":"max-snippet:-1","max-image-preview":"max-image-preview:large","max-video-preview":"max-video-preview:-1"},"canonical":"https:\/\/corludahaber.com\/h\/trakyada-zafer-bayrami-coskuyla-kutlandi-2\/124037","og_locale":"tr_TR","og_type":"article","og_title":"Trakya'da Zafer Bayram\u0131 co\u015fkuyla kutland\u0131 | \u00c7orlu&#039;da Haber","og_description":"Trakya'da Zafer Bayram\u0131 co\u015fkuyla kutland\u0131 | \u00c7orlu&#039;da Haber","og_url":"https:\/\/corludahaber.com\/h\/trakyada-zafer-bayrami-coskuyla-kutlandi-2\/124037","og_site_name":"\u00c7orlu&#039;da Haber","article_publisher":"https:\/\/facebook.com\/habercorluda","article_published_time":"2026-08-30T18:44:15+00:00","article_modified_time":"2026-08-30T18:44:29+00:00","og_image":[{"width":2560,"height":1862,"url":"http:\/\/corludahaber.com\/h\/wp-content\/uploads\/2026\/08\/trakyada-zafer-bayrami-coskuyla-kutlandi_6a947a04e5f76-scaled.jpeg","type":"image\/jpeg"}],"author":"\u00c7orlu'da Haber","twitter_card":"summary_large_image","twitter_creator":"@habercorluda","twitter_site":"@habercorluda","twitter_misc":{"Yazan:":"\u00c7orlu'da Haber","Tahmini okuma s\u00fcresi":"4 dakika"},"schema":{"@context":"https:\/\/schema.org","@graph":[{"@type":"Article","@id":"https:\/\/corludahaber.com\/h\/trakyada-zafer-bayrami-coskuyla-kutlandi-2\/124037#article","isPartOf":{"@id":"https:\/\/corludahaber.com\/h\/trakyada-zafer-bayrami-coskuyla-kutlandi-2\/124037"},"author":{"name":"\u00c7orlu'da Haber","@id":"https:\/\/corludahaber.com\/h\/#\/schema\/person\/b523522be44b062db5d74a62589768cd"},"headline":"Trakya&#8217;da Zafer Bayram\u0131 co\u015fkuyla kutland\u0131","datePublished":"2026-08-30T18:44:15+00:00","dateModified":"2026-08-30T18:44:29+00:00","mainEntityOfPage":{"@id":"https:\/\/corludahaber.com\/h\/trakyada-zafer-bayrami-coskuyla-kutlandi-2\/124037"},"wordCount":885,"commentCount":0,"publisher":{"@id":"https:\/\/corludahaber.com\/h\/#organization"},"image":{"@id":"https:\/\/corludahaber.com\/h\/trakyada-zafer-bayrami-coskuyla-kutlandi-2\/124037#primaryimage"},"thumbnailUrl":"https:\/\/corludahaber.com\/h\/wp-content\/uploads\/2026\/08\/trakyada-zafer-bayrami-coskuyla-kutlandi_6a947a04e5f76-scaled.jpeg","keywords":["asayi\u015f","BAYRAMI","\u00c7orlu kaza","\u00c7orlu son dakika kaza","CO\u015eKUYLA","KUTLANDI","son dakika kaza","TRAKYA","Trakya'da Zafer Bayram\u0131 co\u015fkuyla kutland\u0131","Zafer"],"articleSection":["Edirne"],"inLanguage":"tr","potentialAction":[{"@type":"CommentAction","name":"Comment","target":["https:\/\/corludahaber.com\/h\/trakyada-zafer-bayrami-coskuyla-kutlandi-2\/124037#respond"]}]},{"@type":"WebPage","@id":"https:\/\/corludahaber.com\/h\/trakyada-zafer-bayrami-coskuyla-kutlandi-2\/124037","url":"https:\/\/corludahaber.com\/h\/trakyada-zafer-bayrami-coskuyla-kutlandi-2\/124037","name":"Trakya'da Zafer Bayram\u0131 co\u015fkuyla kutland\u0131 | \u00c7orlu&#039;da Haber","isPartOf":{"@id":"https:\/\/corludahaber.com\/h\/#website"},"primaryImageOfPage":{"@id":"https:\/\/corludahaber.com\/h\/trakyada-zafer-bayrami-coskuyla-kutlandi-2\/124037#primaryimage"},"image":{"@id":"https:\/\/corludahaber.com\/h\/trakyada-zafer-bayrami-coskuyla-kutlandi-2\/124037#primaryimage"},"thumbnailUrl":"https:\/\/corludahaber.com\/h\/wp-content\/uploads\/2026\/08\/trakyada-zafer-bayrami-coskuyla-kutlandi_6a947a04e5f76-scaled.jpeg","datePublished":"2026-08-30T18:44:15+00:00","dateModified":"2026-08-30T18:44:29+00:00","description":"Trakya'da Zafer Bayram\u0131 co\u015fkuyla kutland\u0131 | \u00c7orlu&#039;da Haber","breadcrumb":{"@id":"https:\/\/corludahaber.com\/h\/trakyada-zafer-bayrami-coskuyla-kutlandi-2\/124037#breadcrumb"},"inLanguage":"tr","potentialAction":[{"@type":"ReadAction","target":["https:\/\/corludahaber.com\/h\/trakyada-zafer-bayrami-coskuyla-kutlandi-2\/124037"]}]},{"@type":"ImageObject","inLanguage":"tr","@id":"https:\/\/corludahaber.com\/h\/trakyada-zafer-bayrami-coskuyla-kutlandi-2\/124037#primaryimage","url":"https:\/\/corludahaber.com\/h\/wp-content\/uploads\/2026\/08\/trakyada-zafer-bayrami-coskuyla-kutlandi_6a947a04e5f76-scaled.jpeg","contentUrl":"https:\/\/corludahaber.com\/h\/wp-content\/uploads\/2026\/08\/trakyada-zafer-bayrami-coskuyla-kutlandi_6a947a04e5f76-scaled.jpeg","width":2560,"height":1862},{"@type":"BreadcrumbList","@id":"https:\/\/corludahaber.com\/h\/trakyada-zafer-bayrami-coskuyla-kutlandi-2\/124037#breadcrumb","itemListElement":[{"@type":"ListItem","position":1,"name":"Anasayfa","item":"https:\/\/corludahaber.com\/h\/anasayfa"},{"@type":"ListItem","position":2,"name":"Edirne","item":"https:\/\/corludahaber.com\/h\/kategori\/edirne"},{"@type":"ListItem","position":3,"name":"Trakya&#8217;da Zafer Bayram\u0131 co\u015fkuyla kutland\u0131"}]},{"@type":"WebSite","@id":"https:\/\/corludahaber.com\/h\/#website","url":"https:\/\/corludahaber.com\/h\/","name":"\u00c7orlu'da Haber","description":"Ger\u00e7ek Tarafs\u0131z Haber","publisher":{"@id":"https:\/\/corludahaber.com\/h\/#organization"},"potentialAction":[{"@type":"SearchAction","target":{"@type":"EntryPoint","urlTemplate":"https:\/\/corludahaber.com\/h\/?s={search_term_string}"},"query-input":"required name=search_term_string"}],"inLanguage":"tr"},{"@type":"Organization","@id":"https:\/\/corludahaber.com\/h\/#organization","name":"\u00c7orlu'da Haber","url":"https:\/\/corludahaber.com\/h\/","logo":{"@type":"ImageObject","inLanguage":"tr","@id":"https:\/\/corludahaber.com\/h\/#\/schema\/logo\/image\/","url":"https:\/\/corludahaber.com\/h\/wp-content\/uploads\/2021\/12\/logo__9__1_-removebg-preview.png","contentUrl":"https:\/\/corludahaber.com\/h\/wp-content\/uploads\/2021\/12\/logo__9__1_-removebg-preview.png","width":500,"height":157,"caption":"\u00c7orlu'da Haber"},"image":{"@id":"https:\/\/corludahaber.com\/h\/#\/schema\/logo\/image\/"},"sameAs":["https:\/\/facebook.com\/habercorluda","https:\/\/x.com\/habercorluda","https:\/\/www.instagram.com\/corludahaber","https:\/\/www.youtube.com\/user\/corludahaber"]},{"@type":"Person","@id":"https:\/\/corludahaber.com\/h\/#\/schema\/person\/b523522be44b062db5d74a62589768cd","name":"\u00c7orlu'da Haber","image":{"@type":"ImageObject","inLanguage":"tr","@id":"https:\/\/corludahaber.com\/h\/#\/schema\/person\/image\/","url":"https:\/\/secure.gravatar.com\/avatar\/1033e54e078c29fd7f053370086ff627ba414b05c2b231c418a481adecd764ce?s=96&d=blank&r=g","contentUrl":"https:\/\/secure.gravatar.com\/avatar\/1033e54e078c29fd7f053370086ff627ba414b05c2b231c418a481adecd764ce?s=96&d=blank&r=g","caption":"\u00c7orlu'da Haber"},"sameAs":["https:\/\/corludahaber.com\/h"],"url":"https:\/\/corludahaber.com\/h\/author\/admin"}]}},"_links":{"self":[{"href":"https:\/\/corludahaber.com\/h\/wp-json\/wp\/v2\/posts\/124037","targetHints":{"allow":["GET"]}}],"collection":[{"href":"https:\/\/corludahaber.com\/h\/wp-json\/wp\/v2\/posts"}],"about":[{"href":"https:\/\/corludahaber.com\/h\/wp-json\/wp\/v2\/types\/post"}],"author":[{"embeddable":true,"href":"https:\/\/corludahaber.com\/h\/wp-json\/wp\/v2\/users\/151"}],"replies":[{"embeddable":true,"href":"https:\/\/corludahaber.com\/h\/wp-json\/wp\/v2\/comments?post=124037"}],"version-history":[{"count":1,"href":"https:\/\/corludahaber.com\/h\/wp-json\/wp\/v2\/posts\/124037\/revisions"}],"predecessor-version":[{"id":124039,"href":"https:\/\/corludahaber.com\/h\/wp-json\/wp\/v2\/posts\/124037\/revisions\/124039"}],"wp:featuredmedia":[{"embeddable":true,"href":"https:\/\/corludahaber.com\/h\/wp-json\/wp\/v2\/media\/124038"}],"wp:attachment":[{"href":"https:\/\/corludahaber.com\/h\/wp-json\/wp\/v2\/media?parent=124037"}],"wp:term":[{"taxonomy":"category","embeddable":true,"href":"https:\/\/corludahaber.com\/h\/wp-json\/wp\/v2\/categories?post=124037"},{"taxonomy":"post_tag","embeddable":true,"href":"https:\/\/corludahaber.com\/h\/wp-json\/wp\/v2\/tags?post=124037"}],"curies":[{"name":"wp","href":"https:\/\/api.w.org\/{rel}","templated":true}]}}