{"id":124034,"date":"2026-08-30T21:44:04","date_gmt":"2026-08-30T18:44:04","guid":{"rendered":"https:\/\/corludahaber.com\/h\/chpli-kaya-partiden-ayriliyorsaniz-gorevinizden-de-ayrilacaksiniz\/124034"},"modified":"2026-08-30T21:44:10","modified_gmt":"2026-08-30T18:44:10","slug":"chpli-kaya-partiden-ayriliyorsaniz-gorevinizden-de-ayrilacaksiniz","status":"publish","type":"post","link":"https:\/\/corludahaber.com\/h\/chpli-kaya-partiden-ayriliyorsaniz-gorevinizden-de-ayrilacaksiniz\/124034","title":{"rendered":"CHP\u2019li Kaya: Partiden ayr\u0131l\u0131yorsan\u0131z g\u00f6revinizden de ayr\u0131lacaks\u0131n\u0131z"},"content":{"rendered":"<div class=\"corlu-icerikten-once_3\" id=\"corlu-3486611025\"><script type='text\/javascript' src='https:\/\/platform-api.sharethis.com\/js\/sharethis.js#property=5ce8cf08af7d000012cb0ca1&product=inline-reaction-buttons' async='async'><\/script>\r\n\r\n<\/div><div readability=\"83\"><span class=\"category-name hidden\"><\/span><\/p><div class=\"corlu-icerik-2\" id=\"corlu-4008948848\"><!-- Admatic AUTO ads START -->\r\n<ins data-publisher=\"adm-pub-155556240050\" data-ad-network=\"659428a24d11b285b616c18d\"   class=\"adm-ads-area\"><\/ins>\r\n<script type=\"text\/javascript\" src=\"https:\/\/static.cdn.admatic.com.tr\/showad\/showad.min.js\"><\/script>\r\n<!-- Admatic AUTO ads END --><\/div>\n<p>Olgay G\u00dcLER- \/ED\u0130RNE, (Haber Merkezi)- CHP Genel Ba\u015fkan Yard\u0131mc\u0131s\u0131 Y\u0131ld\u0131r\u0131m Kaya, partiden ayr\u0131larak ba\u015fka partilere ge\u00e7en belediye ba\u015fkanlar\u0131 ve milletvekillerine y\u00f6nelik, &#8220;E\u011fer siz bir siyasi partiden se\u00e7ilmi\u015fseniz, o partiden ayr\u0131labilirsiniz ama g\u00f6revinizden de ayr\u0131lacaks\u0131n\u0131z. \u00c7\u00fcnk\u00fc sizi se\u00e7enler \u015fahs\u0131n\u0131za oy vermedi, partinize oy verdi&#8221; dedi.<\/p>\n<p>CHP E\u011fitim Politikalar\u0131ndan Sorumlu Genel Ba\u015fkan Yard\u0131mc\u0131s\u0131 Kaya, Edirne il ba\u015fkanl\u0131\u011f\u0131nda CHP Parti Okulu e\u011fitimleri kapsam\u0131nda, il te\u015fkilat\u0131yla bulu\u015ftu. Burada bas\u0131n a\u00e7\u0131klamas\u0131 yapan Kaya, partiden ayr\u0131larak ba\u015fka partilere ge\u00e7en belediye ba\u015fkanlar\u0131 ve milletvekillerine tepki g\u00f6sterdi. Kaya, &#8220;12 Eyl\u00fcl \u00fcr\u00fcn\u00fc olan 2820 Say\u0131l\u0131 Siyasi Partiler Kanunu var. Bu kanun ne yaz\u0131k ki 12 Eyl\u00fcl&#8217;den bu yana de\u011fi\u015ftirilmedi. Neden de\u011fi\u015ftirilmedi? Parti de\u011fi\u015ftirmelerine transferlerin yolu a\u00e7\u0131ls\u0131n diye iktidarlar ne yaz\u0131k ki bunu de\u011fi\u015ftirmedi. Biz bug\u00fcne kadar tek ba\u015f\u0131m\u0131za iktidar olamad\u0131k. \u0130ktidar olsak, bunu hemen de\u011fi\u015ftirmemiz gerekir. E\u011fer siz bir siyasi partiden se\u00e7ilmi\u015fseniz, o partiden ayr\u0131labilirsiniz. Ama g\u00f6revinizden de ayr\u0131lacaks\u0131n\u0131z. \u00c7\u00fcnk\u00fc sizi se\u00e7enler \u015fahs\u0131n\u0131za oy vermedi, partinize oy verdi&#8221; dedi. <\/p>\n<p>\u2018ONAYLAMAK M\u00dcMK\u00dcN DE\u011e\u0130L\u2019<\/p>\n<p>Kaya, siyasi partiler yasas\u0131n\u0131n de\u011fi\u015ftirilmesi gerekti\u011fini belirterek, &#8220;E\u011fer siyasi ahlak, siyasi etik yasas\u0131 ve 2820 Say\u0131l\u0131 Siyasi Partiler Yasas\u0131 de\u011fi\u015fse bu transferlerin hepsinin \u00f6n\u00fc kapat\u0131l\u0131r. Bug\u00fcn hangi partiden se\u00e7ilmi\u015fse bir belediye ba\u015fkan\u0131 ya da milletvekili, g\u00f6revini de b\u0131rakarak partisini de\u011fi\u015ftirebilir. G\u00f6revini b\u0131rakm\u0131yorsa se\u00e7menin oyunu \u00e7alarak gitmi\u015f demektir. \u00c7almak biliyorsunuz ahlaki bir davran\u0131\u015f de\u011fildir. Siyaseten de bu hi\u00e7 kabul edilemez. Fikrini de\u011fi\u015ftirebilirsin, d\u00fc\u015f\u00fcnceni de\u011fi\u015ftirebilirsin. O zaman ald\u0131\u011f\u0131n oyu helal ettirmek istiyorsan sana oy verenlere d\u00f6nersin, dersin ki ben sizden oy ald\u0131m, parti ad\u0131yla ald\u0131m ama \u015fimdi partiden ayr\u0131l\u0131yorum. Buna onay verin desin. E\u011fer onay veriyorsa, olabilir. Ama onay vermiyorsa benim oyumu al\u0131p ka\u00e7amazs\u0131n. B\u0131rak makam\u0131 git o zaman. Cumhuriyet Halk Partisi&#8217;nden se\u00e7ilip AKP&#8217;ye ge\u00e7eceksin. Ya da AKP&#8217;den se\u00e7ilip, Cumhuriyet Halk Partisi&#8217;ne ge\u00e7eceksin. Hangi parti olursa olsun, bir ba\u015fka partiden se\u00e7ilmi\u015fse di\u011fer bir ba\u015fka partiye ge\u00e7i\u015f asla do\u011fru de\u011fil. Bunu onaylamak da m\u00fcmk\u00fcn de\u011fil&#8221; diye konu\u015ftu. <\/p>\n<p>\u2018ORTAK ADAY BEL\u0130RLENMES\u0130 GEREK\u2019<\/p>\n<p>Cumhurba\u015fkanl\u0131\u011f\u0131 se\u00e7imleri i\u00e7in partilerin ortak aday belirlemesi gerekti\u011fini kaydeden Kaya, \u201cCumhurba\u015fkanl\u0131\u011f\u0131 se\u00e7imleri tek dereceli se\u00e7im. Yani 50 art\u0131 1\u2019i bulan se\u00e7imi kazanm\u0131\u015f say\u0131l\u0131yor. Art\u0131k parlamento i\u015flevsiz hale geldi. G\u00fc\u00e7lendirilmi\u015f parlamenter sisteme d\u00f6n\u00fclmedi\u011fi m\u00fcddet\u00e7e siyasi partilerin tek ba\u015f\u0131na bu s\u00fcreci g\u00f6t\u00fcremedikleri \u00e7ok a\u00e7\u0131k. \u015eu anda iktidarda kim var 25 y\u0131ld\u0131r? AKP. Tek ba\u015f\u0131na m\u0131 giriyor se\u00e7imlere? Hay\u0131r, be\u015f partiyle ittifak yap\u0131yor. Dolay\u0131s\u0131yla Cumhuriyet Halk Partisi tek ba\u015f\u0131na y\u00fczde 50 art\u0131 1\u2019i bulsa bile; \u2018Bu \u00fclkeyi tek ba\u015f\u0131na ben y\u00f6netirim\u2019 dememesi gerekiyor. Ortak ak\u0131lla bu rejimi de\u011fi\u015ftirme iradesi olan, bu rejimi fikri olan siyasal g\u00fc\u00e7lerle, partilerle ortak belirlemesi gerekir. Hi\u00e7bir parti; \u2018Benim aday\u0131m bu, gelin bu adaya destek olun\u2019 a\u00e7\u0131klamas\u0131 yapamaz. \u00c7\u00fcnk\u00fc \u015fu andaki iktidarda olan parti bile bunu s\u00f6ylemiyorsa Cumhuriyet Halk Partisi&#8217;nin yakla\u015f\u0131m\u0131 da \u2018Ben aday\u0131m\u0131 belirledim, gelin siz de destek olun\u2019 diyemez. Ortak aday belirlenir, ortak hedefe kilitleniriz. Ana hedefiniz g\u00fc\u00e7lendirilmi\u015f parlamenter sistemdir. Kim bunu savunuyorsa onlarla birlikte yol y\u00fcr\u00fcr\u00fcz&#8221; ifadelerini kulland\u0131. (Haber Merkezi)<\/p>\n<\/div>\n<div class=\"corlu-icerikten-sonra_3\" id=\"corlu-1666314241\"><p><img loading=\"lazy\" decoding=\"async\" class=\"aligncenter\" src=\"https:\/\/www.corludahaber.com\/bahcesehir.jpg\" alt=\"\" width=\"624\" height=\"196\" \/><\/p>\n<table style=\"text-align: left; width: 100%;\" border=\"1\" cellspacing=\"2\" cellpadding=\"2\">\n<tbody>\n<tr>\n<td style=\"background-color: #050805;\"><span style=\"font-size: 12pt;\"><small><small><em><strong><big><span style=\"color: #ff0000;\">Haber ve resimlerin telif haklar\u0131ndan dolay\u0131 kullan\u0131m\u0131 yasakt\u0131r<span style=\"color: #000000;\">.<\/span><\/span><span style=\"color: #000000;\">\u00a0<\/span><span style=\"color: #ffffff;\">Yaz\u0131l\u0131 izni al\u0131nmadan hi\u00e7bir yaz\u0131l\u0131, g\u00f6rsel, i\u015fitsel i\u00e7erik kopyalanamaz, de\u011fi\u015ftirilemez, yay\u0131nlanamaz veya sat\u0131lamaz. Aksi halde<\/span>\u00a0<span style=\"color: #ff0000;\">5846<span style=\"color: #ffffff;\">\u00a0<\/span><\/span><span style=\"color: #ffffff;\">say\u0131l\u0131 Fikir ve Sanat Eserleri Kanunu\u2019na ve<\/span>\u00a0<span style=\"color: #800000;\"><span style=\"color: #ff0000;\">6102<\/span><span style=\"color: #ffffff;\">\u00a0<\/span><\/span><span style=\"color: #ffffff;\">say\u0131l\u0131 maddesine g\u00f6re<\/span>\u00a0<span style=\"color: #ff0000;\">gerekli i\u015flemler uygulanacakt\u0131r.<\/span><br \/>\n<span style=\"color: #ffffff;\">\u00a9 Copyright 2014<\/span><\/big><\/strong><\/em><\/small><\/small><\/span><\/td>\n<\/tr>\n<\/tbody>\n<\/table>\n<p><small><small>\u00a0<\/small><\/small><\/p>\n<\/div>","protected":false},"excerpt":{"rendered":"<p>Olgay G\u00dcLER- \/ED\u0130RNE, (Haber Merkezi)- CHP Genel Ba\u015fkan Yard\u0131mc\u0131s\u0131 Y\u0131ld\u0131r\u0131m Kaya, partiden ayr\u0131larak ba\u015fka partilere ge\u00e7en belediye ba\u015fkanlar\u0131 ve milletvekillerine y\u00f6nelik, &#8220;E\u011fer siz bir siyasi partiden se\u00e7ilmi\u015fseniz, o partiden ayr\u0131labilirsiniz ama g\u00f6revinizden de ayr\u0131lacaks\u0131n\u0131z. \u00c7\u00fcnk\u00fc sizi se\u00e7enler \u015fahs\u0131n\u0131za oy vermedi, partinize oy verdi&#8221; dedi. CHP E\u011fitim Politikalar\u0131ndan Sorumlu Genel Ba\u015fkan Yard\u0131mc\u0131s\u0131 Kaya, Edirne il ba\u015fkanl\u0131\u011f\u0131nda &hellip;<\/p>\n","protected":false},"author":151,"featured_media":124035,"comment_status":"open","ping_status":"closed","sticky":false,"template":"","format":"standard","meta":{"footnotes":""},"categories":[121],"tags":[8025,36599,36597,36600,9376,15478,36598,36596,3661],"class_list":["post-124034","post","type-post","status-publish","format-standard","has-post-thumbnail","hentry","category-edirne","tag-asayis","tag-ayrilacaksiniz","tag-ayriliyorsaniz","tag-chpli-kaya-partiden-ayriliyorsaniz-gorevinizden-de-ayrilacaksiniz","tag-corlu-kaza","tag-corlu-son-dakika-kaza","tag-gorevinizden","tag-partiden","tag-son-dakika-kaza"],"yoast_head":"<!-- This site is optimized with the Yoast SEO Premium plugin v23.3 (Yoast SEO v23.3) - https:\/\/yoast.com\/wordpress\/plugins\/seo\/ -->\n<title>CHP\u2019li Kaya: Partiden ayr\u0131l\u0131yorsan\u0131z g\u00f6revinizden de ayr\u0131lacaks\u0131n\u0131z | \u00c7orlu&#039;da Haber<\/title>\n<meta name=\"description\" content=\"CHP\u2019li Kaya: Partiden ayr\u0131l\u0131yorsan\u0131z g\u00f6revinizden de ayr\u0131lacaks\u0131n\u0131z | \u00c7orlu&#039;da Haber\" \/>\n<meta name=\"robots\" content=\"index, follow, max-snippet:-1, max-image-preview:large, max-video-preview:-1\" \/>\n<link rel=\"canonical\" href=\"https:\/\/corludahaber.com\/h\/chpli-kaya-partiden-ayriliyorsaniz-gorevinizden-de-ayrilacaksiniz\/124034\" \/>\n<meta property=\"og:locale\" content=\"tr_TR\" \/>\n<meta property=\"og:type\" content=\"article\" \/>\n<meta property=\"og:title\" content=\"CHP\u2019li Kaya: Partiden ayr\u0131l\u0131yorsan\u0131z g\u00f6revinizden de ayr\u0131lacaks\u0131n\u0131z | \u00c7orlu&#039;da Haber\" \/>\n<meta property=\"og:description\" content=\"CHP\u2019li Kaya: Partiden ayr\u0131l\u0131yorsan\u0131z g\u00f6revinizden de ayr\u0131lacaks\u0131n\u0131z | \u00c7orlu&#039;da Haber\" \/>\n<meta property=\"og:url\" content=\"https:\/\/corludahaber.com\/h\/chpli-kaya-partiden-ayriliyorsaniz-gorevinizden-de-ayrilacaksiniz\/124034\" \/>\n<meta property=\"og:site_name\" content=\"\u00c7orlu&#039;da Haber\" \/>\n<meta property=\"article:publisher\" content=\"https:\/\/facebook.com\/habercorluda\" \/>\n<meta property=\"article:published_time\" content=\"2026-08-30T18:44:04+00:00\" \/>\n<meta property=\"article:modified_time\" content=\"2026-08-30T18:44:10+00:00\" \/>\n<meta property=\"og:image\" content=\"http:\/\/corludahaber.com\/h\/wp-content\/uploads\/2026\/08\/chpli-kaya-partiden-ayriliyorsaniz-gorevinizden-de-ayrilacaksiniz_6a9479f7dc1db.jpeg\" \/>\n\t<meta property=\"og:image:width\" content=\"1249\" \/>\n\t<meta property=\"og:image:height\" content=\"900\" \/>\n\t<meta property=\"og:image:type\" content=\"image\/jpeg\" \/>\n<meta name=\"author\" content=\"\u00c7orlu&#039;da Haber\" \/>\n<meta name=\"twitter:card\" content=\"summary_large_image\" \/>\n<meta name=\"twitter:creator\" content=\"@habercorluda\" \/>\n<meta name=\"twitter:site\" content=\"@habercorluda\" \/>\n<meta name=\"twitter:label1\" content=\"Yazan:\" \/>\n\t<meta name=\"twitter:data1\" content=\"\u00c7orlu&#039;da Haber\" \/>\n\t<meta name=\"twitter:label2\" content=\"Tahmini okuma s\u00fcresi\" \/>\n\t<meta name=\"twitter:data2\" content=\"3 dakika\" \/>\n<script type=\"application\/ld+json\" class=\"yoast-schema-graph\">{\"@context\":\"https:\/\/schema.org\",\"@graph\":[{\"@type\":\"Article\",\"@id\":\"https:\/\/corludahaber.com\/h\/chpli-kaya-partiden-ayriliyorsaniz-gorevinizden-de-ayrilacaksiniz\/124034#article\",\"isPartOf\":{\"@id\":\"https:\/\/corludahaber.com\/h\/chpli-kaya-partiden-ayriliyorsaniz-gorevinizden-de-ayrilacaksiniz\/124034\"},\"author\":{\"name\":\"\u00c7orlu'da Haber\",\"@id\":\"https:\/\/corludahaber.com\/h\/#\/schema\/person\/b523522be44b062db5d74a62589768cd\"},\"headline\":\"CHP\u2019li Kaya: Partiden ayr\u0131l\u0131yorsan\u0131z g\u00f6revinizden de ayr\u0131lacaks\u0131n\u0131z\",\"datePublished\":\"2026-08-30T18:44:04+00:00\",\"dateModified\":\"2026-08-30T18:44:10+00:00\",\"mainEntityOfPage\":{\"@id\":\"https:\/\/corludahaber.com\/h\/chpli-kaya-partiden-ayriliyorsaniz-gorevinizden-de-ayrilacaksiniz\/124034\"},\"wordCount\":656,\"commentCount\":0,\"publisher\":{\"@id\":\"https:\/\/corludahaber.com\/h\/#organization\"},\"image\":{\"@id\":\"https:\/\/corludahaber.com\/h\/chpli-kaya-partiden-ayriliyorsaniz-gorevinizden-de-ayrilacaksiniz\/124034#primaryimage\"},\"thumbnailUrl\":\"https:\/\/corludahaber.com\/h\/wp-content\/uploads\/2026\/08\/chpli-kaya-partiden-ayriliyorsaniz-gorevinizden-de-ayrilacaksiniz_6a9479f7dc1db.jpeg\",\"keywords\":[\"asayi\u015f\",\"ayr\u0131lacaks\u0131n\u0131z\",\"ayr\u0131l\u0131yorsan\u0131z\",\"CHP\u2019li Kaya: Partiden ayr\u0131l\u0131yorsan\u0131z g\u00f6revinizden de ayr\u0131lacaks\u0131n\u0131z\",\"\u00c7orlu kaza\",\"\u00c7orlu son dakika kaza\",\"g\u00f6revinizden\",\"Partiden\",\"son dakika kaza\"],\"articleSection\":[\"Edirne\"],\"inLanguage\":\"tr\",\"potentialAction\":[{\"@type\":\"CommentAction\",\"name\":\"Comment\",\"target\":[\"https:\/\/corludahaber.com\/h\/chpli-kaya-partiden-ayriliyorsaniz-gorevinizden-de-ayrilacaksiniz\/124034#respond\"]}]},{\"@type\":\"WebPage\",\"@id\":\"https:\/\/corludahaber.com\/h\/chpli-kaya-partiden-ayriliyorsaniz-gorevinizden-de-ayrilacaksiniz\/124034\",\"url\":\"https:\/\/corludahaber.com\/h\/chpli-kaya-partiden-ayriliyorsaniz-gorevinizden-de-ayrilacaksiniz\/124034\",\"name\":\"CHP\u2019li Kaya: Partiden ayr\u0131l\u0131yorsan\u0131z g\u00f6revinizden de ayr\u0131lacaks\u0131n\u0131z | \u00c7orlu&#039;da Haber\",\"isPartOf\":{\"@id\":\"https:\/\/corludahaber.com\/h\/#website\"},\"primaryImageOfPage\":{\"@id\":\"https:\/\/corludahaber.com\/h\/chpli-kaya-partiden-ayriliyorsaniz-gorevinizden-de-ayrilacaksiniz\/124034#primaryimage\"},\"image\":{\"@id\":\"https:\/\/corludahaber.com\/h\/chpli-kaya-partiden-ayriliyorsaniz-gorevinizden-de-ayrilacaksiniz\/124034#primaryimage\"},\"thumbnailUrl\":\"https:\/\/corludahaber.com\/h\/wp-content\/uploads\/2026\/08\/chpli-kaya-partiden-ayriliyorsaniz-gorevinizden-de-ayrilacaksiniz_6a9479f7dc1db.jpeg\",\"datePublished\":\"2026-08-30T18:44:04+00:00\",\"dateModified\":\"2026-08-30T18:44:10+00:00\",\"description\":\"CHP\u2019li Kaya: Partiden ayr\u0131l\u0131yorsan\u0131z g\u00f6revinizden de ayr\u0131lacaks\u0131n\u0131z | \u00c7orlu&#039;da Haber\",\"breadcrumb\":{\"@id\":\"https:\/\/corludahaber.com\/h\/chpli-kaya-partiden-ayriliyorsaniz-gorevinizden-de-ayrilacaksiniz\/124034#breadcrumb\"},\"inLanguage\":\"tr\",\"potentialAction\":[{\"@type\":\"ReadAction\",\"target\":[\"https:\/\/corludahaber.com\/h\/chpli-kaya-partiden-ayriliyorsaniz-gorevinizden-de-ayrilacaksiniz\/124034\"]}]},{\"@type\":\"ImageObject\",\"inLanguage\":\"tr\",\"@id\":\"https:\/\/corludahaber.com\/h\/chpli-kaya-partiden-ayriliyorsaniz-gorevinizden-de-ayrilacaksiniz\/124034#primaryimage\",\"url\":\"https:\/\/corludahaber.com\/h\/wp-content\/uploads\/2026\/08\/chpli-kaya-partiden-ayriliyorsaniz-gorevinizden-de-ayrilacaksiniz_6a9479f7dc1db.jpeg\",\"contentUrl\":\"https:\/\/corludahaber.com\/h\/wp-content\/uploads\/2026\/08\/chpli-kaya-partiden-ayriliyorsaniz-gorevinizden-de-ayrilacaksiniz_6a9479f7dc1db.jpeg\",\"width\":1249,\"height\":900},{\"@type\":\"BreadcrumbList\",\"@id\":\"https:\/\/corludahaber.com\/h\/chpli-kaya-partiden-ayriliyorsaniz-gorevinizden-de-ayrilacaksiniz\/124034#breadcrumb\",\"itemListElement\":[{\"@type\":\"ListItem\",\"position\":1,\"name\":\"Anasayfa\",\"item\":\"https:\/\/corludahaber.com\/h\/anasayfa\"},{\"@type\":\"ListItem\",\"position\":2,\"name\":\"Edirne\",\"item\":\"https:\/\/corludahaber.com\/h\/kategori\/edirne\"},{\"@type\":\"ListItem\",\"position\":3,\"name\":\"CHP\u2019li Kaya: Partiden ayr\u0131l\u0131yorsan\u0131z g\u00f6revinizden de ayr\u0131lacaks\u0131n\u0131z\"}]},{\"@type\":\"WebSite\",\"@id\":\"https:\/\/corludahaber.com\/h\/#website\",\"url\":\"https:\/\/corludahaber.com\/h\/\",\"name\":\"\u00c7orlu'da Haber\",\"description\":\"Ger\u00e7ek Tarafs\u0131z Haber\",\"publisher\":{\"@id\":\"https:\/\/corludahaber.com\/h\/#organization\"},\"potentialAction\":[{\"@type\":\"SearchAction\",\"target\":{\"@type\":\"EntryPoint\",\"urlTemplate\":\"https:\/\/corludahaber.com\/h\/?s={search_term_string}\"},\"query-input\":\"required name=search_term_string\"}],\"inLanguage\":\"tr\"},{\"@type\":\"Organization\",\"@id\":\"https:\/\/corludahaber.com\/h\/#organization\",\"name\":\"\u00c7orlu'da Haber\",\"url\":\"https:\/\/corludahaber.com\/h\/\",\"logo\":{\"@type\":\"ImageObject\",\"inLanguage\":\"tr\",\"@id\":\"https:\/\/corludahaber.com\/h\/#\/schema\/logo\/image\/\",\"url\":\"https:\/\/corludahaber.com\/h\/wp-content\/uploads\/2021\/12\/logo__9__1_-removebg-preview.png\",\"contentUrl\":\"https:\/\/corludahaber.com\/h\/wp-content\/uploads\/2021\/12\/logo__9__1_-removebg-preview.png\",\"width\":500,\"height\":157,\"caption\":\"\u00c7orlu'da Haber\"},\"image\":{\"@id\":\"https:\/\/corludahaber.com\/h\/#\/schema\/logo\/image\/\"},\"sameAs\":[\"https:\/\/facebook.com\/habercorluda\",\"https:\/\/x.com\/habercorluda\",\"https:\/\/www.instagram.com\/corludahaber\",\"https:\/\/www.youtube.com\/user\/corludahaber\"]},{\"@type\":\"Person\",\"@id\":\"https:\/\/corludahaber.com\/h\/#\/schema\/person\/b523522be44b062db5d74a62589768cd\",\"name\":\"\u00c7orlu'da Haber\",\"image\":{\"@type\":\"ImageObject\",\"inLanguage\":\"tr\",\"@id\":\"https:\/\/corludahaber.com\/h\/#\/schema\/person\/image\/\",\"url\":\"https:\/\/secure.gravatar.com\/avatar\/1033e54e078c29fd7f053370086ff627ba414b05c2b231c418a481adecd764ce?s=96&d=blank&r=g\",\"contentUrl\":\"https:\/\/secure.gravatar.com\/avatar\/1033e54e078c29fd7f053370086ff627ba414b05c2b231c418a481adecd764ce?s=96&d=blank&r=g\",\"caption\":\"\u00c7orlu'da Haber\"},\"sameAs\":[\"https:\/\/corludahaber.com\/h\"],\"url\":\"https:\/\/corludahaber.com\/h\/author\/admin\"}]}<\/script>\n<!-- \/ Yoast SEO Premium plugin. -->","yoast_head_json":{"title":"CHP\u2019li Kaya: Partiden ayr\u0131l\u0131yorsan\u0131z g\u00f6revinizden de ayr\u0131lacaks\u0131n\u0131z | \u00c7orlu&#039;da Haber","description":"CHP\u2019li Kaya: Partiden ayr\u0131l\u0131yorsan\u0131z g\u00f6revinizden de ayr\u0131lacaks\u0131n\u0131z | \u00c7orlu&#039;da Haber","robots":{"index":"index","follow":"follow","max-snippet":"max-snippet:-1","max-image-preview":"max-image-preview:large","max-video-preview":"max-video-preview:-1"},"canonical":"https:\/\/corludahaber.com\/h\/chpli-kaya-partiden-ayriliyorsaniz-gorevinizden-de-ayrilacaksiniz\/124034","og_locale":"tr_TR","og_type":"article","og_title":"CHP\u2019li Kaya: Partiden ayr\u0131l\u0131yorsan\u0131z g\u00f6revinizden de ayr\u0131lacaks\u0131n\u0131z | \u00c7orlu&#039;da Haber","og_description":"CHP\u2019li Kaya: Partiden ayr\u0131l\u0131yorsan\u0131z g\u00f6revinizden de ayr\u0131lacaks\u0131n\u0131z | \u00c7orlu&#039;da Haber","og_url":"https:\/\/corludahaber.com\/h\/chpli-kaya-partiden-ayriliyorsaniz-gorevinizden-de-ayrilacaksiniz\/124034","og_site_name":"\u00c7orlu&#039;da Haber","article_publisher":"https:\/\/facebook.com\/habercorluda","article_published_time":"2026-08-30T18:44:04+00:00","article_modified_time":"2026-08-30T18:44:10+00:00","og_image":[{"width":1249,"height":900,"url":"http:\/\/corludahaber.com\/h\/wp-content\/uploads\/2026\/08\/chpli-kaya-partiden-ayriliyorsaniz-gorevinizden-de-ayrilacaksiniz_6a9479f7dc1db.jpeg","type":"image\/jpeg"}],"author":"\u00c7orlu'da Haber","twitter_card":"summary_large_image","twitter_creator":"@habercorluda","twitter_site":"@habercorluda","twitter_misc":{"Yazan:":"\u00c7orlu'da Haber","Tahmini okuma s\u00fcresi":"3 dakika"},"schema":{"@context":"https:\/\/schema.org","@graph":[{"@type":"Article","@id":"https:\/\/corludahaber.com\/h\/chpli-kaya-partiden-ayriliyorsaniz-gorevinizden-de-ayrilacaksiniz\/124034#article","isPartOf":{"@id":"https:\/\/corludahaber.com\/h\/chpli-kaya-partiden-ayriliyorsaniz-gorevinizden-de-ayrilacaksiniz\/124034"},"author":{"name":"\u00c7orlu'da Haber","@id":"https:\/\/corludahaber.com\/h\/#\/schema\/person\/b523522be44b062db5d74a62589768cd"},"headline":"CHP\u2019li Kaya: Partiden ayr\u0131l\u0131yorsan\u0131z g\u00f6revinizden de ayr\u0131lacaks\u0131n\u0131z","datePublished":"2026-08-30T18:44:04+00:00","dateModified":"2026-08-30T18:44:10+00:00","mainEntityOfPage":{"@id":"https:\/\/corludahaber.com\/h\/chpli-kaya-partiden-ayriliyorsaniz-gorevinizden-de-ayrilacaksiniz\/124034"},"wordCount":656,"commentCount":0,"publisher":{"@id":"https:\/\/corludahaber.com\/h\/#organization"},"image":{"@id":"https:\/\/corludahaber.com\/h\/chpli-kaya-partiden-ayriliyorsaniz-gorevinizden-de-ayrilacaksiniz\/124034#primaryimage"},"thumbnailUrl":"https:\/\/corludahaber.com\/h\/wp-content\/uploads\/2026\/08\/chpli-kaya-partiden-ayriliyorsaniz-gorevinizden-de-ayrilacaksiniz_6a9479f7dc1db.jpeg","keywords":["asayi\u015f","ayr\u0131lacaks\u0131n\u0131z","ayr\u0131l\u0131yorsan\u0131z","CHP\u2019li Kaya: Partiden ayr\u0131l\u0131yorsan\u0131z g\u00f6revinizden de ayr\u0131lacaks\u0131n\u0131z","\u00c7orlu kaza","\u00c7orlu son dakika kaza","g\u00f6revinizden","Partiden","son dakika kaza"],"articleSection":["Edirne"],"inLanguage":"tr","potentialAction":[{"@type":"CommentAction","name":"Comment","target":["https:\/\/corludahaber.com\/h\/chpli-kaya-partiden-ayriliyorsaniz-gorevinizden-de-ayrilacaksiniz\/124034#respond"]}]},{"@type":"WebPage","@id":"https:\/\/corludahaber.com\/h\/chpli-kaya-partiden-ayriliyorsaniz-gorevinizden-de-ayrilacaksiniz\/124034","url":"https:\/\/corludahaber.com\/h\/chpli-kaya-partiden-ayriliyorsaniz-gorevinizden-de-ayrilacaksiniz\/124034","name":"CHP\u2019li Kaya: Partiden ayr\u0131l\u0131yorsan\u0131z g\u00f6revinizden de ayr\u0131lacaks\u0131n\u0131z | \u00c7orlu&#039;da Haber","isPartOf":{"@id":"https:\/\/corludahaber.com\/h\/#website"},"primaryImageOfPage":{"@id":"https:\/\/corludahaber.com\/h\/chpli-kaya-partiden-ayriliyorsaniz-gorevinizden-de-ayrilacaksiniz\/124034#primaryimage"},"image":{"@id":"https:\/\/corludahaber.com\/h\/chpli-kaya-partiden-ayriliyorsaniz-gorevinizden-de-ayrilacaksiniz\/124034#primaryimage"},"thumbnailUrl":"https:\/\/corludahaber.com\/h\/wp-content\/uploads\/2026\/08\/chpli-kaya-partiden-ayriliyorsaniz-gorevinizden-de-ayrilacaksiniz_6a9479f7dc1db.jpeg","datePublished":"2026-08-30T18:44:04+00:00","dateModified":"2026-08-30T18:44:10+00:00","description":"CHP\u2019li Kaya: Partiden ayr\u0131l\u0131yorsan\u0131z g\u00f6revinizden de ayr\u0131lacaks\u0131n\u0131z | \u00c7orlu&#039;da Haber","breadcrumb":{"@id":"https:\/\/corludahaber.com\/h\/chpli-kaya-partiden-ayriliyorsaniz-gorevinizden-de-ayrilacaksiniz\/124034#breadcrumb"},"inLanguage":"tr","potentialAction":[{"@type":"ReadAction","target":["https:\/\/corludahaber.com\/h\/chpli-kaya-partiden-ayriliyorsaniz-gorevinizden-de-ayrilacaksiniz\/124034"]}]},{"@type":"ImageObject","inLanguage":"tr","@id":"https:\/\/corludahaber.com\/h\/chpli-kaya-partiden-ayriliyorsaniz-gorevinizden-de-ayrilacaksiniz\/124034#primaryimage","url":"https:\/\/corludahaber.com\/h\/wp-content\/uploads\/2026\/08\/chpli-kaya-partiden-ayriliyorsaniz-gorevinizden-de-ayrilacaksiniz_6a9479f7dc1db.jpeg","contentUrl":"https:\/\/corludahaber.com\/h\/wp-content\/uploads\/2026\/08\/chpli-kaya-partiden-ayriliyorsaniz-gorevinizden-de-ayrilacaksiniz_6a9479f7dc1db.jpeg","width":1249,"height":900},{"@type":"BreadcrumbList","@id":"https:\/\/corludahaber.com\/h\/chpli-kaya-partiden-ayriliyorsaniz-gorevinizden-de-ayrilacaksiniz\/124034#breadcrumb","itemListElement":[{"@type":"ListItem","position":1,"name":"Anasayfa","item":"https:\/\/corludahaber.com\/h\/anasayfa"},{"@type":"ListItem","position":2,"name":"Edirne","item":"https:\/\/corludahaber.com\/h\/kategori\/edirne"},{"@type":"ListItem","position":3,"name":"CHP\u2019li Kaya: Partiden ayr\u0131l\u0131yorsan\u0131z g\u00f6revinizden de ayr\u0131lacaks\u0131n\u0131z"}]},{"@type":"WebSite","@id":"https:\/\/corludahaber.com\/h\/#website","url":"https:\/\/corludahaber.com\/h\/","name":"\u00c7orlu'da Haber","description":"Ger\u00e7ek Tarafs\u0131z Haber","publisher":{"@id":"https:\/\/corludahaber.com\/h\/#organization"},"potentialAction":[{"@type":"SearchAction","target":{"@type":"EntryPoint","urlTemplate":"https:\/\/corludahaber.com\/h\/?s={search_term_string}"},"query-input":"required name=search_term_string"}],"inLanguage":"tr"},{"@type":"Organization","@id":"https:\/\/corludahaber.com\/h\/#organization","name":"\u00c7orlu'da Haber","url":"https:\/\/corludahaber.com\/h\/","logo":{"@type":"ImageObject","inLanguage":"tr","@id":"https:\/\/corludahaber.com\/h\/#\/schema\/logo\/image\/","url":"https:\/\/corludahaber.com\/h\/wp-content\/uploads\/2021\/12\/logo__9__1_-removebg-preview.png","contentUrl":"https:\/\/corludahaber.com\/h\/wp-content\/uploads\/2021\/12\/logo__9__1_-removebg-preview.png","width":500,"height":157,"caption":"\u00c7orlu'da Haber"},"image":{"@id":"https:\/\/corludahaber.com\/h\/#\/schema\/logo\/image\/"},"sameAs":["https:\/\/facebook.com\/habercorluda","https:\/\/x.com\/habercorluda","https:\/\/www.instagram.com\/corludahaber","https:\/\/www.youtube.com\/user\/corludahaber"]},{"@type":"Person","@id":"https:\/\/corludahaber.com\/h\/#\/schema\/person\/b523522be44b062db5d74a62589768cd","name":"\u00c7orlu'da Haber","image":{"@type":"ImageObject","inLanguage":"tr","@id":"https:\/\/corludahaber.com\/h\/#\/schema\/person\/image\/","url":"https:\/\/secure.gravatar.com\/avatar\/1033e54e078c29fd7f053370086ff627ba414b05c2b231c418a481adecd764ce?s=96&d=blank&r=g","contentUrl":"https:\/\/secure.gravatar.com\/avatar\/1033e54e078c29fd7f053370086ff627ba414b05c2b231c418a481adecd764ce?s=96&d=blank&r=g","caption":"\u00c7orlu'da Haber"},"sameAs":["https:\/\/corludahaber.com\/h"],"url":"https:\/\/corludahaber.com\/h\/author\/admin"}]}},"_links":{"self":[{"href":"https:\/\/corludahaber.com\/h\/wp-json\/wp\/v2\/posts\/124034","targetHints":{"allow":["GET"]}}],"collection":[{"href":"https:\/\/corludahaber.com\/h\/wp-json\/wp\/v2\/posts"}],"about":[{"href":"https:\/\/corludahaber.com\/h\/wp-json\/wp\/v2\/types\/post"}],"author":[{"embeddable":true,"href":"https:\/\/corludahaber.com\/h\/wp-json\/wp\/v2\/users\/151"}],"replies":[{"embeddable":true,"href":"https:\/\/corludahaber.com\/h\/wp-json\/wp\/v2\/comments?post=124034"}],"version-history":[{"count":1,"href":"https:\/\/corludahaber.com\/h\/wp-json\/wp\/v2\/posts\/124034\/revisions"}],"predecessor-version":[{"id":124036,"href":"https:\/\/corludahaber.com\/h\/wp-json\/wp\/v2\/posts\/124034\/revisions\/124036"}],"wp:featuredmedia":[{"embeddable":true,"href":"https:\/\/corludahaber.com\/h\/wp-json\/wp\/v2\/media\/124035"}],"wp:attachment":[{"href":"https:\/\/corludahaber.com\/h\/wp-json\/wp\/v2\/media?parent=124034"}],"wp:term":[{"taxonomy":"category","embeddable":true,"href":"https:\/\/corludahaber.com\/h\/wp-json\/wp\/v2\/categories?post=124034"},{"taxonomy":"post_tag","embeddable":true,"href":"https:\/\/corludahaber.com\/h\/wp-json\/wp\/v2\/tags?post=124034"}],"curies":[{"name":"wp","href":"https:\/\/api.w.org\/{rel}","templated":true}]}}