{"id":124031,"date":"2026-08-30T21:43:39","date_gmt":"2026-08-30T18:43:39","guid":{"rendered":"https:\/\/corludahaber.com\/h\/edirnede-tatilciler-sahillerden-donuste-uzun-arac-kuyruklari-olusturdu\/124031"},"modified":"2026-08-30T21:43:52","modified_gmt":"2026-08-30T18:43:52","slug":"edirnede-tatilciler-sahillerden-donuste-uzun-arac-kuyruklari-olusturdu","status":"publish","type":"post","link":"https:\/\/corludahaber.com\/h\/edirnede-tatilciler-sahillerden-donuste-uzun-arac-kuyruklari-olusturdu\/124031","title":{"rendered":"Edirne\u2019de tatilciler sahillerden d\u00f6n\u00fc\u015fte uzun ara\u00e7 kuyruklar\u0131 olu\u015fturdu"},"content":{"rendered":"<div class=\"corlu-icerikten-once_3\" id=\"corlu-225612310\"><script type='text\/javascript' src='https:\/\/platform-api.sharethis.com\/js\/sharethis.js#property=5ce8cf08af7d000012cb0ca1&product=inline-reaction-buttons' async='async'><\/script>\r\n\r\n<\/div><div readability=\"52\"><span class=\"category-name hidden\"><\/span><\/p><div class=\"corlu-icerik-2\" id=\"corlu-3837405604\"><!-- Admatic AUTO ads START -->\r\n<ins data-publisher=\"adm-pub-155556240050\" data-ad-network=\"659428a24d11b285b616c18d\"   class=\"adm-ads-area\"><\/ins>\r\n<script type=\"text\/javascript\" src=\"https:\/\/static.cdn.admatic.com.tr\/showad\/showad.min.js\"><\/script>\r\n<!-- Admatic AUTO ads END --><\/div>\n<p> \/ KE\u015eAN(Edirne), (Haber Merkezi)- ED\u0130RNE\u2019nin Saros K\u00f6rfezi\u2019ne k\u0131y\u0131s\u0131 bulunan Ke\u015fan ve Enez il\u00e7elerindeki sahillerden yaz sezonunun bitmesine k\u0131sa bir s\u00fcre kala tatilciler d\u00f6n\u00fc\u015f yollar\u0131nda uzun ara\u00e7 kuyruklar\u0131 olu\u015fturdu. Olu\u015fan yo\u011funluk havadan g\u00f6r\u00fcnt\u00fclendi. <\/p>\n<p>Yaz tatilini Ke\u015fan ve Enez il\u00e7elerindeki sahillerde ge\u00e7iren tatilciler d\u00f6n\u00fc\u015f yoluna ge\u00e7ti. Ke\u015fan ve Enez sahillerinde tatil yapanlar\u0131n ayn\u0131 anda yollara \u00e7\u0131kmas\u0131, il\u00e7edeki baz\u0131 kav\u015fak ve kara yollar\u0131nda yo\u011funlu\u011fa neden oldu. Enez, Erikli, Mecidiye, Yayla, Dani\u015fment ve G\u00f6k\u00e7etepe sahillerinden ayr\u0131lan tatilciler nedeniyle \u00f6zellikle Ke\u015fan-Enez kara yolu \u00fczerindeki Enez Kav\u015fa\u011f\u0131\u2019nda ara\u00e7 yo\u011funlu\u011fu ya\u015fand\u0131. Ke\u015fan-Mecidiye kara yolunda da trafik artarken, Destek K\u0131talar\u0131 Kav\u015fa\u011f\u0131\u2019nda zaman zaman t\u0131kanmalar ya\u015fand\u0131. G\u00fcn\u00fcbirlik\u00e7ilerin de trafi\u011fe girmesiyle \u0130stanbul istikametinde ve ana g\u00fczergahlarda baz\u0131 noktalarda ara\u00e7lar\u0131n yava\u015f ilerledi\u011fi ve uzun kuyruklar\u0131n olu\u015ftu\u011fu g\u00f6r\u00fcld\u00fc. Olu\u015fan yo\u011funluk havadan g\u00f6r\u00fcnt\u00fclendi. <\/p>\n<p>Artan ara\u00e7 yo\u011funlu\u011fu nedeniyle polis ve jandarma trafik ekipleri, \u00f6zellikle kav\u015fak ve kritik ge\u00e7i\u015f noktalar\u0131nda \u00f6nlem ald\u0131. Ekipler, trafik ak\u0131\u015f\u0131n\u0131n d\u00fczenli \u015fekilde devam etmesi i\u00e7in s\u00fcr\u00fcc\u00fclere y\u00f6nlendirmelerde bulundu. (Haber Merkezi)<\/p>\n<\/div>\n<div class=\"corlu-icerikten-sonra_3\" id=\"corlu-1424765432\"><p><img loading=\"lazy\" decoding=\"async\" class=\"aligncenter\" src=\"https:\/\/www.corludahaber.com\/bahcesehir.jpg\" alt=\"\" width=\"624\" height=\"196\" \/><\/p>\n<table style=\"text-align: left; width: 100%;\" border=\"1\" cellspacing=\"2\" cellpadding=\"2\">\n<tbody>\n<tr>\n<td style=\"background-color: #050805;\"><span style=\"font-size: 12pt;\"><small><small><em><strong><big><span style=\"color: #ff0000;\">Haber ve resimlerin telif haklar\u0131ndan dolay\u0131 kullan\u0131m\u0131 yasakt\u0131r<span style=\"color: #000000;\">.<\/span><\/span><span style=\"color: #000000;\">\u00a0<\/span><span style=\"color: #ffffff;\">Yaz\u0131l\u0131 izni al\u0131nmadan hi\u00e7bir yaz\u0131l\u0131, g\u00f6rsel, i\u015fitsel i\u00e7erik kopyalanamaz, de\u011fi\u015ftirilemez, yay\u0131nlanamaz veya sat\u0131lamaz. Aksi halde<\/span>\u00a0<span style=\"color: #ff0000;\">5846<span style=\"color: #ffffff;\">\u00a0<\/span><\/span><span style=\"color: #ffffff;\">say\u0131l\u0131 Fikir ve Sanat Eserleri Kanunu\u2019na ve<\/span>\u00a0<span style=\"color: #800000;\"><span style=\"color: #ff0000;\">6102<\/span><span style=\"color: #ffffff;\">\u00a0<\/span><\/span><span style=\"color: #ffffff;\">say\u0131l\u0131 maddesine g\u00f6re<\/span>\u00a0<span style=\"color: #ff0000;\">gerekli i\u015flemler uygulanacakt\u0131r.<\/span><br \/>\n<span style=\"color: #ffffff;\">\u00a9 Copyright 2014<\/span><\/big><\/strong><\/em><\/small><\/small><\/span><\/td>\n<\/tr>\n<\/tbody>\n<\/table>\n<p><small><small>\u00a0<\/small><\/small><\/p>\n<\/div>","protected":false},"excerpt":{"rendered":"<p>\/ KE\u015eAN(Edirne), (Haber Merkezi)- ED\u0130RNE\u2019nin Saros K\u00f6rfezi\u2019ne k\u0131y\u0131s\u0131 bulunan Ke\u015fan ve Enez il\u00e7elerindeki sahillerden yaz sezonunun bitmesine k\u0131sa bir s\u00fcre kala tatilciler d\u00f6n\u00fc\u015f yollar\u0131nda uzun ara\u00e7 kuyruklar\u0131 olu\u015fturdu. Olu\u015fan yo\u011funluk havadan g\u00f6r\u00fcnt\u00fclendi. Yaz tatilini Ke\u015fan ve Enez il\u00e7elerindeki sahillerde ge\u00e7iren tatilciler d\u00f6n\u00fc\u015f yoluna ge\u00e7ti. Ke\u015fan ve Enez sahillerinde tatil yapanlar\u0131n ayn\u0131 anda yollara \u00e7\u0131kmas\u0131, il\u00e7edeki &hellip;<\/p>\n","protected":false},"author":151,"featured_media":124032,"comment_status":"open","ping_status":"closed","sticky":false,"template":"","format":"standard","meta":{"footnotes":""},"categories":[121],"tags":[479,8025,9376,15478,32695,728,36595,36594,8930,36593,3661,36592],"class_list":["post-124031","post","type-post","status-publish","format-standard","has-post-thumbnail","hentry","category-edirne","tag-arac","tag-asayis","tag-corlu-kaza","tag-corlu-son-dakika-kaza","tag-donuste","tag-edirne","tag-edirnede-tatilciler-sahillerden-donuste-uzun-arac-kuyruklari-olusturdu","tag-kuyruklari","tag-olusturdu","tag-sahillerden","tag-son-dakika-kaza","tag-tatilciler"],"yoast_head":"<!-- This site is optimized with the Yoast SEO Premium plugin v23.3 (Yoast SEO v23.3) - https:\/\/yoast.com\/wordpress\/plugins\/seo\/ -->\n<title>Edirne\u2019de tatilciler sahillerden d\u00f6n\u00fc\u015fte uzun ara\u00e7 kuyruklar\u0131 olu\u015fturdu | \u00c7orlu&#039;da Haber<\/title>\n<meta name=\"description\" content=\"Edirne\u2019de tatilciler sahillerden d\u00f6n\u00fc\u015fte uzun ara\u00e7 kuyruklar\u0131 olu\u015fturdu | \u00c7orlu&#039;da Haber\" \/>\n<meta name=\"robots\" content=\"index, follow, max-snippet:-1, max-image-preview:large, max-video-preview:-1\" \/>\n<link rel=\"canonical\" href=\"https:\/\/corludahaber.com\/h\/edirnede-tatilciler-sahillerden-donuste-uzun-arac-kuyruklari-olusturdu\/124031\" \/>\n<meta property=\"og:locale\" content=\"tr_TR\" \/>\n<meta property=\"og:type\" content=\"article\" \/>\n<meta property=\"og:title\" content=\"Edirne\u2019de tatilciler sahillerden d\u00f6n\u00fc\u015fte uzun ara\u00e7 kuyruklar\u0131 olu\u015fturdu | \u00c7orlu&#039;da Haber\" \/>\n<meta property=\"og:description\" content=\"Edirne\u2019de tatilciler sahillerden d\u00f6n\u00fc\u015fte uzun ara\u00e7 kuyruklar\u0131 olu\u015fturdu | \u00c7orlu&#039;da Haber\" \/>\n<meta property=\"og:url\" content=\"https:\/\/corludahaber.com\/h\/edirnede-tatilciler-sahillerden-donuste-uzun-arac-kuyruklari-olusturdu\/124031\" \/>\n<meta property=\"og:site_name\" content=\"\u00c7orlu&#039;da Haber\" \/>\n<meta property=\"article:publisher\" content=\"https:\/\/facebook.com\/habercorluda\" \/>\n<meta property=\"article:published_time\" content=\"2026-08-30T18:43:39+00:00\" \/>\n<meta property=\"article:modified_time\" content=\"2026-08-30T18:43:52+00:00\" \/>\n<meta property=\"og:image\" content=\"http:\/\/corludahaber.com\/h\/wp-content\/uploads\/2026\/08\/edirnede-tatilciler-sahillerden-donuste-uzun-arac-kuyruklari-olusturdu_6a9479de250ef-scaled.jpeg\" \/>\n\t<meta property=\"og:image:width\" content=\"2560\" \/>\n\t<meta property=\"og:image:height\" content=\"1920\" \/>\n\t<meta property=\"og:image:type\" content=\"image\/jpeg\" \/>\n<meta name=\"author\" content=\"\u00c7orlu&#039;da Haber\" \/>\n<meta name=\"twitter:card\" content=\"summary_large_image\" \/>\n<meta name=\"twitter:creator\" content=\"@habercorluda\" \/>\n<meta name=\"twitter:site\" content=\"@habercorluda\" \/>\n<meta name=\"twitter:label1\" content=\"Yazan:\" \/>\n\t<meta name=\"twitter:data1\" content=\"\u00c7orlu&#039;da Haber\" \/>\n\t<meta name=\"twitter:label2\" content=\"Tahmini okuma s\u00fcresi\" \/>\n\t<meta name=\"twitter:data2\" content=\"1 dakika\" \/>\n<script type=\"application\/ld+json\" class=\"yoast-schema-graph\">{\"@context\":\"https:\/\/schema.org\",\"@graph\":[{\"@type\":\"Article\",\"@id\":\"https:\/\/corludahaber.com\/h\/edirnede-tatilciler-sahillerden-donuste-uzun-arac-kuyruklari-olusturdu\/124031#article\",\"isPartOf\":{\"@id\":\"https:\/\/corludahaber.com\/h\/edirnede-tatilciler-sahillerden-donuste-uzun-arac-kuyruklari-olusturdu\/124031\"},\"author\":{\"name\":\"\u00c7orlu'da Haber\",\"@id\":\"https:\/\/corludahaber.com\/h\/#\/schema\/person\/b523522be44b062db5d74a62589768cd\"},\"headline\":\"Edirne\u2019de tatilciler sahillerden d\u00f6n\u00fc\u015fte uzun ara\u00e7 kuyruklar\u0131 olu\u015fturdu\",\"datePublished\":\"2026-08-30T18:43:39+00:00\",\"dateModified\":\"2026-08-30T18:43:52+00:00\",\"mainEntityOfPage\":{\"@id\":\"https:\/\/corludahaber.com\/h\/edirnede-tatilciler-sahillerden-donuste-uzun-arac-kuyruklari-olusturdu\/124031\"},\"wordCount\":241,\"commentCount\":0,\"publisher\":{\"@id\":\"https:\/\/corludahaber.com\/h\/#organization\"},\"image\":{\"@id\":\"https:\/\/corludahaber.com\/h\/edirnede-tatilciler-sahillerden-donuste-uzun-arac-kuyruklari-olusturdu\/124031#primaryimage\"},\"thumbnailUrl\":\"https:\/\/corludahaber.com\/h\/wp-content\/uploads\/2026\/08\/edirnede-tatilciler-sahillerden-donuste-uzun-arac-kuyruklari-olusturdu_6a9479de250ef-scaled.jpeg\",\"keywords\":[\"Ara\u00e7\",\"asayi\u015f\",\"\u00c7orlu kaza\",\"\u00c7orlu son dakika kaza\",\"d\u00f6n\u00fc\u015fte\",\"Edirne\",\"Edirne\u2019de tatilciler sahillerden d\u00f6n\u00fc\u015fte uzun ara\u00e7 kuyruklar\u0131 olu\u015fturdu\",\"kuyruklar\u0131\",\"olu\u015fturdu\",\"sahillerden\",\"son dakika kaza\",\"tatilciler\"],\"articleSection\":[\"Edirne\"],\"inLanguage\":\"tr\",\"potentialAction\":[{\"@type\":\"CommentAction\",\"name\":\"Comment\",\"target\":[\"https:\/\/corludahaber.com\/h\/edirnede-tatilciler-sahillerden-donuste-uzun-arac-kuyruklari-olusturdu\/124031#respond\"]}]},{\"@type\":\"WebPage\",\"@id\":\"https:\/\/corludahaber.com\/h\/edirnede-tatilciler-sahillerden-donuste-uzun-arac-kuyruklari-olusturdu\/124031\",\"url\":\"https:\/\/corludahaber.com\/h\/edirnede-tatilciler-sahillerden-donuste-uzun-arac-kuyruklari-olusturdu\/124031\",\"name\":\"Edirne\u2019de tatilciler sahillerden d\u00f6n\u00fc\u015fte uzun ara\u00e7 kuyruklar\u0131 olu\u015fturdu | \u00c7orlu&#039;da Haber\",\"isPartOf\":{\"@id\":\"https:\/\/corludahaber.com\/h\/#website\"},\"primaryImageOfPage\":{\"@id\":\"https:\/\/corludahaber.com\/h\/edirnede-tatilciler-sahillerden-donuste-uzun-arac-kuyruklari-olusturdu\/124031#primaryimage\"},\"image\":{\"@id\":\"https:\/\/corludahaber.com\/h\/edirnede-tatilciler-sahillerden-donuste-uzun-arac-kuyruklari-olusturdu\/124031#primaryimage\"},\"thumbnailUrl\":\"https:\/\/corludahaber.com\/h\/wp-content\/uploads\/2026\/08\/edirnede-tatilciler-sahillerden-donuste-uzun-arac-kuyruklari-olusturdu_6a9479de250ef-scaled.jpeg\",\"datePublished\":\"2026-08-30T18:43:39+00:00\",\"dateModified\":\"2026-08-30T18:43:52+00:00\",\"description\":\"Edirne\u2019de tatilciler sahillerden d\u00f6n\u00fc\u015fte uzun ara\u00e7 kuyruklar\u0131 olu\u015fturdu | \u00c7orlu&#039;da Haber\",\"breadcrumb\":{\"@id\":\"https:\/\/corludahaber.com\/h\/edirnede-tatilciler-sahillerden-donuste-uzun-arac-kuyruklari-olusturdu\/124031#breadcrumb\"},\"inLanguage\":\"tr\",\"potentialAction\":[{\"@type\":\"ReadAction\",\"target\":[\"https:\/\/corludahaber.com\/h\/edirnede-tatilciler-sahillerden-donuste-uzun-arac-kuyruklari-olusturdu\/124031\"]}]},{\"@type\":\"ImageObject\",\"inLanguage\":\"tr\",\"@id\":\"https:\/\/corludahaber.com\/h\/edirnede-tatilciler-sahillerden-donuste-uzun-arac-kuyruklari-olusturdu\/124031#primaryimage\",\"url\":\"https:\/\/corludahaber.com\/h\/wp-content\/uploads\/2026\/08\/edirnede-tatilciler-sahillerden-donuste-uzun-arac-kuyruklari-olusturdu_6a9479de250ef-scaled.jpeg\",\"contentUrl\":\"https:\/\/corludahaber.com\/h\/wp-content\/uploads\/2026\/08\/edirnede-tatilciler-sahillerden-donuste-uzun-arac-kuyruklari-olusturdu_6a9479de250ef-scaled.jpeg\",\"width\":2560,\"height\":1920},{\"@type\":\"BreadcrumbList\",\"@id\":\"https:\/\/corludahaber.com\/h\/edirnede-tatilciler-sahillerden-donuste-uzun-arac-kuyruklari-olusturdu\/124031#breadcrumb\",\"itemListElement\":[{\"@type\":\"ListItem\",\"position\":1,\"name\":\"Anasayfa\",\"item\":\"https:\/\/corludahaber.com\/h\/anasayfa\"},{\"@type\":\"ListItem\",\"position\":2,\"name\":\"Edirne\",\"item\":\"https:\/\/corludahaber.com\/h\/kategori\/edirne\"},{\"@type\":\"ListItem\",\"position\":3,\"name\":\"Edirne\u2019de tatilciler sahillerden d\u00f6n\u00fc\u015fte uzun ara\u00e7 kuyruklar\u0131 olu\u015fturdu\"}]},{\"@type\":\"WebSite\",\"@id\":\"https:\/\/corludahaber.com\/h\/#website\",\"url\":\"https:\/\/corludahaber.com\/h\/\",\"name\":\"\u00c7orlu'da Haber\",\"description\":\"Ger\u00e7ek Tarafs\u0131z Haber\",\"publisher\":{\"@id\":\"https:\/\/corludahaber.com\/h\/#organization\"},\"potentialAction\":[{\"@type\":\"SearchAction\",\"target\":{\"@type\":\"EntryPoint\",\"urlTemplate\":\"https:\/\/corludahaber.com\/h\/?s={search_term_string}\"},\"query-input\":\"required name=search_term_string\"}],\"inLanguage\":\"tr\"},{\"@type\":\"Organization\",\"@id\":\"https:\/\/corludahaber.com\/h\/#organization\",\"name\":\"\u00c7orlu'da Haber\",\"url\":\"https:\/\/corludahaber.com\/h\/\",\"logo\":{\"@type\":\"ImageObject\",\"inLanguage\":\"tr\",\"@id\":\"https:\/\/corludahaber.com\/h\/#\/schema\/logo\/image\/\",\"url\":\"https:\/\/corludahaber.com\/h\/wp-content\/uploads\/2021\/12\/logo__9__1_-removebg-preview.png\",\"contentUrl\":\"https:\/\/corludahaber.com\/h\/wp-content\/uploads\/2021\/12\/logo__9__1_-removebg-preview.png\",\"width\":500,\"height\":157,\"caption\":\"\u00c7orlu'da Haber\"},\"image\":{\"@id\":\"https:\/\/corludahaber.com\/h\/#\/schema\/logo\/image\/\"},\"sameAs\":[\"https:\/\/facebook.com\/habercorluda\",\"https:\/\/x.com\/habercorluda\",\"https:\/\/www.instagram.com\/corludahaber\",\"https:\/\/www.youtube.com\/user\/corludahaber\"]},{\"@type\":\"Person\",\"@id\":\"https:\/\/corludahaber.com\/h\/#\/schema\/person\/b523522be44b062db5d74a62589768cd\",\"name\":\"\u00c7orlu'da Haber\",\"image\":{\"@type\":\"ImageObject\",\"inLanguage\":\"tr\",\"@id\":\"https:\/\/corludahaber.com\/h\/#\/schema\/person\/image\/\",\"url\":\"https:\/\/secure.gravatar.com\/avatar\/1033e54e078c29fd7f053370086ff627ba414b05c2b231c418a481adecd764ce?s=96&d=blank&r=g\",\"contentUrl\":\"https:\/\/secure.gravatar.com\/avatar\/1033e54e078c29fd7f053370086ff627ba414b05c2b231c418a481adecd764ce?s=96&d=blank&r=g\",\"caption\":\"\u00c7orlu'da Haber\"},\"sameAs\":[\"https:\/\/corludahaber.com\/h\"],\"url\":\"https:\/\/corludahaber.com\/h\/author\/admin\"}]}<\/script>\n<!-- \/ Yoast SEO Premium plugin. -->","yoast_head_json":{"title":"Edirne\u2019de tatilciler sahillerden d\u00f6n\u00fc\u015fte uzun ara\u00e7 kuyruklar\u0131 olu\u015fturdu | \u00c7orlu&#039;da Haber","description":"Edirne\u2019de tatilciler sahillerden d\u00f6n\u00fc\u015fte uzun ara\u00e7 kuyruklar\u0131 olu\u015fturdu | \u00c7orlu&#039;da Haber","robots":{"index":"index","follow":"follow","max-snippet":"max-snippet:-1","max-image-preview":"max-image-preview:large","max-video-preview":"max-video-preview:-1"},"canonical":"https:\/\/corludahaber.com\/h\/edirnede-tatilciler-sahillerden-donuste-uzun-arac-kuyruklari-olusturdu\/124031","og_locale":"tr_TR","og_type":"article","og_title":"Edirne\u2019de tatilciler sahillerden d\u00f6n\u00fc\u015fte uzun ara\u00e7 kuyruklar\u0131 olu\u015fturdu | \u00c7orlu&#039;da Haber","og_description":"Edirne\u2019de tatilciler sahillerden d\u00f6n\u00fc\u015fte uzun ara\u00e7 kuyruklar\u0131 olu\u015fturdu | \u00c7orlu&#039;da Haber","og_url":"https:\/\/corludahaber.com\/h\/edirnede-tatilciler-sahillerden-donuste-uzun-arac-kuyruklari-olusturdu\/124031","og_site_name":"\u00c7orlu&#039;da Haber","article_publisher":"https:\/\/facebook.com\/habercorluda","article_published_time":"2026-08-30T18:43:39+00:00","article_modified_time":"2026-08-30T18:43:52+00:00","og_image":[{"width":2560,"height":1920,"url":"http:\/\/corludahaber.com\/h\/wp-content\/uploads\/2026\/08\/edirnede-tatilciler-sahillerden-donuste-uzun-arac-kuyruklari-olusturdu_6a9479de250ef-scaled.jpeg","type":"image\/jpeg"}],"author":"\u00c7orlu'da Haber","twitter_card":"summary_large_image","twitter_creator":"@habercorluda","twitter_site":"@habercorluda","twitter_misc":{"Yazan:":"\u00c7orlu'da Haber","Tahmini okuma s\u00fcresi":"1 dakika"},"schema":{"@context":"https:\/\/schema.org","@graph":[{"@type":"Article","@id":"https:\/\/corludahaber.com\/h\/edirnede-tatilciler-sahillerden-donuste-uzun-arac-kuyruklari-olusturdu\/124031#article","isPartOf":{"@id":"https:\/\/corludahaber.com\/h\/edirnede-tatilciler-sahillerden-donuste-uzun-arac-kuyruklari-olusturdu\/124031"},"author":{"name":"\u00c7orlu'da Haber","@id":"https:\/\/corludahaber.com\/h\/#\/schema\/person\/b523522be44b062db5d74a62589768cd"},"headline":"Edirne\u2019de tatilciler sahillerden d\u00f6n\u00fc\u015fte uzun ara\u00e7 kuyruklar\u0131 olu\u015fturdu","datePublished":"2026-08-30T18:43:39+00:00","dateModified":"2026-08-30T18:43:52+00:00","mainEntityOfPage":{"@id":"https:\/\/corludahaber.com\/h\/edirnede-tatilciler-sahillerden-donuste-uzun-arac-kuyruklari-olusturdu\/124031"},"wordCount":241,"commentCount":0,"publisher":{"@id":"https:\/\/corludahaber.com\/h\/#organization"},"image":{"@id":"https:\/\/corludahaber.com\/h\/edirnede-tatilciler-sahillerden-donuste-uzun-arac-kuyruklari-olusturdu\/124031#primaryimage"},"thumbnailUrl":"https:\/\/corludahaber.com\/h\/wp-content\/uploads\/2026\/08\/edirnede-tatilciler-sahillerden-donuste-uzun-arac-kuyruklari-olusturdu_6a9479de250ef-scaled.jpeg","keywords":["Ara\u00e7","asayi\u015f","\u00c7orlu kaza","\u00c7orlu son dakika kaza","d\u00f6n\u00fc\u015fte","Edirne","Edirne\u2019de tatilciler sahillerden d\u00f6n\u00fc\u015fte uzun ara\u00e7 kuyruklar\u0131 olu\u015fturdu","kuyruklar\u0131","olu\u015fturdu","sahillerden","son dakika kaza","tatilciler"],"articleSection":["Edirne"],"inLanguage":"tr","potentialAction":[{"@type":"CommentAction","name":"Comment","target":["https:\/\/corludahaber.com\/h\/edirnede-tatilciler-sahillerden-donuste-uzun-arac-kuyruklari-olusturdu\/124031#respond"]}]},{"@type":"WebPage","@id":"https:\/\/corludahaber.com\/h\/edirnede-tatilciler-sahillerden-donuste-uzun-arac-kuyruklari-olusturdu\/124031","url":"https:\/\/corludahaber.com\/h\/edirnede-tatilciler-sahillerden-donuste-uzun-arac-kuyruklari-olusturdu\/124031","name":"Edirne\u2019de tatilciler sahillerden d\u00f6n\u00fc\u015fte uzun ara\u00e7 kuyruklar\u0131 olu\u015fturdu | \u00c7orlu&#039;da Haber","isPartOf":{"@id":"https:\/\/corludahaber.com\/h\/#website"},"primaryImageOfPage":{"@id":"https:\/\/corludahaber.com\/h\/edirnede-tatilciler-sahillerden-donuste-uzun-arac-kuyruklari-olusturdu\/124031#primaryimage"},"image":{"@id":"https:\/\/corludahaber.com\/h\/edirnede-tatilciler-sahillerden-donuste-uzun-arac-kuyruklari-olusturdu\/124031#primaryimage"},"thumbnailUrl":"https:\/\/corludahaber.com\/h\/wp-content\/uploads\/2026\/08\/edirnede-tatilciler-sahillerden-donuste-uzun-arac-kuyruklari-olusturdu_6a9479de250ef-scaled.jpeg","datePublished":"2026-08-30T18:43:39+00:00","dateModified":"2026-08-30T18:43:52+00:00","description":"Edirne\u2019de tatilciler sahillerden d\u00f6n\u00fc\u015fte uzun ara\u00e7 kuyruklar\u0131 olu\u015fturdu | \u00c7orlu&#039;da Haber","breadcrumb":{"@id":"https:\/\/corludahaber.com\/h\/edirnede-tatilciler-sahillerden-donuste-uzun-arac-kuyruklari-olusturdu\/124031#breadcrumb"},"inLanguage":"tr","potentialAction":[{"@type":"ReadAction","target":["https:\/\/corludahaber.com\/h\/edirnede-tatilciler-sahillerden-donuste-uzun-arac-kuyruklari-olusturdu\/124031"]}]},{"@type":"ImageObject","inLanguage":"tr","@id":"https:\/\/corludahaber.com\/h\/edirnede-tatilciler-sahillerden-donuste-uzun-arac-kuyruklari-olusturdu\/124031#primaryimage","url":"https:\/\/corludahaber.com\/h\/wp-content\/uploads\/2026\/08\/edirnede-tatilciler-sahillerden-donuste-uzun-arac-kuyruklari-olusturdu_6a9479de250ef-scaled.jpeg","contentUrl":"https:\/\/corludahaber.com\/h\/wp-content\/uploads\/2026\/08\/edirnede-tatilciler-sahillerden-donuste-uzun-arac-kuyruklari-olusturdu_6a9479de250ef-scaled.jpeg","width":2560,"height":1920},{"@type":"BreadcrumbList","@id":"https:\/\/corludahaber.com\/h\/edirnede-tatilciler-sahillerden-donuste-uzun-arac-kuyruklari-olusturdu\/124031#breadcrumb","itemListElement":[{"@type":"ListItem","position":1,"name":"Anasayfa","item":"https:\/\/corludahaber.com\/h\/anasayfa"},{"@type":"ListItem","position":2,"name":"Edirne","item":"https:\/\/corludahaber.com\/h\/kategori\/edirne"},{"@type":"ListItem","position":3,"name":"Edirne\u2019de tatilciler sahillerden d\u00f6n\u00fc\u015fte uzun ara\u00e7 kuyruklar\u0131 olu\u015fturdu"}]},{"@type":"WebSite","@id":"https:\/\/corludahaber.com\/h\/#website","url":"https:\/\/corludahaber.com\/h\/","name":"\u00c7orlu'da Haber","description":"Ger\u00e7ek Tarafs\u0131z Haber","publisher":{"@id":"https:\/\/corludahaber.com\/h\/#organization"},"potentialAction":[{"@type":"SearchAction","target":{"@type":"EntryPoint","urlTemplate":"https:\/\/corludahaber.com\/h\/?s={search_term_string}"},"query-input":"required name=search_term_string"}],"inLanguage":"tr"},{"@type":"Organization","@id":"https:\/\/corludahaber.com\/h\/#organization","name":"\u00c7orlu'da Haber","url":"https:\/\/corludahaber.com\/h\/","logo":{"@type":"ImageObject","inLanguage":"tr","@id":"https:\/\/corludahaber.com\/h\/#\/schema\/logo\/image\/","url":"https:\/\/corludahaber.com\/h\/wp-content\/uploads\/2021\/12\/logo__9__1_-removebg-preview.png","contentUrl":"https:\/\/corludahaber.com\/h\/wp-content\/uploads\/2021\/12\/logo__9__1_-removebg-preview.png","width":500,"height":157,"caption":"\u00c7orlu'da Haber"},"image":{"@id":"https:\/\/corludahaber.com\/h\/#\/schema\/logo\/image\/"},"sameAs":["https:\/\/facebook.com\/habercorluda","https:\/\/x.com\/habercorluda","https:\/\/www.instagram.com\/corludahaber","https:\/\/www.youtube.com\/user\/corludahaber"]},{"@type":"Person","@id":"https:\/\/corludahaber.com\/h\/#\/schema\/person\/b523522be44b062db5d74a62589768cd","name":"\u00c7orlu'da Haber","image":{"@type":"ImageObject","inLanguage":"tr","@id":"https:\/\/corludahaber.com\/h\/#\/schema\/person\/image\/","url":"https:\/\/secure.gravatar.com\/avatar\/1033e54e078c29fd7f053370086ff627ba414b05c2b231c418a481adecd764ce?s=96&d=blank&r=g","contentUrl":"https:\/\/secure.gravatar.com\/avatar\/1033e54e078c29fd7f053370086ff627ba414b05c2b231c418a481adecd764ce?s=96&d=blank&r=g","caption":"\u00c7orlu'da Haber"},"sameAs":["https:\/\/corludahaber.com\/h"],"url":"https:\/\/corludahaber.com\/h\/author\/admin"}]}},"_links":{"self":[{"href":"https:\/\/corludahaber.com\/h\/wp-json\/wp\/v2\/posts\/124031","targetHints":{"allow":["GET"]}}],"collection":[{"href":"https:\/\/corludahaber.com\/h\/wp-json\/wp\/v2\/posts"}],"about":[{"href":"https:\/\/corludahaber.com\/h\/wp-json\/wp\/v2\/types\/post"}],"author":[{"embeddable":true,"href":"https:\/\/corludahaber.com\/h\/wp-json\/wp\/v2\/users\/151"}],"replies":[{"embeddable":true,"href":"https:\/\/corludahaber.com\/h\/wp-json\/wp\/v2\/comments?post=124031"}],"version-history":[{"count":1,"href":"https:\/\/corludahaber.com\/h\/wp-json\/wp\/v2\/posts\/124031\/revisions"}],"predecessor-version":[{"id":124033,"href":"https:\/\/corludahaber.com\/h\/wp-json\/wp\/v2\/posts\/124031\/revisions\/124033"}],"wp:featuredmedia":[{"embeddable":true,"href":"https:\/\/corludahaber.com\/h\/wp-json\/wp\/v2\/media\/124032"}],"wp:attachment":[{"href":"https:\/\/corludahaber.com\/h\/wp-json\/wp\/v2\/media?parent=124031"}],"wp:term":[{"taxonomy":"category","embeddable":true,"href":"https:\/\/corludahaber.com\/h\/wp-json\/wp\/v2\/categories?post=124031"},{"taxonomy":"post_tag","embeddable":true,"href":"https:\/\/corludahaber.com\/h\/wp-json\/wp\/v2\/tags?post=124031"}],"curies":[{"name":"wp","href":"https:\/\/api.w.org\/{rel}","templated":true}]}}