{"id":124028,"date":"2026-08-30T21:41:25","date_gmt":"2026-08-30T18:41:25","guid":{"rendered":"https:\/\/corludahaber.com\/h\/trakyada-zafer-bayrami-coskuyla-kutlandi-3\/124028"},"modified":"2026-08-30T21:41:34","modified_gmt":"2026-08-30T18:41:34","slug":"trakyada-zafer-bayrami-coskuyla-kutlandi-3","status":"publish","type":"post","link":"https:\/\/corludahaber.com\/h\/trakyada-zafer-bayrami-coskuyla-kutlandi-3\/124028","title":{"rendered":"Trakya&#8217;da Zafer Bayram\u0131 co\u015fkuyla kutland\u0131 (3)"},"content":{"rendered":"<div class=\"corlu-icerikten-once_3\" id=\"corlu-396925054\"><script type='text\/javascript' src='https:\/\/platform-api.sharethis.com\/js\/sharethis.js#property=5ce8cf08af7d000012cb0ca1&product=inline-reaction-buttons' async='async'><\/script>\r\n\r\n<\/div><div readability=\"42\"><span class=\"category-name hidden\"><\/span><\/p><div class=\"corlu-icerik-2\" id=\"corlu-3551142380\"><!-- Admatic AUTO ads START -->\r\n<ins data-publisher=\"adm-pub-155556240050\" data-ad-network=\"659428a24d11b285b616c18d\"   class=\"adm-ads-area\"><\/ins>\r\n<script type=\"text\/javascript\" src=\"https:\/\/static.cdn.admatic.com.tr\/showad\/showad.min.js\"><\/script>\r\n<!-- Admatic AUTO ads END --><\/div>\n<p>TEK\u0130RDA\u011e&#8217;DA 30 A\u011eUSTOS KORTEJ\u0130<\/p>\n<p>Tekirda\u011f&#8217;da 30 A\u011fustos Zafer Bayram\u0131&#8217;n\u0131 kutlamalar\u0131 kapsam\u0131nda B\u00fcy\u00fck\u015fehir Belediye Ba\u015fkanl\u0131\u011f\u0131 taraf\u0131ndan kortej y\u00fcr\u00fcy\u00fc\u015f\u00fc d\u00fczenlendi. S\u00fcleymanpa\u015fa il\u00e7esinde bulunan K\u00f6pr\u00fcba\u015f\u0131&#8217;ndan ba\u015flayan y\u00fcr\u00fcy\u00fc\u015fe B\u00fcy\u00fck\u015fehir Belediye Ba\u015fkan\u0131 Candan Y\u00fcceer ile \u00e7ok say\u0131da vatanda\u015f kat\u0131ld\u0131. Ellerinde T\u00fcrk bayraklar\u0131 e\u015fli\u011finde y\u00fcr\u00fcyen vatanda\u015flar, mar\u015flar ve sloganlar s\u00f6yleyerek sahil dolgu alan\u0131na kadar ilerledi. \u00c7ocuklar\u0131n ve ailelerin yo\u011fun ilgi g\u00f6sterdi\u011fi y\u00fcr\u00fcy\u00fc\u015fte, T\u00fcrk bayraklar\u0131yla renkli g\u00f6r\u00fcnt\u00fcler ortaya \u00e7\u0131kt\u0131. <\/p>\n<p> \/TEK\u0130RDA\u011e, (Haber Merkezi)<\/p>\n<\/div>\n<div class=\"corlu-icerikten-sonra_3\" id=\"corlu-3449353539\"><p><img loading=\"lazy\" decoding=\"async\" class=\"aligncenter\" src=\"https:\/\/www.corludahaber.com\/bahcesehir.jpg\" alt=\"\" width=\"624\" height=\"196\" \/><\/p>\n<table style=\"text-align: left; width: 100%;\" border=\"1\" cellspacing=\"2\" cellpadding=\"2\">\n<tbody>\n<tr>\n<td style=\"background-color: #050805;\"><span style=\"font-size: 12pt;\"><small><small><em><strong><big><span style=\"color: #ff0000;\">Haber ve resimlerin telif haklar\u0131ndan dolay\u0131 kullan\u0131m\u0131 yasakt\u0131r<span style=\"color: #000000;\">.<\/span><\/span><span style=\"color: #000000;\">\u00a0<\/span><span style=\"color: #ffffff;\">Yaz\u0131l\u0131 izni al\u0131nmadan hi\u00e7bir yaz\u0131l\u0131, g\u00f6rsel, i\u015fitsel i\u00e7erik kopyalanamaz, de\u011fi\u015ftirilemez, yay\u0131nlanamaz veya sat\u0131lamaz. Aksi halde<\/span>\u00a0<span style=\"color: #ff0000;\">5846<span style=\"color: #ffffff;\">\u00a0<\/span><\/span><span style=\"color: #ffffff;\">say\u0131l\u0131 Fikir ve Sanat Eserleri Kanunu\u2019na ve<\/span>\u00a0<span style=\"color: #800000;\"><span style=\"color: #ff0000;\">6102<\/span><span style=\"color: #ffffff;\">\u00a0<\/span><\/span><span style=\"color: #ffffff;\">say\u0131l\u0131 maddesine g\u00f6re<\/span>\u00a0<span style=\"color: #ff0000;\">gerekli i\u015flemler uygulanacakt\u0131r.<\/span><br \/>\n<span style=\"color: #ffffff;\">\u00a9 Copyright 2014<\/span><\/big><\/strong><\/em><\/small><\/small><\/span><\/td>\n<\/tr>\n<\/tbody>\n<\/table>\n<p><small><small>\u00a0<\/small><\/small><\/p>\n<\/div>","protected":false},"excerpt":{"rendered":"<p>TEK\u0130RDA\u011e&#8217;DA 30 A\u011eUSTOS KORTEJ\u0130 Tekirda\u011f&#8217;da 30 A\u011fustos Zafer Bayram\u0131&#8217;n\u0131 kutlamalar\u0131 kapsam\u0131nda B\u00fcy\u00fck\u015fehir Belediye Ba\u015fkanl\u0131\u011f\u0131 taraf\u0131ndan kortej y\u00fcr\u00fcy\u00fc\u015f\u00fc d\u00fczenlendi. S\u00fcleymanpa\u015fa il\u00e7esinde bulunan K\u00f6pr\u00fcba\u015f\u0131&#8217;ndan ba\u015flayan y\u00fcr\u00fcy\u00fc\u015fe B\u00fcy\u00fck\u015fehir Belediye Ba\u015fkan\u0131 Candan Y\u00fcceer ile \u00e7ok say\u0131da vatanda\u015f kat\u0131ld\u0131. Ellerinde T\u00fcrk bayraklar\u0131 e\u015fli\u011finde y\u00fcr\u00fcyen vatanda\u015flar, mar\u015flar ve sloganlar s\u00f6yleyerek sahil dolgu alan\u0131na kadar ilerledi. \u00c7ocuklar\u0131n ve ailelerin yo\u011fun ilgi g\u00f6sterdi\u011fi &hellip;<\/p>\n","protected":false},"author":151,"featured_media":124029,"comment_status":"open","ping_status":"closed","sticky":false,"template":"","format":"standard","meta":{"footnotes":""},"categories":[27],"tags":[8025,749,9376,15478,750,751,3661,1439,36591,1332],"class_list":["post-124028","post","type-post","status-publish","format-standard","has-post-thumbnail","hentry","category-yasam","tag-asayis","tag-bayrami","tag-corlu-kaza","tag-corlu-son-dakika-kaza","tag-coskuyla","tag-kutlandi","tag-son-dakika-kaza","tag-trakya","tag-trakyada-zafer-bayrami-coskuyla-kutlandi-3","tag-zafer"],"yoast_head":"<!-- This site is optimized with the Yoast SEO Premium plugin v23.3 (Yoast SEO v23.3) - https:\/\/yoast.com\/wordpress\/plugins\/seo\/ -->\n<title>Trakya&#039;da Zafer Bayram\u0131 co\u015fkuyla kutland\u0131 (3) | \u00c7orlu&#039;da Haber<\/title>\n<meta name=\"description\" content=\"Trakya&#039;da Zafer Bayram\u0131 co\u015fkuyla kutland\u0131 (3) | \u00c7orlu&#039;da Haber\" \/>\n<meta name=\"robots\" content=\"index, follow, max-snippet:-1, max-image-preview:large, max-video-preview:-1\" \/>\n<link rel=\"canonical\" href=\"https:\/\/corludahaber.com\/h\/trakyada-zafer-bayrami-coskuyla-kutlandi-3\/124028\" \/>\n<meta property=\"og:locale\" content=\"tr_TR\" \/>\n<meta property=\"og:type\" content=\"article\" \/>\n<meta property=\"og:title\" content=\"Trakya&#039;da Zafer Bayram\u0131 co\u015fkuyla kutland\u0131 (3) | \u00c7orlu&#039;da Haber\" \/>\n<meta property=\"og:description\" content=\"Trakya&#039;da Zafer Bayram\u0131 co\u015fkuyla kutland\u0131 (3) | \u00c7orlu&#039;da Haber\" \/>\n<meta property=\"og:url\" content=\"https:\/\/corludahaber.com\/h\/trakyada-zafer-bayrami-coskuyla-kutlandi-3\/124028\" \/>\n<meta property=\"og:site_name\" content=\"\u00c7orlu&#039;da Haber\" \/>\n<meta property=\"article:publisher\" content=\"https:\/\/facebook.com\/habercorluda\" \/>\n<meta property=\"article:published_time\" content=\"2026-08-30T18:41:25+00:00\" \/>\n<meta property=\"article:modified_time\" content=\"2026-08-30T18:41:34+00:00\" \/>\n<meta property=\"og:image\" content=\"http:\/\/corludahaber.com\/h\/wp-content\/uploads\/2026\/08\/trakyada-zafer-bayrami-coskuyla-kutlandi-3_6a947958692de.jpeg\" \/>\n\t<meta property=\"og:image:width\" content=\"2300\" \/>\n\t<meta property=\"og:image:height\" content=\"1294\" \/>\n\t<meta property=\"og:image:type\" content=\"image\/jpeg\" \/>\n<meta name=\"author\" content=\"\u00c7orlu&#039;da Haber\" \/>\n<meta name=\"twitter:card\" content=\"summary_large_image\" \/>\n<meta name=\"twitter:creator\" content=\"@habercorluda\" \/>\n<meta name=\"twitter:site\" content=\"@habercorluda\" \/>\n<meta name=\"twitter:label1\" content=\"Yazan:\" \/>\n\t<meta name=\"twitter:data1\" content=\"\u00c7orlu&#039;da Haber\" \/>\n\t<meta name=\"twitter:label2\" content=\"Tahmini okuma s\u00fcresi\" \/>\n\t<meta name=\"twitter:data2\" content=\"1 dakika\" \/>\n<script type=\"application\/ld+json\" class=\"yoast-schema-graph\">{\"@context\":\"https:\/\/schema.org\",\"@graph\":[{\"@type\":\"Article\",\"@id\":\"https:\/\/corludahaber.com\/h\/trakyada-zafer-bayrami-coskuyla-kutlandi-3\/124028#article\",\"isPartOf\":{\"@id\":\"https:\/\/corludahaber.com\/h\/trakyada-zafer-bayrami-coskuyla-kutlandi-3\/124028\"},\"author\":{\"name\":\"\u00c7orlu'da Haber\",\"@id\":\"https:\/\/corludahaber.com\/h\/#\/schema\/person\/b523522be44b062db5d74a62589768cd\"},\"headline\":\"Trakya&#8217;da Zafer Bayram\u0131 co\u015fkuyla kutland\u0131 (3)\",\"datePublished\":\"2026-08-30T18:41:25+00:00\",\"dateModified\":\"2026-08-30T18:41:34+00:00\",\"mainEntityOfPage\":{\"@id\":\"https:\/\/corludahaber.com\/h\/trakyada-zafer-bayrami-coskuyla-kutlandi-3\/124028\"},\"wordCount\":124,\"commentCount\":0,\"publisher\":{\"@id\":\"https:\/\/corludahaber.com\/h\/#organization\"},\"image\":{\"@id\":\"https:\/\/corludahaber.com\/h\/trakyada-zafer-bayrami-coskuyla-kutlandi-3\/124028#primaryimage\"},\"thumbnailUrl\":\"https:\/\/corludahaber.com\/h\/wp-content\/uploads\/2026\/08\/trakyada-zafer-bayrami-coskuyla-kutlandi-3_6a947958692de.jpeg\",\"keywords\":[\"asayi\u015f\",\"BAYRAMI\",\"\u00c7orlu kaza\",\"\u00c7orlu son dakika kaza\",\"CO\u015eKUYLA\",\"KUTLANDI\",\"son dakika kaza\",\"TRAKYA\",\"Trakya'da Zafer Bayram\u0131 co\u015fkuyla kutland\u0131 (3)\",\"Zafer\"],\"articleSection\":[\"Ya\u015fam\"],\"inLanguage\":\"tr\",\"potentialAction\":[{\"@type\":\"CommentAction\",\"name\":\"Comment\",\"target\":[\"https:\/\/corludahaber.com\/h\/trakyada-zafer-bayrami-coskuyla-kutlandi-3\/124028#respond\"]}]},{\"@type\":\"WebPage\",\"@id\":\"https:\/\/corludahaber.com\/h\/trakyada-zafer-bayrami-coskuyla-kutlandi-3\/124028\",\"url\":\"https:\/\/corludahaber.com\/h\/trakyada-zafer-bayrami-coskuyla-kutlandi-3\/124028\",\"name\":\"Trakya'da Zafer Bayram\u0131 co\u015fkuyla kutland\u0131 (3) | \u00c7orlu&#039;da Haber\",\"isPartOf\":{\"@id\":\"https:\/\/corludahaber.com\/h\/#website\"},\"primaryImageOfPage\":{\"@id\":\"https:\/\/corludahaber.com\/h\/trakyada-zafer-bayrami-coskuyla-kutlandi-3\/124028#primaryimage\"},\"image\":{\"@id\":\"https:\/\/corludahaber.com\/h\/trakyada-zafer-bayrami-coskuyla-kutlandi-3\/124028#primaryimage\"},\"thumbnailUrl\":\"https:\/\/corludahaber.com\/h\/wp-content\/uploads\/2026\/08\/trakyada-zafer-bayrami-coskuyla-kutlandi-3_6a947958692de.jpeg\",\"datePublished\":\"2026-08-30T18:41:25+00:00\",\"dateModified\":\"2026-08-30T18:41:34+00:00\",\"description\":\"Trakya'da Zafer Bayram\u0131 co\u015fkuyla kutland\u0131 (3) | \u00c7orlu&#039;da Haber\",\"breadcrumb\":{\"@id\":\"https:\/\/corludahaber.com\/h\/trakyada-zafer-bayrami-coskuyla-kutlandi-3\/124028#breadcrumb\"},\"inLanguage\":\"tr\",\"potentialAction\":[{\"@type\":\"ReadAction\",\"target\":[\"https:\/\/corludahaber.com\/h\/trakyada-zafer-bayrami-coskuyla-kutlandi-3\/124028\"]}]},{\"@type\":\"ImageObject\",\"inLanguage\":\"tr\",\"@id\":\"https:\/\/corludahaber.com\/h\/trakyada-zafer-bayrami-coskuyla-kutlandi-3\/124028#primaryimage\",\"url\":\"https:\/\/corludahaber.com\/h\/wp-content\/uploads\/2026\/08\/trakyada-zafer-bayrami-coskuyla-kutlandi-3_6a947958692de.jpeg\",\"contentUrl\":\"https:\/\/corludahaber.com\/h\/wp-content\/uploads\/2026\/08\/trakyada-zafer-bayrami-coskuyla-kutlandi-3_6a947958692de.jpeg\",\"width\":2300,\"height\":1294},{\"@type\":\"BreadcrumbList\",\"@id\":\"https:\/\/corludahaber.com\/h\/trakyada-zafer-bayrami-coskuyla-kutlandi-3\/124028#breadcrumb\",\"itemListElement\":[{\"@type\":\"ListItem\",\"position\":1,\"name\":\"Anasayfa\",\"item\":\"https:\/\/corludahaber.com\/h\/anasayfa\"},{\"@type\":\"ListItem\",\"position\":2,\"name\":\"Ya\u015fam\",\"item\":\"https:\/\/corludahaber.com\/h\/kategori\/yasam\"},{\"@type\":\"ListItem\",\"position\":3,\"name\":\"Trakya&#8217;da Zafer Bayram\u0131 co\u015fkuyla kutland\u0131 (3)\"}]},{\"@type\":\"WebSite\",\"@id\":\"https:\/\/corludahaber.com\/h\/#website\",\"url\":\"https:\/\/corludahaber.com\/h\/\",\"name\":\"\u00c7orlu'da Haber\",\"description\":\"Ger\u00e7ek Tarafs\u0131z Haber\",\"publisher\":{\"@id\":\"https:\/\/corludahaber.com\/h\/#organization\"},\"potentialAction\":[{\"@type\":\"SearchAction\",\"target\":{\"@type\":\"EntryPoint\",\"urlTemplate\":\"https:\/\/corludahaber.com\/h\/?s={search_term_string}\"},\"query-input\":\"required name=search_term_string\"}],\"inLanguage\":\"tr\"},{\"@type\":\"Organization\",\"@id\":\"https:\/\/corludahaber.com\/h\/#organization\",\"name\":\"\u00c7orlu'da Haber\",\"url\":\"https:\/\/corludahaber.com\/h\/\",\"logo\":{\"@type\":\"ImageObject\",\"inLanguage\":\"tr\",\"@id\":\"https:\/\/corludahaber.com\/h\/#\/schema\/logo\/image\/\",\"url\":\"https:\/\/corludahaber.com\/h\/wp-content\/uploads\/2021\/12\/logo__9__1_-removebg-preview.png\",\"contentUrl\":\"https:\/\/corludahaber.com\/h\/wp-content\/uploads\/2021\/12\/logo__9__1_-removebg-preview.png\",\"width\":500,\"height\":157,\"caption\":\"\u00c7orlu'da Haber\"},\"image\":{\"@id\":\"https:\/\/corludahaber.com\/h\/#\/schema\/logo\/image\/\"},\"sameAs\":[\"https:\/\/facebook.com\/habercorluda\",\"https:\/\/x.com\/habercorluda\",\"https:\/\/www.instagram.com\/corludahaber\",\"https:\/\/www.youtube.com\/user\/corludahaber\"]},{\"@type\":\"Person\",\"@id\":\"https:\/\/corludahaber.com\/h\/#\/schema\/person\/b523522be44b062db5d74a62589768cd\",\"name\":\"\u00c7orlu'da Haber\",\"image\":{\"@type\":\"ImageObject\",\"inLanguage\":\"tr\",\"@id\":\"https:\/\/corludahaber.com\/h\/#\/schema\/person\/image\/\",\"url\":\"https:\/\/secure.gravatar.com\/avatar\/1033e54e078c29fd7f053370086ff627ba414b05c2b231c418a481adecd764ce?s=96&d=blank&r=g\",\"contentUrl\":\"https:\/\/secure.gravatar.com\/avatar\/1033e54e078c29fd7f053370086ff627ba414b05c2b231c418a481adecd764ce?s=96&d=blank&r=g\",\"caption\":\"\u00c7orlu'da Haber\"},\"sameAs\":[\"https:\/\/corludahaber.com\/h\"],\"url\":\"https:\/\/corludahaber.com\/h\/author\/admin\"}]}<\/script>\n<!-- \/ Yoast SEO Premium plugin. -->","yoast_head_json":{"title":"Trakya'da Zafer Bayram\u0131 co\u015fkuyla kutland\u0131 (3) | \u00c7orlu&#039;da Haber","description":"Trakya'da Zafer Bayram\u0131 co\u015fkuyla kutland\u0131 (3) | \u00c7orlu&#039;da Haber","robots":{"index":"index","follow":"follow","max-snippet":"max-snippet:-1","max-image-preview":"max-image-preview:large","max-video-preview":"max-video-preview:-1"},"canonical":"https:\/\/corludahaber.com\/h\/trakyada-zafer-bayrami-coskuyla-kutlandi-3\/124028","og_locale":"tr_TR","og_type":"article","og_title":"Trakya'da Zafer Bayram\u0131 co\u015fkuyla kutland\u0131 (3) | \u00c7orlu&#039;da Haber","og_description":"Trakya'da Zafer Bayram\u0131 co\u015fkuyla kutland\u0131 (3) | \u00c7orlu&#039;da Haber","og_url":"https:\/\/corludahaber.com\/h\/trakyada-zafer-bayrami-coskuyla-kutlandi-3\/124028","og_site_name":"\u00c7orlu&#039;da Haber","article_publisher":"https:\/\/facebook.com\/habercorluda","article_published_time":"2026-08-30T18:41:25+00:00","article_modified_time":"2026-08-30T18:41:34+00:00","og_image":[{"width":2300,"height":1294,"url":"http:\/\/corludahaber.com\/h\/wp-content\/uploads\/2026\/08\/trakyada-zafer-bayrami-coskuyla-kutlandi-3_6a947958692de.jpeg","type":"image\/jpeg"}],"author":"\u00c7orlu'da Haber","twitter_card":"summary_large_image","twitter_creator":"@habercorluda","twitter_site":"@habercorluda","twitter_misc":{"Yazan:":"\u00c7orlu'da Haber","Tahmini okuma s\u00fcresi":"1 dakika"},"schema":{"@context":"https:\/\/schema.org","@graph":[{"@type":"Article","@id":"https:\/\/corludahaber.com\/h\/trakyada-zafer-bayrami-coskuyla-kutlandi-3\/124028#article","isPartOf":{"@id":"https:\/\/corludahaber.com\/h\/trakyada-zafer-bayrami-coskuyla-kutlandi-3\/124028"},"author":{"name":"\u00c7orlu'da Haber","@id":"https:\/\/corludahaber.com\/h\/#\/schema\/person\/b523522be44b062db5d74a62589768cd"},"headline":"Trakya&#8217;da Zafer Bayram\u0131 co\u015fkuyla kutland\u0131 (3)","datePublished":"2026-08-30T18:41:25+00:00","dateModified":"2026-08-30T18:41:34+00:00","mainEntityOfPage":{"@id":"https:\/\/corludahaber.com\/h\/trakyada-zafer-bayrami-coskuyla-kutlandi-3\/124028"},"wordCount":124,"commentCount":0,"publisher":{"@id":"https:\/\/corludahaber.com\/h\/#organization"},"image":{"@id":"https:\/\/corludahaber.com\/h\/trakyada-zafer-bayrami-coskuyla-kutlandi-3\/124028#primaryimage"},"thumbnailUrl":"https:\/\/corludahaber.com\/h\/wp-content\/uploads\/2026\/08\/trakyada-zafer-bayrami-coskuyla-kutlandi-3_6a947958692de.jpeg","keywords":["asayi\u015f","BAYRAMI","\u00c7orlu kaza","\u00c7orlu son dakika kaza","CO\u015eKUYLA","KUTLANDI","son dakika kaza","TRAKYA","Trakya'da Zafer Bayram\u0131 co\u015fkuyla kutland\u0131 (3)","Zafer"],"articleSection":["Ya\u015fam"],"inLanguage":"tr","potentialAction":[{"@type":"CommentAction","name":"Comment","target":["https:\/\/corludahaber.com\/h\/trakyada-zafer-bayrami-coskuyla-kutlandi-3\/124028#respond"]}]},{"@type":"WebPage","@id":"https:\/\/corludahaber.com\/h\/trakyada-zafer-bayrami-coskuyla-kutlandi-3\/124028","url":"https:\/\/corludahaber.com\/h\/trakyada-zafer-bayrami-coskuyla-kutlandi-3\/124028","name":"Trakya'da Zafer Bayram\u0131 co\u015fkuyla kutland\u0131 (3) | \u00c7orlu&#039;da Haber","isPartOf":{"@id":"https:\/\/corludahaber.com\/h\/#website"},"primaryImageOfPage":{"@id":"https:\/\/corludahaber.com\/h\/trakyada-zafer-bayrami-coskuyla-kutlandi-3\/124028#primaryimage"},"image":{"@id":"https:\/\/corludahaber.com\/h\/trakyada-zafer-bayrami-coskuyla-kutlandi-3\/124028#primaryimage"},"thumbnailUrl":"https:\/\/corludahaber.com\/h\/wp-content\/uploads\/2026\/08\/trakyada-zafer-bayrami-coskuyla-kutlandi-3_6a947958692de.jpeg","datePublished":"2026-08-30T18:41:25+00:00","dateModified":"2026-08-30T18:41:34+00:00","description":"Trakya'da Zafer Bayram\u0131 co\u015fkuyla kutland\u0131 (3) | \u00c7orlu&#039;da Haber","breadcrumb":{"@id":"https:\/\/corludahaber.com\/h\/trakyada-zafer-bayrami-coskuyla-kutlandi-3\/124028#breadcrumb"},"inLanguage":"tr","potentialAction":[{"@type":"ReadAction","target":["https:\/\/corludahaber.com\/h\/trakyada-zafer-bayrami-coskuyla-kutlandi-3\/124028"]}]},{"@type":"ImageObject","inLanguage":"tr","@id":"https:\/\/corludahaber.com\/h\/trakyada-zafer-bayrami-coskuyla-kutlandi-3\/124028#primaryimage","url":"https:\/\/corludahaber.com\/h\/wp-content\/uploads\/2026\/08\/trakyada-zafer-bayrami-coskuyla-kutlandi-3_6a947958692de.jpeg","contentUrl":"https:\/\/corludahaber.com\/h\/wp-content\/uploads\/2026\/08\/trakyada-zafer-bayrami-coskuyla-kutlandi-3_6a947958692de.jpeg","width":2300,"height":1294},{"@type":"BreadcrumbList","@id":"https:\/\/corludahaber.com\/h\/trakyada-zafer-bayrami-coskuyla-kutlandi-3\/124028#breadcrumb","itemListElement":[{"@type":"ListItem","position":1,"name":"Anasayfa","item":"https:\/\/corludahaber.com\/h\/anasayfa"},{"@type":"ListItem","position":2,"name":"Ya\u015fam","item":"https:\/\/corludahaber.com\/h\/kategori\/yasam"},{"@type":"ListItem","position":3,"name":"Trakya&#8217;da Zafer Bayram\u0131 co\u015fkuyla kutland\u0131 (3)"}]},{"@type":"WebSite","@id":"https:\/\/corludahaber.com\/h\/#website","url":"https:\/\/corludahaber.com\/h\/","name":"\u00c7orlu'da Haber","description":"Ger\u00e7ek Tarafs\u0131z Haber","publisher":{"@id":"https:\/\/corludahaber.com\/h\/#organization"},"potentialAction":[{"@type":"SearchAction","target":{"@type":"EntryPoint","urlTemplate":"https:\/\/corludahaber.com\/h\/?s={search_term_string}"},"query-input":"required name=search_term_string"}],"inLanguage":"tr"},{"@type":"Organization","@id":"https:\/\/corludahaber.com\/h\/#organization","name":"\u00c7orlu'da Haber","url":"https:\/\/corludahaber.com\/h\/","logo":{"@type":"ImageObject","inLanguage":"tr","@id":"https:\/\/corludahaber.com\/h\/#\/schema\/logo\/image\/","url":"https:\/\/corludahaber.com\/h\/wp-content\/uploads\/2021\/12\/logo__9__1_-removebg-preview.png","contentUrl":"https:\/\/corludahaber.com\/h\/wp-content\/uploads\/2021\/12\/logo__9__1_-removebg-preview.png","width":500,"height":157,"caption":"\u00c7orlu'da Haber"},"image":{"@id":"https:\/\/corludahaber.com\/h\/#\/schema\/logo\/image\/"},"sameAs":["https:\/\/facebook.com\/habercorluda","https:\/\/x.com\/habercorluda","https:\/\/www.instagram.com\/corludahaber","https:\/\/www.youtube.com\/user\/corludahaber"]},{"@type":"Person","@id":"https:\/\/corludahaber.com\/h\/#\/schema\/person\/b523522be44b062db5d74a62589768cd","name":"\u00c7orlu'da Haber","image":{"@type":"ImageObject","inLanguage":"tr","@id":"https:\/\/corludahaber.com\/h\/#\/schema\/person\/image\/","url":"https:\/\/secure.gravatar.com\/avatar\/1033e54e078c29fd7f053370086ff627ba414b05c2b231c418a481adecd764ce?s=96&d=blank&r=g","contentUrl":"https:\/\/secure.gravatar.com\/avatar\/1033e54e078c29fd7f053370086ff627ba414b05c2b231c418a481adecd764ce?s=96&d=blank&r=g","caption":"\u00c7orlu'da Haber"},"sameAs":["https:\/\/corludahaber.com\/h"],"url":"https:\/\/corludahaber.com\/h\/author\/admin"}]}},"_links":{"self":[{"href":"https:\/\/corludahaber.com\/h\/wp-json\/wp\/v2\/posts\/124028","targetHints":{"allow":["GET"]}}],"collection":[{"href":"https:\/\/corludahaber.com\/h\/wp-json\/wp\/v2\/posts"}],"about":[{"href":"https:\/\/corludahaber.com\/h\/wp-json\/wp\/v2\/types\/post"}],"author":[{"embeddable":true,"href":"https:\/\/corludahaber.com\/h\/wp-json\/wp\/v2\/users\/151"}],"replies":[{"embeddable":true,"href":"https:\/\/corludahaber.com\/h\/wp-json\/wp\/v2\/comments?post=124028"}],"version-history":[{"count":1,"href":"https:\/\/corludahaber.com\/h\/wp-json\/wp\/v2\/posts\/124028\/revisions"}],"predecessor-version":[{"id":124030,"href":"https:\/\/corludahaber.com\/h\/wp-json\/wp\/v2\/posts\/124028\/revisions\/124030"}],"wp:featuredmedia":[{"embeddable":true,"href":"https:\/\/corludahaber.com\/h\/wp-json\/wp\/v2\/media\/124029"}],"wp:attachment":[{"href":"https:\/\/corludahaber.com\/h\/wp-json\/wp\/v2\/media?parent=124028"}],"wp:term":[{"taxonomy":"category","embeddable":true,"href":"https:\/\/corludahaber.com\/h\/wp-json\/wp\/v2\/categories?post=124028"},{"taxonomy":"post_tag","embeddable":true,"href":"https:\/\/corludahaber.com\/h\/wp-json\/wp\/v2\/tags?post=124028"}],"curies":[{"name":"wp","href":"https:\/\/api.w.org\/{rel}","templated":true}]}}