{"id":123440,"date":"2026-08-13T18:29:44","date_gmt":"2026-08-13T15:29:44","guid":{"rendered":"https:\/\/corludahaber.com\/h\/tekirdagda-aniz-yangini-4-ciftlik-evi-yandi-6\/123440"},"modified":"2026-08-14T08:18:02","modified_gmt":"2026-08-14T05:18:02","slug":"tekirdagda-aniz-yangini-4-ciftlik-evi-yandi-6-2","status":"publish","type":"post","link":"https:\/\/corludahaber.com\/h\/tekirdagda-aniz-yangini-4-ciftlik-evi-yandi-6-2\/123440","title":{"rendered":"An\u0131z Yang\u0131n\u0131; 4 \u00c7iftlik Evi Yand\u0131"},"content":{"rendered":"<div class=\"corlu-icerikten-once_3\" id=\"corlu-166050031\"><script type='text\/javascript' src='https:\/\/platform-api.sharethis.com\/js\/sharethis.js#property=5ce8cf08af7d000012cb0ca1&product=inline-reaction-buttons' async='async'><\/script>\r\n\r\n<\/div><p>Ergene&#8217;de \u00e7\u0131kan an\u0131z yang\u0131nda, alevlerin s\u0131\u00e7rad\u0131\u011f\u0131 4 \u00e7iftlik evi ile yakla\u015f\u0131k 5 bin saman balyas\u0131 yand\u0131. \u00dcreticiler, \u00e7iftliklerde bulunan hayvanlar\u0131 ile tarlalardaki saman balyalar\u0131n\u0131 ba\u015fka alanlara g\u00f6t\u00fcrmek i\u00e7in yo\u011fun \u00e7aba harcad\u0131.<\/p><div class=\"corlu-icerik-2\" id=\"corlu-103333341\"><!-- Admatic AUTO ads START -->\r\n<ins data-publisher=\"adm-pub-155556240050\" data-ad-network=\"659428a24d11b285b616c18d\"   class=\"adm-ads-area\"><\/ins>\r\n<script type=\"text\/javascript\" src=\"https:\/\/static.cdn.admatic.com.tr\/showad\/showad.min.js\"><\/script>\r\n<!-- Admatic AUTO ads END --><\/div>\n<p>Ergene ile \u00c7orlu il\u00e7eleri aras\u0131ndaki \u00e7evre yolu kenar\u0131ndaki alanda, saat 13.30 s\u0131ralar\u0131nda an\u0131z yang\u0131n\u0131 \u00e7\u0131kt\u0131. Alevler r\u00fczgar\u0131n da etkisiyle geni\u015f alana yay\u0131ld\u0131.<\/p>\n<p>\u0130hbarla b\u00f6lgeye \u00c7orlu, Ergene, \u00c7erkezk\u00f6y, Kapakl\u0131 ve S\u00fcleymanpa\u015fa il\u00e7elerinden \u00e7ok say\u0131da itfaiye ekibi sevk edildi. Tar\u0131m arazilerinin yan\u0131 s\u0131ra \u00e7iftliklerin de bulundu\u011fu b\u00f6lgede, alevlerin s\u0131\u00e7rad\u0131\u011f\u0131 4 \u00e7iftlik evi kullan\u0131lmaz hale geldi.<\/p>\n<p>\u00c7iftlik ve tarlalarda ta\u015f\u0131nmamak i\u00e7in bekletilen yakla\u015f\u0131k 5 bin saman balyas\u0131 da yanarak k\u00fcle d\u00f6nd\u00fc.<\/p>\n<p>HORTUMLA DESTEK VERD\u0130LER<\/p>\n<p>\u00dcreticiler, \u00e7iftliklerdeki hayvanlar\u0131n\u0131 ve saman balyalar\u0131n\u0131 ba\u015fka alanlara ta\u015f\u0131mak i\u00e7in yo\u011fun \u00e7aba harcad\u0131. \u00c7evrede evleri bulunan vatanda\u015flar da d\u0131\u015far\u0131 \u00e7\u0131karak, s\u00f6nd\u00fcrme \u00e7al\u0131\u015fmalar\u0131na hortum ve k\u00fcreklerle destek verdi.<\/p>\n<p>\u00c7evre yolunu duman kaplamas\u0131 nedeniyle g\u00fcvenlik g\u00fc\u00e7leri, \u00f6nlem alarak trafi\u011fi sa\u011flamaya \u00e7al\u0131\u015ft\u0131.<\/p>\n<p>Yakla\u015f\u0131k 900 dekar alanda etkili oldu\u011fu belirtilen yang\u0131n\u0131 s\u00f6nd\u00fcrmek i\u00e7in ekiplerin \u00e7al\u0131\u015fmas\u0131 s\u00fcr\u00fcyor.<\/p>\n<div class=\"corlu-icerikten-sonra_3\" id=\"corlu-3186786076\"><p><img loading=\"lazy\" decoding=\"async\" class=\"aligncenter\" src=\"https:\/\/www.corludahaber.com\/bahcesehir.jpg\" alt=\"\" width=\"624\" height=\"196\" \/><\/p>\n<table style=\"text-align: left; width: 100%;\" border=\"1\" cellspacing=\"2\" cellpadding=\"2\">\n<tbody>\n<tr>\n<td style=\"background-color: #050805;\"><span style=\"font-size: 12pt;\"><small><small><em><strong><big><span style=\"color: #ff0000;\">Haber ve resimlerin telif haklar\u0131ndan dolay\u0131 kullan\u0131m\u0131 yasakt\u0131r<span style=\"color: #000000;\">.<\/span><\/span><span style=\"color: #000000;\">\u00a0<\/span><span style=\"color: #ffffff;\">Yaz\u0131l\u0131 izni al\u0131nmadan hi\u00e7bir yaz\u0131l\u0131, g\u00f6rsel, i\u015fitsel i\u00e7erik kopyalanamaz, de\u011fi\u015ftirilemez, yay\u0131nlanamaz veya sat\u0131lamaz. Aksi halde<\/span>\u00a0<span style=\"color: #ff0000;\">5846<span style=\"color: #ffffff;\">\u00a0<\/span><\/span><span style=\"color: #ffffff;\">say\u0131l\u0131 Fikir ve Sanat Eserleri Kanunu\u2019na ve<\/span>\u00a0<span style=\"color: #800000;\"><span style=\"color: #ff0000;\">6102<\/span><span style=\"color: #ffffff;\">\u00a0<\/span><\/span><span style=\"color: #ffffff;\">say\u0131l\u0131 maddesine g\u00f6re<\/span>\u00a0<span style=\"color: #ff0000;\">gerekli i\u015flemler uygulanacakt\u0131r.<\/span><br \/>\n<span style=\"color: #ffffff;\">\u00a9 Copyright 2014<\/span><\/big><\/strong><\/em><\/small><\/small><\/span><\/td>\n<\/tr>\n<\/tbody>\n<\/table>\n<p><small><small>\u00a0<\/small><\/small><\/p>\n<\/div>","protected":false},"excerpt":{"rendered":"<p>Ergene&#8217;de \u00e7\u0131kan an\u0131z yang\u0131nda, alevlerin s\u0131\u00e7rad\u0131\u011f\u0131 4 \u00e7iftlik evi ile yakla\u015f\u0131k 5 bin saman balyas\u0131 yand\u0131. \u00dcreticiler, \u00e7iftliklerde bulunan hayvanlar\u0131 ile tarlalardaki saman balyalar\u0131n\u0131 ba\u015fka alanlara g\u00f6t\u00fcrmek i\u00e7in yo\u011fun \u00e7aba harcad\u0131. Ergene ile \u00c7orlu il\u00e7eleri aras\u0131ndaki \u00e7evre yolu kenar\u0131ndaki alanda, saat 13.30 s\u0131ralar\u0131nda an\u0131z yang\u0131n\u0131 \u00e7\u0131kt\u0131. Alevler r\u00fczgar\u0131n da etkisiyle geni\u015f alana yay\u0131ld\u0131. \u0130hbarla b\u00f6lgeye &hellip;<\/p>\n","protected":false},"author":151,"featured_media":123443,"comment_status":"open","ping_status":"closed","sticky":false,"template":"","format":"standard","meta":{"footnotes":""},"categories":[26],"tags":[2185,36251,8025,1085,9376,15478,3661,376,36250,1089,1086],"class_list":["post-123440","post","type-post","status-publish","format-standard","has-post-thumbnail","hentry","category-asayis","tag-aniz","tag-aniz-yangini-4-ciftlik-evi-yandi","tag-asayis","tag-ciftlik","tag-corlu-kaza","tag-corlu-son-dakika-kaza","tag-son-dakika-kaza","tag-tekirdag","tag-tekirdagda-aniz-yangini-4-ciftlik-evi-yandi","tag-yandi","tag-yangini"],"yoast_head":"<!-- This site is optimized with the Yoast SEO Premium plugin v23.3 (Yoast SEO v23.3) - https:\/\/yoast.com\/wordpress\/plugins\/seo\/ -->\n<title>An\u0131z Yang\u0131n\u0131; 4 \u00c7iftlik Evi Yand\u0131 | \u00c7orlu&#039;da Haber<\/title>\n<meta name=\"description\" content=\"An\u0131z Yang\u0131n\u0131; 4 \u00c7iftlik Evi Yand\u0131 | \u00c7orlu&#039;da Haber\" \/>\n<meta name=\"robots\" content=\"index, follow, max-snippet:-1, max-image-preview:large, max-video-preview:-1\" \/>\n<link rel=\"canonical\" href=\"https:\/\/corludahaber.com\/h\/tekirdagda-aniz-yangini-4-ciftlik-evi-yandi-6-2\/123440\" \/>\n<meta property=\"og:locale\" content=\"tr_TR\" \/>\n<meta property=\"og:type\" content=\"article\" \/>\n<meta property=\"og:title\" content=\"An\u0131z Yang\u0131n\u0131; 4 \u00c7iftlik Evi Yand\u0131 | \u00c7orlu&#039;da Haber\" \/>\n<meta property=\"og:description\" content=\"An\u0131z Yang\u0131n\u0131; 4 \u00c7iftlik Evi Yand\u0131 | \u00c7orlu&#039;da Haber\" \/>\n<meta property=\"og:url\" content=\"https:\/\/corludahaber.com\/h\/tekirdagda-aniz-yangini-4-ciftlik-evi-yandi-6-2\/123440\" \/>\n<meta property=\"og:site_name\" content=\"\u00c7orlu&#039;da Haber\" \/>\n<meta property=\"article:publisher\" content=\"https:\/\/facebook.com\/habercorluda\" \/>\n<meta property=\"article:published_time\" content=\"2026-08-13T15:29:44+00:00\" \/>\n<meta property=\"article:modified_time\" content=\"2026-08-14T05:18:02+00:00\" \/>\n<meta property=\"og:image\" content=\"https:\/\/corludahaber.com\/h\/wp-content\/uploads\/2026\/08\/tekirdagda-aniz-yangini-4-ciftlik-evi-yandi_6a7de2f6c00c6-scaled.jpeg\" \/>\n\t<meta property=\"og:image:width\" content=\"2560\" \/>\n\t<meta property=\"og:image:height\" content=\"1364\" \/>\n\t<meta property=\"og:image:type\" content=\"image\/jpeg\" \/>\n<meta name=\"author\" content=\"\u00c7orlu&#039;da Haber\" \/>\n<meta name=\"twitter:card\" content=\"summary_large_image\" \/>\n<meta name=\"twitter:creator\" content=\"@habercorluda\" \/>\n<meta name=\"twitter:site\" content=\"@habercorluda\" \/>\n<meta name=\"twitter:label1\" content=\"Yazan:\" \/>\n\t<meta name=\"twitter:data1\" content=\"\u00c7orlu&#039;da Haber\" \/>\n\t<meta name=\"twitter:label2\" content=\"Tahmini okuma s\u00fcresi\" \/>\n\t<meta name=\"twitter:data2\" content=\"1 dakika\" \/>\n<script type=\"application\/ld+json\" class=\"yoast-schema-graph\">{\"@context\":\"https:\/\/schema.org\",\"@graph\":[{\"@type\":\"Article\",\"@id\":\"https:\/\/corludahaber.com\/h\/tekirdagda-aniz-yangini-4-ciftlik-evi-yandi-6-2\/123440#article\",\"isPartOf\":{\"@id\":\"https:\/\/corludahaber.com\/h\/tekirdagda-aniz-yangini-4-ciftlik-evi-yandi-6-2\/123440\"},\"author\":{\"name\":\"\u00c7orlu'da Haber\",\"@id\":\"https:\/\/corludahaber.com\/h\/#\/schema\/person\/b523522be44b062db5d74a62589768cd\"},\"headline\":\"An\u0131z Yang\u0131n\u0131; 4 \u00c7iftlik Evi Yand\u0131\",\"datePublished\":\"2026-08-13T15:29:44+00:00\",\"dateModified\":\"2026-08-14T05:18:02+00:00\",\"mainEntityOfPage\":{\"@id\":\"https:\/\/corludahaber.com\/h\/tekirdagda-aniz-yangini-4-ciftlik-evi-yandi-6-2\/123440\"},\"wordCount\":221,\"commentCount\":0,\"publisher\":{\"@id\":\"https:\/\/corludahaber.com\/h\/#organization\"},\"image\":{\"@id\":\"https:\/\/corludahaber.com\/h\/tekirdagda-aniz-yangini-4-ciftlik-evi-yandi-6-2\/123440#primaryimage\"},\"thumbnailUrl\":\"https:\/\/corludahaber.com\/h\/wp-content\/uploads\/2026\/08\/tekirdagda-aniz-yangini-4-ciftlik-evi-yandi_6a7de2f6c00c6-scaled.jpeg\",\"keywords\":[\"An\u0131z\",\"An\u0131z Yang\u0131n\u0131; 4 \u00c7iftlik Evi Yand\u0131\",\"asayi\u015f\",\"\u00c7iftlik\",\"\u00c7orlu kaza\",\"\u00c7orlu son dakika kaza\",\"son dakika kaza\",\"Tekirda\u011f\",\"Tekirda\u011f'da an\u0131z yang\u0131n\u0131; 4 \u00e7iftlik evi yand\u0131\",\"Yand\u0131\",\"Yang\u0131n\u0131\"],\"articleSection\":[\"Asayi\u015f\"],\"inLanguage\":\"tr\",\"potentialAction\":[{\"@type\":\"CommentAction\",\"name\":\"Comment\",\"target\":[\"https:\/\/corludahaber.com\/h\/tekirdagda-aniz-yangini-4-ciftlik-evi-yandi-6-2\/123440#respond\"]}]},{\"@type\":\"WebPage\",\"@id\":\"https:\/\/corludahaber.com\/h\/tekirdagda-aniz-yangini-4-ciftlik-evi-yandi-6-2\/123440\",\"url\":\"https:\/\/corludahaber.com\/h\/tekirdagda-aniz-yangini-4-ciftlik-evi-yandi-6-2\/123440\",\"name\":\"An\u0131z Yang\u0131n\u0131; 4 \u00c7iftlik Evi Yand\u0131 | \u00c7orlu&#039;da Haber\",\"isPartOf\":{\"@id\":\"https:\/\/corludahaber.com\/h\/#website\"},\"primaryImageOfPage\":{\"@id\":\"https:\/\/corludahaber.com\/h\/tekirdagda-aniz-yangini-4-ciftlik-evi-yandi-6-2\/123440#primaryimage\"},\"image\":{\"@id\":\"https:\/\/corludahaber.com\/h\/tekirdagda-aniz-yangini-4-ciftlik-evi-yandi-6-2\/123440#primaryimage\"},\"thumbnailUrl\":\"https:\/\/corludahaber.com\/h\/wp-content\/uploads\/2026\/08\/tekirdagda-aniz-yangini-4-ciftlik-evi-yandi_6a7de2f6c00c6-scaled.jpeg\",\"datePublished\":\"2026-08-13T15:29:44+00:00\",\"dateModified\":\"2026-08-14T05:18:02+00:00\",\"description\":\"An\u0131z Yang\u0131n\u0131; 4 \u00c7iftlik Evi Yand\u0131 | \u00c7orlu&#039;da Haber\",\"breadcrumb\":{\"@id\":\"https:\/\/corludahaber.com\/h\/tekirdagda-aniz-yangini-4-ciftlik-evi-yandi-6-2\/123440#breadcrumb\"},\"inLanguage\":\"tr\",\"potentialAction\":[{\"@type\":\"ReadAction\",\"target\":[\"https:\/\/corludahaber.com\/h\/tekirdagda-aniz-yangini-4-ciftlik-evi-yandi-6-2\/123440\"]}]},{\"@type\":\"ImageObject\",\"inLanguage\":\"tr\",\"@id\":\"https:\/\/corludahaber.com\/h\/tekirdagda-aniz-yangini-4-ciftlik-evi-yandi-6-2\/123440#primaryimage\",\"url\":\"https:\/\/corludahaber.com\/h\/wp-content\/uploads\/2026\/08\/tekirdagda-aniz-yangini-4-ciftlik-evi-yandi_6a7de2f6c00c6-scaled.jpeg\",\"contentUrl\":\"https:\/\/corludahaber.com\/h\/wp-content\/uploads\/2026\/08\/tekirdagda-aniz-yangini-4-ciftlik-evi-yandi_6a7de2f6c00c6-scaled.jpeg\",\"width\":2560,\"height\":1364},{\"@type\":\"BreadcrumbList\",\"@id\":\"https:\/\/corludahaber.com\/h\/tekirdagda-aniz-yangini-4-ciftlik-evi-yandi-6-2\/123440#breadcrumb\",\"itemListElement\":[{\"@type\":\"ListItem\",\"position\":1,\"name\":\"Anasayfa\",\"item\":\"https:\/\/corludahaber.com\/h\/anasayfa\"},{\"@type\":\"ListItem\",\"position\":2,\"name\":\"Asayi\u015f\",\"item\":\"https:\/\/corludahaber.com\/h\/kategori\/asayis\"},{\"@type\":\"ListItem\",\"position\":3,\"name\":\"An\u0131z Yang\u0131n\u0131; 4 \u00c7iftlik Evi Yand\u0131\"}]},{\"@type\":\"WebSite\",\"@id\":\"https:\/\/corludahaber.com\/h\/#website\",\"url\":\"https:\/\/corludahaber.com\/h\/\",\"name\":\"\u00c7orlu'da Haber\",\"description\":\"Ger\u00e7ek Tarafs\u0131z Haber\",\"publisher\":{\"@id\":\"https:\/\/corludahaber.com\/h\/#organization\"},\"potentialAction\":[{\"@type\":\"SearchAction\",\"target\":{\"@type\":\"EntryPoint\",\"urlTemplate\":\"https:\/\/corludahaber.com\/h\/?s={search_term_string}\"},\"query-input\":\"required name=search_term_string\"}],\"inLanguage\":\"tr\"},{\"@type\":\"Organization\",\"@id\":\"https:\/\/corludahaber.com\/h\/#organization\",\"name\":\"\u00c7orlu'da Haber\",\"url\":\"https:\/\/corludahaber.com\/h\/\",\"logo\":{\"@type\":\"ImageObject\",\"inLanguage\":\"tr\",\"@id\":\"https:\/\/corludahaber.com\/h\/#\/schema\/logo\/image\/\",\"url\":\"https:\/\/corludahaber.com\/h\/wp-content\/uploads\/2021\/12\/logo__9__1_-removebg-preview.png\",\"contentUrl\":\"https:\/\/corludahaber.com\/h\/wp-content\/uploads\/2021\/12\/logo__9__1_-removebg-preview.png\",\"width\":500,\"height\":157,\"caption\":\"\u00c7orlu'da Haber\"},\"image\":{\"@id\":\"https:\/\/corludahaber.com\/h\/#\/schema\/logo\/image\/\"},\"sameAs\":[\"https:\/\/facebook.com\/habercorluda\",\"https:\/\/x.com\/habercorluda\",\"https:\/\/www.instagram.com\/corludahaber\",\"https:\/\/www.youtube.com\/user\/corludahaber\"]},{\"@type\":\"Person\",\"@id\":\"https:\/\/corludahaber.com\/h\/#\/schema\/person\/b523522be44b062db5d74a62589768cd\",\"name\":\"\u00c7orlu'da Haber\",\"image\":{\"@type\":\"ImageObject\",\"inLanguage\":\"tr\",\"@id\":\"https:\/\/corludahaber.com\/h\/#\/schema\/person\/image\/\",\"url\":\"https:\/\/secure.gravatar.com\/avatar\/1033e54e078c29fd7f053370086ff627ba414b05c2b231c418a481adecd764ce?s=96&d=blank&r=g\",\"contentUrl\":\"https:\/\/secure.gravatar.com\/avatar\/1033e54e078c29fd7f053370086ff627ba414b05c2b231c418a481adecd764ce?s=96&d=blank&r=g\",\"caption\":\"\u00c7orlu'da Haber\"},\"sameAs\":[\"https:\/\/corludahaber.com\/h\"],\"url\":\"https:\/\/corludahaber.com\/h\/author\/admin\"}]}<\/script>\n<!-- \/ Yoast SEO Premium plugin. -->","yoast_head_json":{"title":"An\u0131z Yang\u0131n\u0131; 4 \u00c7iftlik Evi Yand\u0131 | \u00c7orlu&#039;da Haber","description":"An\u0131z Yang\u0131n\u0131; 4 \u00c7iftlik Evi Yand\u0131 | \u00c7orlu&#039;da Haber","robots":{"index":"index","follow":"follow","max-snippet":"max-snippet:-1","max-image-preview":"max-image-preview:large","max-video-preview":"max-video-preview:-1"},"canonical":"https:\/\/corludahaber.com\/h\/tekirdagda-aniz-yangini-4-ciftlik-evi-yandi-6-2\/123440","og_locale":"tr_TR","og_type":"article","og_title":"An\u0131z Yang\u0131n\u0131; 4 \u00c7iftlik Evi Yand\u0131 | \u00c7orlu&#039;da Haber","og_description":"An\u0131z Yang\u0131n\u0131; 4 \u00c7iftlik Evi Yand\u0131 | \u00c7orlu&#039;da Haber","og_url":"https:\/\/corludahaber.com\/h\/tekirdagda-aniz-yangini-4-ciftlik-evi-yandi-6-2\/123440","og_site_name":"\u00c7orlu&#039;da Haber","article_publisher":"https:\/\/facebook.com\/habercorluda","article_published_time":"2026-08-13T15:29:44+00:00","article_modified_time":"2026-08-14T05:18:02+00:00","og_image":[{"width":2560,"height":1364,"url":"https:\/\/corludahaber.com\/h\/wp-content\/uploads\/2026\/08\/tekirdagda-aniz-yangini-4-ciftlik-evi-yandi_6a7de2f6c00c6-scaled.jpeg","type":"image\/jpeg"}],"author":"\u00c7orlu'da Haber","twitter_card":"summary_large_image","twitter_creator":"@habercorluda","twitter_site":"@habercorluda","twitter_misc":{"Yazan:":"\u00c7orlu'da Haber","Tahmini okuma s\u00fcresi":"1 dakika"},"schema":{"@context":"https:\/\/schema.org","@graph":[{"@type":"Article","@id":"https:\/\/corludahaber.com\/h\/tekirdagda-aniz-yangini-4-ciftlik-evi-yandi-6-2\/123440#article","isPartOf":{"@id":"https:\/\/corludahaber.com\/h\/tekirdagda-aniz-yangini-4-ciftlik-evi-yandi-6-2\/123440"},"author":{"name":"\u00c7orlu'da Haber","@id":"https:\/\/corludahaber.com\/h\/#\/schema\/person\/b523522be44b062db5d74a62589768cd"},"headline":"An\u0131z Yang\u0131n\u0131; 4 \u00c7iftlik Evi Yand\u0131","datePublished":"2026-08-13T15:29:44+00:00","dateModified":"2026-08-14T05:18:02+00:00","mainEntityOfPage":{"@id":"https:\/\/corludahaber.com\/h\/tekirdagda-aniz-yangini-4-ciftlik-evi-yandi-6-2\/123440"},"wordCount":221,"commentCount":0,"publisher":{"@id":"https:\/\/corludahaber.com\/h\/#organization"},"image":{"@id":"https:\/\/corludahaber.com\/h\/tekirdagda-aniz-yangini-4-ciftlik-evi-yandi-6-2\/123440#primaryimage"},"thumbnailUrl":"https:\/\/corludahaber.com\/h\/wp-content\/uploads\/2026\/08\/tekirdagda-aniz-yangini-4-ciftlik-evi-yandi_6a7de2f6c00c6-scaled.jpeg","keywords":["An\u0131z","An\u0131z Yang\u0131n\u0131; 4 \u00c7iftlik Evi Yand\u0131","asayi\u015f","\u00c7iftlik","\u00c7orlu kaza","\u00c7orlu son dakika kaza","son dakika kaza","Tekirda\u011f","Tekirda\u011f'da an\u0131z yang\u0131n\u0131; 4 \u00e7iftlik evi yand\u0131","Yand\u0131","Yang\u0131n\u0131"],"articleSection":["Asayi\u015f"],"inLanguage":"tr","potentialAction":[{"@type":"CommentAction","name":"Comment","target":["https:\/\/corludahaber.com\/h\/tekirdagda-aniz-yangini-4-ciftlik-evi-yandi-6-2\/123440#respond"]}]},{"@type":"WebPage","@id":"https:\/\/corludahaber.com\/h\/tekirdagda-aniz-yangini-4-ciftlik-evi-yandi-6-2\/123440","url":"https:\/\/corludahaber.com\/h\/tekirdagda-aniz-yangini-4-ciftlik-evi-yandi-6-2\/123440","name":"An\u0131z Yang\u0131n\u0131; 4 \u00c7iftlik Evi Yand\u0131 | \u00c7orlu&#039;da Haber","isPartOf":{"@id":"https:\/\/corludahaber.com\/h\/#website"},"primaryImageOfPage":{"@id":"https:\/\/corludahaber.com\/h\/tekirdagda-aniz-yangini-4-ciftlik-evi-yandi-6-2\/123440#primaryimage"},"image":{"@id":"https:\/\/corludahaber.com\/h\/tekirdagda-aniz-yangini-4-ciftlik-evi-yandi-6-2\/123440#primaryimage"},"thumbnailUrl":"https:\/\/corludahaber.com\/h\/wp-content\/uploads\/2026\/08\/tekirdagda-aniz-yangini-4-ciftlik-evi-yandi_6a7de2f6c00c6-scaled.jpeg","datePublished":"2026-08-13T15:29:44+00:00","dateModified":"2026-08-14T05:18:02+00:00","description":"An\u0131z Yang\u0131n\u0131; 4 \u00c7iftlik Evi Yand\u0131 | \u00c7orlu&#039;da Haber","breadcrumb":{"@id":"https:\/\/corludahaber.com\/h\/tekirdagda-aniz-yangini-4-ciftlik-evi-yandi-6-2\/123440#breadcrumb"},"inLanguage":"tr","potentialAction":[{"@type":"ReadAction","target":["https:\/\/corludahaber.com\/h\/tekirdagda-aniz-yangini-4-ciftlik-evi-yandi-6-2\/123440"]}]},{"@type":"ImageObject","inLanguage":"tr","@id":"https:\/\/corludahaber.com\/h\/tekirdagda-aniz-yangini-4-ciftlik-evi-yandi-6-2\/123440#primaryimage","url":"https:\/\/corludahaber.com\/h\/wp-content\/uploads\/2026\/08\/tekirdagda-aniz-yangini-4-ciftlik-evi-yandi_6a7de2f6c00c6-scaled.jpeg","contentUrl":"https:\/\/corludahaber.com\/h\/wp-content\/uploads\/2026\/08\/tekirdagda-aniz-yangini-4-ciftlik-evi-yandi_6a7de2f6c00c6-scaled.jpeg","width":2560,"height":1364},{"@type":"BreadcrumbList","@id":"https:\/\/corludahaber.com\/h\/tekirdagda-aniz-yangini-4-ciftlik-evi-yandi-6-2\/123440#breadcrumb","itemListElement":[{"@type":"ListItem","position":1,"name":"Anasayfa","item":"https:\/\/corludahaber.com\/h\/anasayfa"},{"@type":"ListItem","position":2,"name":"Asayi\u015f","item":"https:\/\/corludahaber.com\/h\/kategori\/asayis"},{"@type":"ListItem","position":3,"name":"An\u0131z Yang\u0131n\u0131; 4 \u00c7iftlik Evi Yand\u0131"}]},{"@type":"WebSite","@id":"https:\/\/corludahaber.com\/h\/#website","url":"https:\/\/corludahaber.com\/h\/","name":"\u00c7orlu'da Haber","description":"Ger\u00e7ek Tarafs\u0131z Haber","publisher":{"@id":"https:\/\/corludahaber.com\/h\/#organization"},"potentialAction":[{"@type":"SearchAction","target":{"@type":"EntryPoint","urlTemplate":"https:\/\/corludahaber.com\/h\/?s={search_term_string}"},"query-input":"required name=search_term_string"}],"inLanguage":"tr"},{"@type":"Organization","@id":"https:\/\/corludahaber.com\/h\/#organization","name":"\u00c7orlu'da Haber","url":"https:\/\/corludahaber.com\/h\/","logo":{"@type":"ImageObject","inLanguage":"tr","@id":"https:\/\/corludahaber.com\/h\/#\/schema\/logo\/image\/","url":"https:\/\/corludahaber.com\/h\/wp-content\/uploads\/2021\/12\/logo__9__1_-removebg-preview.png","contentUrl":"https:\/\/corludahaber.com\/h\/wp-content\/uploads\/2021\/12\/logo__9__1_-removebg-preview.png","width":500,"height":157,"caption":"\u00c7orlu'da Haber"},"image":{"@id":"https:\/\/corludahaber.com\/h\/#\/schema\/logo\/image\/"},"sameAs":["https:\/\/facebook.com\/habercorluda","https:\/\/x.com\/habercorluda","https:\/\/www.instagram.com\/corludahaber","https:\/\/www.youtube.com\/user\/corludahaber"]},{"@type":"Person","@id":"https:\/\/corludahaber.com\/h\/#\/schema\/person\/b523522be44b062db5d74a62589768cd","name":"\u00c7orlu'da Haber","image":{"@type":"ImageObject","inLanguage":"tr","@id":"https:\/\/corludahaber.com\/h\/#\/schema\/person\/image\/","url":"https:\/\/secure.gravatar.com\/avatar\/1033e54e078c29fd7f053370086ff627ba414b05c2b231c418a481adecd764ce?s=96&d=blank&r=g","contentUrl":"https:\/\/secure.gravatar.com\/avatar\/1033e54e078c29fd7f053370086ff627ba414b05c2b231c418a481adecd764ce?s=96&d=blank&r=g","caption":"\u00c7orlu'da Haber"},"sameAs":["https:\/\/corludahaber.com\/h"],"url":"https:\/\/corludahaber.com\/h\/author\/admin"}]}},"_links":{"self":[{"href":"https:\/\/corludahaber.com\/h\/wp-json\/wp\/v2\/posts\/123440","targetHints":{"allow":["GET"]}}],"collection":[{"href":"https:\/\/corludahaber.com\/h\/wp-json\/wp\/v2\/posts"}],"about":[{"href":"https:\/\/corludahaber.com\/h\/wp-json\/wp\/v2\/types\/post"}],"author":[{"embeddable":true,"href":"https:\/\/corludahaber.com\/h\/wp-json\/wp\/v2\/users\/151"}],"replies":[{"embeddable":true,"href":"https:\/\/corludahaber.com\/h\/wp-json\/wp\/v2\/comments?post=123440"}],"version-history":[{"count":4,"href":"https:\/\/corludahaber.com\/h\/wp-json\/wp\/v2\/posts\/123440\/revisions"}],"predecessor-version":[{"id":123454,"href":"https:\/\/corludahaber.com\/h\/wp-json\/wp\/v2\/posts\/123440\/revisions\/123454"}],"wp:featuredmedia":[{"embeddable":true,"href":"https:\/\/corludahaber.com\/h\/wp-json\/wp\/v2\/media\/123443"}],"wp:attachment":[{"href":"https:\/\/corludahaber.com\/h\/wp-json\/wp\/v2\/media?parent=123440"}],"wp:term":[{"taxonomy":"category","embeddable":true,"href":"https:\/\/corludahaber.com\/h\/wp-json\/wp\/v2\/categories?post=123440"},{"taxonomy":"post_tag","embeddable":true,"href":"https:\/\/corludahaber.com\/h\/wp-json\/wp\/v2\/tags?post=123440"}],"curies":[{"name":"wp","href":"https:\/\/api.w.org\/{rel}","templated":true}]}}