{"id":119596,"date":"2026-05-03T17:31:29","date_gmt":"2026-05-03T14:31:29","guid":{"rendered":"https:\/\/corludahaber.com\/h\/marmara-ve-bati-karadeniz-icin-frtina-uyarisi\/119596"},"modified":"2026-05-03T17:31:46","modified_gmt":"2026-05-03T14:31:46","slug":"marmara-ve-bati-karadeniz-icin-frtina-uyarisi","status":"publish","type":"post","link":"https:\/\/corludahaber.com\/h\/marmara-ve-bati-karadeniz-icin-frtina-uyarisi\/119596","title":{"rendered":"Marmara ve Bat\u0131 Karadeniz i\u00e7in &#8216;frt\u0131na&#8217; uyar\u0131s\u0131"},"content":{"rendered":"<div class=\"corlu-icerikten-once_3\" id=\"corlu-2048373294\"><script type='text\/javascript' src='https:\/\/platform-api.sharethis.com\/js\/sharethis.js#property=5ce8cf08af7d000012cb0ca1&product=inline-reaction-buttons' async='async'><\/script>\r\n\r\n<\/div><div readability=\"44\"><span class=\"category-name hidden\"><\/span><\/p><div class=\"corlu-icerik-2\" id=\"corlu-2303056334\"><!-- Admatic AUTO ads START -->\r\n<ins data-publisher=\"adm-pub-155556240050\" data-ad-network=\"659428a24d11b285b616c18d\"   class=\"adm-ads-area\"><\/ins>\r\n<script type=\"text\/javascript\" src=\"https:\/\/static.cdn.admatic.com.tr\/showad\/showad.min.js\"><\/script>\r\n<!-- Admatic AUTO ads END --><\/div>\n<p> \/ED\u0130RNE,(Haber Merkezi)-METEOROLOJ\u0130 Genel M\u00fcd\u00fcrl\u00fc\u011f\u00fc (MGM), Marmara B\u00f6lgesi ile Bat\u0131 Karadeniz&#8217;deki denizler i\u00e7in f\u0131rt\u0131na uyar\u0131s\u0131 verdi.<\/p>\n<p>MGM \u0130stanbul B\u00f6lge Tahmin ve Erken Uyar\u0131 Merkezi taraf\u0131ndan yap\u0131lan a\u00e7\u0131klamada, Bat\u0131 Karadeniz ve Marmara B\u00f6lgesi\u2019nde r\u00fczgar\u0131n, yar\u0131n sabah\u0131n ilk saatlerinden itibaren kuzey ve kuzeydo\u011fu y\u00f6nlerden 6 ile 8 kuvvetinde (50-75 kilometre\/saat) f\u0131rt\u0131na \u015feklinde esece\u011finin tahmin edildi\u011fi bildirildi. F\u0131rt\u0131nan\u0131n, 4 May\u0131s pazartesi g\u00fcn\u00fc saatlerinde etkisini kaybetmesinin beklendi\u011fi de belirtildi. Yetkililer, ula\u015f\u0131mda aksamalara kar\u015f\u0131 vatanda\u015flar\u0131 uyard\u0131. (Haber Merkezi)<\/p>\n<\/div>\n<div class=\"corlu-icerikten-sonra_3\" id=\"corlu-2028321908\"><p><img loading=\"lazy\" decoding=\"async\" class=\"aligncenter\" src=\"https:\/\/www.corludahaber.com\/bahcesehir.jpg\" alt=\"\" width=\"624\" height=\"196\" \/><\/p>\n<table style=\"text-align: left; width: 100%;\" border=\"1\" cellspacing=\"2\" cellpadding=\"2\">\n<tbody>\n<tr>\n<td style=\"background-color: #050805;\"><span style=\"font-size: 12pt;\"><small><small><em><strong><big><span style=\"color: #ff0000;\">Haber ve resimlerin telif haklar\u0131ndan dolay\u0131 kullan\u0131m\u0131 yasakt\u0131r<span style=\"color: #000000;\">.<\/span><\/span><span style=\"color: #000000;\">\u00a0<\/span><span style=\"color: #ffffff;\">Yaz\u0131l\u0131 izni al\u0131nmadan hi\u00e7bir yaz\u0131l\u0131, g\u00f6rsel, i\u015fitsel i\u00e7erik kopyalanamaz, de\u011fi\u015ftirilemez, yay\u0131nlanamaz veya sat\u0131lamaz. Aksi halde<\/span>\u00a0<span style=\"color: #ff0000;\">5846<span style=\"color: #ffffff;\">\u00a0<\/span><\/span><span style=\"color: #ffffff;\">say\u0131l\u0131 Fikir ve Sanat Eserleri Kanunu\u2019na ve<\/span>\u00a0<span style=\"color: #800000;\"><span style=\"color: #ff0000;\">6102<\/span><span style=\"color: #ffffff;\">\u00a0<\/span><\/span><span style=\"color: #ffffff;\">say\u0131l\u0131 maddesine g\u00f6re<\/span>\u00a0<span style=\"color: #ff0000;\">gerekli i\u015flemler uygulanacakt\u0131r.<\/span><br \/>\n<span style=\"color: #ffffff;\">\u00a9 Copyright 2014<\/span><\/big><\/strong><\/em><\/small><\/small><\/span><\/td>\n<\/tr>\n<\/tbody>\n<\/table>\n<p><small><small>\u00a0<\/small><\/small><\/p>\n<\/div>","protected":false},"excerpt":{"rendered":"<p>\/ED\u0130RNE,(Haber Merkezi)-METEOROLOJ\u0130 Genel M\u00fcd\u00fcrl\u00fc\u011f\u00fc (MGM), Marmara B\u00f6lgesi ile Bat\u0131 Karadeniz&#8217;deki denizler i\u00e7in f\u0131rt\u0131na uyar\u0131s\u0131 verdi. MGM \u0130stanbul B\u00f6lge Tahmin ve Erken Uyar\u0131 Merkezi taraf\u0131ndan yap\u0131lan a\u00e7\u0131klamada, Bat\u0131 Karadeniz ve Marmara B\u00f6lgesi\u2019nde r\u00fczgar\u0131n, yar\u0131n sabah\u0131n ilk saatlerinden itibaren kuzey ve kuzeydo\u011fu y\u00f6nlerden 6 ile 8 kuvvetinde (50-75 kilometre\/saat) f\u0131rt\u0131na \u015feklinde esece\u011finin tahmin edildi\u011fi bildirildi. F\u0131rt\u0131nan\u0131n, 4 &hellip;<\/p>\n","protected":false},"author":151,"featured_media":119597,"comment_status":"open","ping_status":"closed","sticky":false,"template":"","format":"standard","meta":{"footnotes":""},"categories":[121],"tags":[8025,1772,9376,15478,33626,594,10375,347,33627,3661,1552],"class_list":["post-119596","post","type-post","status-publish","format-standard","has-post-thumbnail","hentry","category-edirne","tag-asayis","tag-bati","tag-corlu-kaza","tag-corlu-son-dakika-kaza","tag-frtina","tag-icin","tag-karadeniz","tag-marmara","tag-marmara-ve-bati-karadeniz-icin-frtina-uyarisi","tag-son-dakika-kaza","tag-uyarisi"],"yoast_head":"<!-- This site is optimized with the Yoast SEO Premium plugin v23.3 (Yoast SEO v23.3) - https:\/\/yoast.com\/wordpress\/plugins\/seo\/ -->\n<title>Marmara ve Bat\u0131 Karadeniz i\u00e7in &#039;frt\u0131na&#039; uyar\u0131s\u0131 | \u00c7orlu&#039;da Haber<\/title>\n<meta name=\"description\" content=\"Marmara ve Bat\u0131 Karadeniz i\u00e7in &#039;frt\u0131na&#039; uyar\u0131s\u0131 | \u00c7orlu&#039;da Haber\" \/>\n<meta name=\"robots\" content=\"index, follow, max-snippet:-1, max-image-preview:large, max-video-preview:-1\" \/>\n<link rel=\"canonical\" href=\"https:\/\/corludahaber.com\/h\/marmara-ve-bati-karadeniz-icin-frtina-uyarisi\/119596\" \/>\n<meta property=\"og:locale\" content=\"tr_TR\" \/>\n<meta property=\"og:type\" content=\"article\" \/>\n<meta property=\"og:title\" content=\"Marmara ve Bat\u0131 Karadeniz i\u00e7in &#039;frt\u0131na&#039; uyar\u0131s\u0131 | \u00c7orlu&#039;da Haber\" \/>\n<meta property=\"og:description\" content=\"Marmara ve Bat\u0131 Karadeniz i\u00e7in &#039;frt\u0131na&#039; uyar\u0131s\u0131 | \u00c7orlu&#039;da Haber\" \/>\n<meta property=\"og:url\" content=\"https:\/\/corludahaber.com\/h\/marmara-ve-bati-karadeniz-icin-frtina-uyarisi\/119596\" \/>\n<meta property=\"og:site_name\" content=\"\u00c7orlu&#039;da Haber\" \/>\n<meta property=\"article:publisher\" content=\"https:\/\/facebook.com\/habercorluda\" \/>\n<meta property=\"article:published_time\" content=\"2026-05-03T14:31:29+00:00\" \/>\n<meta property=\"article:modified_time\" content=\"2026-05-03T14:31:46+00:00\" \/>\n<meta property=\"og:image\" content=\"http:\/\/corludahaber.com\/h\/wp-content\/uploads\/2026\/05\/marmara-ve-bati-karadeniz-icin-frtina-uyarisi_69f75c446b50c-scaled.jpeg\" \/>\n\t<meta property=\"og:image:width\" content=\"2560\" \/>\n\t<meta property=\"og:image:height\" content=\"1920\" \/>\n\t<meta property=\"og:image:type\" content=\"image\/jpeg\" \/>\n<meta name=\"author\" content=\"\u00c7orlu&#039;da Haber\" \/>\n<meta name=\"twitter:card\" content=\"summary_large_image\" \/>\n<meta name=\"twitter:creator\" content=\"@habercorluda\" \/>\n<meta name=\"twitter:site\" content=\"@habercorluda\" \/>\n<meta name=\"twitter:label1\" content=\"Yazan:\" \/>\n\t<meta name=\"twitter:data1\" content=\"\u00c7orlu&#039;da Haber\" \/>\n\t<meta name=\"twitter:label2\" content=\"Tahmini okuma s\u00fcresi\" \/>\n\t<meta name=\"twitter:data2\" content=\"1 dakika\" \/>\n<script type=\"application\/ld+json\" class=\"yoast-schema-graph\">{\"@context\":\"https:\/\/schema.org\",\"@graph\":[{\"@type\":\"Article\",\"@id\":\"https:\/\/corludahaber.com\/h\/marmara-ve-bati-karadeniz-icin-frtina-uyarisi\/119596#article\",\"isPartOf\":{\"@id\":\"https:\/\/corludahaber.com\/h\/marmara-ve-bati-karadeniz-icin-frtina-uyarisi\/119596\"},\"author\":{\"name\":\"\u00c7orlu'da Haber\",\"@id\":\"https:\/\/corludahaber.com\/h\/#\/schema\/person\/b523522be44b062db5d74a62589768cd\"},\"headline\":\"Marmara ve Bat\u0131 Karadeniz i\u00e7in &#8216;frt\u0131na&#8217; uyar\u0131s\u0131\",\"datePublished\":\"2026-05-03T14:31:29+00:00\",\"dateModified\":\"2026-05-03T14:31:46+00:00\",\"mainEntityOfPage\":{\"@id\":\"https:\/\/corludahaber.com\/h\/marmara-ve-bati-karadeniz-icin-frtina-uyarisi\/119596\"},\"wordCount\":115,\"commentCount\":0,\"publisher\":{\"@id\":\"https:\/\/corludahaber.com\/h\/#organization\"},\"image\":{\"@id\":\"https:\/\/corludahaber.com\/h\/marmara-ve-bati-karadeniz-icin-frtina-uyarisi\/119596#primaryimage\"},\"thumbnailUrl\":\"https:\/\/corludahaber.com\/h\/wp-content\/uploads\/2026\/05\/marmara-ve-bati-karadeniz-icin-frtina-uyarisi_69f75c446b50c-scaled.jpeg\",\"keywords\":[\"asayi\u015f\",\"Bat\u0131\",\"\u00c7orlu kaza\",\"\u00c7orlu son dakika kaza\",\"frt\u0131na\",\"i\u00e7in\",\"Karadeniz\",\"Marmara\",\"Marmara ve Bat\u0131 Karadeniz i\u00e7in 'frt\u0131na' uyar\u0131s\u0131\",\"son dakika kaza\",\"uyar\u0131s\u0131\"],\"articleSection\":[\"Edirne\"],\"inLanguage\":\"tr\",\"potentialAction\":[{\"@type\":\"CommentAction\",\"name\":\"Comment\",\"target\":[\"https:\/\/corludahaber.com\/h\/marmara-ve-bati-karadeniz-icin-frtina-uyarisi\/119596#respond\"]}]},{\"@type\":\"WebPage\",\"@id\":\"https:\/\/corludahaber.com\/h\/marmara-ve-bati-karadeniz-icin-frtina-uyarisi\/119596\",\"url\":\"https:\/\/corludahaber.com\/h\/marmara-ve-bati-karadeniz-icin-frtina-uyarisi\/119596\",\"name\":\"Marmara ve Bat\u0131 Karadeniz i\u00e7in 'frt\u0131na' uyar\u0131s\u0131 | \u00c7orlu&#039;da Haber\",\"isPartOf\":{\"@id\":\"https:\/\/corludahaber.com\/h\/#website\"},\"primaryImageOfPage\":{\"@id\":\"https:\/\/corludahaber.com\/h\/marmara-ve-bati-karadeniz-icin-frtina-uyarisi\/119596#primaryimage\"},\"image\":{\"@id\":\"https:\/\/corludahaber.com\/h\/marmara-ve-bati-karadeniz-icin-frtina-uyarisi\/119596#primaryimage\"},\"thumbnailUrl\":\"https:\/\/corludahaber.com\/h\/wp-content\/uploads\/2026\/05\/marmara-ve-bati-karadeniz-icin-frtina-uyarisi_69f75c446b50c-scaled.jpeg\",\"datePublished\":\"2026-05-03T14:31:29+00:00\",\"dateModified\":\"2026-05-03T14:31:46+00:00\",\"description\":\"Marmara ve Bat\u0131 Karadeniz i\u00e7in 'frt\u0131na' uyar\u0131s\u0131 | \u00c7orlu&#039;da Haber\",\"breadcrumb\":{\"@id\":\"https:\/\/corludahaber.com\/h\/marmara-ve-bati-karadeniz-icin-frtina-uyarisi\/119596#breadcrumb\"},\"inLanguage\":\"tr\",\"potentialAction\":[{\"@type\":\"ReadAction\",\"target\":[\"https:\/\/corludahaber.com\/h\/marmara-ve-bati-karadeniz-icin-frtina-uyarisi\/119596\"]}]},{\"@type\":\"ImageObject\",\"inLanguage\":\"tr\",\"@id\":\"https:\/\/corludahaber.com\/h\/marmara-ve-bati-karadeniz-icin-frtina-uyarisi\/119596#primaryimage\",\"url\":\"https:\/\/corludahaber.com\/h\/wp-content\/uploads\/2026\/05\/marmara-ve-bati-karadeniz-icin-frtina-uyarisi_69f75c446b50c-scaled.jpeg\",\"contentUrl\":\"https:\/\/corludahaber.com\/h\/wp-content\/uploads\/2026\/05\/marmara-ve-bati-karadeniz-icin-frtina-uyarisi_69f75c446b50c-scaled.jpeg\",\"width\":2560,\"height\":1920},{\"@type\":\"BreadcrumbList\",\"@id\":\"https:\/\/corludahaber.com\/h\/marmara-ve-bati-karadeniz-icin-frtina-uyarisi\/119596#breadcrumb\",\"itemListElement\":[{\"@type\":\"ListItem\",\"position\":1,\"name\":\"Anasayfa\",\"item\":\"https:\/\/corludahaber.com\/h\/\"},{\"@type\":\"ListItem\",\"position\":2,\"name\":\"Edirne\",\"item\":\"https:\/\/corludahaber.com\/h\/kategori\/edirne\"},{\"@type\":\"ListItem\",\"position\":3,\"name\":\"Marmara ve Bat\u0131 Karadeniz i\u00e7in &#8216;frt\u0131na&#8217; uyar\u0131s\u0131\"}]},{\"@type\":\"WebSite\",\"@id\":\"https:\/\/corludahaber.com\/h\/#website\",\"url\":\"https:\/\/corludahaber.com\/h\/\",\"name\":\"\u00c7orlu'da Haber\",\"description\":\"Ger\u00e7ek Tarafs\u0131z Haber\",\"publisher\":{\"@id\":\"https:\/\/corludahaber.com\/h\/#organization\"},\"potentialAction\":[{\"@type\":\"SearchAction\",\"target\":{\"@type\":\"EntryPoint\",\"urlTemplate\":\"https:\/\/corludahaber.com\/h\/?s={search_term_string}\"},\"query-input\":\"required name=search_term_string\"}],\"inLanguage\":\"tr\"},{\"@type\":\"Organization\",\"@id\":\"https:\/\/corludahaber.com\/h\/#organization\",\"name\":\"\u00c7orlu'da Haber\",\"url\":\"https:\/\/corludahaber.com\/h\/\",\"logo\":{\"@type\":\"ImageObject\",\"inLanguage\":\"tr\",\"@id\":\"https:\/\/corludahaber.com\/h\/#\/schema\/logo\/image\/\",\"url\":\"https:\/\/corludahaber.com\/h\/wp-content\/uploads\/2021\/12\/logo__9__1_-removebg-preview.png\",\"contentUrl\":\"https:\/\/corludahaber.com\/h\/wp-content\/uploads\/2021\/12\/logo__9__1_-removebg-preview.png\",\"width\":500,\"height\":157,\"caption\":\"\u00c7orlu'da Haber\"},\"image\":{\"@id\":\"https:\/\/corludahaber.com\/h\/#\/schema\/logo\/image\/\"},\"sameAs\":[\"https:\/\/facebook.com\/habercorluda\",\"https:\/\/x.com\/habercorluda\",\"https:\/\/www.instagram.com\/corludahaber\",\"https:\/\/www.youtube.com\/user\/corludahaber\"]},{\"@type\":\"Person\",\"@id\":\"https:\/\/corludahaber.com\/h\/#\/schema\/person\/b523522be44b062db5d74a62589768cd\",\"name\":\"\u00c7orlu'da Haber\",\"image\":{\"@type\":\"ImageObject\",\"inLanguage\":\"tr\",\"@id\":\"https:\/\/corludahaber.com\/h\/#\/schema\/person\/image\/\",\"url\":\"https:\/\/secure.gravatar.com\/avatar\/1033e54e078c29fd7f053370086ff627ba414b05c2b231c418a481adecd764ce?s=96&d=blank&r=g\",\"contentUrl\":\"https:\/\/secure.gravatar.com\/avatar\/1033e54e078c29fd7f053370086ff627ba414b05c2b231c418a481adecd764ce?s=96&d=blank&r=g\",\"caption\":\"\u00c7orlu'da Haber\"},\"sameAs\":[\"https:\/\/corludahaber.com\/h\"],\"url\":\"https:\/\/corludahaber.com\/h\/author\/admin\"}]}<\/script>\n<!-- \/ Yoast SEO Premium plugin. -->","yoast_head_json":{"title":"Marmara ve Bat\u0131 Karadeniz i\u00e7in 'frt\u0131na' uyar\u0131s\u0131 | \u00c7orlu&#039;da Haber","description":"Marmara ve Bat\u0131 Karadeniz i\u00e7in 'frt\u0131na' uyar\u0131s\u0131 | \u00c7orlu&#039;da Haber","robots":{"index":"index","follow":"follow","max-snippet":"max-snippet:-1","max-image-preview":"max-image-preview:large","max-video-preview":"max-video-preview:-1"},"canonical":"https:\/\/corludahaber.com\/h\/marmara-ve-bati-karadeniz-icin-frtina-uyarisi\/119596","og_locale":"tr_TR","og_type":"article","og_title":"Marmara ve Bat\u0131 Karadeniz i\u00e7in 'frt\u0131na' uyar\u0131s\u0131 | \u00c7orlu&#039;da Haber","og_description":"Marmara ve Bat\u0131 Karadeniz i\u00e7in 'frt\u0131na' uyar\u0131s\u0131 | \u00c7orlu&#039;da Haber","og_url":"https:\/\/corludahaber.com\/h\/marmara-ve-bati-karadeniz-icin-frtina-uyarisi\/119596","og_site_name":"\u00c7orlu&#039;da Haber","article_publisher":"https:\/\/facebook.com\/habercorluda","article_published_time":"2026-05-03T14:31:29+00:00","article_modified_time":"2026-05-03T14:31:46+00:00","og_image":[{"width":2560,"height":1920,"url":"http:\/\/corludahaber.com\/h\/wp-content\/uploads\/2026\/05\/marmara-ve-bati-karadeniz-icin-frtina-uyarisi_69f75c446b50c-scaled.jpeg","type":"image\/jpeg"}],"author":"\u00c7orlu'da Haber","twitter_card":"summary_large_image","twitter_creator":"@habercorluda","twitter_site":"@habercorluda","twitter_misc":{"Yazan:":"\u00c7orlu'da Haber","Tahmini okuma s\u00fcresi":"1 dakika"},"schema":{"@context":"https:\/\/schema.org","@graph":[{"@type":"Article","@id":"https:\/\/corludahaber.com\/h\/marmara-ve-bati-karadeniz-icin-frtina-uyarisi\/119596#article","isPartOf":{"@id":"https:\/\/corludahaber.com\/h\/marmara-ve-bati-karadeniz-icin-frtina-uyarisi\/119596"},"author":{"name":"\u00c7orlu'da Haber","@id":"https:\/\/corludahaber.com\/h\/#\/schema\/person\/b523522be44b062db5d74a62589768cd"},"headline":"Marmara ve Bat\u0131 Karadeniz i\u00e7in &#8216;frt\u0131na&#8217; uyar\u0131s\u0131","datePublished":"2026-05-03T14:31:29+00:00","dateModified":"2026-05-03T14:31:46+00:00","mainEntityOfPage":{"@id":"https:\/\/corludahaber.com\/h\/marmara-ve-bati-karadeniz-icin-frtina-uyarisi\/119596"},"wordCount":115,"commentCount":0,"publisher":{"@id":"https:\/\/corludahaber.com\/h\/#organization"},"image":{"@id":"https:\/\/corludahaber.com\/h\/marmara-ve-bati-karadeniz-icin-frtina-uyarisi\/119596#primaryimage"},"thumbnailUrl":"https:\/\/corludahaber.com\/h\/wp-content\/uploads\/2026\/05\/marmara-ve-bati-karadeniz-icin-frtina-uyarisi_69f75c446b50c-scaled.jpeg","keywords":["asayi\u015f","Bat\u0131","\u00c7orlu kaza","\u00c7orlu son dakika kaza","frt\u0131na","i\u00e7in","Karadeniz","Marmara","Marmara ve Bat\u0131 Karadeniz i\u00e7in 'frt\u0131na' uyar\u0131s\u0131","son dakika kaza","uyar\u0131s\u0131"],"articleSection":["Edirne"],"inLanguage":"tr","potentialAction":[{"@type":"CommentAction","name":"Comment","target":["https:\/\/corludahaber.com\/h\/marmara-ve-bati-karadeniz-icin-frtina-uyarisi\/119596#respond"]}]},{"@type":"WebPage","@id":"https:\/\/corludahaber.com\/h\/marmara-ve-bati-karadeniz-icin-frtina-uyarisi\/119596","url":"https:\/\/corludahaber.com\/h\/marmara-ve-bati-karadeniz-icin-frtina-uyarisi\/119596","name":"Marmara ve Bat\u0131 Karadeniz i\u00e7in 'frt\u0131na' uyar\u0131s\u0131 | \u00c7orlu&#039;da Haber","isPartOf":{"@id":"https:\/\/corludahaber.com\/h\/#website"},"primaryImageOfPage":{"@id":"https:\/\/corludahaber.com\/h\/marmara-ve-bati-karadeniz-icin-frtina-uyarisi\/119596#primaryimage"},"image":{"@id":"https:\/\/corludahaber.com\/h\/marmara-ve-bati-karadeniz-icin-frtina-uyarisi\/119596#primaryimage"},"thumbnailUrl":"https:\/\/corludahaber.com\/h\/wp-content\/uploads\/2026\/05\/marmara-ve-bati-karadeniz-icin-frtina-uyarisi_69f75c446b50c-scaled.jpeg","datePublished":"2026-05-03T14:31:29+00:00","dateModified":"2026-05-03T14:31:46+00:00","description":"Marmara ve Bat\u0131 Karadeniz i\u00e7in 'frt\u0131na' uyar\u0131s\u0131 | \u00c7orlu&#039;da Haber","breadcrumb":{"@id":"https:\/\/corludahaber.com\/h\/marmara-ve-bati-karadeniz-icin-frtina-uyarisi\/119596#breadcrumb"},"inLanguage":"tr","potentialAction":[{"@type":"ReadAction","target":["https:\/\/corludahaber.com\/h\/marmara-ve-bati-karadeniz-icin-frtina-uyarisi\/119596"]}]},{"@type":"ImageObject","inLanguage":"tr","@id":"https:\/\/corludahaber.com\/h\/marmara-ve-bati-karadeniz-icin-frtina-uyarisi\/119596#primaryimage","url":"https:\/\/corludahaber.com\/h\/wp-content\/uploads\/2026\/05\/marmara-ve-bati-karadeniz-icin-frtina-uyarisi_69f75c446b50c-scaled.jpeg","contentUrl":"https:\/\/corludahaber.com\/h\/wp-content\/uploads\/2026\/05\/marmara-ve-bati-karadeniz-icin-frtina-uyarisi_69f75c446b50c-scaled.jpeg","width":2560,"height":1920},{"@type":"BreadcrumbList","@id":"https:\/\/corludahaber.com\/h\/marmara-ve-bati-karadeniz-icin-frtina-uyarisi\/119596#breadcrumb","itemListElement":[{"@type":"ListItem","position":1,"name":"Anasayfa","item":"https:\/\/corludahaber.com\/h\/"},{"@type":"ListItem","position":2,"name":"Edirne","item":"https:\/\/corludahaber.com\/h\/kategori\/edirne"},{"@type":"ListItem","position":3,"name":"Marmara ve Bat\u0131 Karadeniz i\u00e7in &#8216;frt\u0131na&#8217; uyar\u0131s\u0131"}]},{"@type":"WebSite","@id":"https:\/\/corludahaber.com\/h\/#website","url":"https:\/\/corludahaber.com\/h\/","name":"\u00c7orlu'da Haber","description":"Ger\u00e7ek Tarafs\u0131z Haber","publisher":{"@id":"https:\/\/corludahaber.com\/h\/#organization"},"potentialAction":[{"@type":"SearchAction","target":{"@type":"EntryPoint","urlTemplate":"https:\/\/corludahaber.com\/h\/?s={search_term_string}"},"query-input":"required name=search_term_string"}],"inLanguage":"tr"},{"@type":"Organization","@id":"https:\/\/corludahaber.com\/h\/#organization","name":"\u00c7orlu'da Haber","url":"https:\/\/corludahaber.com\/h\/","logo":{"@type":"ImageObject","inLanguage":"tr","@id":"https:\/\/corludahaber.com\/h\/#\/schema\/logo\/image\/","url":"https:\/\/corludahaber.com\/h\/wp-content\/uploads\/2021\/12\/logo__9__1_-removebg-preview.png","contentUrl":"https:\/\/corludahaber.com\/h\/wp-content\/uploads\/2021\/12\/logo__9__1_-removebg-preview.png","width":500,"height":157,"caption":"\u00c7orlu'da Haber"},"image":{"@id":"https:\/\/corludahaber.com\/h\/#\/schema\/logo\/image\/"},"sameAs":["https:\/\/facebook.com\/habercorluda","https:\/\/x.com\/habercorluda","https:\/\/www.instagram.com\/corludahaber","https:\/\/www.youtube.com\/user\/corludahaber"]},{"@type":"Person","@id":"https:\/\/corludahaber.com\/h\/#\/schema\/person\/b523522be44b062db5d74a62589768cd","name":"\u00c7orlu'da Haber","image":{"@type":"ImageObject","inLanguage":"tr","@id":"https:\/\/corludahaber.com\/h\/#\/schema\/person\/image\/","url":"https:\/\/secure.gravatar.com\/avatar\/1033e54e078c29fd7f053370086ff627ba414b05c2b231c418a481adecd764ce?s=96&d=blank&r=g","contentUrl":"https:\/\/secure.gravatar.com\/avatar\/1033e54e078c29fd7f053370086ff627ba414b05c2b231c418a481adecd764ce?s=96&d=blank&r=g","caption":"\u00c7orlu'da Haber"},"sameAs":["https:\/\/corludahaber.com\/h"],"url":"https:\/\/corludahaber.com\/h\/author\/admin"}]}},"_links":{"self":[{"href":"https:\/\/corludahaber.com\/h\/wp-json\/wp\/v2\/posts\/119596","targetHints":{"allow":["GET"]}}],"collection":[{"href":"https:\/\/corludahaber.com\/h\/wp-json\/wp\/v2\/posts"}],"about":[{"href":"https:\/\/corludahaber.com\/h\/wp-json\/wp\/v2\/types\/post"}],"author":[{"embeddable":true,"href":"https:\/\/corludahaber.com\/h\/wp-json\/wp\/v2\/users\/151"}],"replies":[{"embeddable":true,"href":"https:\/\/corludahaber.com\/h\/wp-json\/wp\/v2\/comments?post=119596"}],"version-history":[{"count":1,"href":"https:\/\/corludahaber.com\/h\/wp-json\/wp\/v2\/posts\/119596\/revisions"}],"predecessor-version":[{"id":119598,"href":"https:\/\/corludahaber.com\/h\/wp-json\/wp\/v2\/posts\/119596\/revisions\/119598"}],"wp:featuredmedia":[{"embeddable":true,"href":"https:\/\/corludahaber.com\/h\/wp-json\/wp\/v2\/media\/119597"}],"wp:attachment":[{"href":"https:\/\/corludahaber.com\/h\/wp-json\/wp\/v2\/media?parent=119596"}],"wp:term":[{"taxonomy":"category","embeddable":true,"href":"https:\/\/corludahaber.com\/h\/wp-json\/wp\/v2\/categories?post=119596"},{"taxonomy":"post_tag","embeddable":true,"href":"https:\/\/corludahaber.com\/h\/wp-json\/wp\/v2\/tags?post=119596"}],"curies":[{"name":"wp","href":"https:\/\/api.w.org\/{rel}","templated":true}]}}