{"id":119593,"date":"2026-05-03T17:30:56","date_gmt":"2026-05-03T14:30:56","guid":{"rendered":"https:\/\/corludahaber.com\/h\/marmara-ve-bati-karadeniz-icin-firtina-uyarisi-2\/119593"},"modified":"2026-05-03T17:31:12","modified_gmt":"2026-05-03T14:31:12","slug":"marmara-ve-bati-karadeniz-icin-firtina-uyarisi-2","status":"publish","type":"post","link":"https:\/\/corludahaber.com\/h\/marmara-ve-bati-karadeniz-icin-firtina-uyarisi-2\/119593","title":{"rendered":"Marmara ve Bat\u0131 Karadeniz i\u00e7in &#8216;f\u0131rt\u0131na&#8217; uyar\u0131s\u0131 (2)"},"content":{"rendered":"<div class=\"corlu-icerikten-once_3\" id=\"corlu-174056149\"><script type='text\/javascript' src='https:\/\/platform-api.sharethis.com\/js\/sharethis.js#property=5ce8cf08af7d000012cb0ca1&product=inline-reaction-buttons' async='async'><\/script>\r\n\r\n<\/div><div readability=\"46\"><span class=\"category-name hidden\"><\/span><\/p><div class=\"corlu-icerik-2\" id=\"corlu-159713886\"><!-- Admatic AUTO ads START -->\r\n<ins data-publisher=\"adm-pub-155556240050\" data-ad-network=\"659428a24d11b285b616c18d\"   class=\"adm-ads-area\"><\/ins>\r\n<script type=\"text\/javascript\" src=\"https:\/\/static.cdn.admatic.com.tr\/showad\/showad.min.js\"><\/script>\r\n<!-- Admatic AUTO ads END --><\/div>\n<p>MARMARA \u0130\u00c7\u0130N &#8216;FIRTINA&#8217; UYARISI<\/p>\n<p>Meteoroloji Genel M\u00fcd\u00fcrl\u00fc\u011f\u00fc (MGM) \u0130stanbul B\u00f6lgesel Tahmin ve Uyar\u0131 Merkezi taraf\u0131ndan yap\u0131lan a\u00e7\u0131klamada, r\u00fczgar\u0131n \u0130stanbul, K\u0131rklareli, Tekirda\u011f, Kocaeli, Sakarya ve Yalova \u00e7evrelerinde yar\u0131n \u00f6\u011fle saatlerinden itibaren kuzey ve kuzeydo\u011fu y\u00f6nlerden kuvvetli r\u00fczgar ve f\u0131rt\u0131na (50-70 km\/saat yer yer 80 km\/saat) \u015feklinde esmesinin beklendi\u011fi bildirildi. Gece saatlerinde etkisini kaybetmesi beklenen r\u00fczgar\u0131n sebep olabilece\u011fi ula\u015f\u0131mda aksamalar, \u00e7at\u0131 u\u00e7mas\u0131 ve a\u011fa\u00e7 devrilmesi gibi olumsuzluklara kar\u015f\u0131 dikkatli ve tedbirli olunmas\u0131 istendi. (Haber Merkezi)<\/p>\n<p> \/ED\u0130RNE,(Haber Merkezi)<\/p>\n<\/div>\n<div class=\"corlu-icerikten-sonra_3\" id=\"corlu-4246412966\"><p><img loading=\"lazy\" decoding=\"async\" class=\"aligncenter\" src=\"https:\/\/www.corludahaber.com\/bahcesehir.jpg\" alt=\"\" width=\"624\" height=\"196\" \/><\/p>\n<table style=\"text-align: left; width: 100%;\" border=\"1\" cellspacing=\"2\" cellpadding=\"2\">\n<tbody>\n<tr>\n<td style=\"background-color: #050805;\"><span style=\"font-size: 12pt;\"><small><small><em><strong><big><span style=\"color: #ff0000;\">Haber ve resimlerin telif haklar\u0131ndan dolay\u0131 kullan\u0131m\u0131 yasakt\u0131r<span style=\"color: #000000;\">.<\/span><\/span><span style=\"color: #000000;\">\u00a0<\/span><span style=\"color: #ffffff;\">Yaz\u0131l\u0131 izni al\u0131nmadan hi\u00e7bir yaz\u0131l\u0131, g\u00f6rsel, i\u015fitsel i\u00e7erik kopyalanamaz, de\u011fi\u015ftirilemez, yay\u0131nlanamaz veya sat\u0131lamaz. Aksi halde<\/span>\u00a0<span style=\"color: #ff0000;\">5846<span style=\"color: #ffffff;\">\u00a0<\/span><\/span><span style=\"color: #ffffff;\">say\u0131l\u0131 Fikir ve Sanat Eserleri Kanunu\u2019na ve<\/span>\u00a0<span style=\"color: #800000;\"><span style=\"color: #ff0000;\">6102<\/span><span style=\"color: #ffffff;\">\u00a0<\/span><\/span><span style=\"color: #ffffff;\">say\u0131l\u0131 maddesine g\u00f6re<\/span>\u00a0<span style=\"color: #ff0000;\">gerekli i\u015flemler uygulanacakt\u0131r.<\/span><br \/>\n<span style=\"color: #ffffff;\">\u00a9 Copyright 2014<\/span><\/big><\/strong><\/em><\/small><\/small><\/span><\/td>\n<\/tr>\n<\/tbody>\n<\/table>\n<p><small><small>\u00a0<\/small><\/small><\/p>\n<\/div>","protected":false},"excerpt":{"rendered":"<p>MARMARA \u0130\u00c7\u0130N &#8216;FIRTINA&#8217; UYARISI Meteoroloji Genel M\u00fcd\u00fcrl\u00fc\u011f\u00fc (MGM) \u0130stanbul B\u00f6lgesel Tahmin ve Uyar\u0131 Merkezi taraf\u0131ndan yap\u0131lan a\u00e7\u0131klamada, r\u00fczgar\u0131n \u0130stanbul, K\u0131rklareli, Tekirda\u011f, Kocaeli, Sakarya ve Yalova \u00e7evrelerinde yar\u0131n \u00f6\u011fle saatlerinden itibaren kuzey ve kuzeydo\u011fu y\u00f6nlerden kuvvetli r\u00fczgar ve f\u0131rt\u0131na (50-70 km\/saat yer yer 80 km\/saat) \u015feklinde esmesinin beklendi\u011fi bildirildi. Gece saatlerinde etkisini kaybetmesi beklenen r\u00fczgar\u0131n sebep &hellip;<\/p>\n","protected":false},"author":151,"featured_media":119594,"comment_status":"open","ping_status":"closed","sticky":false,"template":"","format":"standard","meta":{"footnotes":""},"categories":[121],"tags":[8025,1772,9376,15478,3065,594,10375,347,33625,3661,1552],"class_list":["post-119593","post","type-post","status-publish","format-standard","has-post-thumbnail","hentry","category-edirne","tag-asayis","tag-bati","tag-corlu-kaza","tag-corlu-son-dakika-kaza","tag-firtina","tag-icin","tag-karadeniz","tag-marmara","tag-marmara-ve-bati-karadeniz-icin-firtina-uyarisi-2","tag-son-dakika-kaza","tag-uyarisi"],"yoast_head":"<!-- This site is optimized with the Yoast SEO Premium plugin v23.3 (Yoast SEO v23.3) - https:\/\/yoast.com\/wordpress\/plugins\/seo\/ -->\n<title>Marmara ve Bat\u0131 Karadeniz i\u00e7in &#039;f\u0131rt\u0131na&#039; uyar\u0131s\u0131 (2) | \u00c7orlu&#039;da Haber<\/title>\n<meta name=\"description\" content=\"Marmara ve Bat\u0131 Karadeniz i\u00e7in &#039;f\u0131rt\u0131na&#039; uyar\u0131s\u0131 (2) | \u00c7orlu&#039;da Haber\" \/>\n<meta name=\"robots\" content=\"index, follow, max-snippet:-1, max-image-preview:large, max-video-preview:-1\" \/>\n<link rel=\"canonical\" href=\"https:\/\/corludahaber.com\/h\/marmara-ve-bati-karadeniz-icin-firtina-uyarisi-2\/119593\" \/>\n<meta property=\"og:locale\" content=\"tr_TR\" \/>\n<meta property=\"og:type\" content=\"article\" \/>\n<meta property=\"og:title\" content=\"Marmara ve Bat\u0131 Karadeniz i\u00e7in &#039;f\u0131rt\u0131na&#039; uyar\u0131s\u0131 (2) | \u00c7orlu&#039;da Haber\" \/>\n<meta property=\"og:description\" content=\"Marmara ve Bat\u0131 Karadeniz i\u00e7in &#039;f\u0131rt\u0131na&#039; uyar\u0131s\u0131 (2) | \u00c7orlu&#039;da Haber\" \/>\n<meta property=\"og:url\" content=\"https:\/\/corludahaber.com\/h\/marmara-ve-bati-karadeniz-icin-firtina-uyarisi-2\/119593\" \/>\n<meta property=\"og:site_name\" content=\"\u00c7orlu&#039;da Haber\" \/>\n<meta property=\"article:publisher\" content=\"https:\/\/facebook.com\/habercorluda\" \/>\n<meta property=\"article:published_time\" content=\"2026-05-03T14:30:56+00:00\" \/>\n<meta property=\"article:modified_time\" content=\"2026-05-03T14:31:12+00:00\" \/>\n<meta property=\"og:image\" content=\"http:\/\/corludahaber.com\/h\/wp-content\/uploads\/2026\/05\/marmara-ve-bati-karadeniz-icin-firtina-uyarisi-2_69f75c26f22e9.jpeg\" \/>\n\t<meta property=\"og:image:width\" content=\"2500\" \/>\n\t<meta property=\"og:image:height\" content=\"1875\" \/>\n\t<meta property=\"og:image:type\" content=\"image\/jpeg\" \/>\n<meta name=\"author\" content=\"\u00c7orlu&#039;da Haber\" \/>\n<meta name=\"twitter:card\" content=\"summary_large_image\" \/>\n<meta name=\"twitter:creator\" content=\"@habercorluda\" \/>\n<meta name=\"twitter:site\" content=\"@habercorluda\" \/>\n<meta name=\"twitter:label1\" content=\"Yazan:\" \/>\n\t<meta name=\"twitter:data1\" content=\"\u00c7orlu&#039;da Haber\" \/>\n<script type=\"application\/ld+json\" class=\"yoast-schema-graph\">{\"@context\":\"https:\/\/schema.org\",\"@graph\":[{\"@type\":\"Article\",\"@id\":\"https:\/\/corludahaber.com\/h\/marmara-ve-bati-karadeniz-icin-firtina-uyarisi-2\/119593#article\",\"isPartOf\":{\"@id\":\"https:\/\/corludahaber.com\/h\/marmara-ve-bati-karadeniz-icin-firtina-uyarisi-2\/119593\"},\"author\":{\"name\":\"\u00c7orlu'da Haber\",\"@id\":\"https:\/\/corludahaber.com\/h\/#\/schema\/person\/b523522be44b062db5d74a62589768cd\"},\"headline\":\"Marmara ve Bat\u0131 Karadeniz i\u00e7in &#8216;f\u0131rt\u0131na&#8217; uyar\u0131s\u0131 (2)\",\"datePublished\":\"2026-05-03T14:30:56+00:00\",\"dateModified\":\"2026-05-03T14:31:12+00:00\",\"mainEntityOfPage\":{\"@id\":\"https:\/\/corludahaber.com\/h\/marmara-ve-bati-karadeniz-icin-firtina-uyarisi-2\/119593\"},\"wordCount\":111,\"commentCount\":0,\"publisher\":{\"@id\":\"https:\/\/corludahaber.com\/h\/#organization\"},\"image\":{\"@id\":\"https:\/\/corludahaber.com\/h\/marmara-ve-bati-karadeniz-icin-firtina-uyarisi-2\/119593#primaryimage\"},\"thumbnailUrl\":\"https:\/\/corludahaber.com\/h\/wp-content\/uploads\/2026\/05\/marmara-ve-bati-karadeniz-icin-firtina-uyarisi-2_69f75c26f22e9.jpeg\",\"keywords\":[\"asayi\u015f\",\"Bat\u0131\",\"\u00c7orlu kaza\",\"\u00c7orlu son dakika kaza\",\"f\u0131rt\u0131na\",\"i\u00e7in\",\"Karadeniz\",\"Marmara\",\"Marmara ve Bat\u0131 Karadeniz i\u00e7in 'f\u0131rt\u0131na' uyar\u0131s\u0131 (2)\",\"son dakika kaza\",\"uyar\u0131s\u0131\"],\"articleSection\":[\"Edirne\"],\"inLanguage\":\"tr\",\"potentialAction\":[{\"@type\":\"CommentAction\",\"name\":\"Comment\",\"target\":[\"https:\/\/corludahaber.com\/h\/marmara-ve-bati-karadeniz-icin-firtina-uyarisi-2\/119593#respond\"]}]},{\"@type\":\"WebPage\",\"@id\":\"https:\/\/corludahaber.com\/h\/marmara-ve-bati-karadeniz-icin-firtina-uyarisi-2\/119593\",\"url\":\"https:\/\/corludahaber.com\/h\/marmara-ve-bati-karadeniz-icin-firtina-uyarisi-2\/119593\",\"name\":\"Marmara ve Bat\u0131 Karadeniz i\u00e7in 'f\u0131rt\u0131na' uyar\u0131s\u0131 (2) | \u00c7orlu&#039;da Haber\",\"isPartOf\":{\"@id\":\"https:\/\/corludahaber.com\/h\/#website\"},\"primaryImageOfPage\":{\"@id\":\"https:\/\/corludahaber.com\/h\/marmara-ve-bati-karadeniz-icin-firtina-uyarisi-2\/119593#primaryimage\"},\"image\":{\"@id\":\"https:\/\/corludahaber.com\/h\/marmara-ve-bati-karadeniz-icin-firtina-uyarisi-2\/119593#primaryimage\"},\"thumbnailUrl\":\"https:\/\/corludahaber.com\/h\/wp-content\/uploads\/2026\/05\/marmara-ve-bati-karadeniz-icin-firtina-uyarisi-2_69f75c26f22e9.jpeg\",\"datePublished\":\"2026-05-03T14:30:56+00:00\",\"dateModified\":\"2026-05-03T14:31:12+00:00\",\"description\":\"Marmara ve Bat\u0131 Karadeniz i\u00e7in 'f\u0131rt\u0131na' uyar\u0131s\u0131 (2) | \u00c7orlu&#039;da Haber\",\"breadcrumb\":{\"@id\":\"https:\/\/corludahaber.com\/h\/marmara-ve-bati-karadeniz-icin-firtina-uyarisi-2\/119593#breadcrumb\"},\"inLanguage\":\"tr\",\"potentialAction\":[{\"@type\":\"ReadAction\",\"target\":[\"https:\/\/corludahaber.com\/h\/marmara-ve-bati-karadeniz-icin-firtina-uyarisi-2\/119593\"]}]},{\"@type\":\"ImageObject\",\"inLanguage\":\"tr\",\"@id\":\"https:\/\/corludahaber.com\/h\/marmara-ve-bati-karadeniz-icin-firtina-uyarisi-2\/119593#primaryimage\",\"url\":\"https:\/\/corludahaber.com\/h\/wp-content\/uploads\/2026\/05\/marmara-ve-bati-karadeniz-icin-firtina-uyarisi-2_69f75c26f22e9.jpeg\",\"contentUrl\":\"https:\/\/corludahaber.com\/h\/wp-content\/uploads\/2026\/05\/marmara-ve-bati-karadeniz-icin-firtina-uyarisi-2_69f75c26f22e9.jpeg\",\"width\":2500,\"height\":1875},{\"@type\":\"BreadcrumbList\",\"@id\":\"https:\/\/corludahaber.com\/h\/marmara-ve-bati-karadeniz-icin-firtina-uyarisi-2\/119593#breadcrumb\",\"itemListElement\":[{\"@type\":\"ListItem\",\"position\":1,\"name\":\"Anasayfa\",\"item\":\"https:\/\/corludahaber.com\/h\/\"},{\"@type\":\"ListItem\",\"position\":2,\"name\":\"Edirne\",\"item\":\"https:\/\/corludahaber.com\/h\/kategori\/edirne\"},{\"@type\":\"ListItem\",\"position\":3,\"name\":\"Marmara ve Bat\u0131 Karadeniz i\u00e7in &#8216;f\u0131rt\u0131na&#8217; uyar\u0131s\u0131 (2)\"}]},{\"@type\":\"WebSite\",\"@id\":\"https:\/\/corludahaber.com\/h\/#website\",\"url\":\"https:\/\/corludahaber.com\/h\/\",\"name\":\"\u00c7orlu'da Haber\",\"description\":\"Ger\u00e7ek Tarafs\u0131z Haber\",\"publisher\":{\"@id\":\"https:\/\/corludahaber.com\/h\/#organization\"},\"potentialAction\":[{\"@type\":\"SearchAction\",\"target\":{\"@type\":\"EntryPoint\",\"urlTemplate\":\"https:\/\/corludahaber.com\/h\/?s={search_term_string}\"},\"query-input\":\"required name=search_term_string\"}],\"inLanguage\":\"tr\"},{\"@type\":\"Organization\",\"@id\":\"https:\/\/corludahaber.com\/h\/#organization\",\"name\":\"\u00c7orlu'da Haber\",\"url\":\"https:\/\/corludahaber.com\/h\/\",\"logo\":{\"@type\":\"ImageObject\",\"inLanguage\":\"tr\",\"@id\":\"https:\/\/corludahaber.com\/h\/#\/schema\/logo\/image\/\",\"url\":\"https:\/\/corludahaber.com\/h\/wp-content\/uploads\/2021\/12\/logo__9__1_-removebg-preview.png\",\"contentUrl\":\"https:\/\/corludahaber.com\/h\/wp-content\/uploads\/2021\/12\/logo__9__1_-removebg-preview.png\",\"width\":500,\"height\":157,\"caption\":\"\u00c7orlu'da Haber\"},\"image\":{\"@id\":\"https:\/\/corludahaber.com\/h\/#\/schema\/logo\/image\/\"},\"sameAs\":[\"https:\/\/facebook.com\/habercorluda\",\"https:\/\/x.com\/habercorluda\",\"https:\/\/www.instagram.com\/corludahaber\",\"https:\/\/www.youtube.com\/user\/corludahaber\"]},{\"@type\":\"Person\",\"@id\":\"https:\/\/corludahaber.com\/h\/#\/schema\/person\/b523522be44b062db5d74a62589768cd\",\"name\":\"\u00c7orlu'da Haber\",\"image\":{\"@type\":\"ImageObject\",\"inLanguage\":\"tr\",\"@id\":\"https:\/\/corludahaber.com\/h\/#\/schema\/person\/image\/\",\"url\":\"https:\/\/secure.gravatar.com\/avatar\/1033e54e078c29fd7f053370086ff627ba414b05c2b231c418a481adecd764ce?s=96&d=blank&r=g\",\"contentUrl\":\"https:\/\/secure.gravatar.com\/avatar\/1033e54e078c29fd7f053370086ff627ba414b05c2b231c418a481adecd764ce?s=96&d=blank&r=g\",\"caption\":\"\u00c7orlu'da Haber\"},\"sameAs\":[\"https:\/\/corludahaber.com\/h\"],\"url\":\"https:\/\/corludahaber.com\/h\/author\/admin\"}]}<\/script>\n<!-- \/ Yoast SEO Premium plugin. -->","yoast_head_json":{"title":"Marmara ve Bat\u0131 Karadeniz i\u00e7in 'f\u0131rt\u0131na' uyar\u0131s\u0131 (2) | \u00c7orlu&#039;da Haber","description":"Marmara ve Bat\u0131 Karadeniz i\u00e7in 'f\u0131rt\u0131na' uyar\u0131s\u0131 (2) | \u00c7orlu&#039;da Haber","robots":{"index":"index","follow":"follow","max-snippet":"max-snippet:-1","max-image-preview":"max-image-preview:large","max-video-preview":"max-video-preview:-1"},"canonical":"https:\/\/corludahaber.com\/h\/marmara-ve-bati-karadeniz-icin-firtina-uyarisi-2\/119593","og_locale":"tr_TR","og_type":"article","og_title":"Marmara ve Bat\u0131 Karadeniz i\u00e7in 'f\u0131rt\u0131na' uyar\u0131s\u0131 (2) | \u00c7orlu&#039;da Haber","og_description":"Marmara ve Bat\u0131 Karadeniz i\u00e7in 'f\u0131rt\u0131na' uyar\u0131s\u0131 (2) | \u00c7orlu&#039;da Haber","og_url":"https:\/\/corludahaber.com\/h\/marmara-ve-bati-karadeniz-icin-firtina-uyarisi-2\/119593","og_site_name":"\u00c7orlu&#039;da Haber","article_publisher":"https:\/\/facebook.com\/habercorluda","article_published_time":"2026-05-03T14:30:56+00:00","article_modified_time":"2026-05-03T14:31:12+00:00","og_image":[{"width":2500,"height":1875,"url":"http:\/\/corludahaber.com\/h\/wp-content\/uploads\/2026\/05\/marmara-ve-bati-karadeniz-icin-firtina-uyarisi-2_69f75c26f22e9.jpeg","type":"image\/jpeg"}],"author":"\u00c7orlu'da Haber","twitter_card":"summary_large_image","twitter_creator":"@habercorluda","twitter_site":"@habercorluda","twitter_misc":{"Yazan:":"\u00c7orlu'da Haber"},"schema":{"@context":"https:\/\/schema.org","@graph":[{"@type":"Article","@id":"https:\/\/corludahaber.com\/h\/marmara-ve-bati-karadeniz-icin-firtina-uyarisi-2\/119593#article","isPartOf":{"@id":"https:\/\/corludahaber.com\/h\/marmara-ve-bati-karadeniz-icin-firtina-uyarisi-2\/119593"},"author":{"name":"\u00c7orlu'da Haber","@id":"https:\/\/corludahaber.com\/h\/#\/schema\/person\/b523522be44b062db5d74a62589768cd"},"headline":"Marmara ve Bat\u0131 Karadeniz i\u00e7in &#8216;f\u0131rt\u0131na&#8217; uyar\u0131s\u0131 (2)","datePublished":"2026-05-03T14:30:56+00:00","dateModified":"2026-05-03T14:31:12+00:00","mainEntityOfPage":{"@id":"https:\/\/corludahaber.com\/h\/marmara-ve-bati-karadeniz-icin-firtina-uyarisi-2\/119593"},"wordCount":111,"commentCount":0,"publisher":{"@id":"https:\/\/corludahaber.com\/h\/#organization"},"image":{"@id":"https:\/\/corludahaber.com\/h\/marmara-ve-bati-karadeniz-icin-firtina-uyarisi-2\/119593#primaryimage"},"thumbnailUrl":"https:\/\/corludahaber.com\/h\/wp-content\/uploads\/2026\/05\/marmara-ve-bati-karadeniz-icin-firtina-uyarisi-2_69f75c26f22e9.jpeg","keywords":["asayi\u015f","Bat\u0131","\u00c7orlu kaza","\u00c7orlu son dakika kaza","f\u0131rt\u0131na","i\u00e7in","Karadeniz","Marmara","Marmara ve Bat\u0131 Karadeniz i\u00e7in 'f\u0131rt\u0131na' uyar\u0131s\u0131 (2)","son dakika kaza","uyar\u0131s\u0131"],"articleSection":["Edirne"],"inLanguage":"tr","potentialAction":[{"@type":"CommentAction","name":"Comment","target":["https:\/\/corludahaber.com\/h\/marmara-ve-bati-karadeniz-icin-firtina-uyarisi-2\/119593#respond"]}]},{"@type":"WebPage","@id":"https:\/\/corludahaber.com\/h\/marmara-ve-bati-karadeniz-icin-firtina-uyarisi-2\/119593","url":"https:\/\/corludahaber.com\/h\/marmara-ve-bati-karadeniz-icin-firtina-uyarisi-2\/119593","name":"Marmara ve Bat\u0131 Karadeniz i\u00e7in 'f\u0131rt\u0131na' uyar\u0131s\u0131 (2) | \u00c7orlu&#039;da Haber","isPartOf":{"@id":"https:\/\/corludahaber.com\/h\/#website"},"primaryImageOfPage":{"@id":"https:\/\/corludahaber.com\/h\/marmara-ve-bati-karadeniz-icin-firtina-uyarisi-2\/119593#primaryimage"},"image":{"@id":"https:\/\/corludahaber.com\/h\/marmara-ve-bati-karadeniz-icin-firtina-uyarisi-2\/119593#primaryimage"},"thumbnailUrl":"https:\/\/corludahaber.com\/h\/wp-content\/uploads\/2026\/05\/marmara-ve-bati-karadeniz-icin-firtina-uyarisi-2_69f75c26f22e9.jpeg","datePublished":"2026-05-03T14:30:56+00:00","dateModified":"2026-05-03T14:31:12+00:00","description":"Marmara ve Bat\u0131 Karadeniz i\u00e7in 'f\u0131rt\u0131na' uyar\u0131s\u0131 (2) | \u00c7orlu&#039;da Haber","breadcrumb":{"@id":"https:\/\/corludahaber.com\/h\/marmara-ve-bati-karadeniz-icin-firtina-uyarisi-2\/119593#breadcrumb"},"inLanguage":"tr","potentialAction":[{"@type":"ReadAction","target":["https:\/\/corludahaber.com\/h\/marmara-ve-bati-karadeniz-icin-firtina-uyarisi-2\/119593"]}]},{"@type":"ImageObject","inLanguage":"tr","@id":"https:\/\/corludahaber.com\/h\/marmara-ve-bati-karadeniz-icin-firtina-uyarisi-2\/119593#primaryimage","url":"https:\/\/corludahaber.com\/h\/wp-content\/uploads\/2026\/05\/marmara-ve-bati-karadeniz-icin-firtina-uyarisi-2_69f75c26f22e9.jpeg","contentUrl":"https:\/\/corludahaber.com\/h\/wp-content\/uploads\/2026\/05\/marmara-ve-bati-karadeniz-icin-firtina-uyarisi-2_69f75c26f22e9.jpeg","width":2500,"height":1875},{"@type":"BreadcrumbList","@id":"https:\/\/corludahaber.com\/h\/marmara-ve-bati-karadeniz-icin-firtina-uyarisi-2\/119593#breadcrumb","itemListElement":[{"@type":"ListItem","position":1,"name":"Anasayfa","item":"https:\/\/corludahaber.com\/h\/"},{"@type":"ListItem","position":2,"name":"Edirne","item":"https:\/\/corludahaber.com\/h\/kategori\/edirne"},{"@type":"ListItem","position":3,"name":"Marmara ve Bat\u0131 Karadeniz i\u00e7in &#8216;f\u0131rt\u0131na&#8217; uyar\u0131s\u0131 (2)"}]},{"@type":"WebSite","@id":"https:\/\/corludahaber.com\/h\/#website","url":"https:\/\/corludahaber.com\/h\/","name":"\u00c7orlu'da Haber","description":"Ger\u00e7ek Tarafs\u0131z Haber","publisher":{"@id":"https:\/\/corludahaber.com\/h\/#organization"},"potentialAction":[{"@type":"SearchAction","target":{"@type":"EntryPoint","urlTemplate":"https:\/\/corludahaber.com\/h\/?s={search_term_string}"},"query-input":"required name=search_term_string"}],"inLanguage":"tr"},{"@type":"Organization","@id":"https:\/\/corludahaber.com\/h\/#organization","name":"\u00c7orlu'da Haber","url":"https:\/\/corludahaber.com\/h\/","logo":{"@type":"ImageObject","inLanguage":"tr","@id":"https:\/\/corludahaber.com\/h\/#\/schema\/logo\/image\/","url":"https:\/\/corludahaber.com\/h\/wp-content\/uploads\/2021\/12\/logo__9__1_-removebg-preview.png","contentUrl":"https:\/\/corludahaber.com\/h\/wp-content\/uploads\/2021\/12\/logo__9__1_-removebg-preview.png","width":500,"height":157,"caption":"\u00c7orlu'da Haber"},"image":{"@id":"https:\/\/corludahaber.com\/h\/#\/schema\/logo\/image\/"},"sameAs":["https:\/\/facebook.com\/habercorluda","https:\/\/x.com\/habercorluda","https:\/\/www.instagram.com\/corludahaber","https:\/\/www.youtube.com\/user\/corludahaber"]},{"@type":"Person","@id":"https:\/\/corludahaber.com\/h\/#\/schema\/person\/b523522be44b062db5d74a62589768cd","name":"\u00c7orlu'da Haber","image":{"@type":"ImageObject","inLanguage":"tr","@id":"https:\/\/corludahaber.com\/h\/#\/schema\/person\/image\/","url":"https:\/\/secure.gravatar.com\/avatar\/1033e54e078c29fd7f053370086ff627ba414b05c2b231c418a481adecd764ce?s=96&d=blank&r=g","contentUrl":"https:\/\/secure.gravatar.com\/avatar\/1033e54e078c29fd7f053370086ff627ba414b05c2b231c418a481adecd764ce?s=96&d=blank&r=g","caption":"\u00c7orlu'da Haber"},"sameAs":["https:\/\/corludahaber.com\/h"],"url":"https:\/\/corludahaber.com\/h\/author\/admin"}]}},"_links":{"self":[{"href":"https:\/\/corludahaber.com\/h\/wp-json\/wp\/v2\/posts\/119593","targetHints":{"allow":["GET"]}}],"collection":[{"href":"https:\/\/corludahaber.com\/h\/wp-json\/wp\/v2\/posts"}],"about":[{"href":"https:\/\/corludahaber.com\/h\/wp-json\/wp\/v2\/types\/post"}],"author":[{"embeddable":true,"href":"https:\/\/corludahaber.com\/h\/wp-json\/wp\/v2\/users\/151"}],"replies":[{"embeddable":true,"href":"https:\/\/corludahaber.com\/h\/wp-json\/wp\/v2\/comments?post=119593"}],"version-history":[{"count":1,"href":"https:\/\/corludahaber.com\/h\/wp-json\/wp\/v2\/posts\/119593\/revisions"}],"predecessor-version":[{"id":119595,"href":"https:\/\/corludahaber.com\/h\/wp-json\/wp\/v2\/posts\/119593\/revisions\/119595"}],"wp:featuredmedia":[{"embeddable":true,"href":"https:\/\/corludahaber.com\/h\/wp-json\/wp\/v2\/media\/119594"}],"wp:attachment":[{"href":"https:\/\/corludahaber.com\/h\/wp-json\/wp\/v2\/media?parent=119593"}],"wp:term":[{"taxonomy":"category","embeddable":true,"href":"https:\/\/corludahaber.com\/h\/wp-json\/wp\/v2\/categories?post=119593"},{"taxonomy":"post_tag","embeddable":true,"href":"https:\/\/corludahaber.com\/h\/wp-json\/wp\/v2\/tags?post=119593"}],"curies":[{"name":"wp","href":"https:\/\/api.w.org\/{rel}","templated":true}]}}