{"id":119547,"date":"2026-05-03T13:40:49","date_gmt":"2026-05-03T10:40:49","guid":{"rendered":"https:\/\/corludahaber.com\/h\/?p=119547"},"modified":"2026-05-03T13:41:35","modified_gmt":"2026-05-03T10:41:35","slug":"corlunun-taninan-ismi-dunya-evine-girdi","status":"publish","type":"post","link":"https:\/\/corludahaber.com\/h\/corlunun-taninan-ismi-dunya-evine-girdi\/119547","title":{"rendered":"\u00c7orlu\u2019nun Tan\u0131nan \u0130smi D\u00fcnya Evine Girdi"},"content":{"rendered":"<h1>\u00c7orlu\u2019nun Sevilen \u0130smi Soner Yazan D\u00fcnya Evine Girdi<\/h1>\n<p>Tekirda\u011f\u2019\u0131n \u00c7orlu il\u00e7esinde tan\u0131nan simalardan biri olan Soner Yazan, hayat\u0131n\u0131 Tu\u011f\u00e7e Demirci ile birle\u015ftirerek d\u00fcnya evine girdi. Karada\u011f Mahallesi\u2019nin sevilen isimlerinden olan Yazan\u2019\u0131n nikah merasimine, e\u015f dost ve akrabalar\u0131n yo\u011fun kat\u0131l\u0131m\u0131yla ger\u00e7ekle\u015fti.<\/p>\n<h2>\u201cGe\u00e7 Oldu Ama G\u00fc\u00e7 Olmad\u0131\u201d<\/h2>\n<p>Uzun s\u00fcredir birlikte olan \u00e7iftin mutlulu\u011fu g\u00f6zlerinden okunurken, davetliler de bu \u00f6zel g\u00fcnde \u00e7ifti yaln\u0131z b\u0131rakmad\u0131. Samimi ve s\u0131cak bir atmosferde ger\u00e7ekle\u015fen d\u00fc\u011f\u00fcnde, \u201cge\u00e7 oldu ama g\u00fc\u00e7 olmad\u0131\u201d s\u00f6zleri geceye damga vurdu.<\/p>\n<h2>Karada\u011f Mahallesi\u2019nde Yo\u011fun Kat\u0131l\u0131m<\/h2>\n<p>\u00c7orlu Karada\u011f Mahallesi\u2019nde geni\u015f bir \u00e7evre taraf\u0131ndan tan\u0131nan ve sevilen Soner Yazan\u2019\u0131n merasimine mahalle sakinleri ba\u015fta olmak \u00fczere \u00e7ok say\u0131da davetli kat\u0131ld\u0131. Renkli g\u00f6r\u00fcnt\u00fclere sahne olan gecede misafirler g\u00f6n\u00fcllerince e\u011flendi.<\/p>\n<h2>Gen\u00e7 \u00c7ifte Mutluluk Dilekleri<\/h2>\n<p>Hayatlar\u0131n\u0131 birle\u015ftiren Soner Yazan ve Tu\u011f\u00e7e Demirci \u00e7ifti, t\u00f6ren boyunca davetlilerle yak\u0131ndan ilgilenirken, kat\u0131l\u0131mc\u0131lar da gen\u00e7 \u00e7ifte bir \u00f6m\u00fcr boyu mutluluk dileklerinde bulundu.<\/p>\n","protected":false},"excerpt":{"rendered":"<p>\u00c7orlu\u2019nun Sevilen \u0130smi Soner Yazan D\u00fcnya Evine Girdi Tekirda\u011f\u2019\u0131n \u00c7orlu il\u00e7esinde tan\u0131nan simalardan biri olan Soner Yazan, hayat\u0131n\u0131 Tu\u011f\u00e7e Demirci ile birle\u015ftirerek d\u00fcnya evine girdi. Karada\u011f Mahallesi\u2019nin sevilen isimlerinden olan Yazan\u2019\u0131n nikah merasimine, e\u015f dost ve akrabalar\u0131n yo\u011fun kat\u0131l\u0131m\u0131yla ger\u00e7ekle\u015fti. \u201cGe\u00e7 Oldu Ama G\u00fc\u00e7 Olmad\u0131\u201d Uzun s\u00fcredir birlikte olan \u00e7iftin mutlulu\u011fu g\u00f6zlerinden okunurken, davetliler de &hellip;<\/p>\n","protected":false},"author":151,"featured_media":119548,"comment_status":"open","ping_status":"open","sticky":false,"template":"","format":"standard","meta":{"footnotes":""},"categories":[27],"tags":[8025,411,9376,15478,33622,1570,2255,3264,6049,3661,33621],"class_list":["post-119547","post","type-post","status-publish","format-standard","has-post-thumbnail","hentry","category-yasam","tag-asayis","tag-corlu","tag-corlu-kaza","tag-corlu-son-dakika-kaza","tag-corlunun-taninan-ismi-dunya-evine-girdi","tag-dunya","tag-evine","tag-girdi","tag-ismi","tag-son-dakika-kaza","tag-taninan"],"yoast_head":"<!-- This site is optimized with the Yoast SEO Premium plugin v23.3 (Yoast SEO v23.3) - https:\/\/yoast.com\/wordpress\/plugins\/seo\/ -->\n<title>\u00c7orlu\u2019nun Tan\u0131nan \u0130smi D\u00fcnya Evine Girdi | \u00c7orlu&#039;da Haber<\/title>\n<meta name=\"description\" content=\"\u00c7orlu\u2019nun Tan\u0131nan \u0130smi D\u00fcnya Evine Girdi | Ya\u015fam \u00c7orlu&#039;da Haber\" \/>\n<meta name=\"robots\" content=\"index, follow, max-snippet:-1, max-image-preview:large, max-video-preview:-1\" \/>\n<link rel=\"canonical\" href=\"https:\/\/corludahaber.com\/h\/corlunun-taninan-ismi-dunya-evine-girdi\/119547\" \/>\n<meta property=\"og:locale\" content=\"tr_TR\" \/>\n<meta property=\"og:type\" content=\"article\" \/>\n<meta property=\"og:title\" content=\"\u00c7orlu\u2019nun Tan\u0131nan \u0130smi D\u00fcnya Evine Girdi | \u00c7orlu&#039;da Haber\" \/>\n<meta property=\"og:description\" content=\"\u00c7orlu\u2019nun Tan\u0131nan \u0130smi D\u00fcnya Evine Girdi | Ya\u015fam \u00c7orlu&#039;da Haber\" \/>\n<meta property=\"og:url\" content=\"https:\/\/corludahaber.com\/h\/corlunun-taninan-ismi-dunya-evine-girdi\/119547\" \/>\n<meta property=\"og:site_name\" content=\"\u00c7orlu&#039;da Haber\" \/>\n<meta property=\"article:publisher\" content=\"https:\/\/facebook.com\/habercorluda\" \/>\n<meta property=\"article:published_time\" content=\"2026-05-03T10:40:49+00:00\" \/>\n<meta property=\"article:modified_time\" content=\"2026-05-03T10:41:35+00:00\" \/>\n<meta property=\"og:image\" content=\"http:\/\/corludahaber.com\/h\/wp-content\/uploads\/2026\/05\/IMG-20260503-WA0000.jpg\" \/>\n\t<meta property=\"og:image:width\" content=\"828\" \/>\n\t<meta property=\"og:image:height\" content=\"1106\" \/>\n\t<meta property=\"og:image:type\" content=\"image\/jpeg\" \/>\n<meta name=\"author\" content=\"\u00c7orlu&#039;da Haber\" \/>\n<meta name=\"twitter:card\" content=\"summary_large_image\" \/>\n<meta name=\"twitter:creator\" content=\"@habercorluda\" \/>\n<meta name=\"twitter:site\" content=\"@habercorluda\" \/>\n<meta name=\"twitter:label1\" content=\"Yazan:\" \/>\n\t<meta name=\"twitter:data1\" content=\"\u00c7orlu&#039;da Haber\" \/>\n\t<meta name=\"twitter:label2\" content=\"Tahmini okuma s\u00fcresi\" \/>\n\t<meta name=\"twitter:data2\" content=\"2 dakika\" \/>\n<script type=\"application\/ld+json\" class=\"yoast-schema-graph\">{\"@context\":\"https:\/\/schema.org\",\"@graph\":[{\"@type\":\"Article\",\"@id\":\"https:\/\/corludahaber.com\/h\/corlunun-taninan-ismi-dunya-evine-girdi\/119547#article\",\"isPartOf\":{\"@id\":\"https:\/\/corludahaber.com\/h\/corlunun-taninan-ismi-dunya-evine-girdi\/119547\"},\"author\":{\"name\":\"\u00c7orlu'da Haber\",\"@id\":\"https:\/\/corludahaber.com\/h\/#\/schema\/person\/b523522be44b062db5d74a62589768cd\"},\"headline\":\"\u00c7orlu\u2019nun Tan\u0131nan \u0130smi D\u00fcnya Evine Girdi\",\"datePublished\":\"2026-05-03T10:40:49+00:00\",\"dateModified\":\"2026-05-03T10:41:35+00:00\",\"mainEntityOfPage\":{\"@id\":\"https:\/\/corludahaber.com\/h\/corlunun-taninan-ismi-dunya-evine-girdi\/119547\"},\"wordCount\":202,\"commentCount\":0,\"publisher\":{\"@id\":\"https:\/\/corludahaber.com\/h\/#organization\"},\"image\":{\"@id\":\"https:\/\/corludahaber.com\/h\/corlunun-taninan-ismi-dunya-evine-girdi\/119547#primaryimage\"},\"thumbnailUrl\":\"https:\/\/corludahaber.com\/h\/wp-content\/uploads\/2026\/05\/IMG-20260503-WA0000.jpg\",\"keywords\":[\"asayi\u015f\",\"\u00c7orlu\",\"\u00c7orlu kaza\",\"\u00c7orlu son dakika kaza\",\"\u00c7orlu\u2019nun Tan\u0131nan \u0130smi D\u00fcnya Evine Girdi\",\"D\u00fcnya\",\"evine\",\"Girdi\",\"\u0130smi\",\"son dakika kaza\",\"Tan\u0131nan\"],\"articleSection\":[\"Ya\u015fam\"],\"inLanguage\":\"tr\",\"potentialAction\":[{\"@type\":\"CommentAction\",\"name\":\"Comment\",\"target\":[\"https:\/\/corludahaber.com\/h\/corlunun-taninan-ismi-dunya-evine-girdi\/119547#respond\"]}]},{\"@type\":\"WebPage\",\"@id\":\"https:\/\/corludahaber.com\/h\/corlunun-taninan-ismi-dunya-evine-girdi\/119547\",\"url\":\"https:\/\/corludahaber.com\/h\/corlunun-taninan-ismi-dunya-evine-girdi\/119547\",\"name\":\"\u00c7orlu\u2019nun Tan\u0131nan \u0130smi D\u00fcnya Evine Girdi | \u00c7orlu&#039;da Haber\",\"isPartOf\":{\"@id\":\"https:\/\/corludahaber.com\/h\/#website\"},\"primaryImageOfPage\":{\"@id\":\"https:\/\/corludahaber.com\/h\/corlunun-taninan-ismi-dunya-evine-girdi\/119547#primaryimage\"},\"image\":{\"@id\":\"https:\/\/corludahaber.com\/h\/corlunun-taninan-ismi-dunya-evine-girdi\/119547#primaryimage\"},\"thumbnailUrl\":\"https:\/\/corludahaber.com\/h\/wp-content\/uploads\/2026\/05\/IMG-20260503-WA0000.jpg\",\"datePublished\":\"2026-05-03T10:40:49+00:00\",\"dateModified\":\"2026-05-03T10:41:35+00:00\",\"description\":\"\u00c7orlu\u2019nun Tan\u0131nan \u0130smi D\u00fcnya Evine Girdi | Ya\u015fam \u00c7orlu&#039;da Haber\",\"breadcrumb\":{\"@id\":\"https:\/\/corludahaber.com\/h\/corlunun-taninan-ismi-dunya-evine-girdi\/119547#breadcrumb\"},\"inLanguage\":\"tr\",\"potentialAction\":[{\"@type\":\"ReadAction\",\"target\":[\"https:\/\/corludahaber.com\/h\/corlunun-taninan-ismi-dunya-evine-girdi\/119547\"]}]},{\"@type\":\"ImageObject\",\"inLanguage\":\"tr\",\"@id\":\"https:\/\/corludahaber.com\/h\/corlunun-taninan-ismi-dunya-evine-girdi\/119547#primaryimage\",\"url\":\"https:\/\/corludahaber.com\/h\/wp-content\/uploads\/2026\/05\/IMG-20260503-WA0000.jpg\",\"contentUrl\":\"https:\/\/corludahaber.com\/h\/wp-content\/uploads\/2026\/05\/IMG-20260503-WA0000.jpg\",\"width\":828,\"height\":1106},{\"@type\":\"BreadcrumbList\",\"@id\":\"https:\/\/corludahaber.com\/h\/corlunun-taninan-ismi-dunya-evine-girdi\/119547#breadcrumb\",\"itemListElement\":[{\"@type\":\"ListItem\",\"position\":1,\"name\":\"Anasayfa\",\"item\":\"https:\/\/corludahaber.com\/h\/\"},{\"@type\":\"ListItem\",\"position\":2,\"name\":\"Ya\u015fam\",\"item\":\"https:\/\/corludahaber.com\/h\/kategori\/yasam\"},{\"@type\":\"ListItem\",\"position\":3,\"name\":\"\u00c7orlu\u2019nun Tan\u0131nan \u0130smi D\u00fcnya Evine Girdi\"}]},{\"@type\":\"WebSite\",\"@id\":\"https:\/\/corludahaber.com\/h\/#website\",\"url\":\"https:\/\/corludahaber.com\/h\/\",\"name\":\"\u00c7orlu'da Haber\",\"description\":\"Ger\u00e7ek Tarafs\u0131z Haber\",\"publisher\":{\"@id\":\"https:\/\/corludahaber.com\/h\/#organization\"},\"potentialAction\":[{\"@type\":\"SearchAction\",\"target\":{\"@type\":\"EntryPoint\",\"urlTemplate\":\"https:\/\/corludahaber.com\/h\/?s={search_term_string}\"},\"query-input\":\"required name=search_term_string\"}],\"inLanguage\":\"tr\"},{\"@type\":\"Organization\",\"@id\":\"https:\/\/corludahaber.com\/h\/#organization\",\"name\":\"\u00c7orlu'da Haber\",\"url\":\"https:\/\/corludahaber.com\/h\/\",\"logo\":{\"@type\":\"ImageObject\",\"inLanguage\":\"tr\",\"@id\":\"https:\/\/corludahaber.com\/h\/#\/schema\/logo\/image\/\",\"url\":\"https:\/\/corludahaber.com\/h\/wp-content\/uploads\/2021\/12\/logo__9__1_-removebg-preview.png\",\"contentUrl\":\"https:\/\/corludahaber.com\/h\/wp-content\/uploads\/2021\/12\/logo__9__1_-removebg-preview.png\",\"width\":500,\"height\":157,\"caption\":\"\u00c7orlu'da Haber\"},\"image\":{\"@id\":\"https:\/\/corludahaber.com\/h\/#\/schema\/logo\/image\/\"},\"sameAs\":[\"https:\/\/facebook.com\/habercorluda\",\"https:\/\/x.com\/habercorluda\",\"https:\/\/www.instagram.com\/corludahaber\",\"https:\/\/www.youtube.com\/user\/corludahaber\"]},{\"@type\":\"Person\",\"@id\":\"https:\/\/corludahaber.com\/h\/#\/schema\/person\/b523522be44b062db5d74a62589768cd\",\"name\":\"\u00c7orlu'da Haber\",\"image\":{\"@type\":\"ImageObject\",\"inLanguage\":\"tr\",\"@id\":\"https:\/\/corludahaber.com\/h\/#\/schema\/person\/image\/\",\"url\":\"https:\/\/secure.gravatar.com\/avatar\/1033e54e078c29fd7f053370086ff627ba414b05c2b231c418a481adecd764ce?s=96&d=blank&r=g\",\"contentUrl\":\"https:\/\/secure.gravatar.com\/avatar\/1033e54e078c29fd7f053370086ff627ba414b05c2b231c418a481adecd764ce?s=96&d=blank&r=g\",\"caption\":\"\u00c7orlu'da Haber\"},\"sameAs\":[\"https:\/\/corludahaber.com\/h\"],\"url\":\"https:\/\/corludahaber.com\/h\/author\/admin\"}]}<\/script>\n<!-- \/ Yoast SEO Premium plugin. -->","yoast_head_json":{"title":"\u00c7orlu\u2019nun Tan\u0131nan \u0130smi D\u00fcnya Evine Girdi | \u00c7orlu&#039;da Haber","description":"\u00c7orlu\u2019nun Tan\u0131nan \u0130smi D\u00fcnya Evine Girdi | Ya\u015fam \u00c7orlu&#039;da Haber","robots":{"index":"index","follow":"follow","max-snippet":"max-snippet:-1","max-image-preview":"max-image-preview:large","max-video-preview":"max-video-preview:-1"},"canonical":"https:\/\/corludahaber.com\/h\/corlunun-taninan-ismi-dunya-evine-girdi\/119547","og_locale":"tr_TR","og_type":"article","og_title":"\u00c7orlu\u2019nun Tan\u0131nan \u0130smi D\u00fcnya Evine Girdi | \u00c7orlu&#039;da Haber","og_description":"\u00c7orlu\u2019nun Tan\u0131nan \u0130smi D\u00fcnya Evine Girdi | Ya\u015fam \u00c7orlu&#039;da Haber","og_url":"https:\/\/corludahaber.com\/h\/corlunun-taninan-ismi-dunya-evine-girdi\/119547","og_site_name":"\u00c7orlu&#039;da Haber","article_publisher":"https:\/\/facebook.com\/habercorluda","article_published_time":"2026-05-03T10:40:49+00:00","article_modified_time":"2026-05-03T10:41:35+00:00","og_image":[{"width":828,"height":1106,"url":"http:\/\/corludahaber.com\/h\/wp-content\/uploads\/2026\/05\/IMG-20260503-WA0000.jpg","type":"image\/jpeg"}],"author":"\u00c7orlu'da Haber","twitter_card":"summary_large_image","twitter_creator":"@habercorluda","twitter_site":"@habercorluda","twitter_misc":{"Yazan:":"\u00c7orlu'da Haber","Tahmini okuma s\u00fcresi":"2 dakika"},"schema":{"@context":"https:\/\/schema.org","@graph":[{"@type":"Article","@id":"https:\/\/corludahaber.com\/h\/corlunun-taninan-ismi-dunya-evine-girdi\/119547#article","isPartOf":{"@id":"https:\/\/corludahaber.com\/h\/corlunun-taninan-ismi-dunya-evine-girdi\/119547"},"author":{"name":"\u00c7orlu'da Haber","@id":"https:\/\/corludahaber.com\/h\/#\/schema\/person\/b523522be44b062db5d74a62589768cd"},"headline":"\u00c7orlu\u2019nun Tan\u0131nan \u0130smi D\u00fcnya Evine Girdi","datePublished":"2026-05-03T10:40:49+00:00","dateModified":"2026-05-03T10:41:35+00:00","mainEntityOfPage":{"@id":"https:\/\/corludahaber.com\/h\/corlunun-taninan-ismi-dunya-evine-girdi\/119547"},"wordCount":202,"commentCount":0,"publisher":{"@id":"https:\/\/corludahaber.com\/h\/#organization"},"image":{"@id":"https:\/\/corludahaber.com\/h\/corlunun-taninan-ismi-dunya-evine-girdi\/119547#primaryimage"},"thumbnailUrl":"https:\/\/corludahaber.com\/h\/wp-content\/uploads\/2026\/05\/IMG-20260503-WA0000.jpg","keywords":["asayi\u015f","\u00c7orlu","\u00c7orlu kaza","\u00c7orlu son dakika kaza","\u00c7orlu\u2019nun Tan\u0131nan \u0130smi D\u00fcnya Evine Girdi","D\u00fcnya","evine","Girdi","\u0130smi","son dakika kaza","Tan\u0131nan"],"articleSection":["Ya\u015fam"],"inLanguage":"tr","potentialAction":[{"@type":"CommentAction","name":"Comment","target":["https:\/\/corludahaber.com\/h\/corlunun-taninan-ismi-dunya-evine-girdi\/119547#respond"]}]},{"@type":"WebPage","@id":"https:\/\/corludahaber.com\/h\/corlunun-taninan-ismi-dunya-evine-girdi\/119547","url":"https:\/\/corludahaber.com\/h\/corlunun-taninan-ismi-dunya-evine-girdi\/119547","name":"\u00c7orlu\u2019nun Tan\u0131nan \u0130smi D\u00fcnya Evine Girdi | \u00c7orlu&#039;da Haber","isPartOf":{"@id":"https:\/\/corludahaber.com\/h\/#website"},"primaryImageOfPage":{"@id":"https:\/\/corludahaber.com\/h\/corlunun-taninan-ismi-dunya-evine-girdi\/119547#primaryimage"},"image":{"@id":"https:\/\/corludahaber.com\/h\/corlunun-taninan-ismi-dunya-evine-girdi\/119547#primaryimage"},"thumbnailUrl":"https:\/\/corludahaber.com\/h\/wp-content\/uploads\/2026\/05\/IMG-20260503-WA0000.jpg","datePublished":"2026-05-03T10:40:49+00:00","dateModified":"2026-05-03T10:41:35+00:00","description":"\u00c7orlu\u2019nun Tan\u0131nan \u0130smi D\u00fcnya Evine Girdi | Ya\u015fam \u00c7orlu&#039;da Haber","breadcrumb":{"@id":"https:\/\/corludahaber.com\/h\/corlunun-taninan-ismi-dunya-evine-girdi\/119547#breadcrumb"},"inLanguage":"tr","potentialAction":[{"@type":"ReadAction","target":["https:\/\/corludahaber.com\/h\/corlunun-taninan-ismi-dunya-evine-girdi\/119547"]}]},{"@type":"ImageObject","inLanguage":"tr","@id":"https:\/\/corludahaber.com\/h\/corlunun-taninan-ismi-dunya-evine-girdi\/119547#primaryimage","url":"https:\/\/corludahaber.com\/h\/wp-content\/uploads\/2026\/05\/IMG-20260503-WA0000.jpg","contentUrl":"https:\/\/corludahaber.com\/h\/wp-content\/uploads\/2026\/05\/IMG-20260503-WA0000.jpg","width":828,"height":1106},{"@type":"BreadcrumbList","@id":"https:\/\/corludahaber.com\/h\/corlunun-taninan-ismi-dunya-evine-girdi\/119547#breadcrumb","itemListElement":[{"@type":"ListItem","position":1,"name":"Anasayfa","item":"https:\/\/corludahaber.com\/h\/"},{"@type":"ListItem","position":2,"name":"Ya\u015fam","item":"https:\/\/corludahaber.com\/h\/kategori\/yasam"},{"@type":"ListItem","position":3,"name":"\u00c7orlu\u2019nun Tan\u0131nan \u0130smi D\u00fcnya Evine Girdi"}]},{"@type":"WebSite","@id":"https:\/\/corludahaber.com\/h\/#website","url":"https:\/\/corludahaber.com\/h\/","name":"\u00c7orlu'da Haber","description":"Ger\u00e7ek Tarafs\u0131z Haber","publisher":{"@id":"https:\/\/corludahaber.com\/h\/#organization"},"potentialAction":[{"@type":"SearchAction","target":{"@type":"EntryPoint","urlTemplate":"https:\/\/corludahaber.com\/h\/?s={search_term_string}"},"query-input":"required name=search_term_string"}],"inLanguage":"tr"},{"@type":"Organization","@id":"https:\/\/corludahaber.com\/h\/#organization","name":"\u00c7orlu'da Haber","url":"https:\/\/corludahaber.com\/h\/","logo":{"@type":"ImageObject","inLanguage":"tr","@id":"https:\/\/corludahaber.com\/h\/#\/schema\/logo\/image\/","url":"https:\/\/corludahaber.com\/h\/wp-content\/uploads\/2021\/12\/logo__9__1_-removebg-preview.png","contentUrl":"https:\/\/corludahaber.com\/h\/wp-content\/uploads\/2021\/12\/logo__9__1_-removebg-preview.png","width":500,"height":157,"caption":"\u00c7orlu'da Haber"},"image":{"@id":"https:\/\/corludahaber.com\/h\/#\/schema\/logo\/image\/"},"sameAs":["https:\/\/facebook.com\/habercorluda","https:\/\/x.com\/habercorluda","https:\/\/www.instagram.com\/corludahaber","https:\/\/www.youtube.com\/user\/corludahaber"]},{"@type":"Person","@id":"https:\/\/corludahaber.com\/h\/#\/schema\/person\/b523522be44b062db5d74a62589768cd","name":"\u00c7orlu'da Haber","image":{"@type":"ImageObject","inLanguage":"tr","@id":"https:\/\/corludahaber.com\/h\/#\/schema\/person\/image\/","url":"https:\/\/secure.gravatar.com\/avatar\/1033e54e078c29fd7f053370086ff627ba414b05c2b231c418a481adecd764ce?s=96&d=blank&r=g","contentUrl":"https:\/\/secure.gravatar.com\/avatar\/1033e54e078c29fd7f053370086ff627ba414b05c2b231c418a481adecd764ce?s=96&d=blank&r=g","caption":"\u00c7orlu'da Haber"},"sameAs":["https:\/\/corludahaber.com\/h"],"url":"https:\/\/corludahaber.com\/h\/author\/admin"}]}},"_links":{"self":[{"href":"https:\/\/corludahaber.com\/h\/wp-json\/wp\/v2\/posts\/119547","targetHints":{"allow":["GET"]}}],"collection":[{"href":"https:\/\/corludahaber.com\/h\/wp-json\/wp\/v2\/posts"}],"about":[{"href":"https:\/\/corludahaber.com\/h\/wp-json\/wp\/v2\/types\/post"}],"author":[{"embeddable":true,"href":"https:\/\/corludahaber.com\/h\/wp-json\/wp\/v2\/users\/151"}],"replies":[{"embeddable":true,"href":"https:\/\/corludahaber.com\/h\/wp-json\/wp\/v2\/comments?post=119547"}],"version-history":[{"count":2,"href":"https:\/\/corludahaber.com\/h\/wp-json\/wp\/v2\/posts\/119547\/revisions"}],"predecessor-version":[{"id":119550,"href":"https:\/\/corludahaber.com\/h\/wp-json\/wp\/v2\/posts\/119547\/revisions\/119550"}],"wp:featuredmedia":[{"embeddable":true,"href":"https:\/\/corludahaber.com\/h\/wp-json\/wp\/v2\/media\/119548"}],"wp:attachment":[{"href":"https:\/\/corludahaber.com\/h\/wp-json\/wp\/v2\/media?parent=119547"}],"wp:term":[{"taxonomy":"category","embeddable":true,"href":"https:\/\/corludahaber.com\/h\/wp-json\/wp\/v2\/categories?post=119547"},{"taxonomy":"post_tag","embeddable":true,"href":"https:\/\/corludahaber.com\/h\/wp-json\/wp\/v2\/tags?post=119547"}],"curies":[{"name":"wp","href":"https:\/\/api.w.org\/{rel}","templated":true}]}}