{"id":119540,"date":"2026-05-03T12:28:02","date_gmt":"2026-05-03T09:28:02","guid":{"rendered":"https:\/\/corludahaber.com\/h\/?p=119540"},"modified":"2026-05-03T12:28:02","modified_gmt":"2026-05-03T09:28:02","slug":"corluda-galatasarayin-sampiyonluk-kutlamasi-yarim-kaldi","status":"publish","type":"post","link":"https:\/\/corludahaber.com\/h\/corluda-galatasarayin-sampiyonluk-kutlamasi-yarim-kaldi\/119540","title":{"rendered":"\u00c7orlu\u2019da Galatasaray&#8217;\u0131n \u015eampiyonluk Kutlamas\u0131 Yar\u0131m Kald\u0131!"},"content":{"rendered":"<div class=\"corlu-icerikten-once_3\" id=\"corlu-353905416\"><script type='text\/javascript' src='https:\/\/platform-api.sharethis.com\/js\/sharethis.js#property=5ce8cf08af7d000012cb0ca1&product=inline-reaction-buttons' async='async'><\/script>\r\n\r\n<\/div><p>\u00c7orlu&#8217;da Galatasaray taraftarlar\u0131n\u0131n g\u00fcnlerdir heyecanla bekledi\u011fi \u015fampiyonluk kutlamas\u0131, beklenmedik ma\u011flubiyetin ard\u0131ndan yar\u0131m kald\u0131.Sar\u0131-k\u0131rm\u0131z\u0131l\u0131 taraftarlar, \u015fampiyonluk ihtimaliyle Atat\u00fcrk Meydan\u0131\u2019nda toplanmaya haz\u0131rlan\u0131rken, ma\u00e7\u0131n biti\u015f d\u00fcd\u00fc\u011f\u00fcyle birlikte kutlama planlar\u0131 da rafa kald\u0131r\u0131ld\u0131<\/p><div class=\"corlu-icerik-2\" id=\"corlu-766264867\"><!-- Admatic AUTO ads START -->\r\n<ins data-publisher=\"adm-pub-155556240050\" data-ad-network=\"659428a24d11b285b616c18d\"   class=\"adm-ads-area\"><\/ins>\r\n<script type=\"text\/javascript\" src=\"https:\/\/static.cdn.admatic.com.tr\/showad\/showad.min.js\"><\/script>\r\n<!-- Admatic AUTO ads END --><\/div>\n<p><strong>Ma\u00e7 Sonucu Moralleri Alt\u00fcst Etti<\/strong><\/p>\n<p>Sar\u0131-k\u0131rm\u0131z\u0131l\u0131 taraftarlar, \u015fampiyonluk ihtimaliyle Atat\u00fcrk Meydan\u0131\u2019nda toplanmaya haz\u0131rlan\u0131rken, Galatasaray\u2019\u0131n Samsunspor kar\u015f\u0131s\u0131nda ald\u0131\u011f\u0131 4-1\u2019lik ma\u011flubiyet b\u00fcy\u00fck hayal k\u0131r\u0131kl\u0131\u011f\u0131 yaratt\u0131. Ma\u00e7\u0131n biti\u015f d\u00fcd\u00fc\u011f\u00fcyle birlikte kutlama planlar\u0131 da rafa kald\u0131r\u0131ld\u0131.<\/p>\n<p><strong>Meydanda Sessizlik Hakim Oldu<\/strong><\/p>\n<p>Kutlama i\u00e7in haz\u0131rl\u0131k yapan taraftarlar\u0131n bir k\u0131sm\u0131 sonu\u00e7 sonras\u0131 meydanda toplanmaktan vazge\u00e7erken, alana gelen az say\u0131daki taraftar ise sessiz bir \u015fekilde da\u011f\u0131ld\u0131. Beklenen co\u015fku yerini buruk bir atmosfere b\u0131rakt\u0131.<\/p>\n<p><strong>Baz\u0131 Taraftarlar E\u011flenmeye Devam Etti<\/strong><\/p>\n<p>T\u00fcm olumsuzlu\u011fa ra\u011fmen baz\u0131 Galatasaray taraftarlar\u0131 Atat\u00fcrk Meydan\u0131\u2019nda bir araya gelerek kendi aralar\u0131nda k\u00fc\u00e7\u00fck \u00e7apl\u0131 e\u011flence d\u00fczenledi. Moral bulmaya \u00e7al\u0131\u015fan taraftarlar, tak\u0131mlar\u0131na olan desteklerini s\u00fcrd\u00fcrd\u00fc.<\/p>\n<p><strong>Hayal K\u0131r\u0131kl\u0131\u011f\u0131 Sosyal Medyaya da Yans\u0131d\u0131<\/strong><\/p>\n<p>Ma\u00e7 sonras\u0131 ya\u015fanan \u00fcz\u00fcnt\u00fc sosyal medyada da geni\u015f yank\u0131 buldu. \u00c7orlu\u2019daki taraftarlar ba\u015fta olmak \u00fczere bir\u00e7ok Galatasarayl\u0131, al\u0131nan sonu\u00e7 sonras\u0131 duygular\u0131n\u0131 payla\u015ft\u0131.<\/p>\n<p>Beklenen b\u00fcy\u00fck kutlama ger\u00e7ekle\u015fmese de sar\u0131-k\u0131rm\u0131z\u0131l\u0131 taraftarlar\u0131n tak\u0131mlar\u0131na olan ba\u011fl\u0131l\u0131\u011f\u0131 bir kez daha g\u00f6zler \u00f6n\u00fcne serildi.<\/p>\n<div class=\"corlu-icerikten-sonra_3\" id=\"corlu-3384489450\"><p><img loading=\"lazy\" decoding=\"async\" class=\"aligncenter\" src=\"https:\/\/www.corludahaber.com\/bahcesehir.jpg\" alt=\"\" width=\"624\" height=\"196\" \/><\/p>\n<table style=\"text-align: left; width: 100%;\" border=\"1\" cellspacing=\"2\" cellpadding=\"2\">\n<tbody>\n<tr>\n<td style=\"background-color: #050805;\"><span style=\"font-size: 12pt;\"><small><small><em><strong><big><span style=\"color: #ff0000;\">Haber ve resimlerin telif haklar\u0131ndan dolay\u0131 kullan\u0131m\u0131 yasakt\u0131r<span style=\"color: #000000;\">.<\/span><\/span><span style=\"color: #000000;\">\u00a0<\/span><span style=\"color: #ffffff;\">Yaz\u0131l\u0131 izni al\u0131nmadan hi\u00e7bir yaz\u0131l\u0131, g\u00f6rsel, i\u015fitsel i\u00e7erik kopyalanamaz, de\u011fi\u015ftirilemez, yay\u0131nlanamaz veya sat\u0131lamaz. Aksi halde<\/span>\u00a0<span style=\"color: #ff0000;\">5846<span style=\"color: #ffffff;\">\u00a0<\/span><\/span><span style=\"color: #ffffff;\">say\u0131l\u0131 Fikir ve Sanat Eserleri Kanunu\u2019na ve<\/span>\u00a0<span style=\"color: #800000;\"><span style=\"color: #ff0000;\">6102<\/span><span style=\"color: #ffffff;\">\u00a0<\/span><\/span><span style=\"color: #ffffff;\">say\u0131l\u0131 maddesine g\u00f6re<\/span>\u00a0<span style=\"color: #ff0000;\">gerekli i\u015flemler uygulanacakt\u0131r.<\/span><br \/>\n<span style=\"color: #ffffff;\">\u00a9 Copyright 2014<\/span><\/big><\/strong><\/em><\/small><\/small><\/span><\/td>\n<\/tr>\n<\/tbody>\n<\/table>\n<p><small><small>\u00a0<\/small><\/small><\/p>\n<\/div>","protected":false},"excerpt":{"rendered":"<p>\u00c7orlu&#8217;da Galatasaray taraftarlar\u0131n\u0131n g\u00fcnlerdir heyecanla bekledi\u011fi \u015fampiyonluk kutlamas\u0131, beklenmedik ma\u011flubiyetin ard\u0131ndan yar\u0131m kald\u0131.Sar\u0131-k\u0131rm\u0131z\u0131l\u0131 taraftarlar, \u015fampiyonluk ihtimaliyle Atat\u00fcrk Meydan\u0131\u2019nda toplanmaya haz\u0131rlan\u0131rken, ma\u00e7\u0131n biti\u015f d\u00fcd\u00fc\u011f\u00fcyle birlikte kutlama planlar\u0131 da rafa kald\u0131r\u0131ld\u0131 Ma\u00e7 Sonucu Moralleri Alt\u00fcst Etti Sar\u0131-k\u0131rm\u0131z\u0131l\u0131 taraftarlar, \u015fampiyonluk ihtimaliyle Atat\u00fcrk Meydan\u0131\u2019nda toplanmaya haz\u0131rlan\u0131rken, Galatasaray\u2019\u0131n Samsunspor kar\u015f\u0131s\u0131nda ald\u0131\u011f\u0131 4-1\u2019lik ma\u011flubiyet b\u00fcy\u00fck hayal k\u0131r\u0131kl\u0131\u011f\u0131 yaratt\u0131. Ma\u00e7\u0131n biti\u015f d\u00fcd\u00fc\u011f\u00fcyle &hellip;<\/p>\n","protected":false},"author":151,"featured_media":119541,"comment_status":"open","ping_status":"open","sticky":false,"template":"","format":"standard","meta":{"footnotes":""},"categories":[12,27],"tags":[8025,411,9376,15478,33617,6556,733,7568,282,3661,17505],"class_list":["post-119540","post","type-post","status-publish","format-standard","has-post-thumbnail","hentry","category-spor","category-yasam","tag-asayis","tag-corlu","tag-corlu-kaza","tag-corlu-son-dakika-kaza","tag-corluda-galatasarayin-sampiyonluk-kutlamasi-yarim-kaldi","tag-galatasaray","tag-kaldi","tag-kutlamasi","tag-sampiyonluk","tag-son-dakika-kaza","tag-yarim"],"yoast_head":"<!-- This site is optimized with the Yoast SEO Premium plugin v23.3 (Yoast SEO v23.3) - https:\/\/yoast.com\/wordpress\/plugins\/seo\/ -->\n<title>\u00c7orlu\u2019da Galatasaray&#039;\u0131n \u015eampiyonluk Kutlamas\u0131 Yar\u0131m Kald\u0131! | \u00c7orlu&#039;da Haber<\/title>\n<meta name=\"description\" content=\"\u00c7orlu\u2019da Galatasaray&#039;\u0131n \u015eampiyonluk Kutlamas\u0131 Yar\u0131m Kald\u0131! | Spor \u00c7orlu&#039;da Haber\" \/>\n<meta name=\"robots\" content=\"index, follow, max-snippet:-1, max-image-preview:large, max-video-preview:-1\" \/>\n<link rel=\"canonical\" href=\"https:\/\/corludahaber.com\/h\/corluda-galatasarayin-sampiyonluk-kutlamasi-yarim-kaldi\/119540\" \/>\n<meta property=\"og:locale\" content=\"tr_TR\" \/>\n<meta property=\"og:type\" content=\"article\" \/>\n<meta property=\"og:title\" content=\"\u00c7orlu\u2019da Galatasaray&#039;\u0131n \u015eampiyonluk Kutlamas\u0131 Yar\u0131m Kald\u0131! | \u00c7orlu&#039;da Haber\" \/>\n<meta property=\"og:description\" content=\"\u00c7orlu\u2019da Galatasaray&#039;\u0131n \u015eampiyonluk Kutlamas\u0131 Yar\u0131m Kald\u0131! | Spor \u00c7orlu&#039;da Haber\" \/>\n<meta property=\"og:url\" content=\"https:\/\/corludahaber.com\/h\/corluda-galatasarayin-sampiyonluk-kutlamasi-yarim-kaldi\/119540\" \/>\n<meta property=\"og:site_name\" content=\"\u00c7orlu&#039;da Haber\" \/>\n<meta property=\"article:publisher\" content=\"https:\/\/facebook.com\/habercorluda\" \/>\n<meta property=\"article:published_time\" content=\"2026-05-03T09:28:02+00:00\" \/>\n<meta property=\"og:image\" content=\"http:\/\/corludahaber.com\/h\/wp-content\/uploads\/2026\/05\/IMG_20260503_122733.jpg\" \/>\n\t<meta property=\"og:image:width\" content=\"1080\" \/>\n\t<meta property=\"og:image:height\" content=\"577\" \/>\n\t<meta property=\"og:image:type\" content=\"image\/jpeg\" \/>\n<meta name=\"author\" content=\"\u00c7orlu&#039;da Haber\" \/>\n<meta name=\"twitter:card\" content=\"summary_large_image\" \/>\n<meta name=\"twitter:creator\" content=\"@habercorluda\" \/>\n<meta name=\"twitter:site\" content=\"@habercorluda\" \/>\n<meta name=\"twitter:label1\" content=\"Yazan:\" \/>\n\t<meta name=\"twitter:data1\" content=\"\u00c7orlu&#039;da Haber\" \/>\n\t<meta name=\"twitter:label2\" content=\"Tahmini okuma s\u00fcresi\" \/>\n\t<meta name=\"twitter:data2\" content=\"2 dakika\" \/>\n<script type=\"application\/ld+json\" class=\"yoast-schema-graph\">{\"@context\":\"https:\/\/schema.org\",\"@graph\":[{\"@type\":\"Article\",\"@id\":\"https:\/\/corludahaber.com\/h\/corluda-galatasarayin-sampiyonluk-kutlamasi-yarim-kaldi\/119540#article\",\"isPartOf\":{\"@id\":\"https:\/\/corludahaber.com\/h\/corluda-galatasarayin-sampiyonluk-kutlamasi-yarim-kaldi\/119540\"},\"author\":{\"name\":\"\u00c7orlu'da Haber\",\"@id\":\"https:\/\/corludahaber.com\/h\/#\/schema\/person\/b523522be44b062db5d74a62589768cd\"},\"headline\":\"\u00c7orlu\u2019da Galatasaray&#8217;\u0131n \u015eampiyonluk Kutlamas\u0131 Yar\u0131m Kald\u0131!\",\"datePublished\":\"2026-05-03T09:28:02+00:00\",\"dateModified\":\"2026-05-03T09:28:02+00:00\",\"mainEntityOfPage\":{\"@id\":\"https:\/\/corludahaber.com\/h\/corluda-galatasarayin-sampiyonluk-kutlamasi-yarim-kaldi\/119540\"},\"wordCount\":273,\"commentCount\":0,\"publisher\":{\"@id\":\"https:\/\/corludahaber.com\/h\/#organization\"},\"image\":{\"@id\":\"https:\/\/corludahaber.com\/h\/corluda-galatasarayin-sampiyonluk-kutlamasi-yarim-kaldi\/119540#primaryimage\"},\"thumbnailUrl\":\"https:\/\/corludahaber.com\/h\/wp-content\/uploads\/2026\/05\/IMG_20260503_122733.jpg\",\"keywords\":[\"asayi\u015f\",\"\u00c7orlu\",\"\u00c7orlu kaza\",\"\u00c7orlu son dakika kaza\",\"\u00c7orlu\u2019da Galatasaray'\u0131n \u015eampiyonluk Kutlamas\u0131 Yar\u0131m Kald\u0131!\",\"Galatasaray\",\"Kald\u0131\",\"kutlamas\u0131\",\"\u015fampiyonluk\",\"son dakika kaza\",\"Yar\u0131m\"],\"articleSection\":[\"Spor\",\"Ya\u015fam\"],\"inLanguage\":\"tr\",\"potentialAction\":[{\"@type\":\"CommentAction\",\"name\":\"Comment\",\"target\":[\"https:\/\/corludahaber.com\/h\/corluda-galatasarayin-sampiyonluk-kutlamasi-yarim-kaldi\/119540#respond\"]}]},{\"@type\":\"WebPage\",\"@id\":\"https:\/\/corludahaber.com\/h\/corluda-galatasarayin-sampiyonluk-kutlamasi-yarim-kaldi\/119540\",\"url\":\"https:\/\/corludahaber.com\/h\/corluda-galatasarayin-sampiyonluk-kutlamasi-yarim-kaldi\/119540\",\"name\":\"\u00c7orlu\u2019da Galatasaray'\u0131n \u015eampiyonluk Kutlamas\u0131 Yar\u0131m Kald\u0131! | \u00c7orlu&#039;da Haber\",\"isPartOf\":{\"@id\":\"https:\/\/corludahaber.com\/h\/#website\"},\"primaryImageOfPage\":{\"@id\":\"https:\/\/corludahaber.com\/h\/corluda-galatasarayin-sampiyonluk-kutlamasi-yarim-kaldi\/119540#primaryimage\"},\"image\":{\"@id\":\"https:\/\/corludahaber.com\/h\/corluda-galatasarayin-sampiyonluk-kutlamasi-yarim-kaldi\/119540#primaryimage\"},\"thumbnailUrl\":\"https:\/\/corludahaber.com\/h\/wp-content\/uploads\/2026\/05\/IMG_20260503_122733.jpg\",\"datePublished\":\"2026-05-03T09:28:02+00:00\",\"dateModified\":\"2026-05-03T09:28:02+00:00\",\"description\":\"\u00c7orlu\u2019da Galatasaray'\u0131n \u015eampiyonluk Kutlamas\u0131 Yar\u0131m Kald\u0131! | Spor \u00c7orlu&#039;da Haber\",\"breadcrumb\":{\"@id\":\"https:\/\/corludahaber.com\/h\/corluda-galatasarayin-sampiyonluk-kutlamasi-yarim-kaldi\/119540#breadcrumb\"},\"inLanguage\":\"tr\",\"potentialAction\":[{\"@type\":\"ReadAction\",\"target\":[\"https:\/\/corludahaber.com\/h\/corluda-galatasarayin-sampiyonluk-kutlamasi-yarim-kaldi\/119540\"]}]},{\"@type\":\"ImageObject\",\"inLanguage\":\"tr\",\"@id\":\"https:\/\/corludahaber.com\/h\/corluda-galatasarayin-sampiyonluk-kutlamasi-yarim-kaldi\/119540#primaryimage\",\"url\":\"https:\/\/corludahaber.com\/h\/wp-content\/uploads\/2026\/05\/IMG_20260503_122733.jpg\",\"contentUrl\":\"https:\/\/corludahaber.com\/h\/wp-content\/uploads\/2026\/05\/IMG_20260503_122733.jpg\",\"width\":1080,\"height\":577},{\"@type\":\"BreadcrumbList\",\"@id\":\"https:\/\/corludahaber.com\/h\/corluda-galatasarayin-sampiyonluk-kutlamasi-yarim-kaldi\/119540#breadcrumb\",\"itemListElement\":[{\"@type\":\"ListItem\",\"position\":1,\"name\":\"Anasayfa\",\"item\":\"https:\/\/corludahaber.com\/h\/\"},{\"@type\":\"ListItem\",\"position\":2,\"name\":\"Spor\",\"item\":\"https:\/\/corludahaber.com\/h\/kategori\/spor\"},{\"@type\":\"ListItem\",\"position\":3,\"name\":\"\u00c7orlu\u2019da Galatasaray&#8217;\u0131n \u015eampiyonluk Kutlamas\u0131 Yar\u0131m Kald\u0131!\"}]},{\"@type\":\"WebSite\",\"@id\":\"https:\/\/corludahaber.com\/h\/#website\",\"url\":\"https:\/\/corludahaber.com\/h\/\",\"name\":\"\u00c7orlu'da Haber\",\"description\":\"Ger\u00e7ek Tarafs\u0131z Haber\",\"publisher\":{\"@id\":\"https:\/\/corludahaber.com\/h\/#organization\"},\"potentialAction\":[{\"@type\":\"SearchAction\",\"target\":{\"@type\":\"EntryPoint\",\"urlTemplate\":\"https:\/\/corludahaber.com\/h\/?s={search_term_string}\"},\"query-input\":\"required name=search_term_string\"}],\"inLanguage\":\"tr\"},{\"@type\":\"Organization\",\"@id\":\"https:\/\/corludahaber.com\/h\/#organization\",\"name\":\"\u00c7orlu'da Haber\",\"url\":\"https:\/\/corludahaber.com\/h\/\",\"logo\":{\"@type\":\"ImageObject\",\"inLanguage\":\"tr\",\"@id\":\"https:\/\/corludahaber.com\/h\/#\/schema\/logo\/image\/\",\"url\":\"https:\/\/corludahaber.com\/h\/wp-content\/uploads\/2021\/12\/logo__9__1_-removebg-preview.png\",\"contentUrl\":\"https:\/\/corludahaber.com\/h\/wp-content\/uploads\/2021\/12\/logo__9__1_-removebg-preview.png\",\"width\":500,\"height\":157,\"caption\":\"\u00c7orlu'da Haber\"},\"image\":{\"@id\":\"https:\/\/corludahaber.com\/h\/#\/schema\/logo\/image\/\"},\"sameAs\":[\"https:\/\/facebook.com\/habercorluda\",\"https:\/\/x.com\/habercorluda\",\"https:\/\/www.instagram.com\/corludahaber\",\"https:\/\/www.youtube.com\/user\/corludahaber\"]},{\"@type\":\"Person\",\"@id\":\"https:\/\/corludahaber.com\/h\/#\/schema\/person\/b523522be44b062db5d74a62589768cd\",\"name\":\"\u00c7orlu'da Haber\",\"image\":{\"@type\":\"ImageObject\",\"inLanguage\":\"tr\",\"@id\":\"https:\/\/corludahaber.com\/h\/#\/schema\/person\/image\/\",\"url\":\"https:\/\/secure.gravatar.com\/avatar\/1033e54e078c29fd7f053370086ff627ba414b05c2b231c418a481adecd764ce?s=96&d=blank&r=g\",\"contentUrl\":\"https:\/\/secure.gravatar.com\/avatar\/1033e54e078c29fd7f053370086ff627ba414b05c2b231c418a481adecd764ce?s=96&d=blank&r=g\",\"caption\":\"\u00c7orlu'da Haber\"},\"sameAs\":[\"https:\/\/corludahaber.com\/h\"],\"url\":\"https:\/\/corludahaber.com\/h\/author\/admin\"}]}<\/script>\n<!-- \/ Yoast SEO Premium plugin. -->","yoast_head_json":{"title":"\u00c7orlu\u2019da Galatasaray'\u0131n \u015eampiyonluk Kutlamas\u0131 Yar\u0131m Kald\u0131! | \u00c7orlu&#039;da Haber","description":"\u00c7orlu\u2019da Galatasaray'\u0131n \u015eampiyonluk Kutlamas\u0131 Yar\u0131m Kald\u0131! | Spor \u00c7orlu&#039;da Haber","robots":{"index":"index","follow":"follow","max-snippet":"max-snippet:-1","max-image-preview":"max-image-preview:large","max-video-preview":"max-video-preview:-1"},"canonical":"https:\/\/corludahaber.com\/h\/corluda-galatasarayin-sampiyonluk-kutlamasi-yarim-kaldi\/119540","og_locale":"tr_TR","og_type":"article","og_title":"\u00c7orlu\u2019da Galatasaray'\u0131n \u015eampiyonluk Kutlamas\u0131 Yar\u0131m Kald\u0131! | \u00c7orlu&#039;da Haber","og_description":"\u00c7orlu\u2019da Galatasaray'\u0131n \u015eampiyonluk Kutlamas\u0131 Yar\u0131m Kald\u0131! | Spor \u00c7orlu&#039;da Haber","og_url":"https:\/\/corludahaber.com\/h\/corluda-galatasarayin-sampiyonluk-kutlamasi-yarim-kaldi\/119540","og_site_name":"\u00c7orlu&#039;da Haber","article_publisher":"https:\/\/facebook.com\/habercorluda","article_published_time":"2026-05-03T09:28:02+00:00","og_image":[{"width":1080,"height":577,"url":"http:\/\/corludahaber.com\/h\/wp-content\/uploads\/2026\/05\/IMG_20260503_122733.jpg","type":"image\/jpeg"}],"author":"\u00c7orlu'da Haber","twitter_card":"summary_large_image","twitter_creator":"@habercorluda","twitter_site":"@habercorluda","twitter_misc":{"Yazan:":"\u00c7orlu'da Haber","Tahmini okuma s\u00fcresi":"2 dakika"},"schema":{"@context":"https:\/\/schema.org","@graph":[{"@type":"Article","@id":"https:\/\/corludahaber.com\/h\/corluda-galatasarayin-sampiyonluk-kutlamasi-yarim-kaldi\/119540#article","isPartOf":{"@id":"https:\/\/corludahaber.com\/h\/corluda-galatasarayin-sampiyonluk-kutlamasi-yarim-kaldi\/119540"},"author":{"name":"\u00c7orlu'da Haber","@id":"https:\/\/corludahaber.com\/h\/#\/schema\/person\/b523522be44b062db5d74a62589768cd"},"headline":"\u00c7orlu\u2019da Galatasaray&#8217;\u0131n \u015eampiyonluk Kutlamas\u0131 Yar\u0131m Kald\u0131!","datePublished":"2026-05-03T09:28:02+00:00","dateModified":"2026-05-03T09:28:02+00:00","mainEntityOfPage":{"@id":"https:\/\/corludahaber.com\/h\/corluda-galatasarayin-sampiyonluk-kutlamasi-yarim-kaldi\/119540"},"wordCount":273,"commentCount":0,"publisher":{"@id":"https:\/\/corludahaber.com\/h\/#organization"},"image":{"@id":"https:\/\/corludahaber.com\/h\/corluda-galatasarayin-sampiyonluk-kutlamasi-yarim-kaldi\/119540#primaryimage"},"thumbnailUrl":"https:\/\/corludahaber.com\/h\/wp-content\/uploads\/2026\/05\/IMG_20260503_122733.jpg","keywords":["asayi\u015f","\u00c7orlu","\u00c7orlu kaza","\u00c7orlu son dakika kaza","\u00c7orlu\u2019da Galatasaray'\u0131n \u015eampiyonluk Kutlamas\u0131 Yar\u0131m Kald\u0131!","Galatasaray","Kald\u0131","kutlamas\u0131","\u015fampiyonluk","son dakika kaza","Yar\u0131m"],"articleSection":["Spor","Ya\u015fam"],"inLanguage":"tr","potentialAction":[{"@type":"CommentAction","name":"Comment","target":["https:\/\/corludahaber.com\/h\/corluda-galatasarayin-sampiyonluk-kutlamasi-yarim-kaldi\/119540#respond"]}]},{"@type":"WebPage","@id":"https:\/\/corludahaber.com\/h\/corluda-galatasarayin-sampiyonluk-kutlamasi-yarim-kaldi\/119540","url":"https:\/\/corludahaber.com\/h\/corluda-galatasarayin-sampiyonluk-kutlamasi-yarim-kaldi\/119540","name":"\u00c7orlu\u2019da Galatasaray'\u0131n \u015eampiyonluk Kutlamas\u0131 Yar\u0131m Kald\u0131! | \u00c7orlu&#039;da Haber","isPartOf":{"@id":"https:\/\/corludahaber.com\/h\/#website"},"primaryImageOfPage":{"@id":"https:\/\/corludahaber.com\/h\/corluda-galatasarayin-sampiyonluk-kutlamasi-yarim-kaldi\/119540#primaryimage"},"image":{"@id":"https:\/\/corludahaber.com\/h\/corluda-galatasarayin-sampiyonluk-kutlamasi-yarim-kaldi\/119540#primaryimage"},"thumbnailUrl":"https:\/\/corludahaber.com\/h\/wp-content\/uploads\/2026\/05\/IMG_20260503_122733.jpg","datePublished":"2026-05-03T09:28:02+00:00","dateModified":"2026-05-03T09:28:02+00:00","description":"\u00c7orlu\u2019da Galatasaray'\u0131n \u015eampiyonluk Kutlamas\u0131 Yar\u0131m Kald\u0131! | Spor \u00c7orlu&#039;da Haber","breadcrumb":{"@id":"https:\/\/corludahaber.com\/h\/corluda-galatasarayin-sampiyonluk-kutlamasi-yarim-kaldi\/119540#breadcrumb"},"inLanguage":"tr","potentialAction":[{"@type":"ReadAction","target":["https:\/\/corludahaber.com\/h\/corluda-galatasarayin-sampiyonluk-kutlamasi-yarim-kaldi\/119540"]}]},{"@type":"ImageObject","inLanguage":"tr","@id":"https:\/\/corludahaber.com\/h\/corluda-galatasarayin-sampiyonluk-kutlamasi-yarim-kaldi\/119540#primaryimage","url":"https:\/\/corludahaber.com\/h\/wp-content\/uploads\/2026\/05\/IMG_20260503_122733.jpg","contentUrl":"https:\/\/corludahaber.com\/h\/wp-content\/uploads\/2026\/05\/IMG_20260503_122733.jpg","width":1080,"height":577},{"@type":"BreadcrumbList","@id":"https:\/\/corludahaber.com\/h\/corluda-galatasarayin-sampiyonluk-kutlamasi-yarim-kaldi\/119540#breadcrumb","itemListElement":[{"@type":"ListItem","position":1,"name":"Anasayfa","item":"https:\/\/corludahaber.com\/h\/"},{"@type":"ListItem","position":2,"name":"Spor","item":"https:\/\/corludahaber.com\/h\/kategori\/spor"},{"@type":"ListItem","position":3,"name":"\u00c7orlu\u2019da Galatasaray&#8217;\u0131n \u015eampiyonluk Kutlamas\u0131 Yar\u0131m Kald\u0131!"}]},{"@type":"WebSite","@id":"https:\/\/corludahaber.com\/h\/#website","url":"https:\/\/corludahaber.com\/h\/","name":"\u00c7orlu'da Haber","description":"Ger\u00e7ek Tarafs\u0131z Haber","publisher":{"@id":"https:\/\/corludahaber.com\/h\/#organization"},"potentialAction":[{"@type":"SearchAction","target":{"@type":"EntryPoint","urlTemplate":"https:\/\/corludahaber.com\/h\/?s={search_term_string}"},"query-input":"required name=search_term_string"}],"inLanguage":"tr"},{"@type":"Organization","@id":"https:\/\/corludahaber.com\/h\/#organization","name":"\u00c7orlu'da Haber","url":"https:\/\/corludahaber.com\/h\/","logo":{"@type":"ImageObject","inLanguage":"tr","@id":"https:\/\/corludahaber.com\/h\/#\/schema\/logo\/image\/","url":"https:\/\/corludahaber.com\/h\/wp-content\/uploads\/2021\/12\/logo__9__1_-removebg-preview.png","contentUrl":"https:\/\/corludahaber.com\/h\/wp-content\/uploads\/2021\/12\/logo__9__1_-removebg-preview.png","width":500,"height":157,"caption":"\u00c7orlu'da Haber"},"image":{"@id":"https:\/\/corludahaber.com\/h\/#\/schema\/logo\/image\/"},"sameAs":["https:\/\/facebook.com\/habercorluda","https:\/\/x.com\/habercorluda","https:\/\/www.instagram.com\/corludahaber","https:\/\/www.youtube.com\/user\/corludahaber"]},{"@type":"Person","@id":"https:\/\/corludahaber.com\/h\/#\/schema\/person\/b523522be44b062db5d74a62589768cd","name":"\u00c7orlu'da Haber","image":{"@type":"ImageObject","inLanguage":"tr","@id":"https:\/\/corludahaber.com\/h\/#\/schema\/person\/image\/","url":"https:\/\/secure.gravatar.com\/avatar\/1033e54e078c29fd7f053370086ff627ba414b05c2b231c418a481adecd764ce?s=96&d=blank&r=g","contentUrl":"https:\/\/secure.gravatar.com\/avatar\/1033e54e078c29fd7f053370086ff627ba414b05c2b231c418a481adecd764ce?s=96&d=blank&r=g","caption":"\u00c7orlu'da Haber"},"sameAs":["https:\/\/corludahaber.com\/h"],"url":"https:\/\/corludahaber.com\/h\/author\/admin"}]}},"_links":{"self":[{"href":"https:\/\/corludahaber.com\/h\/wp-json\/wp\/v2\/posts\/119540","targetHints":{"allow":["GET"]}}],"collection":[{"href":"https:\/\/corludahaber.com\/h\/wp-json\/wp\/v2\/posts"}],"about":[{"href":"https:\/\/corludahaber.com\/h\/wp-json\/wp\/v2\/types\/post"}],"author":[{"embeddable":true,"href":"https:\/\/corludahaber.com\/h\/wp-json\/wp\/v2\/users\/151"}],"replies":[{"embeddable":true,"href":"https:\/\/corludahaber.com\/h\/wp-json\/wp\/v2\/comments?post=119540"}],"version-history":[{"count":1,"href":"https:\/\/corludahaber.com\/h\/wp-json\/wp\/v2\/posts\/119540\/revisions"}],"predecessor-version":[{"id":119542,"href":"https:\/\/corludahaber.com\/h\/wp-json\/wp\/v2\/posts\/119540\/revisions\/119542"}],"wp:featuredmedia":[{"embeddable":true,"href":"https:\/\/corludahaber.com\/h\/wp-json\/wp\/v2\/media\/119541"}],"wp:attachment":[{"href":"https:\/\/corludahaber.com\/h\/wp-json\/wp\/v2\/media?parent=119540"}],"wp:term":[{"taxonomy":"category","embeddable":true,"href":"https:\/\/corludahaber.com\/h\/wp-json\/wp\/v2\/categories?post=119540"},{"taxonomy":"post_tag","embeddable":true,"href":"https:\/\/corludahaber.com\/h\/wp-json\/wp\/v2\/tags?post=119540"}],"curies":[{"name":"wp","href":"https:\/\/api.w.org\/{rel}","templated":true}]}}