{"id":119513,"date":"2026-05-01T17:54:32","date_gmt":"2026-05-01T14:54:32","guid":{"rendered":"https:\/\/corludahaber.com\/h\/tamir-ettigi-kamyonetine-otomobil-carpti-arac-ile-direk-arasina-sikisip-agir-yaralandi\/119513"},"modified":"2026-05-01T17:54:40","modified_gmt":"2026-05-01T14:54:40","slug":"tamir-ettigi-kamyonetine-otomobil-carpti-arac-ile-direk-arasina-sikisip-agir-yaralandi","status":"publish","type":"post","link":"https:\/\/corludahaber.com\/h\/tamir-ettigi-kamyonetine-otomobil-carpti-arac-ile-direk-arasina-sikisip-agir-yaralandi\/119513","title":{"rendered":"Tamir etti\u011fi kamyonetine otomobil \u00e7arpt\u0131; ara\u00e7 ile direk aras\u0131na s\u0131k\u0131\u015f\u0131p a\u011f\u0131r yaraland\u0131"},"content":{"rendered":"<div class=\"corlu-icerikten-once_3\" id=\"corlu-2252787869\"><script type='text\/javascript' src='https:\/\/platform-api.sharethis.com\/js\/sharethis.js#property=5ce8cf08af7d000012cb0ca1&product=inline-reaction-buttons' async='async'><\/script>\r\n\r\n<\/div><div readability=\"51\"><span class=\"category-name hidden\"><\/span><\/p><div class=\"corlu-icerik-2\" id=\"corlu-1689527834\"><!-- Admatic AUTO ads START -->\r\n<ins data-publisher=\"adm-pub-155556240050\" data-ad-network=\"659428a24d11b285b616c18d\"   class=\"adm-ads-area\"><\/ins>\r\n<script type=\"text\/javascript\" src=\"https:\/\/static.cdn.admatic.com.tr\/showad\/showad.min.js\"><\/script>\r\n<!-- Admatic AUTO ads END --><\/div>\n<p> \/\u00c7ORLU (Tekirda\u011f), (Haber Merkezi)- TEK\u0130RDA\u011e&#8217;\u0131n \u00c7orlu il\u00e7esinde kaza s\u0131ras\u0131nda savrulan otomobil, Mehmet N.\u2019nin ar\u0131za yapt\u0131\u011f\u0131 i\u00e7in yol kenar\u0131nda tamir etmeye \u00e7al\u0131\u015ft\u0131\u011f\u0131 kamyonete \u00e7arpt\u0131. Kamyonet ile y\u00f6n levhas\u0131 dire\u011fi aras\u0131na s\u0131k\u0131\u015fan Mehmet N.\u2019nin a\u011f\u0131r yaraland\u0131\u011f\u0131 kaza, g\u00fcvenlik kameras\u0131na yans\u0131d\u0131.<\/p>\n<p>Kaza, saat 13.00 s\u0131ralar\u0131nda Zafer Mahallesi Yeni Sanayi Sitesi&#8217;nde meydana geldi. Mehmet N., ar\u0131za yapan kamyonetini yol kenar\u0131na \u00e7ekip, tamir etmeye ba\u015flad\u0131. Bu s\u0131rada O.Y.&#8217;nin kulland\u0131\u011f\u0131 06 DE 9181 plakal\u0131 otomobil, O.P. y\u00f6netimindeki 59 FP 185 plakal\u0131 otomobil ile \u00e7arp\u0131\u015ft\u0131. \u00c7arp\u0131\u015fman\u0131n \u015fiddetiyle savrulan O.Y.&#8217;nin kulland\u0131\u011f\u0131 otomobil daha sonra yol kenar\u0131ndaki kamyonete \u00e7arpt\u0131. Ar\u0131zay\u0131 gidermeye \u00e7al\u0131\u015fan Mehmet N., kamyonet ile y\u00f6n levhas\u0131 dire\u011fi aras\u0131nda kalarak a\u011f\u0131r yaraland\u0131. \u0130hbarla kaza yerine polis ve sa\u011fl\u0131k ekipleri sevk edildi. Yaral\u0131 Mehmet N., \u00c7orlu Devlet Hastanesi&#8217;ne kald\u0131r\u0131larak tedavi alt\u0131na al\u0131nd\u0131. <\/p>\n<p>Di\u011fer yandan kaza \u00e7evredeki bir i\u015f yerinin g\u00fcvenlik kameras\u0131na yans\u0131d\u0131. (Haber Merkezi)<\/p>\n<\/div>\n<div class=\"corlu-icerikten-sonra_3\" id=\"corlu-50165326\"><p><img loading=\"lazy\" decoding=\"async\" class=\"aligncenter\" src=\"https:\/\/www.corludahaber.com\/bahcesehir.jpg\" alt=\"\" width=\"624\" height=\"196\" \/><\/p>\n<table style=\"text-align: left; width: 100%;\" border=\"1\" cellspacing=\"2\" cellpadding=\"2\">\n<tbody>\n<tr>\n<td style=\"background-color: #050805;\"><span style=\"font-size: 12pt;\"><small><small><em><strong><big><span style=\"color: #ff0000;\">Haber ve resimlerin telif haklar\u0131ndan dolay\u0131 kullan\u0131m\u0131 yasakt\u0131r<span style=\"color: #000000;\">.<\/span><\/span><span style=\"color: #000000;\">\u00a0<\/span><span style=\"color: #ffffff;\">Yaz\u0131l\u0131 izni al\u0131nmadan hi\u00e7bir yaz\u0131l\u0131, g\u00f6rsel, i\u015fitsel i\u00e7erik kopyalanamaz, de\u011fi\u015ftirilemez, yay\u0131nlanamaz veya sat\u0131lamaz. Aksi halde<\/span>\u00a0<span style=\"color: #ff0000;\">5846<span style=\"color: #ffffff;\">\u00a0<\/span><\/span><span style=\"color: #ffffff;\">say\u0131l\u0131 Fikir ve Sanat Eserleri Kanunu\u2019na ve<\/span>\u00a0<span style=\"color: #800000;\"><span style=\"color: #ff0000;\">6102<\/span><span style=\"color: #ffffff;\">\u00a0<\/span><\/span><span style=\"color: #ffffff;\">say\u0131l\u0131 maddesine g\u00f6re<\/span>\u00a0<span style=\"color: #ff0000;\">gerekli i\u015flemler uygulanacakt\u0131r.<\/span><br \/>\n<span style=\"color: #ffffff;\">\u00a9 Copyright 2014<\/span><\/big><\/strong><\/em><\/small><\/small><\/span><\/td>\n<\/tr>\n<\/tbody>\n<\/table>\n<p><small><small>\u00a0<\/small><\/small><\/p>\n<\/div>","protected":false},"excerpt":{"rendered":"<p>\/\u00c7ORLU (Tekirda\u011f), (Haber Merkezi)- TEK\u0130RDA\u011e&#8217;\u0131n \u00c7orlu il\u00e7esinde kaza s\u0131ras\u0131nda savrulan otomobil, Mehmet N.\u2019nin ar\u0131za yapt\u0131\u011f\u0131 i\u00e7in yol kenar\u0131nda tamir etmeye \u00e7al\u0131\u015ft\u0131\u011f\u0131 kamyonete \u00e7arpt\u0131. Kamyonet ile y\u00f6n levhas\u0131 dire\u011fi aras\u0131na s\u0131k\u0131\u015fan Mehmet N.\u2019nin a\u011f\u0131r yaraland\u0131\u011f\u0131 kaza, g\u00fcvenlik kameras\u0131na yans\u0131d\u0131. Kaza, saat 13.00 s\u0131ralar\u0131nda Zafer Mahallesi Yeni Sanayi Sitesi&#8217;nde meydana geldi. Mehmet N., ar\u0131za yapan kamyonetini yol &hellip;<\/p>\n","protected":false},"author":151,"featured_media":119514,"comment_status":"open","ping_status":"closed","sticky":false,"template":"","format":"standard","meta":{"footnotes":""},"categories":[27],"tags":[698,479,412,8025,519,9376,15478,2090,2991,33588,835,33589,3661,1105,33590,676],"class_list":["post-119513","post","type-post","status-publish","format-standard","has-post-thumbnail","hentry","category-yasam","tag-agir","tag-arac","tag-arasina","tag-asayis","tag-carpti","tag-corlu-kaza","tag-corlu-son-dakika-kaza","tag-direk","tag-ettigi","tag-kamyonetine","tag-otomobil","tag-sikisip","tag-son-dakika-kaza","tag-tamir","tag-tamir-ettigi-kamyonetine-otomobil-carpti-arac-ile-direk-arasina-sikisip-agir-yaralandi","tag-yaralandi"],"yoast_head":"<!-- This site is optimized with the Yoast SEO Premium plugin v23.3 (Yoast SEO v23.3) - https:\/\/yoast.com\/wordpress\/plugins\/seo\/ -->\n<title>Tamir etti\u011fi kamyonetine otomobil \u00e7arpt\u0131; ara\u00e7 ile direk aras\u0131na s\u0131k\u0131\u015f\u0131p a\u011f\u0131r yaraland\u0131 | \u00c7orlu&#039;da Haber<\/title>\n<meta name=\"description\" content=\"Tamir etti\u011fi kamyonetine otomobil \u00e7arpt\u0131; ara\u00e7 ile direk aras\u0131na s\u0131k\u0131\u015f\u0131p a\u011f\u0131r yaraland\u0131 | \u00c7orlu&#039;da Haber\" \/>\n<meta name=\"robots\" content=\"index, follow, max-snippet:-1, max-image-preview:large, max-video-preview:-1\" \/>\n<link rel=\"canonical\" href=\"https:\/\/corludahaber.com\/h\/tamir-ettigi-kamyonetine-otomobil-carpti-arac-ile-direk-arasina-sikisip-agir-yaralandi\/119513\" \/>\n<meta property=\"og:locale\" content=\"tr_TR\" \/>\n<meta property=\"og:type\" content=\"article\" \/>\n<meta property=\"og:title\" content=\"Tamir etti\u011fi kamyonetine otomobil \u00e7arpt\u0131; ara\u00e7 ile direk aras\u0131na s\u0131k\u0131\u015f\u0131p a\u011f\u0131r yaraland\u0131 | \u00c7orlu&#039;da Haber\" \/>\n<meta property=\"og:description\" content=\"Tamir etti\u011fi kamyonetine otomobil \u00e7arpt\u0131; ara\u00e7 ile direk aras\u0131na s\u0131k\u0131\u015f\u0131p a\u011f\u0131r yaraland\u0131 | \u00c7orlu&#039;da Haber\" \/>\n<meta property=\"og:url\" content=\"https:\/\/corludahaber.com\/h\/tamir-ettigi-kamyonetine-otomobil-carpti-arac-ile-direk-arasina-sikisip-agir-yaralandi\/119513\" \/>\n<meta property=\"og:site_name\" content=\"\u00c7orlu&#039;da Haber\" \/>\n<meta property=\"article:publisher\" content=\"https:\/\/facebook.com\/habercorluda\" \/>\n<meta property=\"article:published_time\" content=\"2026-05-01T14:54:32+00:00\" \/>\n<meta property=\"article:modified_time\" content=\"2026-05-01T14:54:40+00:00\" \/>\n<meta property=\"og:image\" content=\"http:\/\/corludahaber.com\/h\/wp-content\/uploads\/2026\/05\/tamir-ettigi-kamyonetine-otomobil-carpti-arac-ile-direk-arasina-sikisip-agir-yaralandi_69f4beac48297.jpeg\" \/>\n\t<meta property=\"og:image:width\" content=\"2000\" \/>\n\t<meta property=\"og:image:height\" content=\"1133\" \/>\n\t<meta property=\"og:image:type\" content=\"image\/jpeg\" \/>\n<meta name=\"author\" content=\"\u00c7orlu&#039;da Haber\" \/>\n<meta name=\"twitter:card\" content=\"summary_large_image\" \/>\n<meta name=\"twitter:creator\" content=\"@habercorluda\" \/>\n<meta name=\"twitter:site\" content=\"@habercorluda\" \/>\n<meta name=\"twitter:label1\" content=\"Yazan:\" \/>\n\t<meta name=\"twitter:data1\" content=\"\u00c7orlu&#039;da Haber\" \/>\n\t<meta name=\"twitter:label2\" content=\"Tahmini okuma s\u00fcresi\" \/>\n\t<meta name=\"twitter:data2\" content=\"1 dakika\" \/>\n<script type=\"application\/ld+json\" class=\"yoast-schema-graph\">{\"@context\":\"https:\/\/schema.org\",\"@graph\":[{\"@type\":\"Article\",\"@id\":\"https:\/\/corludahaber.com\/h\/tamir-ettigi-kamyonetine-otomobil-carpti-arac-ile-direk-arasina-sikisip-agir-yaralandi\/119513#article\",\"isPartOf\":{\"@id\":\"https:\/\/corludahaber.com\/h\/tamir-ettigi-kamyonetine-otomobil-carpti-arac-ile-direk-arasina-sikisip-agir-yaralandi\/119513\"},\"author\":{\"name\":\"\u00c7orlu'da Haber\",\"@id\":\"https:\/\/corludahaber.com\/h\/#\/schema\/person\/b523522be44b062db5d74a62589768cd\"},\"headline\":\"Tamir etti\u011fi kamyonetine otomobil \u00e7arpt\u0131; ara\u00e7 ile direk aras\u0131na s\u0131k\u0131\u015f\u0131p a\u011f\u0131r yaraland\u0131\",\"datePublished\":\"2026-05-01T14:54:32+00:00\",\"dateModified\":\"2026-05-01T14:54:40+00:00\",\"mainEntityOfPage\":{\"@id\":\"https:\/\/corludahaber.com\/h\/tamir-ettigi-kamyonetine-otomobil-carpti-arac-ile-direk-arasina-sikisip-agir-yaralandi\/119513\"},\"wordCount\":202,\"commentCount\":0,\"publisher\":{\"@id\":\"https:\/\/corludahaber.com\/h\/#organization\"},\"image\":{\"@id\":\"https:\/\/corludahaber.com\/h\/tamir-ettigi-kamyonetine-otomobil-carpti-arac-ile-direk-arasina-sikisip-agir-yaralandi\/119513#primaryimage\"},\"thumbnailUrl\":\"https:\/\/corludahaber.com\/h\/wp-content\/uploads\/2026\/05\/tamir-ettigi-kamyonetine-otomobil-carpti-arac-ile-direk-arasina-sikisip-agir-yaralandi_69f4beac48297.jpeg\",\"keywords\":[\"A\u011f\u0131r\",\"Ara\u00e7\",\"Aras\u0131na\",\"asayi\u015f\",\"\u00c7arpt\u0131\",\"\u00c7orlu kaza\",\"\u00c7orlu son dakika kaza\",\"Direk\",\"Etti\u011fi\",\"kamyonetine\",\"otomobil\",\"s\u0131k\u0131\u015f\u0131p\",\"son dakika kaza\",\"tamir\",\"Tamir etti\u011fi kamyonetine otomobil \u00e7arpt\u0131; ara\u00e7 ile direk aras\u0131na s\u0131k\u0131\u015f\u0131p a\u011f\u0131r yaraland\u0131\",\"Yaraland\u0131\"],\"articleSection\":[\"Ya\u015fam\"],\"inLanguage\":\"tr\",\"potentialAction\":[{\"@type\":\"CommentAction\",\"name\":\"Comment\",\"target\":[\"https:\/\/corludahaber.com\/h\/tamir-ettigi-kamyonetine-otomobil-carpti-arac-ile-direk-arasina-sikisip-agir-yaralandi\/119513#respond\"]}]},{\"@type\":\"WebPage\",\"@id\":\"https:\/\/corludahaber.com\/h\/tamir-ettigi-kamyonetine-otomobil-carpti-arac-ile-direk-arasina-sikisip-agir-yaralandi\/119513\",\"url\":\"https:\/\/corludahaber.com\/h\/tamir-ettigi-kamyonetine-otomobil-carpti-arac-ile-direk-arasina-sikisip-agir-yaralandi\/119513\",\"name\":\"Tamir etti\u011fi kamyonetine otomobil \u00e7arpt\u0131; ara\u00e7 ile direk aras\u0131na s\u0131k\u0131\u015f\u0131p a\u011f\u0131r yaraland\u0131 | \u00c7orlu&#039;da Haber\",\"isPartOf\":{\"@id\":\"https:\/\/corludahaber.com\/h\/#website\"},\"primaryImageOfPage\":{\"@id\":\"https:\/\/corludahaber.com\/h\/tamir-ettigi-kamyonetine-otomobil-carpti-arac-ile-direk-arasina-sikisip-agir-yaralandi\/119513#primaryimage\"},\"image\":{\"@id\":\"https:\/\/corludahaber.com\/h\/tamir-ettigi-kamyonetine-otomobil-carpti-arac-ile-direk-arasina-sikisip-agir-yaralandi\/119513#primaryimage\"},\"thumbnailUrl\":\"https:\/\/corludahaber.com\/h\/wp-content\/uploads\/2026\/05\/tamir-ettigi-kamyonetine-otomobil-carpti-arac-ile-direk-arasina-sikisip-agir-yaralandi_69f4beac48297.jpeg\",\"datePublished\":\"2026-05-01T14:54:32+00:00\",\"dateModified\":\"2026-05-01T14:54:40+00:00\",\"description\":\"Tamir etti\u011fi kamyonetine otomobil \u00e7arpt\u0131; ara\u00e7 ile direk aras\u0131na s\u0131k\u0131\u015f\u0131p a\u011f\u0131r yaraland\u0131 | \u00c7orlu&#039;da Haber\",\"breadcrumb\":{\"@id\":\"https:\/\/corludahaber.com\/h\/tamir-ettigi-kamyonetine-otomobil-carpti-arac-ile-direk-arasina-sikisip-agir-yaralandi\/119513#breadcrumb\"},\"inLanguage\":\"tr\",\"potentialAction\":[{\"@type\":\"ReadAction\",\"target\":[\"https:\/\/corludahaber.com\/h\/tamir-ettigi-kamyonetine-otomobil-carpti-arac-ile-direk-arasina-sikisip-agir-yaralandi\/119513\"]}]},{\"@type\":\"ImageObject\",\"inLanguage\":\"tr\",\"@id\":\"https:\/\/corludahaber.com\/h\/tamir-ettigi-kamyonetine-otomobil-carpti-arac-ile-direk-arasina-sikisip-agir-yaralandi\/119513#primaryimage\",\"url\":\"https:\/\/corludahaber.com\/h\/wp-content\/uploads\/2026\/05\/tamir-ettigi-kamyonetine-otomobil-carpti-arac-ile-direk-arasina-sikisip-agir-yaralandi_69f4beac48297.jpeg\",\"contentUrl\":\"https:\/\/corludahaber.com\/h\/wp-content\/uploads\/2026\/05\/tamir-ettigi-kamyonetine-otomobil-carpti-arac-ile-direk-arasina-sikisip-agir-yaralandi_69f4beac48297.jpeg\",\"width\":2000,\"height\":1133},{\"@type\":\"BreadcrumbList\",\"@id\":\"https:\/\/corludahaber.com\/h\/tamir-ettigi-kamyonetine-otomobil-carpti-arac-ile-direk-arasina-sikisip-agir-yaralandi\/119513#breadcrumb\",\"itemListElement\":[{\"@type\":\"ListItem\",\"position\":1,\"name\":\"Anasayfa\",\"item\":\"https:\/\/corludahaber.com\/h\/\"},{\"@type\":\"ListItem\",\"position\":2,\"name\":\"Ya\u015fam\",\"item\":\"https:\/\/corludahaber.com\/h\/kategori\/yasam\"},{\"@type\":\"ListItem\",\"position\":3,\"name\":\"Tamir etti\u011fi kamyonetine otomobil \u00e7arpt\u0131; ara\u00e7 ile direk aras\u0131na s\u0131k\u0131\u015f\u0131p a\u011f\u0131r yaraland\u0131\"}]},{\"@type\":\"WebSite\",\"@id\":\"https:\/\/corludahaber.com\/h\/#website\",\"url\":\"https:\/\/corludahaber.com\/h\/\",\"name\":\"\u00c7orlu'da Haber\",\"description\":\"Ger\u00e7ek Tarafs\u0131z Haber\",\"publisher\":{\"@id\":\"https:\/\/corludahaber.com\/h\/#organization\"},\"potentialAction\":[{\"@type\":\"SearchAction\",\"target\":{\"@type\":\"EntryPoint\",\"urlTemplate\":\"https:\/\/corludahaber.com\/h\/?s={search_term_string}\"},\"query-input\":\"required name=search_term_string\"}],\"inLanguage\":\"tr\"},{\"@type\":\"Organization\",\"@id\":\"https:\/\/corludahaber.com\/h\/#organization\",\"name\":\"\u00c7orlu'da Haber\",\"url\":\"https:\/\/corludahaber.com\/h\/\",\"logo\":{\"@type\":\"ImageObject\",\"inLanguage\":\"tr\",\"@id\":\"https:\/\/corludahaber.com\/h\/#\/schema\/logo\/image\/\",\"url\":\"https:\/\/corludahaber.com\/h\/wp-content\/uploads\/2021\/12\/logo__9__1_-removebg-preview.png\",\"contentUrl\":\"https:\/\/corludahaber.com\/h\/wp-content\/uploads\/2021\/12\/logo__9__1_-removebg-preview.png\",\"width\":500,\"height\":157,\"caption\":\"\u00c7orlu'da Haber\"},\"image\":{\"@id\":\"https:\/\/corludahaber.com\/h\/#\/schema\/logo\/image\/\"},\"sameAs\":[\"https:\/\/facebook.com\/habercorluda\",\"https:\/\/x.com\/habercorluda\",\"https:\/\/www.instagram.com\/corludahaber\",\"https:\/\/www.youtube.com\/user\/corludahaber\"]},{\"@type\":\"Person\",\"@id\":\"https:\/\/corludahaber.com\/h\/#\/schema\/person\/b523522be44b062db5d74a62589768cd\",\"name\":\"\u00c7orlu'da Haber\",\"image\":{\"@type\":\"ImageObject\",\"inLanguage\":\"tr\",\"@id\":\"https:\/\/corludahaber.com\/h\/#\/schema\/person\/image\/\",\"url\":\"https:\/\/secure.gravatar.com\/avatar\/1033e54e078c29fd7f053370086ff627ba414b05c2b231c418a481adecd764ce?s=96&d=blank&r=g\",\"contentUrl\":\"https:\/\/secure.gravatar.com\/avatar\/1033e54e078c29fd7f053370086ff627ba414b05c2b231c418a481adecd764ce?s=96&d=blank&r=g\",\"caption\":\"\u00c7orlu'da Haber\"},\"sameAs\":[\"https:\/\/corludahaber.com\/h\"],\"url\":\"https:\/\/corludahaber.com\/h\/author\/admin\"}]}<\/script>\n<!-- \/ Yoast SEO Premium plugin. -->","yoast_head_json":{"title":"Tamir etti\u011fi kamyonetine otomobil \u00e7arpt\u0131; ara\u00e7 ile direk aras\u0131na s\u0131k\u0131\u015f\u0131p a\u011f\u0131r yaraland\u0131 | \u00c7orlu&#039;da Haber","description":"Tamir etti\u011fi kamyonetine otomobil \u00e7arpt\u0131; ara\u00e7 ile direk aras\u0131na s\u0131k\u0131\u015f\u0131p a\u011f\u0131r yaraland\u0131 | \u00c7orlu&#039;da Haber","robots":{"index":"index","follow":"follow","max-snippet":"max-snippet:-1","max-image-preview":"max-image-preview:large","max-video-preview":"max-video-preview:-1"},"canonical":"https:\/\/corludahaber.com\/h\/tamir-ettigi-kamyonetine-otomobil-carpti-arac-ile-direk-arasina-sikisip-agir-yaralandi\/119513","og_locale":"tr_TR","og_type":"article","og_title":"Tamir etti\u011fi kamyonetine otomobil \u00e7arpt\u0131; ara\u00e7 ile direk aras\u0131na s\u0131k\u0131\u015f\u0131p a\u011f\u0131r yaraland\u0131 | \u00c7orlu&#039;da Haber","og_description":"Tamir etti\u011fi kamyonetine otomobil \u00e7arpt\u0131; ara\u00e7 ile direk aras\u0131na s\u0131k\u0131\u015f\u0131p a\u011f\u0131r yaraland\u0131 | \u00c7orlu&#039;da Haber","og_url":"https:\/\/corludahaber.com\/h\/tamir-ettigi-kamyonetine-otomobil-carpti-arac-ile-direk-arasina-sikisip-agir-yaralandi\/119513","og_site_name":"\u00c7orlu&#039;da Haber","article_publisher":"https:\/\/facebook.com\/habercorluda","article_published_time":"2026-05-01T14:54:32+00:00","article_modified_time":"2026-05-01T14:54:40+00:00","og_image":[{"width":2000,"height":1133,"url":"http:\/\/corludahaber.com\/h\/wp-content\/uploads\/2026\/05\/tamir-ettigi-kamyonetine-otomobil-carpti-arac-ile-direk-arasina-sikisip-agir-yaralandi_69f4beac48297.jpeg","type":"image\/jpeg"}],"author":"\u00c7orlu'da Haber","twitter_card":"summary_large_image","twitter_creator":"@habercorluda","twitter_site":"@habercorluda","twitter_misc":{"Yazan:":"\u00c7orlu'da Haber","Tahmini okuma s\u00fcresi":"1 dakika"},"schema":{"@context":"https:\/\/schema.org","@graph":[{"@type":"Article","@id":"https:\/\/corludahaber.com\/h\/tamir-ettigi-kamyonetine-otomobil-carpti-arac-ile-direk-arasina-sikisip-agir-yaralandi\/119513#article","isPartOf":{"@id":"https:\/\/corludahaber.com\/h\/tamir-ettigi-kamyonetine-otomobil-carpti-arac-ile-direk-arasina-sikisip-agir-yaralandi\/119513"},"author":{"name":"\u00c7orlu'da Haber","@id":"https:\/\/corludahaber.com\/h\/#\/schema\/person\/b523522be44b062db5d74a62589768cd"},"headline":"Tamir etti\u011fi kamyonetine otomobil \u00e7arpt\u0131; ara\u00e7 ile direk aras\u0131na s\u0131k\u0131\u015f\u0131p a\u011f\u0131r yaraland\u0131","datePublished":"2026-05-01T14:54:32+00:00","dateModified":"2026-05-01T14:54:40+00:00","mainEntityOfPage":{"@id":"https:\/\/corludahaber.com\/h\/tamir-ettigi-kamyonetine-otomobil-carpti-arac-ile-direk-arasina-sikisip-agir-yaralandi\/119513"},"wordCount":202,"commentCount":0,"publisher":{"@id":"https:\/\/corludahaber.com\/h\/#organization"},"image":{"@id":"https:\/\/corludahaber.com\/h\/tamir-ettigi-kamyonetine-otomobil-carpti-arac-ile-direk-arasina-sikisip-agir-yaralandi\/119513#primaryimage"},"thumbnailUrl":"https:\/\/corludahaber.com\/h\/wp-content\/uploads\/2026\/05\/tamir-ettigi-kamyonetine-otomobil-carpti-arac-ile-direk-arasina-sikisip-agir-yaralandi_69f4beac48297.jpeg","keywords":["A\u011f\u0131r","Ara\u00e7","Aras\u0131na","asayi\u015f","\u00c7arpt\u0131","\u00c7orlu kaza","\u00c7orlu son dakika kaza","Direk","Etti\u011fi","kamyonetine","otomobil","s\u0131k\u0131\u015f\u0131p","son dakika kaza","tamir","Tamir etti\u011fi kamyonetine otomobil \u00e7arpt\u0131; ara\u00e7 ile direk aras\u0131na s\u0131k\u0131\u015f\u0131p a\u011f\u0131r yaraland\u0131","Yaraland\u0131"],"articleSection":["Ya\u015fam"],"inLanguage":"tr","potentialAction":[{"@type":"CommentAction","name":"Comment","target":["https:\/\/corludahaber.com\/h\/tamir-ettigi-kamyonetine-otomobil-carpti-arac-ile-direk-arasina-sikisip-agir-yaralandi\/119513#respond"]}]},{"@type":"WebPage","@id":"https:\/\/corludahaber.com\/h\/tamir-ettigi-kamyonetine-otomobil-carpti-arac-ile-direk-arasina-sikisip-agir-yaralandi\/119513","url":"https:\/\/corludahaber.com\/h\/tamir-ettigi-kamyonetine-otomobil-carpti-arac-ile-direk-arasina-sikisip-agir-yaralandi\/119513","name":"Tamir etti\u011fi kamyonetine otomobil \u00e7arpt\u0131; ara\u00e7 ile direk aras\u0131na s\u0131k\u0131\u015f\u0131p a\u011f\u0131r yaraland\u0131 | \u00c7orlu&#039;da Haber","isPartOf":{"@id":"https:\/\/corludahaber.com\/h\/#website"},"primaryImageOfPage":{"@id":"https:\/\/corludahaber.com\/h\/tamir-ettigi-kamyonetine-otomobil-carpti-arac-ile-direk-arasina-sikisip-agir-yaralandi\/119513#primaryimage"},"image":{"@id":"https:\/\/corludahaber.com\/h\/tamir-ettigi-kamyonetine-otomobil-carpti-arac-ile-direk-arasina-sikisip-agir-yaralandi\/119513#primaryimage"},"thumbnailUrl":"https:\/\/corludahaber.com\/h\/wp-content\/uploads\/2026\/05\/tamir-ettigi-kamyonetine-otomobil-carpti-arac-ile-direk-arasina-sikisip-agir-yaralandi_69f4beac48297.jpeg","datePublished":"2026-05-01T14:54:32+00:00","dateModified":"2026-05-01T14:54:40+00:00","description":"Tamir etti\u011fi kamyonetine otomobil \u00e7arpt\u0131; ara\u00e7 ile direk aras\u0131na s\u0131k\u0131\u015f\u0131p a\u011f\u0131r yaraland\u0131 | \u00c7orlu&#039;da Haber","breadcrumb":{"@id":"https:\/\/corludahaber.com\/h\/tamir-ettigi-kamyonetine-otomobil-carpti-arac-ile-direk-arasina-sikisip-agir-yaralandi\/119513#breadcrumb"},"inLanguage":"tr","potentialAction":[{"@type":"ReadAction","target":["https:\/\/corludahaber.com\/h\/tamir-ettigi-kamyonetine-otomobil-carpti-arac-ile-direk-arasina-sikisip-agir-yaralandi\/119513"]}]},{"@type":"ImageObject","inLanguage":"tr","@id":"https:\/\/corludahaber.com\/h\/tamir-ettigi-kamyonetine-otomobil-carpti-arac-ile-direk-arasina-sikisip-agir-yaralandi\/119513#primaryimage","url":"https:\/\/corludahaber.com\/h\/wp-content\/uploads\/2026\/05\/tamir-ettigi-kamyonetine-otomobil-carpti-arac-ile-direk-arasina-sikisip-agir-yaralandi_69f4beac48297.jpeg","contentUrl":"https:\/\/corludahaber.com\/h\/wp-content\/uploads\/2026\/05\/tamir-ettigi-kamyonetine-otomobil-carpti-arac-ile-direk-arasina-sikisip-agir-yaralandi_69f4beac48297.jpeg","width":2000,"height":1133},{"@type":"BreadcrumbList","@id":"https:\/\/corludahaber.com\/h\/tamir-ettigi-kamyonetine-otomobil-carpti-arac-ile-direk-arasina-sikisip-agir-yaralandi\/119513#breadcrumb","itemListElement":[{"@type":"ListItem","position":1,"name":"Anasayfa","item":"https:\/\/corludahaber.com\/h\/"},{"@type":"ListItem","position":2,"name":"Ya\u015fam","item":"https:\/\/corludahaber.com\/h\/kategori\/yasam"},{"@type":"ListItem","position":3,"name":"Tamir etti\u011fi kamyonetine otomobil \u00e7arpt\u0131; ara\u00e7 ile direk aras\u0131na s\u0131k\u0131\u015f\u0131p a\u011f\u0131r yaraland\u0131"}]},{"@type":"WebSite","@id":"https:\/\/corludahaber.com\/h\/#website","url":"https:\/\/corludahaber.com\/h\/","name":"\u00c7orlu'da Haber","description":"Ger\u00e7ek Tarafs\u0131z Haber","publisher":{"@id":"https:\/\/corludahaber.com\/h\/#organization"},"potentialAction":[{"@type":"SearchAction","target":{"@type":"EntryPoint","urlTemplate":"https:\/\/corludahaber.com\/h\/?s={search_term_string}"},"query-input":"required name=search_term_string"}],"inLanguage":"tr"},{"@type":"Organization","@id":"https:\/\/corludahaber.com\/h\/#organization","name":"\u00c7orlu'da Haber","url":"https:\/\/corludahaber.com\/h\/","logo":{"@type":"ImageObject","inLanguage":"tr","@id":"https:\/\/corludahaber.com\/h\/#\/schema\/logo\/image\/","url":"https:\/\/corludahaber.com\/h\/wp-content\/uploads\/2021\/12\/logo__9__1_-removebg-preview.png","contentUrl":"https:\/\/corludahaber.com\/h\/wp-content\/uploads\/2021\/12\/logo__9__1_-removebg-preview.png","width":500,"height":157,"caption":"\u00c7orlu'da Haber"},"image":{"@id":"https:\/\/corludahaber.com\/h\/#\/schema\/logo\/image\/"},"sameAs":["https:\/\/facebook.com\/habercorluda","https:\/\/x.com\/habercorluda","https:\/\/www.instagram.com\/corludahaber","https:\/\/www.youtube.com\/user\/corludahaber"]},{"@type":"Person","@id":"https:\/\/corludahaber.com\/h\/#\/schema\/person\/b523522be44b062db5d74a62589768cd","name":"\u00c7orlu'da Haber","image":{"@type":"ImageObject","inLanguage":"tr","@id":"https:\/\/corludahaber.com\/h\/#\/schema\/person\/image\/","url":"https:\/\/secure.gravatar.com\/avatar\/1033e54e078c29fd7f053370086ff627ba414b05c2b231c418a481adecd764ce?s=96&d=blank&r=g","contentUrl":"https:\/\/secure.gravatar.com\/avatar\/1033e54e078c29fd7f053370086ff627ba414b05c2b231c418a481adecd764ce?s=96&d=blank&r=g","caption":"\u00c7orlu'da Haber"},"sameAs":["https:\/\/corludahaber.com\/h"],"url":"https:\/\/corludahaber.com\/h\/author\/admin"}]}},"_links":{"self":[{"href":"https:\/\/corludahaber.com\/h\/wp-json\/wp\/v2\/posts\/119513","targetHints":{"allow":["GET"]}}],"collection":[{"href":"https:\/\/corludahaber.com\/h\/wp-json\/wp\/v2\/posts"}],"about":[{"href":"https:\/\/corludahaber.com\/h\/wp-json\/wp\/v2\/types\/post"}],"author":[{"embeddable":true,"href":"https:\/\/corludahaber.com\/h\/wp-json\/wp\/v2\/users\/151"}],"replies":[{"embeddable":true,"href":"https:\/\/corludahaber.com\/h\/wp-json\/wp\/v2\/comments?post=119513"}],"version-history":[{"count":1,"href":"https:\/\/corludahaber.com\/h\/wp-json\/wp\/v2\/posts\/119513\/revisions"}],"predecessor-version":[{"id":119515,"href":"https:\/\/corludahaber.com\/h\/wp-json\/wp\/v2\/posts\/119513\/revisions\/119515"}],"wp:featuredmedia":[{"embeddable":true,"href":"https:\/\/corludahaber.com\/h\/wp-json\/wp\/v2\/media\/119514"}],"wp:attachment":[{"href":"https:\/\/corludahaber.com\/h\/wp-json\/wp\/v2\/media?parent=119513"}],"wp:term":[{"taxonomy":"category","embeddable":true,"href":"https:\/\/corludahaber.com\/h\/wp-json\/wp\/v2\/categories?post=119513"},{"taxonomy":"post_tag","embeddable":true,"href":"https:\/\/corludahaber.com\/h\/wp-json\/wp\/v2\/tags?post=119513"}],"curies":[{"name":"wp","href":"https:\/\/api.w.org\/{rel}","templated":true}]}}