{"id":119502,"date":"2026-05-01T14:54:11","date_gmt":"2026-05-01T11:54:11","guid":{"rendered":"https:\/\/corludahaber.com\/h\/baskan-yuceer-trakyanin-butunlugunu-koruyarak-yol-yurumek-zorundayiz-2\/119502"},"modified":"2026-05-01T14:54:19","modified_gmt":"2026-05-01T11:54:19","slug":"baskan-yuceer-trakyanin-butunlugunu-koruyarak-yol-yurumek-zorundayiz-2","status":"publish","type":"post","link":"https:\/\/corludahaber.com\/h\/baskan-yuceer-trakyanin-butunlugunu-koruyarak-yol-yurumek-zorundayiz-2\/119502","title":{"rendered":"Ba\u015fkan Y\u00fcceer: Trakya&#8217;n\u0131n b\u00fct\u00fcnl\u00fc\u011f\u00fcn\u00fc koruyarak yol y\u00fcr\u00fcmek zorunday\u0131z"},"content":{"rendered":"<div class=\"corlu-icerikten-once_3\" id=\"corlu-893397608\"><script type='text\/javascript' src='https:\/\/platform-api.sharethis.com\/js\/sharethis.js#property=5ce8cf08af7d000012cb0ca1&product=inline-reaction-buttons' async='async'><\/script>\r\n\r\n<\/div><div readability=\"135\"><span class=\"category-name hidden\"><\/span><\/p><div class=\"corlu-icerik-2\" id=\"corlu-1086116961\"><!-- Admatic AUTO ads START -->\r\n<ins data-publisher=\"adm-pub-155556240050\" data-ad-network=\"659428a24d11b285b616c18d\"   class=\"adm-ads-area\"><\/ins>\r\n<script type=\"text\/javascript\" src=\"https:\/\/static.cdn.admatic.com.tr\/showad\/showad.min.js\"><\/script>\r\n<!-- Admatic AUTO ads END --><\/div>\n<p>TEK\u0130RDA\u011e, (Haber Merkezi)- TRAKYA Belediyeler Birli\u011fi Ba\u015fkanl\u0131\u011f\u0131&#8217;na yeniden se\u00e7ilen Tekirda\u011f B\u00fcy\u00fck\u015fehir Belediye Ba\u015fkan\u0131  Dr. Candan Y\u00fcceer, &#8220;Trakya&#8217;n\u0131n meselesi sadece Trakya&#8217;n\u0131n de\u011fil, T\u00fcrkiye&#8217;nin meselesidir. Biz Trakya&#8217;ya bir b\u00fct\u00fcn olarak bak\u0131yoruz. Sanayisiyle, tar\u0131m\u0131yla, limanlar\u0131yla, \u00fcniversiteleriyle Trakya bir b\u00fct\u00fcnd\u00fcr. Ve bu b\u00fct\u00fcnl\u00fc\u011f\u00fc koruyarak, hi\u00e7bir alan\u0131 ihmal etmeden yol y\u00fcr\u00fcmek zorunday\u0131z&#8221; dedi.<\/p>\n<p>Trakya Belediyeler Birli\u011fi&#8217;nin 2026 y\u0131l\u0131 nisan d\u00f6nemi ola\u011fan meclis toplant\u0131s\u0131 Tekirda\u011f&#8217;da yo\u011fun kat\u0131l\u0131mla ger\u00e7ekle\u015ftirildi. Toplant\u0131da yap\u0131lan se\u00e7imler sonucunda Tekirda\u011f B\u00fcy\u00fck\u015fehir Belediye Ba\u015fkan\u0131 Dr. Candan Y\u00fcceer, ikinci kez Trakya Belediyeler Birli\u011fi Ba\u015fkanl\u0131\u011f\u0131&#8217;na se\u00e7ildi. Toplant\u0131 \u00f6ncesinde \u00f6nceki d\u00f6nemin son enc\u00fcmen toplant\u0131s\u0131 yap\u0131l\u0131rken, ard\u0131ndan ger\u00e7ekle\u015ftirilen meclis toplant\u0131s\u0131nda birlik y\u00f6netim organlar\u0131 yeniden belirlendi. Gizli oylama ile yap\u0131lan se\u00e7imlerde birlik ba\u015fkanl\u0131\u011f\u0131n\u0131n yan\u0131 s\u0131ra meclis birinci ve ikinci ba\u015fkan vekillikleri, katip \u00fcyelikleri, enc\u00fcmen \u00fcyeleri ile plan ve b\u00fct\u00e7e komisyonu \u00fcyeleri se\u00e7ildi. Yeni d\u00f6nemde birlik y\u00f6netim yap\u0131s\u0131 \u015fekillenirken, g\u00fcndemde yer alan maddeler de g\u00f6r\u00fc\u015f\u00fclerek karara ba\u011fland\u0131.<\/p>\n<p>Toplant\u0131da ayr\u0131ca Trakya Belediyeler Birli\u011fi&#8217;nin 2025 y\u0131l\u0131 faaliyet raporu ve kesin hesaplar\u0131 meclisin onay\u0131na sunulurken, Trakya Kalk\u0131nma Ajans\u0131 ile i\u015fbirli\u011fi yap\u0131lmas\u0131na y\u00f6nelik protokol i\u00e7in birlik ba\u015fkan\u0131na yetki verilmesi ve uluslararas\u0131 i\u015fbirliklerine ili\u015fkin ad\u0131mlar da ele al\u0131nd\u0131. T\u00fcrkiye&#8217;den Trakya Belediyeler Birli\u011fi ile Bulgaristan, Romanya ve Kuzey Makedonya&#8217;daki yerel y\u00f6netim birlikleri aras\u0131nda planlanan d\u00f6rt tarafl\u0131 i\u015fbirli\u011fi protokol\u00fc de g\u00fcndemde yer ald\u0131.<\/p>\n<p>\u00dcYE SAYISI 43&#8217;E Y\u00dcKSELD\u0130<\/p>\n<p>Birli\u011fin b\u00fcy\u00fcmesini s\u00fcrd\u00fcrd\u00fc\u011f\u00fc toplant\u0131da yeni \u00fcyelikler de dikkat \u00e7ekti. Daha \u00f6nce birlikten ayr\u0131lan Bal\u0131kesir Marmara Adalar Belediyesi yeniden \u00fcye olurken, \u00c7anakkale Kepez Belediyesi&#8217;nin de kat\u0131l\u0131m\u0131yla \u00fcye say\u0131s\u0131 43&#8217;e y\u00fckseldi.<\/p>\n<p>SUNUMLAR GER\u00c7EKLE\u015eT\u0130R\u0130LD\u0130<\/p>\n<p>Toplant\u0131 kapsam\u0131nda \u00e7e\u015fitli sunumlar da ger\u00e7ekle\u015ftirildi. Tekirda\u011f B\u00fcy\u00fck\u015fehir Belediyesi E\u011fitim \u015eube M\u00fcd\u00fcr\u00fc Erkan Ilgaz, birlik b\u00fcnyesinde y\u00fcr\u00fct\u00fclen e\u011fitim faaliyetlerine ili\u015fkin bilgi payla\u015f\u0131m\u0131nda bulundu. Afet \u0130\u015fleri ve Risk Y\u00f6netimi Daire Ba\u015fkan\u0131 Sevim Avc\u0131 Yener, \u0130klim ve Afet Platformu \u00e7al\u0131\u015fmalar\u0131 kapsam\u0131nda afet y\u00f6netimine ili\u015fkin mevcut durum ve yap\u0131lmas\u0131 gerekenler hakk\u0131nda de\u011ferlendirmeler yaparken, \u0130klim Platformu Ba\u015fkan\u0131 Nilg\u00fcn Erkmen G\u00f6kta\u015f da iklim konusu hakk\u0131nda kapsaml\u0131 bir sunum ger\u00e7ekle\u015ftirdi. Trakya Kalk\u0131nma Ajans\u0131 uzman\u0131 Berkay Habibo\u011flu ise Avrupa Birli\u011fi fonlar\u0131 ve di\u011fer finansman kaynaklar\u0131na ili\u015fkin bilgiler vererek, belediyelerin bu fonlardan yararlanabilmesi i\u00e7in g\u00fc\u00e7l\u00fc proje ekiplerinin \u00f6nemine dikkat \u00e7ekti. \u00c7orlu Belediye Ba\u015fkan Yard\u0131mc\u0131s\u0131 G\u00fcner \u00c7etin de uluslararas\u0131 i\u015fbirli\u011fi perspektifinde d\u00f6rt \u00fclkeyi kapsayan protokol s\u00fcrecine ili\u015fkin sunum yapt\u0131.<\/p>\n<p>&#8216;TRAKYA&#8217;NIN MESELES\u0130 SADECE TRAKYA&#8217;NIN DE\u011e\u0130L, T\u00dcRK\u0130YE&#8217;N\u0130N MESELES\u0130D\u0130R&#8217;<\/p>\n<p>Toplant\u0131da konu\u015fan Tekirda\u011f B\u00fcy\u00fck\u015fehir Belediye Ba\u015fkan\u0131 ve Trakya Belediyeler Birli\u011fi Ba\u015fkan\u0131  Candan Y\u00fcceer, Trakya B\u00f6lgesi&#8217;nin T\u00fcrkiye a\u00e7\u0131s\u0131ndan \u00f6nemine de\u011findi. Y\u00fcceer, &#8220;Trakya, k\u00f6kl\u00fc tarihi, g\u00fc\u00e7l\u00fc \u00fcretim k\u00fclt\u00fcr\u00fc ve stratejik konumuyla \u00fclkemizin en k\u0131ymetli b\u00f6lgelerinden biridir. Ayn\u0131 anda hem sanayiyi hem tar\u0131m\u0131 hem ticareti ta\u015f\u0131yan, \u00fcretimiyle, ihracat\u0131yla, \u00f6dedi\u011fi vergilerle T\u00fcrkiye&#8217;ye b\u00fcy\u00fck katma de\u011fer sa\u011flayan bir b\u00f6lgedir. Bu nedenle Trakya&#8217;n\u0131n meselesi sadece Trakya&#8217;n\u0131n de\u011fil, T\u00fcrkiye&#8217;nin meselesidir. Biz Trakya&#8217;ya bir b\u00fct\u00fcn olarak bak\u0131yoruz. Sanayisiyle, tar\u0131m\u0131yla, limanlar\u0131yla, \u00fcniversiteleriyle Trakya bir b\u00fct\u00fcnd\u00fcr. Ve bu b\u00fct\u00fcnl\u00fc\u011f\u00fc koruyarak, hi\u00e7bir alan\u0131 ihmal etmeden yol y\u00fcr\u00fcmek zorunday\u0131z. Bug\u00fcn b\u00f6lgemiz \u00e7ok ciddi bir bask\u0131 alt\u0131nda. Trakya, \u00f6zellikle Tekirda\u011f&#8217;\u0131m\u0131z yo\u011fun bir g\u00f6\u00e7 al\u0131yor. N\u00fcfus h\u0131zla art\u0131yor, sanayi b\u00fcy\u00fcyor, t\u00fcketim art\u0131yor ama kaynaklar\u0131m\u0131z ayn\u0131 h\u0131zda b\u00fcy\u00fcm\u00fcyor. En ba\u015fta da su. Yer alt\u0131 sular\u0131na ba\u011f\u0131ml\u0131l\u0131\u011f\u0131m\u0131z her ge\u00e7en g\u00fcn art\u0131yor ve bu durum s\u00fcrd\u00fcr\u00fclebilir de\u011fil&#8221; diye konu\u015ftu.<\/p>\n<p>N\u00dcKLEER SANTRAL <\/p>\n<p>Trakya B\u00f6lgesi&#8217;nde in\u015fa edilmesi planlanan n\u00fckleer santral konusuna da de\u011finen Ba\u015fkan Y\u00fcceer, &#8220;\u0130\u015fte tam da bu noktada, b\u00f6lgemizin ta\u015f\u0131ma kapasitesini zorlayacak ad\u0131mlara \u00e7ok dikkat etmek zorunday\u0131z. \u00d6zellikle n\u00fckleer santral gibi su t\u00fcketimi, \u00e7evresel etkileri ve uzun vadeli riskleri son derece y\u00fcksek olan projelerin Trakya&#8217;n\u0131n ger\u00e7ekleriyle uyumlu olmad\u0131\u011f\u0131n\u0131 a\u00e7\u0131k\u00e7a ifade etmek durumunday\u0131z. Bu mesele sadece bir enerji meselesi de\u011fil; suyun, tar\u0131m\u0131n, do\u011fan\u0131n ve gelecek nesillerimizin meselesidir. Bug\u00fcn kar\u015f\u0131 kar\u015f\u0131ya oldu\u011fumuz sorunlar da ortak. \u0130klim krizi, kurakl\u0131k, \u00e7evre sorunlar\u0131, ekonomik zorluklar. Bunlar\u0131n hi\u00e7biri il ya da il\u00e7e s\u0131n\u0131r\u0131 tan\u0131m\u0131yor. O y\u00fczden bu sorunlara verilecek cevap da ortak olmak zorunda. \u0130\u015fte tam da bu noktada Trakya Belediyeler Birli\u011fi&#8217;nin varl\u0131\u011f\u0131 \u00e7ok k\u0131ymetli. Bu birli\u011fin en temel amac\u0131; dayan\u0131\u015fmay\u0131 kurumsalla\u015ft\u0131rmak, bilgi ve deneyimi payla\u015fmak, ortak akl\u0131 b\u00fcy\u00fctmektir. \u00c7\u00fcnk\u00fc biz biliyoruz ki; birlikte g\u00fc\u00e7l\u00fcy\u00fcz, birlikte Trakya&#8217;y\u0131z. Hi\u00e7bir belediyemizin kendini yaln\u0131z hissetmedi\u011fi, her birimizin birbirine omuz verdi\u011fi<\/p>\n<p>bir anlay\u0131\u015f\u0131 b\u00fcy\u00fctmek zorunday\u0131z. Farkl\u0131l\u0131klar\u0131m\u0131z olabilir ama bizi bir araya getiren ortak sorumlulu\u011fumuzdur, ortak sevdam\u0131zd\u0131r&#8221; dedi.<\/p>\n<p>&#8216;TRAKYA&#8217;NIN YARINI AYDINLIK OLSUN&#8217;<\/p>\n<p>Ba\u015fkan Y\u00fcceer, Trakya&#8217;n\u0131n sesini daha g\u00fc\u00e7l\u00fc duyurmak istediklerini belirterek, &#8220;Bizim meselemiz; Trakya&#8217;n\u0131n sesini daha g\u00fc\u00e7l\u00fc duyurmak, potansiyelini ortaya \u00e7\u0131karmak ve bunu s\u00fcrd\u00fcr\u00fclebilir k\u0131lmakt\u0131r. \u0130nan\u0131yorum ki, bu birlik \u00e7at\u0131s\u0131 alt\u0131nda dayan\u0131\u015fmam\u0131z\u0131 b\u00fcy\u00fcterek, ortak akl\u0131 g\u00fc\u00e7lendirerek ve birlikte hareket ederek Trakya&#8217;n\u0131n gelece\u011fini \u00e7ok daha g\u00fc\u00e7l\u00fc \u015fekilde in\u015fa edece\u011fiz. Bu duygularla bug\u00fcne kadar emek veren herkese te\u015fekk\u00fcr ediyor, bundan sonra g\u00f6rev alacak arkada\u015flar\u0131m\u0131za ba\u015far\u0131lar diliyorum. Birli\u011fimiz daim olsun, Trakya&#8217;n\u0131n yar\u0131n\u0131 ayd\u0131nl\u0131k olsun. Hepinize sayg\u0131lar sunuyorum&#8221; dedi.(Haber Merkezi)<\/p>\n<\/div>\n<div class=\"corlu-icerikten-sonra_3\" id=\"corlu-777987358\"><p><img loading=\"lazy\" decoding=\"async\" class=\"aligncenter\" src=\"https:\/\/www.corludahaber.com\/bahcesehir.jpg\" alt=\"\" width=\"624\" height=\"196\" \/><\/p>\n<table style=\"text-align: left; width: 100%;\" border=\"1\" cellspacing=\"2\" cellpadding=\"2\">\n<tbody>\n<tr>\n<td style=\"background-color: #050805;\"><span style=\"font-size: 12pt;\"><small><small><em><strong><big><span style=\"color: #ff0000;\">Haber ve resimlerin telif haklar\u0131ndan dolay\u0131 kullan\u0131m\u0131 yasakt\u0131r<span style=\"color: #000000;\">.<\/span><\/span><span style=\"color: #000000;\">\u00a0<\/span><span style=\"color: #ffffff;\">Yaz\u0131l\u0131 izni al\u0131nmadan hi\u00e7bir yaz\u0131l\u0131, g\u00f6rsel, i\u015fitsel i\u00e7erik kopyalanamaz, de\u011fi\u015ftirilemez, yay\u0131nlanamaz veya sat\u0131lamaz. Aksi halde<\/span>\u00a0<span style=\"color: #ff0000;\">5846<span style=\"color: #ffffff;\">\u00a0<\/span><\/span><span style=\"color: #ffffff;\">say\u0131l\u0131 Fikir ve Sanat Eserleri Kanunu\u2019na ve<\/span>\u00a0<span style=\"color: #800000;\"><span style=\"color: #ff0000;\">6102<\/span><span style=\"color: #ffffff;\">\u00a0<\/span><\/span><span style=\"color: #ffffff;\">say\u0131l\u0131 maddesine g\u00f6re<\/span>\u00a0<span style=\"color: #ff0000;\">gerekli i\u015flemler uygulanacakt\u0131r.<\/span><br \/>\n<span style=\"color: #ffffff;\">\u00a9 Copyright 2014<\/span><\/big><\/strong><\/em><\/small><\/small><\/span><\/td>\n<\/tr>\n<\/tbody>\n<\/table>\n<p><small><small>\u00a0<\/small><\/small><\/p>\n<\/div>","protected":false},"excerpt":{"rendered":"<p>TEK\u0130RDA\u011e, (Haber Merkezi)- TRAKYA Belediyeler Birli\u011fi Ba\u015fkanl\u0131\u011f\u0131&#8217;na yeniden se\u00e7ilen Tekirda\u011f B\u00fcy\u00fck\u015fehir Belediye Ba\u015fkan\u0131 Dr. Candan Y\u00fcceer, &#8220;Trakya&#8217;n\u0131n meselesi sadece Trakya&#8217;n\u0131n de\u011fil, T\u00fcrkiye&#8217;nin meselesidir. Biz Trakya&#8217;ya bir b\u00fct\u00fcn olarak bak\u0131yoruz. Sanayisiyle, tar\u0131m\u0131yla, limanlar\u0131yla, \u00fcniversiteleriyle Trakya bir b\u00fct\u00fcnd\u00fcr. Ve bu b\u00fct\u00fcnl\u00fc\u011f\u00fc koruyarak, hi\u00e7bir alan\u0131 ihmal etmeden yol y\u00fcr\u00fcmek zorunday\u0131z&#8221; dedi. Trakya Belediyeler Birli\u011fi&#8217;nin 2026 y\u0131l\u0131 nisan d\u00f6nemi &hellip;<\/p>\n","protected":false},"author":151,"featured_media":119503,"comment_status":"open","ping_status":"closed","sticky":false,"template":"","format":"standard","meta":{"footnotes":""},"categories":[27],"tags":[8025,395,33585,33584,9376,15478,24857,3661,1439,6908,33186,7202],"class_list":["post-119502","post","type-post","status-publish","format-standard","has-post-thumbnail","hentry","category-yasam","tag-asayis","tag-baskan","tag-baskan-yuceer-trakyanin-butunlugunu-koruyarak-yol-yurumek-zorundayiz","tag-butunlugunu","tag-corlu-kaza","tag-corlu-son-dakika-kaza","tag-koruyarak","tag-son-dakika-kaza","tag-trakya","tag-yuceer","tag-yurumek","tag-zorundayiz"],"yoast_head":"<!-- This site is optimized with the Yoast SEO Premium plugin v23.3 (Yoast SEO v23.3) - https:\/\/yoast.com\/wordpress\/plugins\/seo\/ -->\n<title>Ba\u015fkan Y\u00fcceer: Trakya&#039;n\u0131n b\u00fct\u00fcnl\u00fc\u011f\u00fcn\u00fc koruyarak yol y\u00fcr\u00fcmek zorunday\u0131z | \u00c7orlu&#039;da Haber<\/title>\n<meta name=\"description\" content=\"Ba\u015fkan Y\u00fcceer: Trakya&#039;n\u0131n b\u00fct\u00fcnl\u00fc\u011f\u00fcn\u00fc koruyarak yol y\u00fcr\u00fcmek zorunday\u0131z | \u00c7orlu&#039;da Haber\" \/>\n<meta name=\"robots\" content=\"index, follow, max-snippet:-1, max-image-preview:large, max-video-preview:-1\" \/>\n<link rel=\"canonical\" href=\"https:\/\/corludahaber.com\/h\/baskan-yuceer-trakyanin-butunlugunu-koruyarak-yol-yurumek-zorundayiz-2\/119502\" \/>\n<meta property=\"og:locale\" content=\"tr_TR\" \/>\n<meta property=\"og:type\" content=\"article\" \/>\n<meta property=\"og:title\" content=\"Ba\u015fkan Y\u00fcceer: Trakya&#039;n\u0131n b\u00fct\u00fcnl\u00fc\u011f\u00fcn\u00fc koruyarak yol y\u00fcr\u00fcmek zorunday\u0131z | \u00c7orlu&#039;da Haber\" \/>\n<meta property=\"og:description\" content=\"Ba\u015fkan Y\u00fcceer: Trakya&#039;n\u0131n b\u00fct\u00fcnl\u00fc\u011f\u00fcn\u00fc koruyarak yol y\u00fcr\u00fcmek zorunday\u0131z | \u00c7orlu&#039;da Haber\" \/>\n<meta property=\"og:url\" content=\"https:\/\/corludahaber.com\/h\/baskan-yuceer-trakyanin-butunlugunu-koruyarak-yol-yurumek-zorundayiz-2\/119502\" \/>\n<meta property=\"og:site_name\" content=\"\u00c7orlu&#039;da Haber\" \/>\n<meta property=\"article:publisher\" content=\"https:\/\/facebook.com\/habercorluda\" \/>\n<meta property=\"article:published_time\" content=\"2026-05-01T11:54:11+00:00\" \/>\n<meta property=\"article:modified_time\" content=\"2026-05-01T11:54:19+00:00\" \/>\n<meta property=\"og:image\" content=\"http:\/\/corludahaber.com\/h\/wp-content\/uploads\/2026\/05\/baskan-yuceer-trakyanin-butunlugunu-koruyarak-yol-yurumek-zorundayiz_69f494655bbc1.jpeg\" \/>\n\t<meta property=\"og:image:width\" content=\"2300\" \/>\n\t<meta property=\"og:image:height\" content=\"1353\" \/>\n\t<meta property=\"og:image:type\" content=\"image\/jpeg\" \/>\n<meta name=\"author\" content=\"\u00c7orlu&#039;da Haber\" \/>\n<meta name=\"twitter:card\" content=\"summary_large_image\" \/>\n<meta name=\"twitter:creator\" content=\"@habercorluda\" \/>\n<meta name=\"twitter:site\" content=\"@habercorluda\" \/>\n<meta name=\"twitter:label1\" content=\"Yazan:\" \/>\n\t<meta name=\"twitter:data1\" content=\"\u00c7orlu&#039;da Haber\" \/>\n\t<meta name=\"twitter:label2\" content=\"Tahmini okuma s\u00fcresi\" \/>\n\t<meta name=\"twitter:data2\" content=\"5 dakika\" \/>\n<script type=\"application\/ld+json\" class=\"yoast-schema-graph\">{\"@context\":\"https:\/\/schema.org\",\"@graph\":[{\"@type\":\"Article\",\"@id\":\"https:\/\/corludahaber.com\/h\/baskan-yuceer-trakyanin-butunlugunu-koruyarak-yol-yurumek-zorundayiz-2\/119502#article\",\"isPartOf\":{\"@id\":\"https:\/\/corludahaber.com\/h\/baskan-yuceer-trakyanin-butunlugunu-koruyarak-yol-yurumek-zorundayiz-2\/119502\"},\"author\":{\"name\":\"\u00c7orlu'da Haber\",\"@id\":\"https:\/\/corludahaber.com\/h\/#\/schema\/person\/b523522be44b062db5d74a62589768cd\"},\"headline\":\"Ba\u015fkan Y\u00fcceer: Trakya&#8217;n\u0131n b\u00fct\u00fcnl\u00fc\u011f\u00fcn\u00fc koruyarak yol y\u00fcr\u00fcmek zorunday\u0131z\",\"datePublished\":\"2026-05-01T11:54:11+00:00\",\"dateModified\":\"2026-05-01T11:54:19+00:00\",\"mainEntityOfPage\":{\"@id\":\"https:\/\/corludahaber.com\/h\/baskan-yuceer-trakyanin-butunlugunu-koruyarak-yol-yurumek-zorundayiz-2\/119502\"},\"wordCount\":1129,\"commentCount\":0,\"publisher\":{\"@id\":\"https:\/\/corludahaber.com\/h\/#organization\"},\"image\":{\"@id\":\"https:\/\/corludahaber.com\/h\/baskan-yuceer-trakyanin-butunlugunu-koruyarak-yol-yurumek-zorundayiz-2\/119502#primaryimage\"},\"thumbnailUrl\":\"https:\/\/corludahaber.com\/h\/wp-content\/uploads\/2026\/05\/baskan-yuceer-trakyanin-butunlugunu-koruyarak-yol-yurumek-zorundayiz_69f494655bbc1.jpeg\",\"keywords\":[\"asayi\u015f\",\"BA\u015eKAN\",\"Ba\u015fkan Y\u00fcceer: Trakya'n\u0131n b\u00fct\u00fcnl\u00fc\u011f\u00fcn\u00fc koruyarak yol y\u00fcr\u00fcmek zorunday\u0131z\",\"b\u00fct\u00fcnl\u00fc\u011f\u00fcn\u00fc\",\"\u00c7orlu kaza\",\"\u00c7orlu son dakika kaza\",\"koruyarak\",\"son dakika kaza\",\"TRAKYA\",\"Y\u00fcceer\",\"Y\u00fcr\u00fcmek\",\"zorunday\u0131z\"],\"articleSection\":[\"Ya\u015fam\"],\"inLanguage\":\"tr\",\"potentialAction\":[{\"@type\":\"CommentAction\",\"name\":\"Comment\",\"target\":[\"https:\/\/corludahaber.com\/h\/baskan-yuceer-trakyanin-butunlugunu-koruyarak-yol-yurumek-zorundayiz-2\/119502#respond\"]}]},{\"@type\":\"WebPage\",\"@id\":\"https:\/\/corludahaber.com\/h\/baskan-yuceer-trakyanin-butunlugunu-koruyarak-yol-yurumek-zorundayiz-2\/119502\",\"url\":\"https:\/\/corludahaber.com\/h\/baskan-yuceer-trakyanin-butunlugunu-koruyarak-yol-yurumek-zorundayiz-2\/119502\",\"name\":\"Ba\u015fkan Y\u00fcceer: Trakya'n\u0131n b\u00fct\u00fcnl\u00fc\u011f\u00fcn\u00fc koruyarak yol y\u00fcr\u00fcmek zorunday\u0131z | \u00c7orlu&#039;da Haber\",\"isPartOf\":{\"@id\":\"https:\/\/corludahaber.com\/h\/#website\"},\"primaryImageOfPage\":{\"@id\":\"https:\/\/corludahaber.com\/h\/baskan-yuceer-trakyanin-butunlugunu-koruyarak-yol-yurumek-zorundayiz-2\/119502#primaryimage\"},\"image\":{\"@id\":\"https:\/\/corludahaber.com\/h\/baskan-yuceer-trakyanin-butunlugunu-koruyarak-yol-yurumek-zorundayiz-2\/119502#primaryimage\"},\"thumbnailUrl\":\"https:\/\/corludahaber.com\/h\/wp-content\/uploads\/2026\/05\/baskan-yuceer-trakyanin-butunlugunu-koruyarak-yol-yurumek-zorundayiz_69f494655bbc1.jpeg\",\"datePublished\":\"2026-05-01T11:54:11+00:00\",\"dateModified\":\"2026-05-01T11:54:19+00:00\",\"description\":\"Ba\u015fkan Y\u00fcceer: Trakya'n\u0131n b\u00fct\u00fcnl\u00fc\u011f\u00fcn\u00fc koruyarak yol y\u00fcr\u00fcmek zorunday\u0131z | \u00c7orlu&#039;da Haber\",\"breadcrumb\":{\"@id\":\"https:\/\/corludahaber.com\/h\/baskan-yuceer-trakyanin-butunlugunu-koruyarak-yol-yurumek-zorundayiz-2\/119502#breadcrumb\"},\"inLanguage\":\"tr\",\"potentialAction\":[{\"@type\":\"ReadAction\",\"target\":[\"https:\/\/corludahaber.com\/h\/baskan-yuceer-trakyanin-butunlugunu-koruyarak-yol-yurumek-zorundayiz-2\/119502\"]}]},{\"@type\":\"ImageObject\",\"inLanguage\":\"tr\",\"@id\":\"https:\/\/corludahaber.com\/h\/baskan-yuceer-trakyanin-butunlugunu-koruyarak-yol-yurumek-zorundayiz-2\/119502#primaryimage\",\"url\":\"https:\/\/corludahaber.com\/h\/wp-content\/uploads\/2026\/05\/baskan-yuceer-trakyanin-butunlugunu-koruyarak-yol-yurumek-zorundayiz_69f494655bbc1.jpeg\",\"contentUrl\":\"https:\/\/corludahaber.com\/h\/wp-content\/uploads\/2026\/05\/baskan-yuceer-trakyanin-butunlugunu-koruyarak-yol-yurumek-zorundayiz_69f494655bbc1.jpeg\",\"width\":2300,\"height\":1353},{\"@type\":\"BreadcrumbList\",\"@id\":\"https:\/\/corludahaber.com\/h\/baskan-yuceer-trakyanin-butunlugunu-koruyarak-yol-yurumek-zorundayiz-2\/119502#breadcrumb\",\"itemListElement\":[{\"@type\":\"ListItem\",\"position\":1,\"name\":\"Anasayfa\",\"item\":\"https:\/\/corludahaber.com\/h\/\"},{\"@type\":\"ListItem\",\"position\":2,\"name\":\"Ya\u015fam\",\"item\":\"https:\/\/corludahaber.com\/h\/kategori\/yasam\"},{\"@type\":\"ListItem\",\"position\":3,\"name\":\"Ba\u015fkan Y\u00fcceer: Trakya&#8217;n\u0131n b\u00fct\u00fcnl\u00fc\u011f\u00fcn\u00fc koruyarak yol y\u00fcr\u00fcmek zorunday\u0131z\"}]},{\"@type\":\"WebSite\",\"@id\":\"https:\/\/corludahaber.com\/h\/#website\",\"url\":\"https:\/\/corludahaber.com\/h\/\",\"name\":\"\u00c7orlu'da Haber\",\"description\":\"Ger\u00e7ek Tarafs\u0131z Haber\",\"publisher\":{\"@id\":\"https:\/\/corludahaber.com\/h\/#organization\"},\"potentialAction\":[{\"@type\":\"SearchAction\",\"target\":{\"@type\":\"EntryPoint\",\"urlTemplate\":\"https:\/\/corludahaber.com\/h\/?s={search_term_string}\"},\"query-input\":\"required name=search_term_string\"}],\"inLanguage\":\"tr\"},{\"@type\":\"Organization\",\"@id\":\"https:\/\/corludahaber.com\/h\/#organization\",\"name\":\"\u00c7orlu'da Haber\",\"url\":\"https:\/\/corludahaber.com\/h\/\",\"logo\":{\"@type\":\"ImageObject\",\"inLanguage\":\"tr\",\"@id\":\"https:\/\/corludahaber.com\/h\/#\/schema\/logo\/image\/\",\"url\":\"https:\/\/corludahaber.com\/h\/wp-content\/uploads\/2021\/12\/logo__9__1_-removebg-preview.png\",\"contentUrl\":\"https:\/\/corludahaber.com\/h\/wp-content\/uploads\/2021\/12\/logo__9__1_-removebg-preview.png\",\"width\":500,\"height\":157,\"caption\":\"\u00c7orlu'da Haber\"},\"image\":{\"@id\":\"https:\/\/corludahaber.com\/h\/#\/schema\/logo\/image\/\"},\"sameAs\":[\"https:\/\/facebook.com\/habercorluda\",\"https:\/\/x.com\/habercorluda\",\"https:\/\/www.instagram.com\/corludahaber\",\"https:\/\/www.youtube.com\/user\/corludahaber\"]},{\"@type\":\"Person\",\"@id\":\"https:\/\/corludahaber.com\/h\/#\/schema\/person\/b523522be44b062db5d74a62589768cd\",\"name\":\"\u00c7orlu'da Haber\",\"image\":{\"@type\":\"ImageObject\",\"inLanguage\":\"tr\",\"@id\":\"https:\/\/corludahaber.com\/h\/#\/schema\/person\/image\/\",\"url\":\"https:\/\/secure.gravatar.com\/avatar\/1033e54e078c29fd7f053370086ff627ba414b05c2b231c418a481adecd764ce?s=96&d=blank&r=g\",\"contentUrl\":\"https:\/\/secure.gravatar.com\/avatar\/1033e54e078c29fd7f053370086ff627ba414b05c2b231c418a481adecd764ce?s=96&d=blank&r=g\",\"caption\":\"\u00c7orlu'da Haber\"},\"sameAs\":[\"https:\/\/corludahaber.com\/h\"],\"url\":\"https:\/\/corludahaber.com\/h\/author\/admin\"}]}<\/script>\n<!-- \/ Yoast SEO Premium plugin. -->","yoast_head_json":{"title":"Ba\u015fkan Y\u00fcceer: Trakya'n\u0131n b\u00fct\u00fcnl\u00fc\u011f\u00fcn\u00fc koruyarak yol y\u00fcr\u00fcmek zorunday\u0131z | \u00c7orlu&#039;da Haber","description":"Ba\u015fkan Y\u00fcceer: Trakya'n\u0131n b\u00fct\u00fcnl\u00fc\u011f\u00fcn\u00fc koruyarak yol y\u00fcr\u00fcmek zorunday\u0131z | \u00c7orlu&#039;da Haber","robots":{"index":"index","follow":"follow","max-snippet":"max-snippet:-1","max-image-preview":"max-image-preview:large","max-video-preview":"max-video-preview:-1"},"canonical":"https:\/\/corludahaber.com\/h\/baskan-yuceer-trakyanin-butunlugunu-koruyarak-yol-yurumek-zorundayiz-2\/119502","og_locale":"tr_TR","og_type":"article","og_title":"Ba\u015fkan Y\u00fcceer: Trakya'n\u0131n b\u00fct\u00fcnl\u00fc\u011f\u00fcn\u00fc koruyarak yol y\u00fcr\u00fcmek zorunday\u0131z | \u00c7orlu&#039;da Haber","og_description":"Ba\u015fkan Y\u00fcceer: Trakya'n\u0131n b\u00fct\u00fcnl\u00fc\u011f\u00fcn\u00fc koruyarak yol y\u00fcr\u00fcmek zorunday\u0131z | \u00c7orlu&#039;da Haber","og_url":"https:\/\/corludahaber.com\/h\/baskan-yuceer-trakyanin-butunlugunu-koruyarak-yol-yurumek-zorundayiz-2\/119502","og_site_name":"\u00c7orlu&#039;da Haber","article_publisher":"https:\/\/facebook.com\/habercorluda","article_published_time":"2026-05-01T11:54:11+00:00","article_modified_time":"2026-05-01T11:54:19+00:00","og_image":[{"width":2300,"height":1353,"url":"http:\/\/corludahaber.com\/h\/wp-content\/uploads\/2026\/05\/baskan-yuceer-trakyanin-butunlugunu-koruyarak-yol-yurumek-zorundayiz_69f494655bbc1.jpeg","type":"image\/jpeg"}],"author":"\u00c7orlu'da Haber","twitter_card":"summary_large_image","twitter_creator":"@habercorluda","twitter_site":"@habercorluda","twitter_misc":{"Yazan:":"\u00c7orlu'da Haber","Tahmini okuma s\u00fcresi":"5 dakika"},"schema":{"@context":"https:\/\/schema.org","@graph":[{"@type":"Article","@id":"https:\/\/corludahaber.com\/h\/baskan-yuceer-trakyanin-butunlugunu-koruyarak-yol-yurumek-zorundayiz-2\/119502#article","isPartOf":{"@id":"https:\/\/corludahaber.com\/h\/baskan-yuceer-trakyanin-butunlugunu-koruyarak-yol-yurumek-zorundayiz-2\/119502"},"author":{"name":"\u00c7orlu'da Haber","@id":"https:\/\/corludahaber.com\/h\/#\/schema\/person\/b523522be44b062db5d74a62589768cd"},"headline":"Ba\u015fkan Y\u00fcceer: Trakya&#8217;n\u0131n b\u00fct\u00fcnl\u00fc\u011f\u00fcn\u00fc koruyarak yol y\u00fcr\u00fcmek zorunday\u0131z","datePublished":"2026-05-01T11:54:11+00:00","dateModified":"2026-05-01T11:54:19+00:00","mainEntityOfPage":{"@id":"https:\/\/corludahaber.com\/h\/baskan-yuceer-trakyanin-butunlugunu-koruyarak-yol-yurumek-zorundayiz-2\/119502"},"wordCount":1129,"commentCount":0,"publisher":{"@id":"https:\/\/corludahaber.com\/h\/#organization"},"image":{"@id":"https:\/\/corludahaber.com\/h\/baskan-yuceer-trakyanin-butunlugunu-koruyarak-yol-yurumek-zorundayiz-2\/119502#primaryimage"},"thumbnailUrl":"https:\/\/corludahaber.com\/h\/wp-content\/uploads\/2026\/05\/baskan-yuceer-trakyanin-butunlugunu-koruyarak-yol-yurumek-zorundayiz_69f494655bbc1.jpeg","keywords":["asayi\u015f","BA\u015eKAN","Ba\u015fkan Y\u00fcceer: Trakya'n\u0131n b\u00fct\u00fcnl\u00fc\u011f\u00fcn\u00fc koruyarak yol y\u00fcr\u00fcmek zorunday\u0131z","b\u00fct\u00fcnl\u00fc\u011f\u00fcn\u00fc","\u00c7orlu kaza","\u00c7orlu son dakika kaza","koruyarak","son dakika kaza","TRAKYA","Y\u00fcceer","Y\u00fcr\u00fcmek","zorunday\u0131z"],"articleSection":["Ya\u015fam"],"inLanguage":"tr","potentialAction":[{"@type":"CommentAction","name":"Comment","target":["https:\/\/corludahaber.com\/h\/baskan-yuceer-trakyanin-butunlugunu-koruyarak-yol-yurumek-zorundayiz-2\/119502#respond"]}]},{"@type":"WebPage","@id":"https:\/\/corludahaber.com\/h\/baskan-yuceer-trakyanin-butunlugunu-koruyarak-yol-yurumek-zorundayiz-2\/119502","url":"https:\/\/corludahaber.com\/h\/baskan-yuceer-trakyanin-butunlugunu-koruyarak-yol-yurumek-zorundayiz-2\/119502","name":"Ba\u015fkan Y\u00fcceer: Trakya'n\u0131n b\u00fct\u00fcnl\u00fc\u011f\u00fcn\u00fc koruyarak yol y\u00fcr\u00fcmek zorunday\u0131z | \u00c7orlu&#039;da Haber","isPartOf":{"@id":"https:\/\/corludahaber.com\/h\/#website"},"primaryImageOfPage":{"@id":"https:\/\/corludahaber.com\/h\/baskan-yuceer-trakyanin-butunlugunu-koruyarak-yol-yurumek-zorundayiz-2\/119502#primaryimage"},"image":{"@id":"https:\/\/corludahaber.com\/h\/baskan-yuceer-trakyanin-butunlugunu-koruyarak-yol-yurumek-zorundayiz-2\/119502#primaryimage"},"thumbnailUrl":"https:\/\/corludahaber.com\/h\/wp-content\/uploads\/2026\/05\/baskan-yuceer-trakyanin-butunlugunu-koruyarak-yol-yurumek-zorundayiz_69f494655bbc1.jpeg","datePublished":"2026-05-01T11:54:11+00:00","dateModified":"2026-05-01T11:54:19+00:00","description":"Ba\u015fkan Y\u00fcceer: Trakya'n\u0131n b\u00fct\u00fcnl\u00fc\u011f\u00fcn\u00fc koruyarak yol y\u00fcr\u00fcmek zorunday\u0131z | \u00c7orlu&#039;da Haber","breadcrumb":{"@id":"https:\/\/corludahaber.com\/h\/baskan-yuceer-trakyanin-butunlugunu-koruyarak-yol-yurumek-zorundayiz-2\/119502#breadcrumb"},"inLanguage":"tr","potentialAction":[{"@type":"ReadAction","target":["https:\/\/corludahaber.com\/h\/baskan-yuceer-trakyanin-butunlugunu-koruyarak-yol-yurumek-zorundayiz-2\/119502"]}]},{"@type":"ImageObject","inLanguage":"tr","@id":"https:\/\/corludahaber.com\/h\/baskan-yuceer-trakyanin-butunlugunu-koruyarak-yol-yurumek-zorundayiz-2\/119502#primaryimage","url":"https:\/\/corludahaber.com\/h\/wp-content\/uploads\/2026\/05\/baskan-yuceer-trakyanin-butunlugunu-koruyarak-yol-yurumek-zorundayiz_69f494655bbc1.jpeg","contentUrl":"https:\/\/corludahaber.com\/h\/wp-content\/uploads\/2026\/05\/baskan-yuceer-trakyanin-butunlugunu-koruyarak-yol-yurumek-zorundayiz_69f494655bbc1.jpeg","width":2300,"height":1353},{"@type":"BreadcrumbList","@id":"https:\/\/corludahaber.com\/h\/baskan-yuceer-trakyanin-butunlugunu-koruyarak-yol-yurumek-zorundayiz-2\/119502#breadcrumb","itemListElement":[{"@type":"ListItem","position":1,"name":"Anasayfa","item":"https:\/\/corludahaber.com\/h\/"},{"@type":"ListItem","position":2,"name":"Ya\u015fam","item":"https:\/\/corludahaber.com\/h\/kategori\/yasam"},{"@type":"ListItem","position":3,"name":"Ba\u015fkan Y\u00fcceer: Trakya&#8217;n\u0131n b\u00fct\u00fcnl\u00fc\u011f\u00fcn\u00fc koruyarak yol y\u00fcr\u00fcmek zorunday\u0131z"}]},{"@type":"WebSite","@id":"https:\/\/corludahaber.com\/h\/#website","url":"https:\/\/corludahaber.com\/h\/","name":"\u00c7orlu'da Haber","description":"Ger\u00e7ek Tarafs\u0131z Haber","publisher":{"@id":"https:\/\/corludahaber.com\/h\/#organization"},"potentialAction":[{"@type":"SearchAction","target":{"@type":"EntryPoint","urlTemplate":"https:\/\/corludahaber.com\/h\/?s={search_term_string}"},"query-input":"required name=search_term_string"}],"inLanguage":"tr"},{"@type":"Organization","@id":"https:\/\/corludahaber.com\/h\/#organization","name":"\u00c7orlu'da Haber","url":"https:\/\/corludahaber.com\/h\/","logo":{"@type":"ImageObject","inLanguage":"tr","@id":"https:\/\/corludahaber.com\/h\/#\/schema\/logo\/image\/","url":"https:\/\/corludahaber.com\/h\/wp-content\/uploads\/2021\/12\/logo__9__1_-removebg-preview.png","contentUrl":"https:\/\/corludahaber.com\/h\/wp-content\/uploads\/2021\/12\/logo__9__1_-removebg-preview.png","width":500,"height":157,"caption":"\u00c7orlu'da Haber"},"image":{"@id":"https:\/\/corludahaber.com\/h\/#\/schema\/logo\/image\/"},"sameAs":["https:\/\/facebook.com\/habercorluda","https:\/\/x.com\/habercorluda","https:\/\/www.instagram.com\/corludahaber","https:\/\/www.youtube.com\/user\/corludahaber"]},{"@type":"Person","@id":"https:\/\/corludahaber.com\/h\/#\/schema\/person\/b523522be44b062db5d74a62589768cd","name":"\u00c7orlu'da Haber","image":{"@type":"ImageObject","inLanguage":"tr","@id":"https:\/\/corludahaber.com\/h\/#\/schema\/person\/image\/","url":"https:\/\/secure.gravatar.com\/avatar\/1033e54e078c29fd7f053370086ff627ba414b05c2b231c418a481adecd764ce?s=96&d=blank&r=g","contentUrl":"https:\/\/secure.gravatar.com\/avatar\/1033e54e078c29fd7f053370086ff627ba414b05c2b231c418a481adecd764ce?s=96&d=blank&r=g","caption":"\u00c7orlu'da Haber"},"sameAs":["https:\/\/corludahaber.com\/h"],"url":"https:\/\/corludahaber.com\/h\/author\/admin"}]}},"_links":{"self":[{"href":"https:\/\/corludahaber.com\/h\/wp-json\/wp\/v2\/posts\/119502","targetHints":{"allow":["GET"]}}],"collection":[{"href":"https:\/\/corludahaber.com\/h\/wp-json\/wp\/v2\/posts"}],"about":[{"href":"https:\/\/corludahaber.com\/h\/wp-json\/wp\/v2\/types\/post"}],"author":[{"embeddable":true,"href":"https:\/\/corludahaber.com\/h\/wp-json\/wp\/v2\/users\/151"}],"replies":[{"embeddable":true,"href":"https:\/\/corludahaber.com\/h\/wp-json\/wp\/v2\/comments?post=119502"}],"version-history":[{"count":1,"href":"https:\/\/corludahaber.com\/h\/wp-json\/wp\/v2\/posts\/119502\/revisions"}],"predecessor-version":[{"id":119506,"href":"https:\/\/corludahaber.com\/h\/wp-json\/wp\/v2\/posts\/119502\/revisions\/119506"}],"wp:featuredmedia":[{"embeddable":true,"href":"https:\/\/corludahaber.com\/h\/wp-json\/wp\/v2\/media\/119503"}],"wp:attachment":[{"href":"https:\/\/corludahaber.com\/h\/wp-json\/wp\/v2\/media?parent=119502"}],"wp:term":[{"taxonomy":"category","embeddable":true,"href":"https:\/\/corludahaber.com\/h\/wp-json\/wp\/v2\/categories?post=119502"},{"taxonomy":"post_tag","embeddable":true,"href":"https:\/\/corludahaber.com\/h\/wp-json\/wp\/v2\/tags?post=119502"}],"curies":[{"name":"wp","href":"https:\/\/api.w.org\/{rel}","templated":true}]}}