{"id":119482,"date":"2026-05-01T07:18:37","date_gmt":"2026-05-01T04:18:37","guid":{"rendered":"https:\/\/corludahaber.com\/h\/baskan-sarikurt-marmara-belediyeler-birligi-encumen-uyeligine-secildi\/119482"},"modified":"2026-05-01T07:18:40","modified_gmt":"2026-05-01T04:18:40","slug":"baskan-sarikurt-marmara-belediyeler-birligi-encumen-uyeligine-secildi","status":"publish","type":"post","link":"https:\/\/corludahaber.com\/h\/baskan-sarikurt-marmara-belediyeler-birligi-encumen-uyeligine-secildi\/119482","title":{"rendered":"Ba\u015fkan Sar\u0131kurt, Marmara Belediyeler Birli\u011fi Enc\u00fcmen \u00dcyeli\u011fine Se\u00e7ildi"},"content":{"rendered":"<div class=\"corlu-icerikten-once_3\" id=\"corlu-2919853429\"><script type='text\/javascript' src='https:\/\/platform-api.sharethis.com\/js\/sharethis.js#property=5ce8cf08af7d000012cb0ca1&product=inline-reaction-buttons' async='async'><\/script>\r\n\r\n<\/div><p>\u00c7orlu Belediye Ba\u015fkan\u0131 Ahmet Sar\u0131kurt, \u0130stanbul\u2019da ger\u00e7ekle\u015ftirilen Marmara Belediyeler Birli\u011fi (MBB) 2026 Y\u0131l\u0131 1. Ola\u011fan Meclis Toplant\u0131s\u0131\u2019na kat\u0131ld\u0131. B\u00f6lge belediye ba\u015fkanlar\u0131n\u0131n kat\u0131l\u0131m\u0131yla d\u00fczenlenen toplant\u0131da Ba\u015fkan Sar\u0131kurt, g\u00fcven tazeleyerek yeniden MBB Enc\u00fcmen \u00dcyeli\u011fi g\u00f6revine se\u00e7ildi.<\/p><div class=\"corlu-icerik-2\" id=\"corlu-686127410\"><!-- Admatic AUTO ads START -->\r\n<ins data-publisher=\"adm-pub-155556240050\" data-ad-network=\"659428a24d11b285b616c18d\"   class=\"adm-ads-area\"><\/ins>\r\n<script type=\"text\/javascript\" src=\"https:\/\/static.cdn.admatic.com.tr\/showad\/showad.min.js\"><\/script>\r\n<!-- Admatic AUTO ads END --><\/div>\n<p>Toplant\u0131da \u00c7orlu Belediyesi\u2019ni; \u00c7orlu Belediye Ba\u015fkan\u0131 Ahmet Sar\u0131kurt\u2019un yan\u0131 s\u0131ra Belediye Meclis Ba\u015fkan Vekili Hasan Toprak, Belediye Ba\u015fkan Yard\u0131mc\u0131s\u0131 Do\u011fukan Da\u011f ve Meclis \u00dcyesi G\u00fclcan Sakall\u0131 temsil etti.<\/p>\n<p>\u201c\u00c7orlu\u2019nun Sesini Her Platformda Duyuraca\u011f\u0131z\u201d<\/p>\n<p>Toplant\u0131 sonras\u0131 a\u00e7\u0131klamalarda bulunan Ba\u015fkan Ahmet Sar\u0131kurt, b\u00f6lge belediye ba\u015fkanlar\u0131yla bir araya gelerek y\u00fcr\u00fct\u00fclen projeler ve yerel ihtiya\u00e7lar \u00fczerine isti\u015farelerde bulunduklar\u0131n\u0131 belirtti. Ba\u015fkan Sar\u0131kurt, \u201c\u00c7orlu`muzun sesini her platformda duyurmaya, kentimiz i\u00e7in en iyisini hedeflemeye devam ediyoruz. Marmara B\u00f6lgesi`nin yerel y\u00f6netim dinamiklerini belirleyen bu \u00f6nemli birlikte, enc\u00fcmen \u00fcyeli\u011fi g\u00f6revine lay\u0131k g\u00f6r\u00fclmenin gururunu ya\u015f\u0131yorum.\u201d dedi.<\/p>\n<p>Tekirda\u011f ve \u00c7orlu \u0130\u00e7in Tam Gayret<\/p>\n<p>Yeni d\u00f6nemde de Tekirda\u011f ve \u00c7orlu\u2019yu en iyi \u015fekilde temsil etmek i\u00e7in \u00e7al\u0131\u015facaklar\u0131n\u0131 vurgulayan Ba\u015fkan Sar\u0131kurt, \u201cBu \u00f6nemli g\u00f6revi lay\u0131k\u0131yla yerine getirecek; kentimizin kalk\u0131nmas\u0131 ve kom\u015fu belediyelerimizle i\u015f birli\u011fimizin g\u00fc\u00e7lenmesi i\u00e7in t\u00fcm gayretimle \u00e7al\u0131\u015fmaya devam edece\u011fiz.\u201d ifadelerini kulland\u0131.<\/p>\n<table style=\"text-align: left; color: #ff0000; font-weight: bold; width: 100%; height: 100%;\" border=\"1\" cellspacing=\"2\" cellpadding=\"2\">\n<tbody>\n<tr>\n<td style=\"background-color: #000000;\">\n<h5><em><span style=\"color: #ff0000;\">Bu haber <span style=\"color: #ffffff;\">\u00c7orlu Belediyesi&#8217;nin<\/span> Kendi sitesinden botlar yard\u0131m\u0131yla otomatik olarak eklenmi\u015ftir. Bu i\u00e7erikte \u00c7orlu&#8217;da Haber edit\u00f6rleri herhangi bir m\u00fcdahalede bulunmam\u0131\u015ft\u0131r.<\/span><\/em><\/h5>\n<\/td>\n<\/tr>\n<\/tbody>\n<\/table>\n<div class=\"corlu-icerikten-sonra_3\" id=\"corlu-3701379561\"><p><img loading=\"lazy\" decoding=\"async\" class=\"aligncenter\" src=\"https:\/\/www.corludahaber.com\/bahcesehir.jpg\" alt=\"\" width=\"624\" height=\"196\" \/><\/p>\n<table style=\"text-align: left; width: 100%;\" border=\"1\" cellspacing=\"2\" cellpadding=\"2\">\n<tbody>\n<tr>\n<td style=\"background-color: #050805;\"><span style=\"font-size: 12pt;\"><small><small><em><strong><big><span style=\"color: #ff0000;\">Haber ve resimlerin telif haklar\u0131ndan dolay\u0131 kullan\u0131m\u0131 yasakt\u0131r<span style=\"color: #000000;\">.<\/span><\/span><span style=\"color: #000000;\">\u00a0<\/span><span style=\"color: #ffffff;\">Yaz\u0131l\u0131 izni al\u0131nmadan hi\u00e7bir yaz\u0131l\u0131, g\u00f6rsel, i\u015fitsel i\u00e7erik kopyalanamaz, de\u011fi\u015ftirilemez, yay\u0131nlanamaz veya sat\u0131lamaz. Aksi halde<\/span>\u00a0<span style=\"color: #ff0000;\">5846<span style=\"color: #ffffff;\">\u00a0<\/span><\/span><span style=\"color: #ffffff;\">say\u0131l\u0131 Fikir ve Sanat Eserleri Kanunu\u2019na ve<\/span>\u00a0<span style=\"color: #800000;\"><span style=\"color: #ff0000;\">6102<\/span><span style=\"color: #ffffff;\">\u00a0<\/span><\/span><span style=\"color: #ffffff;\">say\u0131l\u0131 maddesine g\u00f6re<\/span>\u00a0<span style=\"color: #ff0000;\">gerekli i\u015flemler uygulanacakt\u0131r.<\/span><br \/>\n<span style=\"color: #ffffff;\">\u00a9 Copyright 2014<\/span><\/big><\/strong><\/em><\/small><\/small><\/span><\/td>\n<\/tr>\n<\/tbody>\n<\/table>\n<p><small><small>\u00a0<\/small><\/small><\/p>\n<\/div>","protected":false},"excerpt":{"rendered":"<p>\u00c7orlu Belediye Ba\u015fkan\u0131 Ahmet Sar\u0131kurt, \u0130stanbul\u2019da ger\u00e7ekle\u015ftirilen Marmara Belediyeler Birli\u011fi (MBB) 2026 Y\u0131l\u0131 1. Ola\u011fan Meclis Toplant\u0131s\u0131\u2019na kat\u0131ld\u0131. B\u00f6lge belediye ba\u015fkanlar\u0131n\u0131n kat\u0131l\u0131m\u0131yla d\u00fczenlenen toplant\u0131da Ba\u015fkan Sar\u0131kurt, g\u00fcven tazeleyerek yeniden MBB Enc\u00fcmen \u00dcyeli\u011fi g\u00f6revine se\u00e7ildi. Toplant\u0131da \u00c7orlu Belediyesi\u2019ni; \u00c7orlu Belediye Ba\u015fkan\u0131 Ahmet Sar\u0131kurt\u2019un yan\u0131 s\u0131ra Belediye Meclis Ba\u015fkan Vekili Hasan Toprak, Belediye Ba\u015fkan Yard\u0131mc\u0131s\u0131 Do\u011fukan Da\u011f &hellip;<\/p>\n","protected":false},"author":151,"featured_media":119483,"comment_status":"closed","ping_status":"closed","sticky":false,"template":"","format":"standard","meta":{"footnotes":""},"categories":[24],"tags":[8025,395,33577,8560,4494,9376,15478,21217,347,12426,694,3661,25758],"class_list":["post-119482","post","type-post","status-publish","format-standard","has-post-thumbnail","hentry","category-corlu","tag-asayis","tag-baskan","tag-baskan-sarikurt-marmara-belediyeler-birligi-encumen-uyeligine-secildi","tag-belediyeler","tag-birligi","tag-corlu-kaza","tag-corlu-son-dakika-kaza","tag-encumen","tag-marmara","tag-sarikurt","tag-secildi","tag-son-dakika-kaza","tag-uyeligine"],"yoast_head":"<!-- This site is optimized with the Yoast SEO Premium plugin v23.3 (Yoast SEO v23.3) - https:\/\/yoast.com\/wordpress\/plugins\/seo\/ -->\n<title>Ba\u015fkan Sar\u0131kurt, Marmara Belediyeler Birli\u011fi Enc\u00fcmen \u00dcyeli\u011fine Se\u00e7ildi | \u00c7orlu&#039;da Haber<\/title>\n<meta name=\"description\" content=\"Ba\u015fkan Sar\u0131kurt, Marmara Belediyeler Birli\u011fi Enc\u00fcmen \u00dcyeli\u011fine Se\u00e7ildi | \u00c7orlu&#039;da Haber\" \/>\n<meta name=\"robots\" content=\"index, follow, max-snippet:-1, max-image-preview:large, max-video-preview:-1\" \/>\n<link rel=\"canonical\" href=\"https:\/\/corludahaber.com\/h\/baskan-sarikurt-marmara-belediyeler-birligi-encumen-uyeligine-secildi\/119482\" \/>\n<meta property=\"og:locale\" content=\"tr_TR\" \/>\n<meta property=\"og:type\" content=\"article\" \/>\n<meta property=\"og:title\" content=\"Ba\u015fkan Sar\u0131kurt, Marmara Belediyeler Birli\u011fi Enc\u00fcmen \u00dcyeli\u011fine Se\u00e7ildi | \u00c7orlu&#039;da Haber\" \/>\n<meta property=\"og:description\" content=\"Ba\u015fkan Sar\u0131kurt, Marmara Belediyeler Birli\u011fi Enc\u00fcmen \u00dcyeli\u011fine Se\u00e7ildi | \u00c7orlu&#039;da Haber\" \/>\n<meta property=\"og:url\" content=\"https:\/\/corludahaber.com\/h\/baskan-sarikurt-marmara-belediyeler-birligi-encumen-uyeligine-secildi\/119482\" \/>\n<meta property=\"og:site_name\" content=\"\u00c7orlu&#039;da Haber\" \/>\n<meta property=\"article:publisher\" content=\"https:\/\/facebook.com\/habercorluda\" \/>\n<meta property=\"article:published_time\" content=\"2026-05-01T04:18:37+00:00\" \/>\n<meta property=\"article:modified_time\" content=\"2026-05-01T04:18:40+00:00\" \/>\n<meta property=\"og:image\" content=\"http:\/\/corludahaber.com\/h\/wp-content\/uploads\/2026\/05\/baskan-sarikurt-marmara-belediyeler-birligi-encumen-uyeligine-secildi_69f4299fa0849.jpeg\" \/>\n\t<meta property=\"og:image:width\" content=\"832\" \/>\n\t<meta property=\"og:image:height\" content=\"407\" \/>\n\t<meta property=\"og:image:type\" content=\"image\/jpeg\" \/>\n<meta name=\"author\" content=\"\u00c7orlu&#039;da Haber\" \/>\n<meta name=\"twitter:card\" content=\"summary_large_image\" \/>\n<meta name=\"twitter:creator\" content=\"@habercorluda\" \/>\n<meta name=\"twitter:site\" content=\"@habercorluda\" \/>\n<meta name=\"twitter:label1\" content=\"Yazan:\" \/>\n\t<meta name=\"twitter:data1\" content=\"\u00c7orlu&#039;da Haber\" \/>\n\t<meta name=\"twitter:label2\" content=\"Tahmini okuma s\u00fcresi\" \/>\n\t<meta name=\"twitter:data2\" content=\"1 dakika\" \/>\n<script type=\"application\/ld+json\" class=\"yoast-schema-graph\">{\"@context\":\"https:\/\/schema.org\",\"@graph\":[{\"@type\":\"Article\",\"@id\":\"https:\/\/corludahaber.com\/h\/baskan-sarikurt-marmara-belediyeler-birligi-encumen-uyeligine-secildi\/119482#article\",\"isPartOf\":{\"@id\":\"https:\/\/corludahaber.com\/h\/baskan-sarikurt-marmara-belediyeler-birligi-encumen-uyeligine-secildi\/119482\"},\"author\":{\"name\":\"\u00c7orlu'da Haber\",\"@id\":\"https:\/\/corludahaber.com\/h\/#\/schema\/person\/b523522be44b062db5d74a62589768cd\"},\"headline\":\"Ba\u015fkan Sar\u0131kurt, Marmara Belediyeler Birli\u011fi Enc\u00fcmen \u00dcyeli\u011fine Se\u00e7ildi\",\"datePublished\":\"2026-05-01T04:18:37+00:00\",\"dateModified\":\"2026-05-01T04:18:40+00:00\",\"mainEntityOfPage\":{\"@id\":\"https:\/\/corludahaber.com\/h\/baskan-sarikurt-marmara-belediyeler-birligi-encumen-uyeligine-secildi\/119482\"},\"wordCount\":291,\"publisher\":{\"@id\":\"https:\/\/corludahaber.com\/h\/#organization\"},\"image\":{\"@id\":\"https:\/\/corludahaber.com\/h\/baskan-sarikurt-marmara-belediyeler-birligi-encumen-uyeligine-secildi\/119482#primaryimage\"},\"thumbnailUrl\":\"https:\/\/corludahaber.com\/h\/wp-content\/uploads\/2026\/05\/baskan-sarikurt-marmara-belediyeler-birligi-encumen-uyeligine-secildi_69f4299fa0849.jpeg\",\"keywords\":[\"asayi\u015f\",\"BA\u015eKAN\",\"Ba\u015fkan Sar\u0131kurt, Marmara Belediyeler Birli\u011fi Enc\u00fcmen \u00dcyeli\u011fine Se\u00e7ildi\",\"belediyeler\",\"Birli\u011fi\",\"\u00c7orlu kaza\",\"\u00c7orlu son dakika kaza\",\"ENC\u00dcMEN\",\"Marmara\",\"Sar\u0131kurt\",\"se\u00e7ildi\",\"son dakika kaza\",\"\u00dcyeli\u011fine\"],\"articleSection\":[\"\u00c7orlu\"],\"inLanguage\":\"tr\"},{\"@type\":\"WebPage\",\"@id\":\"https:\/\/corludahaber.com\/h\/baskan-sarikurt-marmara-belediyeler-birligi-encumen-uyeligine-secildi\/119482\",\"url\":\"https:\/\/corludahaber.com\/h\/baskan-sarikurt-marmara-belediyeler-birligi-encumen-uyeligine-secildi\/119482\",\"name\":\"Ba\u015fkan Sar\u0131kurt, Marmara Belediyeler Birli\u011fi Enc\u00fcmen \u00dcyeli\u011fine Se\u00e7ildi | \u00c7orlu&#039;da Haber\",\"isPartOf\":{\"@id\":\"https:\/\/corludahaber.com\/h\/#website\"},\"primaryImageOfPage\":{\"@id\":\"https:\/\/corludahaber.com\/h\/baskan-sarikurt-marmara-belediyeler-birligi-encumen-uyeligine-secildi\/119482#primaryimage\"},\"image\":{\"@id\":\"https:\/\/corludahaber.com\/h\/baskan-sarikurt-marmara-belediyeler-birligi-encumen-uyeligine-secildi\/119482#primaryimage\"},\"thumbnailUrl\":\"https:\/\/corludahaber.com\/h\/wp-content\/uploads\/2026\/05\/baskan-sarikurt-marmara-belediyeler-birligi-encumen-uyeligine-secildi_69f4299fa0849.jpeg\",\"datePublished\":\"2026-05-01T04:18:37+00:00\",\"dateModified\":\"2026-05-01T04:18:40+00:00\",\"description\":\"Ba\u015fkan Sar\u0131kurt, Marmara Belediyeler Birli\u011fi Enc\u00fcmen \u00dcyeli\u011fine Se\u00e7ildi | \u00c7orlu&#039;da Haber\",\"breadcrumb\":{\"@id\":\"https:\/\/corludahaber.com\/h\/baskan-sarikurt-marmara-belediyeler-birligi-encumen-uyeligine-secildi\/119482#breadcrumb\"},\"inLanguage\":\"tr\",\"potentialAction\":[{\"@type\":\"ReadAction\",\"target\":[\"https:\/\/corludahaber.com\/h\/baskan-sarikurt-marmara-belediyeler-birligi-encumen-uyeligine-secildi\/119482\"]}]},{\"@type\":\"ImageObject\",\"inLanguage\":\"tr\",\"@id\":\"https:\/\/corludahaber.com\/h\/baskan-sarikurt-marmara-belediyeler-birligi-encumen-uyeligine-secildi\/119482#primaryimage\",\"url\":\"https:\/\/corludahaber.com\/h\/wp-content\/uploads\/2026\/05\/baskan-sarikurt-marmara-belediyeler-birligi-encumen-uyeligine-secildi_69f4299fa0849.jpeg\",\"contentUrl\":\"https:\/\/corludahaber.com\/h\/wp-content\/uploads\/2026\/05\/baskan-sarikurt-marmara-belediyeler-birligi-encumen-uyeligine-secildi_69f4299fa0849.jpeg\",\"width\":832,\"height\":407},{\"@type\":\"BreadcrumbList\",\"@id\":\"https:\/\/corludahaber.com\/h\/baskan-sarikurt-marmara-belediyeler-birligi-encumen-uyeligine-secildi\/119482#breadcrumb\",\"itemListElement\":[{\"@type\":\"ListItem\",\"position\":1,\"name\":\"Anasayfa\",\"item\":\"https:\/\/corludahaber.com\/h\/\"},{\"@type\":\"ListItem\",\"position\":2,\"name\":\"\u00c7orlu\",\"item\":\"https:\/\/corludahaber.com\/h\/kategori\/corlu\"},{\"@type\":\"ListItem\",\"position\":3,\"name\":\"Ba\u015fkan Sar\u0131kurt, Marmara Belediyeler Birli\u011fi Enc\u00fcmen \u00dcyeli\u011fine Se\u00e7ildi\"}]},{\"@type\":\"WebSite\",\"@id\":\"https:\/\/corludahaber.com\/h\/#website\",\"url\":\"https:\/\/corludahaber.com\/h\/\",\"name\":\"\u00c7orlu'da Haber\",\"description\":\"Ger\u00e7ek Tarafs\u0131z Haber\",\"publisher\":{\"@id\":\"https:\/\/corludahaber.com\/h\/#organization\"},\"potentialAction\":[{\"@type\":\"SearchAction\",\"target\":{\"@type\":\"EntryPoint\",\"urlTemplate\":\"https:\/\/corludahaber.com\/h\/?s={search_term_string}\"},\"query-input\":\"required name=search_term_string\"}],\"inLanguage\":\"tr\"},{\"@type\":\"Organization\",\"@id\":\"https:\/\/corludahaber.com\/h\/#organization\",\"name\":\"\u00c7orlu'da Haber\",\"url\":\"https:\/\/corludahaber.com\/h\/\",\"logo\":{\"@type\":\"ImageObject\",\"inLanguage\":\"tr\",\"@id\":\"https:\/\/corludahaber.com\/h\/#\/schema\/logo\/image\/\",\"url\":\"https:\/\/corludahaber.com\/h\/wp-content\/uploads\/2021\/12\/logo__9__1_-removebg-preview.png\",\"contentUrl\":\"https:\/\/corludahaber.com\/h\/wp-content\/uploads\/2021\/12\/logo__9__1_-removebg-preview.png\",\"width\":500,\"height\":157,\"caption\":\"\u00c7orlu'da Haber\"},\"image\":{\"@id\":\"https:\/\/corludahaber.com\/h\/#\/schema\/logo\/image\/\"},\"sameAs\":[\"https:\/\/facebook.com\/habercorluda\",\"https:\/\/x.com\/habercorluda\",\"https:\/\/www.instagram.com\/corludahaber\",\"https:\/\/www.youtube.com\/user\/corludahaber\"]},{\"@type\":\"Person\",\"@id\":\"https:\/\/corludahaber.com\/h\/#\/schema\/person\/b523522be44b062db5d74a62589768cd\",\"name\":\"\u00c7orlu'da Haber\",\"image\":{\"@type\":\"ImageObject\",\"inLanguage\":\"tr\",\"@id\":\"https:\/\/corludahaber.com\/h\/#\/schema\/person\/image\/\",\"url\":\"https:\/\/secure.gravatar.com\/avatar\/1033e54e078c29fd7f053370086ff627ba414b05c2b231c418a481adecd764ce?s=96&d=blank&r=g\",\"contentUrl\":\"https:\/\/secure.gravatar.com\/avatar\/1033e54e078c29fd7f053370086ff627ba414b05c2b231c418a481adecd764ce?s=96&d=blank&r=g\",\"caption\":\"\u00c7orlu'da Haber\"},\"sameAs\":[\"https:\/\/corludahaber.com\/h\"],\"url\":\"https:\/\/corludahaber.com\/h\/author\/admin\"}]}<\/script>\n<!-- \/ Yoast SEO Premium plugin. -->","yoast_head_json":{"title":"Ba\u015fkan Sar\u0131kurt, Marmara Belediyeler Birli\u011fi Enc\u00fcmen \u00dcyeli\u011fine Se\u00e7ildi | \u00c7orlu&#039;da Haber","description":"Ba\u015fkan Sar\u0131kurt, Marmara Belediyeler Birli\u011fi Enc\u00fcmen \u00dcyeli\u011fine Se\u00e7ildi | \u00c7orlu&#039;da Haber","robots":{"index":"index","follow":"follow","max-snippet":"max-snippet:-1","max-image-preview":"max-image-preview:large","max-video-preview":"max-video-preview:-1"},"canonical":"https:\/\/corludahaber.com\/h\/baskan-sarikurt-marmara-belediyeler-birligi-encumen-uyeligine-secildi\/119482","og_locale":"tr_TR","og_type":"article","og_title":"Ba\u015fkan Sar\u0131kurt, Marmara Belediyeler Birli\u011fi Enc\u00fcmen \u00dcyeli\u011fine Se\u00e7ildi | \u00c7orlu&#039;da Haber","og_description":"Ba\u015fkan Sar\u0131kurt, Marmara Belediyeler Birli\u011fi Enc\u00fcmen \u00dcyeli\u011fine Se\u00e7ildi | \u00c7orlu&#039;da Haber","og_url":"https:\/\/corludahaber.com\/h\/baskan-sarikurt-marmara-belediyeler-birligi-encumen-uyeligine-secildi\/119482","og_site_name":"\u00c7orlu&#039;da Haber","article_publisher":"https:\/\/facebook.com\/habercorluda","article_published_time":"2026-05-01T04:18:37+00:00","article_modified_time":"2026-05-01T04:18:40+00:00","og_image":[{"width":832,"height":407,"url":"http:\/\/corludahaber.com\/h\/wp-content\/uploads\/2026\/05\/baskan-sarikurt-marmara-belediyeler-birligi-encumen-uyeligine-secildi_69f4299fa0849.jpeg","type":"image\/jpeg"}],"author":"\u00c7orlu'da Haber","twitter_card":"summary_large_image","twitter_creator":"@habercorluda","twitter_site":"@habercorluda","twitter_misc":{"Yazan:":"\u00c7orlu'da Haber","Tahmini okuma s\u00fcresi":"1 dakika"},"schema":{"@context":"https:\/\/schema.org","@graph":[{"@type":"Article","@id":"https:\/\/corludahaber.com\/h\/baskan-sarikurt-marmara-belediyeler-birligi-encumen-uyeligine-secildi\/119482#article","isPartOf":{"@id":"https:\/\/corludahaber.com\/h\/baskan-sarikurt-marmara-belediyeler-birligi-encumen-uyeligine-secildi\/119482"},"author":{"name":"\u00c7orlu'da Haber","@id":"https:\/\/corludahaber.com\/h\/#\/schema\/person\/b523522be44b062db5d74a62589768cd"},"headline":"Ba\u015fkan Sar\u0131kurt, Marmara Belediyeler Birli\u011fi Enc\u00fcmen \u00dcyeli\u011fine Se\u00e7ildi","datePublished":"2026-05-01T04:18:37+00:00","dateModified":"2026-05-01T04:18:40+00:00","mainEntityOfPage":{"@id":"https:\/\/corludahaber.com\/h\/baskan-sarikurt-marmara-belediyeler-birligi-encumen-uyeligine-secildi\/119482"},"wordCount":291,"publisher":{"@id":"https:\/\/corludahaber.com\/h\/#organization"},"image":{"@id":"https:\/\/corludahaber.com\/h\/baskan-sarikurt-marmara-belediyeler-birligi-encumen-uyeligine-secildi\/119482#primaryimage"},"thumbnailUrl":"https:\/\/corludahaber.com\/h\/wp-content\/uploads\/2026\/05\/baskan-sarikurt-marmara-belediyeler-birligi-encumen-uyeligine-secildi_69f4299fa0849.jpeg","keywords":["asayi\u015f","BA\u015eKAN","Ba\u015fkan Sar\u0131kurt, Marmara Belediyeler Birli\u011fi Enc\u00fcmen \u00dcyeli\u011fine Se\u00e7ildi","belediyeler","Birli\u011fi","\u00c7orlu kaza","\u00c7orlu son dakika kaza","ENC\u00dcMEN","Marmara","Sar\u0131kurt","se\u00e7ildi","son dakika kaza","\u00dcyeli\u011fine"],"articleSection":["\u00c7orlu"],"inLanguage":"tr"},{"@type":"WebPage","@id":"https:\/\/corludahaber.com\/h\/baskan-sarikurt-marmara-belediyeler-birligi-encumen-uyeligine-secildi\/119482","url":"https:\/\/corludahaber.com\/h\/baskan-sarikurt-marmara-belediyeler-birligi-encumen-uyeligine-secildi\/119482","name":"Ba\u015fkan Sar\u0131kurt, Marmara Belediyeler Birli\u011fi Enc\u00fcmen \u00dcyeli\u011fine Se\u00e7ildi | \u00c7orlu&#039;da Haber","isPartOf":{"@id":"https:\/\/corludahaber.com\/h\/#website"},"primaryImageOfPage":{"@id":"https:\/\/corludahaber.com\/h\/baskan-sarikurt-marmara-belediyeler-birligi-encumen-uyeligine-secildi\/119482#primaryimage"},"image":{"@id":"https:\/\/corludahaber.com\/h\/baskan-sarikurt-marmara-belediyeler-birligi-encumen-uyeligine-secildi\/119482#primaryimage"},"thumbnailUrl":"https:\/\/corludahaber.com\/h\/wp-content\/uploads\/2026\/05\/baskan-sarikurt-marmara-belediyeler-birligi-encumen-uyeligine-secildi_69f4299fa0849.jpeg","datePublished":"2026-05-01T04:18:37+00:00","dateModified":"2026-05-01T04:18:40+00:00","description":"Ba\u015fkan Sar\u0131kurt, Marmara Belediyeler Birli\u011fi Enc\u00fcmen \u00dcyeli\u011fine Se\u00e7ildi | \u00c7orlu&#039;da Haber","breadcrumb":{"@id":"https:\/\/corludahaber.com\/h\/baskan-sarikurt-marmara-belediyeler-birligi-encumen-uyeligine-secildi\/119482#breadcrumb"},"inLanguage":"tr","potentialAction":[{"@type":"ReadAction","target":["https:\/\/corludahaber.com\/h\/baskan-sarikurt-marmara-belediyeler-birligi-encumen-uyeligine-secildi\/119482"]}]},{"@type":"ImageObject","inLanguage":"tr","@id":"https:\/\/corludahaber.com\/h\/baskan-sarikurt-marmara-belediyeler-birligi-encumen-uyeligine-secildi\/119482#primaryimage","url":"https:\/\/corludahaber.com\/h\/wp-content\/uploads\/2026\/05\/baskan-sarikurt-marmara-belediyeler-birligi-encumen-uyeligine-secildi_69f4299fa0849.jpeg","contentUrl":"https:\/\/corludahaber.com\/h\/wp-content\/uploads\/2026\/05\/baskan-sarikurt-marmara-belediyeler-birligi-encumen-uyeligine-secildi_69f4299fa0849.jpeg","width":832,"height":407},{"@type":"BreadcrumbList","@id":"https:\/\/corludahaber.com\/h\/baskan-sarikurt-marmara-belediyeler-birligi-encumen-uyeligine-secildi\/119482#breadcrumb","itemListElement":[{"@type":"ListItem","position":1,"name":"Anasayfa","item":"https:\/\/corludahaber.com\/h\/"},{"@type":"ListItem","position":2,"name":"\u00c7orlu","item":"https:\/\/corludahaber.com\/h\/kategori\/corlu"},{"@type":"ListItem","position":3,"name":"Ba\u015fkan Sar\u0131kurt, Marmara Belediyeler Birli\u011fi Enc\u00fcmen \u00dcyeli\u011fine Se\u00e7ildi"}]},{"@type":"WebSite","@id":"https:\/\/corludahaber.com\/h\/#website","url":"https:\/\/corludahaber.com\/h\/","name":"\u00c7orlu'da Haber","description":"Ger\u00e7ek Tarafs\u0131z Haber","publisher":{"@id":"https:\/\/corludahaber.com\/h\/#organization"},"potentialAction":[{"@type":"SearchAction","target":{"@type":"EntryPoint","urlTemplate":"https:\/\/corludahaber.com\/h\/?s={search_term_string}"},"query-input":"required name=search_term_string"}],"inLanguage":"tr"},{"@type":"Organization","@id":"https:\/\/corludahaber.com\/h\/#organization","name":"\u00c7orlu'da Haber","url":"https:\/\/corludahaber.com\/h\/","logo":{"@type":"ImageObject","inLanguage":"tr","@id":"https:\/\/corludahaber.com\/h\/#\/schema\/logo\/image\/","url":"https:\/\/corludahaber.com\/h\/wp-content\/uploads\/2021\/12\/logo__9__1_-removebg-preview.png","contentUrl":"https:\/\/corludahaber.com\/h\/wp-content\/uploads\/2021\/12\/logo__9__1_-removebg-preview.png","width":500,"height":157,"caption":"\u00c7orlu'da Haber"},"image":{"@id":"https:\/\/corludahaber.com\/h\/#\/schema\/logo\/image\/"},"sameAs":["https:\/\/facebook.com\/habercorluda","https:\/\/x.com\/habercorluda","https:\/\/www.instagram.com\/corludahaber","https:\/\/www.youtube.com\/user\/corludahaber"]},{"@type":"Person","@id":"https:\/\/corludahaber.com\/h\/#\/schema\/person\/b523522be44b062db5d74a62589768cd","name":"\u00c7orlu'da Haber","image":{"@type":"ImageObject","inLanguage":"tr","@id":"https:\/\/corludahaber.com\/h\/#\/schema\/person\/image\/","url":"https:\/\/secure.gravatar.com\/avatar\/1033e54e078c29fd7f053370086ff627ba414b05c2b231c418a481adecd764ce?s=96&d=blank&r=g","contentUrl":"https:\/\/secure.gravatar.com\/avatar\/1033e54e078c29fd7f053370086ff627ba414b05c2b231c418a481adecd764ce?s=96&d=blank&r=g","caption":"\u00c7orlu'da Haber"},"sameAs":["https:\/\/corludahaber.com\/h"],"url":"https:\/\/corludahaber.com\/h\/author\/admin"}]}},"_links":{"self":[{"href":"https:\/\/corludahaber.com\/h\/wp-json\/wp\/v2\/posts\/119482","targetHints":{"allow":["GET"]}}],"collection":[{"href":"https:\/\/corludahaber.com\/h\/wp-json\/wp\/v2\/posts"}],"about":[{"href":"https:\/\/corludahaber.com\/h\/wp-json\/wp\/v2\/types\/post"}],"author":[{"embeddable":true,"href":"https:\/\/corludahaber.com\/h\/wp-json\/wp\/v2\/users\/151"}],"replies":[{"embeddable":true,"href":"https:\/\/corludahaber.com\/h\/wp-json\/wp\/v2\/comments?post=119482"}],"version-history":[{"count":1,"href":"https:\/\/corludahaber.com\/h\/wp-json\/wp\/v2\/posts\/119482\/revisions"}],"predecessor-version":[{"id":119484,"href":"https:\/\/corludahaber.com\/h\/wp-json\/wp\/v2\/posts\/119482\/revisions\/119484"}],"wp:featuredmedia":[{"embeddable":true,"href":"https:\/\/corludahaber.com\/h\/wp-json\/wp\/v2\/media\/119483"}],"wp:attachment":[{"href":"https:\/\/corludahaber.com\/h\/wp-json\/wp\/v2\/media?parent=119482"}],"wp:term":[{"taxonomy":"category","embeddable":true,"href":"https:\/\/corludahaber.com\/h\/wp-json\/wp\/v2\/categories?post=119482"},{"taxonomy":"post_tag","embeddable":true,"href":"https:\/\/corludahaber.com\/h\/wp-json\/wp\/v2\/tags?post=119482"}],"curies":[{"name":"wp","href":"https:\/\/api.w.org\/{rel}","templated":true}]}}