{"id":119479,"date":"2026-05-01T07:18:25","date_gmt":"2026-05-01T04:18:25","guid":{"rendered":"https:\/\/corludahaber.com\/h\/baskan-sarikurttan-1-mayis-mesaji-en-yuce-deger-emektir\/119479"},"modified":"2026-05-01T07:18:30","modified_gmt":"2026-05-01T04:18:30","slug":"baskan-sarikurttan-1-mayis-mesaji-en-yuce-deger-emektir","status":"publish","type":"post","link":"https:\/\/corludahaber.com\/h\/baskan-sarikurttan-1-mayis-mesaji-en-yuce-deger-emektir\/119479","title":{"rendered":"Ba\u015fkan Sar\u0131kurt`tan 1 May\u0131s Mesaj\u0131: &#8220;En Y\u00fcce De\u011fer Emektir&#8221;"},"content":{"rendered":"<div class=\"corlu-icerikten-once_3\" id=\"corlu-3753960107\"><script type='text\/javascript' src='https:\/\/platform-api.sharethis.com\/js\/sharethis.js#property=5ce8cf08af7d000012cb0ca1&product=inline-reaction-buttons' async='async'><\/script>\r\n\r\n<\/div><p>\u00c7orlu Belediye Ba\u015fkan\u0131 Ahmet Sar\u0131kurt, 1 May\u0131s Emek ve Dayan\u0131\u015fma G\u00fcn\u00fc dolay\u0131s\u0131yla yay\u0131mlad\u0131\u011f\u0131 mesajda al\u0131n terinin ve eme\u011fin kutsall\u0131\u011f\u0131na vurgu yapt\u0131. Ba\u015fkan Sar\u0131kurt, modern ve ya\u015fanabilir bir \u00c7orlu in\u015fa etmek i\u00e7in gece g\u00fcnd\u00fcz demeden \u00e7al\u0131\u015fan belediye personeli ba\u015fta olmak \u00fczere t\u00fcm emek\u00e7ilerin bayram\u0131n\u0131 kutlad\u0131.<\/p><div class=\"corlu-icerik-2\" id=\"corlu-1572701846\"><!-- Admatic AUTO ads START -->\r\n<ins data-publisher=\"adm-pub-155556240050\" data-ad-network=\"659428a24d11b285b616c18d\"   class=\"adm-ads-area\"><\/ins>\r\n<script type=\"text\/javascript\" src=\"https:\/\/static.cdn.admatic.com.tr\/showad\/showad.min.js\"><\/script>\r\n<!-- Admatic AUTO ads END --><\/div>\n<p>\u201c\u00c7orlu\u2019muz Emekle B\u00fcy\u00fcyor\u201d<\/p>\n<p>Ba\u015fkan Sar\u0131kurt mesaj\u0131nda, bir kenti ayakta tutan en temel g\u00fcc\u00fcn i\u015f\u00e7ilerin eme\u011fi oldu\u011funu belirterek \u015fu ifadelere yer verdi: \u201c\u00c7orlu\u2019muzun her bir park\u0131nda, yolunda, sosyal tesisinde ve temizlenen her soka\u011f\u0131nda mesai arkada\u015flar\u0131m\u0131n paha bi\u00e7ilemez eme\u011fi var. \u015eehrimizi daha ileriye ta\u015f\u0131mak i\u00e7in \u00f6zveriyle \u00e7al\u0131\u015fan, al\u0131n teri d\u00f6ken t\u00fcm belediye emek\u00e7ilerimize ve \u00fclkemizin kalk\u0131nmas\u0131nda en b\u00fcy\u00fck pay sahibi olan t\u00fcm i\u015f\u00e7i karde\u015flerime \u015f\u00fckranlar\u0131m\u0131 sunuyorum.\u201d<\/p>\n<p>\u201cDayan\u0131\u015fma \u0130\u00e7inde Gelece\u011fe\u201d<\/p>\n<p>Eme\u011fin hakk\u0131n\u0131n korundu\u011fu, adil bir \u00e7al\u0131\u015fma hayat\u0131n\u0131n \u00f6nemine de de\u011finen Ba\u015fkan Sar\u0131kurt, \u201cEme\u011fin, hak\u00e7a payla\u015f\u0131m\u0131n ve dayan\u0131\u015fman\u0131n simgesi olan bu anlaml\u0131 g\u00fcnde; t\u00fcm \u00e7al\u0131\u015fanlar\u0131m\u0131z\u0131n huzurlu, g\u00fcvenli ve adaletli bir \u00e7al\u0131\u015fma ortam\u0131na sahip olmas\u0131n\u0131 temenni ediyorum. T\u00fcm emek\u00e7ilerimizin 1 May\u0131s Emek ve Dayan\u0131\u015fma G\u00fcn\u00fc\u2019n\u00fc en i\u00e7ten dileklerimle kutluyorum.\u201d dedi.<\/p>\n<table style=\"text-align: left; color: #ff0000; font-weight: bold; width: 100%; height: 100%;\" border=\"1\" cellspacing=\"2\" cellpadding=\"2\">\n<tbody>\n<tr>\n<td style=\"background-color: #000000;\">\n<h5><em><span style=\"color: #ff0000;\">Bu haber <span style=\"color: #ffffff;\">\u00c7orlu Belediyesi&#8217;nin<\/span> Kendi sitesinden botlar yard\u0131m\u0131yla otomatik olarak eklenmi\u015ftir. Bu i\u00e7erikte \u00c7orlu&#8217;da Haber edit\u00f6rleri herhangi bir m\u00fcdahalede bulunmam\u0131\u015ft\u0131r.<\/span><\/em><\/h5>\n<\/td>\n<\/tr>\n<\/tbody>\n<\/table>\n<div class=\"corlu-icerikten-sonra_3\" id=\"corlu-904529348\"><p><img loading=\"lazy\" decoding=\"async\" class=\"aligncenter\" src=\"https:\/\/www.corludahaber.com\/bahcesehir.jpg\" alt=\"\" width=\"624\" height=\"196\" \/><\/p>\n<table style=\"text-align: left; width: 100%;\" border=\"1\" cellspacing=\"2\" cellpadding=\"2\">\n<tbody>\n<tr>\n<td style=\"background-color: #050805;\"><span style=\"font-size: 12pt;\"><small><small><em><strong><big><span style=\"color: #ff0000;\">Haber ve resimlerin telif haklar\u0131ndan dolay\u0131 kullan\u0131m\u0131 yasakt\u0131r<span style=\"color: #000000;\">.<\/span><\/span><span style=\"color: #000000;\">\u00a0<\/span><span style=\"color: #ffffff;\">Yaz\u0131l\u0131 izni al\u0131nmadan hi\u00e7bir yaz\u0131l\u0131, g\u00f6rsel, i\u015fitsel i\u00e7erik kopyalanamaz, de\u011fi\u015ftirilemez, yay\u0131nlanamaz veya sat\u0131lamaz. Aksi halde<\/span>\u00a0<span style=\"color: #ff0000;\">5846<span style=\"color: #ffffff;\">\u00a0<\/span><\/span><span style=\"color: #ffffff;\">say\u0131l\u0131 Fikir ve Sanat Eserleri Kanunu\u2019na ve<\/span>\u00a0<span style=\"color: #800000;\"><span style=\"color: #ff0000;\">6102<\/span><span style=\"color: #ffffff;\">\u00a0<\/span><\/span><span style=\"color: #ffffff;\">say\u0131l\u0131 maddesine g\u00f6re<\/span>\u00a0<span style=\"color: #ff0000;\">gerekli i\u015flemler uygulanacakt\u0131r.<\/span><br \/>\n<span style=\"color: #ffffff;\">\u00a9 Copyright 2014<\/span><\/big><\/strong><\/em><\/small><\/small><\/span><\/td>\n<\/tr>\n<\/tbody>\n<\/table>\n<p><small><small>\u00a0<\/small><\/small><\/p>\n<\/div>","protected":false},"excerpt":{"rendered":"<p>\u00c7orlu Belediye Ba\u015fkan\u0131 Ahmet Sar\u0131kurt, 1 May\u0131s Emek ve Dayan\u0131\u015fma G\u00fcn\u00fc dolay\u0131s\u0131yla yay\u0131mlad\u0131\u011f\u0131 mesajda al\u0131n terinin ve eme\u011fin kutsall\u0131\u011f\u0131na vurgu yapt\u0131. Ba\u015fkan Sar\u0131kurt, modern ve ya\u015fanabilir bir \u00c7orlu in\u015fa etmek i\u00e7in gece g\u00fcnd\u00fcz demeden \u00e7al\u0131\u015fan belediye personeli ba\u015fta olmak \u00fczere t\u00fcm emek\u00e7ilerin bayram\u0131n\u0131 kutlad\u0131. \u201c\u00c7orlu\u2019muz Emekle B\u00fcy\u00fcyor\u201d Ba\u015fkan Sar\u0131kurt mesaj\u0131nda, bir kenti ayakta tutan en &hellip;<\/p>\n","protected":false},"author":151,"featured_media":119480,"comment_status":"closed","ping_status":"closed","sticky":false,"template":"","format":"standard","meta":{"footnotes":""},"categories":[24],"tags":[8025,395,33576,9376,15478,2122,33575,10900,400,12426,3661,5526],"class_list":["post-119479","post","type-post","status-publish","format-standard","has-post-thumbnail","hentry","category-corlu","tag-asayis","tag-baskan","tag-baskan-sarikurttan-1-mayis-mesaji-en-yuce-deger-emektir","tag-corlu-kaza","tag-corlu-son-dakika-kaza","tag-deger","tag-emektir","tag-mayis","tag-mesaji","tag-sarikurt","tag-son-dakika-kaza","tag-yuce"],"yoast_head":"<!-- This site is optimized with the Yoast SEO Premium plugin v23.3 (Yoast SEO v23.3) - https:\/\/yoast.com\/wordpress\/plugins\/seo\/ -->\n<title>Ba\u015fkan Sar\u0131kurt`tan 1 May\u0131s Mesaj\u0131: &quot;En Y\u00fcce De\u011fer Emektir&quot; | \u00c7orlu&#039;da Haber<\/title>\n<meta name=\"description\" content=\"Ba\u015fkan Sar\u0131kurt`tan 1 May\u0131s Mesaj\u0131: &quot;En Y\u00fcce De\u011fer Emektir&quot; | \u00c7orlu&#039;da Haber\" \/>\n<meta name=\"robots\" content=\"index, follow, max-snippet:-1, max-image-preview:large, max-video-preview:-1\" \/>\n<link rel=\"canonical\" href=\"https:\/\/corludahaber.com\/h\/baskan-sarikurttan-1-mayis-mesaji-en-yuce-deger-emektir\/119479\" \/>\n<meta property=\"og:locale\" content=\"tr_TR\" \/>\n<meta property=\"og:type\" content=\"article\" \/>\n<meta property=\"og:title\" content=\"Ba\u015fkan Sar\u0131kurt`tan 1 May\u0131s Mesaj\u0131: &quot;En Y\u00fcce De\u011fer Emektir&quot; | \u00c7orlu&#039;da Haber\" \/>\n<meta property=\"og:description\" content=\"Ba\u015fkan Sar\u0131kurt`tan 1 May\u0131s Mesaj\u0131: &quot;En Y\u00fcce De\u011fer Emektir&quot; | \u00c7orlu&#039;da Haber\" \/>\n<meta property=\"og:url\" content=\"https:\/\/corludahaber.com\/h\/baskan-sarikurttan-1-mayis-mesaji-en-yuce-deger-emektir\/119479\" \/>\n<meta property=\"og:site_name\" content=\"\u00c7orlu&#039;da Haber\" \/>\n<meta property=\"article:publisher\" content=\"https:\/\/facebook.com\/habercorluda\" \/>\n<meta property=\"article:published_time\" content=\"2026-05-01T04:18:25+00:00\" \/>\n<meta property=\"article:modified_time\" content=\"2026-05-01T04:18:30+00:00\" \/>\n<meta property=\"og:image\" content=\"http:\/\/corludahaber.com\/h\/wp-content\/uploads\/2026\/05\/baskan-sarikurttan-1-mayis-mesaji-en-yuce-deger-emektir_69f4299491692.jpeg\" \/>\n\t<meta property=\"og:image:width\" content=\"832\" \/>\n\t<meta property=\"og:image:height\" content=\"407\" \/>\n\t<meta property=\"og:image:type\" content=\"image\/jpeg\" \/>\n<meta name=\"author\" content=\"\u00c7orlu&#039;da Haber\" \/>\n<meta name=\"twitter:card\" content=\"summary_large_image\" \/>\n<meta name=\"twitter:creator\" content=\"@habercorluda\" \/>\n<meta name=\"twitter:site\" content=\"@habercorluda\" \/>\n<meta name=\"twitter:label1\" content=\"Yazan:\" \/>\n\t<meta name=\"twitter:data1\" content=\"\u00c7orlu&#039;da Haber\" \/>\n\t<meta name=\"twitter:label2\" content=\"Tahmini okuma s\u00fcresi\" \/>\n\t<meta name=\"twitter:data2\" content=\"1 dakika\" \/>\n<script type=\"application\/ld+json\" class=\"yoast-schema-graph\">{\"@context\":\"https:\/\/schema.org\",\"@graph\":[{\"@type\":\"Article\",\"@id\":\"https:\/\/corludahaber.com\/h\/baskan-sarikurttan-1-mayis-mesaji-en-yuce-deger-emektir\/119479#article\",\"isPartOf\":{\"@id\":\"https:\/\/corludahaber.com\/h\/baskan-sarikurttan-1-mayis-mesaji-en-yuce-deger-emektir\/119479\"},\"author\":{\"name\":\"\u00c7orlu'da Haber\",\"@id\":\"https:\/\/corludahaber.com\/h\/#\/schema\/person\/b523522be44b062db5d74a62589768cd\"},\"headline\":\"Ba\u015fkan Sar\u0131kurt`tan 1 May\u0131s Mesaj\u0131: &#8220;En Y\u00fcce De\u011fer Emektir&#8221;\",\"datePublished\":\"2026-05-01T04:18:25+00:00\",\"dateModified\":\"2026-05-01T04:18:30+00:00\",\"mainEntityOfPage\":{\"@id\":\"https:\/\/corludahaber.com\/h\/baskan-sarikurttan-1-mayis-mesaji-en-yuce-deger-emektir\/119479\"},\"wordCount\":293,\"publisher\":{\"@id\":\"https:\/\/corludahaber.com\/h\/#organization\"},\"image\":{\"@id\":\"https:\/\/corludahaber.com\/h\/baskan-sarikurttan-1-mayis-mesaji-en-yuce-deger-emektir\/119479#primaryimage\"},\"thumbnailUrl\":\"https:\/\/corludahaber.com\/h\/wp-content\/uploads\/2026\/05\/baskan-sarikurttan-1-mayis-mesaji-en-yuce-deger-emektir_69f4299491692.jpeg\",\"keywords\":[\"asayi\u015f\",\"BA\u015eKAN\",\"Ba\u015fkan Sar\u0131kurt`tan 1 May\u0131s Mesaj\u0131: \\\"En Y\u00fcce De\u011fer Emektir\\\"\",\"\u00c7orlu kaza\",\"\u00c7orlu son dakika kaza\",\"De\u011fer\",\"Emektir\",\"May\u0131s\",\"MESAJI\",\"Sar\u0131kurt\",\"son dakika kaza\",\"Y\u00fcce\"],\"articleSection\":[\"\u00c7orlu\"],\"inLanguage\":\"tr\"},{\"@type\":\"WebPage\",\"@id\":\"https:\/\/corludahaber.com\/h\/baskan-sarikurttan-1-mayis-mesaji-en-yuce-deger-emektir\/119479\",\"url\":\"https:\/\/corludahaber.com\/h\/baskan-sarikurttan-1-mayis-mesaji-en-yuce-deger-emektir\/119479\",\"name\":\"Ba\u015fkan Sar\u0131kurt`tan 1 May\u0131s Mesaj\u0131: \\\"En Y\u00fcce De\u011fer Emektir\\\" | \u00c7orlu&#039;da Haber\",\"isPartOf\":{\"@id\":\"https:\/\/corludahaber.com\/h\/#website\"},\"primaryImageOfPage\":{\"@id\":\"https:\/\/corludahaber.com\/h\/baskan-sarikurttan-1-mayis-mesaji-en-yuce-deger-emektir\/119479#primaryimage\"},\"image\":{\"@id\":\"https:\/\/corludahaber.com\/h\/baskan-sarikurttan-1-mayis-mesaji-en-yuce-deger-emektir\/119479#primaryimage\"},\"thumbnailUrl\":\"https:\/\/corludahaber.com\/h\/wp-content\/uploads\/2026\/05\/baskan-sarikurttan-1-mayis-mesaji-en-yuce-deger-emektir_69f4299491692.jpeg\",\"datePublished\":\"2026-05-01T04:18:25+00:00\",\"dateModified\":\"2026-05-01T04:18:30+00:00\",\"description\":\"Ba\u015fkan Sar\u0131kurt`tan 1 May\u0131s Mesaj\u0131: \\\"En Y\u00fcce De\u011fer Emektir\\\" | \u00c7orlu&#039;da Haber\",\"breadcrumb\":{\"@id\":\"https:\/\/corludahaber.com\/h\/baskan-sarikurttan-1-mayis-mesaji-en-yuce-deger-emektir\/119479#breadcrumb\"},\"inLanguage\":\"tr\",\"potentialAction\":[{\"@type\":\"ReadAction\",\"target\":[\"https:\/\/corludahaber.com\/h\/baskan-sarikurttan-1-mayis-mesaji-en-yuce-deger-emektir\/119479\"]}]},{\"@type\":\"ImageObject\",\"inLanguage\":\"tr\",\"@id\":\"https:\/\/corludahaber.com\/h\/baskan-sarikurttan-1-mayis-mesaji-en-yuce-deger-emektir\/119479#primaryimage\",\"url\":\"https:\/\/corludahaber.com\/h\/wp-content\/uploads\/2026\/05\/baskan-sarikurttan-1-mayis-mesaji-en-yuce-deger-emektir_69f4299491692.jpeg\",\"contentUrl\":\"https:\/\/corludahaber.com\/h\/wp-content\/uploads\/2026\/05\/baskan-sarikurttan-1-mayis-mesaji-en-yuce-deger-emektir_69f4299491692.jpeg\",\"width\":832,\"height\":407},{\"@type\":\"BreadcrumbList\",\"@id\":\"https:\/\/corludahaber.com\/h\/baskan-sarikurttan-1-mayis-mesaji-en-yuce-deger-emektir\/119479#breadcrumb\",\"itemListElement\":[{\"@type\":\"ListItem\",\"position\":1,\"name\":\"Anasayfa\",\"item\":\"https:\/\/corludahaber.com\/h\/\"},{\"@type\":\"ListItem\",\"position\":2,\"name\":\"\u00c7orlu\",\"item\":\"https:\/\/corludahaber.com\/h\/kategori\/corlu\"},{\"@type\":\"ListItem\",\"position\":3,\"name\":\"Ba\u015fkan Sar\u0131kurt`tan 1 May\u0131s Mesaj\u0131: &#8220;En Y\u00fcce De\u011fer Emektir&#8221;\"}]},{\"@type\":\"WebSite\",\"@id\":\"https:\/\/corludahaber.com\/h\/#website\",\"url\":\"https:\/\/corludahaber.com\/h\/\",\"name\":\"\u00c7orlu'da Haber\",\"description\":\"Ger\u00e7ek Tarafs\u0131z Haber\",\"publisher\":{\"@id\":\"https:\/\/corludahaber.com\/h\/#organization\"},\"potentialAction\":[{\"@type\":\"SearchAction\",\"target\":{\"@type\":\"EntryPoint\",\"urlTemplate\":\"https:\/\/corludahaber.com\/h\/?s={search_term_string}\"},\"query-input\":\"required name=search_term_string\"}],\"inLanguage\":\"tr\"},{\"@type\":\"Organization\",\"@id\":\"https:\/\/corludahaber.com\/h\/#organization\",\"name\":\"\u00c7orlu'da Haber\",\"url\":\"https:\/\/corludahaber.com\/h\/\",\"logo\":{\"@type\":\"ImageObject\",\"inLanguage\":\"tr\",\"@id\":\"https:\/\/corludahaber.com\/h\/#\/schema\/logo\/image\/\",\"url\":\"https:\/\/corludahaber.com\/h\/wp-content\/uploads\/2021\/12\/logo__9__1_-removebg-preview.png\",\"contentUrl\":\"https:\/\/corludahaber.com\/h\/wp-content\/uploads\/2021\/12\/logo__9__1_-removebg-preview.png\",\"width\":500,\"height\":157,\"caption\":\"\u00c7orlu'da Haber\"},\"image\":{\"@id\":\"https:\/\/corludahaber.com\/h\/#\/schema\/logo\/image\/\"},\"sameAs\":[\"https:\/\/facebook.com\/habercorluda\",\"https:\/\/x.com\/habercorluda\",\"https:\/\/www.instagram.com\/corludahaber\",\"https:\/\/www.youtube.com\/user\/corludahaber\"]},{\"@type\":\"Person\",\"@id\":\"https:\/\/corludahaber.com\/h\/#\/schema\/person\/b523522be44b062db5d74a62589768cd\",\"name\":\"\u00c7orlu'da Haber\",\"image\":{\"@type\":\"ImageObject\",\"inLanguage\":\"tr\",\"@id\":\"https:\/\/corludahaber.com\/h\/#\/schema\/person\/image\/\",\"url\":\"https:\/\/secure.gravatar.com\/avatar\/1033e54e078c29fd7f053370086ff627ba414b05c2b231c418a481adecd764ce?s=96&d=blank&r=g\",\"contentUrl\":\"https:\/\/secure.gravatar.com\/avatar\/1033e54e078c29fd7f053370086ff627ba414b05c2b231c418a481adecd764ce?s=96&d=blank&r=g\",\"caption\":\"\u00c7orlu'da Haber\"},\"sameAs\":[\"https:\/\/corludahaber.com\/h\"],\"url\":\"https:\/\/corludahaber.com\/h\/author\/admin\"}]}<\/script>\n<!-- \/ Yoast SEO Premium plugin. -->","yoast_head_json":{"title":"Ba\u015fkan Sar\u0131kurt`tan 1 May\u0131s Mesaj\u0131: \"En Y\u00fcce De\u011fer Emektir\" | \u00c7orlu&#039;da Haber","description":"Ba\u015fkan Sar\u0131kurt`tan 1 May\u0131s Mesaj\u0131: \"En Y\u00fcce De\u011fer Emektir\" | \u00c7orlu&#039;da Haber","robots":{"index":"index","follow":"follow","max-snippet":"max-snippet:-1","max-image-preview":"max-image-preview:large","max-video-preview":"max-video-preview:-1"},"canonical":"https:\/\/corludahaber.com\/h\/baskan-sarikurttan-1-mayis-mesaji-en-yuce-deger-emektir\/119479","og_locale":"tr_TR","og_type":"article","og_title":"Ba\u015fkan Sar\u0131kurt`tan 1 May\u0131s Mesaj\u0131: \"En Y\u00fcce De\u011fer Emektir\" | \u00c7orlu&#039;da Haber","og_description":"Ba\u015fkan Sar\u0131kurt`tan 1 May\u0131s Mesaj\u0131: \"En Y\u00fcce De\u011fer Emektir\" | \u00c7orlu&#039;da Haber","og_url":"https:\/\/corludahaber.com\/h\/baskan-sarikurttan-1-mayis-mesaji-en-yuce-deger-emektir\/119479","og_site_name":"\u00c7orlu&#039;da Haber","article_publisher":"https:\/\/facebook.com\/habercorluda","article_published_time":"2026-05-01T04:18:25+00:00","article_modified_time":"2026-05-01T04:18:30+00:00","og_image":[{"width":832,"height":407,"url":"http:\/\/corludahaber.com\/h\/wp-content\/uploads\/2026\/05\/baskan-sarikurttan-1-mayis-mesaji-en-yuce-deger-emektir_69f4299491692.jpeg","type":"image\/jpeg"}],"author":"\u00c7orlu'da Haber","twitter_card":"summary_large_image","twitter_creator":"@habercorluda","twitter_site":"@habercorluda","twitter_misc":{"Yazan:":"\u00c7orlu'da Haber","Tahmini okuma s\u00fcresi":"1 dakika"},"schema":{"@context":"https:\/\/schema.org","@graph":[{"@type":"Article","@id":"https:\/\/corludahaber.com\/h\/baskan-sarikurttan-1-mayis-mesaji-en-yuce-deger-emektir\/119479#article","isPartOf":{"@id":"https:\/\/corludahaber.com\/h\/baskan-sarikurttan-1-mayis-mesaji-en-yuce-deger-emektir\/119479"},"author":{"name":"\u00c7orlu'da Haber","@id":"https:\/\/corludahaber.com\/h\/#\/schema\/person\/b523522be44b062db5d74a62589768cd"},"headline":"Ba\u015fkan Sar\u0131kurt`tan 1 May\u0131s Mesaj\u0131: &#8220;En Y\u00fcce De\u011fer Emektir&#8221;","datePublished":"2026-05-01T04:18:25+00:00","dateModified":"2026-05-01T04:18:30+00:00","mainEntityOfPage":{"@id":"https:\/\/corludahaber.com\/h\/baskan-sarikurttan-1-mayis-mesaji-en-yuce-deger-emektir\/119479"},"wordCount":293,"publisher":{"@id":"https:\/\/corludahaber.com\/h\/#organization"},"image":{"@id":"https:\/\/corludahaber.com\/h\/baskan-sarikurttan-1-mayis-mesaji-en-yuce-deger-emektir\/119479#primaryimage"},"thumbnailUrl":"https:\/\/corludahaber.com\/h\/wp-content\/uploads\/2026\/05\/baskan-sarikurttan-1-mayis-mesaji-en-yuce-deger-emektir_69f4299491692.jpeg","keywords":["asayi\u015f","BA\u015eKAN","Ba\u015fkan Sar\u0131kurt`tan 1 May\u0131s Mesaj\u0131: \"En Y\u00fcce De\u011fer Emektir\"","\u00c7orlu kaza","\u00c7orlu son dakika kaza","De\u011fer","Emektir","May\u0131s","MESAJI","Sar\u0131kurt","son dakika kaza","Y\u00fcce"],"articleSection":["\u00c7orlu"],"inLanguage":"tr"},{"@type":"WebPage","@id":"https:\/\/corludahaber.com\/h\/baskan-sarikurttan-1-mayis-mesaji-en-yuce-deger-emektir\/119479","url":"https:\/\/corludahaber.com\/h\/baskan-sarikurttan-1-mayis-mesaji-en-yuce-deger-emektir\/119479","name":"Ba\u015fkan Sar\u0131kurt`tan 1 May\u0131s Mesaj\u0131: \"En Y\u00fcce De\u011fer Emektir\" | \u00c7orlu&#039;da Haber","isPartOf":{"@id":"https:\/\/corludahaber.com\/h\/#website"},"primaryImageOfPage":{"@id":"https:\/\/corludahaber.com\/h\/baskan-sarikurttan-1-mayis-mesaji-en-yuce-deger-emektir\/119479#primaryimage"},"image":{"@id":"https:\/\/corludahaber.com\/h\/baskan-sarikurttan-1-mayis-mesaji-en-yuce-deger-emektir\/119479#primaryimage"},"thumbnailUrl":"https:\/\/corludahaber.com\/h\/wp-content\/uploads\/2026\/05\/baskan-sarikurttan-1-mayis-mesaji-en-yuce-deger-emektir_69f4299491692.jpeg","datePublished":"2026-05-01T04:18:25+00:00","dateModified":"2026-05-01T04:18:30+00:00","description":"Ba\u015fkan Sar\u0131kurt`tan 1 May\u0131s Mesaj\u0131: \"En Y\u00fcce De\u011fer Emektir\" | \u00c7orlu&#039;da Haber","breadcrumb":{"@id":"https:\/\/corludahaber.com\/h\/baskan-sarikurttan-1-mayis-mesaji-en-yuce-deger-emektir\/119479#breadcrumb"},"inLanguage":"tr","potentialAction":[{"@type":"ReadAction","target":["https:\/\/corludahaber.com\/h\/baskan-sarikurttan-1-mayis-mesaji-en-yuce-deger-emektir\/119479"]}]},{"@type":"ImageObject","inLanguage":"tr","@id":"https:\/\/corludahaber.com\/h\/baskan-sarikurttan-1-mayis-mesaji-en-yuce-deger-emektir\/119479#primaryimage","url":"https:\/\/corludahaber.com\/h\/wp-content\/uploads\/2026\/05\/baskan-sarikurttan-1-mayis-mesaji-en-yuce-deger-emektir_69f4299491692.jpeg","contentUrl":"https:\/\/corludahaber.com\/h\/wp-content\/uploads\/2026\/05\/baskan-sarikurttan-1-mayis-mesaji-en-yuce-deger-emektir_69f4299491692.jpeg","width":832,"height":407},{"@type":"BreadcrumbList","@id":"https:\/\/corludahaber.com\/h\/baskan-sarikurttan-1-mayis-mesaji-en-yuce-deger-emektir\/119479#breadcrumb","itemListElement":[{"@type":"ListItem","position":1,"name":"Anasayfa","item":"https:\/\/corludahaber.com\/h\/"},{"@type":"ListItem","position":2,"name":"\u00c7orlu","item":"https:\/\/corludahaber.com\/h\/kategori\/corlu"},{"@type":"ListItem","position":3,"name":"Ba\u015fkan Sar\u0131kurt`tan 1 May\u0131s Mesaj\u0131: &#8220;En Y\u00fcce De\u011fer Emektir&#8221;"}]},{"@type":"WebSite","@id":"https:\/\/corludahaber.com\/h\/#website","url":"https:\/\/corludahaber.com\/h\/","name":"\u00c7orlu'da Haber","description":"Ger\u00e7ek Tarafs\u0131z Haber","publisher":{"@id":"https:\/\/corludahaber.com\/h\/#organization"},"potentialAction":[{"@type":"SearchAction","target":{"@type":"EntryPoint","urlTemplate":"https:\/\/corludahaber.com\/h\/?s={search_term_string}"},"query-input":"required name=search_term_string"}],"inLanguage":"tr"},{"@type":"Organization","@id":"https:\/\/corludahaber.com\/h\/#organization","name":"\u00c7orlu'da Haber","url":"https:\/\/corludahaber.com\/h\/","logo":{"@type":"ImageObject","inLanguage":"tr","@id":"https:\/\/corludahaber.com\/h\/#\/schema\/logo\/image\/","url":"https:\/\/corludahaber.com\/h\/wp-content\/uploads\/2021\/12\/logo__9__1_-removebg-preview.png","contentUrl":"https:\/\/corludahaber.com\/h\/wp-content\/uploads\/2021\/12\/logo__9__1_-removebg-preview.png","width":500,"height":157,"caption":"\u00c7orlu'da Haber"},"image":{"@id":"https:\/\/corludahaber.com\/h\/#\/schema\/logo\/image\/"},"sameAs":["https:\/\/facebook.com\/habercorluda","https:\/\/x.com\/habercorluda","https:\/\/www.instagram.com\/corludahaber","https:\/\/www.youtube.com\/user\/corludahaber"]},{"@type":"Person","@id":"https:\/\/corludahaber.com\/h\/#\/schema\/person\/b523522be44b062db5d74a62589768cd","name":"\u00c7orlu'da Haber","image":{"@type":"ImageObject","inLanguage":"tr","@id":"https:\/\/corludahaber.com\/h\/#\/schema\/person\/image\/","url":"https:\/\/secure.gravatar.com\/avatar\/1033e54e078c29fd7f053370086ff627ba414b05c2b231c418a481adecd764ce?s=96&d=blank&r=g","contentUrl":"https:\/\/secure.gravatar.com\/avatar\/1033e54e078c29fd7f053370086ff627ba414b05c2b231c418a481adecd764ce?s=96&d=blank&r=g","caption":"\u00c7orlu'da Haber"},"sameAs":["https:\/\/corludahaber.com\/h"],"url":"https:\/\/corludahaber.com\/h\/author\/admin"}]}},"_links":{"self":[{"href":"https:\/\/corludahaber.com\/h\/wp-json\/wp\/v2\/posts\/119479","targetHints":{"allow":["GET"]}}],"collection":[{"href":"https:\/\/corludahaber.com\/h\/wp-json\/wp\/v2\/posts"}],"about":[{"href":"https:\/\/corludahaber.com\/h\/wp-json\/wp\/v2\/types\/post"}],"author":[{"embeddable":true,"href":"https:\/\/corludahaber.com\/h\/wp-json\/wp\/v2\/users\/151"}],"replies":[{"embeddable":true,"href":"https:\/\/corludahaber.com\/h\/wp-json\/wp\/v2\/comments?post=119479"}],"version-history":[{"count":1,"href":"https:\/\/corludahaber.com\/h\/wp-json\/wp\/v2\/posts\/119479\/revisions"}],"predecessor-version":[{"id":119481,"href":"https:\/\/corludahaber.com\/h\/wp-json\/wp\/v2\/posts\/119479\/revisions\/119481"}],"wp:featuredmedia":[{"embeddable":true,"href":"https:\/\/corludahaber.com\/h\/wp-json\/wp\/v2\/media\/119480"}],"wp:attachment":[{"href":"https:\/\/corludahaber.com\/h\/wp-json\/wp\/v2\/media?parent=119479"}],"wp:term":[{"taxonomy":"category","embeddable":true,"href":"https:\/\/corludahaber.com\/h\/wp-json\/wp\/v2\/categories?post=119479"},{"taxonomy":"post_tag","embeddable":true,"href":"https:\/\/corludahaber.com\/h\/wp-json\/wp\/v2\/tags?post=119479"}],"curies":[{"name":"wp","href":"https:\/\/api.w.org\/{rel}","templated":true}]}}