{"id":119468,"date":"2026-04-30T15:53:35","date_gmt":"2026-04-30T12:53:35","guid":{"rendered":"https:\/\/corludahaber.com\/h\/tekirdagda-aycicegi-yuklu-tir-devrildi\/119468"},"modified":"2026-05-01T18:34:39","modified_gmt":"2026-05-01T15:34:39","slug":"tekirdagda-aycicegi-yuklu-tir-devrildi","status":"publish","type":"post","link":"https:\/\/corludahaber.com\/h\/tekirdagda-aycicegi-yuklu-tir-devrildi\/119468","title":{"rendered":"Ay\u00e7i\u00e7e\u011fi Y\u00fckl\u00fc TIR Devrildi"},"content":{"rendered":"<div class=\"corlu-icerikten-once_3\" id=\"corlu-560558361\"><script type='text\/javascript' src='https:\/\/platform-api.sharethis.com\/js\/sharethis.js#property=5ce8cf08af7d000012cb0ca1&product=inline-reaction-buttons' async='async'><\/script>\r\n\r\n<\/div><p>TEK\u0130RDA\u011e&#8217;da s\u00fcr\u00fcc\u00fcs\u00fcn\u00fcn kontrol\u00fcn\u00fc yitirdi\u011fi ay\u00e7i\u00e7e\u011fi y\u00fckl\u00fc TIR devrildi. Tonlarca ay\u00e7i\u00e7e\u011fi yola savruldu.<\/p><div class=\"corlu-icerik-2\" id=\"corlu-174054824\"><!-- Admatic AUTO ads START -->\r\n<ins data-publisher=\"adm-pub-155556240050\" data-ad-network=\"659428a24d11b285b616c18d\"   class=\"adm-ads-area\"><\/ins>\r\n<script type=\"text\/javascript\" src=\"https:\/\/static.cdn.admatic.com.tr\/showad\/showad.min.js\"><\/script>\r\n<!-- Admatic AUTO ads END --><\/div>\n<p>Kaza, S\u00fcleymanpa\u015fa il\u00e7esi Osmangazi Bulvar\u0131 \u00fczerinde, Muratl\u0131 Caddesi \u00e7\u0131k\u0131\u015f\u0131nda meydana geldi.<\/p>\n<p>E.A. idaresindeki 59 ACD 414 plakal\u0131 ay\u00e7i\u00e7e\u011fi y\u00fckl\u00fc TIR., s\u00fcr\u00fcc\u00fcs\u00fcn\u00fcn hakimiyeti kaybetmesi \u00fczerine devrildi.<\/p>\n<p>\u0130hbar \u00fczerine kaza yerine polis ve sa\u011fl\u0131k ekipleri sevk edildi. S\u00fcr\u00fcc\u00fc E.A., kazay\u0131 yara almadan atlat\u0131rken, devrilen TIR&#8217;daki tonlarca ay\u00e7i\u00e7e\u011fi yola sa\u00e7\u0131ld\u0131.<\/p>\n<p>Polis, trafik ak\u0131\u015f\u0131n\u0131 ara\u00e7 kald\u0131r\u0131l\u0131p, \u00fcr\u00fcn temizlenene kadar tek \u015feritten sa\u011flad\u0131.<\/p>\n<div class=\"corlu-icerikten-sonra_3\" id=\"corlu-1648822192\"><p><img loading=\"lazy\" decoding=\"async\" class=\"aligncenter\" src=\"https:\/\/www.corludahaber.com\/bahcesehir.jpg\" alt=\"\" width=\"624\" height=\"196\" \/><\/p>\n<table style=\"text-align: left; width: 100%;\" border=\"1\" cellspacing=\"2\" cellpadding=\"2\">\n<tbody>\n<tr>\n<td style=\"background-color: #050805;\"><span style=\"font-size: 12pt;\"><small><small><em><strong><big><span style=\"color: #ff0000;\">Haber ve resimlerin telif haklar\u0131ndan dolay\u0131 kullan\u0131m\u0131 yasakt\u0131r<span style=\"color: #000000;\">.<\/span><\/span><span style=\"color: #000000;\">\u00a0<\/span><span style=\"color: #ffffff;\">Yaz\u0131l\u0131 izni al\u0131nmadan hi\u00e7bir yaz\u0131l\u0131, g\u00f6rsel, i\u015fitsel i\u00e7erik kopyalanamaz, de\u011fi\u015ftirilemez, yay\u0131nlanamaz veya sat\u0131lamaz. Aksi halde<\/span>\u00a0<span style=\"color: #ff0000;\">5846<span style=\"color: #ffffff;\">\u00a0<\/span><\/span><span style=\"color: #ffffff;\">say\u0131l\u0131 Fikir ve Sanat Eserleri Kanunu\u2019na ve<\/span>\u00a0<span style=\"color: #800000;\"><span style=\"color: #ff0000;\">6102<\/span><span style=\"color: #ffffff;\">\u00a0<\/span><\/span><span style=\"color: #ffffff;\">say\u0131l\u0131 maddesine g\u00f6re<\/span>\u00a0<span style=\"color: #ff0000;\">gerekli i\u015flemler uygulanacakt\u0131r.<\/span><br \/>\n<span style=\"color: #ffffff;\">\u00a9 Copyright 2014<\/span><\/big><\/strong><\/em><\/small><\/small><\/span><\/td>\n<\/tr>\n<\/tbody>\n<\/table>\n<p><small><small>\u00a0<\/small><\/small><\/p>\n<\/div>","protected":false},"excerpt":{"rendered":"<p>TEK\u0130RDA\u011e&#8217;da s\u00fcr\u00fcc\u00fcs\u00fcn\u00fcn kontrol\u00fcn\u00fc yitirdi\u011fi ay\u00e7i\u00e7e\u011fi y\u00fckl\u00fc TIR devrildi. Tonlarca ay\u00e7i\u00e7e\u011fi yola savruldu. Kaza, S\u00fcleymanpa\u015fa il\u00e7esi Osmangazi Bulvar\u0131 \u00fczerinde, Muratl\u0131 Caddesi \u00e7\u0131k\u0131\u015f\u0131nda meydana geldi. E.A. idaresindeki 59 ACD 414 plakal\u0131 ay\u00e7i\u00e7e\u011fi y\u00fckl\u00fc TIR., s\u00fcr\u00fcc\u00fcs\u00fcn\u00fcn hakimiyeti kaybetmesi \u00fczerine devrildi. \u0130hbar \u00fczerine kaza yerine polis ve sa\u011fl\u0131k ekipleri sevk edildi. S\u00fcr\u00fcc\u00fc E.A., kazay\u0131 yara almadan atlat\u0131rken, devrilen TIR&#8217;daki &hellip;<\/p>\n","protected":false},"author":151,"featured_media":119469,"comment_status":"open","ping_status":"closed","sticky":false,"template":"","format":"standard","meta":{"footnotes":""},"categories":[26],"tags":[8025,1530,33591,9376,15478,1200,3661,376,33557,1800],"class_list":["post-119468","post","type-post","status-publish","format-standard","has-post-thumbnail","hentry","category-asayis","tag-asayis","tag-aycicegi","tag-aycicegi-yuklu-tir-devrildi","tag-corlu-kaza","tag-corlu-son-dakika-kaza","tag-devrildi","tag-son-dakika-kaza","tag-tekirdag","tag-tekirdagda-aycicegi-yuklu-tir-devrildi","tag-yuklu"],"yoast_head":"<!-- This site is optimized with the Yoast SEO Premium plugin v23.3 (Yoast SEO v23.3) - https:\/\/yoast.com\/wordpress\/plugins\/seo\/ -->\n<title>Ay\u00e7i\u00e7e\u011fi Y\u00fckl\u00fc TIR Devrildi | \u00c7orlu&#039;da Haber<\/title>\n<meta name=\"description\" content=\"Ay\u00e7i\u00e7e\u011fi Y\u00fckl\u00fc TIR Devrildi | Asayi\u015f \u00c7orlu&#039;da Haber\" \/>\n<meta name=\"robots\" content=\"index, follow, max-snippet:-1, max-image-preview:large, max-video-preview:-1\" \/>\n<link rel=\"canonical\" href=\"https:\/\/corludahaber.com\/h\/tekirdagda-aycicegi-yuklu-tir-devrildi\/119468\" \/>\n<meta property=\"og:locale\" content=\"tr_TR\" \/>\n<meta property=\"og:type\" content=\"article\" \/>\n<meta property=\"og:title\" content=\"Ay\u00e7i\u00e7e\u011fi Y\u00fckl\u00fc TIR Devrildi | \u00c7orlu&#039;da Haber\" \/>\n<meta property=\"og:description\" content=\"Ay\u00e7i\u00e7e\u011fi Y\u00fckl\u00fc TIR Devrildi | Asayi\u015f \u00c7orlu&#039;da Haber\" \/>\n<meta property=\"og:url\" content=\"https:\/\/corludahaber.com\/h\/tekirdagda-aycicegi-yuklu-tir-devrildi\/119468\" \/>\n<meta property=\"og:site_name\" content=\"\u00c7orlu&#039;da Haber\" \/>\n<meta property=\"article:publisher\" content=\"https:\/\/facebook.com\/habercorluda\" \/>\n<meta property=\"article:published_time\" content=\"2026-04-30T12:53:35+00:00\" \/>\n<meta property=\"article:modified_time\" content=\"2026-05-01T15:34:39+00:00\" \/>\n<meta property=\"og:image\" content=\"http:\/\/corludahaber.com\/h\/wp-content\/uploads\/2026\/04\/tekirdagda-aycicegi-yuklu-tir-devrildi_69f350d1d31ac.jpeg\" \/>\n\t<meta property=\"og:image:width\" content=\"2000\" \/>\n\t<meta property=\"og:image:height\" content=\"1121\" \/>\n\t<meta property=\"og:image:type\" content=\"image\/jpeg\" \/>\n<meta name=\"author\" content=\"\u00c7orlu&#039;da Haber\" \/>\n<meta name=\"twitter:card\" content=\"summary_large_image\" \/>\n<meta name=\"twitter:creator\" content=\"@habercorluda\" \/>\n<meta name=\"twitter:site\" content=\"@habercorluda\" \/>\n<meta name=\"twitter:label1\" content=\"Yazan:\" \/>\n\t<meta name=\"twitter:data1\" content=\"\u00c7orlu&#039;da Haber\" \/>\n\t<meta name=\"twitter:label2\" content=\"Tahmini okuma s\u00fcresi\" \/>\n\t<meta name=\"twitter:data2\" content=\"1 dakika\" \/>\n<script type=\"application\/ld+json\" class=\"yoast-schema-graph\">{\"@context\":\"https:\/\/schema.org\",\"@graph\":[{\"@type\":\"Article\",\"@id\":\"https:\/\/corludahaber.com\/h\/tekirdagda-aycicegi-yuklu-tir-devrildi\/119468#article\",\"isPartOf\":{\"@id\":\"https:\/\/corludahaber.com\/h\/tekirdagda-aycicegi-yuklu-tir-devrildi\/119468\"},\"author\":{\"name\":\"\u00c7orlu'da Haber\",\"@id\":\"https:\/\/corludahaber.com\/h\/#\/schema\/person\/b523522be44b062db5d74a62589768cd\"},\"headline\":\"Ay\u00e7i\u00e7e\u011fi Y\u00fckl\u00fc TIR Devrildi\",\"datePublished\":\"2026-04-30T12:53:35+00:00\",\"dateModified\":\"2026-05-01T15:34:39+00:00\",\"mainEntityOfPage\":{\"@id\":\"https:\/\/corludahaber.com\/h\/tekirdagda-aycicegi-yuklu-tir-devrildi\/119468\"},\"wordCount\":123,\"commentCount\":0,\"publisher\":{\"@id\":\"https:\/\/corludahaber.com\/h\/#organization\"},\"image\":{\"@id\":\"https:\/\/corludahaber.com\/h\/tekirdagda-aycicegi-yuklu-tir-devrildi\/119468#primaryimage\"},\"thumbnailUrl\":\"https:\/\/corludahaber.com\/h\/wp-content\/uploads\/2026\/04\/tekirdagda-aycicegi-yuklu-tir-devrildi_69f350d1d31ac.jpeg\",\"keywords\":[\"asayi\u015f\",\"ay\u00e7i\u00e7e\u011fi\",\"Ay\u00e7i\u00e7e\u011fi Y\u00fckl\u00fc TIR Devrildi\",\"\u00c7orlu kaza\",\"\u00c7orlu son dakika kaza\",\"devrildi\",\"son dakika kaza\",\"Tekirda\u011f\",\"Tekirda\u011f'da ay\u00e7i\u00e7e\u011fi y\u00fckl\u00fc TIR devrildi\",\"y\u00fckl\u00fc\"],\"articleSection\":[\"Asayi\u015f\"],\"inLanguage\":\"tr\",\"potentialAction\":[{\"@type\":\"CommentAction\",\"name\":\"Comment\",\"target\":[\"https:\/\/corludahaber.com\/h\/tekirdagda-aycicegi-yuklu-tir-devrildi\/119468#respond\"]}]},{\"@type\":\"WebPage\",\"@id\":\"https:\/\/corludahaber.com\/h\/tekirdagda-aycicegi-yuklu-tir-devrildi\/119468\",\"url\":\"https:\/\/corludahaber.com\/h\/tekirdagda-aycicegi-yuklu-tir-devrildi\/119468\",\"name\":\"Ay\u00e7i\u00e7e\u011fi Y\u00fckl\u00fc TIR Devrildi | \u00c7orlu&#039;da Haber\",\"isPartOf\":{\"@id\":\"https:\/\/corludahaber.com\/h\/#website\"},\"primaryImageOfPage\":{\"@id\":\"https:\/\/corludahaber.com\/h\/tekirdagda-aycicegi-yuklu-tir-devrildi\/119468#primaryimage\"},\"image\":{\"@id\":\"https:\/\/corludahaber.com\/h\/tekirdagda-aycicegi-yuklu-tir-devrildi\/119468#primaryimage\"},\"thumbnailUrl\":\"https:\/\/corludahaber.com\/h\/wp-content\/uploads\/2026\/04\/tekirdagda-aycicegi-yuklu-tir-devrildi_69f350d1d31ac.jpeg\",\"datePublished\":\"2026-04-30T12:53:35+00:00\",\"dateModified\":\"2026-05-01T15:34:39+00:00\",\"description\":\"Ay\u00e7i\u00e7e\u011fi Y\u00fckl\u00fc TIR Devrildi | Asayi\u015f \u00c7orlu&#039;da Haber\",\"breadcrumb\":{\"@id\":\"https:\/\/corludahaber.com\/h\/tekirdagda-aycicegi-yuklu-tir-devrildi\/119468#breadcrumb\"},\"inLanguage\":\"tr\",\"potentialAction\":[{\"@type\":\"ReadAction\",\"target\":[\"https:\/\/corludahaber.com\/h\/tekirdagda-aycicegi-yuklu-tir-devrildi\/119468\"]}]},{\"@type\":\"ImageObject\",\"inLanguage\":\"tr\",\"@id\":\"https:\/\/corludahaber.com\/h\/tekirdagda-aycicegi-yuklu-tir-devrildi\/119468#primaryimage\",\"url\":\"https:\/\/corludahaber.com\/h\/wp-content\/uploads\/2026\/04\/tekirdagda-aycicegi-yuklu-tir-devrildi_69f350d1d31ac.jpeg\",\"contentUrl\":\"https:\/\/corludahaber.com\/h\/wp-content\/uploads\/2026\/04\/tekirdagda-aycicegi-yuklu-tir-devrildi_69f350d1d31ac.jpeg\",\"width\":2000,\"height\":1121},{\"@type\":\"BreadcrumbList\",\"@id\":\"https:\/\/corludahaber.com\/h\/tekirdagda-aycicegi-yuklu-tir-devrildi\/119468#breadcrumb\",\"itemListElement\":[{\"@type\":\"ListItem\",\"position\":1,\"name\":\"Anasayfa\",\"item\":\"https:\/\/corludahaber.com\/h\/\"},{\"@type\":\"ListItem\",\"position\":2,\"name\":\"Asayi\u015f\",\"item\":\"https:\/\/corludahaber.com\/h\/kategori\/asayis\"},{\"@type\":\"ListItem\",\"position\":3,\"name\":\"Ay\u00e7i\u00e7e\u011fi Y\u00fckl\u00fc TIR Devrildi\"}]},{\"@type\":\"WebSite\",\"@id\":\"https:\/\/corludahaber.com\/h\/#website\",\"url\":\"https:\/\/corludahaber.com\/h\/\",\"name\":\"\u00c7orlu'da Haber\",\"description\":\"Ger\u00e7ek Tarafs\u0131z Haber\",\"publisher\":{\"@id\":\"https:\/\/corludahaber.com\/h\/#organization\"},\"potentialAction\":[{\"@type\":\"SearchAction\",\"target\":{\"@type\":\"EntryPoint\",\"urlTemplate\":\"https:\/\/corludahaber.com\/h\/?s={search_term_string}\"},\"query-input\":\"required name=search_term_string\"}],\"inLanguage\":\"tr\"},{\"@type\":\"Organization\",\"@id\":\"https:\/\/corludahaber.com\/h\/#organization\",\"name\":\"\u00c7orlu'da Haber\",\"url\":\"https:\/\/corludahaber.com\/h\/\",\"logo\":{\"@type\":\"ImageObject\",\"inLanguage\":\"tr\",\"@id\":\"https:\/\/corludahaber.com\/h\/#\/schema\/logo\/image\/\",\"url\":\"https:\/\/corludahaber.com\/h\/wp-content\/uploads\/2021\/12\/logo__9__1_-removebg-preview.png\",\"contentUrl\":\"https:\/\/corludahaber.com\/h\/wp-content\/uploads\/2021\/12\/logo__9__1_-removebg-preview.png\",\"width\":500,\"height\":157,\"caption\":\"\u00c7orlu'da Haber\"},\"image\":{\"@id\":\"https:\/\/corludahaber.com\/h\/#\/schema\/logo\/image\/\"},\"sameAs\":[\"https:\/\/facebook.com\/habercorluda\",\"https:\/\/x.com\/habercorluda\",\"https:\/\/www.instagram.com\/corludahaber\",\"https:\/\/www.youtube.com\/user\/corludahaber\"]},{\"@type\":\"Person\",\"@id\":\"https:\/\/corludahaber.com\/h\/#\/schema\/person\/b523522be44b062db5d74a62589768cd\",\"name\":\"\u00c7orlu'da Haber\",\"image\":{\"@type\":\"ImageObject\",\"inLanguage\":\"tr\",\"@id\":\"https:\/\/corludahaber.com\/h\/#\/schema\/person\/image\/\",\"url\":\"https:\/\/secure.gravatar.com\/avatar\/1033e54e078c29fd7f053370086ff627ba414b05c2b231c418a481adecd764ce?s=96&d=blank&r=g\",\"contentUrl\":\"https:\/\/secure.gravatar.com\/avatar\/1033e54e078c29fd7f053370086ff627ba414b05c2b231c418a481adecd764ce?s=96&d=blank&r=g\",\"caption\":\"\u00c7orlu'da Haber\"},\"sameAs\":[\"https:\/\/corludahaber.com\/h\"],\"url\":\"https:\/\/corludahaber.com\/h\/author\/admin\"}]}<\/script>\n<!-- \/ Yoast SEO Premium plugin. -->","yoast_head_json":{"title":"Ay\u00e7i\u00e7e\u011fi Y\u00fckl\u00fc TIR Devrildi | \u00c7orlu&#039;da Haber","description":"Ay\u00e7i\u00e7e\u011fi Y\u00fckl\u00fc TIR Devrildi | Asayi\u015f \u00c7orlu&#039;da Haber","robots":{"index":"index","follow":"follow","max-snippet":"max-snippet:-1","max-image-preview":"max-image-preview:large","max-video-preview":"max-video-preview:-1"},"canonical":"https:\/\/corludahaber.com\/h\/tekirdagda-aycicegi-yuklu-tir-devrildi\/119468","og_locale":"tr_TR","og_type":"article","og_title":"Ay\u00e7i\u00e7e\u011fi Y\u00fckl\u00fc TIR Devrildi | \u00c7orlu&#039;da Haber","og_description":"Ay\u00e7i\u00e7e\u011fi Y\u00fckl\u00fc TIR Devrildi | Asayi\u015f \u00c7orlu&#039;da Haber","og_url":"https:\/\/corludahaber.com\/h\/tekirdagda-aycicegi-yuklu-tir-devrildi\/119468","og_site_name":"\u00c7orlu&#039;da Haber","article_publisher":"https:\/\/facebook.com\/habercorluda","article_published_time":"2026-04-30T12:53:35+00:00","article_modified_time":"2026-05-01T15:34:39+00:00","og_image":[{"width":2000,"height":1121,"url":"http:\/\/corludahaber.com\/h\/wp-content\/uploads\/2026\/04\/tekirdagda-aycicegi-yuklu-tir-devrildi_69f350d1d31ac.jpeg","type":"image\/jpeg"}],"author":"\u00c7orlu'da Haber","twitter_card":"summary_large_image","twitter_creator":"@habercorluda","twitter_site":"@habercorluda","twitter_misc":{"Yazan:":"\u00c7orlu'da Haber","Tahmini okuma s\u00fcresi":"1 dakika"},"schema":{"@context":"https:\/\/schema.org","@graph":[{"@type":"Article","@id":"https:\/\/corludahaber.com\/h\/tekirdagda-aycicegi-yuklu-tir-devrildi\/119468#article","isPartOf":{"@id":"https:\/\/corludahaber.com\/h\/tekirdagda-aycicegi-yuklu-tir-devrildi\/119468"},"author":{"name":"\u00c7orlu'da Haber","@id":"https:\/\/corludahaber.com\/h\/#\/schema\/person\/b523522be44b062db5d74a62589768cd"},"headline":"Ay\u00e7i\u00e7e\u011fi Y\u00fckl\u00fc TIR Devrildi","datePublished":"2026-04-30T12:53:35+00:00","dateModified":"2026-05-01T15:34:39+00:00","mainEntityOfPage":{"@id":"https:\/\/corludahaber.com\/h\/tekirdagda-aycicegi-yuklu-tir-devrildi\/119468"},"wordCount":123,"commentCount":0,"publisher":{"@id":"https:\/\/corludahaber.com\/h\/#organization"},"image":{"@id":"https:\/\/corludahaber.com\/h\/tekirdagda-aycicegi-yuklu-tir-devrildi\/119468#primaryimage"},"thumbnailUrl":"https:\/\/corludahaber.com\/h\/wp-content\/uploads\/2026\/04\/tekirdagda-aycicegi-yuklu-tir-devrildi_69f350d1d31ac.jpeg","keywords":["asayi\u015f","ay\u00e7i\u00e7e\u011fi","Ay\u00e7i\u00e7e\u011fi Y\u00fckl\u00fc TIR Devrildi","\u00c7orlu kaza","\u00c7orlu son dakika kaza","devrildi","son dakika kaza","Tekirda\u011f","Tekirda\u011f'da ay\u00e7i\u00e7e\u011fi y\u00fckl\u00fc TIR devrildi","y\u00fckl\u00fc"],"articleSection":["Asayi\u015f"],"inLanguage":"tr","potentialAction":[{"@type":"CommentAction","name":"Comment","target":["https:\/\/corludahaber.com\/h\/tekirdagda-aycicegi-yuklu-tir-devrildi\/119468#respond"]}]},{"@type":"WebPage","@id":"https:\/\/corludahaber.com\/h\/tekirdagda-aycicegi-yuklu-tir-devrildi\/119468","url":"https:\/\/corludahaber.com\/h\/tekirdagda-aycicegi-yuklu-tir-devrildi\/119468","name":"Ay\u00e7i\u00e7e\u011fi Y\u00fckl\u00fc TIR Devrildi | \u00c7orlu&#039;da Haber","isPartOf":{"@id":"https:\/\/corludahaber.com\/h\/#website"},"primaryImageOfPage":{"@id":"https:\/\/corludahaber.com\/h\/tekirdagda-aycicegi-yuklu-tir-devrildi\/119468#primaryimage"},"image":{"@id":"https:\/\/corludahaber.com\/h\/tekirdagda-aycicegi-yuklu-tir-devrildi\/119468#primaryimage"},"thumbnailUrl":"https:\/\/corludahaber.com\/h\/wp-content\/uploads\/2026\/04\/tekirdagda-aycicegi-yuklu-tir-devrildi_69f350d1d31ac.jpeg","datePublished":"2026-04-30T12:53:35+00:00","dateModified":"2026-05-01T15:34:39+00:00","description":"Ay\u00e7i\u00e7e\u011fi Y\u00fckl\u00fc TIR Devrildi | Asayi\u015f \u00c7orlu&#039;da Haber","breadcrumb":{"@id":"https:\/\/corludahaber.com\/h\/tekirdagda-aycicegi-yuklu-tir-devrildi\/119468#breadcrumb"},"inLanguage":"tr","potentialAction":[{"@type":"ReadAction","target":["https:\/\/corludahaber.com\/h\/tekirdagda-aycicegi-yuklu-tir-devrildi\/119468"]}]},{"@type":"ImageObject","inLanguage":"tr","@id":"https:\/\/corludahaber.com\/h\/tekirdagda-aycicegi-yuklu-tir-devrildi\/119468#primaryimage","url":"https:\/\/corludahaber.com\/h\/wp-content\/uploads\/2026\/04\/tekirdagda-aycicegi-yuklu-tir-devrildi_69f350d1d31ac.jpeg","contentUrl":"https:\/\/corludahaber.com\/h\/wp-content\/uploads\/2026\/04\/tekirdagda-aycicegi-yuklu-tir-devrildi_69f350d1d31ac.jpeg","width":2000,"height":1121},{"@type":"BreadcrumbList","@id":"https:\/\/corludahaber.com\/h\/tekirdagda-aycicegi-yuklu-tir-devrildi\/119468#breadcrumb","itemListElement":[{"@type":"ListItem","position":1,"name":"Anasayfa","item":"https:\/\/corludahaber.com\/h\/"},{"@type":"ListItem","position":2,"name":"Asayi\u015f","item":"https:\/\/corludahaber.com\/h\/kategori\/asayis"},{"@type":"ListItem","position":3,"name":"Ay\u00e7i\u00e7e\u011fi Y\u00fckl\u00fc TIR Devrildi"}]},{"@type":"WebSite","@id":"https:\/\/corludahaber.com\/h\/#website","url":"https:\/\/corludahaber.com\/h\/","name":"\u00c7orlu'da Haber","description":"Ger\u00e7ek Tarafs\u0131z Haber","publisher":{"@id":"https:\/\/corludahaber.com\/h\/#organization"},"potentialAction":[{"@type":"SearchAction","target":{"@type":"EntryPoint","urlTemplate":"https:\/\/corludahaber.com\/h\/?s={search_term_string}"},"query-input":"required name=search_term_string"}],"inLanguage":"tr"},{"@type":"Organization","@id":"https:\/\/corludahaber.com\/h\/#organization","name":"\u00c7orlu'da Haber","url":"https:\/\/corludahaber.com\/h\/","logo":{"@type":"ImageObject","inLanguage":"tr","@id":"https:\/\/corludahaber.com\/h\/#\/schema\/logo\/image\/","url":"https:\/\/corludahaber.com\/h\/wp-content\/uploads\/2021\/12\/logo__9__1_-removebg-preview.png","contentUrl":"https:\/\/corludahaber.com\/h\/wp-content\/uploads\/2021\/12\/logo__9__1_-removebg-preview.png","width":500,"height":157,"caption":"\u00c7orlu'da Haber"},"image":{"@id":"https:\/\/corludahaber.com\/h\/#\/schema\/logo\/image\/"},"sameAs":["https:\/\/facebook.com\/habercorluda","https:\/\/x.com\/habercorluda","https:\/\/www.instagram.com\/corludahaber","https:\/\/www.youtube.com\/user\/corludahaber"]},{"@type":"Person","@id":"https:\/\/corludahaber.com\/h\/#\/schema\/person\/b523522be44b062db5d74a62589768cd","name":"\u00c7orlu'da Haber","image":{"@type":"ImageObject","inLanguage":"tr","@id":"https:\/\/corludahaber.com\/h\/#\/schema\/person\/image\/","url":"https:\/\/secure.gravatar.com\/avatar\/1033e54e078c29fd7f053370086ff627ba414b05c2b231c418a481adecd764ce?s=96&d=blank&r=g","contentUrl":"https:\/\/secure.gravatar.com\/avatar\/1033e54e078c29fd7f053370086ff627ba414b05c2b231c418a481adecd764ce?s=96&d=blank&r=g","caption":"\u00c7orlu'da Haber"},"sameAs":["https:\/\/corludahaber.com\/h"],"url":"https:\/\/corludahaber.com\/h\/author\/admin"}]}},"_links":{"self":[{"href":"https:\/\/corludahaber.com\/h\/wp-json\/wp\/v2\/posts\/119468","targetHints":{"allow":["GET"]}}],"collection":[{"href":"https:\/\/corludahaber.com\/h\/wp-json\/wp\/v2\/posts"}],"about":[{"href":"https:\/\/corludahaber.com\/h\/wp-json\/wp\/v2\/types\/post"}],"author":[{"embeddable":true,"href":"https:\/\/corludahaber.com\/h\/wp-json\/wp\/v2\/users\/151"}],"replies":[{"embeddable":true,"href":"https:\/\/corludahaber.com\/h\/wp-json\/wp\/v2\/comments?post=119468"}],"version-history":[{"count":3,"href":"https:\/\/corludahaber.com\/h\/wp-json\/wp\/v2\/posts\/119468\/revisions"}],"predecessor-version":[{"id":119517,"href":"https:\/\/corludahaber.com\/h\/wp-json\/wp\/v2\/posts\/119468\/revisions\/119517"}],"wp:featuredmedia":[{"embeddable":true,"href":"https:\/\/corludahaber.com\/h\/wp-json\/wp\/v2\/media\/119469"}],"wp:attachment":[{"href":"https:\/\/corludahaber.com\/h\/wp-json\/wp\/v2\/media?parent=119468"}],"wp:term":[{"taxonomy":"category","embeddable":true,"href":"https:\/\/corludahaber.com\/h\/wp-json\/wp\/v2\/categories?post=119468"},{"taxonomy":"post_tag","embeddable":true,"href":"https:\/\/corludahaber.com\/h\/wp-json\/wp\/v2\/tags?post=119468"}],"curies":[{"name":"wp","href":"https:\/\/api.w.org\/{rel}","templated":true}]}}