{"id":119465,"date":"2026-04-30T13:54:43","date_gmt":"2026-04-30T10:54:43","guid":{"rendered":"https:\/\/corludahaber.com\/h\/corluda-anaokulu-ogrencilerine-maarif-cocuklarin-kalbinde-etkinligi\/119465"},"modified":"2026-04-30T13:54:53","modified_gmt":"2026-04-30T10:54:53","slug":"corluda-anaokulu-ogrencilerine-maarif-cocuklarin-kalbinde-etkinligi","status":"publish","type":"post","link":"https:\/\/corludahaber.com\/h\/corluda-anaokulu-ogrencilerine-maarif-cocuklarin-kalbinde-etkinligi\/119465","title":{"rendered":"\u00c7orlu&#8217;da anaokulu \u00f6\u011frencilerine &#8216;Maarif \u00c7ocuklar\u0131n Kalbinde&#8217; etkinli\u011fi"},"content":{"rendered":"<div class=\"corlu-icerikten-once_3\" id=\"corlu-1330243480\"><script type='text\/javascript' src='https:\/\/platform-api.sharethis.com\/js\/sharethis.js#property=5ce8cf08af7d000012cb0ca1&product=inline-reaction-buttons' async='async'><\/script>\r\n\r\n<\/div><div readability=\"48\"><span class=\"category-name hidden\"><\/span><\/p><div class=\"corlu-icerik-2\" id=\"corlu-254010368\"><!-- Admatic AUTO ads START -->\r\n<ins data-publisher=\"adm-pub-155556240050\" data-ad-network=\"659428a24d11b285b616c18d\"   class=\"adm-ads-area\"><\/ins>\r\n<script type=\"text\/javascript\" src=\"https:\/\/static.cdn.admatic.com.tr\/showad\/showad.min.js\"><\/script>\r\n<!-- Admatic AUTO ads END --><\/div>\n<p> \/\u00c7ORLU(Tekirda\u011f), (Haber Merkezi)- TEK\u0130RDA\u011e&#8217;\u0131n \u00c7orlu il\u00e7esinde &#8216;Maarif \u00c7ocuklar\u0131n Kalbinde&#8217; projesi kapsam\u0131nda anaokulu \u00f6\u011frencilerine renkli bir etkinlik d\u00fczenlendi. <\/p>\n<p>\u00c7orlu Ural \u00d6zyi\u011fit Anaokulu, &#8216;Maarif&#8217;in Kalbinde \u00c7ocuk&#8217; etkinliklerine ev sahipli\u011fi yapt\u0131. Etkinli\u011fe \u00c7orlu Kaymakam\u0131 Niyazi Erten, \u0130l\u00e7e Mille E\u011fitim M\u00fcd\u00fcr\u00fc H\u00fcseyin Erdo\u011fan ile \u00f6\u011fretmenler ve \u00f6\u011frenciler kat\u0131ld\u0131.  Etkinlik kapsam\u0131nda minikler, \u00f6\u011fretmenleri e\u015fli\u011finde g\u00fcn boyunca \u00e7e\u015fitli sokak sanat\u0131 ve boyama etkinlikleri ger\u00e7ekle\u015ftirdi. Okul bah\u00e7esinde kurulan alanlarda d\u00f6nme dolaplar, kayd\u0131raklar ve oyun parklar\u0131 \u00e7ocuklar\u0131n renkli boyamalar\u0131yla adeta yeniden hayat buldu. \u00c7ocuklar bu etkinlik sayesinde hem e\u011flenceli vakit ge\u00e7irdi hem de el becerilerini, hayal g\u00fc\u00e7lerini ve sosyal etkile\u015fimlerini geli\u015ftirme f\u0131rsat\u0131 yakalad\u0131. Sadece \u00f6\u011frencilere y\u00f6nelik olarak planlanan etkinlikte veliler yer almazken, \u00e7ocuklar\u0131n ne\u015fesi ve ortaya \u00e7\u0131kan renkli g\u00f6r\u00fcnt\u00fcler dikkat \u00e7ekti. <\/p>\n<p>Yetkililer; &#8216;Maarif \u00c7ocuklar\u0131n Kalbinde&#8217; projesi kapsam\u0131nda etkinliklerin s\u00fcrece\u011fini s\u00f6yledi. (Haber Merkezi)<\/p>\n<\/div>\n<div class=\"corlu-icerikten-sonra_3\" id=\"corlu-3989799919\"><p><img loading=\"lazy\" decoding=\"async\" class=\"aligncenter\" src=\"https:\/\/www.corludahaber.com\/bahcesehir.jpg\" alt=\"\" width=\"624\" height=\"196\" \/><\/p>\n<table style=\"text-align: left; width: 100%;\" border=\"1\" cellspacing=\"2\" cellpadding=\"2\">\n<tbody>\n<tr>\n<td style=\"background-color: #050805;\"><span style=\"font-size: 12pt;\"><small><small><em><strong><big><span style=\"color: #ff0000;\">Haber ve resimlerin telif haklar\u0131ndan dolay\u0131 kullan\u0131m\u0131 yasakt\u0131r<span style=\"color: #000000;\">.<\/span><\/span><span style=\"color: #000000;\">\u00a0<\/span><span style=\"color: #ffffff;\">Yaz\u0131l\u0131 izni al\u0131nmadan hi\u00e7bir yaz\u0131l\u0131, g\u00f6rsel, i\u015fitsel i\u00e7erik kopyalanamaz, de\u011fi\u015ftirilemez, yay\u0131nlanamaz veya sat\u0131lamaz. Aksi halde<\/span>\u00a0<span style=\"color: #ff0000;\">5846<span style=\"color: #ffffff;\">\u00a0<\/span><\/span><span style=\"color: #ffffff;\">say\u0131l\u0131 Fikir ve Sanat Eserleri Kanunu\u2019na ve<\/span>\u00a0<span style=\"color: #800000;\"><span style=\"color: #ff0000;\">6102<\/span><span style=\"color: #ffffff;\">\u00a0<\/span><\/span><span style=\"color: #ffffff;\">say\u0131l\u0131 maddesine g\u00f6re<\/span>\u00a0<span style=\"color: #ff0000;\">gerekli i\u015flemler uygulanacakt\u0131r.<\/span><br \/>\n<span style=\"color: #ffffff;\">\u00a9 Copyright 2014<\/span><\/big><\/strong><\/em><\/small><\/small><\/span><\/td>\n<\/tr>\n<\/tbody>\n<\/table>\n<p><small><small>\u00a0<\/small><\/small><\/p>\n<\/div>","protected":false},"excerpt":{"rendered":"<p>\/\u00c7ORLU(Tekirda\u011f), (Haber Merkezi)- TEK\u0130RDA\u011e&#8217;\u0131n \u00c7orlu il\u00e7esinde &#8216;Maarif \u00c7ocuklar\u0131n Kalbinde&#8217; projesi kapsam\u0131nda anaokulu \u00f6\u011frencilerine renkli bir etkinlik d\u00fczenlendi. \u00c7orlu Ural \u00d6zyi\u011fit Anaokulu, &#8216;Maarif&#8217;in Kalbinde \u00c7ocuk&#8217; etkinliklerine ev sahipli\u011fi yapt\u0131. Etkinli\u011fe \u00c7orlu Kaymakam\u0131 Niyazi Erten, \u0130l\u00e7e Mille E\u011fitim M\u00fcd\u00fcr\u00fc H\u00fcseyin Erdo\u011fan ile \u00f6\u011fretmenler ve \u00f6\u011frenciler kat\u0131ld\u0131. Etkinlik kapsam\u0131nda minikler, \u00f6\u011fretmenleri e\u015fli\u011finde g\u00fcn boyunca \u00e7e\u015fitli sokak sanat\u0131 ve &hellip;<\/p>\n","protected":false},"author":151,"featured_media":119466,"comment_status":"open","ping_status":"closed","sticky":false,"template":"","format":"standard","meta":{"footnotes":""},"categories":[27],"tags":[4222,8025,1946,411,9376,15478,33556,2727,10774,33555,5270,3661],"class_list":["post-119465","post","type-post","status-publish","format-standard","has-post-thumbnail","hentry","category-yasam","tag-anaokulu","tag-asayis","tag-cocuklarin","tag-corlu","tag-corlu-kaza","tag-corlu-son-dakika-kaza","tag-corluda-anaokulu-ogrencilerine-maarif-cocuklarin-kalbinde-etkinligi","tag-etkinligi","tag-kalbinde","tag-maarif","tag-ogrencilerine","tag-son-dakika-kaza"],"yoast_head":"<!-- This site is optimized with the Yoast SEO Premium plugin v23.3 (Yoast SEO v23.3) - https:\/\/yoast.com\/wordpress\/plugins\/seo\/ -->\n<title>\u00c7orlu&#039;da anaokulu \u00f6\u011frencilerine &#039;Maarif \u00c7ocuklar\u0131n Kalbinde&#039; etkinli\u011fi | \u00c7orlu&#039;da Haber<\/title>\n<meta name=\"description\" content=\"\u00c7orlu&#039;da anaokulu \u00f6\u011frencilerine &#039;Maarif \u00c7ocuklar\u0131n Kalbinde&#039; etkinli\u011fi | \u00c7orlu&#039;da Haber\" \/>\n<meta name=\"robots\" content=\"index, follow, max-snippet:-1, max-image-preview:large, max-video-preview:-1\" \/>\n<link rel=\"canonical\" href=\"https:\/\/corludahaber.com\/h\/corluda-anaokulu-ogrencilerine-maarif-cocuklarin-kalbinde-etkinligi\/119465\" \/>\n<meta property=\"og:locale\" content=\"tr_TR\" \/>\n<meta property=\"og:type\" content=\"article\" \/>\n<meta property=\"og:title\" content=\"\u00c7orlu&#039;da anaokulu \u00f6\u011frencilerine &#039;Maarif \u00c7ocuklar\u0131n Kalbinde&#039; etkinli\u011fi | \u00c7orlu&#039;da Haber\" \/>\n<meta property=\"og:description\" content=\"\u00c7orlu&#039;da anaokulu \u00f6\u011frencilerine &#039;Maarif \u00c7ocuklar\u0131n Kalbinde&#039; etkinli\u011fi | \u00c7orlu&#039;da Haber\" \/>\n<meta property=\"og:url\" content=\"https:\/\/corludahaber.com\/h\/corluda-anaokulu-ogrencilerine-maarif-cocuklarin-kalbinde-etkinligi\/119465\" \/>\n<meta property=\"og:site_name\" content=\"\u00c7orlu&#039;da Haber\" \/>\n<meta property=\"article:publisher\" content=\"https:\/\/facebook.com\/habercorluda\" \/>\n<meta property=\"article:published_time\" content=\"2026-04-30T10:54:43+00:00\" \/>\n<meta property=\"article:modified_time\" content=\"2026-04-30T10:54:53+00:00\" \/>\n<meta property=\"og:image\" content=\"http:\/\/corludahaber.com\/h\/wp-content\/uploads\/2026\/04\/corluda-anaokulu-ogrencilerine-maarif-cocuklarin-kalbinde-etkinligi_69f334f7c6bfb.jpeg\" \/>\n\t<meta property=\"og:image:width\" content=\"2300\" \/>\n\t<meta property=\"og:image:height\" content=\"1097\" \/>\n\t<meta property=\"og:image:type\" content=\"image\/jpeg\" \/>\n<meta name=\"author\" content=\"\u00c7orlu&#039;da Haber\" \/>\n<meta name=\"twitter:card\" content=\"summary_large_image\" \/>\n<meta name=\"twitter:creator\" content=\"@habercorluda\" \/>\n<meta name=\"twitter:site\" content=\"@habercorluda\" \/>\n<meta name=\"twitter:label1\" content=\"Yazan:\" \/>\n\t<meta name=\"twitter:data1\" content=\"\u00c7orlu&#039;da Haber\" \/>\n\t<meta name=\"twitter:label2\" content=\"Tahmini okuma s\u00fcresi\" \/>\n\t<meta name=\"twitter:data2\" content=\"1 dakika\" \/>\n<script type=\"application\/ld+json\" class=\"yoast-schema-graph\">{\"@context\":\"https:\/\/schema.org\",\"@graph\":[{\"@type\":\"Article\",\"@id\":\"https:\/\/corludahaber.com\/h\/corluda-anaokulu-ogrencilerine-maarif-cocuklarin-kalbinde-etkinligi\/119465#article\",\"isPartOf\":{\"@id\":\"https:\/\/corludahaber.com\/h\/corluda-anaokulu-ogrencilerine-maarif-cocuklarin-kalbinde-etkinligi\/119465\"},\"author\":{\"name\":\"\u00c7orlu'da Haber\",\"@id\":\"https:\/\/corludahaber.com\/h\/#\/schema\/person\/b523522be44b062db5d74a62589768cd\"},\"headline\":\"\u00c7orlu&#8217;da anaokulu \u00f6\u011frencilerine &#8216;Maarif \u00c7ocuklar\u0131n Kalbinde&#8217; etkinli\u011fi\",\"datePublished\":\"2026-04-30T10:54:43+00:00\",\"dateModified\":\"2026-04-30T10:54:53+00:00\",\"mainEntityOfPage\":{\"@id\":\"https:\/\/corludahaber.com\/h\/corluda-anaokulu-ogrencilerine-maarif-cocuklarin-kalbinde-etkinligi\/119465\"},\"wordCount\":182,\"commentCount\":0,\"publisher\":{\"@id\":\"https:\/\/corludahaber.com\/h\/#organization\"},\"image\":{\"@id\":\"https:\/\/corludahaber.com\/h\/corluda-anaokulu-ogrencilerine-maarif-cocuklarin-kalbinde-etkinligi\/119465#primaryimage\"},\"thumbnailUrl\":\"https:\/\/corludahaber.com\/h\/wp-content\/uploads\/2026\/04\/corluda-anaokulu-ogrencilerine-maarif-cocuklarin-kalbinde-etkinligi_69f334f7c6bfb.jpeg\",\"keywords\":[\"anaokulu\",\"asayi\u015f\",\"\u00c7ocuklar\u0131n\",\"\u00c7orlu\",\"\u00c7orlu kaza\",\"\u00c7orlu son dakika kaza\",\"\u00c7orlu'da anaokulu \u00f6\u011frencilerine 'Maarif \u00c7ocuklar\u0131n Kalbinde' etkinli\u011fi\",\"Etkinli\u011fi\",\"kalbinde\",\"Maarif\",\"\u00f6\u011frencilerine\",\"son dakika kaza\"],\"articleSection\":[\"Ya\u015fam\"],\"inLanguage\":\"tr\",\"potentialAction\":[{\"@type\":\"CommentAction\",\"name\":\"Comment\",\"target\":[\"https:\/\/corludahaber.com\/h\/corluda-anaokulu-ogrencilerine-maarif-cocuklarin-kalbinde-etkinligi\/119465#respond\"]}]},{\"@type\":\"WebPage\",\"@id\":\"https:\/\/corludahaber.com\/h\/corluda-anaokulu-ogrencilerine-maarif-cocuklarin-kalbinde-etkinligi\/119465\",\"url\":\"https:\/\/corludahaber.com\/h\/corluda-anaokulu-ogrencilerine-maarif-cocuklarin-kalbinde-etkinligi\/119465\",\"name\":\"\u00c7orlu'da anaokulu \u00f6\u011frencilerine 'Maarif \u00c7ocuklar\u0131n Kalbinde' etkinli\u011fi | \u00c7orlu&#039;da Haber\",\"isPartOf\":{\"@id\":\"https:\/\/corludahaber.com\/h\/#website\"},\"primaryImageOfPage\":{\"@id\":\"https:\/\/corludahaber.com\/h\/corluda-anaokulu-ogrencilerine-maarif-cocuklarin-kalbinde-etkinligi\/119465#primaryimage\"},\"image\":{\"@id\":\"https:\/\/corludahaber.com\/h\/corluda-anaokulu-ogrencilerine-maarif-cocuklarin-kalbinde-etkinligi\/119465#primaryimage\"},\"thumbnailUrl\":\"https:\/\/corludahaber.com\/h\/wp-content\/uploads\/2026\/04\/corluda-anaokulu-ogrencilerine-maarif-cocuklarin-kalbinde-etkinligi_69f334f7c6bfb.jpeg\",\"datePublished\":\"2026-04-30T10:54:43+00:00\",\"dateModified\":\"2026-04-30T10:54:53+00:00\",\"description\":\"\u00c7orlu'da anaokulu \u00f6\u011frencilerine 'Maarif \u00c7ocuklar\u0131n Kalbinde' etkinli\u011fi | \u00c7orlu&#039;da Haber\",\"breadcrumb\":{\"@id\":\"https:\/\/corludahaber.com\/h\/corluda-anaokulu-ogrencilerine-maarif-cocuklarin-kalbinde-etkinligi\/119465#breadcrumb\"},\"inLanguage\":\"tr\",\"potentialAction\":[{\"@type\":\"ReadAction\",\"target\":[\"https:\/\/corludahaber.com\/h\/corluda-anaokulu-ogrencilerine-maarif-cocuklarin-kalbinde-etkinligi\/119465\"]}]},{\"@type\":\"ImageObject\",\"inLanguage\":\"tr\",\"@id\":\"https:\/\/corludahaber.com\/h\/corluda-anaokulu-ogrencilerine-maarif-cocuklarin-kalbinde-etkinligi\/119465#primaryimage\",\"url\":\"https:\/\/corludahaber.com\/h\/wp-content\/uploads\/2026\/04\/corluda-anaokulu-ogrencilerine-maarif-cocuklarin-kalbinde-etkinligi_69f334f7c6bfb.jpeg\",\"contentUrl\":\"https:\/\/corludahaber.com\/h\/wp-content\/uploads\/2026\/04\/corluda-anaokulu-ogrencilerine-maarif-cocuklarin-kalbinde-etkinligi_69f334f7c6bfb.jpeg\",\"width\":2300,\"height\":1097},{\"@type\":\"BreadcrumbList\",\"@id\":\"https:\/\/corludahaber.com\/h\/corluda-anaokulu-ogrencilerine-maarif-cocuklarin-kalbinde-etkinligi\/119465#breadcrumb\",\"itemListElement\":[{\"@type\":\"ListItem\",\"position\":1,\"name\":\"Anasayfa\",\"item\":\"https:\/\/corludahaber.com\/h\/\"},{\"@type\":\"ListItem\",\"position\":2,\"name\":\"Ya\u015fam\",\"item\":\"https:\/\/corludahaber.com\/h\/kategori\/yasam\"},{\"@type\":\"ListItem\",\"position\":3,\"name\":\"\u00c7orlu&#8217;da anaokulu \u00f6\u011frencilerine &#8216;Maarif \u00c7ocuklar\u0131n Kalbinde&#8217; etkinli\u011fi\"}]},{\"@type\":\"WebSite\",\"@id\":\"https:\/\/corludahaber.com\/h\/#website\",\"url\":\"https:\/\/corludahaber.com\/h\/\",\"name\":\"\u00c7orlu'da Haber\",\"description\":\"Ger\u00e7ek Tarafs\u0131z Haber\",\"publisher\":{\"@id\":\"https:\/\/corludahaber.com\/h\/#organization\"},\"potentialAction\":[{\"@type\":\"SearchAction\",\"target\":{\"@type\":\"EntryPoint\",\"urlTemplate\":\"https:\/\/corludahaber.com\/h\/?s={search_term_string}\"},\"query-input\":\"required name=search_term_string\"}],\"inLanguage\":\"tr\"},{\"@type\":\"Organization\",\"@id\":\"https:\/\/corludahaber.com\/h\/#organization\",\"name\":\"\u00c7orlu'da Haber\",\"url\":\"https:\/\/corludahaber.com\/h\/\",\"logo\":{\"@type\":\"ImageObject\",\"inLanguage\":\"tr\",\"@id\":\"https:\/\/corludahaber.com\/h\/#\/schema\/logo\/image\/\",\"url\":\"https:\/\/corludahaber.com\/h\/wp-content\/uploads\/2021\/12\/logo__9__1_-removebg-preview.png\",\"contentUrl\":\"https:\/\/corludahaber.com\/h\/wp-content\/uploads\/2021\/12\/logo__9__1_-removebg-preview.png\",\"width\":500,\"height\":157,\"caption\":\"\u00c7orlu'da Haber\"},\"image\":{\"@id\":\"https:\/\/corludahaber.com\/h\/#\/schema\/logo\/image\/\"},\"sameAs\":[\"https:\/\/facebook.com\/habercorluda\",\"https:\/\/x.com\/habercorluda\",\"https:\/\/www.instagram.com\/corludahaber\",\"https:\/\/www.youtube.com\/user\/corludahaber\"]},{\"@type\":\"Person\",\"@id\":\"https:\/\/corludahaber.com\/h\/#\/schema\/person\/b523522be44b062db5d74a62589768cd\",\"name\":\"\u00c7orlu'da Haber\",\"image\":{\"@type\":\"ImageObject\",\"inLanguage\":\"tr\",\"@id\":\"https:\/\/corludahaber.com\/h\/#\/schema\/person\/image\/\",\"url\":\"https:\/\/secure.gravatar.com\/avatar\/1033e54e078c29fd7f053370086ff627ba414b05c2b231c418a481adecd764ce?s=96&d=blank&r=g\",\"contentUrl\":\"https:\/\/secure.gravatar.com\/avatar\/1033e54e078c29fd7f053370086ff627ba414b05c2b231c418a481adecd764ce?s=96&d=blank&r=g\",\"caption\":\"\u00c7orlu'da Haber\"},\"sameAs\":[\"https:\/\/corludahaber.com\/h\"],\"url\":\"https:\/\/corludahaber.com\/h\/author\/admin\"}]}<\/script>\n<!-- \/ Yoast SEO Premium plugin. -->","yoast_head_json":{"title":"\u00c7orlu'da anaokulu \u00f6\u011frencilerine 'Maarif \u00c7ocuklar\u0131n Kalbinde' etkinli\u011fi | \u00c7orlu&#039;da Haber","description":"\u00c7orlu'da anaokulu \u00f6\u011frencilerine 'Maarif \u00c7ocuklar\u0131n Kalbinde' etkinli\u011fi | \u00c7orlu&#039;da Haber","robots":{"index":"index","follow":"follow","max-snippet":"max-snippet:-1","max-image-preview":"max-image-preview:large","max-video-preview":"max-video-preview:-1"},"canonical":"https:\/\/corludahaber.com\/h\/corluda-anaokulu-ogrencilerine-maarif-cocuklarin-kalbinde-etkinligi\/119465","og_locale":"tr_TR","og_type":"article","og_title":"\u00c7orlu'da anaokulu \u00f6\u011frencilerine 'Maarif \u00c7ocuklar\u0131n Kalbinde' etkinli\u011fi | \u00c7orlu&#039;da Haber","og_description":"\u00c7orlu'da anaokulu \u00f6\u011frencilerine 'Maarif \u00c7ocuklar\u0131n Kalbinde' etkinli\u011fi | \u00c7orlu&#039;da Haber","og_url":"https:\/\/corludahaber.com\/h\/corluda-anaokulu-ogrencilerine-maarif-cocuklarin-kalbinde-etkinligi\/119465","og_site_name":"\u00c7orlu&#039;da Haber","article_publisher":"https:\/\/facebook.com\/habercorluda","article_published_time":"2026-04-30T10:54:43+00:00","article_modified_time":"2026-04-30T10:54:53+00:00","og_image":[{"width":2300,"height":1097,"url":"http:\/\/corludahaber.com\/h\/wp-content\/uploads\/2026\/04\/corluda-anaokulu-ogrencilerine-maarif-cocuklarin-kalbinde-etkinligi_69f334f7c6bfb.jpeg","type":"image\/jpeg"}],"author":"\u00c7orlu'da Haber","twitter_card":"summary_large_image","twitter_creator":"@habercorluda","twitter_site":"@habercorluda","twitter_misc":{"Yazan:":"\u00c7orlu'da Haber","Tahmini okuma s\u00fcresi":"1 dakika"},"schema":{"@context":"https:\/\/schema.org","@graph":[{"@type":"Article","@id":"https:\/\/corludahaber.com\/h\/corluda-anaokulu-ogrencilerine-maarif-cocuklarin-kalbinde-etkinligi\/119465#article","isPartOf":{"@id":"https:\/\/corludahaber.com\/h\/corluda-anaokulu-ogrencilerine-maarif-cocuklarin-kalbinde-etkinligi\/119465"},"author":{"name":"\u00c7orlu'da Haber","@id":"https:\/\/corludahaber.com\/h\/#\/schema\/person\/b523522be44b062db5d74a62589768cd"},"headline":"\u00c7orlu&#8217;da anaokulu \u00f6\u011frencilerine &#8216;Maarif \u00c7ocuklar\u0131n Kalbinde&#8217; etkinli\u011fi","datePublished":"2026-04-30T10:54:43+00:00","dateModified":"2026-04-30T10:54:53+00:00","mainEntityOfPage":{"@id":"https:\/\/corludahaber.com\/h\/corluda-anaokulu-ogrencilerine-maarif-cocuklarin-kalbinde-etkinligi\/119465"},"wordCount":182,"commentCount":0,"publisher":{"@id":"https:\/\/corludahaber.com\/h\/#organization"},"image":{"@id":"https:\/\/corludahaber.com\/h\/corluda-anaokulu-ogrencilerine-maarif-cocuklarin-kalbinde-etkinligi\/119465#primaryimage"},"thumbnailUrl":"https:\/\/corludahaber.com\/h\/wp-content\/uploads\/2026\/04\/corluda-anaokulu-ogrencilerine-maarif-cocuklarin-kalbinde-etkinligi_69f334f7c6bfb.jpeg","keywords":["anaokulu","asayi\u015f","\u00c7ocuklar\u0131n","\u00c7orlu","\u00c7orlu kaza","\u00c7orlu son dakika kaza","\u00c7orlu'da anaokulu \u00f6\u011frencilerine 'Maarif \u00c7ocuklar\u0131n Kalbinde' etkinli\u011fi","Etkinli\u011fi","kalbinde","Maarif","\u00f6\u011frencilerine","son dakika kaza"],"articleSection":["Ya\u015fam"],"inLanguage":"tr","potentialAction":[{"@type":"CommentAction","name":"Comment","target":["https:\/\/corludahaber.com\/h\/corluda-anaokulu-ogrencilerine-maarif-cocuklarin-kalbinde-etkinligi\/119465#respond"]}]},{"@type":"WebPage","@id":"https:\/\/corludahaber.com\/h\/corluda-anaokulu-ogrencilerine-maarif-cocuklarin-kalbinde-etkinligi\/119465","url":"https:\/\/corludahaber.com\/h\/corluda-anaokulu-ogrencilerine-maarif-cocuklarin-kalbinde-etkinligi\/119465","name":"\u00c7orlu'da anaokulu \u00f6\u011frencilerine 'Maarif \u00c7ocuklar\u0131n Kalbinde' etkinli\u011fi | \u00c7orlu&#039;da Haber","isPartOf":{"@id":"https:\/\/corludahaber.com\/h\/#website"},"primaryImageOfPage":{"@id":"https:\/\/corludahaber.com\/h\/corluda-anaokulu-ogrencilerine-maarif-cocuklarin-kalbinde-etkinligi\/119465#primaryimage"},"image":{"@id":"https:\/\/corludahaber.com\/h\/corluda-anaokulu-ogrencilerine-maarif-cocuklarin-kalbinde-etkinligi\/119465#primaryimage"},"thumbnailUrl":"https:\/\/corludahaber.com\/h\/wp-content\/uploads\/2026\/04\/corluda-anaokulu-ogrencilerine-maarif-cocuklarin-kalbinde-etkinligi_69f334f7c6bfb.jpeg","datePublished":"2026-04-30T10:54:43+00:00","dateModified":"2026-04-30T10:54:53+00:00","description":"\u00c7orlu'da anaokulu \u00f6\u011frencilerine 'Maarif \u00c7ocuklar\u0131n Kalbinde' etkinli\u011fi | \u00c7orlu&#039;da Haber","breadcrumb":{"@id":"https:\/\/corludahaber.com\/h\/corluda-anaokulu-ogrencilerine-maarif-cocuklarin-kalbinde-etkinligi\/119465#breadcrumb"},"inLanguage":"tr","potentialAction":[{"@type":"ReadAction","target":["https:\/\/corludahaber.com\/h\/corluda-anaokulu-ogrencilerine-maarif-cocuklarin-kalbinde-etkinligi\/119465"]}]},{"@type":"ImageObject","inLanguage":"tr","@id":"https:\/\/corludahaber.com\/h\/corluda-anaokulu-ogrencilerine-maarif-cocuklarin-kalbinde-etkinligi\/119465#primaryimage","url":"https:\/\/corludahaber.com\/h\/wp-content\/uploads\/2026\/04\/corluda-anaokulu-ogrencilerine-maarif-cocuklarin-kalbinde-etkinligi_69f334f7c6bfb.jpeg","contentUrl":"https:\/\/corludahaber.com\/h\/wp-content\/uploads\/2026\/04\/corluda-anaokulu-ogrencilerine-maarif-cocuklarin-kalbinde-etkinligi_69f334f7c6bfb.jpeg","width":2300,"height":1097},{"@type":"BreadcrumbList","@id":"https:\/\/corludahaber.com\/h\/corluda-anaokulu-ogrencilerine-maarif-cocuklarin-kalbinde-etkinligi\/119465#breadcrumb","itemListElement":[{"@type":"ListItem","position":1,"name":"Anasayfa","item":"https:\/\/corludahaber.com\/h\/"},{"@type":"ListItem","position":2,"name":"Ya\u015fam","item":"https:\/\/corludahaber.com\/h\/kategori\/yasam"},{"@type":"ListItem","position":3,"name":"\u00c7orlu&#8217;da anaokulu \u00f6\u011frencilerine &#8216;Maarif \u00c7ocuklar\u0131n Kalbinde&#8217; etkinli\u011fi"}]},{"@type":"WebSite","@id":"https:\/\/corludahaber.com\/h\/#website","url":"https:\/\/corludahaber.com\/h\/","name":"\u00c7orlu'da Haber","description":"Ger\u00e7ek Tarafs\u0131z Haber","publisher":{"@id":"https:\/\/corludahaber.com\/h\/#organization"},"potentialAction":[{"@type":"SearchAction","target":{"@type":"EntryPoint","urlTemplate":"https:\/\/corludahaber.com\/h\/?s={search_term_string}"},"query-input":"required name=search_term_string"}],"inLanguage":"tr"},{"@type":"Organization","@id":"https:\/\/corludahaber.com\/h\/#organization","name":"\u00c7orlu'da Haber","url":"https:\/\/corludahaber.com\/h\/","logo":{"@type":"ImageObject","inLanguage":"tr","@id":"https:\/\/corludahaber.com\/h\/#\/schema\/logo\/image\/","url":"https:\/\/corludahaber.com\/h\/wp-content\/uploads\/2021\/12\/logo__9__1_-removebg-preview.png","contentUrl":"https:\/\/corludahaber.com\/h\/wp-content\/uploads\/2021\/12\/logo__9__1_-removebg-preview.png","width":500,"height":157,"caption":"\u00c7orlu'da Haber"},"image":{"@id":"https:\/\/corludahaber.com\/h\/#\/schema\/logo\/image\/"},"sameAs":["https:\/\/facebook.com\/habercorluda","https:\/\/x.com\/habercorluda","https:\/\/www.instagram.com\/corludahaber","https:\/\/www.youtube.com\/user\/corludahaber"]},{"@type":"Person","@id":"https:\/\/corludahaber.com\/h\/#\/schema\/person\/b523522be44b062db5d74a62589768cd","name":"\u00c7orlu'da Haber","image":{"@type":"ImageObject","inLanguage":"tr","@id":"https:\/\/corludahaber.com\/h\/#\/schema\/person\/image\/","url":"https:\/\/secure.gravatar.com\/avatar\/1033e54e078c29fd7f053370086ff627ba414b05c2b231c418a481adecd764ce?s=96&d=blank&r=g","contentUrl":"https:\/\/secure.gravatar.com\/avatar\/1033e54e078c29fd7f053370086ff627ba414b05c2b231c418a481adecd764ce?s=96&d=blank&r=g","caption":"\u00c7orlu'da Haber"},"sameAs":["https:\/\/corludahaber.com\/h"],"url":"https:\/\/corludahaber.com\/h\/author\/admin"}]}},"_links":{"self":[{"href":"https:\/\/corludahaber.com\/h\/wp-json\/wp\/v2\/posts\/119465","targetHints":{"allow":["GET"]}}],"collection":[{"href":"https:\/\/corludahaber.com\/h\/wp-json\/wp\/v2\/posts"}],"about":[{"href":"https:\/\/corludahaber.com\/h\/wp-json\/wp\/v2\/types\/post"}],"author":[{"embeddable":true,"href":"https:\/\/corludahaber.com\/h\/wp-json\/wp\/v2\/users\/151"}],"replies":[{"embeddable":true,"href":"https:\/\/corludahaber.com\/h\/wp-json\/wp\/v2\/comments?post=119465"}],"version-history":[{"count":1,"href":"https:\/\/corludahaber.com\/h\/wp-json\/wp\/v2\/posts\/119465\/revisions"}],"predecessor-version":[{"id":119467,"href":"https:\/\/corludahaber.com\/h\/wp-json\/wp\/v2\/posts\/119465\/revisions\/119467"}],"wp:featuredmedia":[{"embeddable":true,"href":"https:\/\/corludahaber.com\/h\/wp-json\/wp\/v2\/media\/119466"}],"wp:attachment":[{"href":"https:\/\/corludahaber.com\/h\/wp-json\/wp\/v2\/media?parent=119465"}],"wp:term":[{"taxonomy":"category","embeddable":true,"href":"https:\/\/corludahaber.com\/h\/wp-json\/wp\/v2\/categories?post=119465"},{"taxonomy":"post_tag","embeddable":true,"href":"https:\/\/corludahaber.com\/h\/wp-json\/wp\/v2\/tags?post=119465"}],"curies":[{"name":"wp","href":"https:\/\/api.w.org\/{rel}","templated":true}]}}