{"id":119462,"date":"2026-04-30T10:49:36","date_gmt":"2026-04-30T07:49:36","guid":{"rendered":"https:\/\/corludahaber.com\/h\/?p=119462"},"modified":"2026-04-30T10:49:36","modified_gmt":"2026-04-30T07:49:36","slug":"119462-2","status":"publish","type":"post","link":"https:\/\/corludahaber.com\/h\/119462-2\/119462","title":{"rendered":""},"content":{"rendered":"<div class=\"corlu-icerikten-once_3\" id=\"corlu-530426169\"><script type='text\/javascript' src='https:\/\/platform-api.sharethis.com\/js\/sharethis.js#property=5ce8cf08af7d000012cb0ca1&product=inline-reaction-buttons' async='async'><\/script>\r\n\r\n<\/div><h3><strong>1 May\u0131s 2026: Emek ve Dayan\u0131\u015fma G\u00fcn\u00fc Tatil mi? Okullar A\u00e7\u0131k m\u0131, Hangi Yollar Kapal\u0131?<\/strong><\/h3>\n<p>T\u00fcrkiye genelinde her y\u0131l kutlanan <strong>1 May\u0131s Emek ve Dayan\u0131\u015fma G\u00fcn\u00fc<\/strong>, \u00e7al\u0131\u015fanlar, \u00f6\u011frenciler ve vatanda\u015flar taraf\u0131ndan en \u00e7ok ara\u015ft\u0131r\u0131lan tarihler aras\u0131nda yer al\u0131yor.<\/p><div class=\"corlu-icerik-2\" id=\"corlu-1816504588\"><!-- Admatic AUTO ads START -->\r\n<ins data-publisher=\"adm-pub-155556240050\" data-ad-network=\"659428a24d11b285b616c18d\"   class=\"adm-ads-area\"><\/ins>\r\n<script type=\"text\/javascript\" src=\"https:\/\/static.cdn.admatic.com.tr\/showad\/showad.min.js\"><\/script>\r\n<!-- Admatic AUTO ads END --><\/div>\n<p>\u00d6zellikle <strong>\u201c1 May\u0131s resmi tatil mi?\u201d<\/strong>, <strong>\u201c1 May\u0131s\u2019ta okullar tatil mi?\u201d<\/strong>, <strong>\u201c1 May\u0131s\u2019ta hangi yollar kapal\u0131?\u201d<\/strong> ve <strong>\u201c1 May\u0131s 2026\u2019da ula\u015f\u0131m nas\u0131l olacak?\u201d<\/strong> sorular\u0131 yo\u011fun \u015fekilde arat\u0131l\u0131yor. Bu \u00f6zel g\u00fcn, hem i\u015f hayat\u0131n\u0131 hem de e\u011fitim sistemini do\u011frudan etkiledi\u011fi i\u00e7in planlama yapmak isteyenler a\u00e7\u0131s\u0131ndan b\u00fcy\u00fck \u00f6nem ta\u015f\u0131yor. \u0130\u015fte <strong>1 May\u0131s 2026<\/strong> ile ilgili merak edilen t\u00fcm detaylar.<\/p>\n<hr \/>\n<h3><strong>1 May\u0131s 2026 \u00d6zet Tablosu<\/strong><\/h3>\n<table border=\"1\" cellspacing=\"0\" cellpadding=\"10\">\n<tbody>\n<tr>\n<th>Konu<\/th>\n<th>Durum<\/th>\n<th>Detay<\/th>\n<\/tr>\n<tr>\n<td><strong>1 May\u0131s resmi tatil mi?<\/strong><\/td>\n<td><strong>Evet<\/strong><\/td>\n<td>T\u00fcrkiye genelinde resmi tatildir<\/td>\n<\/tr>\n<tr>\n<td><strong>1 May\u0131s\u2019ta okullar tatil mi?<\/strong><\/td>\n<td><strong>Evet<\/strong><\/td>\n<td>T\u00fcm okullarda e\u011fitim yap\u0131lmaz<\/td>\n<\/tr>\n<tr>\n<td><strong>Kamu kurumlar\u0131 a\u00e7\u0131k m\u0131?<\/strong><\/td>\n<td><strong>Hay\u0131r<\/strong><\/td>\n<td>Devlet daireleri kapal\u0131d\u0131r<\/td>\n<\/tr>\n<tr>\n<td><strong>Bankalar a\u00e7\u0131k m\u0131?<\/strong><\/td>\n<td><strong>Hay\u0131r<\/strong><\/td>\n<td>Bankalar hizmet vermez<\/td>\n<\/tr>\n<tr>\n<td><strong>Yollar kapal\u0131 m\u0131?<\/strong><\/td>\n<td><strong>Evet (Baz\u0131 b\u00f6lgelerde)<\/strong><\/td>\n<td>\u00d6zellikle b\u00fcy\u00fck \u015fehirlerde g\u00fcvenlik \u00f6nlemleri al\u0131n\u0131r<\/td>\n<\/tr>\n<\/tbody>\n<\/table>\n<hr \/>\n<h3><strong>1 May\u0131s Resmi Tatil mi?<\/strong><\/h3>\n<p>Evet, <strong>1 May\u0131s Emek ve Dayan\u0131\u015fma G\u00fcn\u00fc resmi tatildir.<\/strong> T\u00fcrkiye\u2019de 2009 y\u0131l\u0131ndan bu yana resmi tatil olarak kabul edilen bu \u00f6zel g\u00fcn, \u00e7al\u0131\u015fanlar\u0131n haklar\u0131n\u0131 ve eme\u011fin \u00f6nemini simgeler.<\/p>\n<p>Bu kapsamda kamu kurumlar\u0131, bankalar ve bir\u00e7ok \u00f6zel sekt\u00f6r kurulu\u015fu kapal\u0131 olur.<\/p>\n<hr \/>\n<h3><strong>1 May\u0131s\u2019ta Okullar Tatil mi?<\/strong><\/h3>\n<p>Evet, <strong>1 May\u0131s\u2019ta okullar tatildir.<\/strong> \u0130lkokul, ortaokul, lise ve \u00fcniversitelerde e\u011fitim-\u00f6\u011fretim faaliyetlerine ara verilir. \u00d6\u011frenciler bu g\u00fcn\u00fc resmi tatil olarak ge\u00e7irir.<\/p>\n<p>Bu nedenle <strong>\u201c1 May\u0131s\u2019ta okullar tatil mi?\u201d<\/strong> sorusunun cevab\u0131 net \u015fekilde <strong>evet<\/strong> olarak verilir.<\/p>\n<hr \/>\n<h3><strong>1 May\u0131s 2026\u2019da Hangi Yollar Kapal\u0131?<\/strong><\/h3>\n<p><strong>1 May\u0131s kapal\u0131 yollar 2026<\/strong> listesi \u00f6zellikle b\u00fcy\u00fck \u015fehirlerde ya\u015fayanlar i\u00e7in \u00f6nemlidir. Tekirda\u011f, \u0130stanbul, Ankara ve \u0130zmir gibi \u015fehirlerde g\u00fcvenlik \u00f6nlemleri kapsam\u0131nda baz\u0131 yollar trafi\u011fe kapat\u0131labilir.<\/p>\n<p>Genellikle kapat\u0131lan b\u00f6lgeler:<\/p>\n<ul>\n<li><strong>Meydan ve etkinlik alanlar\u0131 \u00e7evresi<\/strong><\/li>\n<li><strong>Ana arterler ve y\u00fcr\u00fcy\u00fc\u015f g\u00fczergahlar\u0131<\/strong><\/li>\n<li><strong>Toplu g\u00f6steri alanlar\u0131na \u00e7\u0131kan yollar<\/strong><\/li>\n<\/ul>\n<p>Yollar\u0131n durumu valilik ve emniyet m\u00fcd\u00fcrl\u00fckleri taraf\u0131ndan \u00f6nceden duyurulur. Bu nedenle vatanda\u015flar\u0131n g\u00fcncel trafik a\u00e7\u0131klamalar\u0131n\u0131 takip etmesi \u00f6nerilir.<\/p>\n<hr \/>\n<h3><strong>1 May\u0131s\u2019ta Ula\u015f\u0131m ve Hayat Nas\u0131l Olacak?<\/strong><\/h3>\n<p>Resmi tatil olmas\u0131 nedeniyle <strong>toplu ta\u015f\u0131ma<\/strong> baz\u0131 \u015fehirlerde \u00fccretsiz veya farkl\u0131 tarifelerle hizmet verebilir. Ancak kapal\u0131 yollar ve yo\u011funluk nedeniyle ula\u015f\u0131mda aksakl\u0131klar ya\u015fanabilir.<\/p>\n<p>\u00d6zellikle b\u00fcy\u00fck \u015fehirlerde alternatif g\u00fczergahlar\u0131n tercih edilmesi \u00f6nerilir.<\/p>\n<hr \/>\n<h3><strong>1 May\u0131s Emek ve Dayan\u0131\u015fma G\u00fcn\u00fc Nedir?<\/strong><\/h3>\n<p><strong>1 May\u0131s Emek ve Dayan\u0131\u015fma G\u00fcn\u00fc<\/strong>, i\u015f\u00e7i ve emek\u00e7ilerin haklar\u0131n\u0131 simgeleyen uluslararas\u0131 bir g\u00fcnd\u00fcr. D\u00fcnya genelinde kutlanan bu \u00f6zel g\u00fcn, T\u00fcrkiye\u2019de de \u00e7e\u015fitli etkinlikler ve programlarla an\u0131l\u0131r.<\/p>\n<hr \/>\n<h3><strong>Son G\u00fcncelleme Bilgisi<\/strong><\/h3>\n<p>Bu i\u00e7erik <strong>son g\u00fcncelleme tarihi: 30 Nisan 2026<\/strong> olacak \u015fekilde haz\u0131rlanm\u0131\u015ft\u0131r. \u015eehir bazl\u0131 yol kapatma ve ula\u015f\u0131m kararlar\u0131 yerel y\u00f6netimler taraf\u0131ndan de\u011fi\u015ftirilebilir.<\/p>\n<hr \/>\n<h3><strong>Sonu\u00e7<\/strong><\/h3>\n<ul>\n<li><strong>1 May\u0131s resmi tatildir<\/strong><\/li>\n<li><strong>Okullar tatildir<\/strong><\/li>\n<li><strong>Kamu kurumlar\u0131 ve bankalar kapal\u0131d\u0131r<\/strong><\/li>\n<li><strong>Baz\u0131 yollar g\u00fcvenlik nedeniyle kapat\u0131labilir<\/strong><\/li>\n<\/ul>\n<p>K\u0131sacas\u0131 <strong>1 May\u0131s 2026<\/strong>, hem \u00e7al\u0131\u015fanlar hem de \u00f6\u011frenciler i\u00e7in resmi tatil olarak de\u011ferlendirilir ve g\u00fcnl\u00fck ya\u015fam buna g\u00f6re \u015fekillenir.<\/p>\n<div class=\"corlu-icerikten-sonra_3\" id=\"corlu-585483440\"><p><img loading=\"lazy\" decoding=\"async\" class=\"aligncenter\" src=\"https:\/\/www.corludahaber.com\/bahcesehir.jpg\" alt=\"\" width=\"624\" height=\"196\" \/><\/p>\n<table style=\"text-align: left; width: 100%;\" border=\"1\" cellspacing=\"2\" cellpadding=\"2\">\n<tbody>\n<tr>\n<td style=\"background-color: #050805;\"><span style=\"font-size: 12pt;\"><small><small><em><strong><big><span style=\"color: #ff0000;\">Haber ve resimlerin telif haklar\u0131ndan dolay\u0131 kullan\u0131m\u0131 yasakt\u0131r<span style=\"color: #000000;\">.<\/span><\/span><span style=\"color: #000000;\">\u00a0<\/span><span style=\"color: #ffffff;\">Yaz\u0131l\u0131 izni al\u0131nmadan hi\u00e7bir yaz\u0131l\u0131, g\u00f6rsel, i\u015fitsel i\u00e7erik kopyalanamaz, de\u011fi\u015ftirilemez, yay\u0131nlanamaz veya sat\u0131lamaz. Aksi halde<\/span>\u00a0<span style=\"color: #ff0000;\">5846<span style=\"color: #ffffff;\">\u00a0<\/span><\/span><span style=\"color: #ffffff;\">say\u0131l\u0131 Fikir ve Sanat Eserleri Kanunu\u2019na ve<\/span>\u00a0<span style=\"color: #800000;\"><span style=\"color: #ff0000;\">6102<\/span><span style=\"color: #ffffff;\">\u00a0<\/span><\/span><span style=\"color: #ffffff;\">say\u0131l\u0131 maddesine g\u00f6re<\/span>\u00a0<span style=\"color: #ff0000;\">gerekli i\u015flemler uygulanacakt\u0131r.<\/span><br \/>\n<span style=\"color: #ffffff;\">\u00a9 Copyright 2014<\/span><\/big><\/strong><\/em><\/small><\/small><\/span><\/td>\n<\/tr>\n<\/tbody>\n<\/table>\n<p><small><small>\u00a0<\/small><\/small><\/p>\n<\/div>","protected":false},"excerpt":{"rendered":"<p>1 May\u0131s 2026: Emek ve Dayan\u0131\u015fma G\u00fcn\u00fc Tatil mi? Okullar A\u00e7\u0131k m\u0131, Hangi Yollar Kapal\u0131? T\u00fcrkiye genelinde her y\u0131l kutlanan 1 May\u0131s Emek ve Dayan\u0131\u015fma G\u00fcn\u00fc, \u00e7al\u0131\u015fanlar, \u00f6\u011frenciler ve vatanda\u015flar taraf\u0131ndan en \u00e7ok ara\u015ft\u0131r\u0131lan tarihler aras\u0131nda yer al\u0131yor. \u00d6zellikle \u201c1 May\u0131s resmi tatil mi?\u201d, \u201c1 May\u0131s\u2019ta okullar tatil mi?\u201d, \u201c1 May\u0131s\u2019ta hangi yollar kapal\u0131?\u201d ve &hellip;<\/p>\n","protected":false},"author":151,"featured_media":119463,"comment_status":"open","ping_status":"open","sticky":false,"template":"","format":"standard","meta":{"footnotes":""},"categories":[1982],"tags":[33549,33550,33551,33552,33554,33553,8025,9376,15478,3661],"class_list":["post-119462","post","type-post","status-publish","format-standard","has-post-thumbnail","hentry","category-seo","tag-1-mayis","tag-1-mayis-emek-ve-dayanisma-gunu","tag-1-mayis-kapali-yollar-2026","tag-1-mayis-resmi-tatil-mi","tag-1-mayis-tatil-mi","tag-1-mayista-okullar-tatil-mi","tag-asayis","tag-corlu-kaza","tag-corlu-son-dakika-kaza","tag-son-dakika-kaza"],"yoast_head":"<!-- This site is optimized with the Yoast SEO Premium plugin v23.3 (Yoast SEO v23.3) - https:\/\/yoast.com\/wordpress\/plugins\/seo\/ -->\n<title>| \u00c7orlu&#039;da Haber<\/title>\n<meta name=\"description\" content=\"| SEO \u00c7orlu&#039;da Haber\" \/>\n<meta name=\"robots\" content=\"index, follow, max-snippet:-1, max-image-preview:large, max-video-preview:-1\" \/>\n<link rel=\"canonical\" href=\"https:\/\/corludahaber.com\/h\/119462-2\/119462\" \/>\n<meta property=\"og:locale\" content=\"tr_TR\" \/>\n<meta property=\"og:type\" content=\"article\" \/>\n<meta property=\"og:title\" content=\"| \u00c7orlu&#039;da Haber\" \/>\n<meta property=\"og:description\" content=\"| SEO \u00c7orlu&#039;da Haber\" \/>\n<meta property=\"og:url\" content=\"https:\/\/corludahaber.com\/h\/119462-2\/119462\" \/>\n<meta property=\"og:site_name\" content=\"\u00c7orlu&#039;da Haber\" \/>\n<meta property=\"article:publisher\" content=\"https:\/\/facebook.com\/habercorluda\" \/>\n<meta property=\"article:published_time\" content=\"2026-04-30T07:49:36+00:00\" \/>\n<meta property=\"og:image\" content=\"http:\/\/corludahaber.com\/h\/wp-content\/uploads\/2026\/04\/69eb1a4aff69d62aa192d140.jpg\" \/>\n\t<meta property=\"og:image:width\" content=\"730\" \/>\n\t<meta property=\"og:image:height\" content=\"410\" \/>\n\t<meta property=\"og:image:type\" content=\"image\/jpeg\" \/>\n<meta name=\"author\" content=\"\u00c7orlu&#039;da Haber\" \/>\n<meta name=\"twitter:card\" content=\"summary_large_image\" \/>\n<meta name=\"twitter:creator\" content=\"@habercorluda\" \/>\n<meta name=\"twitter:site\" content=\"@habercorluda\" \/>\n<meta name=\"twitter:label1\" content=\"Yazan:\" \/>\n\t<meta name=\"twitter:data1\" content=\"\u00c7orlu&#039;da Haber\" \/>\n\t<meta name=\"twitter:label2\" content=\"Tahmini okuma s\u00fcresi\" \/>\n\t<meta name=\"twitter:data2\" content=\"3 dakika\" \/>\n<script type=\"application\/ld+json\" class=\"yoast-schema-graph\">{\"@context\":\"https:\/\/schema.org\",\"@graph\":[{\"@type\":\"Article\",\"@id\":\"https:\/\/corludahaber.com\/h\/119462-2\/119462#article\",\"isPartOf\":{\"@id\":\"https:\/\/corludahaber.com\/h\/119462-2\/119462\"},\"author\":{\"name\":\"\u00c7orlu'da Haber\",\"@id\":\"https:\/\/corludahaber.com\/h\/#\/schema\/person\/b523522be44b062db5d74a62589768cd\"},\"headline\":\"Ba\u015fl\u0131k yok\",\"datePublished\":\"2026-04-30T07:49:36+00:00\",\"dateModified\":\"2026-04-30T07:49:36+00:00\",\"mainEntityOfPage\":{\"@id\":\"https:\/\/corludahaber.com\/h\/119462-2\/119462\"},\"wordCount\":577,\"commentCount\":0,\"publisher\":{\"@id\":\"https:\/\/corludahaber.com\/h\/#organization\"},\"image\":{\"@id\":\"https:\/\/corludahaber.com\/h\/119462-2\/119462#primaryimage\"},\"thumbnailUrl\":\"https:\/\/corludahaber.com\/h\/wp-content\/uploads\/2026\/04\/69eb1a4aff69d62aa192d140.jpg\",\"keywords\":[\"1 may\u0131s\",\"1 may\u0131s emek ve dayan\u0131\u015fma g\u00fcn\u00fc\",\"1 may\u0131s kapal\u0131 yollar 2026\",\"1 may\u0131s resmi tatil mi\",\"1 may\u0131s tatil mi\",\"1 may\u0131sta okullar tatil mi\",\"asayi\u015f\",\"\u00c7orlu kaza\",\"\u00c7orlu son dakika kaza\",\"son dakika kaza\"],\"articleSection\":[\"SEO\"],\"inLanguage\":\"tr\",\"potentialAction\":[{\"@type\":\"CommentAction\",\"name\":\"Comment\",\"target\":[\"https:\/\/corludahaber.com\/h\/119462-2\/119462#respond\"]}]},{\"@type\":\"WebPage\",\"@id\":\"https:\/\/corludahaber.com\/h\/119462-2\/119462\",\"url\":\"https:\/\/corludahaber.com\/h\/119462-2\/119462\",\"name\":\"| \u00c7orlu&#039;da Haber\",\"isPartOf\":{\"@id\":\"https:\/\/corludahaber.com\/h\/#website\"},\"primaryImageOfPage\":{\"@id\":\"https:\/\/corludahaber.com\/h\/119462-2\/119462#primaryimage\"},\"image\":{\"@id\":\"https:\/\/corludahaber.com\/h\/119462-2\/119462#primaryimage\"},\"thumbnailUrl\":\"https:\/\/corludahaber.com\/h\/wp-content\/uploads\/2026\/04\/69eb1a4aff69d62aa192d140.jpg\",\"datePublished\":\"2026-04-30T07:49:36+00:00\",\"dateModified\":\"2026-04-30T07:49:36+00:00\",\"description\":\"| SEO \u00c7orlu&#039;da Haber\",\"breadcrumb\":{\"@id\":\"https:\/\/corludahaber.com\/h\/119462-2\/119462#breadcrumb\"},\"inLanguage\":\"tr\",\"potentialAction\":[{\"@type\":\"ReadAction\",\"target\":[\"https:\/\/corludahaber.com\/h\/119462-2\/119462\"]}]},{\"@type\":\"ImageObject\",\"inLanguage\":\"tr\",\"@id\":\"https:\/\/corludahaber.com\/h\/119462-2\/119462#primaryimage\",\"url\":\"https:\/\/corludahaber.com\/h\/wp-content\/uploads\/2026\/04\/69eb1a4aff69d62aa192d140.jpg\",\"contentUrl\":\"https:\/\/corludahaber.com\/h\/wp-content\/uploads\/2026\/04\/69eb1a4aff69d62aa192d140.jpg\",\"width\":730,\"height\":410},{\"@type\":\"BreadcrumbList\",\"@id\":\"https:\/\/corludahaber.com\/h\/119462-2\/119462#breadcrumb\",\"itemListElement\":[{\"@type\":\"ListItem\",\"position\":1,\"name\":\"Anasayfa\",\"item\":\"https:\/\/corludahaber.com\/h\/\"},{\"@type\":\"ListItem\",\"position\":2,\"name\":\"SEO\",\"item\":\"https:\/\/corludahaber.com\/h\/kategori\/seo\"}]},{\"@type\":\"WebSite\",\"@id\":\"https:\/\/corludahaber.com\/h\/#website\",\"url\":\"https:\/\/corludahaber.com\/h\/\",\"name\":\"\u00c7orlu'da Haber\",\"description\":\"Ger\u00e7ek Tarafs\u0131z Haber\",\"publisher\":{\"@id\":\"https:\/\/corludahaber.com\/h\/#organization\"},\"potentialAction\":[{\"@type\":\"SearchAction\",\"target\":{\"@type\":\"EntryPoint\",\"urlTemplate\":\"https:\/\/corludahaber.com\/h\/?s={search_term_string}\"},\"query-input\":\"required name=search_term_string\"}],\"inLanguage\":\"tr\"},{\"@type\":\"Organization\",\"@id\":\"https:\/\/corludahaber.com\/h\/#organization\",\"name\":\"\u00c7orlu'da Haber\",\"url\":\"https:\/\/corludahaber.com\/h\/\",\"logo\":{\"@type\":\"ImageObject\",\"inLanguage\":\"tr\",\"@id\":\"https:\/\/corludahaber.com\/h\/#\/schema\/logo\/image\/\",\"url\":\"https:\/\/corludahaber.com\/h\/wp-content\/uploads\/2021\/12\/logo__9__1_-removebg-preview.png\",\"contentUrl\":\"https:\/\/corludahaber.com\/h\/wp-content\/uploads\/2021\/12\/logo__9__1_-removebg-preview.png\",\"width\":500,\"height\":157,\"caption\":\"\u00c7orlu'da Haber\"},\"image\":{\"@id\":\"https:\/\/corludahaber.com\/h\/#\/schema\/logo\/image\/\"},\"sameAs\":[\"https:\/\/facebook.com\/habercorluda\",\"https:\/\/x.com\/habercorluda\",\"https:\/\/www.instagram.com\/corludahaber\",\"https:\/\/www.youtube.com\/user\/corludahaber\"]},{\"@type\":\"Person\",\"@id\":\"https:\/\/corludahaber.com\/h\/#\/schema\/person\/b523522be44b062db5d74a62589768cd\",\"name\":\"\u00c7orlu'da Haber\",\"image\":{\"@type\":\"ImageObject\",\"inLanguage\":\"tr\",\"@id\":\"https:\/\/corludahaber.com\/h\/#\/schema\/person\/image\/\",\"url\":\"https:\/\/secure.gravatar.com\/avatar\/1033e54e078c29fd7f053370086ff627ba414b05c2b231c418a481adecd764ce?s=96&d=blank&r=g\",\"contentUrl\":\"https:\/\/secure.gravatar.com\/avatar\/1033e54e078c29fd7f053370086ff627ba414b05c2b231c418a481adecd764ce?s=96&d=blank&r=g\",\"caption\":\"\u00c7orlu'da Haber\"},\"sameAs\":[\"https:\/\/corludahaber.com\/h\"],\"url\":\"https:\/\/corludahaber.com\/h\/author\/admin\"}]}<\/script>\n<!-- \/ Yoast SEO Premium plugin. -->","yoast_head_json":{"title":"| \u00c7orlu&#039;da Haber","description":"| SEO \u00c7orlu&#039;da Haber","robots":{"index":"index","follow":"follow","max-snippet":"max-snippet:-1","max-image-preview":"max-image-preview:large","max-video-preview":"max-video-preview:-1"},"canonical":"https:\/\/corludahaber.com\/h\/119462-2\/119462","og_locale":"tr_TR","og_type":"article","og_title":"| \u00c7orlu&#039;da Haber","og_description":"| SEO \u00c7orlu&#039;da Haber","og_url":"https:\/\/corludahaber.com\/h\/119462-2\/119462","og_site_name":"\u00c7orlu&#039;da Haber","article_publisher":"https:\/\/facebook.com\/habercorluda","article_published_time":"2026-04-30T07:49:36+00:00","og_image":[{"width":730,"height":410,"url":"http:\/\/corludahaber.com\/h\/wp-content\/uploads\/2026\/04\/69eb1a4aff69d62aa192d140.jpg","type":"image\/jpeg"}],"author":"\u00c7orlu'da Haber","twitter_card":"summary_large_image","twitter_creator":"@habercorluda","twitter_site":"@habercorluda","twitter_misc":{"Yazan:":"\u00c7orlu'da Haber","Tahmini okuma s\u00fcresi":"3 dakika"},"schema":{"@context":"https:\/\/schema.org","@graph":[{"@type":"Article","@id":"https:\/\/corludahaber.com\/h\/119462-2\/119462#article","isPartOf":{"@id":"https:\/\/corludahaber.com\/h\/119462-2\/119462"},"author":{"name":"\u00c7orlu'da Haber","@id":"https:\/\/corludahaber.com\/h\/#\/schema\/person\/b523522be44b062db5d74a62589768cd"},"headline":"Ba\u015fl\u0131k yok","datePublished":"2026-04-30T07:49:36+00:00","dateModified":"2026-04-30T07:49:36+00:00","mainEntityOfPage":{"@id":"https:\/\/corludahaber.com\/h\/119462-2\/119462"},"wordCount":577,"commentCount":0,"publisher":{"@id":"https:\/\/corludahaber.com\/h\/#organization"},"image":{"@id":"https:\/\/corludahaber.com\/h\/119462-2\/119462#primaryimage"},"thumbnailUrl":"https:\/\/corludahaber.com\/h\/wp-content\/uploads\/2026\/04\/69eb1a4aff69d62aa192d140.jpg","keywords":["1 may\u0131s","1 may\u0131s emek ve dayan\u0131\u015fma g\u00fcn\u00fc","1 may\u0131s kapal\u0131 yollar 2026","1 may\u0131s resmi tatil mi","1 may\u0131s tatil mi","1 may\u0131sta okullar tatil mi","asayi\u015f","\u00c7orlu kaza","\u00c7orlu son dakika kaza","son dakika kaza"],"articleSection":["SEO"],"inLanguage":"tr","potentialAction":[{"@type":"CommentAction","name":"Comment","target":["https:\/\/corludahaber.com\/h\/119462-2\/119462#respond"]}]},{"@type":"WebPage","@id":"https:\/\/corludahaber.com\/h\/119462-2\/119462","url":"https:\/\/corludahaber.com\/h\/119462-2\/119462","name":"| \u00c7orlu&#039;da Haber","isPartOf":{"@id":"https:\/\/corludahaber.com\/h\/#website"},"primaryImageOfPage":{"@id":"https:\/\/corludahaber.com\/h\/119462-2\/119462#primaryimage"},"image":{"@id":"https:\/\/corludahaber.com\/h\/119462-2\/119462#primaryimage"},"thumbnailUrl":"https:\/\/corludahaber.com\/h\/wp-content\/uploads\/2026\/04\/69eb1a4aff69d62aa192d140.jpg","datePublished":"2026-04-30T07:49:36+00:00","dateModified":"2026-04-30T07:49:36+00:00","description":"| SEO \u00c7orlu&#039;da Haber","breadcrumb":{"@id":"https:\/\/corludahaber.com\/h\/119462-2\/119462#breadcrumb"},"inLanguage":"tr","potentialAction":[{"@type":"ReadAction","target":["https:\/\/corludahaber.com\/h\/119462-2\/119462"]}]},{"@type":"ImageObject","inLanguage":"tr","@id":"https:\/\/corludahaber.com\/h\/119462-2\/119462#primaryimage","url":"https:\/\/corludahaber.com\/h\/wp-content\/uploads\/2026\/04\/69eb1a4aff69d62aa192d140.jpg","contentUrl":"https:\/\/corludahaber.com\/h\/wp-content\/uploads\/2026\/04\/69eb1a4aff69d62aa192d140.jpg","width":730,"height":410},{"@type":"BreadcrumbList","@id":"https:\/\/corludahaber.com\/h\/119462-2\/119462#breadcrumb","itemListElement":[{"@type":"ListItem","position":1,"name":"Anasayfa","item":"https:\/\/corludahaber.com\/h\/"},{"@type":"ListItem","position":2,"name":"SEO","item":"https:\/\/corludahaber.com\/h\/kategori\/seo"}]},{"@type":"WebSite","@id":"https:\/\/corludahaber.com\/h\/#website","url":"https:\/\/corludahaber.com\/h\/","name":"\u00c7orlu'da Haber","description":"Ger\u00e7ek Tarafs\u0131z Haber","publisher":{"@id":"https:\/\/corludahaber.com\/h\/#organization"},"potentialAction":[{"@type":"SearchAction","target":{"@type":"EntryPoint","urlTemplate":"https:\/\/corludahaber.com\/h\/?s={search_term_string}"},"query-input":"required name=search_term_string"}],"inLanguage":"tr"},{"@type":"Organization","@id":"https:\/\/corludahaber.com\/h\/#organization","name":"\u00c7orlu'da Haber","url":"https:\/\/corludahaber.com\/h\/","logo":{"@type":"ImageObject","inLanguage":"tr","@id":"https:\/\/corludahaber.com\/h\/#\/schema\/logo\/image\/","url":"https:\/\/corludahaber.com\/h\/wp-content\/uploads\/2021\/12\/logo__9__1_-removebg-preview.png","contentUrl":"https:\/\/corludahaber.com\/h\/wp-content\/uploads\/2021\/12\/logo__9__1_-removebg-preview.png","width":500,"height":157,"caption":"\u00c7orlu'da Haber"},"image":{"@id":"https:\/\/corludahaber.com\/h\/#\/schema\/logo\/image\/"},"sameAs":["https:\/\/facebook.com\/habercorluda","https:\/\/x.com\/habercorluda","https:\/\/www.instagram.com\/corludahaber","https:\/\/www.youtube.com\/user\/corludahaber"]},{"@type":"Person","@id":"https:\/\/corludahaber.com\/h\/#\/schema\/person\/b523522be44b062db5d74a62589768cd","name":"\u00c7orlu'da Haber","image":{"@type":"ImageObject","inLanguage":"tr","@id":"https:\/\/corludahaber.com\/h\/#\/schema\/person\/image\/","url":"https:\/\/secure.gravatar.com\/avatar\/1033e54e078c29fd7f053370086ff627ba414b05c2b231c418a481adecd764ce?s=96&d=blank&r=g","contentUrl":"https:\/\/secure.gravatar.com\/avatar\/1033e54e078c29fd7f053370086ff627ba414b05c2b231c418a481adecd764ce?s=96&d=blank&r=g","caption":"\u00c7orlu'da Haber"},"sameAs":["https:\/\/corludahaber.com\/h"],"url":"https:\/\/corludahaber.com\/h\/author\/admin"}]}},"_links":{"self":[{"href":"https:\/\/corludahaber.com\/h\/wp-json\/wp\/v2\/posts\/119462","targetHints":{"allow":["GET"]}}],"collection":[{"href":"https:\/\/corludahaber.com\/h\/wp-json\/wp\/v2\/posts"}],"about":[{"href":"https:\/\/corludahaber.com\/h\/wp-json\/wp\/v2\/types\/post"}],"author":[{"embeddable":true,"href":"https:\/\/corludahaber.com\/h\/wp-json\/wp\/v2\/users\/151"}],"replies":[{"embeddable":true,"href":"https:\/\/corludahaber.com\/h\/wp-json\/wp\/v2\/comments?post=119462"}],"version-history":[{"count":1,"href":"https:\/\/corludahaber.com\/h\/wp-json\/wp\/v2\/posts\/119462\/revisions"}],"predecessor-version":[{"id":119464,"href":"https:\/\/corludahaber.com\/h\/wp-json\/wp\/v2\/posts\/119462\/revisions\/119464"}],"wp:featuredmedia":[{"embeddable":true,"href":"https:\/\/corludahaber.com\/h\/wp-json\/wp\/v2\/media\/119463"}],"wp:attachment":[{"href":"https:\/\/corludahaber.com\/h\/wp-json\/wp\/v2\/media?parent=119462"}],"wp:term":[{"taxonomy":"category","embeddable":true,"href":"https:\/\/corludahaber.com\/h\/wp-json\/wp\/v2\/categories?post=119462"},{"taxonomy":"post_tag","embeddable":true,"href":"https:\/\/corludahaber.com\/h\/wp-json\/wp\/v2\/tags?post=119462"}],"curies":[{"name":"wp","href":"https:\/\/api.w.org\/{rel}","templated":true}]}}