{"id":119458,"date":"2026-04-30T10:11:04","date_gmt":"2026-04-30T07:11:04","guid":{"rendered":"https:\/\/corludahaber.com\/h\/?p=119458"},"modified":"2026-04-30T10:11:23","modified_gmt":"2026-04-30T07:11:23","slug":"corluda-saglikta-yeni-donem-dr-feride-neval-solakoglu-sahada-aktif-rol-aliyor","status":"publish","type":"post","link":"https:\/\/corludahaber.com\/h\/corluda-saglikta-yeni-donem-dr-feride-neval-solakoglu-sahada-aktif-rol-aliyor\/119458","title":{"rendered":"\u00c7orlu\u2019da Sa\u011fl\u0131kta Yeni D\u00f6nem: Dr. Feride Neval Solako\u011flu Sahada Aktif Rol Al\u0131yor"},"content":{"rendered":"<p>\u00c7orlu \u0130l\u00e7e Sa\u011fl\u0131k M\u00fcd\u00fcrl\u00fc\u011f\u00fc g\u00f6revine getirilen<br \/>\nDr. Feride Neval Solako\u011flu, g\u00f6reve ba\u015flad\u0131\u011f\u0131 g\u00fcnden bu yana sa\u011fl\u0131k alan\u0131nda y\u00fcr\u00fctt\u00fc\u011f\u00fc \u00e7al\u0131\u015fmalarla dikkat \u00e7ekiyor.<\/p>\n<p>\u00d6zellikle verem sava\u015f hizmetleri konusunda deneyim sahibi olan Solako\u011flu\u2019nun, bu alandaki bilgi birikimini \u00c7orlu\u2019ya ta\u015f\u0131mas\u0131 sa\u011fl\u0131k camias\u0131nda \u00f6nemli bir kazan\u0131m olarak de\u011ferlendiriliyor.<\/p>\n<p>Halk sa\u011fl\u0131\u011f\u0131n\u0131 \u00f6nceleyen yakla\u015f\u0131m\u0131yla bilinen Solako\u011flu\u2019nun, sahadaki uygulamalar\u0131 yak\u0131ndan takip etti\u011fi ifade ediliyor.<\/p>\n<p><strong>Sa\u011fl\u0131k Hizmetlerinde Planlama ve Koordinasyon \u00d6n Planda<\/strong><\/p>\n<p>\u0130l\u00e7e genelinde sa\u011fl\u0131k hizmetlerinin daha etkin y\u00fcr\u00fct\u00fclmesi ad\u0131na planlama \u00e7al\u0131\u015fmalar\u0131na a\u011f\u0131rl\u0131k veren Solako\u011flu, kurumlar aras\u0131 koordinasyonu g\u00fc\u00e7lendirmeye y\u00f6nelik ad\u0131mlar da at\u0131yor. Sa\u011fl\u0131k sisteminin sahadaki i\u015fleyi\u015fini iyile\u015ftirmeyi hedefleyen bu \u00e7al\u0131\u015fmalar\u0131n, k\u0131sa s\u00fcrede olumlu sonu\u00e7lar verdi\u011fi g\u00f6zlemleniyor.<\/p>\n<p><strong>Sahada Aktif M\u00fcd\u00fcr Profili<\/strong><\/p>\n<p>G\u00f6reve geldi\u011fi ilk g\u00fcnden itibaren masa ba\u015f\u0131 y\u00f6netim yerine sahada aktif bir rol \u00fcstlenen Solako\u011flu\u2019nun, sa\u011fl\u0131k kurulu\u015flar\u0131n\u0131 ziyaret ederek yerinde incelemeler yapt\u0131\u011f\u0131 ve ekiplerle birebir ileti\u015fim kurdu\u011fu \u00f6\u011frenildi. Bu yakla\u015f\u0131m, hem sa\u011fl\u0131k \u00e7al\u0131\u015fanlar\u0131 hem de vatanda\u015flar taraf\u0131ndan olumlu kar\u015f\u0131lan\u0131yor.<\/p>\n<p><strong>Vatanda\u015flardan Takdir Toplad\u0131<\/strong><\/p>\n<p>\u00c7orlu\u2019da ya\u015fayan vatanda\u015flar, \u0130l\u00e7e Sa\u011fl\u0131k M\u00fcd\u00fcr\u00fc Solako\u011flu\u2019nun sahada g\u00f6r\u00fcn\u00fcr olmas\u0131n\u0131 ve sorunlara h\u0131zl\u0131 \u00e7\u00f6z\u00fcm \u00fcretmesini takdirle kar\u015f\u0131l\u0131yor. \u00d6zellikle sa\u011fl\u0131k hizmetlerine eri\u015fim ve hizmet kalitesinin art\u0131r\u0131lmas\u0131na y\u00f6nelik \u00e7al\u0131\u015fmalar, il\u00e7e genelinde memnuniyet olu\u015fturdu.<\/p>\n<p>\u00c7orlu\u2019da sa\u011fl\u0131k alan\u0131nda yeni bir dinamizm kazand\u0131ran Solako\u011flu\u2019nun \u00f6n\u00fcm\u00fczdeki s\u00fcre\u00e7te de projeleriyle ad\u0131ndan s\u00f6z ettirmesi bekleniyor.<\/p>\n","protected":false},"excerpt":{"rendered":"<p>\u00c7orlu \u0130l\u00e7e Sa\u011fl\u0131k M\u00fcd\u00fcrl\u00fc\u011f\u00fc g\u00f6revine getirilen Dr. Feride Neval Solako\u011flu, g\u00f6reve ba\u015flad\u0131\u011f\u0131 g\u00fcnden bu yana sa\u011fl\u0131k alan\u0131nda y\u00fcr\u00fctt\u00fc\u011f\u00fc \u00e7al\u0131\u015fmalarla dikkat \u00e7ekiyor. \u00d6zellikle verem sava\u015f hizmetleri konusunda deneyim sahibi olan Solako\u011flu\u2019nun, bu alandaki bilgi birikimini \u00c7orlu\u2019ya ta\u015f\u0131mas\u0131 sa\u011fl\u0131k camias\u0131nda \u00f6nemli bir kazan\u0131m olarak de\u011ferlendiriliyor. Halk sa\u011fl\u0131\u011f\u0131n\u0131 \u00f6nceleyen yakla\u015f\u0131m\u0131yla bilinen Solako\u011flu\u2019nun, sahadaki uygulamalar\u0131 yak\u0131ndan takip etti\u011fi ifade &hellip;<\/p>\n","protected":false},"author":151,"featured_media":119459,"comment_status":"open","ping_status":"open","sticky":false,"template":"","format":"standard","meta":{"footnotes":""},"categories":[27],"tags":[9552,4676,8025,411,9376,15478,33547,2532,33544,33545,22241,4364,33546,3661],"class_list":["post-119458","post","type-post","status-publish","format-standard","has-post-thumbnail","hentry","category-yasam","tag-aktif","tag-aliyor","tag-asayis","tag-corlu","tag-corlu-kaza","tag-corlu-son-dakika-kaza","tag-corluda-saglikta-yeni-donem-dr-feride-neval-solakoglu-sahada-aktif-rol-aliyor","tag-donem","tag-feride","tag-neval","tag-saglikta","tag-sahada","tag-solakoglu","tag-son-dakika-kaza"],"yoast_head":"<!-- This site is optimized with the Yoast SEO Premium plugin v23.3 (Yoast SEO v23.3) - https:\/\/yoast.com\/wordpress\/plugins\/seo\/ -->\n<title>\u00c7orlu\u2019da Sa\u011fl\u0131kta Yeni D\u00f6nem: Dr. Feride Neval Solako\u011flu Sahada Aktif Rol Al\u0131yor | \u00c7orlu&#039;da Haber<\/title>\n<meta name=\"description\" content=\"\u00c7orlu\u2019da Sa\u011fl\u0131kta Yeni D\u00f6nem: Dr. Feride Neval Solako\u011flu Sahada Aktif Rol Al\u0131yor | Ya\u015fam \u00c7orlu&#039;da Haber\" \/>\n<meta name=\"robots\" content=\"index, follow, max-snippet:-1, max-image-preview:large, max-video-preview:-1\" \/>\n<link rel=\"canonical\" href=\"https:\/\/corludahaber.com\/h\/corluda-saglikta-yeni-donem-dr-feride-neval-solakoglu-sahada-aktif-rol-aliyor\/119458\" \/>\n<meta property=\"og:locale\" content=\"tr_TR\" \/>\n<meta property=\"og:type\" content=\"article\" \/>\n<meta property=\"og:title\" content=\"\u00c7orlu\u2019da Sa\u011fl\u0131kta Yeni D\u00f6nem: Dr. Feride Neval Solako\u011flu Sahada Aktif Rol Al\u0131yor | \u00c7orlu&#039;da Haber\" \/>\n<meta property=\"og:description\" content=\"\u00c7orlu\u2019da Sa\u011fl\u0131kta Yeni D\u00f6nem: Dr. Feride Neval Solako\u011flu Sahada Aktif Rol Al\u0131yor | Ya\u015fam \u00c7orlu&#039;da Haber\" \/>\n<meta property=\"og:url\" content=\"https:\/\/corludahaber.com\/h\/corluda-saglikta-yeni-donem-dr-feride-neval-solakoglu-sahada-aktif-rol-aliyor\/119458\" \/>\n<meta property=\"og:site_name\" content=\"\u00c7orlu&#039;da Haber\" \/>\n<meta property=\"article:publisher\" content=\"https:\/\/facebook.com\/habercorluda\" \/>\n<meta property=\"article:published_time\" content=\"2026-04-30T07:11:04+00:00\" \/>\n<meta property=\"article:modified_time\" content=\"2026-04-30T07:11:23+00:00\" \/>\n<meta property=\"og:image\" content=\"http:\/\/corludahaber.com\/h\/wp-content\/uploads\/2026\/04\/ism2jpg.jpg\" \/>\n\t<meta property=\"og:image:width\" content=\"961\" \/>\n\t<meta property=\"og:image:height\" content=\"1000\" \/>\n\t<meta property=\"og:image:type\" content=\"image\/jpeg\" \/>\n<meta name=\"author\" content=\"\u00c7orlu&#039;da Haber\" \/>\n<meta name=\"twitter:card\" content=\"summary_large_image\" \/>\n<meta name=\"twitter:creator\" content=\"@habercorluda\" \/>\n<meta name=\"twitter:site\" content=\"@habercorluda\" \/>\n<meta name=\"twitter:label1\" content=\"Yazan:\" \/>\n\t<meta name=\"twitter:data1\" content=\"\u00c7orlu&#039;da Haber\" \/>\n\t<meta name=\"twitter:label2\" content=\"Tahmini okuma s\u00fcresi\" \/>\n\t<meta name=\"twitter:data2\" content=\"2 dakika\" \/>\n<script type=\"application\/ld+json\" class=\"yoast-schema-graph\">{\"@context\":\"https:\/\/schema.org\",\"@graph\":[{\"@type\":\"Article\",\"@id\":\"https:\/\/corludahaber.com\/h\/corluda-saglikta-yeni-donem-dr-feride-neval-solakoglu-sahada-aktif-rol-aliyor\/119458#article\",\"isPartOf\":{\"@id\":\"https:\/\/corludahaber.com\/h\/corluda-saglikta-yeni-donem-dr-feride-neval-solakoglu-sahada-aktif-rol-aliyor\/119458\"},\"author\":{\"name\":\"\u00c7orlu'da Haber\",\"@id\":\"https:\/\/corludahaber.com\/h\/#\/schema\/person\/b523522be44b062db5d74a62589768cd\"},\"headline\":\"\u00c7orlu\u2019da Sa\u011fl\u0131kta Yeni D\u00f6nem: Dr. Feride Neval Solako\u011flu Sahada Aktif Rol Al\u0131yor\",\"datePublished\":\"2026-04-30T07:11:04+00:00\",\"dateModified\":\"2026-04-30T07:11:23+00:00\",\"mainEntityOfPage\":{\"@id\":\"https:\/\/corludahaber.com\/h\/corluda-saglikta-yeni-donem-dr-feride-neval-solakoglu-sahada-aktif-rol-aliyor\/119458\"},\"wordCount\":336,\"commentCount\":0,\"publisher\":{\"@id\":\"https:\/\/corludahaber.com\/h\/#organization\"},\"image\":{\"@id\":\"https:\/\/corludahaber.com\/h\/corluda-saglikta-yeni-donem-dr-feride-neval-solakoglu-sahada-aktif-rol-aliyor\/119458#primaryimage\"},\"thumbnailUrl\":\"https:\/\/corludahaber.com\/h\/wp-content\/uploads\/2026\/04\/ism2jpg.jpg\",\"keywords\":[\"aktif\",\"Al\u0131yor\",\"asayi\u015f\",\"\u00c7orlu\",\"\u00c7orlu kaza\",\"\u00c7orlu son dakika kaza\",\"\u00c7orlu\u2019da Sa\u011fl\u0131kta Yeni D\u00f6nem: Dr. Feride Neval Solako\u011flu Sahada Aktif Rol Al\u0131yor\",\"D\u00f6nem\",\"Feride\",\"Neval\",\"sa\u011fl\u0131kta\",\"SAHADA\",\"Solako\u011flu\",\"son dakika kaza\"],\"articleSection\":[\"Ya\u015fam\"],\"inLanguage\":\"tr\",\"potentialAction\":[{\"@type\":\"CommentAction\",\"name\":\"Comment\",\"target\":[\"https:\/\/corludahaber.com\/h\/corluda-saglikta-yeni-donem-dr-feride-neval-solakoglu-sahada-aktif-rol-aliyor\/119458#respond\"]}]},{\"@type\":\"WebPage\",\"@id\":\"https:\/\/corludahaber.com\/h\/corluda-saglikta-yeni-donem-dr-feride-neval-solakoglu-sahada-aktif-rol-aliyor\/119458\",\"url\":\"https:\/\/corludahaber.com\/h\/corluda-saglikta-yeni-donem-dr-feride-neval-solakoglu-sahada-aktif-rol-aliyor\/119458\",\"name\":\"\u00c7orlu\u2019da Sa\u011fl\u0131kta Yeni D\u00f6nem: Dr. Feride Neval Solako\u011flu Sahada Aktif Rol Al\u0131yor | \u00c7orlu&#039;da Haber\",\"isPartOf\":{\"@id\":\"https:\/\/corludahaber.com\/h\/#website\"},\"primaryImageOfPage\":{\"@id\":\"https:\/\/corludahaber.com\/h\/corluda-saglikta-yeni-donem-dr-feride-neval-solakoglu-sahada-aktif-rol-aliyor\/119458#primaryimage\"},\"image\":{\"@id\":\"https:\/\/corludahaber.com\/h\/corluda-saglikta-yeni-donem-dr-feride-neval-solakoglu-sahada-aktif-rol-aliyor\/119458#primaryimage\"},\"thumbnailUrl\":\"https:\/\/corludahaber.com\/h\/wp-content\/uploads\/2026\/04\/ism2jpg.jpg\",\"datePublished\":\"2026-04-30T07:11:04+00:00\",\"dateModified\":\"2026-04-30T07:11:23+00:00\",\"description\":\"\u00c7orlu\u2019da Sa\u011fl\u0131kta Yeni D\u00f6nem: Dr. Feride Neval Solako\u011flu Sahada Aktif Rol Al\u0131yor | Ya\u015fam \u00c7orlu&#039;da Haber\",\"breadcrumb\":{\"@id\":\"https:\/\/corludahaber.com\/h\/corluda-saglikta-yeni-donem-dr-feride-neval-solakoglu-sahada-aktif-rol-aliyor\/119458#breadcrumb\"},\"inLanguage\":\"tr\",\"potentialAction\":[{\"@type\":\"ReadAction\",\"target\":[\"https:\/\/corludahaber.com\/h\/corluda-saglikta-yeni-donem-dr-feride-neval-solakoglu-sahada-aktif-rol-aliyor\/119458\"]}]},{\"@type\":\"ImageObject\",\"inLanguage\":\"tr\",\"@id\":\"https:\/\/corludahaber.com\/h\/corluda-saglikta-yeni-donem-dr-feride-neval-solakoglu-sahada-aktif-rol-aliyor\/119458#primaryimage\",\"url\":\"https:\/\/corludahaber.com\/h\/wp-content\/uploads\/2026\/04\/ism2jpg.jpg\",\"contentUrl\":\"https:\/\/corludahaber.com\/h\/wp-content\/uploads\/2026\/04\/ism2jpg.jpg\",\"width\":961,\"height\":1000},{\"@type\":\"BreadcrumbList\",\"@id\":\"https:\/\/corludahaber.com\/h\/corluda-saglikta-yeni-donem-dr-feride-neval-solakoglu-sahada-aktif-rol-aliyor\/119458#breadcrumb\",\"itemListElement\":[{\"@type\":\"ListItem\",\"position\":1,\"name\":\"Anasayfa\",\"item\":\"https:\/\/corludahaber.com\/h\/\"},{\"@type\":\"ListItem\",\"position\":2,\"name\":\"Ya\u015fam\",\"item\":\"https:\/\/corludahaber.com\/h\/kategori\/yasam\"},{\"@type\":\"ListItem\",\"position\":3,\"name\":\"\u00c7orlu\u2019da Sa\u011fl\u0131kta Yeni D\u00f6nem: Dr. Feride Neval Solako\u011flu Sahada Aktif Rol Al\u0131yor\"}]},{\"@type\":\"WebSite\",\"@id\":\"https:\/\/corludahaber.com\/h\/#website\",\"url\":\"https:\/\/corludahaber.com\/h\/\",\"name\":\"\u00c7orlu'da Haber\",\"description\":\"Ger\u00e7ek Tarafs\u0131z Haber\",\"publisher\":{\"@id\":\"https:\/\/corludahaber.com\/h\/#organization\"},\"potentialAction\":[{\"@type\":\"SearchAction\",\"target\":{\"@type\":\"EntryPoint\",\"urlTemplate\":\"https:\/\/corludahaber.com\/h\/?s={search_term_string}\"},\"query-input\":\"required name=search_term_string\"}],\"inLanguage\":\"tr\"},{\"@type\":\"Organization\",\"@id\":\"https:\/\/corludahaber.com\/h\/#organization\",\"name\":\"\u00c7orlu'da Haber\",\"url\":\"https:\/\/corludahaber.com\/h\/\",\"logo\":{\"@type\":\"ImageObject\",\"inLanguage\":\"tr\",\"@id\":\"https:\/\/corludahaber.com\/h\/#\/schema\/logo\/image\/\",\"url\":\"https:\/\/corludahaber.com\/h\/wp-content\/uploads\/2021\/12\/logo__9__1_-removebg-preview.png\",\"contentUrl\":\"https:\/\/corludahaber.com\/h\/wp-content\/uploads\/2021\/12\/logo__9__1_-removebg-preview.png\",\"width\":500,\"height\":157,\"caption\":\"\u00c7orlu'da Haber\"},\"image\":{\"@id\":\"https:\/\/corludahaber.com\/h\/#\/schema\/logo\/image\/\"},\"sameAs\":[\"https:\/\/facebook.com\/habercorluda\",\"https:\/\/x.com\/habercorluda\",\"https:\/\/www.instagram.com\/corludahaber\",\"https:\/\/www.youtube.com\/user\/corludahaber\"]},{\"@type\":\"Person\",\"@id\":\"https:\/\/corludahaber.com\/h\/#\/schema\/person\/b523522be44b062db5d74a62589768cd\",\"name\":\"\u00c7orlu'da Haber\",\"image\":{\"@type\":\"ImageObject\",\"inLanguage\":\"tr\",\"@id\":\"https:\/\/corludahaber.com\/h\/#\/schema\/person\/image\/\",\"url\":\"https:\/\/secure.gravatar.com\/avatar\/1033e54e078c29fd7f053370086ff627ba414b05c2b231c418a481adecd764ce?s=96&d=blank&r=g\",\"contentUrl\":\"https:\/\/secure.gravatar.com\/avatar\/1033e54e078c29fd7f053370086ff627ba414b05c2b231c418a481adecd764ce?s=96&d=blank&r=g\",\"caption\":\"\u00c7orlu'da Haber\"},\"sameAs\":[\"https:\/\/corludahaber.com\/h\"],\"url\":\"https:\/\/corludahaber.com\/h\/author\/admin\"}]}<\/script>\n<!-- \/ Yoast SEO Premium plugin. -->","yoast_head_json":{"title":"\u00c7orlu\u2019da Sa\u011fl\u0131kta Yeni D\u00f6nem: Dr. Feride Neval Solako\u011flu Sahada Aktif Rol Al\u0131yor | \u00c7orlu&#039;da Haber","description":"\u00c7orlu\u2019da Sa\u011fl\u0131kta Yeni D\u00f6nem: Dr. Feride Neval Solako\u011flu Sahada Aktif Rol Al\u0131yor | Ya\u015fam \u00c7orlu&#039;da Haber","robots":{"index":"index","follow":"follow","max-snippet":"max-snippet:-1","max-image-preview":"max-image-preview:large","max-video-preview":"max-video-preview:-1"},"canonical":"https:\/\/corludahaber.com\/h\/corluda-saglikta-yeni-donem-dr-feride-neval-solakoglu-sahada-aktif-rol-aliyor\/119458","og_locale":"tr_TR","og_type":"article","og_title":"\u00c7orlu\u2019da Sa\u011fl\u0131kta Yeni D\u00f6nem: Dr. Feride Neval Solako\u011flu Sahada Aktif Rol Al\u0131yor | \u00c7orlu&#039;da Haber","og_description":"\u00c7orlu\u2019da Sa\u011fl\u0131kta Yeni D\u00f6nem: Dr. Feride Neval Solako\u011flu Sahada Aktif Rol Al\u0131yor | Ya\u015fam \u00c7orlu&#039;da Haber","og_url":"https:\/\/corludahaber.com\/h\/corluda-saglikta-yeni-donem-dr-feride-neval-solakoglu-sahada-aktif-rol-aliyor\/119458","og_site_name":"\u00c7orlu&#039;da Haber","article_publisher":"https:\/\/facebook.com\/habercorluda","article_published_time":"2026-04-30T07:11:04+00:00","article_modified_time":"2026-04-30T07:11:23+00:00","og_image":[{"width":961,"height":1000,"url":"http:\/\/corludahaber.com\/h\/wp-content\/uploads\/2026\/04\/ism2jpg.jpg","type":"image\/jpeg"}],"author":"\u00c7orlu'da Haber","twitter_card":"summary_large_image","twitter_creator":"@habercorluda","twitter_site":"@habercorluda","twitter_misc":{"Yazan:":"\u00c7orlu'da Haber","Tahmini okuma s\u00fcresi":"2 dakika"},"schema":{"@context":"https:\/\/schema.org","@graph":[{"@type":"Article","@id":"https:\/\/corludahaber.com\/h\/corluda-saglikta-yeni-donem-dr-feride-neval-solakoglu-sahada-aktif-rol-aliyor\/119458#article","isPartOf":{"@id":"https:\/\/corludahaber.com\/h\/corluda-saglikta-yeni-donem-dr-feride-neval-solakoglu-sahada-aktif-rol-aliyor\/119458"},"author":{"name":"\u00c7orlu'da Haber","@id":"https:\/\/corludahaber.com\/h\/#\/schema\/person\/b523522be44b062db5d74a62589768cd"},"headline":"\u00c7orlu\u2019da Sa\u011fl\u0131kta Yeni D\u00f6nem: Dr. Feride Neval Solako\u011flu Sahada Aktif Rol Al\u0131yor","datePublished":"2026-04-30T07:11:04+00:00","dateModified":"2026-04-30T07:11:23+00:00","mainEntityOfPage":{"@id":"https:\/\/corludahaber.com\/h\/corluda-saglikta-yeni-donem-dr-feride-neval-solakoglu-sahada-aktif-rol-aliyor\/119458"},"wordCount":336,"commentCount":0,"publisher":{"@id":"https:\/\/corludahaber.com\/h\/#organization"},"image":{"@id":"https:\/\/corludahaber.com\/h\/corluda-saglikta-yeni-donem-dr-feride-neval-solakoglu-sahada-aktif-rol-aliyor\/119458#primaryimage"},"thumbnailUrl":"https:\/\/corludahaber.com\/h\/wp-content\/uploads\/2026\/04\/ism2jpg.jpg","keywords":["aktif","Al\u0131yor","asayi\u015f","\u00c7orlu","\u00c7orlu kaza","\u00c7orlu son dakika kaza","\u00c7orlu\u2019da Sa\u011fl\u0131kta Yeni D\u00f6nem: Dr. Feride Neval Solako\u011flu Sahada Aktif Rol Al\u0131yor","D\u00f6nem","Feride","Neval","sa\u011fl\u0131kta","SAHADA","Solako\u011flu","son dakika kaza"],"articleSection":["Ya\u015fam"],"inLanguage":"tr","potentialAction":[{"@type":"CommentAction","name":"Comment","target":["https:\/\/corludahaber.com\/h\/corluda-saglikta-yeni-donem-dr-feride-neval-solakoglu-sahada-aktif-rol-aliyor\/119458#respond"]}]},{"@type":"WebPage","@id":"https:\/\/corludahaber.com\/h\/corluda-saglikta-yeni-donem-dr-feride-neval-solakoglu-sahada-aktif-rol-aliyor\/119458","url":"https:\/\/corludahaber.com\/h\/corluda-saglikta-yeni-donem-dr-feride-neval-solakoglu-sahada-aktif-rol-aliyor\/119458","name":"\u00c7orlu\u2019da Sa\u011fl\u0131kta Yeni D\u00f6nem: Dr. Feride Neval Solako\u011flu Sahada Aktif Rol Al\u0131yor | \u00c7orlu&#039;da Haber","isPartOf":{"@id":"https:\/\/corludahaber.com\/h\/#website"},"primaryImageOfPage":{"@id":"https:\/\/corludahaber.com\/h\/corluda-saglikta-yeni-donem-dr-feride-neval-solakoglu-sahada-aktif-rol-aliyor\/119458#primaryimage"},"image":{"@id":"https:\/\/corludahaber.com\/h\/corluda-saglikta-yeni-donem-dr-feride-neval-solakoglu-sahada-aktif-rol-aliyor\/119458#primaryimage"},"thumbnailUrl":"https:\/\/corludahaber.com\/h\/wp-content\/uploads\/2026\/04\/ism2jpg.jpg","datePublished":"2026-04-30T07:11:04+00:00","dateModified":"2026-04-30T07:11:23+00:00","description":"\u00c7orlu\u2019da Sa\u011fl\u0131kta Yeni D\u00f6nem: Dr. Feride Neval Solako\u011flu Sahada Aktif Rol Al\u0131yor | Ya\u015fam \u00c7orlu&#039;da Haber","breadcrumb":{"@id":"https:\/\/corludahaber.com\/h\/corluda-saglikta-yeni-donem-dr-feride-neval-solakoglu-sahada-aktif-rol-aliyor\/119458#breadcrumb"},"inLanguage":"tr","potentialAction":[{"@type":"ReadAction","target":["https:\/\/corludahaber.com\/h\/corluda-saglikta-yeni-donem-dr-feride-neval-solakoglu-sahada-aktif-rol-aliyor\/119458"]}]},{"@type":"ImageObject","inLanguage":"tr","@id":"https:\/\/corludahaber.com\/h\/corluda-saglikta-yeni-donem-dr-feride-neval-solakoglu-sahada-aktif-rol-aliyor\/119458#primaryimage","url":"https:\/\/corludahaber.com\/h\/wp-content\/uploads\/2026\/04\/ism2jpg.jpg","contentUrl":"https:\/\/corludahaber.com\/h\/wp-content\/uploads\/2026\/04\/ism2jpg.jpg","width":961,"height":1000},{"@type":"BreadcrumbList","@id":"https:\/\/corludahaber.com\/h\/corluda-saglikta-yeni-donem-dr-feride-neval-solakoglu-sahada-aktif-rol-aliyor\/119458#breadcrumb","itemListElement":[{"@type":"ListItem","position":1,"name":"Anasayfa","item":"https:\/\/corludahaber.com\/h\/"},{"@type":"ListItem","position":2,"name":"Ya\u015fam","item":"https:\/\/corludahaber.com\/h\/kategori\/yasam"},{"@type":"ListItem","position":3,"name":"\u00c7orlu\u2019da Sa\u011fl\u0131kta Yeni D\u00f6nem: Dr. Feride Neval Solako\u011flu Sahada Aktif Rol Al\u0131yor"}]},{"@type":"WebSite","@id":"https:\/\/corludahaber.com\/h\/#website","url":"https:\/\/corludahaber.com\/h\/","name":"\u00c7orlu'da Haber","description":"Ger\u00e7ek Tarafs\u0131z Haber","publisher":{"@id":"https:\/\/corludahaber.com\/h\/#organization"},"potentialAction":[{"@type":"SearchAction","target":{"@type":"EntryPoint","urlTemplate":"https:\/\/corludahaber.com\/h\/?s={search_term_string}"},"query-input":"required name=search_term_string"}],"inLanguage":"tr"},{"@type":"Organization","@id":"https:\/\/corludahaber.com\/h\/#organization","name":"\u00c7orlu'da Haber","url":"https:\/\/corludahaber.com\/h\/","logo":{"@type":"ImageObject","inLanguage":"tr","@id":"https:\/\/corludahaber.com\/h\/#\/schema\/logo\/image\/","url":"https:\/\/corludahaber.com\/h\/wp-content\/uploads\/2021\/12\/logo__9__1_-removebg-preview.png","contentUrl":"https:\/\/corludahaber.com\/h\/wp-content\/uploads\/2021\/12\/logo__9__1_-removebg-preview.png","width":500,"height":157,"caption":"\u00c7orlu'da Haber"},"image":{"@id":"https:\/\/corludahaber.com\/h\/#\/schema\/logo\/image\/"},"sameAs":["https:\/\/facebook.com\/habercorluda","https:\/\/x.com\/habercorluda","https:\/\/www.instagram.com\/corludahaber","https:\/\/www.youtube.com\/user\/corludahaber"]},{"@type":"Person","@id":"https:\/\/corludahaber.com\/h\/#\/schema\/person\/b523522be44b062db5d74a62589768cd","name":"\u00c7orlu'da Haber","image":{"@type":"ImageObject","inLanguage":"tr","@id":"https:\/\/corludahaber.com\/h\/#\/schema\/person\/image\/","url":"https:\/\/secure.gravatar.com\/avatar\/1033e54e078c29fd7f053370086ff627ba414b05c2b231c418a481adecd764ce?s=96&d=blank&r=g","contentUrl":"https:\/\/secure.gravatar.com\/avatar\/1033e54e078c29fd7f053370086ff627ba414b05c2b231c418a481adecd764ce?s=96&d=blank&r=g","caption":"\u00c7orlu'da Haber"},"sameAs":["https:\/\/corludahaber.com\/h"],"url":"https:\/\/corludahaber.com\/h\/author\/admin"}]}},"_links":{"self":[{"href":"https:\/\/corludahaber.com\/h\/wp-json\/wp\/v2\/posts\/119458","targetHints":{"allow":["GET"]}}],"collection":[{"href":"https:\/\/corludahaber.com\/h\/wp-json\/wp\/v2\/posts"}],"about":[{"href":"https:\/\/corludahaber.com\/h\/wp-json\/wp\/v2\/types\/post"}],"author":[{"embeddable":true,"href":"https:\/\/corludahaber.com\/h\/wp-json\/wp\/v2\/users\/151"}],"replies":[{"embeddable":true,"href":"https:\/\/corludahaber.com\/h\/wp-json\/wp\/v2\/comments?post=119458"}],"version-history":[{"count":1,"href":"https:\/\/corludahaber.com\/h\/wp-json\/wp\/v2\/posts\/119458\/revisions"}],"predecessor-version":[{"id":119460,"href":"https:\/\/corludahaber.com\/h\/wp-json\/wp\/v2\/posts\/119458\/revisions\/119460"}],"wp:featuredmedia":[{"embeddable":true,"href":"https:\/\/corludahaber.com\/h\/wp-json\/wp\/v2\/media\/119459"}],"wp:attachment":[{"href":"https:\/\/corludahaber.com\/h\/wp-json\/wp\/v2\/media?parent=119458"}],"wp:term":[{"taxonomy":"category","embeddable":true,"href":"https:\/\/corludahaber.com\/h\/wp-json\/wp\/v2\/categories?post=119458"},{"taxonomy":"post_tag","embeddable":true,"href":"https:\/\/corludahaber.com\/h\/wp-json\/wp\/v2\/tags?post=119458"}],"curies":[{"name":"wp","href":"https:\/\/api.w.org\/{rel}","templated":true}]}}