{"id":119447,"date":"2026-04-29T21:40:48","date_gmt":"2026-04-29T18:40:48","guid":{"rendered":"https:\/\/corludahaber.com\/h\/?p=119447"},"modified":"2026-04-29T21:40:48","modified_gmt":"2026-04-29T18:40:48","slug":"corluda-rahatsizlanan-asker-hayatini-kaybetti","status":"publish","type":"post","link":"https:\/\/corludahaber.com\/h\/corluda-rahatsizlanan-asker-hayatini-kaybetti\/119447","title":{"rendered":"\u00c7orlu\u2019da Rahats\u0131zlanan Asker Hayat\u0131n\u0131 Kaybetti"},"content":{"rendered":"<div class=\"corlu-icerikten-once_3\" id=\"corlu-1074382402\"><script type='text\/javascript' src='https:\/\/platform-api.sharethis.com\/js\/sharethis.js#property=5ce8cf08af7d000012cb0ca1&product=inline-reaction-buttons' async='async'><\/script>\r\n\r\n<\/div><p><strong>\u00c7orlu\u2019da Vatani G\u00f6revini Yaparken Rahats\u0131zlanan Gen\u00e7 Asker Hayat\u0131n\u0131 Kaybetti<\/strong><\/p><div class=\"corlu-icerik-2\" id=\"corlu-3079829373\"><!-- Admatic AUTO ads START -->\r\n<ins data-publisher=\"adm-pub-155556240050\" data-ad-network=\"659428a24d11b285b616c18d\"   class=\"adm-ads-area\"><\/ins>\r\n<script type=\"text\/javascript\" src=\"https:\/\/static.cdn.admatic.com.tr\/showad\/showad.min.js\"><\/script>\r\n<!-- Admatic AUTO ads END --><\/div>\n<p>\u00c7orlu\u2019da vatani g\u00f6revini yapt\u0131\u011f\u0131 s\u0131rada rahats\u0131zlanan 23 ya\u015f\u0131ndaki Mertcan Bereketo\u011flu, 13 g\u00fcn s\u00fcren ya\u015fam m\u00fccadelesini kaybetti. Gen\u00e7 askerin vefat\u0131 hem \u00c7orlu\u2019da hem de memleketi Trabzon\u2019da b\u00fcy\u00fck \u00fcz\u00fcnt\u00fc yaratt\u0131.<\/p>\n<p>Trabzon\u2019un Ortahisar il\u00e7esi Pelitli Mahallesi n\u00fcfusuna kay\u0131tl\u0131 olan Mertcan Bereketo\u011flu\u2019nun, askerlik g\u00f6revini s\u00fcrd\u00fcrd\u00fc\u011f\u00fc \u00c7orlu\u2019da aniden rahats\u0131zland\u0131\u011f\u0131 \u00f6\u011frenildi.<\/p>\n<p>Edinilen bilgilere g\u00f6re gen\u00e7 askerin ci\u011ferlerinde olu\u015fan rahats\u0131zl\u0131k nedeniyle sa\u011fl\u0131k durumu k\u0131sa s\u00fcrede a\u011f\u0131rla\u015ft\u0131. Durumunun k\u00f6t\u00fcle\u015fmesi \u00fczerine hastaneye kald\u0131r\u0131lan Bereketo\u011flu, yo\u011fun bak\u0131m \u00fcnitesinde tedavi alt\u0131na al\u0131nd\u0131.<\/p>\n<p><strong>13 G\u00fcnl\u00fck Ya\u015fam M\u00fccadelesi<\/strong><\/p>\n<p>\u00c7orlu\u2019da hastanede 13 g\u00fcn boyunca yo\u011fun bak\u0131mda tedavi g\u00f6ren Mertcan Bereketo\u011flu i\u00e7in doktorlar seferber oldu. Ancak yap\u0131lan t\u00fcm m\u00fcdahalelere ra\u011fmen gen\u00e7 asker kurtar\u0131lamad\u0131.<\/p>\n<p>Hen\u00fcz 23 ya\u015f\u0131nda hayat\u0131n\u0131 kaybeden Bereketo\u011flu\u2019nun vefat haberi, ailesini, yak\u0131nlar\u0131n\u0131 ve sevenlerini yasa bo\u011fdu.<\/p>\n<p><strong>\u00c7orlu ve Trabzon Yasta<\/strong><\/p>\n<p>Vatani g\u00f6revini yapt\u0131\u011f\u0131 \u00c7orlu\u2019da ya\u015fam\u0131n\u0131 yitiren gen\u00e7 asker i\u00e7in sosyal medyada \u00e7ok say\u0131da taziye mesaj\u0131 payla\u015f\u0131ld\u0131. \u00d6zellikle memleketi Trabzon\u2019da b\u00fcy\u00fck \u00fcz\u00fcnt\u00fcye neden olan ac\u0131 haber, sevenlerini derinden sarst\u0131.<\/p>\n<p>Gen\u00e7 ya\u015fta gelen vefat haberi sonras\u0131 ailesinin b\u00fcy\u00fck bir ac\u0131 ya\u015fad\u0131\u011f\u0131 \u00f6\u011frenilirken, Mertcan Bereketo\u011flu\u2019nun cenaze program\u0131na ili\u015fkin bilgilerin daha sonra netle\u015fmesi bekleniyor.<\/p>\n<div class=\"corlu-icerikten-sonra_3\" id=\"corlu-4065641080\"><p><img loading=\"lazy\" decoding=\"async\" class=\"aligncenter\" src=\"https:\/\/www.corludahaber.com\/bahcesehir.jpg\" alt=\"\" width=\"624\" height=\"196\" \/><\/p>\n<table style=\"text-align: left; width: 100%;\" border=\"1\" cellspacing=\"2\" cellpadding=\"2\">\n<tbody>\n<tr>\n<td style=\"background-color: #050805;\"><span style=\"font-size: 12pt;\"><small><small><em><strong><big><span style=\"color: #ff0000;\">Haber ve resimlerin telif haklar\u0131ndan dolay\u0131 kullan\u0131m\u0131 yasakt\u0131r<span style=\"color: #000000;\">.<\/span><\/span><span style=\"color: #000000;\">\u00a0<\/span><span style=\"color: #ffffff;\">Yaz\u0131l\u0131 izni al\u0131nmadan hi\u00e7bir yaz\u0131l\u0131, g\u00f6rsel, i\u015fitsel i\u00e7erik kopyalanamaz, de\u011fi\u015ftirilemez, yay\u0131nlanamaz veya sat\u0131lamaz. Aksi halde<\/span>\u00a0<span style=\"color: #ff0000;\">5846<span style=\"color: #ffffff;\">\u00a0<\/span><\/span><span style=\"color: #ffffff;\">say\u0131l\u0131 Fikir ve Sanat Eserleri Kanunu\u2019na ve<\/span>\u00a0<span style=\"color: #800000;\"><span style=\"color: #ff0000;\">6102<\/span><span style=\"color: #ffffff;\">\u00a0<\/span><\/span><span style=\"color: #ffffff;\">say\u0131l\u0131 maddesine g\u00f6re<\/span>\u00a0<span style=\"color: #ff0000;\">gerekli i\u015flemler uygulanacakt\u0131r.<\/span><br \/>\n<span style=\"color: #ffffff;\">\u00a9 Copyright 2014<\/span><\/big><\/strong><\/em><\/small><\/small><\/span><\/td>\n<\/tr>\n<\/tbody>\n<\/table>\n<p><small><small>\u00a0<\/small><\/small><\/p>\n<\/div>","protected":false},"excerpt":{"rendered":"<p>\u00c7orlu\u2019da Vatani G\u00f6revini Yaparken Rahats\u0131zlanan Gen\u00e7 Asker Hayat\u0131n\u0131 Kaybetti \u00c7orlu\u2019da vatani g\u00f6revini yapt\u0131\u011f\u0131 s\u0131rada rahats\u0131zlanan 23 ya\u015f\u0131ndaki Mertcan Bereketo\u011flu, 13 g\u00fcn s\u00fcren ya\u015fam m\u00fccadelesini kaybetti. Gen\u00e7 askerin vefat\u0131 hem \u00c7orlu\u2019da hem de memleketi Trabzon\u2019da b\u00fcy\u00fck \u00fcz\u00fcnt\u00fc yaratt\u0131. Trabzon\u2019un Ortahisar il\u00e7esi Pelitli Mahallesi n\u00fcfusuna kay\u0131tl\u0131 olan Mertcan Bereketo\u011flu\u2019nun, askerlik g\u00f6revini s\u00fcrd\u00fcrd\u00fc\u011f\u00fc \u00c7orlu\u2019da aniden rahats\u0131zland\u0131\u011f\u0131 \u00f6\u011frenildi. Edinilen &hellip;<\/p>\n","protected":false},"author":151,"featured_media":119448,"comment_status":"open","ping_status":"open","sticky":false,"template":"","format":"standard","meta":{"footnotes":""},"categories":[27],"tags":[8025,1953,411,9376,15478,33538,561,562,33537,3661],"class_list":["post-119447","post","type-post","status-publish","format-standard","has-post-thumbnail","hentry","category-yasam","tag-asayis","tag-asker","tag-corlu","tag-corlu-kaza","tag-corlu-son-dakika-kaza","tag-corluda-rahatsizlanan-asker-hayatini-kaybetti","tag-hayatini","tag-kaybetti","tag-rahatsizlanan","tag-son-dakika-kaza"],"yoast_head":"<!-- This site is optimized with the Yoast SEO Premium plugin v23.3 (Yoast SEO v23.3) - https:\/\/yoast.com\/wordpress\/plugins\/seo\/ -->\n<title>\u00c7orlu\u2019da Rahats\u0131zlanan Asker Hayat\u0131n\u0131 Kaybetti | \u00c7orlu&#039;da Haber<\/title>\n<meta name=\"description\" content=\"\u00c7orlu\u2019da Rahats\u0131zlanan Asker Hayat\u0131n\u0131 Kaybetti | Ya\u015fam \u00c7orlu&#039;da Haber\" \/>\n<meta name=\"robots\" content=\"index, follow, max-snippet:-1, max-image-preview:large, max-video-preview:-1\" \/>\n<link rel=\"canonical\" href=\"https:\/\/corludahaber.com\/h\/corluda-rahatsizlanan-asker-hayatini-kaybetti\/119447\" \/>\n<meta property=\"og:locale\" content=\"tr_TR\" \/>\n<meta property=\"og:type\" content=\"article\" \/>\n<meta property=\"og:title\" content=\"\u00c7orlu\u2019da Rahats\u0131zlanan Asker Hayat\u0131n\u0131 Kaybetti | \u00c7orlu&#039;da Haber\" \/>\n<meta property=\"og:description\" content=\"\u00c7orlu\u2019da Rahats\u0131zlanan Asker Hayat\u0131n\u0131 Kaybetti | Ya\u015fam \u00c7orlu&#039;da Haber\" \/>\n<meta property=\"og:url\" content=\"https:\/\/corludahaber.com\/h\/corluda-rahatsizlanan-asker-hayatini-kaybetti\/119447\" \/>\n<meta property=\"og:site_name\" content=\"\u00c7orlu&#039;da Haber\" \/>\n<meta property=\"article:publisher\" content=\"https:\/\/facebook.com\/habercorluda\" \/>\n<meta property=\"article:published_time\" content=\"2026-04-29T18:40:48+00:00\" \/>\n<meta property=\"og:image\" content=\"http:\/\/corludahaber.com\/h\/wp-content\/uploads\/2026\/04\/CORLUDA_20260429_214017_0000-1030x586.png\" \/>\n\t<meta property=\"og:image:width\" content=\"1030\" \/>\n\t<meta property=\"og:image:height\" content=\"586\" \/>\n\t<meta property=\"og:image:type\" content=\"image\/png\" \/>\n<meta name=\"author\" content=\"\u00c7orlu&#039;da Haber\" \/>\n<meta name=\"twitter:card\" content=\"summary_large_image\" \/>\n<meta name=\"twitter:creator\" content=\"@habercorluda\" \/>\n<meta name=\"twitter:site\" content=\"@habercorluda\" \/>\n<meta name=\"twitter:label1\" content=\"Yazan:\" \/>\n\t<meta name=\"twitter:data1\" content=\"\u00c7orlu&#039;da Haber\" \/>\n\t<meta name=\"twitter:label2\" content=\"Tahmini okuma s\u00fcresi\" \/>\n\t<meta name=\"twitter:data2\" content=\"2 dakika\" \/>\n<script type=\"application\/ld+json\" class=\"yoast-schema-graph\">{\"@context\":\"https:\/\/schema.org\",\"@graph\":[{\"@type\":\"Article\",\"@id\":\"https:\/\/corludahaber.com\/h\/corluda-rahatsizlanan-asker-hayatini-kaybetti\/119447#article\",\"isPartOf\":{\"@id\":\"https:\/\/corludahaber.com\/h\/corluda-rahatsizlanan-asker-hayatini-kaybetti\/119447\"},\"author\":{\"name\":\"\u00c7orlu'da Haber\",\"@id\":\"https:\/\/corludahaber.com\/h\/#\/schema\/person\/b523522be44b062db5d74a62589768cd\"},\"headline\":\"\u00c7orlu\u2019da Rahats\u0131zlanan Asker Hayat\u0131n\u0131 Kaybetti\",\"datePublished\":\"2026-04-29T18:40:48+00:00\",\"dateModified\":\"2026-04-29T18:40:48+00:00\",\"mainEntityOfPage\":{\"@id\":\"https:\/\/corludahaber.com\/h\/corluda-rahatsizlanan-asker-hayatini-kaybetti\/119447\"},\"wordCount\":274,\"commentCount\":0,\"publisher\":{\"@id\":\"https:\/\/corludahaber.com\/h\/#organization\"},\"image\":{\"@id\":\"https:\/\/corludahaber.com\/h\/corluda-rahatsizlanan-asker-hayatini-kaybetti\/119447#primaryimage\"},\"thumbnailUrl\":\"https:\/\/corludahaber.com\/h\/wp-content\/uploads\/2026\/04\/CORLUDA_20260429_214017_0000.png\",\"keywords\":[\"asayi\u015f\",\"Asker\",\"\u00c7orlu\",\"\u00c7orlu kaza\",\"\u00c7orlu son dakika kaza\",\"\u00c7orlu\u2019da Rahats\u0131zlanan Asker Hayat\u0131n\u0131 Kaybetti\",\"Hayat\u0131n\u0131\",\"Kaybetti\",\"Rahats\u0131zlanan\",\"son dakika kaza\"],\"articleSection\":[\"Ya\u015fam\"],\"inLanguage\":\"tr\",\"potentialAction\":[{\"@type\":\"CommentAction\",\"name\":\"Comment\",\"target\":[\"https:\/\/corludahaber.com\/h\/corluda-rahatsizlanan-asker-hayatini-kaybetti\/119447#respond\"]}]},{\"@type\":\"WebPage\",\"@id\":\"https:\/\/corludahaber.com\/h\/corluda-rahatsizlanan-asker-hayatini-kaybetti\/119447\",\"url\":\"https:\/\/corludahaber.com\/h\/corluda-rahatsizlanan-asker-hayatini-kaybetti\/119447\",\"name\":\"\u00c7orlu\u2019da Rahats\u0131zlanan Asker Hayat\u0131n\u0131 Kaybetti | \u00c7orlu&#039;da Haber\",\"isPartOf\":{\"@id\":\"https:\/\/corludahaber.com\/h\/#website\"},\"primaryImageOfPage\":{\"@id\":\"https:\/\/corludahaber.com\/h\/corluda-rahatsizlanan-asker-hayatini-kaybetti\/119447#primaryimage\"},\"image\":{\"@id\":\"https:\/\/corludahaber.com\/h\/corluda-rahatsizlanan-asker-hayatini-kaybetti\/119447#primaryimage\"},\"thumbnailUrl\":\"https:\/\/corludahaber.com\/h\/wp-content\/uploads\/2026\/04\/CORLUDA_20260429_214017_0000.png\",\"datePublished\":\"2026-04-29T18:40:48+00:00\",\"dateModified\":\"2026-04-29T18:40:48+00:00\",\"description\":\"\u00c7orlu\u2019da Rahats\u0131zlanan Asker Hayat\u0131n\u0131 Kaybetti | Ya\u015fam \u00c7orlu&#039;da Haber\",\"breadcrumb\":{\"@id\":\"https:\/\/corludahaber.com\/h\/corluda-rahatsizlanan-asker-hayatini-kaybetti\/119447#breadcrumb\"},\"inLanguage\":\"tr\",\"potentialAction\":[{\"@type\":\"ReadAction\",\"target\":[\"https:\/\/corludahaber.com\/h\/corluda-rahatsizlanan-asker-hayatini-kaybetti\/119447\"]}]},{\"@type\":\"ImageObject\",\"inLanguage\":\"tr\",\"@id\":\"https:\/\/corludahaber.com\/h\/corluda-rahatsizlanan-asker-hayatini-kaybetti\/119447#primaryimage\",\"url\":\"https:\/\/corludahaber.com\/h\/wp-content\/uploads\/2026\/04\/CORLUDA_20260429_214017_0000.png\",\"contentUrl\":\"https:\/\/corludahaber.com\/h\/wp-content\/uploads\/2026\/04\/CORLUDA_20260429_214017_0000.png\",\"width\":1662,\"height\":946},{\"@type\":\"BreadcrumbList\",\"@id\":\"https:\/\/corludahaber.com\/h\/corluda-rahatsizlanan-asker-hayatini-kaybetti\/119447#breadcrumb\",\"itemListElement\":[{\"@type\":\"ListItem\",\"position\":1,\"name\":\"Anasayfa\",\"item\":\"https:\/\/corludahaber.com\/h\/\"},{\"@type\":\"ListItem\",\"position\":2,\"name\":\"Ya\u015fam\",\"item\":\"https:\/\/corludahaber.com\/h\/kategori\/yasam\"},{\"@type\":\"ListItem\",\"position\":3,\"name\":\"\u00c7orlu\u2019da Rahats\u0131zlanan Asker Hayat\u0131n\u0131 Kaybetti\"}]},{\"@type\":\"WebSite\",\"@id\":\"https:\/\/corludahaber.com\/h\/#website\",\"url\":\"https:\/\/corludahaber.com\/h\/\",\"name\":\"\u00c7orlu'da Haber\",\"description\":\"Ger\u00e7ek Tarafs\u0131z Haber\",\"publisher\":{\"@id\":\"https:\/\/corludahaber.com\/h\/#organization\"},\"potentialAction\":[{\"@type\":\"SearchAction\",\"target\":{\"@type\":\"EntryPoint\",\"urlTemplate\":\"https:\/\/corludahaber.com\/h\/?s={search_term_string}\"},\"query-input\":\"required name=search_term_string\"}],\"inLanguage\":\"tr\"},{\"@type\":\"Organization\",\"@id\":\"https:\/\/corludahaber.com\/h\/#organization\",\"name\":\"\u00c7orlu'da Haber\",\"url\":\"https:\/\/corludahaber.com\/h\/\",\"logo\":{\"@type\":\"ImageObject\",\"inLanguage\":\"tr\",\"@id\":\"https:\/\/corludahaber.com\/h\/#\/schema\/logo\/image\/\",\"url\":\"https:\/\/corludahaber.com\/h\/wp-content\/uploads\/2021\/12\/logo__9__1_-removebg-preview.png\",\"contentUrl\":\"https:\/\/corludahaber.com\/h\/wp-content\/uploads\/2021\/12\/logo__9__1_-removebg-preview.png\",\"width\":500,\"height\":157,\"caption\":\"\u00c7orlu'da Haber\"},\"image\":{\"@id\":\"https:\/\/corludahaber.com\/h\/#\/schema\/logo\/image\/\"},\"sameAs\":[\"https:\/\/facebook.com\/habercorluda\",\"https:\/\/x.com\/habercorluda\",\"https:\/\/www.instagram.com\/corludahaber\",\"https:\/\/www.youtube.com\/user\/corludahaber\"]},{\"@type\":\"Person\",\"@id\":\"https:\/\/corludahaber.com\/h\/#\/schema\/person\/b523522be44b062db5d74a62589768cd\",\"name\":\"\u00c7orlu'da Haber\",\"image\":{\"@type\":\"ImageObject\",\"inLanguage\":\"tr\",\"@id\":\"https:\/\/corludahaber.com\/h\/#\/schema\/person\/image\/\",\"url\":\"https:\/\/secure.gravatar.com\/avatar\/1033e54e078c29fd7f053370086ff627ba414b05c2b231c418a481adecd764ce?s=96&d=blank&r=g\",\"contentUrl\":\"https:\/\/secure.gravatar.com\/avatar\/1033e54e078c29fd7f053370086ff627ba414b05c2b231c418a481adecd764ce?s=96&d=blank&r=g\",\"caption\":\"\u00c7orlu'da Haber\"},\"sameAs\":[\"https:\/\/corludahaber.com\/h\"],\"url\":\"https:\/\/corludahaber.com\/h\/author\/admin\"}]}<\/script>\n<!-- \/ Yoast SEO Premium plugin. -->","yoast_head_json":{"title":"\u00c7orlu\u2019da Rahats\u0131zlanan Asker Hayat\u0131n\u0131 Kaybetti | \u00c7orlu&#039;da Haber","description":"\u00c7orlu\u2019da Rahats\u0131zlanan Asker Hayat\u0131n\u0131 Kaybetti | Ya\u015fam \u00c7orlu&#039;da Haber","robots":{"index":"index","follow":"follow","max-snippet":"max-snippet:-1","max-image-preview":"max-image-preview:large","max-video-preview":"max-video-preview:-1"},"canonical":"https:\/\/corludahaber.com\/h\/corluda-rahatsizlanan-asker-hayatini-kaybetti\/119447","og_locale":"tr_TR","og_type":"article","og_title":"\u00c7orlu\u2019da Rahats\u0131zlanan Asker Hayat\u0131n\u0131 Kaybetti | \u00c7orlu&#039;da Haber","og_description":"\u00c7orlu\u2019da Rahats\u0131zlanan Asker Hayat\u0131n\u0131 Kaybetti | Ya\u015fam \u00c7orlu&#039;da Haber","og_url":"https:\/\/corludahaber.com\/h\/corluda-rahatsizlanan-asker-hayatini-kaybetti\/119447","og_site_name":"\u00c7orlu&#039;da Haber","article_publisher":"https:\/\/facebook.com\/habercorluda","article_published_time":"2026-04-29T18:40:48+00:00","og_image":[{"width":1030,"height":586,"url":"http:\/\/corludahaber.com\/h\/wp-content\/uploads\/2026\/04\/CORLUDA_20260429_214017_0000-1030x586.png","type":"image\/png"}],"author":"\u00c7orlu'da Haber","twitter_card":"summary_large_image","twitter_creator":"@habercorluda","twitter_site":"@habercorluda","twitter_misc":{"Yazan:":"\u00c7orlu'da Haber","Tahmini okuma s\u00fcresi":"2 dakika"},"schema":{"@context":"https:\/\/schema.org","@graph":[{"@type":"Article","@id":"https:\/\/corludahaber.com\/h\/corluda-rahatsizlanan-asker-hayatini-kaybetti\/119447#article","isPartOf":{"@id":"https:\/\/corludahaber.com\/h\/corluda-rahatsizlanan-asker-hayatini-kaybetti\/119447"},"author":{"name":"\u00c7orlu'da Haber","@id":"https:\/\/corludahaber.com\/h\/#\/schema\/person\/b523522be44b062db5d74a62589768cd"},"headline":"\u00c7orlu\u2019da Rahats\u0131zlanan Asker Hayat\u0131n\u0131 Kaybetti","datePublished":"2026-04-29T18:40:48+00:00","dateModified":"2026-04-29T18:40:48+00:00","mainEntityOfPage":{"@id":"https:\/\/corludahaber.com\/h\/corluda-rahatsizlanan-asker-hayatini-kaybetti\/119447"},"wordCount":274,"commentCount":0,"publisher":{"@id":"https:\/\/corludahaber.com\/h\/#organization"},"image":{"@id":"https:\/\/corludahaber.com\/h\/corluda-rahatsizlanan-asker-hayatini-kaybetti\/119447#primaryimage"},"thumbnailUrl":"https:\/\/corludahaber.com\/h\/wp-content\/uploads\/2026\/04\/CORLUDA_20260429_214017_0000.png","keywords":["asayi\u015f","Asker","\u00c7orlu","\u00c7orlu kaza","\u00c7orlu son dakika kaza","\u00c7orlu\u2019da Rahats\u0131zlanan Asker Hayat\u0131n\u0131 Kaybetti","Hayat\u0131n\u0131","Kaybetti","Rahats\u0131zlanan","son dakika kaza"],"articleSection":["Ya\u015fam"],"inLanguage":"tr","potentialAction":[{"@type":"CommentAction","name":"Comment","target":["https:\/\/corludahaber.com\/h\/corluda-rahatsizlanan-asker-hayatini-kaybetti\/119447#respond"]}]},{"@type":"WebPage","@id":"https:\/\/corludahaber.com\/h\/corluda-rahatsizlanan-asker-hayatini-kaybetti\/119447","url":"https:\/\/corludahaber.com\/h\/corluda-rahatsizlanan-asker-hayatini-kaybetti\/119447","name":"\u00c7orlu\u2019da Rahats\u0131zlanan Asker Hayat\u0131n\u0131 Kaybetti | \u00c7orlu&#039;da Haber","isPartOf":{"@id":"https:\/\/corludahaber.com\/h\/#website"},"primaryImageOfPage":{"@id":"https:\/\/corludahaber.com\/h\/corluda-rahatsizlanan-asker-hayatini-kaybetti\/119447#primaryimage"},"image":{"@id":"https:\/\/corludahaber.com\/h\/corluda-rahatsizlanan-asker-hayatini-kaybetti\/119447#primaryimage"},"thumbnailUrl":"https:\/\/corludahaber.com\/h\/wp-content\/uploads\/2026\/04\/CORLUDA_20260429_214017_0000.png","datePublished":"2026-04-29T18:40:48+00:00","dateModified":"2026-04-29T18:40:48+00:00","description":"\u00c7orlu\u2019da Rahats\u0131zlanan Asker Hayat\u0131n\u0131 Kaybetti | Ya\u015fam \u00c7orlu&#039;da Haber","breadcrumb":{"@id":"https:\/\/corludahaber.com\/h\/corluda-rahatsizlanan-asker-hayatini-kaybetti\/119447#breadcrumb"},"inLanguage":"tr","potentialAction":[{"@type":"ReadAction","target":["https:\/\/corludahaber.com\/h\/corluda-rahatsizlanan-asker-hayatini-kaybetti\/119447"]}]},{"@type":"ImageObject","inLanguage":"tr","@id":"https:\/\/corludahaber.com\/h\/corluda-rahatsizlanan-asker-hayatini-kaybetti\/119447#primaryimage","url":"https:\/\/corludahaber.com\/h\/wp-content\/uploads\/2026\/04\/CORLUDA_20260429_214017_0000.png","contentUrl":"https:\/\/corludahaber.com\/h\/wp-content\/uploads\/2026\/04\/CORLUDA_20260429_214017_0000.png","width":1662,"height":946},{"@type":"BreadcrumbList","@id":"https:\/\/corludahaber.com\/h\/corluda-rahatsizlanan-asker-hayatini-kaybetti\/119447#breadcrumb","itemListElement":[{"@type":"ListItem","position":1,"name":"Anasayfa","item":"https:\/\/corludahaber.com\/h\/"},{"@type":"ListItem","position":2,"name":"Ya\u015fam","item":"https:\/\/corludahaber.com\/h\/kategori\/yasam"},{"@type":"ListItem","position":3,"name":"\u00c7orlu\u2019da Rahats\u0131zlanan Asker Hayat\u0131n\u0131 Kaybetti"}]},{"@type":"WebSite","@id":"https:\/\/corludahaber.com\/h\/#website","url":"https:\/\/corludahaber.com\/h\/","name":"\u00c7orlu'da Haber","description":"Ger\u00e7ek Tarafs\u0131z Haber","publisher":{"@id":"https:\/\/corludahaber.com\/h\/#organization"},"potentialAction":[{"@type":"SearchAction","target":{"@type":"EntryPoint","urlTemplate":"https:\/\/corludahaber.com\/h\/?s={search_term_string}"},"query-input":"required name=search_term_string"}],"inLanguage":"tr"},{"@type":"Organization","@id":"https:\/\/corludahaber.com\/h\/#organization","name":"\u00c7orlu'da Haber","url":"https:\/\/corludahaber.com\/h\/","logo":{"@type":"ImageObject","inLanguage":"tr","@id":"https:\/\/corludahaber.com\/h\/#\/schema\/logo\/image\/","url":"https:\/\/corludahaber.com\/h\/wp-content\/uploads\/2021\/12\/logo__9__1_-removebg-preview.png","contentUrl":"https:\/\/corludahaber.com\/h\/wp-content\/uploads\/2021\/12\/logo__9__1_-removebg-preview.png","width":500,"height":157,"caption":"\u00c7orlu'da Haber"},"image":{"@id":"https:\/\/corludahaber.com\/h\/#\/schema\/logo\/image\/"},"sameAs":["https:\/\/facebook.com\/habercorluda","https:\/\/x.com\/habercorluda","https:\/\/www.instagram.com\/corludahaber","https:\/\/www.youtube.com\/user\/corludahaber"]},{"@type":"Person","@id":"https:\/\/corludahaber.com\/h\/#\/schema\/person\/b523522be44b062db5d74a62589768cd","name":"\u00c7orlu'da Haber","image":{"@type":"ImageObject","inLanguage":"tr","@id":"https:\/\/corludahaber.com\/h\/#\/schema\/person\/image\/","url":"https:\/\/secure.gravatar.com\/avatar\/1033e54e078c29fd7f053370086ff627ba414b05c2b231c418a481adecd764ce?s=96&d=blank&r=g","contentUrl":"https:\/\/secure.gravatar.com\/avatar\/1033e54e078c29fd7f053370086ff627ba414b05c2b231c418a481adecd764ce?s=96&d=blank&r=g","caption":"\u00c7orlu'da Haber"},"sameAs":["https:\/\/corludahaber.com\/h"],"url":"https:\/\/corludahaber.com\/h\/author\/admin"}]}},"_links":{"self":[{"href":"https:\/\/corludahaber.com\/h\/wp-json\/wp\/v2\/posts\/119447","targetHints":{"allow":["GET"]}}],"collection":[{"href":"https:\/\/corludahaber.com\/h\/wp-json\/wp\/v2\/posts"}],"about":[{"href":"https:\/\/corludahaber.com\/h\/wp-json\/wp\/v2\/types\/post"}],"author":[{"embeddable":true,"href":"https:\/\/corludahaber.com\/h\/wp-json\/wp\/v2\/users\/151"}],"replies":[{"embeddable":true,"href":"https:\/\/corludahaber.com\/h\/wp-json\/wp\/v2\/comments?post=119447"}],"version-history":[{"count":1,"href":"https:\/\/corludahaber.com\/h\/wp-json\/wp\/v2\/posts\/119447\/revisions"}],"predecessor-version":[{"id":119449,"href":"https:\/\/corludahaber.com\/h\/wp-json\/wp\/v2\/posts\/119447\/revisions\/119449"}],"wp:featuredmedia":[{"embeddable":true,"href":"https:\/\/corludahaber.com\/h\/wp-json\/wp\/v2\/media\/119448"}],"wp:attachment":[{"href":"https:\/\/corludahaber.com\/h\/wp-json\/wp\/v2\/media?parent=119447"}],"wp:term":[{"taxonomy":"category","embeddable":true,"href":"https:\/\/corludahaber.com\/h\/wp-json\/wp\/v2\/categories?post=119447"},{"taxonomy":"post_tag","embeddable":true,"href":"https:\/\/corludahaber.com\/h\/wp-json\/wp\/v2\/tags?post=119447"}],"curies":[{"name":"wp","href":"https:\/\/api.w.org\/{rel}","templated":true}]}}