{"id":119440,"date":"2026-04-29T16:35:13","date_gmt":"2026-04-29T13:35:13","guid":{"rendered":"https:\/\/corludahaber.com\/h\/reklam-butceniz-dogru-kanallara-mi-akiyor-medya-planlamanin-cevapladigi-soru-budur\/119440"},"modified":"2026-04-29T16:35:13","modified_gmt":"2026-04-29T13:35:13","slug":"reklam-butceniz-dogru-kanallara-mi-akiyor-medya-planlamanin-cevapladigi-soru-budur","status":"publish","type":"post","link":"https:\/\/corludahaber.com\/h\/reklam-butceniz-dogru-kanallara-mi-akiyor-medya-planlamanin-cevapladigi-soru-budur\/119440","title":{"rendered":"Reklam B\u00fct\u00e7eniz Do\u011fru Kanallara m\u0131 Ak\u0131yor Medya Planlaman\u0131n Cevaplad\u0131\u011f\u0131 Soru Budur"},"content":{"rendered":"<div class=\"corlu-icerikten-once_3\" id=\"corlu-2747410742\"><script type='text\/javascript' src='https:\/\/platform-api.sharethis.com\/js\/sharethis.js#property=5ce8cf08af7d000012cb0ca1&product=inline-reaction-buttons' async='async'><\/script>\r\n\r\n<\/div><p>\u00a0<\/p>\n<p>Reklam b\u00fct\u00e7esi belirlemek bir ba\u015flang\u0131\u00e7t\u0131r; as\u0131l mesele o b\u00fct\u00e7enin hangi kanallara, hangi oranlarda ve hangi zamanlamada da\u011f\u0131t\u0131ld\u0131\u011f\u0131d\u0131r. Yanl\u0131\u015f kanal tercihiyle harcanan her lira, hedef kitlenin \u00e7ok uza\u011f\u0131na d\u00fc\u015fen bir mesaj\u0131 temsil eder. Do\u011fru kanal mimarisiyle kurulan bir plan ise ayn\u0131 b\u00fct\u00e7eyi \u00e7ok daha fazla ki\u015fiye, \u00e7ok daha etkili bi\u00e7imde ula\u015ft\u0131r\u0131r.<\/p><div class=\"corlu-icerik-2\" id=\"corlu-1146768772\"><!-- Admatic AUTO ads START -->\r\n<ins data-publisher=\"adm-pub-155556240050\" data-ad-network=\"659428a24d11b285b616c18d\"   class=\"adm-ads-area\"><\/ins>\r\n<script type=\"text\/javascript\" src=\"https:\/\/static.cdn.admatic.com.tr\/showad\/showad.min.js\"><\/script>\r\n<!-- Admatic AUTO ads END --><\/div>\n<p><strong>Medya planlama<\/strong>, bir markan\u0131n ileti\u015fim hedeflerini en verimli \u015fekilde ger\u00e7ekle\u015ftirecek kanal kombinasyonunun, zamanlaman\u0131n ve b\u00fct\u00e7e da\u011f\u0131l\u0131m\u0131n\u0131n veriyle desteklenerek kurgulanmas\u0131 s\u00fcrecidir. Dijital \u00e7a\u011fda bu s\u00fcre\u00e7; onlarca platformu, farkl\u0131 kitle segmentlerini ve s\u00fcrekli de\u011fi\u015fen medya t\u00fcketim al\u0131\u015fkanl\u0131klar\u0131n\u0131 bir arada de\u011ferlendiren dinamik bir uzmanl\u0131k alan\u0131na d\u00f6n\u00fc\u015fm\u00fc\u015ft\u00fcr.<\/p>\n<p>\u00a0<\/p>\n<h2><strong>Medya Planlama Ajans\u0131 Ne \u0130\u015f Yapar?<\/strong><\/h2>\n<p><a href=\"https:\/\/admuch.com\/tr\/dijital-medya-planlama-ve-satin-alma\/\">Medya planlama ajans\u0131<\/a>, markan\u0131n hedef kitlesini, ileti\u015fim hedeflerini ve b\u00fct\u00e7esini analiz ederek hangi mecralarda, ne s\u0131kl\u0131kla ve hangi formatlarda g\u00f6r\u00fcn\u00fcr olunaca\u011f\u0131n\u0131 belirler. Bu s\u00fcre\u00e7 yaln\u0131zca kanal se\u00e7iminden ibaret de\u011fildir; her mecran\u0131n maliyet verimlili\u011fi, kitle \u00f6rt\u00fc\u015fmesi ve kampanya hedefiyle uyumu bir arada de\u011ferlendirilir.<\/p>\n<p>Medya sat\u0131n alma ise bu plan\u0131n hayata ge\u00e7irildi\u011fi operasyonel a\u015famad\u0131r. Belirlenen mecralardan reklam envanteri temin edilir, fiyat m\u00fczakereleri y\u00fcr\u00fct\u00fcl\u00fcr ve kampanya takvimine uygun bi\u00e7imde yay\u0131na al\u0131n\u0131r.<\/p>\n<p>\u00a0<\/p>\n<h2><strong>Dijital Medya Planlamada Hangi Kanallar De\u011ferlendirilir?<\/strong><\/h2>\n<p>Dijital ekosistem; arama a\u011flar\u0131, sosyal medya platformlar\u0131, programatik display, video platformlar\u0131, e-posta pazarlamas\u0131 ve native reklam formatlar\u0131 dahil onlarca farkl\u0131 mecray\u0131 kapsar. Her kanal\u0131n kitlesi, davran\u0131\u015f \u00f6r\u00fcnt\u00fcs\u00fc ve reklamverene sundu\u011fu hedefleme se\u00e7enekleri birbirinden farkl\u0131d\u0131r.<\/p>\n<p>Google Display Network geni\u015f eri\u015fim ve yeniden pazarlama g\u00fcc\u00fcyle \u00f6ne \u00e7\u0131karken YouTube video format\u0131n\u0131n y\u00fcksek etkile\u015fim kapasitesini sunar. Sosyal medya platformlar\u0131 ise demografik ve davran\u0131\u015fsal hedefleme hassasiyetiyle belirli segmentlere odaklanmay\u0131 m\u00fcmk\u00fcn k\u0131lar. Programatik reklamlar ise bu kanallar\u0131 algoritma destekli sat\u0131n alma modeliyle bir arada y\u00f6netir.<\/p>\n<p>\u00a0<\/p>\n<h2><strong>Medya Planlamas\u0131nda Hedef Kitle Analizi Neden Belirleyicidir?<\/strong><\/h2>\n<p>En do\u011fru mecra, hedef kitlenin en \u00e7ok zaman ge\u00e7irdi\u011fi mecrad\u0131r. Bu basit ger\u00e7ek, hedef kitle analizini medya planlaman\u0131n merkezine ta\u015f\u0131r. Demografik veriler, co\u011frafi da\u011f\u0131l\u0131m, cihaz kullan\u0131m al\u0131\u015fkanl\u0131klar\u0131, i\u00e7erik t\u00fcketim \u00f6r\u00fcnt\u00fcleri ve sat\u0131n alma davran\u0131\u015flar\u0131; hangi kanal\u0131n hangi mesajla birle\u015ftirilmesi gerekti\u011fini ortaya koyar.<\/p>\n<p>Hedef kitle analizi olmadan yap\u0131lan medya planlamas\u0131, do\u011fru b\u00fct\u00e7eyle yanl\u0131\u015f yerde g\u00f6r\u00fcn\u00fcr olmak anlam\u0131na gelebilir.<\/p>\n<p>\u00a0<\/p>\n<h2><strong>Programatik Medya Sat\u0131n Alma Nedir?<\/strong><\/h2>\n<p>Programatik reklamc\u0131l\u0131k; reklam envanterinin manuel m\u00fczakere yerine otomatik a\u00e7\u0131k art\u0131rma sistemleriyle ger\u00e7ek zamanl\u0131 olarak sat\u0131n al\u0131nmas\u0131 modelidir. Bu yakla\u015f\u0131m; geni\u015f bir yay\u0131nc\u0131 a\u011f\u0131na tek noktadan eri\u015fimi, hassas hedefleme imk\u00e2n\u0131n\u0131 ve anl\u0131k optimizasyon kapasitesini bir arada sunar.<\/p>\n<p><a href=\"https:\/\/admuch.com\/tr\/dijital-medya-planlama-ve-satin-alma\/\">Medya planlama<\/a> s\u00fcrecinde programatik kanallar\u0131n di\u011fer mecralarla entegre bi\u00e7imde konumland\u0131r\u0131lmas\u0131, b\u00fct\u00e7e verimlili\u011fi a\u00e7\u0131s\u0131ndan belirgin bir fark yaratabilir.<\/p>\n<p>\u00a0<\/p>\n<h1><strong>Kampanya Performans\u0131 Nas\u0131l \u00d6l\u00e7\u00fcl\u00fcr?<\/strong><\/h1>\n<p>Medya planlamas\u0131n\u0131n de\u011feri, kampanya sonras\u0131nda ortaya \u00e7\u0131kar. G\u00f6sterim say\u0131s\u0131, eri\u015fim, t\u0131klama oran\u0131, d\u00f6n\u00fc\u015f\u00fcm maliyeti ve marka bilinirli\u011fi de\u011fi\u015fimleri gibi metrikler kampanyan\u0131n ger\u00e7ek performans\u0131n\u0131 ortaya koyar. Bu veriler bir sonraki planlaman\u0131n temelini olu\u015fturur; hangi kanal\u0131n b\u00fct\u00e7e a\u011f\u0131rl\u0131\u011f\u0131n\u0131n art\u0131r\u0131laca\u011f\u0131, hangisinin azalt\u0131laca\u011f\u0131 bu analize dayan\u0131r.<\/p>\n<p>\u015eeffaf raporlama yap\u0131s\u0131, marka ile ajans aras\u0131ndaki ili\u015fkinin s\u00fcrd\u00fcr\u00fclebilirli\u011fi a\u00e7\u0131s\u0131ndan da belirleyici bir unsurdur.<\/p>\n<p>\u00a0<\/p>\n<p>\u00a0<\/p>\n<p>\u00a0<\/p>\n<ul class=\"wpuf_customs\"><\/ul><div class=\"corlu-icerikten-sonra_3\" id=\"corlu-2401126241\"><p><img loading=\"lazy\" decoding=\"async\" class=\"aligncenter\" src=\"https:\/\/www.corludahaber.com\/bahcesehir.jpg\" alt=\"\" width=\"624\" height=\"196\" \/><\/p>\n<table style=\"text-align: left; width: 100%;\" border=\"1\" cellspacing=\"2\" cellpadding=\"2\">\n<tbody>\n<tr>\n<td style=\"background-color: #050805;\"><span style=\"font-size: 12pt;\"><small><small><em><strong><big><span style=\"color: #ff0000;\">Haber ve resimlerin telif haklar\u0131ndan dolay\u0131 kullan\u0131m\u0131 yasakt\u0131r<span style=\"color: #000000;\">.<\/span><\/span><span style=\"color: #000000;\">\u00a0<\/span><span style=\"color: #ffffff;\">Yaz\u0131l\u0131 izni al\u0131nmadan hi\u00e7bir yaz\u0131l\u0131, g\u00f6rsel, i\u015fitsel i\u00e7erik kopyalanamaz, de\u011fi\u015ftirilemez, yay\u0131nlanamaz veya sat\u0131lamaz. Aksi halde<\/span>\u00a0<span style=\"color: #ff0000;\">5846<span style=\"color: #ffffff;\">\u00a0<\/span><\/span><span style=\"color: #ffffff;\">say\u0131l\u0131 Fikir ve Sanat Eserleri Kanunu\u2019na ve<\/span>\u00a0<span style=\"color: #800000;\"><span style=\"color: #ff0000;\">6102<\/span><span style=\"color: #ffffff;\">\u00a0<\/span><\/span><span style=\"color: #ffffff;\">say\u0131l\u0131 maddesine g\u00f6re<\/span>\u00a0<span style=\"color: #ff0000;\">gerekli i\u015flemler uygulanacakt\u0131r.<\/span><br \/>\n<span style=\"color: #ffffff;\">\u00a9 Copyright 2014<\/span><\/big><\/strong><\/em><\/small><\/small><\/span><\/td>\n<\/tr>\n<\/tbody>\n<\/table>\n<p><small><small>\u00a0<\/small><\/small><\/p>\n<\/div>","protected":false},"excerpt":{"rendered":"<p>\u00a0 Reklam b\u00fct\u00e7esi belirlemek bir ba\u015flang\u0131\u00e7t\u0131r; as\u0131l mesele o b\u00fct\u00e7enin hangi kanallara, hangi oranlarda ve hangi zamanlamada da\u011f\u0131t\u0131ld\u0131\u011f\u0131d\u0131r. Yanl\u0131\u015f kanal tercihiyle harcanan her lira, hedef kitlenin \u00e7ok uza\u011f\u0131na d\u00fc\u015fen bir mesaj\u0131 temsil eder. Do\u011fru kanal mimarisiyle kurulan bir plan ise ayn\u0131 b\u00fct\u00e7eyi \u00e7ok daha fazla ki\u015fiye, \u00e7ok daha etkili bi\u00e7imde ula\u015ft\u0131r\u0131r. Medya planlama, bir markan\u0131n &hellip;<\/p>\n","protected":false},"author":157,"featured_media":119439,"comment_status":"open","ping_status":"open","sticky":false,"template":"","format":"standard","meta":{"footnotes":""},"categories":[27],"tags":[1258,8025,33533,33529,33532,9376,15478,1435,33530,2103,33531,539,33534,3661],"class_list":["post-119440","post","type-post","status-publish","format-standard","has-post-thumbnail","hentry","category-yasam","tag-akiyor","tag-asayis","tag-budur","tag-butceniz","tag-cevapladigi","tag-corlu-kaza","tag-corlu-son-dakika-kaza","tag-dogru","tag-kanallara","tag-medya","tag-planlamanin","tag-reklam","tag-reklam-butceniz-dogru-kanallara-mi-akiyor-medya-planlamanin-cevapladigi-soru-budur","tag-son-dakika-kaza"],"yoast_head":"<!-- This site is optimized with the Yoast SEO Premium plugin v23.3 (Yoast SEO v23.3) - https:\/\/yoast.com\/wordpress\/plugins\/seo\/ -->\n<title>Reklam B\u00fct\u00e7eniz Do\u011fru Kanallara m\u0131 Ak\u0131yor Medya Planlaman\u0131n Cevaplad\u0131\u011f\u0131 Soru Budur | \u00c7orlu&#039;da Haber<\/title>\n<meta name=\"description\" content=\"Reklam B\u00fct\u00e7eniz Do\u011fru Kanallara m\u0131 Ak\u0131yor Medya Planlaman\u0131n Cevaplad\u0131\u011f\u0131 Soru Budur | \u00c7orlu&#039;da Haber\" \/>\n<meta name=\"robots\" content=\"index, follow, max-snippet:-1, max-image-preview:large, max-video-preview:-1\" \/>\n<link rel=\"canonical\" href=\"https:\/\/corludahaber.com\/h\/reklam-butceniz-dogru-kanallara-mi-akiyor-medya-planlamanin-cevapladigi-soru-budur\/119440\" \/>\n<meta property=\"og:locale\" content=\"tr_TR\" \/>\n<meta property=\"og:type\" content=\"article\" \/>\n<meta property=\"og:title\" content=\"Reklam B\u00fct\u00e7eniz Do\u011fru Kanallara m\u0131 Ak\u0131yor Medya Planlaman\u0131n Cevaplad\u0131\u011f\u0131 Soru Budur | \u00c7orlu&#039;da Haber\" \/>\n<meta property=\"og:description\" content=\"Reklam B\u00fct\u00e7eniz Do\u011fru Kanallara m\u0131 Ak\u0131yor Medya Planlaman\u0131n Cevaplad\u0131\u011f\u0131 Soru Budur | \u00c7orlu&#039;da Haber\" \/>\n<meta property=\"og:url\" content=\"https:\/\/corludahaber.com\/h\/reklam-butceniz-dogru-kanallara-mi-akiyor-medya-planlamanin-cevapladigi-soru-budur\/119440\" \/>\n<meta property=\"og:site_name\" content=\"\u00c7orlu&#039;da Haber\" \/>\n<meta property=\"article:publisher\" content=\"https:\/\/facebook.com\/habercorluda\" \/>\n<meta property=\"article:published_time\" content=\"2026-04-29T13:35:13+00:00\" \/>\n<meta name=\"author\" content=\"\u00d6zge \u00d6zkan\" \/>\n<meta name=\"twitter:card\" content=\"summary_large_image\" \/>\n<meta name=\"twitter:creator\" content=\"@habercorluda\" \/>\n<meta name=\"twitter:site\" content=\"@habercorluda\" \/>\n<meta name=\"twitter:label1\" content=\"Yazan:\" \/>\n\t<meta name=\"twitter:data1\" content=\"\u00d6zge \u00d6zkan\" \/>\n\t<meta name=\"twitter:label2\" content=\"Tahmini okuma s\u00fcresi\" \/>\n\t<meta name=\"twitter:data2\" content=\"3 dakika\" \/>\n<script type=\"application\/ld+json\" class=\"yoast-schema-graph\">{\"@context\":\"https:\/\/schema.org\",\"@graph\":[{\"@type\":\"Article\",\"@id\":\"https:\/\/corludahaber.com\/h\/reklam-butceniz-dogru-kanallara-mi-akiyor-medya-planlamanin-cevapladigi-soru-budur\/119440#article\",\"isPartOf\":{\"@id\":\"https:\/\/corludahaber.com\/h\/reklam-butceniz-dogru-kanallara-mi-akiyor-medya-planlamanin-cevapladigi-soru-budur\/119440\"},\"author\":{\"name\":\"\u00d6zge \u00d6zkan\",\"@id\":\"https:\/\/corludahaber.com\/h\/#\/schema\/person\/0b9e8c6c8e75050216c9e203f4063380\"},\"headline\":\"Reklam B\u00fct\u00e7eniz Do\u011fru Kanallara m\u0131 Ak\u0131yor Medya Planlaman\u0131n Cevaplad\u0131\u011f\u0131 Soru Budur\",\"datePublished\":\"2026-04-29T13:35:13+00:00\",\"dateModified\":\"2026-04-29T13:35:13+00:00\",\"mainEntityOfPage\":{\"@id\":\"https:\/\/corludahaber.com\/h\/reklam-butceniz-dogru-kanallara-mi-akiyor-medya-planlamanin-cevapladigi-soru-budur\/119440\"},\"wordCount\":652,\"commentCount\":0,\"publisher\":{\"@id\":\"https:\/\/corludahaber.com\/h\/#organization\"},\"image\":{\"@id\":\"https:\/\/corludahaber.com\/h\/reklam-butceniz-dogru-kanallara-mi-akiyor-medya-planlamanin-cevapladigi-soru-budur\/119440#primaryimage\"},\"thumbnailUrl\":\"https:\/\/corludahaber.com\/h\/wp-content\/uploads\/2026\/04\/WhatsApp-Image-2026-04-29-at-16.34.25.jpeg\",\"keywords\":[\"Ak\u0131yor\",\"asayi\u015f\",\"Budur\",\"B\u00fct\u00e7eniz\",\"Cevaplad\u0131\u011f\u0131\",\"\u00c7orlu kaza\",\"\u00c7orlu son dakika kaza\",\"do\u011fru\",\"Kanallara\",\"Medya\",\"Planlaman\u0131n\",\"Reklam\",\"Reklam B\u00fct\u00e7eniz Do\u011fru Kanallara m\u0131 Ak\u0131yor Medya Planlaman\u0131n Cevaplad\u0131\u011f\u0131 Soru Budur\",\"son dakika kaza\"],\"articleSection\":[\"Ya\u015fam\"],\"inLanguage\":\"tr\",\"potentialAction\":[{\"@type\":\"CommentAction\",\"name\":\"Comment\",\"target\":[\"https:\/\/corludahaber.com\/h\/reklam-butceniz-dogru-kanallara-mi-akiyor-medya-planlamanin-cevapladigi-soru-budur\/119440#respond\"]}]},{\"@type\":\"WebPage\",\"@id\":\"https:\/\/corludahaber.com\/h\/reklam-butceniz-dogru-kanallara-mi-akiyor-medya-planlamanin-cevapladigi-soru-budur\/119440\",\"url\":\"https:\/\/corludahaber.com\/h\/reklam-butceniz-dogru-kanallara-mi-akiyor-medya-planlamanin-cevapladigi-soru-budur\/119440\",\"name\":\"Reklam B\u00fct\u00e7eniz Do\u011fru Kanallara m\u0131 Ak\u0131yor Medya Planlaman\u0131n Cevaplad\u0131\u011f\u0131 Soru Budur | \u00c7orlu&#039;da Haber\",\"isPartOf\":{\"@id\":\"https:\/\/corludahaber.com\/h\/#website\"},\"primaryImageOfPage\":{\"@id\":\"https:\/\/corludahaber.com\/h\/reklam-butceniz-dogru-kanallara-mi-akiyor-medya-planlamanin-cevapladigi-soru-budur\/119440#primaryimage\"},\"image\":{\"@id\":\"https:\/\/corludahaber.com\/h\/reklam-butceniz-dogru-kanallara-mi-akiyor-medya-planlamanin-cevapladigi-soru-budur\/119440#primaryimage\"},\"thumbnailUrl\":\"https:\/\/corludahaber.com\/h\/wp-content\/uploads\/2026\/04\/WhatsApp-Image-2026-04-29-at-16.34.25.jpeg\",\"datePublished\":\"2026-04-29T13:35:13+00:00\",\"dateModified\":\"2026-04-29T13:35:13+00:00\",\"description\":\"Reklam B\u00fct\u00e7eniz Do\u011fru Kanallara m\u0131 Ak\u0131yor Medya Planlaman\u0131n Cevaplad\u0131\u011f\u0131 Soru Budur | \u00c7orlu&#039;da Haber\",\"breadcrumb\":{\"@id\":\"https:\/\/corludahaber.com\/h\/reklam-butceniz-dogru-kanallara-mi-akiyor-medya-planlamanin-cevapladigi-soru-budur\/119440#breadcrumb\"},\"inLanguage\":\"tr\",\"potentialAction\":[{\"@type\":\"ReadAction\",\"target\":[\"https:\/\/corludahaber.com\/h\/reklam-butceniz-dogru-kanallara-mi-akiyor-medya-planlamanin-cevapladigi-soru-budur\/119440\"]}]},{\"@type\":\"ImageObject\",\"inLanguage\":\"tr\",\"@id\":\"https:\/\/corludahaber.com\/h\/reklam-butceniz-dogru-kanallara-mi-akiyor-medya-planlamanin-cevapladigi-soru-budur\/119440#primaryimage\",\"url\":\"https:\/\/corludahaber.com\/h\/wp-content\/uploads\/2026\/04\/WhatsApp-Image-2026-04-29-at-16.34.25.jpeg\",\"contentUrl\":\"https:\/\/corludahaber.com\/h\/wp-content\/uploads\/2026\/04\/WhatsApp-Image-2026-04-29-at-16.34.25.jpeg\",\"width\":1196,\"height\":920},{\"@type\":\"BreadcrumbList\",\"@id\":\"https:\/\/corludahaber.com\/h\/reklam-butceniz-dogru-kanallara-mi-akiyor-medya-planlamanin-cevapladigi-soru-budur\/119440#breadcrumb\",\"itemListElement\":[{\"@type\":\"ListItem\",\"position\":1,\"name\":\"Anasayfa\",\"item\":\"https:\/\/corludahaber.com\/h\/\"},{\"@type\":\"ListItem\",\"position\":2,\"name\":\"Genel\",\"item\":\"https:\/\/corludahaber.com\/h\/kategori\/genel\"},{\"@type\":\"ListItem\",\"position\":3,\"name\":\"Reklam B\u00fct\u00e7eniz Do\u011fru Kanallara m\u0131 Ak\u0131yor Medya Planlaman\u0131n Cevaplad\u0131\u011f\u0131 Soru Budur\"}]},{\"@type\":\"WebSite\",\"@id\":\"https:\/\/corludahaber.com\/h\/#website\",\"url\":\"https:\/\/corludahaber.com\/h\/\",\"name\":\"\u00c7orlu'da Haber\",\"description\":\"Ger\u00e7ek Tarafs\u0131z Haber\",\"publisher\":{\"@id\":\"https:\/\/corludahaber.com\/h\/#organization\"},\"potentialAction\":[{\"@type\":\"SearchAction\",\"target\":{\"@type\":\"EntryPoint\",\"urlTemplate\":\"https:\/\/corludahaber.com\/h\/?s={search_term_string}\"},\"query-input\":\"required name=search_term_string\"}],\"inLanguage\":\"tr\"},{\"@type\":\"Organization\",\"@id\":\"https:\/\/corludahaber.com\/h\/#organization\",\"name\":\"\u00c7orlu'da Haber\",\"url\":\"https:\/\/corludahaber.com\/h\/\",\"logo\":{\"@type\":\"ImageObject\",\"inLanguage\":\"tr\",\"@id\":\"https:\/\/corludahaber.com\/h\/#\/schema\/logo\/image\/\",\"url\":\"https:\/\/corludahaber.com\/h\/wp-content\/uploads\/2021\/12\/logo__9__1_-removebg-preview.png\",\"contentUrl\":\"https:\/\/corludahaber.com\/h\/wp-content\/uploads\/2021\/12\/logo__9__1_-removebg-preview.png\",\"width\":500,\"height\":157,\"caption\":\"\u00c7orlu'da Haber\"},\"image\":{\"@id\":\"https:\/\/corludahaber.com\/h\/#\/schema\/logo\/image\/\"},\"sameAs\":[\"https:\/\/facebook.com\/habercorluda\",\"https:\/\/x.com\/habercorluda\",\"https:\/\/www.instagram.com\/corludahaber\",\"https:\/\/www.youtube.com\/user\/corludahaber\"]},{\"@type\":\"Person\",\"@id\":\"https:\/\/corludahaber.com\/h\/#\/schema\/person\/0b9e8c6c8e75050216c9e203f4063380\",\"name\":\"\u00d6zge \u00d6zkan\",\"image\":{\"@type\":\"ImageObject\",\"inLanguage\":\"tr\",\"@id\":\"https:\/\/corludahaber.com\/h\/#\/schema\/person\/image\/\",\"url\":\"https:\/\/corludahaber.com\/h\/wp-content\/uploads\/2022\/12\/plogo-80x80.jpg\",\"contentUrl\":\"https:\/\/corludahaber.com\/h\/wp-content\/uploads\/2022\/12\/plogo-80x80.jpg\",\"caption\":\"\u00d6zge \u00d6zkan\"},\"description\":\"Bu Yazar \u00c7orlu'da Haber sponsorlu i\u015f orta\u011f\u0131d\u0131r.\",\"url\":\"https:\/\/corludahaber.com\/h\/author\/ozge\"}]}<\/script>\n<!-- \/ Yoast SEO Premium plugin. -->","yoast_head_json":{"title":"Reklam B\u00fct\u00e7eniz Do\u011fru Kanallara m\u0131 Ak\u0131yor Medya Planlaman\u0131n Cevaplad\u0131\u011f\u0131 Soru Budur | \u00c7orlu&#039;da Haber","description":"Reklam B\u00fct\u00e7eniz Do\u011fru Kanallara m\u0131 Ak\u0131yor Medya Planlaman\u0131n Cevaplad\u0131\u011f\u0131 Soru Budur | \u00c7orlu&#039;da Haber","robots":{"index":"index","follow":"follow","max-snippet":"max-snippet:-1","max-image-preview":"max-image-preview:large","max-video-preview":"max-video-preview:-1"},"canonical":"https:\/\/corludahaber.com\/h\/reklam-butceniz-dogru-kanallara-mi-akiyor-medya-planlamanin-cevapladigi-soru-budur\/119440","og_locale":"tr_TR","og_type":"article","og_title":"Reklam B\u00fct\u00e7eniz Do\u011fru Kanallara m\u0131 Ak\u0131yor Medya Planlaman\u0131n Cevaplad\u0131\u011f\u0131 Soru Budur | \u00c7orlu&#039;da Haber","og_description":"Reklam B\u00fct\u00e7eniz Do\u011fru Kanallara m\u0131 Ak\u0131yor Medya Planlaman\u0131n Cevaplad\u0131\u011f\u0131 Soru Budur | \u00c7orlu&#039;da Haber","og_url":"https:\/\/corludahaber.com\/h\/reklam-butceniz-dogru-kanallara-mi-akiyor-medya-planlamanin-cevapladigi-soru-budur\/119440","og_site_name":"\u00c7orlu&#039;da Haber","article_publisher":"https:\/\/facebook.com\/habercorluda","article_published_time":"2026-04-29T13:35:13+00:00","author":"\u00d6zge \u00d6zkan","twitter_card":"summary_large_image","twitter_creator":"@habercorluda","twitter_site":"@habercorluda","twitter_misc":{"Yazan:":"\u00d6zge \u00d6zkan","Tahmini okuma s\u00fcresi":"3 dakika"},"schema":{"@context":"https:\/\/schema.org","@graph":[{"@type":"Article","@id":"https:\/\/corludahaber.com\/h\/reklam-butceniz-dogru-kanallara-mi-akiyor-medya-planlamanin-cevapladigi-soru-budur\/119440#article","isPartOf":{"@id":"https:\/\/corludahaber.com\/h\/reklam-butceniz-dogru-kanallara-mi-akiyor-medya-planlamanin-cevapladigi-soru-budur\/119440"},"author":{"name":"\u00d6zge \u00d6zkan","@id":"https:\/\/corludahaber.com\/h\/#\/schema\/person\/0b9e8c6c8e75050216c9e203f4063380"},"headline":"Reklam B\u00fct\u00e7eniz Do\u011fru Kanallara m\u0131 Ak\u0131yor Medya Planlaman\u0131n Cevaplad\u0131\u011f\u0131 Soru Budur","datePublished":"2026-04-29T13:35:13+00:00","dateModified":"2026-04-29T13:35:13+00:00","mainEntityOfPage":{"@id":"https:\/\/corludahaber.com\/h\/reklam-butceniz-dogru-kanallara-mi-akiyor-medya-planlamanin-cevapladigi-soru-budur\/119440"},"wordCount":652,"commentCount":0,"publisher":{"@id":"https:\/\/corludahaber.com\/h\/#organization"},"image":{"@id":"https:\/\/corludahaber.com\/h\/reklam-butceniz-dogru-kanallara-mi-akiyor-medya-planlamanin-cevapladigi-soru-budur\/119440#primaryimage"},"thumbnailUrl":"https:\/\/corludahaber.com\/h\/wp-content\/uploads\/2026\/04\/WhatsApp-Image-2026-04-29-at-16.34.25.jpeg","keywords":["Ak\u0131yor","asayi\u015f","Budur","B\u00fct\u00e7eniz","Cevaplad\u0131\u011f\u0131","\u00c7orlu kaza","\u00c7orlu son dakika kaza","do\u011fru","Kanallara","Medya","Planlaman\u0131n","Reklam","Reklam B\u00fct\u00e7eniz Do\u011fru Kanallara m\u0131 Ak\u0131yor Medya Planlaman\u0131n Cevaplad\u0131\u011f\u0131 Soru Budur","son dakika kaza"],"articleSection":["Ya\u015fam"],"inLanguage":"tr","potentialAction":[{"@type":"CommentAction","name":"Comment","target":["https:\/\/corludahaber.com\/h\/reklam-butceniz-dogru-kanallara-mi-akiyor-medya-planlamanin-cevapladigi-soru-budur\/119440#respond"]}]},{"@type":"WebPage","@id":"https:\/\/corludahaber.com\/h\/reklam-butceniz-dogru-kanallara-mi-akiyor-medya-planlamanin-cevapladigi-soru-budur\/119440","url":"https:\/\/corludahaber.com\/h\/reklam-butceniz-dogru-kanallara-mi-akiyor-medya-planlamanin-cevapladigi-soru-budur\/119440","name":"Reklam B\u00fct\u00e7eniz Do\u011fru Kanallara m\u0131 Ak\u0131yor Medya Planlaman\u0131n Cevaplad\u0131\u011f\u0131 Soru Budur | \u00c7orlu&#039;da Haber","isPartOf":{"@id":"https:\/\/corludahaber.com\/h\/#website"},"primaryImageOfPage":{"@id":"https:\/\/corludahaber.com\/h\/reklam-butceniz-dogru-kanallara-mi-akiyor-medya-planlamanin-cevapladigi-soru-budur\/119440#primaryimage"},"image":{"@id":"https:\/\/corludahaber.com\/h\/reklam-butceniz-dogru-kanallara-mi-akiyor-medya-planlamanin-cevapladigi-soru-budur\/119440#primaryimage"},"thumbnailUrl":"https:\/\/corludahaber.com\/h\/wp-content\/uploads\/2026\/04\/WhatsApp-Image-2026-04-29-at-16.34.25.jpeg","datePublished":"2026-04-29T13:35:13+00:00","dateModified":"2026-04-29T13:35:13+00:00","description":"Reklam B\u00fct\u00e7eniz Do\u011fru Kanallara m\u0131 Ak\u0131yor Medya Planlaman\u0131n Cevaplad\u0131\u011f\u0131 Soru Budur | \u00c7orlu&#039;da Haber","breadcrumb":{"@id":"https:\/\/corludahaber.com\/h\/reklam-butceniz-dogru-kanallara-mi-akiyor-medya-planlamanin-cevapladigi-soru-budur\/119440#breadcrumb"},"inLanguage":"tr","potentialAction":[{"@type":"ReadAction","target":["https:\/\/corludahaber.com\/h\/reklam-butceniz-dogru-kanallara-mi-akiyor-medya-planlamanin-cevapladigi-soru-budur\/119440"]}]},{"@type":"ImageObject","inLanguage":"tr","@id":"https:\/\/corludahaber.com\/h\/reklam-butceniz-dogru-kanallara-mi-akiyor-medya-planlamanin-cevapladigi-soru-budur\/119440#primaryimage","url":"https:\/\/corludahaber.com\/h\/wp-content\/uploads\/2026\/04\/WhatsApp-Image-2026-04-29-at-16.34.25.jpeg","contentUrl":"https:\/\/corludahaber.com\/h\/wp-content\/uploads\/2026\/04\/WhatsApp-Image-2026-04-29-at-16.34.25.jpeg","width":1196,"height":920},{"@type":"BreadcrumbList","@id":"https:\/\/corludahaber.com\/h\/reklam-butceniz-dogru-kanallara-mi-akiyor-medya-planlamanin-cevapladigi-soru-budur\/119440#breadcrumb","itemListElement":[{"@type":"ListItem","position":1,"name":"Anasayfa","item":"https:\/\/corludahaber.com\/h\/"},{"@type":"ListItem","position":2,"name":"Genel","item":"https:\/\/corludahaber.com\/h\/kategori\/genel"},{"@type":"ListItem","position":3,"name":"Reklam B\u00fct\u00e7eniz Do\u011fru Kanallara m\u0131 Ak\u0131yor Medya Planlaman\u0131n Cevaplad\u0131\u011f\u0131 Soru Budur"}]},{"@type":"WebSite","@id":"https:\/\/corludahaber.com\/h\/#website","url":"https:\/\/corludahaber.com\/h\/","name":"\u00c7orlu'da Haber","description":"Ger\u00e7ek Tarafs\u0131z Haber","publisher":{"@id":"https:\/\/corludahaber.com\/h\/#organization"},"potentialAction":[{"@type":"SearchAction","target":{"@type":"EntryPoint","urlTemplate":"https:\/\/corludahaber.com\/h\/?s={search_term_string}"},"query-input":"required name=search_term_string"}],"inLanguage":"tr"},{"@type":"Organization","@id":"https:\/\/corludahaber.com\/h\/#organization","name":"\u00c7orlu'da Haber","url":"https:\/\/corludahaber.com\/h\/","logo":{"@type":"ImageObject","inLanguage":"tr","@id":"https:\/\/corludahaber.com\/h\/#\/schema\/logo\/image\/","url":"https:\/\/corludahaber.com\/h\/wp-content\/uploads\/2021\/12\/logo__9__1_-removebg-preview.png","contentUrl":"https:\/\/corludahaber.com\/h\/wp-content\/uploads\/2021\/12\/logo__9__1_-removebg-preview.png","width":500,"height":157,"caption":"\u00c7orlu'da Haber"},"image":{"@id":"https:\/\/corludahaber.com\/h\/#\/schema\/logo\/image\/"},"sameAs":["https:\/\/facebook.com\/habercorluda","https:\/\/x.com\/habercorluda","https:\/\/www.instagram.com\/corludahaber","https:\/\/www.youtube.com\/user\/corludahaber"]},{"@type":"Person","@id":"https:\/\/corludahaber.com\/h\/#\/schema\/person\/0b9e8c6c8e75050216c9e203f4063380","name":"\u00d6zge \u00d6zkan","image":{"@type":"ImageObject","inLanguage":"tr","@id":"https:\/\/corludahaber.com\/h\/#\/schema\/person\/image\/","url":"https:\/\/corludahaber.com\/h\/wp-content\/uploads\/2022\/12\/plogo-80x80.jpg","contentUrl":"https:\/\/corludahaber.com\/h\/wp-content\/uploads\/2022\/12\/plogo-80x80.jpg","caption":"\u00d6zge \u00d6zkan"},"description":"Bu Yazar \u00c7orlu'da Haber sponsorlu i\u015f orta\u011f\u0131d\u0131r.","url":"https:\/\/corludahaber.com\/h\/author\/ozge"}]}},"_links":{"self":[{"href":"https:\/\/corludahaber.com\/h\/wp-json\/wp\/v2\/posts\/119440","targetHints":{"allow":["GET"]}}],"collection":[{"href":"https:\/\/corludahaber.com\/h\/wp-json\/wp\/v2\/posts"}],"about":[{"href":"https:\/\/corludahaber.com\/h\/wp-json\/wp\/v2\/types\/post"}],"author":[{"embeddable":true,"href":"https:\/\/corludahaber.com\/h\/wp-json\/wp\/v2\/users\/157"}],"replies":[{"embeddable":true,"href":"https:\/\/corludahaber.com\/h\/wp-json\/wp\/v2\/comments?post=119440"}],"version-history":[{"count":1,"href":"https:\/\/corludahaber.com\/h\/wp-json\/wp\/v2\/posts\/119440\/revisions"}],"predecessor-version":[{"id":119441,"href":"https:\/\/corludahaber.com\/h\/wp-json\/wp\/v2\/posts\/119440\/revisions\/119441"}],"wp:featuredmedia":[{"embeddable":true,"href":"https:\/\/corludahaber.com\/h\/wp-json\/wp\/v2\/media\/119439"}],"wp:attachment":[{"href":"https:\/\/corludahaber.com\/h\/wp-json\/wp\/v2\/media?parent=119440"}],"wp:term":[{"taxonomy":"category","embeddable":true,"href":"https:\/\/corludahaber.com\/h\/wp-json\/wp\/v2\/categories?post=119440"},{"taxonomy":"post_tag","embeddable":true,"href":"https:\/\/corludahaber.com\/h\/wp-json\/wp\/v2\/tags?post=119440"}],"curies":[{"name":"wp","href":"https:\/\/api.w.org\/{rel}","templated":true}]}}