{"id":119436,"date":"2026-04-29T10:53:27","date_gmt":"2026-04-29T07:53:27","guid":{"rendered":"https:\/\/corludahaber.com\/h\/yol-kapatma-kavgasinda-taksiciyi-olduren-saniga-muebbet-hapis-cezasi\/119436"},"modified":"2026-04-30T09:38:13","modified_gmt":"2026-04-30T06:38:13","slug":"yol-kapatma-kavgasinda-taksiciyi-olduren-saniga-muebbet-hapis-cezasi","status":"publish","type":"post","link":"https:\/\/corludahaber.com\/h\/yol-kapatma-kavgasinda-taksiciyi-olduren-saniga-muebbet-hapis-cezasi\/119436","title":{"rendered":"Yol Kapatma Kavgas\u0131nda Taksiciyi \u00d6ld\u00fcrm\u00fc\u015ft\u00fc: M\u00fcebbet Hapis Cezas\u0131"},"content":{"rendered":"<div class=\"corlu-icerikten-once_3\" id=\"corlu-842551430\"><script type='text\/javascript' src='https:\/\/platform-api.sharethis.com\/js\/sharethis.js#property=5ce8cf08af7d000012cb0ca1&product=inline-reaction-buttons' async='async'><\/script>\r\n\r\n<\/div><p>\u00c7orlu&#8217;da d\u00fc\u011f\u00fcnden sonra caddeye b\u0131rak\u0131lan sandalyelerin yolu kapatmas\u0131 nedeniyle \u00e7\u0131kan b\u0131\u00e7akl\u0131 kavgada taksici \u00d6zcan \u00d6zkan&#8217;\u0131n (42) \u00f6l\u00fcm\u00fc, o\u011flu Ada \u00d6zkan&#8217;\u0131n (20) yaralanmas\u0131na neden olan Can Erdo\u011fan (30), &#8216;kasten \u00f6ld\u00fcrme&#8217; su\u00e7undan m\u00fcebbet hapis cezas\u0131na \u00e7arpt\u0131r\u0131ld\u0131.<\/p><div class=\"corlu-icerik-2\" id=\"corlu-2770034726\"><!-- Admatic AUTO ads START -->\r\n<ins data-publisher=\"adm-pub-155556240050\" data-ad-network=\"659428a24d11b285b616c18d\"   class=\"adm-ads-area\"><\/ins>\r\n<script type=\"text\/javascript\" src=\"https:\/\/static.cdn.admatic.com.tr\/showad\/showad.min.js\"><\/script>\r\n<!-- Admatic AUTO ads END --><\/div>\n<p>\u00c7orlu&#8217;da taksicilik yapan \u00d6zcan \u00d6zkan, 8 A\u011fustos 2024 gecesi yan\u0131nda o\u011flu Ada \u00d6zkan ile kulland\u0131\u011f\u0131 taksiyle eve giderken \u015eeyhsinan Mahallesi Mand\u0131rac\u0131 Caddesi&#8217;nde d\u00fc\u011f\u00fcn\u00fcn ard\u0131ndan b\u0131rak\u0131lan sandalyelerin yolu kapatt\u0131\u011f\u0131n\u0131 g\u00f6rd\u00fc.<\/p>\n<p>Baba ile o\u011flu taksiden inip, sandalyeleri kenara \u00e7ekti\u011fi s\u0131rada, bir grupla aralar\u0131nda \u00e7\u0131kan tart\u0131\u015fma, kavgaya d\u00f6n\u00fc\u015ft\u00fc. Kavgada \u00d6zcan \u00d6zkan g\u00f6\u011fs\u00fcne, o\u011flu Ada \u00d6zkan da baca\u011f\u0131na ald\u0131\u011f\u0131 b\u0131\u00e7ak darbeleriyle yaraland\u0131.<\/p>\n<p>YARALI BABASINI TA\u015eIYIP, TAKS\u0130DE BAYILDI<\/p>\n<p>Ada \u00d6zkan, yaral\u0131 halde babas\u0131 \u00d6zcan \u00d6zkan&#8217;\u0131 taksiye bindirip, hastaneye g\u00f6t\u00fcrmek i\u00e7in yola \u00e7\u0131kt\u0131. Ancak Ada \u00d6zkan, bir s\u00fcre kulland\u0131\u011f\u0131 takside bay\u0131ld\u0131.<\/p>\n<p>Bu s\u0131rada yoldan ge\u00e7en bir motokurye, taksinin direksiyonundaki ki\u015finin hakaretsiz oldu\u011funu fark edince durumu, 112 Acil \u00c7a\u011fr\u0131 Merkezi&#8217;ne bildirdi. Olay yerine gelen sa\u011fl\u0131k ekipleri, takside kanlar i\u00e7indeki 2 ki\u015fiden \u00d6zcan \u00d6zkan&#8217;\u0131n \u00f6ld\u00fc\u011f\u00fcn\u00fc belirledi.<\/p>\n<p>Yaral\u0131 Ada \u00d6zkan, \u00c7orlu Devlet Hastanesi&#8217;ne kald\u0131r\u0131larak tedaviye al\u0131nd\u0131.<\/p>\n<p>Olaydan sonra \u015f\u00fcphelilerden Can Erdo\u011fan e\u015fi E.E. (32) ve Mert \u00d6. (20) tutukland\u0131. \u015e\u00fcphelilerden E.E. ile Mert \u00d6., bir s\u00fcre sonra tutuksuz yarg\u0131lanmak \u00fczere tahliye edildi.<\/p>\n<p>\u00c7orlu Cumhuriyet Ba\u015fsavc\u0131l\u0131\u011f\u0131&#8217;n\u0131n, 1&#8217;i tutuklu 7 san\u0131k hakk\u0131nda haz\u0131rlad\u0131\u011f\u0131 iddianamede, Can Erdo\u011fan i\u00e7in &#8216;Silahla basit yaralama ve kasten \u00f6ld\u00fcrme&#8217; su\u00e7undan m\u00fcebbet hapis ve 8 aydan 18 aya kadar hapis cezas\u0131, di\u011fer san\u0131klar i\u00e7in ise &#8216;Silahla yaralama&#8217; su\u00e7undan 8 aydan 18 aya kadar hapis istendi.<\/p>\n<p>&#8216;KALABALIK, SOPALAR, SANDALYELERLE DARBETT\u0130, KALB\u0130NDEN BI\u00c7AKLANDI&#8217;<\/p>\n<p>\u00c7orlu 1&#8217;inci A\u011f\u0131r Ceza Mahkemesi&#8217;nde g\u00f6r\u00fclen karar duru\u015fmas\u0131na \u00f6len \u00d6zcan \u00d6zkan&#8217;\u0131n e\u015fi Nazan \u00d6zkan, o\u011flu Ada \u00d6zkan, ailenin avukatlar\u0131 ile san\u0131k Can Erdo\u011fan, mahkemeye tutuklu bulundu\u011fu cezaevinden Ses ve G\u00f6r\u00fcnt\u00fc Bili\u015fim Sistemi (SEGB\u0130S) ile kat\u0131ld\u0131.<\/p>\n<p>Duru\u015fmada ilk s\u00f6z, olayda yaralanan Ada \u00d6zkan&#8217;a verildi. \u00d6zkan, san\u0131klardan \u015fikayet\u00e7i oldu\u011funu ve en a\u011f\u0131r cezan\u0131n verilmesini istedi\u011fini s\u00f6yledi.<\/p>\n<p>\u00d6zkan&#8217;\u0131n e\u015fi Nazan \u00d6zkan ise &#8220;Hakk\u0131m\u0131 sonuna kadar arayaca\u011f\u0131m. Olayda kim varsa, her birinden davac\u0131 ve \u015fikayet\u00e7iyim&#8221; diye konu\u015ftu.<\/p>\n<p>Ailenin avukat\u0131 Bar\u0131\u015f \u0130zzet Y\u00fcksel, &#8220;Bu olay basit bir mahalle kavgas\u0131 de\u011fildir. D\u00fc\u011f\u00fcn bahanesiyle kamuya ait yolu kapat\u0131p buna itiraz eden vatanda\u015flar\u0131 kalabal\u0131kla, sopalarla, sandalyelerde darbeden, kalbinden b\u0131\u00e7aklayan zihniyet ile evine ekmek g\u00f6t\u00fcrmek i\u00e7in gece g\u00fcnd\u00fcz direksiyon sallayan 2 \u00e7ocuk sahibi bir emek\u00e7inin davas\u0131d\u0131r.<\/p>\n<p>B\u0131\u00e7a\u011f\u0131 saplayan kadar yan\u0131nda bulunan, as\u0131l faile yard\u0131m eden veya yaral\u0131 m\u00fcteveffaya yard\u0131m etmeyi ihmal eden ki\u015filer de asil fail kadar su\u00e7ludur. Di\u011fer san\u0131klar\u0131n da en a\u011f\u0131r \u015fekilde cezaland\u0131r\u0131lmas\u0131 gerekmektedir&#8221; ifadelerini kulland\u0131.<\/p>\n<p>Mahkeme ba\u015fkan\u0131 san\u0131k Can Erdo\u011fan&#8217;dan hakk\u0131nda karar verilece\u011fini s\u00f6yleyerek son s\u00f6zlerini s\u00f6ylemesini istedi.<\/p>\n<p>Pi\u015fman oldu\u011funu s\u00f6yleyen Erdo\u011fan, taksicinin e\u015fi Nazan \u00d6zkan&#8217;a ba\u015fsa\u011fl\u0131\u011f\u0131 dileyip, &#8220;B\u00f6yle olmas\u0131n\u0131 istemezdim, \u00e7ok \u00fczg\u00fcn\u00fcm beraat\u0131m\u0131 talep ediyorum&#8221; dedi.<\/p>\n<p>Can Erdo\u011fan, \u00d6zkan&#8217;\u0131 &#8216;Kasten \u00f6ld\u00fcrmek&#8217; su\u00e7undan m\u00fcebbet, Ada \u00d6zkan&#8217;\u0131 yaralamaktan 2 y\u0131l 3 ay hapis cezas\u0131na \u00e7arpt\u0131r\u0131ld\u0131.<\/p>\n<p>Di\u011fer san\u0131klardan Mustafa T., &#8216;Su\u00e7 delillerini gizleme ve yok etme, de\u011fi\u015ftirme&#8217; su\u00e7undan 2 y\u0131l 6 ay, Sedat A. ile Burak \u00d6.&#8217;ye ise 2&#8217;\u015fer y\u0131l hapis cezas\u0131 verildi.<\/p>\n<p>E.E., 36 bin, Mert B. ile Canpolat \u00d6. de 30 bin lira para cezas\u0131 ve 5&#8217;er y\u0131l denetimli serbestlik cezas\u0131na \u00e7arpt\u0131r\u0131ld\u0131.<\/p>\n<div class=\"corlu-icerikten-sonra_3\" id=\"corlu-4282873544\"><p><img loading=\"lazy\" decoding=\"async\" class=\"aligncenter\" src=\"https:\/\/www.corludahaber.com\/bahcesehir.jpg\" alt=\"\" width=\"624\" height=\"196\" \/><\/p>\n<table style=\"text-align: left; width: 100%;\" border=\"1\" cellspacing=\"2\" cellpadding=\"2\">\n<tbody>\n<tr>\n<td style=\"background-color: #050805;\"><span style=\"font-size: 12pt;\"><small><small><em><strong><big><span style=\"color: #ff0000;\">Haber ve resimlerin telif haklar\u0131ndan dolay\u0131 kullan\u0131m\u0131 yasakt\u0131r<span style=\"color: #000000;\">.<\/span><\/span><span style=\"color: #000000;\">\u00a0<\/span><span style=\"color: #ffffff;\">Yaz\u0131l\u0131 izni al\u0131nmadan hi\u00e7bir yaz\u0131l\u0131, g\u00f6rsel, i\u015fitsel i\u00e7erik kopyalanamaz, de\u011fi\u015ftirilemez, yay\u0131nlanamaz veya sat\u0131lamaz. Aksi halde<\/span>\u00a0<span style=\"color: #ff0000;\">5846<span style=\"color: #ffffff;\">\u00a0<\/span><\/span><span style=\"color: #ffffff;\">say\u0131l\u0131 Fikir ve Sanat Eserleri Kanunu\u2019na ve<\/span>\u00a0<span style=\"color: #800000;\"><span style=\"color: #ff0000;\">6102<\/span><span style=\"color: #ffffff;\">\u00a0<\/span><\/span><span style=\"color: #ffffff;\">say\u0131l\u0131 maddesine g\u00f6re<\/span>\u00a0<span style=\"color: #ff0000;\">gerekli i\u015flemler uygulanacakt\u0131r.<\/span><br \/>\n<span style=\"color: #ffffff;\">\u00a9 Copyright 2014<\/span><\/big><\/strong><\/em><\/small><\/small><\/span><\/td>\n<\/tr>\n<\/tbody>\n<\/table>\n<p><small><small>\u00a0<\/small><\/small><\/p>\n<\/div>","protected":false},"excerpt":{"rendered":"<p>\u00c7orlu&#8217;da d\u00fc\u011f\u00fcnden sonra caddeye b\u0131rak\u0131lan sandalyelerin yolu kapatmas\u0131 nedeniyle \u00e7\u0131kan b\u0131\u00e7akl\u0131 kavgada taksici \u00d6zcan \u00d6zkan&#8217;\u0131n (42) \u00f6l\u00fcm\u00fc, o\u011flu Ada \u00d6zkan&#8217;\u0131n (20) yaralanmas\u0131na neden olan Can Erdo\u011fan (30), &#8216;kasten \u00f6ld\u00fcrme&#8217; su\u00e7undan m\u00fcebbet hapis cezas\u0131na \u00e7arpt\u0131r\u0131ld\u0131. \u00c7orlu&#8217;da taksicilik yapan \u00d6zcan \u00d6zkan, 8 A\u011fustos 2024 gecesi yan\u0131nda o\u011flu Ada \u00d6zkan ile kulland\u0131\u011f\u0131 taksiyle eve giderken \u015eeyhsinan Mahallesi Mand\u0131rac\u0131 &hellip;<\/p>\n","protected":false},"author":151,"featured_media":119456,"comment_status":"open","ping_status":"closed","sticky":false,"template":"","format":"standard","meta":{"footnotes":""},"categories":[26],"tags":[8025,500,9376,15478,499,15453,3532,1741,5424,20491,1739,3661,25219,33528,33543],"class_list":["post-119436","post","type-post","status-publish","format-standard","has-post-thumbnail","hentry","category-asayis","tag-asayis","tag-cezasi","tag-corlu-kaza","tag-corlu-son-dakika-kaza","tag-hapis","tag-kapatma","tag-kavgasinda","tag-muebbet","tag-olduren","tag-oldurmustu","tag-saniga","tag-son-dakika-kaza","tag-taksiciyi","tag-yol-kapatma-kavgasinda-taksiciyi-olduren-saniga-muebbet-hapis-cezasi","tag-yol-kapatma-kavgasinda-taksiciyi-oldurmustu-muebbet-hapis-cezasi"],"yoast_head":"<!-- This site is optimized with the Yoast SEO Premium plugin v23.3 (Yoast SEO v23.3) - https:\/\/yoast.com\/wordpress\/plugins\/seo\/ -->\n<title>Yol Kapatma Kavgas\u0131nda Taksiciyi \u00d6ld\u00fcrm\u00fc\u015ft\u00fc: M\u00fcebbet Hapis Cezas\u0131 | \u00c7orlu&#039;da Haber<\/title>\n<meta name=\"description\" content=\"Yol Kapatma Kavgas\u0131nda Taksiciyi \u00d6ld\u00fcrm\u00fc\u015ft\u00fc: M\u00fcebbet Hapis Cezas\u0131 | Asayi\u015f \u00c7orlu&#039;da Haber\" \/>\n<meta name=\"robots\" content=\"index, follow, max-snippet:-1, max-image-preview:large, max-video-preview:-1\" \/>\n<link rel=\"canonical\" href=\"https:\/\/corludahaber.com\/h\/yol-kapatma-kavgasinda-taksiciyi-olduren-saniga-muebbet-hapis-cezasi\/119436\" \/>\n<meta property=\"og:locale\" content=\"tr_TR\" \/>\n<meta property=\"og:type\" content=\"article\" \/>\n<meta property=\"og:title\" content=\"Yol Kapatma Kavgas\u0131nda Taksiciyi \u00d6ld\u00fcrm\u00fc\u015ft\u00fc: M\u00fcebbet Hapis Cezas\u0131 | \u00c7orlu&#039;da Haber\" \/>\n<meta property=\"og:description\" content=\"Yol Kapatma Kavgas\u0131nda Taksiciyi \u00d6ld\u00fcrm\u00fc\u015ft\u00fc: M\u00fcebbet Hapis Cezas\u0131 | Asayi\u015f \u00c7orlu&#039;da Haber\" \/>\n<meta property=\"og:url\" content=\"https:\/\/corludahaber.com\/h\/yol-kapatma-kavgasinda-taksiciyi-olduren-saniga-muebbet-hapis-cezasi\/119436\" \/>\n<meta property=\"og:site_name\" content=\"\u00c7orlu&#039;da Haber\" \/>\n<meta property=\"article:publisher\" content=\"https:\/\/facebook.com\/habercorluda\" \/>\n<meta property=\"article:published_time\" content=\"2026-04-29T07:53:27+00:00\" \/>\n<meta property=\"article:modified_time\" content=\"2026-04-30T06:38:13+00:00\" \/>\n<meta property=\"og:image\" content=\"http:\/\/corludahaber.com\/h\/wp-content\/uploads\/2026\/04\/67fb7554e051c3c81a238de5.webp\" \/>\n\t<meta property=\"og:image:width\" content=\"728\" \/>\n\t<meta property=\"og:image:height\" content=\"410\" \/>\n\t<meta property=\"og:image:type\" content=\"image\/webp\" \/>\n<meta name=\"author\" content=\"\u00c7orlu&#039;da Haber\" \/>\n<meta name=\"twitter:card\" content=\"summary_large_image\" \/>\n<meta name=\"twitter:creator\" content=\"@habercorluda\" \/>\n<meta name=\"twitter:site\" content=\"@habercorluda\" \/>\n<meta name=\"twitter:label1\" content=\"Yazan:\" \/>\n\t<meta name=\"twitter:data1\" content=\"\u00c7orlu&#039;da Haber\" \/>\n\t<meta name=\"twitter:label2\" content=\"Tahmini okuma s\u00fcresi\" \/>\n\t<meta name=\"twitter:data2\" content=\"4 dakika\" \/>\n<script type=\"application\/ld+json\" class=\"yoast-schema-graph\">{\"@context\":\"https:\/\/schema.org\",\"@graph\":[{\"@type\":\"Article\",\"@id\":\"https:\/\/corludahaber.com\/h\/yol-kapatma-kavgasinda-taksiciyi-olduren-saniga-muebbet-hapis-cezasi\/119436#article\",\"isPartOf\":{\"@id\":\"https:\/\/corludahaber.com\/h\/yol-kapatma-kavgasinda-taksiciyi-olduren-saniga-muebbet-hapis-cezasi\/119436\"},\"author\":{\"name\":\"\u00c7orlu'da Haber\",\"@id\":\"https:\/\/corludahaber.com\/h\/#\/schema\/person\/b523522be44b062db5d74a62589768cd\"},\"headline\":\"Yol Kapatma Kavgas\u0131nda Taksiciyi \u00d6ld\u00fcrm\u00fc\u015ft\u00fc: M\u00fcebbet Hapis Cezas\u0131\",\"datePublished\":\"2026-04-29T07:53:27+00:00\",\"dateModified\":\"2026-04-30T06:38:13+00:00\",\"mainEntityOfPage\":{\"@id\":\"https:\/\/corludahaber.com\/h\/yol-kapatma-kavgasinda-taksiciyi-olduren-saniga-muebbet-hapis-cezasi\/119436\"},\"wordCount\":664,\"commentCount\":0,\"publisher\":{\"@id\":\"https:\/\/corludahaber.com\/h\/#organization\"},\"image\":{\"@id\":\"https:\/\/corludahaber.com\/h\/yol-kapatma-kavgasinda-taksiciyi-olduren-saniga-muebbet-hapis-cezasi\/119436#primaryimage\"},\"thumbnailUrl\":\"https:\/\/corludahaber.com\/h\/wp-content\/uploads\/2026\/04\/67fb7554e051c3c81a238de5.webp\",\"keywords\":[\"asayi\u015f\",\"Cezas\u0131\",\"\u00c7orlu kaza\",\"\u00c7orlu son dakika kaza\",\"Hapis\",\"kapatma\",\"Kavgas\u0131nda\",\"m\u00fcebbet\",\"\u00f6ld\u00fcren\",\"\u00d6ld\u00fcrm\u00fc\u015ft\u00fc\",\"san\u0131\u011fa\",\"son dakika kaza\",\"taksiciyi\",\"Yol kapatma kavgas\u0131nda taksiciyi \u00f6ld\u00fcren san\u0131\u011fa m\u00fcebbet hapis cezas\u0131\",\"Yol Kapatma Kavgas\u0131nda Taksiciyi \u00d6ld\u00fcrm\u00fc\u015ft\u00fc: M\u00fcebbet Hapis Cezas\u0131\"],\"articleSection\":[\"Asayi\u015f\"],\"inLanguage\":\"tr\",\"potentialAction\":[{\"@type\":\"CommentAction\",\"name\":\"Comment\",\"target\":[\"https:\/\/corludahaber.com\/h\/yol-kapatma-kavgasinda-taksiciyi-olduren-saniga-muebbet-hapis-cezasi\/119436#respond\"]}]},{\"@type\":\"WebPage\",\"@id\":\"https:\/\/corludahaber.com\/h\/yol-kapatma-kavgasinda-taksiciyi-olduren-saniga-muebbet-hapis-cezasi\/119436\",\"url\":\"https:\/\/corludahaber.com\/h\/yol-kapatma-kavgasinda-taksiciyi-olduren-saniga-muebbet-hapis-cezasi\/119436\",\"name\":\"Yol Kapatma Kavgas\u0131nda Taksiciyi \u00d6ld\u00fcrm\u00fc\u015ft\u00fc: M\u00fcebbet Hapis Cezas\u0131 | \u00c7orlu&#039;da Haber\",\"isPartOf\":{\"@id\":\"https:\/\/corludahaber.com\/h\/#website\"},\"primaryImageOfPage\":{\"@id\":\"https:\/\/corludahaber.com\/h\/yol-kapatma-kavgasinda-taksiciyi-olduren-saniga-muebbet-hapis-cezasi\/119436#primaryimage\"},\"image\":{\"@id\":\"https:\/\/corludahaber.com\/h\/yol-kapatma-kavgasinda-taksiciyi-olduren-saniga-muebbet-hapis-cezasi\/119436#primaryimage\"},\"thumbnailUrl\":\"https:\/\/corludahaber.com\/h\/wp-content\/uploads\/2026\/04\/67fb7554e051c3c81a238de5.webp\",\"datePublished\":\"2026-04-29T07:53:27+00:00\",\"dateModified\":\"2026-04-30T06:38:13+00:00\",\"description\":\"Yol Kapatma Kavgas\u0131nda Taksiciyi \u00d6ld\u00fcrm\u00fc\u015ft\u00fc: M\u00fcebbet Hapis Cezas\u0131 | Asayi\u015f \u00c7orlu&#039;da Haber\",\"breadcrumb\":{\"@id\":\"https:\/\/corludahaber.com\/h\/yol-kapatma-kavgasinda-taksiciyi-olduren-saniga-muebbet-hapis-cezasi\/119436#breadcrumb\"},\"inLanguage\":\"tr\",\"potentialAction\":[{\"@type\":\"ReadAction\",\"target\":[\"https:\/\/corludahaber.com\/h\/yol-kapatma-kavgasinda-taksiciyi-olduren-saniga-muebbet-hapis-cezasi\/119436\"]}]},{\"@type\":\"ImageObject\",\"inLanguage\":\"tr\",\"@id\":\"https:\/\/corludahaber.com\/h\/yol-kapatma-kavgasinda-taksiciyi-olduren-saniga-muebbet-hapis-cezasi\/119436#primaryimage\",\"url\":\"https:\/\/corludahaber.com\/h\/wp-content\/uploads\/2026\/04\/67fb7554e051c3c81a238de5.webp\",\"contentUrl\":\"https:\/\/corludahaber.com\/h\/wp-content\/uploads\/2026\/04\/67fb7554e051c3c81a238de5.webp\",\"width\":728,\"height\":410},{\"@type\":\"BreadcrumbList\",\"@id\":\"https:\/\/corludahaber.com\/h\/yol-kapatma-kavgasinda-taksiciyi-olduren-saniga-muebbet-hapis-cezasi\/119436#breadcrumb\",\"itemListElement\":[{\"@type\":\"ListItem\",\"position\":1,\"name\":\"Anasayfa\",\"item\":\"https:\/\/corludahaber.com\/h\/\"},{\"@type\":\"ListItem\",\"position\":2,\"name\":\"Asayi\u015f\",\"item\":\"https:\/\/corludahaber.com\/h\/kategori\/asayis\"},{\"@type\":\"ListItem\",\"position\":3,\"name\":\"Yol Kapatma Kavgas\u0131nda Taksiciyi \u00d6ld\u00fcrm\u00fc\u015ft\u00fc: M\u00fcebbet Hapis Cezas\u0131\"}]},{\"@type\":\"WebSite\",\"@id\":\"https:\/\/corludahaber.com\/h\/#website\",\"url\":\"https:\/\/corludahaber.com\/h\/\",\"name\":\"\u00c7orlu'da Haber\",\"description\":\"Ger\u00e7ek Tarafs\u0131z Haber\",\"publisher\":{\"@id\":\"https:\/\/corludahaber.com\/h\/#organization\"},\"potentialAction\":[{\"@type\":\"SearchAction\",\"target\":{\"@type\":\"EntryPoint\",\"urlTemplate\":\"https:\/\/corludahaber.com\/h\/?s={search_term_string}\"},\"query-input\":\"required name=search_term_string\"}],\"inLanguage\":\"tr\"},{\"@type\":\"Organization\",\"@id\":\"https:\/\/corludahaber.com\/h\/#organization\",\"name\":\"\u00c7orlu'da Haber\",\"url\":\"https:\/\/corludahaber.com\/h\/\",\"logo\":{\"@type\":\"ImageObject\",\"inLanguage\":\"tr\",\"@id\":\"https:\/\/corludahaber.com\/h\/#\/schema\/logo\/image\/\",\"url\":\"https:\/\/corludahaber.com\/h\/wp-content\/uploads\/2021\/12\/logo__9__1_-removebg-preview.png\",\"contentUrl\":\"https:\/\/corludahaber.com\/h\/wp-content\/uploads\/2021\/12\/logo__9__1_-removebg-preview.png\",\"width\":500,\"height\":157,\"caption\":\"\u00c7orlu'da Haber\"},\"image\":{\"@id\":\"https:\/\/corludahaber.com\/h\/#\/schema\/logo\/image\/\"},\"sameAs\":[\"https:\/\/facebook.com\/habercorluda\",\"https:\/\/x.com\/habercorluda\",\"https:\/\/www.instagram.com\/corludahaber\",\"https:\/\/www.youtube.com\/user\/corludahaber\"]},{\"@type\":\"Person\",\"@id\":\"https:\/\/corludahaber.com\/h\/#\/schema\/person\/b523522be44b062db5d74a62589768cd\",\"name\":\"\u00c7orlu'da Haber\",\"image\":{\"@type\":\"ImageObject\",\"inLanguage\":\"tr\",\"@id\":\"https:\/\/corludahaber.com\/h\/#\/schema\/person\/image\/\",\"url\":\"https:\/\/secure.gravatar.com\/avatar\/1033e54e078c29fd7f053370086ff627ba414b05c2b231c418a481adecd764ce?s=96&d=blank&r=g\",\"contentUrl\":\"https:\/\/secure.gravatar.com\/avatar\/1033e54e078c29fd7f053370086ff627ba414b05c2b231c418a481adecd764ce?s=96&d=blank&r=g\",\"caption\":\"\u00c7orlu'da Haber\"},\"sameAs\":[\"https:\/\/corludahaber.com\/h\"],\"url\":\"https:\/\/corludahaber.com\/h\/author\/admin\"}]}<\/script>\n<!-- \/ Yoast SEO Premium plugin. -->","yoast_head_json":{"title":"Yol Kapatma Kavgas\u0131nda Taksiciyi \u00d6ld\u00fcrm\u00fc\u015ft\u00fc: M\u00fcebbet Hapis Cezas\u0131 | \u00c7orlu&#039;da Haber","description":"Yol Kapatma Kavgas\u0131nda Taksiciyi \u00d6ld\u00fcrm\u00fc\u015ft\u00fc: M\u00fcebbet Hapis Cezas\u0131 | Asayi\u015f \u00c7orlu&#039;da Haber","robots":{"index":"index","follow":"follow","max-snippet":"max-snippet:-1","max-image-preview":"max-image-preview:large","max-video-preview":"max-video-preview:-1"},"canonical":"https:\/\/corludahaber.com\/h\/yol-kapatma-kavgasinda-taksiciyi-olduren-saniga-muebbet-hapis-cezasi\/119436","og_locale":"tr_TR","og_type":"article","og_title":"Yol Kapatma Kavgas\u0131nda Taksiciyi \u00d6ld\u00fcrm\u00fc\u015ft\u00fc: M\u00fcebbet Hapis Cezas\u0131 | \u00c7orlu&#039;da Haber","og_description":"Yol Kapatma Kavgas\u0131nda Taksiciyi \u00d6ld\u00fcrm\u00fc\u015ft\u00fc: M\u00fcebbet Hapis Cezas\u0131 | Asayi\u015f \u00c7orlu&#039;da Haber","og_url":"https:\/\/corludahaber.com\/h\/yol-kapatma-kavgasinda-taksiciyi-olduren-saniga-muebbet-hapis-cezasi\/119436","og_site_name":"\u00c7orlu&#039;da Haber","article_publisher":"https:\/\/facebook.com\/habercorluda","article_published_time":"2026-04-29T07:53:27+00:00","article_modified_time":"2026-04-30T06:38:13+00:00","og_image":[{"width":728,"height":410,"url":"http:\/\/corludahaber.com\/h\/wp-content\/uploads\/2026\/04\/67fb7554e051c3c81a238de5.webp","type":"image\/webp"}],"author":"\u00c7orlu'da Haber","twitter_card":"summary_large_image","twitter_creator":"@habercorluda","twitter_site":"@habercorluda","twitter_misc":{"Yazan:":"\u00c7orlu'da Haber","Tahmini okuma s\u00fcresi":"4 dakika"},"schema":{"@context":"https:\/\/schema.org","@graph":[{"@type":"Article","@id":"https:\/\/corludahaber.com\/h\/yol-kapatma-kavgasinda-taksiciyi-olduren-saniga-muebbet-hapis-cezasi\/119436#article","isPartOf":{"@id":"https:\/\/corludahaber.com\/h\/yol-kapatma-kavgasinda-taksiciyi-olduren-saniga-muebbet-hapis-cezasi\/119436"},"author":{"name":"\u00c7orlu'da Haber","@id":"https:\/\/corludahaber.com\/h\/#\/schema\/person\/b523522be44b062db5d74a62589768cd"},"headline":"Yol Kapatma Kavgas\u0131nda Taksiciyi \u00d6ld\u00fcrm\u00fc\u015ft\u00fc: M\u00fcebbet Hapis Cezas\u0131","datePublished":"2026-04-29T07:53:27+00:00","dateModified":"2026-04-30T06:38:13+00:00","mainEntityOfPage":{"@id":"https:\/\/corludahaber.com\/h\/yol-kapatma-kavgasinda-taksiciyi-olduren-saniga-muebbet-hapis-cezasi\/119436"},"wordCount":664,"commentCount":0,"publisher":{"@id":"https:\/\/corludahaber.com\/h\/#organization"},"image":{"@id":"https:\/\/corludahaber.com\/h\/yol-kapatma-kavgasinda-taksiciyi-olduren-saniga-muebbet-hapis-cezasi\/119436#primaryimage"},"thumbnailUrl":"https:\/\/corludahaber.com\/h\/wp-content\/uploads\/2026\/04\/67fb7554e051c3c81a238de5.webp","keywords":["asayi\u015f","Cezas\u0131","\u00c7orlu kaza","\u00c7orlu son dakika kaza","Hapis","kapatma","Kavgas\u0131nda","m\u00fcebbet","\u00f6ld\u00fcren","\u00d6ld\u00fcrm\u00fc\u015ft\u00fc","san\u0131\u011fa","son dakika kaza","taksiciyi","Yol kapatma kavgas\u0131nda taksiciyi \u00f6ld\u00fcren san\u0131\u011fa m\u00fcebbet hapis cezas\u0131","Yol Kapatma Kavgas\u0131nda Taksiciyi \u00d6ld\u00fcrm\u00fc\u015ft\u00fc: M\u00fcebbet Hapis Cezas\u0131"],"articleSection":["Asayi\u015f"],"inLanguage":"tr","potentialAction":[{"@type":"CommentAction","name":"Comment","target":["https:\/\/corludahaber.com\/h\/yol-kapatma-kavgasinda-taksiciyi-olduren-saniga-muebbet-hapis-cezasi\/119436#respond"]}]},{"@type":"WebPage","@id":"https:\/\/corludahaber.com\/h\/yol-kapatma-kavgasinda-taksiciyi-olduren-saniga-muebbet-hapis-cezasi\/119436","url":"https:\/\/corludahaber.com\/h\/yol-kapatma-kavgasinda-taksiciyi-olduren-saniga-muebbet-hapis-cezasi\/119436","name":"Yol Kapatma Kavgas\u0131nda Taksiciyi \u00d6ld\u00fcrm\u00fc\u015ft\u00fc: M\u00fcebbet Hapis Cezas\u0131 | \u00c7orlu&#039;da Haber","isPartOf":{"@id":"https:\/\/corludahaber.com\/h\/#website"},"primaryImageOfPage":{"@id":"https:\/\/corludahaber.com\/h\/yol-kapatma-kavgasinda-taksiciyi-olduren-saniga-muebbet-hapis-cezasi\/119436#primaryimage"},"image":{"@id":"https:\/\/corludahaber.com\/h\/yol-kapatma-kavgasinda-taksiciyi-olduren-saniga-muebbet-hapis-cezasi\/119436#primaryimage"},"thumbnailUrl":"https:\/\/corludahaber.com\/h\/wp-content\/uploads\/2026\/04\/67fb7554e051c3c81a238de5.webp","datePublished":"2026-04-29T07:53:27+00:00","dateModified":"2026-04-30T06:38:13+00:00","description":"Yol Kapatma Kavgas\u0131nda Taksiciyi \u00d6ld\u00fcrm\u00fc\u015ft\u00fc: M\u00fcebbet Hapis Cezas\u0131 | Asayi\u015f \u00c7orlu&#039;da Haber","breadcrumb":{"@id":"https:\/\/corludahaber.com\/h\/yol-kapatma-kavgasinda-taksiciyi-olduren-saniga-muebbet-hapis-cezasi\/119436#breadcrumb"},"inLanguage":"tr","potentialAction":[{"@type":"ReadAction","target":["https:\/\/corludahaber.com\/h\/yol-kapatma-kavgasinda-taksiciyi-olduren-saniga-muebbet-hapis-cezasi\/119436"]}]},{"@type":"ImageObject","inLanguage":"tr","@id":"https:\/\/corludahaber.com\/h\/yol-kapatma-kavgasinda-taksiciyi-olduren-saniga-muebbet-hapis-cezasi\/119436#primaryimage","url":"https:\/\/corludahaber.com\/h\/wp-content\/uploads\/2026\/04\/67fb7554e051c3c81a238de5.webp","contentUrl":"https:\/\/corludahaber.com\/h\/wp-content\/uploads\/2026\/04\/67fb7554e051c3c81a238de5.webp","width":728,"height":410},{"@type":"BreadcrumbList","@id":"https:\/\/corludahaber.com\/h\/yol-kapatma-kavgasinda-taksiciyi-olduren-saniga-muebbet-hapis-cezasi\/119436#breadcrumb","itemListElement":[{"@type":"ListItem","position":1,"name":"Anasayfa","item":"https:\/\/corludahaber.com\/h\/"},{"@type":"ListItem","position":2,"name":"Asayi\u015f","item":"https:\/\/corludahaber.com\/h\/kategori\/asayis"},{"@type":"ListItem","position":3,"name":"Yol Kapatma Kavgas\u0131nda Taksiciyi \u00d6ld\u00fcrm\u00fc\u015ft\u00fc: M\u00fcebbet Hapis Cezas\u0131"}]},{"@type":"WebSite","@id":"https:\/\/corludahaber.com\/h\/#website","url":"https:\/\/corludahaber.com\/h\/","name":"\u00c7orlu'da Haber","description":"Ger\u00e7ek Tarafs\u0131z Haber","publisher":{"@id":"https:\/\/corludahaber.com\/h\/#organization"},"potentialAction":[{"@type":"SearchAction","target":{"@type":"EntryPoint","urlTemplate":"https:\/\/corludahaber.com\/h\/?s={search_term_string}"},"query-input":"required name=search_term_string"}],"inLanguage":"tr"},{"@type":"Organization","@id":"https:\/\/corludahaber.com\/h\/#organization","name":"\u00c7orlu'da Haber","url":"https:\/\/corludahaber.com\/h\/","logo":{"@type":"ImageObject","inLanguage":"tr","@id":"https:\/\/corludahaber.com\/h\/#\/schema\/logo\/image\/","url":"https:\/\/corludahaber.com\/h\/wp-content\/uploads\/2021\/12\/logo__9__1_-removebg-preview.png","contentUrl":"https:\/\/corludahaber.com\/h\/wp-content\/uploads\/2021\/12\/logo__9__1_-removebg-preview.png","width":500,"height":157,"caption":"\u00c7orlu'da Haber"},"image":{"@id":"https:\/\/corludahaber.com\/h\/#\/schema\/logo\/image\/"},"sameAs":["https:\/\/facebook.com\/habercorluda","https:\/\/x.com\/habercorluda","https:\/\/www.instagram.com\/corludahaber","https:\/\/www.youtube.com\/user\/corludahaber"]},{"@type":"Person","@id":"https:\/\/corludahaber.com\/h\/#\/schema\/person\/b523522be44b062db5d74a62589768cd","name":"\u00c7orlu'da Haber","image":{"@type":"ImageObject","inLanguage":"tr","@id":"https:\/\/corludahaber.com\/h\/#\/schema\/person\/image\/","url":"https:\/\/secure.gravatar.com\/avatar\/1033e54e078c29fd7f053370086ff627ba414b05c2b231c418a481adecd764ce?s=96&d=blank&r=g","contentUrl":"https:\/\/secure.gravatar.com\/avatar\/1033e54e078c29fd7f053370086ff627ba414b05c2b231c418a481adecd764ce?s=96&d=blank&r=g","caption":"\u00c7orlu'da Haber"},"sameAs":["https:\/\/corludahaber.com\/h"],"url":"https:\/\/corludahaber.com\/h\/author\/admin"}]}},"_links":{"self":[{"href":"https:\/\/corludahaber.com\/h\/wp-json\/wp\/v2\/posts\/119436","targetHints":{"allow":["GET"]}}],"collection":[{"href":"https:\/\/corludahaber.com\/h\/wp-json\/wp\/v2\/posts"}],"about":[{"href":"https:\/\/corludahaber.com\/h\/wp-json\/wp\/v2\/types\/post"}],"author":[{"embeddable":true,"href":"https:\/\/corludahaber.com\/h\/wp-json\/wp\/v2\/users\/151"}],"replies":[{"embeddable":true,"href":"https:\/\/corludahaber.com\/h\/wp-json\/wp\/v2\/comments?post=119436"}],"version-history":[{"count":3,"href":"https:\/\/corludahaber.com\/h\/wp-json\/wp\/v2\/posts\/119436\/revisions"}],"predecessor-version":[{"id":119457,"href":"https:\/\/corludahaber.com\/h\/wp-json\/wp\/v2\/posts\/119436\/revisions\/119457"}],"wp:featuredmedia":[{"embeddable":true,"href":"https:\/\/corludahaber.com\/h\/wp-json\/wp\/v2\/media\/119456"}],"wp:attachment":[{"href":"https:\/\/corludahaber.com\/h\/wp-json\/wp\/v2\/media?parent=119436"}],"wp:term":[{"taxonomy":"category","embeddable":true,"href":"https:\/\/corludahaber.com\/h\/wp-json\/wp\/v2\/categories?post=119436"},{"taxonomy":"post_tag","embeddable":true,"href":"https:\/\/corludahaber.com\/h\/wp-json\/wp\/v2\/tags?post=119436"}],"curies":[{"name":"wp","href":"https:\/\/api.w.org\/{rel}","templated":true}]}}