{"id":119433,"date":"2026-04-29T07:18:55","date_gmt":"2026-04-29T04:18:55","guid":{"rendered":"https:\/\/corludahaber.com\/h\/baskan-sarikurttan-corluspor-1947ye-destek\/119433"},"modified":"2026-04-29T07:19:10","modified_gmt":"2026-04-29T04:19:10","slug":"baskan-sarikurttan-corluspor-1947ye-destek","status":"publish","type":"post","link":"https:\/\/corludahaber.com\/h\/baskan-sarikurttan-corluspor-1947ye-destek\/119433","title":{"rendered":"Ba\u015fkan Sar\u0131kurt`tan \u00c7orluspor 1947`ye Destek"},"content":{"rendered":"<div class=\"corlu-icerikten-once_3\" id=\"corlu-3825735346\"><script type='text\/javascript' src='https:\/\/platform-api.sharethis.com\/js\/sharethis.js#property=5ce8cf08af7d000012cb0ca1&product=inline-reaction-buttons' async='async'><\/script>\r\n\r\n<\/div><p>\u00c7orlu Belediye Ba\u015fkan\u0131 Ahmet Sar\u0131kurt, Bursa Y\u0131ld\u0131r\u0131mspor engelini a\u015farak TFF 3. Lig 1. Grup\u2019ta finale y\u00fckselen \u00c7orluspor 1947\u2019yi tebrik ederek t\u00fcm \u015fehri \u015fampiyonluk yolunda kenetlenmeye davet etti.<\/p><div class=\"corlu-icerik-2\" id=\"corlu-2020338215\"><!-- Admatic AUTO ads START -->\r\n<ins data-publisher=\"adm-pub-155556240050\" data-ad-network=\"659428a24d11b285b616c18d\"   class=\"adm-ads-area\"><\/ins>\r\n<script type=\"text\/javascript\" src=\"https:\/\/static.cdn.admatic.com.tr\/showad\/showad.min.js\"><\/script>\r\n<!-- Admatic AUTO ads END --><\/div>\n<p>\u201cO Kupa \u00c7orlu\u2019ya Gelecek\u201d<\/p>\n<p>\u00c7orlu\u2019nun spordaki gururu \u00c7orluspor 1947, play-off r\u00f6van\u015f m\u00fccadelesinde kendi sahas\u0131nda Bursa Y\u0131ld\u0131r\u0131mspor ile 1-1 berabere kalarak ad\u0131n\u0131 finale yazd\u0131rd\u0131. Deplasmandaki ilk ma\u00e7\u0131 3-2 kazanan sar\u0131- k\u0131rm\u0131z\u0131l\u0131lar bu sonu\u00e7la \u015fampiyonluk yolunda dev bir ad\u0131m daha att\u0131.<\/p>\n<p>\u201c\u015eehrimizin Gurur Tablosu\u201d<\/p>\n<p>Kar\u015f\u0131la\u015fmay\u0131 protokol trib\u00fcn\u00fcnden takip eden ve ma\u00e7 sonu bir a\u00e7\u0131klama yapan \u00c7orlu Belediye Ba\u015fkan\u0131 Ahmet Sar\u0131kurt, sahadaki m\u00fccadeleden duydu\u011fu memnuniyeti dile getirerek \u201cBursa Y\u0131ld\u0131r\u0131mspor kar\u015f\u0131s\u0131nda y\u00fcre\u011fini ortaya koyarak turu ge\u00e7en \u00c7orluspor 1947\u2019mizi tebrik ediyorum. \u0130lk ma\u00e7taki avantaj\u0131m\u0131z\u0131 koruyarak ad\u0131m\u0131z\u0131 grup finaline yazd\u0131rmak, t\u00fcm \u015fehrimiz i\u00e7in b\u00fcy\u00fck bir gurur vesilesi oldu. Sahada terinin son damlas\u0131na kadar sava\u015fan futbolcular\u0131m\u0131z\u0131, bu ba\u015far\u0131da b\u00fcy\u00fck pay sahibi olan teknik ekibimizi, y\u00f6netimimizi ve b\u00fcy\u00fck \u00c7orluspor 1947 taraftar\u0131n\u0131 kutluyorum.\u201d dedi.<\/p>\n<p>\u00c7orluspor 1947\u2019nin s\u0131radaki rakibi K\u00fc\u00e7\u00fck\u00e7ekmece Sinopspor<\/p>\n<p>Temsilcimizin finaldeki rakibi ise K\u00fc\u00e7\u00fck\u00e7ekmece Sinopspor oldu. \u0130ki tak\u0131m aras\u0131nda oynanacak olan ilk ma\u00e7 4 May\u0131s 2026 Pazartesi, \u0130stanbul\u2019daki r\u00f6van\u015f ise 8 May\u0131s 2026 Cuma g\u00fcn\u00fc \u00c7orlu General Basri Saran Stadyumu\u2019nda oynanacak.<\/p>\n<p>\u201c\u015eimdi Kenetlenme Vakti\u201d<\/p>\n<p>Ba\u015fkan Sar\u0131kurt, r\u00f6van\u015f ma\u00e7\u0131n\u0131n \u00c7orlu\u2019da oynanacak olmas\u0131n\u0131n avantaj oldu\u011funu belirterek; \u201c8 May\u0131s Cuma g\u00fcn\u00fc General Basri Saran Stadyumu\u2019nu bayram yerine \u00e7evirece\u011fiz. \u0130nan\u0131yorum ki taraftar\u0131m\u0131z\u0131n muhte\u015fem deste\u011fiyle turu ge\u00e7en taraf biz olaca\u011f\u0131z.\u201d diye konu\u015ftu.<\/p>\n<table style=\"text-align: left; color: #ff0000; font-weight: bold; width: 100%; height: 100%;\" border=\"1\" cellspacing=\"2\" cellpadding=\"2\">\n<tbody>\n<tr>\n<td style=\"background-color: #000000;\">\n<h5><em><span style=\"color: #ff0000;\">Bu haber <span style=\"color: #ffffff;\">\u00c7orlu Belediyesi&#8217;nin<\/span> Kendi sitesinden botlar yard\u0131m\u0131yla otomatik olarak eklenmi\u015ftir. Bu i\u00e7erikte \u00c7orlu&#8217;da Haber edit\u00f6rleri herhangi bir m\u00fcdahalede bulunmam\u0131\u015ft\u0131r.<\/span><\/em><\/h5>\n<\/td>\n<\/tr>\n<\/tbody>\n<\/table>\n<div class=\"corlu-icerikten-sonra_3\" id=\"corlu-821180345\"><p><img loading=\"lazy\" decoding=\"async\" class=\"aligncenter\" src=\"https:\/\/www.corludahaber.com\/bahcesehir.jpg\" alt=\"\" width=\"624\" height=\"196\" \/><\/p>\n<table style=\"text-align: left; width: 100%;\" border=\"1\" cellspacing=\"2\" cellpadding=\"2\">\n<tbody>\n<tr>\n<td style=\"background-color: #050805;\"><span style=\"font-size: 12pt;\"><small><small><em><strong><big><span style=\"color: #ff0000;\">Haber ve resimlerin telif haklar\u0131ndan dolay\u0131 kullan\u0131m\u0131 yasakt\u0131r<span style=\"color: #000000;\">.<\/span><\/span><span style=\"color: #000000;\">\u00a0<\/span><span style=\"color: #ffffff;\">Yaz\u0131l\u0131 izni al\u0131nmadan hi\u00e7bir yaz\u0131l\u0131, g\u00f6rsel, i\u015fitsel i\u00e7erik kopyalanamaz, de\u011fi\u015ftirilemez, yay\u0131nlanamaz veya sat\u0131lamaz. Aksi halde<\/span>\u00a0<span style=\"color: #ff0000;\">5846<span style=\"color: #ffffff;\">\u00a0<\/span><\/span><span style=\"color: #ffffff;\">say\u0131l\u0131 Fikir ve Sanat Eserleri Kanunu\u2019na ve<\/span>\u00a0<span style=\"color: #800000;\"><span style=\"color: #ff0000;\">6102<\/span><span style=\"color: #ffffff;\">\u00a0<\/span><\/span><span style=\"color: #ffffff;\">say\u0131l\u0131 maddesine g\u00f6re<\/span>\u00a0<span style=\"color: #ff0000;\">gerekli i\u015flemler uygulanacakt\u0131r.<\/span><br \/>\n<span style=\"color: #ffffff;\">\u00a9 Copyright 2014<\/span><\/big><\/strong><\/em><\/small><\/small><\/span><\/td>\n<\/tr>\n<\/tbody>\n<\/table>\n<p><small><small>\u00a0<\/small><\/small><\/p>\n<\/div>","protected":false},"excerpt":{"rendered":"<p>\u00c7orlu Belediye Ba\u015fkan\u0131 Ahmet Sar\u0131kurt, Bursa Y\u0131ld\u0131r\u0131mspor engelini a\u015farak TFF 3. Lig 1. Grup\u2019ta finale y\u00fckselen \u00c7orluspor 1947\u2019yi tebrik ederek t\u00fcm \u015fehri \u015fampiyonluk yolunda kenetlenmeye davet etti. \u201cO Kupa \u00c7orlu\u2019ya Gelecek\u201d \u00c7orlu\u2019nun spordaki gururu \u00c7orluspor 1947, play-off r\u00f6van\u015f m\u00fccadelesinde kendi sahas\u0131nda Bursa Y\u0131ld\u0131r\u0131mspor ile 1-1 berabere kalarak ad\u0131n\u0131 finale yazd\u0131rd\u0131. Deplasmandaki ilk ma\u00e7\u0131 3-2 kazanan &hellip;<\/p>\n","protected":false},"author":151,"featured_media":119434,"comment_status":"closed","ping_status":"closed","sticky":false,"template":"","format":"standard","meta":{"footnotes":""},"categories":[24],"tags":[8025,395,33527,9376,15478,11100,271,12426,3661],"class_list":["post-119433","post","type-post","status-publish","format-standard","has-post-thumbnail","hentry","category-corlu","tag-asayis","tag-baskan","tag-baskan-sarikurttan-corluspor-1947ye-destek","tag-corlu-kaza","tag-corlu-son-dakika-kaza","tag-corluspor","tag-destek","tag-sarikurt","tag-son-dakika-kaza"],"yoast_head":"<!-- This site is optimized with the Yoast SEO Premium plugin v23.3 (Yoast SEO v23.3) - https:\/\/yoast.com\/wordpress\/plugins\/seo\/ -->\n<title>Ba\u015fkan Sar\u0131kurt`tan \u00c7orluspor 1947`ye Destek | \u00c7orlu&#039;da Haber<\/title>\n<meta name=\"description\" content=\"Ba\u015fkan Sar\u0131kurt`tan \u00c7orluspor 1947`ye Destek | \u00c7orlu&#039;da Haber\" \/>\n<meta name=\"robots\" content=\"index, follow, max-snippet:-1, max-image-preview:large, max-video-preview:-1\" \/>\n<link rel=\"canonical\" href=\"https:\/\/corludahaber.com\/h\/baskan-sarikurttan-corluspor-1947ye-destek\/119433\" \/>\n<meta property=\"og:locale\" content=\"tr_TR\" \/>\n<meta property=\"og:type\" content=\"article\" \/>\n<meta property=\"og:title\" content=\"Ba\u015fkan Sar\u0131kurt`tan \u00c7orluspor 1947`ye Destek | \u00c7orlu&#039;da Haber\" \/>\n<meta property=\"og:description\" content=\"Ba\u015fkan Sar\u0131kurt`tan \u00c7orluspor 1947`ye Destek | \u00c7orlu&#039;da Haber\" \/>\n<meta property=\"og:url\" content=\"https:\/\/corludahaber.com\/h\/baskan-sarikurttan-corluspor-1947ye-destek\/119433\" \/>\n<meta property=\"og:site_name\" content=\"\u00c7orlu&#039;da Haber\" \/>\n<meta property=\"article:publisher\" content=\"https:\/\/facebook.com\/habercorluda\" \/>\n<meta property=\"article:published_time\" content=\"2026-04-29T04:18:55+00:00\" \/>\n<meta property=\"article:modified_time\" content=\"2026-04-29T04:19:10+00:00\" \/>\n<meta property=\"og:image\" content=\"http:\/\/corludahaber.com\/h\/wp-content\/uploads\/2026\/04\/baskan-sarikurttan-corluspor-1947ye-destek_69f186bb4b9f6.jpeg\" \/>\n\t<meta property=\"og:image:width\" content=\"832\" \/>\n\t<meta property=\"og:image:height\" content=\"407\" \/>\n\t<meta property=\"og:image:type\" content=\"image\/jpeg\" \/>\n<meta name=\"author\" content=\"\u00c7orlu&#039;da Haber\" \/>\n<meta name=\"twitter:card\" content=\"summary_large_image\" \/>\n<meta name=\"twitter:creator\" content=\"@habercorluda\" \/>\n<meta name=\"twitter:site\" content=\"@habercorluda\" \/>\n<meta name=\"twitter:label1\" content=\"Yazan:\" \/>\n\t<meta name=\"twitter:data1\" content=\"\u00c7orlu&#039;da Haber\" \/>\n\t<meta name=\"twitter:label2\" content=\"Tahmini okuma s\u00fcresi\" \/>\n\t<meta name=\"twitter:data2\" content=\"2 dakika\" \/>\n<script type=\"application\/ld+json\" class=\"yoast-schema-graph\">{\"@context\":\"https:\/\/schema.org\",\"@graph\":[{\"@type\":\"Article\",\"@id\":\"https:\/\/corludahaber.com\/h\/baskan-sarikurttan-corluspor-1947ye-destek\/119433#article\",\"isPartOf\":{\"@id\":\"https:\/\/corludahaber.com\/h\/baskan-sarikurttan-corluspor-1947ye-destek\/119433\"},\"author\":{\"name\":\"\u00c7orlu'da Haber\",\"@id\":\"https:\/\/corludahaber.com\/h\/#\/schema\/person\/b523522be44b062db5d74a62589768cd\"},\"headline\":\"Ba\u015fkan Sar\u0131kurt`tan \u00c7orluspor 1947`ye Destek\",\"datePublished\":\"2026-04-29T04:18:55+00:00\",\"dateModified\":\"2026-04-29T04:19:10+00:00\",\"mainEntityOfPage\":{\"@id\":\"https:\/\/corludahaber.com\/h\/baskan-sarikurttan-corluspor-1947ye-destek\/119433\"},\"wordCount\":345,\"publisher\":{\"@id\":\"https:\/\/corludahaber.com\/h\/#organization\"},\"image\":{\"@id\":\"https:\/\/corludahaber.com\/h\/baskan-sarikurttan-corluspor-1947ye-destek\/119433#primaryimage\"},\"thumbnailUrl\":\"https:\/\/corludahaber.com\/h\/wp-content\/uploads\/2026\/04\/baskan-sarikurttan-corluspor-1947ye-destek_69f186bb4b9f6.jpeg\",\"keywords\":[\"asayi\u015f\",\"BA\u015eKAN\",\"Ba\u015fkan Sar\u0131kurt`tan \u00c7orluspor 1947`ye Destek\",\"\u00c7orlu kaza\",\"\u00c7orlu son dakika kaza\",\"\u00c7orluspor\",\"destek\",\"Sar\u0131kurt\",\"son dakika kaza\"],\"articleSection\":[\"\u00c7orlu\"],\"inLanguage\":\"tr\"},{\"@type\":\"WebPage\",\"@id\":\"https:\/\/corludahaber.com\/h\/baskan-sarikurttan-corluspor-1947ye-destek\/119433\",\"url\":\"https:\/\/corludahaber.com\/h\/baskan-sarikurttan-corluspor-1947ye-destek\/119433\",\"name\":\"Ba\u015fkan Sar\u0131kurt`tan \u00c7orluspor 1947`ye Destek | \u00c7orlu&#039;da Haber\",\"isPartOf\":{\"@id\":\"https:\/\/corludahaber.com\/h\/#website\"},\"primaryImageOfPage\":{\"@id\":\"https:\/\/corludahaber.com\/h\/baskan-sarikurttan-corluspor-1947ye-destek\/119433#primaryimage\"},\"image\":{\"@id\":\"https:\/\/corludahaber.com\/h\/baskan-sarikurttan-corluspor-1947ye-destek\/119433#primaryimage\"},\"thumbnailUrl\":\"https:\/\/corludahaber.com\/h\/wp-content\/uploads\/2026\/04\/baskan-sarikurttan-corluspor-1947ye-destek_69f186bb4b9f6.jpeg\",\"datePublished\":\"2026-04-29T04:18:55+00:00\",\"dateModified\":\"2026-04-29T04:19:10+00:00\",\"description\":\"Ba\u015fkan Sar\u0131kurt`tan \u00c7orluspor 1947`ye Destek | \u00c7orlu&#039;da Haber\",\"breadcrumb\":{\"@id\":\"https:\/\/corludahaber.com\/h\/baskan-sarikurttan-corluspor-1947ye-destek\/119433#breadcrumb\"},\"inLanguage\":\"tr\",\"potentialAction\":[{\"@type\":\"ReadAction\",\"target\":[\"https:\/\/corludahaber.com\/h\/baskan-sarikurttan-corluspor-1947ye-destek\/119433\"]}]},{\"@type\":\"ImageObject\",\"inLanguage\":\"tr\",\"@id\":\"https:\/\/corludahaber.com\/h\/baskan-sarikurttan-corluspor-1947ye-destek\/119433#primaryimage\",\"url\":\"https:\/\/corludahaber.com\/h\/wp-content\/uploads\/2026\/04\/baskan-sarikurttan-corluspor-1947ye-destek_69f186bb4b9f6.jpeg\",\"contentUrl\":\"https:\/\/corludahaber.com\/h\/wp-content\/uploads\/2026\/04\/baskan-sarikurttan-corluspor-1947ye-destek_69f186bb4b9f6.jpeg\",\"width\":832,\"height\":407},{\"@type\":\"BreadcrumbList\",\"@id\":\"https:\/\/corludahaber.com\/h\/baskan-sarikurttan-corluspor-1947ye-destek\/119433#breadcrumb\",\"itemListElement\":[{\"@type\":\"ListItem\",\"position\":1,\"name\":\"Anasayfa\",\"item\":\"https:\/\/corludahaber.com\/h\/\"},{\"@type\":\"ListItem\",\"position\":2,\"name\":\"\u00c7orlu\",\"item\":\"https:\/\/corludahaber.com\/h\/kategori\/corlu\"},{\"@type\":\"ListItem\",\"position\":3,\"name\":\"Ba\u015fkan Sar\u0131kurt`tan \u00c7orluspor 1947`ye Destek\"}]},{\"@type\":\"WebSite\",\"@id\":\"https:\/\/corludahaber.com\/h\/#website\",\"url\":\"https:\/\/corludahaber.com\/h\/\",\"name\":\"\u00c7orlu'da Haber\",\"description\":\"Ger\u00e7ek Tarafs\u0131z Haber\",\"publisher\":{\"@id\":\"https:\/\/corludahaber.com\/h\/#organization\"},\"potentialAction\":[{\"@type\":\"SearchAction\",\"target\":{\"@type\":\"EntryPoint\",\"urlTemplate\":\"https:\/\/corludahaber.com\/h\/?s={search_term_string}\"},\"query-input\":\"required name=search_term_string\"}],\"inLanguage\":\"tr\"},{\"@type\":\"Organization\",\"@id\":\"https:\/\/corludahaber.com\/h\/#organization\",\"name\":\"\u00c7orlu'da Haber\",\"url\":\"https:\/\/corludahaber.com\/h\/\",\"logo\":{\"@type\":\"ImageObject\",\"inLanguage\":\"tr\",\"@id\":\"https:\/\/corludahaber.com\/h\/#\/schema\/logo\/image\/\",\"url\":\"https:\/\/corludahaber.com\/h\/wp-content\/uploads\/2021\/12\/logo__9__1_-removebg-preview.png\",\"contentUrl\":\"https:\/\/corludahaber.com\/h\/wp-content\/uploads\/2021\/12\/logo__9__1_-removebg-preview.png\",\"width\":500,\"height\":157,\"caption\":\"\u00c7orlu'da Haber\"},\"image\":{\"@id\":\"https:\/\/corludahaber.com\/h\/#\/schema\/logo\/image\/\"},\"sameAs\":[\"https:\/\/facebook.com\/habercorluda\",\"https:\/\/x.com\/habercorluda\",\"https:\/\/www.instagram.com\/corludahaber\",\"https:\/\/www.youtube.com\/user\/corludahaber\"]},{\"@type\":\"Person\",\"@id\":\"https:\/\/corludahaber.com\/h\/#\/schema\/person\/b523522be44b062db5d74a62589768cd\",\"name\":\"\u00c7orlu'da Haber\",\"image\":{\"@type\":\"ImageObject\",\"inLanguage\":\"tr\",\"@id\":\"https:\/\/corludahaber.com\/h\/#\/schema\/person\/image\/\",\"url\":\"https:\/\/secure.gravatar.com\/avatar\/1033e54e078c29fd7f053370086ff627ba414b05c2b231c418a481adecd764ce?s=96&d=blank&r=g\",\"contentUrl\":\"https:\/\/secure.gravatar.com\/avatar\/1033e54e078c29fd7f053370086ff627ba414b05c2b231c418a481adecd764ce?s=96&d=blank&r=g\",\"caption\":\"\u00c7orlu'da Haber\"},\"sameAs\":[\"https:\/\/corludahaber.com\/h\"],\"url\":\"https:\/\/corludahaber.com\/h\/author\/admin\"}]}<\/script>\n<!-- \/ Yoast SEO Premium plugin. -->","yoast_head_json":{"title":"Ba\u015fkan Sar\u0131kurt`tan \u00c7orluspor 1947`ye Destek | \u00c7orlu&#039;da Haber","description":"Ba\u015fkan Sar\u0131kurt`tan \u00c7orluspor 1947`ye Destek | \u00c7orlu&#039;da Haber","robots":{"index":"index","follow":"follow","max-snippet":"max-snippet:-1","max-image-preview":"max-image-preview:large","max-video-preview":"max-video-preview:-1"},"canonical":"https:\/\/corludahaber.com\/h\/baskan-sarikurttan-corluspor-1947ye-destek\/119433","og_locale":"tr_TR","og_type":"article","og_title":"Ba\u015fkan Sar\u0131kurt`tan \u00c7orluspor 1947`ye Destek | \u00c7orlu&#039;da Haber","og_description":"Ba\u015fkan Sar\u0131kurt`tan \u00c7orluspor 1947`ye Destek | \u00c7orlu&#039;da Haber","og_url":"https:\/\/corludahaber.com\/h\/baskan-sarikurttan-corluspor-1947ye-destek\/119433","og_site_name":"\u00c7orlu&#039;da Haber","article_publisher":"https:\/\/facebook.com\/habercorluda","article_published_time":"2026-04-29T04:18:55+00:00","article_modified_time":"2026-04-29T04:19:10+00:00","og_image":[{"width":832,"height":407,"url":"http:\/\/corludahaber.com\/h\/wp-content\/uploads\/2026\/04\/baskan-sarikurttan-corluspor-1947ye-destek_69f186bb4b9f6.jpeg","type":"image\/jpeg"}],"author":"\u00c7orlu'da Haber","twitter_card":"summary_large_image","twitter_creator":"@habercorluda","twitter_site":"@habercorluda","twitter_misc":{"Yazan:":"\u00c7orlu'da Haber","Tahmini okuma s\u00fcresi":"2 dakika"},"schema":{"@context":"https:\/\/schema.org","@graph":[{"@type":"Article","@id":"https:\/\/corludahaber.com\/h\/baskan-sarikurttan-corluspor-1947ye-destek\/119433#article","isPartOf":{"@id":"https:\/\/corludahaber.com\/h\/baskan-sarikurttan-corluspor-1947ye-destek\/119433"},"author":{"name":"\u00c7orlu'da Haber","@id":"https:\/\/corludahaber.com\/h\/#\/schema\/person\/b523522be44b062db5d74a62589768cd"},"headline":"Ba\u015fkan Sar\u0131kurt`tan \u00c7orluspor 1947`ye Destek","datePublished":"2026-04-29T04:18:55+00:00","dateModified":"2026-04-29T04:19:10+00:00","mainEntityOfPage":{"@id":"https:\/\/corludahaber.com\/h\/baskan-sarikurttan-corluspor-1947ye-destek\/119433"},"wordCount":345,"publisher":{"@id":"https:\/\/corludahaber.com\/h\/#organization"},"image":{"@id":"https:\/\/corludahaber.com\/h\/baskan-sarikurttan-corluspor-1947ye-destek\/119433#primaryimage"},"thumbnailUrl":"https:\/\/corludahaber.com\/h\/wp-content\/uploads\/2026\/04\/baskan-sarikurttan-corluspor-1947ye-destek_69f186bb4b9f6.jpeg","keywords":["asayi\u015f","BA\u015eKAN","Ba\u015fkan Sar\u0131kurt`tan \u00c7orluspor 1947`ye Destek","\u00c7orlu kaza","\u00c7orlu son dakika kaza","\u00c7orluspor","destek","Sar\u0131kurt","son dakika kaza"],"articleSection":["\u00c7orlu"],"inLanguage":"tr"},{"@type":"WebPage","@id":"https:\/\/corludahaber.com\/h\/baskan-sarikurttan-corluspor-1947ye-destek\/119433","url":"https:\/\/corludahaber.com\/h\/baskan-sarikurttan-corluspor-1947ye-destek\/119433","name":"Ba\u015fkan Sar\u0131kurt`tan \u00c7orluspor 1947`ye Destek | \u00c7orlu&#039;da Haber","isPartOf":{"@id":"https:\/\/corludahaber.com\/h\/#website"},"primaryImageOfPage":{"@id":"https:\/\/corludahaber.com\/h\/baskan-sarikurttan-corluspor-1947ye-destek\/119433#primaryimage"},"image":{"@id":"https:\/\/corludahaber.com\/h\/baskan-sarikurttan-corluspor-1947ye-destek\/119433#primaryimage"},"thumbnailUrl":"https:\/\/corludahaber.com\/h\/wp-content\/uploads\/2026\/04\/baskan-sarikurttan-corluspor-1947ye-destek_69f186bb4b9f6.jpeg","datePublished":"2026-04-29T04:18:55+00:00","dateModified":"2026-04-29T04:19:10+00:00","description":"Ba\u015fkan Sar\u0131kurt`tan \u00c7orluspor 1947`ye Destek | \u00c7orlu&#039;da Haber","breadcrumb":{"@id":"https:\/\/corludahaber.com\/h\/baskan-sarikurttan-corluspor-1947ye-destek\/119433#breadcrumb"},"inLanguage":"tr","potentialAction":[{"@type":"ReadAction","target":["https:\/\/corludahaber.com\/h\/baskan-sarikurttan-corluspor-1947ye-destek\/119433"]}]},{"@type":"ImageObject","inLanguage":"tr","@id":"https:\/\/corludahaber.com\/h\/baskan-sarikurttan-corluspor-1947ye-destek\/119433#primaryimage","url":"https:\/\/corludahaber.com\/h\/wp-content\/uploads\/2026\/04\/baskan-sarikurttan-corluspor-1947ye-destek_69f186bb4b9f6.jpeg","contentUrl":"https:\/\/corludahaber.com\/h\/wp-content\/uploads\/2026\/04\/baskan-sarikurttan-corluspor-1947ye-destek_69f186bb4b9f6.jpeg","width":832,"height":407},{"@type":"BreadcrumbList","@id":"https:\/\/corludahaber.com\/h\/baskan-sarikurttan-corluspor-1947ye-destek\/119433#breadcrumb","itemListElement":[{"@type":"ListItem","position":1,"name":"Anasayfa","item":"https:\/\/corludahaber.com\/h\/"},{"@type":"ListItem","position":2,"name":"\u00c7orlu","item":"https:\/\/corludahaber.com\/h\/kategori\/corlu"},{"@type":"ListItem","position":3,"name":"Ba\u015fkan Sar\u0131kurt`tan \u00c7orluspor 1947`ye Destek"}]},{"@type":"WebSite","@id":"https:\/\/corludahaber.com\/h\/#website","url":"https:\/\/corludahaber.com\/h\/","name":"\u00c7orlu'da Haber","description":"Ger\u00e7ek Tarafs\u0131z Haber","publisher":{"@id":"https:\/\/corludahaber.com\/h\/#organization"},"potentialAction":[{"@type":"SearchAction","target":{"@type":"EntryPoint","urlTemplate":"https:\/\/corludahaber.com\/h\/?s={search_term_string}"},"query-input":"required name=search_term_string"}],"inLanguage":"tr"},{"@type":"Organization","@id":"https:\/\/corludahaber.com\/h\/#organization","name":"\u00c7orlu'da Haber","url":"https:\/\/corludahaber.com\/h\/","logo":{"@type":"ImageObject","inLanguage":"tr","@id":"https:\/\/corludahaber.com\/h\/#\/schema\/logo\/image\/","url":"https:\/\/corludahaber.com\/h\/wp-content\/uploads\/2021\/12\/logo__9__1_-removebg-preview.png","contentUrl":"https:\/\/corludahaber.com\/h\/wp-content\/uploads\/2021\/12\/logo__9__1_-removebg-preview.png","width":500,"height":157,"caption":"\u00c7orlu'da Haber"},"image":{"@id":"https:\/\/corludahaber.com\/h\/#\/schema\/logo\/image\/"},"sameAs":["https:\/\/facebook.com\/habercorluda","https:\/\/x.com\/habercorluda","https:\/\/www.instagram.com\/corludahaber","https:\/\/www.youtube.com\/user\/corludahaber"]},{"@type":"Person","@id":"https:\/\/corludahaber.com\/h\/#\/schema\/person\/b523522be44b062db5d74a62589768cd","name":"\u00c7orlu'da Haber","image":{"@type":"ImageObject","inLanguage":"tr","@id":"https:\/\/corludahaber.com\/h\/#\/schema\/person\/image\/","url":"https:\/\/secure.gravatar.com\/avatar\/1033e54e078c29fd7f053370086ff627ba414b05c2b231c418a481adecd764ce?s=96&d=blank&r=g","contentUrl":"https:\/\/secure.gravatar.com\/avatar\/1033e54e078c29fd7f053370086ff627ba414b05c2b231c418a481adecd764ce?s=96&d=blank&r=g","caption":"\u00c7orlu'da Haber"},"sameAs":["https:\/\/corludahaber.com\/h"],"url":"https:\/\/corludahaber.com\/h\/author\/admin"}]}},"_links":{"self":[{"href":"https:\/\/corludahaber.com\/h\/wp-json\/wp\/v2\/posts\/119433","targetHints":{"allow":["GET"]}}],"collection":[{"href":"https:\/\/corludahaber.com\/h\/wp-json\/wp\/v2\/posts"}],"about":[{"href":"https:\/\/corludahaber.com\/h\/wp-json\/wp\/v2\/types\/post"}],"author":[{"embeddable":true,"href":"https:\/\/corludahaber.com\/h\/wp-json\/wp\/v2\/users\/151"}],"replies":[{"embeddable":true,"href":"https:\/\/corludahaber.com\/h\/wp-json\/wp\/v2\/comments?post=119433"}],"version-history":[{"count":1,"href":"https:\/\/corludahaber.com\/h\/wp-json\/wp\/v2\/posts\/119433\/revisions"}],"predecessor-version":[{"id":119435,"href":"https:\/\/corludahaber.com\/h\/wp-json\/wp\/v2\/posts\/119433\/revisions\/119435"}],"wp:featuredmedia":[{"embeddable":true,"href":"https:\/\/corludahaber.com\/h\/wp-json\/wp\/v2\/media\/119434"}],"wp:attachment":[{"href":"https:\/\/corludahaber.com\/h\/wp-json\/wp\/v2\/media?parent=119433"}],"wp:term":[{"taxonomy":"category","embeddable":true,"href":"https:\/\/corludahaber.com\/h\/wp-json\/wp\/v2\/categories?post=119433"},{"taxonomy":"post_tag","embeddable":true,"href":"https:\/\/corludahaber.com\/h\/wp-json\/wp\/v2\/tags?post=119433"}],"curies":[{"name":"wp","href":"https:\/\/api.w.org\/{rel}","templated":true}]}}