{"id":119430,"date":"2026-04-29T07:18:26","date_gmt":"2026-04-29T04:18:26","guid":{"rendered":"https:\/\/corludahaber.com\/h\/corlunun-her-kosesinde-yasam-kalitesini-arttiriyoruz\/119430"},"modified":"2026-04-29T07:18:45","modified_gmt":"2026-04-29T04:18:45","slug":"corlunun-her-kosesinde-yasam-kalitesini-arttiriyoruz","status":"publish","type":"post","link":"https:\/\/corludahaber.com\/h\/corlunun-her-kosesinde-yasam-kalitesini-arttiriyoruz\/119430","title":{"rendered":"&#8220;\u00c7orlu`nun Her K\u00f6\u015fesinde Ya\u015fam Kalitesini Artt\u0131r\u0131yoruz&#8221;"},"content":{"rendered":"<div class=\"corlu-icerikten-once_3\" id=\"corlu-1818588307\"><script type='text\/javascript' src='https:\/\/platform-api.sharethis.com\/js\/sharethis.js#property=5ce8cf08af7d000012cb0ca1&product=inline-reaction-buttons' async='async'><\/script>\r\n\r\n<\/div><p>\u00c7orlu Belediye Ba\u015fkan\u0131 Ahmet Sar\u0131kurt, Alipa\u015fa ve Muhittin Mahallelerinde devam eden \u00e7al\u0131\u015fmalar\u0131 yerinde inceledi. Ba\u015fkan Sar\u0131kurt, \u201c\u0130htiya\u00e7lar\u0131 yerinde tespit ediyor, hem\u015fehrilerimizin ya\u015fam kalitesini art\u0131racak \u00e7\u00f6z\u00fcmler \u00fcretiyoruz.\u201d dedi.<\/p><div class=\"corlu-icerik-2\" id=\"corlu-2563836515\"><!-- Admatic AUTO ads START -->\r\n<ins data-publisher=\"adm-pub-155556240050\" data-ad-network=\"659428a24d11b285b616c18d\"   class=\"adm-ads-area\"><\/ins>\r\n<script type=\"text\/javascript\" src=\"https:\/\/static.cdn.admatic.com.tr\/showad\/showad.min.js\"><\/script>\r\n<!-- Admatic AUTO ads END --><\/div>\n<p>\u00c7orlu Belediyesi, kentin d\u00f6rt bir yan\u0131ndaki hizmet seferberli\u011fini aral\u0131ks\u0131z s\u00fcrd\u00fcr\u00fcyor. Belediye Ba\u015fkan\u0131 Ahmet Sar\u0131kurt, y\u00fcr\u00fct\u00fclen projeleri denetlemek ve vatanda\u015flarla bir araya gelmek amac\u0131yla ger\u00e7ekle\u015ftirdi\u011fi saha incelemeleri kapsam\u0131nda Alipa\u015fa ve Muhittin Mahallelerini ziyaret etti.<\/p>\n<p>Alipa\u015fa\u2019ya Yeni Sosyal Alan<\/p>\n<p>\u0130ncelemelerine Alipa\u015fa Mahallesi\u2019nden ba\u015flayan Ba\u015fkan Sar\u0131kurt, burada yap\u0131m\u0131 devam eden park ve kafe projesini gezdi. Ekiplerden \u00e7al\u0131\u015fmalar\u0131n son durumu hakk\u0131nda detayl\u0131 bilgi alan Ba\u015fkan Sar\u0131kurt, projenin mahalle sakinleri i\u00e7in \u00f6nemli bir nefes alan\u0131 olaca\u011f\u0131n\u0131 vurgulad\u0131. Sosyal donat\u0131 alanlar\u0131n\u0131n \u00f6nemine de\u011finen Ba\u015fkan Sar\u0131kurt, \u201cVatanda\u015flar\u0131m\u0131z\u0131n aileleriyle keyifli vakit ge\u00e7irebilece\u011fi modern ve ye\u015fil alanlar olu\u015fturmaya devam ediyoruz.\u201d dedi.<\/p>\n<p>Muhittin Mahallesi\u2019nde Modern \u00dcstyap\u0131<\/p>\n<p>Program\u0131n\u0131n ikinci dura\u011f\u0131nda Muhittin Mahallesi\u2019ne ge\u00e7en Ba\u015fkan Sar\u0131kurt, Ahmet Pri\u015ftina Caddesi\u2019ndeki yol ve kald\u0131r\u0131m d\u00fczenlemelerini inceledi. \u00c7al\u0131\u015fmalar\u0131n planlanan takvime uygun ilerledi\u011fini belirten Ba\u015fkan Sar\u0131kurt, incelemelerin ard\u0131ndan b\u00f6lge esnaf\u0131n\u0131 ziyaret etti.<\/p>\n<p>Esnaf ve Vatanda\u015fla \u0130sti\u015fare Odakl\u0131 Y\u00f6netim <\/p>\n<p>Ziyaret s\u0131ras\u0131nda esnafla \u00e7ay i\u00e7ip sohbet eden, talep ve \u00f6nerileri tek tek not alan Ba\u015fkan Sar\u0131kurt, \u201c\u00c7orlu\u2019muzun her soka\u011f\u0131nda ekiplerimizle birlikte sahaday\u0131z. Sadece teknik inceleme yapm\u0131yor, ayn\u0131 zamanda esnaf\u0131m\u0131z\u0131n ve hem\u015fehrilerimizin sesine kulak veriyoruz. Yerinde tespit ve ortak ak\u0131lla \u00fcretti\u011fimiz \u00e7\u00f6z\u00fcmler, \u015fehrimizin gelece\u011fini daha sa\u011flam temeller \u00fczerine in\u015fa etmemizi sa\u011fl\u0131yor. \u00c7orlu i\u00e7in durmadan \u00e7al\u0131\u015fmaya devam edece\u011fiz.\u201d dedi.<\/p>\n<p>Ba\u015fkan Sar\u0131kurt\u2019un saha ziyaretleri, mahalle sakinlerinin memnuniyet ifadeleri ve hat\u0131ra foto\u011fraflar\u0131 \u00e7ekimiyle sona erdi.<\/p>\n<table style=\"text-align: left; color: #ff0000; font-weight: bold; width: 100%; height: 100%;\" border=\"1\" cellspacing=\"2\" cellpadding=\"2\">\n<tbody>\n<tr>\n<td style=\"background-color: #000000;\">\n<h5><em><span style=\"color: #ff0000;\">Bu haber <span style=\"color: #ffffff;\">\u00c7orlu Belediyesi&#8217;nin<\/span> Kendi sitesinden botlar yard\u0131m\u0131yla otomatik olarak eklenmi\u015ftir. Bu i\u00e7erikte \u00c7orlu&#8217;da Haber edit\u00f6rleri herhangi bir m\u00fcdahalede bulunmam\u0131\u015ft\u0131r.<\/span><\/em><\/h5>\n<\/td>\n<\/tr>\n<\/tbody>\n<\/table>\n<div class=\"corlu-icerikten-sonra_3\" id=\"corlu-417107913\"><p><img loading=\"lazy\" decoding=\"async\" class=\"aligncenter\" src=\"https:\/\/www.corludahaber.com\/bahcesehir.jpg\" alt=\"\" width=\"624\" height=\"196\" \/><\/p>\n<table style=\"text-align: left; width: 100%;\" border=\"1\" cellspacing=\"2\" cellpadding=\"2\">\n<tbody>\n<tr>\n<td style=\"background-color: #050805;\"><span style=\"font-size: 12pt;\"><small><small><em><strong><big><span style=\"color: #ff0000;\">Haber ve resimlerin telif haklar\u0131ndan dolay\u0131 kullan\u0131m\u0131 yasakt\u0131r<span style=\"color: #000000;\">.<\/span><\/span><span style=\"color: #000000;\">\u00a0<\/span><span style=\"color: #ffffff;\">Yaz\u0131l\u0131 izni al\u0131nmadan hi\u00e7bir yaz\u0131l\u0131, g\u00f6rsel, i\u015fitsel i\u00e7erik kopyalanamaz, de\u011fi\u015ftirilemez, yay\u0131nlanamaz veya sat\u0131lamaz. Aksi halde<\/span>\u00a0<span style=\"color: #ff0000;\">5846<span style=\"color: #ffffff;\">\u00a0<\/span><\/span><span style=\"color: #ffffff;\">say\u0131l\u0131 Fikir ve Sanat Eserleri Kanunu\u2019na ve<\/span>\u00a0<span style=\"color: #800000;\"><span style=\"color: #ff0000;\">6102<\/span><span style=\"color: #ffffff;\">\u00a0<\/span><\/span><span style=\"color: #ffffff;\">say\u0131l\u0131 maddesine g\u00f6re<\/span>\u00a0<span style=\"color: #ff0000;\">gerekli i\u015flemler uygulanacakt\u0131r.<\/span><br \/>\n<span style=\"color: #ffffff;\">\u00a9 Copyright 2014<\/span><\/big><\/strong><\/em><\/small><\/small><\/span><\/td>\n<\/tr>\n<\/tbody>\n<\/table>\n<p><small><small>\u00a0<\/small><\/small><\/p>\n<\/div>","protected":false},"excerpt":{"rendered":"<p>\u00c7orlu Belediye Ba\u015fkan\u0131 Ahmet Sar\u0131kurt, Alipa\u015fa ve Muhittin Mahallelerinde devam eden \u00e7al\u0131\u015fmalar\u0131 yerinde inceledi. Ba\u015fkan Sar\u0131kurt, \u201c\u0130htiya\u00e7lar\u0131 yerinde tespit ediyor, hem\u015fehrilerimizin ya\u015fam kalitesini art\u0131racak \u00e7\u00f6z\u00fcmler \u00fcretiyoruz.\u201d dedi. \u00c7orlu Belediyesi, kentin d\u00f6rt bir yan\u0131ndaki hizmet seferberli\u011fini aral\u0131ks\u0131z s\u00fcrd\u00fcr\u00fcyor. Belediye Ba\u015fkan\u0131 Ahmet Sar\u0131kurt, y\u00fcr\u00fct\u00fclen projeleri denetlemek ve vatanda\u015flarla bir araya gelmek amac\u0131yla ger\u00e7ekle\u015ftirdi\u011fi saha incelemeleri kapsam\u0131nda Alipa\u015fa &hellip;<\/p>\n","protected":false},"author":151,"featured_media":119431,"comment_status":"closed","ping_status":"closed","sticky":false,"template":"","format":"standard","meta":{"footnotes":""},"categories":[24],"tags":[33526,33525,8025,411,9376,15478,1889,33524,3661,1888],"class_list":["post-119430","post","type-post","status-publish","format-standard","has-post-thumbnail","hentry","category-corlu","tag-corlunun-her-kosesinde-yasam-kalitesini-arttiriyoruz","tag-arttiriyoruz","tag-asayis","tag-corlu","tag-corlu-kaza","tag-corlu-son-dakika-kaza","tag-kalitesini","tag-kosesinde","tag-son-dakika-kaza","tag-yasam"],"yoast_head":"<!-- This site is optimized with the Yoast SEO Premium plugin v23.3 (Yoast SEO v23.3) - https:\/\/yoast.com\/wordpress\/plugins\/seo\/ -->\n<title>&quot;\u00c7orlu`nun Her K\u00f6\u015fesinde Ya\u015fam Kalitesini Artt\u0131r\u0131yoruz&quot; | \u00c7orlu&#039;da Haber<\/title>\n<meta name=\"description\" content=\"&quot;\u00c7orlu`nun Her K\u00f6\u015fesinde Ya\u015fam Kalitesini Artt\u0131r\u0131yoruz&quot; | \u00c7orlu&#039;da Haber\" \/>\n<meta name=\"robots\" content=\"index, follow, max-snippet:-1, max-image-preview:large, max-video-preview:-1\" \/>\n<link rel=\"canonical\" href=\"https:\/\/corludahaber.com\/h\/corlunun-her-kosesinde-yasam-kalitesini-arttiriyoruz\/119430\" \/>\n<meta property=\"og:locale\" content=\"tr_TR\" \/>\n<meta property=\"og:type\" content=\"article\" \/>\n<meta property=\"og:title\" content=\"&quot;\u00c7orlu`nun Her K\u00f6\u015fesinde Ya\u015fam Kalitesini Artt\u0131r\u0131yoruz&quot; | \u00c7orlu&#039;da Haber\" \/>\n<meta property=\"og:description\" content=\"&quot;\u00c7orlu`nun Her K\u00f6\u015fesinde Ya\u015fam Kalitesini Artt\u0131r\u0131yoruz&quot; | \u00c7orlu&#039;da Haber\" \/>\n<meta property=\"og:url\" content=\"https:\/\/corludahaber.com\/h\/corlunun-her-kosesinde-yasam-kalitesini-arttiriyoruz\/119430\" \/>\n<meta property=\"og:site_name\" content=\"\u00c7orlu&#039;da Haber\" \/>\n<meta property=\"article:publisher\" content=\"https:\/\/facebook.com\/habercorluda\" \/>\n<meta property=\"article:published_time\" content=\"2026-04-29T04:18:26+00:00\" \/>\n<meta property=\"article:modified_time\" content=\"2026-04-29T04:18:45+00:00\" \/>\n<meta property=\"og:image\" content=\"http:\/\/corludahaber.com\/h\/wp-content\/uploads\/2026\/04\/corlunun-her-kosesinde-yasam-kalitesini-arttiriyoruz_69f186a1ce429.jpeg\" \/>\n\t<meta property=\"og:image:width\" content=\"832\" \/>\n\t<meta property=\"og:image:height\" content=\"407\" \/>\n\t<meta property=\"og:image:type\" content=\"image\/jpeg\" \/>\n<meta name=\"author\" content=\"\u00c7orlu&#039;da Haber\" \/>\n<meta name=\"twitter:card\" content=\"summary_large_image\" \/>\n<meta name=\"twitter:creator\" content=\"@habercorluda\" \/>\n<meta name=\"twitter:site\" content=\"@habercorluda\" \/>\n<meta name=\"twitter:label1\" content=\"Yazan:\" \/>\n\t<meta name=\"twitter:data1\" content=\"\u00c7orlu&#039;da Haber\" \/>\n\t<meta name=\"twitter:label2\" content=\"Tahmini okuma s\u00fcresi\" \/>\n\t<meta name=\"twitter:data2\" content=\"2 dakika\" \/>\n<script type=\"application\/ld+json\" class=\"yoast-schema-graph\">{\"@context\":\"https:\/\/schema.org\",\"@graph\":[{\"@type\":\"Article\",\"@id\":\"https:\/\/corludahaber.com\/h\/corlunun-her-kosesinde-yasam-kalitesini-arttiriyoruz\/119430#article\",\"isPartOf\":{\"@id\":\"https:\/\/corludahaber.com\/h\/corlunun-her-kosesinde-yasam-kalitesini-arttiriyoruz\/119430\"},\"author\":{\"name\":\"\u00c7orlu'da Haber\",\"@id\":\"https:\/\/corludahaber.com\/h\/#\/schema\/person\/b523522be44b062db5d74a62589768cd\"},\"headline\":\"&#8220;\u00c7orlu`nun Her K\u00f6\u015fesinde Ya\u015fam Kalitesini Artt\u0131r\u0131yoruz&#8221;\",\"datePublished\":\"2026-04-29T04:18:26+00:00\",\"dateModified\":\"2026-04-29T04:18:45+00:00\",\"mainEntityOfPage\":{\"@id\":\"https:\/\/corludahaber.com\/h\/corlunun-her-kosesinde-yasam-kalitesini-arttiriyoruz\/119430\"},\"wordCount\":383,\"publisher\":{\"@id\":\"https:\/\/corludahaber.com\/h\/#organization\"},\"image\":{\"@id\":\"https:\/\/corludahaber.com\/h\/corlunun-her-kosesinde-yasam-kalitesini-arttiriyoruz\/119430#primaryimage\"},\"thumbnailUrl\":\"https:\/\/corludahaber.com\/h\/wp-content\/uploads\/2026\/04\/corlunun-her-kosesinde-yasam-kalitesini-arttiriyoruz_69f186a1ce429.jpeg\",\"keywords\":[\"\\\"\u00c7orlu`nun Her K\u00f6\u015fesinde Ya\u015fam Kalitesini Artt\u0131r\u0131yoruz\\\"\",\"Artt\u0131r\u0131yoruz\",\"asayi\u015f\",\"\u00c7orlu\",\"\u00c7orlu kaza\",\"\u00c7orlu son dakika kaza\",\"kalitesini\",\"K\u00f6\u015fesinde\",\"son dakika kaza\",\"ya\u015fam\"],\"articleSection\":[\"\u00c7orlu\"],\"inLanguage\":\"tr\"},{\"@type\":\"WebPage\",\"@id\":\"https:\/\/corludahaber.com\/h\/corlunun-her-kosesinde-yasam-kalitesini-arttiriyoruz\/119430\",\"url\":\"https:\/\/corludahaber.com\/h\/corlunun-her-kosesinde-yasam-kalitesini-arttiriyoruz\/119430\",\"name\":\"\\\"\u00c7orlu`nun Her K\u00f6\u015fesinde Ya\u015fam Kalitesini Artt\u0131r\u0131yoruz\\\" | \u00c7orlu&#039;da Haber\",\"isPartOf\":{\"@id\":\"https:\/\/corludahaber.com\/h\/#website\"},\"primaryImageOfPage\":{\"@id\":\"https:\/\/corludahaber.com\/h\/corlunun-her-kosesinde-yasam-kalitesini-arttiriyoruz\/119430#primaryimage\"},\"image\":{\"@id\":\"https:\/\/corludahaber.com\/h\/corlunun-her-kosesinde-yasam-kalitesini-arttiriyoruz\/119430#primaryimage\"},\"thumbnailUrl\":\"https:\/\/corludahaber.com\/h\/wp-content\/uploads\/2026\/04\/corlunun-her-kosesinde-yasam-kalitesini-arttiriyoruz_69f186a1ce429.jpeg\",\"datePublished\":\"2026-04-29T04:18:26+00:00\",\"dateModified\":\"2026-04-29T04:18:45+00:00\",\"description\":\"\\\"\u00c7orlu`nun Her K\u00f6\u015fesinde Ya\u015fam Kalitesini Artt\u0131r\u0131yoruz\\\" | \u00c7orlu&#039;da Haber\",\"breadcrumb\":{\"@id\":\"https:\/\/corludahaber.com\/h\/corlunun-her-kosesinde-yasam-kalitesini-arttiriyoruz\/119430#breadcrumb\"},\"inLanguage\":\"tr\",\"potentialAction\":[{\"@type\":\"ReadAction\",\"target\":[\"https:\/\/corludahaber.com\/h\/corlunun-her-kosesinde-yasam-kalitesini-arttiriyoruz\/119430\"]}]},{\"@type\":\"ImageObject\",\"inLanguage\":\"tr\",\"@id\":\"https:\/\/corludahaber.com\/h\/corlunun-her-kosesinde-yasam-kalitesini-arttiriyoruz\/119430#primaryimage\",\"url\":\"https:\/\/corludahaber.com\/h\/wp-content\/uploads\/2026\/04\/corlunun-her-kosesinde-yasam-kalitesini-arttiriyoruz_69f186a1ce429.jpeg\",\"contentUrl\":\"https:\/\/corludahaber.com\/h\/wp-content\/uploads\/2026\/04\/corlunun-her-kosesinde-yasam-kalitesini-arttiriyoruz_69f186a1ce429.jpeg\",\"width\":832,\"height\":407},{\"@type\":\"BreadcrumbList\",\"@id\":\"https:\/\/corludahaber.com\/h\/corlunun-her-kosesinde-yasam-kalitesini-arttiriyoruz\/119430#breadcrumb\",\"itemListElement\":[{\"@type\":\"ListItem\",\"position\":1,\"name\":\"Anasayfa\",\"item\":\"https:\/\/corludahaber.com\/h\/\"},{\"@type\":\"ListItem\",\"position\":2,\"name\":\"\u00c7orlu\",\"item\":\"https:\/\/corludahaber.com\/h\/kategori\/corlu\"},{\"@type\":\"ListItem\",\"position\":3,\"name\":\"&#8220;\u00c7orlu`nun Her K\u00f6\u015fesinde Ya\u015fam Kalitesini Artt\u0131r\u0131yoruz&#8221;\"}]},{\"@type\":\"WebSite\",\"@id\":\"https:\/\/corludahaber.com\/h\/#website\",\"url\":\"https:\/\/corludahaber.com\/h\/\",\"name\":\"\u00c7orlu'da Haber\",\"description\":\"Ger\u00e7ek Tarafs\u0131z Haber\",\"publisher\":{\"@id\":\"https:\/\/corludahaber.com\/h\/#organization\"},\"potentialAction\":[{\"@type\":\"SearchAction\",\"target\":{\"@type\":\"EntryPoint\",\"urlTemplate\":\"https:\/\/corludahaber.com\/h\/?s={search_term_string}\"},\"query-input\":\"required name=search_term_string\"}],\"inLanguage\":\"tr\"},{\"@type\":\"Organization\",\"@id\":\"https:\/\/corludahaber.com\/h\/#organization\",\"name\":\"\u00c7orlu'da Haber\",\"url\":\"https:\/\/corludahaber.com\/h\/\",\"logo\":{\"@type\":\"ImageObject\",\"inLanguage\":\"tr\",\"@id\":\"https:\/\/corludahaber.com\/h\/#\/schema\/logo\/image\/\",\"url\":\"https:\/\/corludahaber.com\/h\/wp-content\/uploads\/2021\/12\/logo__9__1_-removebg-preview.png\",\"contentUrl\":\"https:\/\/corludahaber.com\/h\/wp-content\/uploads\/2021\/12\/logo__9__1_-removebg-preview.png\",\"width\":500,\"height\":157,\"caption\":\"\u00c7orlu'da Haber\"},\"image\":{\"@id\":\"https:\/\/corludahaber.com\/h\/#\/schema\/logo\/image\/\"},\"sameAs\":[\"https:\/\/facebook.com\/habercorluda\",\"https:\/\/x.com\/habercorluda\",\"https:\/\/www.instagram.com\/corludahaber\",\"https:\/\/www.youtube.com\/user\/corludahaber\"]},{\"@type\":\"Person\",\"@id\":\"https:\/\/corludahaber.com\/h\/#\/schema\/person\/b523522be44b062db5d74a62589768cd\",\"name\":\"\u00c7orlu'da Haber\",\"image\":{\"@type\":\"ImageObject\",\"inLanguage\":\"tr\",\"@id\":\"https:\/\/corludahaber.com\/h\/#\/schema\/person\/image\/\",\"url\":\"https:\/\/secure.gravatar.com\/avatar\/1033e54e078c29fd7f053370086ff627ba414b05c2b231c418a481adecd764ce?s=96&d=blank&r=g\",\"contentUrl\":\"https:\/\/secure.gravatar.com\/avatar\/1033e54e078c29fd7f053370086ff627ba414b05c2b231c418a481adecd764ce?s=96&d=blank&r=g\",\"caption\":\"\u00c7orlu'da Haber\"},\"sameAs\":[\"https:\/\/corludahaber.com\/h\"],\"url\":\"https:\/\/corludahaber.com\/h\/author\/admin\"}]}<\/script>\n<!-- \/ Yoast SEO Premium plugin. -->","yoast_head_json":{"title":"\"\u00c7orlu`nun Her K\u00f6\u015fesinde Ya\u015fam Kalitesini Artt\u0131r\u0131yoruz\" | \u00c7orlu&#039;da Haber","description":"\"\u00c7orlu`nun Her K\u00f6\u015fesinde Ya\u015fam Kalitesini Artt\u0131r\u0131yoruz\" | \u00c7orlu&#039;da Haber","robots":{"index":"index","follow":"follow","max-snippet":"max-snippet:-1","max-image-preview":"max-image-preview:large","max-video-preview":"max-video-preview:-1"},"canonical":"https:\/\/corludahaber.com\/h\/corlunun-her-kosesinde-yasam-kalitesini-arttiriyoruz\/119430","og_locale":"tr_TR","og_type":"article","og_title":"\"\u00c7orlu`nun Her K\u00f6\u015fesinde Ya\u015fam Kalitesini Artt\u0131r\u0131yoruz\" | \u00c7orlu&#039;da Haber","og_description":"\"\u00c7orlu`nun Her K\u00f6\u015fesinde Ya\u015fam Kalitesini Artt\u0131r\u0131yoruz\" | \u00c7orlu&#039;da Haber","og_url":"https:\/\/corludahaber.com\/h\/corlunun-her-kosesinde-yasam-kalitesini-arttiriyoruz\/119430","og_site_name":"\u00c7orlu&#039;da Haber","article_publisher":"https:\/\/facebook.com\/habercorluda","article_published_time":"2026-04-29T04:18:26+00:00","article_modified_time":"2026-04-29T04:18:45+00:00","og_image":[{"width":832,"height":407,"url":"http:\/\/corludahaber.com\/h\/wp-content\/uploads\/2026\/04\/corlunun-her-kosesinde-yasam-kalitesini-arttiriyoruz_69f186a1ce429.jpeg","type":"image\/jpeg"}],"author":"\u00c7orlu'da Haber","twitter_card":"summary_large_image","twitter_creator":"@habercorluda","twitter_site":"@habercorluda","twitter_misc":{"Yazan:":"\u00c7orlu'da Haber","Tahmini okuma s\u00fcresi":"2 dakika"},"schema":{"@context":"https:\/\/schema.org","@graph":[{"@type":"Article","@id":"https:\/\/corludahaber.com\/h\/corlunun-her-kosesinde-yasam-kalitesini-arttiriyoruz\/119430#article","isPartOf":{"@id":"https:\/\/corludahaber.com\/h\/corlunun-her-kosesinde-yasam-kalitesini-arttiriyoruz\/119430"},"author":{"name":"\u00c7orlu'da Haber","@id":"https:\/\/corludahaber.com\/h\/#\/schema\/person\/b523522be44b062db5d74a62589768cd"},"headline":"&#8220;\u00c7orlu`nun Her K\u00f6\u015fesinde Ya\u015fam Kalitesini Artt\u0131r\u0131yoruz&#8221;","datePublished":"2026-04-29T04:18:26+00:00","dateModified":"2026-04-29T04:18:45+00:00","mainEntityOfPage":{"@id":"https:\/\/corludahaber.com\/h\/corlunun-her-kosesinde-yasam-kalitesini-arttiriyoruz\/119430"},"wordCount":383,"publisher":{"@id":"https:\/\/corludahaber.com\/h\/#organization"},"image":{"@id":"https:\/\/corludahaber.com\/h\/corlunun-her-kosesinde-yasam-kalitesini-arttiriyoruz\/119430#primaryimage"},"thumbnailUrl":"https:\/\/corludahaber.com\/h\/wp-content\/uploads\/2026\/04\/corlunun-her-kosesinde-yasam-kalitesini-arttiriyoruz_69f186a1ce429.jpeg","keywords":["\"\u00c7orlu`nun Her K\u00f6\u015fesinde Ya\u015fam Kalitesini Artt\u0131r\u0131yoruz\"","Artt\u0131r\u0131yoruz","asayi\u015f","\u00c7orlu","\u00c7orlu kaza","\u00c7orlu son dakika kaza","kalitesini","K\u00f6\u015fesinde","son dakika kaza","ya\u015fam"],"articleSection":["\u00c7orlu"],"inLanguage":"tr"},{"@type":"WebPage","@id":"https:\/\/corludahaber.com\/h\/corlunun-her-kosesinde-yasam-kalitesini-arttiriyoruz\/119430","url":"https:\/\/corludahaber.com\/h\/corlunun-her-kosesinde-yasam-kalitesini-arttiriyoruz\/119430","name":"\"\u00c7orlu`nun Her K\u00f6\u015fesinde Ya\u015fam Kalitesini Artt\u0131r\u0131yoruz\" | \u00c7orlu&#039;da Haber","isPartOf":{"@id":"https:\/\/corludahaber.com\/h\/#website"},"primaryImageOfPage":{"@id":"https:\/\/corludahaber.com\/h\/corlunun-her-kosesinde-yasam-kalitesini-arttiriyoruz\/119430#primaryimage"},"image":{"@id":"https:\/\/corludahaber.com\/h\/corlunun-her-kosesinde-yasam-kalitesini-arttiriyoruz\/119430#primaryimage"},"thumbnailUrl":"https:\/\/corludahaber.com\/h\/wp-content\/uploads\/2026\/04\/corlunun-her-kosesinde-yasam-kalitesini-arttiriyoruz_69f186a1ce429.jpeg","datePublished":"2026-04-29T04:18:26+00:00","dateModified":"2026-04-29T04:18:45+00:00","description":"\"\u00c7orlu`nun Her K\u00f6\u015fesinde Ya\u015fam Kalitesini Artt\u0131r\u0131yoruz\" | \u00c7orlu&#039;da Haber","breadcrumb":{"@id":"https:\/\/corludahaber.com\/h\/corlunun-her-kosesinde-yasam-kalitesini-arttiriyoruz\/119430#breadcrumb"},"inLanguage":"tr","potentialAction":[{"@type":"ReadAction","target":["https:\/\/corludahaber.com\/h\/corlunun-her-kosesinde-yasam-kalitesini-arttiriyoruz\/119430"]}]},{"@type":"ImageObject","inLanguage":"tr","@id":"https:\/\/corludahaber.com\/h\/corlunun-her-kosesinde-yasam-kalitesini-arttiriyoruz\/119430#primaryimage","url":"https:\/\/corludahaber.com\/h\/wp-content\/uploads\/2026\/04\/corlunun-her-kosesinde-yasam-kalitesini-arttiriyoruz_69f186a1ce429.jpeg","contentUrl":"https:\/\/corludahaber.com\/h\/wp-content\/uploads\/2026\/04\/corlunun-her-kosesinde-yasam-kalitesini-arttiriyoruz_69f186a1ce429.jpeg","width":832,"height":407},{"@type":"BreadcrumbList","@id":"https:\/\/corludahaber.com\/h\/corlunun-her-kosesinde-yasam-kalitesini-arttiriyoruz\/119430#breadcrumb","itemListElement":[{"@type":"ListItem","position":1,"name":"Anasayfa","item":"https:\/\/corludahaber.com\/h\/"},{"@type":"ListItem","position":2,"name":"\u00c7orlu","item":"https:\/\/corludahaber.com\/h\/kategori\/corlu"},{"@type":"ListItem","position":3,"name":"&#8220;\u00c7orlu`nun Her K\u00f6\u015fesinde Ya\u015fam Kalitesini Artt\u0131r\u0131yoruz&#8221;"}]},{"@type":"WebSite","@id":"https:\/\/corludahaber.com\/h\/#website","url":"https:\/\/corludahaber.com\/h\/","name":"\u00c7orlu'da Haber","description":"Ger\u00e7ek Tarafs\u0131z Haber","publisher":{"@id":"https:\/\/corludahaber.com\/h\/#organization"},"potentialAction":[{"@type":"SearchAction","target":{"@type":"EntryPoint","urlTemplate":"https:\/\/corludahaber.com\/h\/?s={search_term_string}"},"query-input":"required name=search_term_string"}],"inLanguage":"tr"},{"@type":"Organization","@id":"https:\/\/corludahaber.com\/h\/#organization","name":"\u00c7orlu'da Haber","url":"https:\/\/corludahaber.com\/h\/","logo":{"@type":"ImageObject","inLanguage":"tr","@id":"https:\/\/corludahaber.com\/h\/#\/schema\/logo\/image\/","url":"https:\/\/corludahaber.com\/h\/wp-content\/uploads\/2021\/12\/logo__9__1_-removebg-preview.png","contentUrl":"https:\/\/corludahaber.com\/h\/wp-content\/uploads\/2021\/12\/logo__9__1_-removebg-preview.png","width":500,"height":157,"caption":"\u00c7orlu'da Haber"},"image":{"@id":"https:\/\/corludahaber.com\/h\/#\/schema\/logo\/image\/"},"sameAs":["https:\/\/facebook.com\/habercorluda","https:\/\/x.com\/habercorluda","https:\/\/www.instagram.com\/corludahaber","https:\/\/www.youtube.com\/user\/corludahaber"]},{"@type":"Person","@id":"https:\/\/corludahaber.com\/h\/#\/schema\/person\/b523522be44b062db5d74a62589768cd","name":"\u00c7orlu'da Haber","image":{"@type":"ImageObject","inLanguage":"tr","@id":"https:\/\/corludahaber.com\/h\/#\/schema\/person\/image\/","url":"https:\/\/secure.gravatar.com\/avatar\/1033e54e078c29fd7f053370086ff627ba414b05c2b231c418a481adecd764ce?s=96&d=blank&r=g","contentUrl":"https:\/\/secure.gravatar.com\/avatar\/1033e54e078c29fd7f053370086ff627ba414b05c2b231c418a481adecd764ce?s=96&d=blank&r=g","caption":"\u00c7orlu'da Haber"},"sameAs":["https:\/\/corludahaber.com\/h"],"url":"https:\/\/corludahaber.com\/h\/author\/admin"}]}},"_links":{"self":[{"href":"https:\/\/corludahaber.com\/h\/wp-json\/wp\/v2\/posts\/119430","targetHints":{"allow":["GET"]}}],"collection":[{"href":"https:\/\/corludahaber.com\/h\/wp-json\/wp\/v2\/posts"}],"about":[{"href":"https:\/\/corludahaber.com\/h\/wp-json\/wp\/v2\/types\/post"}],"author":[{"embeddable":true,"href":"https:\/\/corludahaber.com\/h\/wp-json\/wp\/v2\/users\/151"}],"replies":[{"embeddable":true,"href":"https:\/\/corludahaber.com\/h\/wp-json\/wp\/v2\/comments?post=119430"}],"version-history":[{"count":1,"href":"https:\/\/corludahaber.com\/h\/wp-json\/wp\/v2\/posts\/119430\/revisions"}],"predecessor-version":[{"id":119432,"href":"https:\/\/corludahaber.com\/h\/wp-json\/wp\/v2\/posts\/119430\/revisions\/119432"}],"wp:featuredmedia":[{"embeddable":true,"href":"https:\/\/corludahaber.com\/h\/wp-json\/wp\/v2\/media\/119431"}],"wp:attachment":[{"href":"https:\/\/corludahaber.com\/h\/wp-json\/wp\/v2\/media?parent=119430"}],"wp:term":[{"taxonomy":"category","embeddable":true,"href":"https:\/\/corludahaber.com\/h\/wp-json\/wp\/v2\/categories?post=119430"},{"taxonomy":"post_tag","embeddable":true,"href":"https:\/\/corludahaber.com\/h\/wp-json\/wp\/v2\/tags?post=119430"}],"curies":[{"name":"wp","href":"https:\/\/api.w.org\/{rel}","templated":true}]}}