{"id":119418,"date":"2026-04-28T17:53:36","date_gmt":"2026-04-28T14:53:36","guid":{"rendered":"https:\/\/corludahaber.com\/h\/sari-renge-burunen-kanola-tarlasi-uzerinde-paramotorla-uctu\/119418"},"modified":"2026-04-28T17:53:41","modified_gmt":"2026-04-28T14:53:41","slug":"sari-renge-burunen-kanola-tarlasi-uzerinde-paramotorla-uctu","status":"publish","type":"post","link":"https:\/\/corludahaber.com\/h\/sari-renge-burunen-kanola-tarlasi-uzerinde-paramotorla-uctu\/119418","title":{"rendered":"Sar\u0131 renge b\u00fcr\u00fcnen kanola tarlas\u0131 \u00fczerinde paramotorla u\u00e7tu"},"content":{"rendered":"<div class=\"corlu-icerikten-once_3\" id=\"corlu-2370764882\"><script type='text\/javascript' src='https:\/\/platform-api.sharethis.com\/js\/sharethis.js#property=5ce8cf08af7d000012cb0ca1&product=inline-reaction-buttons' async='async'><\/script>\r\n\r\n<\/div><div readability=\"54\"><span class=\"category-name hidden\"><\/span><\/p><div class=\"corlu-icerik-2\" id=\"corlu-236649003\"><!-- Admatic AUTO ads START -->\r\n<ins data-publisher=\"adm-pub-155556240050\" data-ad-network=\"659428a24d11b285b616c18d\"   class=\"adm-ads-area\"><\/ins>\r\n<script type=\"text\/javascript\" src=\"https:\/\/static.cdn.admatic.com.tr\/showad\/showad.min.js\"><\/script>\r\n<!-- Admatic AUTO ads END --><\/div>\n<p>  \/ TEK\u0130RDA\u011e, (Haber Merkezi)- TEK\u0130RDA\u011e\u2019da para\u015f\u00fct e\u011fitmeni Kadir Aksoy, sar\u0131 renge b\u00fcr\u00fcnen kanola tarlalar\u0131 \u00fczerinde paramotorla u\u00e7tu.<\/p>\n<p>Para\u015f\u00fct e\u011fitmeni Kadir Aksoy, kentte sar\u0131 renge b\u00fcr\u00fcnen kanola tarlalar\u0131na dikkat \u00e7ekmek amac\u0131yla, paramotor u\u00e7u\u015fu yapt\u0131. Gazik\u00f6y Mahallesi\u2019nde havalanan Aksoy, yar\u0131m saat s\u00fcren u\u00e7u\u015f boyunca kanola ve bu\u011fday tarlalar\u0131n\u0131 \u00fczerinde u\u00e7tu. Kadir Aksoy, kanolan\u0131n renklerinin dikkat \u00e7ekici oldu\u011funu s\u00f6yledi.<\/p>\n<p>&#8216;RENK C\u00dcMB\u00dc\u015e\u00dc VARDI&#8217;<\/p>\n<p>B\u00f6lgede yama\u00e7 para\u015f\u00fct\u00fc e\u011fitimi verdi\u011fini, amac\u0131n\u0131n tan\u0131t\u0131ma katk\u0131da bulunmak oldu\u011funu s\u00f6yleyen Aksoy, \u201cKanolan\u0131n a\u00e7mas\u0131n\u0131 g\u00f6r\u00fcnce renkler \u00e7ok ho\u015fuma gitti. Paramotor dedi\u011fimiz bir yama\u00e7 para\u015f\u00fct\u00fc aparat\u0131 ile u\u00e7maya karar verdik. Hem Tekirda\u011f\u2019\u0131 tan\u0131tmak hem de fark\u0131ndal\u0131k yaratmak i\u00e7in u\u00e7u\u015f yapt\u0131k. \u00c7ok g\u00fczel bir renk c\u00fcmb\u00fc\u015f\u00fc vard\u0131, Tekirda\u011f\u2019\u0131n renkleri bunlar. Ay\u00e7i\u00e7e\u011fi tarlas\u0131, lavanta tarlas\u0131, kanola tarlalar\u0131nda u\u00e7mak \u00e7ok g\u00fczel bir duygu. Ben de bug\u00fcn fark\u0131ndal\u0131k olsun diye u\u00e7u\u015f ger\u00e7ekle\u015ftirdim\u201d dedi. (Haber Merkezi)<\/p>\n<\/div>\n<div class=\"corlu-icerikten-sonra_3\" id=\"corlu-1875057707\"><p><img loading=\"lazy\" decoding=\"async\" class=\"aligncenter\" src=\"https:\/\/www.corludahaber.com\/bahcesehir.jpg\" alt=\"\" width=\"624\" height=\"196\" \/><\/p>\n<table style=\"text-align: left; width: 100%;\" border=\"1\" cellspacing=\"2\" cellpadding=\"2\">\n<tbody>\n<tr>\n<td style=\"background-color: #050805;\"><span style=\"font-size: 12pt;\"><small><small><em><strong><big><span style=\"color: #ff0000;\">Haber ve resimlerin telif haklar\u0131ndan dolay\u0131 kullan\u0131m\u0131 yasakt\u0131r<span style=\"color: #000000;\">.<\/span><\/span><span style=\"color: #000000;\">\u00a0<\/span><span style=\"color: #ffffff;\">Yaz\u0131l\u0131 izni al\u0131nmadan hi\u00e7bir yaz\u0131l\u0131, g\u00f6rsel, i\u015fitsel i\u00e7erik kopyalanamaz, de\u011fi\u015ftirilemez, yay\u0131nlanamaz veya sat\u0131lamaz. Aksi halde<\/span>\u00a0<span style=\"color: #ff0000;\">5846<span style=\"color: #ffffff;\">\u00a0<\/span><\/span><span style=\"color: #ffffff;\">say\u0131l\u0131 Fikir ve Sanat Eserleri Kanunu\u2019na ve<\/span>\u00a0<span style=\"color: #800000;\"><span style=\"color: #ff0000;\">6102<\/span><span style=\"color: #ffffff;\">\u00a0<\/span><\/span><span style=\"color: #ffffff;\">say\u0131l\u0131 maddesine g\u00f6re<\/span>\u00a0<span style=\"color: #ff0000;\">gerekli i\u015flemler uygulanacakt\u0131r.<\/span><br \/>\n<span style=\"color: #ffffff;\">\u00a9 Copyright 2014<\/span><\/big><\/strong><\/em><\/small><\/small><\/span><\/td>\n<\/tr>\n<\/tbody>\n<\/table>\n<p><small><small>\u00a0<\/small><\/small><\/p>\n<\/div>","protected":false},"excerpt":{"rendered":"<p>\/ TEK\u0130RDA\u011e, (Haber Merkezi)- TEK\u0130RDA\u011e\u2019da para\u015f\u00fct e\u011fitmeni Kadir Aksoy, sar\u0131 renge b\u00fcr\u00fcnen kanola tarlalar\u0131 \u00fczerinde paramotorla u\u00e7tu. Para\u015f\u00fct e\u011fitmeni Kadir Aksoy, kentte sar\u0131 renge b\u00fcr\u00fcnen kanola tarlalar\u0131na dikkat \u00e7ekmek amac\u0131yla, paramotor u\u00e7u\u015fu yapt\u0131. Gazik\u00f6y Mahallesi\u2019nde havalanan Aksoy, yar\u0131m saat s\u00fcren u\u00e7u\u015f boyunca kanola ve bu\u011fday tarlalar\u0131n\u0131 \u00fczerinde u\u00e7tu. Kadir Aksoy, kanolan\u0131n renklerinin dikkat \u00e7ekici oldu\u011funu &hellip;<\/p>\n","protected":false},"author":151,"featured_media":119419,"comment_status":"open","ping_status":"closed","sticky":false,"template":"","format":"standard","meta":{"footnotes":""},"categories":[27],"tags":[8025,389,9376,15478,4327,18558,18797,8336,33517,3661,1145,4099,3537],"class_list":["post-119418","post","type-post","status-publish","format-standard","has-post-thumbnail","hentry","category-yasam","tag-asayis","tag-burunen","tag-corlu-kaza","tag-corlu-son-dakika-kaza","tag-kanola","tag-paramotorla","tag-renge","tag-sari","tag-sari-renge-burunen-kanola-tarlasi-uzerinde-paramotorla-uctu","tag-son-dakika-kaza","tag-tarlasi","tag-uctu","tag-uzerinde"],"yoast_head":"<!-- This site is optimized with the Yoast SEO Premium plugin v23.3 (Yoast SEO v23.3) - https:\/\/yoast.com\/wordpress\/plugins\/seo\/ -->\n<title>Sar\u0131 renge b\u00fcr\u00fcnen kanola tarlas\u0131 \u00fczerinde paramotorla u\u00e7tu | \u00c7orlu&#039;da Haber<\/title>\n<meta name=\"description\" content=\"Sar\u0131 renge b\u00fcr\u00fcnen kanola tarlas\u0131 \u00fczerinde paramotorla u\u00e7tu | \u00c7orlu&#039;da Haber\" \/>\n<meta name=\"robots\" content=\"index, follow, max-snippet:-1, max-image-preview:large, max-video-preview:-1\" \/>\n<link rel=\"canonical\" href=\"https:\/\/corludahaber.com\/h\/sari-renge-burunen-kanola-tarlasi-uzerinde-paramotorla-uctu\/119418\" \/>\n<meta property=\"og:locale\" content=\"tr_TR\" \/>\n<meta property=\"og:type\" content=\"article\" \/>\n<meta property=\"og:title\" content=\"Sar\u0131 renge b\u00fcr\u00fcnen kanola tarlas\u0131 \u00fczerinde paramotorla u\u00e7tu | \u00c7orlu&#039;da Haber\" \/>\n<meta property=\"og:description\" content=\"Sar\u0131 renge b\u00fcr\u00fcnen kanola tarlas\u0131 \u00fczerinde paramotorla u\u00e7tu | \u00c7orlu&#039;da Haber\" \/>\n<meta property=\"og:url\" content=\"https:\/\/corludahaber.com\/h\/sari-renge-burunen-kanola-tarlasi-uzerinde-paramotorla-uctu\/119418\" \/>\n<meta property=\"og:site_name\" content=\"\u00c7orlu&#039;da Haber\" \/>\n<meta property=\"article:publisher\" content=\"https:\/\/facebook.com\/habercorluda\" \/>\n<meta property=\"article:published_time\" content=\"2026-04-28T14:53:36+00:00\" \/>\n<meta property=\"article:modified_time\" content=\"2026-04-28T14:53:41+00:00\" \/>\n<meta property=\"og:image\" content=\"http:\/\/corludahaber.com\/h\/wp-content\/uploads\/2026\/04\/sari-renge-burunen-kanola-tarlasi-uzerinde-paramotorla-uctu_69f0c9f1de022.jpeg\" \/>\n\t<meta property=\"og:image:width\" content=\"1280\" \/>\n\t<meta property=\"og:image:height\" content=\"720\" \/>\n\t<meta property=\"og:image:type\" content=\"image\/jpeg\" \/>\n<meta name=\"author\" content=\"\u00c7orlu&#039;da Haber\" \/>\n<meta name=\"twitter:card\" content=\"summary_large_image\" \/>\n<meta name=\"twitter:creator\" content=\"@habercorluda\" \/>\n<meta name=\"twitter:site\" content=\"@habercorluda\" \/>\n<meta name=\"twitter:label1\" content=\"Yazan:\" \/>\n\t<meta name=\"twitter:data1\" content=\"\u00c7orlu&#039;da Haber\" \/>\n\t<meta name=\"twitter:label2\" content=\"Tahmini okuma s\u00fcresi\" \/>\n\t<meta name=\"twitter:data2\" content=\"1 dakika\" \/>\n<script type=\"application\/ld+json\" class=\"yoast-schema-graph\">{\"@context\":\"https:\/\/schema.org\",\"@graph\":[{\"@type\":\"Article\",\"@id\":\"https:\/\/corludahaber.com\/h\/sari-renge-burunen-kanola-tarlasi-uzerinde-paramotorla-uctu\/119418#article\",\"isPartOf\":{\"@id\":\"https:\/\/corludahaber.com\/h\/sari-renge-burunen-kanola-tarlasi-uzerinde-paramotorla-uctu\/119418\"},\"author\":{\"name\":\"\u00c7orlu'da Haber\",\"@id\":\"https:\/\/corludahaber.com\/h\/#\/schema\/person\/b523522be44b062db5d74a62589768cd\"},\"headline\":\"Sar\u0131 renge b\u00fcr\u00fcnen kanola tarlas\u0131 \u00fczerinde paramotorla u\u00e7tu\",\"datePublished\":\"2026-04-28T14:53:36+00:00\",\"dateModified\":\"2026-04-28T14:53:41+00:00\",\"mainEntityOfPage\":{\"@id\":\"https:\/\/corludahaber.com\/h\/sari-renge-burunen-kanola-tarlasi-uzerinde-paramotorla-uctu\/119418\"},\"wordCount\":209,\"commentCount\":0,\"publisher\":{\"@id\":\"https:\/\/corludahaber.com\/h\/#organization\"},\"image\":{\"@id\":\"https:\/\/corludahaber.com\/h\/sari-renge-burunen-kanola-tarlasi-uzerinde-paramotorla-uctu\/119418#primaryimage\"},\"thumbnailUrl\":\"https:\/\/corludahaber.com\/h\/wp-content\/uploads\/2026\/04\/sari-renge-burunen-kanola-tarlasi-uzerinde-paramotorla-uctu_69f0c9f1de022.jpeg\",\"keywords\":[\"asayi\u015f\",\"B\u00fcr\u00fcnen\",\"\u00c7orlu kaza\",\"\u00c7orlu son dakika kaza\",\"kanola\",\"paramotorla\",\"renge\",\"Sar\u0131\",\"Sar\u0131 renge b\u00fcr\u00fcnen kanola tarlas\u0131 \u00fczerinde paramotorla u\u00e7tu\",\"son dakika kaza\",\"tarlas\u0131\",\"U\u00e7tu\",\"\u00fczerinde\"],\"articleSection\":[\"Ya\u015fam\"],\"inLanguage\":\"tr\",\"potentialAction\":[{\"@type\":\"CommentAction\",\"name\":\"Comment\",\"target\":[\"https:\/\/corludahaber.com\/h\/sari-renge-burunen-kanola-tarlasi-uzerinde-paramotorla-uctu\/119418#respond\"]}]},{\"@type\":\"WebPage\",\"@id\":\"https:\/\/corludahaber.com\/h\/sari-renge-burunen-kanola-tarlasi-uzerinde-paramotorla-uctu\/119418\",\"url\":\"https:\/\/corludahaber.com\/h\/sari-renge-burunen-kanola-tarlasi-uzerinde-paramotorla-uctu\/119418\",\"name\":\"Sar\u0131 renge b\u00fcr\u00fcnen kanola tarlas\u0131 \u00fczerinde paramotorla u\u00e7tu | \u00c7orlu&#039;da Haber\",\"isPartOf\":{\"@id\":\"https:\/\/corludahaber.com\/h\/#website\"},\"primaryImageOfPage\":{\"@id\":\"https:\/\/corludahaber.com\/h\/sari-renge-burunen-kanola-tarlasi-uzerinde-paramotorla-uctu\/119418#primaryimage\"},\"image\":{\"@id\":\"https:\/\/corludahaber.com\/h\/sari-renge-burunen-kanola-tarlasi-uzerinde-paramotorla-uctu\/119418#primaryimage\"},\"thumbnailUrl\":\"https:\/\/corludahaber.com\/h\/wp-content\/uploads\/2026\/04\/sari-renge-burunen-kanola-tarlasi-uzerinde-paramotorla-uctu_69f0c9f1de022.jpeg\",\"datePublished\":\"2026-04-28T14:53:36+00:00\",\"dateModified\":\"2026-04-28T14:53:41+00:00\",\"description\":\"Sar\u0131 renge b\u00fcr\u00fcnen kanola tarlas\u0131 \u00fczerinde paramotorla u\u00e7tu | \u00c7orlu&#039;da Haber\",\"breadcrumb\":{\"@id\":\"https:\/\/corludahaber.com\/h\/sari-renge-burunen-kanola-tarlasi-uzerinde-paramotorla-uctu\/119418#breadcrumb\"},\"inLanguage\":\"tr\",\"potentialAction\":[{\"@type\":\"ReadAction\",\"target\":[\"https:\/\/corludahaber.com\/h\/sari-renge-burunen-kanola-tarlasi-uzerinde-paramotorla-uctu\/119418\"]}]},{\"@type\":\"ImageObject\",\"inLanguage\":\"tr\",\"@id\":\"https:\/\/corludahaber.com\/h\/sari-renge-burunen-kanola-tarlasi-uzerinde-paramotorla-uctu\/119418#primaryimage\",\"url\":\"https:\/\/corludahaber.com\/h\/wp-content\/uploads\/2026\/04\/sari-renge-burunen-kanola-tarlasi-uzerinde-paramotorla-uctu_69f0c9f1de022.jpeg\",\"contentUrl\":\"https:\/\/corludahaber.com\/h\/wp-content\/uploads\/2026\/04\/sari-renge-burunen-kanola-tarlasi-uzerinde-paramotorla-uctu_69f0c9f1de022.jpeg\",\"width\":1280,\"height\":720},{\"@type\":\"BreadcrumbList\",\"@id\":\"https:\/\/corludahaber.com\/h\/sari-renge-burunen-kanola-tarlasi-uzerinde-paramotorla-uctu\/119418#breadcrumb\",\"itemListElement\":[{\"@type\":\"ListItem\",\"position\":1,\"name\":\"Anasayfa\",\"item\":\"https:\/\/corludahaber.com\/h\/\"},{\"@type\":\"ListItem\",\"position\":2,\"name\":\"Ya\u015fam\",\"item\":\"https:\/\/corludahaber.com\/h\/kategori\/yasam\"},{\"@type\":\"ListItem\",\"position\":3,\"name\":\"Sar\u0131 renge b\u00fcr\u00fcnen kanola tarlas\u0131 \u00fczerinde paramotorla u\u00e7tu\"}]},{\"@type\":\"WebSite\",\"@id\":\"https:\/\/corludahaber.com\/h\/#website\",\"url\":\"https:\/\/corludahaber.com\/h\/\",\"name\":\"\u00c7orlu'da Haber\",\"description\":\"Ger\u00e7ek Tarafs\u0131z Haber\",\"publisher\":{\"@id\":\"https:\/\/corludahaber.com\/h\/#organization\"},\"potentialAction\":[{\"@type\":\"SearchAction\",\"target\":{\"@type\":\"EntryPoint\",\"urlTemplate\":\"https:\/\/corludahaber.com\/h\/?s={search_term_string}\"},\"query-input\":\"required name=search_term_string\"}],\"inLanguage\":\"tr\"},{\"@type\":\"Organization\",\"@id\":\"https:\/\/corludahaber.com\/h\/#organization\",\"name\":\"\u00c7orlu'da Haber\",\"url\":\"https:\/\/corludahaber.com\/h\/\",\"logo\":{\"@type\":\"ImageObject\",\"inLanguage\":\"tr\",\"@id\":\"https:\/\/corludahaber.com\/h\/#\/schema\/logo\/image\/\",\"url\":\"https:\/\/corludahaber.com\/h\/wp-content\/uploads\/2021\/12\/logo__9__1_-removebg-preview.png\",\"contentUrl\":\"https:\/\/corludahaber.com\/h\/wp-content\/uploads\/2021\/12\/logo__9__1_-removebg-preview.png\",\"width\":500,\"height\":157,\"caption\":\"\u00c7orlu'da Haber\"},\"image\":{\"@id\":\"https:\/\/corludahaber.com\/h\/#\/schema\/logo\/image\/\"},\"sameAs\":[\"https:\/\/facebook.com\/habercorluda\",\"https:\/\/x.com\/habercorluda\",\"https:\/\/www.instagram.com\/corludahaber\",\"https:\/\/www.youtube.com\/user\/corludahaber\"]},{\"@type\":\"Person\",\"@id\":\"https:\/\/corludahaber.com\/h\/#\/schema\/person\/b523522be44b062db5d74a62589768cd\",\"name\":\"\u00c7orlu'da Haber\",\"image\":{\"@type\":\"ImageObject\",\"inLanguage\":\"tr\",\"@id\":\"https:\/\/corludahaber.com\/h\/#\/schema\/person\/image\/\",\"url\":\"https:\/\/secure.gravatar.com\/avatar\/1033e54e078c29fd7f053370086ff627ba414b05c2b231c418a481adecd764ce?s=96&d=blank&r=g\",\"contentUrl\":\"https:\/\/secure.gravatar.com\/avatar\/1033e54e078c29fd7f053370086ff627ba414b05c2b231c418a481adecd764ce?s=96&d=blank&r=g\",\"caption\":\"\u00c7orlu'da Haber\"},\"sameAs\":[\"https:\/\/corludahaber.com\/h\"],\"url\":\"https:\/\/corludahaber.com\/h\/author\/admin\"}]}<\/script>\n<!-- \/ Yoast SEO Premium plugin. -->","yoast_head_json":{"title":"Sar\u0131 renge b\u00fcr\u00fcnen kanola tarlas\u0131 \u00fczerinde paramotorla u\u00e7tu | \u00c7orlu&#039;da Haber","description":"Sar\u0131 renge b\u00fcr\u00fcnen kanola tarlas\u0131 \u00fczerinde paramotorla u\u00e7tu | \u00c7orlu&#039;da Haber","robots":{"index":"index","follow":"follow","max-snippet":"max-snippet:-1","max-image-preview":"max-image-preview:large","max-video-preview":"max-video-preview:-1"},"canonical":"https:\/\/corludahaber.com\/h\/sari-renge-burunen-kanola-tarlasi-uzerinde-paramotorla-uctu\/119418","og_locale":"tr_TR","og_type":"article","og_title":"Sar\u0131 renge b\u00fcr\u00fcnen kanola tarlas\u0131 \u00fczerinde paramotorla u\u00e7tu | \u00c7orlu&#039;da Haber","og_description":"Sar\u0131 renge b\u00fcr\u00fcnen kanola tarlas\u0131 \u00fczerinde paramotorla u\u00e7tu | \u00c7orlu&#039;da Haber","og_url":"https:\/\/corludahaber.com\/h\/sari-renge-burunen-kanola-tarlasi-uzerinde-paramotorla-uctu\/119418","og_site_name":"\u00c7orlu&#039;da Haber","article_publisher":"https:\/\/facebook.com\/habercorluda","article_published_time":"2026-04-28T14:53:36+00:00","article_modified_time":"2026-04-28T14:53:41+00:00","og_image":[{"width":1280,"height":720,"url":"http:\/\/corludahaber.com\/h\/wp-content\/uploads\/2026\/04\/sari-renge-burunen-kanola-tarlasi-uzerinde-paramotorla-uctu_69f0c9f1de022.jpeg","type":"image\/jpeg"}],"author":"\u00c7orlu'da Haber","twitter_card":"summary_large_image","twitter_creator":"@habercorluda","twitter_site":"@habercorluda","twitter_misc":{"Yazan:":"\u00c7orlu'da Haber","Tahmini okuma s\u00fcresi":"1 dakika"},"schema":{"@context":"https:\/\/schema.org","@graph":[{"@type":"Article","@id":"https:\/\/corludahaber.com\/h\/sari-renge-burunen-kanola-tarlasi-uzerinde-paramotorla-uctu\/119418#article","isPartOf":{"@id":"https:\/\/corludahaber.com\/h\/sari-renge-burunen-kanola-tarlasi-uzerinde-paramotorla-uctu\/119418"},"author":{"name":"\u00c7orlu'da Haber","@id":"https:\/\/corludahaber.com\/h\/#\/schema\/person\/b523522be44b062db5d74a62589768cd"},"headline":"Sar\u0131 renge b\u00fcr\u00fcnen kanola tarlas\u0131 \u00fczerinde paramotorla u\u00e7tu","datePublished":"2026-04-28T14:53:36+00:00","dateModified":"2026-04-28T14:53:41+00:00","mainEntityOfPage":{"@id":"https:\/\/corludahaber.com\/h\/sari-renge-burunen-kanola-tarlasi-uzerinde-paramotorla-uctu\/119418"},"wordCount":209,"commentCount":0,"publisher":{"@id":"https:\/\/corludahaber.com\/h\/#organization"},"image":{"@id":"https:\/\/corludahaber.com\/h\/sari-renge-burunen-kanola-tarlasi-uzerinde-paramotorla-uctu\/119418#primaryimage"},"thumbnailUrl":"https:\/\/corludahaber.com\/h\/wp-content\/uploads\/2026\/04\/sari-renge-burunen-kanola-tarlasi-uzerinde-paramotorla-uctu_69f0c9f1de022.jpeg","keywords":["asayi\u015f","B\u00fcr\u00fcnen","\u00c7orlu kaza","\u00c7orlu son dakika kaza","kanola","paramotorla","renge","Sar\u0131","Sar\u0131 renge b\u00fcr\u00fcnen kanola tarlas\u0131 \u00fczerinde paramotorla u\u00e7tu","son dakika kaza","tarlas\u0131","U\u00e7tu","\u00fczerinde"],"articleSection":["Ya\u015fam"],"inLanguage":"tr","potentialAction":[{"@type":"CommentAction","name":"Comment","target":["https:\/\/corludahaber.com\/h\/sari-renge-burunen-kanola-tarlasi-uzerinde-paramotorla-uctu\/119418#respond"]}]},{"@type":"WebPage","@id":"https:\/\/corludahaber.com\/h\/sari-renge-burunen-kanola-tarlasi-uzerinde-paramotorla-uctu\/119418","url":"https:\/\/corludahaber.com\/h\/sari-renge-burunen-kanola-tarlasi-uzerinde-paramotorla-uctu\/119418","name":"Sar\u0131 renge b\u00fcr\u00fcnen kanola tarlas\u0131 \u00fczerinde paramotorla u\u00e7tu | \u00c7orlu&#039;da Haber","isPartOf":{"@id":"https:\/\/corludahaber.com\/h\/#website"},"primaryImageOfPage":{"@id":"https:\/\/corludahaber.com\/h\/sari-renge-burunen-kanola-tarlasi-uzerinde-paramotorla-uctu\/119418#primaryimage"},"image":{"@id":"https:\/\/corludahaber.com\/h\/sari-renge-burunen-kanola-tarlasi-uzerinde-paramotorla-uctu\/119418#primaryimage"},"thumbnailUrl":"https:\/\/corludahaber.com\/h\/wp-content\/uploads\/2026\/04\/sari-renge-burunen-kanola-tarlasi-uzerinde-paramotorla-uctu_69f0c9f1de022.jpeg","datePublished":"2026-04-28T14:53:36+00:00","dateModified":"2026-04-28T14:53:41+00:00","description":"Sar\u0131 renge b\u00fcr\u00fcnen kanola tarlas\u0131 \u00fczerinde paramotorla u\u00e7tu | \u00c7orlu&#039;da Haber","breadcrumb":{"@id":"https:\/\/corludahaber.com\/h\/sari-renge-burunen-kanola-tarlasi-uzerinde-paramotorla-uctu\/119418#breadcrumb"},"inLanguage":"tr","potentialAction":[{"@type":"ReadAction","target":["https:\/\/corludahaber.com\/h\/sari-renge-burunen-kanola-tarlasi-uzerinde-paramotorla-uctu\/119418"]}]},{"@type":"ImageObject","inLanguage":"tr","@id":"https:\/\/corludahaber.com\/h\/sari-renge-burunen-kanola-tarlasi-uzerinde-paramotorla-uctu\/119418#primaryimage","url":"https:\/\/corludahaber.com\/h\/wp-content\/uploads\/2026\/04\/sari-renge-burunen-kanola-tarlasi-uzerinde-paramotorla-uctu_69f0c9f1de022.jpeg","contentUrl":"https:\/\/corludahaber.com\/h\/wp-content\/uploads\/2026\/04\/sari-renge-burunen-kanola-tarlasi-uzerinde-paramotorla-uctu_69f0c9f1de022.jpeg","width":1280,"height":720},{"@type":"BreadcrumbList","@id":"https:\/\/corludahaber.com\/h\/sari-renge-burunen-kanola-tarlasi-uzerinde-paramotorla-uctu\/119418#breadcrumb","itemListElement":[{"@type":"ListItem","position":1,"name":"Anasayfa","item":"https:\/\/corludahaber.com\/h\/"},{"@type":"ListItem","position":2,"name":"Ya\u015fam","item":"https:\/\/corludahaber.com\/h\/kategori\/yasam"},{"@type":"ListItem","position":3,"name":"Sar\u0131 renge b\u00fcr\u00fcnen kanola tarlas\u0131 \u00fczerinde paramotorla u\u00e7tu"}]},{"@type":"WebSite","@id":"https:\/\/corludahaber.com\/h\/#website","url":"https:\/\/corludahaber.com\/h\/","name":"\u00c7orlu'da Haber","description":"Ger\u00e7ek Tarafs\u0131z Haber","publisher":{"@id":"https:\/\/corludahaber.com\/h\/#organization"},"potentialAction":[{"@type":"SearchAction","target":{"@type":"EntryPoint","urlTemplate":"https:\/\/corludahaber.com\/h\/?s={search_term_string}"},"query-input":"required name=search_term_string"}],"inLanguage":"tr"},{"@type":"Organization","@id":"https:\/\/corludahaber.com\/h\/#organization","name":"\u00c7orlu'da Haber","url":"https:\/\/corludahaber.com\/h\/","logo":{"@type":"ImageObject","inLanguage":"tr","@id":"https:\/\/corludahaber.com\/h\/#\/schema\/logo\/image\/","url":"https:\/\/corludahaber.com\/h\/wp-content\/uploads\/2021\/12\/logo__9__1_-removebg-preview.png","contentUrl":"https:\/\/corludahaber.com\/h\/wp-content\/uploads\/2021\/12\/logo__9__1_-removebg-preview.png","width":500,"height":157,"caption":"\u00c7orlu'da Haber"},"image":{"@id":"https:\/\/corludahaber.com\/h\/#\/schema\/logo\/image\/"},"sameAs":["https:\/\/facebook.com\/habercorluda","https:\/\/x.com\/habercorluda","https:\/\/www.instagram.com\/corludahaber","https:\/\/www.youtube.com\/user\/corludahaber"]},{"@type":"Person","@id":"https:\/\/corludahaber.com\/h\/#\/schema\/person\/b523522be44b062db5d74a62589768cd","name":"\u00c7orlu'da Haber","image":{"@type":"ImageObject","inLanguage":"tr","@id":"https:\/\/corludahaber.com\/h\/#\/schema\/person\/image\/","url":"https:\/\/secure.gravatar.com\/avatar\/1033e54e078c29fd7f053370086ff627ba414b05c2b231c418a481adecd764ce?s=96&d=blank&r=g","contentUrl":"https:\/\/secure.gravatar.com\/avatar\/1033e54e078c29fd7f053370086ff627ba414b05c2b231c418a481adecd764ce?s=96&d=blank&r=g","caption":"\u00c7orlu'da Haber"},"sameAs":["https:\/\/corludahaber.com\/h"],"url":"https:\/\/corludahaber.com\/h\/author\/admin"}]}},"_links":{"self":[{"href":"https:\/\/corludahaber.com\/h\/wp-json\/wp\/v2\/posts\/119418","targetHints":{"allow":["GET"]}}],"collection":[{"href":"https:\/\/corludahaber.com\/h\/wp-json\/wp\/v2\/posts"}],"about":[{"href":"https:\/\/corludahaber.com\/h\/wp-json\/wp\/v2\/types\/post"}],"author":[{"embeddable":true,"href":"https:\/\/corludahaber.com\/h\/wp-json\/wp\/v2\/users\/151"}],"replies":[{"embeddable":true,"href":"https:\/\/corludahaber.com\/h\/wp-json\/wp\/v2\/comments?post=119418"}],"version-history":[{"count":1,"href":"https:\/\/corludahaber.com\/h\/wp-json\/wp\/v2\/posts\/119418\/revisions"}],"predecessor-version":[{"id":119420,"href":"https:\/\/corludahaber.com\/h\/wp-json\/wp\/v2\/posts\/119418\/revisions\/119420"}],"wp:featuredmedia":[{"embeddable":true,"href":"https:\/\/corludahaber.com\/h\/wp-json\/wp\/v2\/media\/119419"}],"wp:attachment":[{"href":"https:\/\/corludahaber.com\/h\/wp-json\/wp\/v2\/media?parent=119418"}],"wp:term":[{"taxonomy":"category","embeddable":true,"href":"https:\/\/corludahaber.com\/h\/wp-json\/wp\/v2\/categories?post=119418"},{"taxonomy":"post_tag","embeddable":true,"href":"https:\/\/corludahaber.com\/h\/wp-json\/wp\/v2\/tags?post=119418"}],"curies":[{"name":"wp","href":"https:\/\/api.w.org\/{rel}","templated":true}]}}