{"id":119415,"date":"2026-04-28T16:53:45","date_gmt":"2026-04-28T13:53:45","guid":{"rendered":"https:\/\/corludahaber.com\/h\/tekirdagda-kayip-olarak-aranan-sefa-13-gun-sonra-kirklarelide-denizde-olu-bulundu\/119415"},"modified":"2026-04-28T16:53:50","modified_gmt":"2026-04-28T13:53:50","slug":"tekirdagda-kayip-olarak-aranan-sefa-13-gun-sonra-kirklarelide-denizde-olu-bulundu","status":"publish","type":"post","link":"https:\/\/corludahaber.com\/h\/tekirdagda-kayip-olarak-aranan-sefa-13-gun-sonra-kirklarelide-denizde-olu-bulundu\/119415","title":{"rendered":"Tekirda\u011f\u2019da kay\u0131p olarak aranan Sefa, 13 g\u00fcn sonra K\u0131rklareli&#8217;de denizde \u00f6l\u00fc bulundu"},"content":{"rendered":"<div class=\"corlu-icerikten-once_3\" id=\"corlu-146223630\"><script type='text\/javascript' src='https:\/\/platform-api.sharethis.com\/js\/sharethis.js#property=5ce8cf08af7d000012cb0ca1&product=inline-reaction-buttons' async='async'><\/script>\r\n\r\n<\/div><div readability=\"46\"><span class=\"category-name hidden\"><\/span><\/p><div class=\"corlu-icerik-2\" id=\"corlu-1570711468\"><!-- Admatic AUTO ads START -->\r\n<ins data-publisher=\"adm-pub-155556240050\" data-ad-network=\"659428a24d11b285b616c18d\"   class=\"adm-ads-area\"><\/ins>\r\n<script type=\"text\/javascript\" src=\"https:\/\/static.cdn.admatic.com.tr\/showad\/showad.min.js\"><\/script>\r\n<!-- Admatic AUTO ads END --><\/div>\n<p>\u015eenol AKSOY\/SARAY (Tekirda\u011f), (Haber Merkezi)- TEK\u0130RDA\u011e\u2019\u0131n Saray il\u00e7esinde 13 g\u00fcn \u00f6nce kaybolan Sefa K\u0131l\u0131\u00e7&#8217;\u0131n (29), otomobille geldi\u011fi K\u0131rklareli\u2019nin Vize il\u00e7esinde denizde cans\u0131z bedeni bulundu.<\/p>\n<p>Saray\u2019da 13 g\u00fcn \u00f6nce evden \u00e7\u0131kt\u0131ktan sonra haber al\u0131namayan Sefa K\u0131l\u0131\u00e7 i\u00e7in ailesi kay\u0131p ihbar\u0131nda bulundu. \u0130hbar \u00fczerine \u00e7al\u0131\u015fma ba\u015flatan \u0130l Jandarma Komutanl\u0131\u011f\u0131 ekipleri, K\u0131l\u0131\u00e7\u2019\u0131n otomobilini K\u0131rklareli\u2019nin Vize il\u00e7esine ba\u011fl\u0131 K\u0131y\u0131k\u00f6y beldesinde buldu. Arama \u00e7al\u0131\u015fmalar\u0131n\u0131n yo\u011funla\u015ft\u0131\u011f\u0131 b\u00f6lgede, aradan ge\u00e7en 13 g\u00fcn\u00fcn ard\u0131ndan denizde Sefa K\u0131l\u0131\u00e7\u2019\u0131n cans\u0131z bedeni bulundu. Jandarman\u0131n incelemesinin ard\u0131ndan Sefa K\u0131l\u0131\u00e7\u2019\u0131n cenazesi, kesin \u00f6l\u00fcm nedeninin belirlenmesi i\u00e7in Adli T\u0131p Kurumu morguna kald\u0131r\u0131ld\u0131. <\/p>\n<p>Olayla ilgili soru\u015fturma s\u00fcr\u00fcyor. (Haber Merkezi)<\/p>\n<\/div>\n<div class=\"corlu-icerikten-sonra_3\" id=\"corlu-2778869899\"><p><img loading=\"lazy\" decoding=\"async\" class=\"aligncenter\" src=\"https:\/\/www.corludahaber.com\/bahcesehir.jpg\" alt=\"\" width=\"624\" height=\"196\" \/><\/p>\n<table style=\"text-align: left; width: 100%;\" border=\"1\" cellspacing=\"2\" cellpadding=\"2\">\n<tbody>\n<tr>\n<td style=\"background-color: #050805;\"><span style=\"font-size: 12pt;\"><small><small><em><strong><big><span style=\"color: #ff0000;\">Haber ve resimlerin telif haklar\u0131ndan dolay\u0131 kullan\u0131m\u0131 yasakt\u0131r<span style=\"color: #000000;\">.<\/span><\/span><span style=\"color: #000000;\">\u00a0<\/span><span style=\"color: #ffffff;\">Yaz\u0131l\u0131 izni al\u0131nmadan hi\u00e7bir yaz\u0131l\u0131, g\u00f6rsel, i\u015fitsel i\u00e7erik kopyalanamaz, de\u011fi\u015ftirilemez, yay\u0131nlanamaz veya sat\u0131lamaz. Aksi halde<\/span>\u00a0<span style=\"color: #ff0000;\">5846<span style=\"color: #ffffff;\">\u00a0<\/span><\/span><span style=\"color: #ffffff;\">say\u0131l\u0131 Fikir ve Sanat Eserleri Kanunu\u2019na ve<\/span>\u00a0<span style=\"color: #800000;\"><span style=\"color: #ff0000;\">6102<\/span><span style=\"color: #ffffff;\">\u00a0<\/span><\/span><span style=\"color: #ffffff;\">say\u0131l\u0131 maddesine g\u00f6re<\/span>\u00a0<span style=\"color: #ff0000;\">gerekli i\u015flemler uygulanacakt\u0131r.<\/span><br \/>\n<span style=\"color: #ffffff;\">\u00a9 Copyright 2014<\/span><\/big><\/strong><\/em><\/small><\/small><\/span><\/td>\n<\/tr>\n<\/tbody>\n<\/table>\n<p><small><small>\u00a0<\/small><\/small><\/p>\n<\/div>","protected":false},"excerpt":{"rendered":"<p>\u015eenol AKSOY\/SARAY (Tekirda\u011f), (Haber Merkezi)- TEK\u0130RDA\u011e\u2019\u0131n Saray il\u00e7esinde 13 g\u00fcn \u00f6nce kaybolan Sefa K\u0131l\u0131\u00e7&#8217;\u0131n (29), otomobille geldi\u011fi K\u0131rklareli\u2019nin Vize il\u00e7esinde denizde cans\u0131z bedeni bulundu. Saray\u2019da 13 g\u00fcn \u00f6nce evden \u00e7\u0131kt\u0131ktan sonra haber al\u0131namayan Sefa K\u0131l\u0131\u00e7 i\u00e7in ailesi kay\u0131p ihbar\u0131nda bulundu. \u0130hbar \u00fczerine \u00e7al\u0131\u015fma ba\u015flatan \u0130l Jandarma Komutanl\u0131\u011f\u0131 ekipleri, K\u0131l\u0131\u00e7\u2019\u0131n otomobilini K\u0131rklareli\u2019nin Vize il\u00e7esine ba\u011fl\u0131 K\u0131y\u0131k\u00f6y &hellip;<\/p>\n","protected":false},"author":151,"featured_media":119416,"comment_status":"open","ping_status":"closed","sticky":false,"template":"","format":"standard","meta":{"footnotes":""},"categories":[27],"tags":[457,8025,483,9376,15478,559,4264,612,350,103,3661,1957,376,33516],"class_list":["post-119415","post","type-post","status-publish","format-standard","has-post-thumbnail","hentry","category-yasam","tag-aranan","tag-asayis","tag-bulundu","tag-corlu-kaza","tag-corlu-son-dakika-kaza","tag-denizde","tag-kayip","tag-kirklareli","tag-olarak","tag-olu","tag-son-dakika-kaza","tag-sonra","tag-tekirdag","tag-tekirdagda-kayip-olarak-aranan-sefa-13-gun-sonra-kirklarelide-denizde-olu-bulundu"],"yoast_head":"<!-- This site is optimized with the Yoast SEO Premium plugin v23.3 (Yoast SEO v23.3) - https:\/\/yoast.com\/wordpress\/plugins\/seo\/ -->\n<title>Tekirda\u011f\u2019da kay\u0131p olarak aranan Sefa, 13 g\u00fcn sonra K\u0131rklareli&#039;de denizde \u00f6l\u00fc bulundu | \u00c7orlu&#039;da Haber<\/title>\n<meta name=\"description\" content=\"Tekirda\u011f\u2019da kay\u0131p olarak aranan Sefa, 13 g\u00fcn sonra K\u0131rklareli&#039;de denizde \u00f6l\u00fc bulundu | \u00c7orlu&#039;da Haber\" \/>\n<meta name=\"robots\" content=\"index, follow, max-snippet:-1, max-image-preview:large, max-video-preview:-1\" \/>\n<link rel=\"canonical\" href=\"https:\/\/corludahaber.com\/h\/tekirdagda-kayip-olarak-aranan-sefa-13-gun-sonra-kirklarelide-denizde-olu-bulundu\/119415\" \/>\n<meta property=\"og:locale\" content=\"tr_TR\" \/>\n<meta property=\"og:type\" content=\"article\" \/>\n<meta property=\"og:title\" content=\"Tekirda\u011f\u2019da kay\u0131p olarak aranan Sefa, 13 g\u00fcn sonra K\u0131rklareli&#039;de denizde \u00f6l\u00fc bulundu | \u00c7orlu&#039;da Haber\" \/>\n<meta property=\"og:description\" content=\"Tekirda\u011f\u2019da kay\u0131p olarak aranan Sefa, 13 g\u00fcn sonra K\u0131rklareli&#039;de denizde \u00f6l\u00fc bulundu | \u00c7orlu&#039;da Haber\" \/>\n<meta property=\"og:url\" content=\"https:\/\/corludahaber.com\/h\/tekirdagda-kayip-olarak-aranan-sefa-13-gun-sonra-kirklarelide-denizde-olu-bulundu\/119415\" \/>\n<meta property=\"og:site_name\" content=\"\u00c7orlu&#039;da Haber\" \/>\n<meta property=\"article:publisher\" content=\"https:\/\/facebook.com\/habercorluda\" \/>\n<meta property=\"article:published_time\" content=\"2026-04-28T13:53:45+00:00\" \/>\n<meta property=\"article:modified_time\" content=\"2026-04-28T13:53:50+00:00\" \/>\n<meta property=\"og:image\" content=\"http:\/\/corludahaber.com\/h\/wp-content\/uploads\/2026\/04\/tekirdagda-kayip-olarak-aranan-sefa-13-gun-sonra-kirklarelide-denizde-olu-bulundu_69f0bbebbf3b2.jpeg\" \/>\n\t<meta property=\"og:image:width\" content=\"557\" \/>\n\t<meta property=\"og:image:height\" content=\"917\" \/>\n\t<meta property=\"og:image:type\" content=\"image\/jpeg\" \/>\n<meta name=\"author\" content=\"\u00c7orlu&#039;da Haber\" \/>\n<meta name=\"twitter:card\" content=\"summary_large_image\" \/>\n<meta name=\"twitter:creator\" content=\"@habercorluda\" \/>\n<meta name=\"twitter:site\" content=\"@habercorluda\" \/>\n<meta name=\"twitter:label1\" content=\"Yazan:\" \/>\n\t<meta name=\"twitter:data1\" content=\"\u00c7orlu&#039;da Haber\" \/>\n\t<meta name=\"twitter:label2\" content=\"Tahmini okuma s\u00fcresi\" \/>\n\t<meta name=\"twitter:data2\" content=\"1 dakika\" \/>\n<script type=\"application\/ld+json\" class=\"yoast-schema-graph\">{\"@context\":\"https:\/\/schema.org\",\"@graph\":[{\"@type\":\"Article\",\"@id\":\"https:\/\/corludahaber.com\/h\/tekirdagda-kayip-olarak-aranan-sefa-13-gun-sonra-kirklarelide-denizde-olu-bulundu\/119415#article\",\"isPartOf\":{\"@id\":\"https:\/\/corludahaber.com\/h\/tekirdagda-kayip-olarak-aranan-sefa-13-gun-sonra-kirklarelide-denizde-olu-bulundu\/119415\"},\"author\":{\"name\":\"\u00c7orlu'da Haber\",\"@id\":\"https:\/\/corludahaber.com\/h\/#\/schema\/person\/b523522be44b062db5d74a62589768cd\"},\"headline\":\"Tekirda\u011f\u2019da kay\u0131p olarak aranan Sefa, 13 g\u00fcn sonra K\u0131rklareli&#8217;de denizde \u00f6l\u00fc bulundu\",\"datePublished\":\"2026-04-28T13:53:45+00:00\",\"dateModified\":\"2026-04-28T13:53:50+00:00\",\"mainEntityOfPage\":{\"@id\":\"https:\/\/corludahaber.com\/h\/tekirdagda-kayip-olarak-aranan-sefa-13-gun-sonra-kirklarelide-denizde-olu-bulundu\/119415\"},\"wordCount\":163,\"commentCount\":0,\"publisher\":{\"@id\":\"https:\/\/corludahaber.com\/h\/#organization\"},\"image\":{\"@id\":\"https:\/\/corludahaber.com\/h\/tekirdagda-kayip-olarak-aranan-sefa-13-gun-sonra-kirklarelide-denizde-olu-bulundu\/119415#primaryimage\"},\"thumbnailUrl\":\"https:\/\/corludahaber.com\/h\/wp-content\/uploads\/2026\/04\/tekirdagda-kayip-olarak-aranan-sefa-13-gun-sonra-kirklarelide-denizde-olu-bulundu_69f0bbebbf3b2.jpeg\",\"keywords\":[\"aranan\",\"asayi\u015f\",\"Bulundu\",\"\u00c7orlu kaza\",\"\u00c7orlu son dakika kaza\",\"Denizde\",\"kay\u0131p\",\"K\u0131rklareli\",\"olarak\",\"\u00f6l\u00fc\",\"son dakika kaza\",\"Sonra\",\"Tekirda\u011f\",\"Tekirda\u011f\u2019da kay\u0131p olarak aranan Sefa, 13 g\u00fcn sonra K\u0131rklareli'de denizde \u00f6l\u00fc bulundu\"],\"articleSection\":[\"Ya\u015fam\"],\"inLanguage\":\"tr\",\"potentialAction\":[{\"@type\":\"CommentAction\",\"name\":\"Comment\",\"target\":[\"https:\/\/corludahaber.com\/h\/tekirdagda-kayip-olarak-aranan-sefa-13-gun-sonra-kirklarelide-denizde-olu-bulundu\/119415#respond\"]}]},{\"@type\":\"WebPage\",\"@id\":\"https:\/\/corludahaber.com\/h\/tekirdagda-kayip-olarak-aranan-sefa-13-gun-sonra-kirklarelide-denizde-olu-bulundu\/119415\",\"url\":\"https:\/\/corludahaber.com\/h\/tekirdagda-kayip-olarak-aranan-sefa-13-gun-sonra-kirklarelide-denizde-olu-bulundu\/119415\",\"name\":\"Tekirda\u011f\u2019da kay\u0131p olarak aranan Sefa, 13 g\u00fcn sonra K\u0131rklareli'de denizde \u00f6l\u00fc bulundu | \u00c7orlu&#039;da Haber\",\"isPartOf\":{\"@id\":\"https:\/\/corludahaber.com\/h\/#website\"},\"primaryImageOfPage\":{\"@id\":\"https:\/\/corludahaber.com\/h\/tekirdagda-kayip-olarak-aranan-sefa-13-gun-sonra-kirklarelide-denizde-olu-bulundu\/119415#primaryimage\"},\"image\":{\"@id\":\"https:\/\/corludahaber.com\/h\/tekirdagda-kayip-olarak-aranan-sefa-13-gun-sonra-kirklarelide-denizde-olu-bulundu\/119415#primaryimage\"},\"thumbnailUrl\":\"https:\/\/corludahaber.com\/h\/wp-content\/uploads\/2026\/04\/tekirdagda-kayip-olarak-aranan-sefa-13-gun-sonra-kirklarelide-denizde-olu-bulundu_69f0bbebbf3b2.jpeg\",\"datePublished\":\"2026-04-28T13:53:45+00:00\",\"dateModified\":\"2026-04-28T13:53:50+00:00\",\"description\":\"Tekirda\u011f\u2019da kay\u0131p olarak aranan Sefa, 13 g\u00fcn sonra K\u0131rklareli'de denizde \u00f6l\u00fc bulundu | \u00c7orlu&#039;da Haber\",\"breadcrumb\":{\"@id\":\"https:\/\/corludahaber.com\/h\/tekirdagda-kayip-olarak-aranan-sefa-13-gun-sonra-kirklarelide-denizde-olu-bulundu\/119415#breadcrumb\"},\"inLanguage\":\"tr\",\"potentialAction\":[{\"@type\":\"ReadAction\",\"target\":[\"https:\/\/corludahaber.com\/h\/tekirdagda-kayip-olarak-aranan-sefa-13-gun-sonra-kirklarelide-denizde-olu-bulundu\/119415\"]}]},{\"@type\":\"ImageObject\",\"inLanguage\":\"tr\",\"@id\":\"https:\/\/corludahaber.com\/h\/tekirdagda-kayip-olarak-aranan-sefa-13-gun-sonra-kirklarelide-denizde-olu-bulundu\/119415#primaryimage\",\"url\":\"https:\/\/corludahaber.com\/h\/wp-content\/uploads\/2026\/04\/tekirdagda-kayip-olarak-aranan-sefa-13-gun-sonra-kirklarelide-denizde-olu-bulundu_69f0bbebbf3b2.jpeg\",\"contentUrl\":\"https:\/\/corludahaber.com\/h\/wp-content\/uploads\/2026\/04\/tekirdagda-kayip-olarak-aranan-sefa-13-gun-sonra-kirklarelide-denizde-olu-bulundu_69f0bbebbf3b2.jpeg\",\"width\":557,\"height\":917},{\"@type\":\"BreadcrumbList\",\"@id\":\"https:\/\/corludahaber.com\/h\/tekirdagda-kayip-olarak-aranan-sefa-13-gun-sonra-kirklarelide-denizde-olu-bulundu\/119415#breadcrumb\",\"itemListElement\":[{\"@type\":\"ListItem\",\"position\":1,\"name\":\"Anasayfa\",\"item\":\"https:\/\/corludahaber.com\/h\/\"},{\"@type\":\"ListItem\",\"position\":2,\"name\":\"Ya\u015fam\",\"item\":\"https:\/\/corludahaber.com\/h\/kategori\/yasam\"},{\"@type\":\"ListItem\",\"position\":3,\"name\":\"Tekirda\u011f\u2019da kay\u0131p olarak aranan Sefa, 13 g\u00fcn sonra K\u0131rklareli&#8217;de denizde \u00f6l\u00fc bulundu\"}]},{\"@type\":\"WebSite\",\"@id\":\"https:\/\/corludahaber.com\/h\/#website\",\"url\":\"https:\/\/corludahaber.com\/h\/\",\"name\":\"\u00c7orlu'da Haber\",\"description\":\"Ger\u00e7ek Tarafs\u0131z Haber\",\"publisher\":{\"@id\":\"https:\/\/corludahaber.com\/h\/#organization\"},\"potentialAction\":[{\"@type\":\"SearchAction\",\"target\":{\"@type\":\"EntryPoint\",\"urlTemplate\":\"https:\/\/corludahaber.com\/h\/?s={search_term_string}\"},\"query-input\":\"required name=search_term_string\"}],\"inLanguage\":\"tr\"},{\"@type\":\"Organization\",\"@id\":\"https:\/\/corludahaber.com\/h\/#organization\",\"name\":\"\u00c7orlu'da Haber\",\"url\":\"https:\/\/corludahaber.com\/h\/\",\"logo\":{\"@type\":\"ImageObject\",\"inLanguage\":\"tr\",\"@id\":\"https:\/\/corludahaber.com\/h\/#\/schema\/logo\/image\/\",\"url\":\"https:\/\/corludahaber.com\/h\/wp-content\/uploads\/2021\/12\/logo__9__1_-removebg-preview.png\",\"contentUrl\":\"https:\/\/corludahaber.com\/h\/wp-content\/uploads\/2021\/12\/logo__9__1_-removebg-preview.png\",\"width\":500,\"height\":157,\"caption\":\"\u00c7orlu'da Haber\"},\"image\":{\"@id\":\"https:\/\/corludahaber.com\/h\/#\/schema\/logo\/image\/\"},\"sameAs\":[\"https:\/\/facebook.com\/habercorluda\",\"https:\/\/x.com\/habercorluda\",\"https:\/\/www.instagram.com\/corludahaber\",\"https:\/\/www.youtube.com\/user\/corludahaber\"]},{\"@type\":\"Person\",\"@id\":\"https:\/\/corludahaber.com\/h\/#\/schema\/person\/b523522be44b062db5d74a62589768cd\",\"name\":\"\u00c7orlu'da Haber\",\"image\":{\"@type\":\"ImageObject\",\"inLanguage\":\"tr\",\"@id\":\"https:\/\/corludahaber.com\/h\/#\/schema\/person\/image\/\",\"url\":\"https:\/\/secure.gravatar.com\/avatar\/1033e54e078c29fd7f053370086ff627ba414b05c2b231c418a481adecd764ce?s=96&d=blank&r=g\",\"contentUrl\":\"https:\/\/secure.gravatar.com\/avatar\/1033e54e078c29fd7f053370086ff627ba414b05c2b231c418a481adecd764ce?s=96&d=blank&r=g\",\"caption\":\"\u00c7orlu'da Haber\"},\"sameAs\":[\"https:\/\/corludahaber.com\/h\"],\"url\":\"https:\/\/corludahaber.com\/h\/author\/admin\"}]}<\/script>\n<!-- \/ Yoast SEO Premium plugin. -->","yoast_head_json":{"title":"Tekirda\u011f\u2019da kay\u0131p olarak aranan Sefa, 13 g\u00fcn sonra K\u0131rklareli'de denizde \u00f6l\u00fc bulundu | \u00c7orlu&#039;da Haber","description":"Tekirda\u011f\u2019da kay\u0131p olarak aranan Sefa, 13 g\u00fcn sonra K\u0131rklareli'de denizde \u00f6l\u00fc bulundu | \u00c7orlu&#039;da Haber","robots":{"index":"index","follow":"follow","max-snippet":"max-snippet:-1","max-image-preview":"max-image-preview:large","max-video-preview":"max-video-preview:-1"},"canonical":"https:\/\/corludahaber.com\/h\/tekirdagda-kayip-olarak-aranan-sefa-13-gun-sonra-kirklarelide-denizde-olu-bulundu\/119415","og_locale":"tr_TR","og_type":"article","og_title":"Tekirda\u011f\u2019da kay\u0131p olarak aranan Sefa, 13 g\u00fcn sonra K\u0131rklareli'de denizde \u00f6l\u00fc bulundu | \u00c7orlu&#039;da Haber","og_description":"Tekirda\u011f\u2019da kay\u0131p olarak aranan Sefa, 13 g\u00fcn sonra K\u0131rklareli'de denizde \u00f6l\u00fc bulundu | \u00c7orlu&#039;da Haber","og_url":"https:\/\/corludahaber.com\/h\/tekirdagda-kayip-olarak-aranan-sefa-13-gun-sonra-kirklarelide-denizde-olu-bulundu\/119415","og_site_name":"\u00c7orlu&#039;da Haber","article_publisher":"https:\/\/facebook.com\/habercorluda","article_published_time":"2026-04-28T13:53:45+00:00","article_modified_time":"2026-04-28T13:53:50+00:00","og_image":[{"width":557,"height":917,"url":"http:\/\/corludahaber.com\/h\/wp-content\/uploads\/2026\/04\/tekirdagda-kayip-olarak-aranan-sefa-13-gun-sonra-kirklarelide-denizde-olu-bulundu_69f0bbebbf3b2.jpeg","type":"image\/jpeg"}],"author":"\u00c7orlu'da Haber","twitter_card":"summary_large_image","twitter_creator":"@habercorluda","twitter_site":"@habercorluda","twitter_misc":{"Yazan:":"\u00c7orlu'da Haber","Tahmini okuma s\u00fcresi":"1 dakika"},"schema":{"@context":"https:\/\/schema.org","@graph":[{"@type":"Article","@id":"https:\/\/corludahaber.com\/h\/tekirdagda-kayip-olarak-aranan-sefa-13-gun-sonra-kirklarelide-denizde-olu-bulundu\/119415#article","isPartOf":{"@id":"https:\/\/corludahaber.com\/h\/tekirdagda-kayip-olarak-aranan-sefa-13-gun-sonra-kirklarelide-denizde-olu-bulundu\/119415"},"author":{"name":"\u00c7orlu'da Haber","@id":"https:\/\/corludahaber.com\/h\/#\/schema\/person\/b523522be44b062db5d74a62589768cd"},"headline":"Tekirda\u011f\u2019da kay\u0131p olarak aranan Sefa, 13 g\u00fcn sonra K\u0131rklareli&#8217;de denizde \u00f6l\u00fc bulundu","datePublished":"2026-04-28T13:53:45+00:00","dateModified":"2026-04-28T13:53:50+00:00","mainEntityOfPage":{"@id":"https:\/\/corludahaber.com\/h\/tekirdagda-kayip-olarak-aranan-sefa-13-gun-sonra-kirklarelide-denizde-olu-bulundu\/119415"},"wordCount":163,"commentCount":0,"publisher":{"@id":"https:\/\/corludahaber.com\/h\/#organization"},"image":{"@id":"https:\/\/corludahaber.com\/h\/tekirdagda-kayip-olarak-aranan-sefa-13-gun-sonra-kirklarelide-denizde-olu-bulundu\/119415#primaryimage"},"thumbnailUrl":"https:\/\/corludahaber.com\/h\/wp-content\/uploads\/2026\/04\/tekirdagda-kayip-olarak-aranan-sefa-13-gun-sonra-kirklarelide-denizde-olu-bulundu_69f0bbebbf3b2.jpeg","keywords":["aranan","asayi\u015f","Bulundu","\u00c7orlu kaza","\u00c7orlu son dakika kaza","Denizde","kay\u0131p","K\u0131rklareli","olarak","\u00f6l\u00fc","son dakika kaza","Sonra","Tekirda\u011f","Tekirda\u011f\u2019da kay\u0131p olarak aranan Sefa, 13 g\u00fcn sonra K\u0131rklareli'de denizde \u00f6l\u00fc bulundu"],"articleSection":["Ya\u015fam"],"inLanguage":"tr","potentialAction":[{"@type":"CommentAction","name":"Comment","target":["https:\/\/corludahaber.com\/h\/tekirdagda-kayip-olarak-aranan-sefa-13-gun-sonra-kirklarelide-denizde-olu-bulundu\/119415#respond"]}]},{"@type":"WebPage","@id":"https:\/\/corludahaber.com\/h\/tekirdagda-kayip-olarak-aranan-sefa-13-gun-sonra-kirklarelide-denizde-olu-bulundu\/119415","url":"https:\/\/corludahaber.com\/h\/tekirdagda-kayip-olarak-aranan-sefa-13-gun-sonra-kirklarelide-denizde-olu-bulundu\/119415","name":"Tekirda\u011f\u2019da kay\u0131p olarak aranan Sefa, 13 g\u00fcn sonra K\u0131rklareli'de denizde \u00f6l\u00fc bulundu | \u00c7orlu&#039;da Haber","isPartOf":{"@id":"https:\/\/corludahaber.com\/h\/#website"},"primaryImageOfPage":{"@id":"https:\/\/corludahaber.com\/h\/tekirdagda-kayip-olarak-aranan-sefa-13-gun-sonra-kirklarelide-denizde-olu-bulundu\/119415#primaryimage"},"image":{"@id":"https:\/\/corludahaber.com\/h\/tekirdagda-kayip-olarak-aranan-sefa-13-gun-sonra-kirklarelide-denizde-olu-bulundu\/119415#primaryimage"},"thumbnailUrl":"https:\/\/corludahaber.com\/h\/wp-content\/uploads\/2026\/04\/tekirdagda-kayip-olarak-aranan-sefa-13-gun-sonra-kirklarelide-denizde-olu-bulundu_69f0bbebbf3b2.jpeg","datePublished":"2026-04-28T13:53:45+00:00","dateModified":"2026-04-28T13:53:50+00:00","description":"Tekirda\u011f\u2019da kay\u0131p olarak aranan Sefa, 13 g\u00fcn sonra K\u0131rklareli'de denizde \u00f6l\u00fc bulundu | \u00c7orlu&#039;da Haber","breadcrumb":{"@id":"https:\/\/corludahaber.com\/h\/tekirdagda-kayip-olarak-aranan-sefa-13-gun-sonra-kirklarelide-denizde-olu-bulundu\/119415#breadcrumb"},"inLanguage":"tr","potentialAction":[{"@type":"ReadAction","target":["https:\/\/corludahaber.com\/h\/tekirdagda-kayip-olarak-aranan-sefa-13-gun-sonra-kirklarelide-denizde-olu-bulundu\/119415"]}]},{"@type":"ImageObject","inLanguage":"tr","@id":"https:\/\/corludahaber.com\/h\/tekirdagda-kayip-olarak-aranan-sefa-13-gun-sonra-kirklarelide-denizde-olu-bulundu\/119415#primaryimage","url":"https:\/\/corludahaber.com\/h\/wp-content\/uploads\/2026\/04\/tekirdagda-kayip-olarak-aranan-sefa-13-gun-sonra-kirklarelide-denizde-olu-bulundu_69f0bbebbf3b2.jpeg","contentUrl":"https:\/\/corludahaber.com\/h\/wp-content\/uploads\/2026\/04\/tekirdagda-kayip-olarak-aranan-sefa-13-gun-sonra-kirklarelide-denizde-olu-bulundu_69f0bbebbf3b2.jpeg","width":557,"height":917},{"@type":"BreadcrumbList","@id":"https:\/\/corludahaber.com\/h\/tekirdagda-kayip-olarak-aranan-sefa-13-gun-sonra-kirklarelide-denizde-olu-bulundu\/119415#breadcrumb","itemListElement":[{"@type":"ListItem","position":1,"name":"Anasayfa","item":"https:\/\/corludahaber.com\/h\/"},{"@type":"ListItem","position":2,"name":"Ya\u015fam","item":"https:\/\/corludahaber.com\/h\/kategori\/yasam"},{"@type":"ListItem","position":3,"name":"Tekirda\u011f\u2019da kay\u0131p olarak aranan Sefa, 13 g\u00fcn sonra K\u0131rklareli&#8217;de denizde \u00f6l\u00fc bulundu"}]},{"@type":"WebSite","@id":"https:\/\/corludahaber.com\/h\/#website","url":"https:\/\/corludahaber.com\/h\/","name":"\u00c7orlu'da Haber","description":"Ger\u00e7ek Tarafs\u0131z Haber","publisher":{"@id":"https:\/\/corludahaber.com\/h\/#organization"},"potentialAction":[{"@type":"SearchAction","target":{"@type":"EntryPoint","urlTemplate":"https:\/\/corludahaber.com\/h\/?s={search_term_string}"},"query-input":"required name=search_term_string"}],"inLanguage":"tr"},{"@type":"Organization","@id":"https:\/\/corludahaber.com\/h\/#organization","name":"\u00c7orlu'da Haber","url":"https:\/\/corludahaber.com\/h\/","logo":{"@type":"ImageObject","inLanguage":"tr","@id":"https:\/\/corludahaber.com\/h\/#\/schema\/logo\/image\/","url":"https:\/\/corludahaber.com\/h\/wp-content\/uploads\/2021\/12\/logo__9__1_-removebg-preview.png","contentUrl":"https:\/\/corludahaber.com\/h\/wp-content\/uploads\/2021\/12\/logo__9__1_-removebg-preview.png","width":500,"height":157,"caption":"\u00c7orlu'da Haber"},"image":{"@id":"https:\/\/corludahaber.com\/h\/#\/schema\/logo\/image\/"},"sameAs":["https:\/\/facebook.com\/habercorluda","https:\/\/x.com\/habercorluda","https:\/\/www.instagram.com\/corludahaber","https:\/\/www.youtube.com\/user\/corludahaber"]},{"@type":"Person","@id":"https:\/\/corludahaber.com\/h\/#\/schema\/person\/b523522be44b062db5d74a62589768cd","name":"\u00c7orlu'da Haber","image":{"@type":"ImageObject","inLanguage":"tr","@id":"https:\/\/corludahaber.com\/h\/#\/schema\/person\/image\/","url":"https:\/\/secure.gravatar.com\/avatar\/1033e54e078c29fd7f053370086ff627ba414b05c2b231c418a481adecd764ce?s=96&d=blank&r=g","contentUrl":"https:\/\/secure.gravatar.com\/avatar\/1033e54e078c29fd7f053370086ff627ba414b05c2b231c418a481adecd764ce?s=96&d=blank&r=g","caption":"\u00c7orlu'da Haber"},"sameAs":["https:\/\/corludahaber.com\/h"],"url":"https:\/\/corludahaber.com\/h\/author\/admin"}]}},"_links":{"self":[{"href":"https:\/\/corludahaber.com\/h\/wp-json\/wp\/v2\/posts\/119415","targetHints":{"allow":["GET"]}}],"collection":[{"href":"https:\/\/corludahaber.com\/h\/wp-json\/wp\/v2\/posts"}],"about":[{"href":"https:\/\/corludahaber.com\/h\/wp-json\/wp\/v2\/types\/post"}],"author":[{"embeddable":true,"href":"https:\/\/corludahaber.com\/h\/wp-json\/wp\/v2\/users\/151"}],"replies":[{"embeddable":true,"href":"https:\/\/corludahaber.com\/h\/wp-json\/wp\/v2\/comments?post=119415"}],"version-history":[{"count":1,"href":"https:\/\/corludahaber.com\/h\/wp-json\/wp\/v2\/posts\/119415\/revisions"}],"predecessor-version":[{"id":119417,"href":"https:\/\/corludahaber.com\/h\/wp-json\/wp\/v2\/posts\/119415\/revisions\/119417"}],"wp:featuredmedia":[{"embeddable":true,"href":"https:\/\/corludahaber.com\/h\/wp-json\/wp\/v2\/media\/119416"}],"wp:attachment":[{"href":"https:\/\/corludahaber.com\/h\/wp-json\/wp\/v2\/media?parent=119415"}],"wp:term":[{"taxonomy":"category","embeddable":true,"href":"https:\/\/corludahaber.com\/h\/wp-json\/wp\/v2\/categories?post=119415"},{"taxonomy":"post_tag","embeddable":true,"href":"https:\/\/corludahaber.com\/h\/wp-json\/wp\/v2\/tags?post=119415"}],"curies":[{"name":"wp","href":"https:\/\/api.w.org\/{rel}","templated":true}]}}