{"id":119412,"date":"2026-04-28T15:16:50","date_gmt":"2026-04-28T12:16:50","guid":{"rendered":"https:\/\/corludahaber.com\/h\/?p=119412"},"modified":"2026-04-28T15:16:50","modified_gmt":"2026-04-28T12:16:50","slug":"gunlerdir-kayip-olarak-aranan-sefanin-cansiz-bedeni-bulundu","status":"publish","type":"post","link":"https:\/\/corludahaber.com\/h\/gunlerdir-kayip-olarak-aranan-sefanin-cansiz-bedeni-bulundu\/119412","title":{"rendered":"G\u00fcnlerdir Kay\u0131p Olarak Aranan Sefa&#8217;n\u0131n Cans\u0131z Bedeni Bulundu"},"content":{"rendered":"<div class=\"corlu-icerikten-once_3\" id=\"corlu-2598846625\"><script type='text\/javascript' src='https:\/\/platform-api.sharethis.com\/js\/sharethis.js#property=5ce8cf08af7d000012cb0ca1&product=inline-reaction-buttons' async='async'><\/script>\r\n\r\n<\/div><h1>15 G\u00fcnd\u00fcr Aran\u0131yordu: Sefa K\u0131l\u0131\u00e7\u2019\u0131n Cans\u0131z Bedeni K\u0131y\u0131k\u00f6y Liman\u0131\u2019nda Bulundu<\/h1>\n<p>Tekirda\u011f&#8217;da15 Nisan\u2019dan bu yana haber al\u0131namayan Sefa K\u0131l\u0131\u00e7\u2019tan ac\u0131 haber geldi. G\u00fcnlerdir s\u00fcren arama \u00e7al\u0131\u015fmalar\u0131n\u0131n ard\u0131ndan K\u0131l\u0131\u00e7\u2019\u0131n cans\u0131z bedeni K\u0131y\u0131k\u00f6y Liman\u0131\u2019nda bulundu.<\/p><div class=\"corlu-icerik-2\" id=\"corlu-3945814242\"><!-- Admatic AUTO ads START -->\r\n<ins data-publisher=\"adm-pub-155556240050\" data-ad-network=\"659428a24d11b285b616c18d\"   class=\"adm-ads-area\"><\/ins>\r\n<script type=\"text\/javascript\" src=\"https:\/\/static.cdn.admatic.com.tr\/showad\/showad.min.js\"><\/script>\r\n<!-- Admatic AUTO ads END --><\/div>\n<p><strong>AFAD ve Sahil G\u00fcvenlik Ekipleri Seferber Oldu<\/strong><\/p>\n<p>Edinilen bilgilere g\u00f6re, son olarak 15 Nisan \u00c7ar\u015famba g\u00fcn\u00fc K\u0131y\u0131k\u00f6y beldesinde g\u00f6r\u00fclen Sefa K\u0131l\u0131\u00e7\u2019tan bir daha haber al\u0131namad\u0131. Yak\u0131nlar\u0131n\u0131n kay\u0131p ihbar\u0131 \u00fczerine b\u00f6lgede AFAD ve sahil g\u00fcvenlik ekipleri taraf\u0131ndan geni\u015f \u00e7apl\u0131 arama \u00e7al\u0131\u015fmas\u0131 ba\u015flat\u0131ld\u0131.<\/p>\n<p>G\u00fcnlerdir devam eden arama faaliyetleri kapsam\u0131nda ekipler, liman \u00e7evresi ve k\u0131y\u0131 hatt\u0131nda yo\u011fun \u015fekilde \u00e7al\u0131\u015fma y\u00fcr\u00fctt\u00fc.<\/p>\n<p><strong>Cans\u0131z Bedeni Kayal\u0131klarda Bulundu<\/strong><\/p>\n<p>S\u00fcrd\u00fcr\u00fclen \u00e7al\u0131\u015fmalar sonucunda Sefa K\u0131l\u0131\u00e7\u2019\u0131n cans\u0131z bedenine K\u0131y\u0131k\u00f6y Liman\u0131\u2019nda bulunan kayal\u0131k alanda ula\u015f\u0131ld\u0131. Olay\u0131n ard\u0131ndan b\u00f6lge g\u00fcvenlik \u00e7emberine al\u0131n\u0131rken, ekipler detayl\u0131 inceleme ba\u015flatt\u0131.<\/p>\n<p><strong>\u00d6l\u00fcm Nedeni \u0130nceleme Sonras\u0131 Belli Olacak<\/strong><\/p>\n<p>Sefa K\u0131l\u0131\u00e7\u2019\u0131n \u00f6l\u00fcm nedeninin yap\u0131lacak otopsi ve detayl\u0131 incelemelerin ard\u0131ndan netlik kazanaca\u011f\u0131 \u00f6\u011frenildi. Olayla ilgili soru\u015fturma s\u00fcr\u00fcyor.<\/p>\n<div class=\"corlu-icerikten-sonra_3\" id=\"corlu-2671239569\"><p><img loading=\"lazy\" decoding=\"async\" class=\"aligncenter\" src=\"https:\/\/www.corludahaber.com\/bahcesehir.jpg\" alt=\"\" width=\"624\" height=\"196\" \/><\/p>\n<table style=\"text-align: left; width: 100%;\" border=\"1\" cellspacing=\"2\" cellpadding=\"2\">\n<tbody>\n<tr>\n<td style=\"background-color: #050805;\"><span style=\"font-size: 12pt;\"><small><small><em><strong><big><span style=\"color: #ff0000;\">Haber ve resimlerin telif haklar\u0131ndan dolay\u0131 kullan\u0131m\u0131 yasakt\u0131r<span style=\"color: #000000;\">.<\/span><\/span><span style=\"color: #000000;\">\u00a0<\/span><span style=\"color: #ffffff;\">Yaz\u0131l\u0131 izni al\u0131nmadan hi\u00e7bir yaz\u0131l\u0131, g\u00f6rsel, i\u015fitsel i\u00e7erik kopyalanamaz, de\u011fi\u015ftirilemez, yay\u0131nlanamaz veya sat\u0131lamaz. Aksi halde<\/span>\u00a0<span style=\"color: #ff0000;\">5846<span style=\"color: #ffffff;\">\u00a0<\/span><\/span><span style=\"color: #ffffff;\">say\u0131l\u0131 Fikir ve Sanat Eserleri Kanunu\u2019na ve<\/span>\u00a0<span style=\"color: #800000;\"><span style=\"color: #ff0000;\">6102<\/span><span style=\"color: #ffffff;\">\u00a0<\/span><\/span><span style=\"color: #ffffff;\">say\u0131l\u0131 maddesine g\u00f6re<\/span>\u00a0<span style=\"color: #ff0000;\">gerekli i\u015flemler uygulanacakt\u0131r.<\/span><br \/>\n<span style=\"color: #ffffff;\">\u00a9 Copyright 2014<\/span><\/big><\/strong><\/em><\/small><\/small><\/span><\/td>\n<\/tr>\n<\/tbody>\n<\/table>\n<p><small><small>\u00a0<\/small><\/small><\/p>\n<\/div>","protected":false},"excerpt":{"rendered":"<p>15 G\u00fcnd\u00fcr Aran\u0131yordu: Sefa K\u0131l\u0131\u00e7\u2019\u0131n Cans\u0131z Bedeni K\u0131y\u0131k\u00f6y Liman\u0131\u2019nda Bulundu Tekirda\u011f&#8217;da15 Nisan\u2019dan bu yana haber al\u0131namayan Sefa K\u0131l\u0131\u00e7\u2019tan ac\u0131 haber geldi. G\u00fcnlerdir s\u00fcren arama \u00e7al\u0131\u015fmalar\u0131n\u0131n ard\u0131ndan K\u0131l\u0131\u00e7\u2019\u0131n cans\u0131z bedeni K\u0131y\u0131k\u00f6y Liman\u0131\u2019nda bulundu. AFAD ve Sahil G\u00fcvenlik Ekipleri Seferber Oldu Edinilen bilgilere g\u00f6re, son olarak 15 Nisan \u00c7ar\u015famba g\u00fcn\u00fc K\u0131y\u0131k\u00f6y beldesinde g\u00f6r\u00fclen Sefa K\u0131l\u0131\u00e7\u2019tan bir daha &hellip;<\/p>\n","protected":false},"author":151,"featured_media":119413,"comment_status":"open","ping_status":"open","sticky":false,"template":"","format":"standard","meta":{"footnotes":""},"categories":[26],"tags":[457,8025,601,483,600,9376,15478,33514,33515,4264,350,3661],"class_list":["post-119412","post","type-post","status-publish","format-standard","has-post-thumbnail","hentry","category-asayis","tag-aranan","tag-asayis","tag-bedeni","tag-bulundu","tag-cansiz","tag-corlu-kaza","tag-corlu-son-dakika-kaza","tag-gunlerdir","tag-gunlerdir-kayip-olarak-aranan-sefanin-cansiz-bedeni-bulundu","tag-kayip","tag-olarak","tag-son-dakika-kaza"],"yoast_head":"<!-- This site is optimized with the Yoast SEO Premium plugin v23.3 (Yoast SEO v23.3) - https:\/\/yoast.com\/wordpress\/plugins\/seo\/ -->\n<title>G\u00fcnlerdir Kay\u0131p Olarak Aranan Sefa&#039;n\u0131n Cans\u0131z Bedeni Bulundu | \u00c7orlu&#039;da Haber<\/title>\n<meta name=\"description\" content=\"G\u00fcnlerdir Kay\u0131p Olarak Aranan Sefa&#039;n\u0131n Cans\u0131z Bedeni Bulundu | Asayi\u015f \u00c7orlu&#039;da Haber\" \/>\n<meta name=\"robots\" content=\"index, follow, max-snippet:-1, max-image-preview:large, max-video-preview:-1\" \/>\n<link rel=\"canonical\" href=\"https:\/\/corludahaber.com\/h\/gunlerdir-kayip-olarak-aranan-sefanin-cansiz-bedeni-bulundu\/119412\" \/>\n<meta property=\"og:locale\" content=\"tr_TR\" \/>\n<meta property=\"og:type\" content=\"article\" \/>\n<meta property=\"og:title\" content=\"G\u00fcnlerdir Kay\u0131p Olarak Aranan Sefa&#039;n\u0131n Cans\u0131z Bedeni Bulundu | \u00c7orlu&#039;da Haber\" \/>\n<meta property=\"og:description\" content=\"G\u00fcnlerdir Kay\u0131p Olarak Aranan Sefa&#039;n\u0131n Cans\u0131z Bedeni Bulundu | Asayi\u015f \u00c7orlu&#039;da Haber\" \/>\n<meta property=\"og:url\" content=\"https:\/\/corludahaber.com\/h\/gunlerdir-kayip-olarak-aranan-sefanin-cansiz-bedeni-bulundu\/119412\" \/>\n<meta property=\"og:site_name\" content=\"\u00c7orlu&#039;da Haber\" \/>\n<meta property=\"article:publisher\" content=\"https:\/\/facebook.com\/habercorluda\" \/>\n<meta property=\"article:published_time\" content=\"2026-04-28T12:16:50+00:00\" \/>\n<meta property=\"og:image\" content=\"http:\/\/corludahaber.com\/h\/wp-content\/uploads\/2026\/04\/Screenshot_20260428_151236_Gallery.jpg\" \/>\n\t<meta property=\"og:image:width\" content=\"1079\" \/>\n\t<meta property=\"og:image:height\" content=\"608\" \/>\n\t<meta property=\"og:image:type\" content=\"image\/jpeg\" \/>\n<meta name=\"author\" content=\"\u00c7orlu&#039;da Haber\" \/>\n<meta name=\"twitter:card\" content=\"summary_large_image\" \/>\n<meta name=\"twitter:creator\" content=\"@habercorluda\" \/>\n<meta name=\"twitter:site\" content=\"@habercorluda\" \/>\n<meta name=\"twitter:label1\" content=\"Yazan:\" \/>\n\t<meta name=\"twitter:data1\" content=\"\u00c7orlu&#039;da Haber\" \/>\n\t<meta name=\"twitter:label2\" content=\"Tahmini okuma s\u00fcresi\" \/>\n\t<meta name=\"twitter:data2\" content=\"2 dakika\" \/>\n<script type=\"application\/ld+json\" class=\"yoast-schema-graph\">{\"@context\":\"https:\/\/schema.org\",\"@graph\":[{\"@type\":\"Article\",\"@id\":\"https:\/\/corludahaber.com\/h\/gunlerdir-kayip-olarak-aranan-sefanin-cansiz-bedeni-bulundu\/119412#article\",\"isPartOf\":{\"@id\":\"https:\/\/corludahaber.com\/h\/gunlerdir-kayip-olarak-aranan-sefanin-cansiz-bedeni-bulundu\/119412\"},\"author\":{\"name\":\"\u00c7orlu'da Haber\",\"@id\":\"https:\/\/corludahaber.com\/h\/#\/schema\/person\/b523522be44b062db5d74a62589768cd\"},\"headline\":\"G\u00fcnlerdir Kay\u0131p Olarak Aranan Sefa&#8217;n\u0131n Cans\u0131z Bedeni Bulundu\",\"datePublished\":\"2026-04-28T12:16:50+00:00\",\"dateModified\":\"2026-04-28T12:16:50+00:00\",\"mainEntityOfPage\":{\"@id\":\"https:\/\/corludahaber.com\/h\/gunlerdir-kayip-olarak-aranan-sefanin-cansiz-bedeni-bulundu\/119412\"},\"wordCount\":239,\"commentCount\":0,\"publisher\":{\"@id\":\"https:\/\/corludahaber.com\/h\/#organization\"},\"image\":{\"@id\":\"https:\/\/corludahaber.com\/h\/gunlerdir-kayip-olarak-aranan-sefanin-cansiz-bedeni-bulundu\/119412#primaryimage\"},\"thumbnailUrl\":\"https:\/\/corludahaber.com\/h\/wp-content\/uploads\/2026\/04\/Screenshot_20260428_151236_Gallery.jpg\",\"keywords\":[\"aranan\",\"asayi\u015f\",\"bedeni\",\"Bulundu\",\"cans\u0131z\",\"\u00c7orlu kaza\",\"\u00c7orlu son dakika kaza\",\"G\u00fcnlerdir\",\"G\u00fcnlerdir Kay\u0131p Olarak Aranan Sefa'n\u0131n Cans\u0131z Bedeni Bulundu\",\"kay\u0131p\",\"olarak\",\"son dakika kaza\"],\"articleSection\":[\"Asayi\u015f\"],\"inLanguage\":\"tr\",\"potentialAction\":[{\"@type\":\"CommentAction\",\"name\":\"Comment\",\"target\":[\"https:\/\/corludahaber.com\/h\/gunlerdir-kayip-olarak-aranan-sefanin-cansiz-bedeni-bulundu\/119412#respond\"]}]},{\"@type\":\"WebPage\",\"@id\":\"https:\/\/corludahaber.com\/h\/gunlerdir-kayip-olarak-aranan-sefanin-cansiz-bedeni-bulundu\/119412\",\"url\":\"https:\/\/corludahaber.com\/h\/gunlerdir-kayip-olarak-aranan-sefanin-cansiz-bedeni-bulundu\/119412\",\"name\":\"G\u00fcnlerdir Kay\u0131p Olarak Aranan Sefa'n\u0131n Cans\u0131z Bedeni Bulundu | \u00c7orlu&#039;da Haber\",\"isPartOf\":{\"@id\":\"https:\/\/corludahaber.com\/h\/#website\"},\"primaryImageOfPage\":{\"@id\":\"https:\/\/corludahaber.com\/h\/gunlerdir-kayip-olarak-aranan-sefanin-cansiz-bedeni-bulundu\/119412#primaryimage\"},\"image\":{\"@id\":\"https:\/\/corludahaber.com\/h\/gunlerdir-kayip-olarak-aranan-sefanin-cansiz-bedeni-bulundu\/119412#primaryimage\"},\"thumbnailUrl\":\"https:\/\/corludahaber.com\/h\/wp-content\/uploads\/2026\/04\/Screenshot_20260428_151236_Gallery.jpg\",\"datePublished\":\"2026-04-28T12:16:50+00:00\",\"dateModified\":\"2026-04-28T12:16:50+00:00\",\"description\":\"G\u00fcnlerdir Kay\u0131p Olarak Aranan Sefa'n\u0131n Cans\u0131z Bedeni Bulundu | Asayi\u015f \u00c7orlu&#039;da Haber\",\"breadcrumb\":{\"@id\":\"https:\/\/corludahaber.com\/h\/gunlerdir-kayip-olarak-aranan-sefanin-cansiz-bedeni-bulundu\/119412#breadcrumb\"},\"inLanguage\":\"tr\",\"potentialAction\":[{\"@type\":\"ReadAction\",\"target\":[\"https:\/\/corludahaber.com\/h\/gunlerdir-kayip-olarak-aranan-sefanin-cansiz-bedeni-bulundu\/119412\"]}]},{\"@type\":\"ImageObject\",\"inLanguage\":\"tr\",\"@id\":\"https:\/\/corludahaber.com\/h\/gunlerdir-kayip-olarak-aranan-sefanin-cansiz-bedeni-bulundu\/119412#primaryimage\",\"url\":\"https:\/\/corludahaber.com\/h\/wp-content\/uploads\/2026\/04\/Screenshot_20260428_151236_Gallery.jpg\",\"contentUrl\":\"https:\/\/corludahaber.com\/h\/wp-content\/uploads\/2026\/04\/Screenshot_20260428_151236_Gallery.jpg\",\"width\":1079,\"height\":608},{\"@type\":\"BreadcrumbList\",\"@id\":\"https:\/\/corludahaber.com\/h\/gunlerdir-kayip-olarak-aranan-sefanin-cansiz-bedeni-bulundu\/119412#breadcrumb\",\"itemListElement\":[{\"@type\":\"ListItem\",\"position\":1,\"name\":\"Anasayfa\",\"item\":\"https:\/\/corludahaber.com\/h\/\"},{\"@type\":\"ListItem\",\"position\":2,\"name\":\"Asayi\u015f\",\"item\":\"https:\/\/corludahaber.com\/h\/kategori\/asayis\"},{\"@type\":\"ListItem\",\"position\":3,\"name\":\"G\u00fcnlerdir Kay\u0131p Olarak Aranan Sefa&#8217;n\u0131n Cans\u0131z Bedeni Bulundu\"}]},{\"@type\":\"WebSite\",\"@id\":\"https:\/\/corludahaber.com\/h\/#website\",\"url\":\"https:\/\/corludahaber.com\/h\/\",\"name\":\"\u00c7orlu'da Haber\",\"description\":\"Ger\u00e7ek Tarafs\u0131z Haber\",\"publisher\":{\"@id\":\"https:\/\/corludahaber.com\/h\/#organization\"},\"potentialAction\":[{\"@type\":\"SearchAction\",\"target\":{\"@type\":\"EntryPoint\",\"urlTemplate\":\"https:\/\/corludahaber.com\/h\/?s={search_term_string}\"},\"query-input\":\"required name=search_term_string\"}],\"inLanguage\":\"tr\"},{\"@type\":\"Organization\",\"@id\":\"https:\/\/corludahaber.com\/h\/#organization\",\"name\":\"\u00c7orlu'da Haber\",\"url\":\"https:\/\/corludahaber.com\/h\/\",\"logo\":{\"@type\":\"ImageObject\",\"inLanguage\":\"tr\",\"@id\":\"https:\/\/corludahaber.com\/h\/#\/schema\/logo\/image\/\",\"url\":\"https:\/\/corludahaber.com\/h\/wp-content\/uploads\/2021\/12\/logo__9__1_-removebg-preview.png\",\"contentUrl\":\"https:\/\/corludahaber.com\/h\/wp-content\/uploads\/2021\/12\/logo__9__1_-removebg-preview.png\",\"width\":500,\"height\":157,\"caption\":\"\u00c7orlu'da Haber\"},\"image\":{\"@id\":\"https:\/\/corludahaber.com\/h\/#\/schema\/logo\/image\/\"},\"sameAs\":[\"https:\/\/facebook.com\/habercorluda\",\"https:\/\/x.com\/habercorluda\",\"https:\/\/www.instagram.com\/corludahaber\",\"https:\/\/www.youtube.com\/user\/corludahaber\"]},{\"@type\":\"Person\",\"@id\":\"https:\/\/corludahaber.com\/h\/#\/schema\/person\/b523522be44b062db5d74a62589768cd\",\"name\":\"\u00c7orlu'da Haber\",\"image\":{\"@type\":\"ImageObject\",\"inLanguage\":\"tr\",\"@id\":\"https:\/\/corludahaber.com\/h\/#\/schema\/person\/image\/\",\"url\":\"https:\/\/secure.gravatar.com\/avatar\/1033e54e078c29fd7f053370086ff627ba414b05c2b231c418a481adecd764ce?s=96&d=blank&r=g\",\"contentUrl\":\"https:\/\/secure.gravatar.com\/avatar\/1033e54e078c29fd7f053370086ff627ba414b05c2b231c418a481adecd764ce?s=96&d=blank&r=g\",\"caption\":\"\u00c7orlu'da Haber\"},\"sameAs\":[\"https:\/\/corludahaber.com\/h\"],\"url\":\"https:\/\/corludahaber.com\/h\/author\/admin\"}]}<\/script>\n<!-- \/ Yoast SEO Premium plugin. -->","yoast_head_json":{"title":"G\u00fcnlerdir Kay\u0131p Olarak Aranan Sefa'n\u0131n Cans\u0131z Bedeni Bulundu | \u00c7orlu&#039;da Haber","description":"G\u00fcnlerdir Kay\u0131p Olarak Aranan Sefa'n\u0131n Cans\u0131z Bedeni Bulundu | Asayi\u015f \u00c7orlu&#039;da Haber","robots":{"index":"index","follow":"follow","max-snippet":"max-snippet:-1","max-image-preview":"max-image-preview:large","max-video-preview":"max-video-preview:-1"},"canonical":"https:\/\/corludahaber.com\/h\/gunlerdir-kayip-olarak-aranan-sefanin-cansiz-bedeni-bulundu\/119412","og_locale":"tr_TR","og_type":"article","og_title":"G\u00fcnlerdir Kay\u0131p Olarak Aranan Sefa'n\u0131n Cans\u0131z Bedeni Bulundu | \u00c7orlu&#039;da Haber","og_description":"G\u00fcnlerdir Kay\u0131p Olarak Aranan Sefa'n\u0131n Cans\u0131z Bedeni Bulundu | Asayi\u015f \u00c7orlu&#039;da Haber","og_url":"https:\/\/corludahaber.com\/h\/gunlerdir-kayip-olarak-aranan-sefanin-cansiz-bedeni-bulundu\/119412","og_site_name":"\u00c7orlu&#039;da Haber","article_publisher":"https:\/\/facebook.com\/habercorluda","article_published_time":"2026-04-28T12:16:50+00:00","og_image":[{"width":1079,"height":608,"url":"http:\/\/corludahaber.com\/h\/wp-content\/uploads\/2026\/04\/Screenshot_20260428_151236_Gallery.jpg","type":"image\/jpeg"}],"author":"\u00c7orlu'da Haber","twitter_card":"summary_large_image","twitter_creator":"@habercorluda","twitter_site":"@habercorluda","twitter_misc":{"Yazan:":"\u00c7orlu'da Haber","Tahmini okuma s\u00fcresi":"2 dakika"},"schema":{"@context":"https:\/\/schema.org","@graph":[{"@type":"Article","@id":"https:\/\/corludahaber.com\/h\/gunlerdir-kayip-olarak-aranan-sefanin-cansiz-bedeni-bulundu\/119412#article","isPartOf":{"@id":"https:\/\/corludahaber.com\/h\/gunlerdir-kayip-olarak-aranan-sefanin-cansiz-bedeni-bulundu\/119412"},"author":{"name":"\u00c7orlu'da Haber","@id":"https:\/\/corludahaber.com\/h\/#\/schema\/person\/b523522be44b062db5d74a62589768cd"},"headline":"G\u00fcnlerdir Kay\u0131p Olarak Aranan Sefa&#8217;n\u0131n Cans\u0131z Bedeni Bulundu","datePublished":"2026-04-28T12:16:50+00:00","dateModified":"2026-04-28T12:16:50+00:00","mainEntityOfPage":{"@id":"https:\/\/corludahaber.com\/h\/gunlerdir-kayip-olarak-aranan-sefanin-cansiz-bedeni-bulundu\/119412"},"wordCount":239,"commentCount":0,"publisher":{"@id":"https:\/\/corludahaber.com\/h\/#organization"},"image":{"@id":"https:\/\/corludahaber.com\/h\/gunlerdir-kayip-olarak-aranan-sefanin-cansiz-bedeni-bulundu\/119412#primaryimage"},"thumbnailUrl":"https:\/\/corludahaber.com\/h\/wp-content\/uploads\/2026\/04\/Screenshot_20260428_151236_Gallery.jpg","keywords":["aranan","asayi\u015f","bedeni","Bulundu","cans\u0131z","\u00c7orlu kaza","\u00c7orlu son dakika kaza","G\u00fcnlerdir","G\u00fcnlerdir Kay\u0131p Olarak Aranan Sefa'n\u0131n Cans\u0131z Bedeni Bulundu","kay\u0131p","olarak","son dakika kaza"],"articleSection":["Asayi\u015f"],"inLanguage":"tr","potentialAction":[{"@type":"CommentAction","name":"Comment","target":["https:\/\/corludahaber.com\/h\/gunlerdir-kayip-olarak-aranan-sefanin-cansiz-bedeni-bulundu\/119412#respond"]}]},{"@type":"WebPage","@id":"https:\/\/corludahaber.com\/h\/gunlerdir-kayip-olarak-aranan-sefanin-cansiz-bedeni-bulundu\/119412","url":"https:\/\/corludahaber.com\/h\/gunlerdir-kayip-olarak-aranan-sefanin-cansiz-bedeni-bulundu\/119412","name":"G\u00fcnlerdir Kay\u0131p Olarak Aranan Sefa'n\u0131n Cans\u0131z Bedeni Bulundu | \u00c7orlu&#039;da Haber","isPartOf":{"@id":"https:\/\/corludahaber.com\/h\/#website"},"primaryImageOfPage":{"@id":"https:\/\/corludahaber.com\/h\/gunlerdir-kayip-olarak-aranan-sefanin-cansiz-bedeni-bulundu\/119412#primaryimage"},"image":{"@id":"https:\/\/corludahaber.com\/h\/gunlerdir-kayip-olarak-aranan-sefanin-cansiz-bedeni-bulundu\/119412#primaryimage"},"thumbnailUrl":"https:\/\/corludahaber.com\/h\/wp-content\/uploads\/2026\/04\/Screenshot_20260428_151236_Gallery.jpg","datePublished":"2026-04-28T12:16:50+00:00","dateModified":"2026-04-28T12:16:50+00:00","description":"G\u00fcnlerdir Kay\u0131p Olarak Aranan Sefa'n\u0131n Cans\u0131z Bedeni Bulundu | Asayi\u015f \u00c7orlu&#039;da Haber","breadcrumb":{"@id":"https:\/\/corludahaber.com\/h\/gunlerdir-kayip-olarak-aranan-sefanin-cansiz-bedeni-bulundu\/119412#breadcrumb"},"inLanguage":"tr","potentialAction":[{"@type":"ReadAction","target":["https:\/\/corludahaber.com\/h\/gunlerdir-kayip-olarak-aranan-sefanin-cansiz-bedeni-bulundu\/119412"]}]},{"@type":"ImageObject","inLanguage":"tr","@id":"https:\/\/corludahaber.com\/h\/gunlerdir-kayip-olarak-aranan-sefanin-cansiz-bedeni-bulundu\/119412#primaryimage","url":"https:\/\/corludahaber.com\/h\/wp-content\/uploads\/2026\/04\/Screenshot_20260428_151236_Gallery.jpg","contentUrl":"https:\/\/corludahaber.com\/h\/wp-content\/uploads\/2026\/04\/Screenshot_20260428_151236_Gallery.jpg","width":1079,"height":608},{"@type":"BreadcrumbList","@id":"https:\/\/corludahaber.com\/h\/gunlerdir-kayip-olarak-aranan-sefanin-cansiz-bedeni-bulundu\/119412#breadcrumb","itemListElement":[{"@type":"ListItem","position":1,"name":"Anasayfa","item":"https:\/\/corludahaber.com\/h\/"},{"@type":"ListItem","position":2,"name":"Asayi\u015f","item":"https:\/\/corludahaber.com\/h\/kategori\/asayis"},{"@type":"ListItem","position":3,"name":"G\u00fcnlerdir Kay\u0131p Olarak Aranan Sefa&#8217;n\u0131n Cans\u0131z Bedeni Bulundu"}]},{"@type":"WebSite","@id":"https:\/\/corludahaber.com\/h\/#website","url":"https:\/\/corludahaber.com\/h\/","name":"\u00c7orlu'da Haber","description":"Ger\u00e7ek Tarafs\u0131z Haber","publisher":{"@id":"https:\/\/corludahaber.com\/h\/#organization"},"potentialAction":[{"@type":"SearchAction","target":{"@type":"EntryPoint","urlTemplate":"https:\/\/corludahaber.com\/h\/?s={search_term_string}"},"query-input":"required name=search_term_string"}],"inLanguage":"tr"},{"@type":"Organization","@id":"https:\/\/corludahaber.com\/h\/#organization","name":"\u00c7orlu'da Haber","url":"https:\/\/corludahaber.com\/h\/","logo":{"@type":"ImageObject","inLanguage":"tr","@id":"https:\/\/corludahaber.com\/h\/#\/schema\/logo\/image\/","url":"https:\/\/corludahaber.com\/h\/wp-content\/uploads\/2021\/12\/logo__9__1_-removebg-preview.png","contentUrl":"https:\/\/corludahaber.com\/h\/wp-content\/uploads\/2021\/12\/logo__9__1_-removebg-preview.png","width":500,"height":157,"caption":"\u00c7orlu'da Haber"},"image":{"@id":"https:\/\/corludahaber.com\/h\/#\/schema\/logo\/image\/"},"sameAs":["https:\/\/facebook.com\/habercorluda","https:\/\/x.com\/habercorluda","https:\/\/www.instagram.com\/corludahaber","https:\/\/www.youtube.com\/user\/corludahaber"]},{"@type":"Person","@id":"https:\/\/corludahaber.com\/h\/#\/schema\/person\/b523522be44b062db5d74a62589768cd","name":"\u00c7orlu'da Haber","image":{"@type":"ImageObject","inLanguage":"tr","@id":"https:\/\/corludahaber.com\/h\/#\/schema\/person\/image\/","url":"https:\/\/secure.gravatar.com\/avatar\/1033e54e078c29fd7f053370086ff627ba414b05c2b231c418a481adecd764ce?s=96&d=blank&r=g","contentUrl":"https:\/\/secure.gravatar.com\/avatar\/1033e54e078c29fd7f053370086ff627ba414b05c2b231c418a481adecd764ce?s=96&d=blank&r=g","caption":"\u00c7orlu'da Haber"},"sameAs":["https:\/\/corludahaber.com\/h"],"url":"https:\/\/corludahaber.com\/h\/author\/admin"}]}},"_links":{"self":[{"href":"https:\/\/corludahaber.com\/h\/wp-json\/wp\/v2\/posts\/119412","targetHints":{"allow":["GET"]}}],"collection":[{"href":"https:\/\/corludahaber.com\/h\/wp-json\/wp\/v2\/posts"}],"about":[{"href":"https:\/\/corludahaber.com\/h\/wp-json\/wp\/v2\/types\/post"}],"author":[{"embeddable":true,"href":"https:\/\/corludahaber.com\/h\/wp-json\/wp\/v2\/users\/151"}],"replies":[{"embeddable":true,"href":"https:\/\/corludahaber.com\/h\/wp-json\/wp\/v2\/comments?post=119412"}],"version-history":[{"count":1,"href":"https:\/\/corludahaber.com\/h\/wp-json\/wp\/v2\/posts\/119412\/revisions"}],"predecessor-version":[{"id":119414,"href":"https:\/\/corludahaber.com\/h\/wp-json\/wp\/v2\/posts\/119412\/revisions\/119414"}],"wp:featuredmedia":[{"embeddable":true,"href":"https:\/\/corludahaber.com\/h\/wp-json\/wp\/v2\/media\/119413"}],"wp:attachment":[{"href":"https:\/\/corludahaber.com\/h\/wp-json\/wp\/v2\/media?parent=119412"}],"wp:term":[{"taxonomy":"category","embeddable":true,"href":"https:\/\/corludahaber.com\/h\/wp-json\/wp\/v2\/categories?post=119412"},{"taxonomy":"post_tag","embeddable":true,"href":"https:\/\/corludahaber.com\/h\/wp-json\/wp\/v2\/tags?post=119412"}],"curies":[{"name":"wp","href":"https:\/\/api.w.org\/{rel}","templated":true}]}}